{"id":27,"count":4,"description":"Ganz langsam neigt sich das <strong>Gartenjahr<\/strong> dem Ende. Aber einiges gibt es im <strong>September<\/strong> noch zu tun. Vor allem die Ernte ist im vollen Gange. Es gibt aber auch noch einiges, was gepflanzt und ges\u00e4t werden kann. Wenn Sie jetzt noch auss\u00e4en, haben Sie auch noch im Winter eine gute Ernte. Wichtig sind jetzt <strong>Blumenzwiebeln<\/strong>, Pflanzknoblauch und <strong>Steckzwiebeln<\/strong>. Die sollten so langsam in den Boden. Der September ist auch ideal f\u00fcr wintergr\u00fcne Geh\u00f6lze wie Efeu und Eibe. Haben Sie Pak Choi und Blumenkohl vorgezogen, d\u00fcrfen die Pflanzen jetzt noch ins Beet. Und vergessen Sie den Gr\u00fcnkohl nicht. Nat\u00fcrlich k\u00f6nnen Sie noch schnell wachsende Pflanzen wie Salat und Radieschen auss\u00e4en. Die schaffen es noch bis zum Wintereinbruch. M\u00f6chten Sie kein <strong>Wintergem\u00fcse<\/strong>, dann ist es jetzt Zeit, die Gr\u00fcnd\u00fcngung auf abgeerntete Beete zu bringen.\r\n\r\nAuch wenn die Temperaturen langsam k\u00fchler werden, m\u00fcssen Sie an manchen Tagen noch gie\u00dfen. Einige Pflanzen vertragen jetzt noch etwas D\u00fcnger. An erster Stelle steht in diesem Monat aber die <strong>Ernte<\/strong>. K\u00fcrbis, Tomaten, Gurken, Paprika und vieles mehr reift und will verarbeitet werden. Konservieren Sie alles, damit Sie viele Leckereien im Winter haben. Eine gro\u00dfe Portion Pflege ben\u00f6tigt der Rasen, der vom hei\u00dfen Sommer arg mitgenommen ist. Ein <strong>Herbstd\u00fcnger<\/strong> tut ihm gut. Mit Rasenreparatur k\u00f6nnen Sie gleich gesch\u00e4digte Stellen beseitigen.","link":"https:\/\/www.samenhaus.de\/gartenblog\/kategorie\/gartenmonat\/september","name":"September","slug":"september","taxonomy":"category","parent":9,"meta":[],"acf":[],"yoast_head":"<!-- This site is optimized with the Yoast SEO plugin v27.4 - https:\/\/yoast.com\/product\/yoast-seo-wordpress\/ -->\n<title>September Archive - Samenhaus Gartenblog<\/title>\n<meta name=\"description\" content=\"So ganz langsam neigt sich das Gartenjahr im September dem Ende. Doch noch gibt es einiges zu tun. Vor allem die Ernte und die Wintervorbereitung stehen auf dem Plan.\" \/>\n<meta name=\"robots\" content=\"index, follow, max-snippet:-1, max-image-preview:large, max-video-preview:-1\" \/>\n<link rel=\"canonical\" href=\"https:\/\/www.samenhaus.de\/gartenblog\/kategorie\/gartenmonat\/september\" \/>\n<meta property=\"og:locale\" content=\"de_DE\" \/>\n<meta property=\"og:type\" content=\"article\" \/>\n<meta property=\"og:title\" content=\"September Archive - Samenhaus Gartenblog\" \/>\n<meta property=\"og:description\" content=\"So ganz langsam neigt sich das Gartenjahr im September dem Ende. Doch noch gibt es einiges zu tun. Vor allem die Ernte und die Wintervorbereitung stehen auf dem Plan.\" \/>\n<meta property=\"og:url\" content=\"https:\/\/www.samenhaus.de\/gartenblog\/kategorie\/gartenmonat\/september\" \/>\n<meta property=\"og:site_name\" content=\"Samenhaus Gartenblog\" \/>\n<meta name=\"twitter:card\" content=\"summary_large_image\" \/>\n<meta name=\"twitter:site\" content=\"@samenhaus\" \/>\n<script type=\"application\/ld+json\" class=\"yoast-schema-graph\">{\"@context\":\"https:\\\/\\\/schema.org\",\"@graph\":[{\"@type\":\"CollectionPage\",\"@id\":\"https:\\\/\\\/www.samenhaus.de\\\/gartenblog\\\/kategorie\\\/gartenmonat\\\/september\",\"url\":\"https:\\\/\\\/www.samenhaus.de\\\/gartenblog\\\/kategorie\\\/gartenmonat\\\/september\",\"name\":\"September Archive - Samenhaus Gartenblog\",\"isPartOf\":{\"@id\":\"https:\\\/\\\/www.samenhaus.de\\\/gartenblog\\\/#website\"},\"description\":\"So ganz langsam neigt sich das Gartenjahr im September dem Ende. Doch noch gibt es einiges zu tun. Vor allem die Ernte und die Wintervorbereitung stehen auf dem Plan.\",\"breadcrumb\":{\"@id\":\"https:\\\/\\\/www.samenhaus.de\\\/gartenblog\\\/kategorie\\\/gartenmonat\\\/september#breadcrumb\"},\"inLanguage\":\"de\"},{\"@type\":\"BreadcrumbList\",\"@id\":\"https:\\\/\\\/www.samenhaus.de\\\/gartenblog\\\/kategorie\\\/gartenmonat\\\/september#breadcrumb\",\"itemListElement\":[{\"@type\":\"ListItem\",\"position\":1,\"name\":\"Startseite\",\"item\":\"https:\\\/\\\/www.samenhaus.de\\\/gartenblog\\\/\"},{\"@type\":\"ListItem\",\"position\":2,\"name\":\"Gartenmonat\",\"item\":\"https:\\\/\\\/www.samenhaus.de\\\/gartenblog\\\/kategorie\\\/gartenmonat\"},{\"@type\":\"ListItem\",\"position\":3,\"name\":\"September\"}]},{\"@type\":\"WebSite\",\"@id\":\"https:\\\/\\\/www.samenhaus.de\\\/gartenblog\\\/#website\",\"url\":\"https:\\\/\\\/www.samenhaus.de\\\/gartenblog\\\/\",\"name\":\"Samenhaus Gartenblog\",\"description\":\"\",\"publisher\":{\"@id\":\"https:\\\/\\\/www.samenhaus.de\\\/gartenblog\\\/#organization\"},\"potentialAction\":[{\"@type\":\"SearchAction\",\"target\":{\"@type\":\"EntryPoint\",\"urlTemplate\":\"https:\\\/\\\/www.samenhaus.de\\\/gartenblog\\\/?s={search_term_string}\"},\"query-input\":{\"@type\":\"PropertyValueSpecification\",\"valueRequired\":true,\"valueName\":\"search_term_string\"}}],\"inLanguage\":\"de\"},{\"@type\":\"Organization\",\"@id\":\"https:\\\/\\\/www.samenhaus.de\\\/gartenblog\\\/#organization\",\"name\":\"Samenhaus.de Gartenblog\",\"url\":\"https:\\\/\\\/www.samenhaus.de\\\/gartenblog\\\/\",\"logo\":{\"@type\":\"ImageObject\",\"inLanguage\":\"de\",\"@id\":\"https:\\\/\\\/www.samenhaus.de\\\/gartenblog\\\/#\\\/schema\\\/logo\\\/image\\\/\",\"url\":\"https:\\\/\\\/www.samenhaus.de\\\/gartenblog\\\/wp-content\\\/uploads\\\/2020\\\/11\\\/logo.svg\",\"contentUrl\":\"https:\\\/\\\/www.samenhaus.de\\\/gartenblog\\\/wp-content\\\/uploads\\\/2020\\\/11\\\/logo.svg\",\"width\":1,\"height\":1,\"caption\":\"Samenhaus.de Gartenblog\"},\"image\":{\"@id\":\"https:\\\/\\\/www.samenhaus.de\\\/gartenblog\\\/#\\\/schema\\\/logo\\\/image\\\/\"},\"sameAs\":[\"https:\\\/\\\/de-de.facebook.com\\\/samenhaus\",\"https:\\\/\\\/x.com\\\/samenhaus\"]}]}<\/script>\n<!-- \/ Yoast SEO plugin. -->","yoast_head_json":{"title":"September Archive - Samenhaus Gartenblog","description":"So ganz langsam neigt sich das Gartenjahr im September dem Ende. Doch noch gibt es einiges zu tun. Vor allem die Ernte und die Wintervorbereitung stehen auf dem Plan.","robots":{"index":"index","follow":"follow","max-snippet":"max-snippet:-1","max-image-preview":"max-image-preview:large","max-video-preview":"max-video-preview:-1"},"canonical":"https:\/\/www.samenhaus.de\/gartenblog\/kategorie\/gartenmonat\/september","og_locale":"de_DE","og_type":"article","og_title":"September Archive - Samenhaus Gartenblog","og_description":"So ganz langsam neigt sich das Gartenjahr im September dem Ende. Doch noch gibt es einiges zu tun. Vor allem die Ernte und die Wintervorbereitung stehen auf dem Plan.","og_url":"https:\/\/www.samenhaus.de\/gartenblog\/kategorie\/gartenmonat\/september","og_site_name":"Samenhaus Gartenblog","twitter_card":"summary_large_image","twitter_site":"@samenhaus","schema":{"@context":"https:\/\/schema.org","@graph":[{"@type":"CollectionPage","@id":"https:\/\/www.samenhaus.de\/gartenblog\/kategorie\/gartenmonat\/september","url":"https:\/\/www.samenhaus.de\/gartenblog\/kategorie\/gartenmonat\/september","name":"September Archive - Samenhaus Gartenblog","isPartOf":{"@id":"https:\/\/www.samenhaus.de\/gartenblog\/#website"},"description":"So ganz langsam neigt sich das Gartenjahr im September dem Ende. Doch noch gibt es einiges zu tun. Vor allem die Ernte und die Wintervorbereitung stehen auf dem Plan.","breadcrumb":{"@id":"https:\/\/www.samenhaus.de\/gartenblog\/kategorie\/gartenmonat\/september#breadcrumb"},"inLanguage":"de"},{"@type":"BreadcrumbList","@id":"https:\/\/www.samenhaus.de\/gartenblog\/kategorie\/gartenmonat\/september#breadcrumb","itemListElement":[{"@type":"ListItem","position":1,"name":"Startseite","item":"https:\/\/www.samenhaus.de\/gartenblog\/"},{"@type":"ListItem","position":2,"name":"Gartenmonat","item":"https:\/\/www.samenhaus.de\/gartenblog\/kategorie\/gartenmonat"},{"@type":"ListItem","position":3,"name":"September"}]},{"@type":"WebSite","@id":"https:\/\/www.samenhaus.de\/gartenblog\/#website","url":"https:\/\/www.samenhaus.de\/gartenblog\/","name":"Samenhaus Gartenblog","description":"","publisher":{"@id":"https:\/\/www.samenhaus.de\/gartenblog\/#organization"},"potentialAction":[{"@type":"SearchAction","target":{"@type":"EntryPoint","urlTemplate":"https:\/\/www.samenhaus.de\/gartenblog\/?s={search_term_string}"},"query-input":{"@type":"PropertyValueSpecification","valueRequired":true,"valueName":"search_term_string"}}],"inLanguage":"de"},{"@type":"Organization","@id":"https:\/\/www.samenhaus.de\/gartenblog\/#organization","name":"Samenhaus.de Gartenblog","url":"https:\/\/www.samenhaus.de\/gartenblog\/","logo":{"@type":"ImageObject","inLanguage":"de","@id":"https:\/\/www.samenhaus.de\/gartenblog\/#\/schema\/logo\/image\/","url":"https:\/\/www.samenhaus.de\/gartenblog\/wp-content\/uploads\/2020\/11\/logo.svg","contentUrl":"https:\/\/www.samenhaus.de\/gartenblog\/wp-content\/uploads\/2020\/11\/logo.svg","width":1,"height":1,"caption":"Samenhaus.de Gartenblog"},"image":{"@id":"https:\/\/www.samenhaus.de\/gartenblog\/#\/schema\/logo\/image\/"},"sameAs":["https:\/\/de-de.facebook.com\/samenhaus","https:\/\/x.com\/samenhaus"]}]}},"_links":{"self":[{"href":"https:\/\/www.samenhaus.de\/gartenblog\/wp-json\/wp\/v2\/categories\/27","targetHints":{"allow":["GET"]}}],"collection":[{"href":"https:\/\/www.samenhaus.de\/gartenblog\/wp-json\/wp\/v2\/categories"}],"about":[{"href":"https:\/\/www.samenhaus.de\/gartenblog\/wp-json\/wp\/v2\/taxonomies\/category"}],"up":[{"embeddable":true,"href":"https:\/\/www.samenhaus.de\/gartenblog\/wp-json\/wp\/v2\/categories\/9"}],"wp:post_type":[{"href":"https:\/\/www.samenhaus.de\/gartenblog\/wp-json\/wp\/v2\/posts?categories=27"}],"curies":[{"name":"wp","href":"https:\/\/api.w.org\/{rel}","templated":true}]}}