{"id":1004,"date":"2021-07-26T16:41:35","date_gmt":"2021-07-26T16:41:35","guid":{"rendered":"https:\/\/www.samenhaus.de\/gartenblog\/?p=1004"},"modified":"2023-06-26T09:52:36","modified_gmt":"2023-06-26T09:52:36","slug":"apfelbaum-im-kuebel-geht-das","status":"publish","type":"post","link":"https:\/\/www.samenhaus.de\/gartenblog\/apfelbaum-im-kuebel-geht-das","title":{"rendered":"Apfelbaum im K\u00fcbel \u2013 geht das?"},"content":{"rendered":"<p>In G\u00e4rten sind Apfelb\u00e4ume immer wieder zu finden, aber auf einem Balkon? Nun, auch dort kann das leckere Obst gedeihen, wenn Sie ein paar Regeln beachten. Und dazu muss der Balkon noch nicht einmal besonders gro\u00df sein, denn durch Z\u00fcchtungen ist es gelungen, Apfelb\u00e4ume klein zu halten. M\u00f6chten Sie einen Apfelbaum selbst ziehen, dann k\u00f6nnen Sie dazu ganz einfach Apfelkerne nehmen. Aber Achtung: Hier ist Geduld gefragt, denn es dauert mehrere Jahre, bis daraus ein Baum entsteht. Wer nicht so lange warten m\u00f6chte, der kauft sich ein veredeltes B\u00e4umchen, das bereits ein Alter von f\u00fcnf oder sechs Jahren erreicht hat.<\/p>\n<h2><span class=\"ez-toc-section\" id=\"Apfelbaum_aus_Kernen_ziehen\"><\/span>Apfelbaum aus Kernen ziehen<span class=\"ez-toc-section-end\"><\/span><\/h2>\n<p><img loading=\"lazy\" decoding=\"async\" class=\"size-medium wp-image-4092 alignright\" src=\"https:\/\/www.samenhaus.de\/gartenblog\/wp-content\/uploads\/2022\/04\/Apfelbaum-Balkon_374183330-300x200.jpeg\" alt=\"Apfelbaum \" width=\"300\" height=\"200\" srcset=\"https:\/\/www.samenhaus.de\/gartenblog\/wp-content\/uploads\/2022\/04\/Apfelbaum-Balkon_374183330-300x200.jpeg 300w, https:\/\/www.samenhaus.de\/gartenblog\/wp-content\/uploads\/2022\/04\/Apfelbaum-Balkon_374183330-600x400.jpeg 600w, https:\/\/www.samenhaus.de\/gartenblog\/wp-content\/uploads\/2022\/04\/Apfelbaum-Balkon_374183330-2048x1365.jpeg 2048w, https:\/\/www.samenhaus.de\/gartenblog\/wp-content\/uploads\/2022\/04\/Apfelbaum-Balkon_374183330-768x512.jpeg 768w, https:\/\/www.samenhaus.de\/gartenblog\/wp-content\/uploads\/2022\/04\/Apfelbaum-Balkon_374183330-1024x683.jpeg 1024w, https:\/\/www.samenhaus.de\/gartenblog\/wp-content\/uploads\/2022\/04\/Apfelbaum-Balkon_374183330-1536x1024.jpeg 1536w\" sizes=\"auto, (max-width: 300px) 100vw, 300px\" \/>Sie m\u00f6chten es versuchen? Na dann los! Suchen Sie sich einen Apfel aus, der Ihnen schmeckt und puhlen Sie die Kerne heraus. Und dann? Ab damit in die Erde? Nein, leider ist es nicht ganz so einfach, denn Apfelkerne haben einen nat\u00fcrlichen Keimhemmer. Und so gehen Sie vor:<\/p>\n<ol>\n<li>Wickeln Sie die Apfelkerne locker in feuchtes K\u00fcchenpapier ein und geben Sie die Kerne f\u00fcr mehrere Wochen in den K\u00fchlschrank. Der Grund: Die Kerne brauchen einen K\u00e4lteanreiz, um keimen zu k\u00f6nnen. Das sch\u00fctzt sie in der Natur davor, bereits im Herbst zu keimen und den Winter dann wom\u00f6glich nicht zu \u00fcberleben.<\/li>\n<li>Wenn Sie die ersten Anzeichen f\u00fcr die Keimung erkennen k\u00f6nnen, werden die Keimlinge vorsichtig in T\u00f6pfe mit lockerer Blumen- oder Anzuchterde gesetzt. Handeln Sie umsichtig, denn die Keimlinge sind noch sehr empfindlich.<\/li>\n<li>Danach werden die Keimlinge mit einer rund ein Zentimeter dicken Schicht lockerer Erde bedeckt.<\/li>\n<li>Gie\u00dfen Sie sie nun gut an und stellen Sie sich an einen hellen und warmen Standort.<\/li>\n<\/ol>\n<p>Wenn Sie alles richtig gemacht haben, w\u00e4chst nun ein kleines Apfelb\u00e4umchen heran, das Sie nach einem Jahr in einen gr\u00f6\u00dferen Topf setzen k\u00f6nnen.<\/p>\n<h2><span class=\"ez-toc-section\" id=\"Wie_geht_es_mit_dem_Apfelbaum_weiter\"><\/span>Wie geht es mit dem Apfelbaum weiter?<span class=\"ez-toc-section-end\"><\/span><\/h2>\n<p>Je gr\u00f6\u00dfer das B\u00e4umchen wird, umso mehr Platz braucht es auch. Apfelb\u00e4ume sind Flachwurzler, das bedeutet, dass die Wurzeln nicht in die vertikale, sondern eher in die horizontale wachsen. Das hei\u00dft, dass die Pflanze, je gr\u00f6\u00dfer sie wird, auch einen gr\u00f6\u00dferen Topf braucht. Doch das Wachstum k\u00f6nnen Sie auch gut in Grenzen halten.<\/p>\n<p>Damit der Baum nicht irgendwann zu gro\u00df f\u00fcr den Balkon wird, sollten Sie ihn regelm\u00e4\u00dfig und konsequent zur\u00fcckschneiden. So wird er relativ klein gehalten und hat auch in vielen Jahren auf dem Balkon noch ausreichend Platz. Wichtig ist, dass der Mitteltrieb und zwei bis drei Leit\u00e4ste bestehen bleiben. Der Rest wird an der Ansatzstelle gekappt. Der Schnitt erfolgt direkt nach der Ernte im Herbst und dann noch einmal im Fr\u00fchling, bevor das Wachstum richtig beginnt.<\/p>\n<p>Damit der Baum gut gedeiht, muss er regelm\u00e4\u00dfig aber nicht zu viel gegossen und ged\u00fcngt werden. Gerade Jungpflanzen ben\u00f6tigen einen D\u00fcnger auf Kompostbasis. Achten Sie in jedem Fall darauf, dass keine Staun\u00e4sse entsteht, denn das mag der Apfelbaum gar nicht. Sorgen Sie deshalb f\u00fcr eine Drainageschicht und Ablaufl\u00f6cher im Pflanzk\u00fcbel. Am besten gedeiht ein Apfelb\u00e4umchen an einem sonnigen bis halbschattigen Standort.<\/p>\n<h2><span class=\"ez-toc-section\" id=\"So_bekommt_Ihr_Apfelbaum_Fruechte\"><\/span>So bekommt Ihr Apfelbaum Fr\u00fcchte<span class=\"ez-toc-section-end\"><\/span><\/h2>\n<p><img loading=\"lazy\" decoding=\"async\" class=\"size-medium wp-image-4094 alignright\" src=\"https:\/\/www.samenhaus.de\/gartenblog\/wp-content\/uploads\/2022\/04\/Apfelbaum-Balkon_500380953-300x190.jpeg\" alt=\"Apfelbaumbl\u00fcten\" width=\"300\" height=\"190\" \/>Das ist die Geschichte mit den Bienen und den Bl\u00fcten. Bei einem Apfelbaum entstehen allerdings nur dann Fr\u00fcchte, wenn sich ein anderer Apfelbaum in der N\u00e4he befindet. Ist dies der Fall, m\u00fcssen Sie nichts weiter beachten. Ist aber keiner in Sichtweite, dann sollten Sie einen zweiten auf Ihren Balkon stellen, denn nur so k\u00f6nnen Sie im Herbst auch ernten. Den Rest erledigen dann Bienen, Hummeln &amp; Co.<\/p>\n<h2><span class=\"ez-toc-section\" id=\"Der_Apfelbaum_im_Winter\"><\/span>Der Apfelbaum im Winter<span class=\"ez-toc-section-end\"><\/span><\/h2>\n<p>Apfelb\u00e4ume sind winterhart, aber im Topf k\u00f6nnten Sie dennoch Schutz ben\u00f6tigen. Leichte Fr\u00f6ste machen dem Baum auch im K\u00fcbel nichts aus, wird es dagegen knackig kalt, sollten Sie ihn folgenderma\u00dfen sch\u00fctzen.<\/p>\n<ul>\n<li>Stellen Sie den K\u00fcbel in die N\u00e4he der Hauswand.<\/li>\n<li>Geben Sie unter den Topf ein Holzst\u00fcck oder Styropor, so steht der Topf nicht direkt auf dem kalten Boden.<\/li>\n<li>Umwickeln Sie den K\u00fcbel mit einem Vlies oder einem Jutesack.<\/li>\n<li>Bedecken Sie die Erde mit Tannenreisig oder Stroh.<\/li>\n<\/ul>\n<h2><span class=\"ez-toc-section\" id=\"Saeulen-_und_Spalieraepfel\"><\/span>S\u00e4ulen- und Spalier\u00e4pfel<span class=\"ez-toc-section-end\"><\/span><\/h2>\n<p><img loading=\"lazy\" decoding=\"async\" class=\"size-medium wp-image-4091 alignright\" src=\"https:\/\/www.samenhaus.de\/gartenblog\/wp-content\/uploads\/2022\/04\/Apfelbaum-Balkon_298788737-300x200.jpeg\" alt=\"Apfelbaum im Topf\" width=\"300\" height=\"200\" srcset=\"https:\/\/www.samenhaus.de\/gartenblog\/wp-content\/uploads\/2022\/04\/Apfelbaum-Balkon_298788737-300x200.jpeg 300w, https:\/\/www.samenhaus.de\/gartenblog\/wp-content\/uploads\/2022\/04\/Apfelbaum-Balkon_298788737-600x401.jpeg 600w, https:\/\/www.samenhaus.de\/gartenblog\/wp-content\/uploads\/2022\/04\/Apfelbaum-Balkon_298788737-768x513.jpeg 768w, https:\/\/www.samenhaus.de\/gartenblog\/wp-content\/uploads\/2022\/04\/Apfelbaum-Balkon_298788737-1024x684.jpeg 1024w, https:\/\/www.samenhaus.de\/gartenblog\/wp-content\/uploads\/2022\/04\/Apfelbaum-Balkon_298788737-1536x1026.jpeg 1536w, https:\/\/www.samenhaus.de\/gartenblog\/wp-content\/uploads\/2022\/04\/Apfelbaum-Balkon_298788737-2048x1368.jpeg 2048w\" sizes=\"auto, (max-width: 300px) 100vw, 300px\" \/>Neben den gew\u00f6hnlichen Apfelb\u00e4umen, die meist zu Wildwuchs tendieren, gibt es gerade f\u00fcr den Balkon oder die Terrasse zwei M\u00f6glichkeiten, Apfelb\u00e4ume zu pflanzen, die von vorneherein klein bleiben.<\/p>\n<h3><span class=\"ez-toc-section\" id=\"Saeulenaepfel\"><\/span>S\u00e4ulen\u00e4pfel<span class=\"ez-toc-section-end\"><\/span><\/h3>\n<p>Sie bleiben nicht nur klein, sie wachsen auch ausschlie\u00dflich nach oben, eine breite Krone entwickelt der S\u00e4ulenapfel nicht. Somit ist er bestens f\u00fcr einen Balkon geeignet, selbst wenn dieser relativ klein ist. Zudem sind S\u00e4ulen\u00e4pfel ein beliebter Sichtschutz. Wie bei allen Apfelb\u00e4umen m\u00fcssen S\u00e4ulen\u00e4pfel<\/p>\n<ul>\n<li>regelm\u00e4\u00dfig aber nicht zu viel gegossen werden,<\/li>\n<li>einmal im Jahr ged\u00fcngt werden,<\/li>\n<li>mit einer Drainage und Abflussl\u00f6chern versehen werden,<\/li>\n<li>in der kalten Jahreszeit gesch\u00fctzt werden.<\/li>\n<\/ul>\n<p>Auch ein Schnitt ist wichtig, doch dieser ist denkbar einfach: Schneiden Sie im Fr\u00fchling vor dem Austrieb alle Seitentriebe, die l\u00e4nger als 20 Zentimeter sind, auf eine L\u00e4nge von ca. 10 Zentimetern zur\u00fcck. Bei starkem Wuchs kann der Schnitt zus\u00e4tzlich im Sommer erfolgen. S\u00e4ulen\u00e4pfel werden im Schnitt zwischen 180 und 220 Zentimetern hoch. Sollte der Baum zu hoch wachsen, k\u00f6nnen Sie die Triebe, die im Vorjahr dazugekommen sind, einfach oben abzuschneiden.<\/p>\n<p>Bei den S\u00e4ulen\u00e4pfeln gibt es zahlreiche Sorten, besonders beliebt sind unter anderem Bolero, Elstar, Rondo und Sonate.<\/p>\n<h3><span class=\"ez-toc-section\" id=\"Spalieraepfel\"><\/span>Spalier\u00e4pfel<span class=\"ez-toc-section-end\"><\/span><\/h3>\n<p>Spalierobst hat den Vorteil, dass die Triebe flach wachsen und gelenkt werden k\u00f6nnen. So w\u00e4chst auch ein Spalierapfel ideal an einer Hauswand oder an der Balkonbr\u00fcstung entlang und nimmt somit in der Breite keinen Platz weg.<\/p>\n<p>Wichtig beim Spalierapfel ist die Wuchsform. Hier gibt es mehrere Varianten:<\/p>\n<ol>\n<li><strong>Die waagrechte Palmette<\/strong><\/li>\n<\/ol>\n<p>Der Mitteltrieb w\u00e4chst senkrecht, die Leit\u00e4ste dagegen waagrecht. Dies kann, je nach Wuchsst\u00e4rke des Apfelbaums, in drei oder vier Etagen funktionieren.<\/p>\n<ol start=\"2\">\n<li><strong>Das U-Spalier<\/strong><\/li>\n<\/ol>\n<p>Hierbei gibt es nur ein bzw. zwei Etagen, der Rest wird entfernt. Die seitlichen Leit\u00e4ste wachsen zuerst waagrecht und werden am Ende senkrecht nach oben gelegt, sodass ein \u201eU\u201c entsteht.<\/p>\n<ol start=\"3\">\n<li><strong>Der Schnurbaum<\/strong><\/li>\n<\/ol>\n<p>Er wird eingesetzt, wenn nach oben hin kein Platz ist, denn der Schnurbaum hat keinen Mitteltrieb, sondern nur einen oder zwei waagrechte Seiten\u00e4ste.<\/p>\n<ol start=\"4\">\n<li><strong>Der F\u00e4cherbaum<\/strong><\/li>\n<\/ol>\n<p>Hierbei werden die Seitentriebe f\u00e4cherf\u00f6rmig vom Mitteltrieb weggeleitet.<\/p>\n<p>Als Spalierobst eignen sich alle Apfelsorten, sodass es hier lediglich auf den Geschmack und das Aussehen ankommt.<\/p>\n<h2><span class=\"ez-toc-section\" id=\"Krankheiten_und_Schaedlinge_am_Apfelbaum\"><\/span>Krankheiten und Sch\u00e4dlinge am Apfelbaum<span class=\"ez-toc-section-end\"><\/span><\/h2>\n<p><img loading=\"lazy\" decoding=\"async\" class=\"size-medium wp-image-4093 alignright\" src=\"https:\/\/www.samenhaus.de\/gartenblog\/wp-content\/uploads\/2022\/04\/Apfelbaum-Balkon_409451062-300x200.jpeg\" alt=\"Apfelbaum Krankheiten\" width=\"300\" height=\"200\" srcset=\"https:\/\/www.samenhaus.de\/gartenblog\/wp-content\/uploads\/2022\/04\/Apfelbaum-Balkon_409451062-300x200.jpeg 300w, https:\/\/www.samenhaus.de\/gartenblog\/wp-content\/uploads\/2022\/04\/Apfelbaum-Balkon_409451062-600x400.jpeg 600w, https:\/\/www.samenhaus.de\/gartenblog\/wp-content\/uploads\/2022\/04\/Apfelbaum-Balkon_409451062-2048x1365.jpeg 2048w, https:\/\/www.samenhaus.de\/gartenblog\/wp-content\/uploads\/2022\/04\/Apfelbaum-Balkon_409451062-768x512.jpeg 768w, https:\/\/www.samenhaus.de\/gartenblog\/wp-content\/uploads\/2022\/04\/Apfelbaum-Balkon_409451062-1024x683.jpeg 1024w, https:\/\/www.samenhaus.de\/gartenblog\/wp-content\/uploads\/2022\/04\/Apfelbaum-Balkon_409451062-1536x1024.jpeg 1536w\" sizes=\"auto, (max-width: 300px) 100vw, 300px\" \/>Um Krankheiten und Sch\u00e4dlinge an Apfelb\u00e4umen zu vermeiden, sollten Sie diese regelm\u00e4\u00dfig kontrollieren. Der R\u00fcckschnitt ist dabei genauso wichtig, wie das Entfernen von faulem Obst, das richtige Gie\u00dfen, das D\u00fcngen und nicht zuletzt die ausgesuchte Apfelsorte, die mehr oder weniger anf\u00e4llig sein kann.<\/p>\n<h3><span class=\"ez-toc-section\" id=\"Schaedlinge\"><\/span>Sch\u00e4dlinge<span class=\"ez-toc-section-end\"><\/span><\/h3>\n<ul>\n<li><strong>Apfelwickler:<\/strong> Dabei handelt es sich um Schmetterlingslarven, die sich in den Fr\u00fcchten einnisten, diese sind nach einem Befall ungenie\u00dfbar.<\/li>\n<li><strong>Gespinstmotten:<\/strong> Dieser Sch\u00e4dling bildet ein silber-wei\u00dfes Gespinst um die Bl\u00e4tter, Knospen und \u00c4ste. Die Motten ern\u00e4hren sich vom Gr\u00fcn der B\u00e4ume.<\/li>\n<li><strong>Gr\u00fcne Apfelblattlaus:<\/strong> Die L\u00e4use saugen vor allem junge Bl\u00e4tter, Knospen und Triebspitzen aus, die dann verkr\u00fcppeln.<\/li>\n<\/ul>\n<h3><span class=\"ez-toc-section\" id=\"Krankheiten\"><\/span>Krankheiten<span class=\"ez-toc-section-end\"><\/span><\/h3>\n<ul>\n<li><strong>Mehltau:<\/strong> Er zeigt sich durch einen wei\u00dfen Belag auf den Bl\u00e4ttern. Da ein Befall die Fotosynthese st\u00f6rt, sterben befallene B\u00e4ume ohne Ma\u00dfnahmen ab.<\/li>\n<li><strong>Feuerbrand:<\/strong> Dieses Bakterium verstopft die Leitungsbahnen, wodurch sich die Bl\u00e4tter schwarz verf\u00e4rben. Der Baum ist leider nicht mehr zu retten.<\/li>\n<li>A<strong>pfelschorf:<\/strong> Dieser Pilz tritt w\u00e4hrend der Bl\u00fcte auf und f\u00e4rbt Bl\u00e4tter erst olivgr\u00fcn, bevor sie absterben. Die Fr\u00fcchte bleiben trotzdem essbar.<\/li>\n<\/ul>\n","protected":false},"excerpt":{"rendered":"<p>In G\u00e4rten sind Apfelb\u00e4ume immer wieder zu finden, aber auf einem Balkon? Nun, auch dort kann das leckere Obst gedeihen, wenn Sie ein paar Regeln beachten. Und dazu muss der Balkon noch nicht einmal besonders gro\u00df sein, denn durch Z\u00fcchtungen ist es gelungen, Apfelb\u00e4ume klein zu halten. M\u00f6chten Sie einen Apfelbaum selbst ziehen, dann k\u00f6nnen Sie dazu ganz einfach Apfelkerne nehmen. Aber Achtung: Hier ist Geduld gefragt, denn es dauert mehrere Jahre, bis daraus ein Baum entsteht. Wer nicht so lange warten m\u00f6chte, der kauft sich ein veredeltes B\u00e4umchen, das bereits ein Alter von f\u00fcnf oder sechs Jahren erreicht hat. Apfelbaum aus Kernen ziehen Sie m\u00f6chten es versuchen? Na dann los! Suchen Sie sich einen Apfel aus, der Ihnen schmeckt und puhlen Sie die Kerne heraus. Und dann? Ab damit in die Erde? Nein, leider ist es nicht ganz so einfach, denn Apfelkerne haben einen nat\u00fcrlichen Keimhemmer. Und so gehen Sie vor: Wickeln Sie die Apfelkerne locker in feuchtes K\u00fcchenpapier ein und geben Sie die Kerne f\u00fcr mehrere Wochen in den K\u00fchlschrank. Der Grund: Die Kerne brauchen einen K\u00e4lteanreiz, um keimen zu k\u00f6nnen. Das sch\u00fctzt sie in der Natur davor, bereits im Herbst zu keimen und den Winter dann wom\u00f6glich [&hellip;]<\/p>\n","protected":false},"author":13,"featured_media":1049,"comment_status":"open","ping_status":"open","sticky":false,"template":"","format":"standard","meta":{"_acf_changed":false,"footnotes":""},"categories":[16],"tags":[],"hersteller":[],"class_list":["post-1004","post","type-post","status-publish","format-standard","has-post-thumbnail","hentry","category-balkon-und-terrasse"],"acf":[],"yoast_head":"<!-- This site is optimized with the Yoast SEO plugin v27.4 - https:\/\/yoast.com\/product\/yoast-seo-wordpress\/ -->\n<title>Apfelbaum im K\u00fcbel \u2013 geht das? - Samenhaus Gartenblog<\/title>\n<meta name=\"description\" content=\"Apfelb\u00e4ume auf dem Balkon? Geht das? Nat\u00fcrlich, allerdings sollten Sie dabei einiges beachten, damit Ihr Apfelbaum auch Fr\u00fcchte tr\u00e4gt.\" \/>\n<meta name=\"robots\" content=\"index, follow, max-snippet:-1, max-image-preview:large, max-video-preview:-1\" \/>\n<link rel=\"canonical\" href=\"https:\/\/www.samenhaus.de\/gartenblog\/apfelbaum-im-kuebel-geht-das\" \/>\n<meta property=\"og:locale\" content=\"de_DE\" \/>\n<meta property=\"og:type\" content=\"article\" \/>\n<meta property=\"og:title\" content=\"Apfelbaum im K\u00fcbel \u2013 geht das? - Samenhaus Gartenblog\" \/>\n<meta property=\"og:description\" content=\"Apfelb\u00e4ume auf dem Balkon? Geht das? Nat\u00fcrlich, allerdings sollten Sie dabei einiges beachten, damit Ihr Apfelbaum auch Fr\u00fcchte tr\u00e4gt.\" \/>\n<meta property=\"og:url\" content=\"https:\/\/www.samenhaus.de\/gartenblog\/apfelbaum-im-kuebel-geht-das\" \/>\n<meta property=\"og:site_name\" content=\"Samenhaus Gartenblog\" \/>\n<meta property=\"article:publisher\" content=\"https:\/\/de-de.facebook.com\/samenhaus\" \/>\n<meta property=\"article:published_time\" content=\"2021-07-26T16:41:35+00:00\" \/>\n<meta property=\"article:modified_time\" content=\"2023-06-26T09:52:36+00:00\" \/>\n<meta property=\"og:image\" content=\"https:\/\/www.samenhaus.de\/gartenblog\/wp-content\/uploads\/2021\/06\/AdobeStock_16141362.jpg\" \/>\n\t<meta property=\"og:image:width\" content=\"1000\" \/>\n\t<meta property=\"og:image:height\" content=\"563\" \/>\n\t<meta property=\"og:image:type\" content=\"image\/jpeg\" \/>\n<meta name=\"author\" content=\"Holger\" \/>\n<meta name=\"twitter:card\" content=\"summary_large_image\" \/>\n<meta name=\"twitter:creator\" content=\"@samenhaus\" \/>\n<meta name=\"twitter:site\" content=\"@samenhaus\" \/>\n<meta name=\"twitter:label1\" content=\"Verfasst von\" \/>\n\t<meta name=\"twitter:data1\" content=\"Holger\" \/>\n\t<meta name=\"twitter:label2\" content=\"Gesch\u00e4tzte Lesezeit\" \/>\n\t<meta name=\"twitter:data2\" content=\"8\u00a0Minuten\" \/>\n<script type=\"application\/ld+json\" class=\"yoast-schema-graph\">{\"@context\":\"https:\\\/\\\/schema.org\",\"@graph\":[{\"@type\":\"Article\",\"@id\":\"https:\\\/\\\/www.samenhaus.de\\\/gartenblog\\\/apfelbaum-im-kuebel-geht-das#article\",\"isPartOf\":{\"@id\":\"https:\\\/\\\/www.samenhaus.de\\\/gartenblog\\\/apfelbaum-im-kuebel-geht-das\"},\"author\":{\"name\":\"Holger\",\"@id\":\"https:\\\/\\\/www.samenhaus.de\\\/gartenblog\\\/#\\\/schema\\\/person\\\/de169769587431893823f62b2ce06c04\"},\"headline\":\"Apfelbaum im K\u00fcbel \u2013 geht das?\",\"datePublished\":\"2021-07-26T16:41:35+00:00\",\"dateModified\":\"2023-06-26T09:52:36+00:00\",\"mainEntityOfPage\":{\"@id\":\"https:\\\/\\\/www.samenhaus.de\\\/gartenblog\\\/apfelbaum-im-kuebel-geht-das\"},\"wordCount\":1296,\"commentCount\":2,\"publisher\":{\"@id\":\"https:\\\/\\\/www.samenhaus.de\\\/gartenblog\\\/#organization\"},\"image\":{\"@id\":\"https:\\\/\\\/www.samenhaus.de\\\/gartenblog\\\/apfelbaum-im-kuebel-geht-das#primaryimage\"},\"thumbnailUrl\":\"https:\\\/\\\/www.samenhaus.de\\\/gartenblog\\\/wp-content\\\/uploads\\\/2021\\\/06\\\/AdobeStock_16141362.jpg\",\"articleSection\":[\"Balkon und Terrasse\"],\"inLanguage\":\"de\",\"potentialAction\":[{\"@type\":\"CommentAction\",\"name\":\"Comment\",\"target\":[\"https:\\\/\\\/www.samenhaus.de\\\/gartenblog\\\/apfelbaum-im-kuebel-geht-das#respond\"]}],\"copyrightYear\":\"2021\",\"copyrightHolder\":{\"@id\":\"https:\\\/\\\/www.samenhaus.de\\\/gartenblog\\\/#organization\"}},{\"@type\":\"WebPage\",\"@id\":\"https:\\\/\\\/www.samenhaus.de\\\/gartenblog\\\/apfelbaum-im-kuebel-geht-das\",\"url\":\"https:\\\/\\\/www.samenhaus.de\\\/gartenblog\\\/apfelbaum-im-kuebel-geht-das\",\"name\":\"Apfelbaum im K\u00fcbel \u2013 geht das? - Samenhaus Gartenblog\",\"isPartOf\":{\"@id\":\"https:\\\/\\\/www.samenhaus.de\\\/gartenblog\\\/#website\"},\"primaryImageOfPage\":{\"@id\":\"https:\\\/\\\/www.samenhaus.de\\\/gartenblog\\\/apfelbaum-im-kuebel-geht-das#primaryimage\"},\"image\":{\"@id\":\"https:\\\/\\\/www.samenhaus.de\\\/gartenblog\\\/apfelbaum-im-kuebel-geht-das#primaryimage\"},\"thumbnailUrl\":\"https:\\\/\\\/www.samenhaus.de\\\/gartenblog\\\/wp-content\\\/uploads\\\/2021\\\/06\\\/AdobeStock_16141362.jpg\",\"datePublished\":\"2021-07-26T16:41:35+00:00\",\"dateModified\":\"2023-06-26T09:52:36+00:00\",\"description\":\"Apfelb\u00e4ume auf dem Balkon? Geht das? Nat\u00fcrlich, allerdings sollten Sie dabei einiges beachten, damit Ihr Apfelbaum auch Fr\u00fcchte tr\u00e4gt.\",\"breadcrumb\":{\"@id\":\"https:\\\/\\\/www.samenhaus.de\\\/gartenblog\\\/apfelbaum-im-kuebel-geht-das#breadcrumb\"},\"inLanguage\":\"de\",\"potentialAction\":[{\"@type\":\"ReadAction\",\"target\":[\"https:\\\/\\\/www.samenhaus.de\\\/gartenblog\\\/apfelbaum-im-kuebel-geht-das\"]}]},{\"@type\":\"ImageObject\",\"inLanguage\":\"de\",\"@id\":\"https:\\\/\\\/www.samenhaus.de\\\/gartenblog\\\/apfelbaum-im-kuebel-geht-das#primaryimage\",\"url\":\"https:\\\/\\\/www.samenhaus.de\\\/gartenblog\\\/wp-content\\\/uploads\\\/2021\\\/06\\\/AdobeStock_16141362.jpg\",\"contentUrl\":\"https:\\\/\\\/www.samenhaus.de\\\/gartenblog\\\/wp-content\\\/uploads\\\/2021\\\/06\\\/AdobeStock_16141362.jpg\",\"width\":1000,\"height\":563,\"caption\":\"Apfelbaum auf dem Balkon\"},{\"@type\":\"BreadcrumbList\",\"@id\":\"https:\\\/\\\/www.samenhaus.de\\\/gartenblog\\\/apfelbaum-im-kuebel-geht-das#breadcrumb\",\"itemListElement\":[{\"@type\":\"ListItem\",\"position\":1,\"name\":\"Startseite\",\"item\":\"https:\\\/\\\/www.samenhaus.de\\\/gartenblog\\\/\"},{\"@type\":\"ListItem\",\"position\":2,\"name\":\"Apfelbaum im K\u00fcbel \u2013 geht das?\"}]},{\"@type\":\"WebSite\",\"@id\":\"https:\\\/\\\/www.samenhaus.de\\\/gartenblog\\\/#website\",\"url\":\"https:\\\/\\\/www.samenhaus.de\\\/gartenblog\\\/\",\"name\":\"Samenhaus Gartenblog\",\"description\":\"\",\"publisher\":{\"@id\":\"https:\\\/\\\/www.samenhaus.de\\\/gartenblog\\\/#organization\"},\"potentialAction\":[{\"@type\":\"SearchAction\",\"target\":{\"@type\":\"EntryPoint\",\"urlTemplate\":\"https:\\\/\\\/www.samenhaus.de\\\/gartenblog\\\/?s={search_term_string}\"},\"query-input\":{\"@type\":\"PropertyValueSpecification\",\"valueRequired\":true,\"valueName\":\"search_term_string\"}}],\"inLanguage\":\"de\"},{\"@type\":\"Organization\",\"@id\":\"https:\\\/\\\/www.samenhaus.de\\\/gartenblog\\\/#organization\",\"name\":\"Samenhaus.de Gartenblog\",\"url\":\"https:\\\/\\\/www.samenhaus.de\\\/gartenblog\\\/\",\"logo\":{\"@type\":\"ImageObject\",\"inLanguage\":\"de\",\"@id\":\"https:\\\/\\\/www.samenhaus.de\\\/gartenblog\\\/#\\\/schema\\\/logo\\\/image\\\/\",\"url\":\"https:\\\/\\\/www.samenhaus.de\\\/gartenblog\\\/wp-content\\\/uploads\\\/2020\\\/11\\\/logo.svg\",\"contentUrl\":\"https:\\\/\\\/www.samenhaus.de\\\/gartenblog\\\/wp-content\\\/uploads\\\/2020\\\/11\\\/logo.svg\",\"width\":1,\"height\":1,\"caption\":\"Samenhaus.de Gartenblog\"},\"image\":{\"@id\":\"https:\\\/\\\/www.samenhaus.de\\\/gartenblog\\\/#\\\/schema\\\/logo\\\/image\\\/\"},\"sameAs\":[\"https:\\\/\\\/de-de.facebook.com\\\/samenhaus\",\"https:\\\/\\\/x.com\\\/samenhaus\"]},{\"@type\":\"Person\",\"@id\":\"https:\\\/\\\/www.samenhaus.de\\\/gartenblog\\\/#\\\/schema\\\/person\\\/de169769587431893823f62b2ce06c04\",\"name\":\"Holger\",\"image\":{\"@type\":\"ImageObject\",\"inLanguage\":\"de\",\"@id\":\"https:\\\/\\\/www.samenhaus.de\\\/gartenblog\\\/wp-content\\\/uploads\\\/2026\\\/03\\\/Holger-150x150.png\",\"url\":\"https:\\\/\\\/www.samenhaus.de\\\/gartenblog\\\/wp-content\\\/uploads\\\/2026\\\/03\\\/Holger-150x150.png\",\"contentUrl\":\"https:\\\/\\\/www.samenhaus.de\\\/gartenblog\\\/wp-content\\\/uploads\\\/2026\\\/03\\\/Holger-150x150.png\",\"caption\":\"Holger\"},\"description\":\"6.000.000 W\u00f6rter \u2013 so viel k\u00f6nnen Sie in etwa von mir online lesen. Das F\u00fcllen des Internets entwickelte sich nach meiner Ausbildung zum TV-Redakteur und der langj\u00e4hrigen Arbeit bei SAT.1 zu einem Fulltime-Job. Trotzdem finde ich noch gen\u00fcgend Zeit, um in meinem Garten zu werkeln. Eine Staude hier, ein Bl\u00fcmchen dort und ein bisschen Gem\u00fcse darf auch nicht fehlen \u2013 einen Schnitzelbaum gibt es ja noch nicht \u2026 Die besten geistigen Erg\u00fcsse habe ich \u00fcbrigens, wenn ich IM Garten \u00dcBER den Garten schreiben kann. So vereinen sich Beruf und Hobby perfekt \u2013 was gibt es Sch\u00f6neres?\",\"url\":\"https:\\\/\\\/www.samenhaus.de\\\/gartenblog\\\/author\\\/holger\"}]}<\/script>\n<!-- \/ Yoast SEO plugin. -->","yoast_head_json":{"title":"Apfelbaum im K\u00fcbel \u2013 geht das? - Samenhaus Gartenblog","description":"Apfelb\u00e4ume auf dem Balkon? Geht das? Nat\u00fcrlich, allerdings sollten Sie dabei einiges beachten, damit Ihr Apfelbaum auch Fr\u00fcchte tr\u00e4gt.","robots":{"index":"index","follow":"follow","max-snippet":"max-snippet:-1","max-image-preview":"max-image-preview:large","max-video-preview":"max-video-preview:-1"},"canonical":"https:\/\/www.samenhaus.de\/gartenblog\/apfelbaum-im-kuebel-geht-das","og_locale":"de_DE","og_type":"article","og_title":"Apfelbaum im K\u00fcbel \u2013 geht das? - Samenhaus Gartenblog","og_description":"Apfelb\u00e4ume auf dem Balkon? Geht das? Nat\u00fcrlich, allerdings sollten Sie dabei einiges beachten, damit Ihr Apfelbaum auch Fr\u00fcchte tr\u00e4gt.","og_url":"https:\/\/www.samenhaus.de\/gartenblog\/apfelbaum-im-kuebel-geht-das","og_site_name":"Samenhaus Gartenblog","article_publisher":"https:\/\/de-de.facebook.com\/samenhaus","article_published_time":"2021-07-26T16:41:35+00:00","article_modified_time":"2023-06-26T09:52:36+00:00","og_image":[{"width":1000,"height":563,"url":"https:\/\/www.samenhaus.de\/gartenblog\/wp-content\/uploads\/2021\/06\/AdobeStock_16141362.jpg","type":"image\/jpeg"}],"author":"Holger","twitter_card":"summary_large_image","twitter_creator":"@samenhaus","twitter_site":"@samenhaus","twitter_misc":{"Verfasst von":"Holger","Gesch\u00e4tzte Lesezeit":"8\u00a0Minuten"},"schema":{"@context":"https:\/\/schema.org","@graph":[{"@type":"Article","@id":"https:\/\/www.samenhaus.de\/gartenblog\/apfelbaum-im-kuebel-geht-das#article","isPartOf":{"@id":"https:\/\/www.samenhaus.de\/gartenblog\/apfelbaum-im-kuebel-geht-das"},"author":{"name":"Holger","@id":"https:\/\/www.samenhaus.de\/gartenblog\/#\/schema\/person\/de169769587431893823f62b2ce06c04"},"headline":"Apfelbaum im K\u00fcbel \u2013 geht das?","datePublished":"2021-07-26T16:41:35+00:00","dateModified":"2023-06-26T09:52:36+00:00","mainEntityOfPage":{"@id":"https:\/\/www.samenhaus.de\/gartenblog\/apfelbaum-im-kuebel-geht-das"},"wordCount":1296,"commentCount":2,"publisher":{"@id":"https:\/\/www.samenhaus.de\/gartenblog\/#organization"},"image":{"@id":"https:\/\/www.samenhaus.de\/gartenblog\/apfelbaum-im-kuebel-geht-das#primaryimage"},"thumbnailUrl":"https:\/\/www.samenhaus.de\/gartenblog\/wp-content\/uploads\/2021\/06\/AdobeStock_16141362.jpg","articleSection":["Balkon und Terrasse"],"inLanguage":"de","potentialAction":[{"@type":"CommentAction","name":"Comment","target":["https:\/\/www.samenhaus.de\/gartenblog\/apfelbaum-im-kuebel-geht-das#respond"]}],"copyrightYear":"2021","copyrightHolder":{"@id":"https:\/\/www.samenhaus.de\/gartenblog\/#organization"}},{"@type":"WebPage","@id":"https:\/\/www.samenhaus.de\/gartenblog\/apfelbaum-im-kuebel-geht-das","url":"https:\/\/www.samenhaus.de\/gartenblog\/apfelbaum-im-kuebel-geht-das","name":"Apfelbaum im K\u00fcbel \u2013 geht das? - Samenhaus Gartenblog","isPartOf":{"@id":"https:\/\/www.samenhaus.de\/gartenblog\/#website"},"primaryImageOfPage":{"@id":"https:\/\/www.samenhaus.de\/gartenblog\/apfelbaum-im-kuebel-geht-das#primaryimage"},"image":{"@id":"https:\/\/www.samenhaus.de\/gartenblog\/apfelbaum-im-kuebel-geht-das#primaryimage"},"thumbnailUrl":"https:\/\/www.samenhaus.de\/gartenblog\/wp-content\/uploads\/2021\/06\/AdobeStock_16141362.jpg","datePublished":"2021-07-26T16:41:35+00:00","dateModified":"2023-06-26T09:52:36+00:00","description":"Apfelb\u00e4ume auf dem Balkon? Geht das? Nat\u00fcrlich, allerdings sollten Sie dabei einiges beachten, damit Ihr Apfelbaum auch Fr\u00fcchte tr\u00e4gt.","breadcrumb":{"@id":"https:\/\/www.samenhaus.de\/gartenblog\/apfelbaum-im-kuebel-geht-das#breadcrumb"},"inLanguage":"de","potentialAction":[{"@type":"ReadAction","target":["https:\/\/www.samenhaus.de\/gartenblog\/apfelbaum-im-kuebel-geht-das"]}]},{"@type":"ImageObject","inLanguage":"de","@id":"https:\/\/www.samenhaus.de\/gartenblog\/apfelbaum-im-kuebel-geht-das#primaryimage","url":"https:\/\/www.samenhaus.de\/gartenblog\/wp-content\/uploads\/2021\/06\/AdobeStock_16141362.jpg","contentUrl":"https:\/\/www.samenhaus.de\/gartenblog\/wp-content\/uploads\/2021\/06\/AdobeStock_16141362.jpg","width":1000,"height":563,"caption":"Apfelbaum auf dem Balkon"},{"@type":"BreadcrumbList","@id":"https:\/\/www.samenhaus.de\/gartenblog\/apfelbaum-im-kuebel-geht-das#breadcrumb","itemListElement":[{"@type":"ListItem","position":1,"name":"Startseite","item":"https:\/\/www.samenhaus.de\/gartenblog\/"},{"@type":"ListItem","position":2,"name":"Apfelbaum im K\u00fcbel \u2013 geht das?"}]},{"@type":"WebSite","@id":"https:\/\/www.samenhaus.de\/gartenblog\/#website","url":"https:\/\/www.samenhaus.de\/gartenblog\/","name":"Samenhaus Gartenblog","description":"","publisher":{"@id":"https:\/\/www.samenhaus.de\/gartenblog\/#organization"},"potentialAction":[{"@type":"SearchAction","target":{"@type":"EntryPoint","urlTemplate":"https:\/\/www.samenhaus.de\/gartenblog\/?s={search_term_string}"},"query-input":{"@type":"PropertyValueSpecification","valueRequired":true,"valueName":"search_term_string"}}],"inLanguage":"de"},{"@type":"Organization","@id":"https:\/\/www.samenhaus.de\/gartenblog\/#organization","name":"Samenhaus.de Gartenblog","url":"https:\/\/www.samenhaus.de\/gartenblog\/","logo":{"@type":"ImageObject","inLanguage":"de","@id":"https:\/\/www.samenhaus.de\/gartenblog\/#\/schema\/logo\/image\/","url":"https:\/\/www.samenhaus.de\/gartenblog\/wp-content\/uploads\/2020\/11\/logo.svg","contentUrl":"https:\/\/www.samenhaus.de\/gartenblog\/wp-content\/uploads\/2020\/11\/logo.svg","width":1,"height":1,"caption":"Samenhaus.de Gartenblog"},"image":{"@id":"https:\/\/www.samenhaus.de\/gartenblog\/#\/schema\/logo\/image\/"},"sameAs":["https:\/\/de-de.facebook.com\/samenhaus","https:\/\/x.com\/samenhaus"]},{"@type":"Person","@id":"https:\/\/www.samenhaus.de\/gartenblog\/#\/schema\/person\/de169769587431893823f62b2ce06c04","name":"Holger","image":{"@type":"ImageObject","inLanguage":"de","@id":"https:\/\/www.samenhaus.de\/gartenblog\/wp-content\/uploads\/2026\/03\/Holger-150x150.png","url":"https:\/\/www.samenhaus.de\/gartenblog\/wp-content\/uploads\/2026\/03\/Holger-150x150.png","contentUrl":"https:\/\/www.samenhaus.de\/gartenblog\/wp-content\/uploads\/2026\/03\/Holger-150x150.png","caption":"Holger"},"description":"6.000.000 W\u00f6rter \u2013 so viel k\u00f6nnen Sie in etwa von mir online lesen. Das F\u00fcllen des Internets entwickelte sich nach meiner Ausbildung zum TV-Redakteur und der langj\u00e4hrigen Arbeit bei SAT.1 zu einem Fulltime-Job. Trotzdem finde ich noch gen\u00fcgend Zeit, um in meinem Garten zu werkeln. Eine Staude hier, ein Bl\u00fcmchen dort und ein bisschen Gem\u00fcse darf auch nicht fehlen \u2013 einen Schnitzelbaum gibt es ja noch nicht \u2026 Die besten geistigen Erg\u00fcsse habe ich \u00fcbrigens, wenn ich IM Garten \u00dcBER den Garten schreiben kann. So vereinen sich Beruf und Hobby perfekt \u2013 was gibt es Sch\u00f6neres?","url":"https:\/\/www.samenhaus.de\/gartenblog\/author\/holger"}]}},"wp-worthy-pixel":{"ignored":false,"public":"b706277e91af4f329622d86cfb4c1aea","server":"vg06.met.vgwort.de","url":"https:\/\/vg06.met.vgwort.de\/na\/b706277e91af4f329622d86cfb4c1aea"},"wp-worthy-type":"normal","_links":{"self":[{"href":"https:\/\/www.samenhaus.de\/gartenblog\/wp-json\/wp\/v2\/posts\/1004","targetHints":{"allow":["GET"]}}],"collection":[{"href":"https:\/\/www.samenhaus.de\/gartenblog\/wp-json\/wp\/v2\/posts"}],"about":[{"href":"https:\/\/www.samenhaus.de\/gartenblog\/wp-json\/wp\/v2\/types\/post"}],"author":[{"embeddable":true,"href":"https:\/\/www.samenhaus.de\/gartenblog\/wp-json\/wp\/v2\/users\/13"}],"replies":[{"embeddable":true,"href":"https:\/\/www.samenhaus.de\/gartenblog\/wp-json\/wp\/v2\/comments?post=1004"}],"version-history":[{"count":7,"href":"https:\/\/www.samenhaus.de\/gartenblog\/wp-json\/wp\/v2\/posts\/1004\/revisions"}],"predecessor-version":[{"id":11936,"href":"https:\/\/www.samenhaus.de\/gartenblog\/wp-json\/wp\/v2\/posts\/1004\/revisions\/11936"}],"wp:featuredmedia":[{"embeddable":true,"href":"https:\/\/www.samenhaus.de\/gartenblog\/wp-json\/wp\/v2\/media\/1049"}],"wp:attachment":[{"href":"https:\/\/www.samenhaus.de\/gartenblog\/wp-json\/wp\/v2\/media?parent=1004"}],"wp:term":[{"taxonomy":"category","embeddable":true,"href":"https:\/\/www.samenhaus.de\/gartenblog\/wp-json\/wp\/v2\/categories?post=1004"},{"taxonomy":"post_tag","embeddable":true,"href":"https:\/\/www.samenhaus.de\/gartenblog\/wp-json\/wp\/v2\/tags?post=1004"},{"taxonomy":"hersteller","embeddable":true,"href":"https:\/\/www.samenhaus.de\/gartenblog\/wp-json\/wp\/v2\/hersteller?post=1004"}],"curies":[{"name":"wp","href":"https:\/\/api.w.org\/{rel}","templated":true}]}}