{"id":10529,"date":"2023-04-01T09:00:14","date_gmt":"2023-04-01T09:00:14","guid":{"rendered":"https:\/\/www.samenhaus.de\/gartenblog\/?p=10529"},"modified":"2023-07-12T12:54:40","modified_gmt":"2023-07-12T12:54:40","slug":"mondkalender-april-2023","status":"publish","type":"post","link":"https:\/\/www.samenhaus.de\/gartenblog\/mondkalender-april-2023","title":{"rendered":"Mondkalender April 2023"},"content":{"rendered":"<p>Im April stehen schon eine gro\u00dfe Menge an Arbeiten im Garten an. Die ersten Pflanzen werden gesetzt und auch das M\u00e4hen des Rasens sowie das J\u00e4ten von Unkraut z\u00e4hlen jetzt wieder regelm\u00e4\u00dfig dazu. Mit Sicherheit haben Sie bereits im Gew\u00e4chshaus oder im Haus einige Pflanzen vorgezogen, die in den n\u00e4chsten Wochen ins Freiland gesetzt werden. An welchen Tagen Sie jedoch auf die ein oder andere Gartenarbeit verzichten sollten und welche Tage f\u00fcr welche Arbeiten gut sind, erfahren Sie im Mondkalender f\u00fcr den April 2023.<\/p>\n<h2 class=\"western\">G\u00e4rtnern nach dem Mondkalender im April 2023<\/h2>\n<p>Am 1. April sollten Sie nicht nur auf Sp\u00e4\u00dfe von Ihren Mitmenschen achten, sondern auch nicht vergessen, dass das D\u00fcngen mit chemischem D\u00fcnger keine gute Idee ist. Die Pflanzen k\u00f6nnen verbrennen oder Austrocknen. Daf\u00fcr ist jedoch ein guter Tag, um Unkraut zu j\u00e4ten oder Obstpflanzen auszus\u00e4en und anzupflanzen. Zudem k\u00f6nnen Sie Obst auch sehr gut einfrieren heute.<\/p>\n<p>Die Tage vom 02. bis 04. April sind nicht gut f\u00fcr Obst zu ernten oder zu lagern. Das Obst k\u00f6nne schneller faulen. F\u00fcr allgemeine Gartenarbeiten sind diese Tage allerdings perfekt geeignet.<\/p>\n<p>Am 05. und 06. April sollte Sie besser auf das Gie\u00dfen der Balkon- und Zimmerpflanzen verzichten, da sonst Sch\u00e4dlinge leichtes Spiel haben. Damit es nicht langweilig wird, haben Sie aber die M\u00f6glichkeit am 05. April Blumen und bl\u00fchende Kr\u00e4uter anzupflanzen oder auszus\u00e4en.<\/p>\n<p>Am 06. April hingegen k\u00f6nnen Sie auch wieder zu chemischem D\u00fcnger greifen und Ihren Pflanzen etwas Gutes tun.<\/p>\n<p>Der 07. und 08. April eignet sich, um die Pflanzen im Zimmer und auf dem Balkon zu gie\u00dfen. Au\u00dferdem ist heute das M\u00e4hen des Rasens effektiv.<\/p>\n<p>Die Tage vom 09. April bis zum 15. April stehen ganz im Zeichen von Obst. An diesen Tagen ist das Lagern, Ernten und Einfrieren von Obst empfehlenswert.<\/p>\n<p>Zudem sind der 12. und 13. April auch gute Tage, um Wurzelgem\u00fcse zu ernten und zu lagern. Gleichzeitig k\u00f6nnen Sie Wurzelgem\u00fcsen an diesen Tagen anpflanzen und Auss\u00e4en und auch Unkraut j\u00e4ten, sollte es an der Zeit sein.<\/p>\n<p>Am 14. und 15. April sollten Sie wieder auf das Gie\u00dfen der Balkon- und Zimmerpflanzen verzichten.<\/p>\n<p>Ab dem 16. April sind die Obsttage vorbei und Sie sollten besser auf das Ernten, Lagern und Konservieren von Obst verzichten, da es schneller fault. Daf\u00fcr k\u00f6nnen Sie aber heute und morgen die Balkon- und Zimmerpflanzen gie\u00dfen und auch den Rasen m\u00e4hen.<\/p>\n<p>Obst k\u00f6nnen Sie wieder vom 18. April bis zum 21. April ernten, lagern und konservieren. Au\u00dferdem sind die Tage vom 18. und 19. April sehr gut, um Unkraut zu j\u00e4ten.<\/p>\n<p>Der 20. und 21. April sind des Weiteren sehr gute Tage, um Wurzelgem\u00fcse zu ernten und lagern.<\/p>\n<p>Verzichten Sie vom 22. April bis zum 24. April wieder auf das Gie\u00dfen der Zimmer- und Balkonpflanzen. Diese Tage k\u00f6nnen Sie jedoch nutzen, um Blumen und bl\u00fchende Kr\u00e4uter auszus\u00e4en und anzupflanzen.<\/p>\n<p>Die Pflanzen im Zimmer und auf dem Balkon k\u00f6nnen Sie wieder vom 25. bis 26. April gie\u00dfen. Allerdings sollten Sie an diesen Tagen besser auf die Ernte und Lagerung von Obst verzichten. Wenn Sie l\u00e4nger Ruhe beim Rasenm\u00e4hen haben m\u00f6chte, sollten Sie den Rasen heute oder morgen m\u00e4hen. Das Rasenm\u00e4hen ist an beiden Tagen besonders effektiv. Gleichzeitig k\u00f6nnen Sie auch Blattgem\u00fcse anpflanzen und auss\u00e4en.<\/p>\n<p>Verzichten Sie am 27. April bis zum 29. April auf das D\u00fcngen mit chemischen D\u00fcngemitteln, da die Pflanzen verbrennen oder austrocknen k\u00f6nnten. Damit Ihnen aber nicht langweilig wird, k\u00f6nnen Sie Obstpflanzen auss\u00e4en und anpflanzen. Auch das J\u00e4ten von Unkraut ist an diesen Tagen sehr effektiv.<\/p>\n<p>Am letzten Tag des Monats sollten Sie auf alles, was mit Obst zu tun hat, verzichten. Das Ernten, Lagern sowie das Vorbereiten von Obst ist nicht empfehlenswert. Dieser Tag eignet sich aber ausgezeichnet f\u00fcr allgemeine Gartenarbeiten.<\/p>\n<table class=\"custom-table-1\" width=\"100%\" cellspacing=\"0\" cellpadding=\"4\">\n<tbody>\n<tr valign=\"TOP\">\n<td width=\"27\" height=\"25\">01. Apr 23<\/td>\n<td width=\"562\">Heute sollte kein chemischer D\u00fcnger zum Einsatz kommen; Guter Tag, um Unkraut zu j\u00e4ten und Obstpflanzen auszus\u00e4en und anzupflanzen; Obst kann problemlos eingefroren werden;<\/td>\n<\/tr>\n<tr valign=\"TOP\">\n<td width=\"27\" height=\"27\">02. Apr 23<\/td>\n<td width=\"562\">Obst sollte heute weder geerntet noch gelagert werden; F\u00fcr allgemeine Gartenarbeiten ist der Tag jedoch sehr gut;<\/td>\n<\/tr>\n<tr valign=\"TOP\">\n<td width=\"27\" height=\"27\">03. Apr 23<\/td>\n<td width=\"562\">Obst sollte heute weder geerntet noch gelagert werden; F\u00fcr allgemeine Gartenarbeiten ist der Tag jedoch sehr gut;<\/td>\n<\/tr>\n<tr valign=\"TOP\">\n<td width=\"27\" height=\"26\">04. Apr 23<\/td>\n<td width=\"562\">Obst sollte heute weder geerntet noch gelagert werden; F\u00fcr allgemeine Gartenarbeiten ist der Tag jedoch sehr gut;<\/td>\n<\/tr>\n<tr valign=\"TOP\">\n<td width=\"27\" height=\"26\">05. Apr 23<\/td>\n<td width=\"562\">Auf das Gie\u00dfen der Balkon- und Zimmerpflanzen sollten Sie heute verzichten; Blumen und bl\u00fchende Kr\u00e4uter k\u00f6nnen Sie heute jedoch sehr gut anpflanzen oder auss\u00e4en;<\/td>\n<\/tr>\n<tr valign=\"TOP\">\n<td width=\"27\" height=\"27\">06. Apr 23<\/td>\n<td width=\"562\">Zimmer- und Balkonpflanzen nicht gie\u00dfen; Pflanzen k\u00f6nnen heute mit chemischen oder nat\u00fcrlichen D\u00fcngemitteln ged\u00fcngt werden;<\/td>\n<\/tr>\n<tr valign=\"TOP\">\n<td width=\"27\" height=\"26\">07. Apr 23<\/td>\n<td width=\"562\">Die Zimmer- und Balkonpflanzen k\u00f6nnen heute wieder gegossen werden; Das M\u00e4hen des Rasens ist sehr effektiv;<\/td>\n<\/tr>\n<tr valign=\"TOP\">\n<td width=\"27\" height=\"27\">08. Apr 23<\/td>\n<td width=\"562\">Die Zimmer- und Balkonpflanzen k\u00f6nnen heute wieder gegossen werden; Das M\u00e4hen des Rasens ist sehr effektiv;<\/td>\n<\/tr>\n<tr valign=\"TOP\">\n<td width=\"27\" height=\"25\">09. Apr 23<\/td>\n<td width=\"562\">Das Ernten, Lagern und Einfrieren von Obst ist heute empfehlenswert;<\/td>\n<\/tr>\n<tr valign=\"TOP\">\n<td width=\"27\" height=\"27\">10. Apr 23<\/td>\n<td width=\"562\">Das Ernten, Lagern und Einfrieren von Obst ist heute empfehlenswert;<\/td>\n<\/tr>\n<tr valign=\"TOP\">\n<td width=\"27\" height=\"25\">11. Apr 23<\/td>\n<td width=\"562\">Das Ernten, Lagern und Einfrieren von Obst ist heute empfehlenswert;<\/td>\n<\/tr>\n<tr valign=\"TOP\">\n<td width=\"27\" height=\"26\">12. Apr 23<\/td>\n<td width=\"562\">Ernten und Lagern von Obst und Wurzelgem\u00fcse; Anpflanzung und Aussaat von Wurzelgem\u00fcse; J\u00e4ten von Unkraut;<\/td>\n<\/tr>\n<tr valign=\"TOP\">\n<td width=\"27\" height=\"26\">13. Apr 23<\/td>\n<td width=\"562\">Ernten und Lagern von Obst und Wurzelgem\u00fcse; Anpflanzung und Aussaat von Wurzelgem\u00fcse; J\u00e4ten von Unkraut;<\/td>\n<\/tr>\n<tr valign=\"TOP\">\n<td width=\"27\" height=\"26\">14. Apr 23<\/td>\n<td width=\"562\">Die Balkon- und Zimmerpflanzen sollten Sie heute nicht gie\u00dfen; Ernten und Lagern von Obst;<\/td>\n<\/tr>\n<tr valign=\"TOP\">\n<td width=\"27\" height=\"27\">15. Apr 23<\/td>\n<td width=\"562\">Die Balkon- und Zimmerpflanzen sollten Sie heute nicht gie\u00dfen; Ernten und Lagern von Obst;<\/td>\n<\/tr>\n<tr valign=\"TOP\">\n<td width=\"27\" height=\"26\">16. Apr 23<\/td>\n<td width=\"562\">Verzichten Sie heute auf das Ernten und Lagern von Obst; Die Balkon- und Zimmerpflanzen k\u00f6nnen Sie heute wieder gie\u00dfen und auch das M\u00e4hen des Rasens ist \u00e4u\u00dferst effektiv;<\/td>\n<\/tr>\n<tr valign=\"TOP\">\n<td width=\"27\" height=\"25\">17. Apr 23<\/td>\n<td width=\"562\">Verzichten Sie heute auf das Ernten und Lagern von Obst; Die Balkon- und Zimmerpflanzen k\u00f6nnen Sie heute wieder gie\u00dfen und auch das M\u00e4hen des Rasens ist \u00e4u\u00dferst effektiv;<\/td>\n<\/tr>\n<tr valign=\"TOP\">\n<td width=\"27\" height=\"27\">18. Apr 23<\/td>\n<td width=\"562\">Heute kann wieder Obst geerntet, gelagert, eingefroren und konserviert werden; Auch f\u00fcr das J\u00e4ten von Unkraut ist ein guter Tag;<\/td>\n<\/tr>\n<tr valign=\"TOP\">\n<td width=\"27\" height=\"25\">19. Apr 23<\/td>\n<td width=\"562\">Heute kann wieder Obst geerntet, gelagert, eingefroren und konserviert werden; Auch f\u00fcr das J\u00e4ten von Unkraut ist ein guter Tag;<\/td>\n<\/tr>\n<tr valign=\"TOP\">\n<td width=\"27\" height=\"26\">20. Apr 23<\/td>\n<td width=\"562\">Ernten und Lagern von Obst und Wurzelgem\u00fcse;<\/td>\n<\/tr>\n<tr valign=\"TOP\">\n<td width=\"27\" height=\"26\">21. Apr 23<\/td>\n<td width=\"562\">Ernten und Lagern von Obst und Wurzelgem\u00fcse;<\/td>\n<\/tr>\n<tr valign=\"TOP\">\n<td width=\"27\" height=\"25\">22. Apr 23<\/td>\n<td width=\"562\">Die Zimmer- und Balkonpflanzen sollten heute nicht gegossen werden; Blumen und bl\u00fchende Kr\u00e4uter k\u00f6nnen angepflanzt oder ausges\u00e4t werden;<\/td>\n<\/tr>\n<tr valign=\"TOP\">\n<td width=\"27\" height=\"27\">23. Apr 23<\/td>\n<td width=\"562\">Die Zimmer- und Balkonpflanzen sollten heute nicht gegossen werden; Blumen und bl\u00fchende Kr\u00e4uter k\u00f6nnen angepflanzt oder ausges\u00e4t werden;<\/td>\n<\/tr>\n<tr valign=\"TOP\">\n<td width=\"27\" height=\"26\">24. Apr 23<\/td>\n<td width=\"562\">Die Zimmer- und Balkonpflanzen sollten heute nicht gegossen werden; Blumen und bl\u00fchende Kr\u00e4uter k\u00f6nnen angepflanzt oder ausges\u00e4t werden;<\/td>\n<\/tr>\n<tr valign=\"TOP\">\n<td width=\"27\" height=\"25\">25. Apr 23<\/td>\n<td width=\"562\">Die Ernte und Lagerung von Obst ist heute nicht gut; Das M\u00e4hen von Rasen ist dagegen sehr effektiv; Balkon- und Zimmerpflanzen k\u00f6nnen wieder gegossen werden und Blattgem\u00fcse kann angepflanzt und ausges\u00e4t werden;<\/td>\n<\/tr>\n<tr valign=\"TOP\">\n<td width=\"27\" height=\"25\">26. Apr 23<\/td>\n<td width=\"562\">Die Ernte und Lagerung von Obst ist heute nicht gut; Das M\u00e4hen von Rasen ist dagegen sehr effektiv; Balkon- und Zimmerpflanzen k\u00f6nnen wieder gegossen werden und Blattgem\u00fcse kann angepflanzt und ausges\u00e4t werden;<\/td>\n<\/tr>\n<tr valign=\"TOP\">\n<td width=\"27\" height=\"25\">27. Apr 23<\/td>\n<td width=\"562\">Auf das D\u00fcngen mit chemischen D\u00fcngemitteln sollten Sie verzichten; Obst kann sehr gut eingefroren werden; Das J\u00e4ten von Unkraut ist effektiv und auch die Aussaat oder Anpflanzung von Obstpflanzen ist empfehlenswert;<\/td>\n<\/tr>\n<tr valign=\"TOP\">\n<td width=\"27\" height=\"25\">28. Apr 23<\/td>\n<td width=\"562\">Auf das D\u00fcngen mit chemischen D\u00fcngemitteln sollten Sie verzichten; Obst kann sehr gut eingefroren werden; Das J\u00e4ten von Unkraut ist effektiv und auch die Aussaat oder Anpflanzung von Obstpflanzen ist empfehlenswert;<\/td>\n<\/tr>\n<tr valign=\"TOP\">\n<td width=\"27\" height=\"26\">29. Apr 23<\/td>\n<td width=\"562\">Auf das D\u00fcngen mit chemischen D\u00fcngemitteln sollten Sie verzichten; Obst kann sehr gut eingefroren werden; Das J\u00e4ten von Unkraut ist effektiv und auch die Aussaat oder Anpflanzung von Obstpflanzen ist empfehlenswert;<\/td>\n<\/tr>\n<tr valign=\"TOP\">\n<td width=\"27\" height=\"24\">30. Apr 23<\/td>\n<td width=\"562\">Heute sollten Sie auf das Ernten, Lagern und Vorbereiten von Obst verzichten; Gute Zeit f\u00fcr allgemeine Gartenarbeiten;<\/td>\n<\/tr>\n<\/tbody>\n<\/table>\n<p>In den vergangenen Monaten gab es auch immer Tipps, an welchen Tagen Hausarbeiten und kleine Renovierungsarbeiten gut waren. Die gibt es nat\u00fcrlich auch heute. So m\u00fcssen Sie sich nicht sonderlich anstrengen und die Arbeiten im Haus fallen Ihnen deutlich leichter.<\/p>\n<p>Wer am 01., 05., 06., 09., 10., 11., 14., 15., 18., 19., 22., 23., 24., 27., 28. und 29. April l\u00fcftet, hat es an diesen Tagen deutlich leichter, beim Staubwischen. Doch auch f\u00fcrs Putzen der Fenstern gibt es besondere Tage, damit diese lupenrein und streifenfrei sind. Die Tage des 09., 10., 11., 14., 15., 18., und 19. April sind perfekt geeignet, um die Fenster zu putzen.<\/p>\n<p>Im Fr\u00fchling steht oft der Hausputz an. Wer mit weniger Anstrengung Waschen und Putzen m\u00f6chte, der sollte die Tage vom 07. bis 19. April nutzen. Der Vorteil dabei ist auch, dass Sie an diesen Tagen deutlich weniger Wasch- und Reinigungsmittel ben\u00f6tigten als an anderen Tagen.<\/p>\n<p>Haben Sie W\u00e4sche mit starken Flecken, dann eignen sich die Tage vom 07., 08., 16. und 17. daf\u00fcr. Zum einen ben\u00f6tigen Sie weniger Fleckenentferner und die Flecken lassen sich auch viel leichter entfernen. Zum anderen wird die W\u00e4sche an diesen Tagen besonders sauber.<\/p>\n<p>Auch f\u00fcr Anstrich- und Lackierungsarbeiten und kleine Renovierungsarbeiten gibt es bestimmte Tage im April. An diesen Tagen f\u00e4llt Ihnen die Arbeit deutlich leichter und sie m\u00fcssen sich nicht so anstrengen. Wer also Anstrich- und Lackierungsarbeiten sowie kleine Renovierungsarbeiten durchf\u00fchren muss, sollte dies auf den 09. bis 15., 18 und 19. April legen.<\/p>\n<p>Haben Sie schon Erfahrung mit dem Waschen und Putzen nach dem Mondkalender? Wir w\u00fcrden uns freuen, wenn Sie uns und den anderen Lesern Ihre Erfahrungen mitteilen w\u00fcrden. Auch auf Tipps und Tricks sind wir nat\u00fcrlich gespannt.<\/p>\n","protected":false},"excerpt":{"rendered":"<p>Im April stehen schon eine gro\u00dfe Menge an Arbeiten im Garten an. Die ersten Pflanzen werden gesetzt und auch das M\u00e4hen des Rasens sowie das J\u00e4ten von Unkraut z\u00e4hlen jetzt wieder regelm\u00e4\u00dfig dazu. Mit Sicherheit haben Sie bereits im Gew\u00e4chshaus oder im Haus einige Pflanzen vorgezogen, die in den n\u00e4chsten Wochen ins Freiland gesetzt werden. An welchen Tagen Sie jedoch auf die ein oder andere Gartenarbeit verzichten sollten und welche Tage f\u00fcr welche Arbeiten gut sind, erfahren Sie im Mondkalender f\u00fcr den April 2023. G\u00e4rtnern nach dem Mondkalender im April 2023 Am 1. April sollten Sie nicht nur auf Sp\u00e4\u00dfe von Ihren Mitmenschen achten, sondern auch nicht vergessen, dass das D\u00fcngen mit chemischem D\u00fcnger keine gute Idee ist. Die Pflanzen k\u00f6nnen verbrennen oder Austrocknen. Daf\u00fcr ist jedoch ein guter Tag, um Unkraut zu j\u00e4ten oder Obstpflanzen auszus\u00e4en und anzupflanzen. Zudem k\u00f6nnen Sie Obst auch sehr gut einfrieren heute. Die Tage vom 02. bis 04. April sind nicht gut f\u00fcr Obst zu ernten oder zu lagern. Das Obst k\u00f6nne schneller faulen. F\u00fcr allgemeine Gartenarbeiten sind diese Tage allerdings perfekt geeignet. Am 05. und 06. April sollte Sie besser auf das Gie\u00dfen der Balkon- und Zimmerpflanzen verzichten, da sonst Sch\u00e4dlinge leichtes Spiel [&hellip;]<\/p>\n","protected":false},"author":12,"featured_media":11181,"comment_status":"open","ping_status":"open","sticky":false,"template":"","format":"standard","meta":{"_acf_changed":false,"footnotes":""},"categories":[22],"tags":[],"hersteller":[],"class_list":["post-10529","post","type-post","status-publish","format-standard","has-post-thumbnail","hentry","category-april"],"acf":[],"yoast_head":"<!-- This site is optimized with the Yoast SEO plugin v27.4 - https:\/\/yoast.com\/product\/yoast-seo-wordpress\/ -->\n<title>Mondkalender April 2023 - Samenhaus Gartenblog<\/title>\n<meta name=\"description\" content=\"Im April geht die Gartenarbeit so richtig los. Der Rasen kann gem\u00e4hrt werden und die ersten Pflanzen nach drau\u00dfen in die Erde.\" \/>\n<meta name=\"robots\" content=\"index, follow, max-snippet:-1, max-image-preview:large, max-video-preview:-1\" \/>\n<link rel=\"canonical\" href=\"https:\/\/www.samenhaus.de\/gartenblog\/mondkalender-april-2023\" \/>\n<meta property=\"og:locale\" content=\"de_DE\" \/>\n<meta property=\"og:type\" content=\"article\" \/>\n<meta property=\"og:title\" content=\"Mondkalender April 2023 - Samenhaus Gartenblog\" \/>\n<meta property=\"og:description\" content=\"Im April geht die Gartenarbeit so richtig los. Der Rasen kann gem\u00e4hrt werden und die ersten Pflanzen nach drau\u00dfen in die Erde.\" \/>\n<meta property=\"og:url\" content=\"https:\/\/www.samenhaus.de\/gartenblog\/mondkalender-april-2023\" \/>\n<meta property=\"og:site_name\" content=\"Samenhaus Gartenblog\" \/>\n<meta property=\"article:publisher\" content=\"https:\/\/de-de.facebook.com\/samenhaus\" \/>\n<meta property=\"article:published_time\" content=\"2023-04-01T09:00:14+00:00\" \/>\n<meta property=\"article:modified_time\" content=\"2023-07-12T12:54:40+00:00\" \/>\n<meta property=\"og:image\" content=\"https:\/\/www.samenhaus.de\/gartenblog\/wp-content\/uploads\/2023\/06\/Mondkalender-April_Mondkalender-April.jpg\" \/>\n\t<meta property=\"og:image:width\" content=\"1000\" \/>\n\t<meta property=\"og:image:height\" content=\"382\" \/>\n\t<meta property=\"og:image:type\" content=\"image\/jpeg\" \/>\n<meta name=\"author\" content=\"Stephanie\" \/>\n<meta name=\"twitter:card\" content=\"summary_large_image\" \/>\n<meta name=\"twitter:creator\" content=\"@samenhaus\" \/>\n<meta name=\"twitter:site\" content=\"@samenhaus\" \/>\n<meta name=\"twitter:label1\" content=\"Verfasst von\" \/>\n\t<meta name=\"twitter:data1\" content=\"Stephanie\" \/>\n\t<meta name=\"twitter:label2\" content=\"Gesch\u00e4tzte Lesezeit\" \/>\n\t<meta name=\"twitter:data2\" content=\"9\u00a0Minuten\" \/>\n<script type=\"application\/ld+json\" class=\"yoast-schema-graph\">{\"@context\":\"https:\\\/\\\/schema.org\",\"@graph\":[{\"@type\":\"Article\",\"@id\":\"https:\\\/\\\/www.samenhaus.de\\\/gartenblog\\\/mondkalender-april-2023#article\",\"isPartOf\":{\"@id\":\"https:\\\/\\\/www.samenhaus.de\\\/gartenblog\\\/mondkalender-april-2023\"},\"author\":{\"name\":\"Stephanie\",\"@id\":\"https:\\\/\\\/www.samenhaus.de\\\/gartenblog\\\/#\\\/schema\\\/person\\\/97f059f6e72cec571c88cb48b4582118\"},\"headline\":\"Mondkalender April 2023\",\"datePublished\":\"2023-04-01T09:00:14+00:00\",\"dateModified\":\"2023-07-12T12:54:40+00:00\",\"mainEntityOfPage\":{\"@id\":\"https:\\\/\\\/www.samenhaus.de\\\/gartenblog\\\/mondkalender-april-2023\"},\"wordCount\":1591,\"commentCount\":0,\"publisher\":{\"@id\":\"https:\\\/\\\/www.samenhaus.de\\\/gartenblog\\\/#organization\"},\"image\":{\"@id\":\"https:\\\/\\\/www.samenhaus.de\\\/gartenblog\\\/mondkalender-april-2023#primaryimage\"},\"thumbnailUrl\":\"https:\\\/\\\/www.samenhaus.de\\\/gartenblog\\\/wp-content\\\/uploads\\\/2023\\\/06\\\/Mondkalender-April_Mondkalender-April.jpg\",\"articleSection\":[\"April\"],\"inLanguage\":\"de\",\"potentialAction\":[{\"@type\":\"CommentAction\",\"name\":\"Comment\",\"target\":[\"https:\\\/\\\/www.samenhaus.de\\\/gartenblog\\\/mondkalender-april-2023#respond\"]}],\"copyrightYear\":\"2023\",\"copyrightHolder\":{\"@id\":\"https:\\\/\\\/www.samenhaus.de\\\/gartenblog\\\/#organization\"}},{\"@type\":\"WebPage\",\"@id\":\"https:\\\/\\\/www.samenhaus.de\\\/gartenblog\\\/mondkalender-april-2023\",\"url\":\"https:\\\/\\\/www.samenhaus.de\\\/gartenblog\\\/mondkalender-april-2023\",\"name\":\"Mondkalender April 2023 - Samenhaus Gartenblog\",\"isPartOf\":{\"@id\":\"https:\\\/\\\/www.samenhaus.de\\\/gartenblog\\\/#website\"},\"primaryImageOfPage\":{\"@id\":\"https:\\\/\\\/www.samenhaus.de\\\/gartenblog\\\/mondkalender-april-2023#primaryimage\"},\"image\":{\"@id\":\"https:\\\/\\\/www.samenhaus.de\\\/gartenblog\\\/mondkalender-april-2023#primaryimage\"},\"thumbnailUrl\":\"https:\\\/\\\/www.samenhaus.de\\\/gartenblog\\\/wp-content\\\/uploads\\\/2023\\\/06\\\/Mondkalender-April_Mondkalender-April.jpg\",\"datePublished\":\"2023-04-01T09:00:14+00:00\",\"dateModified\":\"2023-07-12T12:54:40+00:00\",\"description\":\"Im April geht die Gartenarbeit so richtig los. Der Rasen kann gem\u00e4hrt werden und die ersten Pflanzen nach drau\u00dfen in die Erde.\",\"breadcrumb\":{\"@id\":\"https:\\\/\\\/www.samenhaus.de\\\/gartenblog\\\/mondkalender-april-2023#breadcrumb\"},\"inLanguage\":\"de\",\"potentialAction\":[{\"@type\":\"ReadAction\",\"target\":[\"https:\\\/\\\/www.samenhaus.de\\\/gartenblog\\\/mondkalender-april-2023\"]}]},{\"@type\":\"ImageObject\",\"inLanguage\":\"de\",\"@id\":\"https:\\\/\\\/www.samenhaus.de\\\/gartenblog\\\/mondkalender-april-2023#primaryimage\",\"url\":\"https:\\\/\\\/www.samenhaus.de\\\/gartenblog\\\/wp-content\\\/uploads\\\/2023\\\/06\\\/Mondkalender-April_Mondkalender-April.jpg\",\"contentUrl\":\"https:\\\/\\\/www.samenhaus.de\\\/gartenblog\\\/wp-content\\\/uploads\\\/2023\\\/06\\\/Mondkalender-April_Mondkalender-April.jpg\",\"width\":1000,\"height\":382,\"caption\":\"Mondkalender April\"},{\"@type\":\"BreadcrumbList\",\"@id\":\"https:\\\/\\\/www.samenhaus.de\\\/gartenblog\\\/mondkalender-april-2023#breadcrumb\",\"itemListElement\":[{\"@type\":\"ListItem\",\"position\":1,\"name\":\"Startseite\",\"item\":\"https:\\\/\\\/www.samenhaus.de\\\/gartenblog\\\/\"},{\"@type\":\"ListItem\",\"position\":2,\"name\":\"Mondkalender April 2023\"}]},{\"@type\":\"WebSite\",\"@id\":\"https:\\\/\\\/www.samenhaus.de\\\/gartenblog\\\/#website\",\"url\":\"https:\\\/\\\/www.samenhaus.de\\\/gartenblog\\\/\",\"name\":\"Samenhaus Gartenblog\",\"description\":\"\",\"publisher\":{\"@id\":\"https:\\\/\\\/www.samenhaus.de\\\/gartenblog\\\/#organization\"},\"potentialAction\":[{\"@type\":\"SearchAction\",\"target\":{\"@type\":\"EntryPoint\",\"urlTemplate\":\"https:\\\/\\\/www.samenhaus.de\\\/gartenblog\\\/?s={search_term_string}\"},\"query-input\":{\"@type\":\"PropertyValueSpecification\",\"valueRequired\":true,\"valueName\":\"search_term_string\"}}],\"inLanguage\":\"de\"},{\"@type\":\"Organization\",\"@id\":\"https:\\\/\\\/www.samenhaus.de\\\/gartenblog\\\/#organization\",\"name\":\"Samenhaus.de Gartenblog\",\"url\":\"https:\\\/\\\/www.samenhaus.de\\\/gartenblog\\\/\",\"logo\":{\"@type\":\"ImageObject\",\"inLanguage\":\"de\",\"@id\":\"https:\\\/\\\/www.samenhaus.de\\\/gartenblog\\\/#\\\/schema\\\/logo\\\/image\\\/\",\"url\":\"https:\\\/\\\/www.samenhaus.de\\\/gartenblog\\\/wp-content\\\/uploads\\\/2020\\\/11\\\/logo.svg\",\"contentUrl\":\"https:\\\/\\\/www.samenhaus.de\\\/gartenblog\\\/wp-content\\\/uploads\\\/2020\\\/11\\\/logo.svg\",\"width\":1,\"height\":1,\"caption\":\"Samenhaus.de Gartenblog\"},\"image\":{\"@id\":\"https:\\\/\\\/www.samenhaus.de\\\/gartenblog\\\/#\\\/schema\\\/logo\\\/image\\\/\"},\"sameAs\":[\"https:\\\/\\\/de-de.facebook.com\\\/samenhaus\",\"https:\\\/\\\/x.com\\\/samenhaus\"]},{\"@type\":\"Person\",\"@id\":\"https:\\\/\\\/www.samenhaus.de\\\/gartenblog\\\/#\\\/schema\\\/person\\\/97f059f6e72cec571c88cb48b4582118\",\"name\":\"Stephanie\",\"image\":{\"@type\":\"ImageObject\",\"inLanguage\":\"de\",\"@id\":\"https:\\\/\\\/www.samenhaus.de\\\/gartenblog\\\/wp-content\\\/uploads\\\/2026\\\/03\\\/stefanie-150x150.png\",\"url\":\"https:\\\/\\\/www.samenhaus.de\\\/gartenblog\\\/wp-content\\\/uploads\\\/2026\\\/03\\\/stefanie-150x150.png\",\"contentUrl\":\"https:\\\/\\\/www.samenhaus.de\\\/gartenblog\\\/wp-content\\\/uploads\\\/2026\\\/03\\\/stefanie-150x150.png\",\"caption\":\"Stephanie\"},\"description\":\"Garten und Pflanzen waren schon immer meine Leidenschaft. Wahrscheinlich deshalb, weil ich damit aufgewachsen bin. Ich verwerte in der Regel alles und mache Lik\u00f6re, Marmeladen und nutze Kr\u00e4uter auch als Heilpflanzen, indem ich \u00d6le und Tinkturen herstelle. Leider habe ich meinen gr\u00fcnen Daumen beim Auswandern nach Spanien in Deutschland vergessen. Langsam kehrt er aber wieder zur\u00fcck und die Anpassung an die neue Klimazone war gar nicht so einfach. Mittlerweile schaffe ich es sogar, dass gekaufter Basilikum \u00fcberlebt.\",\"url\":\"https:\\\/\\\/www.samenhaus.de\\\/gartenblog\\\/author\\\/stephanie\"}]}<\/script>\n<!-- \/ Yoast SEO plugin. -->","yoast_head_json":{"title":"Mondkalender April 2023 - Samenhaus Gartenblog","description":"Im April geht die Gartenarbeit so richtig los. Der Rasen kann gem\u00e4hrt werden und die ersten Pflanzen nach drau\u00dfen in die Erde.","robots":{"index":"index","follow":"follow","max-snippet":"max-snippet:-1","max-image-preview":"max-image-preview:large","max-video-preview":"max-video-preview:-1"},"canonical":"https:\/\/www.samenhaus.de\/gartenblog\/mondkalender-april-2023","og_locale":"de_DE","og_type":"article","og_title":"Mondkalender April 2023 - Samenhaus Gartenblog","og_description":"Im April geht die Gartenarbeit so richtig los. Der Rasen kann gem\u00e4hrt werden und die ersten Pflanzen nach drau\u00dfen in die Erde.","og_url":"https:\/\/www.samenhaus.de\/gartenblog\/mondkalender-april-2023","og_site_name":"Samenhaus Gartenblog","article_publisher":"https:\/\/de-de.facebook.com\/samenhaus","article_published_time":"2023-04-01T09:00:14+00:00","article_modified_time":"2023-07-12T12:54:40+00:00","og_image":[{"width":1000,"height":382,"url":"https:\/\/www.samenhaus.de\/gartenblog\/wp-content\/uploads\/2023\/06\/Mondkalender-April_Mondkalender-April.jpg","type":"image\/jpeg"}],"author":"Stephanie","twitter_card":"summary_large_image","twitter_creator":"@samenhaus","twitter_site":"@samenhaus","twitter_misc":{"Verfasst von":"Stephanie","Gesch\u00e4tzte Lesezeit":"9\u00a0Minuten"},"schema":{"@context":"https:\/\/schema.org","@graph":[{"@type":"Article","@id":"https:\/\/www.samenhaus.de\/gartenblog\/mondkalender-april-2023#article","isPartOf":{"@id":"https:\/\/www.samenhaus.de\/gartenblog\/mondkalender-april-2023"},"author":{"name":"Stephanie","@id":"https:\/\/www.samenhaus.de\/gartenblog\/#\/schema\/person\/97f059f6e72cec571c88cb48b4582118"},"headline":"Mondkalender April 2023","datePublished":"2023-04-01T09:00:14+00:00","dateModified":"2023-07-12T12:54:40+00:00","mainEntityOfPage":{"@id":"https:\/\/www.samenhaus.de\/gartenblog\/mondkalender-april-2023"},"wordCount":1591,"commentCount":0,"publisher":{"@id":"https:\/\/www.samenhaus.de\/gartenblog\/#organization"},"image":{"@id":"https:\/\/www.samenhaus.de\/gartenblog\/mondkalender-april-2023#primaryimage"},"thumbnailUrl":"https:\/\/www.samenhaus.de\/gartenblog\/wp-content\/uploads\/2023\/06\/Mondkalender-April_Mondkalender-April.jpg","articleSection":["April"],"inLanguage":"de","potentialAction":[{"@type":"CommentAction","name":"Comment","target":["https:\/\/www.samenhaus.de\/gartenblog\/mondkalender-april-2023#respond"]}],"copyrightYear":"2023","copyrightHolder":{"@id":"https:\/\/www.samenhaus.de\/gartenblog\/#organization"}},{"@type":"WebPage","@id":"https:\/\/www.samenhaus.de\/gartenblog\/mondkalender-april-2023","url":"https:\/\/www.samenhaus.de\/gartenblog\/mondkalender-april-2023","name":"Mondkalender April 2023 - Samenhaus Gartenblog","isPartOf":{"@id":"https:\/\/www.samenhaus.de\/gartenblog\/#website"},"primaryImageOfPage":{"@id":"https:\/\/www.samenhaus.de\/gartenblog\/mondkalender-april-2023#primaryimage"},"image":{"@id":"https:\/\/www.samenhaus.de\/gartenblog\/mondkalender-april-2023#primaryimage"},"thumbnailUrl":"https:\/\/www.samenhaus.de\/gartenblog\/wp-content\/uploads\/2023\/06\/Mondkalender-April_Mondkalender-April.jpg","datePublished":"2023-04-01T09:00:14+00:00","dateModified":"2023-07-12T12:54:40+00:00","description":"Im April geht die Gartenarbeit so richtig los. Der Rasen kann gem\u00e4hrt werden und die ersten Pflanzen nach drau\u00dfen in die Erde.","breadcrumb":{"@id":"https:\/\/www.samenhaus.de\/gartenblog\/mondkalender-april-2023#breadcrumb"},"inLanguage":"de","potentialAction":[{"@type":"ReadAction","target":["https:\/\/www.samenhaus.de\/gartenblog\/mondkalender-april-2023"]}]},{"@type":"ImageObject","inLanguage":"de","@id":"https:\/\/www.samenhaus.de\/gartenblog\/mondkalender-april-2023#primaryimage","url":"https:\/\/www.samenhaus.de\/gartenblog\/wp-content\/uploads\/2023\/06\/Mondkalender-April_Mondkalender-April.jpg","contentUrl":"https:\/\/www.samenhaus.de\/gartenblog\/wp-content\/uploads\/2023\/06\/Mondkalender-April_Mondkalender-April.jpg","width":1000,"height":382,"caption":"Mondkalender April"},{"@type":"BreadcrumbList","@id":"https:\/\/www.samenhaus.de\/gartenblog\/mondkalender-april-2023#breadcrumb","itemListElement":[{"@type":"ListItem","position":1,"name":"Startseite","item":"https:\/\/www.samenhaus.de\/gartenblog\/"},{"@type":"ListItem","position":2,"name":"Mondkalender April 2023"}]},{"@type":"WebSite","@id":"https:\/\/www.samenhaus.de\/gartenblog\/#website","url":"https:\/\/www.samenhaus.de\/gartenblog\/","name":"Samenhaus Gartenblog","description":"","publisher":{"@id":"https:\/\/www.samenhaus.de\/gartenblog\/#organization"},"potentialAction":[{"@type":"SearchAction","target":{"@type":"EntryPoint","urlTemplate":"https:\/\/www.samenhaus.de\/gartenblog\/?s={search_term_string}"},"query-input":{"@type":"PropertyValueSpecification","valueRequired":true,"valueName":"search_term_string"}}],"inLanguage":"de"},{"@type":"Organization","@id":"https:\/\/www.samenhaus.de\/gartenblog\/#organization","name":"Samenhaus.de Gartenblog","url":"https:\/\/www.samenhaus.de\/gartenblog\/","logo":{"@type":"ImageObject","inLanguage":"de","@id":"https:\/\/www.samenhaus.de\/gartenblog\/#\/schema\/logo\/image\/","url":"https:\/\/www.samenhaus.de\/gartenblog\/wp-content\/uploads\/2020\/11\/logo.svg","contentUrl":"https:\/\/www.samenhaus.de\/gartenblog\/wp-content\/uploads\/2020\/11\/logo.svg","width":1,"height":1,"caption":"Samenhaus.de Gartenblog"},"image":{"@id":"https:\/\/www.samenhaus.de\/gartenblog\/#\/schema\/logo\/image\/"},"sameAs":["https:\/\/de-de.facebook.com\/samenhaus","https:\/\/x.com\/samenhaus"]},{"@type":"Person","@id":"https:\/\/www.samenhaus.de\/gartenblog\/#\/schema\/person\/97f059f6e72cec571c88cb48b4582118","name":"Stephanie","image":{"@type":"ImageObject","inLanguage":"de","@id":"https:\/\/www.samenhaus.de\/gartenblog\/wp-content\/uploads\/2026\/03\/stefanie-150x150.png","url":"https:\/\/www.samenhaus.de\/gartenblog\/wp-content\/uploads\/2026\/03\/stefanie-150x150.png","contentUrl":"https:\/\/www.samenhaus.de\/gartenblog\/wp-content\/uploads\/2026\/03\/stefanie-150x150.png","caption":"Stephanie"},"description":"Garten und Pflanzen waren schon immer meine Leidenschaft. Wahrscheinlich deshalb, weil ich damit aufgewachsen bin. Ich verwerte in der Regel alles und mache Lik\u00f6re, Marmeladen und nutze Kr\u00e4uter auch als Heilpflanzen, indem ich \u00d6le und Tinkturen herstelle. Leider habe ich meinen gr\u00fcnen Daumen beim Auswandern nach Spanien in Deutschland vergessen. Langsam kehrt er aber wieder zur\u00fcck und die Anpassung an die neue Klimazone war gar nicht so einfach. Mittlerweile schaffe ich es sogar, dass gekaufter Basilikum \u00fcberlebt.","url":"https:\/\/www.samenhaus.de\/gartenblog\/author\/stephanie"}]}},"wp-worthy-pixel":{"ignored":false,"public":"34943ddaa2794fab8823c75016f7cdc0","server":"vg04.met.vgwort.de","url":"https:\/\/vg04.met.vgwort.de\/na\/34943ddaa2794fab8823c75016f7cdc0"},"wp-worthy-type":"normal","_links":{"self":[{"href":"https:\/\/www.samenhaus.de\/gartenblog\/wp-json\/wp\/v2\/posts\/10529","targetHints":{"allow":["GET"]}}],"collection":[{"href":"https:\/\/www.samenhaus.de\/gartenblog\/wp-json\/wp\/v2\/posts"}],"about":[{"href":"https:\/\/www.samenhaus.de\/gartenblog\/wp-json\/wp\/v2\/types\/post"}],"author":[{"embeddable":true,"href":"https:\/\/www.samenhaus.de\/gartenblog\/wp-json\/wp\/v2\/users\/12"}],"replies":[{"embeddable":true,"href":"https:\/\/www.samenhaus.de\/gartenblog\/wp-json\/wp\/v2\/comments?post=10529"}],"version-history":[{"count":4,"href":"https:\/\/www.samenhaus.de\/gartenblog\/wp-json\/wp\/v2\/posts\/10529\/revisions"}],"predecessor-version":[{"id":12513,"href":"https:\/\/www.samenhaus.de\/gartenblog\/wp-json\/wp\/v2\/posts\/10529\/revisions\/12513"}],"wp:featuredmedia":[{"embeddable":true,"href":"https:\/\/www.samenhaus.de\/gartenblog\/wp-json\/wp\/v2\/media\/11181"}],"wp:attachment":[{"href":"https:\/\/www.samenhaus.de\/gartenblog\/wp-json\/wp\/v2\/media?parent=10529"}],"wp:term":[{"taxonomy":"category","embeddable":true,"href":"https:\/\/www.samenhaus.de\/gartenblog\/wp-json\/wp\/v2\/categories?post=10529"},{"taxonomy":"post_tag","embeddable":true,"href":"https:\/\/www.samenhaus.de\/gartenblog\/wp-json\/wp\/v2\/tags?post=10529"},{"taxonomy":"hersteller","embeddable":true,"href":"https:\/\/www.samenhaus.de\/gartenblog\/wp-json\/wp\/v2\/hersteller?post=10529"}],"curies":[{"name":"wp","href":"https:\/\/api.w.org\/{rel}","templated":true}]}}