{"id":10586,"date":"2024-02-11T09:00:32","date_gmt":"2024-02-11T08:00:32","guid":{"rendered":"https:\/\/www.samenhaus.de\/gartenblog\/?p=10586"},"modified":"2024-02-07T16:04:26","modified_gmt":"2024-02-07T15:04:26","slug":"prospecierara-stiftung-zum-erhalt-der-genetischen-vielfalt","status":"publish","type":"post","link":"https:\/\/www.samenhaus.de\/gartenblog\/prospecierara-stiftung-zum-erhalt-der-genetischen-vielfalt","title":{"rendered":"ProSpecieRara: Stiftung zum Erhalt der genetischen Vielfalt"},"content":{"rendered":"<p>ProSpecieRara ist eine Stiftung, die ihren Sitz in der Schweiz hat und zum Erhalt sowie zur F\u00f6rderung der genetischen Vielfalt in Flora und Fauna gegr\u00fcndet wurde. Ziel der Stiftung ist der Erhalt seltener und alter Pflanzensorten und Tierarten. Sie k\u00f6nnen mitmachen, indem Sie spenden oder zum ehrenamtlichen Sortenbetreuer werden.<\/p>\n<h2><span class=\"ez-toc-section\" id=\"Was_ist_ProSpecieRara\"><\/span>Was ist ProSpecieRara?<span class=\"ez-toc-section-end\"><\/span><\/h2>\n<p><img loading=\"lazy\" decoding=\"async\" class=\"size-full wp-image-16697 alignright\" src=\"https:\/\/www.samenhaus.de\/gartenblog\/wp-content\/uploads\/2024\/02\/ProSpecieRara_160839074.jpg\" alt=\"ProSpecieRara Pflanzen sch\u00fctzen\" width=\"300\" height=\"200\" \/>ProSpecieRara wurde 1982 von Hans-Peter Gr\u00fcnenfelder im schweizerischen St. Gallen ins Leben gerufen und ist eine nicht-gewinnorientierte Stiftung. Im Fokus steht der Erhalt gef\u00e4hrdeter Nutztierrassen und standortspezifischer Kulturpflanzen, um sie vor dem Aussterben zu sch\u00fctzen. Die Stiftung f\u00f6rdert die genetische Vielfalt.<\/p>\n<p>Die Stiftung verf\u00fcgt \u00fcber ein Erhalternetzwerk mit ungef\u00e4hr 2.000 Personen, die seltene Pflanzen und Tiere z\u00fcchten und damit zum Erhalt beitragen. Inzwischen hat die Stiftung ihren Sitz in Basel. Sie betreibt einen Schau- und Vermehrungsgarten sowie eine Sameng\u00e4rtnerei.<\/p>\n<h2><span class=\"ez-toc-section\" id=\"ProSpecieRara_in_Deutschland_seit_2011_aktiv\"><\/span>ProSpecieRara in Deutschland: seit 2011 aktiv<span class=\"ez-toc-section-end\"><\/span><\/h2>\n<p>In Deutschland hat ProSpecieRara seit 2011 eine Tochterorganisation. Die Stiftung ProSpecieRara gr\u00fcndete ihre deutsche Tochterorganisation zusammen mit der deutschen Stiftung Kaiserst\u00fchler Garten. Die deutsche Tochtergesellschaft ProSpecieRara gGmbH hat ihren Sitz in Freiburg im Breisgau und unterh\u00e4lt seit 2021 eine Zweigstelle in Sachsen. Die deutsche Stiftung finanziert sich aus Spenden der \u00f6ffentlichen Hand und privaten Stiftungen, aber auch durch den Wiederverkauf von <a href=\"https:\/\/www.samenhaus.de\/search?query=ProSpecieRara\" target=\"_blank\" rel=\"noopener\">Saatgut<\/a> mit dem ProSpecieRara-G\u00fctesiegel. Auch Privatpersonen k\u00f6nnen spenden, um die Stiftung und deren Aktivit\u00e4ten zu unterst\u00fctzen. In Deutschland besch\u00e4ftigt die Stiftung f\u00fcnf Angestellte. ProSpecieRara baut in Deutschland ein Netzwerk von ehrenamtlichen Sortenbetreuern auf, an dem Sie sich beteiligen k\u00f6nnen.<\/p>\n<h2><span class=\"ez-toc-section\" id=\"Ziele_von_ProSpecieRara_sichere_und_reichhaltige_Basis_fuer_die_Ernaehrung_bewahren\"><\/span>Ziele von ProSpecieRara: sichere und reichhaltige Basis f\u00fcr die Ern\u00e4hrung bewahren<span class=\"ez-toc-section-end\"><\/span><\/h2>\n<p><img loading=\"lazy\" decoding=\"async\" class=\"size-full wp-image-16698 alignright\" src=\"https:\/\/www.samenhaus.de\/gartenblog\/wp-content\/uploads\/2024\/02\/ProSpecieRara_288572787.jpg\" alt=\"Biodiversit\u00e4t\" width=\"300\" height=\"200\" \/>Ziel von ProSpecieRara ist die Bewahrung einer sicheren und reichhaltigen Basis f\u00fcr die Ern\u00e4hrung und deren Weitergabe an k\u00fcnftige Generationen. Konkret verfolgt die Stiftung folgende Ziele:<\/p>\n<ul>\n<li>Schutz der genetischen Vielfalt, um keine Sorte oder Rasse zu verlieren<\/li>\n<li>Zugang zur Biodiversit\u00e4t f\u00fcr alle mit fairen Rahmenbedingungen und M\u00f6glichkeiten der freien Verwendung<\/li>\n<li>F\u00f6rderung der Nutzung seltener Sorten und Rassen<\/li>\n<li>Sammeln und Teilen des Wissens<\/li>\n<\/ul>\n<p>Die Sorten von ProSpecieRara k\u00f6nnen frei vermehrt werden. Wer die Sorten anbaut, macht sich unabh\u00e4ngig von den gro\u00dfen Saatgutkonzernen. Die Obst- und Gem\u00fcsesorten, aber auch die Nutztiere eignen sich gut f\u00fcr die Selbstversorgung. Die alten Sorten und Rassen sind eng mit traditionellen Gerichten und Br\u00e4uchen verbunden. Daher ist es ein Anliegen der Stiftung, alte Traditionen zu pflegen. Ein Vorteil vieler alter Sorten besteht darin, dass sie robust sind und \u00fcber viele Jahre kultiviert werden k\u00f6nnen.<\/p>\n<h2><span class=\"ez-toc-section\" id=\"Nachweisliche_Erfolge_von_ProSpecieRara_Rettung_vor_dem_Aussterben\"><\/span>Nachweisliche Erfolge von ProSpecieRara: Rettung vor dem Aussterben<span class=\"ez-toc-section-end\"><\/span><\/h2>\n<p>ProSpecieRara konnte 2020 einige nachweisliche Erfolge verzeichnen. Die Stiftung sicherte das \u00dcberleben verschiedener Arten und rettete sie vor dem Aussterben:<\/p>\n<ul>\n<li>1.911 Obstsorten<\/li>\n<li>131 Rebensorten<\/li>\n<li>537 Beerensorten<\/li>\n<li>29 Weidenpflanzensorten<\/li>\n<li>1.580 Garten- und Ackerpflanzensorten<\/li>\n<li>839 Zierpflanzensorten<\/li>\n<li>32 seltene Nutztierrassen.<\/li>\n<\/ul>\n<p>Unter den Garten- und Ackerpflanzensorten, die ProSpecieRara retten konnte, sind 182 Tomatensorten und 244 Bohnensorten.<\/p>\n<h2><span class=\"ez-toc-section\" id=\"Projekte_von_ProSpecieRara_verschiedene_Pflanzen-_und_Tierprojekte\"><\/span>Projekte von ProSpecieRara: verschiedene Pflanzen- und Tierprojekte<span class=\"ez-toc-section-end\"><\/span><\/h2>\n<p><img loading=\"lazy\" decoding=\"async\" class=\"size-full wp-image-16699 alignright\" src=\"https:\/\/www.samenhaus.de\/gartenblog\/wp-content\/uploads\/2024\/02\/ProSpecieRara_328408788.jpg\" alt=\"Biene auf Blume\" width=\"300\" height=\"200\" \/>Finanziert durch Spenden, den Bund, Stiftungen und Sponsoren setzt ProSpecieRara in seinem gro\u00dfen Netzwerk verschiedene Projekte um. Zu den Tierprojekten geh\u00f6ren beispielsweise ein Projekthof f\u00fcr die gef\u00e4hrdete Vielfalt, der Erhalt alter Schweizer H\u00fchnerrassen, eine Tiervermittlungsplattform, die Erhaltung der Pommernente oder die Rettung der Saaser Mutten, einer Schafrasse.<\/p>\n<p>ProSpecieRara betreibt zahlreiche Pflanzenprojekte, darunter etwa:<\/p>\n<ul>\n<li>Forschungsprojekte zu Bohnen<\/li>\n<li>das Wildarboretum Seetal f\u00fcr seltene und wilde Obstsorten<\/li>\n<li>eine Samenbibliothek<\/li>\n<li>den Erhalt und die Vermarktung seltener Kartoffelsorten<\/li>\n<li>insektenfreundliche Zierpflanzen<\/li>\n<li>die Virensanierung von Bohnen<\/li>\n<\/ul>\n<p>Auch die Politik wird in die Projekte von ProSpecieRara eingebunden, um den Erhalt seltener Rassen und Sorten zu f\u00f6rdern. Regelm\u00e4\u00dfig organisiert die Organisation Veranstaltungen, darunter interessante F\u00fchrungen, Vortr\u00e4ge und Kurse, die \u00f6ffentlich zug\u00e4nglich sind.<\/p>\n<h2><span class=\"ez-toc-section\" id=\"ProSpecieRara_unterstuetzen_spenden_und_Sortenbetreuer_werden\"><\/span>ProSpecieRara unterst\u00fctzen: spenden und Sortenbetreuer werden<span class=\"ez-toc-section-end\"><\/span><\/h2>\n<p>M\u00f6chten Sie ProSpecieRara unterst\u00fctzen, k\u00f6nnen Sie spenden oder eine F\u00f6rdermitgliedschaft abschlie\u00dfen. Sie k\u00f6nnen auch selbst aktiv werden, indem Sie Sortenbetreuer werden. Sie nehmen an einem Samenbaukurs teil, um sich grundlegendes Wissen anzueignen. Um selbst die seltenen Sorten anzubauen, bestellen Sie ein Starterpaket mit Samen von Sorten, die sich leicht kultivieren lassen. Die Fr\u00fcchte der Pflanzen lassen Sie ausreifen, um Samen zu gewinnen. Von den Samen schicken Sie einen Teil an die Samenbibliothek von ProSpecieRara zur\u00fcck. Sie selbst k\u00f6nnen Samen behalten, um die Pflanzen weiterhin anzubauen.<\/p>\n<p>&nbsp;<\/p>\n","protected":false},"excerpt":{"rendered":"<p>ProSpecieRara ist eine Stiftung, die ihren Sitz in der Schweiz hat und zum Erhalt sowie zur F\u00f6rderung der genetischen Vielfalt in Flora und Fauna gegr\u00fcndet wurde. Ziel der Stiftung ist der Erhalt seltener und alter Pflanzensorten und Tierarten. Sie k\u00f6nnen mitmachen, indem Sie spenden oder zum ehrenamtlichen Sortenbetreuer werden. Was ist ProSpecieRara? ProSpecieRara wurde 1982 von Hans-Peter Gr\u00fcnenfelder im schweizerischen St. Gallen ins Leben gerufen und ist eine nicht-gewinnorientierte Stiftung. Im Fokus steht der Erhalt gef\u00e4hrdeter Nutztierrassen und standortspezifischer Kulturpflanzen, um sie vor dem Aussterben zu sch\u00fctzen. Die Stiftung f\u00f6rdert die genetische Vielfalt. Die Stiftung verf\u00fcgt \u00fcber ein Erhalternetzwerk mit ungef\u00e4hr 2.000 Personen, die seltene Pflanzen und Tiere z\u00fcchten und damit zum Erhalt beitragen. Inzwischen hat die Stiftung ihren Sitz in Basel. Sie betreibt einen Schau- und Vermehrungsgarten sowie eine Sameng\u00e4rtnerei. ProSpecieRara in Deutschland: seit 2011 aktiv In Deutschland hat ProSpecieRara seit 2011 eine Tochterorganisation. Die Stiftung ProSpecieRara gr\u00fcndete ihre deutsche Tochterorganisation zusammen mit der deutschen Stiftung Kaiserst\u00fchler Garten. Die deutsche Tochtergesellschaft ProSpecieRara gGmbH hat ihren Sitz in Freiburg im Breisgau und unterh\u00e4lt seit 2021 eine Zweigstelle in Sachsen. Die deutsche Stiftung finanziert sich aus Spenden der \u00f6ffentlichen Hand und privaten Stiftungen, aber auch durch den Wiederverkauf von Saatgut mit [&hellip;]<\/p>\n","protected":false},"author":11,"featured_media":16700,"comment_status":"open","ping_status":"open","sticky":false,"template":"","format":"standard","meta":{"_acf_changed":false,"footnotes":""},"categories":[1],"tags":[],"hersteller":[],"class_list":["post-10586","post","type-post","status-publish","format-standard","has-post-thumbnail","hentry","category-allgemein"],"acf":[],"yoast_head":"<!-- This site is optimized with the Yoast SEO plugin v27.4 - https:\/\/yoast.com\/product\/yoast-seo-wordpress\/ -->\n<title>ProSpecieRara: Stiftung zum Erhalt der genetischen Vielfalt - Samenhaus Gartenblog<\/title>\n<meta name=\"description\" content=\"Die Stiftung ProSpecieRara setzt sich zur Artenerhaltung von seltenen Pflanzen und Tieren ein. Die Stiftung hat ihren Sitz in der Schweiz.\" \/>\n<meta name=\"robots\" content=\"index, follow, max-snippet:-1, max-image-preview:large, max-video-preview:-1\" \/>\n<link rel=\"canonical\" href=\"https:\/\/www.samenhaus.de\/gartenblog\/prospecierara-stiftung-zum-erhalt-der-genetischen-vielfalt\" \/>\n<meta property=\"og:locale\" content=\"de_DE\" \/>\n<meta property=\"og:type\" content=\"article\" \/>\n<meta property=\"og:title\" content=\"ProSpecieRara: Stiftung zum Erhalt der genetischen Vielfalt - Samenhaus Gartenblog\" \/>\n<meta property=\"og:description\" content=\"Die Stiftung ProSpecieRara setzt sich zur Artenerhaltung von seltenen Pflanzen und Tieren ein. Die Stiftung hat ihren Sitz in der Schweiz.\" \/>\n<meta property=\"og:url\" content=\"https:\/\/www.samenhaus.de\/gartenblog\/prospecierara-stiftung-zum-erhalt-der-genetischen-vielfalt\" \/>\n<meta property=\"og:site_name\" content=\"Samenhaus Gartenblog\" \/>\n<meta property=\"article:publisher\" content=\"https:\/\/de-de.facebook.com\/samenhaus\" \/>\n<meta property=\"article:published_time\" content=\"2024-02-11T08:00:32+00:00\" \/>\n<meta property=\"og:image\" content=\"https:\/\/www.samenhaus.de\/gartenblog\/wp-content\/uploads\/2024\/02\/ProSpecieRara_489922090.jpg\" \/>\n\t<meta property=\"og:image:width\" content=\"1000\" \/>\n\t<meta property=\"og:image:height\" content=\"563\" \/>\n\t<meta property=\"og:image:type\" content=\"image\/jpeg\" \/>\n<meta name=\"author\" content=\"Sabine\" \/>\n<meta name=\"twitter:card\" content=\"summary_large_image\" \/>\n<meta name=\"twitter:creator\" content=\"@samenhaus\" \/>\n<meta name=\"twitter:site\" content=\"@samenhaus\" \/>\n<meta name=\"twitter:label1\" content=\"Verfasst von\" \/>\n\t<meta name=\"twitter:data1\" content=\"Sabine\" \/>\n\t<meta name=\"twitter:label2\" content=\"Gesch\u00e4tzte Lesezeit\" \/>\n\t<meta name=\"twitter:data2\" content=\"5\u00a0Minuten\" \/>\n<script type=\"application\/ld+json\" class=\"yoast-schema-graph\">{\"@context\":\"https:\\\/\\\/schema.org\",\"@graph\":[{\"@type\":\"Article\",\"@id\":\"https:\\\/\\\/www.samenhaus.de\\\/gartenblog\\\/prospecierara-stiftung-zum-erhalt-der-genetischen-vielfalt#article\",\"isPartOf\":{\"@id\":\"https:\\\/\\\/www.samenhaus.de\\\/gartenblog\\\/prospecierara-stiftung-zum-erhalt-der-genetischen-vielfalt\"},\"author\":{\"name\":\"Sabine\",\"@id\":\"https:\\\/\\\/www.samenhaus.de\\\/gartenblog\\\/#\\\/schema\\\/person\\\/e4c837ea32ec74c39497c1e69976fed5\"},\"headline\":\"ProSpecieRara: Stiftung zum Erhalt der genetischen Vielfalt\",\"datePublished\":\"2024-02-11T08:00:32+00:00\",\"mainEntityOfPage\":{\"@id\":\"https:\\\/\\\/www.samenhaus.de\\\/gartenblog\\\/prospecierara-stiftung-zum-erhalt-der-genetischen-vielfalt\"},\"wordCount\":707,\"commentCount\":0,\"publisher\":{\"@id\":\"https:\\\/\\\/www.samenhaus.de\\\/gartenblog\\\/#organization\"},\"image\":{\"@id\":\"https:\\\/\\\/www.samenhaus.de\\\/gartenblog\\\/prospecierara-stiftung-zum-erhalt-der-genetischen-vielfalt#primaryimage\"},\"thumbnailUrl\":\"https:\\\/\\\/www.samenhaus.de\\\/gartenblog\\\/wp-content\\\/uploads\\\/2024\\\/02\\\/ProSpecieRara_489922090.jpg\",\"inLanguage\":\"de\",\"potentialAction\":[{\"@type\":\"CommentAction\",\"name\":\"Comment\",\"target\":[\"https:\\\/\\\/www.samenhaus.de\\\/gartenblog\\\/prospecierara-stiftung-zum-erhalt-der-genetischen-vielfalt#respond\"]}],\"copyrightYear\":\"2024\",\"copyrightHolder\":{\"@id\":\"https:\\\/\\\/www.samenhaus.de\\\/gartenblog\\\/#organization\"}},{\"@type\":\"WebPage\",\"@id\":\"https:\\\/\\\/www.samenhaus.de\\\/gartenblog\\\/prospecierara-stiftung-zum-erhalt-der-genetischen-vielfalt\",\"url\":\"https:\\\/\\\/www.samenhaus.de\\\/gartenblog\\\/prospecierara-stiftung-zum-erhalt-der-genetischen-vielfalt\",\"name\":\"ProSpecieRara: Stiftung zum Erhalt der genetischen Vielfalt - Samenhaus Gartenblog\",\"isPartOf\":{\"@id\":\"https:\\\/\\\/www.samenhaus.de\\\/gartenblog\\\/#website\"},\"primaryImageOfPage\":{\"@id\":\"https:\\\/\\\/www.samenhaus.de\\\/gartenblog\\\/prospecierara-stiftung-zum-erhalt-der-genetischen-vielfalt#primaryimage\"},\"image\":{\"@id\":\"https:\\\/\\\/www.samenhaus.de\\\/gartenblog\\\/prospecierara-stiftung-zum-erhalt-der-genetischen-vielfalt#primaryimage\"},\"thumbnailUrl\":\"https:\\\/\\\/www.samenhaus.de\\\/gartenblog\\\/wp-content\\\/uploads\\\/2024\\\/02\\\/ProSpecieRara_489922090.jpg\",\"datePublished\":\"2024-02-11T08:00:32+00:00\",\"description\":\"Die Stiftung ProSpecieRara setzt sich zur Artenerhaltung von seltenen Pflanzen und Tieren ein. Die Stiftung hat ihren Sitz in der Schweiz.\",\"breadcrumb\":{\"@id\":\"https:\\\/\\\/www.samenhaus.de\\\/gartenblog\\\/prospecierara-stiftung-zum-erhalt-der-genetischen-vielfalt#breadcrumb\"},\"inLanguage\":\"de\",\"potentialAction\":[{\"@type\":\"ReadAction\",\"target\":[\"https:\\\/\\\/www.samenhaus.de\\\/gartenblog\\\/prospecierara-stiftung-zum-erhalt-der-genetischen-vielfalt\"]}]},{\"@type\":\"ImageObject\",\"inLanguage\":\"de\",\"@id\":\"https:\\\/\\\/www.samenhaus.de\\\/gartenblog\\\/prospecierara-stiftung-zum-erhalt-der-genetischen-vielfalt#primaryimage\",\"url\":\"https:\\\/\\\/www.samenhaus.de\\\/gartenblog\\\/wp-content\\\/uploads\\\/2024\\\/02\\\/ProSpecieRara_489922090.jpg\",\"contentUrl\":\"https:\\\/\\\/www.samenhaus.de\\\/gartenblog\\\/wp-content\\\/uploads\\\/2024\\\/02\\\/ProSpecieRara_489922090.jpg\",\"width\":1000,\"height\":563,\"caption\":\"ProSpecieRara\"},{\"@type\":\"BreadcrumbList\",\"@id\":\"https:\\\/\\\/www.samenhaus.de\\\/gartenblog\\\/prospecierara-stiftung-zum-erhalt-der-genetischen-vielfalt#breadcrumb\",\"itemListElement\":[{\"@type\":\"ListItem\",\"position\":1,\"name\":\"Startseite\",\"item\":\"https:\\\/\\\/www.samenhaus.de\\\/gartenblog\\\/\"},{\"@type\":\"ListItem\",\"position\":2,\"name\":\"ProSpecieRara: Stiftung zum Erhalt der genetischen Vielfalt\"}]},{\"@type\":\"WebSite\",\"@id\":\"https:\\\/\\\/www.samenhaus.de\\\/gartenblog\\\/#website\",\"url\":\"https:\\\/\\\/www.samenhaus.de\\\/gartenblog\\\/\",\"name\":\"Samenhaus Gartenblog\",\"description\":\"\",\"publisher\":{\"@id\":\"https:\\\/\\\/www.samenhaus.de\\\/gartenblog\\\/#organization\"},\"potentialAction\":[{\"@type\":\"SearchAction\",\"target\":{\"@type\":\"EntryPoint\",\"urlTemplate\":\"https:\\\/\\\/www.samenhaus.de\\\/gartenblog\\\/?s={search_term_string}\"},\"query-input\":{\"@type\":\"PropertyValueSpecification\",\"valueRequired\":true,\"valueName\":\"search_term_string\"}}],\"inLanguage\":\"de\"},{\"@type\":\"Organization\",\"@id\":\"https:\\\/\\\/www.samenhaus.de\\\/gartenblog\\\/#organization\",\"name\":\"Samenhaus.de Gartenblog\",\"url\":\"https:\\\/\\\/www.samenhaus.de\\\/gartenblog\\\/\",\"logo\":{\"@type\":\"ImageObject\",\"inLanguage\":\"de\",\"@id\":\"https:\\\/\\\/www.samenhaus.de\\\/gartenblog\\\/#\\\/schema\\\/logo\\\/image\\\/\",\"url\":\"https:\\\/\\\/www.samenhaus.de\\\/gartenblog\\\/wp-content\\\/uploads\\\/2020\\\/11\\\/logo.svg\",\"contentUrl\":\"https:\\\/\\\/www.samenhaus.de\\\/gartenblog\\\/wp-content\\\/uploads\\\/2020\\\/11\\\/logo.svg\",\"width\":1,\"height\":1,\"caption\":\"Samenhaus.de Gartenblog\"},\"image\":{\"@id\":\"https:\\\/\\\/www.samenhaus.de\\\/gartenblog\\\/#\\\/schema\\\/logo\\\/image\\\/\"},\"sameAs\":[\"https:\\\/\\\/de-de.facebook.com\\\/samenhaus\",\"https:\\\/\\\/x.com\\\/samenhaus\"]},{\"@type\":\"Person\",\"@id\":\"https:\\\/\\\/www.samenhaus.de\\\/gartenblog\\\/#\\\/schema\\\/person\\\/e4c837ea32ec74c39497c1e69976fed5\",\"name\":\"Sabine\",\"image\":{\"@type\":\"ImageObject\",\"inLanguage\":\"de\",\"@id\":\"https:\\\/\\\/www.samenhaus.de\\\/gartenblog\\\/wp-content\\\/uploads\\\/2026\\\/03\\\/sabine-150x150.png\",\"url\":\"https:\\\/\\\/www.samenhaus.de\\\/gartenblog\\\/wp-content\\\/uploads\\\/2026\\\/03\\\/sabine-150x150.png\",\"contentUrl\":\"https:\\\/\\\/www.samenhaus.de\\\/gartenblog\\\/wp-content\\\/uploads\\\/2026\\\/03\\\/sabine-150x150.png\",\"caption\":\"Sabine\"},\"description\":\"Sabine schreibt am liebsten \u00fcber Themen rund um den Selbstversorgergarten. Ob Gem\u00fcseanbau, Obstgarten, H\u00fchnerhaltung oder Konservierung und Verarbeitung, sie hat jede Menge eigene Erfahrung beizusteuern. Sie liebt es, den Blick \u00fcber die ersten zarten Pflanzen des Jahres schweifen zu lassen oder die gewaltige Ernte im Sommer und Herbst zu b\u00e4ndigen.\",\"url\":\"https:\\\/\\\/www.samenhaus.de\\\/gartenblog\\\/author\\\/sabine\"}]}<\/script>\n<!-- \/ Yoast SEO plugin. -->","yoast_head_json":{"title":"ProSpecieRara: Stiftung zum Erhalt der genetischen Vielfalt - Samenhaus Gartenblog","description":"Die Stiftung ProSpecieRara setzt sich zur Artenerhaltung von seltenen Pflanzen und Tieren ein. Die Stiftung hat ihren Sitz in der Schweiz.","robots":{"index":"index","follow":"follow","max-snippet":"max-snippet:-1","max-image-preview":"max-image-preview:large","max-video-preview":"max-video-preview:-1"},"canonical":"https:\/\/www.samenhaus.de\/gartenblog\/prospecierara-stiftung-zum-erhalt-der-genetischen-vielfalt","og_locale":"de_DE","og_type":"article","og_title":"ProSpecieRara: Stiftung zum Erhalt der genetischen Vielfalt - Samenhaus Gartenblog","og_description":"Die Stiftung ProSpecieRara setzt sich zur Artenerhaltung von seltenen Pflanzen und Tieren ein. Die Stiftung hat ihren Sitz in der Schweiz.","og_url":"https:\/\/www.samenhaus.de\/gartenblog\/prospecierara-stiftung-zum-erhalt-der-genetischen-vielfalt","og_site_name":"Samenhaus Gartenblog","article_publisher":"https:\/\/de-de.facebook.com\/samenhaus","article_published_time":"2024-02-11T08:00:32+00:00","og_image":[{"width":1000,"height":563,"url":"https:\/\/www.samenhaus.de\/gartenblog\/wp-content\/uploads\/2024\/02\/ProSpecieRara_489922090.jpg","type":"image\/jpeg"}],"author":"Sabine","twitter_card":"summary_large_image","twitter_creator":"@samenhaus","twitter_site":"@samenhaus","twitter_misc":{"Verfasst von":"Sabine","Gesch\u00e4tzte Lesezeit":"5\u00a0Minuten"},"schema":{"@context":"https:\/\/schema.org","@graph":[{"@type":"Article","@id":"https:\/\/www.samenhaus.de\/gartenblog\/prospecierara-stiftung-zum-erhalt-der-genetischen-vielfalt#article","isPartOf":{"@id":"https:\/\/www.samenhaus.de\/gartenblog\/prospecierara-stiftung-zum-erhalt-der-genetischen-vielfalt"},"author":{"name":"Sabine","@id":"https:\/\/www.samenhaus.de\/gartenblog\/#\/schema\/person\/e4c837ea32ec74c39497c1e69976fed5"},"headline":"ProSpecieRara: Stiftung zum Erhalt der genetischen Vielfalt","datePublished":"2024-02-11T08:00:32+00:00","mainEntityOfPage":{"@id":"https:\/\/www.samenhaus.de\/gartenblog\/prospecierara-stiftung-zum-erhalt-der-genetischen-vielfalt"},"wordCount":707,"commentCount":0,"publisher":{"@id":"https:\/\/www.samenhaus.de\/gartenblog\/#organization"},"image":{"@id":"https:\/\/www.samenhaus.de\/gartenblog\/prospecierara-stiftung-zum-erhalt-der-genetischen-vielfalt#primaryimage"},"thumbnailUrl":"https:\/\/www.samenhaus.de\/gartenblog\/wp-content\/uploads\/2024\/02\/ProSpecieRara_489922090.jpg","inLanguage":"de","potentialAction":[{"@type":"CommentAction","name":"Comment","target":["https:\/\/www.samenhaus.de\/gartenblog\/prospecierara-stiftung-zum-erhalt-der-genetischen-vielfalt#respond"]}],"copyrightYear":"2024","copyrightHolder":{"@id":"https:\/\/www.samenhaus.de\/gartenblog\/#organization"}},{"@type":"WebPage","@id":"https:\/\/www.samenhaus.de\/gartenblog\/prospecierara-stiftung-zum-erhalt-der-genetischen-vielfalt","url":"https:\/\/www.samenhaus.de\/gartenblog\/prospecierara-stiftung-zum-erhalt-der-genetischen-vielfalt","name":"ProSpecieRara: Stiftung zum Erhalt der genetischen Vielfalt - Samenhaus Gartenblog","isPartOf":{"@id":"https:\/\/www.samenhaus.de\/gartenblog\/#website"},"primaryImageOfPage":{"@id":"https:\/\/www.samenhaus.de\/gartenblog\/prospecierara-stiftung-zum-erhalt-der-genetischen-vielfalt#primaryimage"},"image":{"@id":"https:\/\/www.samenhaus.de\/gartenblog\/prospecierara-stiftung-zum-erhalt-der-genetischen-vielfalt#primaryimage"},"thumbnailUrl":"https:\/\/www.samenhaus.de\/gartenblog\/wp-content\/uploads\/2024\/02\/ProSpecieRara_489922090.jpg","datePublished":"2024-02-11T08:00:32+00:00","description":"Die Stiftung ProSpecieRara setzt sich zur Artenerhaltung von seltenen Pflanzen und Tieren ein. Die Stiftung hat ihren Sitz in der Schweiz.","breadcrumb":{"@id":"https:\/\/www.samenhaus.de\/gartenblog\/prospecierara-stiftung-zum-erhalt-der-genetischen-vielfalt#breadcrumb"},"inLanguage":"de","potentialAction":[{"@type":"ReadAction","target":["https:\/\/www.samenhaus.de\/gartenblog\/prospecierara-stiftung-zum-erhalt-der-genetischen-vielfalt"]}]},{"@type":"ImageObject","inLanguage":"de","@id":"https:\/\/www.samenhaus.de\/gartenblog\/prospecierara-stiftung-zum-erhalt-der-genetischen-vielfalt#primaryimage","url":"https:\/\/www.samenhaus.de\/gartenblog\/wp-content\/uploads\/2024\/02\/ProSpecieRara_489922090.jpg","contentUrl":"https:\/\/www.samenhaus.de\/gartenblog\/wp-content\/uploads\/2024\/02\/ProSpecieRara_489922090.jpg","width":1000,"height":563,"caption":"ProSpecieRara"},{"@type":"BreadcrumbList","@id":"https:\/\/www.samenhaus.de\/gartenblog\/prospecierara-stiftung-zum-erhalt-der-genetischen-vielfalt#breadcrumb","itemListElement":[{"@type":"ListItem","position":1,"name":"Startseite","item":"https:\/\/www.samenhaus.de\/gartenblog\/"},{"@type":"ListItem","position":2,"name":"ProSpecieRara: Stiftung zum Erhalt der genetischen Vielfalt"}]},{"@type":"WebSite","@id":"https:\/\/www.samenhaus.de\/gartenblog\/#website","url":"https:\/\/www.samenhaus.de\/gartenblog\/","name":"Samenhaus Gartenblog","description":"","publisher":{"@id":"https:\/\/www.samenhaus.de\/gartenblog\/#organization"},"potentialAction":[{"@type":"SearchAction","target":{"@type":"EntryPoint","urlTemplate":"https:\/\/www.samenhaus.de\/gartenblog\/?s={search_term_string}"},"query-input":{"@type":"PropertyValueSpecification","valueRequired":true,"valueName":"search_term_string"}}],"inLanguage":"de"},{"@type":"Organization","@id":"https:\/\/www.samenhaus.de\/gartenblog\/#organization","name":"Samenhaus.de Gartenblog","url":"https:\/\/www.samenhaus.de\/gartenblog\/","logo":{"@type":"ImageObject","inLanguage":"de","@id":"https:\/\/www.samenhaus.de\/gartenblog\/#\/schema\/logo\/image\/","url":"https:\/\/www.samenhaus.de\/gartenblog\/wp-content\/uploads\/2020\/11\/logo.svg","contentUrl":"https:\/\/www.samenhaus.de\/gartenblog\/wp-content\/uploads\/2020\/11\/logo.svg","width":1,"height":1,"caption":"Samenhaus.de Gartenblog"},"image":{"@id":"https:\/\/www.samenhaus.de\/gartenblog\/#\/schema\/logo\/image\/"},"sameAs":["https:\/\/de-de.facebook.com\/samenhaus","https:\/\/x.com\/samenhaus"]},{"@type":"Person","@id":"https:\/\/www.samenhaus.de\/gartenblog\/#\/schema\/person\/e4c837ea32ec74c39497c1e69976fed5","name":"Sabine","image":{"@type":"ImageObject","inLanguage":"de","@id":"https:\/\/www.samenhaus.de\/gartenblog\/wp-content\/uploads\/2026\/03\/sabine-150x150.png","url":"https:\/\/www.samenhaus.de\/gartenblog\/wp-content\/uploads\/2026\/03\/sabine-150x150.png","contentUrl":"https:\/\/www.samenhaus.de\/gartenblog\/wp-content\/uploads\/2026\/03\/sabine-150x150.png","caption":"Sabine"},"description":"Sabine schreibt am liebsten \u00fcber Themen rund um den Selbstversorgergarten. Ob Gem\u00fcseanbau, Obstgarten, H\u00fchnerhaltung oder Konservierung und Verarbeitung, sie hat jede Menge eigene Erfahrung beizusteuern. Sie liebt es, den Blick \u00fcber die ersten zarten Pflanzen des Jahres schweifen zu lassen oder die gewaltige Ernte im Sommer und Herbst zu b\u00e4ndigen.","url":"https:\/\/www.samenhaus.de\/gartenblog\/author\/sabine"}]}},"wp-worthy-pixel":{"ignored":false,"public":"c9b6e402c35245a0ab1272bd15b86fb8","server":"vg02.met.vgwort.de","url":"https:\/\/vg02.met.vgwort.de\/na\/c9b6e402c35245a0ab1272bd15b86fb8"},"wp-worthy-type":"normal","_links":{"self":[{"href":"https:\/\/www.samenhaus.de\/gartenblog\/wp-json\/wp\/v2\/posts\/10586","targetHints":{"allow":["GET"]}}],"collection":[{"href":"https:\/\/www.samenhaus.de\/gartenblog\/wp-json\/wp\/v2\/posts"}],"about":[{"href":"https:\/\/www.samenhaus.de\/gartenblog\/wp-json\/wp\/v2\/types\/post"}],"author":[{"embeddable":true,"href":"https:\/\/www.samenhaus.de\/gartenblog\/wp-json\/wp\/v2\/users\/11"}],"replies":[{"embeddable":true,"href":"https:\/\/www.samenhaus.de\/gartenblog\/wp-json\/wp\/v2\/comments?post=10586"}],"version-history":[{"count":5,"href":"https:\/\/www.samenhaus.de\/gartenblog\/wp-json\/wp\/v2\/posts\/10586\/revisions"}],"predecessor-version":[{"id":16701,"href":"https:\/\/www.samenhaus.de\/gartenblog\/wp-json\/wp\/v2\/posts\/10586\/revisions\/16701"}],"wp:featuredmedia":[{"embeddable":true,"href":"https:\/\/www.samenhaus.de\/gartenblog\/wp-json\/wp\/v2\/media\/16700"}],"wp:attachment":[{"href":"https:\/\/www.samenhaus.de\/gartenblog\/wp-json\/wp\/v2\/media?parent=10586"}],"wp:term":[{"taxonomy":"category","embeddable":true,"href":"https:\/\/www.samenhaus.de\/gartenblog\/wp-json\/wp\/v2\/categories?post=10586"},{"taxonomy":"post_tag","embeddable":true,"href":"https:\/\/www.samenhaus.de\/gartenblog\/wp-json\/wp\/v2\/tags?post=10586"},{"taxonomy":"hersteller","embeddable":true,"href":"https:\/\/www.samenhaus.de\/gartenblog\/wp-json\/wp\/v2\/hersteller?post=10586"}],"curies":[{"name":"wp","href":"https:\/\/api.w.org\/{rel}","templated":true}]}}