{"id":10605,"date":"2023-10-15T09:00:30","date_gmt":"2023-10-15T09:00:30","guid":{"rendered":"https:\/\/www.samenhaus.de\/gartenblog\/?p=10605"},"modified":"2023-10-13T11:17:54","modified_gmt":"2023-10-13T11:17:54","slug":"sommer-herbst-winterlauch-so-waehlen-sie-die-richtige-sorte","status":"publish","type":"post","link":"https:\/\/www.samenhaus.de\/gartenblog\/sommer-herbst-winterlauch-so-waehlen-sie-die-richtige-sorte","title":{"rendered":"Sommer-, Herbst-, Winterlauch: So w\u00e4hlen Sie die richtige Sorte"},"content":{"rendered":"<p>Lauch ist vielen Gartenfreunden auch unter der Bezeichnung Porree bekannt und eignet sich gut f\u00fcr den Anbau im Garten. Abh\u00e4ngig von der Zeit der Ernte werden Sommer-, Herbst- und Winterlauch unterschieden. Lauch l\u00e4sst sich gut aus Samen ziehen.<\/p>\n<h2><span class=\"ez-toc-section\" id=\"Verschiedene_Sorten_Lauch_Unterschiede_in_der_Zeit_der_Ernte\"><\/span>Verschiedene Sorten Lauch: Unterschiede in der Zeit der Ernte<span class=\"ez-toc-section-end\"><\/span><\/h2>\n<p>M\u00f6chten Sie Porree in Ihrem Garten anbauen und aus Samen ziehen, sollten Sie schon fr\u00fch mit der Aussaat beginnen. Die Sorten unterscheiden sich in der Erntezeit. Sommerlauch ist zwar schnell erntereif, doch ist er nicht robust genug, um bis in den Herbst im Beet zu bleiben. Anders sieht es bei Winterlauch aus, der Minusgrade gut vertr\u00e4gt.<\/p>\n<h3><span class=\"ez-toc-section\" id=\"Sommerlauch_schnelles_Wachstum_und_Ernte_im_Sommer\"><\/span>Sommerlauch: schnelles Wachstum und Ernte im Sommer<span class=\"ez-toc-section-end\"><\/span><\/h3>\n<p><img loading=\"lazy\" decoding=\"async\" class=\"alignleft wp-image-14821 size-thumbnail\" src=\"https:\/\/www.samenhaus.de\/gartenblog\/wp-content\/uploads\/2023\/10\/Porree_396705850-150x150.jpg\" alt=\"Sommerlauch\" width=\"150\" height=\"150\" srcset=\"https:\/\/www.samenhaus.de\/gartenblog\/wp-content\/uploads\/2023\/10\/Porree_396705850-150x150.jpg 150w, https:\/\/www.samenhaus.de\/gartenblog\/wp-content\/uploads\/2023\/10\/Porree_396705850-80x80.jpg 80w\" sizes=\"auto, (max-width: 150px) 100vw, 150px\" \/>M\u00f6chten Sie schon im Sommer Porree ernten und kommt es Ihnen auf ein schnelles Wachstum an, entscheiden Sie sich f\u00fcr Sommerlauch. Erfahren Sie mehr \u00fcber die verschiedenen Sorten:<\/p>\n<ul>\n<li><strong>Megaton:<\/strong> Megaton ist eine F1-Hybride, die mit langen Stielen \u00fcberzeugt und au\u00dferordentlich ertragreich ist. Die Sorte ist schnellw\u00fcchsig.<\/li>\n<li><strong>Bavaria:<\/strong> Bavaria hat gro\u00dfe Sch\u00e4fte mit einem hohen Wei\u00dfanteil. Ziehen Sie die Sorte am besten schon im zeitigen Fr\u00fchjahr vor, um im Sommer zu ernten. Die Sorte w\u00e4chst ziemlich schnell und eignet sich als Vorfrucht f\u00fcr andere, sp\u00e4tere Gem\u00fcsesorten.<\/li>\n<li><strong>Elefant:<\/strong> Elefant ist eine z\u00fcgig wachsende Sorte, die Sie vor dem ersten Frost ernten sollten, da sie ihn nicht vertr\u00e4gt. Die Sch\u00e4fte werden nicht besonders lang, sind daf\u00fcr aber ziemlich dick.<\/li>\n<li><strong>Fr\u00fcher Riese:<\/strong> Fr\u00fcher Riese ist im Volksmund auch als Major bekannt und w\u00e4chst schnell. Die Sorte bringt lange, saftige Sch\u00e4fte hervor und w\u00e4chst schnell. Auch diese Sorte sollten Sie vorziehen, um sie als Vorfrucht f\u00fcr andere Gem\u00fcsesorten zu nutzen und fr\u00fchzeitig zu ernten.<\/li>\n<\/ul>\n<h3><span class=\"ez-toc-section\" id=\"Herbstlauch_Gute_Auswahl_an_ertragreichen_Sorten\"><\/span>Herbstlauch: Gute Auswahl an ertragreichen Sorten<span class=\"ez-toc-section-end\"><\/span><\/h3>\n<p><img loading=\"lazy\" decoding=\"async\" class=\"alignleft wp-image-14819 size-thumbnail\" src=\"https:\/\/www.samenhaus.de\/gartenblog\/wp-content\/uploads\/2023\/10\/Porree_9519335-150x150.jpg\" alt=\"Herbtslauch\" width=\"150\" height=\"150\" srcset=\"https:\/\/www.samenhaus.de\/gartenblog\/wp-content\/uploads\/2023\/10\/Porree_9519335-150x150.jpg 150w, https:\/\/www.samenhaus.de\/gartenblog\/wp-content\/uploads\/2023\/10\/Porree_9519335-80x80.jpg 80w\" sizes=\"auto, (max-width: 150px) 100vw, 150px\" \/>Die Palette an Sorten von Herbstlauch ist sehr breit gef\u00e4chert. Er ist frostresistenter als Sommerlauch, sollte aber nicht bis in den Winter hinein im Beet bleiben. Die meisten Sorten sind ertragreich:<\/p>\n<ul>\n<li><strong>Pluston:<\/strong> Pluston ist eine neue Sorte und eine F1-Hybride. Die Sorte ist recht ertragreich und bildet l\u00e4ngliche, mitteldicke Sch\u00e4fte aus.<\/li>\n<li><strong>D&#8217;Elbeuf:<\/strong> D&#8217;Elbeuf kommt aus Frankreich und w\u00e4chst rasant. Die Sch\u00e4fte sind etwas dicker, aber daf\u00fcr k\u00fcrzer. Die Sorte mit den blaugr\u00fcnen Bl\u00e4ttern bringt gute und sichere Ertr\u00e4ge und hat einen ausgezeichneten Geschmack.<\/li>\n<li><a href=\"https:\/\/www.samenhaus.de\/search?query=herbstlauch%20blaugr%C3%BCner%20herbst\" target=\"_blank\" rel=\"noopener\"><strong>Blaugr\u00fcner Herbst:<\/strong><\/a> Blaugr\u00fcner Herbst ist eine bew\u00e4hrte Sorte mit hervorragenden Ertr\u00e4gen, die bis zu 30 Zentimeter lange Sch\u00e4fte ausbildet. Andere Bezeichnungen daf\u00fcr sind Ideal Lauch oder Pandora.<\/li>\n<li><strong>Tenor:<\/strong> Aus Frankreich stammt die Sorte Tenor, die hohe Ertr\u00e4ge liefert und sich bei Frost robust pr\u00e4sentiert. Die Sorte bildet gute Sch\u00e4fte aus, die an der Grundfl\u00e4che eine einfache Zwiebel haben. Sie zeichnet sich durch einen hervorragenden Geschmack aus.<\/li>\n<li><strong>Hannibal:<\/strong> Hannibal ist eine schnellw\u00fcchsige Herbstsorte mit mittellangen und recht dicken Sch\u00e4ften. Oberhalb des Wurzelballens haben die Sch\u00e4fte eine dezente Zwiebelform.<\/li>\n<li><strong>Furor:<\/strong> Auch Furor stammt aus Frankreich und macht Furore mit seinen \u00e4u\u00dferst zarten, schneewei\u00dfen und schmackhaften Sch\u00e4ften. Unter guten Bedingungen werden die Sch\u00e4fte mittellang.<\/li>\n<li><strong>Porbella:<\/strong> Porbella ist eine weitere Sorte aus Frankreich, die Sie im Herbst ernten und die frostbest\u00e4ndig ist. Die wei\u00dfen Sch\u00e4fte werden ziemlich lang. Die Sorte bringt dezent blaustichiges Blattwerk hervor.<\/li>\n<li><a href=\"https:\/\/www.samenhaus.de\/search?query=herbstlauch%20herbstriese\" target=\"_blank\" rel=\"noopener\"><strong>Herbstriese<\/strong> <\/a><strong>2:<\/strong> Herbstriese 2 bringt \u00e4u\u00dferst lange, wei\u00dfe Sch\u00e4fte hervor und ist daher eine beliebte Sorte. Die ertragreiche Sorte mit dem hervorragenden Geschmack ernten Sie \u00fcber viele Wochen.<\/li>\n<\/ul>\n<h3><span class=\"ez-toc-section\" id=\"Winterlauch_lange_Ernte_und_Resistenz_gegen_Frost\"><\/span>Winterlauch: lange Ernte und Resistenz gegen Frost<span class=\"ez-toc-section-end\"><\/span><\/h3>\n<p><img loading=\"lazy\" decoding=\"async\" class=\"alignleft wp-image-14822 size-thumbnail\" src=\"https:\/\/www.samenhaus.de\/gartenblog\/wp-content\/uploads\/2023\/10\/Porree_441810986-150x150.jpg\" alt=\"Winterlauch\" width=\"150\" height=\"150\" srcset=\"https:\/\/www.samenhaus.de\/gartenblog\/wp-content\/uploads\/2023\/10\/Porree_441810986-150x150.jpg 150w, https:\/\/www.samenhaus.de\/gartenblog\/wp-content\/uploads\/2023\/10\/Porree_441810986-80x80.jpg 80w\" sizes=\"auto, (max-width: 150px) 100vw, 150px\" \/>Robust gegen Fr\u00f6ste sind die Sorten von Winterlauch, die Sie bis in den Winter hinein ernten k\u00f6nnen. Viele dieser Sorten bringen dicke Sch\u00e4fte hervor. M\u00f6chten Sie noch lange Lauch ernten, h\u00e4ufeln Sie die Stangen an und bedecken die Erde mit einer Mulchschicht aus Laub. Empfehlenswert sind diese Lauchsorten:<\/p>\n<ul>\n<li><strong>Winterriesen 2:<\/strong> Winterriesen 2 stammt aus Frankreich und ist dort auch unter dem Namen Vernor bekannt. Die mittellangen Sch\u00e4fte sind dick, wei\u00df und schmackhaft. Die Sorte ist resistent gegen Krankheiten und vertr\u00e4gt auch tiefere Minusgrade.<\/li>\n<li><strong>Blaugr\u00fcner Winter:<\/strong> Blaugr\u00fcner Winter ist auch unter den Namen Farinto oder Eskimo bekannt und hat lange, recht dicke Sch\u00e4fte. Die extrem winterharte Sorte hat einen hervorragenden Geschmack. In milden Wintern oder bei einem guten, gesch\u00fctzten Standort ernten Sie die Sorte von Oktober bis in den M\u00e4rz hinein.<\/li>\n<li><strong>De Carentan 2:<\/strong> De Carentan 2 ist eine altbew\u00e4hrte Sorte, die extrem frostbest\u00e4ndig ist. Die Sch\u00e4fte werden mittellang.<\/li>\n<li><strong>Bleu Solaise:<\/strong> Bleu Solaise stammt aus Frankreich, ist frosthart und extrem robust. Die mittellangen Sch\u00e4fte sind dick und bilden an der Grundfl\u00e4che eine leichte Zwiebel aus. Das Blattwerk hat eine bl\u00e4uliche Farbe.<\/li>\n<li><strong>Forrest:<\/strong> Forrest ist eine extrem winterharte und robuste Sorte, die dicke und l\u00e4ngliche Sch\u00e4fte hervorbringt. Die Sorte hat einen guten Geschmack und eine feine Textur. Die Sorte k\u00f6nnen Sie gut vorziehen und sp\u00e4ter auspflanzen. Noch bis in den April des Folgejahres k\u00f6nnen Sie ernten.<\/li>\n<li><strong>D&#8217;hiver de Saint Victor:<\/strong> Diese Sorte eignet sich f\u00fcr die Ernte im Herbst und Winter. Die Sch\u00e4fte sind \u00e4u\u00dferst dick und haben ein hervorragendes Aroma. Sie sind etwas k\u00fcrzer. Die Sorte ist in Deutschland auch als Siegfried bekannt.<\/li>\n<li><strong>Gigante De Inverno 2:<\/strong> Gigante De Inverno 2 ist eine italienische Sorte, die in Deutschland auch als Wintergigant bekannt ist. Die Sorte ist frostbest\u00e4ndig und bildet dicke, l\u00e4ngliche Sch\u00e4fte aus. \u00dcber der Wurzel weisen die Sch\u00e4fte eine leichte Zwiebelrundung auf.<\/li>\n<\/ul>\n<h2><span class=\"ez-toc-section\" id=\"Kaufberatung_Achten_Sie_bei_der_Auswahl_auf_diese_Eigenschaften\"><\/span>Kaufberatung: Achten Sie bei der Auswahl auf diese Eigenschaften<span class=\"ez-toc-section-end\"><\/span><\/h2>\n<p><img loading=\"lazy\" decoding=\"async\" class=\"size-full wp-image-14823 alignright\" src=\"https:\/\/www.samenhaus.de\/gartenblog\/wp-content\/uploads\/2023\/10\/Porree_474998580.jpg\" alt=\"Lauch Jungpflanzen\" width=\"300\" height=\"200\" \/>M\u00f6chten Sie <a href=\"https:\/\/www.samenhaus.de\/lauchsamen\" target=\"_blank\" rel=\"noopener\">Lauchsamen kaufen<\/a>, \u00fcberlegen Sie, welche Kriterien Ihnen wichtig sind. Neben der Zeit der Ernte kommt es auch auf hohe Ertr\u00e4ge, einen guten Geschmack und bei Winterlauch auf eine lange Ernteperiode an. Auch Robustheit sowie Resistenz gegen Krankheiten sind wichtig.<\/p>\n<h3><span class=\"ez-toc-section\" id=\"Hohe_Ertraege\"><\/span>Hohe Ertr\u00e4ge<span class=\"ez-toc-section-end\"><\/span><\/h3>\n<p>W\u00fcnschen Sie sich hohe Ertr\u00e4ge, kaufen Sie<\/p>\n<ul>\n<li>Megaton oder Bavaria als Sommerlauch,<\/li>\n<li>D&#8217;Elbeuf, Blaugr\u00fcner Herbst, Tenor oder Herbstriese 2 als Herbstlauch sowie<\/li>\n<li>Forrest als Wintersorte.<\/li>\n<\/ul>\n<h3><span class=\"ez-toc-section\" id=\"Guter_Geschmack\"><\/span>Guter Geschmack<span class=\"ez-toc-section-end\"><\/span><\/h3>\n<p>Steht f\u00fcr Sie der gute Geschmack im Vordergrund, entscheiden Sie sich f\u00fcr<\/p>\n<ul>\n<li>Fr\u00fcher Riese oder Bavaria als Sommerlauch,<\/li>\n<li>D&#8217;Elbeuf, Tenor, Furor oder Herbstriese 2 als Herbstsorten sowie<\/li>\n<li>D&#8217;hiver de Saint Victor, Forrest oder Blaugr\u00fcner Winter als Wintersorten.<\/li>\n<\/ul>\n<h3><span class=\"ez-toc-section\" id=\"Lange_Ernteperiode\"><\/span>Lange Ernteperiode<span class=\"ez-toc-section-end\"><\/span><\/h3>\n<p>M\u00f6chten Sie Winterlauch \u00fcber lange Zeit ernten, eignen sich die Sorten Blaugr\u00fcner Winter und Forrest.<\/p>\n<h3><span class=\"ez-toc-section\" id=\"Resistenz_und_Robustheit\"><\/span>Resistenz und Robustheit<span class=\"ez-toc-section-end\"><\/span><\/h3>\n<p>Sind Ihnen Robustheit und Resistenz gegen Krankheiten wichtig, sollten Sie sich f\u00fcr Winterlauch entscheiden. Gut geeignet sind die Sorten Winterriesen 2, Bleu Solaise oder Forrest.<\/p>\n<p>&nbsp;<\/p>\n","protected":false},"excerpt":{"rendered":"<p>Lauch ist vielen Gartenfreunden auch unter der Bezeichnung Porree bekannt und eignet sich gut f\u00fcr den Anbau im Garten. Abh\u00e4ngig von der Zeit der Ernte werden Sommer-, Herbst- und Winterlauch unterschieden. Lauch l\u00e4sst sich gut aus Samen ziehen. Verschiedene Sorten Lauch: Unterschiede in der Zeit der Ernte M\u00f6chten Sie Porree in Ihrem Garten anbauen und aus Samen ziehen, sollten Sie schon fr\u00fch mit der Aussaat beginnen. Die Sorten unterscheiden sich in der Erntezeit. Sommerlauch ist zwar schnell erntereif, doch ist er nicht robust genug, um bis in den Herbst im Beet zu bleiben. Anders sieht es bei Winterlauch aus, der Minusgrade gut vertr\u00e4gt. Sommerlauch: schnelles Wachstum und Ernte im Sommer M\u00f6chten Sie schon im Sommer Porree ernten und kommt es Ihnen auf ein schnelles Wachstum an, entscheiden Sie sich f\u00fcr Sommerlauch. Erfahren Sie mehr \u00fcber die verschiedenen Sorten: Megaton: Megaton ist eine F1-Hybride, die mit langen Stielen \u00fcberzeugt und au\u00dferordentlich ertragreich ist. Die Sorte ist schnellw\u00fcchsig. Bavaria: Bavaria hat gro\u00dfe Sch\u00e4fte mit einem hohen Wei\u00dfanteil. Ziehen Sie die Sorte am besten schon im zeitigen Fr\u00fchjahr vor, um im Sommer zu ernten. Die Sorte w\u00e4chst ziemlich schnell und eignet sich als Vorfrucht f\u00fcr andere, sp\u00e4tere Gem\u00fcsesorten. Elefant: Elefant ist eine z\u00fcgig [&hellip;]<\/p>\n","protected":false},"author":11,"featured_media":14820,"comment_status":"open","ping_status":"open","sticky":false,"template":"","format":"standard","meta":{"_acf_changed":false,"footnotes":""},"categories":[6],"tags":[],"hersteller":[],"class_list":["post-10605","post","type-post","status-publish","format-standard","has-post-thumbnail","hentry","category-gemuese"],"acf":[],"yoast_head":"<!-- This site is optimized with the Yoast SEO plugin v27.4 - https:\/\/yoast.com\/product\/yoast-seo-wordpress\/ -->\n<title>Sommer-, Herbst-, Winterlauch: So w\u00e4hlen Sie die richtige Sorte - Samenhaus Gartenblog<\/title>\n<meta name=\"description\" content=\"Porree macht sich gut in Salat, abert auch als Pfannengem\u00fcse. Mit der Aussaat von Lauch sollte zeitig begonnen werden.\" \/>\n<meta name=\"robots\" content=\"index, follow, max-snippet:-1, max-image-preview:large, max-video-preview:-1\" \/>\n<link rel=\"canonical\" href=\"https:\/\/www.samenhaus.de\/gartenblog\/sommer-herbst-winterlauch-so-waehlen-sie-die-richtige-sorte\" \/>\n<meta property=\"og:locale\" content=\"de_DE\" \/>\n<meta property=\"og:type\" content=\"article\" \/>\n<meta property=\"og:title\" content=\"Sommer-, Herbst-, Winterlauch: So w\u00e4hlen Sie die richtige Sorte - Samenhaus Gartenblog\" \/>\n<meta property=\"og:description\" content=\"Porree macht sich gut in Salat, abert auch als Pfannengem\u00fcse. Mit der Aussaat von Lauch sollte zeitig begonnen werden.\" \/>\n<meta property=\"og:url\" content=\"https:\/\/www.samenhaus.de\/gartenblog\/sommer-herbst-winterlauch-so-waehlen-sie-die-richtige-sorte\" \/>\n<meta property=\"og:site_name\" content=\"Samenhaus Gartenblog\" \/>\n<meta property=\"article:publisher\" content=\"https:\/\/de-de.facebook.com\/samenhaus\" \/>\n<meta property=\"article:published_time\" content=\"2023-10-15T09:00:30+00:00\" \/>\n<meta property=\"og:image\" content=\"https:\/\/www.samenhaus.de\/gartenblog\/wp-content\/uploads\/2023\/10\/Porree_287855689.jpg\" \/>\n\t<meta property=\"og:image:width\" content=\"750\" \/>\n\t<meta property=\"og:image:height\" content=\"500\" \/>\n\t<meta property=\"og:image:type\" content=\"image\/jpeg\" \/>\n<meta name=\"author\" content=\"Sabine\" \/>\n<meta name=\"twitter:card\" content=\"summary_large_image\" \/>\n<meta name=\"twitter:creator\" content=\"@samenhaus\" \/>\n<meta name=\"twitter:site\" content=\"@samenhaus\" \/>\n<meta name=\"twitter:label1\" content=\"Verfasst von\" \/>\n\t<meta name=\"twitter:data1\" content=\"Sabine\" \/>\n\t<meta name=\"twitter:label2\" content=\"Gesch\u00e4tzte Lesezeit\" \/>\n\t<meta name=\"twitter:data2\" content=\"7\u00a0Minuten\" \/>\n<script type=\"application\/ld+json\" class=\"yoast-schema-graph\">{\"@context\":\"https:\\\/\\\/schema.org\",\"@graph\":[{\"@type\":\"Article\",\"@id\":\"https:\\\/\\\/www.samenhaus.de\\\/gartenblog\\\/sommer-herbst-winterlauch-so-waehlen-sie-die-richtige-sorte#article\",\"isPartOf\":{\"@id\":\"https:\\\/\\\/www.samenhaus.de\\\/gartenblog\\\/sommer-herbst-winterlauch-so-waehlen-sie-die-richtige-sorte\"},\"author\":{\"name\":\"Sabine\",\"@id\":\"https:\\\/\\\/www.samenhaus.de\\\/gartenblog\\\/#\\\/schema\\\/person\\\/e4c837ea32ec74c39497c1e69976fed5\"},\"headline\":\"Sommer-, Herbst-, Winterlauch: So w\u00e4hlen Sie die richtige Sorte\",\"datePublished\":\"2023-10-15T09:00:30+00:00\",\"mainEntityOfPage\":{\"@id\":\"https:\\\/\\\/www.samenhaus.de\\\/gartenblog\\\/sommer-herbst-winterlauch-so-waehlen-sie-die-richtige-sorte\"},\"wordCount\":1111,\"commentCount\":0,\"publisher\":{\"@id\":\"https:\\\/\\\/www.samenhaus.de\\\/gartenblog\\\/#organization\"},\"image\":{\"@id\":\"https:\\\/\\\/www.samenhaus.de\\\/gartenblog\\\/sommer-herbst-winterlauch-so-waehlen-sie-die-richtige-sorte#primaryimage\"},\"thumbnailUrl\":\"https:\\\/\\\/www.samenhaus.de\\\/gartenblog\\\/wp-content\\\/uploads\\\/2023\\\/10\\\/Porree_287855689.jpg\",\"articleSection\":[\"Gem\u00fcse\"],\"inLanguage\":\"de\",\"potentialAction\":[{\"@type\":\"CommentAction\",\"name\":\"Comment\",\"target\":[\"https:\\\/\\\/www.samenhaus.de\\\/gartenblog\\\/sommer-herbst-winterlauch-so-waehlen-sie-die-richtige-sorte#respond\"]}],\"copyrightYear\":\"2023\",\"copyrightHolder\":{\"@id\":\"https:\\\/\\\/www.samenhaus.de\\\/gartenblog\\\/#organization\"}},{\"@type\":\"WebPage\",\"@id\":\"https:\\\/\\\/www.samenhaus.de\\\/gartenblog\\\/sommer-herbst-winterlauch-so-waehlen-sie-die-richtige-sorte\",\"url\":\"https:\\\/\\\/www.samenhaus.de\\\/gartenblog\\\/sommer-herbst-winterlauch-so-waehlen-sie-die-richtige-sorte\",\"name\":\"Sommer-, Herbst-, Winterlauch: So w\u00e4hlen Sie die richtige Sorte - Samenhaus Gartenblog\",\"isPartOf\":{\"@id\":\"https:\\\/\\\/www.samenhaus.de\\\/gartenblog\\\/#website\"},\"primaryImageOfPage\":{\"@id\":\"https:\\\/\\\/www.samenhaus.de\\\/gartenblog\\\/sommer-herbst-winterlauch-so-waehlen-sie-die-richtige-sorte#primaryimage\"},\"image\":{\"@id\":\"https:\\\/\\\/www.samenhaus.de\\\/gartenblog\\\/sommer-herbst-winterlauch-so-waehlen-sie-die-richtige-sorte#primaryimage\"},\"thumbnailUrl\":\"https:\\\/\\\/www.samenhaus.de\\\/gartenblog\\\/wp-content\\\/uploads\\\/2023\\\/10\\\/Porree_287855689.jpg\",\"datePublished\":\"2023-10-15T09:00:30+00:00\",\"description\":\"Porree macht sich gut in Salat, abert auch als Pfannengem\u00fcse. Mit der Aussaat von Lauch sollte zeitig begonnen werden.\",\"breadcrumb\":{\"@id\":\"https:\\\/\\\/www.samenhaus.de\\\/gartenblog\\\/sommer-herbst-winterlauch-so-waehlen-sie-die-richtige-sorte#breadcrumb\"},\"inLanguage\":\"de\",\"potentialAction\":[{\"@type\":\"ReadAction\",\"target\":[\"https:\\\/\\\/www.samenhaus.de\\\/gartenblog\\\/sommer-herbst-winterlauch-so-waehlen-sie-die-richtige-sorte\"]}]},{\"@type\":\"ImageObject\",\"inLanguage\":\"de\",\"@id\":\"https:\\\/\\\/www.samenhaus.de\\\/gartenblog\\\/sommer-herbst-winterlauch-so-waehlen-sie-die-richtige-sorte#primaryimage\",\"url\":\"https:\\\/\\\/www.samenhaus.de\\\/gartenblog\\\/wp-content\\\/uploads\\\/2023\\\/10\\\/Porree_287855689.jpg\",\"contentUrl\":\"https:\\\/\\\/www.samenhaus.de\\\/gartenblog\\\/wp-content\\\/uploads\\\/2023\\\/10\\\/Porree_287855689.jpg\",\"width\":750,\"height\":500,\"caption\":\"Porree\"},{\"@type\":\"BreadcrumbList\",\"@id\":\"https:\\\/\\\/www.samenhaus.de\\\/gartenblog\\\/sommer-herbst-winterlauch-so-waehlen-sie-die-richtige-sorte#breadcrumb\",\"itemListElement\":[{\"@type\":\"ListItem\",\"position\":1,\"name\":\"Startseite\",\"item\":\"https:\\\/\\\/www.samenhaus.de\\\/gartenblog\\\/\"},{\"@type\":\"ListItem\",\"position\":2,\"name\":\"Sommer-, Herbst-, Winterlauch: So w\u00e4hlen Sie die richtige Sorte\"}]},{\"@type\":\"WebSite\",\"@id\":\"https:\\\/\\\/www.samenhaus.de\\\/gartenblog\\\/#website\",\"url\":\"https:\\\/\\\/www.samenhaus.de\\\/gartenblog\\\/\",\"name\":\"Samenhaus Gartenblog\",\"description\":\"\",\"publisher\":{\"@id\":\"https:\\\/\\\/www.samenhaus.de\\\/gartenblog\\\/#organization\"},\"potentialAction\":[{\"@type\":\"SearchAction\",\"target\":{\"@type\":\"EntryPoint\",\"urlTemplate\":\"https:\\\/\\\/www.samenhaus.de\\\/gartenblog\\\/?s={search_term_string}\"},\"query-input\":{\"@type\":\"PropertyValueSpecification\",\"valueRequired\":true,\"valueName\":\"search_term_string\"}}],\"inLanguage\":\"de\"},{\"@type\":\"Organization\",\"@id\":\"https:\\\/\\\/www.samenhaus.de\\\/gartenblog\\\/#organization\",\"name\":\"Samenhaus.de Gartenblog\",\"url\":\"https:\\\/\\\/www.samenhaus.de\\\/gartenblog\\\/\",\"logo\":{\"@type\":\"ImageObject\",\"inLanguage\":\"de\",\"@id\":\"https:\\\/\\\/www.samenhaus.de\\\/gartenblog\\\/#\\\/schema\\\/logo\\\/image\\\/\",\"url\":\"https:\\\/\\\/www.samenhaus.de\\\/gartenblog\\\/wp-content\\\/uploads\\\/2020\\\/11\\\/logo.svg\",\"contentUrl\":\"https:\\\/\\\/www.samenhaus.de\\\/gartenblog\\\/wp-content\\\/uploads\\\/2020\\\/11\\\/logo.svg\",\"width\":1,\"height\":1,\"caption\":\"Samenhaus.de Gartenblog\"},\"image\":{\"@id\":\"https:\\\/\\\/www.samenhaus.de\\\/gartenblog\\\/#\\\/schema\\\/logo\\\/image\\\/\"},\"sameAs\":[\"https:\\\/\\\/de-de.facebook.com\\\/samenhaus\",\"https:\\\/\\\/x.com\\\/samenhaus\"]},{\"@type\":\"Person\",\"@id\":\"https:\\\/\\\/www.samenhaus.de\\\/gartenblog\\\/#\\\/schema\\\/person\\\/e4c837ea32ec74c39497c1e69976fed5\",\"name\":\"Sabine\",\"image\":{\"@type\":\"ImageObject\",\"inLanguage\":\"de\",\"@id\":\"https:\\\/\\\/www.samenhaus.de\\\/gartenblog\\\/wp-content\\\/uploads\\\/2026\\\/03\\\/sabine-150x150.png\",\"url\":\"https:\\\/\\\/www.samenhaus.de\\\/gartenblog\\\/wp-content\\\/uploads\\\/2026\\\/03\\\/sabine-150x150.png\",\"contentUrl\":\"https:\\\/\\\/www.samenhaus.de\\\/gartenblog\\\/wp-content\\\/uploads\\\/2026\\\/03\\\/sabine-150x150.png\",\"caption\":\"Sabine\"},\"description\":\"Sabine schreibt am liebsten \u00fcber Themen rund um den Selbstversorgergarten. Ob Gem\u00fcseanbau, Obstgarten, H\u00fchnerhaltung oder Konservierung und Verarbeitung, sie hat jede Menge eigene Erfahrung beizusteuern. Sie liebt es, den Blick \u00fcber die ersten zarten Pflanzen des Jahres schweifen zu lassen oder die gewaltige Ernte im Sommer und Herbst zu b\u00e4ndigen.\",\"url\":\"https:\\\/\\\/www.samenhaus.de\\\/gartenblog\\\/author\\\/sabine\"}]}<\/script>\n<!-- \/ Yoast SEO plugin. -->","yoast_head_json":{"title":"Sommer-, Herbst-, Winterlauch: So w\u00e4hlen Sie die richtige Sorte - Samenhaus Gartenblog","description":"Porree macht sich gut in Salat, abert auch als Pfannengem\u00fcse. Mit der Aussaat von Lauch sollte zeitig begonnen werden.","robots":{"index":"index","follow":"follow","max-snippet":"max-snippet:-1","max-image-preview":"max-image-preview:large","max-video-preview":"max-video-preview:-1"},"canonical":"https:\/\/www.samenhaus.de\/gartenblog\/sommer-herbst-winterlauch-so-waehlen-sie-die-richtige-sorte","og_locale":"de_DE","og_type":"article","og_title":"Sommer-, Herbst-, Winterlauch: So w\u00e4hlen Sie die richtige Sorte - Samenhaus Gartenblog","og_description":"Porree macht sich gut in Salat, abert auch als Pfannengem\u00fcse. Mit der Aussaat von Lauch sollte zeitig begonnen werden.","og_url":"https:\/\/www.samenhaus.de\/gartenblog\/sommer-herbst-winterlauch-so-waehlen-sie-die-richtige-sorte","og_site_name":"Samenhaus Gartenblog","article_publisher":"https:\/\/de-de.facebook.com\/samenhaus","article_published_time":"2023-10-15T09:00:30+00:00","og_image":[{"width":750,"height":500,"url":"https:\/\/www.samenhaus.de\/gartenblog\/wp-content\/uploads\/2023\/10\/Porree_287855689.jpg","type":"image\/jpeg"}],"author":"Sabine","twitter_card":"summary_large_image","twitter_creator":"@samenhaus","twitter_site":"@samenhaus","twitter_misc":{"Verfasst von":"Sabine","Gesch\u00e4tzte Lesezeit":"7\u00a0Minuten"},"schema":{"@context":"https:\/\/schema.org","@graph":[{"@type":"Article","@id":"https:\/\/www.samenhaus.de\/gartenblog\/sommer-herbst-winterlauch-so-waehlen-sie-die-richtige-sorte#article","isPartOf":{"@id":"https:\/\/www.samenhaus.de\/gartenblog\/sommer-herbst-winterlauch-so-waehlen-sie-die-richtige-sorte"},"author":{"name":"Sabine","@id":"https:\/\/www.samenhaus.de\/gartenblog\/#\/schema\/person\/e4c837ea32ec74c39497c1e69976fed5"},"headline":"Sommer-, Herbst-, Winterlauch: So w\u00e4hlen Sie die richtige Sorte","datePublished":"2023-10-15T09:00:30+00:00","mainEntityOfPage":{"@id":"https:\/\/www.samenhaus.de\/gartenblog\/sommer-herbst-winterlauch-so-waehlen-sie-die-richtige-sorte"},"wordCount":1111,"commentCount":0,"publisher":{"@id":"https:\/\/www.samenhaus.de\/gartenblog\/#organization"},"image":{"@id":"https:\/\/www.samenhaus.de\/gartenblog\/sommer-herbst-winterlauch-so-waehlen-sie-die-richtige-sorte#primaryimage"},"thumbnailUrl":"https:\/\/www.samenhaus.de\/gartenblog\/wp-content\/uploads\/2023\/10\/Porree_287855689.jpg","articleSection":["Gem\u00fcse"],"inLanguage":"de","potentialAction":[{"@type":"CommentAction","name":"Comment","target":["https:\/\/www.samenhaus.de\/gartenblog\/sommer-herbst-winterlauch-so-waehlen-sie-die-richtige-sorte#respond"]}],"copyrightYear":"2023","copyrightHolder":{"@id":"https:\/\/www.samenhaus.de\/gartenblog\/#organization"}},{"@type":"WebPage","@id":"https:\/\/www.samenhaus.de\/gartenblog\/sommer-herbst-winterlauch-so-waehlen-sie-die-richtige-sorte","url":"https:\/\/www.samenhaus.de\/gartenblog\/sommer-herbst-winterlauch-so-waehlen-sie-die-richtige-sorte","name":"Sommer-, Herbst-, Winterlauch: So w\u00e4hlen Sie die richtige Sorte - Samenhaus Gartenblog","isPartOf":{"@id":"https:\/\/www.samenhaus.de\/gartenblog\/#website"},"primaryImageOfPage":{"@id":"https:\/\/www.samenhaus.de\/gartenblog\/sommer-herbst-winterlauch-so-waehlen-sie-die-richtige-sorte#primaryimage"},"image":{"@id":"https:\/\/www.samenhaus.de\/gartenblog\/sommer-herbst-winterlauch-so-waehlen-sie-die-richtige-sorte#primaryimage"},"thumbnailUrl":"https:\/\/www.samenhaus.de\/gartenblog\/wp-content\/uploads\/2023\/10\/Porree_287855689.jpg","datePublished":"2023-10-15T09:00:30+00:00","description":"Porree macht sich gut in Salat, abert auch als Pfannengem\u00fcse. Mit der Aussaat von Lauch sollte zeitig begonnen werden.","breadcrumb":{"@id":"https:\/\/www.samenhaus.de\/gartenblog\/sommer-herbst-winterlauch-so-waehlen-sie-die-richtige-sorte#breadcrumb"},"inLanguage":"de","potentialAction":[{"@type":"ReadAction","target":["https:\/\/www.samenhaus.de\/gartenblog\/sommer-herbst-winterlauch-so-waehlen-sie-die-richtige-sorte"]}]},{"@type":"ImageObject","inLanguage":"de","@id":"https:\/\/www.samenhaus.de\/gartenblog\/sommer-herbst-winterlauch-so-waehlen-sie-die-richtige-sorte#primaryimage","url":"https:\/\/www.samenhaus.de\/gartenblog\/wp-content\/uploads\/2023\/10\/Porree_287855689.jpg","contentUrl":"https:\/\/www.samenhaus.de\/gartenblog\/wp-content\/uploads\/2023\/10\/Porree_287855689.jpg","width":750,"height":500,"caption":"Porree"},{"@type":"BreadcrumbList","@id":"https:\/\/www.samenhaus.de\/gartenblog\/sommer-herbst-winterlauch-so-waehlen-sie-die-richtige-sorte#breadcrumb","itemListElement":[{"@type":"ListItem","position":1,"name":"Startseite","item":"https:\/\/www.samenhaus.de\/gartenblog\/"},{"@type":"ListItem","position":2,"name":"Sommer-, Herbst-, Winterlauch: So w\u00e4hlen Sie die richtige Sorte"}]},{"@type":"WebSite","@id":"https:\/\/www.samenhaus.de\/gartenblog\/#website","url":"https:\/\/www.samenhaus.de\/gartenblog\/","name":"Samenhaus Gartenblog","description":"","publisher":{"@id":"https:\/\/www.samenhaus.de\/gartenblog\/#organization"},"potentialAction":[{"@type":"SearchAction","target":{"@type":"EntryPoint","urlTemplate":"https:\/\/www.samenhaus.de\/gartenblog\/?s={search_term_string}"},"query-input":{"@type":"PropertyValueSpecification","valueRequired":true,"valueName":"search_term_string"}}],"inLanguage":"de"},{"@type":"Organization","@id":"https:\/\/www.samenhaus.de\/gartenblog\/#organization","name":"Samenhaus.de Gartenblog","url":"https:\/\/www.samenhaus.de\/gartenblog\/","logo":{"@type":"ImageObject","inLanguage":"de","@id":"https:\/\/www.samenhaus.de\/gartenblog\/#\/schema\/logo\/image\/","url":"https:\/\/www.samenhaus.de\/gartenblog\/wp-content\/uploads\/2020\/11\/logo.svg","contentUrl":"https:\/\/www.samenhaus.de\/gartenblog\/wp-content\/uploads\/2020\/11\/logo.svg","width":1,"height":1,"caption":"Samenhaus.de Gartenblog"},"image":{"@id":"https:\/\/www.samenhaus.de\/gartenblog\/#\/schema\/logo\/image\/"},"sameAs":["https:\/\/de-de.facebook.com\/samenhaus","https:\/\/x.com\/samenhaus"]},{"@type":"Person","@id":"https:\/\/www.samenhaus.de\/gartenblog\/#\/schema\/person\/e4c837ea32ec74c39497c1e69976fed5","name":"Sabine","image":{"@type":"ImageObject","inLanguage":"de","@id":"https:\/\/www.samenhaus.de\/gartenblog\/wp-content\/uploads\/2026\/03\/sabine-150x150.png","url":"https:\/\/www.samenhaus.de\/gartenblog\/wp-content\/uploads\/2026\/03\/sabine-150x150.png","contentUrl":"https:\/\/www.samenhaus.de\/gartenblog\/wp-content\/uploads\/2026\/03\/sabine-150x150.png","caption":"Sabine"},"description":"Sabine schreibt am liebsten \u00fcber Themen rund um den Selbstversorgergarten. Ob Gem\u00fcseanbau, Obstgarten, H\u00fchnerhaltung oder Konservierung und Verarbeitung, sie hat jede Menge eigene Erfahrung beizusteuern. Sie liebt es, den Blick \u00fcber die ersten zarten Pflanzen des Jahres schweifen zu lassen oder die gewaltige Ernte im Sommer und Herbst zu b\u00e4ndigen.","url":"https:\/\/www.samenhaus.de\/gartenblog\/author\/sabine"}]}},"wp-worthy-pixel":{"ignored":false,"public":"516f64d1660d4e59b1f0332e024dbaec","server":"vg02.met.vgwort.de","url":"https:\/\/vg02.met.vgwort.de\/na\/516f64d1660d4e59b1f0332e024dbaec"},"wp-worthy-type":"normal","_links":{"self":[{"href":"https:\/\/www.samenhaus.de\/gartenblog\/wp-json\/wp\/v2\/posts\/10605","targetHints":{"allow":["GET"]}}],"collection":[{"href":"https:\/\/www.samenhaus.de\/gartenblog\/wp-json\/wp\/v2\/posts"}],"about":[{"href":"https:\/\/www.samenhaus.de\/gartenblog\/wp-json\/wp\/v2\/types\/post"}],"author":[{"embeddable":true,"href":"https:\/\/www.samenhaus.de\/gartenblog\/wp-json\/wp\/v2\/users\/11"}],"replies":[{"embeddable":true,"href":"https:\/\/www.samenhaus.de\/gartenblog\/wp-json\/wp\/v2\/comments?post=10605"}],"version-history":[{"count":6,"href":"https:\/\/www.samenhaus.de\/gartenblog\/wp-json\/wp\/v2\/posts\/10605\/revisions"}],"predecessor-version":[{"id":14824,"href":"https:\/\/www.samenhaus.de\/gartenblog\/wp-json\/wp\/v2\/posts\/10605\/revisions\/14824"}],"wp:featuredmedia":[{"embeddable":true,"href":"https:\/\/www.samenhaus.de\/gartenblog\/wp-json\/wp\/v2\/media\/14820"}],"wp:attachment":[{"href":"https:\/\/www.samenhaus.de\/gartenblog\/wp-json\/wp\/v2\/media?parent=10605"}],"wp:term":[{"taxonomy":"category","embeddable":true,"href":"https:\/\/www.samenhaus.de\/gartenblog\/wp-json\/wp\/v2\/categories?post=10605"},{"taxonomy":"post_tag","embeddable":true,"href":"https:\/\/www.samenhaus.de\/gartenblog\/wp-json\/wp\/v2\/tags?post=10605"},{"taxonomy":"hersteller","embeddable":true,"href":"https:\/\/www.samenhaus.de\/gartenblog\/wp-json\/wp\/v2\/hersteller?post=10605"}],"curies":[{"name":"wp","href":"https:\/\/api.w.org\/{rel}","templated":true}]}}