{"id":10621,"date":"2023-04-17T09:00:38","date_gmt":"2023-04-17T09:00:38","guid":{"rendered":"https:\/\/www.samenhaus.de\/gartenblog\/?p=10621"},"modified":"2024-06-10T14:51:11","modified_gmt":"2024-06-10T12:51:11","slug":"kaufberatung-pal-mark-und-zuckererbsen-welche-erbsensorten-zu-ihnen-passen","status":"publish","type":"post","link":"https:\/\/www.samenhaus.de\/gartenblog\/kaufberatung-pal-mark-und-zuckererbsen-welche-erbsensorten-zu-ihnen-passen","title":{"rendered":"Kaufberatung Pal-, Mark- und Zuckererbsen: Welche Erbsensorten zu Ihnen passen"},"content":{"rendered":"<p>M\u00f6chten Sie Erbsen im Garten anbauen, k\u00f6nnen Sie zwischen Palerbsen, Markerbsen und Zuckererbsen w\u00e4hlen. Es gibt zahlreiche Sorten, die sich in ihrem Wachstum, ihren Ertr\u00e4gen und ihrem Aroma unterscheiden. Lernen Sie die wichtigsten Erbsensorten und die wichtigsten Kaufkriterien f\u00fcr die Samen kennen.<\/p>\n<h2><span class=\"ez-toc-section\" id=\"Sorten_von_Erbsen_Unterteilung_in_drei_Gruppen\"><\/span>Sorten von Erbsen: Unterteilung in drei Gruppen<span class=\"ez-toc-section-end\"><\/span><\/h2>\n<p>Bei den Gartenerbsen werden die drei Gruppen Palerbsen, Markerbsen und Zuckererbsen unterschieden. Welche Gruppen Sie in Ihrem Garten anbauen, h\u00e4ngt davon ab, wof\u00fcr Sie die Erbsen verwenden m\u00f6chten. Geht es Ihnen um trockene Erbsen, beispielsweise f\u00fcr einen Erbseneintopf oder Erbsenp\u00fcree, bauen Sie Palerbsen an. Zuckererbsen sind zart und k\u00f6nnen auch als rohes Gem\u00fcse gegessen werden.<\/p>\n<p>Im Folgenden geben wir Ihnen einen \u00dcberblick \u00fcber die wichtigsten Sorten von Erbsen und deren Eigenschaften.<\/p>\n<h3><span class=\"ez-toc-section\" id=\"Palerbsen_reich_an_Staerke\"><\/span>Palerbsen: reich an St\u00e4rke<span class=\"ez-toc-section-end\"><\/span><\/h3>\n<p><img loading=\"lazy\" decoding=\"async\" class=\"alignleft wp-image-10984 size-thumbnail\" src=\"https:\/\/www.samenhaus.de\/gartenblog\/wp-content\/uploads\/2023\/05\/Erbsen_67641902-150x150.jpg\" alt=\"Palerbsen\" width=\"150\" height=\"150\" srcset=\"https:\/\/www.samenhaus.de\/gartenblog\/wp-content\/uploads\/2023\/05\/Erbsen_67641902-150x150.jpg 150w, https:\/\/www.samenhaus.de\/gartenblog\/wp-content\/uploads\/2023\/05\/Erbsen_67641902-80x80.jpg 80w\" sizes=\"auto, (max-width: 150px) 100vw, 150px\" \/>Palerbsen werden auch als <a href=\"https:\/\/www.samenhaus.de\/schalerbsensamen\" target=\"_blank\" rel=\"noopener\">Schalerbsen<\/a> bezeichnet. Die Kerne sind reich an St\u00e4rke und eignen sich daher zum Trocknen f\u00fcr Suppen und Erbsenp\u00fcree. Die H\u00fclsen dieser Erbsen haben eine Innenhaut und sind, im Gegensatz zu den Zuckererbsen, nicht f\u00fcr den Frischverzehr geeignet. Ernten Sie die Schalerbsen jedoch fr\u00fchzeitig, k\u00f6nnen Sie sie \u00e4hnlich wie Markerbsen als frisches Gem\u00fcse verwenden. Der \u00dcberblick zeigt Ihnen die wichtigsten Sorten:<\/p>\n<ul>\n<li><strong>Blauschwokker:<\/strong> Blauschwokker ist eine altbew\u00e4hrte Sorte, die ihren Ursprung in den Niederlanden hat und blaue H\u00fclsen hervorbringt. Sie erreicht eine Wuchsh\u00f6he bis zu 180 Zentimetern. Sie zeichnet sich durch ein robustes Wachstum, hohe Ertr\u00e4ge und einen guten Geschmack aus.<\/li>\n<li><strong><a href=\"https:\/\/www.samenhaus.de\/search?query=Kleine%20Rheinl%C3%A4nderin\" target=\"_blank\" rel=\"noopener\">Kleine Rheinl\u00e4nderin<\/a>:<\/strong> Die Kleine Rheinl\u00e4nderin ist eine robuste, mittelfr\u00fche Sorte mit dunkelgr\u00fcnen H\u00fclsen. Sie hat recht gro\u00dfe Kerne und erreicht nur eine Wuchsh\u00f6he von 30 bis 40 Zentimetern.<\/li>\n<li><strong><a href=\"https:\/\/www.samenhaus.de\/search?query=Allerfr%C3%BCheste%20Mai\" target=\"_blank\" rel=\"noopener\">Allerfr\u00fcheste Mai<\/a>:<\/strong> Allerfr\u00fcheste Mai ist eine extrem fr\u00fche Sorte, die gute Ertr\u00e4ge hervorbringt und einen guten Geschmack hat.<\/li>\n<li><strong><a href=\"https:\/\/www.samenhaus.de\/search?query=Fr%C3%BChe%20Harzerin\" target=\"_blank\" rel=\"noopener\">Fr\u00fche Harzerin<\/a>:<\/strong> Die Fr\u00fche Harzerin ist eine weitere fr\u00fche und bew\u00e4hrte Sorte. Sie hat nur eine Entwicklungsdauer von etwa 79 Tagen und zeichnet sich durch ein robustes Wachstum aus.<\/li>\n<li><strong><a href=\"https:\/\/www.samenhaus.de\/search?query=Feltham%20First\" target=\"_blank\" rel=\"noopener\">Feltham First<\/a>:<\/strong> Feltham First kann ohne Rankhilfe angebaut werden und ist eine au\u00dferordentlich fr\u00fche Sorte. Die kompakt wachsende Sorte bringt tiefgr\u00fcne H\u00fclsen hervor und hat einen guten Geschmack. Sie ist eine Weiterentwicklung der Kleinen Rheinl\u00e4nderin.<\/li>\n<li><strong>Primavil:<\/strong> Eine weitere fr\u00fche Sorte ist Primavil. Die Sorte bringt gute Ertr\u00e4ge hervor.<\/li>\n<li><strong>Germana:<\/strong> Germana ist eine mittelfr\u00fche und au\u00dferordentlich ertragreiche Sorte. Sie hat einen guten Geschmack.<\/li>\n<\/ul>\n<h3><span class=\"ez-toc-section\" id=\"Markerbsen_frischer_Geschmack_mit_hoeherem_Zuckergehalt\"><\/span>Markerbsen: frischer Geschmack mit h\u00f6herem Zuckergehalt<span class=\"ez-toc-section-end\"><\/span><\/h3>\n<p><img loading=\"lazy\" decoding=\"async\" class=\"alignleft wp-image-10983 size-thumbnail\" src=\"https:\/\/www.samenhaus.de\/gartenblog\/wp-content\/uploads\/2023\/05\/Erbsen_34633192-150x150.jpg\" alt=\"Markerbsen\" width=\"150\" height=\"150\" srcset=\"https:\/\/www.samenhaus.de\/gartenblog\/wp-content\/uploads\/2023\/05\/Erbsen_34633192-150x150.jpg 150w, https:\/\/www.samenhaus.de\/gartenblog\/wp-content\/uploads\/2023\/05\/Erbsen_34633192-80x80.jpg 80w\" sizes=\"auto, (max-width: 150px) 100vw, 150px\" \/>Bei den Erbsen, die Sie als Tiefk\u00fchlware im Supermarkt kaufen k\u00f6nnen, handelt es sich um <a href=\"https:\/\/www.samenhaus.de\/markerbsensamen\" target=\"_blank\" rel=\"noopener\">Markerbsen<\/a>. Sie zeichnen sich durch ein gutes Aroma aus, da sie einen hohen Zuckergehalt haben. Es handelt sich dabei aber nicht um Zuckererbsen, denn anders als Zuckererbsen haben Markerbsen eine Innenhaut. Sie eignen sich daher nicht f\u00fcr den Frischverzehr mit Schale. Der Zuckergehalt liegt bei etwas weniger als 10 Prozent. Bei den Markerbsen gibt es eine Vielzahl von Sorten:<\/p>\n<ul>\n<li><strong><a href=\"https:\/\/www.samenhaus.de\/search?query=Exzellenz\" target=\"_blank\" rel=\"noopener\">Exzellenz<\/a>:<\/strong> Exzellenz ist eine neue und sehr ertragreiche Sorte, die sich durch eine gute Fruchtqualit\u00e4t auszeichnet.<\/li>\n<li><strong><a href=\"https:\/\/www.samenhaus.de\/search?query=Markana\" target=\"_blank\" rel=\"noopener\">Markana<\/a>:<\/strong> Markana ist eine sp\u00e4treife und \u00e4u\u00dferst robuste Sorte mit einer Wuchsh\u00f6he von 60 Zentimetern. Sie kann ohne Rankhilfe angebaut werden. Die Sorte ist tolerant gegen\u00fcber Mehltau und hat einen feinen Geschmack.<\/li>\n<li><strong>Grandera:<\/strong> Grandera erreicht eine Wuchsh\u00f6he von 70 bis 80 Zentimetern und hat eine starke Rankenbildung. Die mittelfr\u00fche Sorte ist ertragreich und tolerant gegen\u00fcber Fusarium. Die Erbsen haben ein gutes Aroma.<\/li>\n<li><strong>Sublima:<\/strong> Sublima ist eine mittelsp\u00e4te Sorte mit hohen Ertr\u00e4gen, die resistent gegen verschiedene Krankheiten ist. Die Erbsen haben einen hohen Zuckergehalt und ein gutes Aroma. Die Wuchsh\u00f6he liegt ungef\u00e4hr bei 70 Zentimetern.<\/li>\n<li><strong><a href=\"https:\/\/www.samenhaus.de\/search?query=Wunder%20von%20Kelvedon\" target=\"_blank\" rel=\"noopener\">Wunder von Kelvedon<\/a>:<\/strong> Wunder von Kelvedon ist eine mittelfr\u00fche Sorte, die hohe Ertr\u00e4ge bringt und eine Wuchsh\u00f6he von 50 bis 70 Zentimetern erreicht. Die Erbsen haben einen hohen Zuckergehalt und ein gutes Aroma.<\/li>\n<li><strong>Tom Thumb:<\/strong> Tom Thumb wird nur 20 Zentimeter hoch, eignet sich f\u00fcr den Anbau im Topf auf dem Balkon und braucht keine Rankhilfe. Die K\u00f6rner haben einen guten Geschmack.<\/li>\n<li><strong><a href=\"https:\/\/www.samenhaus.de\/search?query=Sima\" target=\"_blank\" rel=\"noopener\">Sima<\/a>:<\/strong> Sima ist eine Wintermarkerbse mit kleinen K\u00f6rnern, die eine Wuchsh\u00f6he von 50 Zentimetern erreicht und keine Rankhilfe braucht. Die Aussaat erfolgt im Oktober. Ernten k\u00f6nnen Sie ab Ende Mai.<\/li>\n<li><strong><a href=\"https:\/\/www.samenhaus.de\/search?query=Vitara\" target=\"_blank\" rel=\"noopener\">Vitara<\/a>:<\/strong> Vitara eignet sich f\u00fcr den Anbau von Fr\u00fchjahr bis Herbst, erreicht eine H\u00f6he von 60 bis 90 Zentimetern und hat eine lange Erntedauer. Die Sorte ist resistent gegen Fusarium und echten Mehltau.<\/li>\n<li><strong>Novelia:<\/strong> Novelia ist eine mittelfr\u00fche Sorte, die bis zu 80 Zentimeter hoch wird und robust w\u00e4chst. Die Erbsen eignen sich zum Einfrieren und haben einen guten Geschmack. Die robuste Sorte ist resistent gegen Mehltau.<\/li>\n<li><strong><a href=\"https:\/\/www.samenhaus.de\/search?query=Maxigolt\" target=\"_blank\" rel=\"noopener\">Maxigolt<\/a>:<\/strong> Maxigolt ist eine mittelsp\u00e4te Sorte, die bis zu 90 Zentimeter hoch wird. Sie zeichnet sich durch hohe Ertr\u00e4ge und eine gute Kornqualit\u00e4t aus. Die Erbsen haben einen guten Geschmack. Die Sorte ist resistent gegen Fusarium.<\/li>\n<li><strong><a href=\"https:\/\/www.samenhaus.de\/search?query=Ambassador\" target=\"_blank\" rel=\"noopener\">Ambassador<\/a>:<\/strong> Ambassador ist eine widerstandsf\u00e4hige, mittelsp\u00e4te Sorte, die bis zu 80 Zentimeter hoch wird und robust gegen Mehltau ist.<\/li>\n<li><strong>Jumbo:<\/strong> Jumbo ist eine mittelsp\u00e4te, ertragreiche Sorte, die 80 bis 90 Zentimeter hoch wird und lange H\u00fclsen mit gutem Geschmack hervorbringt.<\/li>\n<li><strong><a href=\"https:\/\/www.samenhaus.de\/search?query=Karina\" target=\"_blank\" rel=\"noopener\">Karina<\/a>:<\/strong> Karina ist eine mittelfr\u00fche Sorte, die bis zu 60 Zentimeter hoch wird, hohe Ertr\u00e4ge bringt und sich zum Tiefk\u00fchlen eignet.<\/li>\n<li><strong><a href=\"https:\/\/www.samenhaus.de\/search?query=gloriosa+markerbse\" target=\"_blank\" rel=\"noopener\">Gloriosa<\/a>:<\/strong> Gloriosa ist eine fr\u00fchreife Sorte mit einer Wuchsh\u00f6he von 50 bis 60 Zentimetern, die selbst unter ung\u00fcnstigen Bedingungen noch hohe Ertr\u00e4ge bringt. Die Erbsen haben einen s\u00fc\u00dfen Geschmack.<\/li>\n<li><strong><a href=\"https:\/\/www.samenhaus.de\/search?query=Evita\" target=\"_blank\" rel=\"noopener\">Evita<\/a>:<\/strong> Evita ist eine mittelfr\u00fche, robust wachsende Sorte. Sie erreicht eine Wuchsh\u00f6he von 60 Zentimetern und ist ertragreich. Die Erbsen haben ein gutes Aroma.<\/li>\n<\/ul>\n<h3><span class=\"ez-toc-section\" id=\"Zuckererbsen_ein_beliebtes_Sommergemuese\"><\/span>Zuckererbsen: ein beliebtes Sommergem\u00fcse<span class=\"ez-toc-section-end\"><\/span><\/h3>\n<p><img loading=\"lazy\" decoding=\"async\" class=\"alignleft wp-image-10986 size-thumbnail\" src=\"https:\/\/www.samenhaus.de\/gartenblog\/wp-content\/uploads\/2023\/05\/Erbsen_419872792-150x150.jpg\" alt=\"Zuckererbsen\" width=\"150\" height=\"150\" srcset=\"https:\/\/www.samenhaus.de\/gartenblog\/wp-content\/uploads\/2023\/05\/Erbsen_419872792-150x150.jpg 150w, https:\/\/www.samenhaus.de\/gartenblog\/wp-content\/uploads\/2023\/05\/Erbsen_419872792-80x80.jpg 80w\" sizes=\"auto, (max-width: 150px) 100vw, 150px\" \/><a href=\"https:\/\/www.samenhaus.de\/zuckererbsensamen\" target=\"_blank\" rel=\"noopener\">Zuckererbsen<\/a> haben keine Innenhaut und eine zarte H\u00fclse. Sie k\u00f6nnen daher frisch verzehrt und mit H\u00fclse verarbeitet werden. Sie haben einen hohen Zuckergehalt und sollten nicht lange gelagert werden, da sich der Zucker dann in St\u00e4rke umwandelt. Diese Sorten sind empfehlenswert:<\/p>\n<ul>\n<li><strong><a href=\"https:\/\/www.samenhaus.de\/search?query=Norli\" target=\"_blank\" rel=\"noopener\">Norli<\/a>:<\/strong> Norli ist eine neuere Sorte mit kompaktem Wuchs, die sich f\u00fcr Balkon oder Terrasse eignet und keine Rankhilfe braucht. Die Sorte ist ertragreich und bringt aromatische Schoten hervor.<\/li>\n<li><a href=\"https:\/\/www.samenhaus.de\/search?query=Ambrosia\" target=\"_blank\" rel=\"noopener\"><strong>Ambrosia<\/strong><\/a>: Ambrosia ist eine deutsche, ertragreiche Sorte, die gro\u00dfe K\u00f6rner mit einem guten Aroma ausbildet.<\/li>\n<li><strong>Halbhoch Normand:<\/strong> Halbhoch Normand ist eine fr\u00fche Sorte, deren Schoten hellgr\u00fcn sind und gelbe K\u00f6rner haben.<\/li>\n<li><strong>Vroege Hendriks:<\/strong> Vroege Hendriks ist eine au\u00dferordentlich fr\u00fche Sorte, die eine Wuchsh\u00f6he von 120 bis 170 Zentimetern erreicht und ziemlich robust ist.<\/li>\n<li><strong><a href=\"https:\/\/www.samenhaus.de\/search?query=Delikata\" target=\"_blank\" rel=\"noopener\">Delikata<\/a>:<\/strong> Delikata ist resistent gegen verschiedene Krankheiten. Die Schoten m\u00fcssen fr\u00fchzeitig geerntet werden, damit Sie sie mit Schale verzehren k\u00f6nnen.<\/li>\n<\/ul>\n<h2><span class=\"ez-toc-section\" id=\"Kaufkriterien_fuer_Erbsensamen_So_waehlen_Sie_die_richtige_Sorte\"><\/span>Kaufkriterien f\u00fcr Erbsensamen: So w\u00e4hlen Sie die richtige Sorte<span class=\"ez-toc-section-end\"><\/span><\/h2>\n<p><img loading=\"lazy\" decoding=\"async\" class=\"size-full wp-image-10982 alignright\" src=\"https:\/\/www.samenhaus.de\/gartenblog\/wp-content\/uploads\/2023\/05\/Erbsen_31828600.jpg\" alt=\"Erbsen kaufen\" width=\"300\" height=\"158\" \/>Beim Kauf von <a href=\"https:\/\/www.samenhaus.de\/erbsensamen\" target=\"_blank\" rel=\"noopener\">Erbsensamen<\/a> kommt es nicht nur darauf an, ob Sie Palerbsen, Markerbsen oder Zuckererbsen bevorzugen. Wichtige Kaufkriterien sind hohe Ertr\u00e4ge, ein guter Geschmack, eine fr\u00fche Ernte oder Resistenz gegen Krankheiten.<\/p>\n<h3><span class=\"ez-toc-section\" id=\"Hohe_Ertraege\"><\/span>Hohe Ertr\u00e4ge<span class=\"ez-toc-section-end\"><\/span><\/h3>\n<p>W\u00fcnschen Sie sich hohe Ertr\u00e4ge, sollten Sie<\/p>\n<ul>\n<li>Blauschwokker, Primavil oder Germana als Palerbsen,<\/li>\n<li>Exzellenz, Grandera oder Wunder von Kelvedon als Markerbsen oder<\/li>\n<li>Ambrosia oder Norli als Zuckererbsen<\/li>\n<\/ul>\n<p>anbauen.<\/p>\n<h3><span class=\"ez-toc-section\" id=\"Guter_Geschmack\"><\/span>Guter Geschmack<span class=\"ez-toc-section-end\"><\/span><\/h3>\n<p>Ist Ihnen ein guter Geschmack ein wichtiges Kaufkriterium, kaufen Sie diese Samen:<\/p>\n<ul>\n<li>Allerfr\u00fcheste Mai oder Germana als Palerbsen<\/li>\n<li>Tomb Thumb, Gloriosa, Jumbo oder Evita als Markerbsen<\/li>\n<li>Vroege Hendriks als Zuckererbsen<\/li>\n<\/ul>\n<h3><span class=\"ez-toc-section\" id=\"Fruehe_Ernte\"><\/span>Fr\u00fche Ernte<span class=\"ez-toc-section-end\"><\/span><\/h3>\n<p>M\u00f6chten Sie Ihre Erbsen schon fr\u00fch ernten, sollten Sie<\/p>\n<ul>\n<li>Fr\u00fche Harzerin, Feltham First oder Allerfr\u00fcheste Mai als Palerbsen,<\/li>\n<li>Gloriosa als Markerbse und<\/li>\n<li>Vroege Hendriks als Zuckererbse<\/li>\n<\/ul>\n<p>anbauen.<\/p>\n<h3><span class=\"ez-toc-section\" id=\"Robustheit_und_Resistenz_gegen_Krankheiten\"><\/span>Robustheit und Resistenz gegen Krankheiten<span class=\"ez-toc-section-end\"><\/span><\/h3>\n<p>Sollen die Erbsen robust und resistent gegen Krankheiten sein, w\u00e4hlen Sie<\/p>\n<ul>\n<li>Feltham First als Palerbsen,<\/li>\n<li>Grandera, Sublima oder Vitara als Markerbsen und<\/li>\n<li>Vroege Hendriks als Zuckererbsen.<\/li>\n<\/ul>\n","protected":false},"excerpt":{"rendered":"<p>M\u00f6chten Sie Erbsen im Garten anbauen, k\u00f6nnen Sie zwischen Palerbsen, Markerbsen und Zuckererbsen w\u00e4hlen. Es gibt zahlreiche Sorten, die sich in ihrem Wachstum, ihren Ertr\u00e4gen und ihrem Aroma unterscheiden. Lernen Sie die wichtigsten Erbsensorten und die wichtigsten Kaufkriterien f\u00fcr die Samen kennen. Sorten von Erbsen: Unterteilung in drei Gruppen Bei den Gartenerbsen werden die drei Gruppen Palerbsen, Markerbsen und Zuckererbsen unterschieden. Welche Gruppen Sie in Ihrem Garten anbauen, h\u00e4ngt davon ab, wof\u00fcr Sie die Erbsen verwenden m\u00f6chten. Geht es Ihnen um trockene Erbsen, beispielsweise f\u00fcr einen Erbseneintopf oder Erbsenp\u00fcree, bauen Sie Palerbsen an. Zuckererbsen sind zart und k\u00f6nnen auch als rohes Gem\u00fcse gegessen werden. Im Folgenden geben wir Ihnen einen \u00dcberblick \u00fcber die wichtigsten Sorten von Erbsen und deren Eigenschaften. Palerbsen: reich an St\u00e4rke Palerbsen werden auch als Schalerbsen bezeichnet. Die Kerne sind reich an St\u00e4rke und eignen sich daher zum Trocknen f\u00fcr Suppen und Erbsenp\u00fcree. Die H\u00fclsen dieser Erbsen haben eine Innenhaut und sind, im Gegensatz zu den Zuckererbsen, nicht f\u00fcr den Frischverzehr geeignet. Ernten Sie die Schalerbsen jedoch fr\u00fchzeitig, k\u00f6nnen Sie sie \u00e4hnlich wie Markerbsen als frisches Gem\u00fcse verwenden. Der \u00dcberblick zeigt Ihnen die wichtigsten Sorten: Blauschwokker: Blauschwokker ist eine altbew\u00e4hrte Sorte, die ihren Ursprung in den Niederlanden [&hellip;]<\/p>\n","protected":false},"author":11,"featured_media":10985,"comment_status":"open","ping_status":"open","sticky":false,"template":"","format":"standard","meta":{"_acf_changed":false,"footnotes":""},"categories":[6],"tags":[],"hersteller":[],"class_list":["post-10621","post","type-post","status-publish","format-standard","has-post-thumbnail","hentry","category-gemuese"],"acf":[],"yoast_head":"<!-- This site is optimized with the Yoast SEO plugin v27.4 - https:\/\/yoast.com\/product\/yoast-seo-wordpress\/ -->\n<title>Kaufberatung Pal-, Mark- und Zuckererbsen: Welche Erbsensorten zu Ihnen passen - Samenhaus Gartenblog<\/title>\n<meta name=\"description\" content=\"Erbsen werden in drei Gruppen eingeteilt. Welche im Garten einen Platz findet, h\u00e4ngt vom Verwendungszweck ab.\" \/>\n<meta name=\"robots\" content=\"index, follow, max-snippet:-1, max-image-preview:large, max-video-preview:-1\" \/>\n<link rel=\"canonical\" href=\"https:\/\/www.samenhaus.de\/gartenblog\/kaufberatung-pal-mark-und-zuckererbsen-welche-erbsensorten-zu-ihnen-passen\" \/>\n<meta property=\"og:locale\" content=\"de_DE\" \/>\n<meta property=\"og:type\" content=\"article\" \/>\n<meta property=\"og:title\" content=\"Kaufberatung Pal-, Mark- und Zuckererbsen: Welche Erbsensorten zu Ihnen passen - Samenhaus Gartenblog\" \/>\n<meta property=\"og:description\" content=\"Erbsen werden in drei Gruppen eingeteilt. Welche im Garten einen Platz findet, h\u00e4ngt vom Verwendungszweck ab.\" \/>\n<meta property=\"og:url\" content=\"https:\/\/www.samenhaus.de\/gartenblog\/kaufberatung-pal-mark-und-zuckererbsen-welche-erbsensorten-zu-ihnen-passen\" \/>\n<meta property=\"og:site_name\" content=\"Samenhaus Gartenblog\" \/>\n<meta property=\"article:publisher\" content=\"https:\/\/de-de.facebook.com\/samenhaus\" \/>\n<meta property=\"article:published_time\" content=\"2023-04-17T09:00:38+00:00\" \/>\n<meta property=\"article:modified_time\" content=\"2024-06-10T12:51:11+00:00\" \/>\n<meta property=\"og:image\" content=\"https:\/\/www.samenhaus.de\/gartenblog\/wp-content\/uploads\/2023\/05\/Erbsen_206962113.jpg\" \/>\n\t<meta property=\"og:image:width\" content=\"845\" \/>\n\t<meta property=\"og:image:height\" content=\"563\" \/>\n\t<meta property=\"og:image:type\" content=\"image\/jpeg\" \/>\n<meta name=\"author\" content=\"Sabine\" \/>\n<meta name=\"twitter:card\" content=\"summary_large_image\" \/>\n<meta name=\"twitter:creator\" content=\"@samenhaus\" \/>\n<meta name=\"twitter:site\" content=\"@samenhaus\" \/>\n<meta name=\"twitter:label1\" content=\"Verfasst von\" \/>\n\t<meta name=\"twitter:data1\" content=\"Sabine\" \/>\n\t<meta name=\"twitter:label2\" content=\"Gesch\u00e4tzte Lesezeit\" \/>\n\t<meta name=\"twitter:data2\" content=\"8\u00a0Minuten\" \/>\n<script type=\"application\/ld+json\" class=\"yoast-schema-graph\">{\"@context\":\"https:\\\/\\\/schema.org\",\"@graph\":[{\"@type\":\"Article\",\"@id\":\"https:\\\/\\\/www.samenhaus.de\\\/gartenblog\\\/kaufberatung-pal-mark-und-zuckererbsen-welche-erbsensorten-zu-ihnen-passen#article\",\"isPartOf\":{\"@id\":\"https:\\\/\\\/www.samenhaus.de\\\/gartenblog\\\/kaufberatung-pal-mark-und-zuckererbsen-welche-erbsensorten-zu-ihnen-passen\"},\"author\":{\"name\":\"Sabine\",\"@id\":\"https:\\\/\\\/www.samenhaus.de\\\/gartenblog\\\/#\\\/schema\\\/person\\\/e4c837ea32ec74c39497c1e69976fed5\"},\"headline\":\"Kaufberatung Pal-, Mark- und Zuckererbsen: Welche Erbsensorten zu Ihnen passen\",\"datePublished\":\"2023-04-17T09:00:38+00:00\",\"dateModified\":\"2024-06-10T12:51:11+00:00\",\"mainEntityOfPage\":{\"@id\":\"https:\\\/\\\/www.samenhaus.de\\\/gartenblog\\\/kaufberatung-pal-mark-und-zuckererbsen-welche-erbsensorten-zu-ihnen-passen\"},\"wordCount\":1283,\"commentCount\":0,\"publisher\":{\"@id\":\"https:\\\/\\\/www.samenhaus.de\\\/gartenblog\\\/#organization\"},\"image\":{\"@id\":\"https:\\\/\\\/www.samenhaus.de\\\/gartenblog\\\/kaufberatung-pal-mark-und-zuckererbsen-welche-erbsensorten-zu-ihnen-passen#primaryimage\"},\"thumbnailUrl\":\"https:\\\/\\\/www.samenhaus.de\\\/gartenblog\\\/wp-content\\\/uploads\\\/2023\\\/05\\\/Erbsen_206962113.jpg\",\"articleSection\":[\"Gem\u00fcse\"],\"inLanguage\":\"de\",\"potentialAction\":[{\"@type\":\"CommentAction\",\"name\":\"Comment\",\"target\":[\"https:\\\/\\\/www.samenhaus.de\\\/gartenblog\\\/kaufberatung-pal-mark-und-zuckererbsen-welche-erbsensorten-zu-ihnen-passen#respond\"]}],\"copyrightYear\":\"2023\",\"copyrightHolder\":{\"@id\":\"https:\\\/\\\/www.samenhaus.de\\\/gartenblog\\\/#organization\"}},{\"@type\":\"WebPage\",\"@id\":\"https:\\\/\\\/www.samenhaus.de\\\/gartenblog\\\/kaufberatung-pal-mark-und-zuckererbsen-welche-erbsensorten-zu-ihnen-passen\",\"url\":\"https:\\\/\\\/www.samenhaus.de\\\/gartenblog\\\/kaufberatung-pal-mark-und-zuckererbsen-welche-erbsensorten-zu-ihnen-passen\",\"name\":\"Kaufberatung Pal-, Mark- und Zuckererbsen: Welche Erbsensorten zu Ihnen passen - Samenhaus Gartenblog\",\"isPartOf\":{\"@id\":\"https:\\\/\\\/www.samenhaus.de\\\/gartenblog\\\/#website\"},\"primaryImageOfPage\":{\"@id\":\"https:\\\/\\\/www.samenhaus.de\\\/gartenblog\\\/kaufberatung-pal-mark-und-zuckererbsen-welche-erbsensorten-zu-ihnen-passen#primaryimage\"},\"image\":{\"@id\":\"https:\\\/\\\/www.samenhaus.de\\\/gartenblog\\\/kaufberatung-pal-mark-und-zuckererbsen-welche-erbsensorten-zu-ihnen-passen#primaryimage\"},\"thumbnailUrl\":\"https:\\\/\\\/www.samenhaus.de\\\/gartenblog\\\/wp-content\\\/uploads\\\/2023\\\/05\\\/Erbsen_206962113.jpg\",\"datePublished\":\"2023-04-17T09:00:38+00:00\",\"dateModified\":\"2024-06-10T12:51:11+00:00\",\"description\":\"Erbsen werden in drei Gruppen eingeteilt. Welche im Garten einen Platz findet, h\u00e4ngt vom Verwendungszweck ab.\",\"breadcrumb\":{\"@id\":\"https:\\\/\\\/www.samenhaus.de\\\/gartenblog\\\/kaufberatung-pal-mark-und-zuckererbsen-welche-erbsensorten-zu-ihnen-passen#breadcrumb\"},\"inLanguage\":\"de\",\"potentialAction\":[{\"@type\":\"ReadAction\",\"target\":[\"https:\\\/\\\/www.samenhaus.de\\\/gartenblog\\\/kaufberatung-pal-mark-und-zuckererbsen-welche-erbsensorten-zu-ihnen-passen\"]}]},{\"@type\":\"ImageObject\",\"inLanguage\":\"de\",\"@id\":\"https:\\\/\\\/www.samenhaus.de\\\/gartenblog\\\/kaufberatung-pal-mark-und-zuckererbsen-welche-erbsensorten-zu-ihnen-passen#primaryimage\",\"url\":\"https:\\\/\\\/www.samenhaus.de\\\/gartenblog\\\/wp-content\\\/uploads\\\/2023\\\/05\\\/Erbsen_206962113.jpg\",\"contentUrl\":\"https:\\\/\\\/www.samenhaus.de\\\/gartenblog\\\/wp-content\\\/uploads\\\/2023\\\/05\\\/Erbsen_206962113.jpg\",\"width\":845,\"height\":563,\"caption\":\"Erbsen in Schale\"},{\"@type\":\"BreadcrumbList\",\"@id\":\"https:\\\/\\\/www.samenhaus.de\\\/gartenblog\\\/kaufberatung-pal-mark-und-zuckererbsen-welche-erbsensorten-zu-ihnen-passen#breadcrumb\",\"itemListElement\":[{\"@type\":\"ListItem\",\"position\":1,\"name\":\"Startseite\",\"item\":\"https:\\\/\\\/www.samenhaus.de\\\/gartenblog\\\/\"},{\"@type\":\"ListItem\",\"position\":2,\"name\":\"Kaufberatung Pal-, Mark- und Zuckererbsen: Welche Erbsensorten zu Ihnen passen\"}]},{\"@type\":\"WebSite\",\"@id\":\"https:\\\/\\\/www.samenhaus.de\\\/gartenblog\\\/#website\",\"url\":\"https:\\\/\\\/www.samenhaus.de\\\/gartenblog\\\/\",\"name\":\"Samenhaus Gartenblog\",\"description\":\"\",\"publisher\":{\"@id\":\"https:\\\/\\\/www.samenhaus.de\\\/gartenblog\\\/#organization\"},\"potentialAction\":[{\"@type\":\"SearchAction\",\"target\":{\"@type\":\"EntryPoint\",\"urlTemplate\":\"https:\\\/\\\/www.samenhaus.de\\\/gartenblog\\\/?s={search_term_string}\"},\"query-input\":{\"@type\":\"PropertyValueSpecification\",\"valueRequired\":true,\"valueName\":\"search_term_string\"}}],\"inLanguage\":\"de\"},{\"@type\":\"Organization\",\"@id\":\"https:\\\/\\\/www.samenhaus.de\\\/gartenblog\\\/#organization\",\"name\":\"Samenhaus.de Gartenblog\",\"url\":\"https:\\\/\\\/www.samenhaus.de\\\/gartenblog\\\/\",\"logo\":{\"@type\":\"ImageObject\",\"inLanguage\":\"de\",\"@id\":\"https:\\\/\\\/www.samenhaus.de\\\/gartenblog\\\/#\\\/schema\\\/logo\\\/image\\\/\",\"url\":\"https:\\\/\\\/www.samenhaus.de\\\/gartenblog\\\/wp-content\\\/uploads\\\/2020\\\/11\\\/logo.svg\",\"contentUrl\":\"https:\\\/\\\/www.samenhaus.de\\\/gartenblog\\\/wp-content\\\/uploads\\\/2020\\\/11\\\/logo.svg\",\"width\":1,\"height\":1,\"caption\":\"Samenhaus.de Gartenblog\"},\"image\":{\"@id\":\"https:\\\/\\\/www.samenhaus.de\\\/gartenblog\\\/#\\\/schema\\\/logo\\\/image\\\/\"},\"sameAs\":[\"https:\\\/\\\/de-de.facebook.com\\\/samenhaus\",\"https:\\\/\\\/x.com\\\/samenhaus\"]},{\"@type\":\"Person\",\"@id\":\"https:\\\/\\\/www.samenhaus.de\\\/gartenblog\\\/#\\\/schema\\\/person\\\/e4c837ea32ec74c39497c1e69976fed5\",\"name\":\"Sabine\",\"image\":{\"@type\":\"ImageObject\",\"inLanguage\":\"de\",\"@id\":\"https:\\\/\\\/www.samenhaus.de\\\/gartenblog\\\/wp-content\\\/uploads\\\/2026\\\/03\\\/sabine-150x150.png\",\"url\":\"https:\\\/\\\/www.samenhaus.de\\\/gartenblog\\\/wp-content\\\/uploads\\\/2026\\\/03\\\/sabine-150x150.png\",\"contentUrl\":\"https:\\\/\\\/www.samenhaus.de\\\/gartenblog\\\/wp-content\\\/uploads\\\/2026\\\/03\\\/sabine-150x150.png\",\"caption\":\"Sabine\"},\"description\":\"Sabine schreibt am liebsten \u00fcber Themen rund um den Selbstversorgergarten. Ob Gem\u00fcseanbau, Obstgarten, H\u00fchnerhaltung oder Konservierung und Verarbeitung, sie hat jede Menge eigene Erfahrung beizusteuern. Sie liebt es, den Blick \u00fcber die ersten zarten Pflanzen des Jahres schweifen zu lassen oder die gewaltige Ernte im Sommer und Herbst zu b\u00e4ndigen.\",\"url\":\"https:\\\/\\\/www.samenhaus.de\\\/gartenblog\\\/author\\\/sabine\"}]}<\/script>\n<!-- \/ Yoast SEO plugin. -->","yoast_head_json":{"title":"Kaufberatung Pal-, Mark- und Zuckererbsen: Welche Erbsensorten zu Ihnen passen - Samenhaus Gartenblog","description":"Erbsen werden in drei Gruppen eingeteilt. Welche im Garten einen Platz findet, h\u00e4ngt vom Verwendungszweck ab.","robots":{"index":"index","follow":"follow","max-snippet":"max-snippet:-1","max-image-preview":"max-image-preview:large","max-video-preview":"max-video-preview:-1"},"canonical":"https:\/\/www.samenhaus.de\/gartenblog\/kaufberatung-pal-mark-und-zuckererbsen-welche-erbsensorten-zu-ihnen-passen","og_locale":"de_DE","og_type":"article","og_title":"Kaufberatung Pal-, Mark- und Zuckererbsen: Welche Erbsensorten zu Ihnen passen - Samenhaus Gartenblog","og_description":"Erbsen werden in drei Gruppen eingeteilt. Welche im Garten einen Platz findet, h\u00e4ngt vom Verwendungszweck ab.","og_url":"https:\/\/www.samenhaus.de\/gartenblog\/kaufberatung-pal-mark-und-zuckererbsen-welche-erbsensorten-zu-ihnen-passen","og_site_name":"Samenhaus Gartenblog","article_publisher":"https:\/\/de-de.facebook.com\/samenhaus","article_published_time":"2023-04-17T09:00:38+00:00","article_modified_time":"2024-06-10T12:51:11+00:00","og_image":[{"width":845,"height":563,"url":"https:\/\/www.samenhaus.de\/gartenblog\/wp-content\/uploads\/2023\/05\/Erbsen_206962113.jpg","type":"image\/jpeg"}],"author":"Sabine","twitter_card":"summary_large_image","twitter_creator":"@samenhaus","twitter_site":"@samenhaus","twitter_misc":{"Verfasst von":"Sabine","Gesch\u00e4tzte Lesezeit":"8\u00a0Minuten"},"schema":{"@context":"https:\/\/schema.org","@graph":[{"@type":"Article","@id":"https:\/\/www.samenhaus.de\/gartenblog\/kaufberatung-pal-mark-und-zuckererbsen-welche-erbsensorten-zu-ihnen-passen#article","isPartOf":{"@id":"https:\/\/www.samenhaus.de\/gartenblog\/kaufberatung-pal-mark-und-zuckererbsen-welche-erbsensorten-zu-ihnen-passen"},"author":{"name":"Sabine","@id":"https:\/\/www.samenhaus.de\/gartenblog\/#\/schema\/person\/e4c837ea32ec74c39497c1e69976fed5"},"headline":"Kaufberatung Pal-, Mark- und Zuckererbsen: Welche Erbsensorten zu Ihnen passen","datePublished":"2023-04-17T09:00:38+00:00","dateModified":"2024-06-10T12:51:11+00:00","mainEntityOfPage":{"@id":"https:\/\/www.samenhaus.de\/gartenblog\/kaufberatung-pal-mark-und-zuckererbsen-welche-erbsensorten-zu-ihnen-passen"},"wordCount":1283,"commentCount":0,"publisher":{"@id":"https:\/\/www.samenhaus.de\/gartenblog\/#organization"},"image":{"@id":"https:\/\/www.samenhaus.de\/gartenblog\/kaufberatung-pal-mark-und-zuckererbsen-welche-erbsensorten-zu-ihnen-passen#primaryimage"},"thumbnailUrl":"https:\/\/www.samenhaus.de\/gartenblog\/wp-content\/uploads\/2023\/05\/Erbsen_206962113.jpg","articleSection":["Gem\u00fcse"],"inLanguage":"de","potentialAction":[{"@type":"CommentAction","name":"Comment","target":["https:\/\/www.samenhaus.de\/gartenblog\/kaufberatung-pal-mark-und-zuckererbsen-welche-erbsensorten-zu-ihnen-passen#respond"]}],"copyrightYear":"2023","copyrightHolder":{"@id":"https:\/\/www.samenhaus.de\/gartenblog\/#organization"}},{"@type":"WebPage","@id":"https:\/\/www.samenhaus.de\/gartenblog\/kaufberatung-pal-mark-und-zuckererbsen-welche-erbsensorten-zu-ihnen-passen","url":"https:\/\/www.samenhaus.de\/gartenblog\/kaufberatung-pal-mark-und-zuckererbsen-welche-erbsensorten-zu-ihnen-passen","name":"Kaufberatung Pal-, Mark- und Zuckererbsen: Welche Erbsensorten zu Ihnen passen - Samenhaus Gartenblog","isPartOf":{"@id":"https:\/\/www.samenhaus.de\/gartenblog\/#website"},"primaryImageOfPage":{"@id":"https:\/\/www.samenhaus.de\/gartenblog\/kaufberatung-pal-mark-und-zuckererbsen-welche-erbsensorten-zu-ihnen-passen#primaryimage"},"image":{"@id":"https:\/\/www.samenhaus.de\/gartenblog\/kaufberatung-pal-mark-und-zuckererbsen-welche-erbsensorten-zu-ihnen-passen#primaryimage"},"thumbnailUrl":"https:\/\/www.samenhaus.de\/gartenblog\/wp-content\/uploads\/2023\/05\/Erbsen_206962113.jpg","datePublished":"2023-04-17T09:00:38+00:00","dateModified":"2024-06-10T12:51:11+00:00","description":"Erbsen werden in drei Gruppen eingeteilt. Welche im Garten einen Platz findet, h\u00e4ngt vom Verwendungszweck ab.","breadcrumb":{"@id":"https:\/\/www.samenhaus.de\/gartenblog\/kaufberatung-pal-mark-und-zuckererbsen-welche-erbsensorten-zu-ihnen-passen#breadcrumb"},"inLanguage":"de","potentialAction":[{"@type":"ReadAction","target":["https:\/\/www.samenhaus.de\/gartenblog\/kaufberatung-pal-mark-und-zuckererbsen-welche-erbsensorten-zu-ihnen-passen"]}]},{"@type":"ImageObject","inLanguage":"de","@id":"https:\/\/www.samenhaus.de\/gartenblog\/kaufberatung-pal-mark-und-zuckererbsen-welche-erbsensorten-zu-ihnen-passen#primaryimage","url":"https:\/\/www.samenhaus.de\/gartenblog\/wp-content\/uploads\/2023\/05\/Erbsen_206962113.jpg","contentUrl":"https:\/\/www.samenhaus.de\/gartenblog\/wp-content\/uploads\/2023\/05\/Erbsen_206962113.jpg","width":845,"height":563,"caption":"Erbsen in Schale"},{"@type":"BreadcrumbList","@id":"https:\/\/www.samenhaus.de\/gartenblog\/kaufberatung-pal-mark-und-zuckererbsen-welche-erbsensorten-zu-ihnen-passen#breadcrumb","itemListElement":[{"@type":"ListItem","position":1,"name":"Startseite","item":"https:\/\/www.samenhaus.de\/gartenblog\/"},{"@type":"ListItem","position":2,"name":"Kaufberatung Pal-, Mark- und Zuckererbsen: Welche Erbsensorten zu Ihnen passen"}]},{"@type":"WebSite","@id":"https:\/\/www.samenhaus.de\/gartenblog\/#website","url":"https:\/\/www.samenhaus.de\/gartenblog\/","name":"Samenhaus Gartenblog","description":"","publisher":{"@id":"https:\/\/www.samenhaus.de\/gartenblog\/#organization"},"potentialAction":[{"@type":"SearchAction","target":{"@type":"EntryPoint","urlTemplate":"https:\/\/www.samenhaus.de\/gartenblog\/?s={search_term_string}"},"query-input":{"@type":"PropertyValueSpecification","valueRequired":true,"valueName":"search_term_string"}}],"inLanguage":"de"},{"@type":"Organization","@id":"https:\/\/www.samenhaus.de\/gartenblog\/#organization","name":"Samenhaus.de Gartenblog","url":"https:\/\/www.samenhaus.de\/gartenblog\/","logo":{"@type":"ImageObject","inLanguage":"de","@id":"https:\/\/www.samenhaus.de\/gartenblog\/#\/schema\/logo\/image\/","url":"https:\/\/www.samenhaus.de\/gartenblog\/wp-content\/uploads\/2020\/11\/logo.svg","contentUrl":"https:\/\/www.samenhaus.de\/gartenblog\/wp-content\/uploads\/2020\/11\/logo.svg","width":1,"height":1,"caption":"Samenhaus.de Gartenblog"},"image":{"@id":"https:\/\/www.samenhaus.de\/gartenblog\/#\/schema\/logo\/image\/"},"sameAs":["https:\/\/de-de.facebook.com\/samenhaus","https:\/\/x.com\/samenhaus"]},{"@type":"Person","@id":"https:\/\/www.samenhaus.de\/gartenblog\/#\/schema\/person\/e4c837ea32ec74c39497c1e69976fed5","name":"Sabine","image":{"@type":"ImageObject","inLanguage":"de","@id":"https:\/\/www.samenhaus.de\/gartenblog\/wp-content\/uploads\/2026\/03\/sabine-150x150.png","url":"https:\/\/www.samenhaus.de\/gartenblog\/wp-content\/uploads\/2026\/03\/sabine-150x150.png","contentUrl":"https:\/\/www.samenhaus.de\/gartenblog\/wp-content\/uploads\/2026\/03\/sabine-150x150.png","caption":"Sabine"},"description":"Sabine schreibt am liebsten \u00fcber Themen rund um den Selbstversorgergarten. Ob Gem\u00fcseanbau, Obstgarten, H\u00fchnerhaltung oder Konservierung und Verarbeitung, sie hat jede Menge eigene Erfahrung beizusteuern. Sie liebt es, den Blick \u00fcber die ersten zarten Pflanzen des Jahres schweifen zu lassen oder die gewaltige Ernte im Sommer und Herbst zu b\u00e4ndigen.","url":"https:\/\/www.samenhaus.de\/gartenblog\/author\/sabine"}]}},"wp-worthy-pixel":{"ignored":false,"public":"24d42e26fc05421e95d61c0d5c6f0b6f","server":"vg02.met.vgwort.de","url":"https:\/\/vg02.met.vgwort.de\/na\/24d42e26fc05421e95d61c0d5c6f0b6f"},"wp-worthy-type":"normal","_links":{"self":[{"href":"https:\/\/www.samenhaus.de\/gartenblog\/wp-json\/wp\/v2\/posts\/10621","targetHints":{"allow":["GET"]}}],"collection":[{"href":"https:\/\/www.samenhaus.de\/gartenblog\/wp-json\/wp\/v2\/posts"}],"about":[{"href":"https:\/\/www.samenhaus.de\/gartenblog\/wp-json\/wp\/v2\/types\/post"}],"author":[{"embeddable":true,"href":"https:\/\/www.samenhaus.de\/gartenblog\/wp-json\/wp\/v2\/users\/11"}],"replies":[{"embeddable":true,"href":"https:\/\/www.samenhaus.de\/gartenblog\/wp-json\/wp\/v2\/comments?post=10621"}],"version-history":[{"count":7,"href":"https:\/\/www.samenhaus.de\/gartenblog\/wp-json\/wp\/v2\/posts\/10621\/revisions"}],"predecessor-version":[{"id":18429,"href":"https:\/\/www.samenhaus.de\/gartenblog\/wp-json\/wp\/v2\/posts\/10621\/revisions\/18429"}],"wp:featuredmedia":[{"embeddable":true,"href":"https:\/\/www.samenhaus.de\/gartenblog\/wp-json\/wp\/v2\/media\/10985"}],"wp:attachment":[{"href":"https:\/\/www.samenhaus.de\/gartenblog\/wp-json\/wp\/v2\/media?parent=10621"}],"wp:term":[{"taxonomy":"category","embeddable":true,"href":"https:\/\/www.samenhaus.de\/gartenblog\/wp-json\/wp\/v2\/categories?post=10621"},{"taxonomy":"post_tag","embeddable":true,"href":"https:\/\/www.samenhaus.de\/gartenblog\/wp-json\/wp\/v2\/tags?post=10621"},{"taxonomy":"hersteller","embeddable":true,"href":"https:\/\/www.samenhaus.de\/gartenblog\/wp-json\/wp\/v2\/hersteller?post=10621"}],"curies":[{"name":"wp","href":"https:\/\/api.w.org\/{rel}","templated":true}]}}