{"id":10627,"date":"2023-08-10T09:00:21","date_gmt":"2023-08-10T09:00:21","guid":{"rendered":"https:\/\/www.samenhaus.de\/gartenblog\/?p=10627"},"modified":"2023-12-12T15:41:54","modified_gmt":"2023-12-12T14:41:54","slug":"gartengeraete-fuer-den-balkon","status":"publish","type":"post","link":"https:\/\/www.samenhaus.de\/gartenblog\/gartengeraete-fuer-den-balkon","title":{"rendered":"Gartenger\u00e4te f\u00fcr den Balkon"},"content":{"rendered":"<p>Im Gegensatz zur Arbeit in einem Garten reduzieren sich die Ger\u00e4tschaften, die man auf einem Balkon ben\u00f6tigt, deutlich. Dennoch gibt es einige Ger\u00e4te, die Sie unbedingt haben sollten, um effektiv an und mit Ihren Pflanzen arbeiten zu k\u00f6nnen. Wie auch im Garten sollten Sie diese Utensilien nach dem Gebrauch stets reinigen und trocknen. So verhindern Sie, dass Ger\u00e4te kaputtgehen oder rosten. Zur\u00a0 Aufbewahrung empfiehlt sich ein kleines Schr\u00e4nkchen, das Sie direkt auf Balkon oder Terrasse deponieren k\u00f6nnen. Aber auch die Aufbewahrung in der Wohnung ist kein Problem. Anders als im Garten sind die Ger\u00e4te f\u00fcr den Balkon gut in Schr\u00e4nkchen oder einer Schublade zu verstauen.<\/p>\n<h2><span class=\"ez-toc-section\" id=\"Welche_Arbeiten_sind_zu_erledigen\"><\/span>Welche Arbeiten sind zu erledigen?<span class=\"ez-toc-section-end\"><\/span><\/h2>\n<p><img loading=\"lazy\" decoding=\"async\" class=\"size-full wp-image-12569 alignright\" src=\"https:\/\/www.samenhaus.de\/gartenblog\/wp-content\/uploads\/2023\/07\/Gartengeraete-Balkon_434774235.jpg\" alt=\"Balkonarbeiten\" width=\"300\" height=\"200\" \/>Bevor Sie sich mit Ger\u00e4ten eindecken, sollten Sie \u00fcberlegen, welche Arbeiten auf einem Balkon alles zu erledigen sind:<\/p>\n<ul>\n<li>M\u00f6chte ich Blumen in K\u00e4sten, K\u00fcbeln und\/oder T\u00f6pfen anpflanzen?<\/li>\n<li>Habe ich Kletterpflanzen?<\/li>\n<li>Sollen H\u00e4ngepflanzen angebracht werden?<\/li>\n<li>Bin ich Selbstversorger und m\u00f6chte Kr\u00e4uter und Gem\u00fcse auf dem Balkon und der Terrasse haben?<\/li>\n<li>Habe ich ein- oder mehrj\u00e4hrige Pflanzen?<\/li>\n<li>Sind die Pflanzen winterhart?<\/li>\n<li>Wie umfangreich ist die Pflege der Pflanzen?<\/li>\n<\/ul>\n<p>Denken Sie bei Arbeiten auf dem Balkon nicht nur an Ihre Pflanzen, sondern auch an die Sauberkeit von B\u00f6den und Balkonm\u00f6beln.<\/p>\n<h2><span class=\"ez-toc-section\" id=\"Diese_Geraete_sind_sinnvoll\"><\/span>Diese Ger\u00e4te sind sinnvoll<span class=\"ez-toc-section-end\"><\/span><\/h2>\n<p>Welche <a href=\"https:\/\/www.samenhaus.de\/gartengeraete-gartenwerkzeuge\" target=\"_blank\" rel=\"noopener\">Gartenger\u00e4te<\/a> sollten Sie also auf Ihrem Balkon haben und wie werden diese eingesetzt?\u00a0 Wir schauen uns das mal etwas genauer an:<\/p>\n<table class=\"custom-table-1\" width=\"100%\" cellspacing=\"0\" cellpadding=\"4\">\n<tbody>\n<tr>\n<td width=\"151\"><strong>Gartenschere<\/strong><\/td>\n<td width=\"454\">Eine Gartenschere, die auch als Rosenschere oder Rebschere bekannt ist, wird zum Schneiden von d\u00fcnnen \u00c4sten und Trieben verwendet. Auch vergangene Bl\u00fcten k\u00f6nnen damit entfernt werden. Und nat\u00fcrlich ist sie f\u00fcr einen R\u00fcckschnitt von Pflanzen bestens geeignet.<\/td>\n<\/tr>\n<tr>\n<td width=\"151\"><strong>Blumenkelle<\/strong><\/td>\n<td width=\"454\">Mit einer Blumenkelle k\u00f6nnen Sie gerade bei gr\u00f6\u00dferen K\u00fcbeln ideal Blumen ein- und umpflanzen. Sie schaufeln damit au\u00dferdem die Erde, ohne sich die Finger unn\u00f6tig schmutzig zu machen.<\/td>\n<\/tr>\n<tr>\n<td width=\"151\"><strong>Handgrubber<\/strong><\/td>\n<td width=\"454\">Ein Handgrubber wird auch H\u00fchnerkralle genannt. Er wird eingesetzt, wenn der Boden aufgelockert werden soll. Dabei ist immer darauf zu achten, dass flache Wurzeln nicht besch\u00e4digt werden, denn der Dreizack kann auch unerw\u00fcnschte Unkr\u00e4uter aus der Erde entfernen.<\/td>\n<\/tr>\n<tr>\n<td width=\"151\"><strong>Blumenrechen<\/strong><\/td>\n<td width=\"454\">Gerade bei gr\u00f6\u00dferen K\u00fcbeln ist ein Blumenrechen zum Einsammeln abgestorbener Bl\u00e4tter oder Bl\u00fcten sinnvoll. Auch Unrat, der durch den Wind in die K\u00fcbel und K\u00e4sten geweht wird, kann so schnell entfernt werden.<\/td>\n<\/tr>\n<tr>\n<td width=\"151\"><strong>Blumengabel<\/strong><\/td>\n<td width=\"454\">Mit einer Blumengabel wird das Umpflanzen zum Kinderspiel. Die flachen Zacken dringen sehr leicht in die Erde ein, durch die Formung kann die Pflanze einfach aus der Erde gehebelt werden.<\/td>\n<\/tr>\n<tr>\n<td width=\"151\"><strong>Unkrautstecher<\/strong><\/td>\n<td width=\"454\">Wer glaubt, dass auf dem Balkon keine Unkr\u00e4uter wachsen, der irrt. Zum einen enthalten Blumenerden oftmals diverse Samen, zum anderen weht der Wind Samen auch in Blumenk\u00e4sten. Mit einem Unkrautstecher k\u00f6nnen Sie dem ungeliebten Gr\u00fcnzeug Herr werden. \u00c4hnlich geformt wie eine Blumenkelle ist der Unkrautstecher um einige schm\u00e4ler und dringt so problemlos in die Erde ein.<\/td>\n<\/tr>\n<tr>\n<td width=\"151\"><strong>Gie\u00dfkanne<\/strong><\/td>\n<td width=\"454\">Unn\u00f6tig zu sagen, dass eine Gie\u00dfkanne ein Muss auf jedem Balkon und jeder Terrasse ist. Je nach Gr\u00f6\u00dfe des Freisitzes bzw. der Anzahl der Blumen, sollte die Gie\u00dfkanne ein entsprechendes Fassungsverm\u00f6gen haben. Empfehlenswert sind 5 bis 10-Liter-Kannen. Bei kleineren Kannen m\u00fcssten Sie zu oft Wasser holen gehen, bei gr\u00f6\u00dferen w\u00e4re der Ausguss f\u00fcr kleine T\u00f6pfe zu gro\u00df. Sprich, es k\u00e4me zu viel Wasser auf einmal heraus.<\/td>\n<\/tr>\n<tr>\n<td width=\"151\"><strong>Gartenhandschuhe<\/strong><\/td>\n<td width=\"454\">Sehr sinnvoll sind auch Gartenhandschuhe. Zum einen, weil Sie sich dadurch die H\u00e4nde nicht schmutzig machen, zum anderen aber auch zum Schutz vor Verletzungen, gerade an Pflanzen mit Dornen oder Stacheln, wie etwa Rosen. Ein weiterer Vorteil: Manche Pflanzen sind giftig (Tulpen, Blauregen, Engelstrompeten, Narzissen etc.), sodass Sie durch die Gartenhandschuhe einen ausreichenden Schutz haben.<\/td>\n<\/tr>\n<tr>\n<td width=\"151\"><strong>Schaufel und Besen<\/strong><\/td>\n<td width=\"454\">Ebenfalls wichtig, denn beim G\u00e4rtnern auf dem Balkon geht auch gerne mal etwas daneben. Mit Handschaufel und Kehrbesen ist der Schmutz schnell beseitigt.<\/td>\n<\/tr>\n<\/tbody>\n<\/table>\n<h2><span class=\"ez-toc-section\" id=\"Gartengeraete_%E2%80%93_nice_to_have\"><\/span>Gartenger\u00e4te &#8211; nice to have<span class=\"ez-toc-section-end\"><\/span><\/h2>\n<p><img loading=\"lazy\" decoding=\"async\" class=\"size-full wp-image-12568 alignright\" src=\"https:\/\/www.samenhaus.de\/gartenblog\/wp-content\/uploads\/2023\/07\/Gartengeraete-Balkon_50879595.jpg\" alt=\"Anzucht Balkon\" width=\"300\" height=\"200\" \/>Wie schon erw\u00e4hnt kommt es darauf an, welche Arbeiten Sie auf dem Balkon erledigen wollen. Entsprechend k\u00f6nnen folgende Ger\u00e4te durchaus Sinn machen, sind aber in den meisten F\u00e4llen nicht zwingend n\u00f6tig:<\/p>\n<ul>\n<li><strong>Automatikpflanzer:<\/strong> Damit k\u00f6nnen Sie Blumenzwiebeln kinderleicht und vor allem in der richtigen Tiefe setzen. Der Automatikpflanzer hebt dazu die Erde durch Drehen des Ger\u00e4tes automatisch aus. Sie setzen nur noch die Blumenzwiebel und geben die entnommene Erde wieder in das Loch zur\u00fcck.<\/li>\n<li><strong>Fugenkratzer:<\/strong> Sinnvoll f\u00fcr alle, die auf Balkon oder Terrasse Bodenplatten haben, in deren Fugenbereich Unkr\u00e4uter wachsen k\u00f6nnen. Mit dem Fugenkratzer werden diese spielend entfernt.<\/li>\n<li><strong><a href=\"https:\/\/www.samenhaus.de\/anzuchttoepfe\" target=\"_blank\" rel=\"noopener\">Anzuchtt\u00f6pfe<\/a>\/<a href=\"https:\/\/www.samenhaus.de\/anzuchtschalen-anzuchtplatten\" target=\"_blank\" rel=\"noopener\">Anzuchtschalen<\/a>:<\/strong> Diese praktischen Utensilien sind immer dann geeignet, wenn Sie selber Samen ausbringen und die Pflanzen gro\u00dfziehen wollen. Wenn Sie auf dem Balkon ein kleines Gew\u00e4chshaus haben, k\u00f6nnen Sie die Anzucht direkt im Freien erledigen, ansonsten keimen Samen am besten auf einer hellen Fensterbank.<\/li>\n<li><strong>Pflanztisch:<\/strong> F\u00fcr alle Arbeiten auf dem Balkon haben Sie mit einem Pflanztisch die richtige Arbeitsh\u00f6he. Und nicht nur das: Mit dem extra auf Pflanzarbeiten ausgerichteten Platz macht es nichts, wenn mal Erde danebengeht. Arbeiten Sie immer an einem festen Platz und schonen Sie Gartentisch, Kaffeetisch &amp; Co.<\/li>\n<\/ul>\n<p><strong>Unser Tipp zum Schluss:<\/strong> Kontrollieren Sie nach der Balkonsaison die Gartenger\u00e4te auf ihre Funktionalit\u00e4t. Sitzen alle Schrauben noch sicher, sind Scheren noch scharf, sind Kunststoffgriffe intakt, ist irgendwo Rost zu sehen? Wenn Sie bereits im Herbst daf\u00fcr sorgen, dass Ihre Gartenger\u00e4te in einem einwandfreien Zustand sind, k\u00f6nnen Sie im Fr\u00fchling sofort wieder loslegen und Ihren Freisitz begr\u00fcnen.<\/p>\n","protected":false},"excerpt":{"rendered":"<p>Im Gegensatz zur Arbeit in einem Garten reduzieren sich die Ger\u00e4tschaften, die man auf einem Balkon ben\u00f6tigt, deutlich. Dennoch gibt es einige Ger\u00e4te, die Sie unbedingt haben sollten, um effektiv an und mit Ihren Pflanzen arbeiten zu k\u00f6nnen. Wie auch im Garten sollten Sie diese Utensilien nach dem Gebrauch stets reinigen und trocknen. So verhindern Sie, dass Ger\u00e4te kaputtgehen oder rosten. Zur\u00a0 Aufbewahrung empfiehlt sich ein kleines Schr\u00e4nkchen, das Sie direkt auf Balkon oder Terrasse deponieren k\u00f6nnen. Aber auch die Aufbewahrung in der Wohnung ist kein Problem. Anders als im Garten sind die Ger\u00e4te f\u00fcr den Balkon gut in Schr\u00e4nkchen oder einer Schublade zu verstauen. Welche Arbeiten sind zu erledigen? Bevor Sie sich mit Ger\u00e4ten eindecken, sollten Sie \u00fcberlegen, welche Arbeiten auf einem Balkon alles zu erledigen sind: M\u00f6chte ich Blumen in K\u00e4sten, K\u00fcbeln und\/oder T\u00f6pfen anpflanzen? Habe ich Kletterpflanzen? Sollen H\u00e4ngepflanzen angebracht werden? Bin ich Selbstversorger und m\u00f6chte Kr\u00e4uter und Gem\u00fcse auf dem Balkon und der Terrasse haben? Habe ich ein- oder mehrj\u00e4hrige Pflanzen? Sind die Pflanzen winterhart? Wie umfangreich ist die Pflege der Pflanzen? Denken Sie bei Arbeiten auf dem Balkon nicht nur an Ihre Pflanzen, sondern auch an die Sauberkeit von B\u00f6den und Balkonm\u00f6beln. Diese Ger\u00e4te sind [&hellip;]<\/p>\n","protected":false},"author":13,"featured_media":12570,"comment_status":"open","ping_status":"open","sticky":false,"template":"","format":"standard","meta":{"_acf_changed":false,"footnotes":""},"categories":[16],"tags":[],"hersteller":[],"class_list":["post-10627","post","type-post","status-publish","format-standard","has-post-thumbnail","hentry","category-balkon-und-terrasse"],"acf":[],"yoast_head":"<!-- This site is optimized with the Yoast SEO plugin v27.4 - https:\/\/yoast.com\/product\/yoast-seo-wordpress\/ -->\n<title>Gartenger\u00e4te f\u00fcr den Balkon - Samenhaus Gartenblog<\/title>\n<meta name=\"description\" content=\"Gartenger\u00e4te erleichtern die Gartenarbeit. Auch f\u00fcr den Balkon sollten einige Gartenhelfer nicht fehlen. neben Handschuhe, Handgabel und Schaufel sollte ein Handrechen nicht fehlen.\" \/>\n<meta name=\"robots\" content=\"index, follow, max-snippet:-1, max-image-preview:large, max-video-preview:-1\" \/>\n<link rel=\"canonical\" href=\"https:\/\/www.samenhaus.de\/gartenblog\/gartengeraete-fuer-den-balkon\" \/>\n<meta property=\"og:locale\" content=\"de_DE\" \/>\n<meta property=\"og:type\" content=\"article\" \/>\n<meta property=\"og:title\" content=\"Gartenger\u00e4te f\u00fcr den Balkon - Samenhaus Gartenblog\" \/>\n<meta property=\"og:description\" content=\"Gartenger\u00e4te erleichtern die Gartenarbeit. Auch f\u00fcr den Balkon sollten einige Gartenhelfer nicht fehlen. neben Handschuhe, Handgabel und Schaufel sollte ein Handrechen nicht fehlen.\" \/>\n<meta property=\"og:url\" content=\"https:\/\/www.samenhaus.de\/gartenblog\/gartengeraete-fuer-den-balkon\" \/>\n<meta property=\"og:site_name\" content=\"Samenhaus Gartenblog\" \/>\n<meta property=\"article:publisher\" content=\"https:\/\/de-de.facebook.com\/samenhaus\" \/>\n<meta property=\"article:published_time\" content=\"2023-08-10T09:00:21+00:00\" \/>\n<meta property=\"article:modified_time\" content=\"2023-12-12T14:41:54+00:00\" \/>\n<meta property=\"og:image\" content=\"https:\/\/www.samenhaus.de\/gartenblog\/wp-content\/uploads\/2023\/07\/Gartengeraete-Balkon_585969370.jpg\" \/>\n\t<meta property=\"og:image:width\" content=\"1000\" \/>\n\t<meta property=\"og:image:height\" content=\"560\" \/>\n\t<meta property=\"og:image:type\" content=\"image\/jpeg\" \/>\n<meta name=\"author\" content=\"Holger\" \/>\n<meta name=\"twitter:card\" content=\"summary_large_image\" \/>\n<meta name=\"twitter:creator\" content=\"@samenhaus\" \/>\n<meta name=\"twitter:site\" content=\"@samenhaus\" \/>\n<meta name=\"twitter:label1\" content=\"Verfasst von\" \/>\n\t<meta name=\"twitter:data1\" content=\"Holger\" \/>\n\t<meta name=\"twitter:label2\" content=\"Gesch\u00e4tzte Lesezeit\" \/>\n\t<meta name=\"twitter:data2\" content=\"6\u00a0Minuten\" \/>\n<script type=\"application\/ld+json\" class=\"yoast-schema-graph\">{\"@context\":\"https:\\\/\\\/schema.org\",\"@graph\":[{\"@type\":\"Article\",\"@id\":\"https:\\\/\\\/www.samenhaus.de\\\/gartenblog\\\/gartengeraete-fuer-den-balkon#article\",\"isPartOf\":{\"@id\":\"https:\\\/\\\/www.samenhaus.de\\\/gartenblog\\\/gartengeraete-fuer-den-balkon\"},\"author\":{\"name\":\"Holger\",\"@id\":\"https:\\\/\\\/www.samenhaus.de\\\/gartenblog\\\/#\\\/schema\\\/person\\\/de169769587431893823f62b2ce06c04\"},\"headline\":\"Gartenger\u00e4te f\u00fcr den Balkon\",\"datePublished\":\"2023-08-10T09:00:21+00:00\",\"dateModified\":\"2023-12-12T14:41:54+00:00\",\"mainEntityOfPage\":{\"@id\":\"https:\\\/\\\/www.samenhaus.de\\\/gartenblog\\\/gartengeraete-fuer-den-balkon\"},\"wordCount\":945,\"commentCount\":0,\"publisher\":{\"@id\":\"https:\\\/\\\/www.samenhaus.de\\\/gartenblog\\\/#organization\"},\"image\":{\"@id\":\"https:\\\/\\\/www.samenhaus.de\\\/gartenblog\\\/gartengeraete-fuer-den-balkon#primaryimage\"},\"thumbnailUrl\":\"https:\\\/\\\/www.samenhaus.de\\\/gartenblog\\\/wp-content\\\/uploads\\\/2023\\\/07\\\/Gartengeraete-Balkon_585969370.jpg\",\"articleSection\":[\"Balkon und Terrasse\"],\"inLanguage\":\"de\",\"potentialAction\":[{\"@type\":\"CommentAction\",\"name\":\"Comment\",\"target\":[\"https:\\\/\\\/www.samenhaus.de\\\/gartenblog\\\/gartengeraete-fuer-den-balkon#respond\"]}],\"copyrightYear\":\"2023\",\"copyrightHolder\":{\"@id\":\"https:\\\/\\\/www.samenhaus.de\\\/gartenblog\\\/#organization\"}},{\"@type\":\"WebPage\",\"@id\":\"https:\\\/\\\/www.samenhaus.de\\\/gartenblog\\\/gartengeraete-fuer-den-balkon\",\"url\":\"https:\\\/\\\/www.samenhaus.de\\\/gartenblog\\\/gartengeraete-fuer-den-balkon\",\"name\":\"Gartenger\u00e4te f\u00fcr den Balkon - Samenhaus Gartenblog\",\"isPartOf\":{\"@id\":\"https:\\\/\\\/www.samenhaus.de\\\/gartenblog\\\/#website\"},\"primaryImageOfPage\":{\"@id\":\"https:\\\/\\\/www.samenhaus.de\\\/gartenblog\\\/gartengeraete-fuer-den-balkon#primaryimage\"},\"image\":{\"@id\":\"https:\\\/\\\/www.samenhaus.de\\\/gartenblog\\\/gartengeraete-fuer-den-balkon#primaryimage\"},\"thumbnailUrl\":\"https:\\\/\\\/www.samenhaus.de\\\/gartenblog\\\/wp-content\\\/uploads\\\/2023\\\/07\\\/Gartengeraete-Balkon_585969370.jpg\",\"datePublished\":\"2023-08-10T09:00:21+00:00\",\"dateModified\":\"2023-12-12T14:41:54+00:00\",\"description\":\"Gartenger\u00e4te erleichtern die Gartenarbeit. Auch f\u00fcr den Balkon sollten einige Gartenhelfer nicht fehlen. neben Handschuhe, Handgabel und Schaufel sollte ein Handrechen nicht fehlen.\",\"breadcrumb\":{\"@id\":\"https:\\\/\\\/www.samenhaus.de\\\/gartenblog\\\/gartengeraete-fuer-den-balkon#breadcrumb\"},\"inLanguage\":\"de\",\"potentialAction\":[{\"@type\":\"ReadAction\",\"target\":[\"https:\\\/\\\/www.samenhaus.de\\\/gartenblog\\\/gartengeraete-fuer-den-balkon\"]}]},{\"@type\":\"ImageObject\",\"inLanguage\":\"de\",\"@id\":\"https:\\\/\\\/www.samenhaus.de\\\/gartenblog\\\/gartengeraete-fuer-den-balkon#primaryimage\",\"url\":\"https:\\\/\\\/www.samenhaus.de\\\/gartenblog\\\/wp-content\\\/uploads\\\/2023\\\/07\\\/Gartengeraete-Balkon_585969370.jpg\",\"contentUrl\":\"https:\\\/\\\/www.samenhaus.de\\\/gartenblog\\\/wp-content\\\/uploads\\\/2023\\\/07\\\/Gartengeraete-Balkon_585969370.jpg\",\"width\":1000,\"height\":560,\"caption\":\"Balkon Gartenger\u00e4te\"},{\"@type\":\"BreadcrumbList\",\"@id\":\"https:\\\/\\\/www.samenhaus.de\\\/gartenblog\\\/gartengeraete-fuer-den-balkon#breadcrumb\",\"itemListElement\":[{\"@type\":\"ListItem\",\"position\":1,\"name\":\"Startseite\",\"item\":\"https:\\\/\\\/www.samenhaus.de\\\/gartenblog\\\/\"},{\"@type\":\"ListItem\",\"position\":2,\"name\":\"Gartenger\u00e4te f\u00fcr den Balkon\"}]},{\"@type\":\"WebSite\",\"@id\":\"https:\\\/\\\/www.samenhaus.de\\\/gartenblog\\\/#website\",\"url\":\"https:\\\/\\\/www.samenhaus.de\\\/gartenblog\\\/\",\"name\":\"Samenhaus Gartenblog\",\"description\":\"\",\"publisher\":{\"@id\":\"https:\\\/\\\/www.samenhaus.de\\\/gartenblog\\\/#organization\"},\"potentialAction\":[{\"@type\":\"SearchAction\",\"target\":{\"@type\":\"EntryPoint\",\"urlTemplate\":\"https:\\\/\\\/www.samenhaus.de\\\/gartenblog\\\/?s={search_term_string}\"},\"query-input\":{\"@type\":\"PropertyValueSpecification\",\"valueRequired\":true,\"valueName\":\"search_term_string\"}}],\"inLanguage\":\"de\"},{\"@type\":\"Organization\",\"@id\":\"https:\\\/\\\/www.samenhaus.de\\\/gartenblog\\\/#organization\",\"name\":\"Samenhaus.de Gartenblog\",\"url\":\"https:\\\/\\\/www.samenhaus.de\\\/gartenblog\\\/\",\"logo\":{\"@type\":\"ImageObject\",\"inLanguage\":\"de\",\"@id\":\"https:\\\/\\\/www.samenhaus.de\\\/gartenblog\\\/#\\\/schema\\\/logo\\\/image\\\/\",\"url\":\"https:\\\/\\\/www.samenhaus.de\\\/gartenblog\\\/wp-content\\\/uploads\\\/2020\\\/11\\\/logo.svg\",\"contentUrl\":\"https:\\\/\\\/www.samenhaus.de\\\/gartenblog\\\/wp-content\\\/uploads\\\/2020\\\/11\\\/logo.svg\",\"width\":1,\"height\":1,\"caption\":\"Samenhaus.de Gartenblog\"},\"image\":{\"@id\":\"https:\\\/\\\/www.samenhaus.de\\\/gartenblog\\\/#\\\/schema\\\/logo\\\/image\\\/\"},\"sameAs\":[\"https:\\\/\\\/de-de.facebook.com\\\/samenhaus\",\"https:\\\/\\\/x.com\\\/samenhaus\"]},{\"@type\":\"Person\",\"@id\":\"https:\\\/\\\/www.samenhaus.de\\\/gartenblog\\\/#\\\/schema\\\/person\\\/de169769587431893823f62b2ce06c04\",\"name\":\"Holger\",\"image\":{\"@type\":\"ImageObject\",\"inLanguage\":\"de\",\"@id\":\"https:\\\/\\\/www.samenhaus.de\\\/gartenblog\\\/wp-content\\\/uploads\\\/2026\\\/03\\\/Holger-150x150.png\",\"url\":\"https:\\\/\\\/www.samenhaus.de\\\/gartenblog\\\/wp-content\\\/uploads\\\/2026\\\/03\\\/Holger-150x150.png\",\"contentUrl\":\"https:\\\/\\\/www.samenhaus.de\\\/gartenblog\\\/wp-content\\\/uploads\\\/2026\\\/03\\\/Holger-150x150.png\",\"caption\":\"Holger\"},\"description\":\"6.000.000 W\u00f6rter \u2013 so viel k\u00f6nnen Sie in etwa von mir online lesen. Das F\u00fcllen des Internets entwickelte sich nach meiner Ausbildung zum TV-Redakteur und der langj\u00e4hrigen Arbeit bei SAT.1 zu einem Fulltime-Job. Trotzdem finde ich noch gen\u00fcgend Zeit, um in meinem Garten zu werkeln. Eine Staude hier, ein Bl\u00fcmchen dort und ein bisschen Gem\u00fcse darf auch nicht fehlen \u2013 einen Schnitzelbaum gibt es ja noch nicht \u2026 Die besten geistigen Erg\u00fcsse habe ich \u00fcbrigens, wenn ich IM Garten \u00dcBER den Garten schreiben kann. So vereinen sich Beruf und Hobby perfekt \u2013 was gibt es Sch\u00f6neres?\",\"url\":\"https:\\\/\\\/www.samenhaus.de\\\/gartenblog\\\/author\\\/holger\"}]}<\/script>\n<!-- \/ Yoast SEO plugin. -->","yoast_head_json":{"title":"Gartenger\u00e4te f\u00fcr den Balkon - Samenhaus Gartenblog","description":"Gartenger\u00e4te erleichtern die Gartenarbeit. Auch f\u00fcr den Balkon sollten einige Gartenhelfer nicht fehlen. neben Handschuhe, Handgabel und Schaufel sollte ein Handrechen nicht fehlen.","robots":{"index":"index","follow":"follow","max-snippet":"max-snippet:-1","max-image-preview":"max-image-preview:large","max-video-preview":"max-video-preview:-1"},"canonical":"https:\/\/www.samenhaus.de\/gartenblog\/gartengeraete-fuer-den-balkon","og_locale":"de_DE","og_type":"article","og_title":"Gartenger\u00e4te f\u00fcr den Balkon - Samenhaus Gartenblog","og_description":"Gartenger\u00e4te erleichtern die Gartenarbeit. Auch f\u00fcr den Balkon sollten einige Gartenhelfer nicht fehlen. neben Handschuhe, Handgabel und Schaufel sollte ein Handrechen nicht fehlen.","og_url":"https:\/\/www.samenhaus.de\/gartenblog\/gartengeraete-fuer-den-balkon","og_site_name":"Samenhaus Gartenblog","article_publisher":"https:\/\/de-de.facebook.com\/samenhaus","article_published_time":"2023-08-10T09:00:21+00:00","article_modified_time":"2023-12-12T14:41:54+00:00","og_image":[{"width":1000,"height":560,"url":"https:\/\/www.samenhaus.de\/gartenblog\/wp-content\/uploads\/2023\/07\/Gartengeraete-Balkon_585969370.jpg","type":"image\/jpeg"}],"author":"Holger","twitter_card":"summary_large_image","twitter_creator":"@samenhaus","twitter_site":"@samenhaus","twitter_misc":{"Verfasst von":"Holger","Gesch\u00e4tzte Lesezeit":"6\u00a0Minuten"},"schema":{"@context":"https:\/\/schema.org","@graph":[{"@type":"Article","@id":"https:\/\/www.samenhaus.de\/gartenblog\/gartengeraete-fuer-den-balkon#article","isPartOf":{"@id":"https:\/\/www.samenhaus.de\/gartenblog\/gartengeraete-fuer-den-balkon"},"author":{"name":"Holger","@id":"https:\/\/www.samenhaus.de\/gartenblog\/#\/schema\/person\/de169769587431893823f62b2ce06c04"},"headline":"Gartenger\u00e4te f\u00fcr den Balkon","datePublished":"2023-08-10T09:00:21+00:00","dateModified":"2023-12-12T14:41:54+00:00","mainEntityOfPage":{"@id":"https:\/\/www.samenhaus.de\/gartenblog\/gartengeraete-fuer-den-balkon"},"wordCount":945,"commentCount":0,"publisher":{"@id":"https:\/\/www.samenhaus.de\/gartenblog\/#organization"},"image":{"@id":"https:\/\/www.samenhaus.de\/gartenblog\/gartengeraete-fuer-den-balkon#primaryimage"},"thumbnailUrl":"https:\/\/www.samenhaus.de\/gartenblog\/wp-content\/uploads\/2023\/07\/Gartengeraete-Balkon_585969370.jpg","articleSection":["Balkon und Terrasse"],"inLanguage":"de","potentialAction":[{"@type":"CommentAction","name":"Comment","target":["https:\/\/www.samenhaus.de\/gartenblog\/gartengeraete-fuer-den-balkon#respond"]}],"copyrightYear":"2023","copyrightHolder":{"@id":"https:\/\/www.samenhaus.de\/gartenblog\/#organization"}},{"@type":"WebPage","@id":"https:\/\/www.samenhaus.de\/gartenblog\/gartengeraete-fuer-den-balkon","url":"https:\/\/www.samenhaus.de\/gartenblog\/gartengeraete-fuer-den-balkon","name":"Gartenger\u00e4te f\u00fcr den Balkon - Samenhaus Gartenblog","isPartOf":{"@id":"https:\/\/www.samenhaus.de\/gartenblog\/#website"},"primaryImageOfPage":{"@id":"https:\/\/www.samenhaus.de\/gartenblog\/gartengeraete-fuer-den-balkon#primaryimage"},"image":{"@id":"https:\/\/www.samenhaus.de\/gartenblog\/gartengeraete-fuer-den-balkon#primaryimage"},"thumbnailUrl":"https:\/\/www.samenhaus.de\/gartenblog\/wp-content\/uploads\/2023\/07\/Gartengeraete-Balkon_585969370.jpg","datePublished":"2023-08-10T09:00:21+00:00","dateModified":"2023-12-12T14:41:54+00:00","description":"Gartenger\u00e4te erleichtern die Gartenarbeit. Auch f\u00fcr den Balkon sollten einige Gartenhelfer nicht fehlen. neben Handschuhe, Handgabel und Schaufel sollte ein Handrechen nicht fehlen.","breadcrumb":{"@id":"https:\/\/www.samenhaus.de\/gartenblog\/gartengeraete-fuer-den-balkon#breadcrumb"},"inLanguage":"de","potentialAction":[{"@type":"ReadAction","target":["https:\/\/www.samenhaus.de\/gartenblog\/gartengeraete-fuer-den-balkon"]}]},{"@type":"ImageObject","inLanguage":"de","@id":"https:\/\/www.samenhaus.de\/gartenblog\/gartengeraete-fuer-den-balkon#primaryimage","url":"https:\/\/www.samenhaus.de\/gartenblog\/wp-content\/uploads\/2023\/07\/Gartengeraete-Balkon_585969370.jpg","contentUrl":"https:\/\/www.samenhaus.de\/gartenblog\/wp-content\/uploads\/2023\/07\/Gartengeraete-Balkon_585969370.jpg","width":1000,"height":560,"caption":"Balkon Gartenger\u00e4te"},{"@type":"BreadcrumbList","@id":"https:\/\/www.samenhaus.de\/gartenblog\/gartengeraete-fuer-den-balkon#breadcrumb","itemListElement":[{"@type":"ListItem","position":1,"name":"Startseite","item":"https:\/\/www.samenhaus.de\/gartenblog\/"},{"@type":"ListItem","position":2,"name":"Gartenger\u00e4te f\u00fcr den Balkon"}]},{"@type":"WebSite","@id":"https:\/\/www.samenhaus.de\/gartenblog\/#website","url":"https:\/\/www.samenhaus.de\/gartenblog\/","name":"Samenhaus Gartenblog","description":"","publisher":{"@id":"https:\/\/www.samenhaus.de\/gartenblog\/#organization"},"potentialAction":[{"@type":"SearchAction","target":{"@type":"EntryPoint","urlTemplate":"https:\/\/www.samenhaus.de\/gartenblog\/?s={search_term_string}"},"query-input":{"@type":"PropertyValueSpecification","valueRequired":true,"valueName":"search_term_string"}}],"inLanguage":"de"},{"@type":"Organization","@id":"https:\/\/www.samenhaus.de\/gartenblog\/#organization","name":"Samenhaus.de Gartenblog","url":"https:\/\/www.samenhaus.de\/gartenblog\/","logo":{"@type":"ImageObject","inLanguage":"de","@id":"https:\/\/www.samenhaus.de\/gartenblog\/#\/schema\/logo\/image\/","url":"https:\/\/www.samenhaus.de\/gartenblog\/wp-content\/uploads\/2020\/11\/logo.svg","contentUrl":"https:\/\/www.samenhaus.de\/gartenblog\/wp-content\/uploads\/2020\/11\/logo.svg","width":1,"height":1,"caption":"Samenhaus.de Gartenblog"},"image":{"@id":"https:\/\/www.samenhaus.de\/gartenblog\/#\/schema\/logo\/image\/"},"sameAs":["https:\/\/de-de.facebook.com\/samenhaus","https:\/\/x.com\/samenhaus"]},{"@type":"Person","@id":"https:\/\/www.samenhaus.de\/gartenblog\/#\/schema\/person\/de169769587431893823f62b2ce06c04","name":"Holger","image":{"@type":"ImageObject","inLanguage":"de","@id":"https:\/\/www.samenhaus.de\/gartenblog\/wp-content\/uploads\/2026\/03\/Holger-150x150.png","url":"https:\/\/www.samenhaus.de\/gartenblog\/wp-content\/uploads\/2026\/03\/Holger-150x150.png","contentUrl":"https:\/\/www.samenhaus.de\/gartenblog\/wp-content\/uploads\/2026\/03\/Holger-150x150.png","caption":"Holger"},"description":"6.000.000 W\u00f6rter \u2013 so viel k\u00f6nnen Sie in etwa von mir online lesen. Das F\u00fcllen des Internets entwickelte sich nach meiner Ausbildung zum TV-Redakteur und der langj\u00e4hrigen Arbeit bei SAT.1 zu einem Fulltime-Job. Trotzdem finde ich noch gen\u00fcgend Zeit, um in meinem Garten zu werkeln. Eine Staude hier, ein Bl\u00fcmchen dort und ein bisschen Gem\u00fcse darf auch nicht fehlen \u2013 einen Schnitzelbaum gibt es ja noch nicht \u2026 Die besten geistigen Erg\u00fcsse habe ich \u00fcbrigens, wenn ich IM Garten \u00dcBER den Garten schreiben kann. So vereinen sich Beruf und Hobby perfekt \u2013 was gibt es Sch\u00f6neres?","url":"https:\/\/www.samenhaus.de\/gartenblog\/author\/holger"}]}},"wp-worthy-pixel":{"ignored":false,"public":"1519ca04922a4915afa6bc782c2fb8cf","server":"vg08.met.vgwort.de","url":"https:\/\/vg08.met.vgwort.de\/na\/1519ca04922a4915afa6bc782c2fb8cf"},"wp-worthy-type":"normal","_links":{"self":[{"href":"https:\/\/www.samenhaus.de\/gartenblog\/wp-json\/wp\/v2\/posts\/10627","targetHints":{"allow":["GET"]}}],"collection":[{"href":"https:\/\/www.samenhaus.de\/gartenblog\/wp-json\/wp\/v2\/posts"}],"about":[{"href":"https:\/\/www.samenhaus.de\/gartenblog\/wp-json\/wp\/v2\/types\/post"}],"author":[{"embeddable":true,"href":"https:\/\/www.samenhaus.de\/gartenblog\/wp-json\/wp\/v2\/users\/13"}],"replies":[{"embeddable":true,"href":"https:\/\/www.samenhaus.de\/gartenblog\/wp-json\/wp\/v2\/comments?post=10627"}],"version-history":[{"count":6,"href":"https:\/\/www.samenhaus.de\/gartenblog\/wp-json\/wp\/v2\/posts\/10627\/revisions"}],"predecessor-version":[{"id":15885,"href":"https:\/\/www.samenhaus.de\/gartenblog\/wp-json\/wp\/v2\/posts\/10627\/revisions\/15885"}],"wp:featuredmedia":[{"embeddable":true,"href":"https:\/\/www.samenhaus.de\/gartenblog\/wp-json\/wp\/v2\/media\/12570"}],"wp:attachment":[{"href":"https:\/\/www.samenhaus.de\/gartenblog\/wp-json\/wp\/v2\/media?parent=10627"}],"wp:term":[{"taxonomy":"category","embeddable":true,"href":"https:\/\/www.samenhaus.de\/gartenblog\/wp-json\/wp\/v2\/categories?post=10627"},{"taxonomy":"post_tag","embeddable":true,"href":"https:\/\/www.samenhaus.de\/gartenblog\/wp-json\/wp\/v2\/tags?post=10627"},{"taxonomy":"hersteller","embeddable":true,"href":"https:\/\/www.samenhaus.de\/gartenblog\/wp-json\/wp\/v2\/hersteller?post=10627"}],"curies":[{"name":"wp","href":"https:\/\/api.w.org\/{rel}","templated":true}]}}