{"id":10656,"date":"2023-04-14T09:00:01","date_gmt":"2023-04-14T09:00:01","guid":{"rendered":"https:\/\/www.samenhaus.de\/gartenblog\/?p=10656"},"modified":"2024-06-14T13:03:08","modified_gmt":"2024-06-14T11:03:08","slug":"clematiswelke-zwei-gefuerchtete-pilze","status":"publish","type":"post","link":"https:\/\/www.samenhaus.de\/gartenblog\/clematiswelke-zwei-gefuerchtete-pilze","title":{"rendered":"Clematiswelke \u2013 zwei gef\u00fcrchtete Pilze"},"content":{"rendered":"<p>Es ist immer die Rede von \u201eder Clematiswelke\u201c. Das assoziiert, dass damit eine Krankheit gemeint ist. Eigentlich handelt es sich aber um zwei unterschiedliche Erreger, die sich unterschiedlich zeigen. Auch wenn das Resultat bei beiden Krankheiten oftmals dasselbe ist, n\u00e4mlich dass die Pflanze \u2013 zumindest oberirdisch \u2013 abstirbt. Zum einen handelt es sich um die Phoma-Clematiswelke, zum anderen um die Fusarium-Clematiswelke. Phoma ist h\u00e4ufiger anzutreffen als Fusarium.<\/p>\n<h2><span class=\"ez-toc-section\" id=\"Die_Unterschiede_der_beiden_Krankheiten\"><\/span>Die Unterschiede der beiden Krankheiten<span class=\"ez-toc-section-end\"><\/span><\/h2>\n<ul>\n<li><strong>Phoma-Clematiswelke<\/strong><\/li>\n<\/ul>\n<p><img loading=\"lazy\" decoding=\"async\" class=\"size-full wp-image-10962 alignright\" src=\"https:\/\/www.samenhaus.de\/gartenblog\/wp-content\/uploads\/2023\/05\/Clematiswelke_402026265.jpg\" alt=\"Clematiswelke\" width=\"300\" height=\"199\" \/>Hierf\u00fcr verantwortlich ist der Pilz Ascochyta clematidina. Er macht sich bereits im Fr\u00fchjahr \u00fcber die Clematis her und bef\u00e4llt zu Beginn die Bl\u00e4tter. Dort sind zuerst kleine, im Laufe der Zeit immer gr\u00f6\u00dfere, hellbraune Verf\u00e4rbungen zu erkennen. Die Bl\u00e4tter welken in wenigen Tagen und sterben ab. Von den Bl\u00e4ttern breitet sich der Pilz dann weiter Richtung restlicher Pflanze aus. Beg\u00fcnstigt wird die Phoma-Clematiswelke durch eine feucht-warme Witterung. Innerhalb von zwei Wochen kann der Pilz die gesamte Waldrebe befallen. Besonders betroffen sind die gro\u00dfblumigen Hybriden, bei denen sich der Pilz meist \u00fcber die gesamte Pflanze hermacht. Wenngleich jede Clematis von dieser Pilzerkrankung heimgesucht werden kann, beschr\u00e4nkt sich die Krankheit bei anderen Hybriden meist nur auf die Bl\u00e4tter.<\/p>\n<ul>\n<li><strong>Fusarium-Clematiswelke<\/strong><\/li>\n<\/ul>\n<p>Coniothyrium cleamtidis-rectae \u2013 so hei\u00dft der Pilz, der die Fusarium-Clematiwelke hervorruft. Immer dann, wenn Risse in den Trieben der Pflanze vorhanden sind, k\u00f6nnen dadurch die Pilze eintreten. Diese Risse entstehen meistens durch starke Temperaturschwankungen, die vor allem im Winter auftreten. Aber auch durch Sch\u00e4den, die bei der Pflanzenpflege entstehen, finden die Pilze Eintrittspforten. Ist der Pilz erst einmal drin, verstopft er die Leitungsbahnen, sodass die Clematis kein Wasser mehr aufnehmen kann. In der Folge verwelken die Bl\u00e4tter und Triebe, die sich oberhalb der Infektion befinden. Da hierbei keine Flecken oder dergleichen auftreten, ist diese Art der Clematiswelke nicht so einfach zu bestimmen. Anf\u00e4llig sind hier ausschlie\u00dflich die gro\u00dfblumigen Hybriden.<\/p>\n<h2><span class=\"ez-toc-section\" id=\"Clematiswelke_bekaempfen\"><\/span>Clematiswelke bek\u00e4mpfen<span class=\"ez-toc-section-end\"><\/span><\/h2>\n<table class=\"custom-table-1\" width=\"100%\" cellspacing=\"0\" cellpadding=\"4\">\n<tbody>\n<tr>\n<td width=\"300\"><strong>Phoma-Clematiswelke<\/strong><\/td>\n<td width=\"307\"><strong>Fusarium-Clematiswelke<\/strong><\/td>\n<\/tr>\n<tr>\n<td width=\"300\"><\/td>\n<td width=\"307\"><\/td>\n<\/tr>\n<tr>\n<td width=\"300\">Da die Phoma-Clematiswelke immer auf den Unterseiten der \u00e4lteren Bl\u00e4tter beginnt, sollten Sie ab Mai in regelm\u00e4\u00dfigen Abst\u00e4nden Ihre Clematis auf Befall kontrollieren. Denn da sich der Pilz sehr schnell ausbreitet, ist auch schnelles Handeln gefragt. Sofern Sie Bl\u00e4tter mit entsprechenden Symptomen finden, entfernen Sie diese und entsorgen Sie sie \u00fcber den Hausm\u00fcll. Danach sollte ein Fungizid zum Einsatz kommen, mit dem Sie die Clematis einspr\u00fchen. Da man von au\u00dfen nicht sieht, ob der Pilz nicht bereits die Triebe angegriffen hat, kann es passieren, dass das Fungizid nicht mehr hilft. Die Pflanze stirbt dann oberirdisch ab. In diesem Fall die Clematis bodennah komplett abscheiden.<\/td>\n<td width=\"307\">Bei der Fusarium-Clematiswelke sterben einzelne Triebe ohne erkennbaren Grund ab. Dies passiert dann, wenn es l\u00e4ngere W\u00e4rmeperioden gibt, da der Pilz hohe Temperaturen zum Wachsen braucht. Somit sollten Sie ab Juni immer wieder kontrollieren, ob noch alles in Ordnung ist. Beginnen Triebe grundlos zu welken, sollten Sie die Clematis bodennah komplett herunterscheiden. Nur so kann die Pilz einged\u00e4mmt werden, da er selten in den Wurzelbereich vordringt.<\/td>\n<\/tr>\n<\/tbody>\n<\/table>\n<h2><span class=\"ez-toc-section\" id=\"Clematiswelke_vorbeugen\"><\/span>Clematiswelke vorbeugen<span class=\"ez-toc-section-end\"><\/span><\/h2>\n<p><img loading=\"lazy\" decoding=\"async\" class=\"size-full wp-image-10963 alignright\" src=\"https:\/\/www.samenhaus.de\/gartenblog\/wp-content\/uploads\/2023\/05\/Clematiswelke_600014280.jpg\" alt=\"pinkfarbene Clematis\" width=\"300\" height=\"200\" \/>Es gibt einige Dinge, die Sie tun k\u00f6nnen, um beide Varianten der Clematiswelke vorzubeugen:<\/p>\n<ul>\n<li>Lockern Sie den Boden immer tiefgr\u00fcndig auf. Das mag im Garten noch wichtiger sein, sollte bei Clematis auf dem Balkon aber nicht vernachl\u00e4ssigt werden. Denn nur so haben die Wurzeln ausreichend M\u00f6glichkeiten, sich zu entwickeln.<\/li>\n<li>Sofern Sie die M\u00f6glichkeiten haben, Laubhumus selbst herzustellen, geben Sie der Clematis eine gute Portion ab, ansonsten k\u00f6nnen Sie im Handel welchen erhalten.<\/li>\n<li>Sofern sich mehrere unterschiedliche Pflanzen einen <a href=\"https:\/\/www.samenhaus.de\/pflanzkuebel\" target=\"_blank\" rel=\"noopener\">Pflanzk\u00fcbel<\/a> mit der Clematis teilen, sorgen Sie f\u00fcr eine Wurzelsperre. So kommen sich die Wurzeln der verschiedenen Pflanzen nicht in die Quere.<\/li>\n<li>Im Winter ist es sinnvoll, die Pflanze vor der Sonne zu sch\u00fctzen, um so starke Temperaturschwankungen zu vermeiden. Stellen Sie die Clematis am besten in den Schatten oder unter ein Dach.<\/li>\n<li>Vermeiden Sie bei der Arbeit an der Pflanze Verletzungen, die dem Schadpilz das Eindringen in die Clematis einfacher machen.<\/li>\n<li>Verwenden Sie keine gro\u00dfblumigen Hybriden, die f\u00fcr die Clematiswelke anf\u00e4lliger sind. Wenn doch, dann w\u00e4hlen Sie Sorten, die im Sommer bl\u00fchen.<\/li>\n<\/ul>\n<h2><span class=\"ez-toc-section\" id=\"Ein_Lichtblick_bei_Clematiswelke\"><\/span>Ein Lichtblick bei Clematiswelke<span class=\"ez-toc-section-end\"><\/span><\/h2>\n<p>Ist die Clematis von der gef\u00e4hrlichen Pilzkrankheit befallen, hei\u00dft das noch nicht, dass sie komplett verloren ist. Wenn Sie schnell handeln und die Clematis bodennah abschneiden, stehen die Chancen gut, dass sie wieder austreibt. Das wird nicht sofort der Fall sein, sondern kann bis zu drei Jahre dauern.<\/p>\n<p>Eine Clematis soll nach M\u00f6glichkeit sehr tief in die Erde gepflanzt werden. W\u00e4hlen Sie einen K\u00fcbel, um die Pflanze bis zum ersten Knospenpaar einzugraben \u2013 dieses sollte gerade so \u00fcber der Erde liegen. Der Vorteil: Die Pilze dringen nicht bis in den Wurzelbereich vor. Das hei\u00dft, dass so ein Neuaustrieb durchaus m\u00f6glich ist.<\/p>\n","protected":false},"excerpt":{"rendered":"<p>Es ist immer die Rede von \u201eder Clematiswelke\u201c. Das assoziiert, dass damit eine Krankheit gemeint ist. Eigentlich handelt es sich aber um zwei unterschiedliche Erreger, die sich unterschiedlich zeigen. Auch wenn das Resultat bei beiden Krankheiten oftmals dasselbe ist, n\u00e4mlich dass die Pflanze \u2013 zumindest oberirdisch \u2013 abstirbt. Zum einen handelt es sich um die Phoma-Clematiswelke, zum anderen um die Fusarium-Clematiswelke. Phoma ist h\u00e4ufiger anzutreffen als Fusarium. Die Unterschiede der beiden Krankheiten Phoma-Clematiswelke Hierf\u00fcr verantwortlich ist der Pilz Ascochyta clematidina. Er macht sich bereits im Fr\u00fchjahr \u00fcber die Clematis her und bef\u00e4llt zu Beginn die Bl\u00e4tter. Dort sind zuerst kleine, im Laufe der Zeit immer gr\u00f6\u00dfere, hellbraune Verf\u00e4rbungen zu erkennen. Die Bl\u00e4tter welken in wenigen Tagen und sterben ab. Von den Bl\u00e4ttern breitet sich der Pilz dann weiter Richtung restlicher Pflanze aus. Beg\u00fcnstigt wird die Phoma-Clematiswelke durch eine feucht-warme Witterung. Innerhalb von zwei Wochen kann der Pilz die gesamte Waldrebe befallen. Besonders betroffen sind die gro\u00dfblumigen Hybriden, bei denen sich der Pilz meist \u00fcber die gesamte Pflanze hermacht. Wenngleich jede Clematis von dieser Pilzerkrankung heimgesucht werden kann, beschr\u00e4nkt sich die Krankheit bei anderen Hybriden meist nur auf die Bl\u00e4tter. Fusarium-Clematiswelke Coniothyrium cleamtidis-rectae \u2013 so hei\u00dft der Pilz, der die Fusarium-Clematiwelke [&hellip;]<\/p>\n","protected":false},"author":13,"featured_media":10961,"comment_status":"open","ping_status":"open","sticky":false,"template":"","format":"standard","meta":{"_acf_changed":false,"footnotes":""},"categories":[13],"tags":[],"hersteller":[],"class_list":["post-10656","post","type-post","status-publish","format-standard","has-post-thumbnail","hentry","category-blumen"],"acf":[],"yoast_head":"<!-- This site is optimized with the Yoast SEO plugin v27.4 - https:\/\/yoast.com\/product\/yoast-seo-wordpress\/ -->\n<title>Clematiswelke \u2013 zwei gef\u00fcrchtete Pilze - Samenhaus Gartenblog<\/title>\n<meta name=\"description\" content=\"Bei der Clematiswelke handelt es sich um zwei unterschiedliche Pilze, welche die Pflanze befallen. Dabei stirbt die Pflanze oberhalb ab.\" \/>\n<meta name=\"robots\" content=\"index, follow, max-snippet:-1, max-image-preview:large, max-video-preview:-1\" \/>\n<link rel=\"canonical\" href=\"https:\/\/www.samenhaus.de\/gartenblog\/clematiswelke-zwei-gefuerchtete-pilze\" \/>\n<meta property=\"og:locale\" content=\"de_DE\" \/>\n<meta property=\"og:type\" content=\"article\" \/>\n<meta property=\"og:title\" content=\"Clematiswelke \u2013 zwei gef\u00fcrchtete Pilze - Samenhaus Gartenblog\" \/>\n<meta property=\"og:description\" content=\"Bei der Clematiswelke handelt es sich um zwei unterschiedliche Pilze, welche die Pflanze befallen. Dabei stirbt die Pflanze oberhalb ab.\" \/>\n<meta property=\"og:url\" content=\"https:\/\/www.samenhaus.de\/gartenblog\/clematiswelke-zwei-gefuerchtete-pilze\" \/>\n<meta property=\"og:site_name\" content=\"Samenhaus Gartenblog\" \/>\n<meta property=\"article:publisher\" content=\"https:\/\/de-de.facebook.com\/samenhaus\" \/>\n<meta property=\"article:published_time\" content=\"2023-04-14T09:00:01+00:00\" \/>\n<meta property=\"article:modified_time\" content=\"2024-06-14T11:03:08+00:00\" \/>\n<meta property=\"og:image\" content=\"https:\/\/www.samenhaus.de\/gartenblog\/wp-content\/uploads\/2023\/05\/Clematiswelke_368873592.jpg\" \/>\n\t<meta property=\"og:image:width\" content=\"844\" \/>\n\t<meta property=\"og:image:height\" content=\"563\" \/>\n\t<meta property=\"og:image:type\" content=\"image\/jpeg\" \/>\n<meta name=\"author\" content=\"Holger\" \/>\n<meta name=\"twitter:card\" content=\"summary_large_image\" \/>\n<meta name=\"twitter:creator\" content=\"@samenhaus\" \/>\n<meta name=\"twitter:site\" content=\"@samenhaus\" \/>\n<meta name=\"twitter:label1\" content=\"Verfasst von\" \/>\n\t<meta name=\"twitter:data1\" content=\"Holger\" \/>\n\t<meta name=\"twitter:label2\" content=\"Gesch\u00e4tzte Lesezeit\" \/>\n\t<meta name=\"twitter:data2\" content=\"5\u00a0Minuten\" \/>\n<script type=\"application\/ld+json\" class=\"yoast-schema-graph\">{\"@context\":\"https:\\\/\\\/schema.org\",\"@graph\":[{\"@type\":\"Article\",\"@id\":\"https:\\\/\\\/www.samenhaus.de\\\/gartenblog\\\/clematiswelke-zwei-gefuerchtete-pilze#article\",\"isPartOf\":{\"@id\":\"https:\\\/\\\/www.samenhaus.de\\\/gartenblog\\\/clematiswelke-zwei-gefuerchtete-pilze\"},\"author\":{\"name\":\"Holger\",\"@id\":\"https:\\\/\\\/www.samenhaus.de\\\/gartenblog\\\/#\\\/schema\\\/person\\\/de169769587431893823f62b2ce06c04\"},\"headline\":\"Clematiswelke \u2013 zwei gef\u00fcrchtete Pilze\",\"datePublished\":\"2023-04-14T09:00:01+00:00\",\"dateModified\":\"2024-06-14T11:03:08+00:00\",\"mainEntityOfPage\":{\"@id\":\"https:\\\/\\\/www.samenhaus.de\\\/gartenblog\\\/clematiswelke-zwei-gefuerchtete-pilze\"},\"wordCount\":805,\"commentCount\":0,\"publisher\":{\"@id\":\"https:\\\/\\\/www.samenhaus.de\\\/gartenblog\\\/#organization\"},\"image\":{\"@id\":\"https:\\\/\\\/www.samenhaus.de\\\/gartenblog\\\/clematiswelke-zwei-gefuerchtete-pilze#primaryimage\"},\"thumbnailUrl\":\"https:\\\/\\\/www.samenhaus.de\\\/gartenblog\\\/wp-content\\\/uploads\\\/2023\\\/05\\\/Clematiswelke_368873592.jpg\",\"articleSection\":[\"Blumen\"],\"inLanguage\":\"de\",\"potentialAction\":[{\"@type\":\"CommentAction\",\"name\":\"Comment\",\"target\":[\"https:\\\/\\\/www.samenhaus.de\\\/gartenblog\\\/clematiswelke-zwei-gefuerchtete-pilze#respond\"]}],\"copyrightYear\":\"2023\",\"copyrightHolder\":{\"@id\":\"https:\\\/\\\/www.samenhaus.de\\\/gartenblog\\\/#organization\"}},{\"@type\":\"WebPage\",\"@id\":\"https:\\\/\\\/www.samenhaus.de\\\/gartenblog\\\/clematiswelke-zwei-gefuerchtete-pilze\",\"url\":\"https:\\\/\\\/www.samenhaus.de\\\/gartenblog\\\/clematiswelke-zwei-gefuerchtete-pilze\",\"name\":\"Clematiswelke \u2013 zwei gef\u00fcrchtete Pilze - Samenhaus Gartenblog\",\"isPartOf\":{\"@id\":\"https:\\\/\\\/www.samenhaus.de\\\/gartenblog\\\/#website\"},\"primaryImageOfPage\":{\"@id\":\"https:\\\/\\\/www.samenhaus.de\\\/gartenblog\\\/clematiswelke-zwei-gefuerchtete-pilze#primaryimage\"},\"image\":{\"@id\":\"https:\\\/\\\/www.samenhaus.de\\\/gartenblog\\\/clematiswelke-zwei-gefuerchtete-pilze#primaryimage\"},\"thumbnailUrl\":\"https:\\\/\\\/www.samenhaus.de\\\/gartenblog\\\/wp-content\\\/uploads\\\/2023\\\/05\\\/Clematiswelke_368873592.jpg\",\"datePublished\":\"2023-04-14T09:00:01+00:00\",\"dateModified\":\"2024-06-14T11:03:08+00:00\",\"description\":\"Bei der Clematiswelke handelt es sich um zwei unterschiedliche Pilze, welche die Pflanze befallen. Dabei stirbt die Pflanze oberhalb ab.\",\"breadcrumb\":{\"@id\":\"https:\\\/\\\/www.samenhaus.de\\\/gartenblog\\\/clematiswelke-zwei-gefuerchtete-pilze#breadcrumb\"},\"inLanguage\":\"de\",\"potentialAction\":[{\"@type\":\"ReadAction\",\"target\":[\"https:\\\/\\\/www.samenhaus.de\\\/gartenblog\\\/clematiswelke-zwei-gefuerchtete-pilze\"]}]},{\"@type\":\"ImageObject\",\"inLanguage\":\"de\",\"@id\":\"https:\\\/\\\/www.samenhaus.de\\\/gartenblog\\\/clematiswelke-zwei-gefuerchtete-pilze#primaryimage\",\"url\":\"https:\\\/\\\/www.samenhaus.de\\\/gartenblog\\\/wp-content\\\/uploads\\\/2023\\\/05\\\/Clematiswelke_368873592.jpg\",\"contentUrl\":\"https:\\\/\\\/www.samenhaus.de\\\/gartenblog\\\/wp-content\\\/uploads\\\/2023\\\/05\\\/Clematiswelke_368873592.jpg\",\"width\":844,\"height\":563,\"caption\":\"Clematis\"},{\"@type\":\"BreadcrumbList\",\"@id\":\"https:\\\/\\\/www.samenhaus.de\\\/gartenblog\\\/clematiswelke-zwei-gefuerchtete-pilze#breadcrumb\",\"itemListElement\":[{\"@type\":\"ListItem\",\"position\":1,\"name\":\"Startseite\",\"item\":\"https:\\\/\\\/www.samenhaus.de\\\/gartenblog\\\/\"},{\"@type\":\"ListItem\",\"position\":2,\"name\":\"Clematiswelke \u2013 zwei gef\u00fcrchtete Pilze\"}]},{\"@type\":\"WebSite\",\"@id\":\"https:\\\/\\\/www.samenhaus.de\\\/gartenblog\\\/#website\",\"url\":\"https:\\\/\\\/www.samenhaus.de\\\/gartenblog\\\/\",\"name\":\"Samenhaus Gartenblog\",\"description\":\"\",\"publisher\":{\"@id\":\"https:\\\/\\\/www.samenhaus.de\\\/gartenblog\\\/#organization\"},\"potentialAction\":[{\"@type\":\"SearchAction\",\"target\":{\"@type\":\"EntryPoint\",\"urlTemplate\":\"https:\\\/\\\/www.samenhaus.de\\\/gartenblog\\\/?s={search_term_string}\"},\"query-input\":{\"@type\":\"PropertyValueSpecification\",\"valueRequired\":true,\"valueName\":\"search_term_string\"}}],\"inLanguage\":\"de\"},{\"@type\":\"Organization\",\"@id\":\"https:\\\/\\\/www.samenhaus.de\\\/gartenblog\\\/#organization\",\"name\":\"Samenhaus.de Gartenblog\",\"url\":\"https:\\\/\\\/www.samenhaus.de\\\/gartenblog\\\/\",\"logo\":{\"@type\":\"ImageObject\",\"inLanguage\":\"de\",\"@id\":\"https:\\\/\\\/www.samenhaus.de\\\/gartenblog\\\/#\\\/schema\\\/logo\\\/image\\\/\",\"url\":\"https:\\\/\\\/www.samenhaus.de\\\/gartenblog\\\/wp-content\\\/uploads\\\/2020\\\/11\\\/logo.svg\",\"contentUrl\":\"https:\\\/\\\/www.samenhaus.de\\\/gartenblog\\\/wp-content\\\/uploads\\\/2020\\\/11\\\/logo.svg\",\"width\":1,\"height\":1,\"caption\":\"Samenhaus.de Gartenblog\"},\"image\":{\"@id\":\"https:\\\/\\\/www.samenhaus.de\\\/gartenblog\\\/#\\\/schema\\\/logo\\\/image\\\/\"},\"sameAs\":[\"https:\\\/\\\/de-de.facebook.com\\\/samenhaus\",\"https:\\\/\\\/x.com\\\/samenhaus\"]},{\"@type\":\"Person\",\"@id\":\"https:\\\/\\\/www.samenhaus.de\\\/gartenblog\\\/#\\\/schema\\\/person\\\/de169769587431893823f62b2ce06c04\",\"name\":\"Holger\",\"image\":{\"@type\":\"ImageObject\",\"inLanguage\":\"de\",\"@id\":\"https:\\\/\\\/www.samenhaus.de\\\/gartenblog\\\/wp-content\\\/uploads\\\/2026\\\/03\\\/Holger-150x150.png\",\"url\":\"https:\\\/\\\/www.samenhaus.de\\\/gartenblog\\\/wp-content\\\/uploads\\\/2026\\\/03\\\/Holger-150x150.png\",\"contentUrl\":\"https:\\\/\\\/www.samenhaus.de\\\/gartenblog\\\/wp-content\\\/uploads\\\/2026\\\/03\\\/Holger-150x150.png\",\"caption\":\"Holger\"},\"description\":\"6.000.000 W\u00f6rter \u2013 so viel k\u00f6nnen Sie in etwa von mir online lesen. Das F\u00fcllen des Internets entwickelte sich nach meiner Ausbildung zum TV-Redakteur und der langj\u00e4hrigen Arbeit bei SAT.1 zu einem Fulltime-Job. Trotzdem finde ich noch gen\u00fcgend Zeit, um in meinem Garten zu werkeln. Eine Staude hier, ein Bl\u00fcmchen dort und ein bisschen Gem\u00fcse darf auch nicht fehlen \u2013 einen Schnitzelbaum gibt es ja noch nicht \u2026 Die besten geistigen Erg\u00fcsse habe ich \u00fcbrigens, wenn ich IM Garten \u00dcBER den Garten schreiben kann. So vereinen sich Beruf und Hobby perfekt \u2013 was gibt es Sch\u00f6neres?\",\"url\":\"https:\\\/\\\/www.samenhaus.de\\\/gartenblog\\\/author\\\/holger\"}]}<\/script>\n<!-- \/ Yoast SEO plugin. -->","yoast_head_json":{"title":"Clematiswelke \u2013 zwei gef\u00fcrchtete Pilze - Samenhaus Gartenblog","description":"Bei der Clematiswelke handelt es sich um zwei unterschiedliche Pilze, welche die Pflanze befallen. Dabei stirbt die Pflanze oberhalb ab.","robots":{"index":"index","follow":"follow","max-snippet":"max-snippet:-1","max-image-preview":"max-image-preview:large","max-video-preview":"max-video-preview:-1"},"canonical":"https:\/\/www.samenhaus.de\/gartenblog\/clematiswelke-zwei-gefuerchtete-pilze","og_locale":"de_DE","og_type":"article","og_title":"Clematiswelke \u2013 zwei gef\u00fcrchtete Pilze - Samenhaus Gartenblog","og_description":"Bei der Clematiswelke handelt es sich um zwei unterschiedliche Pilze, welche die Pflanze befallen. Dabei stirbt die Pflanze oberhalb ab.","og_url":"https:\/\/www.samenhaus.de\/gartenblog\/clematiswelke-zwei-gefuerchtete-pilze","og_site_name":"Samenhaus Gartenblog","article_publisher":"https:\/\/de-de.facebook.com\/samenhaus","article_published_time":"2023-04-14T09:00:01+00:00","article_modified_time":"2024-06-14T11:03:08+00:00","og_image":[{"width":844,"height":563,"url":"https:\/\/www.samenhaus.de\/gartenblog\/wp-content\/uploads\/2023\/05\/Clematiswelke_368873592.jpg","type":"image\/jpeg"}],"author":"Holger","twitter_card":"summary_large_image","twitter_creator":"@samenhaus","twitter_site":"@samenhaus","twitter_misc":{"Verfasst von":"Holger","Gesch\u00e4tzte Lesezeit":"5\u00a0Minuten"},"schema":{"@context":"https:\/\/schema.org","@graph":[{"@type":"Article","@id":"https:\/\/www.samenhaus.de\/gartenblog\/clematiswelke-zwei-gefuerchtete-pilze#article","isPartOf":{"@id":"https:\/\/www.samenhaus.de\/gartenblog\/clematiswelke-zwei-gefuerchtete-pilze"},"author":{"name":"Holger","@id":"https:\/\/www.samenhaus.de\/gartenblog\/#\/schema\/person\/de169769587431893823f62b2ce06c04"},"headline":"Clematiswelke \u2013 zwei gef\u00fcrchtete Pilze","datePublished":"2023-04-14T09:00:01+00:00","dateModified":"2024-06-14T11:03:08+00:00","mainEntityOfPage":{"@id":"https:\/\/www.samenhaus.de\/gartenblog\/clematiswelke-zwei-gefuerchtete-pilze"},"wordCount":805,"commentCount":0,"publisher":{"@id":"https:\/\/www.samenhaus.de\/gartenblog\/#organization"},"image":{"@id":"https:\/\/www.samenhaus.de\/gartenblog\/clematiswelke-zwei-gefuerchtete-pilze#primaryimage"},"thumbnailUrl":"https:\/\/www.samenhaus.de\/gartenblog\/wp-content\/uploads\/2023\/05\/Clematiswelke_368873592.jpg","articleSection":["Blumen"],"inLanguage":"de","potentialAction":[{"@type":"CommentAction","name":"Comment","target":["https:\/\/www.samenhaus.de\/gartenblog\/clematiswelke-zwei-gefuerchtete-pilze#respond"]}],"copyrightYear":"2023","copyrightHolder":{"@id":"https:\/\/www.samenhaus.de\/gartenblog\/#organization"}},{"@type":"WebPage","@id":"https:\/\/www.samenhaus.de\/gartenblog\/clematiswelke-zwei-gefuerchtete-pilze","url":"https:\/\/www.samenhaus.de\/gartenblog\/clematiswelke-zwei-gefuerchtete-pilze","name":"Clematiswelke \u2013 zwei gef\u00fcrchtete Pilze - Samenhaus Gartenblog","isPartOf":{"@id":"https:\/\/www.samenhaus.de\/gartenblog\/#website"},"primaryImageOfPage":{"@id":"https:\/\/www.samenhaus.de\/gartenblog\/clematiswelke-zwei-gefuerchtete-pilze#primaryimage"},"image":{"@id":"https:\/\/www.samenhaus.de\/gartenblog\/clematiswelke-zwei-gefuerchtete-pilze#primaryimage"},"thumbnailUrl":"https:\/\/www.samenhaus.de\/gartenblog\/wp-content\/uploads\/2023\/05\/Clematiswelke_368873592.jpg","datePublished":"2023-04-14T09:00:01+00:00","dateModified":"2024-06-14T11:03:08+00:00","description":"Bei der Clematiswelke handelt es sich um zwei unterschiedliche Pilze, welche die Pflanze befallen. Dabei stirbt die Pflanze oberhalb ab.","breadcrumb":{"@id":"https:\/\/www.samenhaus.de\/gartenblog\/clematiswelke-zwei-gefuerchtete-pilze#breadcrumb"},"inLanguage":"de","potentialAction":[{"@type":"ReadAction","target":["https:\/\/www.samenhaus.de\/gartenblog\/clematiswelke-zwei-gefuerchtete-pilze"]}]},{"@type":"ImageObject","inLanguage":"de","@id":"https:\/\/www.samenhaus.de\/gartenblog\/clematiswelke-zwei-gefuerchtete-pilze#primaryimage","url":"https:\/\/www.samenhaus.de\/gartenblog\/wp-content\/uploads\/2023\/05\/Clematiswelke_368873592.jpg","contentUrl":"https:\/\/www.samenhaus.de\/gartenblog\/wp-content\/uploads\/2023\/05\/Clematiswelke_368873592.jpg","width":844,"height":563,"caption":"Clematis"},{"@type":"BreadcrumbList","@id":"https:\/\/www.samenhaus.de\/gartenblog\/clematiswelke-zwei-gefuerchtete-pilze#breadcrumb","itemListElement":[{"@type":"ListItem","position":1,"name":"Startseite","item":"https:\/\/www.samenhaus.de\/gartenblog\/"},{"@type":"ListItem","position":2,"name":"Clematiswelke \u2013 zwei gef\u00fcrchtete Pilze"}]},{"@type":"WebSite","@id":"https:\/\/www.samenhaus.de\/gartenblog\/#website","url":"https:\/\/www.samenhaus.de\/gartenblog\/","name":"Samenhaus Gartenblog","description":"","publisher":{"@id":"https:\/\/www.samenhaus.de\/gartenblog\/#organization"},"potentialAction":[{"@type":"SearchAction","target":{"@type":"EntryPoint","urlTemplate":"https:\/\/www.samenhaus.de\/gartenblog\/?s={search_term_string}"},"query-input":{"@type":"PropertyValueSpecification","valueRequired":true,"valueName":"search_term_string"}}],"inLanguage":"de"},{"@type":"Organization","@id":"https:\/\/www.samenhaus.de\/gartenblog\/#organization","name":"Samenhaus.de Gartenblog","url":"https:\/\/www.samenhaus.de\/gartenblog\/","logo":{"@type":"ImageObject","inLanguage":"de","@id":"https:\/\/www.samenhaus.de\/gartenblog\/#\/schema\/logo\/image\/","url":"https:\/\/www.samenhaus.de\/gartenblog\/wp-content\/uploads\/2020\/11\/logo.svg","contentUrl":"https:\/\/www.samenhaus.de\/gartenblog\/wp-content\/uploads\/2020\/11\/logo.svg","width":1,"height":1,"caption":"Samenhaus.de Gartenblog"},"image":{"@id":"https:\/\/www.samenhaus.de\/gartenblog\/#\/schema\/logo\/image\/"},"sameAs":["https:\/\/de-de.facebook.com\/samenhaus","https:\/\/x.com\/samenhaus"]},{"@type":"Person","@id":"https:\/\/www.samenhaus.de\/gartenblog\/#\/schema\/person\/de169769587431893823f62b2ce06c04","name":"Holger","image":{"@type":"ImageObject","inLanguage":"de","@id":"https:\/\/www.samenhaus.de\/gartenblog\/wp-content\/uploads\/2026\/03\/Holger-150x150.png","url":"https:\/\/www.samenhaus.de\/gartenblog\/wp-content\/uploads\/2026\/03\/Holger-150x150.png","contentUrl":"https:\/\/www.samenhaus.de\/gartenblog\/wp-content\/uploads\/2026\/03\/Holger-150x150.png","caption":"Holger"},"description":"6.000.000 W\u00f6rter \u2013 so viel k\u00f6nnen Sie in etwa von mir online lesen. Das F\u00fcllen des Internets entwickelte sich nach meiner Ausbildung zum TV-Redakteur und der langj\u00e4hrigen Arbeit bei SAT.1 zu einem Fulltime-Job. Trotzdem finde ich noch gen\u00fcgend Zeit, um in meinem Garten zu werkeln. Eine Staude hier, ein Bl\u00fcmchen dort und ein bisschen Gem\u00fcse darf auch nicht fehlen \u2013 einen Schnitzelbaum gibt es ja noch nicht \u2026 Die besten geistigen Erg\u00fcsse habe ich \u00fcbrigens, wenn ich IM Garten \u00dcBER den Garten schreiben kann. So vereinen sich Beruf und Hobby perfekt \u2013 was gibt es Sch\u00f6neres?","url":"https:\/\/www.samenhaus.de\/gartenblog\/author\/holger"}]}},"wp-worthy-pixel":{"ignored":false,"public":"94d4c18d9ce3479ea34f4fa19dce85ac","server":"vg08.met.vgwort.de","url":"https:\/\/vg08.met.vgwort.de\/na\/94d4c18d9ce3479ea34f4fa19dce85ac"},"wp-worthy-type":"normal","_links":{"self":[{"href":"https:\/\/www.samenhaus.de\/gartenblog\/wp-json\/wp\/v2\/posts\/10656","targetHints":{"allow":["GET"]}}],"collection":[{"href":"https:\/\/www.samenhaus.de\/gartenblog\/wp-json\/wp\/v2\/posts"}],"about":[{"href":"https:\/\/www.samenhaus.de\/gartenblog\/wp-json\/wp\/v2\/types\/post"}],"author":[{"embeddable":true,"href":"https:\/\/www.samenhaus.de\/gartenblog\/wp-json\/wp\/v2\/users\/13"}],"replies":[{"embeddable":true,"href":"https:\/\/www.samenhaus.de\/gartenblog\/wp-json\/wp\/v2\/comments?post=10656"}],"version-history":[{"count":7,"href":"https:\/\/www.samenhaus.de\/gartenblog\/wp-json\/wp\/v2\/posts\/10656\/revisions"}],"predecessor-version":[{"id":18446,"href":"https:\/\/www.samenhaus.de\/gartenblog\/wp-json\/wp\/v2\/posts\/10656\/revisions\/18446"}],"wp:featuredmedia":[{"embeddable":true,"href":"https:\/\/www.samenhaus.de\/gartenblog\/wp-json\/wp\/v2\/media\/10961"}],"wp:attachment":[{"href":"https:\/\/www.samenhaus.de\/gartenblog\/wp-json\/wp\/v2\/media?parent=10656"}],"wp:term":[{"taxonomy":"category","embeddable":true,"href":"https:\/\/www.samenhaus.de\/gartenblog\/wp-json\/wp\/v2\/categories?post=10656"},{"taxonomy":"post_tag","embeddable":true,"href":"https:\/\/www.samenhaus.de\/gartenblog\/wp-json\/wp\/v2\/tags?post=10656"},{"taxonomy":"hersteller","embeddable":true,"href":"https:\/\/www.samenhaus.de\/gartenblog\/wp-json\/wp\/v2\/hersteller?post=10656"}],"curies":[{"name":"wp","href":"https:\/\/api.w.org\/{rel}","templated":true}]}}