{"id":10676,"date":"2023-09-02T09:00:57","date_gmt":"2023-09-02T09:00:57","guid":{"rendered":"https:\/\/www.samenhaus.de\/gartenblog\/?p=10676"},"modified":"2023-11-01T08:48:20","modified_gmt":"2023-11-01T07:48:20","slug":"balkonarbeiten-im-september","status":"publish","type":"post","link":"https:\/\/www.samenhaus.de\/gartenblog\/balkonarbeiten-im-september","title":{"rendered":"Balkonarbeiten im September"},"content":{"rendered":"<p>Eigentlich k\u00f6nnte man meinen, dass man im Hochsommer kaum etwas auf dem Balkon erledigen m\u00fcsste. Gie\u00dfen vielleicht und ab und zu d\u00fcngen \u2013 aber sonst? T\u00e4uschen Sie sich da mal nicht, denn es gibt durchaus Arbeiten, die jetzt zu erledigen sind. Und nicht selten sind diese bereits mit dem bevorstehenden Herbst verbunden. Aber sehen Sie selbst \u2026<\/p>\n<h2><span class=\"ez-toc-section\" id=\"Vorsicht_bei_Nachtfroesten\"><\/span>Vorsicht bei Nachtfr\u00f6sten<span class=\"ez-toc-section-end\"><\/span><\/h2>\n<p><img loading=\"lazy\" decoding=\"async\" class=\"size-medium wp-image-10764 alignright\" src=\"https:\/\/www.samenhaus.de\/gartenblog\/wp-content\/uploads\/2023\/03\/Balkonarbeiten-September_300619494-300x225.jpeg\" alt=\"Nachtfrost\" width=\"300\" height=\"225\" \/>Zwar gilt der September noch als Sp\u00e4tsommer, dennoch kann es in gewissen Breitengraden durchaus schon zu Nachtfr\u00f6sten kommen. Haben Sie sehr empfindliche Balkonpflanzen, die keine Fr\u00f6ste erlauben, sollten Sie das Wetter immer im Auge behalten und gegebenenfalls die Pflanzen sch\u00fctzen. Schon ein Standortwechsel direkt an die Hauswand kann viel bewirken, zus\u00e4tzlich bietet sich der Schutz mit einem Vlies an. Auch wenn Sie noch Zimmerpflanzen drau\u00dfen stehen haben, sollen diese vor den ersten Nachtfr\u00f6sten unbedingt nach drinnen gebracht werden.<\/p>\n<h2><span class=\"ez-toc-section\" id=\"Schutz_vor_Herbststuermen\"><\/span>Schutz vor Herbstst\u00fcrmen<span class=\"ez-toc-section-end\"><\/span><\/h2>\n<p>Neben dem Frostschutz sollten Sie vor allem gr\u00f6\u00dfere K\u00fcbelpflanzen wie Oleander oder Lorbeer vor Herbstst\u00fcrmen sch\u00fctzen. Stellen Sie diese direkt an die Hauswand oder in eine windgesch\u00fctzte Ecke. Weitere M\u00f6glichkeiten:<\/p>\n<ul>\n<li>Binden Sie starke Pflanzen am Balkongel\u00e4nder fest.<\/li>\n<li>Binden Sie die K\u00fcbel selbst am Balkongel\u00e4nder fest.<\/li>\n<li>Kleben Sie mehrere K\u00fcbel mit einem Gewebeband zu einer Gruppe zusammen.<\/li>\n<li>Kleinere Blument\u00f6pfe k\u00f6nnen in gr\u00f6\u00dfere \u00dcbert\u00f6pfe gestellt werden, die Sie zus\u00e4tzlich mit Steinen beschweren.<\/li>\n<li>Bauen Sie f\u00fcr Ihre Blumenk\u00fcbel ein Holzgestell, so k\u00f6nnen die Pflanzen nicht so leicht umkippen.<\/li>\n<\/ul>\n<p>Haben Sie keine M\u00f6glichkeit, die Pflanzen vor St\u00fcrmen zu sch\u00fctzen, bringen Sie sie bereits jetzt ins Winterquartier.<\/p>\n<h2><span class=\"ez-toc-section\" id=\"Petunien_nicht_wegwerfen\"><\/span>Petunien nicht wegwerfen<span class=\"ez-toc-section-end\"><\/span><\/h2>\n<p><img loading=\"lazy\" decoding=\"async\" class=\"size-medium wp-image-10766 alignright\" src=\"https:\/\/www.samenhaus.de\/gartenblog\/wp-content\/uploads\/2023\/03\/Balkonarbeiten-September_472899043-300x159.jpeg\" alt=\"Petunien\" width=\"300\" height=\"159\" \/>Petunien sind mehrj\u00e4hrig, wenn Sie sie in ein geeignetes Winterquartier bringen. Haben Sie vielleicht eine besonders h\u00fcbsche Sorte, dann lohnt sich eine \u00dcberwinterung an einem hellen und k\u00fchlen Ort (maximal 10 Grad). Stellen Sie die Petunien dazu Ende September beispielsweise in ein Treppenhaus und halten Sie die Erde leicht feucht. Anfang Januar k\u00f6nnen Sie die Pflanzen dann kr\u00e4ftig zur\u00fcckschneiden oder daraus Stecklinge ziehen.<\/p>\n<h2><span class=\"ez-toc-section\" id=\"Fruehlingszwiebeln_setzen\"><\/span>Fr\u00fchlingszwiebeln setzen<span class=\"ez-toc-section-end\"><\/span><\/h2>\n<p>Gegen Ende September beginnt langsam die Zeit, in der Sie Ihre Fr\u00fchlingszwiebeln wieder in die Erde setzen k\u00f6nnen. Damit <a href=\"https:\/\/www.samenhaus.de\/tulpenzwiebeln-tulipazwiebeln\" target=\"_blank\" rel=\"noopener\">Tulpen<\/a>, <a href=\"https:\/\/www.samenhaus.de\/narzissenzwiebeln-narcissuszwiebeln\" target=\"_blank\" rel=\"noopener\">Narzissen<\/a>, <a href=\"https:\/\/www.samenhaus.de\/hyazinthenzwiebeln-hyacinthuszwiebeln\" target=\"_blank\" rel=\"noopener\">Hyazinthen<\/a> und <a href=\"https:\/\/www.samenhaus.de\/krokuszwiebeln-crocuszwiebeln\" target=\"_blank\" rel=\"noopener\">Krokusse<\/a> im kommenden Jahr die ersten Fr\u00fchlingsfarben auf den Balkon zaubern, werden die Zwiebeln nun in die Blumenk\u00fcbel gegeben. Dazu verwenden Sie frischer Erde und ausschlie\u00dflich Zwiebeln, die intakt sind. Stellen Sie Schimmel oder F\u00e4ule fest, sind die Zwiebeln vertrocknet oder anderweitig besch\u00e4digt, werden diese aussortiert und weggeworfen. Nur gesunde Zwiebeln kommen rund doppelt so tief in die Erde, wie die Zwiebel hoch ist.<\/p>\n<h2><span class=\"ez-toc-section\" id=\"Christrosen_pflanzen\"><\/span>Christrosen pflanzen<span class=\"ez-toc-section-end\"><\/span><\/h2>\n<p><img loading=\"lazy\" decoding=\"async\" class=\"size-medium wp-image-10765 alignright\" src=\"https:\/\/www.samenhaus.de\/gartenblog\/wp-content\/uploads\/2023\/03\/Balkonarbeiten-September_417130297-300x200.jpeg\" alt=\"Christrosen\" width=\"300\" height=\"200\" srcset=\"https:\/\/www.samenhaus.de\/gartenblog\/wp-content\/uploads\/2023\/03\/Balkonarbeiten-September_417130297-300x200.jpeg 300w, https:\/\/www.samenhaus.de\/gartenblog\/wp-content\/uploads\/2023\/03\/Balkonarbeiten-September_417130297-2048x1367.jpeg 2048w, https:\/\/www.samenhaus.de\/gartenblog\/wp-content\/uploads\/2023\/03\/Balkonarbeiten-September_417130297-600x400.jpeg 600w, https:\/\/www.samenhaus.de\/gartenblog\/wp-content\/uploads\/2023\/03\/Balkonarbeiten-September_417130297-768x512.jpeg 768w, https:\/\/www.samenhaus.de\/gartenblog\/wp-content\/uploads\/2023\/03\/Balkonarbeiten-September_417130297-1024x683.jpeg 1024w, https:\/\/www.samenhaus.de\/gartenblog\/wp-content\/uploads\/2023\/03\/Balkonarbeiten-September_417130297-1536x1025.jpeg 1536w\" sizes=\"auto, (max-width: 300px) 100vw, 300px\" \/>M\u00f6chten Sie ab November die herrlichen Bl\u00fcten der Christrosen auf Ihrem Balkon genie\u00dfen? Dann sollten Sie jetzt Jungpflanzen in vorbereitete K\u00fcbel setzen. In Gruppen von bis zu f\u00fcnf Pflanzen wirken die Blumen noch besser. Achten Sie darauf, dass der Topf tief genug ist, da die Wurzeln tief in die Erde vordringen.<\/p>\n<h2><span class=\"ez-toc-section\" id=\"Aussaat_im_September\"><\/span>Aussaat im September<span class=\"ez-toc-section-end\"><\/span><\/h2>\n<p>Viel ist es im September nicht mehr, womit Sie jetzt im Haus in Vorkultur gehen k\u00f6nnen. Gerade bei Blumen gibt es aktuell gar keine mehr, hier bietet es sich an, diese drau\u00dfen zu s\u00e4en. F\u00fcr Blumen, die noch in diesem Jahr f\u00fcr einen Herbstflor auf dem Balkon sorgen sollen, empfiehlt es sich, vorgezogene Setzlinge im Handel zu kaufen.<\/p>\n<p>Werfen wir einen Blick auf die Gem\u00fcsesorten, die jetzt noch im Haus unter Glas vorgezogen werden k\u00f6nnen:<\/p>\n<ul>\n<li><a href=\"https:\/\/www.samenhaus.de\/pak-choisamen\" target=\"_blank\" rel=\"noopener\">Pak Choi<\/a><\/li>\n<li><a href=\"https:\/\/www.samenhaus.de\/spinatsamen\" target=\"_blank\" rel=\"noopener\">Spinat<\/a><\/li>\n<li>Wintersalat<\/li>\n<\/ul>\n<p>Bei Kr\u00e4utern sieht es \u00e4hnlich aus, hier gibt es aktuell keine spezifischen, die jetzt im September vorgezogen werden. Stattdessen k\u00f6nnen Sie auf einen Grundstock an Kr\u00e4utern zur\u00fcckgreifen, die sich das ganze Jahr \u00fcber auf dem Fensterbrett kultivieren lassen. Dabei handelt es sich um <a href=\"https:\/\/www.samenhaus.de\/basilikumsamen\" target=\"_blank\" rel=\"noopener\">Basilikum<\/a>, <a href=\"https:\/\/www.samenhaus.de\/dillsamen\" target=\"_blank\" rel=\"noopener\">Dill<\/a>, <a href=\"https:\/\/www.samenhaus.de\/kressesamen\" target=\"_blank\" rel=\"noopener\">Kresse<\/a>, <a href=\"https:\/\/www.samenhaus.de\/oreganosamen\" target=\"_blank\" rel=\"noopener\">Oregano<\/a>, <a href=\"https:\/\/www.samenhaus.de\/petersiliensamen\" target=\"_blank\" rel=\"noopener\">Petersilie<\/a>, <a href=\"https:\/\/www.samenhaus.de\/minzesamen\" target=\"_blank\" rel=\"noopener\">Pfefferminze<\/a>, <a href=\"https:\/\/www.samenhaus.de\/schnittlauchsamen\" target=\"_blank\" rel=\"noopener\">Schnittlauch<\/a> und <a href=\"https:\/\/www.samenhaus.de\/thymiansamen\" target=\"_blank\" rel=\"noopener\">Thymian<\/a>.<\/p>\n<p>Direktaussaat von Gem\u00fcse, Kr\u00e4utern und Blumen im September? Es gibt durchaus noch einige Sorten, die Sie jetzt noch im Blumenk\u00fcbel oder Blumentopf ans\u00e4en k\u00f6nnen:<\/p>\n<table class=\"custom-table-1\" width=\"100%\" cellspacing=\"0\" cellpadding=\"4\">\n<tbody>\n<tr>\n<td width=\"197\"><strong>Gem\u00fcse<\/strong><\/td>\n<td width=\"205\"><strong>Kr\u00e4uter<\/strong><\/td>\n<td width=\"205\"><strong>Blumen<\/strong><\/td>\n<\/tr>\n<tr>\n<td width=\"197\"><\/td>\n<td width=\"205\"><\/td>\n<td width=\"205\"><\/td>\n<\/tr>\n<tr>\n<td width=\"197\">\u00b7\u00a0\u00a0\u00a0\u00a0\u00a0\u00a0\u00a0\u00a0 Endiviensalat<\/p>\n<p>\u00b7\u00a0\u00a0\u00a0\u00a0\u00a0\u00a0\u00a0\u00a0 Feldsalat<\/p>\n<p>\u00b7\u00a0\u00a0\u00a0\u00a0\u00a0\u00a0\u00a0\u00a0 Mangold<\/p>\n<p>\u00b7\u00a0\u00a0\u00a0\u00a0\u00a0\u00a0\u00a0\u00a0 Pak Choi<\/p>\n<p>\u00b7\u00a0\u00a0\u00a0\u00a0\u00a0\u00a0\u00a0\u00a0 Pfl\u00fccksalate<\/p>\n<p>\u00b7\u00a0\u00a0\u00a0\u00a0\u00a0\u00a0\u00a0\u00a0 Radieschen<\/p>\n<p>\u00b7\u00a0\u00a0\u00a0\u00a0\u00a0\u00a0\u00a0\u00a0 Rhabarber<\/p>\n<p>\u00b7\u00a0\u00a0\u00a0\u00a0\u00a0\u00a0\u00a0\u00a0 Rucola<\/p>\n<p>\u00b7\u00a0\u00a0\u00a0\u00a0\u00a0\u00a0\u00a0\u00a0 Schnittsalate<\/p>\n<p>\u00b7\u00a0\u00a0\u00a0\u00a0\u00a0\u00a0\u00a0\u00a0 Spinat<\/p>\n<p>\u00b7\u00a0\u00a0\u00a0\u00a0\u00a0\u00a0\u00a0\u00a0 Winterrettich<\/td>\n<td width=\"205\">\u00b7\u00a0\u00a0\u00a0\u00a0\u00a0\u00a0\u00a0\u00a0 B\u00e4rlauch<\/p>\n<p>\u00b7\u00a0\u00a0\u00a0\u00a0\u00a0\u00a0\u00a0\u00a0 Dill<\/p>\n<p>\u00b7\u00a0\u00a0\u00a0\u00a0\u00a0\u00a0\u00a0\u00a0 Gartenkresse<\/p>\n<p>\u00b7\u00a0\u00a0\u00a0\u00a0\u00a0\u00a0\u00a0\u00a0 Kerbel<\/p>\n<p>\u00b7\u00a0\u00a0\u00a0\u00a0\u00a0\u00a0\u00a0\u00a0 Petersilie<\/p>\n<p>\u00b7\u00a0\u00a0\u00a0\u00a0\u00a0\u00a0\u00a0\u00a0 Schnittlauch<\/p>\n<p>\u00b7\u00a0\u00a0\u00a0\u00a0\u00a0\u00a0\u00a0\u00a0 Senf<\/td>\n<td width=\"205\">\u00b7\u00a0\u00a0\u00a0\u00a0\u00a0\u00a0\u00a0\u00a0 Bienenfreund<\/p>\n<p>\u00b7\u00a0\u00a0\u00a0\u00a0\u00a0\u00a0\u00a0\u00a0 Edelwei\u00df<\/p>\n<p>\u00b7\u00a0\u00a0\u00a0\u00a0\u00a0\u00a0\u00a0\u00a0 Ehrenpreis<\/p>\n<p>\u00b7\u00a0\u00a0\u00a0\u00a0\u00a0\u00a0\u00a0\u00a0 Eisenhut<\/p>\n<p>\u00b7\u00a0\u00a0\u00a0\u00a0\u00a0\u00a0\u00a0\u00a0 Enzian<\/p>\n<p>\u00b7\u00a0\u00a0\u00a0\u00a0\u00a0\u00a0\u00a0\u00a0 Fingerhut<\/p>\n<p>\u00b7\u00a0\u00a0\u00a0\u00a0\u00a0\u00a0\u00a0\u00a0 Hopfen<\/p>\n<p>\u00b7\u00a0\u00a0\u00a0\u00a0\u00a0\u00a0\u00a0\u00a0 Johanniskraut<\/p>\n<p>\u00b7\u00a0\u00a0\u00a0\u00a0\u00a0\u00a0\u00a0\u00a0 Gemeine Pfingstrose<\/p>\n<p>\u00b7\u00a0\u00a0\u00a0\u00a0\u00a0\u00a0\u00a0\u00a0 Kornblumen<\/p>\n<p>\u00b7\u00a0\u00a0\u00a0\u00a0\u00a0\u00a0\u00a0\u00a0 K\u00fcchenschelle<\/p>\n<p>\u00b7\u00a0\u00a0\u00a0\u00a0\u00a0\u00a0\u00a0\u00a0 Nelken<\/p>\n<p>\u00b7\u00a0\u00a0\u00a0\u00a0\u00a0\u00a0\u00a0\u00a0 Pr\u00e4rielilie<\/p>\n<p>\u00b7\u00a0\u00a0\u00a0\u00a0\u00a0\u00a0\u00a0\u00a0 Ringelblumen<\/p>\n<p>\u00b7\u00a0\u00a0\u00a0\u00a0\u00a0\u00a0\u00a0\u00a0 Rittersporn<\/p>\n<p>\u00b7\u00a0\u00a0\u00a0\u00a0\u00a0\u00a0\u00a0\u00a0 Schl\u00fcsselblumen<\/p>\n<p>\u00b7\u00a0\u00a0\u00a0\u00a0\u00a0\u00a0\u00a0\u00a0 Schneegl\u00f6ckchen<\/p>\n<p>\u00b7\u00a0\u00a0\u00a0\u00a0\u00a0\u00a0\u00a0\u00a0 Stiefm\u00fctterchen<\/p>\n<p>\u00b7\u00a0\u00a0\u00a0\u00a0\u00a0\u00a0\u00a0\u00a0 Storchschnabel<\/p>\n<p>\u00b7\u00a0\u00a0\u00a0\u00a0\u00a0\u00a0\u00a0\u00a0 Stockrosen<\/p>\n<p>\u00b7\u00a0\u00a0\u00a0\u00a0\u00a0\u00a0\u00a0\u00a0 Sumpfdotterblumen<\/p>\n<p>\u00b7\u00a0\u00a0\u00a0\u00a0\u00a0\u00a0\u00a0\u00a0 Veilchen<\/td>\n<\/tr>\n<\/tbody>\n<\/table>\n<h2><span class=\"ez-toc-section\" id=\"Pflanzen_die_im_September_bluehen\"><\/span>Pflanzen, die im September bl\u00fchen<span class=\"ez-toc-section-end\"><\/span><\/h2>\n<p><img loading=\"lazy\" decoding=\"async\" class=\"size-medium wp-image-10763 alignright\" src=\"https:\/\/www.samenhaus.de\/gartenblog\/wp-content\/uploads\/2023\/03\/Balkonarbeiten-September_64943056-300x217.jpeg\" alt=\"Husarenk\u00f6pfchen\" width=\"300\" height=\"217\" \/>Noch immer sorgen warme Temperaturen daf\u00fcr, dass der Balkon von Sommerbl\u00fchern profitiert. Doch auch die Pflanzen, die sich im Herbst mit einer bunten Vielfalt zeigen, nehmen langsam Fahrt auf.<\/p>\n<table class=\"custom-table-1\" width=\"100%\" cellspacing=\"0\" cellpadding=\"4\">\n<tbody>\n<tr>\n<td width=\"202\">\u00b7\u00a0\u00a0\u00a0\u00a0\u00a0\u00a0\u00a0\u00a0 Akelei<\/p>\n<p>\u00b7\u00a0\u00a0\u00a0\u00a0\u00a0\u00a0\u00a0\u00a0 Astern<\/p>\n<p>\u00b7\u00a0\u00a0\u00a0\u00a0\u00a0\u00a0\u00a0\u00a0 Ballonblumen<\/p>\n<p>\u00b7\u00a0\u00a0\u00a0\u00a0\u00a0\u00a0\u00a0\u00a0 Bougainvillea<\/p>\n<p>\u00b7\u00a0\u00a0\u00a0\u00a0\u00a0\u00a0\u00a0\u00a0 Bubikopf<\/p>\n<p>\u00b7\u00a0\u00a0\u00a0\u00a0\u00a0\u00a0\u00a0\u00a0 Chysanthemen<\/p>\n<p>\u00b7\u00a0\u00a0\u00a0\u00a0\u00a0\u00a0\u00a0\u00a0 Clematis<\/p>\n<p>\u00b7\u00a0\u00a0\u00a0\u00a0\u00a0\u00a0\u00a0\u00a0 Dahlien<\/p>\n<p>\u00b7\u00a0\u00a0\u00a0\u00a0\u00a0\u00a0\u00a0\u00a0 Disteln<\/p>\n<p>\u00b7\u00a0\u00a0\u00a0\u00a0\u00a0\u00a0\u00a0\u00a0 Elfenspiegel<\/p>\n<p>\u00b7\u00a0\u00a0\u00a0\u00a0\u00a0\u00a0\u00a0\u00a0 Fackellilien<\/p>\n<p>\u00b7\u00a0\u00a0\u00a0\u00a0\u00a0\u00a0\u00a0\u00a0 Fette Henne<\/p>\n<p>\u00b7\u00a0\u00a0\u00a0\u00a0\u00a0\u00a0\u00a0\u00a0 Flei\u00dfiges Lieschen<\/p>\n<p>\u00b7\u00a0\u00a0\u00a0\u00a0\u00a0\u00a0\u00a0\u00a0 Fuchsien<\/p>\n<p>\u00b7\u00a0\u00a0\u00a0\u00a0\u00a0\u00a0\u00a0\u00a0 Funkien<\/p>\n<p>\u00b7\u00a0\u00a0\u00a0\u00a0\u00a0\u00a0\u00a0\u00a0 Geranien<\/p>\n<p>\u00b7\u00a0\u00a0\u00a0\u00a0\u00a0\u00a0\u00a0\u00a0 Gladiolen<\/p>\n<p>\u00b7\u00a0\u00a0\u00a0\u00a0\u00a0\u00a0\u00a0\u00a0 Hibiskus<\/td>\n<td width=\"202\">\u00b7\u00a0\u00a0\u00a0\u00a0\u00a0\u00a0\u00a0\u00a0 Hortensien<\/p>\n<p>\u00b7\u00a0\u00a0\u00a0\u00a0\u00a0\u00a0\u00a0\u00a0 Husarenk\u00f6pfchen<\/p>\n<p>\u00b7\u00a0\u00a0\u00a0\u00a0\u00a0\u00a0\u00a0\u00a0 Kapk\u00f6rbchen<\/p>\n<p>\u00b7\u00a0\u00a0\u00a0\u00a0\u00a0\u00a0\u00a0\u00a0 Kapuzinerkresse<\/p>\n<p>\u00b7\u00a0\u00a0\u00a0\u00a0\u00a0\u00a0\u00a0\u00a0 Kokardenblumen<\/p>\n<p>\u00b7\u00a0\u00a0\u00a0\u00a0\u00a0\u00a0\u00a0\u00a0 Kornblumen<\/p>\n<p>\u00b7\u00a0\u00a0\u00a0\u00a0\u00a0\u00a0\u00a0\u00a0 M\u00e4nnertreu<\/p>\n<p>\u00b7\u00a0\u00a0\u00a0\u00a0\u00a0\u00a0\u00a0\u00a0 Malven<\/p>\n<p>\u00b7\u00a0\u00a0\u00a0\u00a0\u00a0\u00a0\u00a0\u00a0 Margeriten<\/p>\n<p>\u00b7\u00a0\u00a0\u00a0\u00a0\u00a0\u00a0\u00a0\u00a0 Nachtkerzen<\/p>\n<p>\u00b7\u00a0\u00a0\u00a0\u00a0\u00a0\u00a0\u00a0\u00a0 Nelken<\/p>\n<p>\u00b7\u00a0\u00a0\u00a0\u00a0\u00a0\u00a0\u00a0\u00a0 Oleander<\/p>\n<p>\u00b7\u00a0\u00a0\u00a0\u00a0\u00a0\u00a0\u00a0\u00a0 Papageienblumen<\/p>\n<p>\u00b7\u00a0\u00a0\u00a0\u00a0\u00a0\u00a0\u00a0\u00a0 Passionsblumen<\/p>\n<p>\u00b7\u00a0\u00a0\u00a0\u00a0\u00a0\u00a0\u00a0\u00a0 Petunien<\/p>\n<p>\u00b7\u00a0\u00a0\u00a0\u00a0\u00a0\u00a0\u00a0\u00a0 Prachtscharte<\/p>\n<p>\u00b7\u00a0\u00a0\u00a0\u00a0\u00a0\u00a0\u00a0\u00a0 Prachtspiere<\/p>\n<p>\u00b7\u00a0\u00a0\u00a0\u00a0\u00a0\u00a0\u00a0\u00a0 Prunkwinde<\/td>\n<td width=\"202\">\u00b7\u00a0\u00a0\u00a0\u00a0\u00a0\u00a0\u00a0\u00a0 Ringelblumen<\/p>\n<p>\u00b7\u00a0\u00a0\u00a0\u00a0\u00a0\u00a0\u00a0\u00a0 Rosen<\/p>\n<p>\u00b7\u00a0\u00a0\u00a0\u00a0\u00a0\u00a0\u00a0\u00a0 Safran-Krokus<\/p>\n<p>\u00b7\u00a0\u00a0\u00a0\u00a0\u00a0\u00a0\u00a0\u00a0 Schafgarbe<\/p>\n<p>\u00b7\u00a0\u00a0\u00a0\u00a0\u00a0\u00a0\u00a0\u00a0 Schopflavendel<\/p>\n<p>\u00b7\u00a0\u00a0\u00a0\u00a0\u00a0\u00a0\u00a0\u00a0 Schmuckk\u00f6rbchen<\/p>\n<p>\u00b7\u00a0\u00a0\u00a0\u00a0\u00a0\u00a0\u00a0\u00a0 Schwarz\u00e4ugige Susanne<\/p>\n<p>\u00b7\u00a0\u00a0\u00a0\u00a0\u00a0\u00a0\u00a0\u00a0 Sommerflieder<\/p>\n<p>\u00b7\u00a0\u00a0\u00a0\u00a0\u00a0\u00a0\u00a0\u00a0 Sommerheide<\/p>\n<p>\u00b7\u00a0\u00a0\u00a0\u00a0\u00a0\u00a0\u00a0\u00a0 Sonnenblumen<\/p>\n<p>\u00b7\u00a0\u00a0\u00a0\u00a0\u00a0\u00a0\u00a0\u00a0 Stiefm\u00fctterchen<\/p>\n<p>\u00b7\u00a0\u00a0\u00a0\u00a0\u00a0\u00a0\u00a0\u00a0 Stockrosen<\/p>\n<p>\u00b7\u00a0\u00a0\u00a0\u00a0\u00a0\u00a0\u00a0\u00a0 Tagetes<\/p>\n<p>\u00b7\u00a0\u00a0\u00a0\u00a0\u00a0\u00a0\u00a0\u00a0 Usambaraveilchen<\/p>\n<p>\u00b7\u00a0\u00a0\u00a0\u00a0\u00a0\u00a0\u00a0\u00a0 Verbenen<\/p>\n<p>\u00b7\u00a0\u00a0\u00a0\u00a0\u00a0\u00a0\u00a0\u00a0 Wandelr\u00f6schen<\/p>\n<p>\u00b7\u00a0\u00a0\u00a0\u00a0\u00a0\u00a0\u00a0\u00a0 Wunderblumen<\/p>\n<p>\u00b7\u00a0\u00a0\u00a0\u00a0\u00a0\u00a0\u00a0\u00a0 Zaubergl\u00f6ckchen<\/td>\n<\/tr>\n<\/tbody>\n<\/table>\n<p>&nbsp;<\/p>\n<h2><span class=\"ez-toc-section\" id=\"Weitere_Arbeiten\"><\/span>Weitere Arbeiten<span class=\"ez-toc-section-end\"><\/span><\/h2>\n<p>Der Sommer neigt sich langsam dem Ende entgegen, dennoch gibt weiterhin Arbeiten, die Sie auch im September noch durchf\u00fchren k\u00f6nnen. Wenn Sie ausf\u00fchrliche Beschreibungen w\u00fcnschen, finden Sie diese in den Arbeiten der Vormonate.<\/p>\n<ul>\n<li>Pflanzen, die jetzt noch bl\u00fchen, sollten Sie zur Bl\u00fctenverl\u00e4ngerung immer noch ausputzen.<\/li>\n<li>Nat\u00fcrlich sind regelm\u00e4\u00dfige Wassergaben auch im September noch wichtig. Selbst wenn der meteorologische Herbst am 1. September beginnt, kann es noch zu l\u00e4ngeren warmen Trockenperioden kommen. Sollten Sie im September l\u00e4ngere Zeit im Urlaub sein, finden Sie jemanden, der Ihre Pflanzen gie\u00dft. Alternativ nutzen Sie ein automatisches Bew\u00e4sserungssystem.<\/li>\n<li>Ihre Pflanzen k\u00f6nnen noch immer von Sch\u00e4dlingen oder Krankheiten befallen werden. Checken Sie dies in regelm\u00e4\u00dfigen Abst\u00e4nden.<\/li>\n<li>Mehrj\u00e4hrige und ausdauern wachsende Kr\u00e4uter, deren Topf langsam zu klein wird, k\u00f6nnen Sie in einen gr\u00f6\u00dferen Topf umsetzen.<\/li>\n<li>Wenn Sie es bis jetzt noch nicht geschafft haben, k\u00f6nnen Sie im September noch Geranien und Fuchsien \u00fcber Stecklinge vermehren.<\/li>\n<li>M\u00f6chten Sie Ihren Balkon oder Ihre Terrasse mit tollen Herbstblumen versch\u00f6nern, dann sollten Sie langsam daran denken, geeignete Gef\u00e4\u00dfe vorzubereiten. Das hei\u00dft: alte, verbl\u00fchte Pflanzen raus und die Gef\u00e4\u00dfe reinigen.<\/li>\n<\/ul>\n","protected":false},"excerpt":{"rendered":"<p>Eigentlich k\u00f6nnte man meinen, dass man im Hochsommer kaum etwas auf dem Balkon erledigen m\u00fcsste. Gie\u00dfen vielleicht und ab und zu d\u00fcngen \u2013 aber sonst? T\u00e4uschen Sie sich da mal nicht, denn es gibt durchaus Arbeiten, die jetzt zu erledigen sind. Und nicht selten sind diese bereits mit dem bevorstehenden Herbst verbunden. Aber sehen Sie selbst \u2026 Vorsicht bei Nachtfr\u00f6sten Zwar gilt der September noch als Sp\u00e4tsommer, dennoch kann es in gewissen Breitengraden durchaus schon zu Nachtfr\u00f6sten kommen. Haben Sie sehr empfindliche Balkonpflanzen, die keine Fr\u00f6ste erlauben, sollten Sie das Wetter immer im Auge behalten und gegebenenfalls die Pflanzen sch\u00fctzen. Schon ein Standortwechsel direkt an die Hauswand kann viel bewirken, zus\u00e4tzlich bietet sich der Schutz mit einem Vlies an. Auch wenn Sie noch Zimmerpflanzen drau\u00dfen stehen haben, sollen diese vor den ersten Nachtfr\u00f6sten unbedingt nach drinnen gebracht werden. Schutz vor Herbstst\u00fcrmen Neben dem Frostschutz sollten Sie vor allem gr\u00f6\u00dfere K\u00fcbelpflanzen wie Oleander oder Lorbeer vor Herbstst\u00fcrmen sch\u00fctzen. Stellen Sie diese direkt an die Hauswand oder in eine windgesch\u00fctzte Ecke. Weitere M\u00f6glichkeiten: Binden Sie starke Pflanzen am Balkongel\u00e4nder fest. Binden Sie die K\u00fcbel selbst am Balkongel\u00e4nder fest. Kleben Sie mehrere K\u00fcbel mit einem Gewebeband zu einer Gruppe zusammen. Kleinere Blument\u00f6pfe k\u00f6nnen [&hellip;]<\/p>\n","protected":false},"author":13,"featured_media":10762,"comment_status":"open","ping_status":"open","sticky":false,"template":"","format":"standard","meta":{"_acf_changed":false,"footnotes":""},"categories":[27],"tags":[],"hersteller":[],"class_list":["post-10676","post","type-post","status-publish","format-standard","has-post-thumbnail","hentry","category-september"],"acf":[],"yoast_head":"<!-- This site is optimized with the Yoast SEO plugin v27.4 - https:\/\/yoast.com\/product\/yoast-seo-wordpress\/ -->\n<title>Balkonarbeiten im September - Samenhaus Gartenblog<\/title>\n<meta name=\"description\" content=\"Im September sollte das Wetter im Auge behalten werden. Nachfr\u00f6ste k\u00f6nnen frostempfindlichen Pflanzen schaden.\" \/>\n<meta name=\"robots\" content=\"index, follow, max-snippet:-1, max-image-preview:large, max-video-preview:-1\" \/>\n<link rel=\"canonical\" href=\"https:\/\/www.samenhaus.de\/gartenblog\/balkonarbeiten-im-september\" \/>\n<meta property=\"og:locale\" content=\"de_DE\" \/>\n<meta property=\"og:type\" content=\"article\" \/>\n<meta property=\"og:title\" content=\"Balkonarbeiten im September - Samenhaus Gartenblog\" \/>\n<meta property=\"og:description\" content=\"Im September sollte das Wetter im Auge behalten werden. Nachfr\u00f6ste k\u00f6nnen frostempfindlichen Pflanzen schaden.\" \/>\n<meta property=\"og:url\" content=\"https:\/\/www.samenhaus.de\/gartenblog\/balkonarbeiten-im-september\" \/>\n<meta property=\"og:site_name\" content=\"Samenhaus Gartenblog\" \/>\n<meta property=\"article:publisher\" content=\"https:\/\/de-de.facebook.com\/samenhaus\" \/>\n<meta property=\"article:published_time\" content=\"2023-09-02T09:00:57+00:00\" \/>\n<meta property=\"article:modified_time\" content=\"2023-11-01T07:48:20+00:00\" \/>\n<meta property=\"og:image\" content=\"https:\/\/www.samenhaus.de\/gartenblog\/wp-content\/uploads\/2023\/03\/Balkonarbeiten-September-scaled.jpg\" \/>\n\t<meta property=\"og:image:width\" content=\"2560\" \/>\n\t<meta property=\"og:image:height\" content=\"1702\" \/>\n\t<meta property=\"og:image:type\" content=\"image\/jpeg\" \/>\n<meta name=\"author\" content=\"Holger\" \/>\n<meta name=\"twitter:card\" content=\"summary_large_image\" \/>\n<meta name=\"twitter:creator\" content=\"@samenhaus\" \/>\n<meta name=\"twitter:site\" content=\"@samenhaus\" \/>\n<meta name=\"twitter:label1\" content=\"Verfasst von\" \/>\n\t<meta name=\"twitter:data1\" content=\"Holger\" \/>\n\t<meta name=\"twitter:label2\" content=\"Gesch\u00e4tzte Lesezeit\" \/>\n\t<meta name=\"twitter:data2\" content=\"7\u00a0Minuten\" \/>\n<script type=\"application\/ld+json\" class=\"yoast-schema-graph\">{\"@context\":\"https:\\\/\\\/schema.org\",\"@graph\":[{\"@type\":\"Article\",\"@id\":\"https:\\\/\\\/www.samenhaus.de\\\/gartenblog\\\/balkonarbeiten-im-september#article\",\"isPartOf\":{\"@id\":\"https:\\\/\\\/www.samenhaus.de\\\/gartenblog\\\/balkonarbeiten-im-september\"},\"author\":{\"name\":\"Holger\",\"@id\":\"https:\\\/\\\/www.samenhaus.de\\\/gartenblog\\\/#\\\/schema\\\/person\\\/de169769587431893823f62b2ce06c04\"},\"headline\":\"Balkonarbeiten im September\",\"datePublished\":\"2023-09-02T09:00:57+00:00\",\"dateModified\":\"2023-11-01T07:48:20+00:00\",\"mainEntityOfPage\":{\"@id\":\"https:\\\/\\\/www.samenhaus.de\\\/gartenblog\\\/balkonarbeiten-im-september\"},\"wordCount\":1044,\"commentCount\":0,\"publisher\":{\"@id\":\"https:\\\/\\\/www.samenhaus.de\\\/gartenblog\\\/#organization\"},\"image\":{\"@id\":\"https:\\\/\\\/www.samenhaus.de\\\/gartenblog\\\/balkonarbeiten-im-september#primaryimage\"},\"thumbnailUrl\":\"https:\\\/\\\/www.samenhaus.de\\\/gartenblog\\\/wp-content\\\/uploads\\\/2023\\\/03\\\/Balkonarbeiten-September-scaled.jpg\",\"articleSection\":[\"September\"],\"inLanguage\":\"de\",\"potentialAction\":[{\"@type\":\"CommentAction\",\"name\":\"Comment\",\"target\":[\"https:\\\/\\\/www.samenhaus.de\\\/gartenblog\\\/balkonarbeiten-im-september#respond\"]}],\"copyrightYear\":\"2023\",\"copyrightHolder\":{\"@id\":\"https:\\\/\\\/www.samenhaus.de\\\/gartenblog\\\/#organization\"}},{\"@type\":\"WebPage\",\"@id\":\"https:\\\/\\\/www.samenhaus.de\\\/gartenblog\\\/balkonarbeiten-im-september\",\"url\":\"https:\\\/\\\/www.samenhaus.de\\\/gartenblog\\\/balkonarbeiten-im-september\",\"name\":\"Balkonarbeiten im September - Samenhaus Gartenblog\",\"isPartOf\":{\"@id\":\"https:\\\/\\\/www.samenhaus.de\\\/gartenblog\\\/#website\"},\"primaryImageOfPage\":{\"@id\":\"https:\\\/\\\/www.samenhaus.de\\\/gartenblog\\\/balkonarbeiten-im-september#primaryimage\"},\"image\":{\"@id\":\"https:\\\/\\\/www.samenhaus.de\\\/gartenblog\\\/balkonarbeiten-im-september#primaryimage\"},\"thumbnailUrl\":\"https:\\\/\\\/www.samenhaus.de\\\/gartenblog\\\/wp-content\\\/uploads\\\/2023\\\/03\\\/Balkonarbeiten-September-scaled.jpg\",\"datePublished\":\"2023-09-02T09:00:57+00:00\",\"dateModified\":\"2023-11-01T07:48:20+00:00\",\"description\":\"Im September sollte das Wetter im Auge behalten werden. Nachfr\u00f6ste k\u00f6nnen frostempfindlichen Pflanzen schaden.\",\"breadcrumb\":{\"@id\":\"https:\\\/\\\/www.samenhaus.de\\\/gartenblog\\\/balkonarbeiten-im-september#breadcrumb\"},\"inLanguage\":\"de\",\"potentialAction\":[{\"@type\":\"ReadAction\",\"target\":[\"https:\\\/\\\/www.samenhaus.de\\\/gartenblog\\\/balkonarbeiten-im-september\"]}]},{\"@type\":\"ImageObject\",\"inLanguage\":\"de\",\"@id\":\"https:\\\/\\\/www.samenhaus.de\\\/gartenblog\\\/balkonarbeiten-im-september#primaryimage\",\"url\":\"https:\\\/\\\/www.samenhaus.de\\\/gartenblog\\\/wp-content\\\/uploads\\\/2023\\\/03\\\/Balkonarbeiten-September-scaled.jpg\",\"contentUrl\":\"https:\\\/\\\/www.samenhaus.de\\\/gartenblog\\\/wp-content\\\/uploads\\\/2023\\\/03\\\/Balkonarbeiten-September-scaled.jpg\",\"width\":2560,\"height\":1702,\"caption\":\"Balkonarbeiten September\"},{\"@type\":\"BreadcrumbList\",\"@id\":\"https:\\\/\\\/www.samenhaus.de\\\/gartenblog\\\/balkonarbeiten-im-september#breadcrumb\",\"itemListElement\":[{\"@type\":\"ListItem\",\"position\":1,\"name\":\"Startseite\",\"item\":\"https:\\\/\\\/www.samenhaus.de\\\/gartenblog\\\/\"},{\"@type\":\"ListItem\",\"position\":2,\"name\":\"Balkonarbeiten im September\"}]},{\"@type\":\"WebSite\",\"@id\":\"https:\\\/\\\/www.samenhaus.de\\\/gartenblog\\\/#website\",\"url\":\"https:\\\/\\\/www.samenhaus.de\\\/gartenblog\\\/\",\"name\":\"Samenhaus Gartenblog\",\"description\":\"\",\"publisher\":{\"@id\":\"https:\\\/\\\/www.samenhaus.de\\\/gartenblog\\\/#organization\"},\"potentialAction\":[{\"@type\":\"SearchAction\",\"target\":{\"@type\":\"EntryPoint\",\"urlTemplate\":\"https:\\\/\\\/www.samenhaus.de\\\/gartenblog\\\/?s={search_term_string}\"},\"query-input\":{\"@type\":\"PropertyValueSpecification\",\"valueRequired\":true,\"valueName\":\"search_term_string\"}}],\"inLanguage\":\"de\"},{\"@type\":\"Organization\",\"@id\":\"https:\\\/\\\/www.samenhaus.de\\\/gartenblog\\\/#organization\",\"name\":\"Samenhaus.de Gartenblog\",\"url\":\"https:\\\/\\\/www.samenhaus.de\\\/gartenblog\\\/\",\"logo\":{\"@type\":\"ImageObject\",\"inLanguage\":\"de\",\"@id\":\"https:\\\/\\\/www.samenhaus.de\\\/gartenblog\\\/#\\\/schema\\\/logo\\\/image\\\/\",\"url\":\"https:\\\/\\\/www.samenhaus.de\\\/gartenblog\\\/wp-content\\\/uploads\\\/2020\\\/11\\\/logo.svg\",\"contentUrl\":\"https:\\\/\\\/www.samenhaus.de\\\/gartenblog\\\/wp-content\\\/uploads\\\/2020\\\/11\\\/logo.svg\",\"width\":1,\"height\":1,\"caption\":\"Samenhaus.de Gartenblog\"},\"image\":{\"@id\":\"https:\\\/\\\/www.samenhaus.de\\\/gartenblog\\\/#\\\/schema\\\/logo\\\/image\\\/\"},\"sameAs\":[\"https:\\\/\\\/de-de.facebook.com\\\/samenhaus\",\"https:\\\/\\\/x.com\\\/samenhaus\"]},{\"@type\":\"Person\",\"@id\":\"https:\\\/\\\/www.samenhaus.de\\\/gartenblog\\\/#\\\/schema\\\/person\\\/de169769587431893823f62b2ce06c04\",\"name\":\"Holger\",\"image\":{\"@type\":\"ImageObject\",\"inLanguage\":\"de\",\"@id\":\"https:\\\/\\\/www.samenhaus.de\\\/gartenblog\\\/wp-content\\\/uploads\\\/2026\\\/03\\\/Holger-150x150.png\",\"url\":\"https:\\\/\\\/www.samenhaus.de\\\/gartenblog\\\/wp-content\\\/uploads\\\/2026\\\/03\\\/Holger-150x150.png\",\"contentUrl\":\"https:\\\/\\\/www.samenhaus.de\\\/gartenblog\\\/wp-content\\\/uploads\\\/2026\\\/03\\\/Holger-150x150.png\",\"caption\":\"Holger\"},\"description\":\"6.000.000 W\u00f6rter \u2013 so viel k\u00f6nnen Sie in etwa von mir online lesen. Das F\u00fcllen des Internets entwickelte sich nach meiner Ausbildung zum TV-Redakteur und der langj\u00e4hrigen Arbeit bei SAT.1 zu einem Fulltime-Job. Trotzdem finde ich noch gen\u00fcgend Zeit, um in meinem Garten zu werkeln. Eine Staude hier, ein Bl\u00fcmchen dort und ein bisschen Gem\u00fcse darf auch nicht fehlen \u2013 einen Schnitzelbaum gibt es ja noch nicht \u2026 Die besten geistigen Erg\u00fcsse habe ich \u00fcbrigens, wenn ich IM Garten \u00dcBER den Garten schreiben kann. So vereinen sich Beruf und Hobby perfekt \u2013 was gibt es Sch\u00f6neres?\",\"url\":\"https:\\\/\\\/www.samenhaus.de\\\/gartenblog\\\/author\\\/holger\"}]}<\/script>\n<!-- \/ Yoast SEO plugin. -->","yoast_head_json":{"title":"Balkonarbeiten im September - Samenhaus Gartenblog","description":"Im September sollte das Wetter im Auge behalten werden. Nachfr\u00f6ste k\u00f6nnen frostempfindlichen Pflanzen schaden.","robots":{"index":"index","follow":"follow","max-snippet":"max-snippet:-1","max-image-preview":"max-image-preview:large","max-video-preview":"max-video-preview:-1"},"canonical":"https:\/\/www.samenhaus.de\/gartenblog\/balkonarbeiten-im-september","og_locale":"de_DE","og_type":"article","og_title":"Balkonarbeiten im September - Samenhaus Gartenblog","og_description":"Im September sollte das Wetter im Auge behalten werden. Nachfr\u00f6ste k\u00f6nnen frostempfindlichen Pflanzen schaden.","og_url":"https:\/\/www.samenhaus.de\/gartenblog\/balkonarbeiten-im-september","og_site_name":"Samenhaus Gartenblog","article_publisher":"https:\/\/de-de.facebook.com\/samenhaus","article_published_time":"2023-09-02T09:00:57+00:00","article_modified_time":"2023-11-01T07:48:20+00:00","og_image":[{"width":2560,"height":1702,"url":"https:\/\/www.samenhaus.de\/gartenblog\/wp-content\/uploads\/2023\/03\/Balkonarbeiten-September-scaled.jpg","type":"image\/jpeg"}],"author":"Holger","twitter_card":"summary_large_image","twitter_creator":"@samenhaus","twitter_site":"@samenhaus","twitter_misc":{"Verfasst von":"Holger","Gesch\u00e4tzte Lesezeit":"7\u00a0Minuten"},"schema":{"@context":"https:\/\/schema.org","@graph":[{"@type":"Article","@id":"https:\/\/www.samenhaus.de\/gartenblog\/balkonarbeiten-im-september#article","isPartOf":{"@id":"https:\/\/www.samenhaus.de\/gartenblog\/balkonarbeiten-im-september"},"author":{"name":"Holger","@id":"https:\/\/www.samenhaus.de\/gartenblog\/#\/schema\/person\/de169769587431893823f62b2ce06c04"},"headline":"Balkonarbeiten im September","datePublished":"2023-09-02T09:00:57+00:00","dateModified":"2023-11-01T07:48:20+00:00","mainEntityOfPage":{"@id":"https:\/\/www.samenhaus.de\/gartenblog\/balkonarbeiten-im-september"},"wordCount":1044,"commentCount":0,"publisher":{"@id":"https:\/\/www.samenhaus.de\/gartenblog\/#organization"},"image":{"@id":"https:\/\/www.samenhaus.de\/gartenblog\/balkonarbeiten-im-september#primaryimage"},"thumbnailUrl":"https:\/\/www.samenhaus.de\/gartenblog\/wp-content\/uploads\/2023\/03\/Balkonarbeiten-September-scaled.jpg","articleSection":["September"],"inLanguage":"de","potentialAction":[{"@type":"CommentAction","name":"Comment","target":["https:\/\/www.samenhaus.de\/gartenblog\/balkonarbeiten-im-september#respond"]}],"copyrightYear":"2023","copyrightHolder":{"@id":"https:\/\/www.samenhaus.de\/gartenblog\/#organization"}},{"@type":"WebPage","@id":"https:\/\/www.samenhaus.de\/gartenblog\/balkonarbeiten-im-september","url":"https:\/\/www.samenhaus.de\/gartenblog\/balkonarbeiten-im-september","name":"Balkonarbeiten im September - Samenhaus Gartenblog","isPartOf":{"@id":"https:\/\/www.samenhaus.de\/gartenblog\/#website"},"primaryImageOfPage":{"@id":"https:\/\/www.samenhaus.de\/gartenblog\/balkonarbeiten-im-september#primaryimage"},"image":{"@id":"https:\/\/www.samenhaus.de\/gartenblog\/balkonarbeiten-im-september#primaryimage"},"thumbnailUrl":"https:\/\/www.samenhaus.de\/gartenblog\/wp-content\/uploads\/2023\/03\/Balkonarbeiten-September-scaled.jpg","datePublished":"2023-09-02T09:00:57+00:00","dateModified":"2023-11-01T07:48:20+00:00","description":"Im September sollte das Wetter im Auge behalten werden. Nachfr\u00f6ste k\u00f6nnen frostempfindlichen Pflanzen schaden.","breadcrumb":{"@id":"https:\/\/www.samenhaus.de\/gartenblog\/balkonarbeiten-im-september#breadcrumb"},"inLanguage":"de","potentialAction":[{"@type":"ReadAction","target":["https:\/\/www.samenhaus.de\/gartenblog\/balkonarbeiten-im-september"]}]},{"@type":"ImageObject","inLanguage":"de","@id":"https:\/\/www.samenhaus.de\/gartenblog\/balkonarbeiten-im-september#primaryimage","url":"https:\/\/www.samenhaus.de\/gartenblog\/wp-content\/uploads\/2023\/03\/Balkonarbeiten-September-scaled.jpg","contentUrl":"https:\/\/www.samenhaus.de\/gartenblog\/wp-content\/uploads\/2023\/03\/Balkonarbeiten-September-scaled.jpg","width":2560,"height":1702,"caption":"Balkonarbeiten September"},{"@type":"BreadcrumbList","@id":"https:\/\/www.samenhaus.de\/gartenblog\/balkonarbeiten-im-september#breadcrumb","itemListElement":[{"@type":"ListItem","position":1,"name":"Startseite","item":"https:\/\/www.samenhaus.de\/gartenblog\/"},{"@type":"ListItem","position":2,"name":"Balkonarbeiten im September"}]},{"@type":"WebSite","@id":"https:\/\/www.samenhaus.de\/gartenblog\/#website","url":"https:\/\/www.samenhaus.de\/gartenblog\/","name":"Samenhaus Gartenblog","description":"","publisher":{"@id":"https:\/\/www.samenhaus.de\/gartenblog\/#organization"},"potentialAction":[{"@type":"SearchAction","target":{"@type":"EntryPoint","urlTemplate":"https:\/\/www.samenhaus.de\/gartenblog\/?s={search_term_string}"},"query-input":{"@type":"PropertyValueSpecification","valueRequired":true,"valueName":"search_term_string"}}],"inLanguage":"de"},{"@type":"Organization","@id":"https:\/\/www.samenhaus.de\/gartenblog\/#organization","name":"Samenhaus.de Gartenblog","url":"https:\/\/www.samenhaus.de\/gartenblog\/","logo":{"@type":"ImageObject","inLanguage":"de","@id":"https:\/\/www.samenhaus.de\/gartenblog\/#\/schema\/logo\/image\/","url":"https:\/\/www.samenhaus.de\/gartenblog\/wp-content\/uploads\/2020\/11\/logo.svg","contentUrl":"https:\/\/www.samenhaus.de\/gartenblog\/wp-content\/uploads\/2020\/11\/logo.svg","width":1,"height":1,"caption":"Samenhaus.de Gartenblog"},"image":{"@id":"https:\/\/www.samenhaus.de\/gartenblog\/#\/schema\/logo\/image\/"},"sameAs":["https:\/\/de-de.facebook.com\/samenhaus","https:\/\/x.com\/samenhaus"]},{"@type":"Person","@id":"https:\/\/www.samenhaus.de\/gartenblog\/#\/schema\/person\/de169769587431893823f62b2ce06c04","name":"Holger","image":{"@type":"ImageObject","inLanguage":"de","@id":"https:\/\/www.samenhaus.de\/gartenblog\/wp-content\/uploads\/2026\/03\/Holger-150x150.png","url":"https:\/\/www.samenhaus.de\/gartenblog\/wp-content\/uploads\/2026\/03\/Holger-150x150.png","contentUrl":"https:\/\/www.samenhaus.de\/gartenblog\/wp-content\/uploads\/2026\/03\/Holger-150x150.png","caption":"Holger"},"description":"6.000.000 W\u00f6rter \u2013 so viel k\u00f6nnen Sie in etwa von mir online lesen. Das F\u00fcllen des Internets entwickelte sich nach meiner Ausbildung zum TV-Redakteur und der langj\u00e4hrigen Arbeit bei SAT.1 zu einem Fulltime-Job. Trotzdem finde ich noch gen\u00fcgend Zeit, um in meinem Garten zu werkeln. Eine Staude hier, ein Bl\u00fcmchen dort und ein bisschen Gem\u00fcse darf auch nicht fehlen \u2013 einen Schnitzelbaum gibt es ja noch nicht \u2026 Die besten geistigen Erg\u00fcsse habe ich \u00fcbrigens, wenn ich IM Garten \u00dcBER den Garten schreiben kann. So vereinen sich Beruf und Hobby perfekt \u2013 was gibt es Sch\u00f6neres?","url":"https:\/\/www.samenhaus.de\/gartenblog\/author\/holger"}]}},"wp-worthy-pixel":{"ignored":false,"public":"4ce2a51742f2492f8ad021c6ff700de7","server":"vg08.met.vgwort.de","url":"https:\/\/vg08.met.vgwort.de\/na\/4ce2a51742f2492f8ad021c6ff700de7"},"wp-worthy-type":"normal","_links":{"self":[{"href":"https:\/\/www.samenhaus.de\/gartenblog\/wp-json\/wp\/v2\/posts\/10676","targetHints":{"allow":["GET"]}}],"collection":[{"href":"https:\/\/www.samenhaus.de\/gartenblog\/wp-json\/wp\/v2\/posts"}],"about":[{"href":"https:\/\/www.samenhaus.de\/gartenblog\/wp-json\/wp\/v2\/types\/post"}],"author":[{"embeddable":true,"href":"https:\/\/www.samenhaus.de\/gartenblog\/wp-json\/wp\/v2\/users\/13"}],"replies":[{"embeddable":true,"href":"https:\/\/www.samenhaus.de\/gartenblog\/wp-json\/wp\/v2\/comments?post=10676"}],"version-history":[{"count":6,"href":"https:\/\/www.samenhaus.de\/gartenblog\/wp-json\/wp\/v2\/posts\/10676\/revisions"}],"predecessor-version":[{"id":15195,"href":"https:\/\/www.samenhaus.de\/gartenblog\/wp-json\/wp\/v2\/posts\/10676\/revisions\/15195"}],"wp:featuredmedia":[{"embeddable":true,"href":"https:\/\/www.samenhaus.de\/gartenblog\/wp-json\/wp\/v2\/media\/10762"}],"wp:attachment":[{"href":"https:\/\/www.samenhaus.de\/gartenblog\/wp-json\/wp\/v2\/media?parent=10676"}],"wp:term":[{"taxonomy":"category","embeddable":true,"href":"https:\/\/www.samenhaus.de\/gartenblog\/wp-json\/wp\/v2\/categories?post=10676"},{"taxonomy":"post_tag","embeddable":true,"href":"https:\/\/www.samenhaus.de\/gartenblog\/wp-json\/wp\/v2\/tags?post=10676"},{"taxonomy":"hersteller","embeddable":true,"href":"https:\/\/www.samenhaus.de\/gartenblog\/wp-json\/wp\/v2\/hersteller?post=10676"}],"curies":[{"name":"wp","href":"https:\/\/api.w.org\/{rel}","templated":true}]}}