{"id":10692,"date":"2023-11-03T09:00:06","date_gmt":"2023-11-03T09:00:06","guid":{"rendered":"https:\/\/www.samenhaus.de\/gartenblog\/?p=10692"},"modified":"2023-11-02T16:13:42","modified_gmt":"2023-11-02T15:13:42","slug":"lagerung-und-aufbewahrung-von-saatgut-und-samen","status":"publish","type":"post","link":"https:\/\/www.samenhaus.de\/gartenblog\/lagerung-und-aufbewahrung-von-saatgut-und-samen","title":{"rendered":"Lagerung und Aufbewahrung von Saatgut und Samen"},"content":{"rendered":"<p>Wenn Sie selbst Samen von Ihren Kr\u00e4utern oder Gem\u00fcsepflanzen ernten, dann ist die Lagerung das A und O, damit daraus wieder neues Leben entstehen kann. Wichtig zu wissen ist au\u00dferdem, dass Saatgut so frisch wie m\u00f6glich sein sollte, um eine hohe Keimf\u00e4higkeit zu gew\u00e4hrleisten. Je \u00e4lter es ist, umso geringer auch die Keimf\u00e4higkeit. Daher ist auch auf gekauftem Saatgut immer ein Haltbarkeitsdatum angegeben. Bis zu diesem Zeitpunkt wird die Keimf\u00e4higkeit garantiert \u2013 allerdings nur bei richtiger Lagerung. Wird das Datum \u00fcberschritten, ist eine einwandfreie Keimung der Samen nicht mehr gew\u00e4hrleistet.<\/p>\n<p>Doch nicht nur die Dauer der Aufbewahrung ist entscheidend, ob Saatgut wieder sprie\u00dft, sondern auch die Art der <a href=\"https:\/\/www.samenhaus.de\/samentueten\" target=\"_blank\" rel=\"noopener\">Lagerung<\/a>. Daher gilt es hierbei einiges zu beachten.<\/p>\n<h2><span class=\"ez-toc-section\" id=\"Die_Keimfaehigkeit_von_Saatgut\"><\/span>Die Keimf\u00e4higkeit von Saatgut<span class=\"ez-toc-section-end\"><\/span><\/h2>\n<p><img loading=\"lazy\" decoding=\"async\" class=\"size-full wp-image-15259 alignright\" src=\"https:\/\/www.samenhaus.de\/gartenblog\/wp-content\/uploads\/2023\/11\/Saatgut-lagern_518236303.jpg\" alt=\"Keimung Samen\" width=\"300\" height=\"200\" \/>Pro Jahr kann man davon ausgehen, dass die Keimf\u00e4higkeit im Schnitt um rund ein Drittel nachl\u00e4sst. Das ist allerdings nicht auf alle Pflanzen anwendbar. So sind manche Samen bereits nach einem Jahr nicht mehr keimf\u00e4hig, andere \u00fcberdauern mehrere Jahrzehnte. Hier eine Aufstellung wichtiger Kr\u00e4uter- und Gem\u00fcsesorten und deren Keimf\u00e4higkeit.<\/p>\n<table class=\"custom-table-1\" width=\"100%\" cellspacing=\"0\" cellpadding=\"4\">\n<tbody>\n<tr>\n<td width=\"113\"><strong>Keimf\u00e4higkeit<\/strong><\/td>\n<td width=\"491\"><strong>Gem\u00fcse\/Kr\u00e4uter<\/strong><\/td>\n<\/tr>\n<tr>\n<td width=\"113\"><\/td>\n<td width=\"491\"><\/td>\n<\/tr>\n<tr>\n<td width=\"113\">bis zu 2 Jahren<\/td>\n<td width=\"491\">Gartenkresse, Pastinake, Schnittlauch<\/td>\n<\/tr>\n<tr>\n<td width=\"113\">bis zu 3 Jahren<\/td>\n<td width=\"491\">Borretsch, Dill, Feldsalat, Lauch, Petersilie, Schwarzwurzel, Wurzelpetersilie, Zwiebeln<\/td>\n<\/tr>\n<tr>\n<td width=\"113\">bis zu 4 Jahren<\/td>\n<td width=\"491\">Karotten, Kerbel, K\u00fcmmel, Paprika, Sellerie<\/td>\n<\/tr>\n<tr>\n<td width=\"113\">bis zu 5 Jahren<\/td>\n<td width=\"491\">Brokkoli, Buschbohnen, Chicor\u00e9e, Chinakohl, Erbsen, Gr\u00fcnkohl, Kapuzinerkresse, Kohlrabi, Kopfsalat, Mais, Prunkbohnen, Puffbohnen, Radieschen, Rettich, R\u00f6mischer Salat, Romanesco, Rosenkohl, Schnittsalat, Sojabohnen, Spinat, Stangenbohnen, Winterportulak<\/td>\n<\/tr>\n<tr>\n<td width=\"113\">bis zu 6 Jahren<\/td>\n<td width=\"491\">Auberginen, Artischocken, Radicchio, Rote R\u00fcben, Winterendiviensalat<\/td>\n<\/tr>\n<tr>\n<td width=\"113\">bis zu 8 Jahren<\/td>\n<td width=\"491\">Gurken, K\u00fcrbisse, Mangold, Tomaten, Zucchini<\/td>\n<\/tr>\n<\/tbody>\n<\/table>\n<p><strong>\u00dcbrigens<\/strong>: Wenn Sie Senf aus eigenen Samen ziehen m\u00f6chten, beh\u00e4lt dieser seine Keimf\u00e4higkeit bis zu 40 Jahre.<\/p>\n<h2><span class=\"ez-toc-section\" id=\"Die_idealen_Lagerbedingungen_fuer_Saatgut\"><\/span>Die idealen Lagerbedingungen f\u00fcr Saatgut<span class=\"ez-toc-section-end\"><\/span><\/h2>\n<p>Im Grunde ist es schon mal nicht verkehrt, wenn Sie Samen dunkel, trocken und k\u00fchl lagern. Dennoch kann man zu den Lagerbedingungen noch einiges mehr sagen, um diese entsprechend zu verbessern.<\/p>\n<ul>\n<li><strong>Das Lagergef\u00e4\u00df<\/strong><\/li>\n<\/ul>\n<p>Am idealsten ist es, wenn Sie Samen in ein Glas mit Schraubverschluss geben. Auch Einweckgl\u00e4ser sind nat\u00fcrlich m\u00f6glich. Wichtig ist, dass keine Feuchtigkeit eindringen kann, da sie bei niedriger Luftfeuchte l\u00e4nger haltbar sind. M\u00f6chten Sie aktiv werden, holen sie sich Kieselgel (Siliziumgel) aus dem Drogeriemarkt, um die Luftfeuchtigkeit niedrig zu halten. Auch Sch\u00e4dlinge wie Mehlmotten, Bohnenk\u00e4fer oder gar M\u00e4use k\u00f6nnen in solche Beh\u00e4ltnisse nicht vordringen.<\/p>\n<ul>\n<li><strong>Der Lagerort<\/strong><\/li>\n<\/ul>\n<p>Da Samen dunkel stehen sollten, ist es ratsam, die Gl\u00e4ser in einen Schrank zu stellen. Wichtig ist, dass so wenig Licht wie m\u00f6glich an das Saatgut gelangen kann.<\/p>\n<ul>\n<li><strong>Die Lagerbedingungen<\/strong><\/li>\n<\/ul>\n<p>Die Lagertemperaturen sollten k\u00fchl sein und um die 10 Grad liegen. Daher sind R\u00e4ume, die sich im Sommer aufheizen, wie der Dachboden, die Garage oder das Gartenh\u00e4uschen nicht von Vorteil. Ein Schrank im Keller ist wohl der ideale Aufbewahrungsort.<\/p>\n<p>Da gekaufte Samen in Papiert\u00fctchen verpackt sind, k\u00f6nnen Sie diese entweder selbst in einen Glasbeh\u00e4lter umf\u00fcllen, alternativ lagern Sie die T\u00fctchen in trocknen R\u00e4umen. Eine zu hohe Feuchtigkeit kann sonst die Bildung von sch\u00e4dlichen Pilzen beg\u00fcnstigen.<\/p>\n<p>Denken Sie bei der Lagerung von Samen immer daran, die Gef\u00e4\u00dfe zu beschriften, damit Sie wissen, wo sich welches Saatgut befindet. Kennzeichnen Sie die Gl\u00e4ser zudem immer mit dem Einlagerungsdatum. Sinnvoll kann ebenso sein, auf den Gl\u00e4sern die Keimzeiten, die Pflanzzeiten, die Bl\u00fch- und die Erntezeiten festzuhalten. So haben Sie alles \u00fcbersichtlich im Blick.<\/p>\n<h2><span class=\"ez-toc-section\" id=\"Saatgut_in_der_Gefriertruhe\"><\/span>Saatgut in der Gefriertruhe<span class=\"ez-toc-section-end\"><\/span><\/h2>\n<p><img loading=\"lazy\" decoding=\"async\" class=\"size-full wp-image-15258 alignright\" src=\"https:\/\/www.samenhaus.de\/gartenblog\/wp-content\/uploads\/2023\/11\/Saatgut-lagern_235506208.jpg\" alt=\"K\u00fchlung Samen\" width=\"300\" height=\"200\" \/>Eine weitere M\u00f6glichkeit, um Samen lange lagern zu k\u00f6nnen, ist die Gefriertruhe. So k\u00f6nnen Sie n\u00e4mlich die Keimf\u00e4higkeit um viele Jahre verl\u00e4ngern. Samen, die bei -18 Grad dauerhaft gelagert werden, keimen auch nach Jahrzehnten noch. Um f\u00fcr Ihr Saatgut die besten Bedingungen zu schaffen, muss dieses vor dem Einfrieren sehr gut gereinigt werden. Dazu wird eventuell vorhandenes Fruchtfleisch entfernt. Bei harten Samen kann dies mit einer B\u00fcrste geschehen, bei weichen Samen, wie etwa bei Tomaten, werden diese mehrere Tage in Wasser gelegt, um die gallertartige Masse zu entfernen.<\/p>\n<p>Nach dem Reinigen werden die Samen gut getrocknet. Das ist eine weitere wichtige Aufgabe, denn feuchte Samen gehen beim Einfrieren sonst kaputt. Trocknen k\u00f6nnen Sie wieder \u2013 wie oben erw\u00e4hnt \u2013 mit Kieselgel. Zum Einfrieren wird das Saatgut unter Vakuum eingeschwei\u00dft. Dazu werden metallbeschichtete S\u00e4ckchen genommen.<\/p>\n<h2><span class=\"ez-toc-section\" id=\"Machen_Sie_den_Keimtest\"><\/span>Machen Sie den Keimtest<span class=\"ez-toc-section-end\"><\/span><\/h2>\n<p>Nun kann es vorkommen, dass Sie nicht mehr wissen, wie lange die Samen bereits lagern. Um die Keimf\u00e4higkeit zu \u00fcberpr\u00fcfen k\u00f6nnen Sie einen einfachen Keimtest durchf\u00fchren. Und so geht\u00b4s:<\/p>\n<ol>\n<li>Nehmen Sie etwas K\u00fcchenpapier, befeuchten es und streuen darauf etwa 10 Saatk\u00f6rner aus.<\/li>\n<li>Legen Sie das K\u00fcchenpapier mit den Samen auf einen Teller.<\/li>\n<li>St\u00fclpen Sie eine T\u00fcte \u00fcber den Teller. Bei Lichtkeimern sollte diese durchsichtig sein, bei Dunkelkeimern nat\u00fcrlich nicht.<\/li>\n<li>Halten Sie das K\u00fcchenpapier stets feucht.<\/li>\n<li>Ist die Keimzeit erreicht, kontrollieren Sie, wie viele der Samen aufgegangen sind. Sind es mehr als zwei Drittel, ist die Keimf\u00e4higkeit noch gut und Sie k\u00f6nnen die Samen in Anzuchterde geben. Bei niedrigeren Werten sollte das Saatgut nicht mehr verwendet werden.<\/li>\n<\/ol>\n","protected":false},"excerpt":{"rendered":"<p>Wenn Sie selbst Samen von Ihren Kr\u00e4utern oder Gem\u00fcsepflanzen ernten, dann ist die Lagerung das A und O, damit daraus wieder neues Leben entstehen kann. Wichtig zu wissen ist au\u00dferdem, dass Saatgut so frisch wie m\u00f6glich sein sollte, um eine hohe Keimf\u00e4higkeit zu gew\u00e4hrleisten. Je \u00e4lter es ist, umso geringer auch die Keimf\u00e4higkeit. Daher ist auch auf gekauftem Saatgut immer ein Haltbarkeitsdatum angegeben. Bis zu diesem Zeitpunkt wird die Keimf\u00e4higkeit garantiert \u2013 allerdings nur bei richtiger Lagerung. Wird das Datum \u00fcberschritten, ist eine einwandfreie Keimung der Samen nicht mehr gew\u00e4hrleistet. Doch nicht nur die Dauer der Aufbewahrung ist entscheidend, ob Saatgut wieder sprie\u00dft, sondern auch die Art der Lagerung. Daher gilt es hierbei einiges zu beachten. Die Keimf\u00e4higkeit von Saatgut Pro Jahr kann man davon ausgehen, dass die Keimf\u00e4higkeit im Schnitt um rund ein Drittel nachl\u00e4sst. Das ist allerdings nicht auf alle Pflanzen anwendbar. So sind manche Samen bereits nach einem Jahr nicht mehr keimf\u00e4hig, andere \u00fcberdauern mehrere Jahrzehnte. Hier eine Aufstellung wichtiger Kr\u00e4uter- und Gem\u00fcsesorten und deren Keimf\u00e4higkeit. Keimf\u00e4higkeit Gem\u00fcse\/Kr\u00e4uter bis zu 2 Jahren Gartenkresse, Pastinake, Schnittlauch bis zu 3 Jahren Borretsch, Dill, Feldsalat, Lauch, Petersilie, Schwarzwurzel, Wurzelpetersilie, Zwiebeln bis zu 4 Jahren Karotten, Kerbel, K\u00fcmmel, Paprika, Sellerie bis [&hellip;]<\/p>\n","protected":false},"author":13,"featured_media":15257,"comment_status":"open","ping_status":"open","sticky":false,"template":"","format":"standard","meta":{"_acf_changed":false,"footnotes":""},"categories":[1],"tags":[],"hersteller":[],"class_list":["post-10692","post","type-post","status-publish","format-standard","has-post-thumbnail","hentry","category-allgemein"],"acf":[],"yoast_head":"<!-- This site is optimized with the Yoast SEO plugin v27.4 - https:\/\/yoast.com\/product\/yoast-seo-wordpress\/ -->\n<title>Lagerung und Aufbewahrung von Saatgut und Samen - Samenhaus Gartenblog<\/title>\n<meta name=\"description\" content=\"Eigenes Saatgut sollte dunkel und k\u00fchl verstaut werden. Nur so ist eine Keimf\u00e4higkeit m\u00f6glich. Wie lange die Samen keimf\u00e4hig sind, h\u00e4ngt vom Gem\u00fcse ab.\" \/>\n<meta name=\"robots\" content=\"index, follow, max-snippet:-1, max-image-preview:large, max-video-preview:-1\" \/>\n<link rel=\"canonical\" href=\"https:\/\/www.samenhaus.de\/gartenblog\/lagerung-und-aufbewahrung-von-saatgut-und-samen\" \/>\n<meta property=\"og:locale\" content=\"de_DE\" \/>\n<meta property=\"og:type\" content=\"article\" \/>\n<meta property=\"og:title\" content=\"Lagerung und Aufbewahrung von Saatgut und Samen - Samenhaus Gartenblog\" \/>\n<meta property=\"og:description\" content=\"Eigenes Saatgut sollte dunkel und k\u00fchl verstaut werden. Nur so ist eine Keimf\u00e4higkeit m\u00f6glich. Wie lange die Samen keimf\u00e4hig sind, h\u00e4ngt vom Gem\u00fcse ab.\" \/>\n<meta property=\"og:url\" content=\"https:\/\/www.samenhaus.de\/gartenblog\/lagerung-und-aufbewahrung-von-saatgut-und-samen\" \/>\n<meta property=\"og:site_name\" content=\"Samenhaus Gartenblog\" \/>\n<meta property=\"article:publisher\" content=\"https:\/\/de-de.facebook.com\/samenhaus\" \/>\n<meta property=\"article:published_time\" content=\"2023-11-03T09:00:06+00:00\" \/>\n<meta property=\"og:image\" content=\"https:\/\/www.samenhaus.de\/gartenblog\/wp-content\/uploads\/2023\/11\/Saatgut-lagern_196740070.jpg\" \/>\n\t<meta property=\"og:image:width\" content=\"751\" \/>\n\t<meta property=\"og:image:height\" content=\"500\" \/>\n\t<meta property=\"og:image:type\" content=\"image\/jpeg\" \/>\n<meta name=\"author\" content=\"Holger\" \/>\n<meta name=\"twitter:card\" content=\"summary_large_image\" \/>\n<meta name=\"twitter:creator\" content=\"@samenhaus\" \/>\n<meta name=\"twitter:site\" content=\"@samenhaus\" \/>\n<meta name=\"twitter:label1\" content=\"Verfasst von\" \/>\n\t<meta name=\"twitter:data1\" content=\"Holger\" \/>\n\t<meta name=\"twitter:label2\" content=\"Gesch\u00e4tzte Lesezeit\" \/>\n\t<meta name=\"twitter:data2\" content=\"5\u00a0Minuten\" \/>\n<script type=\"application\/ld+json\" class=\"yoast-schema-graph\">{\"@context\":\"https:\\\/\\\/schema.org\",\"@graph\":[{\"@type\":\"Article\",\"@id\":\"https:\\\/\\\/www.samenhaus.de\\\/gartenblog\\\/lagerung-und-aufbewahrung-von-saatgut-und-samen#article\",\"isPartOf\":{\"@id\":\"https:\\\/\\\/www.samenhaus.de\\\/gartenblog\\\/lagerung-und-aufbewahrung-von-saatgut-und-samen\"},\"author\":{\"name\":\"Holger\",\"@id\":\"https:\\\/\\\/www.samenhaus.de\\\/gartenblog\\\/#\\\/schema\\\/person\\\/de169769587431893823f62b2ce06c04\"},\"headline\":\"Lagerung und Aufbewahrung von Saatgut und Samen\",\"datePublished\":\"2023-11-03T09:00:06+00:00\",\"mainEntityOfPage\":{\"@id\":\"https:\\\/\\\/www.samenhaus.de\\\/gartenblog\\\/lagerung-und-aufbewahrung-von-saatgut-und-samen\"},\"wordCount\":864,\"commentCount\":0,\"publisher\":{\"@id\":\"https:\\\/\\\/www.samenhaus.de\\\/gartenblog\\\/#organization\"},\"image\":{\"@id\":\"https:\\\/\\\/www.samenhaus.de\\\/gartenblog\\\/lagerung-und-aufbewahrung-von-saatgut-und-samen#primaryimage\"},\"thumbnailUrl\":\"https:\\\/\\\/www.samenhaus.de\\\/gartenblog\\\/wp-content\\\/uploads\\\/2023\\\/11\\\/Saatgut-lagern_196740070.jpg\",\"inLanguage\":\"de\",\"potentialAction\":[{\"@type\":\"CommentAction\",\"name\":\"Comment\",\"target\":[\"https:\\\/\\\/www.samenhaus.de\\\/gartenblog\\\/lagerung-und-aufbewahrung-von-saatgut-und-samen#respond\"]}],\"copyrightYear\":\"2023\",\"copyrightHolder\":{\"@id\":\"https:\\\/\\\/www.samenhaus.de\\\/gartenblog\\\/#organization\"}},{\"@type\":\"WebPage\",\"@id\":\"https:\\\/\\\/www.samenhaus.de\\\/gartenblog\\\/lagerung-und-aufbewahrung-von-saatgut-und-samen\",\"url\":\"https:\\\/\\\/www.samenhaus.de\\\/gartenblog\\\/lagerung-und-aufbewahrung-von-saatgut-und-samen\",\"name\":\"Lagerung und Aufbewahrung von Saatgut und Samen - Samenhaus Gartenblog\",\"isPartOf\":{\"@id\":\"https:\\\/\\\/www.samenhaus.de\\\/gartenblog\\\/#website\"},\"primaryImageOfPage\":{\"@id\":\"https:\\\/\\\/www.samenhaus.de\\\/gartenblog\\\/lagerung-und-aufbewahrung-von-saatgut-und-samen#primaryimage\"},\"image\":{\"@id\":\"https:\\\/\\\/www.samenhaus.de\\\/gartenblog\\\/lagerung-und-aufbewahrung-von-saatgut-und-samen#primaryimage\"},\"thumbnailUrl\":\"https:\\\/\\\/www.samenhaus.de\\\/gartenblog\\\/wp-content\\\/uploads\\\/2023\\\/11\\\/Saatgut-lagern_196740070.jpg\",\"datePublished\":\"2023-11-03T09:00:06+00:00\",\"description\":\"Eigenes Saatgut sollte dunkel und k\u00fchl verstaut werden. Nur so ist eine Keimf\u00e4higkeit m\u00f6glich. Wie lange die Samen keimf\u00e4hig sind, h\u00e4ngt vom Gem\u00fcse ab.\",\"breadcrumb\":{\"@id\":\"https:\\\/\\\/www.samenhaus.de\\\/gartenblog\\\/lagerung-und-aufbewahrung-von-saatgut-und-samen#breadcrumb\"},\"inLanguage\":\"de\",\"potentialAction\":[{\"@type\":\"ReadAction\",\"target\":[\"https:\\\/\\\/www.samenhaus.de\\\/gartenblog\\\/lagerung-und-aufbewahrung-von-saatgut-und-samen\"]}]},{\"@type\":\"ImageObject\",\"inLanguage\":\"de\",\"@id\":\"https:\\\/\\\/www.samenhaus.de\\\/gartenblog\\\/lagerung-und-aufbewahrung-von-saatgut-und-samen#primaryimage\",\"url\":\"https:\\\/\\\/www.samenhaus.de\\\/gartenblog\\\/wp-content\\\/uploads\\\/2023\\\/11\\\/Saatgut-lagern_196740070.jpg\",\"contentUrl\":\"https:\\\/\\\/www.samenhaus.de\\\/gartenblog\\\/wp-content\\\/uploads\\\/2023\\\/11\\\/Saatgut-lagern_196740070.jpg\",\"width\":751,\"height\":500,\"caption\":\"Lagerung Saatgut\"},{\"@type\":\"BreadcrumbList\",\"@id\":\"https:\\\/\\\/www.samenhaus.de\\\/gartenblog\\\/lagerung-und-aufbewahrung-von-saatgut-und-samen#breadcrumb\",\"itemListElement\":[{\"@type\":\"ListItem\",\"position\":1,\"name\":\"Startseite\",\"item\":\"https:\\\/\\\/www.samenhaus.de\\\/gartenblog\\\/\"},{\"@type\":\"ListItem\",\"position\":2,\"name\":\"Lagerung und Aufbewahrung von Saatgut und Samen\"}]},{\"@type\":\"WebSite\",\"@id\":\"https:\\\/\\\/www.samenhaus.de\\\/gartenblog\\\/#website\",\"url\":\"https:\\\/\\\/www.samenhaus.de\\\/gartenblog\\\/\",\"name\":\"Samenhaus Gartenblog\",\"description\":\"\",\"publisher\":{\"@id\":\"https:\\\/\\\/www.samenhaus.de\\\/gartenblog\\\/#organization\"},\"potentialAction\":[{\"@type\":\"SearchAction\",\"target\":{\"@type\":\"EntryPoint\",\"urlTemplate\":\"https:\\\/\\\/www.samenhaus.de\\\/gartenblog\\\/?s={search_term_string}\"},\"query-input\":{\"@type\":\"PropertyValueSpecification\",\"valueRequired\":true,\"valueName\":\"search_term_string\"}}],\"inLanguage\":\"de\"},{\"@type\":\"Organization\",\"@id\":\"https:\\\/\\\/www.samenhaus.de\\\/gartenblog\\\/#organization\",\"name\":\"Samenhaus.de Gartenblog\",\"url\":\"https:\\\/\\\/www.samenhaus.de\\\/gartenblog\\\/\",\"logo\":{\"@type\":\"ImageObject\",\"inLanguage\":\"de\",\"@id\":\"https:\\\/\\\/www.samenhaus.de\\\/gartenblog\\\/#\\\/schema\\\/logo\\\/image\\\/\",\"url\":\"https:\\\/\\\/www.samenhaus.de\\\/gartenblog\\\/wp-content\\\/uploads\\\/2020\\\/11\\\/logo.svg\",\"contentUrl\":\"https:\\\/\\\/www.samenhaus.de\\\/gartenblog\\\/wp-content\\\/uploads\\\/2020\\\/11\\\/logo.svg\",\"width\":1,\"height\":1,\"caption\":\"Samenhaus.de Gartenblog\"},\"image\":{\"@id\":\"https:\\\/\\\/www.samenhaus.de\\\/gartenblog\\\/#\\\/schema\\\/logo\\\/image\\\/\"},\"sameAs\":[\"https:\\\/\\\/de-de.facebook.com\\\/samenhaus\",\"https:\\\/\\\/x.com\\\/samenhaus\"]},{\"@type\":\"Person\",\"@id\":\"https:\\\/\\\/www.samenhaus.de\\\/gartenblog\\\/#\\\/schema\\\/person\\\/de169769587431893823f62b2ce06c04\",\"name\":\"Holger\",\"image\":{\"@type\":\"ImageObject\",\"inLanguage\":\"de\",\"@id\":\"https:\\\/\\\/www.samenhaus.de\\\/gartenblog\\\/wp-content\\\/uploads\\\/2026\\\/03\\\/Holger-150x150.png\",\"url\":\"https:\\\/\\\/www.samenhaus.de\\\/gartenblog\\\/wp-content\\\/uploads\\\/2026\\\/03\\\/Holger-150x150.png\",\"contentUrl\":\"https:\\\/\\\/www.samenhaus.de\\\/gartenblog\\\/wp-content\\\/uploads\\\/2026\\\/03\\\/Holger-150x150.png\",\"caption\":\"Holger\"},\"description\":\"6.000.000 W\u00f6rter \u2013 so viel k\u00f6nnen Sie in etwa von mir online lesen. Das F\u00fcllen des Internets entwickelte sich nach meiner Ausbildung zum TV-Redakteur und der langj\u00e4hrigen Arbeit bei SAT.1 zu einem Fulltime-Job. Trotzdem finde ich noch gen\u00fcgend Zeit, um in meinem Garten zu werkeln. Eine Staude hier, ein Bl\u00fcmchen dort und ein bisschen Gem\u00fcse darf auch nicht fehlen \u2013 einen Schnitzelbaum gibt es ja noch nicht \u2026 Die besten geistigen Erg\u00fcsse habe ich \u00fcbrigens, wenn ich IM Garten \u00dcBER den Garten schreiben kann. So vereinen sich Beruf und Hobby perfekt \u2013 was gibt es Sch\u00f6neres?\",\"url\":\"https:\\\/\\\/www.samenhaus.de\\\/gartenblog\\\/author\\\/holger\"}]}<\/script>\n<!-- \/ Yoast SEO plugin. -->","yoast_head_json":{"title":"Lagerung und Aufbewahrung von Saatgut und Samen - Samenhaus Gartenblog","description":"Eigenes Saatgut sollte dunkel und k\u00fchl verstaut werden. Nur so ist eine Keimf\u00e4higkeit m\u00f6glich. Wie lange die Samen keimf\u00e4hig sind, h\u00e4ngt vom Gem\u00fcse ab.","robots":{"index":"index","follow":"follow","max-snippet":"max-snippet:-1","max-image-preview":"max-image-preview:large","max-video-preview":"max-video-preview:-1"},"canonical":"https:\/\/www.samenhaus.de\/gartenblog\/lagerung-und-aufbewahrung-von-saatgut-und-samen","og_locale":"de_DE","og_type":"article","og_title":"Lagerung und Aufbewahrung von Saatgut und Samen - Samenhaus Gartenblog","og_description":"Eigenes Saatgut sollte dunkel und k\u00fchl verstaut werden. Nur so ist eine Keimf\u00e4higkeit m\u00f6glich. Wie lange die Samen keimf\u00e4hig sind, h\u00e4ngt vom Gem\u00fcse ab.","og_url":"https:\/\/www.samenhaus.de\/gartenblog\/lagerung-und-aufbewahrung-von-saatgut-und-samen","og_site_name":"Samenhaus Gartenblog","article_publisher":"https:\/\/de-de.facebook.com\/samenhaus","article_published_time":"2023-11-03T09:00:06+00:00","og_image":[{"width":751,"height":500,"url":"https:\/\/www.samenhaus.de\/gartenblog\/wp-content\/uploads\/2023\/11\/Saatgut-lagern_196740070.jpg","type":"image\/jpeg"}],"author":"Holger","twitter_card":"summary_large_image","twitter_creator":"@samenhaus","twitter_site":"@samenhaus","twitter_misc":{"Verfasst von":"Holger","Gesch\u00e4tzte Lesezeit":"5\u00a0Minuten"},"schema":{"@context":"https:\/\/schema.org","@graph":[{"@type":"Article","@id":"https:\/\/www.samenhaus.de\/gartenblog\/lagerung-und-aufbewahrung-von-saatgut-und-samen#article","isPartOf":{"@id":"https:\/\/www.samenhaus.de\/gartenblog\/lagerung-und-aufbewahrung-von-saatgut-und-samen"},"author":{"name":"Holger","@id":"https:\/\/www.samenhaus.de\/gartenblog\/#\/schema\/person\/de169769587431893823f62b2ce06c04"},"headline":"Lagerung und Aufbewahrung von Saatgut und Samen","datePublished":"2023-11-03T09:00:06+00:00","mainEntityOfPage":{"@id":"https:\/\/www.samenhaus.de\/gartenblog\/lagerung-und-aufbewahrung-von-saatgut-und-samen"},"wordCount":864,"commentCount":0,"publisher":{"@id":"https:\/\/www.samenhaus.de\/gartenblog\/#organization"},"image":{"@id":"https:\/\/www.samenhaus.de\/gartenblog\/lagerung-und-aufbewahrung-von-saatgut-und-samen#primaryimage"},"thumbnailUrl":"https:\/\/www.samenhaus.de\/gartenblog\/wp-content\/uploads\/2023\/11\/Saatgut-lagern_196740070.jpg","inLanguage":"de","potentialAction":[{"@type":"CommentAction","name":"Comment","target":["https:\/\/www.samenhaus.de\/gartenblog\/lagerung-und-aufbewahrung-von-saatgut-und-samen#respond"]}],"copyrightYear":"2023","copyrightHolder":{"@id":"https:\/\/www.samenhaus.de\/gartenblog\/#organization"}},{"@type":"WebPage","@id":"https:\/\/www.samenhaus.de\/gartenblog\/lagerung-und-aufbewahrung-von-saatgut-und-samen","url":"https:\/\/www.samenhaus.de\/gartenblog\/lagerung-und-aufbewahrung-von-saatgut-und-samen","name":"Lagerung und Aufbewahrung von Saatgut und Samen - Samenhaus Gartenblog","isPartOf":{"@id":"https:\/\/www.samenhaus.de\/gartenblog\/#website"},"primaryImageOfPage":{"@id":"https:\/\/www.samenhaus.de\/gartenblog\/lagerung-und-aufbewahrung-von-saatgut-und-samen#primaryimage"},"image":{"@id":"https:\/\/www.samenhaus.de\/gartenblog\/lagerung-und-aufbewahrung-von-saatgut-und-samen#primaryimage"},"thumbnailUrl":"https:\/\/www.samenhaus.de\/gartenblog\/wp-content\/uploads\/2023\/11\/Saatgut-lagern_196740070.jpg","datePublished":"2023-11-03T09:00:06+00:00","description":"Eigenes Saatgut sollte dunkel und k\u00fchl verstaut werden. Nur so ist eine Keimf\u00e4higkeit m\u00f6glich. Wie lange die Samen keimf\u00e4hig sind, h\u00e4ngt vom Gem\u00fcse ab.","breadcrumb":{"@id":"https:\/\/www.samenhaus.de\/gartenblog\/lagerung-und-aufbewahrung-von-saatgut-und-samen#breadcrumb"},"inLanguage":"de","potentialAction":[{"@type":"ReadAction","target":["https:\/\/www.samenhaus.de\/gartenblog\/lagerung-und-aufbewahrung-von-saatgut-und-samen"]}]},{"@type":"ImageObject","inLanguage":"de","@id":"https:\/\/www.samenhaus.de\/gartenblog\/lagerung-und-aufbewahrung-von-saatgut-und-samen#primaryimage","url":"https:\/\/www.samenhaus.de\/gartenblog\/wp-content\/uploads\/2023\/11\/Saatgut-lagern_196740070.jpg","contentUrl":"https:\/\/www.samenhaus.de\/gartenblog\/wp-content\/uploads\/2023\/11\/Saatgut-lagern_196740070.jpg","width":751,"height":500,"caption":"Lagerung Saatgut"},{"@type":"BreadcrumbList","@id":"https:\/\/www.samenhaus.de\/gartenblog\/lagerung-und-aufbewahrung-von-saatgut-und-samen#breadcrumb","itemListElement":[{"@type":"ListItem","position":1,"name":"Startseite","item":"https:\/\/www.samenhaus.de\/gartenblog\/"},{"@type":"ListItem","position":2,"name":"Lagerung und Aufbewahrung von Saatgut und Samen"}]},{"@type":"WebSite","@id":"https:\/\/www.samenhaus.de\/gartenblog\/#website","url":"https:\/\/www.samenhaus.de\/gartenblog\/","name":"Samenhaus Gartenblog","description":"","publisher":{"@id":"https:\/\/www.samenhaus.de\/gartenblog\/#organization"},"potentialAction":[{"@type":"SearchAction","target":{"@type":"EntryPoint","urlTemplate":"https:\/\/www.samenhaus.de\/gartenblog\/?s={search_term_string}"},"query-input":{"@type":"PropertyValueSpecification","valueRequired":true,"valueName":"search_term_string"}}],"inLanguage":"de"},{"@type":"Organization","@id":"https:\/\/www.samenhaus.de\/gartenblog\/#organization","name":"Samenhaus.de Gartenblog","url":"https:\/\/www.samenhaus.de\/gartenblog\/","logo":{"@type":"ImageObject","inLanguage":"de","@id":"https:\/\/www.samenhaus.de\/gartenblog\/#\/schema\/logo\/image\/","url":"https:\/\/www.samenhaus.de\/gartenblog\/wp-content\/uploads\/2020\/11\/logo.svg","contentUrl":"https:\/\/www.samenhaus.de\/gartenblog\/wp-content\/uploads\/2020\/11\/logo.svg","width":1,"height":1,"caption":"Samenhaus.de Gartenblog"},"image":{"@id":"https:\/\/www.samenhaus.de\/gartenblog\/#\/schema\/logo\/image\/"},"sameAs":["https:\/\/de-de.facebook.com\/samenhaus","https:\/\/x.com\/samenhaus"]},{"@type":"Person","@id":"https:\/\/www.samenhaus.de\/gartenblog\/#\/schema\/person\/de169769587431893823f62b2ce06c04","name":"Holger","image":{"@type":"ImageObject","inLanguage":"de","@id":"https:\/\/www.samenhaus.de\/gartenblog\/wp-content\/uploads\/2026\/03\/Holger-150x150.png","url":"https:\/\/www.samenhaus.de\/gartenblog\/wp-content\/uploads\/2026\/03\/Holger-150x150.png","contentUrl":"https:\/\/www.samenhaus.de\/gartenblog\/wp-content\/uploads\/2026\/03\/Holger-150x150.png","caption":"Holger"},"description":"6.000.000 W\u00f6rter \u2013 so viel k\u00f6nnen Sie in etwa von mir online lesen. Das F\u00fcllen des Internets entwickelte sich nach meiner Ausbildung zum TV-Redakteur und der langj\u00e4hrigen Arbeit bei SAT.1 zu einem Fulltime-Job. Trotzdem finde ich noch gen\u00fcgend Zeit, um in meinem Garten zu werkeln. Eine Staude hier, ein Bl\u00fcmchen dort und ein bisschen Gem\u00fcse darf auch nicht fehlen \u2013 einen Schnitzelbaum gibt es ja noch nicht \u2026 Die besten geistigen Erg\u00fcsse habe ich \u00fcbrigens, wenn ich IM Garten \u00dcBER den Garten schreiben kann. So vereinen sich Beruf und Hobby perfekt \u2013 was gibt es Sch\u00f6neres?","url":"https:\/\/www.samenhaus.de\/gartenblog\/author\/holger"}]}},"wp-worthy-pixel":{"ignored":false,"public":"68f620ab49504797acc43c4847f98b1c","server":"vg08.met.vgwort.de","url":"https:\/\/vg08.met.vgwort.de\/na\/68f620ab49504797acc43c4847f98b1c"},"wp-worthy-type":"normal","_links":{"self":[{"href":"https:\/\/www.samenhaus.de\/gartenblog\/wp-json\/wp\/v2\/posts\/10692","targetHints":{"allow":["GET"]}}],"collection":[{"href":"https:\/\/www.samenhaus.de\/gartenblog\/wp-json\/wp\/v2\/posts"}],"about":[{"href":"https:\/\/www.samenhaus.de\/gartenblog\/wp-json\/wp\/v2\/types\/post"}],"author":[{"embeddable":true,"href":"https:\/\/www.samenhaus.de\/gartenblog\/wp-json\/wp\/v2\/users\/13"}],"replies":[{"embeddable":true,"href":"https:\/\/www.samenhaus.de\/gartenblog\/wp-json\/wp\/v2\/comments?post=10692"}],"version-history":[{"count":6,"href":"https:\/\/www.samenhaus.de\/gartenblog\/wp-json\/wp\/v2\/posts\/10692\/revisions"}],"predecessor-version":[{"id":15255,"href":"https:\/\/www.samenhaus.de\/gartenblog\/wp-json\/wp\/v2\/posts\/10692\/revisions\/15255"}],"wp:featuredmedia":[{"embeddable":true,"href":"https:\/\/www.samenhaus.de\/gartenblog\/wp-json\/wp\/v2\/media\/15257"}],"wp:attachment":[{"href":"https:\/\/www.samenhaus.de\/gartenblog\/wp-json\/wp\/v2\/media?parent=10692"}],"wp:term":[{"taxonomy":"category","embeddable":true,"href":"https:\/\/www.samenhaus.de\/gartenblog\/wp-json\/wp\/v2\/categories?post=10692"},{"taxonomy":"post_tag","embeddable":true,"href":"https:\/\/www.samenhaus.de\/gartenblog\/wp-json\/wp\/v2\/tags?post=10692"},{"taxonomy":"hersteller","embeddable":true,"href":"https:\/\/www.samenhaus.de\/gartenblog\/wp-json\/wp\/v2\/hersteller?post=10692"}],"curies":[{"name":"wp","href":"https:\/\/api.w.org\/{rel}","templated":true}]}}