{"id":10702,"date":"2023-07-25T09:00:56","date_gmt":"2023-07-25T09:00:56","guid":{"rendered":"https:\/\/www.samenhaus.de\/gartenblog\/?p=10702"},"modified":"2023-12-14T13:09:25","modified_gmt":"2023-12-14T12:09:25","slug":"wie-deutschland-zu-seinen-gartenschauen-kam","status":"publish","type":"post","link":"https:\/\/www.samenhaus.de\/gartenblog\/wie-deutschland-zu-seinen-gartenschauen-kam","title":{"rendered":"Wie Deutschland zu seinen Gartenschauen kam"},"content":{"rendered":"<p>Alle zwei Jahre findet irgendwo in Deutschland eine Bundesgartenschau statt. Die BUGA, wie sie abgek\u00fcrzt hei\u00dft, soll dabei die M\u00f6glichkeiten g\u00e4rtnerischer Gestaltung zeigen \u2013 und das in einem gro\u00dfen Rahmen. Noch gr\u00f6\u00dfer ist der Rahmen bei den Internationalen Gartenausstellungen (IGA), die alle 10 Jahre stattfinden. Aber auch so manches Bundesland bietet mit Landesgartenschauen Ausstellungen im kleineren Rahmen an. Ganz zu Beginn noch relativ klein gehalten, haben sich die Gartenschauen mittlerweile zu einer Institution gemausert, die gro\u00dfe Fl\u00e4chen bis hin zu ganzen Parks einnehmen. Wie die Gartenschauen entstanden sind, das wollen wir uns etwas genauer ansehen.<\/p>\n<h2><span class=\"ez-toc-section\" id=\"Gartenschauen_gibt_es_seit_dem_19_Jahrhundert\"><\/span>Gartenschauen gibt es seit dem 19. Jahrhundert<span class=\"ez-toc-section-end\"><\/span><\/h2>\n<p><img loading=\"lazy\" decoding=\"async\" class=\"size-full wp-image-12226 alignright\" src=\"https:\/\/www.samenhaus.de\/gartenblog\/wp-content\/uploads\/2023\/07\/Gartenschau_203050530.jpg\" alt=\"Gartenschau Blumen\" width=\"300\" height=\"200\" \/>Ein Blick in die Geschichte zeigt, dass Gartenschauen in Deutschland eine doch recht lange Tradition haben, wenngleich sich die Schauen im Laufe der Zeit deutlich gewandelt haben. Begonnen hat alles in der ersten H\u00e4lfte des 19. Jahrhunderts. Um das Jahr 1830 kamen die ersten Schauen auf, wobei es sich damals noch um regionale Ausstellungen gehandelt hat. Gezeigt wurden neben Blumen auch Gem\u00fcse und Obst. Die Ausstellungen dienten vorwiegend zum Verkauf der Produkte. Dennoch k\u00f6nnen diese Veranstaltungen als Vorl\u00e4ufer der Gartenschauen angesehen werden.<\/p>\n<h2><span class=\"ez-toc-section\" id=\"Gaerten_einst_nur_fuer_den_Adel\"><\/span>G\u00e4rten einst nur f\u00fcr den Adel<span class=\"ez-toc-section-end\"><\/span><\/h2>\n<p>Garten- und Parkanlagen waren fr\u00fcher ein Privileg des Hochadels. So waren und sind noch heute herrschaftliche G\u00e4rten und Parks Bestandteil vieler Schl\u00f6sser. Herk\u00f6mmlichen B\u00fcrgern waren solche G\u00e4rten vorenthalten, sie konzentrierten sich eher auf den Anbau von Obst und Gem\u00fcse. Dennoch begann bereits im 18. Jahrhundert das Interesse an Pflanzen und G\u00e4rten zu wachsen. Vor allem die gut betuchte Mittelschicht sah sich verst\u00e4rkt auf Pflanzenschauen, die von G\u00e4rtnereien organisiert wurden, um und lie\u00df sich inspirieren. Neben den G\u00e4rtnereien boten auch Besitzer von Hofg\u00e4rten und Gew\u00e4chsh\u00e4usern immer \u00f6fter Einblick in den Anbau von Pflanzen. Im Laufe der Zeit kamen immer mehr Pflanzenliebhaber zusammen, die ersten Pflanzenvereine und Pflanzengesellschaften entstanden.<\/p>\n<h2><span class=\"ez-toc-section\" id=\"1869_ging_es_richtig_los\"><\/span>1869 ging es richtig los<span class=\"ez-toc-section-end\"><\/span><\/h2>\n<p><img loading=\"lazy\" decoding=\"async\" class=\"size-full wp-image-12225 alignright\" src=\"https:\/\/www.samenhaus.de\/gartenblog\/wp-content\/uploads\/2023\/07\/Gartenschau_203050338.jpg\" alt=\"Gartenschau Blumen in K\u00fcbel\" width=\"300\" height=\"189\" \/>Auch wenn 1865 in Erfurt zum ersten Mal eine Allgemeine Deutsche Gartenbauausstellung stattfand, gilt doch das Jahr 1869 als Beginn der Gartenschauen. In diesem Jahr kam die erste Internationale Gartenausstellung in den Alten Elbpark nach Hamburg. Dies war sozusagen der Grundstein f\u00fcr die heute bekannten Gartenschauen, die dann allerdings erst rund 80 Jahre sp\u00e4ter im heute bekannten Stil eingef\u00fchrt wurden. Die Internationale Gartenbauausstellung gibt es \u00fcbrigens bis heute, sie findet alle 10 Jahre statt.<\/p>\n<h2><span class=\"ez-toc-section\" id=\"Gartenausstellungen_bis_zum_2_Weltkrieg\"><\/span>Gartenausstellungen bis zum 2. Weltkrieg<span class=\"ez-toc-section-end\"><\/span><\/h2>\n<p>Von nun an etablierte man die Gartenausstellungen, die in unregelm\u00e4\u00dfigen Abst\u00e4nden stattfanden. Bis zum 2. Weltkrieg konnten folgenden Veranstaltungen ausgerichtet werden:<\/p>\n<ul>\n<li>1887: Erste Internationale Gartenbauausstellung in Dresden<\/li>\n<li>1896: Zweite Internationale Gartenbauausstellung in Dresden<\/li>\n<li>1897: Allgemeine Gartenbauausstellung in Hamburg<\/li>\n<li>1901: Allgemeine Deutsche Gartenbauausstellung in Mainz<\/li>\n<li>1904: Internationale Kunstausstellung und Gro\u00dfe Gartenbauausstellung in D\u00fcsseldorf<\/li>\n<li>1907: Dritte Internationale Gartenbauausstellung in Dresden<\/li>\n<li>1907: Gro\u00dfe Gartenbauausstellung in Mannheim<\/li>\n<li>1914: Deutsche Gartenbauausstellung in Altona<\/li>\n<li>1926: Jubil\u00e4ums-Gartenbauausstellung in Dresden<\/li>\n<li>1927: Deutsche Gartenbau- und Schlesische Gewerbeausstellung in Liegnitz<\/li>\n<li>1929: Gro\u00dfe Ruhrl\u00e4ndische Gartenbauausstellung in Essen<\/li>\n<li>1933: Deutsche Gartenbauausstellung in Berlin<\/li>\n<li>1933: Jahresschau Deutscher Gartenkultur und Landschaftspflege in Hannover<\/li>\n<li>1936: Erste Reichsausstellung des Deutschen Gartenbaus in Dresden<\/li>\n<li>1938: Zweite Reichsausstellung des Deutschen Gartenbaus in Essen<\/li>\n<li>1939: Dritte Reichsausstellung des Deutschen Gartenbaus in Stuttgart<\/li>\n<\/ul>\n<p>In den Jahren 1940 bis 1950 fanden aufgrund des 2. Weltkrieges keine Gartenschauen in Deutschland statt.<\/p>\n<h2><span class=\"ez-toc-section\" id=\"1951_%E2%80%93_der_Neuanfang_der_Gartenschauen\"><\/span>1951 \u2013 der Neuanfang der Gartenschauen<span class=\"ez-toc-section-end\"><\/span><\/h2>\n<p><img loading=\"lazy\" decoding=\"async\" class=\"size-full wp-image-12222 alignright\" src=\"https:\/\/www.samenhaus.de\/gartenblog\/wp-content\/uploads\/2023\/07\/Gartenschau_191747602.jpg\" alt=\"Gartenschau Rosen\" width=\"300\" height=\"200\" \/>Erst 1951 fand mit der ersten Bundesgartenschau wieder eine Gartenausstellung statt. Waren die Schauen fr\u00fcher vor allem der g\u00e4rtnerischen Gestaltung gewidmet, begann man nun, den St\u00e4dtebau mit einzubeziehen. So wurden nicht nur vorhandene Parks entsprechend umgestaltet, es wurden auch innerst\u00e4dtische Brachfl\u00e4chen zu Naherholungsgebieten. Dadurch soll die Lebensqualit\u00e4t in den St\u00e4dten gesteigert werden. Seit 1951 findet die BUGA regelm\u00e4\u00dfig alle 2 Jahre statt.<\/p>\n<ul>\n<li>1951: Hannover, Stadtpark<\/li>\n<li>1953: Hamburg, Planten un Blomen<\/li>\n<li>1955: Kassel, Karlsauepark<\/li>\n<li>1957: K\u00f6ln, Rheinpark<\/li>\n<li>1959: Dortmund, Westfalenpark<\/li>\n<li>1961: Stuttgart, Schlossgarten und H\u00f6henpark Killesberg<\/li>\n<li>1963: Hamburg, als Internationale Gartenausstellung<\/li>\n<li>1965: Essen, Grugapark<\/li>\n<li>1967: Karlsruhe, Schlossgarten und Stadtgarten<\/li>\n<li>1969: Dortmund, Westfalenpark<\/li>\n<li>1971: K\u00f6ln, Rheinpark und Riehler Aue Park<\/li>\n<li>1973: Hamburg, als Internationale Gartenausstellung<\/li>\n<li>1975: Mannheim, Herzogenriedpark und Luisenpark<\/li>\n<li>1977: Stuttgart, unterer Schlossgarten<\/li>\n<li>1979: Bonn, Rheinauen<\/li>\n<li>1981: Kassel, Karlsauen und Fuldaauen<\/li>\n<li>1983: M\u00fcnchen Westpark, als Internationale Gartenausstellung<\/li>\n<li>1985: Berlin, Britzer Garten<\/li>\n<li>1987: D\u00fcsseldorf, S\u00fcdpark und Volksgarten<\/li>\n<li>1989: Frankfurt, Niddapark<\/li>\n<li>1991: Dortmund, Westfalenpark<\/li>\n<li>1993: Stuttgart, als Internationale Gartenausstellung<\/li>\n<li>1995: Cottbus, Spreeauenpark<\/li>\n<li>1997: Gelsenkirchen, Nordsternpark<\/li>\n<li>1999: Magdeburg, Elbauenpark<\/li>\n<li>2001: Potsdam, Volkspark<\/li>\n<li>2003: Rostock, als Internationale Gartenausstellung<\/li>\n<li>2005: M\u00fcnchen, Riemer Park<\/li>\n<li>2007: Gera und Ronneburg, Parkanlagen, Uranerzbergbau-Landschaften<\/li>\n<li>2009: Schwerin, Schloss, Innenstadt<\/li>\n<li>2011: Koblenz, Festung Ehrenbreitstein, Kurf\u00fcrstliches Schloss, Deutsches Eck<\/li>\n<li>2013: Hamburg, als Internationale Gartenausstellung<\/li>\n<li>2015: Havel-Region, Brandenburg, Havelberg, Premnitz, Rathenow, St\u00f6lln<\/li>\n<li>2017: Berlin, als Internationale Gartenausstellung<\/li>\n<li>2019: Heilbronn, zwischen Neckar-Altarm und Neckarkanal<\/li>\n<li>2021: Erfurt, Egapark, Petersberg<\/li>\n<li>2023: Mannheim, Spinelli-Gel\u00e4nde<\/li>\n<li>2025: In diesem Jahr sollte die BUGA in Rostock stattfinden, die Bewerbung wurde aber zur\u00fcckgezogen. Zum jetzigen Zeitpunkt (Februar 2023) ist noch nicht bekannt, wer stattdessen Austragungsort wird.<\/li>\n<li>2027: Ruhrgebiet, als Internationale Gartenausstellung<\/li>\n<li>2029: Oberes Mittelrheintal zwischen Koblenz, Bingen und R\u00fcdesheim<\/li>\n<li>2031: Wuppertal, vermutlich auf dem Vohwinkeler Bahnhofsgel\u00e4nde<\/li>\n<\/ul>\n<p>Vergeben wird der Ort der Bundesgartenschauen von einem Expertenteam der Deutschen Bundesgartenschau-Gesellschaft (DBG). Interessierte St\u00e4dte k\u00f6nnen sich direkt dort bewerben.<\/p>\n<h2><span class=\"ez-toc-section\" id=\"Bundesgartenschauen_in_Dekaden\"><\/span>Bundesgartenschauen in Dekaden<span class=\"ez-toc-section-end\"><\/span><\/h2>\n<p>Die Bundesgartenschauen werden in einzelne Dekaden eingeteilt. Nach den Mottos richten sich die Vergaben der St\u00e4dte und die Ausstellungsschwerpunkte:<\/p>\n<ul>\n<li>1951 \u2013 1965: Parks als Bestandteil des Wiederaufbaus<\/li>\n<li>1967 \u2013 1993: Gr\u00fcn-Renovierung und Neuanlagen bieten Naherholung und Erlebnisse<\/li>\n<li>1995 \u2013 2007: Stadtentwicklung in den neuen Bundesl\u00e4ndern<\/li>\n<li>2009 \u2013 2015: \u00d6kologische Aufwertung in den St\u00e4dten, \u00d6ffnung zum Wasser<\/li>\n<li>2017 \u2013 2031: Gr\u00fcn in der Stadt \u2013 Dekadenprojekte in Landschaftsr\u00e4umen<\/li>\n<\/ul>\n<h2><span class=\"ez-toc-section\" id=\"Landesgartenschauen_in_den_Bundeslaendern\"><\/span>Landesgartenschauen in den Bundesl\u00e4ndern<span class=\"ez-toc-section-end\"><\/span><\/h2>\n<p><img loading=\"lazy\" decoding=\"async\" class=\"size-full wp-image-12224 alignright\" src=\"https:\/\/www.samenhaus.de\/gartenblog\/wp-content\/uploads\/2023\/07\/Gartenschau_202962966.jpg\" alt=\"Gartenschau Landesgartenschau\" width=\"300\" height=\"180\" \/>Neben der zweij\u00e4hrigen Bundesgartenschau und der zehnj\u00e4hrigen Internationalen Gartenausstellung gibt es auch zahlreiche Bundesl\u00e4nder, in denen regelm\u00e4\u00dfig Landesgartenschauen (kurz LGA) stattfinden. Auch wenn die erste LGA bereits 1970 in Grefrath durchgef\u00fchrt wurde, dauerte es dann doch bis 1980, bevor Bayern und Baden-W\u00fcrttemberg die Schauen regelm\u00e4\u00dfig veranstalteten. Andere Bundesl\u00e4nder zogen nach.<\/p>\n<table class=\"custom-table-1\" width=\"100%\" cellspacing=\"0\" cellpadding=\"4\">\n<tbody>\n<tr>\n<td width=\"197\"><strong>Bundesland<\/strong><\/td>\n<td width=\"205\"><strong>Jahr<\/strong><\/td>\n<td width=\"205\"><strong>Stadt<\/strong><\/td>\n<\/tr>\n<tr>\n<td width=\"197\"><\/td>\n<td width=\"205\"><\/td>\n<td width=\"205\"><\/td>\n<\/tr>\n<tr>\n<td width=\"197\">Baden-W\u00fcrttemberg<\/td>\n<td width=\"205\"><\/td>\n<td width=\"205\"><\/td>\n<\/tr>\n<tr>\n<td width=\"197\"><\/td>\n<td width=\"205\">1980<\/td>\n<td width=\"205\">Ulm<\/td>\n<\/tr>\n<tr>\n<td width=\"197\"><\/td>\n<td width=\"205\">1981<\/td>\n<td width=\"205\">Baden-Baden<\/td>\n<\/tr>\n<tr>\n<td width=\"197\"><\/td>\n<td width=\"205\">1982<\/td>\n<td width=\"205\">Schw\u00e4bisch-Hall<\/td>\n<\/tr>\n<tr>\n<td width=\"197\"><\/td>\n<td width=\"205\">1983<\/td>\n<td width=\"205\">L\u00f6rrach<\/td>\n<\/tr>\n<tr>\n<td width=\"197\"><\/td>\n<td width=\"205\">1984<\/td>\n<td width=\"205\">Reutlingen<\/td>\n<\/tr>\n<tr>\n<td width=\"197\"><\/td>\n<td width=\"205\">1985<\/td>\n<td width=\"205\">Heilbronn<\/td>\n<\/tr>\n<tr>\n<td width=\"197\"><\/td>\n<td width=\"205\">1986<\/td>\n<td width=\"205\">Freiburg<\/td>\n<\/tr>\n<tr>\n<td width=\"197\"><\/td>\n<td width=\"205\">1988<\/td>\n<td width=\"205\">Ettlingen<\/td>\n<\/tr>\n<tr>\n<td width=\"197\"><\/td>\n<td width=\"205\">1989<\/td>\n<td width=\"205\">Bietigheim-Bissingen<\/td>\n<\/tr>\n<tr>\n<td width=\"197\"><\/td>\n<td width=\"205\">1990<\/td>\n<td width=\"205\">Sindelfingen<\/td>\n<\/tr>\n<tr>\n<td width=\"197\"><\/td>\n<td width=\"205\">1991<\/td>\n<td width=\"205\">Hockenheim<\/td>\n<\/tr>\n<tr>\n<td width=\"197\"><\/td>\n<td width=\"205\">1992<\/td>\n<td width=\"205\">Pforzheim<\/td>\n<\/tr>\n<tr>\n<td width=\"197\"><\/td>\n<td width=\"205\">1993<\/td>\n<td width=\"205\">Stuttgart (als IGA)<\/td>\n<\/tr>\n<tr>\n<td width=\"197\"><\/td>\n<td width=\"205\">1994<\/td>\n<td width=\"205\">Bad D\u00fcrrheim<\/td>\n<\/tr>\n<tr>\n<td width=\"197\"><\/td>\n<td width=\"205\">1996<\/td>\n<td width=\"205\">B\u00f6blingen<\/td>\n<\/tr>\n<tr>\n<td width=\"197\"><\/td>\n<td width=\"205\">1997<\/td>\n<td width=\"205\">Mosbach<\/td>\n<\/tr>\n<tr>\n<td width=\"197\"><\/td>\n<td width=\"205\">1998<\/td>\n<td width=\"205\">Plochingen<\/td>\n<\/tr>\n<tr>\n<td width=\"197\"><\/td>\n<td width=\"205\">1999<\/td>\n<td width=\"205\">Weil am Rhein<\/td>\n<\/tr>\n<tr>\n<td width=\"197\"><\/td>\n<td width=\"205\">2000<\/td>\n<td width=\"205\">Singen<\/td>\n<\/tr>\n<tr>\n<td width=\"197\"><\/td>\n<td width=\"205\">2002<\/td>\n<td width=\"205\">Ostfildern<\/td>\n<\/tr>\n<tr>\n<td width=\"197\"><\/td>\n<td width=\"205\">2004<\/td>\n<td width=\"205\">Kehl<\/td>\n<\/tr>\n<tr>\n<td width=\"197\"><\/td>\n<td width=\"205\">2006<\/td>\n<td width=\"205\">Heidenheim an der Brenz<\/td>\n<\/tr>\n<tr>\n<td width=\"197\"><\/td>\n<td width=\"205\">2008<\/td>\n<td width=\"205\">Bad Rappenau<\/td>\n<\/tr>\n<tr>\n<td width=\"197\"><\/td>\n<td width=\"205\">2010<\/td>\n<td width=\"205\">Villingen-Schwenningen<\/td>\n<\/tr>\n<tr>\n<td width=\"197\"><\/td>\n<td width=\"205\">2012<\/td>\n<td width=\"205\">Nagold<\/td>\n<\/tr>\n<tr>\n<td width=\"197\"><\/td>\n<td width=\"205\">2014<\/td>\n<td width=\"205\">Schw\u00e4bisch Gm\u00fcnd<\/td>\n<\/tr>\n<tr>\n<td width=\"197\"><\/td>\n<td width=\"205\">2016<\/td>\n<td width=\"205\">\u00d6hringen<\/td>\n<\/tr>\n<tr>\n<td width=\"197\"><\/td>\n<td width=\"205\">2018<\/td>\n<td width=\"205\">Lahr<\/td>\n<\/tr>\n<tr>\n<td width=\"197\"><\/td>\n<td width=\"205\">2021<\/td>\n<td width=\"205\">\u00dcberlingen<\/td>\n<\/tr>\n<tr>\n<td width=\"197\"><\/td>\n<td width=\"205\">2022<\/td>\n<td width=\"205\">Neuenburg am Rhein<\/td>\n<\/tr>\n<tr>\n<td width=\"197\"><\/td>\n<td width=\"205\">2024<\/td>\n<td width=\"205\">Wangen im Allg\u00e4u<\/td>\n<\/tr>\n<tr>\n<td width=\"197\"><\/td>\n<td width=\"205\">2026<\/td>\n<td width=\"205\">Ellwangen<\/td>\n<\/tr>\n<tr>\n<td width=\"197\"><\/td>\n<td width=\"205\">2028<\/td>\n<td width=\"205\">Rottweil<\/td>\n<\/tr>\n<tr>\n<td width=\"197\"><\/td>\n<td width=\"205\">2030<\/td>\n<td width=\"205\">Ulm<\/td>\n<\/tr>\n<tr>\n<td width=\"197\"><\/td>\n<td width=\"205\">2032<\/td>\n<td width=\"205\">Offenburg<\/td>\n<\/tr>\n<tr>\n<td width=\"197\"><\/td>\n<td width=\"205\">2034<\/td>\n<td width=\"205\">Bad Mergentheim<\/td>\n<\/tr>\n<tr>\n<td width=\"197\"><\/td>\n<td width=\"205\">2036<\/td>\n<td width=\"205\">Rastatt<\/td>\n<\/tr>\n<tr>\n<td width=\"197\">Bayern<\/td>\n<td width=\"205\"><\/td>\n<td width=\"205\"><\/td>\n<\/tr>\n<tr>\n<td width=\"197\"><\/td>\n<td width=\"205\">1980<\/td>\n<td width=\"205\">Neu-Ulm<\/td>\n<\/tr>\n<tr>\n<td width=\"197\"><\/td>\n<td width=\"205\">1985<\/td>\n<td width=\"205\">Augsburg<\/td>\n<\/tr>\n<tr>\n<td width=\"197\"><\/td>\n<td width=\"205\">1988<\/td>\n<td width=\"205\">Dinkelsb\u00fchl<\/td>\n<\/tr>\n<tr>\n<td width=\"197\"><\/td>\n<td width=\"205\">1989<\/td>\n<td width=\"205\">Straubing<\/td>\n<\/tr>\n<tr>\n<td width=\"197\"><\/td>\n<td width=\"205\">1990<\/td>\n<td width=\"205\">W\u00fcrzburg<\/td>\n<\/tr>\n<tr>\n<td width=\"197\"><\/td>\n<td width=\"205\">1992<\/td>\n<td width=\"205\">Ingolstadt<\/td>\n<\/tr>\n<tr>\n<td width=\"197\"><\/td>\n<td width=\"205\">1994<\/td>\n<td width=\"205\">Hof<\/td>\n<\/tr>\n<tr>\n<td width=\"197\"><\/td>\n<td width=\"205\">1995<\/td>\n<td width=\"205\">Waldkraiburg<\/td>\n<\/tr>\n<tr>\n<td width=\"197\"><\/td>\n<td width=\"205\">1996<\/td>\n<td width=\"205\">Amberg<\/td>\n<\/tr>\n<tr>\n<td width=\"197\"><\/td>\n<td width=\"205\">1997<\/td>\n<td width=\"205\">Arnstein<\/td>\n<\/tr>\n<tr>\n<td width=\"197\"><\/td>\n<td width=\"205\">1998<\/td>\n<td width=\"205\">Neumarkt in der Oberpfalz<\/td>\n<\/tr>\n<tr>\n<td width=\"197\"><\/td>\n<td width=\"205\">1999<\/td>\n<td width=\"205\">Neustadt bei Coburg<\/td>\n<\/tr>\n<tr>\n<td width=\"197\"><\/td>\n<td width=\"205\">2000<\/td>\n<td width=\"205\">Memmingen<\/td>\n<\/tr>\n<tr>\n<td width=\"197\"><\/td>\n<td width=\"205\">2001<\/td>\n<td width=\"205\">Cham<\/td>\n<\/tr>\n<tr>\n<td width=\"197\"><\/td>\n<td width=\"205\">2002<\/td>\n<td width=\"205\">Kronach<\/td>\n<\/tr>\n<tr>\n<td width=\"197\"><\/td>\n<td width=\"205\">2003<\/td>\n<td width=\"205\">Roth<\/td>\n<\/tr>\n<tr>\n<td width=\"197\"><\/td>\n<td width=\"205\">2004<\/td>\n<td width=\"205\">Burghausen<\/td>\n<\/tr>\n<tr>\n<td width=\"197\"><\/td>\n<td width=\"205\">2006<\/td>\n<td width=\"205\">Marktredwitz<\/td>\n<\/tr>\n<tr>\n<td width=\"197\"><\/td>\n<td width=\"205\">2007<\/td>\n<td width=\"205\">Waldkirchen<\/td>\n<\/tr>\n<tr>\n<td width=\"197\"><\/td>\n<td width=\"205\">2008<\/td>\n<td width=\"205\">Neu-Ulm<\/td>\n<\/tr>\n<tr>\n<td width=\"197\"><\/td>\n<td width=\"205\">2009<\/td>\n<td width=\"205\">Rain<\/td>\n<\/tr>\n<tr>\n<td width=\"197\"><\/td>\n<td width=\"205\">2010<\/td>\n<td width=\"205\">Rosenheim<\/td>\n<\/tr>\n<tr>\n<td width=\"197\"><\/td>\n<td width=\"205\">2011<\/td>\n<td width=\"205\">Kitzingen<\/td>\n<\/tr>\n<tr>\n<td width=\"197\"><\/td>\n<td width=\"205\">2012<\/td>\n<td width=\"205\">Bamberg<\/td>\n<\/tr>\n<tr>\n<td width=\"197\"><\/td>\n<td width=\"205\">2013<\/td>\n<td width=\"205\">Tirschenreuth<\/td>\n<\/tr>\n<tr>\n<td width=\"197\"><\/td>\n<td width=\"205\">2014<\/td>\n<td width=\"205\">Deggendorf<\/td>\n<\/tr>\n<tr>\n<td width=\"197\"><\/td>\n<td width=\"205\">2015<\/td>\n<td width=\"205\">Alzenau<\/td>\n<\/tr>\n<tr>\n<td width=\"197\"><\/td>\n<td width=\"205\">2016<\/td>\n<td width=\"205\">Bayreuth<\/td>\n<\/tr>\n<tr>\n<td width=\"197\"><\/td>\n<td width=\"205\">2017<\/td>\n<td width=\"205\">Pfaffenhofen an der Ilm<\/td>\n<\/tr>\n<tr>\n<td width=\"197\"><\/td>\n<td width=\"205\">2018<\/td>\n<td width=\"205\">W\u00fcrzburg<\/td>\n<\/tr>\n<tr>\n<td width=\"197\"><\/td>\n<td width=\"205\">2019<\/td>\n<td width=\"205\">Wassertr\u00fcdingen<\/td>\n<\/tr>\n<tr>\n<td width=\"197\"><\/td>\n<td width=\"205\">2021<\/td>\n<td width=\"205\">Ingolstadt und Lindau<\/td>\n<\/tr>\n<tr>\n<td width=\"197\"><\/td>\n<td width=\"205\">2023<\/td>\n<td width=\"205\">Freyung<\/td>\n<\/tr>\n<tr>\n<td width=\"197\"><\/td>\n<td width=\"205\">2024<\/td>\n<td width=\"205\">Kirchheim<\/td>\n<\/tr>\n<tr>\n<td width=\"197\"><\/td>\n<td width=\"205\">2025<\/td>\n<td width=\"205\">Furth im Wald<\/td>\n<\/tr>\n<tr>\n<td width=\"197\"><\/td>\n<td width=\"205\">2026<\/td>\n<td width=\"205\">Schweinfurt<\/td>\n<\/tr>\n<tr>\n<td width=\"197\"><\/td>\n<td width=\"205\">2027<\/td>\n<td width=\"205\">Bad Windsheim<\/td>\n<\/tr>\n<tr>\n<td width=\"197\"><\/td>\n<td width=\"205\">2028<\/td>\n<td width=\"205\">Penzberg<\/td>\n<\/tr>\n<tr>\n<td width=\"197\"><\/td>\n<td width=\"205\">2029<\/td>\n<td width=\"205\">G\u00fcnzburg<\/td>\n<\/tr>\n<tr>\n<td width=\"197\"><\/td>\n<td width=\"205\">2030<\/td>\n<td width=\"205\">N\u00fcrnberg<\/td>\n<\/tr>\n<tr>\n<td width=\"197\"><\/td>\n<td width=\"205\">2031<\/td>\n<td width=\"205\">Schrobenhausen<\/td>\n<\/tr>\n<tr>\n<td width=\"197\"><\/td>\n<td width=\"205\">2032<\/td>\n<td width=\"205\">Langenzenn<\/td>\n<\/tr>\n<tr>\n<td width=\"197\">Brandenburg<\/td>\n<td width=\"205\"><\/td>\n<td width=\"205\"><\/td>\n<\/tr>\n<tr>\n<td width=\"197\"><\/td>\n<td width=\"205\">2000<\/td>\n<td width=\"205\">Luckau<\/td>\n<\/tr>\n<tr>\n<td width=\"197\"><\/td>\n<td width=\"205\">2002<\/td>\n<td width=\"205\">Eberswalde<\/td>\n<\/tr>\n<tr>\n<td width=\"197\"><\/td>\n<td width=\"205\">2006<\/td>\n<td width=\"205\">Rathenow<\/td>\n<\/tr>\n<tr>\n<td width=\"197\"><\/td>\n<td width=\"205\">2009<\/td>\n<td width=\"205\">Oranienburg<\/td>\n<\/tr>\n<tr>\n<td width=\"197\"><\/td>\n<td width=\"205\">2013<\/td>\n<td width=\"205\">Prenzlau<\/td>\n<\/tr>\n<tr>\n<td width=\"197\"><\/td>\n<td width=\"205\">2019<\/td>\n<td width=\"205\">Wittstock\/Dosse<\/td>\n<\/tr>\n<tr>\n<td width=\"197\"><\/td>\n<td width=\"205\">2022<\/td>\n<td width=\"205\">Beelitz<\/td>\n<\/tr>\n<tr>\n<td width=\"197\"><\/td>\n<td width=\"205\">2027<\/td>\n<td width=\"205\">Wittenberge<\/td>\n<\/tr>\n<tr>\n<td width=\"197\">Hessen<\/td>\n<td width=\"205\"><\/td>\n<td width=\"205\"><\/td>\n<\/tr>\n<tr>\n<td width=\"197\"><\/td>\n<td width=\"205\">1994<\/td>\n<td width=\"205\">Fulda<\/td>\n<\/tr>\n<tr>\n<td width=\"197\"><\/td>\n<td width=\"205\">2002<\/td>\n<td width=\"205\">Hanau<\/td>\n<\/tr>\n<tr>\n<td width=\"197\"><\/td>\n<td width=\"205\">2006<\/td>\n<td width=\"205\">Bad Wildungen<\/td>\n<\/tr>\n<tr>\n<td width=\"197\"><\/td>\n<td width=\"205\">2010<\/td>\n<td width=\"205\">Bad Nauheim<\/td>\n<\/tr>\n<tr>\n<td width=\"197\"><\/td>\n<td width=\"205\">2014<\/td>\n<td width=\"205\">Gie\u00dfen<\/td>\n<\/tr>\n<tr>\n<td width=\"197\"><\/td>\n<td width=\"205\">2018<\/td>\n<td width=\"205\">Bad Schwalbach<\/td>\n<\/tr>\n<tr>\n<td width=\"197\"><\/td>\n<td width=\"205\">2023<\/td>\n<td width=\"205\">Fulda<\/td>\n<\/tr>\n<tr>\n<td width=\"197\"><\/td>\n<td width=\"205\">2027<\/td>\n<td width=\"205\">Oberhessen (Schotten, Gedern, Nidda, B\u00fcdingen, Hirzenhain)<\/td>\n<\/tr>\n<tr>\n<td width=\"197\">Mecklenburg-Vorpommern<\/td>\n<td width=\"205\"><\/td>\n<td width=\"205\"><\/td>\n<\/tr>\n<tr>\n<td width=\"197\"><\/td>\n<td width=\"205\">2002<\/td>\n<td width=\"205\">Wismar<\/td>\n<\/tr>\n<tr>\n<td width=\"197\">Niedersachsen<\/td>\n<td width=\"205\"><\/td>\n<td width=\"205\"><\/td>\n<\/tr>\n<tr>\n<td width=\"197\"><\/td>\n<td width=\"205\">2002<\/td>\n<td width=\"205\">Bad Zwischenahn<\/td>\n<\/tr>\n<tr>\n<td width=\"197\"><\/td>\n<td width=\"205\">2004<\/td>\n<td width=\"205\">Wolfsburg<\/td>\n<\/tr>\n<tr>\n<td width=\"197\"><\/td>\n<td width=\"205\">2006<\/td>\n<td width=\"205\">Winsen an der Luhe<\/td>\n<\/tr>\n<tr>\n<td width=\"197\"><\/td>\n<td width=\"205\">2010<\/td>\n<td width=\"205\">Bad Essen<\/td>\n<\/tr>\n<tr>\n<td width=\"197\"><\/td>\n<td width=\"205\">2014<\/td>\n<td width=\"205\">Papenburg<\/td>\n<\/tr>\n<tr>\n<td width=\"197\"><\/td>\n<td width=\"205\">2018<\/td>\n<td width=\"205\">Bad Iburg<\/td>\n<\/tr>\n<tr>\n<td width=\"197\"><\/td>\n<td width=\"205\">2023<\/td>\n<td width=\"205\">Bad Gandersheim<\/td>\n<\/tr>\n<tr>\n<td width=\"197\"><\/td>\n<td width=\"205\">2026<\/td>\n<td width=\"205\">Bad Nenndorf<\/td>\n<\/tr>\n<tr>\n<td width=\"197\">Nordrhein-Westfalen<\/td>\n<td width=\"205\"><\/td>\n<td width=\"205\"><\/td>\n<\/tr>\n<tr>\n<td width=\"197\"><\/td>\n<td width=\"205\">1970<\/td>\n<td width=\"205\">Grefrath<\/td>\n<\/tr>\n<tr>\n<td width=\"197\"><\/td>\n<td width=\"205\">1984<\/td>\n<td width=\"205\">Hamm<\/td>\n<\/tr>\n<tr>\n<td width=\"197\"><\/td>\n<td width=\"205\">1988<\/td>\n<td width=\"205\">Rheda-Wiedenbr\u00fcck<\/td>\n<\/tr>\n<tr>\n<td width=\"197\"><\/td>\n<td width=\"205\">1992<\/td>\n<td width=\"205\">M\u00fclheim an der Ruhr<\/td>\n<\/tr>\n<tr>\n<td width=\"197\"><\/td>\n<td width=\"205\">1994<\/td>\n<td width=\"205\">Paderborn<\/td>\n<\/tr>\n<tr>\n<td width=\"197\"><\/td>\n<td width=\"205\">1995<\/td>\n<td width=\"205\">Grevenbroich<\/td>\n<\/tr>\n<tr>\n<td width=\"197\"><\/td>\n<td width=\"205\">1996<\/td>\n<td width=\"205\">L\u00fcnen<\/td>\n<\/tr>\n<tr>\n<td width=\"197\"><\/td>\n<td width=\"205\">1998<\/td>\n<td width=\"205\">J\u00fclich<\/td>\n<\/tr>\n<tr>\n<td width=\"197\"><\/td>\n<td width=\"205\">1999<\/td>\n<td width=\"205\">Oberhausen<\/td>\n<\/tr>\n<tr>\n<td width=\"197\"><\/td>\n<td width=\"205\">2000<\/td>\n<td width=\"205\">Bad Oeynhausen\/L\u00f6hne<\/td>\n<\/tr>\n<tr>\n<td width=\"197\"><\/td>\n<td width=\"205\">2001<\/td>\n<td width=\"205\">Oelde<\/td>\n<\/tr>\n<tr>\n<td width=\"197\"><\/td>\n<td width=\"205\">2002<\/td>\n<td width=\"205\">D\u00fcsseldorf, J\u00fcchen, Monheim, M\u00f6nchengladbach, Willich, Krefeld<\/td>\n<\/tr>\n<tr>\n<td width=\"197\"><\/td>\n<td width=\"205\">2003<\/td>\n<td width=\"205\">Gronau<\/td>\n<\/tr>\n<tr>\n<td width=\"197\"><\/td>\n<td width=\"205\">2005<\/td>\n<td width=\"205\">Leverkusen<\/td>\n<\/tr>\n<tr>\n<td width=\"197\"><\/td>\n<td width=\"205\">2008<\/td>\n<td width=\"205\">Rietberg<\/td>\n<\/tr>\n<tr>\n<td width=\"197\"><\/td>\n<td width=\"205\">2010<\/td>\n<td width=\"205\">Hemer<\/td>\n<\/tr>\n<tr>\n<td width=\"197\"><\/td>\n<td width=\"205\">2014<\/td>\n<td width=\"205\">Z\u00fclpich<\/td>\n<\/tr>\n<tr>\n<td width=\"197\"><\/td>\n<td width=\"205\">2017<\/td>\n<td width=\"205\">Bad Lippspringe<\/td>\n<\/tr>\n<tr>\n<td width=\"197\"><\/td>\n<td width=\"205\">2020<\/td>\n<td width=\"205\">Kamp-Lintfort<\/td>\n<\/tr>\n<tr>\n<td width=\"197\"><\/td>\n<td width=\"205\">2023<\/td>\n<td width=\"205\">H\u00f6xter<\/td>\n<\/tr>\n<tr>\n<td width=\"197\"><\/td>\n<td width=\"205\">2026<\/td>\n<td width=\"205\">Neuss<\/td>\n<\/tr>\n<tr>\n<td width=\"197\">Rheinland-Pfalz<\/td>\n<td width=\"205\"><\/td>\n<td width=\"205\"><\/td>\n<\/tr>\n<tr>\n<td width=\"197\"><\/td>\n<td width=\"205\">2000<\/td>\n<td width=\"205\">Kaiserslautern<\/td>\n<\/tr>\n<tr>\n<td width=\"197\"><\/td>\n<td width=\"205\">2004<\/td>\n<td width=\"205\">Trier<\/td>\n<\/tr>\n<tr>\n<td width=\"197\"><\/td>\n<td width=\"205\">2008<\/td>\n<td width=\"205\">Bingen am Rhein<\/td>\n<\/tr>\n<tr>\n<td width=\"197\"><\/td>\n<td width=\"205\">2015<\/td>\n<td width=\"205\">Landau in der Pfalz<\/td>\n<\/tr>\n<tr>\n<td width=\"197\">Sachsen<\/td>\n<td width=\"205\"><\/td>\n<td width=\"205\"><\/td>\n<\/tr>\n<tr>\n<td width=\"197\"><\/td>\n<td width=\"205\">1996<\/td>\n<td width=\"205\">Lichtenstein<\/td>\n<\/tr>\n<tr>\n<td width=\"197\"><\/td>\n<td width=\"205\">1999<\/td>\n<td width=\"205\">Zittau, Olbersdorf<\/td>\n<\/tr>\n<tr>\n<td width=\"197\"><\/td>\n<td width=\"205\">2002<\/td>\n<td width=\"205\">Gro\u00dfenhain<\/td>\n<\/tr>\n<tr>\n<td width=\"197\"><\/td>\n<td width=\"205\">2006<\/td>\n<td width=\"205\">Oschatz<\/td>\n<\/tr>\n<tr>\n<td width=\"197\"><\/td>\n<td width=\"205\">2009<\/td>\n<td width=\"205\">Reichenbach\/Vogtland<\/td>\n<\/tr>\n<tr>\n<td width=\"197\"><\/td>\n<td width=\"205\">2012<\/td>\n<td width=\"205\">L\u00f6bau<\/td>\n<\/tr>\n<tr>\n<td width=\"197\"><\/td>\n<td width=\"205\">2015<\/td>\n<td width=\"205\">Oelsnitz\/Erzgebirge<\/td>\n<\/tr>\n<tr>\n<td width=\"197\"><\/td>\n<td width=\"205\">2019<\/td>\n<td width=\"205\">Frankenberg<\/td>\n<\/tr>\n<tr>\n<td width=\"197\"><\/td>\n<td width=\"205\">2022<\/td>\n<td width=\"205\">Torgau<\/td>\n<\/tr>\n<tr>\n<td width=\"197\"><\/td>\n<td width=\"205\">2026<\/td>\n<td width=\"205\">Aue-Bad Schlema<\/td>\n<\/tr>\n<tr>\n<td width=\"197\">Sachsen-Anhalt<\/td>\n<td width=\"205\"><\/td>\n<td width=\"205\"><\/td>\n<\/tr>\n<tr>\n<td width=\"197\"><\/td>\n<td width=\"205\">2004<\/td>\n<td width=\"205\">Zeitz<\/td>\n<\/tr>\n<tr>\n<td width=\"197\"><\/td>\n<td width=\"205\">2006<\/td>\n<td width=\"205\">Wernigerode<\/td>\n<\/tr>\n<tr>\n<td width=\"197\"><\/td>\n<td width=\"205\">2010<\/td>\n<td width=\"205\">Aschersleben<\/td>\n<\/tr>\n<tr>\n<td width=\"197\"><\/td>\n<td width=\"205\">2018<\/td>\n<td width=\"205\">Burg<\/td>\n<\/tr>\n<tr>\n<td width=\"197\"><\/td>\n<td width=\"205\">2023<\/td>\n<td width=\"205\">Bad D\u00fcrrenberg<\/td>\n<\/tr>\n<tr>\n<td width=\"197\">Schleswig-Holstein<\/td>\n<td width=\"205\"><\/td>\n<td width=\"205\"><\/td>\n<\/tr>\n<tr>\n<td width=\"197\"><\/td>\n<td width=\"205\">2008<\/td>\n<td width=\"205\">Schleswig<\/td>\n<\/tr>\n<tr>\n<td width=\"197\"><\/td>\n<td width=\"205\">2011<\/td>\n<td width=\"205\">Norderstedt<\/td>\n<\/tr>\n<tr>\n<td width=\"197\"><\/td>\n<td width=\"205\">2016<\/td>\n<td width=\"205\">Eutin<\/td>\n<\/tr>\n<tr>\n<td width=\"197\">Th\u00fcringen<\/td>\n<td width=\"205\"><\/td>\n<td width=\"205\"><\/td>\n<\/tr>\n<tr>\n<td width=\"197\"><\/td>\n<td width=\"205\">2000<\/td>\n<td width=\"205\">P\u00f6\u00dfneck<\/td>\n<\/tr>\n<tr>\n<td width=\"197\"><\/td>\n<td width=\"205\">2004<\/td>\n<td width=\"205\">Nordhausen<\/td>\n<\/tr>\n<tr>\n<td width=\"197\"><\/td>\n<td width=\"205\">2015<\/td>\n<td width=\"205\">Schmalkalden<\/td>\n<\/tr>\n<tr>\n<td width=\"197\"><\/td>\n<td width=\"205\">2017<\/td>\n<td width=\"205\">Apolda<\/td>\n<\/tr>\n<tr>\n<td width=\"197\"><\/td>\n<td width=\"205\">2025<\/td>\n<td width=\"205\">Leinefelde-Worbis<\/td>\n<\/tr>\n<tr>\n<td width=\"197\"><\/td>\n<td width=\"205\">2028<\/td>\n<td width=\"205\">P\u00f6\u00dfneck, Neustadt an der Orla, Triptis<\/td>\n<\/tr>\n<tr>\n<td width=\"197\"><\/td>\n<td width=\"205\">2030<\/td>\n<td width=\"205\">Altenburg<\/td>\n<\/tr>\n<\/tbody>\n<\/table>\n<p>Die Bundesl\u00e4nder Berlin, Bremen, Hamburg und Saarland haben bisher noch keine eigenen Landesgartenschauen veranstaltet.<\/p>\n","protected":false},"excerpt":{"rendered":"<p>Alle zwei Jahre findet irgendwo in Deutschland eine Bundesgartenschau statt. Die BUGA, wie sie abgek\u00fcrzt hei\u00dft, soll dabei die M\u00f6glichkeiten g\u00e4rtnerischer Gestaltung zeigen \u2013 und das in einem gro\u00dfen Rahmen. Noch gr\u00f6\u00dfer ist der Rahmen bei den Internationalen Gartenausstellungen (IGA), die alle 10 Jahre stattfinden. Aber auch so manches Bundesland bietet mit Landesgartenschauen Ausstellungen im kleineren Rahmen an. Ganz zu Beginn noch relativ klein gehalten, haben sich die Gartenschauen mittlerweile zu einer Institution gemausert, die gro\u00dfe Fl\u00e4chen bis hin zu ganzen Parks einnehmen. Wie die Gartenschauen entstanden sind, das wollen wir uns etwas genauer ansehen. Gartenschauen gibt es seit dem 19. Jahrhundert Ein Blick in die Geschichte zeigt, dass Gartenschauen in Deutschland eine doch recht lange Tradition haben, wenngleich sich die Schauen im Laufe der Zeit deutlich gewandelt haben. Begonnen hat alles in der ersten H\u00e4lfte des 19. Jahrhunderts. Um das Jahr 1830 kamen die ersten Schauen auf, wobei es sich damals noch um regionale Ausstellungen gehandelt hat. Gezeigt wurden neben Blumen auch Gem\u00fcse und Obst. Die Ausstellungen dienten vorwiegend zum Verkauf der Produkte. Dennoch k\u00f6nnen diese Veranstaltungen als Vorl\u00e4ufer der Gartenschauen angesehen werden. G\u00e4rten einst nur f\u00fcr den Adel Garten- und Parkanlagen waren fr\u00fcher ein Privileg des Hochadels. So [&hellip;]<\/p>\n","protected":false},"author":13,"featured_media":12223,"comment_status":"open","ping_status":"open","sticky":false,"template":"","format":"standard","meta":{"_acf_changed":false,"footnotes":""},"categories":[1],"tags":[],"hersteller":[],"class_list":["post-10702","post","type-post","status-publish","format-standard","has-post-thumbnail","hentry","category-allgemein"],"acf":[],"yoast_head":"<!-- This site is optimized with the Yoast SEO plugin v27.4 - https:\/\/yoast.com\/product\/yoast-seo-wordpress\/ -->\n<title>Wie Deutschland zu seinen Gartenschauen kam - Samenhaus Gartenblog<\/title>\n<meta name=\"description\" content=\"Gartenschauen sind keine Neuerscheinung, sondern werden schon seit dem 19. Jahrhundert durchgef\u00fchrt. Eine Tradition die sich lohnt!\" \/>\n<meta name=\"robots\" content=\"index, follow, max-snippet:-1, max-image-preview:large, max-video-preview:-1\" \/>\n<link rel=\"canonical\" href=\"https:\/\/www.samenhaus.de\/gartenblog\/wie-deutschland-zu-seinen-gartenschauen-kam\" \/>\n<meta property=\"og:locale\" content=\"de_DE\" \/>\n<meta property=\"og:type\" content=\"article\" \/>\n<meta property=\"og:title\" content=\"Wie Deutschland zu seinen Gartenschauen kam - Samenhaus Gartenblog\" \/>\n<meta property=\"og:description\" content=\"Gartenschauen sind keine Neuerscheinung, sondern werden schon seit dem 19. Jahrhundert durchgef\u00fchrt. Eine Tradition die sich lohnt!\" \/>\n<meta property=\"og:url\" content=\"https:\/\/www.samenhaus.de\/gartenblog\/wie-deutschland-zu-seinen-gartenschauen-kam\" \/>\n<meta property=\"og:site_name\" content=\"Samenhaus Gartenblog\" \/>\n<meta property=\"article:publisher\" content=\"https:\/\/de-de.facebook.com\/samenhaus\" \/>\n<meta property=\"article:published_time\" content=\"2023-07-25T09:00:56+00:00\" \/>\n<meta property=\"article:modified_time\" content=\"2023-12-14T12:09:25+00:00\" \/>\n<meta property=\"og:image\" content=\"https:\/\/www.samenhaus.de\/gartenblog\/wp-content\/uploads\/2023\/07\/Gartenschau_202962761.jpg\" \/>\n\t<meta property=\"og:image:width\" content=\"1000\" \/>\n\t<meta property=\"og:image:height\" content=\"548\" \/>\n\t<meta property=\"og:image:type\" content=\"image\/jpeg\" \/>\n<meta name=\"author\" content=\"Holger\" \/>\n<meta name=\"twitter:card\" content=\"summary_large_image\" \/>\n<meta name=\"twitter:creator\" content=\"@samenhaus\" \/>\n<meta name=\"twitter:site\" content=\"@samenhaus\" \/>\n<meta name=\"twitter:label1\" content=\"Verfasst von\" \/>\n\t<meta name=\"twitter:data1\" content=\"Holger\" \/>\n\t<meta name=\"twitter:label2\" content=\"Gesch\u00e4tzte Lesezeit\" \/>\n\t<meta name=\"twitter:data2\" content=\"9\u00a0Minuten\" \/>\n<script type=\"application\/ld+json\" class=\"yoast-schema-graph\">{\"@context\":\"https:\\\/\\\/schema.org\",\"@graph\":[{\"@type\":\"Article\",\"@id\":\"https:\\\/\\\/www.samenhaus.de\\\/gartenblog\\\/wie-deutschland-zu-seinen-gartenschauen-kam#article\",\"isPartOf\":{\"@id\":\"https:\\\/\\\/www.samenhaus.de\\\/gartenblog\\\/wie-deutschland-zu-seinen-gartenschauen-kam\"},\"author\":{\"name\":\"Holger\",\"@id\":\"https:\\\/\\\/www.samenhaus.de\\\/gartenblog\\\/#\\\/schema\\\/person\\\/de169769587431893823f62b2ce06c04\"},\"headline\":\"Wie Deutschland zu seinen Gartenschauen kam\",\"datePublished\":\"2023-07-25T09:00:56+00:00\",\"dateModified\":\"2023-12-14T12:09:25+00:00\",\"mainEntityOfPage\":{\"@id\":\"https:\\\/\\\/www.samenhaus.de\\\/gartenblog\\\/wie-deutschland-zu-seinen-gartenschauen-kam\"},\"wordCount\":1216,\"commentCount\":0,\"publisher\":{\"@id\":\"https:\\\/\\\/www.samenhaus.de\\\/gartenblog\\\/#organization\"},\"image\":{\"@id\":\"https:\\\/\\\/www.samenhaus.de\\\/gartenblog\\\/wie-deutschland-zu-seinen-gartenschauen-kam#primaryimage\"},\"thumbnailUrl\":\"https:\\\/\\\/www.samenhaus.de\\\/gartenblog\\\/wp-content\\\/uploads\\\/2023\\\/07\\\/Gartenschau_202962761.jpg\",\"inLanguage\":\"de\",\"potentialAction\":[{\"@type\":\"CommentAction\",\"name\":\"Comment\",\"target\":[\"https:\\\/\\\/www.samenhaus.de\\\/gartenblog\\\/wie-deutschland-zu-seinen-gartenschauen-kam#respond\"]}],\"copyrightYear\":\"2023\",\"copyrightHolder\":{\"@id\":\"https:\\\/\\\/www.samenhaus.de\\\/gartenblog\\\/#organization\"}},{\"@type\":\"WebPage\",\"@id\":\"https:\\\/\\\/www.samenhaus.de\\\/gartenblog\\\/wie-deutschland-zu-seinen-gartenschauen-kam\",\"url\":\"https:\\\/\\\/www.samenhaus.de\\\/gartenblog\\\/wie-deutschland-zu-seinen-gartenschauen-kam\",\"name\":\"Wie Deutschland zu seinen Gartenschauen kam - Samenhaus Gartenblog\",\"isPartOf\":{\"@id\":\"https:\\\/\\\/www.samenhaus.de\\\/gartenblog\\\/#website\"},\"primaryImageOfPage\":{\"@id\":\"https:\\\/\\\/www.samenhaus.de\\\/gartenblog\\\/wie-deutschland-zu-seinen-gartenschauen-kam#primaryimage\"},\"image\":{\"@id\":\"https:\\\/\\\/www.samenhaus.de\\\/gartenblog\\\/wie-deutschland-zu-seinen-gartenschauen-kam#primaryimage\"},\"thumbnailUrl\":\"https:\\\/\\\/www.samenhaus.de\\\/gartenblog\\\/wp-content\\\/uploads\\\/2023\\\/07\\\/Gartenschau_202962761.jpg\",\"datePublished\":\"2023-07-25T09:00:56+00:00\",\"dateModified\":\"2023-12-14T12:09:25+00:00\",\"description\":\"Gartenschauen sind keine Neuerscheinung, sondern werden schon seit dem 19. Jahrhundert durchgef\u00fchrt. Eine Tradition die sich lohnt!\",\"breadcrumb\":{\"@id\":\"https:\\\/\\\/www.samenhaus.de\\\/gartenblog\\\/wie-deutschland-zu-seinen-gartenschauen-kam#breadcrumb\"},\"inLanguage\":\"de\",\"potentialAction\":[{\"@type\":\"ReadAction\",\"target\":[\"https:\\\/\\\/www.samenhaus.de\\\/gartenblog\\\/wie-deutschland-zu-seinen-gartenschauen-kam\"]}]},{\"@type\":\"ImageObject\",\"inLanguage\":\"de\",\"@id\":\"https:\\\/\\\/www.samenhaus.de\\\/gartenblog\\\/wie-deutschland-zu-seinen-gartenschauen-kam#primaryimage\",\"url\":\"https:\\\/\\\/www.samenhaus.de\\\/gartenblog\\\/wp-content\\\/uploads\\\/2023\\\/07\\\/Gartenschau_202962761.jpg\",\"contentUrl\":\"https:\\\/\\\/www.samenhaus.de\\\/gartenblog\\\/wp-content\\\/uploads\\\/2023\\\/07\\\/Gartenschau_202962761.jpg\",\"width\":1000,\"height\":548,\"caption\":\"Gartenschau\"},{\"@type\":\"BreadcrumbList\",\"@id\":\"https:\\\/\\\/www.samenhaus.de\\\/gartenblog\\\/wie-deutschland-zu-seinen-gartenschauen-kam#breadcrumb\",\"itemListElement\":[{\"@type\":\"ListItem\",\"position\":1,\"name\":\"Startseite\",\"item\":\"https:\\\/\\\/www.samenhaus.de\\\/gartenblog\\\/\"},{\"@type\":\"ListItem\",\"position\":2,\"name\":\"Wie Deutschland zu seinen Gartenschauen kam\"}]},{\"@type\":\"WebSite\",\"@id\":\"https:\\\/\\\/www.samenhaus.de\\\/gartenblog\\\/#website\",\"url\":\"https:\\\/\\\/www.samenhaus.de\\\/gartenblog\\\/\",\"name\":\"Samenhaus Gartenblog\",\"description\":\"\",\"publisher\":{\"@id\":\"https:\\\/\\\/www.samenhaus.de\\\/gartenblog\\\/#organization\"},\"potentialAction\":[{\"@type\":\"SearchAction\",\"target\":{\"@type\":\"EntryPoint\",\"urlTemplate\":\"https:\\\/\\\/www.samenhaus.de\\\/gartenblog\\\/?s={search_term_string}\"},\"query-input\":{\"@type\":\"PropertyValueSpecification\",\"valueRequired\":true,\"valueName\":\"search_term_string\"}}],\"inLanguage\":\"de\"},{\"@type\":\"Organization\",\"@id\":\"https:\\\/\\\/www.samenhaus.de\\\/gartenblog\\\/#organization\",\"name\":\"Samenhaus.de Gartenblog\",\"url\":\"https:\\\/\\\/www.samenhaus.de\\\/gartenblog\\\/\",\"logo\":{\"@type\":\"ImageObject\",\"inLanguage\":\"de\",\"@id\":\"https:\\\/\\\/www.samenhaus.de\\\/gartenblog\\\/#\\\/schema\\\/logo\\\/image\\\/\",\"url\":\"https:\\\/\\\/www.samenhaus.de\\\/gartenblog\\\/wp-content\\\/uploads\\\/2020\\\/11\\\/logo.svg\",\"contentUrl\":\"https:\\\/\\\/www.samenhaus.de\\\/gartenblog\\\/wp-content\\\/uploads\\\/2020\\\/11\\\/logo.svg\",\"width\":1,\"height\":1,\"caption\":\"Samenhaus.de Gartenblog\"},\"image\":{\"@id\":\"https:\\\/\\\/www.samenhaus.de\\\/gartenblog\\\/#\\\/schema\\\/logo\\\/image\\\/\"},\"sameAs\":[\"https:\\\/\\\/de-de.facebook.com\\\/samenhaus\",\"https:\\\/\\\/x.com\\\/samenhaus\"]},{\"@type\":\"Person\",\"@id\":\"https:\\\/\\\/www.samenhaus.de\\\/gartenblog\\\/#\\\/schema\\\/person\\\/de169769587431893823f62b2ce06c04\",\"name\":\"Holger\",\"image\":{\"@type\":\"ImageObject\",\"inLanguage\":\"de\",\"@id\":\"https:\\\/\\\/www.samenhaus.de\\\/gartenblog\\\/wp-content\\\/uploads\\\/2026\\\/03\\\/Holger-150x150.png\",\"url\":\"https:\\\/\\\/www.samenhaus.de\\\/gartenblog\\\/wp-content\\\/uploads\\\/2026\\\/03\\\/Holger-150x150.png\",\"contentUrl\":\"https:\\\/\\\/www.samenhaus.de\\\/gartenblog\\\/wp-content\\\/uploads\\\/2026\\\/03\\\/Holger-150x150.png\",\"caption\":\"Holger\"},\"description\":\"6.000.000 W\u00f6rter \u2013 so viel k\u00f6nnen Sie in etwa von mir online lesen. Das F\u00fcllen des Internets entwickelte sich nach meiner Ausbildung zum TV-Redakteur und der langj\u00e4hrigen Arbeit bei SAT.1 zu einem Fulltime-Job. Trotzdem finde ich noch gen\u00fcgend Zeit, um in meinem Garten zu werkeln. Eine Staude hier, ein Bl\u00fcmchen dort und ein bisschen Gem\u00fcse darf auch nicht fehlen \u2013 einen Schnitzelbaum gibt es ja noch nicht \u2026 Die besten geistigen Erg\u00fcsse habe ich \u00fcbrigens, wenn ich IM Garten \u00dcBER den Garten schreiben kann. So vereinen sich Beruf und Hobby perfekt \u2013 was gibt es Sch\u00f6neres?\",\"url\":\"https:\\\/\\\/www.samenhaus.de\\\/gartenblog\\\/author\\\/holger\"}]}<\/script>\n<!-- \/ Yoast SEO plugin. -->","yoast_head_json":{"title":"Wie Deutschland zu seinen Gartenschauen kam - Samenhaus Gartenblog","description":"Gartenschauen sind keine Neuerscheinung, sondern werden schon seit dem 19. Jahrhundert durchgef\u00fchrt. Eine Tradition die sich lohnt!","robots":{"index":"index","follow":"follow","max-snippet":"max-snippet:-1","max-image-preview":"max-image-preview:large","max-video-preview":"max-video-preview:-1"},"canonical":"https:\/\/www.samenhaus.de\/gartenblog\/wie-deutschland-zu-seinen-gartenschauen-kam","og_locale":"de_DE","og_type":"article","og_title":"Wie Deutschland zu seinen Gartenschauen kam - Samenhaus Gartenblog","og_description":"Gartenschauen sind keine Neuerscheinung, sondern werden schon seit dem 19. Jahrhundert durchgef\u00fchrt. Eine Tradition die sich lohnt!","og_url":"https:\/\/www.samenhaus.de\/gartenblog\/wie-deutschland-zu-seinen-gartenschauen-kam","og_site_name":"Samenhaus Gartenblog","article_publisher":"https:\/\/de-de.facebook.com\/samenhaus","article_published_time":"2023-07-25T09:00:56+00:00","article_modified_time":"2023-12-14T12:09:25+00:00","og_image":[{"width":1000,"height":548,"url":"https:\/\/www.samenhaus.de\/gartenblog\/wp-content\/uploads\/2023\/07\/Gartenschau_202962761.jpg","type":"image\/jpeg"}],"author":"Holger","twitter_card":"summary_large_image","twitter_creator":"@samenhaus","twitter_site":"@samenhaus","twitter_misc":{"Verfasst von":"Holger","Gesch\u00e4tzte Lesezeit":"9\u00a0Minuten"},"schema":{"@context":"https:\/\/schema.org","@graph":[{"@type":"Article","@id":"https:\/\/www.samenhaus.de\/gartenblog\/wie-deutschland-zu-seinen-gartenschauen-kam#article","isPartOf":{"@id":"https:\/\/www.samenhaus.de\/gartenblog\/wie-deutschland-zu-seinen-gartenschauen-kam"},"author":{"name":"Holger","@id":"https:\/\/www.samenhaus.de\/gartenblog\/#\/schema\/person\/de169769587431893823f62b2ce06c04"},"headline":"Wie Deutschland zu seinen Gartenschauen kam","datePublished":"2023-07-25T09:00:56+00:00","dateModified":"2023-12-14T12:09:25+00:00","mainEntityOfPage":{"@id":"https:\/\/www.samenhaus.de\/gartenblog\/wie-deutschland-zu-seinen-gartenschauen-kam"},"wordCount":1216,"commentCount":0,"publisher":{"@id":"https:\/\/www.samenhaus.de\/gartenblog\/#organization"},"image":{"@id":"https:\/\/www.samenhaus.de\/gartenblog\/wie-deutschland-zu-seinen-gartenschauen-kam#primaryimage"},"thumbnailUrl":"https:\/\/www.samenhaus.de\/gartenblog\/wp-content\/uploads\/2023\/07\/Gartenschau_202962761.jpg","inLanguage":"de","potentialAction":[{"@type":"CommentAction","name":"Comment","target":["https:\/\/www.samenhaus.de\/gartenblog\/wie-deutschland-zu-seinen-gartenschauen-kam#respond"]}],"copyrightYear":"2023","copyrightHolder":{"@id":"https:\/\/www.samenhaus.de\/gartenblog\/#organization"}},{"@type":"WebPage","@id":"https:\/\/www.samenhaus.de\/gartenblog\/wie-deutschland-zu-seinen-gartenschauen-kam","url":"https:\/\/www.samenhaus.de\/gartenblog\/wie-deutschland-zu-seinen-gartenschauen-kam","name":"Wie Deutschland zu seinen Gartenschauen kam - Samenhaus Gartenblog","isPartOf":{"@id":"https:\/\/www.samenhaus.de\/gartenblog\/#website"},"primaryImageOfPage":{"@id":"https:\/\/www.samenhaus.de\/gartenblog\/wie-deutschland-zu-seinen-gartenschauen-kam#primaryimage"},"image":{"@id":"https:\/\/www.samenhaus.de\/gartenblog\/wie-deutschland-zu-seinen-gartenschauen-kam#primaryimage"},"thumbnailUrl":"https:\/\/www.samenhaus.de\/gartenblog\/wp-content\/uploads\/2023\/07\/Gartenschau_202962761.jpg","datePublished":"2023-07-25T09:00:56+00:00","dateModified":"2023-12-14T12:09:25+00:00","description":"Gartenschauen sind keine Neuerscheinung, sondern werden schon seit dem 19. Jahrhundert durchgef\u00fchrt. Eine Tradition die sich lohnt!","breadcrumb":{"@id":"https:\/\/www.samenhaus.de\/gartenblog\/wie-deutschland-zu-seinen-gartenschauen-kam#breadcrumb"},"inLanguage":"de","potentialAction":[{"@type":"ReadAction","target":["https:\/\/www.samenhaus.de\/gartenblog\/wie-deutschland-zu-seinen-gartenschauen-kam"]}]},{"@type":"ImageObject","inLanguage":"de","@id":"https:\/\/www.samenhaus.de\/gartenblog\/wie-deutschland-zu-seinen-gartenschauen-kam#primaryimage","url":"https:\/\/www.samenhaus.de\/gartenblog\/wp-content\/uploads\/2023\/07\/Gartenschau_202962761.jpg","contentUrl":"https:\/\/www.samenhaus.de\/gartenblog\/wp-content\/uploads\/2023\/07\/Gartenschau_202962761.jpg","width":1000,"height":548,"caption":"Gartenschau"},{"@type":"BreadcrumbList","@id":"https:\/\/www.samenhaus.de\/gartenblog\/wie-deutschland-zu-seinen-gartenschauen-kam#breadcrumb","itemListElement":[{"@type":"ListItem","position":1,"name":"Startseite","item":"https:\/\/www.samenhaus.de\/gartenblog\/"},{"@type":"ListItem","position":2,"name":"Wie Deutschland zu seinen Gartenschauen kam"}]},{"@type":"WebSite","@id":"https:\/\/www.samenhaus.de\/gartenblog\/#website","url":"https:\/\/www.samenhaus.de\/gartenblog\/","name":"Samenhaus Gartenblog","description":"","publisher":{"@id":"https:\/\/www.samenhaus.de\/gartenblog\/#organization"},"potentialAction":[{"@type":"SearchAction","target":{"@type":"EntryPoint","urlTemplate":"https:\/\/www.samenhaus.de\/gartenblog\/?s={search_term_string}"},"query-input":{"@type":"PropertyValueSpecification","valueRequired":true,"valueName":"search_term_string"}}],"inLanguage":"de"},{"@type":"Organization","@id":"https:\/\/www.samenhaus.de\/gartenblog\/#organization","name":"Samenhaus.de Gartenblog","url":"https:\/\/www.samenhaus.de\/gartenblog\/","logo":{"@type":"ImageObject","inLanguage":"de","@id":"https:\/\/www.samenhaus.de\/gartenblog\/#\/schema\/logo\/image\/","url":"https:\/\/www.samenhaus.de\/gartenblog\/wp-content\/uploads\/2020\/11\/logo.svg","contentUrl":"https:\/\/www.samenhaus.de\/gartenblog\/wp-content\/uploads\/2020\/11\/logo.svg","width":1,"height":1,"caption":"Samenhaus.de Gartenblog"},"image":{"@id":"https:\/\/www.samenhaus.de\/gartenblog\/#\/schema\/logo\/image\/"},"sameAs":["https:\/\/de-de.facebook.com\/samenhaus","https:\/\/x.com\/samenhaus"]},{"@type":"Person","@id":"https:\/\/www.samenhaus.de\/gartenblog\/#\/schema\/person\/de169769587431893823f62b2ce06c04","name":"Holger","image":{"@type":"ImageObject","inLanguage":"de","@id":"https:\/\/www.samenhaus.de\/gartenblog\/wp-content\/uploads\/2026\/03\/Holger-150x150.png","url":"https:\/\/www.samenhaus.de\/gartenblog\/wp-content\/uploads\/2026\/03\/Holger-150x150.png","contentUrl":"https:\/\/www.samenhaus.de\/gartenblog\/wp-content\/uploads\/2026\/03\/Holger-150x150.png","caption":"Holger"},"description":"6.000.000 W\u00f6rter \u2013 so viel k\u00f6nnen Sie in etwa von mir online lesen. Das F\u00fcllen des Internets entwickelte sich nach meiner Ausbildung zum TV-Redakteur und der langj\u00e4hrigen Arbeit bei SAT.1 zu einem Fulltime-Job. Trotzdem finde ich noch gen\u00fcgend Zeit, um in meinem Garten zu werkeln. Eine Staude hier, ein Bl\u00fcmchen dort und ein bisschen Gem\u00fcse darf auch nicht fehlen \u2013 einen Schnitzelbaum gibt es ja noch nicht \u2026 Die besten geistigen Erg\u00fcsse habe ich \u00fcbrigens, wenn ich IM Garten \u00dcBER den Garten schreiben kann. So vereinen sich Beruf und Hobby perfekt \u2013 was gibt es Sch\u00f6neres?","url":"https:\/\/www.samenhaus.de\/gartenblog\/author\/holger"}]}},"wp-worthy-pixel":{"ignored":false,"public":"d4a6ba8eea69471492803fbeedc7e8ed","server":"vg08.met.vgwort.de","url":"https:\/\/vg08.met.vgwort.de\/na\/d4a6ba8eea69471492803fbeedc7e8ed"},"wp-worthy-type":"normal","_links":{"self":[{"href":"https:\/\/www.samenhaus.de\/gartenblog\/wp-json\/wp\/v2\/posts\/10702","targetHints":{"allow":["GET"]}}],"collection":[{"href":"https:\/\/www.samenhaus.de\/gartenblog\/wp-json\/wp\/v2\/posts"}],"about":[{"href":"https:\/\/www.samenhaus.de\/gartenblog\/wp-json\/wp\/v2\/types\/post"}],"author":[{"embeddable":true,"href":"https:\/\/www.samenhaus.de\/gartenblog\/wp-json\/wp\/v2\/users\/13"}],"replies":[{"embeddable":true,"href":"https:\/\/www.samenhaus.de\/gartenblog\/wp-json\/wp\/v2\/comments?post=10702"}],"version-history":[{"count":6,"href":"https:\/\/www.samenhaus.de\/gartenblog\/wp-json\/wp\/v2\/posts\/10702\/revisions"}],"predecessor-version":[{"id":15909,"href":"https:\/\/www.samenhaus.de\/gartenblog\/wp-json\/wp\/v2\/posts\/10702\/revisions\/15909"}],"wp:featuredmedia":[{"embeddable":true,"href":"https:\/\/www.samenhaus.de\/gartenblog\/wp-json\/wp\/v2\/media\/12223"}],"wp:attachment":[{"href":"https:\/\/www.samenhaus.de\/gartenblog\/wp-json\/wp\/v2\/media?parent=10702"}],"wp:term":[{"taxonomy":"category","embeddable":true,"href":"https:\/\/www.samenhaus.de\/gartenblog\/wp-json\/wp\/v2\/categories?post=10702"},{"taxonomy":"post_tag","embeddable":true,"href":"https:\/\/www.samenhaus.de\/gartenblog\/wp-json\/wp\/v2\/tags?post=10702"},{"taxonomy":"hersteller","embeddable":true,"href":"https:\/\/www.samenhaus.de\/gartenblog\/wp-json\/wp\/v2\/hersteller?post=10702"}],"curies":[{"name":"wp","href":"https:\/\/api.w.org\/{rel}","templated":true}]}}