{"id":11057,"date":"2023-09-10T09:00:42","date_gmt":"2023-09-10T09:00:42","guid":{"rendered":"https:\/\/www.samenhaus.de\/gartenblog\/?p=11057"},"modified":"2023-09-21T11:48:33","modified_gmt":"2023-09-21T11:48:33","slug":"blumenkohl-welchen-sorten-passen-zu-mir","status":"publish","type":"post","link":"https:\/\/www.samenhaus.de\/gartenblog\/blumenkohl-welchen-sorten-passen-zu-mir","title":{"rendered":"Blumenkohl: Welchen Sorten passen zu mir?"},"content":{"rendered":"<p>Bei Kindern und Erwachsenen ist Blumenkohl gleicherma\u00dfen beliebt. Neben den klassischen wei\u00dfen Sorten gibt es inzwischen auch bunte Z\u00fcchtungen in Gelb, Violett oder Gr\u00fcn. Erfahren Sie mehr \u00fcber die wichtigsten Sorten und \u00fcber die Kaufkriterien f\u00fcr die Samen.<\/p>\n<h2><span class=\"ez-toc-section\" id=\"Blumenkohlsorten_unterschiedlich_in_Farbe_und_Geschmack\"><\/span>Blumenkohlsorten: unterschiedlich in Farbe und Geschmack<span class=\"ez-toc-section-end\"><\/span><\/h2>\n<p>Es gibt zahlreiche Sorten von Blumenkohl, die sich in Farbe, Erntezeit und Geschmack unterscheiden. Zumeist ist Blumenkohl wei\u00df, doch gibt es inzwischen auch andere Z\u00fcchtungen, die durch ihre Farbe beeindrucken und gerade bei Kindern beliebt sind. Wie viele Blumenkohlsorten es gibt, ist nicht bekannt. Durch jahrhundertelange Z\u00fcchtungen sind mehrere hundert verschiedene Sorten entstanden.<\/p>\n<h3><span class=\"ez-toc-section\" id=\"Weisse_Blumenkohlsorten_in_Deutschland_am_meisten_angebaut\"><\/span>Wei\u00dfe Blumenkohlsorten: in Deutschland am meisten angebaut<span class=\"ez-toc-section-end\"><\/span><\/h3>\n<p><img loading=\"lazy\" decoding=\"async\" class=\"alignleft wp-image-14423 size-thumbnail\" src=\"https:\/\/www.samenhaus.de\/gartenblog\/wp-content\/uploads\/2023\/09\/Blumenkohl_71217691-150x150.jpg\" alt=\"wei\u00dfer Blumenkohl\" width=\"150\" height=\"150\" srcset=\"https:\/\/www.samenhaus.de\/gartenblog\/wp-content\/uploads\/2023\/09\/Blumenkohl_71217691-150x150.jpg 150w, https:\/\/www.samenhaus.de\/gartenblog\/wp-content\/uploads\/2023\/09\/Blumenkohl_71217691-80x80.jpg 80w\" sizes=\"auto, (max-width: 150px) 100vw, 150px\" \/>Wei\u00dfe Blumenkohlsorten sind Klassiker und werden sowohl kommerziell als auch privat in Deutschland am meisten angebaut. Auch bei starker Sonneneinstrahlung bleibt wei\u00dfer Blumenkohl nicht vollst\u00e4ndig wei\u00df. Um einen Sonnenbrand zu verhindern, decken Sie die K\u00f6pfe am besten ab. Nachfolgend erhalten Sie einen \u00dcberblick \u00fcber die wichtigsten wei\u00dfen Sorten.<\/p>\n<ul>\n<li><strong><a href=\"https:\/\/www.samenhaus.de\/search?query=blumenkol+Erfurter+Zwerg\" target=\"_blank\" rel=\"noopener\">Erfurter Zwerg<\/a>: <\/strong>Erfurter Zwerg geh\u00f6rt zu den bekanntesten wei\u00dfen Blumenkohlsorten und bringt kleinere K\u00f6pfe hervor. Die fr\u00fche Sorte hat geringe Anspr\u00fcche an die Pflege und eignet sich daher gut f\u00fcr den privaten Gem\u00fcsegarten.<\/li>\n<li><strong>Herbstriesen: <\/strong>Diese Sorte bringt gro\u00dfe, feste K\u00f6pfe hervor und eignet sich f\u00fcr den Sp\u00e4tanbau. Herbstriesen zeichnen sich durch eine lange Erntespanne aus.<\/li>\n<li><strong><a href=\"https:\/\/www.samenhaus.de\/search?query=blumenkol+Alpha\" target=\"_blank\" rel=\"noopener\">Alpha<\/a>: <\/strong>Alpha ist eine ziemlich robuste Sorte. Sie ist beliebt, da sie sich sowohl f\u00fcr den fr\u00fchen als auch f\u00fcr den sp\u00e4ten Anbau eignet.<\/li>\n<li><strong><a href=\"https:\/\/www.samenhaus.de\/search?query=blumenkol+Neckarperle\" target=\"_blank\" rel=\"noopener\">Neckarperle<\/a>: <\/strong>Neckarperle ist eine weitere Sorte mit einem langen Erntezeitraum. Die Sorte eignet sich f\u00fcr den Mittel- und Sp\u00e4tanbau und ist ziemlich pflegeleicht. Neckarperle zeichnet sich durch ein feines Aroma aus.<\/li>\n<li><strong>Tabiro: <\/strong>Tabiro eignet sich f\u00fcr den Herbstanbau und hat ein mildes, feines Aroma. Die Sorte ist widerstandsf\u00e4hig und selbstdeckend.<\/li>\n<li><strong><a href=\"https:\/\/www.samenhaus.de\/search?query=blumenkol+Walcheren+Winter\" target=\"_blank\" rel=\"noopener\">Walcheren Winter<\/a>: <\/strong>Walcheren Winter ist eine Wintersorte und eignet sich f\u00fcr Anbaugebiete mit mildem Klima. Um die Sorte \u00fcber den Winter zu bringen, s\u00e4en Sie sie im April oder Mai aus. Im darauffolgenden Jahr k\u00f6nnen Sie die Sorte noch bis in den April hinein ernten. Sie vertr\u00e4gt zwar Minusgrade, doch ist ein Vlies zum Schutz vor starken Fr\u00f6sten sinnvoll.<\/li>\n<li><strong><a href=\"https:\/\/www.samenhaus.de\/search?query=blumenkol+Multi+Head\" target=\"_blank\" rel=\"noopener\">Multi Head<\/a>: <\/strong>Multi Head ist eine F1-Hybride, die mehrere Bl\u00fcten entwickelt und daher mehrfach geerntet werden kann. Die Sorte ist auch als Pfl\u00fcck-Blumenkohl bekannt. Entfernen Sie die Hauptbl\u00fcte, f\u00f6rdern Sie das Wachstum der Nebenbl\u00fcten. Zwischen Juni und September k\u00f6nnen Sie ernten.<\/li>\n<\/ul>\n<h3><span class=\"ez-toc-section\" id=\"Farbige_Blumenkohlsorten_ernaehrungsphysiologisch_wertvoll\"><\/span>Farbige Blumenkohlsorten: ern\u00e4hrungsphysiologisch wertvoll<span class=\"ez-toc-section-end\"><\/span><\/h3>\n<p><img loading=\"lazy\" decoding=\"async\" class=\"wp-image-14426 size-thumbnail alignleft\" src=\"https:\/\/www.samenhaus.de\/gartenblog\/wp-content\/uploads\/2023\/09\/Blumenkohl_536066793-150x150.jpg\" alt=\"lila Blumenkohl\" width=\"150\" height=\"150\" srcset=\"https:\/\/www.samenhaus.de\/gartenblog\/wp-content\/uploads\/2023\/09\/Blumenkohl_536066793-150x150.jpg 150w, https:\/\/www.samenhaus.de\/gartenblog\/wp-content\/uploads\/2023\/09\/Blumenkohl_536066793-80x80.jpg 80w\" sizes=\"auto, (max-width: 150px) 100vw, 150px\" \/>Farbige Blumenkohlsorten machen nicht nur auf dem Teller optisch etwas her, sondern sie sind auch ern\u00e4hrungsphysiologisch wertvoller als die wei\u00dfen Sorten. Diese Sorten enthalten mehr Vitamine, Mineralstoffe und sekund\u00e4re Pflanzenstoffe. Im Geschmack sind sie intensiver als die wei\u00dfen Sorten.<\/p>\n<ul>\n<li><strong>Cheddar: <\/strong>Cheddar ist eine F1-Hybride, die, wie der Name bereits vermuten l\u00e4sst, orangegelbe K\u00f6pfe hervorbringt. Die neue Z\u00fcchtung ist reich an Beta-Carotin.<\/li>\n<li><strong>Grafitti: <\/strong>Grafitti bringt violette K\u00f6pfe hervor und eignet sich f\u00fcr den Sommer- und Winteranbau. Beim Kochen verf\u00e4rben sich die R\u00f6schen gr\u00fcn. Die Sorte zeichnet sich durch ein gutes Aroma aus.<\/li>\n<li><strong><a href=\"https:\/\/www.samenhaus.de\/search?query=blumenkol+Di+Sicilia+Violetto\" target=\"_blank\" rel=\"noopener\">Di Sicilia Violetto<\/a>: <\/strong>Di Sicilia Violetto hat seinen Ursprung in Italien und bildet violette K\u00f6pfe aus. Die graugr\u00fcnen Bl\u00e4tter haben eine violette Aderung. Die Sorte hat ein intensives Aroma und eignet sich f\u00fcr den Sp\u00e4tanbau. Ernten k\u00f6nnen Sie im Herbst.<\/li>\n<li><strong>Marches Green: <\/strong>Marches Green ist eine Sorte mit gr\u00fcnen K\u00f6pfen. Die R\u00f6schen bleiben auch beim Kochen gr\u00fcn. Die Sorte mit dem intensiven Aroma eignet sich f\u00fcr den fr\u00fchen und mittleren Anbau.<\/li>\n<li><strong>Susana: <\/strong>Susana ist eine F1-Hybride mit hellgr\u00fcnen K\u00f6pfen. Die ertragreiche Sorte k\u00f6nnen Sie im Herbst ernten.<\/li>\n<\/ul>\n<h2><span class=\"ez-toc-section\" id=\"Kaufkriterien_fuer_Blumenkohl_Erntezeit_und_Ansprueche\"><\/span>Kaufkriterien f\u00fcr Blumenkohl: Erntezeit und Anspr\u00fcche<span class=\"ez-toc-section-end\"><\/span><\/h2>\n<p><img loading=\"lazy\" decoding=\"async\" class=\"size-full wp-image-14425 alignright\" src=\"https:\/\/www.samenhaus.de\/gartenblog\/wp-content\/uploads\/2023\/09\/Blumenkohl_534606717.jpg\" alt=\"bunter Blumenkohl\" width=\"267\" height=\"200\" \/>Beim Kauf von Blumenkohl sind verschiedene Kriterien relevant:<\/p>\n<ul>\n<li>Anbau und Ernte<\/li>\n<li>Robustheit<\/li>\n<li>Geschmack<\/li>\n<li>Ertr\u00e4ge<\/li>\n<\/ul>\n<p>Entscheidend f\u00fcr den Kauf ist auch, ob Sie eine bestimmte Farbe bevorzugen. Suchen Sie nach einer Sorte, die Sie bereits fr\u00fchzeitig ernten k\u00f6nnen, sollten Sie Erfurter Zwerg, Multi Head oder Grafitti w\u00e4hlen. Kommt es Ihnen auf eine sp\u00e4te Ernte an, entscheiden Sie sich f\u00fcr Walcheren Winter, wenn das Klima geeignet ist. Weitere geeignete Sorten sind Herbstriesen, Neckarperle oder Di Sicilia Violetto.<\/p>\n<p>Robuste Sorten sind Alpha, Erfurter Zwerg, Multi Head oder Tabiro. Geht es Ihnen um einen guten Geschmack, eignen sich Di Sicilia Violetto, Marches Green, Cheddar, Neckarperle oder Tabiro. Sind Ihnen hohe Ertr\u00e4ge wichtig, eignen sich Multi Head oder Herbstriesen.<\/p>\n","protected":false},"excerpt":{"rendered":"<p>Bei Kindern und Erwachsenen ist Blumenkohl gleicherma\u00dfen beliebt. Neben den klassischen wei\u00dfen Sorten gibt es inzwischen auch bunte Z\u00fcchtungen in Gelb, Violett oder Gr\u00fcn. Erfahren Sie mehr \u00fcber die wichtigsten Sorten und \u00fcber die Kaufkriterien f\u00fcr die Samen. Blumenkohlsorten: unterschiedlich in Farbe und Geschmack Es gibt zahlreiche Sorten von Blumenkohl, die sich in Farbe, Erntezeit und Geschmack unterscheiden. Zumeist ist Blumenkohl wei\u00df, doch gibt es inzwischen auch andere Z\u00fcchtungen, die durch ihre Farbe beeindrucken und gerade bei Kindern beliebt sind. Wie viele Blumenkohlsorten es gibt, ist nicht bekannt. Durch jahrhundertelange Z\u00fcchtungen sind mehrere hundert verschiedene Sorten entstanden. Wei\u00dfe Blumenkohlsorten: in Deutschland am meisten angebaut Wei\u00dfe Blumenkohlsorten sind Klassiker und werden sowohl kommerziell als auch privat in Deutschland am meisten angebaut. Auch bei starker Sonneneinstrahlung bleibt wei\u00dfer Blumenkohl nicht vollst\u00e4ndig wei\u00df. Um einen Sonnenbrand zu verhindern, decken Sie die K\u00f6pfe am besten ab. Nachfolgend erhalten Sie einen \u00dcberblick \u00fcber die wichtigsten wei\u00dfen Sorten. Erfurter Zwerg: Erfurter Zwerg geh\u00f6rt zu den bekanntesten wei\u00dfen Blumenkohlsorten und bringt kleinere K\u00f6pfe hervor. Die fr\u00fche Sorte hat geringe Anspr\u00fcche an die Pflege und eignet sich daher gut f\u00fcr den privaten Gem\u00fcsegarten. Herbstriesen: Diese Sorte bringt gro\u00dfe, feste K\u00f6pfe hervor und eignet sich f\u00fcr den Sp\u00e4tanbau. Herbstriesen [&hellip;]<\/p>\n","protected":false},"author":11,"featured_media":14424,"comment_status":"open","ping_status":"open","sticky":false,"template":"","format":"standard","meta":{"_acf_changed":false,"footnotes":""},"categories":[6],"tags":[],"hersteller":[],"class_list":["post-11057","post","type-post","status-publish","format-standard","has-post-thumbnail","hentry","category-gemuese"],"acf":[],"yoast_head":"<!-- This site is optimized with the Yoast SEO plugin v27.4 - https:\/\/yoast.com\/product\/yoast-seo-wordpress\/ -->\n<title>Blumenkohl: Welchen Sorten passen zu mir? - Samenhaus Gartenblog<\/title>\n<meta name=\"description\" content=\"Blumenkohl ist gesund und bringt mit den neuen Z\u00fcchtungen auch Farbe auf den Teller. Mit Gelb, Lila oder Gr\u00fcn wird das Essen f\u00fcr alle ein Spa\u00df!\" \/>\n<meta name=\"robots\" content=\"index, follow, max-snippet:-1, max-image-preview:large, max-video-preview:-1\" \/>\n<link rel=\"canonical\" href=\"https:\/\/www.samenhaus.de\/gartenblog\/blumenkohl-welchen-sorten-passen-zu-mir\" \/>\n<meta property=\"og:locale\" content=\"de_DE\" \/>\n<meta property=\"og:type\" content=\"article\" \/>\n<meta property=\"og:title\" content=\"Blumenkohl: Welchen Sorten passen zu mir? - Samenhaus Gartenblog\" \/>\n<meta property=\"og:description\" content=\"Blumenkohl ist gesund und bringt mit den neuen Z\u00fcchtungen auch Farbe auf den Teller. Mit Gelb, Lila oder Gr\u00fcn wird das Essen f\u00fcr alle ein Spa\u00df!\" \/>\n<meta property=\"og:url\" content=\"https:\/\/www.samenhaus.de\/gartenblog\/blumenkohl-welchen-sorten-passen-zu-mir\" \/>\n<meta property=\"og:site_name\" content=\"Samenhaus Gartenblog\" \/>\n<meta property=\"article:publisher\" content=\"https:\/\/de-de.facebook.com\/samenhaus\" \/>\n<meta property=\"article:published_time\" content=\"2023-09-10T09:00:42+00:00\" \/>\n<meta property=\"article:modified_time\" content=\"2023-09-21T11:48:33+00:00\" \/>\n<meta property=\"og:image\" content=\"https:\/\/www.samenhaus.de\/gartenblog\/wp-content\/uploads\/2023\/09\/Blumenkohl_375150247.jpg\" \/>\n\t<meta property=\"og:image:width\" content=\"774\" \/>\n\t<meta property=\"og:image:height\" content=\"500\" \/>\n\t<meta property=\"og:image:type\" content=\"image\/jpeg\" \/>\n<meta name=\"author\" content=\"Sabine\" \/>\n<meta name=\"twitter:card\" content=\"summary_large_image\" \/>\n<meta name=\"twitter:creator\" content=\"@samenhaus\" \/>\n<meta name=\"twitter:site\" content=\"@samenhaus\" \/>\n<meta name=\"twitter:label1\" content=\"Verfasst von\" \/>\n\t<meta name=\"twitter:data1\" content=\"Sabine\" \/>\n\t<meta name=\"twitter:label2\" content=\"Gesch\u00e4tzte Lesezeit\" \/>\n\t<meta name=\"twitter:data2\" content=\"5\u00a0Minuten\" \/>\n<script type=\"application\/ld+json\" class=\"yoast-schema-graph\">{\"@context\":\"https:\\\/\\\/schema.org\",\"@graph\":[{\"@type\":\"Article\",\"@id\":\"https:\\\/\\\/www.samenhaus.de\\\/gartenblog\\\/blumenkohl-welchen-sorten-passen-zu-mir#article\",\"isPartOf\":{\"@id\":\"https:\\\/\\\/www.samenhaus.de\\\/gartenblog\\\/blumenkohl-welchen-sorten-passen-zu-mir\"},\"author\":{\"name\":\"Sabine\",\"@id\":\"https:\\\/\\\/www.samenhaus.de\\\/gartenblog\\\/#\\\/schema\\\/person\\\/e4c837ea32ec74c39497c1e69976fed5\"},\"headline\":\"Blumenkohl: Welchen Sorten passen zu mir?\",\"datePublished\":\"2023-09-10T09:00:42+00:00\",\"dateModified\":\"2023-09-21T11:48:33+00:00\",\"mainEntityOfPage\":{\"@id\":\"https:\\\/\\\/www.samenhaus.de\\\/gartenblog\\\/blumenkohl-welchen-sorten-passen-zu-mir\"},\"wordCount\":773,\"commentCount\":0,\"publisher\":{\"@id\":\"https:\\\/\\\/www.samenhaus.de\\\/gartenblog\\\/#organization\"},\"image\":{\"@id\":\"https:\\\/\\\/www.samenhaus.de\\\/gartenblog\\\/blumenkohl-welchen-sorten-passen-zu-mir#primaryimage\"},\"thumbnailUrl\":\"https:\\\/\\\/www.samenhaus.de\\\/gartenblog\\\/wp-content\\\/uploads\\\/2023\\\/09\\\/Blumenkohl_375150247.jpg\",\"articleSection\":[\"Gem\u00fcse\"],\"inLanguage\":\"de\",\"potentialAction\":[{\"@type\":\"CommentAction\",\"name\":\"Comment\",\"target\":[\"https:\\\/\\\/www.samenhaus.de\\\/gartenblog\\\/blumenkohl-welchen-sorten-passen-zu-mir#respond\"]}],\"copyrightYear\":\"2023\",\"copyrightHolder\":{\"@id\":\"https:\\\/\\\/www.samenhaus.de\\\/gartenblog\\\/#organization\"}},{\"@type\":\"WebPage\",\"@id\":\"https:\\\/\\\/www.samenhaus.de\\\/gartenblog\\\/blumenkohl-welchen-sorten-passen-zu-mir\",\"url\":\"https:\\\/\\\/www.samenhaus.de\\\/gartenblog\\\/blumenkohl-welchen-sorten-passen-zu-mir\",\"name\":\"Blumenkohl: Welchen Sorten passen zu mir? - Samenhaus Gartenblog\",\"isPartOf\":{\"@id\":\"https:\\\/\\\/www.samenhaus.de\\\/gartenblog\\\/#website\"},\"primaryImageOfPage\":{\"@id\":\"https:\\\/\\\/www.samenhaus.de\\\/gartenblog\\\/blumenkohl-welchen-sorten-passen-zu-mir#primaryimage\"},\"image\":{\"@id\":\"https:\\\/\\\/www.samenhaus.de\\\/gartenblog\\\/blumenkohl-welchen-sorten-passen-zu-mir#primaryimage\"},\"thumbnailUrl\":\"https:\\\/\\\/www.samenhaus.de\\\/gartenblog\\\/wp-content\\\/uploads\\\/2023\\\/09\\\/Blumenkohl_375150247.jpg\",\"datePublished\":\"2023-09-10T09:00:42+00:00\",\"dateModified\":\"2023-09-21T11:48:33+00:00\",\"description\":\"Blumenkohl ist gesund und bringt mit den neuen Z\u00fcchtungen auch Farbe auf den Teller. Mit Gelb, Lila oder Gr\u00fcn wird das Essen f\u00fcr alle ein Spa\u00df!\",\"breadcrumb\":{\"@id\":\"https:\\\/\\\/www.samenhaus.de\\\/gartenblog\\\/blumenkohl-welchen-sorten-passen-zu-mir#breadcrumb\"},\"inLanguage\":\"de\",\"potentialAction\":[{\"@type\":\"ReadAction\",\"target\":[\"https:\\\/\\\/www.samenhaus.de\\\/gartenblog\\\/blumenkohl-welchen-sorten-passen-zu-mir\"]}]},{\"@type\":\"ImageObject\",\"inLanguage\":\"de\",\"@id\":\"https:\\\/\\\/www.samenhaus.de\\\/gartenblog\\\/blumenkohl-welchen-sorten-passen-zu-mir#primaryimage\",\"url\":\"https:\\\/\\\/www.samenhaus.de\\\/gartenblog\\\/wp-content\\\/uploads\\\/2023\\\/09\\\/Blumenkohl_375150247.jpg\",\"contentUrl\":\"https:\\\/\\\/www.samenhaus.de\\\/gartenblog\\\/wp-content\\\/uploads\\\/2023\\\/09\\\/Blumenkohl_375150247.jpg\",\"width\":774,\"height\":500,\"caption\":\"Blumenkohl\"},{\"@type\":\"BreadcrumbList\",\"@id\":\"https:\\\/\\\/www.samenhaus.de\\\/gartenblog\\\/blumenkohl-welchen-sorten-passen-zu-mir#breadcrumb\",\"itemListElement\":[{\"@type\":\"ListItem\",\"position\":1,\"name\":\"Startseite\",\"item\":\"https:\\\/\\\/www.samenhaus.de\\\/gartenblog\\\/\"},{\"@type\":\"ListItem\",\"position\":2,\"name\":\"Blumenkohl: Welchen Sorten passen zu mir?\"}]},{\"@type\":\"WebSite\",\"@id\":\"https:\\\/\\\/www.samenhaus.de\\\/gartenblog\\\/#website\",\"url\":\"https:\\\/\\\/www.samenhaus.de\\\/gartenblog\\\/\",\"name\":\"Samenhaus Gartenblog\",\"description\":\"\",\"publisher\":{\"@id\":\"https:\\\/\\\/www.samenhaus.de\\\/gartenblog\\\/#organization\"},\"potentialAction\":[{\"@type\":\"SearchAction\",\"target\":{\"@type\":\"EntryPoint\",\"urlTemplate\":\"https:\\\/\\\/www.samenhaus.de\\\/gartenblog\\\/?s={search_term_string}\"},\"query-input\":{\"@type\":\"PropertyValueSpecification\",\"valueRequired\":true,\"valueName\":\"search_term_string\"}}],\"inLanguage\":\"de\"},{\"@type\":\"Organization\",\"@id\":\"https:\\\/\\\/www.samenhaus.de\\\/gartenblog\\\/#organization\",\"name\":\"Samenhaus.de Gartenblog\",\"url\":\"https:\\\/\\\/www.samenhaus.de\\\/gartenblog\\\/\",\"logo\":{\"@type\":\"ImageObject\",\"inLanguage\":\"de\",\"@id\":\"https:\\\/\\\/www.samenhaus.de\\\/gartenblog\\\/#\\\/schema\\\/logo\\\/image\\\/\",\"url\":\"https:\\\/\\\/www.samenhaus.de\\\/gartenblog\\\/wp-content\\\/uploads\\\/2020\\\/11\\\/logo.svg\",\"contentUrl\":\"https:\\\/\\\/www.samenhaus.de\\\/gartenblog\\\/wp-content\\\/uploads\\\/2020\\\/11\\\/logo.svg\",\"width\":1,\"height\":1,\"caption\":\"Samenhaus.de Gartenblog\"},\"image\":{\"@id\":\"https:\\\/\\\/www.samenhaus.de\\\/gartenblog\\\/#\\\/schema\\\/logo\\\/image\\\/\"},\"sameAs\":[\"https:\\\/\\\/de-de.facebook.com\\\/samenhaus\",\"https:\\\/\\\/x.com\\\/samenhaus\"]},{\"@type\":\"Person\",\"@id\":\"https:\\\/\\\/www.samenhaus.de\\\/gartenblog\\\/#\\\/schema\\\/person\\\/e4c837ea32ec74c39497c1e69976fed5\",\"name\":\"Sabine\",\"image\":{\"@type\":\"ImageObject\",\"inLanguage\":\"de\",\"@id\":\"https:\\\/\\\/www.samenhaus.de\\\/gartenblog\\\/wp-content\\\/uploads\\\/2026\\\/03\\\/sabine-150x150.png\",\"url\":\"https:\\\/\\\/www.samenhaus.de\\\/gartenblog\\\/wp-content\\\/uploads\\\/2026\\\/03\\\/sabine-150x150.png\",\"contentUrl\":\"https:\\\/\\\/www.samenhaus.de\\\/gartenblog\\\/wp-content\\\/uploads\\\/2026\\\/03\\\/sabine-150x150.png\",\"caption\":\"Sabine\"},\"description\":\"Sabine schreibt am liebsten \u00fcber Themen rund um den Selbstversorgergarten. Ob Gem\u00fcseanbau, Obstgarten, H\u00fchnerhaltung oder Konservierung und Verarbeitung, sie hat jede Menge eigene Erfahrung beizusteuern. Sie liebt es, den Blick \u00fcber die ersten zarten Pflanzen des Jahres schweifen zu lassen oder die gewaltige Ernte im Sommer und Herbst zu b\u00e4ndigen.\",\"url\":\"https:\\\/\\\/www.samenhaus.de\\\/gartenblog\\\/author\\\/sabine\"}]}<\/script>\n<!-- \/ Yoast SEO plugin. -->","yoast_head_json":{"title":"Blumenkohl: Welchen Sorten passen zu mir? - Samenhaus Gartenblog","description":"Blumenkohl ist gesund und bringt mit den neuen Z\u00fcchtungen auch Farbe auf den Teller. Mit Gelb, Lila oder Gr\u00fcn wird das Essen f\u00fcr alle ein Spa\u00df!","robots":{"index":"index","follow":"follow","max-snippet":"max-snippet:-1","max-image-preview":"max-image-preview:large","max-video-preview":"max-video-preview:-1"},"canonical":"https:\/\/www.samenhaus.de\/gartenblog\/blumenkohl-welchen-sorten-passen-zu-mir","og_locale":"de_DE","og_type":"article","og_title":"Blumenkohl: Welchen Sorten passen zu mir? - Samenhaus Gartenblog","og_description":"Blumenkohl ist gesund und bringt mit den neuen Z\u00fcchtungen auch Farbe auf den Teller. Mit Gelb, Lila oder Gr\u00fcn wird das Essen f\u00fcr alle ein Spa\u00df!","og_url":"https:\/\/www.samenhaus.de\/gartenblog\/blumenkohl-welchen-sorten-passen-zu-mir","og_site_name":"Samenhaus Gartenblog","article_publisher":"https:\/\/de-de.facebook.com\/samenhaus","article_published_time":"2023-09-10T09:00:42+00:00","article_modified_time":"2023-09-21T11:48:33+00:00","og_image":[{"width":774,"height":500,"url":"https:\/\/www.samenhaus.de\/gartenblog\/wp-content\/uploads\/2023\/09\/Blumenkohl_375150247.jpg","type":"image\/jpeg"}],"author":"Sabine","twitter_card":"summary_large_image","twitter_creator":"@samenhaus","twitter_site":"@samenhaus","twitter_misc":{"Verfasst von":"Sabine","Gesch\u00e4tzte Lesezeit":"5\u00a0Minuten"},"schema":{"@context":"https:\/\/schema.org","@graph":[{"@type":"Article","@id":"https:\/\/www.samenhaus.de\/gartenblog\/blumenkohl-welchen-sorten-passen-zu-mir#article","isPartOf":{"@id":"https:\/\/www.samenhaus.de\/gartenblog\/blumenkohl-welchen-sorten-passen-zu-mir"},"author":{"name":"Sabine","@id":"https:\/\/www.samenhaus.de\/gartenblog\/#\/schema\/person\/e4c837ea32ec74c39497c1e69976fed5"},"headline":"Blumenkohl: Welchen Sorten passen zu mir?","datePublished":"2023-09-10T09:00:42+00:00","dateModified":"2023-09-21T11:48:33+00:00","mainEntityOfPage":{"@id":"https:\/\/www.samenhaus.de\/gartenblog\/blumenkohl-welchen-sorten-passen-zu-mir"},"wordCount":773,"commentCount":0,"publisher":{"@id":"https:\/\/www.samenhaus.de\/gartenblog\/#organization"},"image":{"@id":"https:\/\/www.samenhaus.de\/gartenblog\/blumenkohl-welchen-sorten-passen-zu-mir#primaryimage"},"thumbnailUrl":"https:\/\/www.samenhaus.de\/gartenblog\/wp-content\/uploads\/2023\/09\/Blumenkohl_375150247.jpg","articleSection":["Gem\u00fcse"],"inLanguage":"de","potentialAction":[{"@type":"CommentAction","name":"Comment","target":["https:\/\/www.samenhaus.de\/gartenblog\/blumenkohl-welchen-sorten-passen-zu-mir#respond"]}],"copyrightYear":"2023","copyrightHolder":{"@id":"https:\/\/www.samenhaus.de\/gartenblog\/#organization"}},{"@type":"WebPage","@id":"https:\/\/www.samenhaus.de\/gartenblog\/blumenkohl-welchen-sorten-passen-zu-mir","url":"https:\/\/www.samenhaus.de\/gartenblog\/blumenkohl-welchen-sorten-passen-zu-mir","name":"Blumenkohl: Welchen Sorten passen zu mir? - Samenhaus Gartenblog","isPartOf":{"@id":"https:\/\/www.samenhaus.de\/gartenblog\/#website"},"primaryImageOfPage":{"@id":"https:\/\/www.samenhaus.de\/gartenblog\/blumenkohl-welchen-sorten-passen-zu-mir#primaryimage"},"image":{"@id":"https:\/\/www.samenhaus.de\/gartenblog\/blumenkohl-welchen-sorten-passen-zu-mir#primaryimage"},"thumbnailUrl":"https:\/\/www.samenhaus.de\/gartenblog\/wp-content\/uploads\/2023\/09\/Blumenkohl_375150247.jpg","datePublished":"2023-09-10T09:00:42+00:00","dateModified":"2023-09-21T11:48:33+00:00","description":"Blumenkohl ist gesund und bringt mit den neuen Z\u00fcchtungen auch Farbe auf den Teller. Mit Gelb, Lila oder Gr\u00fcn wird das Essen f\u00fcr alle ein Spa\u00df!","breadcrumb":{"@id":"https:\/\/www.samenhaus.de\/gartenblog\/blumenkohl-welchen-sorten-passen-zu-mir#breadcrumb"},"inLanguage":"de","potentialAction":[{"@type":"ReadAction","target":["https:\/\/www.samenhaus.de\/gartenblog\/blumenkohl-welchen-sorten-passen-zu-mir"]}]},{"@type":"ImageObject","inLanguage":"de","@id":"https:\/\/www.samenhaus.de\/gartenblog\/blumenkohl-welchen-sorten-passen-zu-mir#primaryimage","url":"https:\/\/www.samenhaus.de\/gartenblog\/wp-content\/uploads\/2023\/09\/Blumenkohl_375150247.jpg","contentUrl":"https:\/\/www.samenhaus.de\/gartenblog\/wp-content\/uploads\/2023\/09\/Blumenkohl_375150247.jpg","width":774,"height":500,"caption":"Blumenkohl"},{"@type":"BreadcrumbList","@id":"https:\/\/www.samenhaus.de\/gartenblog\/blumenkohl-welchen-sorten-passen-zu-mir#breadcrumb","itemListElement":[{"@type":"ListItem","position":1,"name":"Startseite","item":"https:\/\/www.samenhaus.de\/gartenblog\/"},{"@type":"ListItem","position":2,"name":"Blumenkohl: Welchen Sorten passen zu mir?"}]},{"@type":"WebSite","@id":"https:\/\/www.samenhaus.de\/gartenblog\/#website","url":"https:\/\/www.samenhaus.de\/gartenblog\/","name":"Samenhaus Gartenblog","description":"","publisher":{"@id":"https:\/\/www.samenhaus.de\/gartenblog\/#organization"},"potentialAction":[{"@type":"SearchAction","target":{"@type":"EntryPoint","urlTemplate":"https:\/\/www.samenhaus.de\/gartenblog\/?s={search_term_string}"},"query-input":{"@type":"PropertyValueSpecification","valueRequired":true,"valueName":"search_term_string"}}],"inLanguage":"de"},{"@type":"Organization","@id":"https:\/\/www.samenhaus.de\/gartenblog\/#organization","name":"Samenhaus.de Gartenblog","url":"https:\/\/www.samenhaus.de\/gartenblog\/","logo":{"@type":"ImageObject","inLanguage":"de","@id":"https:\/\/www.samenhaus.de\/gartenblog\/#\/schema\/logo\/image\/","url":"https:\/\/www.samenhaus.de\/gartenblog\/wp-content\/uploads\/2020\/11\/logo.svg","contentUrl":"https:\/\/www.samenhaus.de\/gartenblog\/wp-content\/uploads\/2020\/11\/logo.svg","width":1,"height":1,"caption":"Samenhaus.de Gartenblog"},"image":{"@id":"https:\/\/www.samenhaus.de\/gartenblog\/#\/schema\/logo\/image\/"},"sameAs":["https:\/\/de-de.facebook.com\/samenhaus","https:\/\/x.com\/samenhaus"]},{"@type":"Person","@id":"https:\/\/www.samenhaus.de\/gartenblog\/#\/schema\/person\/e4c837ea32ec74c39497c1e69976fed5","name":"Sabine","image":{"@type":"ImageObject","inLanguage":"de","@id":"https:\/\/www.samenhaus.de\/gartenblog\/wp-content\/uploads\/2026\/03\/sabine-150x150.png","url":"https:\/\/www.samenhaus.de\/gartenblog\/wp-content\/uploads\/2026\/03\/sabine-150x150.png","contentUrl":"https:\/\/www.samenhaus.de\/gartenblog\/wp-content\/uploads\/2026\/03\/sabine-150x150.png","caption":"Sabine"},"description":"Sabine schreibt am liebsten \u00fcber Themen rund um den Selbstversorgergarten. Ob Gem\u00fcseanbau, Obstgarten, H\u00fchnerhaltung oder Konservierung und Verarbeitung, sie hat jede Menge eigene Erfahrung beizusteuern. Sie liebt es, den Blick \u00fcber die ersten zarten Pflanzen des Jahres schweifen zu lassen oder die gewaltige Ernte im Sommer und Herbst zu b\u00e4ndigen.","url":"https:\/\/www.samenhaus.de\/gartenblog\/author\/sabine"}]}},"wp-worthy-pixel":{"ignored":false,"public":"e8725a32b5cf465e83de07ff3a3ecd88","server":"vg02.met.vgwort.de","url":"https:\/\/vg02.met.vgwort.de\/na\/e8725a32b5cf465e83de07ff3a3ecd88"},"wp-worthy-type":"normal","_links":{"self":[{"href":"https:\/\/www.samenhaus.de\/gartenblog\/wp-json\/wp\/v2\/posts\/11057","targetHints":{"allow":["GET"]}}],"collection":[{"href":"https:\/\/www.samenhaus.de\/gartenblog\/wp-json\/wp\/v2\/posts"}],"about":[{"href":"https:\/\/www.samenhaus.de\/gartenblog\/wp-json\/wp\/v2\/types\/post"}],"author":[{"embeddable":true,"href":"https:\/\/www.samenhaus.de\/gartenblog\/wp-json\/wp\/v2\/users\/11"}],"replies":[{"embeddable":true,"href":"https:\/\/www.samenhaus.de\/gartenblog\/wp-json\/wp\/v2\/comments?post=11057"}],"version-history":[{"count":5,"href":"https:\/\/www.samenhaus.de\/gartenblog\/wp-json\/wp\/v2\/posts\/11057\/revisions"}],"predecessor-version":[{"id":14633,"href":"https:\/\/www.samenhaus.de\/gartenblog\/wp-json\/wp\/v2\/posts\/11057\/revisions\/14633"}],"wp:featuredmedia":[{"embeddable":true,"href":"https:\/\/www.samenhaus.de\/gartenblog\/wp-json\/wp\/v2\/media\/14424"}],"wp:attachment":[{"href":"https:\/\/www.samenhaus.de\/gartenblog\/wp-json\/wp\/v2\/media?parent=11057"}],"wp:term":[{"taxonomy":"category","embeddable":true,"href":"https:\/\/www.samenhaus.de\/gartenblog\/wp-json\/wp\/v2\/categories?post=11057"},{"taxonomy":"post_tag","embeddable":true,"href":"https:\/\/www.samenhaus.de\/gartenblog\/wp-json\/wp\/v2\/tags?post=11057"},{"taxonomy":"hersteller","embeddable":true,"href":"https:\/\/www.samenhaus.de\/gartenblog\/wp-json\/wp\/v2\/hersteller?post=11057"}],"curies":[{"name":"wp","href":"https:\/\/api.w.org\/{rel}","templated":true}]}}