{"id":11125,"date":"2023-06-05T17:57:37","date_gmt":"2023-06-05T17:57:37","guid":{"rendered":"https:\/\/www.samenhaus.de\/gartenblog\/?p=11125"},"modified":"2024-02-22T17:29:15","modified_gmt":"2024-02-22T16:29:15","slug":"samenbomben-mehr-farben-braucht-das-land","status":"publish","type":"post","link":"https:\/\/www.samenhaus.de\/gartenblog\/samenbomben-mehr-farben-braucht-das-land","title":{"rendered":"Samenbomben \u2013 mehr Farben braucht das Land"},"content":{"rendered":"<p>Wie sch\u00f6n ist es auf dem Land! <a href=\"https:\/\/www.samenhaus.de\/mohnsamen\" target=\"_blank\" rel=\"noopener\">Mohn<\/a>, <a href=\"https:\/\/www.samenhaus.de\/kornblumensamen\" target=\"_blank\" rel=\"noopener\">Kornblumen<\/a> und <a href=\"https:\/\/www.samenhaus.de\/margeritensamen\" target=\"_blank\" rel=\"noopener\">Margeriten<\/a> bl\u00fchen auf Wiesen und am Feldrand, wilde Rosen zieren die Wege und m\u00e4chtige B\u00e4ume spenden Schatten. In vielen St\u00e4dten sieht es ganz anders aus. Tristes Grau bestimmt die Stra\u00dfen und nur wenige Farbkleckse sind zu sehen. An diesen Stellen kommen Seedbombs in Spiel. Die Samenbomben lassen sich kinderleicht anwenden und sind sehr keimfreudig.<\/p>\n<p>Neu bei uns im Samenhaus sind acht neue <a href=\"https:\/\/www.samenhaus.de\/search?query=samenbomben&amp;attrib%5Bvendor%5D%5B%5D=FLORTUS%20Freude%20an%20Vielfalt#0\" target=\"_blank\" rel=\"noopener\">Seedbombs<\/a> und ein <a href=\"https:\/\/www.samenhaus.de\/search?query=saatgutkonfetti&amp;attrib%5Bvendor%5D%5B0%5D=FLORTUS%20Freude%20an%20Vielfalt#0\" target=\"_blank\" rel=\"noopener\">Saatgutkonfetti<\/a>. Die Seedbombs reichen vom himmlischen Blau bis zum strahlenden Gelb, vom feurigen Rot bis zum Kunterbunt. Damit m\u00f6chten wir unseren Beitrag zu dem \u00f6kologischen \u00d6dland in den St\u00e4dten leisten. Bienen, Hummeln und Schmetterlinge werden sich \u00fcber das Angebot an Nahrung freuen.<\/p>\n<p>Die FLORTUS Samenbomben lassen sich einfach verwenden. Die Samenbomben bestehen Erde und einer wunderbaren Samenmischung. Werfen Sie die Seedballs auf ein St\u00fcck Erde. In wenigen Tagen wird die Saat aufgehen. Mit einem Schluck Wasser k\u00f6nnen Sie die Samen beim Keimen unterst\u00fctzen. Sie k\u00f6nnen die Samenbombe auch zur H\u00e4lfte in ein St\u00fcck Erde versenken. Gie\u00dfen Sie anschlie\u00dfend und warten Sie auf das erste Gr\u00fcn.<\/p>\n<p>Mit unseren FLORTUS Samenbomben k\u00f6nnen nicht nur Sie selbst f\u00fcr mehr Farbe in den St\u00e4dten sorgen. Die Seedbombs sind auch wunderbare Gastgeschenke, Werbegeschenke oder Give-aways. Super viel Spa\u00df bringen die Samenbomben zum Kindergeburtstag aber auch zur Hochzeit.<\/p>\n","protected":false},"excerpt":{"rendered":"<p>Wie sch\u00f6n ist es auf dem Land! Mohn, Kornblumen und Margeriten bl\u00fchen auf Wiesen und am Feldrand, wilde Rosen zieren die Wege und m\u00e4chtige B\u00e4ume spenden Schatten. In vielen St\u00e4dten sieht es ganz anders aus. Tristes Grau bestimmt die Stra\u00dfen und nur wenige Farbkleckse sind zu sehen. An diesen Stellen kommen Seedbombs in Spiel. Die Samenbomben lassen sich kinderleicht anwenden und sind sehr keimfreudig. Neu bei uns im Samenhaus sind acht neue Seedbombs und ein Saatgutkonfetti. Die Seedbombs reichen vom himmlischen Blau bis zum strahlenden Gelb, vom feurigen Rot bis zum Kunterbunt. Damit m\u00f6chten wir unseren Beitrag zu dem \u00f6kologischen \u00d6dland in den St\u00e4dten leisten. Bienen, Hummeln und Schmetterlinge werden sich \u00fcber das Angebot an Nahrung freuen. Die FLORTUS Samenbomben lassen sich einfach verwenden. Die Samenbomben bestehen Erde und einer wunderbaren Samenmischung. Werfen Sie die Seedballs auf ein St\u00fcck Erde. In wenigen Tagen wird die Saat aufgehen. Mit einem Schluck Wasser k\u00f6nnen Sie die Samen beim Keimen unterst\u00fctzen. Sie k\u00f6nnen die Samenbombe auch zur H\u00e4lfte in ein St\u00fcck Erde versenken. Gie\u00dfen Sie anschlie\u00dfend und warten Sie auf das erste Gr\u00fcn. Mit unseren FLORTUS Samenbomben k\u00f6nnen nicht nur Sie selbst f\u00fcr mehr Farbe in den St\u00e4dten sorgen. Die Seedbombs sind auch [&hellip;]<\/p>\n","protected":false},"author":7,"featured_media":16862,"comment_status":"open","ping_status":"open","sticky":false,"template":"","format":"standard","meta":{"_acf_changed":false,"footnotes":""},"categories":[30],"tags":[],"hersteller":[],"class_list":["post-11125","post","type-post","status-publish","format-standard","has-post-thumbnail","hentry","category-news"],"acf":[],"yoast_head":"<!-- This site is optimized with the Yoast SEO plugin v27.4 - https:\/\/yoast.com\/product\/yoast-seo-wordpress\/ -->\n<title>Samenbomben \u2013 mehr Farben braucht das Land - Samenhaus Gartenblog<\/title>\n<meta name=\"description\" content=\"Samenbomben - oder Seedbombs - sind eine tolle Sache. Mit den Saatgutkugeln k\u00f6nnen Sie es \u00fcberall gr\u00fcnen und bl\u00fchen lassen.\" \/>\n<meta name=\"robots\" content=\"index, follow, max-snippet:-1, max-image-preview:large, max-video-preview:-1\" \/>\n<link rel=\"canonical\" href=\"https:\/\/www.samenhaus.de\/gartenblog\/samenbomben-mehr-farben-braucht-das-land\" \/>\n<meta property=\"og:locale\" content=\"de_DE\" \/>\n<meta property=\"og:type\" content=\"article\" \/>\n<meta property=\"og:title\" content=\"Samenbomben \u2013 mehr Farben braucht das Land - Samenhaus Gartenblog\" \/>\n<meta property=\"og:description\" content=\"Samenbomben - oder Seedbombs - sind eine tolle Sache. Mit den Saatgutkugeln k\u00f6nnen Sie es \u00fcberall gr\u00fcnen und bl\u00fchen lassen.\" \/>\n<meta property=\"og:url\" content=\"https:\/\/www.samenhaus.de\/gartenblog\/samenbomben-mehr-farben-braucht-das-land\" \/>\n<meta property=\"og:site_name\" content=\"Samenhaus Gartenblog\" \/>\n<meta property=\"article:publisher\" content=\"https:\/\/de-de.facebook.com\/samenhaus\" \/>\n<meta property=\"article:published_time\" content=\"2023-06-05T17:57:37+00:00\" \/>\n<meta property=\"article:modified_time\" content=\"2024-02-22T16:29:15+00:00\" \/>\n<meta property=\"og:image\" content=\"https:\/\/www.samenhaus.de\/gartenblog\/wp-content\/uploads\/2024\/02\/Samenbomben_Titelbild_1000x563.jpg\" \/>\n\t<meta property=\"og:image:width\" content=\"1000\" \/>\n\t<meta property=\"og:image:height\" content=\"563\" \/>\n\t<meta property=\"og:image:type\" content=\"image\/jpeg\" \/>\n<meta name=\"author\" content=\"Fritz\" \/>\n<meta name=\"twitter:card\" content=\"summary_large_image\" \/>\n<meta name=\"twitter:creator\" content=\"@samenhaus\" \/>\n<meta name=\"twitter:site\" content=\"@samenhaus\" \/>\n<meta name=\"twitter:label1\" content=\"Verfasst von\" \/>\n\t<meta name=\"twitter:data1\" content=\"Fritz\" \/>\n\t<meta name=\"twitter:label2\" content=\"Gesch\u00e4tzte Lesezeit\" \/>\n\t<meta name=\"twitter:data2\" content=\"2\u00a0Minuten\" \/>\n<script type=\"application\/ld+json\" class=\"yoast-schema-graph\">{\"@context\":\"https:\\\/\\\/schema.org\",\"@graph\":[{\"@type\":\"Article\",\"@id\":\"https:\\\/\\\/www.samenhaus.de\\\/gartenblog\\\/samenbomben-mehr-farben-braucht-das-land#article\",\"isPartOf\":{\"@id\":\"https:\\\/\\\/www.samenhaus.de\\\/gartenblog\\\/samenbomben-mehr-farben-braucht-das-land\"},\"author\":{\"name\":\"Fritz\",\"@id\":\"https:\\\/\\\/www.samenhaus.de\\\/gartenblog\\\/#\\\/schema\\\/person\\\/a0608c49bb909de7ed33e44abc853c6b\"},\"headline\":\"Samenbomben \u2013 mehr Farben braucht das Land\",\"datePublished\":\"2023-06-05T17:57:37+00:00\",\"dateModified\":\"2024-02-22T16:29:15+00:00\",\"mainEntityOfPage\":{\"@id\":\"https:\\\/\\\/www.samenhaus.de\\\/gartenblog\\\/samenbomben-mehr-farben-braucht-das-land\"},\"wordCount\":243,\"commentCount\":0,\"publisher\":{\"@id\":\"https:\\\/\\\/www.samenhaus.de\\\/gartenblog\\\/#organization\"},\"image\":{\"@id\":\"https:\\\/\\\/www.samenhaus.de\\\/gartenblog\\\/samenbomben-mehr-farben-braucht-das-land#primaryimage\"},\"thumbnailUrl\":\"https:\\\/\\\/www.samenhaus.de\\\/gartenblog\\\/wp-content\\\/uploads\\\/2024\\\/02\\\/Samenbomben_Titelbild_1000x563.jpg\",\"articleSection\":[\"News\"],\"inLanguage\":\"de\",\"potentialAction\":[{\"@type\":\"CommentAction\",\"name\":\"Comment\",\"target\":[\"https:\\\/\\\/www.samenhaus.de\\\/gartenblog\\\/samenbomben-mehr-farben-braucht-das-land#respond\"]}],\"copyrightYear\":\"2023\",\"copyrightHolder\":{\"@id\":\"https:\\\/\\\/www.samenhaus.de\\\/gartenblog\\\/#organization\"}},{\"@type\":\"WebPage\",\"@id\":\"https:\\\/\\\/www.samenhaus.de\\\/gartenblog\\\/samenbomben-mehr-farben-braucht-das-land\",\"url\":\"https:\\\/\\\/www.samenhaus.de\\\/gartenblog\\\/samenbomben-mehr-farben-braucht-das-land\",\"name\":\"Samenbomben \u2013 mehr Farben braucht das Land - Samenhaus Gartenblog\",\"isPartOf\":{\"@id\":\"https:\\\/\\\/www.samenhaus.de\\\/gartenblog\\\/#website\"},\"primaryImageOfPage\":{\"@id\":\"https:\\\/\\\/www.samenhaus.de\\\/gartenblog\\\/samenbomben-mehr-farben-braucht-das-land#primaryimage\"},\"image\":{\"@id\":\"https:\\\/\\\/www.samenhaus.de\\\/gartenblog\\\/samenbomben-mehr-farben-braucht-das-land#primaryimage\"},\"thumbnailUrl\":\"https:\\\/\\\/www.samenhaus.de\\\/gartenblog\\\/wp-content\\\/uploads\\\/2024\\\/02\\\/Samenbomben_Titelbild_1000x563.jpg\",\"datePublished\":\"2023-06-05T17:57:37+00:00\",\"dateModified\":\"2024-02-22T16:29:15+00:00\",\"description\":\"Samenbomben - oder Seedbombs - sind eine tolle Sache. Mit den Saatgutkugeln k\u00f6nnen Sie es \u00fcberall gr\u00fcnen und bl\u00fchen lassen.\",\"breadcrumb\":{\"@id\":\"https:\\\/\\\/www.samenhaus.de\\\/gartenblog\\\/samenbomben-mehr-farben-braucht-das-land#breadcrumb\"},\"inLanguage\":\"de\",\"potentialAction\":[{\"@type\":\"ReadAction\",\"target\":[\"https:\\\/\\\/www.samenhaus.de\\\/gartenblog\\\/samenbomben-mehr-farben-braucht-das-land\"]}]},{\"@type\":\"ImageObject\",\"inLanguage\":\"de\",\"@id\":\"https:\\\/\\\/www.samenhaus.de\\\/gartenblog\\\/samenbomben-mehr-farben-braucht-das-land#primaryimage\",\"url\":\"https:\\\/\\\/www.samenhaus.de\\\/gartenblog\\\/wp-content\\\/uploads\\\/2024\\\/02\\\/Samenbomben_Titelbild_1000x563.jpg\",\"contentUrl\":\"https:\\\/\\\/www.samenhaus.de\\\/gartenblog\\\/wp-content\\\/uploads\\\/2024\\\/02\\\/Samenbomben_Titelbild_1000x563.jpg\",\"width\":1000,\"height\":563,\"caption\":\"bunte Samenbomben\"},{\"@type\":\"BreadcrumbList\",\"@id\":\"https:\\\/\\\/www.samenhaus.de\\\/gartenblog\\\/samenbomben-mehr-farben-braucht-das-land#breadcrumb\",\"itemListElement\":[{\"@type\":\"ListItem\",\"position\":1,\"name\":\"Startseite\",\"item\":\"https:\\\/\\\/www.samenhaus.de\\\/gartenblog\\\/\"},{\"@type\":\"ListItem\",\"position\":2,\"name\":\"Samenbomben \u2013 mehr Farben braucht das Land\"}]},{\"@type\":\"WebSite\",\"@id\":\"https:\\\/\\\/www.samenhaus.de\\\/gartenblog\\\/#website\",\"url\":\"https:\\\/\\\/www.samenhaus.de\\\/gartenblog\\\/\",\"name\":\"Samenhaus Gartenblog\",\"description\":\"\",\"publisher\":{\"@id\":\"https:\\\/\\\/www.samenhaus.de\\\/gartenblog\\\/#organization\"},\"potentialAction\":[{\"@type\":\"SearchAction\",\"target\":{\"@type\":\"EntryPoint\",\"urlTemplate\":\"https:\\\/\\\/www.samenhaus.de\\\/gartenblog\\\/?s={search_term_string}\"},\"query-input\":{\"@type\":\"PropertyValueSpecification\",\"valueRequired\":true,\"valueName\":\"search_term_string\"}}],\"inLanguage\":\"de\"},{\"@type\":\"Organization\",\"@id\":\"https:\\\/\\\/www.samenhaus.de\\\/gartenblog\\\/#organization\",\"name\":\"Samenhaus.de Gartenblog\",\"url\":\"https:\\\/\\\/www.samenhaus.de\\\/gartenblog\\\/\",\"logo\":{\"@type\":\"ImageObject\",\"inLanguage\":\"de\",\"@id\":\"https:\\\/\\\/www.samenhaus.de\\\/gartenblog\\\/#\\\/schema\\\/logo\\\/image\\\/\",\"url\":\"https:\\\/\\\/www.samenhaus.de\\\/gartenblog\\\/wp-content\\\/uploads\\\/2020\\\/11\\\/logo.svg\",\"contentUrl\":\"https:\\\/\\\/www.samenhaus.de\\\/gartenblog\\\/wp-content\\\/uploads\\\/2020\\\/11\\\/logo.svg\",\"width\":1,\"height\":1,\"caption\":\"Samenhaus.de Gartenblog\"},\"image\":{\"@id\":\"https:\\\/\\\/www.samenhaus.de\\\/gartenblog\\\/#\\\/schema\\\/logo\\\/image\\\/\"},\"sameAs\":[\"https:\\\/\\\/de-de.facebook.com\\\/samenhaus\",\"https:\\\/\\\/x.com\\\/samenhaus\"]},{\"@type\":\"Person\",\"@id\":\"https:\\\/\\\/www.samenhaus.de\\\/gartenblog\\\/#\\\/schema\\\/person\\\/a0608c49bb909de7ed33e44abc853c6b\",\"name\":\"Fritz\",\"image\":{\"@type\":\"ImageObject\",\"inLanguage\":\"de\",\"@id\":\"https:\\\/\\\/www.samenhaus.de\\\/gartenblog\\\/wp-content\\\/uploads\\\/2024\\\/11\\\/Tobi-1-150x150.jpg\",\"url\":\"https:\\\/\\\/www.samenhaus.de\\\/gartenblog\\\/wp-content\\\/uploads\\\/2024\\\/11\\\/Tobi-1-150x150.jpg\",\"contentUrl\":\"https:\\\/\\\/www.samenhaus.de\\\/gartenblog\\\/wp-content\\\/uploads\\\/2024\\\/11\\\/Tobi-1-150x150.jpg\",\"caption\":\"Fritz\"},\"description\":\"Das ist Fritz. Er steht f\u00fcr all die erfahrenen G\u00e4rtner und Selbstversorger, die ihr Wissen und ihre Erfahrungen auf dem Gartenblog mit Ihnen teilen. Mit Tipps und Tricks f\u00fcr den Garten, den Balkon und die K\u00fcche steht Fritz Ihnen zur Seite.\",\"url\":\"https:\\\/\\\/www.samenhaus.de\\\/gartenblog\\\/author\\\/tobias\"}]}<\/script>\n<!-- \/ Yoast SEO plugin. -->","yoast_head_json":{"title":"Samenbomben \u2013 mehr Farben braucht das Land - Samenhaus Gartenblog","description":"Samenbomben - oder Seedbombs - sind eine tolle Sache. Mit den Saatgutkugeln k\u00f6nnen Sie es \u00fcberall gr\u00fcnen und bl\u00fchen lassen.","robots":{"index":"index","follow":"follow","max-snippet":"max-snippet:-1","max-image-preview":"max-image-preview:large","max-video-preview":"max-video-preview:-1"},"canonical":"https:\/\/www.samenhaus.de\/gartenblog\/samenbomben-mehr-farben-braucht-das-land","og_locale":"de_DE","og_type":"article","og_title":"Samenbomben \u2013 mehr Farben braucht das Land - Samenhaus Gartenblog","og_description":"Samenbomben - oder Seedbombs - sind eine tolle Sache. Mit den Saatgutkugeln k\u00f6nnen Sie es \u00fcberall gr\u00fcnen und bl\u00fchen lassen.","og_url":"https:\/\/www.samenhaus.de\/gartenblog\/samenbomben-mehr-farben-braucht-das-land","og_site_name":"Samenhaus Gartenblog","article_publisher":"https:\/\/de-de.facebook.com\/samenhaus","article_published_time":"2023-06-05T17:57:37+00:00","article_modified_time":"2024-02-22T16:29:15+00:00","og_image":[{"width":1000,"height":563,"url":"https:\/\/www.samenhaus.de\/gartenblog\/wp-content\/uploads\/2024\/02\/Samenbomben_Titelbild_1000x563.jpg","type":"image\/jpeg"}],"author":"Fritz","twitter_card":"summary_large_image","twitter_creator":"@samenhaus","twitter_site":"@samenhaus","twitter_misc":{"Verfasst von":"Fritz","Gesch\u00e4tzte Lesezeit":"2\u00a0Minuten"},"schema":{"@context":"https:\/\/schema.org","@graph":[{"@type":"Article","@id":"https:\/\/www.samenhaus.de\/gartenblog\/samenbomben-mehr-farben-braucht-das-land#article","isPartOf":{"@id":"https:\/\/www.samenhaus.de\/gartenblog\/samenbomben-mehr-farben-braucht-das-land"},"author":{"name":"Fritz","@id":"https:\/\/www.samenhaus.de\/gartenblog\/#\/schema\/person\/a0608c49bb909de7ed33e44abc853c6b"},"headline":"Samenbomben \u2013 mehr Farben braucht das Land","datePublished":"2023-06-05T17:57:37+00:00","dateModified":"2024-02-22T16:29:15+00:00","mainEntityOfPage":{"@id":"https:\/\/www.samenhaus.de\/gartenblog\/samenbomben-mehr-farben-braucht-das-land"},"wordCount":243,"commentCount":0,"publisher":{"@id":"https:\/\/www.samenhaus.de\/gartenblog\/#organization"},"image":{"@id":"https:\/\/www.samenhaus.de\/gartenblog\/samenbomben-mehr-farben-braucht-das-land#primaryimage"},"thumbnailUrl":"https:\/\/www.samenhaus.de\/gartenblog\/wp-content\/uploads\/2024\/02\/Samenbomben_Titelbild_1000x563.jpg","articleSection":["News"],"inLanguage":"de","potentialAction":[{"@type":"CommentAction","name":"Comment","target":["https:\/\/www.samenhaus.de\/gartenblog\/samenbomben-mehr-farben-braucht-das-land#respond"]}],"copyrightYear":"2023","copyrightHolder":{"@id":"https:\/\/www.samenhaus.de\/gartenblog\/#organization"}},{"@type":"WebPage","@id":"https:\/\/www.samenhaus.de\/gartenblog\/samenbomben-mehr-farben-braucht-das-land","url":"https:\/\/www.samenhaus.de\/gartenblog\/samenbomben-mehr-farben-braucht-das-land","name":"Samenbomben \u2013 mehr Farben braucht das Land - Samenhaus Gartenblog","isPartOf":{"@id":"https:\/\/www.samenhaus.de\/gartenblog\/#website"},"primaryImageOfPage":{"@id":"https:\/\/www.samenhaus.de\/gartenblog\/samenbomben-mehr-farben-braucht-das-land#primaryimage"},"image":{"@id":"https:\/\/www.samenhaus.de\/gartenblog\/samenbomben-mehr-farben-braucht-das-land#primaryimage"},"thumbnailUrl":"https:\/\/www.samenhaus.de\/gartenblog\/wp-content\/uploads\/2024\/02\/Samenbomben_Titelbild_1000x563.jpg","datePublished":"2023-06-05T17:57:37+00:00","dateModified":"2024-02-22T16:29:15+00:00","description":"Samenbomben - oder Seedbombs - sind eine tolle Sache. Mit den Saatgutkugeln k\u00f6nnen Sie es \u00fcberall gr\u00fcnen und bl\u00fchen lassen.","breadcrumb":{"@id":"https:\/\/www.samenhaus.de\/gartenblog\/samenbomben-mehr-farben-braucht-das-land#breadcrumb"},"inLanguage":"de","potentialAction":[{"@type":"ReadAction","target":["https:\/\/www.samenhaus.de\/gartenblog\/samenbomben-mehr-farben-braucht-das-land"]}]},{"@type":"ImageObject","inLanguage":"de","@id":"https:\/\/www.samenhaus.de\/gartenblog\/samenbomben-mehr-farben-braucht-das-land#primaryimage","url":"https:\/\/www.samenhaus.de\/gartenblog\/wp-content\/uploads\/2024\/02\/Samenbomben_Titelbild_1000x563.jpg","contentUrl":"https:\/\/www.samenhaus.de\/gartenblog\/wp-content\/uploads\/2024\/02\/Samenbomben_Titelbild_1000x563.jpg","width":1000,"height":563,"caption":"bunte Samenbomben"},{"@type":"BreadcrumbList","@id":"https:\/\/www.samenhaus.de\/gartenblog\/samenbomben-mehr-farben-braucht-das-land#breadcrumb","itemListElement":[{"@type":"ListItem","position":1,"name":"Startseite","item":"https:\/\/www.samenhaus.de\/gartenblog\/"},{"@type":"ListItem","position":2,"name":"Samenbomben \u2013 mehr Farben braucht das Land"}]},{"@type":"WebSite","@id":"https:\/\/www.samenhaus.de\/gartenblog\/#website","url":"https:\/\/www.samenhaus.de\/gartenblog\/","name":"Samenhaus Gartenblog","description":"","publisher":{"@id":"https:\/\/www.samenhaus.de\/gartenblog\/#organization"},"potentialAction":[{"@type":"SearchAction","target":{"@type":"EntryPoint","urlTemplate":"https:\/\/www.samenhaus.de\/gartenblog\/?s={search_term_string}"},"query-input":{"@type":"PropertyValueSpecification","valueRequired":true,"valueName":"search_term_string"}}],"inLanguage":"de"},{"@type":"Organization","@id":"https:\/\/www.samenhaus.de\/gartenblog\/#organization","name":"Samenhaus.de Gartenblog","url":"https:\/\/www.samenhaus.de\/gartenblog\/","logo":{"@type":"ImageObject","inLanguage":"de","@id":"https:\/\/www.samenhaus.de\/gartenblog\/#\/schema\/logo\/image\/","url":"https:\/\/www.samenhaus.de\/gartenblog\/wp-content\/uploads\/2020\/11\/logo.svg","contentUrl":"https:\/\/www.samenhaus.de\/gartenblog\/wp-content\/uploads\/2020\/11\/logo.svg","width":1,"height":1,"caption":"Samenhaus.de Gartenblog"},"image":{"@id":"https:\/\/www.samenhaus.de\/gartenblog\/#\/schema\/logo\/image\/"},"sameAs":["https:\/\/de-de.facebook.com\/samenhaus","https:\/\/x.com\/samenhaus"]},{"@type":"Person","@id":"https:\/\/www.samenhaus.de\/gartenblog\/#\/schema\/person\/a0608c49bb909de7ed33e44abc853c6b","name":"Fritz","image":{"@type":"ImageObject","inLanguage":"de","@id":"https:\/\/www.samenhaus.de\/gartenblog\/wp-content\/uploads\/2024\/11\/Tobi-1-150x150.jpg","url":"https:\/\/www.samenhaus.de\/gartenblog\/wp-content\/uploads\/2024\/11\/Tobi-1-150x150.jpg","contentUrl":"https:\/\/www.samenhaus.de\/gartenblog\/wp-content\/uploads\/2024\/11\/Tobi-1-150x150.jpg","caption":"Fritz"},"description":"Das ist Fritz. Er steht f\u00fcr all die erfahrenen G\u00e4rtner und Selbstversorger, die ihr Wissen und ihre Erfahrungen auf dem Gartenblog mit Ihnen teilen. Mit Tipps und Tricks f\u00fcr den Garten, den Balkon und die K\u00fcche steht Fritz Ihnen zur Seite.","url":"https:\/\/www.samenhaus.de\/gartenblog\/author\/tobias"}]}},"wp-worthy-pixel":{"ignored":false,"public":null,"server":null,"url":null},"wp-worthy-type":"normal","_links":{"self":[{"href":"https:\/\/www.samenhaus.de\/gartenblog\/wp-json\/wp\/v2\/posts\/11125","targetHints":{"allow":["GET"]}}],"collection":[{"href":"https:\/\/www.samenhaus.de\/gartenblog\/wp-json\/wp\/v2\/posts"}],"about":[{"href":"https:\/\/www.samenhaus.de\/gartenblog\/wp-json\/wp\/v2\/types\/post"}],"author":[{"embeddable":true,"href":"https:\/\/www.samenhaus.de\/gartenblog\/wp-json\/wp\/v2\/users\/7"}],"replies":[{"embeddable":true,"href":"https:\/\/www.samenhaus.de\/gartenblog\/wp-json\/wp\/v2\/comments?post=11125"}],"version-history":[{"count":10,"href":"https:\/\/www.samenhaus.de\/gartenblog\/wp-json\/wp\/v2\/posts\/11125\/revisions"}],"predecessor-version":[{"id":16863,"href":"https:\/\/www.samenhaus.de\/gartenblog\/wp-json\/wp\/v2\/posts\/11125\/revisions\/16863"}],"wp:featuredmedia":[{"embeddable":true,"href":"https:\/\/www.samenhaus.de\/gartenblog\/wp-json\/wp\/v2\/media\/16862"}],"wp:attachment":[{"href":"https:\/\/www.samenhaus.de\/gartenblog\/wp-json\/wp\/v2\/media?parent=11125"}],"wp:term":[{"taxonomy":"category","embeddable":true,"href":"https:\/\/www.samenhaus.de\/gartenblog\/wp-json\/wp\/v2\/categories?post=11125"},{"taxonomy":"post_tag","embeddable":true,"href":"https:\/\/www.samenhaus.de\/gartenblog\/wp-json\/wp\/v2\/tags?post=11125"},{"taxonomy":"hersteller","embeddable":true,"href":"https:\/\/www.samenhaus.de\/gartenblog\/wp-json\/wp\/v2\/hersteller?post=11125"}],"curies":[{"name":"wp","href":"https:\/\/api.w.org\/{rel}","templated":true}]}}