{"id":13374,"date":"2022-07-03T09:24:23","date_gmt":"2022-07-03T09:24:23","guid":{"rendered":"https:\/\/rasenhaus.de\/rasenblog\/?p=3918"},"modified":"2023-11-14T14:15:24","modified_gmt":"2023-11-14T13:15:24","slug":"irrtuemer-bei-der-rasenpflege","status":"publish","type":"post","link":"https:\/\/www.samenhaus.de\/gartenblog\/irrtuemer-bei-der-rasenpflege","title":{"rendered":"Irrt\u00fcmer bei der Rasenpflege"},"content":{"rendered":"<p>Sie bei der Deutschland macht sich in diesen Tagen auf, den Rasen wieder ansehnlich zu gestalten und pflegt und hegt ihn. Dabei dient die Pflege des Rasens aber nicht nur der Gesundheit der Gr\u00e4ser, sondern nat\u00fcrlich auch der Optik. Leider halten sich einige Irrt\u00fcmer so hartn\u00e4ckig, dass noch immer viele G\u00e4rtner diese Fehler machen. Denn wer m\u00f6chte nicht einen gleichm\u00e4\u00dfig kurzen und saftig gr\u00fcnen Rasen ohne Unkraut? Vor allem dann, wenn der Nachbar einen Traumrasen hat, wird der Ehrgeiz bei vielen Hobbyg\u00e4rtnern gesch\u00fcrt. Damit Sie nichts falsch machen bei der Rasenpflege, kl\u00e4ren wir die wichtigsten Irrt\u00fcmer auf.<\/p>\n<h2 class=\"western\"><span class=\"ez-toc-section\" id=\"Rollrasen_ist_einfach_und_spart_Zeit\"><\/span>Rollrasen ist einfach und spart Zeit<span class=\"ez-toc-section-end\"><\/span><\/h2>\n<p><img loading=\"lazy\" decoding=\"async\" class=\"size-medium wp-image-4081 alignright\" src=\"https:\/\/rasenhaus.de\/rasenblog\/wp-content\/uploads\/2022\/07\/Irrtuemer-Rasenpflege_340910749-300x200.jpeg\" alt=\"Rasenirrt\u00fcmer Rollrasen\" width=\"300\" height=\"200\" \/>Im Grunde ist dies nat\u00fcrlich richtig. Ein Rollrasen ist in wenigen Stunden verlegt und innerhalb k\u00fcrzester Zeit haben Sie einen sch\u00f6nen, sattgr\u00fcnen und dichten Rasen. Doch viele G\u00e4rtner vergessen dabei, dass der Boden vorher besonders gr\u00fcndlich vorbereitet werden muss. Dabei ist es gleich, ob Sie Rasen s\u00e4en oder Rollrasen nutzen. Die Vorbereitung ist das A und O. Allerdings ist das S\u00e4en eines neuen Rasens deutlich schneller erledigt. Der Nachteil dabei ist, dass der Rollrasen schneller betreten werden kann. Das W\u00e4ssern nach der Neuanlage dauert bei beiden etwa gleich. Die Saat muss zwar eine Woche l\u00e4nger bew\u00e4ssert werden als der Rollrasen, doch mit Rasensprenger ist dieser Zeitaufwand eher gering. Auch die sp\u00e4tere Pflege des Rasens ist nicht unterschiedlich. Maulw\u00fcrfe f\u00fchlen sich unter Rollrasen au\u00dferdem ebenso wohl, wie unter einer Rasenaussaat.<\/p>\n<h2 class=\"western\"><span class=\"ez-toc-section\" id=\"Weshalb_teure_Rasensamen_verwenden_Rasen_ist_doch_gleich_Rasen\"><\/span>Weshalb teure Rasensamen verwenden? Rasen ist doch gleich Rasen!<span class=\"ez-toc-section-end\"><\/span><\/h2>\n<p>Beim Discounter gibt es die Rasensamen deutlich g\u00fcnstiger als in Gartenfachm\u00e4rkten. Das Problem dabei ist, dass sie hier definitiv am falschen Ende sparen. Der Spruch \u201eWer billig kauft, kauft doppelt\u201c kann hier perfekt angewendet werden. Das vermeintliche Schn\u00e4ppchen wird Ihnen schnell die Nerven rauben und Sie werden deutlich mehr Pflegeaufwand aufbringen m\u00fcssen. Die sehr beliebte Rasenmischung \u201eBerliner Tiergarten\u201c h\u00f6rt sich zwar toll an, enth\u00e4lt aber jede Menge billiger Futtergr\u00e4ser. Ein Vorteil von diesen ist, dass sie rasant keimen und wachsen. Der Nachteil der g\u00fcnstigen Rasensaatmischung ist jedoch, dass sie viel Zeit f\u00fcr das M\u00e4hen aufbringen m\u00fcssen. Und trotz dieses hohen Pflegeaufwands bilden die Gr\u00e4ser keinen strapazierf\u00e4higen Grasteppich. Das Gegenteil ist sogar der Fall. Sie werden st\u00e4ndig ausbessern und nachs\u00e4en m\u00fcssen.<\/p>\n<h2 class=\"western\"><span class=\"ez-toc-section\" id=\"Im_spaeten_Herbst_keinen_Rasen_aussaeen\"><\/span>Im sp\u00e4ten Herbst keinen Rasen auss\u00e4en<span class=\"ez-toc-section-end\"><\/span><\/h2>\n<p><img loading=\"lazy\" decoding=\"async\" class=\"size-medium wp-image-4084 alignright\" src=\"https:\/\/rasenhaus.de\/rasenblog\/wp-content\/uploads\/2022\/07\/Irrtuemer-Rasenpflege_170294714-300x200.jpeg\" alt=\"Rasenirrt\u00fcmer S\u00e4en\" width=\"300\" height=\"200\" \/>Auch dies ist ein Ammenm\u00e4rchen, dem Sie keinen Glauben schenken sollten. Dabei hei\u00dft es immer, dass ein keimender Rasen bei Frost erfriert. Dem ist aber nicht so. Zum einen sind Grassamen wie auch die daraus wachsenden Pflanzen frosthart. Zum anderen keimen Grassamen nicht, wenn es zu kalt ist. Erst bei einer Temperatur von etwa 10 Grad keimen die Gr\u00e4ser, weshalb auch im sp\u00e4ten Herbst problemlos nachges\u00e4t werden kann.<\/p>\n<p>Allerdings sollten Sie sich im Klaren sein, dass Staun\u00e4sse oder Trockenheit dem keimenden Rasen deutlich mehr Schaden zuf\u00fcgen kann als Frost.<\/p>\n<h2 class=\"western\"><span class=\"ez-toc-section\" id=\"Staendiges_Bewaessern_im_Sommer\"><\/span>St\u00e4ndiges Bew\u00e4ssern im Sommer<span class=\"ez-toc-section-end\"><\/span><\/h2>\n<p>Der Irrglaube, dass der Rasen im Sommer st\u00e4ndig bew\u00e4ssert werden muss, geistert in vielen K\u00f6pfen der Hobbyg\u00e4rtner herum. Dies ist so nicht ganz richtig. Auch in hei\u00dfen Phasen muss der Rasen nur ein bis zweimal die Woche gew\u00e4ssert werden. Allerdings ist hierbei einiges zu beachten. Das Bew\u00e4ssern sollte so lange dauern, bis der Boden etwa 15 cm tief durchfeuchtet ist. Dies hei\u00dft, dass Sie rund 15 bis 20 Liter pro Quadratmeter ben\u00f6tigen.<\/p>\n<p>Wird der Rasen hingegen t\u00e4glich nur mit geringen Mengen Wasser versorgt, gew\u00f6hnt er sich schnell daran. Die Wurzeln dringen dann nicht tiefer in den Boden ein, sondern wurzeln an der Oberfl\u00e4che, was bedeutet, dass der Rasen bei Trockenheit deutlich schneller gelb wird. Zudem spart man durch das richtige Bew\u00e4ssern Geld.<\/p>\n<h2 class=\"western\"><span class=\"ez-toc-section\" id=\"Viel_Duengen_bedeutet_viel_Maehen\"><\/span>Viel D\u00fcngen bedeutet viel M\u00e4hen<span class=\"ez-toc-section-end\"><\/span><\/h2>\n<p><img loading=\"lazy\" decoding=\"async\" class=\"size-medium wp-image-4079 alignright\" src=\"https:\/\/rasenhaus.de\/rasenblog\/wp-content\/uploads\/2022\/07\/Irrtuemer-Rasenpflege_290201372-300x200.jpeg\" alt=\"Irrt\u00fcmer Rasenpflege d\u00fcngen\" width=\"300\" height=\"200\" \/>Das M\u00e4hen h\u00e4ngt vom D\u00fcnger wie auch von den Gr\u00e4sern ab. Wer etwa einen schnelll\u00f6slichen Minerald\u00fcnger wie Blaukorn verwendet, muss selbstverst\u00e4ndlich mehr m\u00e4hen, da das Gras in k\u00fcrzester Zeit nach oben schie\u00dft. Allerdings sind die N\u00e4hrstoffe so schnell verbraucht, dass das Wachstum auch schnell wieder abflacht.<\/p>\n<p>Wer den richtigen D\u00fcnger mit Langzeitwirkung einsetzt, sorgt daf\u00fcr, dass die Gr\u00e4ser \u00fcber einen l\u00e4ngeren Zeitraum gleichm\u00e4\u00dfig mit N\u00e4hrstoffen versorgt werden. Somit sprie\u00dft der Rasen nicht so stark und Sie m\u00fcssen nicht so oft m\u00e4hen.<\/p>\n<h2 class=\"western\"><span class=\"ez-toc-section\" id=\"Klee_durch_Kalken_vertreiben\"><\/span>Klee durch Kalken vertreiben<span class=\"ez-toc-section-end\"><\/span><\/h2>\n<p>Dieser Irrglaube ist eindeutig falsch. Denn vor allem bei Wei\u00dfklee ist die Kalkgabe sogar kontraproduktiv. Wei\u00dfklee gedeiht hervorragend bei einem pH-Wert, der h\u00f6her ist. Wer den Klee dann effektiv zur\u00fcckdr\u00e4ngen m\u00f6chte, sollte einen Rasenlangzeit-D\u00fcnger nutzen. Dieser enth\u00e4lt eine Menge Stickstoff und st\u00e4rkt so die Gr\u00e4ser, was dazu f\u00fchrt, dass der Klee zur\u00fcckgedr\u00e4ngt wird.<\/p>\n<p>Klee ist n\u00e4mlich nicht auf den Stickstoff-Vorrat im Boden angewiesen, sondern f\u00e4ngt diesen durch die Luft ein. Neben einem Langzeitd\u00fcnger ist au\u00dferdem das Vertikutieren ein gro\u00dfer Vorteil. Denn diese Vorgehensweise mag der Klee \u00fcberhaupt nicht.<\/p>\n<h2 class=\"western\"><span class=\"ez-toc-section\" id=\"Wer_vertikutiert_lockert_den_Boden\"><\/span>Wer vertikutiert, lockert den Boden<span class=\"ez-toc-section-end\"><\/span><\/h2>\n<p><img loading=\"lazy\" decoding=\"async\" class=\"size-medium wp-image-4082 alignright\" src=\"https:\/\/rasenhaus.de\/rasenblog\/wp-content\/uploads\/2022\/07\/Irrtuemer-Rasenpflege_365324103-300x200.jpeg\" alt=\"Irrt\u00fcmer Rasenpflege vertikutieren\" width=\"300\" height=\"200\" \/>Das ist so nicht ganz richtig. Der Boden wird beim Vertikutieren nicht gelockert, da das Ger\u00e4t kein Bodenbearbeitungsger\u00e4t ist. Ein Vertikutierer ritzt den Boden nur etwa 5 mm tief an, da sonst die Wurzeln der Gr\u00e4ser verletzt werden. Das Vertikutieren ist daf\u00fcr gedacht, dass Unkraut und Moos aus dem Rasen gek\u00e4mmt wird. Auch der Filz aus Schnittresten wird dabei entfernt. So bekommen die Gr\u00e4ser wieder Luft und Licht und k\u00f6nnen deutlich besser wachsen.<\/p>\n<p>Eine Alternative w\u00e4re beispielsweise im Fr\u00fchling oder im Herbst, mit einer Harke den Rasen auszuk\u00e4mmen. Allerdings reicht dies nur bei einem regelm\u00e4\u00dfig gem\u00e4hten und gut ged\u00fcngten Rasen. Wer seinen Rasen nicht ausreichend pflegt, wird mit der Harke nicht weit kommen.<\/p>\n<h2 class=\"western\"><span class=\"ez-toc-section\" id=\"Nur_Rentner_mulchen\"><\/span>Nur Rentner mulchen<span class=\"ez-toc-section-end\"><\/span><\/h2>\n<p>Es geht noch immer der Irrglaube umher, dass Mulchen nur etwas f\u00fcr Hobbyg\u00e4rtner mit viel Zeit ist. Jein. Auch wenn Sie etwas mehr Zeit aufbringen m\u00fcssen, k\u00f6nnen Sie diese beim D\u00fcngen wieder einsparen. W\u00e4hrend beim M\u00e4hen die abgeschnittenen Gr\u00e4ser im Fangsack landen, werden beim Mulchm\u00e4her die Halme gut zerkleinert wieder auf dem Rasen verteilt. Dort verrotten sie, geben die enthaltenen N\u00e4hrstoffe wieder frei und sorgen so daf\u00fcr, dass Sie deutlich weniger d\u00fcngen m\u00fcssen.<\/p>\n<p>Im Fr\u00fchsommer sollte daher zweimal die Woche gem\u00e4ht werden. Da der Fangkorb nicht permanent geleert werden muss und auch nicht mehr so viel ged\u00fcngt werden muss, sparen Sie tats\u00e4chlich Zeit ein.<\/p>\n<h2 class=\"western\"><span class=\"ez-toc-section\" id=\"Wer_nicht_duengt_bekommt_eine_Blumenwiese\"><\/span>Wer nicht d\u00fcngt, bekommt eine Blumenwiese<span class=\"ez-toc-section-end\"><\/span><\/h2>\n<p><img loading=\"lazy\" decoding=\"async\" class=\"size-medium wp-image-4080 alignright\" src=\"https:\/\/rasenhaus.de\/rasenblog\/wp-content\/uploads\/2022\/07\/Irrtuemer-Rasenpflege_325977917-300x200.jpeg\" alt=\"Irrt\u00fcmer Blumenwiese\" width=\"300\" height=\"200\" \/>Leider klappt das nicht so, wie es sich viele vorstellen. Warum? Ganz einfach. Die Gartenb\u00f6den sind h\u00e4ufig recht n\u00e4hrstoffreich. Bunte Blumen lieben aber magere B\u00f6den. Lediglich G\u00e4nsebl\u00fcmchen, Margeriten oder L\u00f6wenzahn k\u00f6nnen mit den n\u00e4hrstoffreichen B\u00f6den umgehen. Wer einen Blumenrasen m\u00f6chte, sollte die im Handel erh\u00e4ltlichen Saatmischungen mit niedrig wachsenden Gr\u00e4sern erwerben. Damit sich die Gr\u00e4ser nicht schnell wieder durchsetzen, sollten Sie den Boden vorher aufwendig bearbeiten und eine gro\u00dfe Menge an Sand und Kies einarbeiten, damit Sie lange Freude an einer Blumenwiese haben.<\/p>\n<h2 class=\"western\"><span class=\"ez-toc-section\" id=\"Rasen_muss_vor_dem_Urlaub_sehr_kurz_geschnitten_werden\"><\/span>Rasen muss vor dem Urlaub sehr kurz geschnitten werden<span class=\"ez-toc-section-end\"><\/span><\/h2>\n<p>Die ist einer der gr\u00f6\u00dften Fehler, die Sie dem Rasen antun k\u00f6nnen. Ist der Rasen zu tief geschnitten, wird er geschw\u00e4cht und deutlich anf\u00e4lliger bei zu starker Sonneneinstrahlung. M\u00e4hen Sie den Rasen vor dem Urlaub normal. Je nachdem, wie lange Sie in Urlaub waren, wird der Rasen dann in mehreren Etappen gem\u00e4ht. Dabei beginnen Sie mit der h\u00f6chsten Stufe und arbeiten sich so langsam auf die normale Stufe vor.<\/p>\n<p>Wie Sie sehen, gibt es zahlreiche Irrt\u00fcmer, was die Rasenpflege anbelangt. Wer einen dichten und sattgr\u00fcnen Rasen sein Eigen nennen m\u00f6chte, sollte oben genannte Irrt\u00fcmer definitiv vermeiden, um die Gr\u00e4ser nicht zu schw\u00e4chen und so den ganzen Sommer eine sch\u00f6ne Gr\u00fcnfl\u00e4che im Garten zu haben.<\/p>\n<p>&nbsp;<\/p>\n","protected":false},"excerpt":{"rendered":"<p>Sie bei der Deutschland macht sich in diesen Tagen auf, den Rasen wieder ansehnlich zu gestalten und pflegt und hegt ihn. Dabei dient die Pflege des Rasens aber nicht nur der Gesundheit der Gr\u00e4ser, sondern nat\u00fcrlich auch der Optik. Leider halten sich einige Irrt\u00fcmer so hartn\u00e4ckig, dass noch immer viele G\u00e4rtner diese Fehler machen. Denn wer m\u00f6chte nicht einen gleichm\u00e4\u00dfig kurzen und saftig gr\u00fcnen Rasen ohne Unkraut? Vor allem dann, wenn der Nachbar einen Traumrasen hat, wird der Ehrgeiz bei vielen Hobbyg\u00e4rtnern gesch\u00fcrt. Damit Sie nichts falsch machen bei der Rasenpflege, kl\u00e4ren wir die wichtigsten Irrt\u00fcmer auf. Rollrasen ist einfach und spart Zeit Im Grunde ist dies nat\u00fcrlich richtig. Ein Rollrasen ist in wenigen Stunden verlegt und innerhalb k\u00fcrzester Zeit haben Sie einen sch\u00f6nen, sattgr\u00fcnen und dichten Rasen. Doch viele G\u00e4rtner vergessen dabei, dass der Boden vorher besonders gr\u00fcndlich vorbereitet werden muss. Dabei ist es gleich, ob Sie Rasen s\u00e4en oder Rollrasen nutzen. Die Vorbereitung ist das A und O. Allerdings ist das S\u00e4en eines neuen Rasens deutlich schneller erledigt. Der Nachteil dabei ist, dass der Rollrasen schneller betreten werden kann. Das W\u00e4ssern nach der Neuanlage dauert bei beiden etwa gleich. Die Saat muss zwar eine Woche l\u00e4nger bew\u00e4ssert werden [&hellip;]<\/p>\n","protected":false},"author":12,"featured_media":4078,"comment_status":"open","ping_status":"open","sticky":false,"template":"","format":"standard","meta":{"_acf_changed":false,"footnotes":""},"categories":[14],"tags":[],"hersteller":[],"class_list":["post-13374","post","type-post","status-publish","format-standard","has-post-thumbnail","hentry","category-rasen"],"acf":[],"yoast_head":"<!-- This site is optimized with the Yoast SEO plugin v27.4 - https:\/\/yoast.com\/product\/yoast-seo-wordpress\/ -->\n<title>Irrt\u00fcmer bei der Rasenpflege - Samenhaus Gartenblog<\/title>\n<meta name=\"description\" content=\"So mancher Irrtum in der Rasenpflege h\u00e4lt sich hartn\u00e4ckig. Was Sie bei der Pflege des Rasens falsch machen k\u00f6nnen, erfahren Sie hier.\" \/>\n<meta name=\"robots\" content=\"index, follow, max-snippet:-1, max-image-preview:large, max-video-preview:-1\" \/>\n<link rel=\"canonical\" href=\"https:\/\/www.samenhaus.de\/gartenblog\/irrtuemer-bei-der-rasenpflege\" \/>\n<meta property=\"og:locale\" content=\"de_DE\" \/>\n<meta property=\"og:type\" content=\"article\" \/>\n<meta property=\"og:title\" content=\"Irrt\u00fcmer bei der Rasenpflege - Samenhaus Gartenblog\" \/>\n<meta property=\"og:description\" content=\"So mancher Irrtum in der Rasenpflege h\u00e4lt sich hartn\u00e4ckig. Was Sie bei der Pflege des Rasens falsch machen k\u00f6nnen, erfahren Sie hier.\" \/>\n<meta property=\"og:url\" content=\"https:\/\/www.samenhaus.de\/gartenblog\/irrtuemer-bei-der-rasenpflege\" \/>\n<meta property=\"og:site_name\" content=\"Samenhaus Gartenblog\" \/>\n<meta property=\"article:publisher\" content=\"https:\/\/de-de.facebook.com\/samenhaus\" \/>\n<meta property=\"article:published_time\" content=\"2022-07-03T09:24:23+00:00\" \/>\n<meta property=\"article:modified_time\" content=\"2023-11-14T13:15:24+00:00\" \/>\n<meta property=\"og:image\" content=\"https:\/\/www.samenhaus.de\/gartenblog\/wp-content\/uploads\/2022\/07\/Irrtuemer-Rasenpflege_285283066-scaled-1.jpeg\" \/>\n\t<meta property=\"og:image:width\" content=\"2560\" \/>\n\t<meta property=\"og:image:height\" content=\"1707\" \/>\n\t<meta property=\"og:image:type\" content=\"image\/jpeg\" \/>\n<meta name=\"author\" content=\"Stephanie\" \/>\n<meta name=\"twitter:card\" content=\"summary_large_image\" \/>\n<meta name=\"twitter:creator\" content=\"@samenhaus\" \/>\n<meta name=\"twitter:site\" content=\"@samenhaus\" \/>\n<meta name=\"twitter:label1\" content=\"Verfasst von\" \/>\n\t<meta name=\"twitter:data1\" content=\"Stephanie\" \/>\n\t<meta name=\"twitter:label2\" content=\"Gesch\u00e4tzte Lesezeit\" \/>\n\t<meta name=\"twitter:data2\" content=\"8\u00a0Minuten\" \/>\n<script type=\"application\/ld+json\" class=\"yoast-schema-graph\">{\"@context\":\"https:\\\/\\\/schema.org\",\"@graph\":[{\"@type\":\"Article\",\"@id\":\"https:\\\/\\\/www.samenhaus.de\\\/gartenblog\\\/irrtuemer-bei-der-rasenpflege#article\",\"isPartOf\":{\"@id\":\"https:\\\/\\\/www.samenhaus.de\\\/gartenblog\\\/irrtuemer-bei-der-rasenpflege\"},\"author\":{\"name\":\"Stephanie\",\"@id\":\"https:\\\/\\\/www.samenhaus.de\\\/gartenblog\\\/#\\\/schema\\\/person\\\/97f059f6e72cec571c88cb48b4582118\"},\"headline\":\"Irrt\u00fcmer bei der Rasenpflege\",\"datePublished\":\"2022-07-03T09:24:23+00:00\",\"dateModified\":\"2023-11-14T13:15:24+00:00\",\"mainEntityOfPage\":{\"@id\":\"https:\\\/\\\/www.samenhaus.de\\\/gartenblog\\\/irrtuemer-bei-der-rasenpflege\"},\"wordCount\":1367,\"commentCount\":0,\"publisher\":{\"@id\":\"https:\\\/\\\/www.samenhaus.de\\\/gartenblog\\\/#organization\"},\"image\":{\"@id\":\"https:\\\/\\\/www.samenhaus.de\\\/gartenblog\\\/irrtuemer-bei-der-rasenpflege#primaryimage\"},\"thumbnailUrl\":\"https:\\\/\\\/www.samenhaus.de\\\/gartenblog\\\/wp-content\\\/uploads\\\/2022\\\/07\\\/Irrtuemer-Rasenpflege_285283066-scaled-1.jpeg\",\"articleSection\":[\"Rasen\"],\"inLanguage\":\"de\",\"potentialAction\":[{\"@type\":\"CommentAction\",\"name\":\"Comment\",\"target\":[\"https:\\\/\\\/www.samenhaus.de\\\/gartenblog\\\/irrtuemer-bei-der-rasenpflege#respond\"]}],\"copyrightYear\":\"2022\",\"copyrightHolder\":{\"@id\":\"https:\\\/\\\/www.samenhaus.de\\\/gartenblog\\\/#organization\"}},{\"@type\":\"WebPage\",\"@id\":\"https:\\\/\\\/www.samenhaus.de\\\/gartenblog\\\/irrtuemer-bei-der-rasenpflege\",\"url\":\"https:\\\/\\\/www.samenhaus.de\\\/gartenblog\\\/irrtuemer-bei-der-rasenpflege\",\"name\":\"Irrt\u00fcmer bei der Rasenpflege - Samenhaus Gartenblog\",\"isPartOf\":{\"@id\":\"https:\\\/\\\/www.samenhaus.de\\\/gartenblog\\\/#website\"},\"primaryImageOfPage\":{\"@id\":\"https:\\\/\\\/www.samenhaus.de\\\/gartenblog\\\/irrtuemer-bei-der-rasenpflege#primaryimage\"},\"image\":{\"@id\":\"https:\\\/\\\/www.samenhaus.de\\\/gartenblog\\\/irrtuemer-bei-der-rasenpflege#primaryimage\"},\"thumbnailUrl\":\"https:\\\/\\\/www.samenhaus.de\\\/gartenblog\\\/wp-content\\\/uploads\\\/2022\\\/07\\\/Irrtuemer-Rasenpflege_285283066-scaled-1.jpeg\",\"datePublished\":\"2022-07-03T09:24:23+00:00\",\"dateModified\":\"2023-11-14T13:15:24+00:00\",\"description\":\"So mancher Irrtum in der Rasenpflege h\u00e4lt sich hartn\u00e4ckig. Was Sie bei der Pflege des Rasens falsch machen k\u00f6nnen, erfahren Sie hier.\",\"breadcrumb\":{\"@id\":\"https:\\\/\\\/www.samenhaus.de\\\/gartenblog\\\/irrtuemer-bei-der-rasenpflege#breadcrumb\"},\"inLanguage\":\"de\",\"potentialAction\":[{\"@type\":\"ReadAction\",\"target\":[\"https:\\\/\\\/www.samenhaus.de\\\/gartenblog\\\/irrtuemer-bei-der-rasenpflege\"]}]},{\"@type\":\"ImageObject\",\"inLanguage\":\"de\",\"@id\":\"https:\\\/\\\/www.samenhaus.de\\\/gartenblog\\\/irrtuemer-bei-der-rasenpflege#primaryimage\",\"url\":\"https:\\\/\\\/www.samenhaus.de\\\/gartenblog\\\/wp-content\\\/uploads\\\/2022\\\/07\\\/Irrtuemer-Rasenpflege_285283066-scaled-1.jpeg\",\"contentUrl\":\"https:\\\/\\\/www.samenhaus.de\\\/gartenblog\\\/wp-content\\\/uploads\\\/2022\\\/07\\\/Irrtuemer-Rasenpflege_285283066-scaled-1.jpeg\",\"width\":1500,\"height\":1000,\"caption\":\"Rasenpflege Irrt\u00fcmer\"},{\"@type\":\"BreadcrumbList\",\"@id\":\"https:\\\/\\\/www.samenhaus.de\\\/gartenblog\\\/irrtuemer-bei-der-rasenpflege#breadcrumb\",\"itemListElement\":[{\"@type\":\"ListItem\",\"position\":1,\"name\":\"Startseite\",\"item\":\"https:\\\/\\\/www.samenhaus.de\\\/gartenblog\\\/\"},{\"@type\":\"ListItem\",\"position\":2,\"name\":\"Irrt\u00fcmer bei der Rasenpflege\"}]},{\"@type\":\"WebSite\",\"@id\":\"https:\\\/\\\/www.samenhaus.de\\\/gartenblog\\\/#website\",\"url\":\"https:\\\/\\\/www.samenhaus.de\\\/gartenblog\\\/\",\"name\":\"Samenhaus Gartenblog\",\"description\":\"\",\"publisher\":{\"@id\":\"https:\\\/\\\/www.samenhaus.de\\\/gartenblog\\\/#organization\"},\"potentialAction\":[{\"@type\":\"SearchAction\",\"target\":{\"@type\":\"EntryPoint\",\"urlTemplate\":\"https:\\\/\\\/www.samenhaus.de\\\/gartenblog\\\/?s={search_term_string}\"},\"query-input\":{\"@type\":\"PropertyValueSpecification\",\"valueRequired\":true,\"valueName\":\"search_term_string\"}}],\"inLanguage\":\"de\"},{\"@type\":\"Organization\",\"@id\":\"https:\\\/\\\/www.samenhaus.de\\\/gartenblog\\\/#organization\",\"name\":\"Samenhaus.de Gartenblog\",\"url\":\"https:\\\/\\\/www.samenhaus.de\\\/gartenblog\\\/\",\"logo\":{\"@type\":\"ImageObject\",\"inLanguage\":\"de\",\"@id\":\"https:\\\/\\\/www.samenhaus.de\\\/gartenblog\\\/#\\\/schema\\\/logo\\\/image\\\/\",\"url\":\"https:\\\/\\\/www.samenhaus.de\\\/gartenblog\\\/wp-content\\\/uploads\\\/2020\\\/11\\\/logo.svg\",\"contentUrl\":\"https:\\\/\\\/www.samenhaus.de\\\/gartenblog\\\/wp-content\\\/uploads\\\/2020\\\/11\\\/logo.svg\",\"width\":1,\"height\":1,\"caption\":\"Samenhaus.de Gartenblog\"},\"image\":{\"@id\":\"https:\\\/\\\/www.samenhaus.de\\\/gartenblog\\\/#\\\/schema\\\/logo\\\/image\\\/\"},\"sameAs\":[\"https:\\\/\\\/de-de.facebook.com\\\/samenhaus\",\"https:\\\/\\\/x.com\\\/samenhaus\"]},{\"@type\":\"Person\",\"@id\":\"https:\\\/\\\/www.samenhaus.de\\\/gartenblog\\\/#\\\/schema\\\/person\\\/97f059f6e72cec571c88cb48b4582118\",\"name\":\"Stephanie\",\"image\":{\"@type\":\"ImageObject\",\"inLanguage\":\"de\",\"@id\":\"https:\\\/\\\/www.samenhaus.de\\\/gartenblog\\\/wp-content\\\/uploads\\\/2026\\\/03\\\/stefanie-150x150.png\",\"url\":\"https:\\\/\\\/www.samenhaus.de\\\/gartenblog\\\/wp-content\\\/uploads\\\/2026\\\/03\\\/stefanie-150x150.png\",\"contentUrl\":\"https:\\\/\\\/www.samenhaus.de\\\/gartenblog\\\/wp-content\\\/uploads\\\/2026\\\/03\\\/stefanie-150x150.png\",\"caption\":\"Stephanie\"},\"description\":\"Garten und Pflanzen waren schon immer meine Leidenschaft. Wahrscheinlich deshalb, weil ich damit aufgewachsen bin. Ich verwerte in der Regel alles und mache Lik\u00f6re, Marmeladen und nutze Kr\u00e4uter auch als Heilpflanzen, indem ich \u00d6le und Tinkturen herstelle. Leider habe ich meinen gr\u00fcnen Daumen beim Auswandern nach Spanien in Deutschland vergessen. Langsam kehrt er aber wieder zur\u00fcck und die Anpassung an die neue Klimazone war gar nicht so einfach. Mittlerweile schaffe ich es sogar, dass gekaufter Basilikum \u00fcberlebt.\",\"url\":\"https:\\\/\\\/www.samenhaus.de\\\/gartenblog\\\/author\\\/stephanie\"}]}<\/script>\n<!-- \/ Yoast SEO plugin. -->","yoast_head_json":{"title":"Irrt\u00fcmer bei der Rasenpflege - Samenhaus Gartenblog","description":"So mancher Irrtum in der Rasenpflege h\u00e4lt sich hartn\u00e4ckig. Was Sie bei der Pflege des Rasens falsch machen k\u00f6nnen, erfahren Sie hier.","robots":{"index":"index","follow":"follow","max-snippet":"max-snippet:-1","max-image-preview":"max-image-preview:large","max-video-preview":"max-video-preview:-1"},"canonical":"https:\/\/www.samenhaus.de\/gartenblog\/irrtuemer-bei-der-rasenpflege","og_locale":"de_DE","og_type":"article","og_title":"Irrt\u00fcmer bei der Rasenpflege - Samenhaus Gartenblog","og_description":"So mancher Irrtum in der Rasenpflege h\u00e4lt sich hartn\u00e4ckig. Was Sie bei der Pflege des Rasens falsch machen k\u00f6nnen, erfahren Sie hier.","og_url":"https:\/\/www.samenhaus.de\/gartenblog\/irrtuemer-bei-der-rasenpflege","og_site_name":"Samenhaus Gartenblog","article_publisher":"https:\/\/de-de.facebook.com\/samenhaus","article_published_time":"2022-07-03T09:24:23+00:00","article_modified_time":"2023-11-14T13:15:24+00:00","og_image":[{"width":2560,"height":1707,"url":"https:\/\/www.samenhaus.de\/gartenblog\/wp-content\/uploads\/2022\/07\/Irrtuemer-Rasenpflege_285283066-scaled-1.jpeg","type":"image\/jpeg"}],"author":"Stephanie","twitter_card":"summary_large_image","twitter_creator":"@samenhaus","twitter_site":"@samenhaus","twitter_misc":{"Verfasst von":"Stephanie","Gesch\u00e4tzte Lesezeit":"8\u00a0Minuten"},"schema":{"@context":"https:\/\/schema.org","@graph":[{"@type":"Article","@id":"https:\/\/www.samenhaus.de\/gartenblog\/irrtuemer-bei-der-rasenpflege#article","isPartOf":{"@id":"https:\/\/www.samenhaus.de\/gartenblog\/irrtuemer-bei-der-rasenpflege"},"author":{"name":"Stephanie","@id":"https:\/\/www.samenhaus.de\/gartenblog\/#\/schema\/person\/97f059f6e72cec571c88cb48b4582118"},"headline":"Irrt\u00fcmer bei der Rasenpflege","datePublished":"2022-07-03T09:24:23+00:00","dateModified":"2023-11-14T13:15:24+00:00","mainEntityOfPage":{"@id":"https:\/\/www.samenhaus.de\/gartenblog\/irrtuemer-bei-der-rasenpflege"},"wordCount":1367,"commentCount":0,"publisher":{"@id":"https:\/\/www.samenhaus.de\/gartenblog\/#organization"},"image":{"@id":"https:\/\/www.samenhaus.de\/gartenblog\/irrtuemer-bei-der-rasenpflege#primaryimage"},"thumbnailUrl":"https:\/\/www.samenhaus.de\/gartenblog\/wp-content\/uploads\/2022\/07\/Irrtuemer-Rasenpflege_285283066-scaled-1.jpeg","articleSection":["Rasen"],"inLanguage":"de","potentialAction":[{"@type":"CommentAction","name":"Comment","target":["https:\/\/www.samenhaus.de\/gartenblog\/irrtuemer-bei-der-rasenpflege#respond"]}],"copyrightYear":"2022","copyrightHolder":{"@id":"https:\/\/www.samenhaus.de\/gartenblog\/#organization"}},{"@type":"WebPage","@id":"https:\/\/www.samenhaus.de\/gartenblog\/irrtuemer-bei-der-rasenpflege","url":"https:\/\/www.samenhaus.de\/gartenblog\/irrtuemer-bei-der-rasenpflege","name":"Irrt\u00fcmer bei der Rasenpflege - Samenhaus Gartenblog","isPartOf":{"@id":"https:\/\/www.samenhaus.de\/gartenblog\/#website"},"primaryImageOfPage":{"@id":"https:\/\/www.samenhaus.de\/gartenblog\/irrtuemer-bei-der-rasenpflege#primaryimage"},"image":{"@id":"https:\/\/www.samenhaus.de\/gartenblog\/irrtuemer-bei-der-rasenpflege#primaryimage"},"thumbnailUrl":"https:\/\/www.samenhaus.de\/gartenblog\/wp-content\/uploads\/2022\/07\/Irrtuemer-Rasenpflege_285283066-scaled-1.jpeg","datePublished":"2022-07-03T09:24:23+00:00","dateModified":"2023-11-14T13:15:24+00:00","description":"So mancher Irrtum in der Rasenpflege h\u00e4lt sich hartn\u00e4ckig. Was Sie bei der Pflege des Rasens falsch machen k\u00f6nnen, erfahren Sie hier.","breadcrumb":{"@id":"https:\/\/www.samenhaus.de\/gartenblog\/irrtuemer-bei-der-rasenpflege#breadcrumb"},"inLanguage":"de","potentialAction":[{"@type":"ReadAction","target":["https:\/\/www.samenhaus.de\/gartenblog\/irrtuemer-bei-der-rasenpflege"]}]},{"@type":"ImageObject","inLanguage":"de","@id":"https:\/\/www.samenhaus.de\/gartenblog\/irrtuemer-bei-der-rasenpflege#primaryimage","url":"https:\/\/www.samenhaus.de\/gartenblog\/wp-content\/uploads\/2022\/07\/Irrtuemer-Rasenpflege_285283066-scaled-1.jpeg","contentUrl":"https:\/\/www.samenhaus.de\/gartenblog\/wp-content\/uploads\/2022\/07\/Irrtuemer-Rasenpflege_285283066-scaled-1.jpeg","width":1500,"height":1000,"caption":"Rasenpflege Irrt\u00fcmer"},{"@type":"BreadcrumbList","@id":"https:\/\/www.samenhaus.de\/gartenblog\/irrtuemer-bei-der-rasenpflege#breadcrumb","itemListElement":[{"@type":"ListItem","position":1,"name":"Startseite","item":"https:\/\/www.samenhaus.de\/gartenblog\/"},{"@type":"ListItem","position":2,"name":"Irrt\u00fcmer bei der Rasenpflege"}]},{"@type":"WebSite","@id":"https:\/\/www.samenhaus.de\/gartenblog\/#website","url":"https:\/\/www.samenhaus.de\/gartenblog\/","name":"Samenhaus Gartenblog","description":"","publisher":{"@id":"https:\/\/www.samenhaus.de\/gartenblog\/#organization"},"potentialAction":[{"@type":"SearchAction","target":{"@type":"EntryPoint","urlTemplate":"https:\/\/www.samenhaus.de\/gartenblog\/?s={search_term_string}"},"query-input":{"@type":"PropertyValueSpecification","valueRequired":true,"valueName":"search_term_string"}}],"inLanguage":"de"},{"@type":"Organization","@id":"https:\/\/www.samenhaus.de\/gartenblog\/#organization","name":"Samenhaus.de Gartenblog","url":"https:\/\/www.samenhaus.de\/gartenblog\/","logo":{"@type":"ImageObject","inLanguage":"de","@id":"https:\/\/www.samenhaus.de\/gartenblog\/#\/schema\/logo\/image\/","url":"https:\/\/www.samenhaus.de\/gartenblog\/wp-content\/uploads\/2020\/11\/logo.svg","contentUrl":"https:\/\/www.samenhaus.de\/gartenblog\/wp-content\/uploads\/2020\/11\/logo.svg","width":1,"height":1,"caption":"Samenhaus.de Gartenblog"},"image":{"@id":"https:\/\/www.samenhaus.de\/gartenblog\/#\/schema\/logo\/image\/"},"sameAs":["https:\/\/de-de.facebook.com\/samenhaus","https:\/\/x.com\/samenhaus"]},{"@type":"Person","@id":"https:\/\/www.samenhaus.de\/gartenblog\/#\/schema\/person\/97f059f6e72cec571c88cb48b4582118","name":"Stephanie","image":{"@type":"ImageObject","inLanguage":"de","@id":"https:\/\/www.samenhaus.de\/gartenblog\/wp-content\/uploads\/2026\/03\/stefanie-150x150.png","url":"https:\/\/www.samenhaus.de\/gartenblog\/wp-content\/uploads\/2026\/03\/stefanie-150x150.png","contentUrl":"https:\/\/www.samenhaus.de\/gartenblog\/wp-content\/uploads\/2026\/03\/stefanie-150x150.png","caption":"Stephanie"},"description":"Garten und Pflanzen waren schon immer meine Leidenschaft. Wahrscheinlich deshalb, weil ich damit aufgewachsen bin. Ich verwerte in der Regel alles und mache Lik\u00f6re, Marmeladen und nutze Kr\u00e4uter auch als Heilpflanzen, indem ich \u00d6le und Tinkturen herstelle. Leider habe ich meinen gr\u00fcnen Daumen beim Auswandern nach Spanien in Deutschland vergessen. Langsam kehrt er aber wieder zur\u00fcck und die Anpassung an die neue Klimazone war gar nicht so einfach. Mittlerweile schaffe ich es sogar, dass gekaufter Basilikum \u00fcberlebt.","url":"https:\/\/www.samenhaus.de\/gartenblog\/author\/stephanie"}]}},"wp-worthy-pixel":{"ignored":false,"public":null,"server":null,"url":null},"wp-worthy-type":"normal","_links":{"self":[{"href":"https:\/\/www.samenhaus.de\/gartenblog\/wp-json\/wp\/v2\/posts\/13374","targetHints":{"allow":["GET"]}}],"collection":[{"href":"https:\/\/www.samenhaus.de\/gartenblog\/wp-json\/wp\/v2\/posts"}],"about":[{"href":"https:\/\/www.samenhaus.de\/gartenblog\/wp-json\/wp\/v2\/types\/post"}],"author":[{"embeddable":true,"href":"https:\/\/www.samenhaus.de\/gartenblog\/wp-json\/wp\/v2\/users\/12"}],"replies":[{"embeddable":true,"href":"https:\/\/www.samenhaus.de\/gartenblog\/wp-json\/wp\/v2\/comments?post=13374"}],"version-history":[{"count":2,"href":"https:\/\/www.samenhaus.de\/gartenblog\/wp-json\/wp\/v2\/posts\/13374\/revisions"}],"predecessor-version":[{"id":14211,"href":"https:\/\/www.samenhaus.de\/gartenblog\/wp-json\/wp\/v2\/posts\/13374\/revisions\/14211"}],"wp:featuredmedia":[{"embeddable":true,"href":"https:\/\/www.samenhaus.de\/gartenblog\/wp-json\/wp\/v2\/media\/4078"}],"wp:attachment":[{"href":"https:\/\/www.samenhaus.de\/gartenblog\/wp-json\/wp\/v2\/media?parent=13374"}],"wp:term":[{"taxonomy":"category","embeddable":true,"href":"https:\/\/www.samenhaus.de\/gartenblog\/wp-json\/wp\/v2\/categories?post=13374"},{"taxonomy":"post_tag","embeddable":true,"href":"https:\/\/www.samenhaus.de\/gartenblog\/wp-json\/wp\/v2\/tags?post=13374"},{"taxonomy":"hersteller","embeddable":true,"href":"https:\/\/www.samenhaus.de\/gartenblog\/wp-json\/wp\/v2\/hersteller?post=13374"}],"curies":[{"name":"wp","href":"https:\/\/api.w.org\/{rel}","templated":true}]}}