{"id":13836,"date":"2023-05-26T09:00:58","date_gmt":"2023-05-26T09:00:58","guid":{"rendered":"https:\/\/www.pflanzenhaus.de\/pflanzenblog\/?p=6759"},"modified":"2024-02-09T14:31:23","modified_gmt":"2024-02-09T13:31:23","slug":"lavendel-pflanzen","status":"publish","type":"post","link":"https:\/\/www.samenhaus.de\/gartenblog\/lavendel-pflanzen","title":{"rendered":"Lavendel pflanzen"},"content":{"rendered":"<p>Lavendel ist eine der mediterranen Pflanzen, die in keinem Garten fehlen d\u00fcrfen. Nicht nur der angenehme Duft bet\u00f6ren, sondern auch die h\u00fcbschen lila Bl\u00fcten, die eine Augenweide sind. Zudem sind sie ein Insektenmagnet. Wer Lavendel rund um die Terrasse pflanzt, hat gleichzeitig den Vorteil, dass die M\u00fccken fern bleiben und so einem gem\u00fctlichen Sommerabend nichts im Wege steht. Was beim Pflanzen von Lavendel beachtet werden muss und welche Pflege die Pflanzen ben\u00f6tigen, erfahren Sie hier.<\/p>\n<h2 class=\"western\"><span class=\"ez-toc-section\" id=\"Wissenswertes_rund_um_Lavendel\"><\/span>Wissenswertes rund um Lavendel<span class=\"ez-toc-section-end\"><\/span><\/h2>\n<p><img loading=\"lazy\" decoding=\"async\" class=\"size-full wp-image-6794 alignright\" src=\"https:\/\/www.samenhaus.de\/gartenblog\/wp-content\/uploads\/2023\/05\/Lavendel-pflanzen-und-pflegen_31830831.jpg\" alt=\"Lavendelbund\" width=\"300\" height=\"199\" \/>Lavendel wurde schon von den R\u00f6mern genutzt, da aus ihnen Bade-Essenzen gewonnen werden. Dies zeigt sich auch schon im Name der Pflanze, der von lavare (waschen) kommt. Der echte Lavendel (<em>Lavandula angustifolia<\/em>) wie auch die rund 50 verschiedenen Lavendelarten z\u00e4hlen zu den Lippenbl\u00fctlern, wie Salbei und Minze.<\/p>\n<p>Besonders beliebt in den G\u00e4rten ist der Lavendel Munstead, ein Halbstrauch, der in fast jedem Garten zu finden ist. Dieser, wie auch viele andere Arten, haben ihren Ursprung in den K\u00fcstenregionen des Mittelmeers. Dort wachsen sie an trockenen und warmen H\u00e4ngen. Auch wenn es immer hei\u00dft, dass Lavendel winterhart ist, muss die Pflanze bei sehr niedrigen Temperaturen gesch\u00fctzt werden.<\/p>\n<h2 class=\"western\"><span class=\"ez-toc-section\" id=\"Beliebte_Lavendel_Sorten\"><\/span>Beliebte Lavendel Sorten<span class=\"ez-toc-section-end\"><\/span><\/h2>\n<p>Es gibt rund 50 verschiedene <a href=\"https:\/\/www.samenhaus.de\/lavendelsamen\" target=\"_blank\" rel=\"noopener\">Lavendel<\/a> Sorten, die sich in vielerlei Merkmalen unterscheiden. Sie bl\u00fchen violett, blau oder wei\u00df und haben verschiedene Bl\u00fctenformen. F\u00fcr welchen Lavendel Sie sich am Ende entscheiden, kommt nat\u00fcrlich immer auf den Geschmack an.<\/p>\n<p><strong><img loading=\"lazy\" decoding=\"async\" class=\"alignleft wp-image-6799 size-thumbnail\" src=\"https:\/\/www.samenhaus.de\/gartenblog\/wp-content\/uploads\/2023\/05\/Lavendel-pflanzen-und-pflegen_211330169-150x150.jpg\" alt=\"Lavandula angustifolia\" width=\"150\" height=\"150\" \/>Lavandula angustifolia:<\/strong> Der echte Lavendel bl\u00fcht ab Juni dunkelviolett. Zudem ist er \u201ewinterhart\u201c und kann bis zu 70 cm hoch werden. Er w\u00e4chst auch auf n\u00e4hrstoffarmen B\u00f6den, bevorzugt aber einen vollsonnigen Platz.<\/p>\n<p>&nbsp;<\/p>\n<p>&nbsp;<\/p>\n<p><strong><img loading=\"lazy\" decoding=\"async\" class=\"alignleft wp-image-6802 size-thumbnail\" src=\"https:\/\/www.samenhaus.de\/gartenblog\/wp-content\/uploads\/2023\/05\/Lavendel-pflanzen-und-pflegen_392718620-150x150.jpg\" alt=\"Lavandula angustifolia Hidcote Blue\" width=\"150\" height=\"150\" \/>Lavandula angustifolia Hidcote Blue:<\/strong> Diese Sorte kommt aus England und hat ebenfalls dunkelviolette Bl\u00fcten. Die kompakt wachsende Sorte kann bis zu 70 cm hoch wachsen und ist eine besonders sch\u00f6ne Lavendel Sorte.<\/p>\n<p>&nbsp;<\/p>\n<p>&nbsp;<\/p>\n<p><strong><img loading=\"lazy\" decoding=\"async\" class=\"alignleft wp-image-6797 size-thumbnail\" src=\"https:\/\/www.samenhaus.de\/gartenblog\/wp-content\/uploads\/2023\/05\/Lavendel-pflanzen-und-pflegen_121246712-150x150.jpg\" alt=\"Lavandula angustifolia Blue Rider\" width=\"150\" height=\"150\" \/>Lavandula angustifolia Blue Rider:<\/strong> Die Blue Rider besticht vor allem mit ihren blauen Bl\u00fcten. Die Sorte w\u00e4chst zwar nur bis zu 40 cm hoch, ist aber eine Augenweide in jedem Garten. Zudem ist die Pflanze sehr anspruchslos, w\u00e4chst kompakt und die sch\u00f6nen Bl\u00fcten zeigen sich schon recht fr\u00fch im Jahr.<\/p>\n<p>&nbsp;<\/p>\n<p>&nbsp;<\/p>\n<p><strong><img loading=\"lazy\" decoding=\"async\" class=\"alignleft wp-image-6796 size-thumbnail\" src=\"https:\/\/www.samenhaus.de\/gartenblog\/wp-content\/uploads\/2023\/05\/Lavendel-pflanzen-und-pflegen_103890601-150x150.jpg\" alt=\"Lavandula angustifolia Ellagance Snow\" width=\"150\" height=\"150\" \/>Lavandula angustifolia Ellagance Snow:<\/strong> Diese Sorte bl\u00fcht, wie der Name schon sagt, wei\u00df. Trotz, dass die Ellagance Snow ein so besondere Pflanze ist, ist sie nur selten in den heimischen G\u00e4rten anzutreffen.<\/p>\n<p>&nbsp;<\/p>\n<p>&nbsp;<\/p>\n<p><strong><img loading=\"lazy\" decoding=\"async\" class=\"alignleft wp-image-6800 size-thumbnail\" src=\"https:\/\/www.samenhaus.de\/gartenblog\/wp-content\/uploads\/2023\/05\/Lavendel-pflanzen-und-pflegen_217917176-150x150.jpg\" alt=\"Lavandula latifolia\" width=\"150\" height=\"150\" \/>Lavandula latifolia:<\/strong> Lavandula latifolia ist auch unter den Namen Gew\u00fcrzlavendel oder Speiklavendel bekannt. Diese breitbl\u00e4ttrige und sehr aromatische Sorte hat graublaue Bl\u00fcten und kann bis zu 80 cm hoch wachsen.<\/p>\n<p>&nbsp;<\/p>\n<p>&nbsp;<\/p>\n<p><strong><img loading=\"lazy\" decoding=\"async\" class=\"alignleft wp-image-6801 size-thumbnail\" src=\"https:\/\/www.samenhaus.de\/gartenblog\/wp-content\/uploads\/2023\/05\/Lavendel-pflanzen-und-pflegen_386855195-150x150.jpg\" alt=\"Lavandula intermedia\" width=\"150\" height=\"150\" \/>Lavandula intermedia:<\/strong> Der Hybrid aus echtem Lavendel und Gew\u00fcrzlavendel kennen die meisten Hobbyg\u00e4rtner unter dem Namen Provence Lavendel. Diese Sorte ist bedingt winterhart und ist sehr aromatisch. Das helle Violettblau ist im Garten definitiv ein Blickfang der Extraklasse.<\/p>\n<p>&nbsp;<\/p>\n<p>&nbsp;<\/p>\n<p><img loading=\"lazy\" decoding=\"async\" class=\"alignleft wp-image-6803 size-thumbnail\" src=\"https:\/\/www.samenhaus.de\/gartenblog\/wp-content\/uploads\/2023\/05\/Lavendel-pflanzen-und-pflegen_596128348-150x150.jpg\" alt=\"Lavandula stoechas\" width=\"150\" height=\"150\" \/><strong>Lavandula stoechas:<\/strong>\u00a0Der Schopflavendel ist ebenfalls sehr aromatisch und kann bis zu 100 cm hoch werden. Die violetten Bl\u00fcten wachsen an einem Schopf und werden mit Hochbl\u00e4ttern gekr\u00f6nt. Der Schopflavendel ist nicht winterhart und ist vor allem f\u00fcr eine Kultivierung im Topf interessant. Zu den weiteren Schopflavendel Sorten z\u00e4hlen die dunkelrosa bl\u00fchende Sorte Lavandula stoechas Boysberry Ruffles, der purpurfarbene Regal Splendour sowie der dunkel violettblaue Blue Star.<\/p>\n<h2><\/h2>\n<h2 class=\"western\"><span class=\"ez-toc-section\" id=\"Aussaat_und_Pflege_von_Lavendel\"><\/span>Aussaat und Pflege von Lavendel<span class=\"ez-toc-section-end\"><\/span><\/h2>\n<p><img loading=\"lazy\" decoding=\"async\" class=\"alignright wp-image-6795 size-full\" src=\"https:\/\/www.samenhaus.de\/gartenblog\/wp-content\/uploads\/2023\/05\/Lavendel-pflanzen-und-pflegen_69630141.jpg\" alt=\"Lavendel Samen\" width=\"300\" height=\"139\" \/>Lavendel ist im Grunde sehr anspruchslos und kommt auch mit Trockenheit gut zurecht. Daher ist er auch hervorragend als Anf\u00e4ngerpflanze nutzbar. Zudem kann Lavendel im Freiland wie auch im Topf kultiviert werden und ist gleichzeitig auch eine exzellente Heilpflanze. Lavendel werden beruhigende und schlaff\u00f6rdernde Eigenschaften nachgesagt.<\/p>\n<h3 class=\"western\"><span class=\"ez-toc-section\" id=\"Standort_und_Boden\"><\/span>Standort und Boden<span class=\"ez-toc-section-end\"><\/span><\/h3>\n<p>Lavendel ben\u00f6tigt einen sonnigen und warmen Standort und liebt somit vollsonnige Pl\u00e4tze. Der Boden hingegen sollte n\u00e4hrstoffarm und durchl\u00e4ssig sein. Besonders wichtig ist es, dass auch im Winter das Wasser gut abflie\u00dfen kann und dass er auch bei langen Regenperioden nicht zu sehr vern\u00e4sst, da die Pflanze nur bedingt winterhart ist.<\/p>\n<h3 class=\"western\"><span class=\"ez-toc-section\" id=\"Giessen_von_Lavendel\"><\/span>Gie\u00dfen von Lavendel<span class=\"ez-toc-section-end\"><\/span><\/h3>\n<p>Lavendel muss kaum gegossen werden. Lediglich in sehr trockenen Perioden ist es wichtig, die Pflanze zu bew\u00e4ssern. Ansonsten kommt die mediterrane Pflanze sehr gut mit Trockenheit aus. Selbstverst\u00e4ndlich m\u00fcssen Sie im Topf deutlich mehr gie\u00dfen wie im Freiland.<\/p>\n<h3 class=\"western\"><span class=\"ez-toc-section\" id=\"Duengen_von_Lavendel\"><\/span>D\u00fcngen von Lavendel<span class=\"ez-toc-section-end\"><\/span><\/h3>\n<p>Lavendel ben\u00f6tigt keinen D\u00fcnger, da die Pflanze einen n\u00e4hrstoffarmen und mineralischen Boden vorzieht. Ist der Boden n\u00e4hrstoffreich, wird das Wachstum der Triebe negativ beeinflusst. Dabei kommt es vor, dass der Lavendel mastig wird und dann nat\u00fcrlich an Standfestigkeit verliert und umf\u00e4llt.<\/p>\n<h3 class=\"western\"><span class=\"ez-toc-section\" id=\"Schneiden_von_Lavendel\"><\/span>Schneiden von Lavendel<span class=\"ez-toc-section-end\"><\/span><\/h3>\n<p>Lavendel muss regelm\u00e4\u00dfig geschnitten werden, da die Pflanze sonst bl\u00fchfaul wir und vergreist. Direkt nach der ersten Bl\u00fcte ist es an der Zeit, die Pflanze zu schneiden. Im Fr\u00fchling wird dann ein weiterer Schnitt n\u00f6tig, damit die verholzten Teile entfernt werden k\u00f6nnen. So kann sich der Lavendel an den Schnittstellen verzweigen und bleibt dann entsprechend buschig und kompakt.<\/p>\n<h3 class=\"western\"><span class=\"ez-toc-section\" id=\"Vermehrung_von_Lavendel\"><\/span>Vermehrung von Lavendel<span class=\"ez-toc-section-end\"><\/span><\/h3>\n<p>Lavendel kann sehr gut durch Stecklinge vermehrt werden. Insbesondere im Fr\u00fchling, wenn der Schnitt ansteht, haben Sie die M\u00f6glichkeit Stecklinge zu schneiden. Diese sollten Sie dann unter Folie bewurzeln, damit sie pr\u00e4chtig wachsen und gedeihen. Die Stecklinge setzen Sie dann in eine Anzuchtschale und geben eine Folie dar\u00fcber, damit der Boden nicht austrocknet. Dabei sollten Sie t\u00e4glich l\u00fcften, dass sich kein Schimmel bildet.<\/p>\n<h3 class=\"western\"><span class=\"ez-toc-section\" id=\"Winterschutz_fuer_Lavendel\"><\/span>Winterschutz f\u00fcr Lavendel<span class=\"ez-toc-section-end\"><\/span><\/h3>\n<p>Ein warmer Standort, der vor Ostwind gesch\u00fctzt ist und ein durchl\u00e4ssiger Boden sind von gro\u00dfer Bedeutung, dass der Lavendel gut durch den Winter kommt. Ist der Winter streng, m\u00fcssen Sie die Pflanze sch\u00fctzen, indem Sie sie mulchen und mit Tannenreisig abdecken.<\/p>\n<p>Kultivieren Sie Lavendel im Topf, kann die Pflanze ganzj\u00e4hrig drau\u00dfen stehen, wenn Sie einen geeigneten, gesch\u00fctzten Standort haben, der vor Regen und Wind sicher ist. Dazu stellen Sie den Topf in eine Holzkiste und f\u00fcllen diese mit Rindenmulch auf. Die isolierende Wirkung des Rindenmulchs sorgt so daf\u00fcr, dass die Pflanze gut \u00fcber den Winter kommt. Gegossen wird nur an frostfreien Tagen, wobei Sie darauf achten m\u00fcssen, dass Sie nur so viel gie\u00dfen, damit der Wurzelballen nicht austrocknet.<\/p>\n<h2 class=\"western\"><span class=\"ez-toc-section\" id=\"Schaedlinge_und_Krankheiten\"><\/span>Sch\u00e4dlinge und Krankheiten<span class=\"ez-toc-section-end\"><\/span><\/h2>\n<p><img loading=\"lazy\" decoding=\"async\" class=\"size-full wp-image-6805 alignright\" src=\"https:\/\/www.samenhaus.de\/gartenblog\/wp-content\/uploads\/2023\/05\/Lavendel-pflanzen-und-pflegen_167352335.jpg\" alt=\"Lavendel Krankheiten Sch\u00e4dlinge\" width=\"300\" height=\"200\" \/>Sch\u00e4dlingen kommen so gut wie keine am Lavendel vor, was vor allem an den \u00e4therischen \u00d6len der Pflanze liegt. Weder Blattl\u00e4use noch Schnecken m\u00f6gen den Duft, und somit ist der Lavendel nahezu frei von Sch\u00e4dlingen. Es kann jedoch vorkommen, dass es zur St\u00e4ngelrundf\u00e4ule kommt, wenn die Pflanze zu feucht steht.<\/p>\n","protected":false},"excerpt":{"rendered":"<p>Lavendel ist eine der mediterranen Pflanzen, die in keinem Garten fehlen d\u00fcrfen. Nicht nur der angenehme Duft bet\u00f6ren, sondern auch die h\u00fcbschen lila Bl\u00fcten, die eine Augenweide sind. Zudem sind sie ein Insektenmagnet. Wer Lavendel rund um die Terrasse pflanzt, hat gleichzeitig den Vorteil, dass die M\u00fccken fern bleiben und so einem gem\u00fctlichen Sommerabend nichts im Wege steht. Was beim Pflanzen von Lavendel beachtet werden muss und welche Pflege die Pflanzen ben\u00f6tigen, erfahren Sie hier. Wissenswertes rund um Lavendel Lavendel wurde schon von den R\u00f6mern genutzt, da aus ihnen Bade-Essenzen gewonnen werden. Dies zeigt sich auch schon im Name der Pflanze, der von lavare (waschen) kommt. Der echte Lavendel (Lavandula angustifolia) wie auch die rund 50 verschiedenen Lavendelarten z\u00e4hlen zu den Lippenbl\u00fctlern, wie Salbei und Minze. Besonders beliebt in den G\u00e4rten ist der Lavendel Munstead, ein Halbstrauch, der in fast jedem Garten zu finden ist. Dieser, wie auch viele andere Arten, haben ihren Ursprung in den K\u00fcstenregionen des Mittelmeers. Dort wachsen sie an trockenen und warmen H\u00e4ngen. Auch wenn es immer hei\u00dft, dass Lavendel winterhart ist, muss die Pflanze bei sehr niedrigen Temperaturen gesch\u00fctzt werden. Beliebte Lavendel Sorten Es gibt rund 50 verschiedene Lavendel Sorten, die sich in vielerlei Merkmalen [&hellip;]<\/p>\n","protected":false},"author":12,"featured_media":13899,"comment_status":"open","ping_status":"open","sticky":false,"template":"","format":"standard","meta":{"_acf_changed":false,"footnotes":""},"categories":[5],"tags":[],"hersteller":[],"class_list":["post-13836","post","type-post","status-publish","format-standard","has-post-thumbnail","hentry","category-kraeuter"],"acf":[],"yoast_head":"<!-- This site is optimized with the Yoast SEO plugin v27.4 - https:\/\/yoast.com\/product\/yoast-seo-wordpress\/ -->\n<title>Lavendel pflanzen - Samenhaus Gartenblog<\/title>\n<meta name=\"description\" content=\"Der bet\u00f6rende Duft des Lavendels hat eine beruhigende Wirkung. Die Kr\u00e4uter sehen dazu noch h\u00fcbsch aus und sind ein wahrer Insektenmagnet.\" \/>\n<meta name=\"robots\" content=\"index, follow, max-snippet:-1, max-image-preview:large, max-video-preview:-1\" \/>\n<link rel=\"canonical\" href=\"https:\/\/www.samenhaus.de\/gartenblog\/lavendel-pflanzen\" \/>\n<meta property=\"og:locale\" content=\"de_DE\" \/>\n<meta property=\"og:type\" content=\"article\" \/>\n<meta property=\"og:title\" content=\"Lavendel pflanzen - Samenhaus Gartenblog\" \/>\n<meta property=\"og:description\" content=\"Der bet\u00f6rende Duft des Lavendels hat eine beruhigende Wirkung. Die Kr\u00e4uter sehen dazu noch h\u00fcbsch aus und sind ein wahrer Insektenmagnet.\" \/>\n<meta property=\"og:url\" content=\"https:\/\/www.samenhaus.de\/gartenblog\/lavendel-pflanzen\" \/>\n<meta property=\"og:site_name\" content=\"Samenhaus Gartenblog\" \/>\n<meta property=\"article:publisher\" content=\"https:\/\/de-de.facebook.com\/samenhaus\" \/>\n<meta property=\"article:published_time\" content=\"2023-05-26T09:00:58+00:00\" \/>\n<meta property=\"article:modified_time\" content=\"2024-02-09T13:31:23+00:00\" \/>\n<meta property=\"og:image\" content=\"https:\/\/www.samenhaus.de\/gartenblog\/wp-content\/uploads\/2023\/05\/Lavendel-pflanzen-und-pflegen_203555264.jpg\" \/>\n\t<meta property=\"og:image:width\" content=\"845\" \/>\n\t<meta property=\"og:image:height\" content=\"563\" \/>\n\t<meta property=\"og:image:type\" content=\"image\/jpeg\" \/>\n<meta name=\"author\" content=\"Stephanie\" \/>\n<meta name=\"twitter:card\" content=\"summary_large_image\" \/>\n<meta name=\"twitter:creator\" content=\"@samenhaus\" \/>\n<meta name=\"twitter:site\" content=\"@samenhaus\" \/>\n<meta name=\"twitter:label1\" content=\"Verfasst von\" \/>\n\t<meta name=\"twitter:data1\" content=\"Stephanie\" \/>\n\t<meta name=\"twitter:label2\" content=\"Gesch\u00e4tzte Lesezeit\" \/>\n\t<meta name=\"twitter:data2\" content=\"8\u00a0Minuten\" \/>\n<script type=\"application\/ld+json\" class=\"yoast-schema-graph\">{\"@context\":\"https:\\\/\\\/schema.org\",\"@graph\":[{\"@type\":\"Article\",\"@id\":\"https:\\\/\\\/www.samenhaus.de\\\/gartenblog\\\/lavendel-pflanzen#article\",\"isPartOf\":{\"@id\":\"https:\\\/\\\/www.samenhaus.de\\\/gartenblog\\\/lavendel-pflanzen\"},\"author\":{\"name\":\"Stephanie\",\"@id\":\"https:\\\/\\\/www.samenhaus.de\\\/gartenblog\\\/#\\\/schema\\\/person\\\/97f059f6e72cec571c88cb48b4582118\"},\"headline\":\"Lavendel pflanzen\",\"datePublished\":\"2023-05-26T09:00:58+00:00\",\"dateModified\":\"2024-02-09T13:31:23+00:00\",\"mainEntityOfPage\":{\"@id\":\"https:\\\/\\\/www.samenhaus.de\\\/gartenblog\\\/lavendel-pflanzen\"},\"wordCount\":1101,\"commentCount\":0,\"publisher\":{\"@id\":\"https:\\\/\\\/www.samenhaus.de\\\/gartenblog\\\/#organization\"},\"image\":{\"@id\":\"https:\\\/\\\/www.samenhaus.de\\\/gartenblog\\\/lavendel-pflanzen#primaryimage\"},\"thumbnailUrl\":\"https:\\\/\\\/www.samenhaus.de\\\/gartenblog\\\/wp-content\\\/uploads\\\/2023\\\/05\\\/Lavendel-pflanzen-und-pflegen_203555264.jpg\",\"articleSection\":[\"Kr\u00e4uter\"],\"inLanguage\":\"de\",\"potentialAction\":[{\"@type\":\"CommentAction\",\"name\":\"Comment\",\"target\":[\"https:\\\/\\\/www.samenhaus.de\\\/gartenblog\\\/lavendel-pflanzen#respond\"]}],\"copyrightYear\":\"2023\",\"copyrightHolder\":{\"@id\":\"https:\\\/\\\/www.samenhaus.de\\\/gartenblog\\\/#organization\"}},{\"@type\":\"WebPage\",\"@id\":\"https:\\\/\\\/www.samenhaus.de\\\/gartenblog\\\/lavendel-pflanzen\",\"url\":\"https:\\\/\\\/www.samenhaus.de\\\/gartenblog\\\/lavendel-pflanzen\",\"name\":\"Lavendel pflanzen - Samenhaus Gartenblog\",\"isPartOf\":{\"@id\":\"https:\\\/\\\/www.samenhaus.de\\\/gartenblog\\\/#website\"},\"primaryImageOfPage\":{\"@id\":\"https:\\\/\\\/www.samenhaus.de\\\/gartenblog\\\/lavendel-pflanzen#primaryimage\"},\"image\":{\"@id\":\"https:\\\/\\\/www.samenhaus.de\\\/gartenblog\\\/lavendel-pflanzen#primaryimage\"},\"thumbnailUrl\":\"https:\\\/\\\/www.samenhaus.de\\\/gartenblog\\\/wp-content\\\/uploads\\\/2023\\\/05\\\/Lavendel-pflanzen-und-pflegen_203555264.jpg\",\"datePublished\":\"2023-05-26T09:00:58+00:00\",\"dateModified\":\"2024-02-09T13:31:23+00:00\",\"description\":\"Der bet\u00f6rende Duft des Lavendels hat eine beruhigende Wirkung. Die Kr\u00e4uter sehen dazu noch h\u00fcbsch aus und sind ein wahrer Insektenmagnet.\",\"breadcrumb\":{\"@id\":\"https:\\\/\\\/www.samenhaus.de\\\/gartenblog\\\/lavendel-pflanzen#breadcrumb\"},\"inLanguage\":\"de\",\"potentialAction\":[{\"@type\":\"ReadAction\",\"target\":[\"https:\\\/\\\/www.samenhaus.de\\\/gartenblog\\\/lavendel-pflanzen\"]}]},{\"@type\":\"ImageObject\",\"inLanguage\":\"de\",\"@id\":\"https:\\\/\\\/www.samenhaus.de\\\/gartenblog\\\/lavendel-pflanzen#primaryimage\",\"url\":\"https:\\\/\\\/www.samenhaus.de\\\/gartenblog\\\/wp-content\\\/uploads\\\/2023\\\/05\\\/Lavendel-pflanzen-und-pflegen_203555264.jpg\",\"contentUrl\":\"https:\\\/\\\/www.samenhaus.de\\\/gartenblog\\\/wp-content\\\/uploads\\\/2023\\\/05\\\/Lavendel-pflanzen-und-pflegen_203555264.jpg\",\"width\":845,\"height\":563,\"caption\":\"Lavendel\"},{\"@type\":\"BreadcrumbList\",\"@id\":\"https:\\\/\\\/www.samenhaus.de\\\/gartenblog\\\/lavendel-pflanzen#breadcrumb\",\"itemListElement\":[{\"@type\":\"ListItem\",\"position\":1,\"name\":\"Startseite\",\"item\":\"https:\\\/\\\/www.samenhaus.de\\\/gartenblog\\\/\"},{\"@type\":\"ListItem\",\"position\":2,\"name\":\"Lavendel pflanzen\"}]},{\"@type\":\"WebSite\",\"@id\":\"https:\\\/\\\/www.samenhaus.de\\\/gartenblog\\\/#website\",\"url\":\"https:\\\/\\\/www.samenhaus.de\\\/gartenblog\\\/\",\"name\":\"Samenhaus Gartenblog\",\"description\":\"\",\"publisher\":{\"@id\":\"https:\\\/\\\/www.samenhaus.de\\\/gartenblog\\\/#organization\"},\"potentialAction\":[{\"@type\":\"SearchAction\",\"target\":{\"@type\":\"EntryPoint\",\"urlTemplate\":\"https:\\\/\\\/www.samenhaus.de\\\/gartenblog\\\/?s={search_term_string}\"},\"query-input\":{\"@type\":\"PropertyValueSpecification\",\"valueRequired\":true,\"valueName\":\"search_term_string\"}}],\"inLanguage\":\"de\"},{\"@type\":\"Organization\",\"@id\":\"https:\\\/\\\/www.samenhaus.de\\\/gartenblog\\\/#organization\",\"name\":\"Samenhaus.de Gartenblog\",\"url\":\"https:\\\/\\\/www.samenhaus.de\\\/gartenblog\\\/\",\"logo\":{\"@type\":\"ImageObject\",\"inLanguage\":\"de\",\"@id\":\"https:\\\/\\\/www.samenhaus.de\\\/gartenblog\\\/#\\\/schema\\\/logo\\\/image\\\/\",\"url\":\"https:\\\/\\\/www.samenhaus.de\\\/gartenblog\\\/wp-content\\\/uploads\\\/2020\\\/11\\\/logo.svg\",\"contentUrl\":\"https:\\\/\\\/www.samenhaus.de\\\/gartenblog\\\/wp-content\\\/uploads\\\/2020\\\/11\\\/logo.svg\",\"width\":1,\"height\":1,\"caption\":\"Samenhaus.de Gartenblog\"},\"image\":{\"@id\":\"https:\\\/\\\/www.samenhaus.de\\\/gartenblog\\\/#\\\/schema\\\/logo\\\/image\\\/\"},\"sameAs\":[\"https:\\\/\\\/de-de.facebook.com\\\/samenhaus\",\"https:\\\/\\\/x.com\\\/samenhaus\"]},{\"@type\":\"Person\",\"@id\":\"https:\\\/\\\/www.samenhaus.de\\\/gartenblog\\\/#\\\/schema\\\/person\\\/97f059f6e72cec571c88cb48b4582118\",\"name\":\"Stephanie\",\"image\":{\"@type\":\"ImageObject\",\"inLanguage\":\"de\",\"@id\":\"https:\\\/\\\/www.samenhaus.de\\\/gartenblog\\\/wp-content\\\/uploads\\\/2026\\\/03\\\/stefanie-150x150.png\",\"url\":\"https:\\\/\\\/www.samenhaus.de\\\/gartenblog\\\/wp-content\\\/uploads\\\/2026\\\/03\\\/stefanie-150x150.png\",\"contentUrl\":\"https:\\\/\\\/www.samenhaus.de\\\/gartenblog\\\/wp-content\\\/uploads\\\/2026\\\/03\\\/stefanie-150x150.png\",\"caption\":\"Stephanie\"},\"description\":\"Garten und Pflanzen waren schon immer meine Leidenschaft. Wahrscheinlich deshalb, weil ich damit aufgewachsen bin. Ich verwerte in der Regel alles und mache Lik\u00f6re, Marmeladen und nutze Kr\u00e4uter auch als Heilpflanzen, indem ich \u00d6le und Tinkturen herstelle. Leider habe ich meinen gr\u00fcnen Daumen beim Auswandern nach Spanien in Deutschland vergessen. Langsam kehrt er aber wieder zur\u00fcck und die Anpassung an die neue Klimazone war gar nicht so einfach. Mittlerweile schaffe ich es sogar, dass gekaufter Basilikum \u00fcberlebt.\",\"url\":\"https:\\\/\\\/www.samenhaus.de\\\/gartenblog\\\/author\\\/stephanie\"}]}<\/script>\n<!-- \/ Yoast SEO plugin. -->","yoast_head_json":{"title":"Lavendel pflanzen - Samenhaus Gartenblog","description":"Der bet\u00f6rende Duft des Lavendels hat eine beruhigende Wirkung. Die Kr\u00e4uter sehen dazu noch h\u00fcbsch aus und sind ein wahrer Insektenmagnet.","robots":{"index":"index","follow":"follow","max-snippet":"max-snippet:-1","max-image-preview":"max-image-preview:large","max-video-preview":"max-video-preview:-1"},"canonical":"https:\/\/www.samenhaus.de\/gartenblog\/lavendel-pflanzen","og_locale":"de_DE","og_type":"article","og_title":"Lavendel pflanzen - Samenhaus Gartenblog","og_description":"Der bet\u00f6rende Duft des Lavendels hat eine beruhigende Wirkung. Die Kr\u00e4uter sehen dazu noch h\u00fcbsch aus und sind ein wahrer Insektenmagnet.","og_url":"https:\/\/www.samenhaus.de\/gartenblog\/lavendel-pflanzen","og_site_name":"Samenhaus Gartenblog","article_publisher":"https:\/\/de-de.facebook.com\/samenhaus","article_published_time":"2023-05-26T09:00:58+00:00","article_modified_time":"2024-02-09T13:31:23+00:00","og_image":[{"width":845,"height":563,"url":"https:\/\/www.samenhaus.de\/gartenblog\/wp-content\/uploads\/2023\/05\/Lavendel-pflanzen-und-pflegen_203555264.jpg","type":"image\/jpeg"}],"author":"Stephanie","twitter_card":"summary_large_image","twitter_creator":"@samenhaus","twitter_site":"@samenhaus","twitter_misc":{"Verfasst von":"Stephanie","Gesch\u00e4tzte Lesezeit":"8\u00a0Minuten"},"schema":{"@context":"https:\/\/schema.org","@graph":[{"@type":"Article","@id":"https:\/\/www.samenhaus.de\/gartenblog\/lavendel-pflanzen#article","isPartOf":{"@id":"https:\/\/www.samenhaus.de\/gartenblog\/lavendel-pflanzen"},"author":{"name":"Stephanie","@id":"https:\/\/www.samenhaus.de\/gartenblog\/#\/schema\/person\/97f059f6e72cec571c88cb48b4582118"},"headline":"Lavendel pflanzen","datePublished":"2023-05-26T09:00:58+00:00","dateModified":"2024-02-09T13:31:23+00:00","mainEntityOfPage":{"@id":"https:\/\/www.samenhaus.de\/gartenblog\/lavendel-pflanzen"},"wordCount":1101,"commentCount":0,"publisher":{"@id":"https:\/\/www.samenhaus.de\/gartenblog\/#organization"},"image":{"@id":"https:\/\/www.samenhaus.de\/gartenblog\/lavendel-pflanzen#primaryimage"},"thumbnailUrl":"https:\/\/www.samenhaus.de\/gartenblog\/wp-content\/uploads\/2023\/05\/Lavendel-pflanzen-und-pflegen_203555264.jpg","articleSection":["Kr\u00e4uter"],"inLanguage":"de","potentialAction":[{"@type":"CommentAction","name":"Comment","target":["https:\/\/www.samenhaus.de\/gartenblog\/lavendel-pflanzen#respond"]}],"copyrightYear":"2023","copyrightHolder":{"@id":"https:\/\/www.samenhaus.de\/gartenblog\/#organization"}},{"@type":"WebPage","@id":"https:\/\/www.samenhaus.de\/gartenblog\/lavendel-pflanzen","url":"https:\/\/www.samenhaus.de\/gartenblog\/lavendel-pflanzen","name":"Lavendel pflanzen - Samenhaus Gartenblog","isPartOf":{"@id":"https:\/\/www.samenhaus.de\/gartenblog\/#website"},"primaryImageOfPage":{"@id":"https:\/\/www.samenhaus.de\/gartenblog\/lavendel-pflanzen#primaryimage"},"image":{"@id":"https:\/\/www.samenhaus.de\/gartenblog\/lavendel-pflanzen#primaryimage"},"thumbnailUrl":"https:\/\/www.samenhaus.de\/gartenblog\/wp-content\/uploads\/2023\/05\/Lavendel-pflanzen-und-pflegen_203555264.jpg","datePublished":"2023-05-26T09:00:58+00:00","dateModified":"2024-02-09T13:31:23+00:00","description":"Der bet\u00f6rende Duft des Lavendels hat eine beruhigende Wirkung. Die Kr\u00e4uter sehen dazu noch h\u00fcbsch aus und sind ein wahrer Insektenmagnet.","breadcrumb":{"@id":"https:\/\/www.samenhaus.de\/gartenblog\/lavendel-pflanzen#breadcrumb"},"inLanguage":"de","potentialAction":[{"@type":"ReadAction","target":["https:\/\/www.samenhaus.de\/gartenblog\/lavendel-pflanzen"]}]},{"@type":"ImageObject","inLanguage":"de","@id":"https:\/\/www.samenhaus.de\/gartenblog\/lavendel-pflanzen#primaryimage","url":"https:\/\/www.samenhaus.de\/gartenblog\/wp-content\/uploads\/2023\/05\/Lavendel-pflanzen-und-pflegen_203555264.jpg","contentUrl":"https:\/\/www.samenhaus.de\/gartenblog\/wp-content\/uploads\/2023\/05\/Lavendel-pflanzen-und-pflegen_203555264.jpg","width":845,"height":563,"caption":"Lavendel"},{"@type":"BreadcrumbList","@id":"https:\/\/www.samenhaus.de\/gartenblog\/lavendel-pflanzen#breadcrumb","itemListElement":[{"@type":"ListItem","position":1,"name":"Startseite","item":"https:\/\/www.samenhaus.de\/gartenblog\/"},{"@type":"ListItem","position":2,"name":"Lavendel pflanzen"}]},{"@type":"WebSite","@id":"https:\/\/www.samenhaus.de\/gartenblog\/#website","url":"https:\/\/www.samenhaus.de\/gartenblog\/","name":"Samenhaus Gartenblog","description":"","publisher":{"@id":"https:\/\/www.samenhaus.de\/gartenblog\/#organization"},"potentialAction":[{"@type":"SearchAction","target":{"@type":"EntryPoint","urlTemplate":"https:\/\/www.samenhaus.de\/gartenblog\/?s={search_term_string}"},"query-input":{"@type":"PropertyValueSpecification","valueRequired":true,"valueName":"search_term_string"}}],"inLanguage":"de"},{"@type":"Organization","@id":"https:\/\/www.samenhaus.de\/gartenblog\/#organization","name":"Samenhaus.de Gartenblog","url":"https:\/\/www.samenhaus.de\/gartenblog\/","logo":{"@type":"ImageObject","inLanguage":"de","@id":"https:\/\/www.samenhaus.de\/gartenblog\/#\/schema\/logo\/image\/","url":"https:\/\/www.samenhaus.de\/gartenblog\/wp-content\/uploads\/2020\/11\/logo.svg","contentUrl":"https:\/\/www.samenhaus.de\/gartenblog\/wp-content\/uploads\/2020\/11\/logo.svg","width":1,"height":1,"caption":"Samenhaus.de Gartenblog"},"image":{"@id":"https:\/\/www.samenhaus.de\/gartenblog\/#\/schema\/logo\/image\/"},"sameAs":["https:\/\/de-de.facebook.com\/samenhaus","https:\/\/x.com\/samenhaus"]},{"@type":"Person","@id":"https:\/\/www.samenhaus.de\/gartenblog\/#\/schema\/person\/97f059f6e72cec571c88cb48b4582118","name":"Stephanie","image":{"@type":"ImageObject","inLanguage":"de","@id":"https:\/\/www.samenhaus.de\/gartenblog\/wp-content\/uploads\/2026\/03\/stefanie-150x150.png","url":"https:\/\/www.samenhaus.de\/gartenblog\/wp-content\/uploads\/2026\/03\/stefanie-150x150.png","contentUrl":"https:\/\/www.samenhaus.de\/gartenblog\/wp-content\/uploads\/2026\/03\/stefanie-150x150.png","caption":"Stephanie"},"description":"Garten und Pflanzen waren schon immer meine Leidenschaft. Wahrscheinlich deshalb, weil ich damit aufgewachsen bin. Ich verwerte in der Regel alles und mache Lik\u00f6re, Marmeladen und nutze Kr\u00e4uter auch als Heilpflanzen, indem ich \u00d6le und Tinkturen herstelle. Leider habe ich meinen gr\u00fcnen Daumen beim Auswandern nach Spanien in Deutschland vergessen. Langsam kehrt er aber wieder zur\u00fcck und die Anpassung an die neue Klimazone war gar nicht so einfach. Mittlerweile schaffe ich es sogar, dass gekaufter Basilikum \u00fcberlebt.","url":"https:\/\/www.samenhaus.de\/gartenblog\/author\/stephanie"}]}},"wp-worthy-pixel":{"ignored":false,"public":"0bff5def7d564efb833f2d1bcc4ccda0","server":"vg04.met.vgwort.de","url":"https:\/\/vg04.met.vgwort.de\/na\/0bff5def7d564efb833f2d1bcc4ccda0"},"wp-worthy-type":"normal","_links":{"self":[{"href":"https:\/\/www.samenhaus.de\/gartenblog\/wp-json\/wp\/v2\/posts\/13836","targetHints":{"allow":["GET"]}}],"collection":[{"href":"https:\/\/www.samenhaus.de\/gartenblog\/wp-json\/wp\/v2\/posts"}],"about":[{"href":"https:\/\/www.samenhaus.de\/gartenblog\/wp-json\/wp\/v2\/types\/post"}],"author":[{"embeddable":true,"href":"https:\/\/www.samenhaus.de\/gartenblog\/wp-json\/wp\/v2\/users\/12"}],"replies":[{"embeddable":true,"href":"https:\/\/www.samenhaus.de\/gartenblog\/wp-json\/wp\/v2\/comments?post=13836"}],"version-history":[{"count":3,"href":"https:\/\/www.samenhaus.de\/gartenblog\/wp-json\/wp\/v2\/posts\/13836\/revisions"}],"predecessor-version":[{"id":16737,"href":"https:\/\/www.samenhaus.de\/gartenblog\/wp-json\/wp\/v2\/posts\/13836\/revisions\/16737"}],"wp:featuredmedia":[{"embeddable":true,"href":"https:\/\/www.samenhaus.de\/gartenblog\/wp-json\/wp\/v2\/media\/13899"}],"wp:attachment":[{"href":"https:\/\/www.samenhaus.de\/gartenblog\/wp-json\/wp\/v2\/media?parent=13836"}],"wp:term":[{"taxonomy":"category","embeddable":true,"href":"https:\/\/www.samenhaus.de\/gartenblog\/wp-json\/wp\/v2\/categories?post=13836"},{"taxonomy":"post_tag","embeddable":true,"href":"https:\/\/www.samenhaus.de\/gartenblog\/wp-json\/wp\/v2\/tags?post=13836"},{"taxonomy":"hersteller","embeddable":true,"href":"https:\/\/www.samenhaus.de\/gartenblog\/wp-json\/wp\/v2\/hersteller?post=13836"}],"curies":[{"name":"wp","href":"https:\/\/api.w.org\/{rel}","templated":true}]}}