{"id":1515,"date":"2022-03-30T09:00:08","date_gmt":"2022-03-30T09:00:08","guid":{"rendered":"https:\/\/www.samenhaus.de\/gartenblog\/?p=1515"},"modified":"2023-07-07T03:40:23","modified_gmt":"2023-07-07T03:40:23","slug":"gemueseanbau-im-herbst-diese-sorten-wachsen-auch-bei-wind-und-wetter","status":"publish","type":"post","link":"https:\/\/www.samenhaus.de\/gartenblog\/gemueseanbau-im-herbst-diese-sorten-wachsen-auch-bei-wind-und-wetter","title":{"rendered":"Gem\u00fcseanbau im Herbst: Diese Sorten wachsen auch bei Wind und Wetter"},"content":{"rendered":"<p>Wenn im Sp\u00e4tsommer die Gem\u00fcsebeete abgeerntet sind, kann die n\u00e4chste Saison starten. Es gibt einige Gem\u00fcsearten, die das herbstliche Wetter m\u00f6gen und bei Wind und K\u00e4lte gut wachsen. Falls Sie Ihre Gartensaison noch nicht beenden m\u00f6chten, k\u00f6nnen Sie noch einmal loslegen.<\/p>\n<h2>14 Gem\u00fcsearten f\u00fcr das Herbstbeet<\/h2>\n<p>Manche Gem\u00fcsesorten kommen mit k\u00fchleren Temperaturen bestens zurecht. Folgende Gem\u00fcsearten k\u00f6nnen Sie im Herbst anbauen:<\/p>\n<ol>\n<li><strong>Radieschen <\/strong><\/li>\n<\/ol>\n<p><img loading=\"lazy\" decoding=\"async\" class=\"alignleft wp-image-3087 size-thumbnail\" src=\"https:\/\/www.samenhaus.de\/gartenblog\/wp-content\/uploads\/2022\/03\/Gemueseanbau-Herbst_81554788-150x150.jpeg\" alt=\"Radieschen\" width=\"150\" height=\"150\" srcset=\"https:\/\/www.samenhaus.de\/gartenblog\/wp-content\/uploads\/2022\/03\/Gemueseanbau-Herbst_81554788-150x150.jpeg 150w, https:\/\/www.samenhaus.de\/gartenblog\/wp-content\/uploads\/2022\/03\/Gemueseanbau-Herbst_81554788-80x80.jpeg 80w\" sizes=\"auto, (max-width: 150px) 100vw, 150px\" \/>Radieschen wachsen schnell und die Ernte kann bereits nach etwa vier Wochen starten. Sie k\u00f6nnen Radieschen auch noch im September in Ihr Beet auss\u00e4en. W\u00e4hrend Radieschen im Sommer einen halbschattigen Standort bekommen sollten, ben\u00f6tigen sie im Herbst einen sonnigen Platz. Dar\u00fcber hinaus ist f\u00fcr den Herbstanbau eine schnellwachsende Sorte zu empfehlen.<\/p>\n<p>&nbsp;<\/p>\n<ol>\n<li><strong>Feldsalat<\/strong><\/li>\n<\/ol>\n<p><img loading=\"lazy\" decoding=\"async\" class=\"alignleft wp-image-3098 size-thumbnail\" src=\"https:\/\/www.samenhaus.de\/gartenblog\/wp-content\/uploads\/2022\/03\/Gemueseanbau-Herbst_439769351-150x150.jpeg\" alt=\"Feldsalat\" width=\"150\" height=\"150\" srcset=\"https:\/\/www.samenhaus.de\/gartenblog\/wp-content\/uploads\/2022\/03\/Gemueseanbau-Herbst_439769351-150x150.jpeg 150w, https:\/\/www.samenhaus.de\/gartenblog\/wp-content\/uploads\/2022\/03\/Gemueseanbau-Herbst_439769351-80x80.jpeg 80w\" sizes=\"auto, (max-width: 150px) 100vw, 150px\" \/>Auch Feldsalat sollte im Herbst einen Platz in der Sonne erhalten. Arbeiten Sie vor der Aussaat ein bisschen Kompost in den Boden ein und entfernen Sie vor allen Dingen Unkraut.<\/p>\n<p>&nbsp;<\/p>\n<p>&nbsp;<\/p>\n<p>&nbsp;<\/p>\n<ol start=\"2\">\n<li><strong>Rucola<\/strong><\/li>\n<\/ol>\n<p><img loading=\"lazy\" decoding=\"async\" class=\"alignleft wp-image-3090 size-thumbnail\" src=\"https:\/\/www.samenhaus.de\/gartenblog\/wp-content\/uploads\/2022\/03\/Gemueseanbau-Herbst_129208922-150x150.jpeg\" alt=\"Rucola\" width=\"150\" height=\"150\" srcset=\"https:\/\/www.samenhaus.de\/gartenblog\/wp-content\/uploads\/2022\/03\/Gemueseanbau-Herbst_129208922-150x150.jpeg 150w, https:\/\/www.samenhaus.de\/gartenblog\/wp-content\/uploads\/2022\/03\/Gemueseanbau-Herbst_129208922-80x80.jpeg 80w\" sizes=\"auto, (max-width: 150px) 100vw, 150px\" \/>Wenn Sie Rucola im Herbst anbauen m\u00f6chten, sollte auf dem Beet zuvor kein Kohlgem\u00fcse gewachsen sein. Lockern Sie die Erde auf und arbeiten Sie Kompost oder Hornsp\u00e4ne unter. Rucola ben\u00f6tigt einen halbschattigen bis sonnigen Standort. Sie k\u00f6nnen die Samen bis September ins Freiland s\u00e4en.<\/p>\n<p>&nbsp;<\/p>\n<p>&nbsp;<\/p>\n<ol start=\"3\">\n<li><strong>Pfl\u00fccksalat<\/strong><\/li>\n<\/ol>\n<p><img loading=\"lazy\" decoding=\"async\" class=\"alignleft wp-image-3095 size-thumbnail\" src=\"https:\/\/www.samenhaus.de\/gartenblog\/wp-content\/uploads\/2022\/03\/Gemueseanbau-Herbst_217094933-150x150.jpeg\" alt=\"Pfl\u00fccksalat\" width=\"150\" height=\"150\" srcset=\"https:\/\/www.samenhaus.de\/gartenblog\/wp-content\/uploads\/2022\/03\/Gemueseanbau-Herbst_217094933-150x150.jpeg 150w, https:\/\/www.samenhaus.de\/gartenblog\/wp-content\/uploads\/2022\/03\/Gemueseanbau-Herbst_217094933-80x80.jpeg 80w\" sizes=\"auto, (max-width: 150px) 100vw, 150px\" \/>Pfl\u00fccksalat sollte einen halbschattigen bis sonnigen Platz bekommen. Achten Sie darauf, dass Sie den Salat in Ihrem Beet nicht zwei Mal hintereinander pflanzen. Ebenso sollten auf diesem Platz vorher kein Chicor\u00e9e, Kopfsalat und auch keine Artischocken gestanden haben.<\/p>\n<p>&nbsp;<\/p>\n<p>&nbsp;<\/p>\n<ol start=\"4\">\n<li><strong>Spinat<\/strong><\/li>\n<\/ol>\n<p><img loading=\"lazy\" decoding=\"async\" class=\"alignleft wp-image-3085 size-thumbnail\" src=\"https:\/\/www.samenhaus.de\/gartenblog\/wp-content\/uploads\/2022\/03\/Gemueseanbau-Herbst_60982093-150x150.jpeg\" alt=\"Spinat\" width=\"150\" height=\"150\" srcset=\"https:\/\/www.samenhaus.de\/gartenblog\/wp-content\/uploads\/2022\/03\/Gemueseanbau-Herbst_60982093-150x150.jpeg 150w, https:\/\/www.samenhaus.de\/gartenblog\/wp-content\/uploads\/2022\/03\/Gemueseanbau-Herbst_60982093-80x80.jpeg 80w\" sizes=\"auto, (max-width: 150px) 100vw, 150px\" \/>Spinat mag keine W\u00e4rme und eignet sich deshalb f\u00fcr den Herbstanbau. Damit Sie im Herbst und im Winter ernten k\u00f6nnen, m\u00fcssen Sie die Aussaat Ende August bis Anfang Oktober durchf\u00fchren. Die ersten Bl\u00e4tter sind nach sechs bis acht Wochen erntereif.<\/p>\n<p>&nbsp;<\/p>\n<p>&nbsp;<\/p>\n<ol start=\"5\">\n<li><strong>Mangold<\/strong><\/li>\n<\/ol>\n<p><img loading=\"lazy\" decoding=\"async\" class=\"alignleft wp-image-3089 size-thumbnail\" src=\"https:\/\/www.samenhaus.de\/gartenblog\/wp-content\/uploads\/2022\/03\/Gemueseanbau-Herbst_123225203-150x150.jpeg\" alt=\"Mangold\" width=\"150\" height=\"150\" srcset=\"https:\/\/www.samenhaus.de\/gartenblog\/wp-content\/uploads\/2022\/03\/Gemueseanbau-Herbst_123225203-150x150.jpeg 150w, https:\/\/www.samenhaus.de\/gartenblog\/wp-content\/uploads\/2022\/03\/Gemueseanbau-Herbst_123225203-80x80.jpeg 80w\" sizes=\"auto, (max-width: 150px) 100vw, 150px\" \/>Mangold vertr\u00e4gt Frost und gilt als \u00e4u\u00dferst robust. Am besten s\u00e4en Sie Mangold Anfang August aus. Er entwickelt sich besonders gut, wenn zuvor Bohnen oder Erbsen auf dem Beet standen. Zehn bis 12 Wochen nach der Aussaat k\u00f6nnen Sie Mangold ernten. Wenn Sie in einer Region mit mildem Winter wohnen, k\u00f6nnen Sie Ihren Mangold mit einer dicken Laubschicht abdecken, sodass er gut den Winter \u00fcbersteht. Dann haben Sie die M\u00f6glichkeit, im Fr\u00fchling noch einmal ernten zu k\u00f6nnen.<\/p>\n<p>&nbsp;<\/p>\n<ol start=\"6\">\n<li><strong>Gr\u00fcnkohl<\/strong><\/li>\n<\/ol>\n<p><img loading=\"lazy\" decoding=\"async\" class=\"alignleft wp-image-3092 size-thumbnail\" src=\"https:\/\/www.samenhaus.de\/gartenblog\/wp-content\/uploads\/2022\/03\/Gemueseanbau-Herbst_186126679-150x150.jpeg\" alt=\"Gr\u00fcnkohl\" width=\"150\" height=\"150\" srcset=\"https:\/\/www.samenhaus.de\/gartenblog\/wp-content\/uploads\/2022\/03\/Gemueseanbau-Herbst_186126679-150x150.jpeg 150w, https:\/\/www.samenhaus.de\/gartenblog\/wp-content\/uploads\/2022\/03\/Gemueseanbau-Herbst_186126679-80x80.jpeg 80w\" sizes=\"auto, (max-width: 150px) 100vw, 150px\" \/>Gr\u00fcnkohl enth\u00e4lt viel Vitamin C und ist ein begehrtes Wintergem\u00fcse. Sie sollten den Kohl sp\u00e4testens im August auss\u00e4en. Gr\u00fcnkohl ist resistent gegen\u00fcber Frost und Sie k\u00f6nnen das Gem\u00fcse den ganzen Winter \u00fcber ernten. Weil sich der Gehalt an Bitterstoffen durch Frost reduziert, schmeckt Gr\u00fcnkohl nach dem ersten Frost am besten.<\/p>\n<p>&nbsp;<\/p>\n<p>&nbsp;<\/p>\n<ol start=\"7\">\n<li><strong>Rote Bete<\/strong><\/li>\n<\/ol>\n<p><a name=\"_GoBack\"><\/a> <img loading=\"lazy\" decoding=\"async\" class=\"alignleft wp-image-3091 size-thumbnail\" src=\"https:\/\/www.samenhaus.de\/gartenblog\/wp-content\/uploads\/2022\/03\/Gemueseanbau-Herbst_140186844-150x150.jpeg\" alt=\"Rote Beete\" width=\"150\" height=\"150\" srcset=\"https:\/\/www.samenhaus.de\/gartenblog\/wp-content\/uploads\/2022\/03\/Gemueseanbau-Herbst_140186844-150x150.jpeg 150w, https:\/\/www.samenhaus.de\/gartenblog\/wp-content\/uploads\/2022\/03\/Gemueseanbau-Herbst_140186844-80x80.jpeg 80w\" sizes=\"auto, (max-width: 150px) 100vw, 150px\" \/>Sie k\u00f6nnen Mitte August noch einmal Rote Bete auss\u00e4en. Dann sind die fertigen R\u00fcben vor dem ersten Frost erntereif. Sie erkennen die Reife an fleckig werdenden Bl\u00e4ttern. Graben Sie nun die R\u00fcben aus und lagern Sie die Rote Bete ohne Bl\u00e4tter an einem k\u00fchlen, dunklen Ort. Rote Bete h\u00e4lt sich bis zum Fr\u00fchling.<\/p>\n<p>&nbsp;<\/p>\n<p>&nbsp;<\/p>\n<ol start=\"8\">\n<li><strong>Karotten<\/strong><\/li>\n<\/ol>\n<p><img loading=\"lazy\" decoding=\"async\" class=\"alignleft wp-image-3097 size-thumbnail\" src=\"https:\/\/www.samenhaus.de\/gartenblog\/wp-content\/uploads\/2022\/03\/Gemueseanbau-Herbst_273414289-150x150.jpeg\" alt=\"Karotten\" width=\"150\" height=\"150\" srcset=\"https:\/\/www.samenhaus.de\/gartenblog\/wp-content\/uploads\/2022\/03\/Gemueseanbau-Herbst_273414289-150x150.jpeg 150w, https:\/\/www.samenhaus.de\/gartenblog\/wp-content\/uploads\/2022\/03\/Gemueseanbau-Herbst_273414289-80x80.jpeg 80w\" sizes=\"auto, (max-width: 150px) 100vw, 150px\" \/>Karotten wandeln bei K\u00e4lte St\u00e4rke in Zucker um. Deshalb schmecken M\u00f6hren s\u00fc\u00dfer, wenn sie im Herbst statt im Fr\u00fchling ausges\u00e4t werden. Im Grunde k\u00f6nnen Sie Karotten ganzj\u00e4hrig anbauen. Wenn Sie die M\u00f6hren im August auss\u00e4en, erhalten Sie schmackhaft s\u00fc\u00dfliche Karotten.<\/p>\n<p>&nbsp;<\/p>\n<p>&nbsp;<\/p>\n<ol start=\"9\">\n<li><strong>Blumenkohl<\/strong><\/li>\n<\/ol>\n<p><img loading=\"lazy\" decoding=\"async\" class=\"alignleft wp-image-3086 size-thumbnail\" src=\"https:\/\/www.samenhaus.de\/gartenblog\/wp-content\/uploads\/2022\/03\/Gemueseanbau-Herbst_61615128-150x150.jpeg\" alt=\"Blumenkohl\" width=\"150\" height=\"150\" srcset=\"https:\/\/www.samenhaus.de\/gartenblog\/wp-content\/uploads\/2022\/03\/Gemueseanbau-Herbst_61615128-150x150.jpeg 150w, https:\/\/www.samenhaus.de\/gartenblog\/wp-content\/uploads\/2022\/03\/Gemueseanbau-Herbst_61615128-80x80.jpeg 80w\" sizes=\"auto, (max-width: 150px) 100vw, 150px\" \/>Im Sommer zeigt Blumenkohl eine hohe Anf\u00e4lligkeit f\u00fcr Sch\u00e4dlinge. Aus diesem Grund ist es ideal, wenn Sie den Kohl im Herbst anbauen. Sie k\u00f6nnen ihn im August im Haus oder im Gew\u00e4chshaus vorziehen. Bis die Setzlinge f\u00fcr die Pflanzung fertig sind, dauert es ungef\u00e4hr 30 Tage. Nach weiteren acht bis 12 Wochen findet die Ernte statt.<\/p>\n<p>&nbsp;<\/p>\n<p>&nbsp;<\/p>\n<ol start=\"10\">\n<li><strong>Pak Choi<\/strong><\/li>\n<\/ol>\n<p><img loading=\"lazy\" decoding=\"async\" class=\"alignleft wp-image-3094 size-thumbnail\" src=\"https:\/\/www.samenhaus.de\/gartenblog\/wp-content\/uploads\/2022\/03\/Gemueseanbau-Herbst_190955940-150x150.jpeg\" alt=\"Pak Choi\" width=\"150\" height=\"150\" srcset=\"https:\/\/www.samenhaus.de\/gartenblog\/wp-content\/uploads\/2022\/03\/Gemueseanbau-Herbst_190955940-150x150.jpeg 150w, https:\/\/www.samenhaus.de\/gartenblog\/wp-content\/uploads\/2022\/03\/Gemueseanbau-Herbst_190955940-80x80.jpeg 80w\" sizes=\"auto, (max-width: 150px) 100vw, 150px\" \/>Pak Choi ist eine Kohlart aus Asien und bietet sich f\u00fcr den Herbstanbau an. Wenn der Sommer vor\u00fcber ist, k\u00f6nnen Sie das Gem\u00fcse im Freiland auss\u00e4en. Rund sechs bis acht Wochen sp\u00e4ter k\u00f6nnen Sie ernten.<\/p>\n<p>&nbsp;<\/p>\n<p>&nbsp;<\/p>\n<ol start=\"11\">\n<li><strong>Steckr\u00fcben<\/strong><\/li>\n<\/ol>\n<p><img loading=\"lazy\" decoding=\"async\" class=\"alignleft wp-image-3088 size-thumbnail\" src=\"https:\/\/www.samenhaus.de\/gartenblog\/wp-content\/uploads\/2022\/03\/Gemueseanbau-Herbst_105183655-150x150.jpeg\" alt=\"Steckr\u00fcben\" width=\"150\" height=\"150\" srcset=\"https:\/\/www.samenhaus.de\/gartenblog\/wp-content\/uploads\/2022\/03\/Gemueseanbau-Herbst_105183655-150x150.jpeg 150w, https:\/\/www.samenhaus.de\/gartenblog\/wp-content\/uploads\/2022\/03\/Gemueseanbau-Herbst_105183655-80x80.jpeg 80w\" sizes=\"auto, (max-width: 150px) 100vw, 150px\" \/>Steckr\u00fcben waren in fr\u00fcheren Zeiten ein typisches und beliebtes Wintergem\u00fcse. Steckr\u00fcben sind sehr robust und vertragen Temperaturen bis minus 6 Grad Celsius. Die Aussaat sollte vor dem ersten Frost stattfinden. Am besten eignet sich die Zeit zwischen Ende Juli und Anfang August.<\/p>\n<p>&nbsp;<\/p>\n<p>&nbsp;<\/p>\n<ol start=\"12\">\n<li><strong>Winterpostelein<\/strong><\/li>\n<\/ol>\n<p><img loading=\"lazy\" decoding=\"async\" class=\"alignleft wp-image-3096 size-thumbnail\" src=\"https:\/\/www.samenhaus.de\/gartenblog\/wp-content\/uploads\/2022\/03\/Gemueseanbau-Herbst_267030830-150x150.jpeg\" alt=\"Winterpostelein\" width=\"150\" height=\"150\" srcset=\"https:\/\/www.samenhaus.de\/gartenblog\/wp-content\/uploads\/2022\/03\/Gemueseanbau-Herbst_267030830-150x150.jpeg 150w, https:\/\/www.samenhaus.de\/gartenblog\/wp-content\/uploads\/2022\/03\/Gemueseanbau-Herbst_267030830-80x80.jpeg 80w\" sizes=\"auto, (max-width: 150px) 100vw, 150px\" \/>Winterpostelein ist auch unter den Namen Winterportulak und Tellerkraut bekannt. Der Wintersalat ist reichhaltig an Vitamin C, Eisen, Kalzium und Magnesium. Er eignet sich besonders gut f\u00fcr den Herbstanbau, da er bei k\u00fchlen Temperaturen besser keimt. Sie k\u00f6nnen ihn ab August oder September ins Freiland s\u00e4en.<\/p>\n<p>&nbsp;<\/p>\n<p>&nbsp;<\/p>\n<ol start=\"13\">\n<li><strong>Winterknoblauch<\/strong><\/li>\n<\/ol>\n<p><img loading=\"lazy\" decoding=\"async\" class=\"alignleft wp-image-3099 size-thumbnail\" src=\"https:\/\/www.samenhaus.de\/gartenblog\/wp-content\/uploads\/2022\/03\/Gemueseanbau-Herbst_462429298-150x150.jpeg\" alt=\"Winterknoblauch\" width=\"150\" height=\"150\" srcset=\"https:\/\/www.samenhaus.de\/gartenblog\/wp-content\/uploads\/2022\/03\/Gemueseanbau-Herbst_462429298-150x150.jpeg 150w, https:\/\/www.samenhaus.de\/gartenblog\/wp-content\/uploads\/2022\/03\/Gemueseanbau-Herbst_462429298-80x80.jpeg 80w\" sizes=\"auto, (max-width: 150px) 100vw, 150px\" \/>Der k\u00e4lteresistente Winterknoblauch bietet sich f\u00fcr den Herbstanbau an. Verwenden Sie dazu nicht die Knoblauchzehen, die Sie im Supermarkt erhalten. Sie stammen in der Regel aus dem S\u00fcden Europas und k\u00f6nnen den Winter in Deutschland nicht \u00fcberstehen. F\u00fcr den Herbstanbau ist spezieller Winterknoblauch erh\u00e4ltlich, den Sie von Anfang September bis Ende Oktober pflanzen k\u00f6nnen. L\u00f6sen Sie daf\u00fcr die Zehen aus der Knolle heraus und stecken Sie die Zehen ins Beet. Die Spitze der Zehe muss nach oben zeigen.<\/p>\n<p>&nbsp;<\/p>\n","protected":false},"excerpt":{"rendered":"<p>Wenn im Sp\u00e4tsommer die Gem\u00fcsebeete abgeerntet sind, kann die n\u00e4chste Saison starten. Es gibt einige Gem\u00fcsearten, die das herbstliche Wetter m\u00f6gen und bei Wind und K\u00e4lte gut wachsen. Falls Sie Ihre Gartensaison noch nicht beenden m\u00f6chten, k\u00f6nnen Sie noch einmal loslegen. 14 Gem\u00fcsearten f\u00fcr das Herbstbeet Manche Gem\u00fcsesorten kommen mit k\u00fchleren Temperaturen bestens zurecht. Folgende Gem\u00fcsearten k\u00f6nnen Sie im Herbst anbauen: Radieschen Radieschen wachsen schnell und die Ernte kann bereits nach etwa vier Wochen starten. Sie k\u00f6nnen Radieschen auch noch im September in Ihr Beet auss\u00e4en. W\u00e4hrend Radieschen im Sommer einen halbschattigen Standort bekommen sollten, ben\u00f6tigen sie im Herbst einen sonnigen Platz. Dar\u00fcber hinaus ist f\u00fcr den Herbstanbau eine schnellwachsende Sorte zu empfehlen. &nbsp; Feldsalat Auch Feldsalat sollte im Herbst einen Platz in der Sonne erhalten. Arbeiten Sie vor der Aussaat ein bisschen Kompost in den Boden ein und entfernen Sie vor allen Dingen Unkraut. &nbsp; &nbsp; &nbsp; Rucola Wenn Sie Rucola im Herbst anbauen m\u00f6chten, sollte auf dem Beet zuvor kein Kohlgem\u00fcse gewachsen sein. Lockern Sie die Erde auf und arbeiten Sie Kompost oder Hornsp\u00e4ne unter. Rucola ben\u00f6tigt einen halbschattigen bis sonnigen Standort. Sie k\u00f6nnen die Samen bis September ins Freiland s\u00e4en. &nbsp; &nbsp; Pfl\u00fccksalat Pfl\u00fccksalat sollte einen halbschattigen [&hellip;]<\/p>\n","protected":false},"author":7,"featured_media":3093,"comment_status":"open","ping_status":"open","sticky":false,"template":"","format":"standard","meta":{"_acf_changed":false,"footnotes":""},"categories":[6],"tags":[],"hersteller":[],"class_list":["post-1515","post","type-post","status-publish","format-standard","has-post-thumbnail","hentry","category-gemuese"],"acf":[],"yoast_head":"<!-- This site is optimized with the Yoast SEO plugin v27.4 - https:\/\/yoast.com\/product\/yoast-seo-wordpress\/ -->\n<title>Gem\u00fcseanbau im Herbst: Diese Sorten wachsen auch bei Wind und Wetter - Samenhaus Gartenblog<\/title>\n<meta name=\"description\" content=\"Auch im Herbst k\u00f6nnen Sie noch Gem\u00fcse anbauen. Ihr Garten muss nicht brach liegen. Einige Gem\u00fcsearten werden sogar viel schmackhafter.\" \/>\n<meta name=\"robots\" content=\"index, follow, max-snippet:-1, max-image-preview:large, max-video-preview:-1\" \/>\n<link rel=\"canonical\" href=\"https:\/\/www.samenhaus.de\/gartenblog\/gemueseanbau-im-herbst-diese-sorten-wachsen-auch-bei-wind-und-wetter\" \/>\n<meta property=\"og:locale\" content=\"de_DE\" \/>\n<meta property=\"og:type\" content=\"article\" \/>\n<meta property=\"og:title\" content=\"Gem\u00fcseanbau im Herbst: Diese Sorten wachsen auch bei Wind und Wetter - Samenhaus Gartenblog\" \/>\n<meta property=\"og:description\" content=\"Auch im Herbst k\u00f6nnen Sie noch Gem\u00fcse anbauen. Ihr Garten muss nicht brach liegen. Einige Gem\u00fcsearten werden sogar viel schmackhafter.\" \/>\n<meta property=\"og:url\" content=\"https:\/\/www.samenhaus.de\/gartenblog\/gemueseanbau-im-herbst-diese-sorten-wachsen-auch-bei-wind-und-wetter\" \/>\n<meta property=\"og:site_name\" content=\"Samenhaus Gartenblog\" \/>\n<meta property=\"article:publisher\" content=\"https:\/\/de-de.facebook.com\/samenhaus\" \/>\n<meta property=\"article:published_time\" content=\"2022-03-30T09:00:08+00:00\" \/>\n<meta property=\"article:modified_time\" content=\"2023-07-07T03:40:23+00:00\" \/>\n<meta property=\"og:image\" content=\"https:\/\/www.samenhaus.de\/gartenblog\/wp-content\/uploads\/2022\/03\/Gemueseanbau-Herbst_187510327-scaled.jpeg\" \/>\n\t<meta property=\"og:image:width\" content=\"2560\" \/>\n\t<meta property=\"og:image:height\" content=\"1707\" \/>\n\t<meta property=\"og:image:type\" content=\"image\/jpeg\" \/>\n<meta name=\"author\" content=\"Fritz\" \/>\n<meta name=\"twitter:card\" content=\"summary_large_image\" \/>\n<meta name=\"twitter:creator\" content=\"@samenhaus\" \/>\n<meta name=\"twitter:site\" content=\"@samenhaus\" \/>\n<meta name=\"twitter:label1\" content=\"Verfasst von\" \/>\n\t<meta name=\"twitter:data1\" content=\"Fritz\" \/>\n\t<meta name=\"twitter:label2\" content=\"Gesch\u00e4tzte Lesezeit\" \/>\n\t<meta name=\"twitter:data2\" content=\"8\u00a0Minuten\" \/>\n<script type=\"application\/ld+json\" class=\"yoast-schema-graph\">{\"@context\":\"https:\\\/\\\/schema.org\",\"@graph\":[{\"@type\":\"Article\",\"@id\":\"https:\\\/\\\/www.samenhaus.de\\\/gartenblog\\\/gemueseanbau-im-herbst-diese-sorten-wachsen-auch-bei-wind-und-wetter#article\",\"isPartOf\":{\"@id\":\"https:\\\/\\\/www.samenhaus.de\\\/gartenblog\\\/gemueseanbau-im-herbst-diese-sorten-wachsen-auch-bei-wind-und-wetter\"},\"author\":{\"name\":\"Fritz\",\"@id\":\"https:\\\/\\\/www.samenhaus.de\\\/gartenblog\\\/#\\\/schema\\\/person\\\/a0608c49bb909de7ed33e44abc853c6b\"},\"headline\":\"Gem\u00fcseanbau im Herbst: Diese Sorten wachsen auch bei Wind und Wetter\",\"datePublished\":\"2022-03-30T09:00:08+00:00\",\"dateModified\":\"2023-07-07T03:40:23+00:00\",\"mainEntityOfPage\":{\"@id\":\"https:\\\/\\\/www.samenhaus.de\\\/gartenblog\\\/gemueseanbau-im-herbst-diese-sorten-wachsen-auch-bei-wind-und-wetter\"},\"wordCount\":896,\"commentCount\":0,\"publisher\":{\"@id\":\"https:\\\/\\\/www.samenhaus.de\\\/gartenblog\\\/#organization\"},\"image\":{\"@id\":\"https:\\\/\\\/www.samenhaus.de\\\/gartenblog\\\/gemueseanbau-im-herbst-diese-sorten-wachsen-auch-bei-wind-und-wetter#primaryimage\"},\"thumbnailUrl\":\"https:\\\/\\\/www.samenhaus.de\\\/gartenblog\\\/wp-content\\\/uploads\\\/2022\\\/03\\\/Gemueseanbau-Herbst_187510327-scaled.jpeg\",\"articleSection\":[\"Gem\u00fcse\"],\"inLanguage\":\"de\",\"potentialAction\":[{\"@type\":\"CommentAction\",\"name\":\"Comment\",\"target\":[\"https:\\\/\\\/www.samenhaus.de\\\/gartenblog\\\/gemueseanbau-im-herbst-diese-sorten-wachsen-auch-bei-wind-und-wetter#respond\"]}],\"copyrightYear\":\"2022\",\"copyrightHolder\":{\"@id\":\"https:\\\/\\\/www.samenhaus.de\\\/gartenblog\\\/#organization\"}},{\"@type\":\"WebPage\",\"@id\":\"https:\\\/\\\/www.samenhaus.de\\\/gartenblog\\\/gemueseanbau-im-herbst-diese-sorten-wachsen-auch-bei-wind-und-wetter\",\"url\":\"https:\\\/\\\/www.samenhaus.de\\\/gartenblog\\\/gemueseanbau-im-herbst-diese-sorten-wachsen-auch-bei-wind-und-wetter\",\"name\":\"Gem\u00fcseanbau im Herbst: Diese Sorten wachsen auch bei Wind und Wetter - Samenhaus Gartenblog\",\"isPartOf\":{\"@id\":\"https:\\\/\\\/www.samenhaus.de\\\/gartenblog\\\/#website\"},\"primaryImageOfPage\":{\"@id\":\"https:\\\/\\\/www.samenhaus.de\\\/gartenblog\\\/gemueseanbau-im-herbst-diese-sorten-wachsen-auch-bei-wind-und-wetter#primaryimage\"},\"image\":{\"@id\":\"https:\\\/\\\/www.samenhaus.de\\\/gartenblog\\\/gemueseanbau-im-herbst-diese-sorten-wachsen-auch-bei-wind-und-wetter#primaryimage\"},\"thumbnailUrl\":\"https:\\\/\\\/www.samenhaus.de\\\/gartenblog\\\/wp-content\\\/uploads\\\/2022\\\/03\\\/Gemueseanbau-Herbst_187510327-scaled.jpeg\",\"datePublished\":\"2022-03-30T09:00:08+00:00\",\"dateModified\":\"2023-07-07T03:40:23+00:00\",\"description\":\"Auch im Herbst k\u00f6nnen Sie noch Gem\u00fcse anbauen. Ihr Garten muss nicht brach liegen. Einige Gem\u00fcsearten werden sogar viel schmackhafter.\",\"breadcrumb\":{\"@id\":\"https:\\\/\\\/www.samenhaus.de\\\/gartenblog\\\/gemueseanbau-im-herbst-diese-sorten-wachsen-auch-bei-wind-und-wetter#breadcrumb\"},\"inLanguage\":\"de\",\"potentialAction\":[{\"@type\":\"ReadAction\",\"target\":[\"https:\\\/\\\/www.samenhaus.de\\\/gartenblog\\\/gemueseanbau-im-herbst-diese-sorten-wachsen-auch-bei-wind-und-wetter\"]}]},{\"@type\":\"ImageObject\",\"inLanguage\":\"de\",\"@id\":\"https:\\\/\\\/www.samenhaus.de\\\/gartenblog\\\/gemueseanbau-im-herbst-diese-sorten-wachsen-auch-bei-wind-und-wetter#primaryimage\",\"url\":\"https:\\\/\\\/www.samenhaus.de\\\/gartenblog\\\/wp-content\\\/uploads\\\/2022\\\/03\\\/Gemueseanbau-Herbst_187510327-scaled.jpeg\",\"contentUrl\":\"https:\\\/\\\/www.samenhaus.de\\\/gartenblog\\\/wp-content\\\/uploads\\\/2022\\\/03\\\/Gemueseanbau-Herbst_187510327-scaled.jpeg\",\"width\":2560,\"height\":1707,\"caption\":\"Herbstgem\u00fcse\"},{\"@type\":\"BreadcrumbList\",\"@id\":\"https:\\\/\\\/www.samenhaus.de\\\/gartenblog\\\/gemueseanbau-im-herbst-diese-sorten-wachsen-auch-bei-wind-und-wetter#breadcrumb\",\"itemListElement\":[{\"@type\":\"ListItem\",\"position\":1,\"name\":\"Startseite\",\"item\":\"https:\\\/\\\/www.samenhaus.de\\\/gartenblog\\\/\"},{\"@type\":\"ListItem\",\"position\":2,\"name\":\"Gem\u00fcseanbau im Herbst: Diese Sorten wachsen auch bei Wind und Wetter\"}]},{\"@type\":\"WebSite\",\"@id\":\"https:\\\/\\\/www.samenhaus.de\\\/gartenblog\\\/#website\",\"url\":\"https:\\\/\\\/www.samenhaus.de\\\/gartenblog\\\/\",\"name\":\"Samenhaus Gartenblog\",\"description\":\"\",\"publisher\":{\"@id\":\"https:\\\/\\\/www.samenhaus.de\\\/gartenblog\\\/#organization\"},\"potentialAction\":[{\"@type\":\"SearchAction\",\"target\":{\"@type\":\"EntryPoint\",\"urlTemplate\":\"https:\\\/\\\/www.samenhaus.de\\\/gartenblog\\\/?s={search_term_string}\"},\"query-input\":{\"@type\":\"PropertyValueSpecification\",\"valueRequired\":true,\"valueName\":\"search_term_string\"}}],\"inLanguage\":\"de\"},{\"@type\":\"Organization\",\"@id\":\"https:\\\/\\\/www.samenhaus.de\\\/gartenblog\\\/#organization\",\"name\":\"Samenhaus.de Gartenblog\",\"url\":\"https:\\\/\\\/www.samenhaus.de\\\/gartenblog\\\/\",\"logo\":{\"@type\":\"ImageObject\",\"inLanguage\":\"de\",\"@id\":\"https:\\\/\\\/www.samenhaus.de\\\/gartenblog\\\/#\\\/schema\\\/logo\\\/image\\\/\",\"url\":\"https:\\\/\\\/www.samenhaus.de\\\/gartenblog\\\/wp-content\\\/uploads\\\/2020\\\/11\\\/logo.svg\",\"contentUrl\":\"https:\\\/\\\/www.samenhaus.de\\\/gartenblog\\\/wp-content\\\/uploads\\\/2020\\\/11\\\/logo.svg\",\"width\":1,\"height\":1,\"caption\":\"Samenhaus.de Gartenblog\"},\"image\":{\"@id\":\"https:\\\/\\\/www.samenhaus.de\\\/gartenblog\\\/#\\\/schema\\\/logo\\\/image\\\/\"},\"sameAs\":[\"https:\\\/\\\/de-de.facebook.com\\\/samenhaus\",\"https:\\\/\\\/x.com\\\/samenhaus\"]},{\"@type\":\"Person\",\"@id\":\"https:\\\/\\\/www.samenhaus.de\\\/gartenblog\\\/#\\\/schema\\\/person\\\/a0608c49bb909de7ed33e44abc853c6b\",\"name\":\"Fritz\",\"image\":{\"@type\":\"ImageObject\",\"inLanguage\":\"de\",\"@id\":\"https:\\\/\\\/www.samenhaus.de\\\/gartenblog\\\/wp-content\\\/uploads\\\/2024\\\/11\\\/Tobi-1-150x150.jpg\",\"url\":\"https:\\\/\\\/www.samenhaus.de\\\/gartenblog\\\/wp-content\\\/uploads\\\/2024\\\/11\\\/Tobi-1-150x150.jpg\",\"contentUrl\":\"https:\\\/\\\/www.samenhaus.de\\\/gartenblog\\\/wp-content\\\/uploads\\\/2024\\\/11\\\/Tobi-1-150x150.jpg\",\"caption\":\"Fritz\"},\"description\":\"Das ist Fritz. Er steht f\u00fcr all die erfahrenen G\u00e4rtner und Selbstversorger, die ihr Wissen und ihre Erfahrungen auf dem Gartenblog mit Ihnen teilen. Mit Tipps und Tricks f\u00fcr den Garten, den Balkon und die K\u00fcche steht Fritz Ihnen zur Seite.\",\"url\":\"https:\\\/\\\/www.samenhaus.de\\\/gartenblog\\\/author\\\/tobias\"}]}<\/script>\n<!-- \/ Yoast SEO plugin. -->","yoast_head_json":{"title":"Gem\u00fcseanbau im Herbst: Diese Sorten wachsen auch bei Wind und Wetter - Samenhaus Gartenblog","description":"Auch im Herbst k\u00f6nnen Sie noch Gem\u00fcse anbauen. Ihr Garten muss nicht brach liegen. Einige Gem\u00fcsearten werden sogar viel schmackhafter.","robots":{"index":"index","follow":"follow","max-snippet":"max-snippet:-1","max-image-preview":"max-image-preview:large","max-video-preview":"max-video-preview:-1"},"canonical":"https:\/\/www.samenhaus.de\/gartenblog\/gemueseanbau-im-herbst-diese-sorten-wachsen-auch-bei-wind-und-wetter","og_locale":"de_DE","og_type":"article","og_title":"Gem\u00fcseanbau im Herbst: Diese Sorten wachsen auch bei Wind und Wetter - Samenhaus Gartenblog","og_description":"Auch im Herbst k\u00f6nnen Sie noch Gem\u00fcse anbauen. Ihr Garten muss nicht brach liegen. Einige Gem\u00fcsearten werden sogar viel schmackhafter.","og_url":"https:\/\/www.samenhaus.de\/gartenblog\/gemueseanbau-im-herbst-diese-sorten-wachsen-auch-bei-wind-und-wetter","og_site_name":"Samenhaus Gartenblog","article_publisher":"https:\/\/de-de.facebook.com\/samenhaus","article_published_time":"2022-03-30T09:00:08+00:00","article_modified_time":"2023-07-07T03:40:23+00:00","og_image":[{"width":2560,"height":1707,"url":"https:\/\/www.samenhaus.de\/gartenblog\/wp-content\/uploads\/2022\/03\/Gemueseanbau-Herbst_187510327-scaled.jpeg","type":"image\/jpeg"}],"author":"Fritz","twitter_card":"summary_large_image","twitter_creator":"@samenhaus","twitter_site":"@samenhaus","twitter_misc":{"Verfasst von":"Fritz","Gesch\u00e4tzte Lesezeit":"8\u00a0Minuten"},"schema":{"@context":"https:\/\/schema.org","@graph":[{"@type":"Article","@id":"https:\/\/www.samenhaus.de\/gartenblog\/gemueseanbau-im-herbst-diese-sorten-wachsen-auch-bei-wind-und-wetter#article","isPartOf":{"@id":"https:\/\/www.samenhaus.de\/gartenblog\/gemueseanbau-im-herbst-diese-sorten-wachsen-auch-bei-wind-und-wetter"},"author":{"name":"Fritz","@id":"https:\/\/www.samenhaus.de\/gartenblog\/#\/schema\/person\/a0608c49bb909de7ed33e44abc853c6b"},"headline":"Gem\u00fcseanbau im Herbst: Diese Sorten wachsen auch bei Wind und Wetter","datePublished":"2022-03-30T09:00:08+00:00","dateModified":"2023-07-07T03:40:23+00:00","mainEntityOfPage":{"@id":"https:\/\/www.samenhaus.de\/gartenblog\/gemueseanbau-im-herbst-diese-sorten-wachsen-auch-bei-wind-und-wetter"},"wordCount":896,"commentCount":0,"publisher":{"@id":"https:\/\/www.samenhaus.de\/gartenblog\/#organization"},"image":{"@id":"https:\/\/www.samenhaus.de\/gartenblog\/gemueseanbau-im-herbst-diese-sorten-wachsen-auch-bei-wind-und-wetter#primaryimage"},"thumbnailUrl":"https:\/\/www.samenhaus.de\/gartenblog\/wp-content\/uploads\/2022\/03\/Gemueseanbau-Herbst_187510327-scaled.jpeg","articleSection":["Gem\u00fcse"],"inLanguage":"de","potentialAction":[{"@type":"CommentAction","name":"Comment","target":["https:\/\/www.samenhaus.de\/gartenblog\/gemueseanbau-im-herbst-diese-sorten-wachsen-auch-bei-wind-und-wetter#respond"]}],"copyrightYear":"2022","copyrightHolder":{"@id":"https:\/\/www.samenhaus.de\/gartenblog\/#organization"}},{"@type":"WebPage","@id":"https:\/\/www.samenhaus.de\/gartenblog\/gemueseanbau-im-herbst-diese-sorten-wachsen-auch-bei-wind-und-wetter","url":"https:\/\/www.samenhaus.de\/gartenblog\/gemueseanbau-im-herbst-diese-sorten-wachsen-auch-bei-wind-und-wetter","name":"Gem\u00fcseanbau im Herbst: Diese Sorten wachsen auch bei Wind und Wetter - Samenhaus Gartenblog","isPartOf":{"@id":"https:\/\/www.samenhaus.de\/gartenblog\/#website"},"primaryImageOfPage":{"@id":"https:\/\/www.samenhaus.de\/gartenblog\/gemueseanbau-im-herbst-diese-sorten-wachsen-auch-bei-wind-und-wetter#primaryimage"},"image":{"@id":"https:\/\/www.samenhaus.de\/gartenblog\/gemueseanbau-im-herbst-diese-sorten-wachsen-auch-bei-wind-und-wetter#primaryimage"},"thumbnailUrl":"https:\/\/www.samenhaus.de\/gartenblog\/wp-content\/uploads\/2022\/03\/Gemueseanbau-Herbst_187510327-scaled.jpeg","datePublished":"2022-03-30T09:00:08+00:00","dateModified":"2023-07-07T03:40:23+00:00","description":"Auch im Herbst k\u00f6nnen Sie noch Gem\u00fcse anbauen. Ihr Garten muss nicht brach liegen. Einige Gem\u00fcsearten werden sogar viel schmackhafter.","breadcrumb":{"@id":"https:\/\/www.samenhaus.de\/gartenblog\/gemueseanbau-im-herbst-diese-sorten-wachsen-auch-bei-wind-und-wetter#breadcrumb"},"inLanguage":"de","potentialAction":[{"@type":"ReadAction","target":["https:\/\/www.samenhaus.de\/gartenblog\/gemueseanbau-im-herbst-diese-sorten-wachsen-auch-bei-wind-und-wetter"]}]},{"@type":"ImageObject","inLanguage":"de","@id":"https:\/\/www.samenhaus.de\/gartenblog\/gemueseanbau-im-herbst-diese-sorten-wachsen-auch-bei-wind-und-wetter#primaryimage","url":"https:\/\/www.samenhaus.de\/gartenblog\/wp-content\/uploads\/2022\/03\/Gemueseanbau-Herbst_187510327-scaled.jpeg","contentUrl":"https:\/\/www.samenhaus.de\/gartenblog\/wp-content\/uploads\/2022\/03\/Gemueseanbau-Herbst_187510327-scaled.jpeg","width":2560,"height":1707,"caption":"Herbstgem\u00fcse"},{"@type":"BreadcrumbList","@id":"https:\/\/www.samenhaus.de\/gartenblog\/gemueseanbau-im-herbst-diese-sorten-wachsen-auch-bei-wind-und-wetter#breadcrumb","itemListElement":[{"@type":"ListItem","position":1,"name":"Startseite","item":"https:\/\/www.samenhaus.de\/gartenblog\/"},{"@type":"ListItem","position":2,"name":"Gem\u00fcseanbau im Herbst: Diese Sorten wachsen auch bei Wind und Wetter"}]},{"@type":"WebSite","@id":"https:\/\/www.samenhaus.de\/gartenblog\/#website","url":"https:\/\/www.samenhaus.de\/gartenblog\/","name":"Samenhaus Gartenblog","description":"","publisher":{"@id":"https:\/\/www.samenhaus.de\/gartenblog\/#organization"},"potentialAction":[{"@type":"SearchAction","target":{"@type":"EntryPoint","urlTemplate":"https:\/\/www.samenhaus.de\/gartenblog\/?s={search_term_string}"},"query-input":{"@type":"PropertyValueSpecification","valueRequired":true,"valueName":"search_term_string"}}],"inLanguage":"de"},{"@type":"Organization","@id":"https:\/\/www.samenhaus.de\/gartenblog\/#organization","name":"Samenhaus.de Gartenblog","url":"https:\/\/www.samenhaus.de\/gartenblog\/","logo":{"@type":"ImageObject","inLanguage":"de","@id":"https:\/\/www.samenhaus.de\/gartenblog\/#\/schema\/logo\/image\/","url":"https:\/\/www.samenhaus.de\/gartenblog\/wp-content\/uploads\/2020\/11\/logo.svg","contentUrl":"https:\/\/www.samenhaus.de\/gartenblog\/wp-content\/uploads\/2020\/11\/logo.svg","width":1,"height":1,"caption":"Samenhaus.de Gartenblog"},"image":{"@id":"https:\/\/www.samenhaus.de\/gartenblog\/#\/schema\/logo\/image\/"},"sameAs":["https:\/\/de-de.facebook.com\/samenhaus","https:\/\/x.com\/samenhaus"]},{"@type":"Person","@id":"https:\/\/www.samenhaus.de\/gartenblog\/#\/schema\/person\/a0608c49bb909de7ed33e44abc853c6b","name":"Fritz","image":{"@type":"ImageObject","inLanguage":"de","@id":"https:\/\/www.samenhaus.de\/gartenblog\/wp-content\/uploads\/2024\/11\/Tobi-1-150x150.jpg","url":"https:\/\/www.samenhaus.de\/gartenblog\/wp-content\/uploads\/2024\/11\/Tobi-1-150x150.jpg","contentUrl":"https:\/\/www.samenhaus.de\/gartenblog\/wp-content\/uploads\/2024\/11\/Tobi-1-150x150.jpg","caption":"Fritz"},"description":"Das ist Fritz. Er steht f\u00fcr all die erfahrenen G\u00e4rtner und Selbstversorger, die ihr Wissen und ihre Erfahrungen auf dem Gartenblog mit Ihnen teilen. Mit Tipps und Tricks f\u00fcr den Garten, den Balkon und die K\u00fcche steht Fritz Ihnen zur Seite.","url":"https:\/\/www.samenhaus.de\/gartenblog\/author\/tobias"}]}},"wp-worthy-pixel":{"ignored":false,"public":null,"server":null,"url":null},"wp-worthy-type":"normal","_links":{"self":[{"href":"https:\/\/www.samenhaus.de\/gartenblog\/wp-json\/wp\/v2\/posts\/1515","targetHints":{"allow":["GET"]}}],"collection":[{"href":"https:\/\/www.samenhaus.de\/gartenblog\/wp-json\/wp\/v2\/posts"}],"about":[{"href":"https:\/\/www.samenhaus.de\/gartenblog\/wp-json\/wp\/v2\/types\/post"}],"author":[{"embeddable":true,"href":"https:\/\/www.samenhaus.de\/gartenblog\/wp-json\/wp\/v2\/users\/7"}],"replies":[{"embeddable":true,"href":"https:\/\/www.samenhaus.de\/gartenblog\/wp-json\/wp\/v2\/comments?post=1515"}],"version-history":[{"count":5,"href":"https:\/\/www.samenhaus.de\/gartenblog\/wp-json\/wp\/v2\/posts\/1515\/revisions"}],"predecessor-version":[{"id":12406,"href":"https:\/\/www.samenhaus.de\/gartenblog\/wp-json\/wp\/v2\/posts\/1515\/revisions\/12406"}],"wp:featuredmedia":[{"embeddable":true,"href":"https:\/\/www.samenhaus.de\/gartenblog\/wp-json\/wp\/v2\/media\/3093"}],"wp:attachment":[{"href":"https:\/\/www.samenhaus.de\/gartenblog\/wp-json\/wp\/v2\/media?parent=1515"}],"wp:term":[{"taxonomy":"category","embeddable":true,"href":"https:\/\/www.samenhaus.de\/gartenblog\/wp-json\/wp\/v2\/categories?post=1515"},{"taxonomy":"post_tag","embeddable":true,"href":"https:\/\/www.samenhaus.de\/gartenblog\/wp-json\/wp\/v2\/tags?post=1515"},{"taxonomy":"hersteller","embeddable":true,"href":"https:\/\/www.samenhaus.de\/gartenblog\/wp-json\/wp\/v2\/hersteller?post=1515"}],"curies":[{"name":"wp","href":"https:\/\/api.w.org\/{rel}","templated":true}]}}