{"id":15323,"date":"2023-11-15T11:52:06","date_gmt":"2023-11-15T10:52:06","guid":{"rendered":"https:\/\/www.samenhaus.de\/gartenblog\/?p=15323"},"modified":"2023-11-15T11:52:06","modified_gmt":"2023-11-15T10:52:06","slug":"versicherungspflicht-fuer-rasenmaehen","status":"publish","type":"post","link":"https:\/\/www.samenhaus.de\/gartenblog\/versicherungspflicht-fuer-rasenmaehen","title":{"rendered":"Versicherungspflicht f\u00fcr Rasenm\u00e4hen"},"content":{"rendered":"<p>Ein Rasenm\u00e4her geh\u00f6rt nat\u00fcrlich zur Grundausstattung eines jeden G\u00e4rtners. Schlie\u00dflich will der Rasen gut gepflegt werden, damit er saftig gr\u00fcn wird und bleibt. Dabei kann auch schon mal ein kleines Verm\u00f6gen ausgegeben werden. Denn neben den klassischen Rasenm\u00e4hern leisten sich viele Hobbyg\u00e4rtner auch gerne mal einen Aufsitzrasenm\u00e4her. Besonders bei gro\u00dfen Fl\u00e4chen vereinfacht der Aufsitzrasenm\u00e4her die Arbeit. Warum diese bald aber noch teurer werden k\u00f6nnen, erkl\u00e4ren wir in diesem Artikel.<\/p>\n<h2><span class=\"ez-toc-section\" id=\"Neue_Gesetzesregelung\"><\/span>Neue Gesetzesregelung<span class=\"ez-toc-section-end\"><\/span><\/h2>\n<p><img loading=\"lazy\" decoding=\"async\" class=\"size-full wp-image-15326 alignright\" src=\"https:\/\/www.samenhaus.de\/gartenblog\/wp-content\/uploads\/2023\/11\/Rasenmaeher-Versicherung_38408463.jpg\" alt=\"Gesetzbuch\" width=\"300\" height=\"200\" \/>Eine Kfz-Versicherung f\u00fcr ein Auto ist ganz selbstverst\u00e4ndlich. Aber w\u00fcrden Sie darauf kommen, ihren Rasenm\u00e4her zu versichern? Und zwar ganz speziell den Aufsitzrasenm\u00e4her. Sollten Sie so einen besitzen, dann k\u00f6nnte eine Kfz-Versicherung auch f\u00fcr Sie Pflicht werden. Denn die Bundesregierung plant eine Versicherungspflicht f\u00fcr selbstfahrende Arbeitsmaschinen, welche eine H\u00f6chstgeschwindigkeit von 6 km\/h bis 20 km\/h erreichen k\u00f6nnen. Darunter w\u00fcrden unter anderem Erntemaschinen, Kehrmaschinen, Gabelstapler und auch Aufsitzrasenm\u00e4her fallen.<br \/>\nJedoch m\u00fcssen Sie nicht gleich losst\u00fcrmen und eine Kfz-Versicherung f\u00fcr Ihren Rasenm\u00e4her abschlie\u00dfen. Dieser Gesetzesentwurf gilt f\u00fcr Fahrzeuge, welche im \u00f6ffentlichen Raum genutzt werden. Hei\u00dft, bewegen Sie ihren Rasenm\u00e4her\u00a0ausschlie\u00dflich auf dem eigenen Grundst\u00fcck, ben\u00f6tigen Sie keine Kfz-Versicherung. Aber Achtung: m\u00f6chten Sie die Rasenfl\u00e4che an Ihrer Grundst\u00fccksgrenze m\u00e4hen oder m\u00fcssen Sie zum\u00a0Erreichen\u00a0Ihrer Rasenfl\u00e4che \u00f6ffentliche Wege benutzen, dann tritt die Regelung wieder in Kraft.<\/p>\n<h2><span class=\"ez-toc-section\" id=\"Warum_dieses_Gesetz\"><\/span>Warum dieses Gesetz?<span class=\"ez-toc-section-end\"><\/span><\/h2>\n<p>Der Grund f\u00fcr diese Gesetzesregelung ist eine EU-Richtlinie, welche eine einheitliche Versicherungspflicht regel soll. Diese soll ebenfalls die Entsch\u00e4digung von Verkehrsopfern regeln, wenn eine Autoversicherung insolvent geht. Die Haftpflichtversicherungssummen steigen dann nat\u00fcrlich auch. Konkret hei\u00dft das f\u00fcr Personensch\u00e4den 7,5 Millionen Euro, f\u00fcr Sachsch\u00e4den 1,5 Millionen Euro und f\u00fcr Verm\u00f6genssch\u00e4den 50.000 Euro.<\/p>\n<h2><span class=\"ez-toc-section\" id=\"Bisherige_Regelung\"><\/span>Bisherige Regelung<span class=\"ez-toc-section-end\"><\/span><\/h2>\n<p><img loading=\"lazy\" decoding=\"async\" class=\"size-full wp-image-15328 alignright\" src=\"https:\/\/www.samenhaus.de\/gartenblog\/wp-content\/uploads\/2023\/11\/Rasenmaeher-Versicherung_278947585.jpg\" alt=\"Haftplicht\" width=\"300\" height=\"200\" \/>Bisher waren selbstfahrende Arbeitsger\u00e4te bis zu 20 km\/h \u00fcber die private Haftpflichtversicherung abgesichert. Diese reicht auch weiterhin aus, wenn Sie den Rasenm\u00e4her zum Fahren ausschlie\u00dflich auf privaten Grundst\u00fcck nutzen. Die Haftpflichtversicherung ist, aus Sicht der Versicherungsverb\u00e4nde, auch weiterhin die kosteng\u00fcnstigste und praktikabelste L\u00f6sung und hat bis jetzt auch vollkommen ausgereicht. Eine Kfz-Versicherung w\u00fcrde nur zu h\u00f6heren Beitr\u00e4gen f\u00fchren.<\/p>\n<h2><span class=\"ez-toc-section\" id=\"Hohe_Strafe_wenn_nicht_versichert\"><\/span>Hohe Strafe, wenn\u00a0nicht,\u00a0versichert<span class=\"ez-toc-section-end\"><\/span><\/h2>\n<p>Wer sich gegen die neue Regelung quer stellt, kann mit hohen Geldbu\u00dfen rechnen. Zudem k\u00f6nnte das Fahrzeug eingezogen werden. Und nicht nur das, auch eine Freiheitsstrafe von bis zu einem Jahr sind drin. Es wird aber gepr\u00fcft, ob die Sanktionen vorerst nicht durchgef\u00fchrt werden.<\/p>\n<p>Pr\u00fcfen Sie also, ob in Ihrem Fall eine Kfz-Versicherung notwendig ist und vielleicht gehen Sie einfach auf den guten, alten Elektro- oder Benzinrasenm\u00e4her zum\u00a0Schieben\u00a0\u00fcben. Damit sparen Sie nicht nur Geld, sondern haben auch noch ein kostenloses Training inbegriffen.<\/p>\n","protected":false},"excerpt":{"rendered":"<p>Ein Rasenm\u00e4her geh\u00f6rt nat\u00fcrlich zur Grundausstattung eines jeden G\u00e4rtners. Schlie\u00dflich will der Rasen gut gepflegt werden, damit er saftig gr\u00fcn wird und bleibt. Dabei kann auch schon mal ein kleines Verm\u00f6gen ausgegeben werden. Denn neben den klassischen Rasenm\u00e4hern leisten sich viele Hobbyg\u00e4rtner auch gerne mal einen Aufsitzrasenm\u00e4her. Besonders bei gro\u00dfen Fl\u00e4chen vereinfacht der Aufsitzrasenm\u00e4her die Arbeit. Warum diese bald aber noch teurer werden k\u00f6nnen, erkl\u00e4ren wir in diesem Artikel. Neue Gesetzesregelung Eine Kfz-Versicherung f\u00fcr ein Auto ist ganz selbstverst\u00e4ndlich. Aber w\u00fcrden Sie darauf kommen, ihren Rasenm\u00e4her zu versichern? Und zwar ganz speziell den Aufsitzrasenm\u00e4her. Sollten Sie so einen besitzen, dann k\u00f6nnte eine Kfz-Versicherung auch f\u00fcr Sie Pflicht werden. Denn die Bundesregierung plant eine Versicherungspflicht f\u00fcr selbstfahrende Arbeitsmaschinen, welche eine H\u00f6chstgeschwindigkeit von 6 km\/h bis 20 km\/h erreichen k\u00f6nnen. Darunter w\u00fcrden unter anderem Erntemaschinen, Kehrmaschinen, Gabelstapler und auch Aufsitzrasenm\u00e4her fallen. Jedoch m\u00fcssen Sie nicht gleich losst\u00fcrmen und eine Kfz-Versicherung f\u00fcr Ihren Rasenm\u00e4her abschlie\u00dfen. Dieser Gesetzesentwurf gilt f\u00fcr Fahrzeuge, welche im \u00f6ffentlichen Raum genutzt werden. Hei\u00dft, bewegen Sie ihren Rasenm\u00e4her\u00a0ausschlie\u00dflich auf dem eigenen Grundst\u00fcck, ben\u00f6tigen Sie keine Kfz-Versicherung. Aber Achtung: m\u00f6chten Sie die Rasenfl\u00e4che an Ihrer Grundst\u00fccksgrenze m\u00e4hen oder m\u00fcssen Sie zum\u00a0Erreichen\u00a0Ihrer Rasenfl\u00e4che \u00f6ffentliche Wege benutzen, dann tritt die Regelung wieder in [&hellip;]<\/p>\n","protected":false},"author":9,"featured_media":15327,"comment_status":"open","ping_status":"open","sticky":false,"template":"","format":"standard","meta":{"_acf_changed":false,"footnotes":""},"categories":[30],"tags":[],"hersteller":[],"class_list":["post-15323","post","type-post","status-publish","format-standard","has-post-thumbnail","hentry","category-news"],"acf":[],"yoast_head":"<!-- This site is optimized with the Yoast SEO plugin v27.4 - https:\/\/yoast.com\/product\/yoast-seo-wordpress\/ -->\n<title>Versicherungspflicht f\u00fcr Rasenm\u00e4hen - Samenhaus Gartenblog<\/title>\n<meta name=\"description\" content=\"F\u00fcr Besitzer eines Aufsitzrasenm\u00e4hers k\u00f6nnte eine Kfz-Versicherung zur Pflicht werden. Genau dann, wenn der Rasenm\u00e4her auf \u00f6ffentlichen Wegen benutzt wird.\" \/>\n<meta name=\"robots\" content=\"index, follow, max-snippet:-1, max-image-preview:large, max-video-preview:-1\" \/>\n<link rel=\"canonical\" href=\"https:\/\/www.samenhaus.de\/gartenblog\/versicherungspflicht-fuer-rasenmaehen\" \/>\n<meta property=\"og:locale\" content=\"de_DE\" \/>\n<meta property=\"og:type\" content=\"article\" \/>\n<meta property=\"og:title\" content=\"Versicherungspflicht f\u00fcr Rasenm\u00e4hen - Samenhaus Gartenblog\" \/>\n<meta property=\"og:description\" content=\"F\u00fcr Besitzer eines Aufsitzrasenm\u00e4hers k\u00f6nnte eine Kfz-Versicherung zur Pflicht werden. Genau dann, wenn der Rasenm\u00e4her auf \u00f6ffentlichen Wegen benutzt wird.\" \/>\n<meta property=\"og:url\" content=\"https:\/\/www.samenhaus.de\/gartenblog\/versicherungspflicht-fuer-rasenmaehen\" \/>\n<meta property=\"og:site_name\" content=\"Samenhaus Gartenblog\" \/>\n<meta property=\"article:publisher\" content=\"https:\/\/de-de.facebook.com\/samenhaus\" \/>\n<meta property=\"article:published_time\" content=\"2023-11-15T10:52:06+00:00\" \/>\n<meta property=\"og:image\" content=\"https:\/\/www.samenhaus.de\/gartenblog\/wp-content\/uploads\/2023\/11\/Rasenmaeher-Versicherung_202764940.jpg\" \/>\n\t<meta property=\"og:image:width\" content=\"750\" \/>\n\t<meta property=\"og:image:height\" content=\"500\" \/>\n\t<meta property=\"og:image:type\" content=\"image\/jpeg\" \/>\n<meta name=\"author\" content=\"Caroline\" \/>\n<meta name=\"twitter:card\" content=\"summary_large_image\" \/>\n<meta name=\"twitter:creator\" content=\"@samenhaus\" \/>\n<meta name=\"twitter:site\" content=\"@samenhaus\" \/>\n<meta name=\"twitter:label1\" content=\"Verfasst von\" \/>\n\t<meta name=\"twitter:data1\" content=\"Caroline\" \/>\n\t<meta name=\"twitter:label2\" content=\"Gesch\u00e4tzte Lesezeit\" \/>\n\t<meta name=\"twitter:data2\" content=\"3\u00a0Minuten\" \/>\n<script type=\"application\/ld+json\" class=\"yoast-schema-graph\">{\"@context\":\"https:\\\/\\\/schema.org\",\"@graph\":[{\"@type\":\"Article\",\"@id\":\"https:\\\/\\\/www.samenhaus.de\\\/gartenblog\\\/versicherungspflicht-fuer-rasenmaehen#article\",\"isPartOf\":{\"@id\":\"https:\\\/\\\/www.samenhaus.de\\\/gartenblog\\\/versicherungspflicht-fuer-rasenmaehen\"},\"author\":{\"name\":\"Caroline\",\"@id\":\"https:\\\/\\\/www.samenhaus.de\\\/gartenblog\\\/#\\\/schema\\\/person\\\/6e944e1fc5c1289be60e7fe439906c30\"},\"headline\":\"Versicherungspflicht f\u00fcr Rasenm\u00e4hen\",\"datePublished\":\"2023-11-15T10:52:06+00:00\",\"mainEntityOfPage\":{\"@id\":\"https:\\\/\\\/www.samenhaus.de\\\/gartenblog\\\/versicherungspflicht-fuer-rasenmaehen\"},\"wordCount\":481,\"commentCount\":0,\"publisher\":{\"@id\":\"https:\\\/\\\/www.samenhaus.de\\\/gartenblog\\\/#organization\"},\"image\":{\"@id\":\"https:\\\/\\\/www.samenhaus.de\\\/gartenblog\\\/versicherungspflicht-fuer-rasenmaehen#primaryimage\"},\"thumbnailUrl\":\"https:\\\/\\\/www.samenhaus.de\\\/gartenblog\\\/wp-content\\\/uploads\\\/2023\\\/11\\\/Rasenmaeher-Versicherung_202764940.jpg\",\"articleSection\":[\"News\"],\"inLanguage\":\"de\",\"potentialAction\":[{\"@type\":\"CommentAction\",\"name\":\"Comment\",\"target\":[\"https:\\\/\\\/www.samenhaus.de\\\/gartenblog\\\/versicherungspflicht-fuer-rasenmaehen#respond\"]}],\"copyrightYear\":\"2023\",\"copyrightHolder\":{\"@id\":\"https:\\\/\\\/www.samenhaus.de\\\/gartenblog\\\/#organization\"}},{\"@type\":\"WebPage\",\"@id\":\"https:\\\/\\\/www.samenhaus.de\\\/gartenblog\\\/versicherungspflicht-fuer-rasenmaehen\",\"url\":\"https:\\\/\\\/www.samenhaus.de\\\/gartenblog\\\/versicherungspflicht-fuer-rasenmaehen\",\"name\":\"Versicherungspflicht f\u00fcr Rasenm\u00e4hen - Samenhaus Gartenblog\",\"isPartOf\":{\"@id\":\"https:\\\/\\\/www.samenhaus.de\\\/gartenblog\\\/#website\"},\"primaryImageOfPage\":{\"@id\":\"https:\\\/\\\/www.samenhaus.de\\\/gartenblog\\\/versicherungspflicht-fuer-rasenmaehen#primaryimage\"},\"image\":{\"@id\":\"https:\\\/\\\/www.samenhaus.de\\\/gartenblog\\\/versicherungspflicht-fuer-rasenmaehen#primaryimage\"},\"thumbnailUrl\":\"https:\\\/\\\/www.samenhaus.de\\\/gartenblog\\\/wp-content\\\/uploads\\\/2023\\\/11\\\/Rasenmaeher-Versicherung_202764940.jpg\",\"datePublished\":\"2023-11-15T10:52:06+00:00\",\"description\":\"F\u00fcr Besitzer eines Aufsitzrasenm\u00e4hers k\u00f6nnte eine Kfz-Versicherung zur Pflicht werden. Genau dann, wenn der Rasenm\u00e4her auf \u00f6ffentlichen Wegen benutzt wird.\",\"breadcrumb\":{\"@id\":\"https:\\\/\\\/www.samenhaus.de\\\/gartenblog\\\/versicherungspflicht-fuer-rasenmaehen#breadcrumb\"},\"inLanguage\":\"de\",\"potentialAction\":[{\"@type\":\"ReadAction\",\"target\":[\"https:\\\/\\\/www.samenhaus.de\\\/gartenblog\\\/versicherungspflicht-fuer-rasenmaehen\"]}]},{\"@type\":\"ImageObject\",\"inLanguage\":\"de\",\"@id\":\"https:\\\/\\\/www.samenhaus.de\\\/gartenblog\\\/versicherungspflicht-fuer-rasenmaehen#primaryimage\",\"url\":\"https:\\\/\\\/www.samenhaus.de\\\/gartenblog\\\/wp-content\\\/uploads\\\/2023\\\/11\\\/Rasenmaeher-Versicherung_202764940.jpg\",\"contentUrl\":\"https:\\\/\\\/www.samenhaus.de\\\/gartenblog\\\/wp-content\\\/uploads\\\/2023\\\/11\\\/Rasenmaeher-Versicherung_202764940.jpg\",\"width\":750,\"height\":500,\"caption\":\"Aufsitzrasenm\u00e4hen\"},{\"@type\":\"BreadcrumbList\",\"@id\":\"https:\\\/\\\/www.samenhaus.de\\\/gartenblog\\\/versicherungspflicht-fuer-rasenmaehen#breadcrumb\",\"itemListElement\":[{\"@type\":\"ListItem\",\"position\":1,\"name\":\"Startseite\",\"item\":\"https:\\\/\\\/www.samenhaus.de\\\/gartenblog\\\/\"},{\"@type\":\"ListItem\",\"position\":2,\"name\":\"Versicherungspflicht f\u00fcr Rasenm\u00e4hen\"}]},{\"@type\":\"WebSite\",\"@id\":\"https:\\\/\\\/www.samenhaus.de\\\/gartenblog\\\/#website\",\"url\":\"https:\\\/\\\/www.samenhaus.de\\\/gartenblog\\\/\",\"name\":\"Samenhaus Gartenblog\",\"description\":\"\",\"publisher\":{\"@id\":\"https:\\\/\\\/www.samenhaus.de\\\/gartenblog\\\/#organization\"},\"potentialAction\":[{\"@type\":\"SearchAction\",\"target\":{\"@type\":\"EntryPoint\",\"urlTemplate\":\"https:\\\/\\\/www.samenhaus.de\\\/gartenblog\\\/?s={search_term_string}\"},\"query-input\":{\"@type\":\"PropertyValueSpecification\",\"valueRequired\":true,\"valueName\":\"search_term_string\"}}],\"inLanguage\":\"de\"},{\"@type\":\"Organization\",\"@id\":\"https:\\\/\\\/www.samenhaus.de\\\/gartenblog\\\/#organization\",\"name\":\"Samenhaus.de Gartenblog\",\"url\":\"https:\\\/\\\/www.samenhaus.de\\\/gartenblog\\\/\",\"logo\":{\"@type\":\"ImageObject\",\"inLanguage\":\"de\",\"@id\":\"https:\\\/\\\/www.samenhaus.de\\\/gartenblog\\\/#\\\/schema\\\/logo\\\/image\\\/\",\"url\":\"https:\\\/\\\/www.samenhaus.de\\\/gartenblog\\\/wp-content\\\/uploads\\\/2020\\\/11\\\/logo.svg\",\"contentUrl\":\"https:\\\/\\\/www.samenhaus.de\\\/gartenblog\\\/wp-content\\\/uploads\\\/2020\\\/11\\\/logo.svg\",\"width\":1,\"height\":1,\"caption\":\"Samenhaus.de Gartenblog\"},\"image\":{\"@id\":\"https:\\\/\\\/www.samenhaus.de\\\/gartenblog\\\/#\\\/schema\\\/logo\\\/image\\\/\"},\"sameAs\":[\"https:\\\/\\\/de-de.facebook.com\\\/samenhaus\",\"https:\\\/\\\/x.com\\\/samenhaus\"]},{\"@type\":\"Person\",\"@id\":\"https:\\\/\\\/www.samenhaus.de\\\/gartenblog\\\/#\\\/schema\\\/person\\\/6e944e1fc5c1289be60e7fe439906c30\",\"name\":\"Caroline\",\"image\":{\"@type\":\"ImageObject\",\"inLanguage\":\"de\",\"@id\":\"https:\\\/\\\/www.samenhaus.de\\\/gartenblog\\\/wp-content\\\/uploads\\\/2026\\\/03\\\/caro-150x150.png\",\"url\":\"https:\\\/\\\/www.samenhaus.de\\\/gartenblog\\\/wp-content\\\/uploads\\\/2026\\\/03\\\/caro-150x150.png\",\"contentUrl\":\"https:\\\/\\\/www.samenhaus.de\\\/gartenblog\\\/wp-content\\\/uploads\\\/2026\\\/03\\\/caro-150x150.png\",\"caption\":\"Caroline\"},\"url\":\"https:\\\/\\\/www.samenhaus.de\\\/gartenblog\\\/author\\\/caroline\"}]}<\/script>\n<!-- \/ Yoast SEO plugin. -->","yoast_head_json":{"title":"Versicherungspflicht f\u00fcr Rasenm\u00e4hen - Samenhaus Gartenblog","description":"F\u00fcr Besitzer eines Aufsitzrasenm\u00e4hers k\u00f6nnte eine Kfz-Versicherung zur Pflicht werden. Genau dann, wenn der Rasenm\u00e4her auf \u00f6ffentlichen Wegen benutzt wird.","robots":{"index":"index","follow":"follow","max-snippet":"max-snippet:-1","max-image-preview":"max-image-preview:large","max-video-preview":"max-video-preview:-1"},"canonical":"https:\/\/www.samenhaus.de\/gartenblog\/versicherungspflicht-fuer-rasenmaehen","og_locale":"de_DE","og_type":"article","og_title":"Versicherungspflicht f\u00fcr Rasenm\u00e4hen - Samenhaus Gartenblog","og_description":"F\u00fcr Besitzer eines Aufsitzrasenm\u00e4hers k\u00f6nnte eine Kfz-Versicherung zur Pflicht werden. Genau dann, wenn der Rasenm\u00e4her auf \u00f6ffentlichen Wegen benutzt wird.","og_url":"https:\/\/www.samenhaus.de\/gartenblog\/versicherungspflicht-fuer-rasenmaehen","og_site_name":"Samenhaus Gartenblog","article_publisher":"https:\/\/de-de.facebook.com\/samenhaus","article_published_time":"2023-11-15T10:52:06+00:00","og_image":[{"width":750,"height":500,"url":"https:\/\/www.samenhaus.de\/gartenblog\/wp-content\/uploads\/2023\/11\/Rasenmaeher-Versicherung_202764940.jpg","type":"image\/jpeg"}],"author":"Caroline","twitter_card":"summary_large_image","twitter_creator":"@samenhaus","twitter_site":"@samenhaus","twitter_misc":{"Verfasst von":"Caroline","Gesch\u00e4tzte Lesezeit":"3\u00a0Minuten"},"schema":{"@context":"https:\/\/schema.org","@graph":[{"@type":"Article","@id":"https:\/\/www.samenhaus.de\/gartenblog\/versicherungspflicht-fuer-rasenmaehen#article","isPartOf":{"@id":"https:\/\/www.samenhaus.de\/gartenblog\/versicherungspflicht-fuer-rasenmaehen"},"author":{"name":"Caroline","@id":"https:\/\/www.samenhaus.de\/gartenblog\/#\/schema\/person\/6e944e1fc5c1289be60e7fe439906c30"},"headline":"Versicherungspflicht f\u00fcr Rasenm\u00e4hen","datePublished":"2023-11-15T10:52:06+00:00","mainEntityOfPage":{"@id":"https:\/\/www.samenhaus.de\/gartenblog\/versicherungspflicht-fuer-rasenmaehen"},"wordCount":481,"commentCount":0,"publisher":{"@id":"https:\/\/www.samenhaus.de\/gartenblog\/#organization"},"image":{"@id":"https:\/\/www.samenhaus.de\/gartenblog\/versicherungspflicht-fuer-rasenmaehen#primaryimage"},"thumbnailUrl":"https:\/\/www.samenhaus.de\/gartenblog\/wp-content\/uploads\/2023\/11\/Rasenmaeher-Versicherung_202764940.jpg","articleSection":["News"],"inLanguage":"de","potentialAction":[{"@type":"CommentAction","name":"Comment","target":["https:\/\/www.samenhaus.de\/gartenblog\/versicherungspflicht-fuer-rasenmaehen#respond"]}],"copyrightYear":"2023","copyrightHolder":{"@id":"https:\/\/www.samenhaus.de\/gartenblog\/#organization"}},{"@type":"WebPage","@id":"https:\/\/www.samenhaus.de\/gartenblog\/versicherungspflicht-fuer-rasenmaehen","url":"https:\/\/www.samenhaus.de\/gartenblog\/versicherungspflicht-fuer-rasenmaehen","name":"Versicherungspflicht f\u00fcr Rasenm\u00e4hen - Samenhaus Gartenblog","isPartOf":{"@id":"https:\/\/www.samenhaus.de\/gartenblog\/#website"},"primaryImageOfPage":{"@id":"https:\/\/www.samenhaus.de\/gartenblog\/versicherungspflicht-fuer-rasenmaehen#primaryimage"},"image":{"@id":"https:\/\/www.samenhaus.de\/gartenblog\/versicherungspflicht-fuer-rasenmaehen#primaryimage"},"thumbnailUrl":"https:\/\/www.samenhaus.de\/gartenblog\/wp-content\/uploads\/2023\/11\/Rasenmaeher-Versicherung_202764940.jpg","datePublished":"2023-11-15T10:52:06+00:00","description":"F\u00fcr Besitzer eines Aufsitzrasenm\u00e4hers k\u00f6nnte eine Kfz-Versicherung zur Pflicht werden. Genau dann, wenn der Rasenm\u00e4her auf \u00f6ffentlichen Wegen benutzt wird.","breadcrumb":{"@id":"https:\/\/www.samenhaus.de\/gartenblog\/versicherungspflicht-fuer-rasenmaehen#breadcrumb"},"inLanguage":"de","potentialAction":[{"@type":"ReadAction","target":["https:\/\/www.samenhaus.de\/gartenblog\/versicherungspflicht-fuer-rasenmaehen"]}]},{"@type":"ImageObject","inLanguage":"de","@id":"https:\/\/www.samenhaus.de\/gartenblog\/versicherungspflicht-fuer-rasenmaehen#primaryimage","url":"https:\/\/www.samenhaus.de\/gartenblog\/wp-content\/uploads\/2023\/11\/Rasenmaeher-Versicherung_202764940.jpg","contentUrl":"https:\/\/www.samenhaus.de\/gartenblog\/wp-content\/uploads\/2023\/11\/Rasenmaeher-Versicherung_202764940.jpg","width":750,"height":500,"caption":"Aufsitzrasenm\u00e4hen"},{"@type":"BreadcrumbList","@id":"https:\/\/www.samenhaus.de\/gartenblog\/versicherungspflicht-fuer-rasenmaehen#breadcrumb","itemListElement":[{"@type":"ListItem","position":1,"name":"Startseite","item":"https:\/\/www.samenhaus.de\/gartenblog\/"},{"@type":"ListItem","position":2,"name":"Versicherungspflicht f\u00fcr Rasenm\u00e4hen"}]},{"@type":"WebSite","@id":"https:\/\/www.samenhaus.de\/gartenblog\/#website","url":"https:\/\/www.samenhaus.de\/gartenblog\/","name":"Samenhaus Gartenblog","description":"","publisher":{"@id":"https:\/\/www.samenhaus.de\/gartenblog\/#organization"},"potentialAction":[{"@type":"SearchAction","target":{"@type":"EntryPoint","urlTemplate":"https:\/\/www.samenhaus.de\/gartenblog\/?s={search_term_string}"},"query-input":{"@type":"PropertyValueSpecification","valueRequired":true,"valueName":"search_term_string"}}],"inLanguage":"de"},{"@type":"Organization","@id":"https:\/\/www.samenhaus.de\/gartenblog\/#organization","name":"Samenhaus.de Gartenblog","url":"https:\/\/www.samenhaus.de\/gartenblog\/","logo":{"@type":"ImageObject","inLanguage":"de","@id":"https:\/\/www.samenhaus.de\/gartenblog\/#\/schema\/logo\/image\/","url":"https:\/\/www.samenhaus.de\/gartenblog\/wp-content\/uploads\/2020\/11\/logo.svg","contentUrl":"https:\/\/www.samenhaus.de\/gartenblog\/wp-content\/uploads\/2020\/11\/logo.svg","width":1,"height":1,"caption":"Samenhaus.de Gartenblog"},"image":{"@id":"https:\/\/www.samenhaus.de\/gartenblog\/#\/schema\/logo\/image\/"},"sameAs":["https:\/\/de-de.facebook.com\/samenhaus","https:\/\/x.com\/samenhaus"]},{"@type":"Person","@id":"https:\/\/www.samenhaus.de\/gartenblog\/#\/schema\/person\/6e944e1fc5c1289be60e7fe439906c30","name":"Caroline","image":{"@type":"ImageObject","inLanguage":"de","@id":"https:\/\/www.samenhaus.de\/gartenblog\/wp-content\/uploads\/2026\/03\/caro-150x150.png","url":"https:\/\/www.samenhaus.de\/gartenblog\/wp-content\/uploads\/2026\/03\/caro-150x150.png","contentUrl":"https:\/\/www.samenhaus.de\/gartenblog\/wp-content\/uploads\/2026\/03\/caro-150x150.png","caption":"Caroline"},"url":"https:\/\/www.samenhaus.de\/gartenblog\/author\/caroline"}]}},"wp-worthy-pixel":{"ignored":false,"public":"982c5b1b5def4a23ab1a1513b6e58219","server":"vg01.met.vgwort.de","url":"https:\/\/vg01.met.vgwort.de\/na\/982c5b1b5def4a23ab1a1513b6e58219"},"wp-worthy-type":"normal","_links":{"self":[{"href":"https:\/\/www.samenhaus.de\/gartenblog\/wp-json\/wp\/v2\/posts\/15323","targetHints":{"allow":["GET"]}}],"collection":[{"href":"https:\/\/www.samenhaus.de\/gartenblog\/wp-json\/wp\/v2\/posts"}],"about":[{"href":"https:\/\/www.samenhaus.de\/gartenblog\/wp-json\/wp\/v2\/types\/post"}],"author":[{"embeddable":true,"href":"https:\/\/www.samenhaus.de\/gartenblog\/wp-json\/wp\/v2\/users\/9"}],"replies":[{"embeddable":true,"href":"https:\/\/www.samenhaus.de\/gartenblog\/wp-json\/wp\/v2\/comments?post=15323"}],"version-history":[{"count":3,"href":"https:\/\/www.samenhaus.de\/gartenblog\/wp-json\/wp\/v2\/posts\/15323\/revisions"}],"predecessor-version":[{"id":15329,"href":"https:\/\/www.samenhaus.de\/gartenblog\/wp-json\/wp\/v2\/posts\/15323\/revisions\/15329"}],"wp:featuredmedia":[{"embeddable":true,"href":"https:\/\/www.samenhaus.de\/gartenblog\/wp-json\/wp\/v2\/media\/15327"}],"wp:attachment":[{"href":"https:\/\/www.samenhaus.de\/gartenblog\/wp-json\/wp\/v2\/media?parent=15323"}],"wp:term":[{"taxonomy":"category","embeddable":true,"href":"https:\/\/www.samenhaus.de\/gartenblog\/wp-json\/wp\/v2\/categories?post=15323"},{"taxonomy":"post_tag","embeddable":true,"href":"https:\/\/www.samenhaus.de\/gartenblog\/wp-json\/wp\/v2\/tags?post=15323"},{"taxonomy":"hersteller","embeddable":true,"href":"https:\/\/www.samenhaus.de\/gartenblog\/wp-json\/wp\/v2\/hersteller?post=15323"}],"curies":[{"name":"wp","href":"https:\/\/api.w.org\/{rel}","templated":true}]}}