{"id":16613,"date":"2024-02-26T09:00:41","date_gmt":"2024-02-26T08:00:41","guid":{"rendered":"https:\/\/www.samenhaus.de\/gartenblog\/?p=16613"},"modified":"2024-02-26T06:51:16","modified_gmt":"2024-02-26T05:51:16","slug":"agaven-die-stechenden-sukkulenten","status":"publish","type":"post","link":"https:\/\/www.samenhaus.de\/gartenblog\/agaven-die-stechenden-sukkulenten","title":{"rendered":"Agaven \u2013 die stechenden Sukkulenten"},"content":{"rendered":"<p>Agaven haben viele Eigenschaften, die sie zu beliebten K\u00fcbelpflanzen machen. Sie sind besonders pflegeleicht, halten dank ihrer dicken Bl\u00e4tter auch lange Trockenperioden problemlos aus und sind auf vielen Balkonen und Terrassen eine Augenweide. Leider sind die meisten Agaven nicht winterhart, sodass ein Platz in der kalten Jahreszeit drinnen reserviert werden muss. Und Agaven stechen! Nicht aktiv nat\u00fcrlich, sie besitzen an Ihren Bl\u00e4ttern aber meist fiese Dornen, die schon mal zu der einen oder anderen schmerzhaften Begegnung f\u00fchren k\u00f6nnen.<\/p>\n<h2><span class=\"ez-toc-section\" id=\"Agaven_%E2%80%93_ein_Steckbrief\"><\/span><strong>Agaven \u2013 ein<\/strong> Steckbrief<span class=\"ez-toc-section-end\"><\/span><\/h2>\n<p><strong><img loading=\"lazy\" decoding=\"async\" class=\"size-full wp-image-16883 alignright\" src=\"https:\/\/www.samenhaus.de\/gartenblog\/wp-content\/uploads\/2024\/02\/Agave_48269679.jpg\" alt=\"Agave Nahaufnahme\" width=\"300\" height=\"200\" \/>Name:<\/strong> Agave<br \/>\n<strong>Alternative Namen:<\/strong> Hundertj\u00e4hrige Agave, Jahrhundertpflanze<br \/>\n<strong>Botanischer Name:<\/strong> <em>Agave<\/em><br \/>\n<strong>Familie:<\/strong> Spargelgew\u00e4chse<br \/>\n<strong>Arten:<\/strong> mehr als 300<br \/>\n<strong>Alter:<\/strong> teilweise \u00fcber 100 Jahre<br \/>\n<strong>Wuchsh\u00f6he:<\/strong> je nach Art bis zu 2 Meter<br \/>\n<strong>Bl\u00fcte:<\/strong> bis zu 12 Meter<br \/>\nDie meisten Agaven sind nicht winterhart<br \/>\nAgaven geh\u00f6ren zu den Sukkulenten<\/p>\n<h2><span class=\"ez-toc-section\" id=\"Agaven_%E2%80%93_von_der_Wuesten-_zur_Kuebelpflanze\"><\/span>Agaven \u2013 von der W\u00fcsten- zur K\u00fcbelpflanze<span class=\"ez-toc-section-end\"><\/span><\/h2>\n<p>Seit jeher galten Agaven als W\u00fcstenpflanzen. Ihre urspr\u00fcngliche Heimat liegt in Mittelamerika, sie sind aber auch in den W\u00fcsten- und Steppengebieten des s\u00fcdlichen Nordamerikas (etwa in Arizona, New Mexico und Texas) und des n\u00f6rdlichen S\u00fcdamerikas (zum Beispiel in Kolumbien und Venezuela) zu finden. Ab dem 16. Jahrhundert kamen die Agaven auch nach Europa und breiteten sich schlie\u00dflich aus, sodass sie heute vor allem im Mittelmeerraum zu finden sind. Aber auch in den W\u00fcsten des Nahen Ostens, in Afrika, Asien und Australien sind sie zu finden. Da die meisten Agaven nicht winterfest sind, k\u00f6nnen sie bei uns nur als K\u00fcbelpflanze gehalten werden.<\/p>\n<h2><span class=\"ez-toc-section\" id=\"Die_Besonderheiten_von_Agaven\"><\/span>Die Besonderheiten von Agaven<span class=\"ez-toc-section-end\"><\/span><\/h2>\n<p><strong><img loading=\"lazy\" decoding=\"async\" class=\"size-full wp-image-16884 alignright\" src=\"https:\/\/www.samenhaus.de\/gartenblog\/wp-content\/uploads\/2024\/02\/Agave_222518321.jpg\" alt=\"Agavenbl\u00fcte\" width=\"300\" height=\"200\" \/>Agaven bl\u00fchen nur einmal in ihrem Leben<\/strong><\/p>\n<p>Neben dem Alter \u2013 bestimmte Agaven k\u00f6nnen \u00fcber 100 Jahre alt werden \u2013 ist es vor allem die Bl\u00fcte, die die Agave besonders macht. Denn meist bl\u00fcht eine Agave nur einmal in ihrem Leben. So k\u00f6nnen viele Jahre, ja sogar Jahrzehnte vergehen, bis sich einmal eine Bl\u00fcte zeigt. Es kann also durchaus sein, dass Sie Ihre Agaven niemals bl\u00fchen sehen. Es gab sogar Zeiten, da nahm man an, dass Agaven erst nach einer Lebensdauer von 100 Jahren zu bl\u00fchen beginnen \u2013 aus diesem Grund wird die Pflanze auch heute noch als Hundertj\u00e4hrige Agave bezeichnet.<\/p>\n<p><strong>Agaven besitzen Heilwirkungen<\/strong><\/p>\n<p>Schon die Azteken nutzen Agaven als Heilpflanze. Sie wendeten sie zum Beispiel bei Verdauungsst\u00f6rungen, Fieber, Mundf\u00e4ule und \u00e4u\u00dferen Wunden an. Agaven wirken antiseptisch, schwei\u00dftreibend, harntreibend und entspannend.<\/p>\n<p><strong>Agaven als Rohstoff<\/strong><\/p>\n<p>Agaven liefern auch Rohstoffe f\u00fcr verschiedene Dinge. Allen voran f\u00fcr Alkohol. So wird das mexikanische Nationalgetr\u00e4nk Pulque aus dem geg\u00e4rten Saft der Agave hergestellt. Auch im Tequila sind Bestandteile, in diesem Fall der Blauen Agave, enthalten.<\/p>\n<p>Von Sisal hat wohl jeder schon einmal geh\u00f6rt. Dabei handelt es sich um eine Naturfaser, die in Seilen, Tauen oder Garnen vorhanden ist. Diese Faser wird aus den Bl\u00e4ttern der Agaven gewonnen.<\/p>\n<h2><span class=\"ez-toc-section\" id=\"Agaven_als_Topf-_und_Kuebelpflanze_halten\"><\/span>Agaven als Topf- und K\u00fcbelpflanze halten<span class=\"ez-toc-section-end\"><\/span><\/h2>\n<p><strong>Staun\u00e4sse vermeiden<\/strong><\/p>\n<p>Wie schon erw\u00e4hnt, sind die meisten Agaven nicht winterhart, weswegen Sie sie auf jeden Fall in einem Blumentopf oder K\u00fcbel halten sollten. Wichtig dabei ist \u2013 wie bei den Kakteen \u2013 dass Sukkulenten keine Staun\u00e4sse vertragen. F\u00fcgen Sie also in jedem Fall eine Drainageschicht ein oder nutzen Sie einen Topf mit Ablauf. Als Substrat haben sich <a href=\"https:\/\/www.samenhaus.de\/kakteenerden\" target=\"_blank\" rel=\"noopener\">Kakteen<\/a> \u2013 oder Sukkulentenerde bew\u00e4hrt, diese sind n\u00e4hrstoffarm und besonders gut wasserdurchl\u00e4ssig.<\/p>\n<p><strong>Sonne, wenig Wasser, etwas D\u00fcnger<\/strong><\/p>\n<p>Ein sonniger Platz ist f\u00fcr die Agave ideal, direkte Mittagssonne macht ihr nichts aus. Aber auch im Halbschatten gedeiht sie gut. Beim Gie\u00dfen sollten Sie nach dem Motto &#8222;weniger ist mehr&#8220; vorgehen. Da Agaven in Ihren Bl\u00e4ttern reichlich Fl\u00fcssigkeit speichern, ist es nicht n\u00f6tig, dass die Erde immer feucht ist. Lassen sie das Substrat ruhig komplett trocknen, ehe Sie wieder Wasser geben. Sukkulenten kommen in der Regel ohne D\u00fcnger aus. Um das Wachstum zu f\u00f6rdern, k\u00f6nnen Sie von April bis September einmal im Monat einen sogenannten <a href=\"https:\/\/www.samenhaus.de\/npk-duenger-vollduenger\" target=\"_blank\" rel=\"noopener\">NPK-D\u00fcnger<\/a> geben, also einen D\u00fcnger, der die Pflanze vor allem mit Stickstoff, Phosphor und Kalium versorgt. Geschnitten werden m\u00fcssen Agaven nicht, entfernen Sie lediglich vertrocknete Bl\u00e4tter am Ansatz vorsichtig mit einem sauberen Messer.<\/p>\n<p><strong>Vermehrung \u00fcber Kindel<\/strong><\/p>\n<p>Theoretisch kann man Agaven \u00fcber Samen vermehren. Wenn die Pflanze allerdings jahrzehntelang auf eine Bl\u00fcte warten l\u00e4sst, sollten Sie lieber die Vermehrung \u00fcber Kindel in Erw\u00e4gung ziehen. Diese bilden sich automatisch und sollten auch regelm\u00e4\u00dfig entfernt werden, da sie sich sonst den Platz im Topf streitig machen und die Mutterpflanze verdr\u00e4ngen. Kindel bilden eigene Wurzeln, sodass Sie bei der Vermehrung die Jungpflanze nur aus der Erde ausgraben und von der Mutterpflanze trennen m\u00fcssen. Danach in einen eigenen Topf setzen \u2013 fertig.<\/p>\n<p><strong>Regelm\u00e4\u00dfig umtopfen<\/strong><\/p>\n<p>Agaven sollten ca. alle 3 bis 4 Jahre in einen gr\u00f6\u00dferen Topf umziehen. Achten Sie darauf, dass die Wurzeln wieder gut anwachsen. Werden die unteren Bl\u00e4tter gelb oder beginnen runzelig zu werden, hat das Anwachsen nicht richtig geklappt. In diesem Fall sollten Sie die Agave noch einmal neu umtopfen.<\/p>\n<p><strong>Im Winter unbedingt nach drinnen holen<\/strong><\/p>\n<p>Zwischen Mai und September d\u00fcrfen Agaven gerne auf den Balkon oder die Terrasse gebracht werden. Wenn die Temperaturen unter 10 Grad fallen, sollten Sie sie wieder nach drinnen holen. Im Winterquartier sollte die Agave nicht unter 10 Grad gelagert werden, vertr\u00e4gt aber auch herk\u00f6mmliche Zimmertemperaturen und sogar Heizungsluft. Das Gie\u00dfen wird im Winter reduziert, hier gen\u00fcgt eine Wassergabe alle 6 Wochen, aber nur dann, wenn die Agave k\u00fchl gestellt wird. In warmen R\u00e4umen m\u00fcssen Sie etwas \u00f6fter zur Gie\u00dfkanne greifen. Ein heller bis sonniger Standort ist ideal.<\/p>\n<h2><span class=\"ez-toc-section\" id=\"Krankheiten_und_Schaedlinge_an_der_Agave\"><\/span>Krankheiten und Sch\u00e4dlinge an der Agave<span class=\"ez-toc-section-end\"><\/span><\/h2>\n<p><img loading=\"lazy\" decoding=\"async\" class=\"size-full wp-image-16886 alignright\" src=\"https:\/\/www.samenhaus.de\/gartenblog\/wp-content\/uploads\/2024\/02\/Agave_726666338.jpg\" alt=\"Agavenblatt\" width=\"300\" height=\"200\" \/>Dieses Kapitel k\u00f6nnen wir bei Agaven schnell abhandeln, denn Sch\u00e4dlinge und Krankheiten treten in der Regel nicht auf. Wenn die Bl\u00e4tter der Agave beginnen runzelig zu werden, sollten Sie schleunigst gie\u00dfen. Achten Sie darauf, dass es nicht zu Wurzelf\u00e4ulnis durch zu viel Gie\u00dfwasser oder Staun\u00e4sse kommt, das kann das Todesurteil f\u00fcr die Sukkulente bedeuten.<\/p>\n<p><strong>\u00dcbrigens:<\/strong> Die optisch den Agaven sehr \u00e4hnlich sehenden Hauswurze (<em>Sempervivum<\/em>) sind eine eigene Spezies und nicht mit den Agaven verwandt.<\/p>\n","protected":false},"excerpt":{"rendered":"<p>Agaven haben viele Eigenschaften, die sie zu beliebten K\u00fcbelpflanzen machen. Sie sind besonders pflegeleicht, halten dank ihrer dicken Bl\u00e4tter auch lange Trockenperioden problemlos aus und sind auf vielen Balkonen und Terrassen eine Augenweide. Leider sind die meisten Agaven nicht winterhart, sodass ein Platz in der kalten Jahreszeit drinnen reserviert werden muss. Und Agaven stechen! Nicht aktiv nat\u00fcrlich, sie besitzen an Ihren Bl\u00e4ttern aber meist fiese Dornen, die schon mal zu der einen oder anderen schmerzhaften Begegnung f\u00fchren k\u00f6nnen. Agaven \u2013 ein Steckbrief Name: Agave Alternative Namen: Hundertj\u00e4hrige Agave, Jahrhundertpflanze Botanischer Name: Agave Familie: Spargelgew\u00e4chse Arten: mehr als 300 Alter: teilweise \u00fcber 100 Jahre Wuchsh\u00f6he: je nach Art bis zu 2 Meter Bl\u00fcte: bis zu 12 Meter Die meisten Agaven sind nicht winterhart Agaven geh\u00f6ren zu den Sukkulenten Agaven \u2013 von der W\u00fcsten- zur K\u00fcbelpflanze Seit jeher galten Agaven als W\u00fcstenpflanzen. Ihre urspr\u00fcngliche Heimat liegt in Mittelamerika, sie sind aber auch in den W\u00fcsten- und Steppengebieten des s\u00fcdlichen Nordamerikas (etwa in Arizona, New Mexico und Texas) und des n\u00f6rdlichen S\u00fcdamerikas (zum Beispiel in Kolumbien und Venezuela) zu finden. Ab dem 16. Jahrhundert kamen die Agaven auch nach Europa und breiteten sich schlie\u00dflich aus, sodass sie heute vor allem im Mittelmeerraum zu [&hellip;]<\/p>\n","protected":false},"author":13,"featured_media":16885,"comment_status":"open","ping_status":"open","sticky":false,"template":"","format":"standard","meta":{"_acf_changed":false,"footnotes":""},"categories":[1],"tags":[],"hersteller":[],"class_list":["post-16613","post","type-post","status-publish","format-standard","has-post-thumbnail","hentry","category-allgemein"],"acf":[],"yoast_head":"<!-- This site is optimized with the Yoast SEO plugin v27.4 - https:\/\/yoast.com\/product\/yoast-seo-wordpress\/ -->\n<title>Agaven \u2013 die stechenden Sukkulenten - Samenhaus Gartenblog<\/title>\n<meta name=\"description\" content=\"Agaven geh\u00f6ren zu den W\u00fcstenpflanzen, deshalb sind sie nicht winterhart. Im K\u00fcbel lassen sie sich aber auch in unseren Breitengraden anpflanzen.\" \/>\n<meta name=\"robots\" content=\"index, follow, max-snippet:-1, max-image-preview:large, max-video-preview:-1\" \/>\n<link rel=\"canonical\" href=\"https:\/\/www.samenhaus.de\/gartenblog\/agaven-die-stechenden-sukkulenten\" \/>\n<meta property=\"og:locale\" content=\"de_DE\" \/>\n<meta property=\"og:type\" content=\"article\" \/>\n<meta property=\"og:title\" content=\"Agaven \u2013 die stechenden Sukkulenten - Samenhaus Gartenblog\" \/>\n<meta property=\"og:description\" content=\"Agaven geh\u00f6ren zu den W\u00fcstenpflanzen, deshalb sind sie nicht winterhart. Im K\u00fcbel lassen sie sich aber auch in unseren Breitengraden anpflanzen.\" \/>\n<meta property=\"og:url\" content=\"https:\/\/www.samenhaus.de\/gartenblog\/agaven-die-stechenden-sukkulenten\" \/>\n<meta property=\"og:site_name\" content=\"Samenhaus Gartenblog\" \/>\n<meta property=\"article:publisher\" content=\"https:\/\/de-de.facebook.com\/samenhaus\" \/>\n<meta property=\"article:published_time\" content=\"2024-02-26T08:00:41+00:00\" \/>\n<meta property=\"og:image\" content=\"https:\/\/www.samenhaus.de\/gartenblog\/wp-content\/uploads\/2024\/02\/Agave_327990789.jpg\" \/>\n\t<meta property=\"og:image:width\" content=\"1000\" \/>\n\t<meta property=\"og:image:height\" content=\"563\" \/>\n\t<meta property=\"og:image:type\" content=\"image\/jpeg\" \/>\n<meta name=\"author\" content=\"Holger\" \/>\n<meta name=\"twitter:card\" content=\"summary_large_image\" \/>\n<meta name=\"twitter:creator\" content=\"@samenhaus\" \/>\n<meta name=\"twitter:site\" content=\"@samenhaus\" \/>\n<meta name=\"twitter:label1\" content=\"Verfasst von\" \/>\n\t<meta name=\"twitter:data1\" content=\"Holger\" \/>\n\t<meta name=\"twitter:label2\" content=\"Gesch\u00e4tzte Lesezeit\" \/>\n\t<meta name=\"twitter:data2\" content=\"7\u00a0Minuten\" \/>\n<script type=\"application\/ld+json\" class=\"yoast-schema-graph\">{\"@context\":\"https:\\\/\\\/schema.org\",\"@graph\":[{\"@type\":\"Article\",\"@id\":\"https:\\\/\\\/www.samenhaus.de\\\/gartenblog\\\/agaven-die-stechenden-sukkulenten#article\",\"isPartOf\":{\"@id\":\"https:\\\/\\\/www.samenhaus.de\\\/gartenblog\\\/agaven-die-stechenden-sukkulenten\"},\"author\":{\"name\":\"Holger\",\"@id\":\"https:\\\/\\\/www.samenhaus.de\\\/gartenblog\\\/#\\\/schema\\\/person\\\/de169769587431893823f62b2ce06c04\"},\"headline\":\"Agaven \u2013 die stechenden Sukkulenten\",\"datePublished\":\"2024-02-26T08:00:41+00:00\",\"mainEntityOfPage\":{\"@id\":\"https:\\\/\\\/www.samenhaus.de\\\/gartenblog\\\/agaven-die-stechenden-sukkulenten\"},\"wordCount\":1023,\"commentCount\":0,\"publisher\":{\"@id\":\"https:\\\/\\\/www.samenhaus.de\\\/gartenblog\\\/#organization\"},\"image\":{\"@id\":\"https:\\\/\\\/www.samenhaus.de\\\/gartenblog\\\/agaven-die-stechenden-sukkulenten#primaryimage\"},\"thumbnailUrl\":\"https:\\\/\\\/www.samenhaus.de\\\/gartenblog\\\/wp-content\\\/uploads\\\/2024\\\/02\\\/Agave_327990789.jpg\",\"inLanguage\":\"de\",\"potentialAction\":[{\"@type\":\"CommentAction\",\"name\":\"Comment\",\"target\":[\"https:\\\/\\\/www.samenhaus.de\\\/gartenblog\\\/agaven-die-stechenden-sukkulenten#respond\"]}],\"copyrightYear\":\"2024\",\"copyrightHolder\":{\"@id\":\"https:\\\/\\\/www.samenhaus.de\\\/gartenblog\\\/#organization\"}},{\"@type\":\"WebPage\",\"@id\":\"https:\\\/\\\/www.samenhaus.de\\\/gartenblog\\\/agaven-die-stechenden-sukkulenten\",\"url\":\"https:\\\/\\\/www.samenhaus.de\\\/gartenblog\\\/agaven-die-stechenden-sukkulenten\",\"name\":\"Agaven \u2013 die stechenden Sukkulenten - Samenhaus Gartenblog\",\"isPartOf\":{\"@id\":\"https:\\\/\\\/www.samenhaus.de\\\/gartenblog\\\/#website\"},\"primaryImageOfPage\":{\"@id\":\"https:\\\/\\\/www.samenhaus.de\\\/gartenblog\\\/agaven-die-stechenden-sukkulenten#primaryimage\"},\"image\":{\"@id\":\"https:\\\/\\\/www.samenhaus.de\\\/gartenblog\\\/agaven-die-stechenden-sukkulenten#primaryimage\"},\"thumbnailUrl\":\"https:\\\/\\\/www.samenhaus.de\\\/gartenblog\\\/wp-content\\\/uploads\\\/2024\\\/02\\\/Agave_327990789.jpg\",\"datePublished\":\"2024-02-26T08:00:41+00:00\",\"description\":\"Agaven geh\u00f6ren zu den W\u00fcstenpflanzen, deshalb sind sie nicht winterhart. Im K\u00fcbel lassen sie sich aber auch in unseren Breitengraden anpflanzen.\",\"breadcrumb\":{\"@id\":\"https:\\\/\\\/www.samenhaus.de\\\/gartenblog\\\/agaven-die-stechenden-sukkulenten#breadcrumb\"},\"inLanguage\":\"de\",\"potentialAction\":[{\"@type\":\"ReadAction\",\"target\":[\"https:\\\/\\\/www.samenhaus.de\\\/gartenblog\\\/agaven-die-stechenden-sukkulenten\"]}]},{\"@type\":\"ImageObject\",\"inLanguage\":\"de\",\"@id\":\"https:\\\/\\\/www.samenhaus.de\\\/gartenblog\\\/agaven-die-stechenden-sukkulenten#primaryimage\",\"url\":\"https:\\\/\\\/www.samenhaus.de\\\/gartenblog\\\/wp-content\\\/uploads\\\/2024\\\/02\\\/Agave_327990789.jpg\",\"contentUrl\":\"https:\\\/\\\/www.samenhaus.de\\\/gartenblog\\\/wp-content\\\/uploads\\\/2024\\\/02\\\/Agave_327990789.jpg\",\"width\":1000,\"height\":563,\"caption\":\"Agaven\"},{\"@type\":\"BreadcrumbList\",\"@id\":\"https:\\\/\\\/www.samenhaus.de\\\/gartenblog\\\/agaven-die-stechenden-sukkulenten#breadcrumb\",\"itemListElement\":[{\"@type\":\"ListItem\",\"position\":1,\"name\":\"Startseite\",\"item\":\"https:\\\/\\\/www.samenhaus.de\\\/gartenblog\\\/\"},{\"@type\":\"ListItem\",\"position\":2,\"name\":\"Agaven \u2013 die stechenden Sukkulenten\"}]},{\"@type\":\"WebSite\",\"@id\":\"https:\\\/\\\/www.samenhaus.de\\\/gartenblog\\\/#website\",\"url\":\"https:\\\/\\\/www.samenhaus.de\\\/gartenblog\\\/\",\"name\":\"Samenhaus Gartenblog\",\"description\":\"\",\"publisher\":{\"@id\":\"https:\\\/\\\/www.samenhaus.de\\\/gartenblog\\\/#organization\"},\"potentialAction\":[{\"@type\":\"SearchAction\",\"target\":{\"@type\":\"EntryPoint\",\"urlTemplate\":\"https:\\\/\\\/www.samenhaus.de\\\/gartenblog\\\/?s={search_term_string}\"},\"query-input\":{\"@type\":\"PropertyValueSpecification\",\"valueRequired\":true,\"valueName\":\"search_term_string\"}}],\"inLanguage\":\"de\"},{\"@type\":\"Organization\",\"@id\":\"https:\\\/\\\/www.samenhaus.de\\\/gartenblog\\\/#organization\",\"name\":\"Samenhaus.de Gartenblog\",\"url\":\"https:\\\/\\\/www.samenhaus.de\\\/gartenblog\\\/\",\"logo\":{\"@type\":\"ImageObject\",\"inLanguage\":\"de\",\"@id\":\"https:\\\/\\\/www.samenhaus.de\\\/gartenblog\\\/#\\\/schema\\\/logo\\\/image\\\/\",\"url\":\"https:\\\/\\\/www.samenhaus.de\\\/gartenblog\\\/wp-content\\\/uploads\\\/2020\\\/11\\\/logo.svg\",\"contentUrl\":\"https:\\\/\\\/www.samenhaus.de\\\/gartenblog\\\/wp-content\\\/uploads\\\/2020\\\/11\\\/logo.svg\",\"width\":1,\"height\":1,\"caption\":\"Samenhaus.de Gartenblog\"},\"image\":{\"@id\":\"https:\\\/\\\/www.samenhaus.de\\\/gartenblog\\\/#\\\/schema\\\/logo\\\/image\\\/\"},\"sameAs\":[\"https:\\\/\\\/de-de.facebook.com\\\/samenhaus\",\"https:\\\/\\\/x.com\\\/samenhaus\"]},{\"@type\":\"Person\",\"@id\":\"https:\\\/\\\/www.samenhaus.de\\\/gartenblog\\\/#\\\/schema\\\/person\\\/de169769587431893823f62b2ce06c04\",\"name\":\"Holger\",\"image\":{\"@type\":\"ImageObject\",\"inLanguage\":\"de\",\"@id\":\"https:\\\/\\\/www.samenhaus.de\\\/gartenblog\\\/wp-content\\\/uploads\\\/2026\\\/03\\\/Holger-150x150.png\",\"url\":\"https:\\\/\\\/www.samenhaus.de\\\/gartenblog\\\/wp-content\\\/uploads\\\/2026\\\/03\\\/Holger-150x150.png\",\"contentUrl\":\"https:\\\/\\\/www.samenhaus.de\\\/gartenblog\\\/wp-content\\\/uploads\\\/2026\\\/03\\\/Holger-150x150.png\",\"caption\":\"Holger\"},\"description\":\"6.000.000 W\u00f6rter \u2013 so viel k\u00f6nnen Sie in etwa von mir online lesen. Das F\u00fcllen des Internets entwickelte sich nach meiner Ausbildung zum TV-Redakteur und der langj\u00e4hrigen Arbeit bei SAT.1 zu einem Fulltime-Job. Trotzdem finde ich noch gen\u00fcgend Zeit, um in meinem Garten zu werkeln. Eine Staude hier, ein Bl\u00fcmchen dort und ein bisschen Gem\u00fcse darf auch nicht fehlen \u2013 einen Schnitzelbaum gibt es ja noch nicht \u2026 Die besten geistigen Erg\u00fcsse habe ich \u00fcbrigens, wenn ich IM Garten \u00dcBER den Garten schreiben kann. So vereinen sich Beruf und Hobby perfekt \u2013 was gibt es Sch\u00f6neres?\",\"url\":\"https:\\\/\\\/www.samenhaus.de\\\/gartenblog\\\/author\\\/holger\"}]}<\/script>\n<!-- \/ Yoast SEO plugin. -->","yoast_head_json":{"title":"Agaven \u2013 die stechenden Sukkulenten - Samenhaus Gartenblog","description":"Agaven geh\u00f6ren zu den W\u00fcstenpflanzen, deshalb sind sie nicht winterhart. Im K\u00fcbel lassen sie sich aber auch in unseren Breitengraden anpflanzen.","robots":{"index":"index","follow":"follow","max-snippet":"max-snippet:-1","max-image-preview":"max-image-preview:large","max-video-preview":"max-video-preview:-1"},"canonical":"https:\/\/www.samenhaus.de\/gartenblog\/agaven-die-stechenden-sukkulenten","og_locale":"de_DE","og_type":"article","og_title":"Agaven \u2013 die stechenden Sukkulenten - Samenhaus Gartenblog","og_description":"Agaven geh\u00f6ren zu den W\u00fcstenpflanzen, deshalb sind sie nicht winterhart. Im K\u00fcbel lassen sie sich aber auch in unseren Breitengraden anpflanzen.","og_url":"https:\/\/www.samenhaus.de\/gartenblog\/agaven-die-stechenden-sukkulenten","og_site_name":"Samenhaus Gartenblog","article_publisher":"https:\/\/de-de.facebook.com\/samenhaus","article_published_time":"2024-02-26T08:00:41+00:00","og_image":[{"width":1000,"height":563,"url":"https:\/\/www.samenhaus.de\/gartenblog\/wp-content\/uploads\/2024\/02\/Agave_327990789.jpg","type":"image\/jpeg"}],"author":"Holger","twitter_card":"summary_large_image","twitter_creator":"@samenhaus","twitter_site":"@samenhaus","twitter_misc":{"Verfasst von":"Holger","Gesch\u00e4tzte Lesezeit":"7\u00a0Minuten"},"schema":{"@context":"https:\/\/schema.org","@graph":[{"@type":"Article","@id":"https:\/\/www.samenhaus.de\/gartenblog\/agaven-die-stechenden-sukkulenten#article","isPartOf":{"@id":"https:\/\/www.samenhaus.de\/gartenblog\/agaven-die-stechenden-sukkulenten"},"author":{"name":"Holger","@id":"https:\/\/www.samenhaus.de\/gartenblog\/#\/schema\/person\/de169769587431893823f62b2ce06c04"},"headline":"Agaven \u2013 die stechenden Sukkulenten","datePublished":"2024-02-26T08:00:41+00:00","mainEntityOfPage":{"@id":"https:\/\/www.samenhaus.de\/gartenblog\/agaven-die-stechenden-sukkulenten"},"wordCount":1023,"commentCount":0,"publisher":{"@id":"https:\/\/www.samenhaus.de\/gartenblog\/#organization"},"image":{"@id":"https:\/\/www.samenhaus.de\/gartenblog\/agaven-die-stechenden-sukkulenten#primaryimage"},"thumbnailUrl":"https:\/\/www.samenhaus.de\/gartenblog\/wp-content\/uploads\/2024\/02\/Agave_327990789.jpg","inLanguage":"de","potentialAction":[{"@type":"CommentAction","name":"Comment","target":["https:\/\/www.samenhaus.de\/gartenblog\/agaven-die-stechenden-sukkulenten#respond"]}],"copyrightYear":"2024","copyrightHolder":{"@id":"https:\/\/www.samenhaus.de\/gartenblog\/#organization"}},{"@type":"WebPage","@id":"https:\/\/www.samenhaus.de\/gartenblog\/agaven-die-stechenden-sukkulenten","url":"https:\/\/www.samenhaus.de\/gartenblog\/agaven-die-stechenden-sukkulenten","name":"Agaven \u2013 die stechenden Sukkulenten - Samenhaus Gartenblog","isPartOf":{"@id":"https:\/\/www.samenhaus.de\/gartenblog\/#website"},"primaryImageOfPage":{"@id":"https:\/\/www.samenhaus.de\/gartenblog\/agaven-die-stechenden-sukkulenten#primaryimage"},"image":{"@id":"https:\/\/www.samenhaus.de\/gartenblog\/agaven-die-stechenden-sukkulenten#primaryimage"},"thumbnailUrl":"https:\/\/www.samenhaus.de\/gartenblog\/wp-content\/uploads\/2024\/02\/Agave_327990789.jpg","datePublished":"2024-02-26T08:00:41+00:00","description":"Agaven geh\u00f6ren zu den W\u00fcstenpflanzen, deshalb sind sie nicht winterhart. Im K\u00fcbel lassen sie sich aber auch in unseren Breitengraden anpflanzen.","breadcrumb":{"@id":"https:\/\/www.samenhaus.de\/gartenblog\/agaven-die-stechenden-sukkulenten#breadcrumb"},"inLanguage":"de","potentialAction":[{"@type":"ReadAction","target":["https:\/\/www.samenhaus.de\/gartenblog\/agaven-die-stechenden-sukkulenten"]}]},{"@type":"ImageObject","inLanguage":"de","@id":"https:\/\/www.samenhaus.de\/gartenblog\/agaven-die-stechenden-sukkulenten#primaryimage","url":"https:\/\/www.samenhaus.de\/gartenblog\/wp-content\/uploads\/2024\/02\/Agave_327990789.jpg","contentUrl":"https:\/\/www.samenhaus.de\/gartenblog\/wp-content\/uploads\/2024\/02\/Agave_327990789.jpg","width":1000,"height":563,"caption":"Agaven"},{"@type":"BreadcrumbList","@id":"https:\/\/www.samenhaus.de\/gartenblog\/agaven-die-stechenden-sukkulenten#breadcrumb","itemListElement":[{"@type":"ListItem","position":1,"name":"Startseite","item":"https:\/\/www.samenhaus.de\/gartenblog\/"},{"@type":"ListItem","position":2,"name":"Agaven \u2013 die stechenden Sukkulenten"}]},{"@type":"WebSite","@id":"https:\/\/www.samenhaus.de\/gartenblog\/#website","url":"https:\/\/www.samenhaus.de\/gartenblog\/","name":"Samenhaus Gartenblog","description":"","publisher":{"@id":"https:\/\/www.samenhaus.de\/gartenblog\/#organization"},"potentialAction":[{"@type":"SearchAction","target":{"@type":"EntryPoint","urlTemplate":"https:\/\/www.samenhaus.de\/gartenblog\/?s={search_term_string}"},"query-input":{"@type":"PropertyValueSpecification","valueRequired":true,"valueName":"search_term_string"}}],"inLanguage":"de"},{"@type":"Organization","@id":"https:\/\/www.samenhaus.de\/gartenblog\/#organization","name":"Samenhaus.de Gartenblog","url":"https:\/\/www.samenhaus.de\/gartenblog\/","logo":{"@type":"ImageObject","inLanguage":"de","@id":"https:\/\/www.samenhaus.de\/gartenblog\/#\/schema\/logo\/image\/","url":"https:\/\/www.samenhaus.de\/gartenblog\/wp-content\/uploads\/2020\/11\/logo.svg","contentUrl":"https:\/\/www.samenhaus.de\/gartenblog\/wp-content\/uploads\/2020\/11\/logo.svg","width":1,"height":1,"caption":"Samenhaus.de Gartenblog"},"image":{"@id":"https:\/\/www.samenhaus.de\/gartenblog\/#\/schema\/logo\/image\/"},"sameAs":["https:\/\/de-de.facebook.com\/samenhaus","https:\/\/x.com\/samenhaus"]},{"@type":"Person","@id":"https:\/\/www.samenhaus.de\/gartenblog\/#\/schema\/person\/de169769587431893823f62b2ce06c04","name":"Holger","image":{"@type":"ImageObject","inLanguage":"de","@id":"https:\/\/www.samenhaus.de\/gartenblog\/wp-content\/uploads\/2026\/03\/Holger-150x150.png","url":"https:\/\/www.samenhaus.de\/gartenblog\/wp-content\/uploads\/2026\/03\/Holger-150x150.png","contentUrl":"https:\/\/www.samenhaus.de\/gartenblog\/wp-content\/uploads\/2026\/03\/Holger-150x150.png","caption":"Holger"},"description":"6.000.000 W\u00f6rter \u2013 so viel k\u00f6nnen Sie in etwa von mir online lesen. Das F\u00fcllen des Internets entwickelte sich nach meiner Ausbildung zum TV-Redakteur und der langj\u00e4hrigen Arbeit bei SAT.1 zu einem Fulltime-Job. Trotzdem finde ich noch gen\u00fcgend Zeit, um in meinem Garten zu werkeln. Eine Staude hier, ein Bl\u00fcmchen dort und ein bisschen Gem\u00fcse darf auch nicht fehlen \u2013 einen Schnitzelbaum gibt es ja noch nicht \u2026 Die besten geistigen Erg\u00fcsse habe ich \u00fcbrigens, wenn ich IM Garten \u00dcBER den Garten schreiben kann. So vereinen sich Beruf und Hobby perfekt \u2013 was gibt es Sch\u00f6neres?","url":"https:\/\/www.samenhaus.de\/gartenblog\/author\/holger"}]}},"wp-worthy-pixel":{"ignored":false,"public":"453bbd14e981438fab0666715e8b3697","server":"vg07.met.vgwort.de","url":"https:\/\/vg07.met.vgwort.de\/na\/453bbd14e981438fab0666715e8b3697"},"wp-worthy-type":"normal","_links":{"self":[{"href":"https:\/\/www.samenhaus.de\/gartenblog\/wp-json\/wp\/v2\/posts\/16613","targetHints":{"allow":["GET"]}}],"collection":[{"href":"https:\/\/www.samenhaus.de\/gartenblog\/wp-json\/wp\/v2\/posts"}],"about":[{"href":"https:\/\/www.samenhaus.de\/gartenblog\/wp-json\/wp\/v2\/types\/post"}],"author":[{"embeddable":true,"href":"https:\/\/www.samenhaus.de\/gartenblog\/wp-json\/wp\/v2\/users\/13"}],"replies":[{"embeddable":true,"href":"https:\/\/www.samenhaus.de\/gartenblog\/wp-json\/wp\/v2\/comments?post=16613"}],"version-history":[{"count":4,"href":"https:\/\/www.samenhaus.de\/gartenblog\/wp-json\/wp\/v2\/posts\/16613\/revisions"}],"predecessor-version":[{"id":16887,"href":"https:\/\/www.samenhaus.de\/gartenblog\/wp-json\/wp\/v2\/posts\/16613\/revisions\/16887"}],"wp:featuredmedia":[{"embeddable":true,"href":"https:\/\/www.samenhaus.de\/gartenblog\/wp-json\/wp\/v2\/media\/16885"}],"wp:attachment":[{"href":"https:\/\/www.samenhaus.de\/gartenblog\/wp-json\/wp\/v2\/media?parent=16613"}],"wp:term":[{"taxonomy":"category","embeddable":true,"href":"https:\/\/www.samenhaus.de\/gartenblog\/wp-json\/wp\/v2\/categories?post=16613"},{"taxonomy":"post_tag","embeddable":true,"href":"https:\/\/www.samenhaus.de\/gartenblog\/wp-json\/wp\/v2\/tags?post=16613"},{"taxonomy":"hersteller","embeddable":true,"href":"https:\/\/www.samenhaus.de\/gartenblog\/wp-json\/wp\/v2\/hersteller?post=16613"}],"curies":[{"name":"wp","href":"https:\/\/api.w.org\/{rel}","templated":true}]}}