{"id":16951,"date":"2024-03-01T09:00:50","date_gmt":"2024-03-01T08:00:50","guid":{"rendered":"https:\/\/www.samenhaus.de\/gartenblog\/?p=16951"},"modified":"2024-05-02T08:42:19","modified_gmt":"2024-05-02T06:42:19","slug":"mondkalender-maerz","status":"publish","type":"post","link":"https:\/\/www.samenhaus.de\/gartenblog\/mondkalender-maerz","title":{"rendered":"Mondkalender M\u00e4rz 2024"},"content":{"rendered":"<p>Der Mond ist im Monat M\u00e4rz besonders f\u00fcr alle Arbeiten rund ums Obst geeignet. Zudem geht im M\u00e4rz die Anzuchtzeit erst richtig los. Sie k\u00f6nnen also einiges auss\u00e4en und einpflanzen. Der Mond steht Ihnen mit seinen Phasen zur Seite.<\/p>\n<h2><span class=\"ez-toc-section\" id=\"Kalenderwoche_9_%E2%80%93_Obstwoche\"><\/span>Kalenderwoche 9 \u2013 Obstwoche<span class=\"ez-toc-section-end\"><\/span><\/h2>\n<p><img loading=\"lazy\" decoding=\"async\" class=\"size-full wp-image-16983 alignleft\" src=\"https:\/\/www.samenhaus.de\/gartenblog\/wp-content\/uploads\/2024\/03\/2024-03-01.jpg\" alt=\"01. M\u00e4rz\" width=\"65\" height=\"70\" \/>Der M\u00e4rz startet im abnehmenden Mond. Die Aussaatzeit kann jetzt so richtig losgehen. Besonders <a href=\"https:\/\/www.samenhaus.de\/salatsamen\" target=\"_blank\" rel=\"noopener\">Salat<\/a>, <a href=\"https:\/\/www.samenhaus.de\/petersiliensamen\" target=\"_blank\" rel=\"noopener\">Petersilie,<\/a> <a href=\"https:\/\/www.samenhaus.de\/basilikumsamen\" target=\"_blank\" rel=\"noopener\">Basilikum<\/a> und <a href=\"https:\/\/www.samenhaus.de\/spinatsamen\" target=\"_blank\" rel=\"noopener\">Spinat<\/a> sollten Sie jetzt kultivieren. Nehmen Sie sich auch etwas Zeit f\u00fcr die Rasenpflege. Das W\u00e4ssern Ihrer <a href=\"https:\/\/www.samenhaus.de\/zimmer-und-kuebelpflanzen\" target=\"_blank\" rel=\"noopener\">Zimmerpflanzen<\/a> sollte heute auch auf ihren Plan stehen.<\/p>\n<hr \/>\n<p><img loading=\"lazy\" decoding=\"async\" class=\"size-full wp-image-16975 alignleft\" src=\"https:\/\/www.samenhaus.de\/gartenblog\/wp-content\/uploads\/2024\/03\/2024-03-02.jpg\" alt=\"02. M\u00e4rz\" width=\"65\" height=\"70\" \/>Sie haben noch nicht alle S\u00e4mchen in ihren T\u00f6pfen? Dann k\u00f6nnen Sie heute noch einiges zur Aussaat bringen. Denken Sie dran, bis zum Nachmittag sollte es vor allem Blattpflanzen sein. Danach beg\u00fcnstigt der Mond im Sternzeichen Sch\u00fctze die Fruchtpflanzen. Darunter z\u00e4hlen <a href=\"https:\/\/www.samenhaus.de\/zucchinisamen\" target=\"_blank\" rel=\"noopener\">Zucchini<\/a>, <a href=\"https:\/\/www.samenhaus.de\/bohnensamen\" target=\"_blank\" rel=\"noopener\">Bohnen<\/a> und <a href=\"https:\/\/www.samenhaus.de\/tomatensamen\" target=\"_blank\" rel=\"noopener\">Tomaten<\/a>. Auch das Sammeln und Lagern, sowie einfrieren von Obst ist heute besonders gut.<\/p>\n<hr \/>\n<p><img loading=\"lazy\" decoding=\"async\" class=\"size-full wp-image-16976 alignleft\" src=\"https:\/\/www.samenhaus.de\/gartenblog\/wp-content\/uploads\/2024\/03\/2024-03-03.jpg\" alt=\"03. M\u00e4rz\" width=\"65\" height=\"70\" \/>Widmen Sie sich auch weiterhin dem Einlagern von Obst.<\/p>\n<p>&nbsp;<\/p>\n<h2><span class=\"ez-toc-section\" id=\"Kalenderwoche_10_%E2%80%93_Obst_ist_immer_noch_angesagt\"><\/span>Kalenderwoche 10 \u2013 Obst ist immer noch angesagt<span class=\"ez-toc-section-end\"><\/span><\/h2>\n<p><img loading=\"lazy\" decoding=\"async\" class=\"size-full wp-image-16977 alignleft\" src=\"https:\/\/www.samenhaus.de\/gartenblog\/wp-content\/uploads\/2024\/03\/2024-03-04.jpg\" alt=\"04. M\u00e4rz\" width=\"65\" height=\"70\" \/>Obst sollten Sie m\u00f6glichst direkt nach dem Sammeln einfrieren, dann beh\u00e4lt es besser seine N\u00e4hrstoffe. Besonders Beeren, \u00c4pfel und Birnen eignen sich zum Einfrieren. Andere Obstsorten sollten Sie k\u00fchl lagern.<\/p>\n<hr \/>\n<p><img loading=\"lazy\" decoding=\"async\" class=\"size-full wp-image-16978 alignleft\" src=\"https:\/\/www.samenhaus.de\/gartenblog\/wp-content\/uploads\/2024\/03\/2024-03-05.jpg\" alt=\"05. M\u00e4rz \" width=\"65\" height=\"70\" \/>Heute ist das Wurzelgem\u00fcse an der Reihe. K\u00fcmmern Sie sich um die Aussaat von <a href=\"https:\/\/www.samenhaus.de\/moehrensamen\" target=\"_blank\" rel=\"noopener\">Karotten<\/a>, <a href=\"https:\/\/www.samenhaus.de\/pastinakensamen\" target=\"_blank\" rel=\"noopener\">Pastinaken<\/a> und Co. Auch <a href=\"https:\/\/www.samenhaus.de\/kohlsamen\" target=\"_blank\" rel=\"noopener\">Kohl<\/a> kann in die <a href=\"https:\/\/www.samenhaus.de\/anzuchtschalen-anzuchtplatten\" target=\"_blank\" rel=\"noopener\">Anzuchtschalen<\/a> gebracht werden. Es ist auch die beste Zeit, um Wurzelgem\u00fcse einzukochen. Benutzen Sie daf\u00fcr gut verschlie\u00dfbare <a href=\"https:\/\/www.samenhaus.de\/einmachglaeser\" target=\"_blank\" rel=\"noopener\">Einmachgl\u00e4ser<\/a>. Der abnehmende Mond sorgt daf\u00fcr, dass die N\u00e4hrstoffe und der Geschmack besser erhalten bleiben. Au\u00dferdem sorgt er f\u00fcr eine bessere Haltbarkeit. Schreiben Sie sich noch Unkraut j\u00e4ten und Obst lagern auf.<\/p>\n<hr \/>\n<p><img loading=\"lazy\" decoding=\"async\" class=\"size-full wp-image-16979 alignleft\" src=\"https:\/\/www.samenhaus.de\/gartenblog\/wp-content\/uploads\/2024\/03\/2024-03-06.jpg\" alt=\"06. M\u00e4rz\" width=\"65\" height=\"70\" \/>Wir bleiben noch beim Wurzelgem\u00fcse &#8211; S\u00e4en, sammeln, konservieren. Mit dem Steinbock finden Sie auch gen\u00fcgend Kraft, sich um das l\u00e4stige Unkraut zu k\u00fcmmern. Weiterhin k\u00f6nnen Sie Obst sammeln und lagern.<\/p>\n<hr \/>\n<p><img loading=\"lazy\" decoding=\"async\" class=\"size-full wp-image-16980 alignleft\" src=\"https:\/\/www.samenhaus.de\/gartenblog\/wp-content\/uploads\/2024\/03\/2024-03-07.jpg\" alt=\"07. M\u00e4rz\" width=\"65\" height=\"70\" \/>Auch zum Donnerstag k\u00f6nnen Sie sich um das Obst k\u00fcmmern. Was Sie jedoch vermeiden sollten ist das Bew\u00e4ssern Ihrer Pflanzen.<\/p>\n<hr \/>\n<p><img loading=\"lazy\" decoding=\"async\" class=\"size-full wp-image-16981 alignleft\" src=\"https:\/\/www.samenhaus.de\/gartenblog\/wp-content\/uploads\/2024\/03\/2024-03-08.jpg\" alt=\"08. M\u00e4rz\" width=\"65\" height=\"70\" \/>Zum Freitag wechselt der Mond zu den Bl\u00fctenpflanzen. Wollten Sie schon immer einmal <a href=\"https:\/\/www.samenhaus.de\/artischockensamen\" target=\"_blank\" rel=\"noopener\">Artischocken<\/a> probieren, dann haben Sie jetzt gute Aussichten, dass der Samen keimt. Nutzen Sie den heutigen Tag noch mal f\u00fcr das Sammeln und Lagern von Obst. Das ist n\u00e4mlich die n\u00e4chsten Tage tabu. Ihre Pflanzen m\u00fcssen sich mit dem Wasser noch etwas Gedulden.<\/p>\n<hr \/>\n<p><img loading=\"lazy\" decoding=\"async\" class=\"size-full wp-image-16982 alignleft\" src=\"https:\/\/www.samenhaus.de\/gartenblog\/wp-content\/uploads\/2024\/03\/2024-03-09.jpg\" alt=\"09. M\u00e4rz\" width=\"65\" height=\"70\" \/>Die Fische bringen neue Aufgaben im Garten mit sich. Der zu lang gewordene Rasen kann ruhig mal gek\u00fcrzt werden, aber bitte nicht, wenn es noch fr\u00f6stelt. Das gro\u00dfe Bew\u00e4ssern steht endlich an, daf\u00fcr bleibt das Obst liegen.<\/p>\n<hr \/>\n<p><img loading=\"lazy\" decoding=\"async\" class=\"size-full wp-image-16964 alignleft\" src=\"https:\/\/www.samenhaus.de\/gartenblog\/wp-content\/uploads\/2024\/03\/2024-03-10.jpg\" alt=\"10. M\u00e4rz\" width=\"65\" height=\"70\" \/>Im Neumond geh\u00f6ren das Lagern von Obst nicht zu Ihren Aufgaben. Daf\u00fcr k\u00f6nnen Sie die Zimmer- und Balkonpflanzen gie\u00dfen. Auch um die <a href=\"https:\/\/www.samenhaus.de\/rasensamen\" target=\"_blank\" rel=\"noopener\">Rasenpflege<\/a> k\u00f6nnen Sie sich heute k\u00fcmmern, dann wird das Gras kr\u00e4ftig nachwachsen.<\/p>\n<h2><span class=\"ez-toc-section\" id=\"Kalenderwoche_11_%E2%80%93_Saeen_saeen_saeen\"><\/span>Kalenderwoche 11 \u2013 S\u00e4en, s\u00e4en, s\u00e4en<span class=\"ez-toc-section-end\"><\/span><\/h2>\n<p><img loading=\"lazy\" decoding=\"async\" class=\"size-full wp-image-16965 alignleft\" src=\"https:\/\/www.samenhaus.de\/gartenblog\/wp-content\/uploads\/2024\/03\/2024-03-11.jpg\" alt=\"11. M\u00e4rz\" width=\"65\" height=\"70\" \/>Es gibt viel zu erledigen. Nach zwei Tagen Obstpause d\u00fcrfen Sie nun wieder sich den Birnen, Beeren und \u00c4pfel widmen. Ob Sie ihr Obst nur lagern, einfrieren oder konservieren, ist ganz Ihnen \u00fcberlassen. Doch das Lagern beg\u00fcnstigt der Mond heute mit doppelter Kraft. M\u00f6gen Sie exotische Fr\u00fcchte, dann bauen Sie <a href=\"https:\/\/www.samenhaus.de\/melonensamen\" target=\"_blank\" rel=\"noopener\">Melone<\/a>, Maracuja oder <a href=\"https:\/\/www.samenhaus.de\/search?query=Melonenbirnen\" target=\"_blank\" rel=\"noopener\">Melonenbirnen<\/a> an.<\/p>\n<hr \/>\n<p><img loading=\"lazy\" decoding=\"async\" class=\"size-full wp-image-16966 alignleft\" src=\"https:\/\/www.samenhaus.de\/gartenblog\/wp-content\/uploads\/2024\/03\/2024-03-12.jpg\" alt=\"12. M\u00e4rz\" width=\"65\" height=\"70\" \/>Bleiben Sie heute beim Obst einlagern. Der zunehmende Mond sorgt f\u00fcr eine gute Haltbarkeit. Au\u00dferdem k\u00f6nnen Sie wider einkochen oder einfrieren. Nat\u00fcrlich k\u00f6nnen Sie Obstpflanzen heute auch einpflanzen.<\/p>\n<hr \/>\n<p><img loading=\"lazy\" decoding=\"async\" class=\"size-full wp-image-16967 alignleft\" src=\"https:\/\/www.samenhaus.de\/gartenblog\/wp-content\/uploads\/2024\/03\/2024-03-13.jpg\" alt=\"13. M\u00e4rz\" width=\"65\" height=\"70\" \/>In der Mitte der Woche wird es ruhiger. Das Lagern von Obst wird immer noch sehr beg\u00fcnstigt und Sie k\u00f6nnen ab der Mittagszeit Wurzelgem\u00fcse einkochen.<\/p>\n<hr \/>\n<p><img loading=\"lazy\" decoding=\"async\" class=\"size-full wp-image-16968 alignleft\" src=\"https:\/\/www.samenhaus.de\/gartenblog\/wp-content\/uploads\/2024\/03\/2024-03-14.jpg\" alt=\"14. M\u00e4rz\" width=\"65\" height=\"70\" \/>Heutige Aufgaben: Wurzelgem\u00fcse konservieren und Obst lagern.<\/p>\n<hr \/>\n<p><img loading=\"lazy\" decoding=\"async\" class=\"size-full wp-image-16969 alignleft\" src=\"https:\/\/www.samenhaus.de\/gartenblog\/wp-content\/uploads\/2024\/03\/2024-03-15.jpg\" alt=\"15. M\u00e4rz\" width=\"65\" height=\"70\" \/>Zum Freitag gibt es einen Wechsel zwischen den Elementen Erde und Luft. Damit k\u00f6nnen Sie wieder mit den Bl\u00fctenpflanzen in die Anzucht gehen. Wie soll Ihr Blumenbeet aussehen? M\u00f6gen Sie <a href=\"https:\/\/www.samenhaus.de\/sonnenblumensamen\" target=\"_blank\" rel=\"noopener\">Sonnenblumen<\/a> und L\u00f6wenzahn oder wollen Sie lieber <a href=\"https:\/\/www.samenhaus.de\/mohnsamen\" target=\"_blank\" rel=\"noopener\">Mohn<\/a> und <a href=\"https:\/\/www.samenhaus.de\/kornblumensamen\" target=\"_blank\" rel=\"noopener\">Kornblumen<\/a> in Ihrem Garten. F\u00fcr welche Blumen Sie sich auch entscheiden, ein paar Blumensamen d\u00fcrfen unter die Erde, aber noch im Warmen. Um das Bew\u00e4ssern Ihrer Pflanzen sollten Sie sich heute nicht k\u00fcmmern.<\/p>\n<hr \/>\n<p><img loading=\"lazy\" decoding=\"async\" class=\"size-full wp-image-16970 alignleft\" src=\"https:\/\/www.samenhaus.de\/gartenblog\/wp-content\/uploads\/2024\/03\/2024-03-16.jpg\" alt=\"16. M\u00e4rz\" width=\"65\" height=\"70\" \/>Auch heute sollten Sie Ihre Zimmerpflanzen nicht gie\u00dfen, dass k\u00f6nnte Wurzelf\u00e4ule beg\u00fcnstigen. Daf\u00fcr k\u00f6nnen Sie noch ein paar <a href=\"https:\/\/www.samenhaus.de\/blumensamen\" target=\"_blank\" rel=\"noopener\">Blumensamen<\/a> auss\u00e4en.<\/p>\n<hr \/>\n<p><img loading=\"lazy\" decoding=\"async\" class=\"size-full wp-image-16971 alignleft\" src=\"https:\/\/www.samenhaus.de\/gartenblog\/wp-content\/uploads\/2024\/03\/2024-03-17.jpg\" alt=\"17. M\u00e4rz\" width=\"65\" height=\"70\" \/>Das Wochenende ist noch nicht vorbei und der Krebs hat allerhand Aufgaben im Gep\u00e4ck. S\u00e4en Sie was das Zeug h\u00e4lt. Heute k\u00f6nnten Ihre Fensterb\u00e4nke voll werden, wenn sie es nicht schon sind. Gie\u00dfen Sie Ihre Pflanzen und k\u00fcmmern Sie sich um das Blattgem\u00fcse. Rasenm\u00e4hen belohnt der Mond heute besonders. Bitte daf\u00fcr kein Obst sammeln und lagern.<\/p>\n<h2><span class=\"ez-toc-section\" id=\"Kalenderwoche_12_%E2%80%93_entspannte_Woche\"><\/span>Kalenderwoche 12 \u2013 entspannte Woche<span class=\"ez-toc-section-end\"><\/span><\/h2>\n<p><img loading=\"lazy\" decoding=\"async\" class=\"size-full wp-image-16972 alignleft\" src=\"https:\/\/www.samenhaus.de\/gartenblog\/wp-content\/uploads\/2024\/03\/2024-03-18.jpg\" alt=\"18. M\u00e4rz\" width=\"65\" height=\"70\" \/>Und der Mond beg\u00fcnstigt auch weiterhin die Rasenpflege und verleiht Ihrem Rasen kr\u00e4ftige und saftig gr\u00fcne Gr\u00e4ser. F\u00fcr das Sammeln und Lagern von Obst sollte keine Zeit investiert werden, daf\u00fcr aber f\u00fcr das Bew\u00e4ssern und die Anzucht bleibt auch nicht stehen.<\/p>\n<hr \/>\n<p><img loading=\"lazy\" decoding=\"async\" class=\"size-full wp-image-16973 alignleft\" src=\"https:\/\/www.samenhaus.de\/gartenblog\/wp-content\/uploads\/2024\/03\/2024-03-19.jpg\" alt=\"19. M\u00e4rz\" width=\"65\" height=\"70\" \/>F\u00fcllen Sie Ihre Aussaatplatten und <a href=\"https:\/\/www.samenhaus.de\/anzuchttoepfe\" target=\"_blank\" rel=\"noopener\">Anzuchtt\u00f6pfe<\/a> mit <a href=\"https:\/\/www.samenhaus.de\/mangoldsamen\" target=\"_blank\" rel=\"noopener\">Mangold<\/a>, <a href=\"https:\/\/www.samenhaus.de\/schwarzwurzelsamen\" target=\"_blank\" rel=\"noopener\">Schwarzwurzel<\/a>, <a href=\"https:\/\/www.samenhaus.de\/search?query=Pimpinelle\" target=\"_blank\" rel=\"noopener\">Pimpinelle<\/a> und <a href=\"https:\/\/www.samenhaus.de\/search?query=Waldmeister\" target=\"_blank\" rel=\"noopener\">Waldmeister<\/a>. Vergessen Sie nicht noch zu Gie\u00dfen und bevorzugen Sie ruhig das Blattgem\u00fcse. Falls Sie f\u00fcr den Rasen noch keine Zeit gefunden haben, dann k\u00f6nnen Sie es heute noch nachholen. Obst lagern ist heute ein Tabu.<\/p>\n<hr \/>\n<p><img loading=\"lazy\" decoding=\"async\" class=\"size-full wp-image-16974 alignleft\" src=\"https:\/\/www.samenhaus.de\/gartenblog\/wp-content\/uploads\/2024\/03\/2024-03-20.jpg\" alt=\"20. M\u00e4rz\" width=\"65\" height=\"70\" \/>Haben Sie Unkraut in Ihren Beeten entdeckt, dann ab raus damit. Die Fruchttage sind ab heute wieder dran, deshalb k\u00f6nnen Sie Obst einfrieren. Das D\u00fcngen Ihrer Pflanzen sollten Sie jedoch tunlichst vermeiden.<\/p>\n<hr \/>\n<p><img loading=\"lazy\" decoding=\"async\" class=\"size-full wp-image-16959 alignleft\" src=\"https:\/\/www.samenhaus.de\/gartenblog\/wp-content\/uploads\/2024\/03\/2024-03-21.jpg\" alt=\"21. M\u00e4rz\" width=\"65\" height=\"70\" \/>Bitte auch heute auf das D\u00fcngen verzichten. Es gibt genug andere Gartenarbeit f\u00fcr Sie. Obst einfrieren, Unkraut j\u00e4ten und auss\u00e4en. <a href=\"https:\/\/www.samenhaus.de\/search?query=Steinkraut\" target=\"_blank\" rel=\"noopener\">Steinkraut<\/a> und <a href=\"https:\/\/www.samenhaus.de\/search?query=Seidenmohn\" target=\"_blank\" rel=\"noopener\">Seidenmohn<\/a>, sowie <a href=\"https:\/\/www.samenhaus.de\/search?query=Alpenastern\" target=\"_blank\" rel=\"noopener\">Alpenastern<\/a> k\u00f6nnen drau\u00dfen gepflanzt werden.<\/p>\n<hr \/>\n<p><img loading=\"lazy\" decoding=\"async\" class=\"size-full wp-image-16960 alignleft\" src=\"https:\/\/www.samenhaus.de\/gartenblog\/wp-content\/uploads\/2024\/03\/2024-03-22.jpg\" alt=\"22. M\u00e4rz\" width=\"65\" height=\"70\" \/>Das Wochenende k\u00f6nnen Sie allgemeine Gartenarbeiten erledigen. Beete m\u00fcssen vorbereitet Ger\u00e4te gesichtet und Pflanzungen vorgenommen werden. Obst lagern und einkochen sollten Sie heute nicht tun.<\/p>\n<hr \/>\n<p><img loading=\"lazy\" decoding=\"async\" class=\"size-full wp-image-16961 alignleft\" src=\"https:\/\/www.samenhaus.de\/gartenblog\/wp-content\/uploads\/2024\/03\/2024-03-23.jpg\" alt=\"23. M\u00e4rz\" width=\"65\" height=\"70\" \/>Falls Sie sich jetzt schon darauf eingestellt haben, Obstprodukte herzustellen, dann werden Sie entt\u00e4uscht. Das Sammeln und Lagern ist ebenfalls heute nicht empfehlenswert. Aber Ihr Garten h\u00e4lt bestimmt genug Arbeit f\u00fcr Sie bereit.<\/p>\n<hr \/>\n<p><img loading=\"lazy\" decoding=\"async\" class=\"size-full wp-image-16962 alignleft\" src=\"https:\/\/www.samenhaus.de\/gartenblog\/wp-content\/uploads\/2024\/03\/2024-03-24.jpg\" alt=\"24. M\u00e4rz\" width=\"65\" height=\"70\" \/>Und auch der Sonntag hat keine neuen Aufgaben f\u00fcr Sie. Allgemein Gartenarbeiten \u2013 ja, Obst lagern und konservieren &#8211; nein.<\/p>\n<hr \/>\n<h2><span class=\"ez-toc-section\" id=\"Kalenderwoche_13_%E2%80%93_Zeit_fuer_Obst\"><\/span>Kalenderwoche 13 \u2013 Zeit f\u00fcr Obst<span class=\"ez-toc-section-end\"><\/span><\/h2>\n<p><img loading=\"lazy\" decoding=\"async\" class=\"size-full wp-image-16963 alignleft\" src=\"https:\/\/www.samenhaus.de\/gartenblog\/wp-content\/uploads\/2024\/03\/2024-03-25.jpg\" alt=\"25. M\u00e4rz\" width=\"65\" height=\"70\" \/>Der Vollmond bringt Ver\u00e4nderungen mit sich. Tun Sie Ihren Pflanzen etwas Gutes und liefern Sie mit <a href=\"https:\/\/www.samenhaus.de\/duenger\" target=\"_blank\" rel=\"noopener\">D\u00fcnger<\/a> wichtige N\u00e4hrstoffe. Die Pflanzen sollten aber nicht gew\u00e4ssert werden. Haben Sie noch Saatgut, was ausges\u00e4t werden muss, dann erledigen Sie das gerne heute.<\/p>\n<hr \/>\n<p><img loading=\"lazy\" decoding=\"async\" class=\"size-full wp-image-16984 alignleft\" src=\"https:\/\/www.samenhaus.de\/gartenblog\/wp-content\/uploads\/2024\/03\/2024-03-26.jpg\" alt=\"26. M\u00e4rz\" width=\"65\" height=\"70\" \/>Die Waage im Element Luft bringt nichts Neues. Nicht gie\u00dfen, daf\u00fcr bevorzugt Bl\u00fctenpflanzen s\u00e4en und einpflanzen.<\/p>\n<hr \/>\n<p><img loading=\"lazy\" decoding=\"async\" class=\"size-full wp-image-16985 alignleft\" src=\"https:\/\/www.samenhaus.de\/gartenblog\/wp-content\/uploads\/2024\/03\/2024-03-27.jpg\" alt=\"27. M\u00e4rz\" width=\"65\" height=\"70\" \/>Der Mond steht im Sternzeichen Skorpion und damit d\u00fcrfen Sie Ihren Pflanzen Wasser geben. K\u00fcmmern Sie sich auch um die Rasenpflege und s\u00e4en Sie noch ein paar Samen aus.<\/p>\n<hr \/>\n<p><img loading=\"lazy\" decoding=\"async\" class=\"size-full wp-image-16986 alignleft\" src=\"https:\/\/www.samenhaus.de\/gartenblog\/wp-content\/uploads\/2024\/03\/2024-03-28.jpg\" alt=\"28. M\u00e4rz\" width=\"65\" height=\"70\" \/>Es bleibt beim Auss\u00e4en, Gie\u00dfen und Rasen m\u00e4hen.<\/p>\n<hr \/>\n<p><img loading=\"lazy\" decoding=\"async\" class=\"size-full wp-image-16987 alignleft\" src=\"https:\/\/www.samenhaus.de\/gartenblog\/wp-content\/uploads\/2024\/03\/2024-03-29.jpg\" alt=\"29. M\u00e4rz\" width=\"65\" height=\"70\" \/>Zum Freitag k\u00f6nnen Sie sich noch mal um den <a href=\"https:\/\/www.samenhaus.de\/rasensamen\" target=\"_blank\" rel=\"noopener\">Rasen<\/a> k\u00fcmmern. Es wird Ihnen mit einem sch\u00f6nen Rasen gedankt. Bew\u00e4ssern Sie noch Zimmerpflanzen, falls einige die letzten Tage noch nichts bekommen haben und machen Sie die letzten Saaten f\u00fcr diesen Monat.<\/p>\n<hr \/>\n<p><img loading=\"lazy\" decoding=\"async\" class=\"size-full wp-image-16988 alignleft\" src=\"https:\/\/www.samenhaus.de\/gartenblog\/wp-content\/uploads\/2024\/03\/2024-03-30.jpg\" alt=\"30. M\u00e4rz\" width=\"65\" height=\"70\" \/>Die letzten zwei Tage k\u00f6nnen Sie sich noch mal voll auf das Obst konzentrieren. Sammeln, lagern und einfrieren.<\/p>\n<hr \/>\n<p><img loading=\"lazy\" decoding=\"async\" class=\"size-full wp-image-16989 alignleft\" src=\"https:\/\/www.samenhaus.de\/gartenblog\/wp-content\/uploads\/2024\/03\/2024-03-31.jpg\" alt=\"31. M\u00e4rz\" width=\"65\" height=\"70\" \/>Wenn Sie heute noch Obst einfrieren, dann wird es beim Auftauen nicht ganz so w\u00e4ssrig. Achten Sie aber darauf, dass das Obst langsam aufgetaut wird. Zeit zum Sammeln bleibt auch.<\/p>\n","protected":false},"excerpt":{"rendered":"<p>Der Mond ist im Monat M\u00e4rz besonders f\u00fcr alle Arbeiten rund ums Obst geeignet. Zudem geht im M\u00e4rz die Anzuchtzeit erst richtig los. Sie k\u00f6nnen also einiges auss\u00e4en und einpflanzen. Der Mond steht Ihnen mit seinen Phasen zur Seite. Kalenderwoche 9 \u2013 Obstwoche Der M\u00e4rz startet im abnehmenden Mond. Die Aussaatzeit kann jetzt so richtig losgehen. Besonders Salat, Petersilie, Basilikum und Spinat sollten Sie jetzt kultivieren. Nehmen Sie sich auch etwas Zeit f\u00fcr die Rasenpflege. Das W\u00e4ssern Ihrer Zimmerpflanzen sollte heute auch auf ihren Plan stehen. Sie haben noch nicht alle S\u00e4mchen in ihren T\u00f6pfen? Dann k\u00f6nnen Sie heute noch einiges zur Aussaat bringen. Denken Sie dran, bis zum Nachmittag sollte es vor allem Blattpflanzen sein. Danach beg\u00fcnstigt der Mond im Sternzeichen Sch\u00fctze die Fruchtpflanzen. Darunter z\u00e4hlen Zucchini, Bohnen und Tomaten. Auch das Sammeln und Lagern, sowie einfrieren von Obst ist heute besonders gut. Widmen Sie sich auch weiterhin dem Einlagern von Obst. &nbsp; Kalenderwoche 10 \u2013 Obst ist immer noch angesagt Obst sollten Sie m\u00f6glichst direkt nach dem Sammeln einfrieren, dann beh\u00e4lt es besser seine N\u00e4hrstoffe. Besonders Beeren, \u00c4pfel und Birnen eignen sich zum Einfrieren. Andere Obstsorten sollten Sie k\u00fchl lagern. Heute ist das Wurzelgem\u00fcse an der Reihe. K\u00fcmmern [&hellip;]<\/p>\n","protected":false},"author":9,"featured_media":16958,"comment_status":"open","ping_status":"open","sticky":false,"template":"","format":"standard","meta":{"_acf_changed":false,"footnotes":""},"categories":[21],"tags":[],"hersteller":[],"class_list":["post-16951","post","type-post","status-publish","format-standard","has-post-thumbnail","hentry","category-maerz"],"acf":[],"yoast_head":"<!-- This site is optimized with the Yoast SEO plugin v27.4 - https:\/\/yoast.com\/product\/yoast-seo-wordpress\/ -->\n<title>Mondkalender M\u00e4rz 2024 - Samenhaus Gartenblog<\/title>\n<meta name=\"description\" content=\"Welche Gartenarbeiten beg\u00fcnstigt der Mond im M\u00e4rz? Besonders die Obstpflanzen stehen im Mittelpunkt, aber auch die Anzucht ist im vollen Gange.\" \/>\n<meta name=\"robots\" content=\"index, follow, max-snippet:-1, max-image-preview:large, max-video-preview:-1\" \/>\n<link rel=\"canonical\" href=\"https:\/\/www.samenhaus.de\/gartenblog\/mondkalender-maerz\" \/>\n<meta property=\"og:locale\" content=\"de_DE\" \/>\n<meta property=\"og:type\" content=\"article\" \/>\n<meta property=\"og:title\" content=\"Mondkalender M\u00e4rz 2024 - Samenhaus Gartenblog\" \/>\n<meta property=\"og:description\" content=\"Welche Gartenarbeiten beg\u00fcnstigt der Mond im M\u00e4rz? Besonders die Obstpflanzen stehen im Mittelpunkt, aber auch die Anzucht ist im vollen Gange.\" \/>\n<meta property=\"og:url\" content=\"https:\/\/www.samenhaus.de\/gartenblog\/mondkalender-maerz\" \/>\n<meta property=\"og:site_name\" content=\"Samenhaus Gartenblog\" \/>\n<meta property=\"article:publisher\" content=\"https:\/\/de-de.facebook.com\/samenhaus\" \/>\n<meta property=\"article:published_time\" content=\"2024-03-01T08:00:50+00:00\" \/>\n<meta property=\"article:modified_time\" content=\"2024-05-02T06:42:19+00:00\" \/>\n<meta property=\"og:image\" content=\"https:\/\/www.samenhaus.de\/gartenblog\/wp-content\/uploads\/2024\/03\/Maerz-scaled.jpg\" \/>\n\t<meta property=\"og:image:width\" content=\"2048\" \/>\n\t<meta property=\"og:image:height\" content=\"1366\" \/>\n\t<meta property=\"og:image:type\" content=\"image\/jpeg\" \/>\n<meta name=\"author\" content=\"Caroline\" \/>\n<meta name=\"twitter:card\" content=\"summary_large_image\" \/>\n<meta name=\"twitter:creator\" content=\"@samenhaus\" \/>\n<meta name=\"twitter:site\" content=\"@samenhaus\" \/>\n<meta name=\"twitter:label1\" content=\"Verfasst von\" \/>\n\t<meta name=\"twitter:data1\" content=\"Caroline\" \/>\n\t<meta name=\"twitter:label2\" content=\"Gesch\u00e4tzte Lesezeit\" \/>\n\t<meta name=\"twitter:data2\" content=\"13\u00a0Minuten\" \/>\n<script type=\"application\/ld+json\" class=\"yoast-schema-graph\">{\"@context\":\"https:\\\/\\\/schema.org\",\"@graph\":[{\"@type\":\"Article\",\"@id\":\"https:\\\/\\\/www.samenhaus.de\\\/gartenblog\\\/mondkalender-maerz#article\",\"isPartOf\":{\"@id\":\"https:\\\/\\\/www.samenhaus.de\\\/gartenblog\\\/mondkalender-maerz\"},\"author\":{\"name\":\"Caroline\",\"@id\":\"https:\\\/\\\/www.samenhaus.de\\\/gartenblog\\\/#\\\/schema\\\/person\\\/6e944e1fc5c1289be60e7fe439906c30\"},\"headline\":\"Mondkalender M\u00e4rz 2024\",\"datePublished\":\"2024-03-01T08:00:50+00:00\",\"dateModified\":\"2024-05-02T06:42:19+00:00\",\"mainEntityOfPage\":{\"@id\":\"https:\\\/\\\/www.samenhaus.de\\\/gartenblog\\\/mondkalender-maerz\"},\"wordCount\":1271,\"commentCount\":0,\"publisher\":{\"@id\":\"https:\\\/\\\/www.samenhaus.de\\\/gartenblog\\\/#organization\"},\"image\":{\"@id\":\"https:\\\/\\\/www.samenhaus.de\\\/gartenblog\\\/mondkalender-maerz#primaryimage\"},\"thumbnailUrl\":\"https:\\\/\\\/www.samenhaus.de\\\/gartenblog\\\/wp-content\\\/uploads\\\/2024\\\/03\\\/Maerz-scaled.jpg\",\"articleSection\":[\"M\u00e4rz\"],\"inLanguage\":\"de\",\"potentialAction\":[{\"@type\":\"CommentAction\",\"name\":\"Comment\",\"target\":[\"https:\\\/\\\/www.samenhaus.de\\\/gartenblog\\\/mondkalender-maerz#respond\"]}],\"copyrightYear\":\"2024\",\"copyrightHolder\":{\"@id\":\"https:\\\/\\\/www.samenhaus.de\\\/gartenblog\\\/#organization\"}},{\"@type\":\"WebPage\",\"@id\":\"https:\\\/\\\/www.samenhaus.de\\\/gartenblog\\\/mondkalender-maerz\",\"url\":\"https:\\\/\\\/www.samenhaus.de\\\/gartenblog\\\/mondkalender-maerz\",\"name\":\"Mondkalender M\u00e4rz 2024 - Samenhaus Gartenblog\",\"isPartOf\":{\"@id\":\"https:\\\/\\\/www.samenhaus.de\\\/gartenblog\\\/#website\"},\"primaryImageOfPage\":{\"@id\":\"https:\\\/\\\/www.samenhaus.de\\\/gartenblog\\\/mondkalender-maerz#primaryimage\"},\"image\":{\"@id\":\"https:\\\/\\\/www.samenhaus.de\\\/gartenblog\\\/mondkalender-maerz#primaryimage\"},\"thumbnailUrl\":\"https:\\\/\\\/www.samenhaus.de\\\/gartenblog\\\/wp-content\\\/uploads\\\/2024\\\/03\\\/Maerz-scaled.jpg\",\"datePublished\":\"2024-03-01T08:00:50+00:00\",\"dateModified\":\"2024-05-02T06:42:19+00:00\",\"description\":\"Welche Gartenarbeiten beg\u00fcnstigt der Mond im M\u00e4rz? Besonders die Obstpflanzen stehen im Mittelpunkt, aber auch die Anzucht ist im vollen Gange.\",\"breadcrumb\":{\"@id\":\"https:\\\/\\\/www.samenhaus.de\\\/gartenblog\\\/mondkalender-maerz#breadcrumb\"},\"inLanguage\":\"de\",\"potentialAction\":[{\"@type\":\"ReadAction\",\"target\":[\"https:\\\/\\\/www.samenhaus.de\\\/gartenblog\\\/mondkalender-maerz\"]}]},{\"@type\":\"ImageObject\",\"inLanguage\":\"de\",\"@id\":\"https:\\\/\\\/www.samenhaus.de\\\/gartenblog\\\/mondkalender-maerz#primaryimage\",\"url\":\"https:\\\/\\\/www.samenhaus.de\\\/gartenblog\\\/wp-content\\\/uploads\\\/2024\\\/03\\\/Maerz-scaled.jpg\",\"contentUrl\":\"https:\\\/\\\/www.samenhaus.de\\\/gartenblog\\\/wp-content\\\/uploads\\\/2024\\\/03\\\/Maerz-scaled.jpg\",\"width\":2048,\"height\":1366,\"caption\":\"Mondkalender M\u00e4rz\"},{\"@type\":\"BreadcrumbList\",\"@id\":\"https:\\\/\\\/www.samenhaus.de\\\/gartenblog\\\/mondkalender-maerz#breadcrumb\",\"itemListElement\":[{\"@type\":\"ListItem\",\"position\":1,\"name\":\"Startseite\",\"item\":\"https:\\\/\\\/www.samenhaus.de\\\/gartenblog\\\/\"},{\"@type\":\"ListItem\",\"position\":2,\"name\":\"Mondkalender M\u00e4rz 2024\"}]},{\"@type\":\"WebSite\",\"@id\":\"https:\\\/\\\/www.samenhaus.de\\\/gartenblog\\\/#website\",\"url\":\"https:\\\/\\\/www.samenhaus.de\\\/gartenblog\\\/\",\"name\":\"Samenhaus Gartenblog\",\"description\":\"\",\"publisher\":{\"@id\":\"https:\\\/\\\/www.samenhaus.de\\\/gartenblog\\\/#organization\"},\"potentialAction\":[{\"@type\":\"SearchAction\",\"target\":{\"@type\":\"EntryPoint\",\"urlTemplate\":\"https:\\\/\\\/www.samenhaus.de\\\/gartenblog\\\/?s={search_term_string}\"},\"query-input\":{\"@type\":\"PropertyValueSpecification\",\"valueRequired\":true,\"valueName\":\"search_term_string\"}}],\"inLanguage\":\"de\"},{\"@type\":\"Organization\",\"@id\":\"https:\\\/\\\/www.samenhaus.de\\\/gartenblog\\\/#organization\",\"name\":\"Samenhaus.de Gartenblog\",\"url\":\"https:\\\/\\\/www.samenhaus.de\\\/gartenblog\\\/\",\"logo\":{\"@type\":\"ImageObject\",\"inLanguage\":\"de\",\"@id\":\"https:\\\/\\\/www.samenhaus.de\\\/gartenblog\\\/#\\\/schema\\\/logo\\\/image\\\/\",\"url\":\"https:\\\/\\\/www.samenhaus.de\\\/gartenblog\\\/wp-content\\\/uploads\\\/2020\\\/11\\\/logo.svg\",\"contentUrl\":\"https:\\\/\\\/www.samenhaus.de\\\/gartenblog\\\/wp-content\\\/uploads\\\/2020\\\/11\\\/logo.svg\",\"width\":1,\"height\":1,\"caption\":\"Samenhaus.de Gartenblog\"},\"image\":{\"@id\":\"https:\\\/\\\/www.samenhaus.de\\\/gartenblog\\\/#\\\/schema\\\/logo\\\/image\\\/\"},\"sameAs\":[\"https:\\\/\\\/de-de.facebook.com\\\/samenhaus\",\"https:\\\/\\\/x.com\\\/samenhaus\"]},{\"@type\":\"Person\",\"@id\":\"https:\\\/\\\/www.samenhaus.de\\\/gartenblog\\\/#\\\/schema\\\/person\\\/6e944e1fc5c1289be60e7fe439906c30\",\"name\":\"Caroline\",\"image\":{\"@type\":\"ImageObject\",\"inLanguage\":\"de\",\"@id\":\"https:\\\/\\\/www.samenhaus.de\\\/gartenblog\\\/wp-content\\\/uploads\\\/2026\\\/03\\\/caro-150x150.png\",\"url\":\"https:\\\/\\\/www.samenhaus.de\\\/gartenblog\\\/wp-content\\\/uploads\\\/2026\\\/03\\\/caro-150x150.png\",\"contentUrl\":\"https:\\\/\\\/www.samenhaus.de\\\/gartenblog\\\/wp-content\\\/uploads\\\/2026\\\/03\\\/caro-150x150.png\",\"caption\":\"Caroline\"},\"url\":\"https:\\\/\\\/www.samenhaus.de\\\/gartenblog\\\/author\\\/caroline\"}]}<\/script>\n<!-- \/ Yoast SEO plugin. -->","yoast_head_json":{"title":"Mondkalender M\u00e4rz 2024 - Samenhaus Gartenblog","description":"Welche Gartenarbeiten beg\u00fcnstigt der Mond im M\u00e4rz? Besonders die Obstpflanzen stehen im Mittelpunkt, aber auch die Anzucht ist im vollen Gange.","robots":{"index":"index","follow":"follow","max-snippet":"max-snippet:-1","max-image-preview":"max-image-preview:large","max-video-preview":"max-video-preview:-1"},"canonical":"https:\/\/www.samenhaus.de\/gartenblog\/mondkalender-maerz","og_locale":"de_DE","og_type":"article","og_title":"Mondkalender M\u00e4rz 2024 - Samenhaus Gartenblog","og_description":"Welche Gartenarbeiten beg\u00fcnstigt der Mond im M\u00e4rz? Besonders die Obstpflanzen stehen im Mittelpunkt, aber auch die Anzucht ist im vollen Gange.","og_url":"https:\/\/www.samenhaus.de\/gartenblog\/mondkalender-maerz","og_site_name":"Samenhaus Gartenblog","article_publisher":"https:\/\/de-de.facebook.com\/samenhaus","article_published_time":"2024-03-01T08:00:50+00:00","article_modified_time":"2024-05-02T06:42:19+00:00","og_image":[{"width":2048,"height":1366,"url":"https:\/\/www.samenhaus.de\/gartenblog\/wp-content\/uploads\/2024\/03\/Maerz-scaled.jpg","type":"image\/jpeg"}],"author":"Caroline","twitter_card":"summary_large_image","twitter_creator":"@samenhaus","twitter_site":"@samenhaus","twitter_misc":{"Verfasst von":"Caroline","Gesch\u00e4tzte Lesezeit":"13\u00a0Minuten"},"schema":{"@context":"https:\/\/schema.org","@graph":[{"@type":"Article","@id":"https:\/\/www.samenhaus.de\/gartenblog\/mondkalender-maerz#article","isPartOf":{"@id":"https:\/\/www.samenhaus.de\/gartenblog\/mondkalender-maerz"},"author":{"name":"Caroline","@id":"https:\/\/www.samenhaus.de\/gartenblog\/#\/schema\/person\/6e944e1fc5c1289be60e7fe439906c30"},"headline":"Mondkalender M\u00e4rz 2024","datePublished":"2024-03-01T08:00:50+00:00","dateModified":"2024-05-02T06:42:19+00:00","mainEntityOfPage":{"@id":"https:\/\/www.samenhaus.de\/gartenblog\/mondkalender-maerz"},"wordCount":1271,"commentCount":0,"publisher":{"@id":"https:\/\/www.samenhaus.de\/gartenblog\/#organization"},"image":{"@id":"https:\/\/www.samenhaus.de\/gartenblog\/mondkalender-maerz#primaryimage"},"thumbnailUrl":"https:\/\/www.samenhaus.de\/gartenblog\/wp-content\/uploads\/2024\/03\/Maerz-scaled.jpg","articleSection":["M\u00e4rz"],"inLanguage":"de","potentialAction":[{"@type":"CommentAction","name":"Comment","target":["https:\/\/www.samenhaus.de\/gartenblog\/mondkalender-maerz#respond"]}],"copyrightYear":"2024","copyrightHolder":{"@id":"https:\/\/www.samenhaus.de\/gartenblog\/#organization"}},{"@type":"WebPage","@id":"https:\/\/www.samenhaus.de\/gartenblog\/mondkalender-maerz","url":"https:\/\/www.samenhaus.de\/gartenblog\/mondkalender-maerz","name":"Mondkalender M\u00e4rz 2024 - Samenhaus Gartenblog","isPartOf":{"@id":"https:\/\/www.samenhaus.de\/gartenblog\/#website"},"primaryImageOfPage":{"@id":"https:\/\/www.samenhaus.de\/gartenblog\/mondkalender-maerz#primaryimage"},"image":{"@id":"https:\/\/www.samenhaus.de\/gartenblog\/mondkalender-maerz#primaryimage"},"thumbnailUrl":"https:\/\/www.samenhaus.de\/gartenblog\/wp-content\/uploads\/2024\/03\/Maerz-scaled.jpg","datePublished":"2024-03-01T08:00:50+00:00","dateModified":"2024-05-02T06:42:19+00:00","description":"Welche Gartenarbeiten beg\u00fcnstigt der Mond im M\u00e4rz? Besonders die Obstpflanzen stehen im Mittelpunkt, aber auch die Anzucht ist im vollen Gange.","breadcrumb":{"@id":"https:\/\/www.samenhaus.de\/gartenblog\/mondkalender-maerz#breadcrumb"},"inLanguage":"de","potentialAction":[{"@type":"ReadAction","target":["https:\/\/www.samenhaus.de\/gartenblog\/mondkalender-maerz"]}]},{"@type":"ImageObject","inLanguage":"de","@id":"https:\/\/www.samenhaus.de\/gartenblog\/mondkalender-maerz#primaryimage","url":"https:\/\/www.samenhaus.de\/gartenblog\/wp-content\/uploads\/2024\/03\/Maerz-scaled.jpg","contentUrl":"https:\/\/www.samenhaus.de\/gartenblog\/wp-content\/uploads\/2024\/03\/Maerz-scaled.jpg","width":2048,"height":1366,"caption":"Mondkalender M\u00e4rz"},{"@type":"BreadcrumbList","@id":"https:\/\/www.samenhaus.de\/gartenblog\/mondkalender-maerz#breadcrumb","itemListElement":[{"@type":"ListItem","position":1,"name":"Startseite","item":"https:\/\/www.samenhaus.de\/gartenblog\/"},{"@type":"ListItem","position":2,"name":"Mondkalender M\u00e4rz 2024"}]},{"@type":"WebSite","@id":"https:\/\/www.samenhaus.de\/gartenblog\/#website","url":"https:\/\/www.samenhaus.de\/gartenblog\/","name":"Samenhaus Gartenblog","description":"","publisher":{"@id":"https:\/\/www.samenhaus.de\/gartenblog\/#organization"},"potentialAction":[{"@type":"SearchAction","target":{"@type":"EntryPoint","urlTemplate":"https:\/\/www.samenhaus.de\/gartenblog\/?s={search_term_string}"},"query-input":{"@type":"PropertyValueSpecification","valueRequired":true,"valueName":"search_term_string"}}],"inLanguage":"de"},{"@type":"Organization","@id":"https:\/\/www.samenhaus.de\/gartenblog\/#organization","name":"Samenhaus.de Gartenblog","url":"https:\/\/www.samenhaus.de\/gartenblog\/","logo":{"@type":"ImageObject","inLanguage":"de","@id":"https:\/\/www.samenhaus.de\/gartenblog\/#\/schema\/logo\/image\/","url":"https:\/\/www.samenhaus.de\/gartenblog\/wp-content\/uploads\/2020\/11\/logo.svg","contentUrl":"https:\/\/www.samenhaus.de\/gartenblog\/wp-content\/uploads\/2020\/11\/logo.svg","width":1,"height":1,"caption":"Samenhaus.de Gartenblog"},"image":{"@id":"https:\/\/www.samenhaus.de\/gartenblog\/#\/schema\/logo\/image\/"},"sameAs":["https:\/\/de-de.facebook.com\/samenhaus","https:\/\/x.com\/samenhaus"]},{"@type":"Person","@id":"https:\/\/www.samenhaus.de\/gartenblog\/#\/schema\/person\/6e944e1fc5c1289be60e7fe439906c30","name":"Caroline","image":{"@type":"ImageObject","inLanguage":"de","@id":"https:\/\/www.samenhaus.de\/gartenblog\/wp-content\/uploads\/2026\/03\/caro-150x150.png","url":"https:\/\/www.samenhaus.de\/gartenblog\/wp-content\/uploads\/2026\/03\/caro-150x150.png","contentUrl":"https:\/\/www.samenhaus.de\/gartenblog\/wp-content\/uploads\/2026\/03\/caro-150x150.png","caption":"Caroline"},"url":"https:\/\/www.samenhaus.de\/gartenblog\/author\/caroline"}]}},"wp-worthy-pixel":{"ignored":false,"public":"a1bc3f853e554f988f679a046d48de40","server":"vg01.met.vgwort.de","url":"https:\/\/vg01.met.vgwort.de\/na\/a1bc3f853e554f988f679a046d48de40"},"wp-worthy-type":"normal","_links":{"self":[{"href":"https:\/\/www.samenhaus.de\/gartenblog\/wp-json\/wp\/v2\/posts\/16951","targetHints":{"allow":["GET"]}}],"collection":[{"href":"https:\/\/www.samenhaus.de\/gartenblog\/wp-json\/wp\/v2\/posts"}],"about":[{"href":"https:\/\/www.samenhaus.de\/gartenblog\/wp-json\/wp\/v2\/types\/post"}],"author":[{"embeddable":true,"href":"https:\/\/www.samenhaus.de\/gartenblog\/wp-json\/wp\/v2\/users\/9"}],"replies":[{"embeddable":true,"href":"https:\/\/www.samenhaus.de\/gartenblog\/wp-json\/wp\/v2\/comments?post=16951"}],"version-history":[{"count":20,"href":"https:\/\/www.samenhaus.de\/gartenblog\/wp-json\/wp\/v2\/posts\/16951\/revisions"}],"predecessor-version":[{"id":17944,"href":"https:\/\/www.samenhaus.de\/gartenblog\/wp-json\/wp\/v2\/posts\/16951\/revisions\/17944"}],"wp:featuredmedia":[{"embeddable":true,"href":"https:\/\/www.samenhaus.de\/gartenblog\/wp-json\/wp\/v2\/media\/16958"}],"wp:attachment":[{"href":"https:\/\/www.samenhaus.de\/gartenblog\/wp-json\/wp\/v2\/media?parent=16951"}],"wp:term":[{"taxonomy":"category","embeddable":true,"href":"https:\/\/www.samenhaus.de\/gartenblog\/wp-json\/wp\/v2\/categories?post=16951"},{"taxonomy":"post_tag","embeddable":true,"href":"https:\/\/www.samenhaus.de\/gartenblog\/wp-json\/wp\/v2\/tags?post=16951"},{"taxonomy":"hersteller","embeddable":true,"href":"https:\/\/www.samenhaus.de\/gartenblog\/wp-json\/wp\/v2\/hersteller?post=16951"}],"curies":[{"name":"wp","href":"https:\/\/api.w.org\/{rel}","templated":true}]}}