{"id":17143,"date":"2024-03-13T09:00:09","date_gmt":"2024-03-13T08:00:09","guid":{"rendered":"https:\/\/www.samenhaus.de\/gartenblog\/?p=17143"},"modified":"2024-03-13T10:35:40","modified_gmt":"2024-03-13T09:35:40","slug":"indoorgarten-so-wirds-gruen-im-haus","status":"publish","type":"post","link":"https:\/\/www.samenhaus.de\/gartenblog\/indoorgarten-so-wirds-gruen-im-haus","title":{"rendered":"Indoorgarten \u2013 so wird\u00b4s gr\u00fcn im Haus"},"content":{"rendered":"<p lang=\"de-DE\">Ein Pfl\u00e4nzchen im Arbeitszimmer auf dem Schreibtisch, eines im Wohnzimmer auf dem Fensterbrett und eines in der Schlafzimmerecke \u2013 wenn sich das f\u00fcr Sie etwas zu mickrig anh\u00f6rt, dann w\u00e4re ein Indoorgarten das Richtige f\u00fcr Sie! Holen Sie sich den Garten doch einfach ins Haus, damit es hier wunderbar gr\u00fcnt und bl\u00fcht. Ja, sogar der Anbau von Kr\u00e4utern und Gem\u00fcse ist m\u00f6glich.<\/p>\n<h2 lang=\"de-DE\"><span class=\"ez-toc-section\" id=\"Pflanzen_mit_unterschiedlichen_Beduerfnissen\"><\/span>Pflanzen mit unterschiedlichen Bed\u00fcrfnissen<span class=\"ez-toc-section-end\"><\/span><\/h2>\n<p lang=\"de-DE\"><img loading=\"lazy\" decoding=\"async\" class=\"size-full wp-image-17177 alignright\" src=\"https:\/\/www.samenhaus.de\/gartenblog\/wp-content\/uploads\/2024\/03\/Indoorgarden_584545772.jpg\" alt=\"Zimmerpflanzen am Fenster\" width=\"300\" height=\"200\" \/>W\u00e4hrend im Garten Pflanzen von der Sonne verw\u00f6hnt werden, ist dies in R\u00e4umen nicht immer der Fall \u2013 zumindest nicht in diesem Ausma\u00df. Stehen die Pflanzen direkt am Fenster, k\u00f6nnen sie nat\u00fcrlich am meisten von Sonnenstrahlen profitieren. Doch je weiter es in den Raum hineingeht, nimmt die Helligkeit immer mehr ab. Auf der anderen Seite gibt es zahlreiche Pflanzen, die es hell m\u00f6gen, aber keine direkte Sonne. Zimmerpflanzen sind somit genauso anspruchsvoll, wie Gartenpflanzen.<\/p>\n<p lang=\"de-DE\">Hinzu kommt, dass die Luftfeuchtigkeit \u2013 besonders im Winter \u2013 in R\u00e4umen weitaus niedriger ist, als im Freien. Auch hier muss man gegensteuern, vor allem deshalb, um Sch\u00e4dlingsbefall zu verhindern. Ein weiterer wichtiger Punkt: Pflanzen in Blument\u00f6pfen haben nur begrenzten Platz und ben\u00f6tigen zus\u00e4tzliche D\u00fcngergaben. Somit sind Pflanzen f\u00fcr den Indoorgarten nicht selten sehr pflegeaufwendig. Es gibt aber auch zahlreiche Zimmerpflanzen, die mit wenig Pflege zurechtkommen. Dazu geh\u00f6ren zum Beispiel<\/p>\n<ul>\n<li lang=\"de-DE\">Monstera<\/li>\n<li lang=\"de-DE\">Elefantenfu\u00df<\/li>\n<li lang=\"de-DE\">Yucca<\/li>\n<li lang=\"de-DE\">Gl\u00fccksfeder<\/li>\n<li lang=\"de-DE\">Einblatt<\/li>\n<li lang=\"de-DE\">Aloe Vera<\/li>\n<li lang=\"de-DE\">Bogenhanf<\/li>\n<li>Efeutute<\/li>\n<li lang=\"de-DE\">Drachenbaum<\/li>\n<li lang=\"de-DE\">Zimmerazalee<\/li>\n<li lang=\"de-DE\">Geldbaum<\/li>\n<li lang=\"de-DE\">Weihnachtskaktus<\/li>\n<li lang=\"de-DE\">Flamingoblume<\/li>\n<li lang=\"de-DE\">Echeveria<\/li>\n<\/ul>\n<h2 lang=\"de-DE\"><span class=\"ez-toc-section\" id=\"Pflanzen_fuer_Sonne_Halbschatten_und_Schatten\"><\/span>Pflanzen f\u00fcr Sonne, Halbschatten und Schatten<span class=\"ez-toc-section-end\"><\/span><\/h2>\n<p lang=\"de-DE\">Es gibt Zimmerpflanzen, die direkt am Fenster stehen sollten, anderen gen\u00fcgt eine dunkle Ecke. Welche Pflanzen f\u00fcr welchen Standort im Indoorgarten geeignet sind, m\u00f6chten wir uns mal etwas genauer ansehen.<\/p>\n<table class=\"custom-table-1\" width=\"100%\" cellspacing=\"0\" cellpadding=\"4\">\n<tbody>\n<tr valign=\"TOP\">\n<td width=\"182\">\n<p lang=\"de-DE\"><strong>(Direkte) Sonne<\/strong><\/p>\n<\/td>\n<td width=\"191\">\n<p lang=\"de-DE\"><strong>Halbschatten<\/strong><\/p>\n<\/td>\n<td width=\"190\">\n<p lang=\"de-DE\"><strong>Schatten<\/strong><\/p>\n<\/td>\n<\/tr>\n<tr valign=\"TOP\">\n<td width=\"182\"><\/td>\n<td width=\"191\"><\/td>\n<td width=\"190\"><\/td>\n<\/tr>\n<tr valign=\"TOP\">\n<td width=\"182\">\n<p lang=\"de-DE\">Elefantenohr<\/p>\n<\/td>\n<td width=\"191\">\n<p lang=\"de-DE\">Einblatt<\/p>\n<\/td>\n<td width=\"190\">\n<p lang=\"de-DE\">Fensterblatt<\/p>\n<\/td>\n<\/tr>\n<tr valign=\"TOP\">\n<td width=\"182\">\n<p lang=\"de-DE\">Bogenhanf<\/p>\n<\/td>\n<td width=\"191\">\n<p lang=\"de-DE\">Drachenbaum<\/p>\n<\/td>\n<td width=\"190\">\n<p lang=\"de-DE\">Zimmerefeu<\/p>\n<\/td>\n<\/tr>\n<tr valign=\"TOP\">\n<td width=\"182\">\n<p lang=\"de-DE\">Gummibaum<\/p>\n<\/td>\n<td width=\"191\">\n<p lang=\"de-DE\">Pfeilwurze<\/p>\n<\/td>\n<td width=\"190\">\n<p lang=\"de-DE\">Goldfruchtpalme<\/p>\n<\/td>\n<\/tr>\n<tr valign=\"TOP\">\n<td width=\"182\">\n<p lang=\"de-DE\"><a href=\"https:\/\/www.samenhaus.de\/search?query=Paradiesvogelblume\" target=\"_blank\" rel=\"noopener\">Paradiesvogelblume<\/a><\/p>\n<\/td>\n<td width=\"191\">\n<p lang=\"de-DE\">Philodendron<\/p>\n<\/td>\n<td width=\"190\">\n<p lang=\"de-DE\">Bogenhanf<\/p>\n<\/td>\n<\/tr>\n<tr valign=\"TOP\">\n<td width=\"182\">\n<p lang=\"de-DE\">Aloe Vera<\/p>\n<\/td>\n<td width=\"191\">\n<p lang=\"de-DE\">Kolbenfaden<\/p>\n<\/td>\n<td width=\"190\">\n<p lang=\"de-DE\">Kolbenfaden<\/p>\n<\/td>\n<\/tr>\n<tr valign=\"TOP\">\n<td width=\"182\">\n<p lang=\"de-DE\">Elefantenfu\u00df<\/p>\n<\/td>\n<td width=\"191\">\n<p lang=\"de-DE\">Drachenbaum<\/p>\n<\/td>\n<td width=\"190\">\n<p lang=\"de-DE\">Gr\u00fcnlilie<\/p>\n<\/td>\n<\/tr>\n<tr valign=\"TOP\">\n<td width=\"182\">\n<p lang=\"de-DE\">Gl\u00fccksfeder<\/p>\n<\/td>\n<td width=\"191\">\n<p lang=\"de-DE\">Steckenpalme<\/p>\n<\/td>\n<td width=\"190\">\n<p lang=\"de-DE\">Drachenbaum<\/p>\n<\/td>\n<\/tr>\n<tr valign=\"TOP\">\n<td width=\"182\">\n<p lang=\"de-DE\">Blattkaktus<\/p>\n<\/td>\n<td width=\"191\">\n<p lang=\"de-DE\">Schwertfarn<\/p>\n<\/td>\n<td width=\"190\">\n<p lang=\"de-DE\">Palmlilie<\/p>\n<\/td>\n<\/tr>\n<tr valign=\"TOP\">\n<td width=\"182\">\n<p lang=\"de-DE\">Orchideen<\/p>\n<\/td>\n<td width=\"191\">\n<p lang=\"de-DE\">Dieffenbachie<\/p>\n<\/td>\n<td width=\"190\">\n<p lang=\"de-DE\">Steckenpalme<\/p>\n<\/td>\n<\/tr>\n<tr valign=\"TOP\">\n<td width=\"182\">\n<p lang=\"de-DE\">Christusdorn<\/p>\n<\/td>\n<td width=\"191\">\n<p lang=\"de-DE\">Wunderstrauch<\/p>\n<\/td>\n<td width=\"190\">\n<p lang=\"de-DE\">Korallenkaktus<\/p>\n<\/td>\n<\/tr>\n<tr valign=\"TOP\">\n<td width=\"182\">\n<p lang=\"de-DE\">Echeveria<\/p>\n<\/td>\n<td width=\"191\">\n<p lang=\"de-DE\">Orchideen<\/p>\n<\/td>\n<td width=\"190\">\n<p lang=\"de-DE\">Efeutute<\/p>\n<\/td>\n<\/tr>\n<tr valign=\"TOP\">\n<td width=\"182\">\n<p lang=\"de-DE\">Feigenkaktus<\/p>\n<\/td>\n<td width=\"191\">\n<p lang=\"de-DE\">Birkenfeige<\/p>\n<\/td>\n<td width=\"190\">\n<p lang=\"de-DE\">Binsenkaktus<\/p>\n<\/td>\n<\/tr>\n<tr valign=\"TOP\">\n<td width=\"182\">\n<p lang=\"de-DE\"><a href=\"https:\/\/www.samenhaus.de\/search?query=Strelitzie\" target=\"_blank\" rel=\"noopener\">Strelitzie<\/a><\/p>\n<\/td>\n<td width=\"191\">\n<p lang=\"de-DE\">Gr\u00fcnlilie<\/p>\n<\/td>\n<td width=\"190\">\n<p lang=\"de-DE\">Korbmarante<\/p>\n<\/td>\n<\/tr>\n<tr valign=\"TOP\">\n<td width=\"182\">\n<p lang=\"de-DE\">W\u00fcstenrose<\/p>\n<\/td>\n<td width=\"191\">\n<p lang=\"de-DE\">Bromelie<\/p>\n<\/td>\n<td width=\"190\">\n<p lang=\"de-DE\">Fensterblatt<\/p>\n<\/td>\n<\/tr>\n<tr valign=\"TOP\">\n<td width=\"182\">\n<p lang=\"de-DE\">Schwiegermuttersitz<\/p>\n<\/td>\n<td width=\"191\">\n<p lang=\"de-DE\"><a href=\"https:\/\/www.samenhaus.de\/search?query=Kakteen\" target=\"_blank\" rel=\"noopener\">Kakteen<\/a><\/p>\n<\/td>\n<td width=\"190\">\n<p lang=\"de-DE\">Kentiapalme<\/p>\n<\/td>\n<\/tr>\n<\/tbody>\n<\/table>\n<p lang=\"de-DE\">Sie sehen, man kann die eigenen vier W\u00e4nde durchaus gr\u00fcn und abwechslungsreich gestalten.<\/p>\n<h2 lang=\"de-DE\"><span class=\"ez-toc-section\" id=\"Indoorgarten_%E2%80%93_begrenzten_Platz_optimal_nutzen\"><\/span>Indoorgarten \u2013 begrenzten Platz optimal nutzen<span class=\"ez-toc-section-end\"><\/span><\/h2>\n<p lang=\"de-DE\"><img loading=\"lazy\" decoding=\"async\" class=\"size-full wp-image-17176 alignright\" src=\"https:\/\/www.samenhaus.de\/gartenblog\/wp-content\/uploads\/2024\/03\/Indoorgarden_452735514.jpg\" alt=\"Zimmerpflanzen Wohnzimmer\" width=\"300\" height=\"200\" \/>Dass man sich in R\u00e4umen nicht so austoben kann, wie im Garten ist aufgrund des begrenzten Platzes klar. Dennoch l\u00e4sst sich vieles verwirklichen. Gerade wenn es auf engstem Raum gr\u00fcn werden soll, bieten sich unterschiedliche Ebenen an.<\/p>\n<ul>\n<li lang=\"de-DE\">Am Boden in einem gro\u00dfen K\u00fcbel stehen ausladend und hoch wachsende Pflanzen ideal.<\/li>\n<li lang=\"de-DE\">Egal, ob Tisch, Regal, Schrank, Schemel, Pflanzleiter, Weinkisten etc. \u2013 durch unterschiedliche H\u00f6hen k\u00f6nnen Sie nicht nur optisch Highlights schaffen, sondern den Pflanzen auch den richtigen Standort bieten. Weiter oben sind Pflanzen mit mehr Lichtbedarf gut aufgehoben, w\u00e4hrend in den unteren Ebenen Pflanzen mit weniger Lichtbedarf stehen.<\/li>\n<li lang=\"de-DE\">Was im Garten oft nur schwer umzusetzen ist, ist in R\u00e4umen ideal: H\u00e4ngende Pflanzen! Sie werden an Zimmerdecken in Blumenampeln geh\u00e4ngt oder auf hohe Schr\u00e4nke gestellt \u2013 so haben sie viel Freiraum.<\/li>\n<li lang=\"de-DE\">Vergessen Sie Ihr Fensterbrett nicht, denn das ist pr\u00e4destiniert f\u00fcr tolle Blumen im Haus. Achten Sie darauf, dass die Heizung im Winter nicht auf h\u00f6chster Stufe l\u00e4uft und die Pflanzen somit nicht zu warm stehen.<\/li>\n<\/ul>\n<p lang=\"de-DE\">So manche Pflanze bevorzugt in der Ruhephase einen k\u00fchleren Standort. Denken Sie daran, im Winter entsprechenden Platz bereitzustellen.<\/p>\n<h2 lang=\"de-DE\"><span class=\"ez-toc-section\" id=\"Kraeuter_fuer_den_Indoorgarten\"><\/span>Kr\u00e4uter f\u00fcr den Indoorgarten<span class=\"ez-toc-section-end\"><\/span><\/h2>\n<p lang=\"de-DE\">Selbst wenn Sie nicht zu den Kochakrobaten geh\u00f6ren, sind Kr\u00e4uter im Haus nicht nur toll anzusehen, sie verstr\u00f6men auch einen intensiven und aromatischen Duft. Noch mehr von Kr\u00e4utern haben Sie nat\u00fcrlich, wenn Sie sie beim Kochen verwenden. Immer frisch und immer griffbereit! Daher sind sie bestens in der K\u00fcche aufgehoben. Hier eine Auswahl an Kr\u00e4utern f\u00fcr den Indoorgarten inkl. der Anspr\u00fcche:<\/p>\n<table class=\"custom-table-1\" width=\"100%\" cellspacing=\"0\" cellpadding=\"4\">\n<tbody>\n<tr valign=\"TOP\">\n<td width=\"134\">\n<p lang=\"de-DE\"><a href=\"https:\/\/www.samenhaus.de\/basilikumsamen\" target=\"_blank\" rel=\"noopener\"><strong>Basilikum<\/strong><\/a><\/p>\n<\/td>\n<td width=\"444\">\n<p lang=\"de-DE\">Mag keine direkte Sonne, steht lieber halbschattig am Ost- oder Nordfenster, gut gie\u00dfen, bei Bedarf bespr\u00fchen. Der Zimmerbasilikum ist in der Regel einj\u00e4hrig.<\/p>\n<\/td>\n<\/tr>\n<tr valign=\"TOP\">\n<td width=\"134\">\n<p lang=\"de-DE\"><a href=\"https:\/\/www.samenhaus.de\/koriandersamen\" target=\"_blank\" rel=\"noopener\"><strong>Koriander<\/strong><\/a><\/p>\n<\/td>\n<td width=\"444\">\n<p lang=\"de-DE\">Mag einen hellen Standort, gerne mit direkter Sonne an der S\u00fcd- oder Westseite, regelm\u00e4\u00dfig gie\u00dfen und f\u00fcr W\u00e4rme sorgen. Der Koriander ist einj\u00e4hrig.<\/p>\n<\/td>\n<\/tr>\n<tr valign=\"TOP\">\n<td width=\"134\">\n<p lang=\"de-DE\"><a href=\"https:\/\/www.samenhaus.de\/kressesamen\" target=\"_blank\" rel=\"noopener\"><strong>Kresse<\/strong><\/a><\/p>\n<\/td>\n<td width=\"444\">\n<p lang=\"de-DE\">Kresse w\u00e4chst sowohl in der Sonne wie auch im Halbschatten. Je dunkler sie steht, umso heller werden die Bl\u00e4tter. Sie muss nur wenig gegossen werden und ist bereits wenige Tage nach Aussaat erntereif. Im Winter braucht sie keine gesonderte Behandlung. Die Kresse ist einj\u00e4hrig.<\/p>\n<\/td>\n<\/tr>\n<tr valign=\"TOP\">\n<td width=\"134\">\n<p lang=\"de-DE\"><a href=\"https:\/\/www.samenhaus.de\/liebstoeckelsamen\" target=\"_blank\" rel=\"noopener\"><strong>Liebst\u00f6ckel<\/strong><\/a><\/p>\n<\/td>\n<td width=\"444\">\n<p lang=\"de-DE\">Mag einen Platz im Halbschatten, steht also am Ost- oder Nordfenster ideal, gut gie\u00dfen, im Winter bespr\u00fchen, um die Luftfeuchtigkeit zu erh\u00f6hen. Der Liebst\u00f6ckel ist mehrj\u00e4hrig.<\/p>\n<\/td>\n<\/tr>\n<tr valign=\"TOP\">\n<td width=\"134\">\n<p lang=\"de-DE\"><a href=\"https:\/\/www.samenhaus.de\/minzesamen\" target=\"_blank\" rel=\"noopener\"><strong>Minze<\/strong><\/a><\/p>\n<\/td>\n<td width=\"444\">\n<p lang=\"de-DE\">Direkte Sonne ist bei Minze nicht ideal, sie sollte im Halbschatten an einem Ost- oder Nordfenster stehen. Gut feucht halten und im Winter gerne k\u00fchler stellen. Die Minze ist mehrj\u00e4hrig.<\/p>\n<\/td>\n<\/tr>\n<tr valign=\"TOP\">\n<td width=\"134\">\n<p lang=\"de-DE\"><a href=\"https:\/\/www.samenhaus.de\/oreganosamen\" target=\"_blank\" rel=\"noopener\"><strong>Oregano<\/strong><\/a><\/p>\n<\/td>\n<td width=\"444\">\n<p lang=\"de-DE\">Sonne ist f\u00fcr den Oregano essenziell, ein S\u00fcd- oder Westfenster damit ideal. Die Erde sollte immer feucht sein, im Winter darf das Kraut bespr\u00fcht werden. Der Oregano ist mehrj\u00e4hrig.<\/p>\n<\/td>\n<\/tr>\n<tr valign=\"TOP\">\n<td width=\"134\">\n<p lang=\"de-DE\"><a href=\"https:\/\/www.samenhaus.de\/petersiliensamen\" target=\"_blank\" rel=\"noopener\"><strong>Petersilie<\/strong><\/a><\/p>\n<\/td>\n<td width=\"444\">\n<p lang=\"de-DE\">Mag Licht und ist auch Sonne nicht abgeneigt, gedeiht aber auch im Halbschatten. Ein Standort auf der S\u00fcd- oder Westseite ist perfekt. Halten Sie das Kraut gut feucht. Die Petersilie ist zweij\u00e4hrig und beginnt im zweiten Jahr zu bl\u00fchen \u2013 die Bl\u00fcten sind im \u00dcbrigen ebenfalls essbar.<\/p>\n<\/td>\n<\/tr>\n<tr valign=\"TOP\">\n<td width=\"134\">\n<p lang=\"de-DE\"><a href=\"https:\/\/www.samenhaus.de\/rosmarinsamen\" target=\"_blank\" rel=\"noopener\"><strong>Rosmarin<\/strong><\/a><\/p>\n<\/td>\n<td width=\"444\">\n<p lang=\"de-DE\">Rosmarin steht am besten am S\u00fcd- oder Westfenster, denn das Kraut mag viel Sonne und liebt die W\u00e4rme. Beim Gie\u00dfen kann man etwas gen\u00fcgsamer sein, denn Rosmarin kommt auch mit etwas Trockenheit klar. Im Winter sollte das mediterrane Kraut nicht bespr\u00fcht werden. Der Rosmarin ist mehrj\u00e4hrig.<\/p>\n<\/td>\n<\/tr>\n<tr valign=\"TOP\">\n<td width=\"134\">\n<p lang=\"de-DE\"><a href=\"https:\/\/www.samenhaus.de\/salbeisamen\" target=\"_blank\" rel=\"noopener\"><strong>Salbei<\/strong><\/a><\/p>\n<\/td>\n<td width=\"444\">\n<p lang=\"de-DE\">Viel Sonne ist beim Salbei wichtig, damit er gut gedeiht, daher sind S\u00fcd- oder Westfenster ideal. M\u00e4\u00dfig gie\u00dfen und im Winter nicht mit Wasser bespr\u00fchen, denn das Kraut mag die Trockenheit. Der Salbei ist mehrj\u00e4hrig.<\/p>\n<\/td>\n<\/tr>\n<tr valign=\"TOP\">\n<td width=\"134\">\n<p lang=\"de-DE\"><a href=\"https:\/\/www.samenhaus.de\/schnittlauchsamen\" target=\"_blank\" rel=\"noopener\"><strong>Schnittlauch<\/strong><\/a><\/p>\n<\/td>\n<td width=\"444\">\n<p lang=\"de-DE\">Schnittlauch steht am liebsten im Halbschatten ohne direkte Sonneneinstrahlung, an einem Ost- oder Nordfenster. Gut gie\u00dfen und im Winter auch mal mit Wasser best\u00e4uben. Der Schnittlauch ist mehrj\u00e4hrig.<\/p>\n<\/td>\n<\/tr>\n<tr valign=\"TOP\">\n<td width=\"134\">\n<p lang=\"de-DE\"><a href=\"https:\/\/www.samenhaus.de\/thymiansamen\" target=\"_blank\" rel=\"noopener\"><strong>Thymian<\/strong><\/a><\/p>\n<\/td>\n<td width=\"444\">\n<p lang=\"de-DE\">Mag die Sonne und sollte daher an einem S\u00fcd- oder Westfenster platziert werden. Nur m\u00e4\u00dfig gie\u00dfen und im Winter nicht bespr\u00fchen, da er besser mit Trockenheit zurechtkommt. Der Thymian ist mehrj\u00e4hrig.<\/p>\n<\/td>\n<\/tr>\n<\/tbody>\n<\/table>\n<p lang=\"de-DE\">Kr\u00e4uter m\u00f6gen keine warme Heizungsluft. W\u00e4hrend des Winters sollten Sie daher alle Kr\u00e4uter \u2013 Ausnahme ist das Basilikum \u2013 an einen k\u00fchlen Standort stellen. Oftmals ist die K\u00fcche da schon der beste Platz, da hier kaum geheizt wird.<\/p>\n<p lang=\"de-DE\"><strong>Tipp:<\/strong> Sofern Sie sich bereits gezogene Kr\u00e4uter im Topf kaufen, sollten Sie diese zuhause direkt in einen gr\u00f6\u00dferen Topf umsetzen. Der Grund: So k\u00f6nnen sie sich besser entwickeln, denn in gekauften T\u00f6pfen sind die Pflanzen viel zu eng gesetzt. Am besten ist es nat\u00fcrlich, wenn Sie selbst auss\u00e4en \u2013 Samen gibt es bei uns ja genug!<\/p>\n<h2 lang=\"de-DE\"><span class=\"ez-toc-section\" id=\"Gemuese_fuer_den_Indoorgarten\"><\/span>Gem\u00fcse f\u00fcr den Indoorgarten<span class=\"ez-toc-section-end\"><\/span><\/h2>\n<p lang=\"de-DE\">Lust auf Gem\u00fcse aus der Wohnung? Dann sehen wir uns jetzt mal ein paar Gem\u00fcsesorten an, die auch im Zimmer angebaut werden k\u00f6nnen. Hier ist besonders zu beachten, dass gro\u00dfe und ausladende Pflanzen wie etwa K\u00fcrbis oder Zucchini drinnen eher ungeeignet sind.<\/p>\n<table class=\"custom-table-1\" width=\"100%\" cellspacing=\"0\" cellpadding=\"4\">\n<tbody>\n<tr valign=\"TOP\">\n<td width=\"134\">\n<p lang=\"de-DE\"><a href=\"https:\/\/www.samenhaus.de\/bohnensamen\" target=\"_blank\" rel=\"noopener\"><strong>Bohnen<\/strong><\/a><\/p>\n<\/td>\n<td width=\"444\">\n<p lang=\"de-DE\">Ob Busch- oder Stangenbohnen, das Gem\u00fcse braucht einen gro\u00dfen K\u00fcbel. Buschbohnen wachsen eher \u2013 daher der Name \u2013 buschartig und erreichen einen Durchmesser von ca. 50 cm, Stangenbohnen wachsen in die H\u00f6he und brauchen eine Rankhilfe. Ein sonniger Standort und viel Wasser, so geht es den Bohnen gut.<\/p>\n<\/td>\n<\/tr>\n<tr valign=\"TOP\">\n<td width=\"134\">\n<p lang=\"de-DE\"><a href=\"https:\/\/www.samenhaus.de\/chilisamen\" target=\"_blank\" rel=\"noopener\"><strong>Chili<\/strong><\/a><\/p>\n<\/td>\n<td width=\"444\">\n<p lang=\"de-DE\">Ein warmer Standort und viel Sonne ist, was die Chili bevorzugt. Sie w\u00e4chst nach oben und sollte mit einer Rankhilfe unterst\u00fctzt werden. Ausreichend gie\u00dfen ist ebenfalls wichtig.<\/p>\n<\/td>\n<\/tr>\n<tr valign=\"TOP\">\n<td width=\"134\">\n<p lang=\"de-DE\"><a href=\"https:\/\/www.samenhaus.de\/gruenkohlsamen\" target=\"_blank\" rel=\"noopener\"><strong>Gr\u00fcnkohl<\/strong><\/a><\/p>\n<\/td>\n<td width=\"444\">\n<p lang=\"de-DE\">Hell und k\u00fchl steht der Gr\u00fcnkohl am liebsten. Wenn Sie ihn noch regelm\u00e4\u00dfig gie\u00dfen, k\u00f6nnen Sie schon bald ernten. Da Gr\u00fcnkohl nicht allzu gro\u00df wird, kann er durchaus auf breiten Fensterbrettern gedeihen.<\/p>\n<\/td>\n<\/tr>\n<tr valign=\"TOP\">\n<td width=\"134\">\n<p lang=\"de-DE\"><strong>Ingwer<\/strong><\/p>\n<\/td>\n<td width=\"444\">\n<p lang=\"de-DE\">Ingwer kommt aus den Subtropen und Tropen und braucht es deshalb warm und feucht. Ein Platz auf der Fensterbank \u2013 im Winter gerne \u00fcber der Heizung \u2013 ist ideal. Wenn er dann noch regelm\u00e4\u00dfig gegossen wird, ist alles gut.<\/p>\n<\/td>\n<\/tr>\n<tr valign=\"TOP\">\n<td width=\"134\">\n<p lang=\"de-DE\"><a href=\"https:\/\/www.samenhaus.de\/knoblauchsamen\" target=\"_blank\" rel=\"noopener\"><strong>Knoblauch<\/strong><\/a><\/p>\n<\/td>\n<td width=\"444\">\n<p lang=\"de-DE\">Auch wenn sich Knoblauch unter der Erde bildet, braucht er einen sonnigen Standort. Das Zwiebelgew\u00e4chs liebt au\u00dferdem die W\u00e4rme. Gegossen wird m\u00e4\u00dfig, damit es nicht zu Wurzelf\u00e4ule kommt. Er steht \u2013 auch weil er wenig Platz braucht \u2013 auf der Fensterbank.<\/p>\n<\/td>\n<\/tr>\n<tr valign=\"TOP\">\n<td width=\"134\">\n<p lang=\"de-DE\"><a href=\"https:\/\/www.samenhaus.de\/lauchzwiebelsamen\" target=\"_blank\" rel=\"noopener\"><strong>Lauchzwiebeln<\/strong><\/a><\/p>\n<\/td>\n<td width=\"444\">\n<p lang=\"de-DE\">Sehr pflegeleicht sind Lauch- oder Fr\u00fchlingszwiebeln. Sie lieben es sonnig und warm und m\u00fcssen nur ab und zu mit Wasser versorgt werden.<\/p>\n<\/td>\n<\/tr>\n<tr valign=\"TOP\">\n<td width=\"134\">\n<p lang=\"de-DE\"><a href=\"https:\/\/www.samenhaus.de\/mangoldsamen\" target=\"_blank\" rel=\"noopener\"><strong>Mangold<\/strong><\/a><\/p>\n<\/td>\n<td width=\"444\">\n<p lang=\"de-DE\">Ein heller Standort, k\u00fchle Temperaturen und ausreichend Wassergaben \u2013 so f\u00fchlt sich Mangold wohl. Im Topf bleibt er relativ klein, sodass vor allem die kleinen, aromatischen Bl\u00e4tter geerntet werden k\u00f6nnen. Auch optisch \u00fcberzeugt der Mangold aufgrund seiner farbigen St\u00e4ngel und jungen Bl\u00e4tter.<\/p>\n<\/td>\n<\/tr>\n<tr valign=\"TOP\">\n<td width=\"134\">\n<p lang=\"de-DE\"><a href=\"https:\/\/www.samenhaus.de\/paprikasamen\" target=\"_blank\" rel=\"noopener\"><strong>Paprika<\/strong><\/a><\/p>\n<\/td>\n<td width=\"444\">\n<p lang=\"de-DE\">Die Paprika mag es warm und sonnig. Obwohl die Pflanze nach oben w\u00e4chst und eine Rankhilfe braucht, sind manche Sorten etwas ausladender als andere. Ein guter Platz ist in einem gro\u00dfen K\u00fcbel an einem hellen Standort. Die Paprika braucht ausreichend Wassergaben.<\/p>\n<\/td>\n<\/tr>\n<tr valign=\"TOP\">\n<td width=\"134\">\n<p lang=\"de-DE\"><a href=\"https:\/\/www.samenhaus.de\/pfluecksalatsamen\" target=\"_blank\" rel=\"noopener\"><strong>Pfl\u00fccksalat<\/strong><\/a><\/p>\n<\/td>\n<td width=\"444\">\n<p lang=\"de-DE\">Besonders gut f\u00fcr drinnen geeignet sind Pfl\u00fccksalate. Zum einen, weil sie wenig Platz brauchen, zum anderen, weil sie immer wieder geerntet werden k\u00f6nnen. Dazu werden nur die \u00e4u\u00dferen Bl\u00e4tter abgeschnitten, damit das Herz in der Mitte weiterhin Bl\u00e4tter produzieren kann. Pfl\u00fccksalat steht am liebsten sonnig und etwas k\u00fchler, au\u00dferdem muss er regelm\u00e4\u00dfig gegossen werden.<\/p>\n<\/td>\n<\/tr>\n<tr valign=\"TOP\">\n<td width=\"134\">\n<p lang=\"de-DE\"><a href=\"https:\/\/www.samenhaus.de\/pilzbrut\" target=\"_blank\" rel=\"noopener\"><strong>Pilze<\/strong><\/a><\/p>\n<\/td>\n<td width=\"444\">\n<p lang=\"de-DE\">Pilze lassen sich in Kulturen prima zuhause ziehen \u2013 auch wir bieten in unserem Shop zahlreiche Pilzzuchtsets an. Sie brauchen wenig Platz und einen warmen aber dunklen Standort. Regelm\u00e4\u00dfig gie\u00dfen ist wichtig, damit sich das Myzel verbreiten kann.<\/p>\n<\/td>\n<\/tr>\n<tr valign=\"TOP\">\n<td width=\"134\">\n<p lang=\"de-DE\"><a href=\"https:\/\/www.samenhaus.de\/radieschensamen\" target=\"_blank\" rel=\"noopener\"><strong>Radieschen<\/strong><\/a><\/p>\n<\/td>\n<td width=\"444\">\n<p lang=\"de-DE\">Wenig Platzbedarf, heller und eher k\u00fchler Standort \u2013 ideal auf einem Fensterbrett ohne Heizung darunter, Radieschen sind gerade f\u00fcr Anf\u00e4nger ideal. Sie wachsen schnell, m\u00fcssen nur m\u00e4\u00dfig gegossen werden und sind schon vier Wochen nach Aussaat erntereif.<\/p>\n<\/td>\n<\/tr>\n<tr valign=\"TOP\">\n<td width=\"134\">\n<p lang=\"de-DE\"><strong>Rucola<\/strong><\/p>\n<\/td>\n<td width=\"444\">\n<p lang=\"de-DE\">Rucola mit seiner angenehmen Sch\u00e4rfe ist in der K\u00fcche sehr beliebt. An einem sonnigen Standort, der nicht allzu warm sein sollte und mit regelm\u00e4\u00dfigen Wassergaben kann Rucola schon vier Wochen nach Aussaat das erste Mal geschnitten werden.<\/p>\n<\/td>\n<\/tr>\n<tr valign=\"TOP\">\n<td width=\"134\">\n<p lang=\"de-DE\"><a href=\"https:\/\/www.samenhaus.de\/spinatsamen\" target=\"_blank\" rel=\"noopener\"><strong>Spinat<\/strong><\/a><\/p>\n<\/td>\n<td width=\"444\">\n<p lang=\"de-DE\">Einen k\u00fchlen Standort, der auch mal im Halbschatten liegen kann, bevorzugt der Spinat, der regelm\u00e4\u00dfig gegossen werden sollte. Der Vorteil ist, dass Spinat immer wieder geerntet werden kann, da er nachwachsend ist.<\/p>\n<\/td>\n<\/tr>\n<tr valign=\"TOP\">\n<td width=\"134\">\n<p lang=\"de-DE\"><a href=\"https:\/\/www.samenhaus.de\/tomatensamen\" target=\"_blank\" rel=\"noopener\"><strong>Tomaten<\/strong><\/a><\/p>\n<\/td>\n<td width=\"444\">\n<p lang=\"de-DE\">Tomaten k\u00f6nnen sehr ausladend werden, weswegen Sie f\u00fcr die Wohnung kleine Sorten w\u00e4hlen sollten. Auch das Ausgeizen ist wichtig, damit die Pflanze nicht zu gro\u00df wird und aromatische Fr\u00fcchte hervorbringt. Ein sonniger Standort im K\u00fcbel ist ebenso wichtig, wie W\u00e4rme. Gie\u00dfen Sie regelm\u00e4\u00dfig, dann k\u00f6nnen Sie auch regelm\u00e4\u00dfig ernten.<\/p>\n<\/td>\n<\/tr>\n<tr valign=\"TOP\">\n<td width=\"134\">\n<p lang=\"de-DE\"><a href=\"https:\/\/www.samenhaus.de\/zwiebelsamen\" target=\"_blank\" rel=\"noopener\"><strong>Zwiebeln<\/strong><\/a><\/p>\n<\/td>\n<td width=\"444\">\n<p lang=\"de-DE\">Zwiebeln sind recht anspruchslos und pflegeleicht. Gerne stehen die Pflanzen sonnig und warm, gegossen wird m\u00e4\u00dfig.<\/p>\n<\/td>\n<\/tr>\n<\/tbody>\n<\/table>\n<p lang=\"de-DE\"><strong>Tipp:<\/strong> Da Gem\u00fcsepflanzen, die viel Licht brauchen, im Winter durch die schlechteren Lichtverh\u00e4ltnisse wom\u00f6glich zu wenig erhalten, k\u00f6nnen Sie diese mit Pflanzenleuchten unterst\u00fctzen.<\/p>\n<h2 lang=\"de-DE\"><span class=\"ez-toc-section\" id=\"Wichtig_fuer_alle_Pflanzen_im_Indoorgarten\"><\/span>Wichtig f\u00fcr alle Pflanzen im Indoorgarten<span class=\"ez-toc-section-end\"><\/span><\/h2>\n<p lang=\"de-DE\"><img loading=\"lazy\" decoding=\"async\" class=\"size-full wp-image-17175 alignright\" src=\"https:\/\/www.samenhaus.de\/gartenblog\/wp-content\/uploads\/2024\/03\/Indoorgarden_441149041.jpg\" alt=\"Pflanzen \" width=\"300\" height=\"200\" \/>Sehen wir uns zum Schluss noch mal die wichtigsten Punkte f\u00fcr Pflanzen \u2013 egal, ob Zimmerpflanzen, Gem\u00fcse oder Kr\u00e4uter \u2013 im Indoorgarten an.<\/p>\n<ul>\n<li lang=\"de-DE\"><strong>Lichtverh\u00e4ltnisse:<\/strong> Wenn Pflanzen einen hohen Lichtbedarf haben, sind Sie an Fenstern, die zur S\u00fcd- oder Westseite zeigen, bestens aufgehoben. Pflanzen, die wenig Licht ben\u00f6tigen, k\u00f6nnen auch in dunklen R\u00e4umen gut gedeihen.<\/li>\n<li lang=\"de-DE\"><strong>Temperaturen:<\/strong> Auch hier sind die Bed\u00fcrfnisse unterschiedlich, weswegen man den besten Standort nicht pauschalisieren kann. In der Regel kommen die Pflanzen mit Zimmertemperaturen zwischen 16 und 20 Grad gut zurecht. Im Winter stehen Pflanzen in der Regel nicht direkt an Heizungen \u2013 selbst mediterrane Kr\u00e4uter lieben es dann etwas k\u00fchler. Zu warme und trockene Heizungsluft im Winter ist zudem f\u00fcr zahlreiche Sch\u00e4dlinge wie Woll-, Schmier- und Schildl\u00e4use verantwortlich.<\/li>\n<li><strong>Wassergaben:<\/strong> Die meisten Pflanzen ben\u00f6tigen regelm\u00e4\u00dfige Wassergaben, ohne dass die Erde nass ist. Staun\u00e4sse sollten Sie durch Drainagen oder Abflussl\u00f6cher im Topf vermeiden. Stehen Pflanzen in der Sonne, ben\u00f6tigen Sie mehr Wasser. Pflanzen mit fleischigen, dicken Bl\u00e4ttern m\u00fcssen weniger gegossen werden.<\/li>\n<li lang=\"de-DE\"><strong>D\u00fcngergaben:<\/strong> Da Pflanzen in T\u00f6pfen nur \u00fcber begrenzte Erde verf\u00fcgen, sind die N\u00e4hrstoffe hier schneller aufgebraucht, als im Gartenbeet. Daher sollten Sie gezielt mit organischen D\u00fcngern f\u00fcr ausreichend N\u00e4hrstoffe sorgen. Ideal f\u00fcr Pflanzen im Indoorgarten sind Pflanzst\u00e4bchen oder Fl\u00fcssigd\u00fcnger. \u00dcbrigens k\u00f6nnen Sie auch selbst Kompost zuhause herstellen, etwa mit einer Wurmkiste, in die Sie Ihre K\u00fcchenabf\u00e4lle entsorgen k\u00f6nnen.<\/li>\n<li lang=\"de-DE\"><strong>Frischluft:<\/strong> Auch wenn so manche Pflanze keine Zugluft m\u00f6chte, ist Frischluft doch essenziell. Sie sollten daher regelm\u00e4\u00dfig l\u00fcften \u2013 auch im Winter! Hier aber auf kalte Luftz\u00fcge achten und Pflanzen nicht direkt vor die offenen Fenster stellen. Die Bewegung der Pflanzen durch die Luft macht sie im \u00dcbrigen widerstandsf\u00e4higer.<\/li>\n<li lang=\"de-DE\"><strong>Platzbedarf:<\/strong> Im Beet k\u00f6nnen sich Pflanzen problemlos ausbreiten, im Topf ist der Platz begrenzt. Daher ist es wichtig, die Pflanzen regelm\u00e4\u00dfig zu kontrollieren. Wenn die Wurzeln zum Abzugslos herauswachsen, ist es h\u00f6chste Zeit f\u00fcr einen gr\u00f6\u00dferen Topf.<\/li>\n<\/ul>\n","protected":false},"excerpt":{"rendered":"<p>Ein Pfl\u00e4nzchen im Arbeitszimmer auf dem Schreibtisch, eines im Wohnzimmer auf dem Fensterbrett und eines in der Schlafzimmerecke \u2013 wenn sich das f\u00fcr Sie etwas zu mickrig anh\u00f6rt, dann w\u00e4re ein Indoorgarten das Richtige f\u00fcr Sie! Holen Sie sich den Garten doch einfach ins Haus, damit es hier wunderbar gr\u00fcnt und bl\u00fcht. Ja, sogar der Anbau von Kr\u00e4utern und Gem\u00fcse ist m\u00f6glich. Pflanzen mit unterschiedlichen Bed\u00fcrfnissen W\u00e4hrend im Garten Pflanzen von der Sonne verw\u00f6hnt werden, ist dies in R\u00e4umen nicht immer der Fall \u2013 zumindest nicht in diesem Ausma\u00df. Stehen die Pflanzen direkt am Fenster, k\u00f6nnen sie nat\u00fcrlich am meisten von Sonnenstrahlen profitieren. Doch je weiter es in den Raum hineingeht, nimmt die Helligkeit immer mehr ab. Auf der anderen Seite gibt es zahlreiche Pflanzen, die es hell m\u00f6gen, aber keine direkte Sonne. Zimmerpflanzen sind somit genauso anspruchsvoll, wie Gartenpflanzen. Hinzu kommt, dass die Luftfeuchtigkeit \u2013 besonders im Winter \u2013 in R\u00e4umen weitaus niedriger ist, als im Freien. Auch hier muss man gegensteuern, vor allem deshalb, um Sch\u00e4dlingsbefall zu verhindern. Ein weiterer wichtiger Punkt: Pflanzen in Blument\u00f6pfen haben nur begrenzten Platz und ben\u00f6tigen zus\u00e4tzliche D\u00fcngergaben. Somit sind Pflanzen f\u00fcr den Indoorgarten nicht selten sehr pflegeaufwendig. Es gibt aber auch zahlreiche [&hellip;]<\/p>\n","protected":false},"author":13,"featured_media":17178,"comment_status":"open","ping_status":"open","sticky":false,"template":"","format":"standard","meta":{"_acf_changed":false,"footnotes":""},"categories":[170],"tags":[],"hersteller":[],"class_list":["post-17143","post","type-post","status-publish","format-standard","has-post-thumbnail","hentry","category-indoor-gardening"],"acf":[],"yoast_head":"<!-- This site is optimized with the Yoast SEO plugin v27.4 - https:\/\/yoast.com\/product\/yoast-seo-wordpress\/ -->\n<title>Indoorgarten \u2013 so wird\u00b4s gr\u00fcn im Haus - Samenhaus Gartenblog<\/title>\n<meta name=\"description\" content=\"Wenn der Garten nicht nur au\u00dferhalb sein soll, sondern auch die eigenen vier W\u00e4nde in im Gr\u00fcn erstrahlen sollen, dann ist der Indoorgarten bestens daf\u00fcr geeignet.\" \/>\n<meta name=\"robots\" content=\"index, follow, max-snippet:-1, max-image-preview:large, max-video-preview:-1\" \/>\n<link rel=\"canonical\" href=\"https:\/\/www.samenhaus.de\/gartenblog\/indoorgarten-so-wirds-gruen-im-haus\" \/>\n<meta property=\"og:locale\" content=\"de_DE\" \/>\n<meta property=\"og:type\" content=\"article\" \/>\n<meta property=\"og:title\" content=\"Indoorgarten \u2013 so wird\u00b4s gr\u00fcn im Haus - Samenhaus Gartenblog\" \/>\n<meta property=\"og:description\" content=\"Wenn der Garten nicht nur au\u00dferhalb sein soll, sondern auch die eigenen vier W\u00e4nde in im Gr\u00fcn erstrahlen sollen, dann ist der Indoorgarten bestens daf\u00fcr geeignet.\" \/>\n<meta property=\"og:url\" content=\"https:\/\/www.samenhaus.de\/gartenblog\/indoorgarten-so-wirds-gruen-im-haus\" \/>\n<meta property=\"og:site_name\" content=\"Samenhaus Gartenblog\" \/>\n<meta property=\"article:publisher\" content=\"https:\/\/de-de.facebook.com\/samenhaus\" \/>\n<meta property=\"article:published_time\" content=\"2024-03-13T08:00:09+00:00\" \/>\n<meta property=\"article:modified_time\" content=\"2024-03-13T09:35:40+00:00\" \/>\n<meta property=\"og:image\" content=\"https:\/\/www.samenhaus.de\/gartenblog\/wp-content\/uploads\/2024\/03\/Indoorgarden_688368906.jpg\" \/>\n\t<meta property=\"og:image:width\" content=\"1000\" \/>\n\t<meta property=\"og:image:height\" content=\"563\" \/>\n\t<meta property=\"og:image:type\" content=\"image\/jpeg\" \/>\n<meta name=\"author\" content=\"Holger\" \/>\n<meta name=\"twitter:card\" content=\"summary_large_image\" \/>\n<meta name=\"twitter:creator\" content=\"@samenhaus\" \/>\n<meta name=\"twitter:site\" content=\"@samenhaus\" \/>\n<meta name=\"twitter:label1\" content=\"Verfasst von\" \/>\n\t<meta name=\"twitter:data1\" content=\"Holger\" \/>\n\t<meta name=\"twitter:label2\" content=\"Gesch\u00e4tzte Lesezeit\" \/>\n\t<meta name=\"twitter:data2\" content=\"12\u00a0Minuten\" \/>\n<script type=\"application\/ld+json\" class=\"yoast-schema-graph\">{\"@context\":\"https:\\\/\\\/schema.org\",\"@graph\":[{\"@type\":\"Article\",\"@id\":\"https:\\\/\\\/www.samenhaus.de\\\/gartenblog\\\/indoorgarten-so-wirds-gruen-im-haus#article\",\"isPartOf\":{\"@id\":\"https:\\\/\\\/www.samenhaus.de\\\/gartenblog\\\/indoorgarten-so-wirds-gruen-im-haus\"},\"author\":{\"name\":\"Holger\",\"@id\":\"https:\\\/\\\/www.samenhaus.de\\\/gartenblog\\\/#\\\/schema\\\/person\\\/de169769587431893823f62b2ce06c04\"},\"headline\":\"Indoorgarten \u2013 so wird\u00b4s gr\u00fcn im Haus\",\"datePublished\":\"2024-03-13T08:00:09+00:00\",\"dateModified\":\"2024-03-13T09:35:40+00:00\",\"mainEntityOfPage\":{\"@id\":\"https:\\\/\\\/www.samenhaus.de\\\/gartenblog\\\/indoorgarten-so-wirds-gruen-im-haus\"},\"wordCount\":2224,\"commentCount\":0,\"publisher\":{\"@id\":\"https:\\\/\\\/www.samenhaus.de\\\/gartenblog\\\/#organization\"},\"image\":{\"@id\":\"https:\\\/\\\/www.samenhaus.de\\\/gartenblog\\\/indoorgarten-so-wirds-gruen-im-haus#primaryimage\"},\"thumbnailUrl\":\"https:\\\/\\\/www.samenhaus.de\\\/gartenblog\\\/wp-content\\\/uploads\\\/2024\\\/03\\\/Indoorgarden_688368906.jpg\",\"articleSection\":[\"Indoor Gardening\"],\"inLanguage\":\"de\",\"potentialAction\":[{\"@type\":\"CommentAction\",\"name\":\"Comment\",\"target\":[\"https:\\\/\\\/www.samenhaus.de\\\/gartenblog\\\/indoorgarten-so-wirds-gruen-im-haus#respond\"]}],\"copyrightYear\":\"2024\",\"copyrightHolder\":{\"@id\":\"https:\\\/\\\/www.samenhaus.de\\\/gartenblog\\\/#organization\"}},{\"@type\":\"WebPage\",\"@id\":\"https:\\\/\\\/www.samenhaus.de\\\/gartenblog\\\/indoorgarten-so-wirds-gruen-im-haus\",\"url\":\"https:\\\/\\\/www.samenhaus.de\\\/gartenblog\\\/indoorgarten-so-wirds-gruen-im-haus\",\"name\":\"Indoorgarten \u2013 so wird\u00b4s gr\u00fcn im Haus - Samenhaus Gartenblog\",\"isPartOf\":{\"@id\":\"https:\\\/\\\/www.samenhaus.de\\\/gartenblog\\\/#website\"},\"primaryImageOfPage\":{\"@id\":\"https:\\\/\\\/www.samenhaus.de\\\/gartenblog\\\/indoorgarten-so-wirds-gruen-im-haus#primaryimage\"},\"image\":{\"@id\":\"https:\\\/\\\/www.samenhaus.de\\\/gartenblog\\\/indoorgarten-so-wirds-gruen-im-haus#primaryimage\"},\"thumbnailUrl\":\"https:\\\/\\\/www.samenhaus.de\\\/gartenblog\\\/wp-content\\\/uploads\\\/2024\\\/03\\\/Indoorgarden_688368906.jpg\",\"datePublished\":\"2024-03-13T08:00:09+00:00\",\"dateModified\":\"2024-03-13T09:35:40+00:00\",\"description\":\"Wenn der Garten nicht nur au\u00dferhalb sein soll, sondern auch die eigenen vier W\u00e4nde in im Gr\u00fcn erstrahlen sollen, dann ist der Indoorgarten bestens daf\u00fcr geeignet.\",\"breadcrumb\":{\"@id\":\"https:\\\/\\\/www.samenhaus.de\\\/gartenblog\\\/indoorgarten-so-wirds-gruen-im-haus#breadcrumb\"},\"inLanguage\":\"de\",\"potentialAction\":[{\"@type\":\"ReadAction\",\"target\":[\"https:\\\/\\\/www.samenhaus.de\\\/gartenblog\\\/indoorgarten-so-wirds-gruen-im-haus\"]}]},{\"@type\":\"ImageObject\",\"inLanguage\":\"de\",\"@id\":\"https:\\\/\\\/www.samenhaus.de\\\/gartenblog\\\/indoorgarten-so-wirds-gruen-im-haus#primaryimage\",\"url\":\"https:\\\/\\\/www.samenhaus.de\\\/gartenblog\\\/wp-content\\\/uploads\\\/2024\\\/03\\\/Indoorgarden_688368906.jpg\",\"contentUrl\":\"https:\\\/\\\/www.samenhaus.de\\\/gartenblog\\\/wp-content\\\/uploads\\\/2024\\\/03\\\/Indoorgarden_688368906.jpg\",\"width\":1000,\"height\":563,\"caption\":\"Indoor Garten\"},{\"@type\":\"BreadcrumbList\",\"@id\":\"https:\\\/\\\/www.samenhaus.de\\\/gartenblog\\\/indoorgarten-so-wirds-gruen-im-haus#breadcrumb\",\"itemListElement\":[{\"@type\":\"ListItem\",\"position\":1,\"name\":\"Startseite\",\"item\":\"https:\\\/\\\/www.samenhaus.de\\\/gartenblog\\\/\"},{\"@type\":\"ListItem\",\"position\":2,\"name\":\"Indoorgarten \u2013 so wird\u00b4s gr\u00fcn im Haus\"}]},{\"@type\":\"WebSite\",\"@id\":\"https:\\\/\\\/www.samenhaus.de\\\/gartenblog\\\/#website\",\"url\":\"https:\\\/\\\/www.samenhaus.de\\\/gartenblog\\\/\",\"name\":\"Samenhaus Gartenblog\",\"description\":\"\",\"publisher\":{\"@id\":\"https:\\\/\\\/www.samenhaus.de\\\/gartenblog\\\/#organization\"},\"potentialAction\":[{\"@type\":\"SearchAction\",\"target\":{\"@type\":\"EntryPoint\",\"urlTemplate\":\"https:\\\/\\\/www.samenhaus.de\\\/gartenblog\\\/?s={search_term_string}\"},\"query-input\":{\"@type\":\"PropertyValueSpecification\",\"valueRequired\":true,\"valueName\":\"search_term_string\"}}],\"inLanguage\":\"de\"},{\"@type\":\"Organization\",\"@id\":\"https:\\\/\\\/www.samenhaus.de\\\/gartenblog\\\/#organization\",\"name\":\"Samenhaus.de Gartenblog\",\"url\":\"https:\\\/\\\/www.samenhaus.de\\\/gartenblog\\\/\",\"logo\":{\"@type\":\"ImageObject\",\"inLanguage\":\"de\",\"@id\":\"https:\\\/\\\/www.samenhaus.de\\\/gartenblog\\\/#\\\/schema\\\/logo\\\/image\\\/\",\"url\":\"https:\\\/\\\/www.samenhaus.de\\\/gartenblog\\\/wp-content\\\/uploads\\\/2020\\\/11\\\/logo.svg\",\"contentUrl\":\"https:\\\/\\\/www.samenhaus.de\\\/gartenblog\\\/wp-content\\\/uploads\\\/2020\\\/11\\\/logo.svg\",\"width\":1,\"height\":1,\"caption\":\"Samenhaus.de Gartenblog\"},\"image\":{\"@id\":\"https:\\\/\\\/www.samenhaus.de\\\/gartenblog\\\/#\\\/schema\\\/logo\\\/image\\\/\"},\"sameAs\":[\"https:\\\/\\\/de-de.facebook.com\\\/samenhaus\",\"https:\\\/\\\/x.com\\\/samenhaus\"]},{\"@type\":\"Person\",\"@id\":\"https:\\\/\\\/www.samenhaus.de\\\/gartenblog\\\/#\\\/schema\\\/person\\\/de169769587431893823f62b2ce06c04\",\"name\":\"Holger\",\"image\":{\"@type\":\"ImageObject\",\"inLanguage\":\"de\",\"@id\":\"https:\\\/\\\/www.samenhaus.de\\\/gartenblog\\\/wp-content\\\/uploads\\\/2026\\\/03\\\/Holger-150x150.png\",\"url\":\"https:\\\/\\\/www.samenhaus.de\\\/gartenblog\\\/wp-content\\\/uploads\\\/2026\\\/03\\\/Holger-150x150.png\",\"contentUrl\":\"https:\\\/\\\/www.samenhaus.de\\\/gartenblog\\\/wp-content\\\/uploads\\\/2026\\\/03\\\/Holger-150x150.png\",\"caption\":\"Holger\"},\"description\":\"6.000.000 W\u00f6rter \u2013 so viel k\u00f6nnen Sie in etwa von mir online lesen. Das F\u00fcllen des Internets entwickelte sich nach meiner Ausbildung zum TV-Redakteur und der langj\u00e4hrigen Arbeit bei SAT.1 zu einem Fulltime-Job. Trotzdem finde ich noch gen\u00fcgend Zeit, um in meinem Garten zu werkeln. Eine Staude hier, ein Bl\u00fcmchen dort und ein bisschen Gem\u00fcse darf auch nicht fehlen \u2013 einen Schnitzelbaum gibt es ja noch nicht \u2026 Die besten geistigen Erg\u00fcsse habe ich \u00fcbrigens, wenn ich IM Garten \u00dcBER den Garten schreiben kann. So vereinen sich Beruf und Hobby perfekt \u2013 was gibt es Sch\u00f6neres?\",\"url\":\"https:\\\/\\\/www.samenhaus.de\\\/gartenblog\\\/author\\\/holger\"}]}<\/script>\n<!-- \/ Yoast SEO plugin. -->","yoast_head_json":{"title":"Indoorgarten \u2013 so wird\u00b4s gr\u00fcn im Haus - Samenhaus Gartenblog","description":"Wenn der Garten nicht nur au\u00dferhalb sein soll, sondern auch die eigenen vier W\u00e4nde in im Gr\u00fcn erstrahlen sollen, dann ist der Indoorgarten bestens daf\u00fcr geeignet.","robots":{"index":"index","follow":"follow","max-snippet":"max-snippet:-1","max-image-preview":"max-image-preview:large","max-video-preview":"max-video-preview:-1"},"canonical":"https:\/\/www.samenhaus.de\/gartenblog\/indoorgarten-so-wirds-gruen-im-haus","og_locale":"de_DE","og_type":"article","og_title":"Indoorgarten \u2013 so wird\u00b4s gr\u00fcn im Haus - Samenhaus Gartenblog","og_description":"Wenn der Garten nicht nur au\u00dferhalb sein soll, sondern auch die eigenen vier W\u00e4nde in im Gr\u00fcn erstrahlen sollen, dann ist der Indoorgarten bestens daf\u00fcr geeignet.","og_url":"https:\/\/www.samenhaus.de\/gartenblog\/indoorgarten-so-wirds-gruen-im-haus","og_site_name":"Samenhaus Gartenblog","article_publisher":"https:\/\/de-de.facebook.com\/samenhaus","article_published_time":"2024-03-13T08:00:09+00:00","article_modified_time":"2024-03-13T09:35:40+00:00","og_image":[{"width":1000,"height":563,"url":"https:\/\/www.samenhaus.de\/gartenblog\/wp-content\/uploads\/2024\/03\/Indoorgarden_688368906.jpg","type":"image\/jpeg"}],"author":"Holger","twitter_card":"summary_large_image","twitter_creator":"@samenhaus","twitter_site":"@samenhaus","twitter_misc":{"Verfasst von":"Holger","Gesch\u00e4tzte Lesezeit":"12\u00a0Minuten"},"schema":{"@context":"https:\/\/schema.org","@graph":[{"@type":"Article","@id":"https:\/\/www.samenhaus.de\/gartenblog\/indoorgarten-so-wirds-gruen-im-haus#article","isPartOf":{"@id":"https:\/\/www.samenhaus.de\/gartenblog\/indoorgarten-so-wirds-gruen-im-haus"},"author":{"name":"Holger","@id":"https:\/\/www.samenhaus.de\/gartenblog\/#\/schema\/person\/de169769587431893823f62b2ce06c04"},"headline":"Indoorgarten \u2013 so wird\u00b4s gr\u00fcn im Haus","datePublished":"2024-03-13T08:00:09+00:00","dateModified":"2024-03-13T09:35:40+00:00","mainEntityOfPage":{"@id":"https:\/\/www.samenhaus.de\/gartenblog\/indoorgarten-so-wirds-gruen-im-haus"},"wordCount":2224,"commentCount":0,"publisher":{"@id":"https:\/\/www.samenhaus.de\/gartenblog\/#organization"},"image":{"@id":"https:\/\/www.samenhaus.de\/gartenblog\/indoorgarten-so-wirds-gruen-im-haus#primaryimage"},"thumbnailUrl":"https:\/\/www.samenhaus.de\/gartenblog\/wp-content\/uploads\/2024\/03\/Indoorgarden_688368906.jpg","articleSection":["Indoor Gardening"],"inLanguage":"de","potentialAction":[{"@type":"CommentAction","name":"Comment","target":["https:\/\/www.samenhaus.de\/gartenblog\/indoorgarten-so-wirds-gruen-im-haus#respond"]}],"copyrightYear":"2024","copyrightHolder":{"@id":"https:\/\/www.samenhaus.de\/gartenblog\/#organization"}},{"@type":"WebPage","@id":"https:\/\/www.samenhaus.de\/gartenblog\/indoorgarten-so-wirds-gruen-im-haus","url":"https:\/\/www.samenhaus.de\/gartenblog\/indoorgarten-so-wirds-gruen-im-haus","name":"Indoorgarten \u2013 so wird\u00b4s gr\u00fcn im Haus - Samenhaus Gartenblog","isPartOf":{"@id":"https:\/\/www.samenhaus.de\/gartenblog\/#website"},"primaryImageOfPage":{"@id":"https:\/\/www.samenhaus.de\/gartenblog\/indoorgarten-so-wirds-gruen-im-haus#primaryimage"},"image":{"@id":"https:\/\/www.samenhaus.de\/gartenblog\/indoorgarten-so-wirds-gruen-im-haus#primaryimage"},"thumbnailUrl":"https:\/\/www.samenhaus.de\/gartenblog\/wp-content\/uploads\/2024\/03\/Indoorgarden_688368906.jpg","datePublished":"2024-03-13T08:00:09+00:00","dateModified":"2024-03-13T09:35:40+00:00","description":"Wenn der Garten nicht nur au\u00dferhalb sein soll, sondern auch die eigenen vier W\u00e4nde in im Gr\u00fcn erstrahlen sollen, dann ist der Indoorgarten bestens daf\u00fcr geeignet.","breadcrumb":{"@id":"https:\/\/www.samenhaus.de\/gartenblog\/indoorgarten-so-wirds-gruen-im-haus#breadcrumb"},"inLanguage":"de","potentialAction":[{"@type":"ReadAction","target":["https:\/\/www.samenhaus.de\/gartenblog\/indoorgarten-so-wirds-gruen-im-haus"]}]},{"@type":"ImageObject","inLanguage":"de","@id":"https:\/\/www.samenhaus.de\/gartenblog\/indoorgarten-so-wirds-gruen-im-haus#primaryimage","url":"https:\/\/www.samenhaus.de\/gartenblog\/wp-content\/uploads\/2024\/03\/Indoorgarden_688368906.jpg","contentUrl":"https:\/\/www.samenhaus.de\/gartenblog\/wp-content\/uploads\/2024\/03\/Indoorgarden_688368906.jpg","width":1000,"height":563,"caption":"Indoor Garten"},{"@type":"BreadcrumbList","@id":"https:\/\/www.samenhaus.de\/gartenblog\/indoorgarten-so-wirds-gruen-im-haus#breadcrumb","itemListElement":[{"@type":"ListItem","position":1,"name":"Startseite","item":"https:\/\/www.samenhaus.de\/gartenblog\/"},{"@type":"ListItem","position":2,"name":"Indoorgarten \u2013 so wird\u00b4s gr\u00fcn im Haus"}]},{"@type":"WebSite","@id":"https:\/\/www.samenhaus.de\/gartenblog\/#website","url":"https:\/\/www.samenhaus.de\/gartenblog\/","name":"Samenhaus Gartenblog","description":"","publisher":{"@id":"https:\/\/www.samenhaus.de\/gartenblog\/#organization"},"potentialAction":[{"@type":"SearchAction","target":{"@type":"EntryPoint","urlTemplate":"https:\/\/www.samenhaus.de\/gartenblog\/?s={search_term_string}"},"query-input":{"@type":"PropertyValueSpecification","valueRequired":true,"valueName":"search_term_string"}}],"inLanguage":"de"},{"@type":"Organization","@id":"https:\/\/www.samenhaus.de\/gartenblog\/#organization","name":"Samenhaus.de Gartenblog","url":"https:\/\/www.samenhaus.de\/gartenblog\/","logo":{"@type":"ImageObject","inLanguage":"de","@id":"https:\/\/www.samenhaus.de\/gartenblog\/#\/schema\/logo\/image\/","url":"https:\/\/www.samenhaus.de\/gartenblog\/wp-content\/uploads\/2020\/11\/logo.svg","contentUrl":"https:\/\/www.samenhaus.de\/gartenblog\/wp-content\/uploads\/2020\/11\/logo.svg","width":1,"height":1,"caption":"Samenhaus.de Gartenblog"},"image":{"@id":"https:\/\/www.samenhaus.de\/gartenblog\/#\/schema\/logo\/image\/"},"sameAs":["https:\/\/de-de.facebook.com\/samenhaus","https:\/\/x.com\/samenhaus"]},{"@type":"Person","@id":"https:\/\/www.samenhaus.de\/gartenblog\/#\/schema\/person\/de169769587431893823f62b2ce06c04","name":"Holger","image":{"@type":"ImageObject","inLanguage":"de","@id":"https:\/\/www.samenhaus.de\/gartenblog\/wp-content\/uploads\/2026\/03\/Holger-150x150.png","url":"https:\/\/www.samenhaus.de\/gartenblog\/wp-content\/uploads\/2026\/03\/Holger-150x150.png","contentUrl":"https:\/\/www.samenhaus.de\/gartenblog\/wp-content\/uploads\/2026\/03\/Holger-150x150.png","caption":"Holger"},"description":"6.000.000 W\u00f6rter \u2013 so viel k\u00f6nnen Sie in etwa von mir online lesen. Das F\u00fcllen des Internets entwickelte sich nach meiner Ausbildung zum TV-Redakteur und der langj\u00e4hrigen Arbeit bei SAT.1 zu einem Fulltime-Job. Trotzdem finde ich noch gen\u00fcgend Zeit, um in meinem Garten zu werkeln. Eine Staude hier, ein Bl\u00fcmchen dort und ein bisschen Gem\u00fcse darf auch nicht fehlen \u2013 einen Schnitzelbaum gibt es ja noch nicht \u2026 Die besten geistigen Erg\u00fcsse habe ich \u00fcbrigens, wenn ich IM Garten \u00dcBER den Garten schreiben kann. So vereinen sich Beruf und Hobby perfekt \u2013 was gibt es Sch\u00f6neres?","url":"https:\/\/www.samenhaus.de\/gartenblog\/author\/holger"}]}},"wp-worthy-pixel":{"ignored":false,"public":"2a69d03888ac49728e9cfa49188c7f1c","server":"vg07.met.vgwort.de","url":"https:\/\/vg07.met.vgwort.de\/na\/2a69d03888ac49728e9cfa49188c7f1c"},"wp-worthy-type":"normal","_links":{"self":[{"href":"https:\/\/www.samenhaus.de\/gartenblog\/wp-json\/wp\/v2\/posts\/17143","targetHints":{"allow":["GET"]}}],"collection":[{"href":"https:\/\/www.samenhaus.de\/gartenblog\/wp-json\/wp\/v2\/posts"}],"about":[{"href":"https:\/\/www.samenhaus.de\/gartenblog\/wp-json\/wp\/v2\/types\/post"}],"author":[{"embeddable":true,"href":"https:\/\/www.samenhaus.de\/gartenblog\/wp-json\/wp\/v2\/users\/13"}],"replies":[{"embeddable":true,"href":"https:\/\/www.samenhaus.de\/gartenblog\/wp-json\/wp\/v2\/comments?post=17143"}],"version-history":[{"count":4,"href":"https:\/\/www.samenhaus.de\/gartenblog\/wp-json\/wp\/v2\/posts\/17143\/revisions"}],"predecessor-version":[{"id":17179,"href":"https:\/\/www.samenhaus.de\/gartenblog\/wp-json\/wp\/v2\/posts\/17143\/revisions\/17179"}],"wp:featuredmedia":[{"embeddable":true,"href":"https:\/\/www.samenhaus.de\/gartenblog\/wp-json\/wp\/v2\/media\/17178"}],"wp:attachment":[{"href":"https:\/\/www.samenhaus.de\/gartenblog\/wp-json\/wp\/v2\/media?parent=17143"}],"wp:term":[{"taxonomy":"category","embeddable":true,"href":"https:\/\/www.samenhaus.de\/gartenblog\/wp-json\/wp\/v2\/categories?post=17143"},{"taxonomy":"post_tag","embeddable":true,"href":"https:\/\/www.samenhaus.de\/gartenblog\/wp-json\/wp\/v2\/tags?post=17143"},{"taxonomy":"hersteller","embeddable":true,"href":"https:\/\/www.samenhaus.de\/gartenblog\/wp-json\/wp\/v2\/hersteller?post=17143"}],"curies":[{"name":"wp","href":"https:\/\/api.w.org\/{rel}","templated":true}]}}