{"id":18285,"date":"2024-08-16T09:00:41","date_gmt":"2024-08-16T07:00:41","guid":{"rendered":"https:\/\/www.samenhaus.de\/gartenblog\/?p=18285"},"modified":"2024-08-20T13:19:47","modified_gmt":"2024-08-20T11:19:47","slug":"wenn-paprika-und-chili-nicht-rot-werden-wollen","status":"publish","type":"post","link":"https:\/\/www.samenhaus.de\/gartenblog\/wenn-paprika-und-chili-nicht-rot-werden-wollen","title":{"rendered":"Wenn Paprika und Chili nicht rot werden wollen"},"content":{"rendered":"<p><a href=\"https:\/\/www.samenhaus.de\/paprikasamen\" target=\"_blank\" rel=\"noopener\">Paprika<\/a>, <a href=\"https:\/\/www.samenhaus.de\/chilisamen\" target=\"_blank\" rel=\"noopener\">Chili<\/a> und <a href=\"https:\/\/www.samenhaus.de\/peperonisamen\" target=\"_blank\" rel=\"noopener\">Peperoni<\/a> sind farbenfrohe Fr\u00fcchte, die man in Gr\u00fcn, Gelb, Orange und Rot erh\u00e4lt. Ist der Paprika bei der Ernte noch gr\u00fcn, ist er noch unreif. Erst wenn er die Farbe \u00e4ndert, reift das Obst (Paprikas geh\u00f6ren botanisch zum Obst und nicht zum Gem\u00fcse). Paprikas, Chilis &amp; Co. unterscheiden sich aber nicht nur farblich, sondern auch vom Geschmack.<\/p>\n<h2><span class=\"ez-toc-section\" id=\"Die_unterschiedlichen_Farben_der_Paprika\"><\/span><strong>Die unterschiedlichen Farben der Paprika<\/strong><span class=\"ez-toc-section-end\"><\/span><\/h2>\n<p><a href=\"https:\/\/www.samenhaus.de\/gartenblog\/wp-content\/uploads\/2024\/08\/Paprika-unreif_177443932-scaled.jpeg\"><img loading=\"lazy\" decoding=\"async\" class=\"alignright wp-image-19182\" src=\"https:\/\/www.samenhaus.de\/gartenblog\/wp-content\/uploads\/2024\/08\/Paprika-unreif_177443932-600x406.jpeg\" alt=\"Paprikas bunt\" width=\"300\" height=\"203\" srcset=\"https:\/\/www.samenhaus.de\/gartenblog\/wp-content\/uploads\/2024\/08\/Paprika-unreif_177443932-600x406.jpeg 600w, https:\/\/www.samenhaus.de\/gartenblog\/wp-content\/uploads\/2024\/08\/Paprika-unreif_177443932-1024x693.jpeg 1024w, https:\/\/www.samenhaus.de\/gartenblog\/wp-content\/uploads\/2024\/08\/Paprika-unreif_177443932-768x520.jpeg 768w, https:\/\/www.samenhaus.de\/gartenblog\/wp-content\/uploads\/2024\/08\/Paprika-unreif_177443932-1536x1040.jpeg 1536w, https:\/\/www.samenhaus.de\/gartenblog\/wp-content\/uploads\/2024\/08\/Paprika-unreif_177443932-scaled.jpeg 2048w\" sizes=\"auto, (max-width: 300px) 100vw, 300px\" \/><\/a>Ist Paprika unreif, ist der Chlorophyllgehalt besonders hoch. Dies \u00e4ndert sich dann bei der Reife. Bei gr\u00fcnen Paprikas werden die in der Frucht enthaltenen Carotinoide vom Chlorophyll noch \u00fcberlagert. Reift die Frucht, wird das Chlorophyll abgebaut und verliert die gr\u00fcne Farbe. Bei mehrfarbigen Paprikas sind noch Restbest\u00e4nde von Chlorophyll enthalten.<\/p>\n<table class=\"custom-table-1\" width=\"100%\" cellspacing=\"0\" cellpadding=\"4\">\n<tbody>\n<tr>\n<td><strong>Farbe<\/strong><\/td>\n<td><strong>Vitamin C\/100 g<\/strong><\/td>\n<td><strong>Zuckergehalt\/100g<\/strong><\/td>\n<td><strong>Kalium\/100g<\/strong><\/td>\n<\/tr>\n<tr>\n<td>Gr\u00fcn<\/td>\n<td>80,4 mg<\/td>\n<td>2-3 g<\/td>\n<td>175 mg<\/td>\n<\/tr>\n<tr>\n<td>Gelb<\/td>\n<td>183,5 mg<\/td>\n<td>3-4 g<\/td>\n<td>250 mg<\/td>\n<\/tr>\n<tr>\n<td>Orange oder Rot<\/td>\n<td>&gt; 200 mg<\/td>\n<td>4-5 g<\/td>\n<td>320 mg<\/td>\n<\/tr>\n<\/tbody>\n<\/table>\n<p>&nbsp;<\/p>\n<p>Die genannten Werte k\u00f6nnen sich je nach Sorte unterscheiden. \u00dcbrigens: Die Vermutung, dass Paprika ihre Farbe von Gr\u00fcn \u00fcber Gelb nach Orange und Rot wechseln, ist falsch und hat nichts mit dem Reifegrad zu tun, sondern mit der jeweiligen Sorte. Das bedeutet, dass die jeweilige Verf\u00e4rbung die Endf\u00e4rbung ist.<\/p>\n<h2><span class=\"ez-toc-section\" id=\"Eckdaten_%E2%80%93_von_der_Aussaat_bis_zur_Ernte\"><\/span><strong>Eckdaten \u2013 von der Aussaat bis zur Ernte<\/strong><span class=\"ez-toc-section-end\"><\/span><\/h2>\n<p>Paprika sind empfindliche Pflanzen, die Sie erst dann nach drau\u00dfen bringen d\u00fcrfen, wenn es keine Nachtfr\u00f6ste mehr gibt.<\/p>\n<ul>\n<li><strong>Aussaat:<\/strong> Der ideale Zeitpunkt f\u00fcr die Aussaat liegt zwischen Mitte M\u00e4rz und Mitte April. Dann werden sie drinnen vorgezogen, die optimale Keimtemperatur liegt zwischen 22 und 25 Grad. Die ersten Keimlinge zeigen sich nach rund 14 Tagen.<\/li>\n<li><strong>Vereinzeln:<\/strong> Sobald die kleinen Pflanzen zwei Blattpaare zeigen, sollten sie vereinzelt werden. Achten Sie darauf, die feinen Wurzeln nicht zu besch\u00e4digen, da die Pflanze sonst eingehen kann.<\/li>\n<li><strong>St\u00fctzen:<\/strong> Erreicht der Paprika eine Gr\u00f6\u00dfe von 20 bis 30 Zentimetern, sollten Sie der Pflanze eine St\u00fctze geben, damit sie nicht umknickt.<\/li>\n<li><strong>Abh\u00e4rten:<\/strong> Die <a href=\"https:\/\/www.samenhaus.de\/paprikapflanzen\" target=\"_blank\" rel=\"noopener\">Jungpflanzen<\/a> k\u00f6nnen ab Mitte April tags\u00fcber ins Freie, aber nur dann, wenn die Temperaturen \u00fcber 15 Grad liegen. So werden die Pflanzen an die neuen Bedingungen gew\u00f6hnt. Direkte Sonne bitte noch vermeiden.<\/li>\n<li><strong>Auspflanzen:<\/strong> Nach den Eisheiligen Mitte Mai d\u00fcrfen die Paprikapflanzen ins Beet oder dauerhaft drau\u00dfen im K\u00fcbel bleiben.<\/li>\n<li><strong>Pflege:<\/strong> Bei Gem\u00fcsepaprika muss die erste Bl\u00fcte entfernt werden, nur so k\u00f6nnen sich weitere Bl\u00fcten und letztlich Fr\u00fcchte bilden.<\/li>\n<li><strong>Ernte:<\/strong> Von der Bl\u00fcte bis zur Ernte dauert es Minimum 6 Wochen, je nach Sorte kann es auch deutlich l\u00e4nger dauern. Ernten k\u00f6nnen Sie Paprika von August bis Oktober.<\/li>\n<\/ul>\n<h2><span class=\"ez-toc-section\" id=\"Woran_liegt_es_dass_sich_die_Fruechte_nicht_verfaerben\"><\/span><strong>Woran liegt es, dass sich die Fr\u00fcchte nicht verf\u00e4rben?<\/strong><span class=\"ez-toc-section-end\"><\/span><\/h2>\n<p><a href=\"https:\/\/www.samenhaus.de\/gartenblog\/wp-content\/uploads\/2024\/08\/Paprika-unreif_199286447-scaled.jpeg\"><img loading=\"lazy\" decoding=\"async\" class=\"alignright wp-image-19183\" src=\"https:\/\/www.samenhaus.de\/gartenblog\/wp-content\/uploads\/2024\/08\/Paprika-unreif_199286447-600x400.jpeg\" alt=\"gr\u00fcner Paprika\" width=\"300\" height=\"200\" srcset=\"https:\/\/www.samenhaus.de\/gartenblog\/wp-content\/uploads\/2024\/08\/Paprika-unreif_199286447-600x400.jpeg 600w, https:\/\/www.samenhaus.de\/gartenblog\/wp-content\/uploads\/2024\/08\/Paprika-unreif_199286447-1024x683.jpeg 1024w, https:\/\/www.samenhaus.de\/gartenblog\/wp-content\/uploads\/2024\/08\/Paprika-unreif_199286447-768x512.jpeg 768w, https:\/\/www.samenhaus.de\/gartenblog\/wp-content\/uploads\/2024\/08\/Paprika-unreif_199286447-1536x1024.jpeg 1536w, https:\/\/www.samenhaus.de\/gartenblog\/wp-content\/uploads\/2024\/08\/Paprika-unreif_199286447-scaled.jpeg 2048w\" sizes=\"auto, (max-width: 300px) 100vw, 300px\" \/><\/a>Die gr\u00fcnen Fr\u00fcchte haben augenscheinlich ihre finale Gr\u00f6\u00dfe erreicht und h\u00e4ngen nun schon seit Tagen oder gar Wochen am Strauch, ohne sich weiter zu verf\u00e4rben. Die Gr\u00fcnde daf\u00fcr k\u00f6nnen vielf\u00e4ltig sein:<\/p>\n<ul>\n<li>Paprika gedeihen nur dann richtig, wenn sie ausreichend Sonne erhalten. Ist der Sommer verregnet oder steht die Pflanze an einem falschen Standort, kann sich die Reife durchaus l\u00e4nger hinziehen oder gar ganz ausfallen.<\/li>\n<li>Neben Sonne sind auch die Temperaturen entscheidend. Ein k\u00fchler Sommer wird das Ausreifen deutlich verz\u00f6gern.<\/li>\n<li>Paprikas bestehen zu 90 Prozent aus Wasser. Das hei\u00dft, dass sie regelm\u00e4\u00dfig gegossen werden m\u00fcssen, um gut reifen zu k\u00f6nnen. Findet das Gie\u00dfen zu unregelm\u00e4\u00dfig statt oder wird es gar hin und wieder vergessen, kann dies nicht nur den Reifegrad nach hinten verschieben, die ganze Pflanze kann dann darunter leiden.<\/li>\n<li>Letztlich kann es durchaus auch an der jeweiligen Sorte liegen. Manche Sorten verf\u00e4rben sich bereits nach rund 6 Wochen, andere k\u00f6nnen bis zu 4 Monate ben\u00f6tigen.<\/li>\n<\/ul>\n<h2><span class=\"ez-toc-section\" id=\"Tipps_fuer_eine_schnellere_Reife\"><\/span><strong>Tipps f\u00fcr eine schnellere Reife<\/strong><span class=\"ez-toc-section-end\"><\/span><\/h2>\n<p>Mit unseren Tipps k\u00f6nnen Sie Ihre Paprika-, <a href=\"https:\/\/www.samenhaus.de\/chilipflanzen\" target=\"_blank\" rel=\"noopener\">Chili<\/a>&#8211; oder <a href=\"https:\/\/www.samenhaus.de\/peperonipflanzen\" target=\"_blank\" rel=\"noopener\">Peperonipflanzen<\/a> zus\u00e4tzlich verw\u00f6hnen und so die gew\u00fcnschte F\u00e4rbung schneller erreichen. Eine Garantie ist das allerdings nicht, in der Praxis haben sich die Ratschl\u00e4ge aber durchaus bew\u00e4hrt.<\/p>\n<ul>\n<li>Ausreichend Sonnenlicht ist essenziell f\u00fcr Paprika. Mindestens 4 Stunden sollten es t\u00e4glich sein, je mehr, umso schneller wird die Verf\u00e4rbung eintreten. Achten Sie beim Auspflanzen in der Garten also auf den besten Standort, befindet sich Ihr Paprika im K\u00fcbel, kann er nat\u00fcrlich noch besser mit Sonnenstrahlen verw\u00f6hnt werden.<\/li>\n<li>Die Au\u00dfentemperaturen lassen sich von uns zwar nicht beeinflussen, wenn der Paprika aber einen sonnigen Standort hat, bekommt er schon automatisch w\u00e4rmere Temperaturen. Auch ein windgesch\u00fctzter Ort f\u00f6rdert die Reifung der Paprikaschoten. Bei zu k\u00fchlen Temperaturen kann ein <a href=\"https:\/\/www.samenhaus.de\/search?query=Vlies\" target=\"_blank\" rel=\"noopener\">Vlies<\/a> die Pflanze zus\u00e4tzlich sch\u00fctzen.<\/li>\n<li>Paprikapflanzen sollten in der Woche mindestens 3 Mal gegossen werden, an hei\u00dfen und trockenen Tagen brauchen sie sogar t\u00e4glich Wassergaben. Gie\u00dfen Sie dabei immer direkt den Wurzelbereich.<\/li>\n<li>Lassen Sie der Pflanze gen\u00fcgend Platz, um sich entfalten zu k\u00f6nnen \u2013 auch das f\u00f6rdert die Geschwindigkeit bei der Reifung. Der Pflanzabstand sollte zueinander und in Reihen mindestens 30 Zentimeter betragen.<\/li>\n<li>Denken Sie auch daran, die Pflanze regelm\u00e4\u00dfig zu d\u00fcngen. Paprikas sind Starkzehrer, sie brauchen alle 8 Wochen eine D\u00fcngergabe.<\/li>\n<\/ul>\n<h2><span class=\"ez-toc-section\" id=\"Koennen_Paprika_nachreifen\"><\/span><strong>K\u00f6nnen Paprika nachreifen?<\/strong><span class=\"ez-toc-section-end\"><\/span><\/h2>\n<p><a href=\"https:\/\/www.samenhaus.de\/gartenblog\/wp-content\/uploads\/2024\/08\/Paprika-unreif_170773148-scaled.jpeg\"><img loading=\"lazy\" decoding=\"async\" class=\"alignright wp-image-19181\" src=\"https:\/\/www.samenhaus.de\/gartenblog\/wp-content\/uploads\/2024\/08\/Paprika-unreif_170773148-600x390.jpeg\" alt=\"Paprika nachreifen\" width=\"300\" height=\"195\" srcset=\"https:\/\/www.samenhaus.de\/gartenblog\/wp-content\/uploads\/2024\/08\/Paprika-unreif_170773148-600x390.jpeg 600w, https:\/\/www.samenhaus.de\/gartenblog\/wp-content\/uploads\/2024\/08\/Paprika-unreif_170773148-1024x665.jpeg 1024w, https:\/\/www.samenhaus.de\/gartenblog\/wp-content\/uploads\/2024\/08\/Paprika-unreif_170773148-768x499.jpeg 768w, https:\/\/www.samenhaus.de\/gartenblog\/wp-content\/uploads\/2024\/08\/Paprika-unreif_170773148-1536x998.jpeg 1536w, https:\/\/www.samenhaus.de\/gartenblog\/wp-content\/uploads\/2024\/08\/Paprika-unreif_170773148-scaled.jpeg 2048w\" sizes=\"auto, (max-width: 300px) 100vw, 300px\" \/><\/a>Wir kennen das von Tomaten: Wer diese gr\u00fcn erntet, kann sie nachreifen lassen. Doch klappt das auch bei Paprika? Das kommt darauf an \u2026<\/p>\n<p>Sofern die Paprika noch komplett gr\u00fcn ist, wenn sie geerntet wird, haben Sie leider Pech gehabt, denn dann wird sie nicht mehr nachreifen. Hat sie bereits mit dem Farbwechsel am Strauch begonnen, sollten Sie die geernteten Fr\u00fcchte warm und sonnig legen, etwa auf eine Fensterbank. Dann werden die Fr\u00fcchte in den kommenden Tagen weiter reifen und die Farbe nach Gelb, Orange oder Rot wechseln.<\/p>\n<p><strong>Fazit:<\/strong> Wenn Sie gr\u00fcne Paprika gerne essen, ist die unreife Ernte kein Problem. Wenn Sie gelbe, orangefarbene oder rote Paprika bevorzugen, sollten Sie die oben genannten Ratschl\u00e4ge beachten und sich in Geduld \u00fcben. Ernten Sie Fr\u00fcchte, die bereits Verf\u00e4rbungen zeigen, reifen diese noch nach.<\/p>\n","protected":false},"excerpt":{"rendered":"<p>Paprika, Chili und Peperoni sind farbenfrohe Fr\u00fcchte, die man in Gr\u00fcn, Gelb, Orange und Rot erh\u00e4lt. Ist der Paprika bei der Ernte noch gr\u00fcn, ist er noch unreif. Erst wenn er die Farbe \u00e4ndert, reift das Obst (Paprikas geh\u00f6ren botanisch zum Obst und nicht zum Gem\u00fcse). Paprikas, Chilis &amp; Co. unterscheiden sich aber nicht nur farblich, sondern auch vom Geschmack. Die unterschiedlichen Farben der Paprika Ist Paprika unreif, ist der Chlorophyllgehalt besonders hoch. Dies \u00e4ndert sich dann bei der Reife. Bei gr\u00fcnen Paprikas werden die in der Frucht enthaltenen Carotinoide vom Chlorophyll noch \u00fcberlagert. Reift die Frucht, wird das Chlorophyll abgebaut und verliert die gr\u00fcne Farbe. Bei mehrfarbigen Paprikas sind noch Restbest\u00e4nde von Chlorophyll enthalten. Farbe Vitamin C\/100 g Zuckergehalt\/100g Kalium\/100g Gr\u00fcn 80,4 mg 2-3 g 175 mg Gelb 183,5 mg 3-4 g 250 mg Orange oder Rot &gt; 200 mg 4-5 g 320 mg &nbsp; Die genannten Werte k\u00f6nnen sich je nach Sorte unterscheiden. \u00dcbrigens: Die Vermutung, dass Paprika ihre Farbe von Gr\u00fcn \u00fcber Gelb nach Orange und Rot wechseln, ist falsch und hat nichts mit dem Reifegrad zu tun, sondern mit der jeweiligen Sorte. Das bedeutet, dass die jeweilige Verf\u00e4rbung die Endf\u00e4rbung ist. Eckdaten \u2013 von der Aussaat [&hellip;]<\/p>\n","protected":false},"author":13,"featured_media":19180,"comment_status":"open","ping_status":"open","sticky":false,"template":"","format":"standard","meta":{"_acf_changed":false,"footnotes":""},"categories":[6],"tags":[],"hersteller":[],"class_list":["post-18285","post","type-post","status-publish","format-standard","has-post-thumbnail","hentry","category-gemuese"],"acf":[],"yoast_head":"<!-- This site is optimized with the Yoast SEO plugin v27.4 - https:\/\/yoast.com\/product\/yoast-seo-wordpress\/ -->\n<title>Wenn Paprika und Chili nicht rot werden wollen - Samenhaus Gartenblog<\/title>\n<meta name=\"description\" content=\"Warum reifen Ihre Chilis und Paprikas nicht? Die Gr\u00fcnde k\u00f6nnen sehr vielf\u00e4ltig sein. In unserem Gartenblog erfahren Sie mehr.\" \/>\n<meta name=\"robots\" content=\"index, follow, max-snippet:-1, max-image-preview:large, max-video-preview:-1\" \/>\n<link rel=\"canonical\" href=\"https:\/\/www.samenhaus.de\/gartenblog\/wenn-paprika-und-chili-nicht-rot-werden-wollen\" \/>\n<meta property=\"og:locale\" content=\"de_DE\" \/>\n<meta property=\"og:type\" content=\"article\" \/>\n<meta property=\"og:title\" content=\"Wenn Paprika und Chili nicht rot werden wollen - Samenhaus Gartenblog\" \/>\n<meta property=\"og:description\" content=\"Warum reifen Ihre Chilis und Paprikas nicht? Die Gr\u00fcnde k\u00f6nnen sehr vielf\u00e4ltig sein. In unserem Gartenblog erfahren Sie mehr.\" \/>\n<meta property=\"og:url\" content=\"https:\/\/www.samenhaus.de\/gartenblog\/wenn-paprika-und-chili-nicht-rot-werden-wollen\" \/>\n<meta property=\"og:site_name\" content=\"Samenhaus Gartenblog\" \/>\n<meta property=\"article:publisher\" content=\"https:\/\/de-de.facebook.com\/samenhaus\" \/>\n<meta property=\"article:published_time\" content=\"2024-08-16T07:00:41+00:00\" \/>\n<meta property=\"article:modified_time\" content=\"2024-08-20T11:19:47+00:00\" \/>\n<meta property=\"og:image\" content=\"https:\/\/www.samenhaus.de\/gartenblog\/wp-content\/uploads\/2024\/08\/Paprika-unreif_168681025.jpg\" \/>\n\t<meta property=\"og:image:width\" content=\"1000\" \/>\n\t<meta property=\"og:image:height\" content=\"563\" \/>\n\t<meta property=\"og:image:type\" content=\"image\/jpeg\" \/>\n<meta name=\"author\" content=\"Holger\" \/>\n<meta name=\"twitter:card\" content=\"summary_large_image\" \/>\n<meta name=\"twitter:creator\" content=\"@samenhaus\" \/>\n<meta name=\"twitter:site\" content=\"@samenhaus\" \/>\n<meta name=\"twitter:label1\" content=\"Verfasst von\" \/>\n\t<meta name=\"twitter:data1\" content=\"Holger\" \/>\n\t<meta name=\"twitter:label2\" content=\"Gesch\u00e4tzte Lesezeit\" \/>\n\t<meta name=\"twitter:data2\" content=\"6\u00a0Minuten\" \/>\n<script type=\"application\/ld+json\" class=\"yoast-schema-graph\">{\"@context\":\"https:\\\/\\\/schema.org\",\"@graph\":[{\"@type\":\"Article\",\"@id\":\"https:\\\/\\\/www.samenhaus.de\\\/gartenblog\\\/wenn-paprika-und-chili-nicht-rot-werden-wollen#article\",\"isPartOf\":{\"@id\":\"https:\\\/\\\/www.samenhaus.de\\\/gartenblog\\\/wenn-paprika-und-chili-nicht-rot-werden-wollen\"},\"author\":{\"name\":\"Holger\",\"@id\":\"https:\\\/\\\/www.samenhaus.de\\\/gartenblog\\\/#\\\/schema\\\/person\\\/de169769587431893823f62b2ce06c04\"},\"headline\":\"Wenn Paprika und Chili nicht rot werden wollen\",\"datePublished\":\"2024-08-16T07:00:41+00:00\",\"dateModified\":\"2024-08-20T11:19:47+00:00\",\"mainEntityOfPage\":{\"@id\":\"https:\\\/\\\/www.samenhaus.de\\\/gartenblog\\\/wenn-paprika-und-chili-nicht-rot-werden-wollen\"},\"wordCount\":1000,\"commentCount\":0,\"publisher\":{\"@id\":\"https:\\\/\\\/www.samenhaus.de\\\/gartenblog\\\/#organization\"},\"image\":{\"@id\":\"https:\\\/\\\/www.samenhaus.de\\\/gartenblog\\\/wenn-paprika-und-chili-nicht-rot-werden-wollen#primaryimage\"},\"thumbnailUrl\":\"https:\\\/\\\/www.samenhaus.de\\\/gartenblog\\\/wp-content\\\/uploads\\\/2024\\\/08\\\/Paprika-unreif_168681025.jpg\",\"articleSection\":[\"Gem\u00fcse\"],\"inLanguage\":\"de\",\"potentialAction\":[{\"@type\":\"CommentAction\",\"name\":\"Comment\",\"target\":[\"https:\\\/\\\/www.samenhaus.de\\\/gartenblog\\\/wenn-paprika-und-chili-nicht-rot-werden-wollen#respond\"]}],\"copyrightYear\":\"2024\",\"copyrightHolder\":{\"@id\":\"https:\\\/\\\/www.samenhaus.de\\\/gartenblog\\\/#organization\"}},{\"@type\":\"WebPage\",\"@id\":\"https:\\\/\\\/www.samenhaus.de\\\/gartenblog\\\/wenn-paprika-und-chili-nicht-rot-werden-wollen\",\"url\":\"https:\\\/\\\/www.samenhaus.de\\\/gartenblog\\\/wenn-paprika-und-chili-nicht-rot-werden-wollen\",\"name\":\"Wenn Paprika und Chili nicht rot werden wollen - Samenhaus Gartenblog\",\"isPartOf\":{\"@id\":\"https:\\\/\\\/www.samenhaus.de\\\/gartenblog\\\/#website\"},\"primaryImageOfPage\":{\"@id\":\"https:\\\/\\\/www.samenhaus.de\\\/gartenblog\\\/wenn-paprika-und-chili-nicht-rot-werden-wollen#primaryimage\"},\"image\":{\"@id\":\"https:\\\/\\\/www.samenhaus.de\\\/gartenblog\\\/wenn-paprika-und-chili-nicht-rot-werden-wollen#primaryimage\"},\"thumbnailUrl\":\"https:\\\/\\\/www.samenhaus.de\\\/gartenblog\\\/wp-content\\\/uploads\\\/2024\\\/08\\\/Paprika-unreif_168681025.jpg\",\"datePublished\":\"2024-08-16T07:00:41+00:00\",\"dateModified\":\"2024-08-20T11:19:47+00:00\",\"description\":\"Warum reifen Ihre Chilis und Paprikas nicht? Die Gr\u00fcnde k\u00f6nnen sehr vielf\u00e4ltig sein. In unserem Gartenblog erfahren Sie mehr.\",\"breadcrumb\":{\"@id\":\"https:\\\/\\\/www.samenhaus.de\\\/gartenblog\\\/wenn-paprika-und-chili-nicht-rot-werden-wollen#breadcrumb\"},\"inLanguage\":\"de\",\"potentialAction\":[{\"@type\":\"ReadAction\",\"target\":[\"https:\\\/\\\/www.samenhaus.de\\\/gartenblog\\\/wenn-paprika-und-chili-nicht-rot-werden-wollen\"]}]},{\"@type\":\"ImageObject\",\"inLanguage\":\"de\",\"@id\":\"https:\\\/\\\/www.samenhaus.de\\\/gartenblog\\\/wenn-paprika-und-chili-nicht-rot-werden-wollen#primaryimage\",\"url\":\"https:\\\/\\\/www.samenhaus.de\\\/gartenblog\\\/wp-content\\\/uploads\\\/2024\\\/08\\\/Paprika-unreif_168681025.jpg\",\"contentUrl\":\"https:\\\/\\\/www.samenhaus.de\\\/gartenblog\\\/wp-content\\\/uploads\\\/2024\\\/08\\\/Paprika-unreif_168681025.jpg\",\"width\":1000,\"height\":563,\"caption\":\"bunter Paprika\"},{\"@type\":\"BreadcrumbList\",\"@id\":\"https:\\\/\\\/www.samenhaus.de\\\/gartenblog\\\/wenn-paprika-und-chili-nicht-rot-werden-wollen#breadcrumb\",\"itemListElement\":[{\"@type\":\"ListItem\",\"position\":1,\"name\":\"Startseite\",\"item\":\"https:\\\/\\\/www.samenhaus.de\\\/gartenblog\\\/\"},{\"@type\":\"ListItem\",\"position\":2,\"name\":\"Wenn Paprika und Chili nicht rot werden wollen\"}]},{\"@type\":\"WebSite\",\"@id\":\"https:\\\/\\\/www.samenhaus.de\\\/gartenblog\\\/#website\",\"url\":\"https:\\\/\\\/www.samenhaus.de\\\/gartenblog\\\/\",\"name\":\"Samenhaus Gartenblog\",\"description\":\"\",\"publisher\":{\"@id\":\"https:\\\/\\\/www.samenhaus.de\\\/gartenblog\\\/#organization\"},\"potentialAction\":[{\"@type\":\"SearchAction\",\"target\":{\"@type\":\"EntryPoint\",\"urlTemplate\":\"https:\\\/\\\/www.samenhaus.de\\\/gartenblog\\\/?s={search_term_string}\"},\"query-input\":{\"@type\":\"PropertyValueSpecification\",\"valueRequired\":true,\"valueName\":\"search_term_string\"}}],\"inLanguage\":\"de\"},{\"@type\":\"Organization\",\"@id\":\"https:\\\/\\\/www.samenhaus.de\\\/gartenblog\\\/#organization\",\"name\":\"Samenhaus.de Gartenblog\",\"url\":\"https:\\\/\\\/www.samenhaus.de\\\/gartenblog\\\/\",\"logo\":{\"@type\":\"ImageObject\",\"inLanguage\":\"de\",\"@id\":\"https:\\\/\\\/www.samenhaus.de\\\/gartenblog\\\/#\\\/schema\\\/logo\\\/image\\\/\",\"url\":\"https:\\\/\\\/www.samenhaus.de\\\/gartenblog\\\/wp-content\\\/uploads\\\/2020\\\/11\\\/logo.svg\",\"contentUrl\":\"https:\\\/\\\/www.samenhaus.de\\\/gartenblog\\\/wp-content\\\/uploads\\\/2020\\\/11\\\/logo.svg\",\"width\":1,\"height\":1,\"caption\":\"Samenhaus.de Gartenblog\"},\"image\":{\"@id\":\"https:\\\/\\\/www.samenhaus.de\\\/gartenblog\\\/#\\\/schema\\\/logo\\\/image\\\/\"},\"sameAs\":[\"https:\\\/\\\/de-de.facebook.com\\\/samenhaus\",\"https:\\\/\\\/x.com\\\/samenhaus\"]},{\"@type\":\"Person\",\"@id\":\"https:\\\/\\\/www.samenhaus.de\\\/gartenblog\\\/#\\\/schema\\\/person\\\/de169769587431893823f62b2ce06c04\",\"name\":\"Holger\",\"image\":{\"@type\":\"ImageObject\",\"inLanguage\":\"de\",\"@id\":\"https:\\\/\\\/www.samenhaus.de\\\/gartenblog\\\/wp-content\\\/uploads\\\/2026\\\/03\\\/Holger-150x150.png\",\"url\":\"https:\\\/\\\/www.samenhaus.de\\\/gartenblog\\\/wp-content\\\/uploads\\\/2026\\\/03\\\/Holger-150x150.png\",\"contentUrl\":\"https:\\\/\\\/www.samenhaus.de\\\/gartenblog\\\/wp-content\\\/uploads\\\/2026\\\/03\\\/Holger-150x150.png\",\"caption\":\"Holger\"},\"description\":\"6.000.000 W\u00f6rter \u2013 so viel k\u00f6nnen Sie in etwa von mir online lesen. Das F\u00fcllen des Internets entwickelte sich nach meiner Ausbildung zum TV-Redakteur und der langj\u00e4hrigen Arbeit bei SAT.1 zu einem Fulltime-Job. Trotzdem finde ich noch gen\u00fcgend Zeit, um in meinem Garten zu werkeln. Eine Staude hier, ein Bl\u00fcmchen dort und ein bisschen Gem\u00fcse darf auch nicht fehlen \u2013 einen Schnitzelbaum gibt es ja noch nicht \u2026 Die besten geistigen Erg\u00fcsse habe ich \u00fcbrigens, wenn ich IM Garten \u00dcBER den Garten schreiben kann. So vereinen sich Beruf und Hobby perfekt \u2013 was gibt es Sch\u00f6neres?\",\"url\":\"https:\\\/\\\/www.samenhaus.de\\\/gartenblog\\\/author\\\/holger\"}]}<\/script>\n<!-- \/ Yoast SEO plugin. -->","yoast_head_json":{"title":"Wenn Paprika und Chili nicht rot werden wollen - Samenhaus Gartenblog","description":"Warum reifen Ihre Chilis und Paprikas nicht? Die Gr\u00fcnde k\u00f6nnen sehr vielf\u00e4ltig sein. In unserem Gartenblog erfahren Sie mehr.","robots":{"index":"index","follow":"follow","max-snippet":"max-snippet:-1","max-image-preview":"max-image-preview:large","max-video-preview":"max-video-preview:-1"},"canonical":"https:\/\/www.samenhaus.de\/gartenblog\/wenn-paprika-und-chili-nicht-rot-werden-wollen","og_locale":"de_DE","og_type":"article","og_title":"Wenn Paprika und Chili nicht rot werden wollen - Samenhaus Gartenblog","og_description":"Warum reifen Ihre Chilis und Paprikas nicht? Die Gr\u00fcnde k\u00f6nnen sehr vielf\u00e4ltig sein. In unserem Gartenblog erfahren Sie mehr.","og_url":"https:\/\/www.samenhaus.de\/gartenblog\/wenn-paprika-und-chili-nicht-rot-werden-wollen","og_site_name":"Samenhaus Gartenblog","article_publisher":"https:\/\/de-de.facebook.com\/samenhaus","article_published_time":"2024-08-16T07:00:41+00:00","article_modified_time":"2024-08-20T11:19:47+00:00","og_image":[{"width":1000,"height":563,"url":"https:\/\/www.samenhaus.de\/gartenblog\/wp-content\/uploads\/2024\/08\/Paprika-unreif_168681025.jpg","type":"image\/jpeg"}],"author":"Holger","twitter_card":"summary_large_image","twitter_creator":"@samenhaus","twitter_site":"@samenhaus","twitter_misc":{"Verfasst von":"Holger","Gesch\u00e4tzte Lesezeit":"6\u00a0Minuten"},"schema":{"@context":"https:\/\/schema.org","@graph":[{"@type":"Article","@id":"https:\/\/www.samenhaus.de\/gartenblog\/wenn-paprika-und-chili-nicht-rot-werden-wollen#article","isPartOf":{"@id":"https:\/\/www.samenhaus.de\/gartenblog\/wenn-paprika-und-chili-nicht-rot-werden-wollen"},"author":{"name":"Holger","@id":"https:\/\/www.samenhaus.de\/gartenblog\/#\/schema\/person\/de169769587431893823f62b2ce06c04"},"headline":"Wenn Paprika und Chili nicht rot werden wollen","datePublished":"2024-08-16T07:00:41+00:00","dateModified":"2024-08-20T11:19:47+00:00","mainEntityOfPage":{"@id":"https:\/\/www.samenhaus.de\/gartenblog\/wenn-paprika-und-chili-nicht-rot-werden-wollen"},"wordCount":1000,"commentCount":0,"publisher":{"@id":"https:\/\/www.samenhaus.de\/gartenblog\/#organization"},"image":{"@id":"https:\/\/www.samenhaus.de\/gartenblog\/wenn-paprika-und-chili-nicht-rot-werden-wollen#primaryimage"},"thumbnailUrl":"https:\/\/www.samenhaus.de\/gartenblog\/wp-content\/uploads\/2024\/08\/Paprika-unreif_168681025.jpg","articleSection":["Gem\u00fcse"],"inLanguage":"de","potentialAction":[{"@type":"CommentAction","name":"Comment","target":["https:\/\/www.samenhaus.de\/gartenblog\/wenn-paprika-und-chili-nicht-rot-werden-wollen#respond"]}],"copyrightYear":"2024","copyrightHolder":{"@id":"https:\/\/www.samenhaus.de\/gartenblog\/#organization"}},{"@type":"WebPage","@id":"https:\/\/www.samenhaus.de\/gartenblog\/wenn-paprika-und-chili-nicht-rot-werden-wollen","url":"https:\/\/www.samenhaus.de\/gartenblog\/wenn-paprika-und-chili-nicht-rot-werden-wollen","name":"Wenn Paprika und Chili nicht rot werden wollen - Samenhaus Gartenblog","isPartOf":{"@id":"https:\/\/www.samenhaus.de\/gartenblog\/#website"},"primaryImageOfPage":{"@id":"https:\/\/www.samenhaus.de\/gartenblog\/wenn-paprika-und-chili-nicht-rot-werden-wollen#primaryimage"},"image":{"@id":"https:\/\/www.samenhaus.de\/gartenblog\/wenn-paprika-und-chili-nicht-rot-werden-wollen#primaryimage"},"thumbnailUrl":"https:\/\/www.samenhaus.de\/gartenblog\/wp-content\/uploads\/2024\/08\/Paprika-unreif_168681025.jpg","datePublished":"2024-08-16T07:00:41+00:00","dateModified":"2024-08-20T11:19:47+00:00","description":"Warum reifen Ihre Chilis und Paprikas nicht? Die Gr\u00fcnde k\u00f6nnen sehr vielf\u00e4ltig sein. In unserem Gartenblog erfahren Sie mehr.","breadcrumb":{"@id":"https:\/\/www.samenhaus.de\/gartenblog\/wenn-paprika-und-chili-nicht-rot-werden-wollen#breadcrumb"},"inLanguage":"de","potentialAction":[{"@type":"ReadAction","target":["https:\/\/www.samenhaus.de\/gartenblog\/wenn-paprika-und-chili-nicht-rot-werden-wollen"]}]},{"@type":"ImageObject","inLanguage":"de","@id":"https:\/\/www.samenhaus.de\/gartenblog\/wenn-paprika-und-chili-nicht-rot-werden-wollen#primaryimage","url":"https:\/\/www.samenhaus.de\/gartenblog\/wp-content\/uploads\/2024\/08\/Paprika-unreif_168681025.jpg","contentUrl":"https:\/\/www.samenhaus.de\/gartenblog\/wp-content\/uploads\/2024\/08\/Paprika-unreif_168681025.jpg","width":1000,"height":563,"caption":"bunter Paprika"},{"@type":"BreadcrumbList","@id":"https:\/\/www.samenhaus.de\/gartenblog\/wenn-paprika-und-chili-nicht-rot-werden-wollen#breadcrumb","itemListElement":[{"@type":"ListItem","position":1,"name":"Startseite","item":"https:\/\/www.samenhaus.de\/gartenblog\/"},{"@type":"ListItem","position":2,"name":"Wenn Paprika und Chili nicht rot werden wollen"}]},{"@type":"WebSite","@id":"https:\/\/www.samenhaus.de\/gartenblog\/#website","url":"https:\/\/www.samenhaus.de\/gartenblog\/","name":"Samenhaus Gartenblog","description":"","publisher":{"@id":"https:\/\/www.samenhaus.de\/gartenblog\/#organization"},"potentialAction":[{"@type":"SearchAction","target":{"@type":"EntryPoint","urlTemplate":"https:\/\/www.samenhaus.de\/gartenblog\/?s={search_term_string}"},"query-input":{"@type":"PropertyValueSpecification","valueRequired":true,"valueName":"search_term_string"}}],"inLanguage":"de"},{"@type":"Organization","@id":"https:\/\/www.samenhaus.de\/gartenblog\/#organization","name":"Samenhaus.de Gartenblog","url":"https:\/\/www.samenhaus.de\/gartenblog\/","logo":{"@type":"ImageObject","inLanguage":"de","@id":"https:\/\/www.samenhaus.de\/gartenblog\/#\/schema\/logo\/image\/","url":"https:\/\/www.samenhaus.de\/gartenblog\/wp-content\/uploads\/2020\/11\/logo.svg","contentUrl":"https:\/\/www.samenhaus.de\/gartenblog\/wp-content\/uploads\/2020\/11\/logo.svg","width":1,"height":1,"caption":"Samenhaus.de Gartenblog"},"image":{"@id":"https:\/\/www.samenhaus.de\/gartenblog\/#\/schema\/logo\/image\/"},"sameAs":["https:\/\/de-de.facebook.com\/samenhaus","https:\/\/x.com\/samenhaus"]},{"@type":"Person","@id":"https:\/\/www.samenhaus.de\/gartenblog\/#\/schema\/person\/de169769587431893823f62b2ce06c04","name":"Holger","image":{"@type":"ImageObject","inLanguage":"de","@id":"https:\/\/www.samenhaus.de\/gartenblog\/wp-content\/uploads\/2026\/03\/Holger-150x150.png","url":"https:\/\/www.samenhaus.de\/gartenblog\/wp-content\/uploads\/2026\/03\/Holger-150x150.png","contentUrl":"https:\/\/www.samenhaus.de\/gartenblog\/wp-content\/uploads\/2026\/03\/Holger-150x150.png","caption":"Holger"},"description":"6.000.000 W\u00f6rter \u2013 so viel k\u00f6nnen Sie in etwa von mir online lesen. Das F\u00fcllen des Internets entwickelte sich nach meiner Ausbildung zum TV-Redakteur und der langj\u00e4hrigen Arbeit bei SAT.1 zu einem Fulltime-Job. Trotzdem finde ich noch gen\u00fcgend Zeit, um in meinem Garten zu werkeln. Eine Staude hier, ein Bl\u00fcmchen dort und ein bisschen Gem\u00fcse darf auch nicht fehlen \u2013 einen Schnitzelbaum gibt es ja noch nicht \u2026 Die besten geistigen Erg\u00fcsse habe ich \u00fcbrigens, wenn ich IM Garten \u00dcBER den Garten schreiben kann. So vereinen sich Beruf und Hobby perfekt \u2013 was gibt es Sch\u00f6neres?","url":"https:\/\/www.samenhaus.de\/gartenblog\/author\/holger"}]}},"wp-worthy-pixel":{"ignored":false,"public":"cd86a29c7ee14c5aa9f699cc26082207","server":"vg07.met.vgwort.de","url":"https:\/\/vg07.met.vgwort.de\/na\/cd86a29c7ee14c5aa9f699cc26082207"},"wp-worthy-type":"normal","_links":{"self":[{"href":"https:\/\/www.samenhaus.de\/gartenblog\/wp-json\/wp\/v2\/posts\/18285","targetHints":{"allow":["GET"]}}],"collection":[{"href":"https:\/\/www.samenhaus.de\/gartenblog\/wp-json\/wp\/v2\/posts"}],"about":[{"href":"https:\/\/www.samenhaus.de\/gartenblog\/wp-json\/wp\/v2\/types\/post"}],"author":[{"embeddable":true,"href":"https:\/\/www.samenhaus.de\/gartenblog\/wp-json\/wp\/v2\/users\/13"}],"replies":[{"embeddable":true,"href":"https:\/\/www.samenhaus.de\/gartenblog\/wp-json\/wp\/v2\/comments?post=18285"}],"version-history":[{"count":7,"href":"https:\/\/www.samenhaus.de\/gartenblog\/wp-json\/wp\/v2\/posts\/18285\/revisions"}],"predecessor-version":[{"id":19184,"href":"https:\/\/www.samenhaus.de\/gartenblog\/wp-json\/wp\/v2\/posts\/18285\/revisions\/19184"}],"wp:featuredmedia":[{"embeddable":true,"href":"https:\/\/www.samenhaus.de\/gartenblog\/wp-json\/wp\/v2\/media\/19180"}],"wp:attachment":[{"href":"https:\/\/www.samenhaus.de\/gartenblog\/wp-json\/wp\/v2\/media?parent=18285"}],"wp:term":[{"taxonomy":"category","embeddable":true,"href":"https:\/\/www.samenhaus.de\/gartenblog\/wp-json\/wp\/v2\/categories?post=18285"},{"taxonomy":"post_tag","embeddable":true,"href":"https:\/\/www.samenhaus.de\/gartenblog\/wp-json\/wp\/v2\/tags?post=18285"},{"taxonomy":"hersteller","embeddable":true,"href":"https:\/\/www.samenhaus.de\/gartenblog\/wp-json\/wp\/v2\/hersteller?post=18285"}],"curies":[{"name":"wp","href":"https:\/\/api.w.org\/{rel}","templated":true}]}}