{"id":18290,"date":"2025-03-07T09:00:24","date_gmt":"2025-03-07T08:00:24","guid":{"rendered":"https:\/\/www.samenhaus.de\/gartenblog\/?p=18290"},"modified":"2025-03-12T12:38:36","modified_gmt":"2025-03-12T11:38:36","slug":"diese-baeume-passen-auch-in-kleine-gaerten","status":"publish","type":"post","link":"https:\/\/www.samenhaus.de\/gartenblog\/diese-baeume-passen-auch-in-kleine-gaerten","title":{"rendered":"Diese B\u00e4ume passen auch in kleine G\u00e4rten"},"content":{"rendered":"<p>Knapp 2 Prozent der Fl\u00e4che Deutschlands besteht aus G\u00e4rten. Die durchschnittliche Gr\u00f6\u00dfe liegt dabei bei ca. 480 Quadratmetern, wobei die meisten wohl Gr\u00f6\u00dfen von unter 200 Quadratmetern aufweisen k\u00f6nnen. Um bei den Zahlen zu bleiben: Rund 20 Prozent der deutschen Gartenbesitzer haben einen Baum im Garten. Je nachdem, wie viel Platz zur Verf\u00fcgung steht, k\u00f6nnen die B\u00e4ume mal kleiner, mal gr\u00f6\u00dfer ausfallen. Eine Garten-Mindestgr\u00f6\u00dfe f\u00fcr das Pflanzen eines Baumes gibt es dabei nicht \u2013 allerdings steht wohl au\u00dfer Frage, dass beispielsweise eine Kastanie mit einer H\u00f6he von 30 Metern wohl kaum in einen Garten mit 100 Quadratmetern passt. Hier m\u00fcssen kleinere Exemplare her!<\/p>\n<h2><span class=\"ez-toc-section\" id=\"10_kleine_Baeume_fuer_kleine_Gaerten\"><\/span>10 kleine B\u00e4ume f\u00fcr kleine G\u00e4rten<span class=\"ez-toc-section-end\"><\/span><\/h2>\n<p>Sie suchen noch nach einem <a href=\"https:\/\/www.samenhaus.de\/baumsamen\" target=\"_blank\" rel=\"noopener\">Baum<\/a>, der in Ihren Garten oder gar in den Vorgarten passt? Wir h\u00e4tten 10 Vorschl\u00e4ge f\u00fcr Sie:<\/p>\n<table>\n<tbody>\n<tr>\n<td style=\"width: 150px;\"><a href=\"https:\/\/www.samenhaus.de\/gartenblog\/wp-content\/uploads\/2025\/03\/Baeume-kleine-Gaerten_542506323-scaled.jpeg\"><img loading=\"lazy\" decoding=\"async\" class=\"alignleft wp-image-20846 size-thumbnail\" src=\"https:\/\/www.samenhaus.de\/gartenblog\/wp-content\/uploads\/2025\/03\/Baeume-kleine-Gaerten_542506323-150x150.jpeg\" alt=\"Feldahorn\" width=\"150\" height=\"150\" srcset=\"https:\/\/www.samenhaus.de\/gartenblog\/wp-content\/uploads\/2025\/03\/Baeume-kleine-Gaerten_542506323-150x150.jpeg 150w, https:\/\/www.samenhaus.de\/gartenblog\/wp-content\/uploads\/2025\/03\/Baeume-kleine-Gaerten_542506323-80x80.jpeg 80w\" sizes=\"auto, (max-width: 150px) 100vw, 150px\" \/><\/a><\/td>\n<td style=\"padding-left: 15px; vertical-align: top;\">\n<h3><span class=\"ez-toc-section\" id=\"Feldahorn\"><\/span>Feldahorn<span class=\"ez-toc-section-end\"><\/span><\/h3>\n<ul>\n<li><strong>Vorkommen<\/strong>: In Europa und Teilen Asiens heimisch.<\/li>\n<li><strong>Aussehen<\/strong>: Klein bis mittelgro\u00df mit einer rundlichen Krone. Die Bl\u00e4tter sind gr\u00fcn und f\u00fcnf-lappig. Im Fr\u00fchjahr kleine gelbliche Bl\u00fcten, gefolgt von gefl\u00fcgelten Fr\u00fcchten im Herbst.<\/li>\n<li><strong>H\u00f6he \/ Breite<\/strong>: Kann bis zu 15 Meter hoch und 10 Meter breit werden.<\/li>\n<li><strong>Pflegebedingungen<\/strong>: Anpassungsf\u00e4hig, bevorzugt jedoch gut durchl\u00e4ssigen Boden und sonnige bis halbschattige Standorte.<\/li>\n<li><strong>J\u00e4hrlicher Zuwachs<\/strong>: Bis zu 40 Zentimeter<\/li>\n<li><strong>Lebenserwartung<\/strong>: 80 bis 120 Jahre<\/li>\n<\/ul>\n<\/td>\n<\/tr>\n<\/tbody>\n<\/table>\n<table>\n<tbody>\n<tr>\n<td style=\"width: 150px;\"><a href=\"https:\/\/www.samenhaus.de\/gartenblog\/wp-content\/uploads\/2025\/03\/Baeume-kleine-Gaerten_456144653-scaled.jpeg\"><img loading=\"lazy\" decoding=\"async\" class=\"alignleft wp-image-20845 size-thumbnail\" src=\"https:\/\/www.samenhaus.de\/gartenblog\/wp-content\/uploads\/2025\/03\/Baeume-kleine-Gaerten_456144653-150x150.jpeg\" alt=\"Vogelbeere\" width=\"150\" height=\"150\" srcset=\"https:\/\/www.samenhaus.de\/gartenblog\/wp-content\/uploads\/2025\/03\/Baeume-kleine-Gaerten_456144653-150x150.jpeg 150w, https:\/\/www.samenhaus.de\/gartenblog\/wp-content\/uploads\/2025\/03\/Baeume-kleine-Gaerten_456144653-80x80.jpeg 80w\" sizes=\"auto, (max-width: 150px) 100vw, 150px\" \/><\/a><\/td>\n<td style=\"padding-left: 15px; vertical-align: top;\">\n<h3><span class=\"ez-toc-section\" id=\"Vogelbeere_Eberesche\"><\/span>Vogelbeere<strong> (Eberesche)<\/strong><span class=\"ez-toc-section-end\"><\/span><\/h3>\n<ul>\n<li><strong>Vorkommen<\/strong>: In Europa, Asien und Nordamerika verbreitet.<\/li>\n<li><strong>Aussehen<\/strong>: Mittelgro\u00dfer Baum mit einer ovalen Krone. Die Bl\u00e4tter sind gefiedert und gr\u00fcn. Wei\u00dfe Bl\u00fcten im Fr\u00fchling, woraus bis zum Herbst kleine rote Beeren entstehen. Die Beeren sind essbar.<\/li>\n<li><strong>H\u00f6he \/ Breite<\/strong>: Kann bis zu 15 Meter hoch und 8 Meter breit werden.<\/li>\n<li><strong>Pflegebedingungen<\/strong>: Anspruchslos, bevorzugt jedoch durchl\u00e4ssigen Boden und sonnige bis halbschattige Standorte.<\/li>\n<li><strong>J\u00e4hrlicher Zuwachs<\/strong>: Zwischen 20 und 40 Zentimeter<\/li>\n<li><strong>Lebenserwartung<\/strong>: 60 bis 80 Jahre<\/li>\n<\/ul>\n<\/td>\n<\/tr>\n<\/tbody>\n<\/table>\n<table>\n<tbody>\n<tr>\n<td style=\"width: 150px;\"><a href=\"https:\/\/www.samenhaus.de\/gartenblog\/wp-content\/uploads\/2025\/03\/Baeume-kleine-Gaerten_273198084-scaled.jpeg\"><img loading=\"lazy\" decoding=\"async\" class=\"alignleft wp-image-20843 size-thumbnail\" src=\"https:\/\/www.samenhaus.de\/gartenblog\/wp-content\/uploads\/2025\/03\/Baeume-kleine-Gaerten_273198084-150x150.jpeg\" alt=\"Mehlbeere\" width=\"150\" height=\"150\" srcset=\"https:\/\/www.samenhaus.de\/gartenblog\/wp-content\/uploads\/2025\/03\/Baeume-kleine-Gaerten_273198084-150x150.jpeg 150w, https:\/\/www.samenhaus.de\/gartenblog\/wp-content\/uploads\/2025\/03\/Baeume-kleine-Gaerten_273198084-80x80.jpeg 80w\" sizes=\"auto, (max-width: 150px) 100vw, 150px\" \/><\/a><\/td>\n<td style=\"padding-left: 15px; vertical-align: top;\">\n<h3><span class=\"ez-toc-section\" id=\"Mehlbeere\"><\/span>Mehlbeere<span class=\"ez-toc-section-end\"><\/span><\/h3>\n<ul>\n<li><strong>Vorkommen<\/strong>: Kommt in Europa und Westasien vor.<\/li>\n<li><strong>Aussehen<\/strong>: Mittelgro\u00dfer Baum mit einer schmalen, aufrechten Krone. Die Bl\u00e4tter sind gr\u00fcn und gez\u00e4hnt. Im Fr\u00fchling erscheinen wei\u00dfe Bl\u00fcten, im Sommer werden daraus kleine, rote, mehlige Beeren. Die Fr\u00fcchte sind essbar.<\/li>\n<li><strong>H\u00f6he \/ Breite<\/strong>: Kann bis zu 15 Meter hoch und 5 Meter breit werden.<\/li>\n<li><strong>Pflegebedingungen<\/strong>: Vertr\u00e4gt verschiedene Bodenarten, bevorzugt jedoch durchl\u00e4ssigen Boden und sonnige Standorte.<\/li>\n<li><strong>J\u00e4hrlicher Zuwachs<\/strong>: Zwischen 20 und 30 Zentimeter<\/li>\n<li><strong>Lebenserwartung<\/strong>: 60 bis 80 Jahre<\/li>\n<\/ul>\n<\/td>\n<\/tr>\n<\/tbody>\n<\/table>\n<table>\n<tbody>\n<tr>\n<td style=\"width: 150px;\"><a href=\"https:\/\/www.samenhaus.de\/gartenblog\/wp-content\/uploads\/2025\/03\/Baeume-kleine-Gaerten_1109591153-scaled.jpeg\"><img loading=\"lazy\" decoding=\"async\" class=\"alignleft wp-image-20851 size-thumbnail\" src=\"https:\/\/www.samenhaus.de\/gartenblog\/wp-content\/uploads\/2025\/03\/Baeume-kleine-Gaerten_1109591153-150x150.jpeg\" alt=\"F\u00e4cher-Ahorn\" width=\"150\" height=\"150\" srcset=\"https:\/\/www.samenhaus.de\/gartenblog\/wp-content\/uploads\/2025\/03\/Baeume-kleine-Gaerten_1109591153-150x150.jpeg 150w, https:\/\/www.samenhaus.de\/gartenblog\/wp-content\/uploads\/2025\/03\/Baeume-kleine-Gaerten_1109591153-80x80.jpeg 80w\" sizes=\"auto, (max-width: 150px) 100vw, 150px\" \/><\/a><\/td>\n<td style=\"padding-left: 15px; vertical-align: top;\">\n<h3><span class=\"ez-toc-section\" id=\"Faecher-Ahorn\"><\/span>F\u00e4cher-Ahorn<span class=\"ez-toc-section-end\"><\/span><\/h3>\n<ul>\n<li><strong>Vorkommen<\/strong>: Urspr\u00fcnglich in Ostasien beheimatet.<\/li>\n<li><strong>Aussehen<\/strong>: Klein bis mittelgro\u00df mit einer breiten, flachen Krone. Die Bl\u00e4tter sind gr\u00fcn und handf\u00f6rmig gelappt. Im Fr\u00fchling zeigen sich gelbliche Bl\u00fcten, die im Herbst zu gefl\u00fcgelten Fr\u00fcchten werden.<\/li>\n<li><strong>H\u00f6he \/ Breite<\/strong>: Kann bis zu 10 Meter hoch und 12 Meter breit werden.<\/li>\n<li><strong>Pflegebedingungen<\/strong>: Ben\u00f6tigt feuchten, gut durchl\u00e4ssigen Boden und sonnige bis halbschattige Standorte.<\/li>\n<li><strong>J\u00e4hrlicher Zuwachs<\/strong>: Ca. 20 Zentimeter<\/li>\n<li><strong>Lebenserwartung<\/strong>: 60 bis 80 Jahre<\/li>\n<\/ul>\n<\/td>\n<\/tr>\n<\/tbody>\n<\/table>\n<table>\n<tbody>\n<tr>\n<td style=\"width: 150px;\"><a href=\"https:\/\/www.samenhaus.de\/gartenblog\/wp-content\/uploads\/2025\/03\/Baeume-kleine-Gaerten_964204804-scaled.jpeg\"><img loading=\"lazy\" decoding=\"async\" class=\"alignright wp-image-20850 size-thumbnail\" src=\"https:\/\/www.samenhaus.de\/gartenblog\/wp-content\/uploads\/2025\/03\/Baeume-kleine-Gaerten_964204804-150x150.jpeg\" alt=\"Schirm-Akazie\" width=\"150\" height=\"150\" srcset=\"https:\/\/www.samenhaus.de\/gartenblog\/wp-content\/uploads\/2025\/03\/Baeume-kleine-Gaerten_964204804-150x150.jpeg 150w, https:\/\/www.samenhaus.de\/gartenblog\/wp-content\/uploads\/2025\/03\/Baeume-kleine-Gaerten_964204804-80x80.jpeg 80w\" sizes=\"auto, (max-width: 150px) 100vw, 150px\" \/><\/a><\/td>\n<td style=\"padding-left: 15px; vertical-align: top;\">\n<h3><span class=\"ez-toc-section\" id=\"Schirm-Akazie\"><\/span>Schirm-Akazie<span class=\"ez-toc-section-end\"><\/span><\/h3>\n<ul>\n<li><strong>Vorkommen<\/strong>: Urspr\u00fcnglich in Australien und Afrika beheimatet.<\/li>\n<li><strong>Aussehen<\/strong>: Mittelgro\u00dfer Baum mit einer breiten, flachen Krone. Die Bl\u00e4tter sind gr\u00fcn und gefiedert. Im Fr\u00fchjahr und Sommer gelbliche Bl\u00fcten in dichten B\u00fcscheln.<\/li>\n<li><strong>H\u00f6he \/ Breite<\/strong>: Kann bis zu 15 Meter hoch und 10 Meter breit werden.<\/li>\n<li><strong>Pflegebedingungen<\/strong>: Vertr\u00e4gt verschiedene Bodenarten, bevorzugt jedoch durchl\u00e4ssigen Boden und sonnige Standorte.<\/li>\n<li><strong>J\u00e4hrlicher Zuwachs<\/strong>: Bis zu 60 Zentimeter<\/li>\n<li><strong>Lebenserwartung<\/strong>: 40 bis 60 Jahre<\/li>\n<\/ul>\n<\/td>\n<\/tr>\n<\/tbody>\n<\/table>\n<table>\n<tbody>\n<tr>\n<td style=\"width: 150px;\"><a href=\"https:\/\/www.samenhaus.de\/gartenblog\/wp-content\/uploads\/2025\/03\/Baeume-kleine-Gaerten_117020617-scaled.jpeg\"><img loading=\"lazy\" decoding=\"async\" class=\"alignleft wp-image-20841 size-thumbnail\" src=\"https:\/\/www.samenhaus.de\/gartenblog\/wp-content\/uploads\/2025\/03\/Baeume-kleine-Gaerten_117020617-150x150.jpeg\" alt=\"Felsenbirne\" width=\"150\" height=\"150\" srcset=\"https:\/\/www.samenhaus.de\/gartenblog\/wp-content\/uploads\/2025\/03\/Baeume-kleine-Gaerten_117020617-150x150.jpeg 150w, https:\/\/www.samenhaus.de\/gartenblog\/wp-content\/uploads\/2025\/03\/Baeume-kleine-Gaerten_117020617-80x80.jpeg 80w\" sizes=\"auto, (max-width: 150px) 100vw, 150px\" \/><\/a><\/td>\n<td style=\"padding-left: 15px; vertical-align: top;\">\n<h3><span class=\"ez-toc-section\" id=\"Felsenbirne\"><\/span>Felsenbirne<span class=\"ez-toc-section-end\"><\/span><\/h3>\n<ul>\n<li><strong>Vorkommen<\/strong>: Europa, Nordamerika und Asien.<\/li>\n<li><strong>Aussehen<\/strong>: Klein bis mittelgro\u00df mit einer lockeren, unregelm\u00e4\u00dfigen Krone. Die Bl\u00e4tter sind gr\u00fcn und oval. Den wei\u00dfen Bl\u00fcten im Fr\u00fchling folgen im Sommer blau-violette Beeren. Die Fr\u00fcchte sind essbar.<\/li>\n<li><strong>H\u00f6he \/ Breite<\/strong>: Kann bis zu 8 Meter hoch und 6 Meter breit werden.<\/li>\n<li><strong>Pflegebedingungen<\/strong>: Anspruchslos, bevorzugt jedoch gut durchl\u00e4ssigen Boden und sonnige Standorte.<\/li>\n<li><strong>J\u00e4hrlicher Zuwachs<\/strong>: Zwischen 15 bis 30 Zentimeter<\/li>\n<li><strong>Lebenserwartung<\/strong>: 20 bis 40 Jahre<\/li>\n<\/ul>\n<\/td>\n<\/tr>\n<\/tbody>\n<\/table>\n<table>\n<tbody>\n<tr>\n<td style=\"width: 150px;\"><a href=\"https:\/\/www.samenhaus.de\/gartenblog\/wp-content\/uploads\/2025\/03\/Baeume-kleine-Gaerten_1239149150-scaled.jpeg\"><img loading=\"lazy\" decoding=\"async\" class=\"alignleft wp-image-20852 size-thumbnail\" src=\"https:\/\/www.samenhaus.de\/gartenblog\/wp-content\/uploads\/2025\/03\/Baeume-kleine-Gaerten_1239149150-150x150.jpeg\" alt=\"Judasbaum\" width=\"150\" height=\"150\" srcset=\"https:\/\/www.samenhaus.de\/gartenblog\/wp-content\/uploads\/2025\/03\/Baeume-kleine-Gaerten_1239149150-150x150.jpeg 150w, https:\/\/www.samenhaus.de\/gartenblog\/wp-content\/uploads\/2025\/03\/Baeume-kleine-Gaerten_1239149150-80x80.jpeg 80w\" sizes=\"auto, (max-width: 150px) 100vw, 150px\" \/><\/a><\/td>\n<td style=\"padding-left: 15px; vertical-align: top;\">\n<h3><span class=\"ez-toc-section\" id=\"Judasbaum\"><\/span>Judasbaum<span class=\"ez-toc-section-end\"><\/span><\/h3>\n<ul>\n<li><strong>Vorkommen<\/strong>: Mediterrane Regionen, Asien und Nordamerika.<\/li>\n<li><strong>Aussehen<\/strong>: Klein bis mittelgro\u00df mit einer breiten, flachen Krone. Die Bl\u00e4tter sind gr\u00fcn und herzf\u00f6rmig. Im Fr\u00fchling zeigen sich Bl\u00fcten in den Farben Rosa bis Violett, im Sommer bilden sich flache, rot-braune H\u00fclsenfr\u00fcchte aus. Die Fr\u00fcchte sind leicht giftig.<\/li>\n<li><strong>H\u00f6he \/ Breite<\/strong>: Kann bis zu 10 Meter hoch und 8 Meter breit werden.<\/li>\n<li><strong>Pflegebedingungen<\/strong>: Vertr\u00e4gt verschiedene Bodenarten, bevorzugt jedoch durchl\u00e4ssigen Boden und sonnige Standorte.<\/li>\n<li><strong>J\u00e4hrlicher Zuwachs<\/strong>: Zwischen 30 und 40 Zentimeter<\/li>\n<li><strong>Lebenserwartung<\/strong>: 40 bis 60 Jahre<\/li>\n<\/ul>\n<\/td>\n<\/tr>\n<\/tbody>\n<\/table>\n<table>\n<tbody>\n<tr>\n<td style=\"width: 150px;\"><a href=\"https:\/\/www.samenhaus.de\/gartenblog\/wp-content\/uploads\/2025\/03\/Baeume-kleine-Gaerten_609664071-scaled.jpeg\"><img loading=\"lazy\" decoding=\"async\" class=\"alignleft wp-image-20847 size-thumbnail\" src=\"https:\/\/www.samenhaus.de\/gartenblog\/wp-content\/uploads\/2025\/03\/Baeume-kleine-Gaerten_609664071-150x150.jpeg\" alt=\"Echter Rotdorn\" width=\"150\" height=\"150\" srcset=\"https:\/\/www.samenhaus.de\/gartenblog\/wp-content\/uploads\/2025\/03\/Baeume-kleine-Gaerten_609664071-150x150.jpeg 150w, https:\/\/www.samenhaus.de\/gartenblog\/wp-content\/uploads\/2025\/03\/Baeume-kleine-Gaerten_609664071-80x80.jpeg 80w\" sizes=\"auto, (max-width: 150px) 100vw, 150px\" \/><\/a><\/td>\n<td style=\"padding-left: 15px; vertical-align: top;\">\n<h3><span class=\"ez-toc-section\" id=\"Echter_Rotdorn\"><\/span>Echter<strong> Rotdorn<\/strong><span class=\"ez-toc-section-end\"><\/span><\/h3>\n<ul>\n<li><strong>Vorkommen<\/strong>: Europa und Westasien.<\/li>\n<li><strong>Aussehen<\/strong>: Klein bis mittelgro\u00df mit einer breiten, dichten Krone. Die Bl\u00e4tter sind gr\u00fcn und gez\u00e4hnt. Wei\u00dfe bis rosafarbene Bl\u00fcten im Fr\u00fchling, kleine rote Beeren im Herbst. Die Fr\u00fcchte sind essbar.<\/li>\n<li><strong>H\u00f6he \/ Breite<\/strong>: Kann bis zu 8 Meter hoch und 6 Meter breit werden.<\/li>\n<li><strong>Pflegebedingungen<\/strong>: Anspruchslos, bevorzugt jedoch durchl\u00e4ssigen Boden und sonnige bis halbschattige Standorte.<\/li>\n<li><strong>J\u00e4hrlicher Zuwachs<\/strong>: Zwischen 20 und 40 Zentimeter<\/li>\n<li><strong>Lebenserwartung<\/strong>: 40 bis 60 Jahre<\/li>\n<\/ul>\n<\/td>\n<\/tr>\n<\/tbody>\n<\/table>\n<table>\n<tbody>\n<tr>\n<td style=\"width: 150px;\"><a href=\"https:\/\/www.samenhaus.de\/gartenblog\/wp-content\/uploads\/2025\/03\/Baeume-kleine-Gaerten_443024867-scaled.jpeg\"><img loading=\"lazy\" decoding=\"async\" class=\"alignleft wp-image-20844 size-thumbnail\" src=\"https:\/\/www.samenhaus.de\/gartenblog\/wp-content\/uploads\/2025\/03\/Baeume-kleine-Gaerten_443024867-150x150.jpeg\" alt=\"Kugel-Robinie\" width=\"150\" height=\"150\" srcset=\"https:\/\/www.samenhaus.de\/gartenblog\/wp-content\/uploads\/2025\/03\/Baeume-kleine-Gaerten_443024867-150x150.jpeg 150w, https:\/\/www.samenhaus.de\/gartenblog\/wp-content\/uploads\/2025\/03\/Baeume-kleine-Gaerten_443024867-80x80.jpeg 80w\" sizes=\"auto, (max-width: 150px) 100vw, 150px\" \/><\/a><\/td>\n<td style=\"padding-left: 15px; vertical-align: top;\">\n<h3><span class=\"ez-toc-section\" id=\"Kugel-Robinie\"><\/span>Kugel-Robinie<span class=\"ez-toc-section-end\"><\/span><\/h3>\n<ul>\n<li><strong>Vorkommen<\/strong>: Urspr\u00fcnglich kommt der Baum aus Nordamerika.<\/li>\n<li><strong>Aussehen<\/strong>: Klein bis mittelgro\u00df mit einer kugelf\u00f6rmigen Krone. Die Bl\u00e4tter sind gr\u00fcn und gefiedert. Die Kugel-Robinie bl\u00fcht nicht und bildet daher auch keine Fr\u00fcchte.<\/li>\n<li><strong>H\u00f6he \/ Breite<\/strong>: Kann bis zu 8 Meter hoch und breit werden.<\/li>\n<li><strong>Pflegebedingungen<\/strong>: Vertr\u00e4gt verschiedene Bodenarten, bevorzugt jedoch durchl\u00e4ssigen Boden und sonnige Standorte.<\/li>\n<li><strong>J\u00e4hrlicher Zuwachs<\/strong>: Zwischen 15 und 25 Zentimeter<\/li>\n<li><strong>Lebenserwartung<\/strong>: 40 bis 60 Jahre<\/li>\n<\/ul>\n<\/td>\n<\/tr>\n<\/tbody>\n<\/table>\n<table>\n<tbody>\n<tr>\n<td style=\"width: 150px;\"><a href=\"https:\/\/www.samenhaus.de\/gartenblog\/wp-content\/uploads\/2025\/03\/Baeume-kleine-Gaerten_1248298195-scaled.jpeg\"><img loading=\"lazy\" decoding=\"async\" class=\"alignleft wp-image-20854 size-thumbnail\" src=\"https:\/\/www.samenhaus.de\/gartenblog\/wp-content\/uploads\/2025\/03\/Baeume-kleine-Gaerten_1248298195-150x150.jpeg\" alt=\"Winterkirsche\" width=\"150\" height=\"150\" srcset=\"https:\/\/www.samenhaus.de\/gartenblog\/wp-content\/uploads\/2025\/03\/Baeume-kleine-Gaerten_1248298195-150x150.jpeg 150w, https:\/\/www.samenhaus.de\/gartenblog\/wp-content\/uploads\/2025\/03\/Baeume-kleine-Gaerten_1248298195-80x80.jpeg 80w\" sizes=\"auto, (max-width: 150px) 100vw, 150px\" \/><\/a><\/td>\n<td style=\"padding-left: 15px; vertical-align: top;\">\n<h3><span class=\"ez-toc-section\" id=\"Winterkirsche\"><\/span>Winterkirsche<span class=\"ez-toc-section-end\"><\/span><\/h3>\n<ul>\n<li><strong>Vorkommen<\/strong>: In Europa und Westasien heimisch.<\/li>\n<li><strong>Aussehen<\/strong>: Klein mit einer schmalen, aufrechten Krone. Die Bl\u00e4tter sind gr\u00fcn und oval.<\/li>\n<li><strong>H\u00f6he \/ Breite<\/strong>: Kann bis zu 6 Meter hoch und 3 Meter breit werden.<\/li>\n<li><strong>Pflegebedingungen<\/strong>: Anspruchslos, bevorzugt jedoch durchl\u00e4ssigen Boden und sonnige Standorte.<\/li>\n<li><strong>J\u00e4hrlicher Zuwachs<\/strong>: Zwischen 20 und 30 Zentimeter<\/li>\n<li><strong>Lebenserwartung<\/strong>: 20 bis 40 Jahre<\/li>\n<\/ul>\n<\/td>\n<\/tr>\n<\/tbody>\n<\/table>\n<p>Denken Sie daran, auch wenn die B\u00e4ume vom Wuchs her klein bleiben k\u00f6nnen, ohne den richtigen Schnitt k\u00f6nnen auch kleine B\u00e4ume gro\u00dfe Ausma\u00dfe annehmen.<\/p>\n<h2><span class=\"ez-toc-section\" id=\"Welche_Vorzuege_bietet_ein_Baum_im_Garten\"><\/span>Welche Vorz\u00fcge bietet ein Baum im Garten?<span class=\"ez-toc-section-end\"><\/span><\/h2>\n<p>Ob Sie einen oder gleich mehrere B\u00e4ume im Garten haben m\u00f6chten, liegt nicht nur an der Gr\u00f6\u00dfe des Grundst\u00fccks, sondern auch an den eigenen Vorlieben. Ein Baum im Garten bietet aber auch zahlreiche Vorteile, die nicht zu verachten sind:<\/p>\n<ul>\n<li><strong>\u00c4sthetik<\/strong>: B\u00e4ume verleihen einem Garten Struktur, Sch\u00f6nheit und Charakter und verbessern nicht zuletzt das Erscheinungsbild.<\/li>\n<li><strong>Schattenspender<\/strong>: B\u00e4ume bieten Schutz vor direkter Sonneneinstrahlung und schaffen dadurch angenehme schattige Bereiche im Garten \u2013 selbst bei kleinen Exemplaren. Dies l\u00e4dt, vor allem an hei\u00dfen Tagen, zur Entspannung und Erholung ein. Besonders sch\u00f6n ist ein Sitzplatz unter der Baumkrone.<\/li>\n<li><strong>Sauerstoffproduktion<\/strong>: B\u00e4ume absorbieren Kohlendioxid aus der Luft und produzieren Sauerstoff durch den Prozess der Photosynthese. Sie tragen somit zur Verbesserung der Luftqualit\u00e4t bei und schaffen eine ges\u00fcndere Umgebung f\u00fcr Mensch und Tier.<\/li>\n<li><strong>Lebensraum f\u00fcr Tiere<\/strong>: B\u00e4ume bieten Lebensraum, Nahrung und Schutz f\u00fcr eine Vielzahl von Tierarten, einschlie\u00dflich <a href=\"https:\/\/www.samenhaus.de\/voegel\" target=\"_blank\" rel=\"noopener\">V\u00f6geln<\/a>, <a href=\"https:\/\/www.samenhaus.de\/insekten\" target=\"_blank\" rel=\"noopener\">Insekten<\/a> und kleinen S\u00e4ugetieren. Sie f\u00f6rdern die Artenvielfalt im Garten und tragen zum \u00f6kologischen Gleichgewicht bei.<\/li>\n<li><strong>Bodenverbesserung<\/strong>: Die Wurzeln von B\u00e4umen lockern den Boden auf, verbessern die Bodenstruktur und erh\u00f6hen die Bodenfruchtbarkeit. Sie k\u00f6nnen auch Erosion verhindern, indem sie den Boden festhalten.<\/li>\n<li><strong>L\u00e4rmminderung<\/strong>: B\u00e4ume k\u00f6nnen dazu beitragen, L\u00e4rm zu reduzieren, indem sie als nat\u00fcrliche Schalld\u00e4mpfer fungieren und den Schall absorbieren \u2013 besonders von Vorteil ist dies in der Stadt.<\/li>\n<li><strong>Klimaregulierung<\/strong>: B\u00e4ume haben eine k\u00fchlende Wirkung auf ihre Umgebung, indem sie Verdunstung f\u00f6rdern und Schatten spenden. So kann die Temperatur reguliert werden und dazu beitragen, die Auswirkungen von Hitzeinseln in st\u00e4dtischen Gebieten zu mildern.<\/li>\n<\/ul>\n<h2><span class=\"ez-toc-section\" id=\"Tipps_zum_Pflanzen_von_Baeumen\"><\/span>Tipps zum Pflanzen von B\u00e4umen<span class=\"ez-toc-section-end\"><\/span><\/h2>\n<p><a href=\"https:\/\/www.samenhaus.de\/gartenblog\/wp-content\/uploads\/2025\/03\/Baeume-kleine-Gaerten_681650000-scaled.jpeg\"><img loading=\"lazy\" decoding=\"async\" class=\"alignright wp-image-20849\" src=\"https:\/\/www.samenhaus.de\/gartenblog\/wp-content\/uploads\/2025\/03\/Baeume-kleine-Gaerten_681650000-600x400.jpeg\" alt=\"Pflege Baum\" width=\"300\" height=\"200\" srcset=\"https:\/\/www.samenhaus.de\/gartenblog\/wp-content\/uploads\/2025\/03\/Baeume-kleine-Gaerten_681650000-600x400.jpeg 600w, https:\/\/www.samenhaus.de\/gartenblog\/wp-content\/uploads\/2025\/03\/Baeume-kleine-Gaerten_681650000-1024x683.jpeg 1024w, https:\/\/www.samenhaus.de\/gartenblog\/wp-content\/uploads\/2025\/03\/Baeume-kleine-Gaerten_681650000-768x512.jpeg 768w, https:\/\/www.samenhaus.de\/gartenblog\/wp-content\/uploads\/2025\/03\/Baeume-kleine-Gaerten_681650000-1536x1024.jpeg 1536w, https:\/\/www.samenhaus.de\/gartenblog\/wp-content\/uploads\/2025\/03\/Baeume-kleine-Gaerten_681650000-scaled.jpeg 2048w\" sizes=\"auto, (max-width: 300px) 100vw, 300px\" \/><\/a>Damit Ihr Baum auch gut anw\u00e4chst und Sie sp\u00e4ter keine Probleme mit Nachbarn bekommen, hier einige Tipps f\u00fcr das richtige Pflanzen:<\/p>\n<ul>\n<li>Bevor Sie sich einen geeigneten Platz suchen, sollten Sie wissen, wie breit der Baum und vor allem, wie gro\u00df die Krone wird. So l\u00e4sst sich der ideale Standort finden, damit sp\u00e4ter der Schatten nicht st\u00f6rt oder der Baum die Wohnung zu stark verdunkelt.<\/li>\n<li>Schon vor dem Ausheben des Pflanzloches sollten Sie wissen, wie gro\u00df der Wurzelballen des Baumes ist. Das Pflanzloch sollte dann etwa 10 bis 15 Zentimeter tiefer sein.<\/li>\n<li>Der Boden des Pflanzlochs wird nun mit einer Grabegabel aufgelockert. So wird vermieden, dass Staun\u00e4sse entsteht. Sofern Sie einen sehr lehmigen Boden haben, sollten Sie eine Drainage einf\u00fcgen.<\/li>\n<li>Nun wird das Ballentuch vom Wurzelballen entfernt (sofern es sich um organisches Material handelt, k\u00f6nnen Sie es belassen). Setzen Sie den Baum mittig in das Pflanzloch<\/li>\n<li>Das Pflanzloch wird jetzt mit Erde bef\u00fcllt, gleichzeitig wird der Baum ausgerichtet, damit er gerade wachsen kann.<\/li>\n<li>Damit keine Hohlr\u00e4ume zur\u00fcckbleiben wird die Erde rund um den Baum angetreten und notfalls noch einmal Erde aufgef\u00fcllt.<\/li>\n<li>Der junge Baum sollte mit einer St\u00fctze verstehen werden, damit er bei st\u00e4rkeren Winden nicht umknickt. Hierzu eignen sich stabile Holzpf\u00e4hle.<\/li>\n<li>Vor dem guten Angie\u00dfen des Baumes wird ein Gie\u00dfrand um den Stamm gebildet, damit das Wasser nicht ungenutzt wegl\u00e4uft.<\/li>\n<li>D\u00fcngen Sie auch gleichzeitig mit Hornsp\u00e4nen und geben Sie um den Wurzelbereich Rindenmulch, so trocknet die Erde nicht aus.<\/li>\n<li>Achten Sie bei der Standortwahl auch auf die Mindestabst\u00e4nde, die zu Nachbargrundst\u00fccken eingehalten werden m\u00fcssen. Diese sind von Bundesland zu Bundesland unterschiedlich und richten sich auch nach der maximalen Gr\u00f6\u00dfe des Baumes. Die richtigen Abst\u00e4nde sind regelt in den meisten Bundesl\u00e4ndern das Nachbarrechtsgesetz.<\/li>\n<\/ul>\n","protected":false},"excerpt":{"rendered":"<p>Knapp 2 Prozent der Fl\u00e4che Deutschlands besteht aus G\u00e4rten. Die durchschnittliche Gr\u00f6\u00dfe liegt dabei bei ca. 480 Quadratmetern, wobei die meisten wohl Gr\u00f6\u00dfen von unter 200 Quadratmetern aufweisen k\u00f6nnen. Um bei den Zahlen zu bleiben: Rund 20 Prozent der deutschen Gartenbesitzer haben einen Baum im Garten. Je nachdem, wie viel Platz zur Verf\u00fcgung steht, k\u00f6nnen die B\u00e4ume mal kleiner, mal gr\u00f6\u00dfer ausfallen. Eine Garten-Mindestgr\u00f6\u00dfe f\u00fcr das Pflanzen eines Baumes gibt es dabei nicht \u2013 allerdings steht wohl au\u00dfer Frage, dass beispielsweise eine Kastanie mit einer H\u00f6he von 30 Metern wohl kaum in einen Garten mit 100 Quadratmetern passt. Hier m\u00fcssen kleinere Exemplare her! 10 kleine B\u00e4ume f\u00fcr kleine G\u00e4rten Sie suchen noch nach einem Baum, der in Ihren Garten oder gar in den Vorgarten passt? Wir h\u00e4tten 10 Vorschl\u00e4ge f\u00fcr Sie: Feldahorn Vorkommen: In Europa und Teilen Asiens heimisch. Aussehen: Klein bis mittelgro\u00df mit einer rundlichen Krone. Die Bl\u00e4tter sind gr\u00fcn und f\u00fcnf-lappig. Im Fr\u00fchjahr kleine gelbliche Bl\u00fcten, gefolgt von gefl\u00fcgelten Fr\u00fcchten im Herbst. H\u00f6he \/ Breite: Kann bis zu 15 Meter hoch und 10 Meter breit werden. Pflegebedingungen: Anpassungsf\u00e4hig, bevorzugt jedoch gut durchl\u00e4ssigen Boden und sonnige bis halbschattige Standorte. J\u00e4hrlicher Zuwachs: Bis zu 40 Zentimeter Lebenserwartung: 80 bis 120 [&hellip;]<\/p>\n","protected":false},"author":13,"featured_media":20842,"comment_status":"open","ping_status":"open","sticky":false,"template":"","format":"standard","meta":{"_acf_changed":false,"footnotes":""},"categories":[1],"tags":[],"hersteller":[],"class_list":["post-18290","post","type-post","status-publish","format-standard","has-post-thumbnail","hentry","category-allgemein"],"acf":[],"yoast_head":"<!-- This site is optimized with the Yoast SEO plugin v27.4 - https:\/\/yoast.com\/product\/yoast-seo-wordpress\/ -->\n<title>Diese B\u00e4ume passen auch in kleine G\u00e4rten - Samenhaus Gartenblog<\/title>\n<meta name=\"description\" content=\"B\u00e4ume geh\u00f6ren unbedingt in jeden Garten. Wir stellen Ihnen 10 B\u00e4ume vor, die eher klein bleiben und auch in kleinen G\u00e4rten angepflanzt werden k\u00f6nnen.\" \/>\n<meta name=\"robots\" content=\"index, follow, max-snippet:-1, max-image-preview:large, max-video-preview:-1\" \/>\n<link rel=\"canonical\" href=\"https:\/\/www.samenhaus.de\/gartenblog\/diese-baeume-passen-auch-in-kleine-gaerten\" \/>\n<meta property=\"og:locale\" content=\"de_DE\" \/>\n<meta property=\"og:type\" content=\"article\" \/>\n<meta property=\"og:title\" content=\"Diese B\u00e4ume passen auch in kleine G\u00e4rten - Samenhaus Gartenblog\" \/>\n<meta property=\"og:description\" content=\"B\u00e4ume geh\u00f6ren unbedingt in jeden Garten. Wir stellen Ihnen 10 B\u00e4ume vor, die eher klein bleiben und auch in kleinen G\u00e4rten angepflanzt werden k\u00f6nnen.\" \/>\n<meta property=\"og:url\" content=\"https:\/\/www.samenhaus.de\/gartenblog\/diese-baeume-passen-auch-in-kleine-gaerten\" \/>\n<meta property=\"og:site_name\" content=\"Samenhaus Gartenblog\" \/>\n<meta property=\"article:publisher\" content=\"https:\/\/de-de.facebook.com\/samenhaus\" \/>\n<meta property=\"article:published_time\" content=\"2025-03-07T08:00:24+00:00\" \/>\n<meta property=\"article:modified_time\" content=\"2025-03-12T11:38:36+00:00\" \/>\n<meta property=\"og:image\" content=\"https:\/\/www.samenhaus.de\/gartenblog\/wp-content\/uploads\/2025\/03\/Baeume-kleine-Gaerten_125257165.jpg\" \/>\n\t<meta property=\"og:image:width\" content=\"1000\" \/>\n\t<meta property=\"og:image:height\" content=\"563\" \/>\n\t<meta property=\"og:image:type\" content=\"image\/jpeg\" \/>\n<meta name=\"author\" content=\"Holger\" \/>\n<meta name=\"twitter:card\" content=\"summary_large_image\" \/>\n<meta name=\"twitter:creator\" content=\"@samenhaus\" \/>\n<meta name=\"twitter:site\" content=\"@samenhaus\" \/>\n<meta name=\"twitter:label1\" content=\"Verfasst von\" \/>\n\t<meta name=\"twitter:data1\" content=\"Holger\" \/>\n\t<meta name=\"twitter:label2\" content=\"Gesch\u00e4tzte Lesezeit\" \/>\n\t<meta name=\"twitter:data2\" content=\"11\u00a0Minuten\" \/>\n<script type=\"application\/ld+json\" class=\"yoast-schema-graph\">{\"@context\":\"https:\\\/\\\/schema.org\",\"@graph\":[{\"@type\":\"Article\",\"@id\":\"https:\\\/\\\/www.samenhaus.de\\\/gartenblog\\\/diese-baeume-passen-auch-in-kleine-gaerten#article\",\"isPartOf\":{\"@id\":\"https:\\\/\\\/www.samenhaus.de\\\/gartenblog\\\/diese-baeume-passen-auch-in-kleine-gaerten\"},\"author\":{\"name\":\"Holger\",\"@id\":\"https:\\\/\\\/www.samenhaus.de\\\/gartenblog\\\/#\\\/schema\\\/person\\\/de169769587431893823f62b2ce06c04\"},\"headline\":\"Diese B\u00e4ume passen auch in kleine G\u00e4rten\",\"datePublished\":\"2025-03-07T08:00:24+00:00\",\"dateModified\":\"2025-03-12T11:38:36+00:00\",\"mainEntityOfPage\":{\"@id\":\"https:\\\/\\\/www.samenhaus.de\\\/gartenblog\\\/diese-baeume-passen-auch-in-kleine-gaerten\"},\"wordCount\":1523,\"commentCount\":0,\"publisher\":{\"@id\":\"https:\\\/\\\/www.samenhaus.de\\\/gartenblog\\\/#organization\"},\"image\":{\"@id\":\"https:\\\/\\\/www.samenhaus.de\\\/gartenblog\\\/diese-baeume-passen-auch-in-kleine-gaerten#primaryimage\"},\"thumbnailUrl\":\"https:\\\/\\\/www.samenhaus.de\\\/gartenblog\\\/wp-content\\\/uploads\\\/2025\\\/03\\\/Baeume-kleine-Gaerten_125257165.jpg\",\"inLanguage\":\"de\",\"potentialAction\":[{\"@type\":\"CommentAction\",\"name\":\"Comment\",\"target\":[\"https:\\\/\\\/www.samenhaus.de\\\/gartenblog\\\/diese-baeume-passen-auch-in-kleine-gaerten#respond\"]}],\"copyrightYear\":\"2025\",\"copyrightHolder\":{\"@id\":\"https:\\\/\\\/www.samenhaus.de\\\/gartenblog\\\/#organization\"}},{\"@type\":\"WebPage\",\"@id\":\"https:\\\/\\\/www.samenhaus.de\\\/gartenblog\\\/diese-baeume-passen-auch-in-kleine-gaerten\",\"url\":\"https:\\\/\\\/www.samenhaus.de\\\/gartenblog\\\/diese-baeume-passen-auch-in-kleine-gaerten\",\"name\":\"Diese B\u00e4ume passen auch in kleine G\u00e4rten - Samenhaus Gartenblog\",\"isPartOf\":{\"@id\":\"https:\\\/\\\/www.samenhaus.de\\\/gartenblog\\\/#website\"},\"primaryImageOfPage\":{\"@id\":\"https:\\\/\\\/www.samenhaus.de\\\/gartenblog\\\/diese-baeume-passen-auch-in-kleine-gaerten#primaryimage\"},\"image\":{\"@id\":\"https:\\\/\\\/www.samenhaus.de\\\/gartenblog\\\/diese-baeume-passen-auch-in-kleine-gaerten#primaryimage\"},\"thumbnailUrl\":\"https:\\\/\\\/www.samenhaus.de\\\/gartenblog\\\/wp-content\\\/uploads\\\/2025\\\/03\\\/Baeume-kleine-Gaerten_125257165.jpg\",\"datePublished\":\"2025-03-07T08:00:24+00:00\",\"dateModified\":\"2025-03-12T11:38:36+00:00\",\"description\":\"B\u00e4ume geh\u00f6ren unbedingt in jeden Garten. Wir stellen Ihnen 10 B\u00e4ume vor, die eher klein bleiben und auch in kleinen G\u00e4rten angepflanzt werden k\u00f6nnen.\",\"breadcrumb\":{\"@id\":\"https:\\\/\\\/www.samenhaus.de\\\/gartenblog\\\/diese-baeume-passen-auch-in-kleine-gaerten#breadcrumb\"},\"inLanguage\":\"de\",\"potentialAction\":[{\"@type\":\"ReadAction\",\"target\":[\"https:\\\/\\\/www.samenhaus.de\\\/gartenblog\\\/diese-baeume-passen-auch-in-kleine-gaerten\"]}]},{\"@type\":\"ImageObject\",\"inLanguage\":\"de\",\"@id\":\"https:\\\/\\\/www.samenhaus.de\\\/gartenblog\\\/diese-baeume-passen-auch-in-kleine-gaerten#primaryimage\",\"url\":\"https:\\\/\\\/www.samenhaus.de\\\/gartenblog\\\/wp-content\\\/uploads\\\/2025\\\/03\\\/Baeume-kleine-Gaerten_125257165.jpg\",\"contentUrl\":\"https:\\\/\\\/www.samenhaus.de\\\/gartenblog\\\/wp-content\\\/uploads\\\/2025\\\/03\\\/Baeume-kleine-Gaerten_125257165.jpg\",\"width\":1000,\"height\":563,\"caption\":\"Baum pflanzen\"},{\"@type\":\"BreadcrumbList\",\"@id\":\"https:\\\/\\\/www.samenhaus.de\\\/gartenblog\\\/diese-baeume-passen-auch-in-kleine-gaerten#breadcrumb\",\"itemListElement\":[{\"@type\":\"ListItem\",\"position\":1,\"name\":\"Startseite\",\"item\":\"https:\\\/\\\/www.samenhaus.de\\\/gartenblog\\\/\"},{\"@type\":\"ListItem\",\"position\":2,\"name\":\"Diese B\u00e4ume passen auch in kleine G\u00e4rten\"}]},{\"@type\":\"WebSite\",\"@id\":\"https:\\\/\\\/www.samenhaus.de\\\/gartenblog\\\/#website\",\"url\":\"https:\\\/\\\/www.samenhaus.de\\\/gartenblog\\\/\",\"name\":\"Samenhaus Gartenblog\",\"description\":\"\",\"publisher\":{\"@id\":\"https:\\\/\\\/www.samenhaus.de\\\/gartenblog\\\/#organization\"},\"potentialAction\":[{\"@type\":\"SearchAction\",\"target\":{\"@type\":\"EntryPoint\",\"urlTemplate\":\"https:\\\/\\\/www.samenhaus.de\\\/gartenblog\\\/?s={search_term_string}\"},\"query-input\":{\"@type\":\"PropertyValueSpecification\",\"valueRequired\":true,\"valueName\":\"search_term_string\"}}],\"inLanguage\":\"de\"},{\"@type\":\"Organization\",\"@id\":\"https:\\\/\\\/www.samenhaus.de\\\/gartenblog\\\/#organization\",\"name\":\"Samenhaus.de Gartenblog\",\"url\":\"https:\\\/\\\/www.samenhaus.de\\\/gartenblog\\\/\",\"logo\":{\"@type\":\"ImageObject\",\"inLanguage\":\"de\",\"@id\":\"https:\\\/\\\/www.samenhaus.de\\\/gartenblog\\\/#\\\/schema\\\/logo\\\/image\\\/\",\"url\":\"https:\\\/\\\/www.samenhaus.de\\\/gartenblog\\\/wp-content\\\/uploads\\\/2020\\\/11\\\/logo.svg\",\"contentUrl\":\"https:\\\/\\\/www.samenhaus.de\\\/gartenblog\\\/wp-content\\\/uploads\\\/2020\\\/11\\\/logo.svg\",\"width\":1,\"height\":1,\"caption\":\"Samenhaus.de Gartenblog\"},\"image\":{\"@id\":\"https:\\\/\\\/www.samenhaus.de\\\/gartenblog\\\/#\\\/schema\\\/logo\\\/image\\\/\"},\"sameAs\":[\"https:\\\/\\\/de-de.facebook.com\\\/samenhaus\",\"https:\\\/\\\/x.com\\\/samenhaus\"]},{\"@type\":\"Person\",\"@id\":\"https:\\\/\\\/www.samenhaus.de\\\/gartenblog\\\/#\\\/schema\\\/person\\\/de169769587431893823f62b2ce06c04\",\"name\":\"Holger\",\"image\":{\"@type\":\"ImageObject\",\"inLanguage\":\"de\",\"@id\":\"https:\\\/\\\/www.samenhaus.de\\\/gartenblog\\\/wp-content\\\/uploads\\\/2026\\\/03\\\/Holger-150x150.png\",\"url\":\"https:\\\/\\\/www.samenhaus.de\\\/gartenblog\\\/wp-content\\\/uploads\\\/2026\\\/03\\\/Holger-150x150.png\",\"contentUrl\":\"https:\\\/\\\/www.samenhaus.de\\\/gartenblog\\\/wp-content\\\/uploads\\\/2026\\\/03\\\/Holger-150x150.png\",\"caption\":\"Holger\"},\"description\":\"6.000.000 W\u00f6rter \u2013 so viel k\u00f6nnen Sie in etwa von mir online lesen. Das F\u00fcllen des Internets entwickelte sich nach meiner Ausbildung zum TV-Redakteur und der langj\u00e4hrigen Arbeit bei SAT.1 zu einem Fulltime-Job. Trotzdem finde ich noch gen\u00fcgend Zeit, um in meinem Garten zu werkeln. Eine Staude hier, ein Bl\u00fcmchen dort und ein bisschen Gem\u00fcse darf auch nicht fehlen \u2013 einen Schnitzelbaum gibt es ja noch nicht \u2026 Die besten geistigen Erg\u00fcsse habe ich \u00fcbrigens, wenn ich IM Garten \u00dcBER den Garten schreiben kann. So vereinen sich Beruf und Hobby perfekt \u2013 was gibt es Sch\u00f6neres?\",\"url\":\"https:\\\/\\\/www.samenhaus.de\\\/gartenblog\\\/author\\\/holger\"}]}<\/script>\n<!-- \/ Yoast SEO plugin. -->","yoast_head_json":{"title":"Diese B\u00e4ume passen auch in kleine G\u00e4rten - Samenhaus Gartenblog","description":"B\u00e4ume geh\u00f6ren unbedingt in jeden Garten. Wir stellen Ihnen 10 B\u00e4ume vor, die eher klein bleiben und auch in kleinen G\u00e4rten angepflanzt werden k\u00f6nnen.","robots":{"index":"index","follow":"follow","max-snippet":"max-snippet:-1","max-image-preview":"max-image-preview:large","max-video-preview":"max-video-preview:-1"},"canonical":"https:\/\/www.samenhaus.de\/gartenblog\/diese-baeume-passen-auch-in-kleine-gaerten","og_locale":"de_DE","og_type":"article","og_title":"Diese B\u00e4ume passen auch in kleine G\u00e4rten - Samenhaus Gartenblog","og_description":"B\u00e4ume geh\u00f6ren unbedingt in jeden Garten. Wir stellen Ihnen 10 B\u00e4ume vor, die eher klein bleiben und auch in kleinen G\u00e4rten angepflanzt werden k\u00f6nnen.","og_url":"https:\/\/www.samenhaus.de\/gartenblog\/diese-baeume-passen-auch-in-kleine-gaerten","og_site_name":"Samenhaus Gartenblog","article_publisher":"https:\/\/de-de.facebook.com\/samenhaus","article_published_time":"2025-03-07T08:00:24+00:00","article_modified_time":"2025-03-12T11:38:36+00:00","og_image":[{"width":1000,"height":563,"url":"https:\/\/www.samenhaus.de\/gartenblog\/wp-content\/uploads\/2025\/03\/Baeume-kleine-Gaerten_125257165.jpg","type":"image\/jpeg"}],"author":"Holger","twitter_card":"summary_large_image","twitter_creator":"@samenhaus","twitter_site":"@samenhaus","twitter_misc":{"Verfasst von":"Holger","Gesch\u00e4tzte Lesezeit":"11\u00a0Minuten"},"schema":{"@context":"https:\/\/schema.org","@graph":[{"@type":"Article","@id":"https:\/\/www.samenhaus.de\/gartenblog\/diese-baeume-passen-auch-in-kleine-gaerten#article","isPartOf":{"@id":"https:\/\/www.samenhaus.de\/gartenblog\/diese-baeume-passen-auch-in-kleine-gaerten"},"author":{"name":"Holger","@id":"https:\/\/www.samenhaus.de\/gartenblog\/#\/schema\/person\/de169769587431893823f62b2ce06c04"},"headline":"Diese B\u00e4ume passen auch in kleine G\u00e4rten","datePublished":"2025-03-07T08:00:24+00:00","dateModified":"2025-03-12T11:38:36+00:00","mainEntityOfPage":{"@id":"https:\/\/www.samenhaus.de\/gartenblog\/diese-baeume-passen-auch-in-kleine-gaerten"},"wordCount":1523,"commentCount":0,"publisher":{"@id":"https:\/\/www.samenhaus.de\/gartenblog\/#organization"},"image":{"@id":"https:\/\/www.samenhaus.de\/gartenblog\/diese-baeume-passen-auch-in-kleine-gaerten#primaryimage"},"thumbnailUrl":"https:\/\/www.samenhaus.de\/gartenblog\/wp-content\/uploads\/2025\/03\/Baeume-kleine-Gaerten_125257165.jpg","inLanguage":"de","potentialAction":[{"@type":"CommentAction","name":"Comment","target":["https:\/\/www.samenhaus.de\/gartenblog\/diese-baeume-passen-auch-in-kleine-gaerten#respond"]}],"copyrightYear":"2025","copyrightHolder":{"@id":"https:\/\/www.samenhaus.de\/gartenblog\/#organization"}},{"@type":"WebPage","@id":"https:\/\/www.samenhaus.de\/gartenblog\/diese-baeume-passen-auch-in-kleine-gaerten","url":"https:\/\/www.samenhaus.de\/gartenblog\/diese-baeume-passen-auch-in-kleine-gaerten","name":"Diese B\u00e4ume passen auch in kleine G\u00e4rten - Samenhaus Gartenblog","isPartOf":{"@id":"https:\/\/www.samenhaus.de\/gartenblog\/#website"},"primaryImageOfPage":{"@id":"https:\/\/www.samenhaus.de\/gartenblog\/diese-baeume-passen-auch-in-kleine-gaerten#primaryimage"},"image":{"@id":"https:\/\/www.samenhaus.de\/gartenblog\/diese-baeume-passen-auch-in-kleine-gaerten#primaryimage"},"thumbnailUrl":"https:\/\/www.samenhaus.de\/gartenblog\/wp-content\/uploads\/2025\/03\/Baeume-kleine-Gaerten_125257165.jpg","datePublished":"2025-03-07T08:00:24+00:00","dateModified":"2025-03-12T11:38:36+00:00","description":"B\u00e4ume geh\u00f6ren unbedingt in jeden Garten. Wir stellen Ihnen 10 B\u00e4ume vor, die eher klein bleiben und auch in kleinen G\u00e4rten angepflanzt werden k\u00f6nnen.","breadcrumb":{"@id":"https:\/\/www.samenhaus.de\/gartenblog\/diese-baeume-passen-auch-in-kleine-gaerten#breadcrumb"},"inLanguage":"de","potentialAction":[{"@type":"ReadAction","target":["https:\/\/www.samenhaus.de\/gartenblog\/diese-baeume-passen-auch-in-kleine-gaerten"]}]},{"@type":"ImageObject","inLanguage":"de","@id":"https:\/\/www.samenhaus.de\/gartenblog\/diese-baeume-passen-auch-in-kleine-gaerten#primaryimage","url":"https:\/\/www.samenhaus.de\/gartenblog\/wp-content\/uploads\/2025\/03\/Baeume-kleine-Gaerten_125257165.jpg","contentUrl":"https:\/\/www.samenhaus.de\/gartenblog\/wp-content\/uploads\/2025\/03\/Baeume-kleine-Gaerten_125257165.jpg","width":1000,"height":563,"caption":"Baum pflanzen"},{"@type":"BreadcrumbList","@id":"https:\/\/www.samenhaus.de\/gartenblog\/diese-baeume-passen-auch-in-kleine-gaerten#breadcrumb","itemListElement":[{"@type":"ListItem","position":1,"name":"Startseite","item":"https:\/\/www.samenhaus.de\/gartenblog\/"},{"@type":"ListItem","position":2,"name":"Diese B\u00e4ume passen auch in kleine G\u00e4rten"}]},{"@type":"WebSite","@id":"https:\/\/www.samenhaus.de\/gartenblog\/#website","url":"https:\/\/www.samenhaus.de\/gartenblog\/","name":"Samenhaus Gartenblog","description":"","publisher":{"@id":"https:\/\/www.samenhaus.de\/gartenblog\/#organization"},"potentialAction":[{"@type":"SearchAction","target":{"@type":"EntryPoint","urlTemplate":"https:\/\/www.samenhaus.de\/gartenblog\/?s={search_term_string}"},"query-input":{"@type":"PropertyValueSpecification","valueRequired":true,"valueName":"search_term_string"}}],"inLanguage":"de"},{"@type":"Organization","@id":"https:\/\/www.samenhaus.de\/gartenblog\/#organization","name":"Samenhaus.de Gartenblog","url":"https:\/\/www.samenhaus.de\/gartenblog\/","logo":{"@type":"ImageObject","inLanguage":"de","@id":"https:\/\/www.samenhaus.de\/gartenblog\/#\/schema\/logo\/image\/","url":"https:\/\/www.samenhaus.de\/gartenblog\/wp-content\/uploads\/2020\/11\/logo.svg","contentUrl":"https:\/\/www.samenhaus.de\/gartenblog\/wp-content\/uploads\/2020\/11\/logo.svg","width":1,"height":1,"caption":"Samenhaus.de Gartenblog"},"image":{"@id":"https:\/\/www.samenhaus.de\/gartenblog\/#\/schema\/logo\/image\/"},"sameAs":["https:\/\/de-de.facebook.com\/samenhaus","https:\/\/x.com\/samenhaus"]},{"@type":"Person","@id":"https:\/\/www.samenhaus.de\/gartenblog\/#\/schema\/person\/de169769587431893823f62b2ce06c04","name":"Holger","image":{"@type":"ImageObject","inLanguage":"de","@id":"https:\/\/www.samenhaus.de\/gartenblog\/wp-content\/uploads\/2026\/03\/Holger-150x150.png","url":"https:\/\/www.samenhaus.de\/gartenblog\/wp-content\/uploads\/2026\/03\/Holger-150x150.png","contentUrl":"https:\/\/www.samenhaus.de\/gartenblog\/wp-content\/uploads\/2026\/03\/Holger-150x150.png","caption":"Holger"},"description":"6.000.000 W\u00f6rter \u2013 so viel k\u00f6nnen Sie in etwa von mir online lesen. Das F\u00fcllen des Internets entwickelte sich nach meiner Ausbildung zum TV-Redakteur und der langj\u00e4hrigen Arbeit bei SAT.1 zu einem Fulltime-Job. Trotzdem finde ich noch gen\u00fcgend Zeit, um in meinem Garten zu werkeln. Eine Staude hier, ein Bl\u00fcmchen dort und ein bisschen Gem\u00fcse darf auch nicht fehlen \u2013 einen Schnitzelbaum gibt es ja noch nicht \u2026 Die besten geistigen Erg\u00fcsse habe ich \u00fcbrigens, wenn ich IM Garten \u00dcBER den Garten schreiben kann. So vereinen sich Beruf und Hobby perfekt \u2013 was gibt es Sch\u00f6neres?","url":"https:\/\/www.samenhaus.de\/gartenblog\/author\/holger"}]}},"wp-worthy-pixel":{"ignored":false,"public":"7f9579cc282f4b1b86deb912055a9b7b","server":"vg07.met.vgwort.de","url":"https:\/\/vg07.met.vgwort.de\/na\/7f9579cc282f4b1b86deb912055a9b7b"},"wp-worthy-type":"normal","_links":{"self":[{"href":"https:\/\/www.samenhaus.de\/gartenblog\/wp-json\/wp\/v2\/posts\/18290","targetHints":{"allow":["GET"]}}],"collection":[{"href":"https:\/\/www.samenhaus.de\/gartenblog\/wp-json\/wp\/v2\/posts"}],"about":[{"href":"https:\/\/www.samenhaus.de\/gartenblog\/wp-json\/wp\/v2\/types\/post"}],"author":[{"embeddable":true,"href":"https:\/\/www.samenhaus.de\/gartenblog\/wp-json\/wp\/v2\/users\/13"}],"replies":[{"embeddable":true,"href":"https:\/\/www.samenhaus.de\/gartenblog\/wp-json\/wp\/v2\/comments?post=18290"}],"version-history":[{"count":6,"href":"https:\/\/www.samenhaus.de\/gartenblog\/wp-json\/wp\/v2\/posts\/18290\/revisions"}],"predecessor-version":[{"id":20859,"href":"https:\/\/www.samenhaus.de\/gartenblog\/wp-json\/wp\/v2\/posts\/18290\/revisions\/20859"}],"wp:featuredmedia":[{"embeddable":true,"href":"https:\/\/www.samenhaus.de\/gartenblog\/wp-json\/wp\/v2\/media\/20842"}],"wp:attachment":[{"href":"https:\/\/www.samenhaus.de\/gartenblog\/wp-json\/wp\/v2\/media?parent=18290"}],"wp:term":[{"taxonomy":"category","embeddable":true,"href":"https:\/\/www.samenhaus.de\/gartenblog\/wp-json\/wp\/v2\/categories?post=18290"},{"taxonomy":"post_tag","embeddable":true,"href":"https:\/\/www.samenhaus.de\/gartenblog\/wp-json\/wp\/v2\/tags?post=18290"},{"taxonomy":"hersteller","embeddable":true,"href":"https:\/\/www.samenhaus.de\/gartenblog\/wp-json\/wp\/v2\/hersteller?post=18290"}],"curies":[{"name":"wp","href":"https:\/\/api.w.org\/{rel}","templated":true}]}}