{"id":18308,"date":"2025-03-24T09:00:18","date_gmt":"2025-03-24T08:00:18","guid":{"rendered":"https:\/\/www.samenhaus.de\/gartenblog\/?p=18308"},"modified":"2025-03-21T09:38:23","modified_gmt":"2025-03-21T08:38:23","slug":"schmetterling-des-jahres-von-aurorafalter-bis-brauner-baer","status":"publish","type":"post","link":"https:\/\/www.samenhaus.de\/gartenblog\/schmetterling-des-jahres-von-aurorafalter-bis-brauner-baer","title":{"rendered":"Schmetterling des Jahres \u2013 von Aurorafalter bis Brauner B\u00e4r"},"content":{"rendered":"<p>Wussten Sie, dass es zahlreiche Wildpflanzen gibt, die nicht von allen Insekten best\u00e4ubt werden k\u00f6nnen? So haben viele Pflanzen tiefe Bl\u00fctenkelche, bei denen Bienen, Hummeln &amp; Co. keine Chance haben. Hier kommen die langen R\u00fcssel vieler Falter zum Einsatz, die als Best\u00e4uber ganze Arbeit leisten. Tagfalter laben sich daher gerne an Nelken, Ginster, Gew\u00f6hnlichem Hornklee oder auch an der Wiesenflockenblume. Nachtfalter bevorzugen Pflanzen wie die Zaunwinde, die Wei\u00dfe Lichtnelke und die Nachtkerze.<\/p>\n<h2><span class=\"ez-toc-section\" id=\"Schmetterlingspopulationen_gefaehrdet\"><\/span>Schmetterlingspopulationen gef\u00e4hrdet<span class=\"ez-toc-section-end\"><\/span><\/h2>\n<p><a href=\"https:\/\/www.samenhaus.de\/gartenblog\/wp-content\/uploads\/2025\/03\/Schmetterling-des-Jahres_159134059-scaled.jpeg\"><img loading=\"lazy\" decoding=\"async\" class=\"alignright wp-image-21038\" src=\"https:\/\/www.samenhaus.de\/gartenblog\/wp-content\/uploads\/2025\/03\/Schmetterling-des-Jahres_159134059-600x400.jpeg\" alt=\"Schmetterling auf Wiese\" width=\"300\" height=\"200\" srcset=\"https:\/\/www.samenhaus.de\/gartenblog\/wp-content\/uploads\/2025\/03\/Schmetterling-des-Jahres_159134059-600x400.jpeg 600w, https:\/\/www.samenhaus.de\/gartenblog\/wp-content\/uploads\/2025\/03\/Schmetterling-des-Jahres_159134059-1024x683.jpeg 1024w, https:\/\/www.samenhaus.de\/gartenblog\/wp-content\/uploads\/2025\/03\/Schmetterling-des-Jahres_159134059-768x512.jpeg 768w, https:\/\/www.samenhaus.de\/gartenblog\/wp-content\/uploads\/2025\/03\/Schmetterling-des-Jahres_159134059-1536x1024.jpeg 1536w, https:\/\/www.samenhaus.de\/gartenblog\/wp-content\/uploads\/2025\/03\/Schmetterling-des-Jahres_159134059-2048x1365.jpeg 2048w\" sizes=\"auto, (max-width: 300px) 100vw, 300px\" \/><\/a>Schon allein diese Tatsache zeigt, wie wichtig es ist, die Artenvielfalt zu erhalten. Leider gehen im Zuge des Insektensterbens auch die Populationen von Schmetterlingen immer weiter zur\u00fcck. Auf der deutschen Roten Liste stehen aktuell rund 190 Schmetterlingsarten, die gef\u00e4hrdet oder sogar bereits vom Aussterben bedroht sind. Gerade einmal 30 Prozent sind aktuell ungef\u00e4hrdet. Um auf diese Missst\u00e4nde aufmerksam zu machen und die Menschen f\u00fcr dieses wichtige Thema zu sensibilisieren, wird seit 2003 j\u00e4hrlich der Schmetterling des Jahres gew\u00e4hlt. Initiatoren sind der Bund f\u00fcr Umwelt und Naturschutz (BUND) und die BUND NRW Naturschutzstiftung.<\/p>\n<h2><span class=\"ez-toc-section\" id=\"Schmetterlingssterben_%E2%80%93_weitreichende_Folgen\"><\/span>Schmetterlingssterben \u2013 weitreichende Folgen<span class=\"ez-toc-section-end\"><\/span><\/h2>\n<p>Das Aussterben von Schmetterlingen h\u00e4tte weitreichende und tiefgreifende Folgen f\u00fcr das \u00d6kosystem und f\u00fcr uns Menschen.<\/p>\n<ul>\n<li><strong>Best\u00e4ubung von Pflanzen<\/strong>: Schmetterlinge sind wichtige Best\u00e4uber. Viele Pflanzenarten sind auf Schmetterlinge angewiesen, um Pollen von einer Bl\u00fcte zur anderen zu transportieren. Das Aussterben von Schmetterlingen w\u00fcrde die Best\u00e4ubung dieser Pflanzen beeintr\u00e4chtigen. Die Folgen w\u00e4ren eine Reduzierung der Pflanzenvielfalt und der Pflanzenproduktion.<\/li>\n<\/ul>\n<ul>\n<li><strong>Nahrungskette<\/strong>: Schmetterlinge und ihre Raupen sind wichtige Nahrungsquellen f\u00fcr viele Tiere, wie f\u00fcr V\u00f6gel, Flederm\u00e4use und andere Insektenfresser. Ein R\u00fcckgang der Schmetterlingspopulation w\u00fcrde zu einem Ungleichgewicht in der Nahrungskette f\u00fchren.<\/li>\n<\/ul>\n<ul>\n<li><strong>\u00d6kologische Indikatoren<\/strong>: Schmetterlinge sind Indikatoren f\u00fcr die Gesundheit von \u00d6kosystemen. Ihr Verschwinden w\u00fcrde Verlust von Lebensr\u00e4umen bedeuten, aber auch auf Klimawandel und Umweltverschmutzung hindeuten. Ohne Schmetterlinge k\u00f6nnte der Zustand von \u00d6kosystemen kaum noch \u00fcberwacht werden.<\/li>\n<\/ul>\n<ul>\n<li><strong>Biodiversit\u00e4t<\/strong>: Schmetterlinge tragen zur genetischen Vielfalt von Pflanzen bei, indem sie die Fortpflanzung \u00fcber weite Entfernungen unterst\u00fctzen. Diese Vielfalt w\u00e4re beim Verlust von Schmetterlingen in Gefahr. Hinzu kommt, dass Pflanzen anf\u00e4lliger f\u00fcr Krankheiten und Umweltver\u00e4nderungen w\u00e4ren.<\/li>\n<\/ul>\n<ul>\n<li><strong>Wirtschaftliche Auswirkungen<\/strong>: Viele Pflanzen, die von Schmetterlingen best\u00e4ubt werden, haben wirtschaftlichen Wert, sei es in der Landwirtschaft, Gartenbau oder Medizin. Das Aussterben von Schmetterlingen w\u00fcrde deutliche wirtschaftliche Verluste verursachen.<\/li>\n<\/ul>\n<h2><span class=\"ez-toc-section\" id=\"Die_Schmetterlinge_des_Jahres\"><\/span>Die Schmetterlinge des Jahres<span class=\"ez-toc-section-end\"><\/span><\/h2>\n<p>Wir m\u00f6chten Ihnen nun die Preistr\u00e4ger des Titels &#8222;Schmetterling des Jahres&#8220; Jahr f\u00fcr Jahr vorstellen. Darunter sind einige bekannte Schmetterlinge und viele, die man in der Natur leider nur noch selten erblickt.<\/p>\n<table>\n<tbody>\n<tr>\n<td style=\"width: 150px;\"><a href=\"https:\/\/www.samenhaus.de\/gartenblog\/wp-content\/uploads\/2025\/03\/Schmetterling-des-Jahres_468427059-scaled.jpeg\"><img loading=\"lazy\" decoding=\"async\" class=\"alignleft wp-image-21047 size-thumbnail\" src=\"https:\/\/www.samenhaus.de\/gartenblog\/wp-content\/uploads\/2025\/03\/Schmetterling-des-Jahres_468427059-150x150.jpeg\" alt=\"Mosel-Apollofalter\" width=\"150\" height=\"150\" srcset=\"https:\/\/www.samenhaus.de\/gartenblog\/wp-content\/uploads\/2025\/03\/Schmetterling-des-Jahres_468427059-150x150.jpeg 150w, https:\/\/www.samenhaus.de\/gartenblog\/wp-content\/uploads\/2025\/03\/Schmetterling-des-Jahres_468427059-80x80.jpeg 80w\" sizes=\"auto, (max-width: 150px) 100vw, 150px\" \/><\/a><\/td>\n<td style=\"padding-left: 15px; vertical-align: top;\"><strong>2024: Mosel-Apollofalter<\/strong><\/p>\n<p><strong>Wissenschaftlicher Name:<\/strong> <em>Parnassius apollo ssp. vinningensis<\/em><br \/>\n<strong>Familie:<\/strong> Ritterfalter<br \/>\n<strong>Lebenserwartung:<\/strong> 2 bis 3 Wochen<br \/>\n<strong>Aussehen:<\/strong> wei\u00dfe Grundierung mit schwarzen Flecken auf den Vorderfl\u00fcgeln und vier markanten roten Flecken auf den Hinterfl\u00fcgeln<br \/>\n<strong>Fl\u00fcgelspannweite:<\/strong> 65 bis 75 Millimeter<br \/>\n<strong>Vorkommen:<\/strong> ausschlie\u00dflich in Deutschland<br \/>\n<strong>Verbreitung in Deutschland:<\/strong> kommt nur im Moseltal vor<br \/>\n<strong>Nahrung der Raupen:<\/strong> Wei\u00dfer Mauerpfeffer (Wei\u00dfe Fetthenne)<br \/>\n<strong>Nahrung der Schmetterlinge:<\/strong> Disteln, Flockenblumen, Witwenblumen, Thymian<br \/>\n<strong>Besonderheiten:<\/strong> Der Mosel-Apollofalter ist aufgrund seiner gro\u00dfen Fl\u00fcgelspannweite einer der gr\u00f6\u00dften Tagfalter in Deutschland. Als Unterart der Apollofalter lebt der Mosel-Apollo ausschlie\u00dflich im Weinbaugebiet an der Untermosel. Er wurde nach dem Weinort Winningen benannt. In seinem Bestand ist er stark gef\u00e4hrdet.<\/td>\n<\/tr>\n<\/tbody>\n<\/table>\n<table>\n<tbody>\n<tr>\n<td style=\"width: 150px;\"><a href=\"https:\/\/www.samenhaus.de\/gartenblog\/wp-content\/uploads\/2025\/03\/Schmetterling-des-Jahres_216133346-scaled.jpeg\"><img loading=\"lazy\" decoding=\"async\" class=\"alignleft wp-image-21039 size-thumbnail\" src=\"https:\/\/www.samenhaus.de\/gartenblog\/wp-content\/uploads\/2025\/03\/Schmetterling-des-Jahres_216133346-150x150.jpeg\" alt=\"Ampfer-Gr\u00fcnwidderchen\" width=\"150\" height=\"150\" srcset=\"https:\/\/www.samenhaus.de\/gartenblog\/wp-content\/uploads\/2025\/03\/Schmetterling-des-Jahres_216133346-150x150.jpeg 150w, https:\/\/www.samenhaus.de\/gartenblog\/wp-content\/uploads\/2025\/03\/Schmetterling-des-Jahres_216133346-80x80.jpeg 80w\" sizes=\"auto, (max-width: 150px) 100vw, 150px\" \/><\/a><\/td>\n<td style=\"padding-left: 15px; vertical-align: top;\"><strong>2023: Ampfer-Gr\u00fcnwidderchen<\/strong><strong>Wissenschaftlicher <\/strong><\/p>\n<p><strong>Name:<\/strong> <em>Adscita statices<\/em><br \/>\n<strong>Familie:<\/strong> Widderchen<br \/>\n<strong>Lebenserwartung:<\/strong> 2 bis 3 Wochen<br \/>\n<strong>Aussehen:<\/strong> metallisch gr\u00fcn bis blaugr\u00fcn schimmernde Fl\u00fcgel<br \/>\n<strong>Fl\u00fcgelspannweite:<\/strong> 25 bis 30 Millimeter<br \/>\n<strong>Vorkommen:<\/strong> Europa, Zentralasien, Nordafrika<br \/>\n<strong>Verbreitung in Deutschland:<\/strong> \u00fcberall in Deutschland, bevorzugt Feuchtwiesen, Heiden, grasbewachsene H\u00e4nge, Gebirge bis zu einer H\u00f6he von 1.500 Metern<br \/>\n<strong>Nahrung der Raupen:<\/strong> Ampfer<br \/>\n<strong>Nahrung der Schmetterlinge:<\/strong> Disteln, Acker-Witwenblumen, Kuckucks-Lichtnelken, Wiesen-Flockenblumen<br \/>\n<strong>Besonderheiten:<\/strong> Die schillernde Farbe des Ampfer-Gr\u00fcnwidderchens kommt von mikroskopisch kleinen Strukturen, die das Licht reflektieren. Alternative Namen sind Sauerampfer-Gr\u00fcnwidderchen oder Gemeines Gr\u00fcnwidderchen. Der Schmetterling ist auf der Vorwarnliste verzeichnet.<\/td>\n<\/tr>\n<\/tbody>\n<\/table>\n<table>\n<tbody>\n<tr>\n<td style=\"width: 150px;\"><a href=\"https:\/\/www.samenhaus.de\/gartenblog\/wp-content\/uploads\/2025\/03\/Schmetterling-des-Jahres_24825456-scaled.jpeg\"><img loading=\"lazy\" decoding=\"async\" class=\"alignleft wp-image-21035 size-thumbnail\" src=\"https:\/\/www.samenhaus.de\/gartenblog\/wp-content\/uploads\/2025\/03\/Schmetterling-des-Jahres_24825456-150x150.jpeg\" alt=\"Kaisermantel\" width=\"150\" height=\"150\" srcset=\"https:\/\/www.samenhaus.de\/gartenblog\/wp-content\/uploads\/2025\/03\/Schmetterling-des-Jahres_24825456-150x150.jpeg 150w, https:\/\/www.samenhaus.de\/gartenblog\/wp-content\/uploads\/2025\/03\/Schmetterling-des-Jahres_24825456-80x80.jpeg 80w\" sizes=\"auto, (max-width: 150px) 100vw, 150px\" \/><\/a><\/td>\n<td style=\"padding-left: 15px; vertical-align: top;\"><strong>2022: Kaisermantel<\/strong><strong>Wissenschaftlicher <\/strong><\/p>\n<p><strong>Name:<\/strong> <em>Argynnis paphia<\/em><br \/>\n<strong>Familie:<\/strong> Edelfalter<br \/>\n<strong>Lebenserwartung:<\/strong> 3 bis 7 Wochen<br \/>\n<strong>Aussehen:<\/strong> leuchtend orange Fl\u00fcgel mit schwarzen Flecken und Streifen, Unterseite gr\u00fcnlich-braun mit silbrig schimmernden Binden<br \/>\n<strong>Fl\u00fcgelspannweite:<\/strong> 54 bis 79 Millimeter<br \/>\n<strong>Vorkommen:<\/strong> Europa, Asien, Nordafrika<br \/>\n<strong>Verbreitung in Deutschland:<\/strong> \u00fcberall in Deutschland, bevorzugt W\u00e4lder, Waldlichtungen, Waldr\u00e4nder<br \/>\n<strong>Nahrung der Raupen:<\/strong> Veilchen<br \/>\n<strong>Nahrung der Schmetterlinge:<\/strong> Disteln, Brombeeren, Skabiosen<br \/>\n<strong>Besonderheiten:<\/strong> Der Kaisermantel ist ein ausgezeichneter und sehr schneller Flieger. Zum Anlocken der Weibchen besitzen M\u00e4nnchen Duftschuppen, sogenannte Androkonien, an den Vorderfl\u00fcgeln. Ein alternativer Name ist Silberstich. Der Schmetterling ist nicht gef\u00e4hrdet.<\/td>\n<\/tr>\n<\/tbody>\n<\/table>\n<table>\n<tbody>\n<tr>\n<td style=\"width: 150px;\"><a href=\"https:\/\/www.samenhaus.de\/gartenblog\/wp-content\/uploads\/2025\/03\/Schmetterling-des-Jahres_298710191-scaled.jpeg\"><img loading=\"lazy\" decoding=\"async\" class=\"alignleft wp-image-21043 size-thumbnail\" src=\"https:\/\/www.samenhaus.de\/gartenblog\/wp-content\/uploads\/2025\/03\/Schmetterling-des-Jahres_298710191-150x150.jpeg\" alt=\"Brauner B\u00e4r\" width=\"150\" height=\"150\" srcset=\"https:\/\/www.samenhaus.de\/gartenblog\/wp-content\/uploads\/2025\/03\/Schmetterling-des-Jahres_298710191-150x150.jpeg 150w, https:\/\/www.samenhaus.de\/gartenblog\/wp-content\/uploads\/2025\/03\/Schmetterling-des-Jahres_298710191-80x80.jpeg 80w\" sizes=\"auto, (max-width: 150px) 100vw, 150px\" \/><\/a><\/td>\n<td style=\"padding-left: 15px; vertical-align: top;\"><strong>2021: Brauner B\u00e4r<\/strong><\/p>\n<p><strong>Wissenschaftlicher <\/strong><strong>Name:<\/strong> <em>Arctia caja<\/em><br \/>\n<strong>Familie:<\/strong> B\u00e4renspinner<br \/>\n<strong>Lebenserwartung:<\/strong> 4 bis 8 Wochen<br \/>\n<strong>Aussehen:<\/strong> braune Vorderfl\u00fcgel mit wei\u00dfen B\u00e4ndern und Flecken, orangefarbene bis r\u00f6tliche Hinterfl\u00fcgel mit schwarzen Flecken<br \/>\n<strong>Fl\u00fcgelspannweite:<\/strong> 45 bis 65 Millimeter<br \/>\n<strong>Vorkommen:<\/strong> Europa, Asien, Nordamerika<br \/>\n<strong>Verbreitung in Deutschland:<\/strong> \u00fcberall in Deutschland, bevorzugt G\u00e4rten, W\u00e4lder, Wiesen und Heiden<br \/>\n<strong>Nahrung der Raupen:<\/strong> Brennnesseln, Himbeeren, Weidenr\u00f6schen, L\u00f6wenzahn, Gr\u00e4ser<br \/>\n<strong>Nahrung der Schmetterlinge:<\/strong> Disteln, Schafgarbe, Schmetteringsflieder, Wasserdost, Wilde M\u00f6hre<br \/>\n<strong>Besonderheiten:<\/strong> Die Raupen des Braunen B\u00e4rs sind dicht behaart, weswegen diese auch als &#8222;Wollb\u00e4rchen&#8220; bezeichnet werden. Der adulte Schmetterling kann bei Bedrohung ein klickendes Ger\u00e4usch erzeugen, um Feinde abzuschrecken. Der Braune B\u00e4r ist ungef\u00e4hrdet.<\/td>\n<\/tr>\n<\/tbody>\n<\/table>\n<table>\n<tbody>\n<tr>\n<td style=\"width: 150px;\"><a href=\"https:\/\/www.samenhaus.de\/gartenblog\/wp-content\/uploads\/2025\/03\/Schmetterling-des-Jahres_301242521-scaled.jpeg\"><img loading=\"lazy\" decoding=\"async\" class=\"alignleft wp-image-21044 size-thumbnail\" src=\"https:\/\/www.samenhaus.de\/gartenblog\/wp-content\/uploads\/2025\/03\/Schmetterling-des-Jahres_301242521-150x150.jpeg\" alt=\"Gr\u00fcner Zipfelfalter\" width=\"150\" height=\"150\" srcset=\"https:\/\/www.samenhaus.de\/gartenblog\/wp-content\/uploads\/2025\/03\/Schmetterling-des-Jahres_301242521-150x150.jpeg 150w, https:\/\/www.samenhaus.de\/gartenblog\/wp-content\/uploads\/2025\/03\/Schmetterling-des-Jahres_301242521-80x80.jpeg 80w\" sizes=\"auto, (max-width: 150px) 100vw, 150px\" \/><\/a><\/td>\n<td style=\"padding-left: 15px; vertical-align: top;\"><strong>2020: Gr\u00fcner Zipfelfalter<\/strong><\/p>\n<p><strong>Wissenschaftlicher Name:<\/strong> <em>Callophrys rubi<\/em><br \/>\n<strong>Familie:<\/strong> Bl\u00e4ulinge<br \/>\n<strong>Lebenserwartung:<\/strong> 2 bis 5 Wochen<br \/>\n<strong>Aussehen:<\/strong> gr\u00fcne Fl\u00fcgel mit wei\u00dfen d\u00fcnnen Linien, Unterseiten der Fl\u00fcgel sind leuchtender als die Oberseiten<br \/>\n<strong>Fl\u00fcgelspannweite:<\/strong> 24 bis 30 Millimeter<br \/>\n<strong>Vorkommen:<\/strong> Europa, Asien, Nordafrika<br \/>\n<strong>Verbreitung in Deutschland:<\/strong> \u00fcberall in Deutschland, bevorzugt Heiden, Waldr\u00e4nder, Moorlandschaften, G\u00e4rten, Trockenrasen<br \/>\n<strong>Nahrung der Raupen:<\/strong> Ginster, Heidelbeeren, Himbeeren, Erdbeeren, Waldgei\u00dfblatt<br \/>\n<strong>Nahrung der Schmetterlinge:<\/strong> Hahnenfu\u00df, Glockenblumen, Wiesen-Schaumkraut<br \/>\n<strong>Besonderheiten:<\/strong> Der Gr\u00fcne Zipfelfalter kann sich aufgrund seiner F\u00e4rbung gut tarnen und ist mit zusammengeklappten Fl\u00fcgeln auf Pflanzen kaum wahrnehmbar. Er fliegt meist nur nahe am Boden und ist daher schlecht auszumachen. Ein alternativer Name ist Brombeer-Zipfelfalter. Der Schmetterling befindet sich auf der Vorwarnliste.<\/td>\n<\/tr>\n<\/tbody>\n<\/table>\n<table>\n<tbody>\n<tr>\n<td style=\"width: 150px;\"><a href=\"https:\/\/www.samenhaus.de\/gartenblog\/wp-content\/uploads\/2025\/03\/Schmetterling-des-Jahres_228148393-scaled.jpeg\"><img loading=\"lazy\" decoding=\"async\" class=\"alignleft wp-image-21040 size-thumbnail\" src=\"https:\/\/www.samenhaus.de\/gartenblog\/wp-content\/uploads\/2025\/03\/Schmetterling-des-Jahres_228148393-150x150.jpeg\" alt=\"Schachbrettfalter\" width=\"150\" height=\"150\" srcset=\"https:\/\/www.samenhaus.de\/gartenblog\/wp-content\/uploads\/2025\/03\/Schmetterling-des-Jahres_228148393-150x150.jpeg 150w, https:\/\/www.samenhaus.de\/gartenblog\/wp-content\/uploads\/2025\/03\/Schmetterling-des-Jahres_228148393-80x80.jpeg 80w\" sizes=\"auto, (max-width: 150px) 100vw, 150px\" \/><\/a><\/td>\n<td style=\"padding-left: 15px; vertical-align: top;\"><strong>2019: Schachbrettfalter<\/strong><\/p>\n<p><strong>Wissenschaftlicher Name:<\/strong> <em>Melanargia galathea<\/em><br \/>\n<strong>Familie:<\/strong> Edelfalter<br \/>\n<strong>Lebenserwartung:<\/strong> 2 bis 5 Wochen<br \/>\n<strong>Aussehen:<\/strong> schwarz-wei\u00dfe Fl\u00fcgelzeichnung \u00fcber Vorder- und Hinterfl\u00fcgel<br \/>\n<strong>Fl\u00fcgelspannweite:<\/strong> 40 bis 50 Millimeter<br \/>\n<strong>Vorkommen:<\/strong> Europa, Asien<br \/>\n<strong>Verbreitung in Deutschland:<\/strong> \u00fcberall in Deutschland, bevorzugt offene, bl\u00fctenreiche Lebensr\u00e4ume, Wiesen, Lichtungen, Wegr\u00e4nder, grasige H\u00e4nge<br \/>\n<strong>Nahrung der Raupen:<\/strong> S\u00fc\u00dfgr\u00e4ser<br \/>\n<strong>Nahrung der Schmetterlinge:<\/strong> Disteln, Skabiosen, Flockenblumen, Witwenblumen<br \/>\n<strong>Besonderheiten:<\/strong> Fliegt meist in sehr niedriger H\u00f6he \u00fcber Wiesen und Weiden. Hat eine besondere Vorliebe f\u00fcr bl\u00fctenreiche Wiesen. Ein alternativer Name ist Damenbrett. Der Schmetterling ist ungef\u00e4hrdet.<\/td>\n<\/tr>\n<\/tbody>\n<\/table>\n<table>\n<tbody>\n<tr>\n<td style=\"width: 150px;\"><a href=\"https:\/\/www.samenhaus.de\/gartenblog\/wp-content\/uploads\/2025\/03\/Schmetterling-des-Jahres_265986047-scaled.jpeg\"><img loading=\"lazy\" decoding=\"async\" class=\"alignleft wp-image-21042 size-thumbnail\" src=\"https:\/\/www.samenhaus.de\/gartenblog\/wp-content\/uploads\/2025\/03\/Schmetterling-des-Jahres_265986047-150x150.jpeg\" alt=\"Gro\u00dfer Fuchs\" width=\"150\" height=\"150\" srcset=\"https:\/\/www.samenhaus.de\/gartenblog\/wp-content\/uploads\/2025\/03\/Schmetterling-des-Jahres_265986047-150x150.jpeg 150w, https:\/\/www.samenhaus.de\/gartenblog\/wp-content\/uploads\/2025\/03\/Schmetterling-des-Jahres_265986047-80x80.jpeg 80w\" sizes=\"auto, (max-width: 150px) 100vw, 150px\" \/><\/a><\/td>\n<td style=\"padding-left: 15px; vertical-align: top;\"><strong>2018: Gro\u00dfer Fuchs<\/strong><\/p>\n<p><strong>Wissenschaftlicher Name:<\/strong> <em>Nymphalis polychloros<\/em><br \/>\n<strong>Familie:<\/strong> Edelfalter<br \/>\n<strong>Lebenserwartung:<\/strong> 4 bis 12 Wochen<br \/>\n<strong>Aussehen:<\/strong> orange bis rotbraune Grundfarbe mit schwarzen Flecken und Streifen<br \/>\n<strong>Fl\u00fcgelspannweite:<\/strong> 50 bis 60 Millimeter<br \/>\n<strong>Vorkommen:<\/strong> Europa, Zentralasien<br \/>\n<strong>Verbreitung in Deutschland:<\/strong> \u00fcberall in Deutschland, bevorzugt W\u00e4lder, Parks, G\u00e4rten, landwirtschaftlich genutzte Fl\u00e4chen<br \/>\n<strong>Nahrung der Raupen:<\/strong> Buchen, Erlen, Birken, Weiden, Haselnuss<br \/>\n<strong>Nahrung der Schmetterlinge:<\/strong> Disteln, Flockenblumen, Brombeeren, Dost<br \/>\n<strong>Besonderheiten:<\/strong> Der Gro\u00dfe Fuchs kann vor allem im Herbst l\u00e4ngere Fl\u00fcge unternehmen. Dann ist er auf der Suche nach einem Winterquartier, denn der Schmetterling kann in Baumst\u00e4mmen oder Geb\u00e4uden \u00fcberwintern. Der Gro\u00dfe Fuchs wurde auf der Vorwarnliste vermerkt.<\/td>\n<\/tr>\n<\/tbody>\n<\/table>\n<table>\n<tbody>\n<tr>\n<td style=\"width: 150px;\"><a href=\"https:\/\/www.samenhaus.de\/gartenblog\/wp-content\/uploads\/2025\/03\/Schmetterling-des-Jahres_248057789-scaled.jpeg\"><img loading=\"lazy\" decoding=\"async\" class=\"alignleft wp-image-21041 size-thumbnail\" src=\"https:\/\/www.samenhaus.de\/gartenblog\/wp-content\/uploads\/2025\/03\/Schmetterling-des-Jahres_248057789-150x150.jpeg\" alt=\"Goldene Acht\" width=\"150\" height=\"150\" srcset=\"https:\/\/www.samenhaus.de\/gartenblog\/wp-content\/uploads\/2025\/03\/Schmetterling-des-Jahres_248057789-150x150.jpeg 150w, https:\/\/www.samenhaus.de\/gartenblog\/wp-content\/uploads\/2025\/03\/Schmetterling-des-Jahres_248057789-80x80.jpeg 80w\" sizes=\"auto, (max-width: 150px) 100vw, 150px\" \/><\/a><\/td>\n<td style=\"padding-left: 15px; vertical-align: top;\"><strong>2017: Goldene Acht<\/strong><\/p>\n<p><strong>Wissenschaftlicher Name:<\/strong> <em>Colias hyale<\/em><br \/>\n<strong>Familie:<\/strong> Wei\u00dflinge<br \/>\n<strong>Lebenserwartung:<\/strong> 3 bis 8 Wochen<br \/>\n<strong>Aussehen:<\/strong> leuchtend gelbe Grundfarbe mit schwarzen R\u00e4ndern an den Fl\u00fcgeln<br \/>\n<strong>Fl\u00fcgelspannweite:<\/strong> 45 bis 55 Millimeter<br \/>\n<strong>Vorkommen:<\/strong> Europa, Zentralasien, Sibirien<br \/>\n<strong>Verbreitung in Deutschland:<\/strong> \u00fcberall in Deutschland, bevorzugt Wiesen, Weiden, Trockenrasen, G\u00e4rten<br \/>\n<strong>Nahrung der Raupen:<\/strong> Klee<br \/>\n<strong>Nahrung der Schmetterlinge:<\/strong> Disteln, Labkr\u00e4uter, Glockenblumen, Wiesen-Schaumkraut<br \/>\n<strong>Besonderheiten:<\/strong> Die Goldene Acht geh\u00f6rt zu den Wanderfaltern. Sie legt bei saisonalen Wanderungen weite Strecken zur\u00fcck, um sich auf die Suche nach geeigneten Nahrungsquellen und Lebensr\u00e4umen zu begeben. Der Schmetterling kann ultraviolettes Licht wahrnehmen. Alternative Namen sind Posth\u00f6rnchen, Wei\u00dfklee-Gelbling, Gemeiner Gelbling, Gelber oder Gemeiner Heufalter. In seinem Bestand ist er ungef\u00e4hrdet.<\/td>\n<\/tr>\n<\/tbody>\n<\/table>\n<table>\n<tbody>\n<tr>\n<td style=\"width: 150px;\"><a href=\"https:\/\/www.samenhaus.de\/gartenblog\/wp-content\/uploads\/2025\/03\/Schmetterling-des-Jahres_94595936-scaled.jpeg\"><img loading=\"lazy\" decoding=\"async\" class=\"alignleft wp-image-21036 size-thumbnail\" src=\"https:\/\/www.samenhaus.de\/gartenblog\/wp-content\/uploads\/2025\/03\/Schmetterling-des-Jahres_94595936-150x150.jpeg\" alt=\"Stachelbeerspanner\" width=\"150\" height=\"150\" srcset=\"https:\/\/www.samenhaus.de\/gartenblog\/wp-content\/uploads\/2025\/03\/Schmetterling-des-Jahres_94595936-150x150.jpeg 150w, https:\/\/www.samenhaus.de\/gartenblog\/wp-content\/uploads\/2025\/03\/Schmetterling-des-Jahres_94595936-80x80.jpeg 80w\" sizes=\"auto, (max-width: 150px) 100vw, 150px\" \/><\/a><\/td>\n<td style=\"padding-left: 15px; vertical-align: top;\"><strong>2016: Stachelbeerspanner<\/strong><\/p>\n<p><strong>Wissenschaftlicher Name:<\/strong> <em>Abraxas grossulariata<\/em><br \/>\n<strong>Familie:<\/strong> Spanner<br \/>\n<strong>Lebenserwartung:<\/strong> 4 bis 8 Wochen<br \/>\n<strong>Aussehen:<\/strong> wei\u00dfe Vorderfl\u00fcgel mit schwarzen Flecken und Streifen, Hinterfl\u00fcgel wei\u00df bis hellgrau, auch eine br\u00e4unliche F\u00e4rbung ist m\u00f6glich<br \/>\n<strong>Fl\u00fcgelspannweite:<\/strong> 30 bis 40 Millimeter<br \/>\n<strong>Vorkommen:<\/strong> Europa, Asien<br \/>\n<strong>Verbreitung in Deutschland:<\/strong> \u00fcberall in Deutschland, bevorzugt G\u00e4rten, Parks, W\u00e4lder, buschige Gebiete<br \/>\n<strong>Nahrung der Raupen:<\/strong> Johannisbeer- und Stachelbeerstr\u00e4ucher<br \/>\n<strong>Nahrung der Schmetterlinge:<\/strong> Disteln, Klee, Brennnesseln<br \/>\n<strong>Besonderheiten:<\/strong> Wenn der Stachelbeerspanner ruht, dann faltet er seine Fl\u00fcgel dachf\u00f6rmig \u00fcber dem Kopf zusammen. Neben der Tagflugaktivit\u00e4t ist der Schmetterling auch in der D\u00e4mmerung oft unterwegs. Ein alternativer Name ist Stachelbeer-Harlekin. Auf der Roten Liste ist er als gef\u00e4hrdet eingestuft.<\/td>\n<\/tr>\n<\/tbody>\n<\/table>\n<table>\n<tbody>\n<tr>\n<td style=\"width: 150px;\"><a href=\"https:\/\/www.samenhaus.de\/gartenblog\/wp-content\/uploads\/2025\/03\/Schmetterling-des-Jahres_661795154-scaled.jpeg\"><img loading=\"lazy\" decoding=\"async\" class=\"alignleft wp-image-21052 size-thumbnail\" src=\"https:\/\/www.samenhaus.de\/gartenblog\/wp-content\/uploads\/2025\/03\/Schmetterling-des-Jahres_661795154-150x150.jpeg\" alt=\"Rotes Ordensband\" width=\"150\" height=\"150\" srcset=\"https:\/\/www.samenhaus.de\/gartenblog\/wp-content\/uploads\/2025\/03\/Schmetterling-des-Jahres_661795154-150x150.jpeg 150w, https:\/\/www.samenhaus.de\/gartenblog\/wp-content\/uploads\/2025\/03\/Schmetterling-des-Jahres_661795154-80x80.jpeg 80w\" sizes=\"auto, (max-width: 150px) 100vw, 150px\" \/><\/a><\/td>\n<td style=\"padding-left: 15px; vertical-align: top;\"><strong>2015: Rotes Ordensband<\/strong><\/p>\n<p><strong>Wissenschaftlicher Name:<\/strong> <em>Catocala nupta<\/em><br \/>\n<strong>Familie:<\/strong> Spinner<br \/>\n<strong>Lebenserwartung:<\/strong> 2 bis 4 Wochen<br \/>\n<strong>Aussehen:<\/strong> grau-braune Vorderfl\u00fcgel mit dunklen, wellenf\u00f6rmigen Linien und Flecken, Hinterfl\u00fcgel abwechselnd rot und schwarz gezeichnet mit einem wei\u00dfen Abschluss<br \/>\n<strong>Fl\u00fcgelspannweite:<\/strong> 50 bis 70 Millimeter<br \/>\n<strong>Vorkommen:<\/strong> Europa, Zentralasien, Sibirien, Nordafrika<br \/>\n<strong>Verbreitung in Deutschland:<\/strong> \u00fcberall in Deutschland, bevorzugt Laub- und Mischw\u00e4lder<br \/>\n<strong>Nahrung der Raupen:<\/strong> Eichen, Birken, Weiden, Pappeln<br \/>\n<strong>Nahrung der Schmetterlinge:<\/strong> Disteln, Brennnesseln, Klee<br \/>\n<strong>Besonderheiten:<\/strong> Tags\u00fcber ruhen die Schmetterlinge auf B\u00e4umen und Str\u00e4uchern und werden erst in der D\u00e4mmerung und nachts aktiv, weswegen sie zu den Nachtfaltern geh\u00f6ren. Das Rote Ordensband ist ungef\u00e4hrdet.<\/td>\n<\/tr>\n<\/tbody>\n<\/table>\n<table>\n<tbody>\n<tr>\n<td style=\"width: 150px;\"><a href=\"https:\/\/www.samenhaus.de\/gartenblog\/wp-content\/uploads\/2025\/03\/Schmetterling-des-Jahres_106304948-scaled.jpeg\"><img loading=\"lazy\" decoding=\"async\" class=\"alignleft wp-image-21037 size-thumbnail\" src=\"https:\/\/www.samenhaus.de\/gartenblog\/wp-content\/uploads\/2025\/03\/Schmetterling-des-Jahres_106304948-150x150.jpeg\" alt=\"Wolfsmilchschw\u00e4rmer\" width=\"150\" height=\"150\" srcset=\"https:\/\/www.samenhaus.de\/gartenblog\/wp-content\/uploads\/2025\/03\/Schmetterling-des-Jahres_106304948-150x150.jpeg 150w, https:\/\/www.samenhaus.de\/gartenblog\/wp-content\/uploads\/2025\/03\/Schmetterling-des-Jahres_106304948-80x80.jpeg 80w\" sizes=\"auto, (max-width: 150px) 100vw, 150px\" \/><\/a><\/td>\n<td style=\"padding-left: 15px; vertical-align: top;\"><strong>2014: Wolfsmilchschw\u00e4rmer<\/strong><\/p>\n<p><strong>Wissenschaftlicher Name:<\/strong> <em>Hyles euphorbiae<\/em><br \/>\n<strong>Familie:<\/strong> Schw\u00e4rmer<br \/>\n<strong>Lebenserwartung:<\/strong> 3 bis 8 Wochen<br \/>\n<strong>Aussehen:<\/strong> olivgr\u00fcne Fl\u00fcgel mit unterschiedlichen Farbabstufungen und Flecken, die mit schwarzen Linien abgegrenzt sind<br \/>\n<strong>Fl\u00fcgelspannweite:<\/strong> 60 bis 80 Millimeter<br \/>\n<strong>Vorkommen:<\/strong> Europa, Asien, Nordafrika, Nordamerika<br \/>\n<strong>Verbreitung in Deutschland:<\/strong> S\u00fcddeutschland, Westdeutschland, bevorzugt Trockenrasen, Ruderalfl\u00e4chen, G\u00e4rten, Wegr\u00e4nder<br \/>\n<strong>Nahrung der Raupen:<\/strong> Wolfsmilchgew\u00e4chse<br \/>\n<strong>Nahrung der Schmetterlinge:<\/strong> Disteln, Flockenblumen, Dost, Schmetterlingsflieder<br \/>\n<strong>Besonderheiten:<\/strong> Wolfsmilchschw\u00e4rmer geh\u00f6ren zu den Nachtfaltern, sie fliegen allerdings nur etwa bis Mitternacht. Tags\u00fcber sitzen sie an W\u00e4nden, auf Steinen oder direkt auf dem Boden. Auf der Roten Liste wird er als gef\u00e4hrdet eingestuft.<\/td>\n<\/tr>\n<\/tbody>\n<\/table>\n<table>\n<tbody>\n<tr>\n<td style=\"width: 150px;\"><a href=\"https:\/\/www.samenhaus.de\/gartenblog\/wp-content\/uploads\/2025\/03\/Schmetterling-des-Jahres_534424314-scaled.jpeg\"><img loading=\"lazy\" decoding=\"async\" class=\"alignleft wp-image-21050 size-thumbnail\" src=\"https:\/\/www.samenhaus.de\/gartenblog\/wp-content\/uploads\/2025\/03\/Schmetterling-des-Jahres_534424314-150x150.jpeg\" alt=\"Braunfleckiger Perlmuttfalter\" width=\"150\" height=\"150\" srcset=\"https:\/\/www.samenhaus.de\/gartenblog\/wp-content\/uploads\/2025\/03\/Schmetterling-des-Jahres_534424314-150x150.jpeg 150w, https:\/\/www.samenhaus.de\/gartenblog\/wp-content\/uploads\/2025\/03\/Schmetterling-des-Jahres_534424314-80x80.jpeg 80w\" sizes=\"auto, (max-width: 150px) 100vw, 150px\" \/><\/a><\/td>\n<td style=\"padding-left: 15px; vertical-align: top;\"><strong>2013: Braunfleckiger Perlmuttfalter<\/strong><\/p>\n<p><strong>Wissenschaftlicher Name:<\/strong> <em>Boloria selene<\/em><br \/>\n<strong>Familie:<\/strong> Edelfalter<br \/>\n<strong>Lebenserwartung:<\/strong> 1 bis 3 Wochen<br \/>\n<strong>Aussehen:<\/strong> organe-braune Grundf\u00e4rbung mit schwarzen perlmuttfarbenen Flecken, die Unterseite ist deutlich heller<br \/>\n<strong>Fl\u00fcgelspannweite:<\/strong> 30 bis 40 Millimeter<br \/>\n<strong>Vorkommen:<\/strong> Europa, Nordafrika, Asien bis in arktische Regionen<br \/>\n<strong>Verbreitung in Deutschland:<\/strong> Mitteldeutschland und Norddeutschland, bevorzugt Wiesen, Moore, Heiden, lichte W\u00e4lder<br \/>\n<strong>Nahrung der Raupen:<\/strong> Veilchen<br \/>\n<strong>Nahrung der Schmetterlinge:<\/strong> Disteln, Flockenblumen, Wiesen-Schaumkraut, Astern<br \/>\n<strong>Besonderheiten:<\/strong> Bewegt sich meist nur in der N\u00e4he der Wirtspflanzen, fliegt sehr langsam und leicht taumelnd. Ein alternativer Name ist Sumpfwiesen-Perlmuttfalter. Der Schmetterling steht auf der Vorwarnliste.<\/td>\n<\/tr>\n<\/tbody>\n<\/table>\n<table>\n<tbody>\n<tr>\n<td style=\"width: 150px;\"><a href=\"https:\/\/www.samenhaus.de\/gartenblog\/wp-content\/uploads\/2025\/03\/Schmetterling-des-Jahres_703279882-scaled.jpeg\"><img loading=\"lazy\" decoding=\"async\" class=\"alignleft wp-image-21053 size-thumbnail\" src=\"https:\/\/www.samenhaus.de\/gartenblog\/wp-content\/uploads\/2025\/03\/Schmetterling-des-Jahres_703279882-150x150.jpeg\" alt=\"Kleines Nachtpfauenauge\" width=\"150\" height=\"150\" srcset=\"https:\/\/www.samenhaus.de\/gartenblog\/wp-content\/uploads\/2025\/03\/Schmetterling-des-Jahres_703279882-150x150.jpeg 150w, https:\/\/www.samenhaus.de\/gartenblog\/wp-content\/uploads\/2025\/03\/Schmetterling-des-Jahres_703279882-80x80.jpeg 80w\" sizes=\"auto, (max-width: 150px) 100vw, 150px\" \/><\/a><\/td>\n<td style=\"padding-left: 15px; vertical-align: top;\"><strong>2012: Kleines Nachtpfauenauge<\/strong><\/p>\n<p><strong>Wissenschaftlicher Name:<\/strong> <em>Saturnia pavonia<\/em><br \/>\n<strong>Familie:<\/strong> Pfauenspinner<br \/>\n<strong>Lebenserwartung:<\/strong> 2 bis 3 Wochen<br \/>\n<strong>Aussehen:<\/strong> Fl\u00fcgel in verschiedenen Grundt\u00f6nen, von Wei\u00df \u00fcber Gelb bis R\u00f6tlich-Braun, markant sind die Augenflecken, die auf den Vorder- und Hinterfl\u00fcgeln zu sehen sind<br \/>\n<strong>Fl\u00fcgelspannweite:<\/strong> 40 bis 70<br \/>\n<strong>Vorkommen:<\/strong> Europa, Asien, Nordafrika<br \/>\n<strong>Verbreitung in Deutschland:<\/strong> S\u00fcd- und Westdeutschland, bevorzugt lichte W\u00e4lder, Waldr\u00e4nder, Parks<br \/>\n<strong>Nahrung der Raupen:<\/strong> Rosen, Schlehe, Brombeeren, Besenheide<br \/>\n<strong>Nahrung der Schmetterlinge:<\/strong> Disteln, Brennnesseln, Klee<br \/>\n<strong>Besonderheiten:<\/strong> Obwohl er Nachtpfauenauge hei\u00dft, fliegt der Schmetterling auch tags\u00fcber. Die Augenflecken auf den Fl\u00fcgeln dienen Feinden zur Abschreckung bzw. Verwirrung. Das Kleine Nachtpflauenauge ist nicht gef\u00e4hrdet.<\/td>\n<\/tr>\n<\/tbody>\n<\/table>\n<table>\n<tbody>\n<tr>\n<td style=\"width: 150px;\"><a href=\"https:\/\/www.samenhaus.de\/gartenblog\/wp-content\/uploads\/2025\/03\/Schmetterling-des-Jahres_384229735-scaled.jpeg\"><img loading=\"lazy\" decoding=\"async\" class=\"alignleft wp-image-21045 size-thumbnail\" src=\"https:\/\/www.samenhaus.de\/gartenblog\/wp-content\/uploads\/2025\/03\/Schmetterling-des-Jahres_384229735-150x150.jpeg\" alt=\"Gro\u00dfer Schillerfalter\" width=\"150\" height=\"150\" srcset=\"https:\/\/www.samenhaus.de\/gartenblog\/wp-content\/uploads\/2025\/03\/Schmetterling-des-Jahres_384229735-150x150.jpeg 150w, https:\/\/www.samenhaus.de\/gartenblog\/wp-content\/uploads\/2025\/03\/Schmetterling-des-Jahres_384229735-80x80.jpeg 80w\" sizes=\"auto, (max-width: 150px) 100vw, 150px\" \/><\/a><\/td>\n<td style=\"padding-left: 15px; vertical-align: top;\"><strong>2011: Gro\u00dfer Schillerfalter<\/strong><\/p>\n<p><strong>Wissenschaftlicher Name:<\/strong> <em>Apatura iris<\/em><br \/>\n<strong>Familie:<\/strong> Edelfalter<br \/>\n<strong>Lebenserwartung:<\/strong> 2 bis 4 Wochen<br \/>\n<strong>Aussehen:<\/strong> dunkle Fl\u00fcgelgrundfarbe mit wei\u00dfen Flecken und B\u00e4ndern, markant sind die bl\u00e4uliche F\u00e4rbung und die zwei auf den Hinterfl\u00fcgeln befindlichen kleinen Augenflecken mit orangefarbener Umrandung<br \/>\n<strong>Fl\u00fcgelspannweite:<\/strong> 55 bis 65 Millimeter<br \/>\n<strong>Vorkommen:<\/strong> Europa, Asien<br \/>\n<strong>Verbreitung in Deutschland:<\/strong> \u00fcberall in Deutschland, bevorzugt Feuchtgebiete, Auen, W\u00e4lder<br \/>\n<strong>Nahrung der Raupen:<\/strong> Weiden<br \/>\n<strong>Nahrung der Schmetterlinge:<\/strong> Disteln, Doste, Schmetterlingsflieder, Sumpf- und Wiesensalbei<br \/>\n<strong>Besonderheiten:<\/strong> Die M\u00e4nnchen verteidigen sehr aggressiv ihr Revier gegen\u00fcber anderen M\u00e4nnchen. Der Schmetterling fliegt meist hoch \u00fcber dem Boden und kommt nur zur Nahrungsaufnahme nach unten. Der Gro\u00dfe Schillerfalter steht auf der Vorwarnliste.<\/td>\n<\/tr>\n<\/tbody>\n<\/table>\n<table>\n<tbody>\n<tr>\n<td style=\"width: 150px;\"><a href=\"https:\/\/www.samenhaus.de\/gartenblog\/wp-content\/uploads\/2025\/03\/Schmetterling-des-Jahres_515805390-scaled.jpeg\"><img loading=\"lazy\" decoding=\"async\" class=\"alignleft wp-image-21049 size-thumbnail\" src=\"https:\/\/www.samenhaus.de\/gartenblog\/wp-content\/uploads\/2025\/03\/Schmetterling-des-Jahres_515805390-150x150.jpeg\" alt=\"Sch\u00f6nb\u00e4r\" width=\"150\" height=\"150\" srcset=\"https:\/\/www.samenhaus.de\/gartenblog\/wp-content\/uploads\/2025\/03\/Schmetterling-des-Jahres_515805390-150x150.jpeg 150w, https:\/\/www.samenhaus.de\/gartenblog\/wp-content\/uploads\/2025\/03\/Schmetterling-des-Jahres_515805390-80x80.jpeg 80w\" sizes=\"auto, (max-width: 150px) 100vw, 150px\" \/><\/a><\/td>\n<td style=\"padding-left: 15px; vertical-align: top;\"><strong>2010: Sch\u00f6nb\u00e4r<\/strong><\/p>\n<p><strong>Wissenschaftlicher Name:<\/strong> <em>Callimorpha dominula<\/em><br \/>\n<strong>Familie:<\/strong> B\u00e4renspinner<br \/>\n<strong>Lebenserwartung:<\/strong> 2 bis 3 Wochen<br \/>\n<strong>Aussehen:<\/strong> schwarze Grundf\u00e4rbung mit markanten wei\u00dfen und gelben Flecken auf den Vorderfl\u00fcgeln, die Hinterfl\u00fcgel sind \u00fcberwiegend rot und haben ein schwarzes Band<br \/>\n<strong>Fl\u00fcgelspannweite:<\/strong> 40 bis 50 Millimeter<br \/>\n<strong>Vorkommen:<\/strong> Europa, Asien, Nordafrika<br \/>\n<strong>Verbreitung in Deutschland:<\/strong> \u00fcberall in Deutschland, bevorzugt W\u00e4lder, Waldr\u00e4nder, G\u00e4rten, Parks<br \/>\n<strong>Nahrung der Raupen:<\/strong> Himbeerstr\u00e4ucher, Klee, Brennnesseln<br \/>\n<strong>Nahrung der Schmetterlinge:<\/strong> Disteln, Flockenblumen, Wiesen- und Ackerkr\u00e4uter, Wiesen-Salbei<br \/>\n<strong>Besonderheiten:<\/strong> Der Sch\u00f6nb\u00e4r ist sowohl tag-, als auch nachtaktiv. Der Schmetterling ist auf der Vorwarnliste verzeichnet.<\/td>\n<\/tr>\n<\/tbody>\n<\/table>\n<table>\n<tbody>\n<tr>\n<td style=\"width: 150px;\"><a href=\"https:\/\/www.samenhaus.de\/gartenblog\/wp-content\/uploads\/2025\/03\/Schmetterling-des-Jahres_955154402-scaled.jpeg\"><img loading=\"lazy\" decoding=\"async\" class=\"alignleft wp-image-21054 size-thumbnail\" src=\"https:\/\/www.samenhaus.de\/gartenblog\/wp-content\/uploads\/2025\/03\/Schmetterling-des-Jahres_955154402-150x150.jpeg\" alt=\"Tagpfauenauge\" width=\"150\" height=\"150\" srcset=\"https:\/\/www.samenhaus.de\/gartenblog\/wp-content\/uploads\/2025\/03\/Schmetterling-des-Jahres_955154402-150x150.jpeg 150w, https:\/\/www.samenhaus.de\/gartenblog\/wp-content\/uploads\/2025\/03\/Schmetterling-des-Jahres_955154402-80x80.jpeg 80w\" sizes=\"auto, (max-width: 150px) 100vw, 150px\" \/><\/a><\/td>\n<td style=\"padding-left: 15px; vertical-align: top;\"><strong>2009: Tagpfauenauge<\/strong><\/p>\n<p><strong>Wissenschaftlicher Name:<\/strong> <em>Aglais io<\/em><br \/>\n<strong>Familie:<\/strong> Edelfalter<br \/>\n<strong>Lebenserwartung:<\/strong> 6 bis 12 Monate<br \/>\n<strong>Aussehen:<\/strong> orange-braune Grundf\u00e4rbung mit einzelnen blauen und schwarzen Flecken, markant sind die Augenflecken, die in verschiedenen Farben, von Blau \u00fcber Gelb bis Schwarz und Rot, erscheinen<br \/>\n<strong>Fl\u00fcgelspannweite:<\/strong> 50 bis 55 Millimeter<br \/>\n<strong>Vorkommen:<\/strong> Europa, Asien, Nordafrika<br \/>\n<strong>Verbreitung in Deutschland:<\/strong> \u00fcberall in Deutschland, bevorzugt, W\u00e4lder, buschige Gebiete, Parks, G\u00e4rten<br \/>\n<strong>Nahrung der Raupen:<\/strong> Brennnesseln<br \/>\n<strong>Nahrung der Schmetterlinge:<\/strong> Disteln, Astern, Klee, Flockenblumen<br \/>\n<strong>Besonderheiten:<\/strong> Mit den Augenflecken werden Feinde gewarnt, sie dienen als Abschreckung und Verwirrung. Das Tagpfauenauge ist ungef\u00e4hrdet.<\/td>\n<\/tr>\n<\/tbody>\n<\/table>\n<table>\n<tbody>\n<tr>\n<td style=\"width: 150px;\"><a href=\"https:\/\/www.samenhaus.de\/gartenblog\/wp-content\/uploads\/2025\/03\/Schmetterling-des-Jahres_412530589-scaled.jpeg\"><img loading=\"lazy\" decoding=\"async\" class=\"alignleft wp-image-21046 size-thumbnail\" src=\"https:\/\/www.samenhaus.de\/gartenblog\/wp-content\/uploads\/2025\/03\/Schmetterling-des-Jahres_412530589-150x150.jpeg\" alt=\"Argusbl\u00e4uling\" width=\"150\" height=\"150\" srcset=\"https:\/\/www.samenhaus.de\/gartenblog\/wp-content\/uploads\/2025\/03\/Schmetterling-des-Jahres_412530589-150x150.jpeg 150w, https:\/\/www.samenhaus.de\/gartenblog\/wp-content\/uploads\/2025\/03\/Schmetterling-des-Jahres_412530589-80x80.jpeg 80w\" sizes=\"auto, (max-width: 150px) 100vw, 150px\" \/><\/a><\/td>\n<td style=\"padding-left: 15px; vertical-align: top;\"><strong>2008: Argusbl\u00e4uling<\/strong><\/p>\n<p><strong>Wissenschaftlicher Name:<\/strong> <em>Plebeius argus<\/em><br \/>\n<strong>Familie:<\/strong> Bl\u00e4ulinge<br \/>\n<strong>Lebenserwartung:<\/strong> 2 bis 3 Wochen<br \/>\n<strong>Aussehen:<\/strong> blaue Fl\u00fcgel mit schwarzen R\u00e4ndern und wei\u00dfen Flecken, Unterseite graubraun mit orangefarbenen Flecken<br \/>\n<strong>Fl\u00fcgelspannweite:<\/strong> 25 bis 35 Millimeter<br \/>\n<strong>Vorkommen:<\/strong> Europa, Asien, Nordafrika<br \/>\n<strong>Verbreitung in Deutschland:<\/strong> \u00fcberall in Deutschland, bevorzugt Magerrasen, Trockenrasen, Heiden, Lichtungen<br \/>\n<strong>Nahrung der Raupen:<\/strong> Wicken, Hornklee, Schneckenklee<br \/>\n<strong>Nahrung der Schmetterlinge:<\/strong> Thymian, Wiesen-Salbei, Disteln, Flockenblumen<br \/>\n<strong>Besonderheiten:<\/strong> M\u00e4nnchen verteidigen aggressiv ihr Verhalten und fliegen meist in einem zickzackartigen Muster. Ein alternativer Name ist Gei\u00dfklee-Bl\u00e4uling. Der Argusbl\u00e4uling ist ungef\u00e4hrdet.<\/td>\n<\/tr>\n<\/tbody>\n<\/table>\n<table>\n<tbody>\n<tr>\n<td style=\"width: 150px;\"><a href=\"https:\/\/www.samenhaus.de\/gartenblog\/wp-content\/uploads\/2025\/03\/Schmetterling-des-Jahres_1284324738-scaled.jpeg\"><img loading=\"lazy\" decoding=\"async\" class=\"alignleft wp-image-21055 size-thumbnail\" src=\"https:\/\/www.samenhaus.de\/gartenblog\/wp-content\/uploads\/2025\/03\/Schmetterling-des-Jahres_1284324738-150x150.jpeg\" alt=\"Landk\u00e4rtchen\" width=\"150\" height=\"150\" srcset=\"https:\/\/www.samenhaus.de\/gartenblog\/wp-content\/uploads\/2025\/03\/Schmetterling-des-Jahres_1284324738-150x150.jpeg 150w, https:\/\/www.samenhaus.de\/gartenblog\/wp-content\/uploads\/2025\/03\/Schmetterling-des-Jahres_1284324738-80x80.jpeg 80w\" sizes=\"auto, (max-width: 150px) 100vw, 150px\" \/><\/a><\/td>\n<td style=\"padding-left: 15px; vertical-align: top;\"><strong>2007: Landk\u00e4rtchen<\/strong><\/p>\n<p><strong>Wissenschaftlicher Name:<\/strong> <em>Araschnia levana<\/em><br \/>\n<strong>Familie:<\/strong> Edelfalter<br \/>\n<strong>Lebenserwartung:<\/strong> 4 bis 8 Wochen<br \/>\n<strong>Aussehen:<\/strong> schwarz-rot-orangfarbene Musterung der Fl\u00fcgel mit vereinzelten wei\u00dfen Flecken<br \/>\n<strong>Fl\u00fcgelspannweite:<\/strong> 40 bis 50 Millimeter<br \/>\n<strong>Vorkommen:<\/strong> Europa, Asien<br \/>\n<strong>Verbreitung in Deutschland:<\/strong> \u00fcberall in Deutschland, bevorzugt W\u00e4lder, Parks, buschige Gebiete, G\u00e4rten<br \/>\n<strong>Nahrung der Raupen:<\/strong> Brennnesseln<br \/>\n<strong>Nahrung der Schmetterlinge:<\/strong> Disteln, Flockenblumen, Wiesen-Salbei, Astern<br \/>\n<strong>Besonderheiten:<\/strong> Das Landk\u00e4rtchen hat zwei Generationen pro Jahr, die unterschiedlich aussehen. W\u00e4hrend die Fr\u00fchjahrsgeneration eine dunkle, kontrastreiche F\u00e4rbung aufweist, ist die Sommergeneration heller gezeichnet. So passen sie sich an unterschiedliche Umweltbedingungen an. Alternative Namen sind Netzfalter, Gitterfalter und Landk\u00e4rtchenfalter. Der Bestand des Landk\u00e4rtchens ist ungef\u00e4hrdet.<\/td>\n<\/tr>\n<\/tbody>\n<\/table>\n<table>\n<tbody>\n<tr>\n<td style=\"width: 150px;\"><a href=\"https:\/\/www.samenhaus.de\/gartenblog\/wp-content\/uploads\/2025\/03\/Schmetterling-des-Jahres_23113058-scaled.jpeg\"><img loading=\"lazy\" decoding=\"async\" class=\"alignleft wp-image-21034 size-thumbnail\" src=\"https:\/\/www.samenhaus.de\/gartenblog\/wp-content\/uploads\/2025\/03\/Schmetterling-des-Jahres_23113058-150x150.jpeg\" alt=\"Schwalbenschwanz\" width=\"150\" height=\"150\" srcset=\"https:\/\/www.samenhaus.de\/gartenblog\/wp-content\/uploads\/2025\/03\/Schmetterling-des-Jahres_23113058-150x150.jpeg 150w, https:\/\/www.samenhaus.de\/gartenblog\/wp-content\/uploads\/2025\/03\/Schmetterling-des-Jahres_23113058-80x80.jpeg 80w\" sizes=\"auto, (max-width: 150px) 100vw, 150px\" \/><\/a><\/td>\n<td style=\"padding-left: 15px; vertical-align: top;\"><strong>2006: Schwalbenschwanz<\/strong><\/p>\n<p><strong>Wissenschaftlicher Name:<\/strong> <em>Papilio machaon<\/em><br \/>\n<strong>Familie:<\/strong> Ritterfalter<br \/>\n<strong>Lebenserwartung:<\/strong> 3 bis 4 Wochen<br \/>\n<strong>Aussehen:<\/strong> wei\u00dfe Grundfarbe mit schwarzen Flecken und Randzeichnungen, auf den Hinterfl\u00fcgeln auch blaue Flecken mit markanten blau-roten Augenflecken<br \/>\n<strong>Fl\u00fcgelspannweite:<\/strong> 50 bis 80 Millimeter<br \/>\n<strong>Vorkommen:<\/strong> Europa, Asien, Nordafrika<br \/>\n<strong>Verbreitung in Deutschland:<\/strong> \u00fcberall in Deutschland, bevorzugt, Felder, Wiesen, buschige Gebiete, Parks, G\u00e4rten<br \/>\n<strong>Nahrung der Raupen:<\/strong> M\u00f6hren, Fenchel, Dill, Pastinaken<br \/>\n<strong>Nahrung der Schmetterlinge:<\/strong> Disteln, Klee, Schmetterlingsflieder, Astern<br \/>\n<strong>Besonderheiten:<\/strong> Der Schwalbenschwanz geh\u00f6rt zu den bekanntesten und beliebtesten Schmetterlingen in Deutschland. Bei Gefahr kann er Antennen am Kopf ausfahren, die eine \u00fcbelriechende Substanz absondern, um Fressfeinde abzuschrecken. Auf der Roten Liste wird er als ungef\u00e4hrdet eingestuft.<\/td>\n<\/tr>\n<\/tbody>\n<\/table>\n<table>\n<tbody>\n<tr>\n<td style=\"width: 150px;\"><a href=\"https:\/\/www.samenhaus.de\/gartenblog\/wp-content\/uploads\/2025\/03\/Schmetterling-des-Jahres_560404401-scaled.jpeg\"><img loading=\"lazy\" decoding=\"async\" class=\"alignleft wp-image-21051 size-thumbnail\" src=\"https:\/\/www.samenhaus.de\/gartenblog\/wp-content\/uploads\/2025\/03\/Schmetterling-des-Jahres_560404401-150x150.jpeg\" alt=\"Ockerbindiger Samtfalter\" width=\"150\" height=\"150\" srcset=\"https:\/\/www.samenhaus.de\/gartenblog\/wp-content\/uploads\/2025\/03\/Schmetterling-des-Jahres_560404401-150x150.jpeg 150w, https:\/\/www.samenhaus.de\/gartenblog\/wp-content\/uploads\/2025\/03\/Schmetterling-des-Jahres_560404401-80x80.jpeg 80w\" sizes=\"auto, (max-width: 150px) 100vw, 150px\" \/><\/a><\/td>\n<td style=\"padding-left: 15px; vertical-align: top;\"><strong>2005: Ockerbindiger Samtfalter<\/strong><\/p>\n<p><strong>Wissenschaftlicher Name:<\/strong> <em>Hipparchia semele<\/em><br \/>\n<strong>Familie:<\/strong> Edelfalter<br \/>\n<strong>Lebenserwartung:<\/strong> 2 bis 4 Wochen<br \/>\n<strong>Aussehen:<\/strong> gelblich-braune Fl\u00fcgel mit dunklen B\u00e4ndern und gelblich-orangem Fleckenmuster<br \/>\n<strong>Fl\u00fcgelspannweite:<\/strong> 45 bis 55 Millimeter<br \/>\n<strong>Vorkommen:<\/strong> Europa<br \/>\n<strong>Verbreitung in Deutschland:<\/strong> \u00fcberall in Deutschland, bevorzugt Laubw\u00e4lder, Waldr\u00e4nder, lichte W\u00e4lder<br \/>\n<strong>Nahrung der Raupen:<\/strong> Wolliges Honiggras, Rotes Strau\u00dfgras<br \/>\n<strong>Nahrung der Schmetterlinge:<\/strong> Disteln, Flockenblumen, Astern, Wiesen-Salbei<br \/>\n<strong>Besonderheiten:<\/strong> Der Ockerbindige Samtfalter kann sich gut an seine Umgebung anpassen. Er vollzieht besonders schnelle Flugman\u00f6ver. Ein alternativer Name ist Rostbinde. Der Schmetterling ist als gef\u00e4hrdet eingestuft.<\/td>\n<\/tr>\n<\/tbody>\n<\/table>\n<table>\n<tbody>\n<tr>\n<td style=\"width: 150px;\"><a href=\"https:\/\/www.samenhaus.de\/gartenblog\/wp-content\/uploads\/2025\/03\/Schmetterling-des-Jahres_22417797-scaled.jpeg\"><img loading=\"lazy\" decoding=\"async\" class=\"alignleft wp-image-21033 size-thumbnail\" src=\"https:\/\/www.samenhaus.de\/gartenblog\/wp-content\/uploads\/2025\/03\/Schmetterling-des-Jahres_22417797-150x150.jpeg\" alt=\"Aurorafalter\" width=\"150\" height=\"150\" srcset=\"https:\/\/www.samenhaus.de\/gartenblog\/wp-content\/uploads\/2025\/03\/Schmetterling-des-Jahres_22417797-150x150.jpeg 150w, https:\/\/www.samenhaus.de\/gartenblog\/wp-content\/uploads\/2025\/03\/Schmetterling-des-Jahres_22417797-80x80.jpeg 80w\" sizes=\"auto, (max-width: 150px) 100vw, 150px\" \/><\/a><\/td>\n<td style=\"padding-left: 15px; vertical-align: top;\"><strong>2004: Aurorafalter<\/strong><\/p>\n<p><strong>Wissenschaftlicher Name:<\/strong> <em>Anthocharis cardamines<\/em><br \/>\n<strong>Familie:<\/strong> Wei\u00dflinge<br \/>\n<strong>Lebenserwartung:<\/strong> 1 bis 3 Wochen<br \/>\n<strong>Aussehen:<\/strong> wei\u00dfe Grundfarbe mit gro\u00dfen orangefarbenen Flecken auf den Vorderfl\u00fcgeln, schwarze Punkte und ein schwarz-wei\u00dfer Rand komplettieren die Musterung<br \/>\n<strong>Fl\u00fcgelspannweite:<\/strong> 40 bis 50 Millimeter<br \/>\n<strong>Vorkommen:<\/strong> Europa, Asien, Nordafrika<br \/>\n<strong>Verbreitung in Deutschland:<\/strong> \u00fcberall in Deutschland, bevorzugt Wiesen, Waldr\u00e4nder, Lichtungen, feuchte Gebiete<br \/>\n<strong>Nahrung der Raupen:<\/strong> Wiesenschaumkraut, Knoblauchrauke<br \/>\n<strong>Nahrung der Schmetterlinge:<\/strong> Disteln, Astern, Wiesen-Salbei, Flockenblumen<br \/>\n<strong>Besonderheiten:<\/strong> M\u00e4nnchen und Weibchen k\u00f6nnen recht unterschiedliche Zeichnungen haben, die Weibchen sind daher mit anderen Faltern wie dem Resedafalter oder dem Westlichen Resedawei\u00dfling zu verwechseln. Aurorafalter sind in ihrem Bestand ungef\u00e4hrdet.<\/td>\n<\/tr>\n<\/tbody>\n<\/table>\n<table>\n<tbody>\n<tr>\n<td style=\"width: 150px;\"><a href=\"https:\/\/www.samenhaus.de\/gartenblog\/wp-content\/uploads\/2025\/03\/Schmetterling-des-Jahres_471030166-scaled.jpeg\"><img loading=\"lazy\" decoding=\"async\" class=\"alignleft wp-image-21048 size-thumbnail\" src=\"https:\/\/www.samenhaus.de\/gartenblog\/wp-content\/uploads\/2025\/03\/Schmetterling-des-Jahres_471030166-150x150.jpeg\" alt=\"Graubindiger Mohrenfalter\" width=\"150\" height=\"150\" srcset=\"https:\/\/www.samenhaus.de\/gartenblog\/wp-content\/uploads\/2025\/03\/Schmetterling-des-Jahres_471030166-150x150.jpeg 150w, https:\/\/www.samenhaus.de\/gartenblog\/wp-content\/uploads\/2025\/03\/Schmetterling-des-Jahres_471030166-80x80.jpeg 80w\" sizes=\"auto, (max-width: 150px) 100vw, 150px\" \/><\/a><\/td>\n<td style=\"padding-left: 15px; vertical-align: top;\"><strong>2003: Graubindiger Mohrenfalter<\/strong><\/p>\n<p><strong>Wissenschaftlicher Name:<\/strong> <em>Erebia aethiops<\/em><br \/>\n<strong>Familie:<\/strong> Edelfalter<br \/>\n<strong>Lebenserwartung:<\/strong> 2 bis 4 Wochen<br \/>\n<strong>Aussehen:<\/strong> schwarz-braune Grundfarbe mit orangefarbigen Flecken, die in der Mitte schwarz-wei\u00dfe Punkte zeigen, die \u00e4hnlich Augenflecken aussehen, die Fl\u00fcgelr\u00e4nder der Hinterfl\u00fcgel sind mit einem wei\u00dfen Rand versehen<br \/>\n<strong>Fl\u00fcgelspannweite:<\/strong> 30 bis 40 Millimeter<br \/>\n<strong>Vorkommen:<\/strong> Europa<br \/>\n<strong>Verbreitung in Deutschland:<\/strong> Alpen, Mittelgebirge, besonders im Harz, im Schwarzwald und im Bayerischen Wald<br \/>\n<strong>Nahrung der Raupen:<\/strong> Gr\u00e4ser und Seggen<br \/>\n<strong>Nahrung der Schmetterlinge:<\/strong> Edelwei\u00df, Alpenaster, Alpen-Steinquendel, Alpen-Milchlattich<br \/>\n<strong>Besonderheiten:<\/strong> Die Schmetterlinge sind vor allem in alpinen und subalpinen Regionen anzutreffen. Alternative Namen sind Waldteufel und Trockenrasenwald-Mohr. Der Graubindige Mohrenfalter ist gef\u00e4hrdet.<\/td>\n<\/tr>\n<\/tbody>\n<\/table>\n","protected":false},"excerpt":{"rendered":"<p>Wussten Sie, dass es zahlreiche Wildpflanzen gibt, die nicht von allen Insekten best\u00e4ubt werden k\u00f6nnen? So haben viele Pflanzen tiefe Bl\u00fctenkelche, bei denen Bienen, Hummeln &amp; Co. keine Chance haben. Hier kommen die langen R\u00fcssel vieler Falter zum Einsatz, die als Best\u00e4uber ganze Arbeit leisten. Tagfalter laben sich daher gerne an Nelken, Ginster, Gew\u00f6hnlichem Hornklee oder auch an der Wiesenflockenblume. Nachtfalter bevorzugen Pflanzen wie die Zaunwinde, die Wei\u00dfe Lichtnelke und die Nachtkerze. Schmetterlingspopulationen gef\u00e4hrdet Schon allein diese Tatsache zeigt, wie wichtig es ist, die Artenvielfalt zu erhalten. Leider gehen im Zuge des Insektensterbens auch die Populationen von Schmetterlingen immer weiter zur\u00fcck. Auf der deutschen Roten Liste stehen aktuell rund 190 Schmetterlingsarten, die gef\u00e4hrdet oder sogar bereits vom Aussterben bedroht sind. Gerade einmal 30 Prozent sind aktuell ungef\u00e4hrdet. Um auf diese Missst\u00e4nde aufmerksam zu machen und die Menschen f\u00fcr dieses wichtige Thema zu sensibilisieren, wird seit 2003 j\u00e4hrlich der Schmetterling des Jahres gew\u00e4hlt. Initiatoren sind der Bund f\u00fcr Umwelt und Naturschutz (BUND) und die BUND NRW Naturschutzstiftung. Schmetterlingssterben \u2013 weitreichende Folgen Das Aussterben von Schmetterlingen h\u00e4tte weitreichende und tiefgreifende Folgen f\u00fcr das \u00d6kosystem und f\u00fcr uns Menschen. Best\u00e4ubung von Pflanzen: Schmetterlinge sind wichtige Best\u00e4uber. Viele Pflanzenarten sind auf Schmetterlinge angewiesen, um [&hellip;]<\/p>\n","protected":false},"author":13,"featured_media":21032,"comment_status":"open","ping_status":"open","sticky":false,"template":"","format":"standard","meta":{"_acf_changed":false,"footnotes":""},"categories":[1],"tags":[],"hersteller":[],"class_list":["post-18308","post","type-post","status-publish","format-standard","has-post-thumbnail","hentry","category-allgemein"],"acf":[],"yoast_head":"<!-- This site is optimized with the Yoast SEO plugin v27.4 - https:\/\/yoast.com\/product\/yoast-seo-wordpress\/ -->\n<title>Schmetterling des Jahres \u2013 von Aurorafalter bis Brauner B\u00e4r - Samenhaus Gartenblog<\/title>\n<meta name=\"description\" content=\"Jedes Jahr wird ein Schmetterling des Jahres gek\u00fcrt. Wir stellen Ihnen die Schmetterlinge vor, damit Sie diese im Garten erkennen.\" \/>\n<meta name=\"robots\" content=\"index, follow, max-snippet:-1, max-image-preview:large, max-video-preview:-1\" \/>\n<link rel=\"canonical\" href=\"https:\/\/www.samenhaus.de\/gartenblog\/schmetterling-des-jahres-von-aurorafalter-bis-brauner-baer\" \/>\n<meta property=\"og:locale\" content=\"de_DE\" \/>\n<meta property=\"og:type\" content=\"article\" \/>\n<meta property=\"og:title\" content=\"Schmetterling des Jahres \u2013 von Aurorafalter bis Brauner B\u00e4r - Samenhaus Gartenblog\" \/>\n<meta property=\"og:description\" content=\"Jedes Jahr wird ein Schmetterling des Jahres gek\u00fcrt. Wir stellen Ihnen die Schmetterlinge vor, damit Sie diese im Garten erkennen.\" \/>\n<meta property=\"og:url\" content=\"https:\/\/www.samenhaus.de\/gartenblog\/schmetterling-des-jahres-von-aurorafalter-bis-brauner-baer\" \/>\n<meta property=\"og:site_name\" content=\"Samenhaus Gartenblog\" \/>\n<meta property=\"article:publisher\" content=\"https:\/\/de-de.facebook.com\/samenhaus\" \/>\n<meta property=\"article:published_time\" content=\"2025-03-24T08:00:18+00:00\" \/>\n<meta property=\"og:image\" content=\"https:\/\/www.samenhaus.de\/gartenblog\/wp-content\/uploads\/2025\/03\/Schmetterling-des-Jahres_17156465.jpg\" \/>\n\t<meta property=\"og:image:width\" content=\"1000\" \/>\n\t<meta property=\"og:image:height\" content=\"563\" \/>\n\t<meta property=\"og:image:type\" content=\"image\/jpeg\" \/>\n<meta name=\"author\" content=\"Holger\" \/>\n<meta name=\"twitter:card\" content=\"summary_large_image\" \/>\n<meta name=\"twitter:creator\" content=\"@samenhaus\" \/>\n<meta name=\"twitter:site\" content=\"@samenhaus\" \/>\n<meta name=\"twitter:label1\" content=\"Verfasst von\" \/>\n\t<meta name=\"twitter:data1\" content=\"Holger\" \/>\n\t<meta name=\"twitter:label2\" content=\"Gesch\u00e4tzte Lesezeit\" \/>\n\t<meta name=\"twitter:data2\" content=\"19\u00a0Minuten\" \/>\n<script type=\"application\/ld+json\" class=\"yoast-schema-graph\">{\"@context\":\"https:\\\/\\\/schema.org\",\"@graph\":[{\"@type\":\"Article\",\"@id\":\"https:\\\/\\\/www.samenhaus.de\\\/gartenblog\\\/schmetterling-des-jahres-von-aurorafalter-bis-brauner-baer#article\",\"isPartOf\":{\"@id\":\"https:\\\/\\\/www.samenhaus.de\\\/gartenblog\\\/schmetterling-des-jahres-von-aurorafalter-bis-brauner-baer\"},\"author\":{\"name\":\"Holger\",\"@id\":\"https:\\\/\\\/www.samenhaus.de\\\/gartenblog\\\/#\\\/schema\\\/person\\\/de169769587431893823f62b2ce06c04\"},\"headline\":\"Schmetterling des Jahres \u2013 von Aurorafalter bis Brauner B\u00e4r\",\"datePublished\":\"2025-03-24T08:00:18+00:00\",\"mainEntityOfPage\":{\"@id\":\"https:\\\/\\\/www.samenhaus.de\\\/gartenblog\\\/schmetterling-des-jahres-von-aurorafalter-bis-brauner-baer\"},\"wordCount\":2676,\"commentCount\":0,\"publisher\":{\"@id\":\"https:\\\/\\\/www.samenhaus.de\\\/gartenblog\\\/#organization\"},\"image\":{\"@id\":\"https:\\\/\\\/www.samenhaus.de\\\/gartenblog\\\/schmetterling-des-jahres-von-aurorafalter-bis-brauner-baer#primaryimage\"},\"thumbnailUrl\":\"https:\\\/\\\/www.samenhaus.de\\\/gartenblog\\\/wp-content\\\/uploads\\\/2025\\\/03\\\/Schmetterling-des-Jahres_17156465.jpg\",\"inLanguage\":\"de\",\"potentialAction\":[{\"@type\":\"CommentAction\",\"name\":\"Comment\",\"target\":[\"https:\\\/\\\/www.samenhaus.de\\\/gartenblog\\\/schmetterling-des-jahres-von-aurorafalter-bis-brauner-baer#respond\"]}],\"copyrightYear\":\"2025\",\"copyrightHolder\":{\"@id\":\"https:\\\/\\\/www.samenhaus.de\\\/gartenblog\\\/#organization\"}},{\"@type\":\"WebPage\",\"@id\":\"https:\\\/\\\/www.samenhaus.de\\\/gartenblog\\\/schmetterling-des-jahres-von-aurorafalter-bis-brauner-baer\",\"url\":\"https:\\\/\\\/www.samenhaus.de\\\/gartenblog\\\/schmetterling-des-jahres-von-aurorafalter-bis-brauner-baer\",\"name\":\"Schmetterling des Jahres \u2013 von Aurorafalter bis Brauner B\u00e4r - Samenhaus Gartenblog\",\"isPartOf\":{\"@id\":\"https:\\\/\\\/www.samenhaus.de\\\/gartenblog\\\/#website\"},\"primaryImageOfPage\":{\"@id\":\"https:\\\/\\\/www.samenhaus.de\\\/gartenblog\\\/schmetterling-des-jahres-von-aurorafalter-bis-brauner-baer#primaryimage\"},\"image\":{\"@id\":\"https:\\\/\\\/www.samenhaus.de\\\/gartenblog\\\/schmetterling-des-jahres-von-aurorafalter-bis-brauner-baer#primaryimage\"},\"thumbnailUrl\":\"https:\\\/\\\/www.samenhaus.de\\\/gartenblog\\\/wp-content\\\/uploads\\\/2025\\\/03\\\/Schmetterling-des-Jahres_17156465.jpg\",\"datePublished\":\"2025-03-24T08:00:18+00:00\",\"description\":\"Jedes Jahr wird ein Schmetterling des Jahres gek\u00fcrt. Wir stellen Ihnen die Schmetterlinge vor, damit Sie diese im Garten erkennen.\",\"breadcrumb\":{\"@id\":\"https:\\\/\\\/www.samenhaus.de\\\/gartenblog\\\/schmetterling-des-jahres-von-aurorafalter-bis-brauner-baer#breadcrumb\"},\"inLanguage\":\"de\",\"potentialAction\":[{\"@type\":\"ReadAction\",\"target\":[\"https:\\\/\\\/www.samenhaus.de\\\/gartenblog\\\/schmetterling-des-jahres-von-aurorafalter-bis-brauner-baer\"]}]},{\"@type\":\"ImageObject\",\"inLanguage\":\"de\",\"@id\":\"https:\\\/\\\/www.samenhaus.de\\\/gartenblog\\\/schmetterling-des-jahres-von-aurorafalter-bis-brauner-baer#primaryimage\",\"url\":\"https:\\\/\\\/www.samenhaus.de\\\/gartenblog\\\/wp-content\\\/uploads\\\/2025\\\/03\\\/Schmetterling-des-Jahres_17156465.jpg\",\"contentUrl\":\"https:\\\/\\\/www.samenhaus.de\\\/gartenblog\\\/wp-content\\\/uploads\\\/2025\\\/03\\\/Schmetterling-des-Jahres_17156465.jpg\",\"width\":1000,\"height\":563,\"caption\":\"Schmetterling des Jahres\"},{\"@type\":\"BreadcrumbList\",\"@id\":\"https:\\\/\\\/www.samenhaus.de\\\/gartenblog\\\/schmetterling-des-jahres-von-aurorafalter-bis-brauner-baer#breadcrumb\",\"itemListElement\":[{\"@type\":\"ListItem\",\"position\":1,\"name\":\"Startseite\",\"item\":\"https:\\\/\\\/www.samenhaus.de\\\/gartenblog\\\/\"},{\"@type\":\"ListItem\",\"position\":2,\"name\":\"Schmetterling des Jahres \u2013 von Aurorafalter bis Brauner B\u00e4r\"}]},{\"@type\":\"WebSite\",\"@id\":\"https:\\\/\\\/www.samenhaus.de\\\/gartenblog\\\/#website\",\"url\":\"https:\\\/\\\/www.samenhaus.de\\\/gartenblog\\\/\",\"name\":\"Samenhaus Gartenblog\",\"description\":\"\",\"publisher\":{\"@id\":\"https:\\\/\\\/www.samenhaus.de\\\/gartenblog\\\/#organization\"},\"potentialAction\":[{\"@type\":\"SearchAction\",\"target\":{\"@type\":\"EntryPoint\",\"urlTemplate\":\"https:\\\/\\\/www.samenhaus.de\\\/gartenblog\\\/?s={search_term_string}\"},\"query-input\":{\"@type\":\"PropertyValueSpecification\",\"valueRequired\":true,\"valueName\":\"search_term_string\"}}],\"inLanguage\":\"de\"},{\"@type\":\"Organization\",\"@id\":\"https:\\\/\\\/www.samenhaus.de\\\/gartenblog\\\/#organization\",\"name\":\"Samenhaus.de Gartenblog\",\"url\":\"https:\\\/\\\/www.samenhaus.de\\\/gartenblog\\\/\",\"logo\":{\"@type\":\"ImageObject\",\"inLanguage\":\"de\",\"@id\":\"https:\\\/\\\/www.samenhaus.de\\\/gartenblog\\\/#\\\/schema\\\/logo\\\/image\\\/\",\"url\":\"https:\\\/\\\/www.samenhaus.de\\\/gartenblog\\\/wp-content\\\/uploads\\\/2020\\\/11\\\/logo.svg\",\"contentUrl\":\"https:\\\/\\\/www.samenhaus.de\\\/gartenblog\\\/wp-content\\\/uploads\\\/2020\\\/11\\\/logo.svg\",\"width\":1,\"height\":1,\"caption\":\"Samenhaus.de Gartenblog\"},\"image\":{\"@id\":\"https:\\\/\\\/www.samenhaus.de\\\/gartenblog\\\/#\\\/schema\\\/logo\\\/image\\\/\"},\"sameAs\":[\"https:\\\/\\\/de-de.facebook.com\\\/samenhaus\",\"https:\\\/\\\/x.com\\\/samenhaus\"]},{\"@type\":\"Person\",\"@id\":\"https:\\\/\\\/www.samenhaus.de\\\/gartenblog\\\/#\\\/schema\\\/person\\\/de169769587431893823f62b2ce06c04\",\"name\":\"Holger\",\"image\":{\"@type\":\"ImageObject\",\"inLanguage\":\"de\",\"@id\":\"https:\\\/\\\/www.samenhaus.de\\\/gartenblog\\\/wp-content\\\/uploads\\\/2026\\\/03\\\/Holger-150x150.png\",\"url\":\"https:\\\/\\\/www.samenhaus.de\\\/gartenblog\\\/wp-content\\\/uploads\\\/2026\\\/03\\\/Holger-150x150.png\",\"contentUrl\":\"https:\\\/\\\/www.samenhaus.de\\\/gartenblog\\\/wp-content\\\/uploads\\\/2026\\\/03\\\/Holger-150x150.png\",\"caption\":\"Holger\"},\"description\":\"6.000.000 W\u00f6rter \u2013 so viel k\u00f6nnen Sie in etwa von mir online lesen. Das F\u00fcllen des Internets entwickelte sich nach meiner Ausbildung zum TV-Redakteur und der langj\u00e4hrigen Arbeit bei SAT.1 zu einem Fulltime-Job. Trotzdem finde ich noch gen\u00fcgend Zeit, um in meinem Garten zu werkeln. Eine Staude hier, ein Bl\u00fcmchen dort und ein bisschen Gem\u00fcse darf auch nicht fehlen \u2013 einen Schnitzelbaum gibt es ja noch nicht \u2026 Die besten geistigen Erg\u00fcsse habe ich \u00fcbrigens, wenn ich IM Garten \u00dcBER den Garten schreiben kann. So vereinen sich Beruf und Hobby perfekt \u2013 was gibt es Sch\u00f6neres?\",\"url\":\"https:\\\/\\\/www.samenhaus.de\\\/gartenblog\\\/author\\\/holger\"}]}<\/script>\n<!-- \/ Yoast SEO plugin. -->","yoast_head_json":{"title":"Schmetterling des Jahres \u2013 von Aurorafalter bis Brauner B\u00e4r - Samenhaus Gartenblog","description":"Jedes Jahr wird ein Schmetterling des Jahres gek\u00fcrt. Wir stellen Ihnen die Schmetterlinge vor, damit Sie diese im Garten erkennen.","robots":{"index":"index","follow":"follow","max-snippet":"max-snippet:-1","max-image-preview":"max-image-preview:large","max-video-preview":"max-video-preview:-1"},"canonical":"https:\/\/www.samenhaus.de\/gartenblog\/schmetterling-des-jahres-von-aurorafalter-bis-brauner-baer","og_locale":"de_DE","og_type":"article","og_title":"Schmetterling des Jahres \u2013 von Aurorafalter bis Brauner B\u00e4r - Samenhaus Gartenblog","og_description":"Jedes Jahr wird ein Schmetterling des Jahres gek\u00fcrt. Wir stellen Ihnen die Schmetterlinge vor, damit Sie diese im Garten erkennen.","og_url":"https:\/\/www.samenhaus.de\/gartenblog\/schmetterling-des-jahres-von-aurorafalter-bis-brauner-baer","og_site_name":"Samenhaus Gartenblog","article_publisher":"https:\/\/de-de.facebook.com\/samenhaus","article_published_time":"2025-03-24T08:00:18+00:00","og_image":[{"width":1000,"height":563,"url":"https:\/\/www.samenhaus.de\/gartenblog\/wp-content\/uploads\/2025\/03\/Schmetterling-des-Jahres_17156465.jpg","type":"image\/jpeg"}],"author":"Holger","twitter_card":"summary_large_image","twitter_creator":"@samenhaus","twitter_site":"@samenhaus","twitter_misc":{"Verfasst von":"Holger","Gesch\u00e4tzte Lesezeit":"19\u00a0Minuten"},"schema":{"@context":"https:\/\/schema.org","@graph":[{"@type":"Article","@id":"https:\/\/www.samenhaus.de\/gartenblog\/schmetterling-des-jahres-von-aurorafalter-bis-brauner-baer#article","isPartOf":{"@id":"https:\/\/www.samenhaus.de\/gartenblog\/schmetterling-des-jahres-von-aurorafalter-bis-brauner-baer"},"author":{"name":"Holger","@id":"https:\/\/www.samenhaus.de\/gartenblog\/#\/schema\/person\/de169769587431893823f62b2ce06c04"},"headline":"Schmetterling des Jahres \u2013 von Aurorafalter bis Brauner B\u00e4r","datePublished":"2025-03-24T08:00:18+00:00","mainEntityOfPage":{"@id":"https:\/\/www.samenhaus.de\/gartenblog\/schmetterling-des-jahres-von-aurorafalter-bis-brauner-baer"},"wordCount":2676,"commentCount":0,"publisher":{"@id":"https:\/\/www.samenhaus.de\/gartenblog\/#organization"},"image":{"@id":"https:\/\/www.samenhaus.de\/gartenblog\/schmetterling-des-jahres-von-aurorafalter-bis-brauner-baer#primaryimage"},"thumbnailUrl":"https:\/\/www.samenhaus.de\/gartenblog\/wp-content\/uploads\/2025\/03\/Schmetterling-des-Jahres_17156465.jpg","inLanguage":"de","potentialAction":[{"@type":"CommentAction","name":"Comment","target":["https:\/\/www.samenhaus.de\/gartenblog\/schmetterling-des-jahres-von-aurorafalter-bis-brauner-baer#respond"]}],"copyrightYear":"2025","copyrightHolder":{"@id":"https:\/\/www.samenhaus.de\/gartenblog\/#organization"}},{"@type":"WebPage","@id":"https:\/\/www.samenhaus.de\/gartenblog\/schmetterling-des-jahres-von-aurorafalter-bis-brauner-baer","url":"https:\/\/www.samenhaus.de\/gartenblog\/schmetterling-des-jahres-von-aurorafalter-bis-brauner-baer","name":"Schmetterling des Jahres \u2013 von Aurorafalter bis Brauner B\u00e4r - Samenhaus Gartenblog","isPartOf":{"@id":"https:\/\/www.samenhaus.de\/gartenblog\/#website"},"primaryImageOfPage":{"@id":"https:\/\/www.samenhaus.de\/gartenblog\/schmetterling-des-jahres-von-aurorafalter-bis-brauner-baer#primaryimage"},"image":{"@id":"https:\/\/www.samenhaus.de\/gartenblog\/schmetterling-des-jahres-von-aurorafalter-bis-brauner-baer#primaryimage"},"thumbnailUrl":"https:\/\/www.samenhaus.de\/gartenblog\/wp-content\/uploads\/2025\/03\/Schmetterling-des-Jahres_17156465.jpg","datePublished":"2025-03-24T08:00:18+00:00","description":"Jedes Jahr wird ein Schmetterling des Jahres gek\u00fcrt. Wir stellen Ihnen die Schmetterlinge vor, damit Sie diese im Garten erkennen.","breadcrumb":{"@id":"https:\/\/www.samenhaus.de\/gartenblog\/schmetterling-des-jahres-von-aurorafalter-bis-brauner-baer#breadcrumb"},"inLanguage":"de","potentialAction":[{"@type":"ReadAction","target":["https:\/\/www.samenhaus.de\/gartenblog\/schmetterling-des-jahres-von-aurorafalter-bis-brauner-baer"]}]},{"@type":"ImageObject","inLanguage":"de","@id":"https:\/\/www.samenhaus.de\/gartenblog\/schmetterling-des-jahres-von-aurorafalter-bis-brauner-baer#primaryimage","url":"https:\/\/www.samenhaus.de\/gartenblog\/wp-content\/uploads\/2025\/03\/Schmetterling-des-Jahres_17156465.jpg","contentUrl":"https:\/\/www.samenhaus.de\/gartenblog\/wp-content\/uploads\/2025\/03\/Schmetterling-des-Jahres_17156465.jpg","width":1000,"height":563,"caption":"Schmetterling des Jahres"},{"@type":"BreadcrumbList","@id":"https:\/\/www.samenhaus.de\/gartenblog\/schmetterling-des-jahres-von-aurorafalter-bis-brauner-baer#breadcrumb","itemListElement":[{"@type":"ListItem","position":1,"name":"Startseite","item":"https:\/\/www.samenhaus.de\/gartenblog\/"},{"@type":"ListItem","position":2,"name":"Schmetterling des Jahres \u2013 von Aurorafalter bis Brauner B\u00e4r"}]},{"@type":"WebSite","@id":"https:\/\/www.samenhaus.de\/gartenblog\/#website","url":"https:\/\/www.samenhaus.de\/gartenblog\/","name":"Samenhaus Gartenblog","description":"","publisher":{"@id":"https:\/\/www.samenhaus.de\/gartenblog\/#organization"},"potentialAction":[{"@type":"SearchAction","target":{"@type":"EntryPoint","urlTemplate":"https:\/\/www.samenhaus.de\/gartenblog\/?s={search_term_string}"},"query-input":{"@type":"PropertyValueSpecification","valueRequired":true,"valueName":"search_term_string"}}],"inLanguage":"de"},{"@type":"Organization","@id":"https:\/\/www.samenhaus.de\/gartenblog\/#organization","name":"Samenhaus.de Gartenblog","url":"https:\/\/www.samenhaus.de\/gartenblog\/","logo":{"@type":"ImageObject","inLanguage":"de","@id":"https:\/\/www.samenhaus.de\/gartenblog\/#\/schema\/logo\/image\/","url":"https:\/\/www.samenhaus.de\/gartenblog\/wp-content\/uploads\/2020\/11\/logo.svg","contentUrl":"https:\/\/www.samenhaus.de\/gartenblog\/wp-content\/uploads\/2020\/11\/logo.svg","width":1,"height":1,"caption":"Samenhaus.de Gartenblog"},"image":{"@id":"https:\/\/www.samenhaus.de\/gartenblog\/#\/schema\/logo\/image\/"},"sameAs":["https:\/\/de-de.facebook.com\/samenhaus","https:\/\/x.com\/samenhaus"]},{"@type":"Person","@id":"https:\/\/www.samenhaus.de\/gartenblog\/#\/schema\/person\/de169769587431893823f62b2ce06c04","name":"Holger","image":{"@type":"ImageObject","inLanguage":"de","@id":"https:\/\/www.samenhaus.de\/gartenblog\/wp-content\/uploads\/2026\/03\/Holger-150x150.png","url":"https:\/\/www.samenhaus.de\/gartenblog\/wp-content\/uploads\/2026\/03\/Holger-150x150.png","contentUrl":"https:\/\/www.samenhaus.de\/gartenblog\/wp-content\/uploads\/2026\/03\/Holger-150x150.png","caption":"Holger"},"description":"6.000.000 W\u00f6rter \u2013 so viel k\u00f6nnen Sie in etwa von mir online lesen. Das F\u00fcllen des Internets entwickelte sich nach meiner Ausbildung zum TV-Redakteur und der langj\u00e4hrigen Arbeit bei SAT.1 zu einem Fulltime-Job. Trotzdem finde ich noch gen\u00fcgend Zeit, um in meinem Garten zu werkeln. Eine Staude hier, ein Bl\u00fcmchen dort und ein bisschen Gem\u00fcse darf auch nicht fehlen \u2013 einen Schnitzelbaum gibt es ja noch nicht \u2026 Die besten geistigen Erg\u00fcsse habe ich \u00fcbrigens, wenn ich IM Garten \u00dcBER den Garten schreiben kann. So vereinen sich Beruf und Hobby perfekt \u2013 was gibt es Sch\u00f6neres?","url":"https:\/\/www.samenhaus.de\/gartenblog\/author\/holger"}]}},"wp-worthy-pixel":{"ignored":false,"public":"b6c9cba67214487f8de620c9b5d13ff0","server":"vg07.met.vgwort.de","url":"https:\/\/vg07.met.vgwort.de\/na\/b6c9cba67214487f8de620c9b5d13ff0"},"wp-worthy-type":"normal","_links":{"self":[{"href":"https:\/\/www.samenhaus.de\/gartenblog\/wp-json\/wp\/v2\/posts\/18308","targetHints":{"allow":["GET"]}}],"collection":[{"href":"https:\/\/www.samenhaus.de\/gartenblog\/wp-json\/wp\/v2\/posts"}],"about":[{"href":"https:\/\/www.samenhaus.de\/gartenblog\/wp-json\/wp\/v2\/types\/post"}],"author":[{"embeddable":true,"href":"https:\/\/www.samenhaus.de\/gartenblog\/wp-json\/wp\/v2\/users\/13"}],"replies":[{"embeddable":true,"href":"https:\/\/www.samenhaus.de\/gartenblog\/wp-json\/wp\/v2\/comments?post=18308"}],"version-history":[{"count":7,"href":"https:\/\/www.samenhaus.de\/gartenblog\/wp-json\/wp\/v2\/posts\/18308\/revisions"}],"predecessor-version":[{"id":21031,"href":"https:\/\/www.samenhaus.de\/gartenblog\/wp-json\/wp\/v2\/posts\/18308\/revisions\/21031"}],"wp:featuredmedia":[{"embeddable":true,"href":"https:\/\/www.samenhaus.de\/gartenblog\/wp-json\/wp\/v2\/media\/21032"}],"wp:attachment":[{"href":"https:\/\/www.samenhaus.de\/gartenblog\/wp-json\/wp\/v2\/media?parent=18308"}],"wp:term":[{"taxonomy":"category","embeddable":true,"href":"https:\/\/www.samenhaus.de\/gartenblog\/wp-json\/wp\/v2\/categories?post=18308"},{"taxonomy":"post_tag","embeddable":true,"href":"https:\/\/www.samenhaus.de\/gartenblog\/wp-json\/wp\/v2\/tags?post=18308"},{"taxonomy":"hersteller","embeddable":true,"href":"https:\/\/www.samenhaus.de\/gartenblog\/wp-json\/wp\/v2\/hersteller?post=18308"}],"curies":[{"name":"wp","href":"https:\/\/api.w.org\/{rel}","templated":true}]}}