{"id":18721,"date":"2025-04-27T09:00:06","date_gmt":"2025-04-27T07:00:06","guid":{"rendered":"https:\/\/www.samenhaus.de\/gartenblog\/?p=18721"},"modified":"2025-05-02T14:40:16","modified_gmt":"2025-05-02T12:40:16","slug":"palmen-im-garten-strandfeeling-fuer-zuhause","status":"publish","type":"post","link":"https:\/\/www.samenhaus.de\/gartenblog\/palmen-im-garten-strandfeeling-fuer-zuhause","title":{"rendered":"Palmen im Garten \u2013 Strandfeeling f\u00fcr Zuhause"},"content":{"rendered":"<p>Was w\u00e4ren die Karibik, Mallorca oder die Kanarischen Inseln ohne Palmen? Vorzugsweise wachsen sie in tropischen und subtropischen Gebieten unserer Erde, sind aber auch in L\u00e4ndern zu finden, die man nicht unbedingt auf dem Schirm hat. Etwa in der Schweiz, wo der F\u00f6hn f\u00fcr das passende Klima sorgt. Oder auch an der schottischen Westk\u00fcste \u2013 hier ist der Golfstrom daf\u00fcr verantwortlich, dass sich Palmen dort wohlf\u00fchlen. Aber wie sieht es in Deutschland aus? Auf nat\u00fcrliche Art wachsen Palmen hier nicht, dennoch gibt es zahlreiche Arten, die so frostresistent sind, dass man sich das Strandfeeling in den eigenen Garten holen kann.<\/p>\n<h2><span class=\"ez-toc-section\" id=\"8_Palmenarten_fuer_Ihren_Garten\"><\/span>8 Palmenarten f\u00fcr Ihren Garten<span class=\"ez-toc-section-end\"><\/span><\/h2>\n<p>Auch wenn Palmen besonders in warmen Klimazonen heimisch sind, gibt es einige Arten, denen kalte Temperaturen nicht viel ausmachen. Wir stellen Ihnen 8 <a href=\"https:\/\/www.samenhaus.de\/palmensamen\" target=\"_blank\" rel=\"noopener\">Palmen<\/a> vor, die winterhart oder zumindest frostresistent sind.<\/p>\n<table>\n<tbody>\n<tr>\n<td style=\"width: 150px;\"><\/td>\n<td style=\"padding-left: 15px; vertical-align: top;\">\n<h3><span class=\"ez-toc-section\" id=\"Blaue_Nadelpalme\"><\/span>Blaue Nadelpalme<span class=\"ez-toc-section-end\"><\/span><\/h3>\n<ul>\n<li><strong>Botanischer Name:<\/strong> <em>Trinthrinax campestris<\/em><\/li>\n<li><strong>Herkunft:<\/strong> S\u00fcdamerika, insbesondere aus Argentinien, Uruguay und Paraguay<\/li>\n<li><strong>Habitat:<\/strong> trockene, offene Savannen, Graslandschaften<\/li>\n<li><strong>Aussehen:<\/strong> robuster, zerkl\u00fcftet aussehender Stamm, steife, f\u00e4cherf\u00f6rmige Bl\u00e4tter mit einer grau-gr\u00fcnen bis bl\u00e4ulichen F\u00e4rbung, die in Segmente unterteilt sind und spitze, lange Enden besitzen<\/li>\n<li><strong>Wuchsh\u00f6he:<\/strong> bis zu 6 Meter<\/li>\n<li><strong>Wuchsgeschwindigkeit:<\/strong> 10 bis 15 cm pro Jahr<\/li>\n<li><strong>Pflege:<\/strong> vollsonnige Standorte, sandige, steinige oder lehmige B\u00f6den mit einer guten Drainage, niedriger Wasserbedarf, toleriert Trockenperioden, im Fr\u00fchling oder Sommer d\u00fcngen, dies f\u00f6rdert das Wachstum<\/li>\n<li><strong>Winterh\u00e4rte:<\/strong> bis zu -15 Grad, bedingt winterhart, vertr\u00e4gt nur trockene K\u00e4lte<\/li>\n<li><strong>Krankheiten und Sch\u00e4dlinge:<\/strong> Wurzelf\u00e4ule bei schlechter Drainage und zu viel Feuchtigkeit, keine relevanten Sch\u00e4dlinge, gelegentlich k\u00f6nnen Blattl\u00e4use, Spinnmilben oder Schildl\u00e4use auftreten.<\/li>\n<\/ul>\n<\/td>\n<\/tr>\n<\/tbody>\n<\/table>\n<table>\n<tbody>\n<tr>\n<td style=\"width: 150px;\"><\/td>\n<td style=\"padding-left: 15px; vertical-align: top;\">\n<h3><span class=\"ez-toc-section\" id=\"Blaue_Zwergpalme\"><\/span>Blaue Zwergpalme<span class=\"ez-toc-section-end\"><\/span><\/h3>\n<ul>\n<li><strong>Botanischer Name:<\/strong> <em>Chamaerops humilis cerifera<\/em><\/li>\n<li><strong>Herkunft:<\/strong> Marokko, haupts\u00e4chlich im Atlasgebirge<\/li>\n<li><strong>Habitat:<\/strong> trockenes, felsiges Hochgebirge<\/li>\n<li><strong>Aussehen:<\/strong> Stamm mit braunen Fasern bedeckt, meist mehrst\u00e4mmig, Bl\u00e4tter f\u00e4cherf\u00f6rmig blau-grau bis silbrig-blau, sie sind in Segmente unterteilt, wachsartige Beschichtung<\/li>\n<li><strong>Wuchsh\u00f6he:<\/strong> bis zu 3 Meter<\/li>\n<li><strong>Wuchsgeschwindigkeit:<\/strong> 10 bis 15 cm pro Jahr<\/li>\n<li><strong>Pflege:<\/strong> vollsonnige Standorte, sandige bis steinige B\u00f6den, toleriert aber beinahe alle Bodentypen, gute Drainage erforderlich, w\u00e4hrend der Wachstumsphase regelm\u00e4\u00dfig w\u00e4ssern, vertr\u00e4gt danach auch Trockenheit, f\u00fcr besseres Wachstum im Fr\u00fchling und Sommer je einmal d\u00fcngen<\/li>\n<li><strong>Winterh\u00e4rte:<\/strong> bis zu -15 Grad, bedingt winterhart, vertr\u00e4gt nur trockene K\u00e4lte<\/li>\n<li><strong>Krankheiten und Sch\u00e4dlinge:<\/strong> Wurzelf\u00e4ule bei schlechter Drainage und zu viel Feuchtigkeit, als Sch\u00e4dlinge k\u00f6nnen Spinnmilben, Wolll\u00e4use und Schildl\u00e4use auftreten, die die Palme bei zu starkem Befall sch\u00e4digen k\u00f6nnen.<\/li>\n<\/ul>\n<\/td>\n<\/tr>\n<\/tbody>\n<\/table>\n<table>\n<tbody>\n<tr>\n<td style=\"width: 150px;\"><a href=\"https:\/\/www.samenhaus.de\/gartenblog\/wp-content\/uploads\/2025\/05\/Palmen_577170460-scaled.jpeg\"><img loading=\"lazy\" decoding=\"async\" class=\"alignleft wp-image-21406 size-thumbnail\" src=\"https:\/\/www.samenhaus.de\/gartenblog\/wp-content\/uploads\/2025\/05\/Palmen_577170460-150x150.jpeg\" alt=\"Chinesische Hanfpalme\" width=\"150\" height=\"150\" srcset=\"https:\/\/www.samenhaus.de\/gartenblog\/wp-content\/uploads\/2025\/05\/Palmen_577170460-150x150.jpeg 150w, https:\/\/www.samenhaus.de\/gartenblog\/wp-content\/uploads\/2025\/05\/Palmen_577170460-80x80.jpeg 80w\" sizes=\"auto, (max-width: 150px) 100vw, 150px\" \/><\/a><\/td>\n<td style=\"padding-left: 15px; vertical-align: top;\">\n<h3><span class=\"ez-toc-section\" id=\"Chinesische_Hanfpalme\"><\/span>Chinesische Hanfpalme<span class=\"ez-toc-section-end\"><\/span><\/h3>\n<ul>\n<li><strong>Botanischer Name:<\/strong> <em>Trachycarpus fortunei<\/em><\/li>\n<li><strong>Herkunft:<\/strong> gem\u00e4\u00dfigte und subtropische Regionen Asiens, haupts\u00e4chlich in China, Myanmar und im Himalaya<\/li>\n<li><strong>Habitat:<\/strong> W\u00e4lder und Bergh\u00e4nge, oft in H\u00f6henlagen bis zu 2.400 Meter<\/li>\n<li><strong>Aussehen:<\/strong> robuster, mit dichten, braunen Fasern bedeckter Stamm mit haarigem Aussehen, gro\u00dfe, f\u00e4cherf\u00f6rmige Bl\u00e4tter die dunkelgr\u00fcn erscheinen, Bl\u00e4tter sind an langen, schlanken Stilen zu finden<\/li>\n<li><strong>Wuchsh\u00f6he:<\/strong> bis zu 10 Meter<\/li>\n<li><strong>Wuchsgeschwindigkeit:<\/strong> 15 bis 30 cm pro Jahr<\/li>\n<li><strong>Pflege:<\/strong> vollsonnige bis halbschattige Standorte, humusreicher Boden, w\u00e4chst auch in Sand- und Lehmb\u00f6den, gute Drainage erforderlich, muss regelm\u00e4\u00dfig gegossen werden, vertr\u00e4gt kurze Trockenperioden, im Fr\u00fchling und Sommer je einmal d\u00fcngen<\/li>\n<li><strong>Winterh\u00e4rte:<\/strong> bis zu -18 Grad<\/li>\n<li><strong>Krankheiten und Sch\u00e4dlinge:<\/strong> Wurzelf\u00e4ule durch zu hohe Feuchtigkeit oder schlechte Drainage, kann von Spinnmilben, Blattl\u00e4usen oder Wolll\u00e4usen befallen werden, die in zu gro\u00dfer Anzahl das Wachstum beeintr\u00e4chtigen k\u00f6nnen.<\/li>\n<\/ul>\n<\/td>\n<\/tr>\n<\/tbody>\n<\/table>\n<table>\n<tbody>\n<tr>\n<td style=\"width: 150px;\"><a href=\"https:\/\/www.samenhaus.de\/gartenblog\/wp-content\/uploads\/2025\/05\/Palmen_1128622845-scaled.jpeg\"><img loading=\"lazy\" decoding=\"async\" class=\"alignleft wp-image-21407 size-thumbnail\" src=\"https:\/\/www.samenhaus.de\/gartenblog\/wp-content\/uploads\/2025\/05\/Palmen_1128622845-150x150.jpeg\" alt=\"Kanarische Dattelpalme\" width=\"150\" height=\"150\" srcset=\"https:\/\/www.samenhaus.de\/gartenblog\/wp-content\/uploads\/2025\/05\/Palmen_1128622845-150x150.jpeg 150w, https:\/\/www.samenhaus.de\/gartenblog\/wp-content\/uploads\/2025\/05\/Palmen_1128622845-80x80.jpeg 80w\" sizes=\"auto, (max-width: 150px) 100vw, 150px\" \/><\/a><\/td>\n<td style=\"padding-left: 15px; vertical-align: top;\">\n<h3><span class=\"ez-toc-section\" id=\"Kanarische_Dattelpalme\"><\/span>Kanarische Dattelpalme<span class=\"ez-toc-section-end\"><\/span><\/h3>\n<ul>\n<li><strong>Botanischer Name:<\/strong> <em>Phoenix canariensis<\/em><\/li>\n<li><strong>Herkunft:<\/strong> Kanarische Inseln<\/li>\n<li><strong>Habitat:<\/strong> subtropische Klimazonen auf den Kanaren, auch in k\u00fcstennahen Regionen anzutreffen<\/li>\n<li><strong>Aussehen:<\/strong> robuster, dicker Stamm, der mit \u00dcberresten alter Blattbasen bedeckt ist und ihm eine raue Textur verleiht, gro\u00dfe, gefiederte und dunkelgr\u00fcne Bl\u00e4tter, sie bestehen aus zahlreichen schmalen und spitzen Fiederbl\u00e4ttchen<\/li>\n<li><strong>Wuchsh\u00f6he:<\/strong> bis zu 15 Meter<\/li>\n<li><strong>Wuchsgeschwindigkeit:<\/strong> 30 bis 60 cm pro Jahr<\/li>\n<li><strong>Pflege:<\/strong> vollsonnige Standorte, fruchtbarer Boden mit einer guten Drainage, hoher Wasserbedarf, daher \u2013 besonders in trockenen und hei\u00dfen Perioden \u2013 regelm\u00e4\u00dfig gie\u00dfen, im Fr\u00fchling und Sommer eine D\u00fcngergabe<\/li>\n<li><strong>Winterh\u00e4rte:<\/strong> bis zu -10 Grad<\/li>\n<li><strong>Krankheiten und Sch\u00e4dlinge:<\/strong> Anf\u00e4llig f\u00fcr verschiedene Pilzkrankheiten wie Fusarium-Welke und Rosaf\u00e4ule, kann von Sch\u00e4dlingen wie dem Roten Palmr\u00fcssler, Spinnmilben und Wolll\u00e4usen befallen werden.<\/li>\n<\/ul>\n<\/td>\n<\/tr>\n<\/tbody>\n<\/table>\n<table>\n<tbody>\n<tr>\n<td style=\"width: 150px;\"><img loading=\"lazy\" decoding=\"async\" class=\"alignleft wp-image-21404 size-thumbnail\" src=\"https:\/\/www.samenhaus.de\/gartenblog\/wp-content\/uploads\/2025\/05\/Palmen_291305316-150x150.jpeg\" alt=\"Nadelpalme\" width=\"150\" height=\"150\" srcset=\"https:\/\/www.samenhaus.de\/gartenblog\/wp-content\/uploads\/2025\/05\/Palmen_291305316-150x150.jpeg 150w, https:\/\/www.samenhaus.de\/gartenblog\/wp-content\/uploads\/2025\/05\/Palmen_291305316-80x80.jpeg 80w\" sizes=\"auto, (max-width: 150px) 100vw, 150px\" \/><\/td>\n<td style=\"padding-left: 15px; vertical-align: top;\">\n<h3><span class=\"ez-toc-section\" id=\"Nadelpalme\"><\/span>Nadelpalme<span class=\"ez-toc-section-end\"><\/span><\/h3>\n<ul>\n<li><strong>Botanischer Name:<\/strong> <em>Rhapidophyllum hystrix<\/em><\/li>\n<li><strong>Herkunft:<\/strong> s\u00fcd\u00f6stliche Gebiete der Vereinigten Staaten, haupts\u00e4chlich in Alabama, Florida, Georgia, Louisiana und South Carolina<\/li>\n<li><strong>Habitat:<\/strong> feuchte, sumpfige Gebiete, W\u00e4lder und an Flussufern<\/li>\n<li><strong>Aussehen:<\/strong> kurzer Stamm mit langen, nadelartigen Stacheln besetzt, gro\u00dfe, f\u00e4cherf\u00f6rmige Bl\u00e4tter mit scharfen, nadelartigen Spitzen, Bl\u00e4tter sind dunkelgr\u00fcn gef\u00e4rbt<\/li>\n<li><strong>Wuchsh\u00f6he:<\/strong> bis zu 3 Meter<\/li>\n<li><strong>Wuchsgeschwindigkeit:<\/strong> 5 bis 10 cm pro Jahr<\/li>\n<li><strong>Pflege:<\/strong> halbschattige bis schattige Standorte, toleriert eine Vielzahl von Bodentypen, gute Drainage erforderlich, braucht regelm\u00e4\u00dfige Gie\u00dfgaben, besonders in trockenen Perioden, im Fr\u00fchling und Sommer f\u00fcr besseres Wachstum je einmal d\u00fcngen<\/li>\n<li><strong>Winterh\u00e4rte:<\/strong> bis zu -20 Grad<\/li>\n<li><strong>Krankheiten und Sch\u00e4dlinge:<\/strong> Sehr widerstandsf\u00e4hig gegen Krankheiten, Wurzelf\u00e4ule kann durch eine schlechte Drainage entstehen, Blattl\u00e4use und Spinnmilben k\u00f6nnen auftreten, verursachen aber kaum Sch\u00e4den.<\/li>\n<\/ul>\n<\/td>\n<\/tr>\n<\/tbody>\n<\/table>\n<table>\n<tbody>\n<tr>\n<td style=\"width: 150px;\"><\/td>\n<td style=\"padding-left: 15px; vertical-align: top;\">\n<h3><span class=\"ez-toc-section\" id=\"Wagners_Hanfpalme\"><\/span>Wagners Hanfpalme<span class=\"ez-toc-section-end\"><\/span><\/h3>\n<ul>\n<li><strong>Botanischer Name:<\/strong> <em>Trachycarpus wagnerianus<\/em><\/li>\n<li><strong>Herkunft:<\/strong> gem\u00e4\u00dfigte und subtropische Regionen Asiens, haupts\u00e4chlich in China, Myanmar und im Himalaya, au\u00dferdem in Japan<\/li>\n<li><strong>Habitat:<\/strong> W\u00e4lder und Parks<\/li>\n<li><strong>Aussehen:<\/strong> robuster, mit dichten, braunen Fasern bedeckter Stamm mit haarigem Aussehen, kleine, f\u00e4cherf\u00f6rmige Bl\u00e4tter, die steif und dunkelgr\u00fcn sind<\/li>\n<li><strong>Wuchsh\u00f6he:<\/strong> bis zu 8 Meter<\/li>\n<li><strong>Wuchsgeschwindigkeit:<\/strong> 15 bis 30 cm pro Jahr<\/li>\n<li><strong>Pflege:<\/strong> sonnige bis halbschattige Standorte, fruchtbare B\u00f6den, kommt auch mit Lehm- und Sandboden zurecht, gute Drainage erforderlich, regelm\u00e4\u00dfig gie\u00dfen, vertr\u00e4gt aber auch kurze Trockenperioden, im Fr\u00fchling und Sommer je eine D\u00fcngergabe<\/li>\n<li><strong>Winterh\u00e4rte:<\/strong> bis zu -18 Grad<\/li>\n<li><strong>Krankheiten und Sch\u00e4dlinge:<\/strong> Bei \u00fcberm\u00e4\u00dfiger Feuchtigkeit kann Wurzelf\u00e4ule auftreten, Spinnmilben, Blattl\u00e4use und Wolll\u00e4use k\u00f6nnen in gro\u00dfer Anzahl zu Sch\u00e4den f\u00fchren.<\/li>\n<\/ul>\n<\/td>\n<\/tr>\n<\/tbody>\n<\/table>\n<table>\n<tbody>\n<tr>\n<td style=\"width: 150px;\"><a href=\"https:\/\/www.samenhaus.de\/gartenblog\/wp-content\/uploads\/2025\/05\/Palmen_100792738-scaled.jpeg\"><img loading=\"lazy\" decoding=\"async\" class=\"alignleft wp-image-21403 size-thumbnail\" src=\"https:\/\/www.samenhaus.de\/gartenblog\/wp-content\/uploads\/2025\/05\/Palmen_100792738-150x150.jpeg\" alt=\"Yucca-Palme\" width=\"150\" height=\"150\" srcset=\"https:\/\/www.samenhaus.de\/gartenblog\/wp-content\/uploads\/2025\/05\/Palmen_100792738-150x150.jpeg 150w, https:\/\/www.samenhaus.de\/gartenblog\/wp-content\/uploads\/2025\/05\/Palmen_100792738-80x80.jpeg 80w\" sizes=\"auto, (max-width: 150px) 100vw, 150px\" \/><\/a><\/td>\n<td style=\"padding-left: 15px; vertical-align: top;\">\n<h3><span class=\"ez-toc-section\" id=\"Yucca-Palme\"><\/span>Yucca-Palme<span class=\"ez-toc-section-end\"><\/span><\/h3>\n<ul>\n<li><strong>Botanischer Name:<\/strong> <em>Yucca<\/em><\/li>\n<li><strong>Herkunft:<\/strong> Nord- und Mittelamerika, haupts\u00e4chlich in den USA und Mexiko<\/li>\n<li><strong>Habitat:<\/strong> trockene, w\u00fcstenartige Regionen in sonnigen Gebieten<\/li>\n<li><strong>Aussehen:<\/strong> mit alten Blattscheiden bedeckter Stamm mit rauer Textur, buschige bis baumartige Wuchsform, lange, schmale und schwertf\u00f6rmige Bl\u00e4tter, die oft stachelig und steif sind, die Farbe variiert von gr\u00fcn \u00fcber bl\u00e4ulich-gr\u00fcn bis zu grau-gr\u00fcn<\/li>\n<li><strong>Wuchsh\u00f6he:<\/strong> bis zu 3 Meter<\/li>\n<li><strong>Wuchsgeschwindigkeit:<\/strong> 5 bis 30 cm pro Jahr<\/li>\n<li><strong>Pflege:<\/strong> sonnige bis halbschattige Standorte, sehr trockenresistent, daher nur wenige Wassergaben n\u00f6tig, vertragen keine Staun\u00e4sse, daher ist eine gute Drainage erforderlich, keine D\u00fcngung n\u00f6tig<\/li>\n<li><strong>Winterh\u00e4rte:<\/strong> bis zu -15 Grad<\/li>\n<li><strong>Krankheiten und Sch\u00e4dlinge:<\/strong> Zu gro\u00dfe Feuchte kann zu Wurzelf\u00e4ule f\u00fchren, Sch\u00e4dlinge wie Spinnmilben, Blattl\u00e4use und Wurzell\u00e4use k\u00f6nnen auftreten, verursachen aber kaum nachhaltige Sch\u00e4den.<\/li>\n<\/ul>\n<\/td>\n<\/tr>\n<\/tbody>\n<\/table>\n<table>\n<tbody>\n<tr>\n<td style=\"width: 150px;\"><a href=\"https:\/\/www.samenhaus.de\/gartenblog\/wp-content\/uploads\/2025\/05\/Palmen_353542721-scaled.jpeg\"><img loading=\"lazy\" decoding=\"async\" class=\"alignleft wp-image-21405 size-thumbnail\" src=\"https:\/\/www.samenhaus.de\/gartenblog\/wp-content\/uploads\/2025\/05\/Palmen_353542721-150x150.jpeg\" alt=\"Zwergpalmetto\" width=\"150\" height=\"150\" srcset=\"https:\/\/www.samenhaus.de\/gartenblog\/wp-content\/uploads\/2025\/05\/Palmen_353542721-150x150.jpeg 150w, https:\/\/www.samenhaus.de\/gartenblog\/wp-content\/uploads\/2025\/05\/Palmen_353542721-80x80.jpeg 80w\" sizes=\"auto, (max-width: 150px) 100vw, 150px\" \/><\/a><\/td>\n<td style=\"padding-left: 15px; vertical-align: top;\">\n<h3><span class=\"ez-toc-section\" id=\"Zwergpalmetto\"><\/span>Zwergpalmetto<span class=\"ez-toc-section-end\"><\/span><\/h3>\n<ul>\n<li><strong>Botanischer Name:<\/strong> <em>Sabal minor<\/em><\/li>\n<li><strong>Herkunft:<\/strong> s\u00fcd\u00f6stliche Regionen der Vereinigten Staaten, haupts\u00e4chlich in Texas, Louisiana, Florida, Georgia, South Carolina, Mississippi und North Carolina<\/li>\n<li><strong>Habitat:<\/strong> sumpfige, feuchte Gebiete, an Fluss- und Seeufern<\/li>\n<li><strong>Aussehen:<\/strong> kurzer Stamm mit F\u00e4chern aus Bl\u00e4ttern, die direkt aus der Erde wachsen, die gro\u00dfen Bl\u00e4tter sind bl\u00e4ulich-gr\u00fcn und haben tief eingeschnittene Segmente<\/li>\n<li><strong>Wuchsh\u00f6he:<\/strong> bis zu 3 Meter<\/li>\n<li><strong>Wuchsgeschwindigkeit:<\/strong> 10 bis 30 cm pro Jahr<\/li>\n<li><strong>Pflege:<\/strong> sonnige bis halbschattige Standorte, sandige bis lehmige B\u00f6den mit einer guten Drainage, gut trockenresistent, daher nur geringe Gie\u00dfgaben, im Fr\u00fchling und Sommer je einmal d\u00fcngen<\/li>\n<li><strong>Winterh\u00e4rte:<\/strong> bis zu -12 Grad<\/li>\n<li><strong>Krankheiten und Sch\u00e4dlinge:<\/strong> Kaum Krankheiten bekannt, Wurzelf\u00e4ule kann bei zu nassem Boden oder einer fehlenden Drainage entstehen, Blattl\u00e4use, Spinnmilben und Schildl\u00e4use k\u00f6nnen bei zu gro\u00dfer Anzahl das Wachstum beeintr\u00e4chtigen.<\/li>\n<\/ul>\n<\/td>\n<\/tr>\n<\/tbody>\n<\/table>\n<h2><span class=\"ez-toc-section\" id=\"Schutzmassnahmen_fuer_Palmen_im_Garten\"><\/span>Schutzma\u00dfnahmen f\u00fcr Palmen im Garten<span class=\"ez-toc-section-end\"><\/span><\/h2>\n<p>Auch wenn Palmen winterhart sind, k\u00f6nnen sie anf\u00e4llig f\u00fcr kalte Witterungen sein. Insbesondere dann, wenn zur K\u00e4lte auch noch N\u00e4sse kommt, denn diese vertr\u00e4gt kaum eine Palme. Deswegen ist es durchaus sinnvoll, Palmen, die im Garten gepflanzt sind, zus\u00e4tzlich zu sch\u00fctzen:<\/p>\n<ul>\n<li>Bei geringem Frost gen\u00fcgt es, eine Schicht aus Laub oder Rindenmulch auf dem Boden zu verteilen, um den Wurzelbereich zu sch\u00fctzen.<\/li>\n<li>Der Stamm kann bei st\u00e4rkerem Frost mit einem Thermo-Vlies, einer Luftpolsterfolie oder mit Kokosmatten ummantelt werden.<\/li>\n<li>Zus\u00e4tzlich k\u00f6nnen Sie die Wedel vorsichtig zusammenbinden und mit einer Vlieshaube versehen.<\/li>\n<li>Palmen, die im K\u00fcbel gepflanzt sind, k\u00f6nnen Sie auf eine Styroporplatte stellen, den Topf mit Vlies umwickeln und den K\u00fcbel nahe der Hauswand aufstellen.<\/li>\n<\/ul>\n<p>Achtung: Junge Palmen bis zu einem Alter von 2 Jahren sollten im Winter immer einen Schutz erhalten. Idealerweise setzen Sie die Palmen erst nach dieser Zeit in den Garten und halten sie bis dahin im K\u00fcbel. In diesem Fall sollten Sie sie in ein unbeheiztes und frostsicheres Winterquartier stellen.<\/p>\n","protected":false},"excerpt":{"rendered":"<p>Was w\u00e4ren die Karibik, Mallorca oder die Kanarischen Inseln ohne Palmen? Vorzugsweise wachsen sie in tropischen und subtropischen Gebieten unserer Erde, sind aber auch in L\u00e4ndern zu finden, die man nicht unbedingt auf dem Schirm hat. Etwa in der Schweiz, wo der F\u00f6hn f\u00fcr das passende Klima sorgt. Oder auch an der schottischen Westk\u00fcste \u2013 hier ist der Golfstrom daf\u00fcr verantwortlich, dass sich Palmen dort wohlf\u00fchlen. Aber wie sieht es in Deutschland aus? Auf nat\u00fcrliche Art wachsen Palmen hier nicht, dennoch gibt es zahlreiche Arten, die so frostresistent sind, dass man sich das Strandfeeling in den eigenen Garten holen kann. 8 Palmenarten f\u00fcr Ihren Garten Auch wenn Palmen besonders in warmen Klimazonen heimisch sind, gibt es einige Arten, denen kalte Temperaturen nicht viel ausmachen. Wir stellen Ihnen 8 Palmen vor, die winterhart oder zumindest frostresistent sind. Blaue Nadelpalme Botanischer Name: Trinthrinax campestris Herkunft: S\u00fcdamerika, insbesondere aus Argentinien, Uruguay und Paraguay Habitat: trockene, offene Savannen, Graslandschaften Aussehen: robuster, zerkl\u00fcftet aussehender Stamm, steife, f\u00e4cherf\u00f6rmige Bl\u00e4tter mit einer grau-gr\u00fcnen bis bl\u00e4ulichen F\u00e4rbung, die in Segmente unterteilt sind und spitze, lange Enden besitzen Wuchsh\u00f6he: bis zu 6 Meter Wuchsgeschwindigkeit: 10 bis 15 cm pro Jahr Pflege: vollsonnige Standorte, sandige, steinige oder lehmige B\u00f6den mit [&hellip;]<\/p>\n","protected":false},"author":13,"featured_media":21408,"comment_status":"open","ping_status":"open","sticky":false,"template":"","format":"standard","meta":{"_acf_changed":false,"footnotes":""},"categories":[3],"tags":[],"hersteller":[],"class_list":["post-18721","post","type-post","status-publish","format-standard","has-post-thumbnail","hentry","category-gartentipps"],"acf":[],"yoast_head":"<!-- This site is optimized with the Yoast SEO plugin v27.4 - https:\/\/yoast.com\/product\/yoast-seo-wordpress\/ -->\n<title>Palmen im Garten \u2013 Strandfeeling f\u00fcr Zuhause - Samenhaus Gartenblog<\/title>\n<meta name=\"description\" content=\"Entdecken Sie winterharte Palmen f\u00fcr Ihren Garten! Erfahren Sie, welche Arten frostresistent sind und Tipps zur Pflege in kalten Klimazonen. Jetzt informieren!\" \/>\n<meta name=\"robots\" content=\"index, follow, max-snippet:-1, max-image-preview:large, max-video-preview:-1\" \/>\n<link rel=\"canonical\" href=\"https:\/\/www.samenhaus.de\/gartenblog\/palmen-im-garten-strandfeeling-fuer-zuhause\" \/>\n<meta property=\"og:locale\" content=\"de_DE\" \/>\n<meta property=\"og:type\" content=\"article\" \/>\n<meta property=\"og:title\" content=\"Palmen im Garten \u2013 Strandfeeling f\u00fcr Zuhause - Samenhaus Gartenblog\" \/>\n<meta property=\"og:description\" content=\"Entdecken Sie winterharte Palmen f\u00fcr Ihren Garten! Erfahren Sie, welche Arten frostresistent sind und Tipps zur Pflege in kalten Klimazonen. Jetzt informieren!\" \/>\n<meta property=\"og:url\" content=\"https:\/\/www.samenhaus.de\/gartenblog\/palmen-im-garten-strandfeeling-fuer-zuhause\" \/>\n<meta property=\"og:site_name\" content=\"Samenhaus Gartenblog\" \/>\n<meta property=\"article:publisher\" content=\"https:\/\/de-de.facebook.com\/samenhaus\" \/>\n<meta property=\"article:published_time\" content=\"2025-04-27T07:00:06+00:00\" \/>\n<meta property=\"article:modified_time\" content=\"2025-05-02T12:40:16+00:00\" \/>\n<meta property=\"og:image\" content=\"https:\/\/www.samenhaus.de\/gartenblog\/wp-content\/uploads\/2025\/05\/Palmen_1371964220.jpg\" \/>\n\t<meta property=\"og:image:width\" content=\"1000\" \/>\n\t<meta property=\"og:image:height\" content=\"563\" \/>\n\t<meta property=\"og:image:type\" content=\"image\/jpeg\" \/>\n<meta name=\"author\" content=\"Holger\" \/>\n<meta name=\"twitter:card\" content=\"summary_large_image\" \/>\n<meta name=\"twitter:creator\" content=\"@samenhaus\" \/>\n<meta name=\"twitter:site\" content=\"@samenhaus\" \/>\n<meta name=\"twitter:label1\" content=\"Verfasst von\" \/>\n\t<meta name=\"twitter:data1\" content=\"Holger\" \/>\n\t<meta name=\"twitter:label2\" content=\"Gesch\u00e4tzte Lesezeit\" \/>\n\t<meta name=\"twitter:data2\" content=\"9\u00a0Minuten\" \/>\n<script type=\"application\/ld+json\" class=\"yoast-schema-graph\">{\"@context\":\"https:\\\/\\\/schema.org\",\"@graph\":[{\"@type\":\"Article\",\"@id\":\"https:\\\/\\\/www.samenhaus.de\\\/gartenblog\\\/palmen-im-garten-strandfeeling-fuer-zuhause#article\",\"isPartOf\":{\"@id\":\"https:\\\/\\\/www.samenhaus.de\\\/gartenblog\\\/palmen-im-garten-strandfeeling-fuer-zuhause\"},\"author\":{\"name\":\"Holger\",\"@id\":\"https:\\\/\\\/www.samenhaus.de\\\/gartenblog\\\/#\\\/schema\\\/person\\\/de169769587431893823f62b2ce06c04\"},\"headline\":\"Palmen im Garten \u2013 Strandfeeling f\u00fcr Zuhause\",\"datePublished\":\"2025-04-27T07:00:06+00:00\",\"dateModified\":\"2025-05-02T12:40:16+00:00\",\"mainEntityOfPage\":{\"@id\":\"https:\\\/\\\/www.samenhaus.de\\\/gartenblog\\\/palmen-im-garten-strandfeeling-fuer-zuhause\"},\"wordCount\":1450,\"commentCount\":0,\"publisher\":{\"@id\":\"https:\\\/\\\/www.samenhaus.de\\\/gartenblog\\\/#organization\"},\"image\":{\"@id\":\"https:\\\/\\\/www.samenhaus.de\\\/gartenblog\\\/palmen-im-garten-strandfeeling-fuer-zuhause#primaryimage\"},\"thumbnailUrl\":\"https:\\\/\\\/www.samenhaus.de\\\/gartenblog\\\/wp-content\\\/uploads\\\/2025\\\/05\\\/Palmen_1371964220.jpg\",\"articleSection\":[\"Gartentipps\"],\"inLanguage\":\"de\",\"potentialAction\":[{\"@type\":\"CommentAction\",\"name\":\"Comment\",\"target\":[\"https:\\\/\\\/www.samenhaus.de\\\/gartenblog\\\/palmen-im-garten-strandfeeling-fuer-zuhause#respond\"]}],\"copyrightYear\":\"2025\",\"copyrightHolder\":{\"@id\":\"https:\\\/\\\/www.samenhaus.de\\\/gartenblog\\\/#organization\"}},{\"@type\":\"WebPage\",\"@id\":\"https:\\\/\\\/www.samenhaus.de\\\/gartenblog\\\/palmen-im-garten-strandfeeling-fuer-zuhause\",\"url\":\"https:\\\/\\\/www.samenhaus.de\\\/gartenblog\\\/palmen-im-garten-strandfeeling-fuer-zuhause\",\"name\":\"Palmen im Garten \u2013 Strandfeeling f\u00fcr Zuhause - Samenhaus Gartenblog\",\"isPartOf\":{\"@id\":\"https:\\\/\\\/www.samenhaus.de\\\/gartenblog\\\/#website\"},\"primaryImageOfPage\":{\"@id\":\"https:\\\/\\\/www.samenhaus.de\\\/gartenblog\\\/palmen-im-garten-strandfeeling-fuer-zuhause#primaryimage\"},\"image\":{\"@id\":\"https:\\\/\\\/www.samenhaus.de\\\/gartenblog\\\/palmen-im-garten-strandfeeling-fuer-zuhause#primaryimage\"},\"thumbnailUrl\":\"https:\\\/\\\/www.samenhaus.de\\\/gartenblog\\\/wp-content\\\/uploads\\\/2025\\\/05\\\/Palmen_1371964220.jpg\",\"datePublished\":\"2025-04-27T07:00:06+00:00\",\"dateModified\":\"2025-05-02T12:40:16+00:00\",\"description\":\"Entdecken Sie winterharte Palmen f\u00fcr Ihren Garten! Erfahren Sie, welche Arten frostresistent sind und Tipps zur Pflege in kalten Klimazonen. Jetzt informieren!\",\"breadcrumb\":{\"@id\":\"https:\\\/\\\/www.samenhaus.de\\\/gartenblog\\\/palmen-im-garten-strandfeeling-fuer-zuhause#breadcrumb\"},\"inLanguage\":\"de\",\"potentialAction\":[{\"@type\":\"ReadAction\",\"target\":[\"https:\\\/\\\/www.samenhaus.de\\\/gartenblog\\\/palmen-im-garten-strandfeeling-fuer-zuhause\"]}]},{\"@type\":\"ImageObject\",\"inLanguage\":\"de\",\"@id\":\"https:\\\/\\\/www.samenhaus.de\\\/gartenblog\\\/palmen-im-garten-strandfeeling-fuer-zuhause#primaryimage\",\"url\":\"https:\\\/\\\/www.samenhaus.de\\\/gartenblog\\\/wp-content\\\/uploads\\\/2025\\\/05\\\/Palmen_1371964220.jpg\",\"contentUrl\":\"https:\\\/\\\/www.samenhaus.de\\\/gartenblog\\\/wp-content\\\/uploads\\\/2025\\\/05\\\/Palmen_1371964220.jpg\",\"width\":1000,\"height\":563,\"caption\":\"Palmenblatt\"},{\"@type\":\"BreadcrumbList\",\"@id\":\"https:\\\/\\\/www.samenhaus.de\\\/gartenblog\\\/palmen-im-garten-strandfeeling-fuer-zuhause#breadcrumb\",\"itemListElement\":[{\"@type\":\"ListItem\",\"position\":1,\"name\":\"Startseite\",\"item\":\"https:\\\/\\\/www.samenhaus.de\\\/gartenblog\\\/\"},{\"@type\":\"ListItem\",\"position\":2,\"name\":\"Palmen im Garten \u2013 Strandfeeling f\u00fcr Zuhause\"}]},{\"@type\":\"WebSite\",\"@id\":\"https:\\\/\\\/www.samenhaus.de\\\/gartenblog\\\/#website\",\"url\":\"https:\\\/\\\/www.samenhaus.de\\\/gartenblog\\\/\",\"name\":\"Samenhaus Gartenblog\",\"description\":\"\",\"publisher\":{\"@id\":\"https:\\\/\\\/www.samenhaus.de\\\/gartenblog\\\/#organization\"},\"potentialAction\":[{\"@type\":\"SearchAction\",\"target\":{\"@type\":\"EntryPoint\",\"urlTemplate\":\"https:\\\/\\\/www.samenhaus.de\\\/gartenblog\\\/?s={search_term_string}\"},\"query-input\":{\"@type\":\"PropertyValueSpecification\",\"valueRequired\":true,\"valueName\":\"search_term_string\"}}],\"inLanguage\":\"de\"},{\"@type\":\"Organization\",\"@id\":\"https:\\\/\\\/www.samenhaus.de\\\/gartenblog\\\/#organization\",\"name\":\"Samenhaus.de Gartenblog\",\"url\":\"https:\\\/\\\/www.samenhaus.de\\\/gartenblog\\\/\",\"logo\":{\"@type\":\"ImageObject\",\"inLanguage\":\"de\",\"@id\":\"https:\\\/\\\/www.samenhaus.de\\\/gartenblog\\\/#\\\/schema\\\/logo\\\/image\\\/\",\"url\":\"https:\\\/\\\/www.samenhaus.de\\\/gartenblog\\\/wp-content\\\/uploads\\\/2020\\\/11\\\/logo.svg\",\"contentUrl\":\"https:\\\/\\\/www.samenhaus.de\\\/gartenblog\\\/wp-content\\\/uploads\\\/2020\\\/11\\\/logo.svg\",\"width\":1,\"height\":1,\"caption\":\"Samenhaus.de Gartenblog\"},\"image\":{\"@id\":\"https:\\\/\\\/www.samenhaus.de\\\/gartenblog\\\/#\\\/schema\\\/logo\\\/image\\\/\"},\"sameAs\":[\"https:\\\/\\\/de-de.facebook.com\\\/samenhaus\",\"https:\\\/\\\/x.com\\\/samenhaus\"]},{\"@type\":\"Person\",\"@id\":\"https:\\\/\\\/www.samenhaus.de\\\/gartenblog\\\/#\\\/schema\\\/person\\\/de169769587431893823f62b2ce06c04\",\"name\":\"Holger\",\"image\":{\"@type\":\"ImageObject\",\"inLanguage\":\"de\",\"@id\":\"https:\\\/\\\/www.samenhaus.de\\\/gartenblog\\\/wp-content\\\/uploads\\\/2026\\\/03\\\/Holger-150x150.png\",\"url\":\"https:\\\/\\\/www.samenhaus.de\\\/gartenblog\\\/wp-content\\\/uploads\\\/2026\\\/03\\\/Holger-150x150.png\",\"contentUrl\":\"https:\\\/\\\/www.samenhaus.de\\\/gartenblog\\\/wp-content\\\/uploads\\\/2026\\\/03\\\/Holger-150x150.png\",\"caption\":\"Holger\"},\"description\":\"6.000.000 W\u00f6rter \u2013 so viel k\u00f6nnen Sie in etwa von mir online lesen. Das F\u00fcllen des Internets entwickelte sich nach meiner Ausbildung zum TV-Redakteur und der langj\u00e4hrigen Arbeit bei SAT.1 zu einem Fulltime-Job. Trotzdem finde ich noch gen\u00fcgend Zeit, um in meinem Garten zu werkeln. Eine Staude hier, ein Bl\u00fcmchen dort und ein bisschen Gem\u00fcse darf auch nicht fehlen \u2013 einen Schnitzelbaum gibt es ja noch nicht \u2026 Die besten geistigen Erg\u00fcsse habe ich \u00fcbrigens, wenn ich IM Garten \u00dcBER den Garten schreiben kann. So vereinen sich Beruf und Hobby perfekt \u2013 was gibt es Sch\u00f6neres?\",\"url\":\"https:\\\/\\\/www.samenhaus.de\\\/gartenblog\\\/author\\\/holger\"}]}<\/script>\n<!-- \/ Yoast SEO plugin. -->","yoast_head_json":{"title":"Palmen im Garten \u2013 Strandfeeling f\u00fcr Zuhause - Samenhaus Gartenblog","description":"Entdecken Sie winterharte Palmen f\u00fcr Ihren Garten! Erfahren Sie, welche Arten frostresistent sind und Tipps zur Pflege in kalten Klimazonen. Jetzt informieren!","robots":{"index":"index","follow":"follow","max-snippet":"max-snippet:-1","max-image-preview":"max-image-preview:large","max-video-preview":"max-video-preview:-1"},"canonical":"https:\/\/www.samenhaus.de\/gartenblog\/palmen-im-garten-strandfeeling-fuer-zuhause","og_locale":"de_DE","og_type":"article","og_title":"Palmen im Garten \u2013 Strandfeeling f\u00fcr Zuhause - Samenhaus Gartenblog","og_description":"Entdecken Sie winterharte Palmen f\u00fcr Ihren Garten! Erfahren Sie, welche Arten frostresistent sind und Tipps zur Pflege in kalten Klimazonen. Jetzt informieren!","og_url":"https:\/\/www.samenhaus.de\/gartenblog\/palmen-im-garten-strandfeeling-fuer-zuhause","og_site_name":"Samenhaus Gartenblog","article_publisher":"https:\/\/de-de.facebook.com\/samenhaus","article_published_time":"2025-04-27T07:00:06+00:00","article_modified_time":"2025-05-02T12:40:16+00:00","og_image":[{"width":1000,"height":563,"url":"https:\/\/www.samenhaus.de\/gartenblog\/wp-content\/uploads\/2025\/05\/Palmen_1371964220.jpg","type":"image\/jpeg"}],"author":"Holger","twitter_card":"summary_large_image","twitter_creator":"@samenhaus","twitter_site":"@samenhaus","twitter_misc":{"Verfasst von":"Holger","Gesch\u00e4tzte Lesezeit":"9\u00a0Minuten"},"schema":{"@context":"https:\/\/schema.org","@graph":[{"@type":"Article","@id":"https:\/\/www.samenhaus.de\/gartenblog\/palmen-im-garten-strandfeeling-fuer-zuhause#article","isPartOf":{"@id":"https:\/\/www.samenhaus.de\/gartenblog\/palmen-im-garten-strandfeeling-fuer-zuhause"},"author":{"name":"Holger","@id":"https:\/\/www.samenhaus.de\/gartenblog\/#\/schema\/person\/de169769587431893823f62b2ce06c04"},"headline":"Palmen im Garten \u2013 Strandfeeling f\u00fcr Zuhause","datePublished":"2025-04-27T07:00:06+00:00","dateModified":"2025-05-02T12:40:16+00:00","mainEntityOfPage":{"@id":"https:\/\/www.samenhaus.de\/gartenblog\/palmen-im-garten-strandfeeling-fuer-zuhause"},"wordCount":1450,"commentCount":0,"publisher":{"@id":"https:\/\/www.samenhaus.de\/gartenblog\/#organization"},"image":{"@id":"https:\/\/www.samenhaus.de\/gartenblog\/palmen-im-garten-strandfeeling-fuer-zuhause#primaryimage"},"thumbnailUrl":"https:\/\/www.samenhaus.de\/gartenblog\/wp-content\/uploads\/2025\/05\/Palmen_1371964220.jpg","articleSection":["Gartentipps"],"inLanguage":"de","potentialAction":[{"@type":"CommentAction","name":"Comment","target":["https:\/\/www.samenhaus.de\/gartenblog\/palmen-im-garten-strandfeeling-fuer-zuhause#respond"]}],"copyrightYear":"2025","copyrightHolder":{"@id":"https:\/\/www.samenhaus.de\/gartenblog\/#organization"}},{"@type":"WebPage","@id":"https:\/\/www.samenhaus.de\/gartenblog\/palmen-im-garten-strandfeeling-fuer-zuhause","url":"https:\/\/www.samenhaus.de\/gartenblog\/palmen-im-garten-strandfeeling-fuer-zuhause","name":"Palmen im Garten \u2013 Strandfeeling f\u00fcr Zuhause - Samenhaus Gartenblog","isPartOf":{"@id":"https:\/\/www.samenhaus.de\/gartenblog\/#website"},"primaryImageOfPage":{"@id":"https:\/\/www.samenhaus.de\/gartenblog\/palmen-im-garten-strandfeeling-fuer-zuhause#primaryimage"},"image":{"@id":"https:\/\/www.samenhaus.de\/gartenblog\/palmen-im-garten-strandfeeling-fuer-zuhause#primaryimage"},"thumbnailUrl":"https:\/\/www.samenhaus.de\/gartenblog\/wp-content\/uploads\/2025\/05\/Palmen_1371964220.jpg","datePublished":"2025-04-27T07:00:06+00:00","dateModified":"2025-05-02T12:40:16+00:00","description":"Entdecken Sie winterharte Palmen f\u00fcr Ihren Garten! Erfahren Sie, welche Arten frostresistent sind und Tipps zur Pflege in kalten Klimazonen. Jetzt informieren!","breadcrumb":{"@id":"https:\/\/www.samenhaus.de\/gartenblog\/palmen-im-garten-strandfeeling-fuer-zuhause#breadcrumb"},"inLanguage":"de","potentialAction":[{"@type":"ReadAction","target":["https:\/\/www.samenhaus.de\/gartenblog\/palmen-im-garten-strandfeeling-fuer-zuhause"]}]},{"@type":"ImageObject","inLanguage":"de","@id":"https:\/\/www.samenhaus.de\/gartenblog\/palmen-im-garten-strandfeeling-fuer-zuhause#primaryimage","url":"https:\/\/www.samenhaus.de\/gartenblog\/wp-content\/uploads\/2025\/05\/Palmen_1371964220.jpg","contentUrl":"https:\/\/www.samenhaus.de\/gartenblog\/wp-content\/uploads\/2025\/05\/Palmen_1371964220.jpg","width":1000,"height":563,"caption":"Palmenblatt"},{"@type":"BreadcrumbList","@id":"https:\/\/www.samenhaus.de\/gartenblog\/palmen-im-garten-strandfeeling-fuer-zuhause#breadcrumb","itemListElement":[{"@type":"ListItem","position":1,"name":"Startseite","item":"https:\/\/www.samenhaus.de\/gartenblog\/"},{"@type":"ListItem","position":2,"name":"Palmen im Garten \u2013 Strandfeeling f\u00fcr Zuhause"}]},{"@type":"WebSite","@id":"https:\/\/www.samenhaus.de\/gartenblog\/#website","url":"https:\/\/www.samenhaus.de\/gartenblog\/","name":"Samenhaus Gartenblog","description":"","publisher":{"@id":"https:\/\/www.samenhaus.de\/gartenblog\/#organization"},"potentialAction":[{"@type":"SearchAction","target":{"@type":"EntryPoint","urlTemplate":"https:\/\/www.samenhaus.de\/gartenblog\/?s={search_term_string}"},"query-input":{"@type":"PropertyValueSpecification","valueRequired":true,"valueName":"search_term_string"}}],"inLanguage":"de"},{"@type":"Organization","@id":"https:\/\/www.samenhaus.de\/gartenblog\/#organization","name":"Samenhaus.de Gartenblog","url":"https:\/\/www.samenhaus.de\/gartenblog\/","logo":{"@type":"ImageObject","inLanguage":"de","@id":"https:\/\/www.samenhaus.de\/gartenblog\/#\/schema\/logo\/image\/","url":"https:\/\/www.samenhaus.de\/gartenblog\/wp-content\/uploads\/2020\/11\/logo.svg","contentUrl":"https:\/\/www.samenhaus.de\/gartenblog\/wp-content\/uploads\/2020\/11\/logo.svg","width":1,"height":1,"caption":"Samenhaus.de Gartenblog"},"image":{"@id":"https:\/\/www.samenhaus.de\/gartenblog\/#\/schema\/logo\/image\/"},"sameAs":["https:\/\/de-de.facebook.com\/samenhaus","https:\/\/x.com\/samenhaus"]},{"@type":"Person","@id":"https:\/\/www.samenhaus.de\/gartenblog\/#\/schema\/person\/de169769587431893823f62b2ce06c04","name":"Holger","image":{"@type":"ImageObject","inLanguage":"de","@id":"https:\/\/www.samenhaus.de\/gartenblog\/wp-content\/uploads\/2026\/03\/Holger-150x150.png","url":"https:\/\/www.samenhaus.de\/gartenblog\/wp-content\/uploads\/2026\/03\/Holger-150x150.png","contentUrl":"https:\/\/www.samenhaus.de\/gartenblog\/wp-content\/uploads\/2026\/03\/Holger-150x150.png","caption":"Holger"},"description":"6.000.000 W\u00f6rter \u2013 so viel k\u00f6nnen Sie in etwa von mir online lesen. Das F\u00fcllen des Internets entwickelte sich nach meiner Ausbildung zum TV-Redakteur und der langj\u00e4hrigen Arbeit bei SAT.1 zu einem Fulltime-Job. Trotzdem finde ich noch gen\u00fcgend Zeit, um in meinem Garten zu werkeln. Eine Staude hier, ein Bl\u00fcmchen dort und ein bisschen Gem\u00fcse darf auch nicht fehlen \u2013 einen Schnitzelbaum gibt es ja noch nicht \u2026 Die besten geistigen Erg\u00fcsse habe ich \u00fcbrigens, wenn ich IM Garten \u00dcBER den Garten schreiben kann. So vereinen sich Beruf und Hobby perfekt \u2013 was gibt es Sch\u00f6neres?","url":"https:\/\/www.samenhaus.de\/gartenblog\/author\/holger"}]}},"wp-worthy-pixel":{"ignored":false,"public":"a2b7d7a55a0c4f018d6c6c2ddce323a1","server":"vg07.met.vgwort.de","url":"https:\/\/vg07.met.vgwort.de\/na\/a2b7d7a55a0c4f018d6c6c2ddce323a1"},"wp-worthy-type":"normal","_links":{"self":[{"href":"https:\/\/www.samenhaus.de\/gartenblog\/wp-json\/wp\/v2\/posts\/18721","targetHints":{"allow":["GET"]}}],"collection":[{"href":"https:\/\/www.samenhaus.de\/gartenblog\/wp-json\/wp\/v2\/posts"}],"about":[{"href":"https:\/\/www.samenhaus.de\/gartenblog\/wp-json\/wp\/v2\/types\/post"}],"author":[{"embeddable":true,"href":"https:\/\/www.samenhaus.de\/gartenblog\/wp-json\/wp\/v2\/users\/13"}],"replies":[{"embeddable":true,"href":"https:\/\/www.samenhaus.de\/gartenblog\/wp-json\/wp\/v2\/comments?post=18721"}],"version-history":[{"count":7,"href":"https:\/\/www.samenhaus.de\/gartenblog\/wp-json\/wp\/v2\/posts\/18721\/revisions"}],"predecessor-version":[{"id":21409,"href":"https:\/\/www.samenhaus.de\/gartenblog\/wp-json\/wp\/v2\/posts\/18721\/revisions\/21409"}],"wp:featuredmedia":[{"embeddable":true,"href":"https:\/\/www.samenhaus.de\/gartenblog\/wp-json\/wp\/v2\/media\/21408"}],"wp:attachment":[{"href":"https:\/\/www.samenhaus.de\/gartenblog\/wp-json\/wp\/v2\/media?parent=18721"}],"wp:term":[{"taxonomy":"category","embeddable":true,"href":"https:\/\/www.samenhaus.de\/gartenblog\/wp-json\/wp\/v2\/categories?post=18721"},{"taxonomy":"post_tag","embeddable":true,"href":"https:\/\/www.samenhaus.de\/gartenblog\/wp-json\/wp\/v2\/tags?post=18721"},{"taxonomy":"hersteller","embeddable":true,"href":"https:\/\/www.samenhaus.de\/gartenblog\/wp-json\/wp\/v2\/hersteller?post=18721"}],"curies":[{"name":"wp","href":"https:\/\/api.w.org\/{rel}","templated":true}]}}