{"id":19357,"date":"2025-02-27T09:00:46","date_gmt":"2025-02-27T08:00:46","guid":{"rendered":"https:\/\/www.samenhaus.de\/gartenblog\/?p=19357"},"modified":"2025-02-26T13:58:24","modified_gmt":"2025-02-26T12:58:24","slug":"so-legen-sie-einen-waldgarten-an","status":"publish","type":"post","link":"https:\/\/www.samenhaus.de\/gartenblog\/so-legen-sie-einen-waldgarten-an","title":{"rendered":"So legen Sie einen Waldgarten an"},"content":{"rendered":"<p>Waldg\u00e4rten liegen schon seit einer ganzen Weile voll im Trend und ein solcher Waldgarten \u00fcberzeugt mit zahlreichen Vorteilen. Wir erkl\u00e4ren Ihnen in diesem Artikel, was einen Waldgarten auszeichnet und worauf Sie beim Anlegen eines Waldgartens achten sollten.<\/p>\n<p>Grunds\u00e4tzlich w\u00e4chst die Zahl der Menschen, die sich f\u00fcr die Natur begeistern und aus diesem Grund f\u00fcr einen nat\u00fcrlichen Lebensstil interessieren. Entsprechend ist es keine \u00dcberraschung, dass Waldg\u00e4rten sich einer wachsenden Beliebtheit erfreuen. Ein Waldgarten \u00fcberzeugt unter anderem durch eine besondere Struktur und eine idyllische Gestaltung und wird dadurch zu einem R\u00fcckzugsort der Ruhe und Entspannung. Zus\u00e4tzlich leisten Sie mit einem Waldgarten auch einen wichtigen Beitrag f\u00fcr die Umwelt in Ihrer direkten Umgebung.<\/p>\n<p>Schlie\u00dflich kann ein Waldgarten f\u00fcr viele n\u00fctzliche Insekten und auch f\u00fcr Waldtiere eine neue Heimat werden. Zus\u00e4tzlich k\u00f6nnen sich auch eine ganze Reihe von Wildpflanzen in einem solchen Garten ansiedeln.<\/p>\n<h2><span class=\"ez-toc-section\" id=\"Worum_handelt_es_sich_bei_einem_Waldgarten\"><\/span>Worum handelt es sich bei einem Waldgarten?<span class=\"ez-toc-section-end\"><\/span><\/h2>\n<p><a href=\"https:\/\/www.samenhaus.de\/gartenblog\/wp-content\/uploads\/2025\/02\/Waldgarten_617041987-scaled.jpeg\"><img loading=\"lazy\" decoding=\"async\" class=\"alignright wp-image-20688\" src=\"https:\/\/www.samenhaus.de\/gartenblog\/wp-content\/uploads\/2025\/02\/Waldgarten_617041987-600x450.jpeg\" alt=\"Waldgarten Str\u00e4ucher\" width=\"300\" height=\"225\" srcset=\"https:\/\/www.samenhaus.de\/gartenblog\/wp-content\/uploads\/2025\/02\/Waldgarten_617041987-600x450.jpeg 600w, https:\/\/www.samenhaus.de\/gartenblog\/wp-content\/uploads\/2025\/02\/Waldgarten_617041987-1024x768.jpeg 1024w, https:\/\/www.samenhaus.de\/gartenblog\/wp-content\/uploads\/2025\/02\/Waldgarten_617041987-768x576.jpeg 768w, https:\/\/www.samenhaus.de\/gartenblog\/wp-content\/uploads\/2025\/02\/Waldgarten_617041987-1536x1152.jpeg 1536w, https:\/\/www.samenhaus.de\/gartenblog\/wp-content\/uploads\/2025\/02\/Waldgarten_617041987-scaled.jpeg 2048w\" sizes=\"auto, (max-width: 300px) 100vw, 300px\" \/><\/a>Ein G\u00e4rtner versucht bei einem Waldgarten, einen nat\u00fcrlichen Wald im eigenen Nutzgarten nachzubauen oder beizubehalten. Das Besondere bei einem Waldgarten ist der spezielle Aufbau, der sich deutlich von einem normalen Nutzgarten unterscheidet. Schlie\u00dflich wird ein Waldgarten nicht in unterschiedliche Beete eingeteilt, sondern vielmehr wird bei einem Waldgarten auf unterschiedliche Wuchsh\u00f6hen gesetzt.<\/p>\n<p>Ein Waldgarten besteht in der Regel aus mehreren Schichten, die auf einem begrenzten Raum \u00fcbereinander liegen. Bei diesen Schichten handelt es sich klassischerweise zun\u00e4chst um eine Krautschicht und eine Strauchschicht. Dar\u00fcber wird der Waldgarten in der H\u00f6he durch eine Baumschicht begrenzt.<\/p>\n<p>Durch eine st\u00e4rkere Einbindung von verschiedenen B\u00e4umen und Str\u00e4uchern k\u00f6nnen Sie in einem Waldgarten im Vergleich zu einem normalen Garten deutlich mehr Pflanzenarten auf gleicher Fl\u00e4che haben. Hierbei profitieren unter anderem Nutzpflanzen in unteren Schichten von mehr Schatten, der von der gr\u00f6\u00dferen Zahl an B\u00e4umen gespendet wird. Das sorgt wiederum f\u00fcr weniger Verdunstung im Bodenbereich und beugt einer Bodenerosion durch ein besseres Wachstum von Bodendeckern in der Krautschicht vor.<\/p>\n<p>Durch eine solche Gestaltung in Form eines Waldgartens k\u00f6nnen Sie also f\u00fcr einen nat\u00fcrlichen N\u00e4hrstoffkreislauf sorgen. Das hat unter anderem auch den Vorteil, dass ein solcher Waldgarten pflegeleicht und gleichzeitig auch nachhaltig ist.<\/p>\n<h2><span class=\"ez-toc-section\" id=\"Welche_Vorteile_bietet_ein_Waldgarten\"><\/span>Welche Vorteile bietet ein Waldgarten?<span class=\"ez-toc-section-end\"><\/span><\/h2>\n<p>Waldg\u00e4rten sind momentan schwer angesagt. Trotzdem stellt sich die Frage, ob es sich hierbei nur um einen kurzfristigen Trend handelt oder ob die Gestaltung als Waldgarten dauerhafte Vorteile bringt.<\/p>\n<p>Ein Waldgarten ist aber nicht einfach nur sch\u00f6n und \u00e4sthetisch. Vielmehr bietet ein Waldgarten eine ganze Reihe von relevanten Vorz\u00fcgen. Ein Waldgarten ist haupts\u00e4chlich f\u00fcr Wildtiere ein absolutes Highlight. Das h\u00e4ngt vor allem damit zusammen, dass es in Deutschland immer weniger naturbelassene W\u00e4lder gibt. Dabei sind solche W\u00e4lder f\u00fcr viele Tiere eigentlich ein optimaler Lebensraum. Ein Waldgarten kommt einem nat\u00fcrlichen Waldgebiet relativ nah und dadurch bietet sich ein solcher Waldgarten als R\u00fcckzugsort und Lebensraum beispielsweise f\u00fcr Hummeln, Bienen, Eichh\u00f6rnchen und zahlreiche Vogelarten an.<\/p>\n<p>Ein Waldgarten stellt aber gleicherma\u00dfen f\u00fcr eine gro\u00dfe Anzahl von Pflanzen einen perfekten Lebensraum dar. Durch die herrschenden H\u00f6henunterschiede bei den verschiedenen Pflanzen, Str\u00e4uchern und B\u00e4umen kann auf begrenztem Raum eine Vielzahl von einheimischen Pflanzen hervorragend leben. Speziell durch die schattigen Bereiche in einem Waldgarten leisten Sie einen wichtigen Beitrag f\u00fcr mehr Artenvielfalt in Ihrem eigenen Garten.<\/p>\n<p>Ein Waldgarten wird zur Permakultur gez\u00e4hlt. Das bedeutet, dass ein solcher Waldgarten zu einem dauerhaften \u00d6kosystem heranwachsen kann. Das hat f\u00fcr Sie nicht zuletzt den Vorteil, dass ein Waldgarten auf lange Sicht besonders pflegeleicht ist. So entf\u00e4llt etwa die j\u00e4hrliche Anpflanzung von neuen Pflanzen, weil Sie zu Beginn bei einem Waldgarten bewusst auf wiederkehrende und mehrj\u00e4hrige Arten bei der Anpflanzung setzen. Au\u00dferdem sorgt ein solcher dauerhafter Bewuchs daf\u00fcr, dass eine Erosion durch Wasser und Wind signifikant reduziert wird.<\/p>\n<p>Ein Waldgarten ben\u00f6tigt durch die besondere Gestaltung im Vergleich zu typischen Nutzg\u00e4rten auch deutlich weniger D\u00fcnger. Bei einer regelm\u00e4\u00dfigen Ernte, beispielsweise von Brombeeren und anderen Waldfr\u00fcchten, sollten Sie aber trotzdem zwischendurch eine D\u00fcngung vornehmen, um dem Boden wieder neue N\u00e4hrstoffe zuzuf\u00fchren.<\/p>\n<h2><span class=\"ez-toc-section\" id=\"Einen_Waldgarten_anlegen_und_sinnvoll_gestalten\"><\/span>Einen Waldgarten anlegen und sinnvoll gestalten<span class=\"ez-toc-section-end\"><\/span><\/h2>\n<p><a href=\"https:\/\/www.samenhaus.de\/gartenblog\/wp-content\/uploads\/2025\/02\/Waldgarten_84585331-scaled.jpeg\"><img loading=\"lazy\" decoding=\"async\" class=\"alignright wp-image-20686\" src=\"https:\/\/www.samenhaus.de\/gartenblog\/wp-content\/uploads\/2025\/02\/Waldgarten_84585331-600x397.jpeg\" alt=\"Waldgarten anlegen\" width=\"300\" height=\"199\" srcset=\"https:\/\/www.samenhaus.de\/gartenblog\/wp-content\/uploads\/2025\/02\/Waldgarten_84585331-600x400.jpeg 600w, https:\/\/www.samenhaus.de\/gartenblog\/wp-content\/uploads\/2025\/02\/Waldgarten_84585331-1024x678.jpeg 1024w, https:\/\/www.samenhaus.de\/gartenblog\/wp-content\/uploads\/2025\/02\/Waldgarten_84585331-768x509.jpeg 768w, https:\/\/www.samenhaus.de\/gartenblog\/wp-content\/uploads\/2025\/02\/Waldgarten_84585331-1536x1017.jpeg 1536w, https:\/\/www.samenhaus.de\/gartenblog\/wp-content\/uploads\/2025\/02\/Waldgarten_84585331-scaled.jpeg 2048w\" sizes=\"auto, (max-width: 300px) 100vw, 300px\" \/><\/a>Ein Waldgarten ist schon durch seine unterschiedlichen Ebenen besonders vielseitig. Genauso kann der Boden in verschiedenen Bereichen des Waldgartens sehr unterschiedlich sein. Im Zusammenspiel mit der N\u00e4hrstoffversorgung und dem Verh\u00e4ltnis von Schatten und Licht k\u00f6nnen sich im Waldgarten verschiedene kleinklimatische Bereiche entwickeln.<\/p>\n<p>Aus diesen Gr\u00fcnden sollten Sie bei der Auswahl der Pflanzen f\u00fcr den neuen Waldgarten aufgrund der Komplexit\u00e4t ausreichend Sorgfalt walten lassen. Grunds\u00e4tzlich kommen zahlreiche Pflanzen f\u00fcr einen Waldgarten infrage. Aber trotzdem sollten Sie bei der Auswahl unbedingt auf die jeweiligen Standortanspr\u00fcche achten.<\/p>\n<p>Passen die Anspr\u00fcche der Pflanzen nicht in das Gesamtkonzept des neuen Waldgartens, dann k\u00f6nnen sich diese Pflanzen auf Dauer nicht optimal entwickeln. Das kann wiederum zu mehr Arbeit durch Nachpflanzungen im Laufe der Zeit f\u00fchren. Jetzt gehen wir auf wichtige Elemente in einem Waldgarten ein.<\/p>\n<h3><span class=\"ez-toc-section\" id=\"Der_Boden_im_Waldgarten\"><\/span>Der Boden im Waldgarten<span class=\"ez-toc-section-end\"><\/span><\/h3>\n<p>Bevor Sie einfach Anpflanzungen vornehmen, sollten Sie sich unbedingt den Boden des neuen Waldgartens genauer anschauen. Im Idealfall liegt ein humoser Boden vor, der in der Lage ist N\u00e4hrstoffe und Feuchtigkeit langfristig zu speichern. Handelt es sich um ein fr\u00fcheres Waldgrundst\u00fcck, dann k\u00f6nnen Sie in der Regel davon ausgehen, dass ein entsprechender Boden bereits vorhanden ist.<\/p>\n<p>Weist der Boden diese gew\u00fcnschten Eigenschaften nicht auf, dann sollten Sie den Boden im ersten Schritt auf den geplanten Waldgarten vorbereiten. F\u00fcr die Auflockerung von verdichteten B\u00f6den k\u00f6nnen Sie beispielsweise eine Gr\u00fcnd\u00fcngung mit Phacelia oder Klee durchf\u00fchren und dem Boden auf diese Weise zus\u00e4tzlich wichtige N\u00e4hrstoffe zuf\u00fchren. Eine Alternative kann es auch sein, wenn Sie den Boden zun\u00e4chst mit Rindenhumus oder Kompost anreichern.<\/p>\n<h3><span class=\"ez-toc-section\" id=\"Geeignete_Baeume_fuer_den_Waldgarten\"><\/span>Geeignete B\u00e4ume f\u00fcr den Waldgarten<span class=\"ez-toc-section-end\"><\/span><\/h3>\n<p>Von entscheidender Bedeutung f\u00fcr die langfristig erfolgreiche Entwicklung eines Waldgartens ist auch die Wahl geeigneter B\u00e4ume. Deshalb sollten Sie sowohl bei der Auswahl als auch bei der Anpflanzung der B\u00e4ume im neuen Waldgarten sorgf\u00e4ltig vorgehen. Schlie\u00dflich bilden die ausgew\u00e4hlten B\u00e4ume das neue Grundger\u00fcst im Garten und haben durch die Ver\u00e4nderung der Licht- und Schattenverh\u00e4ltnisse einen gro\u00dfen Einfluss auf die kleineren Pflanzen. Aus diesem Grund sollten Sie sich unbedingt einen \u00dcberblick \u00fcber bereits vorhandene B\u00e4ume und \u00fcber die angedachte Anpflanzung von zus\u00e4tzlichen B\u00e4umen verschaffen.<\/p>\n<p>Geben Sie den einzelnen B\u00e4umen unbedingt ausreichend Platz, um sich in den kommenden Jahren bestm\u00f6glich zu entwickeln. Besonders gut geeignet sind f\u00fcr einen Waldgarten Obstb\u00e4ume, die nicht nur ein sch\u00f6ner Anblick sind, sondern zus\u00e4tzlich in der Zukunft auch schmackhafte Ernten versprechen. Besonders gut in den Waldgarten integrieren k\u00f6nnen Sie beispielsweise heimische Obstb\u00e4ume wie Kirsch- oder Apfelb\u00e4ume.<\/p>\n<h3><span class=\"ez-toc-section\" id=\"Straeucher_fuer_den_Waldgarten\"><\/span>Str\u00e4ucher f\u00fcr den Waldgarten<span class=\"ez-toc-section-end\"><\/span><\/h3>\n<p>Wenn Sie die Planung rund um die B\u00e4ume abgeschlossen haben, dann sollten Sie sich im n\u00e4chsten Schritt n\u00e4her mit den Str\u00e4uchern auseinandersetzen. Hierbei k\u00f6nnen Sie bedenkenlos auch auf Nutzpflanzen wie die Himbeere, Brombeere oder einen Haselstrauch zur\u00fcckgreifen. Bei den Str\u00e4uchern ist es ebenfalls ratsam, zumindest zum gro\u00dfen Teil auf heimische Arten zur\u00fcckzugreifen.<\/p>\n<h3><span class=\"ez-toc-section\" id=\"Stauden_und_Bodendecker_fuer_den_Waldgarten_auswaehlen\"><\/span>Stauden und Bodendecker f\u00fcr den Waldgarten ausw\u00e4hlen<span class=\"ez-toc-section-end\"><\/span><\/h3>\n<p>Nach der Auswahl von geeigneten B\u00e4umen und Str\u00e4uchern gilt es f\u00fcr Sie den Blick auf Stauden und Bodendecker zu richten. Bei den passenden Stauden, Farnen und Bodendeckern sollten Sie unbedingt auf die jeweiligen Standortanspr\u00fcche einzelner Pflanzen achten. Hierbei spielen neben Licht- und Schattenverh\u00e4ltnissen auch die Beschaffenheit des Bodens eine nicht unerhebliche Rolle. So kann beispielsweise an unterschiedlichen Standorten im Waldgarten im Boden eine unterschiedliche Feuchtigkeit herrschen. Wenn Sie auch bei den Bodendeckern gro\u00dfen Wert auf essbare Pflanzen legen, dann bieten sich insbesondere Tellerkraut (<em>Claytonia perfoliata<\/em>) und Waldheidelbeeren (<em>Vaccinium myrtillus<\/em>) an.<\/p>\n<h2><span class=\"ez-toc-section\" id=\"Im_Waldgarten_fuehlen_sich_viele_Pflanzen_wohl\"><\/span>Im Waldgarten f\u00fchlen sich viele Pflanzen wohl<span class=\"ez-toc-section-end\"><\/span><\/h2>\n<p><a href=\"https:\/\/www.samenhaus.de\/gartenblog\/wp-content\/uploads\/2025\/02\/Waldgarten_303899539.jpeg\"><img loading=\"lazy\" decoding=\"async\" class=\"alignright wp-image-20687\" src=\"https:\/\/www.samenhaus.de\/gartenblog\/wp-content\/uploads\/2025\/02\/Waldgarten_303899539-600x400.jpeg\" alt=\"Waldgarten Bank\" width=\"300\" height=\"200\" srcset=\"https:\/\/www.samenhaus.de\/gartenblog\/wp-content\/uploads\/2025\/02\/Waldgarten_303899539-600x400.jpeg 600w, https:\/\/www.samenhaus.de\/gartenblog\/wp-content\/uploads\/2025\/02\/Waldgarten_303899539-1024x683.jpeg 1024w, https:\/\/www.samenhaus.de\/gartenblog\/wp-content\/uploads\/2025\/02\/Waldgarten_303899539-768x512.jpeg 768w, https:\/\/www.samenhaus.de\/gartenblog\/wp-content\/uploads\/2025\/02\/Waldgarten_303899539-1536x1024.jpeg 1536w, https:\/\/www.samenhaus.de\/gartenblog\/wp-content\/uploads\/2025\/02\/Waldgarten_303899539.jpeg 2048w\" sizes=\"auto, (max-width: 300px) 100vw, 300px\" \/><\/a>Zusammenfassend k\u00f6nnen Sie in einem Waldgarten ganz viele unterschiedliche Pflanzen kombinieren und anpflanzen. Die Auswahl an m\u00f6glichen Pflanzen ist riesig und ein Waldgarten ist auf lange Sicht auch deutlich widerstandsf\u00e4higer als ein konventionell angelegter Garten. Bei den gro\u00dfen B\u00e4umen sollten Sie m\u00f6glichst auf heimische Arten zur\u00fcckgreifen und es bieten sich neben Obstb\u00e4umen durchaus auch gro\u00dfe Eichen oder Kastanienb\u00e4ume an. Bei den Str\u00e4uchern und Bodendeckern ist die Auswahl ebenfalls riesig, sodass Sie mit Sicherheit die perfekten Pflanzen f\u00fcr Ihren Waldgarten finden werden. Zus\u00e4tzliche Akzente k\u00f6nnen Sie im Waldgarten mit verschiedenen Kletterpflanzen setzen, die durch das Erklimmen der vorhandenen B\u00e4ume f\u00fcr ein m\u00e4rchenhaftes Ambiente sorgen.<\/p>\n<p>Ber\u00fccksichtigen Sie unbedingt, dass Sie bei vielen Obstb\u00e4umen und anderen Str\u00e4uchern mit essbaren Fr\u00fcchten den Boden regelm\u00e4\u00dfig d\u00fcngen sollten. Schlie\u00dflich wird der Boden durch solche Pflanzungen besonders stark beansprucht und ben\u00f6tigt dadurch regelm\u00e4\u00dfig eine ausreichende N\u00e4hrstoffzufuhr. Ansonsten bietet ein Waldgarten einen nat\u00fcrlichen Lebensraum f\u00fcr viele Tiere und gilt gleichzeitig absolut zurecht als besonders pflegeleicht.<\/p>\n","protected":false},"excerpt":{"rendered":"<p>Waldg\u00e4rten liegen schon seit einer ganzen Weile voll im Trend und ein solcher Waldgarten \u00fcberzeugt mit zahlreichen Vorteilen. Wir erkl\u00e4ren Ihnen in diesem Artikel, was einen Waldgarten auszeichnet und worauf Sie beim Anlegen eines Waldgartens achten sollten. Grunds\u00e4tzlich w\u00e4chst die Zahl der Menschen, die sich f\u00fcr die Natur begeistern und aus diesem Grund f\u00fcr einen nat\u00fcrlichen Lebensstil interessieren. Entsprechend ist es keine \u00dcberraschung, dass Waldg\u00e4rten sich einer wachsenden Beliebtheit erfreuen. Ein Waldgarten \u00fcberzeugt unter anderem durch eine besondere Struktur und eine idyllische Gestaltung und wird dadurch zu einem R\u00fcckzugsort der Ruhe und Entspannung. Zus\u00e4tzlich leisten Sie mit einem Waldgarten auch einen wichtigen Beitrag f\u00fcr die Umwelt in Ihrer direkten Umgebung. Schlie\u00dflich kann ein Waldgarten f\u00fcr viele n\u00fctzliche Insekten und auch f\u00fcr Waldtiere eine neue Heimat werden. Zus\u00e4tzlich k\u00f6nnen sich auch eine ganze Reihe von Wildpflanzen in einem solchen Garten ansiedeln. Worum handelt es sich bei einem Waldgarten? Ein G\u00e4rtner versucht bei einem Waldgarten, einen nat\u00fcrlichen Wald im eigenen Nutzgarten nachzubauen oder beizubehalten. Das Besondere bei einem Waldgarten ist der spezielle Aufbau, der sich deutlich von einem normalen Nutzgarten unterscheidet. Schlie\u00dflich wird ein Waldgarten nicht in unterschiedliche Beete eingeteilt, sondern vielmehr wird bei einem Waldgarten auf unterschiedliche Wuchsh\u00f6hen gesetzt. Ein Waldgarten [&hellip;]<\/p>\n","protected":false},"author":12,"featured_media":20689,"comment_status":"open","ping_status":"open","sticky":false,"template":"","format":"standard","meta":{"_acf_changed":false,"footnotes":""},"categories":[3],"tags":[],"hersteller":[],"class_list":["post-19357","post","type-post","status-publish","format-standard","has-post-thumbnail","hentry","category-gartentipps"],"acf":[],"yoast_head":"<!-- This site is optimized with the Yoast SEO plugin v27.4 - https:\/\/yoast.com\/product\/yoast-seo-wordpress\/ -->\n<title>So legen Sie einen Waldgarten an - Samenhaus Gartenblog<\/title>\n<meta name=\"description\" content=\"Im Trend liegt der Waldgarten. Dabei wird der Garten nach der Struktur des Waldes aufgebaut. Wie das funktioniert, erfahren Sie hier.\" \/>\n<meta name=\"robots\" content=\"index, follow, max-snippet:-1, max-image-preview:large, max-video-preview:-1\" \/>\n<link rel=\"canonical\" href=\"https:\/\/www.samenhaus.de\/gartenblog\/so-legen-sie-einen-waldgarten-an\" \/>\n<meta property=\"og:locale\" content=\"de_DE\" \/>\n<meta property=\"og:type\" content=\"article\" \/>\n<meta property=\"og:title\" content=\"So legen Sie einen Waldgarten an - Samenhaus Gartenblog\" \/>\n<meta property=\"og:description\" content=\"Im Trend liegt der Waldgarten. Dabei wird der Garten nach der Struktur des Waldes aufgebaut. Wie das funktioniert, erfahren Sie hier.\" \/>\n<meta property=\"og:url\" content=\"https:\/\/www.samenhaus.de\/gartenblog\/so-legen-sie-einen-waldgarten-an\" \/>\n<meta property=\"og:site_name\" content=\"Samenhaus Gartenblog\" \/>\n<meta property=\"article:publisher\" content=\"https:\/\/de-de.facebook.com\/samenhaus\" \/>\n<meta property=\"article:published_time\" content=\"2025-02-27T08:00:46+00:00\" \/>\n<meta property=\"og:image\" content=\"https:\/\/www.samenhaus.de\/gartenblog\/wp-content\/uploads\/2025\/02\/Waldgarten_958850477.jpg\" \/>\n\t<meta property=\"og:image:width\" content=\"1000\" \/>\n\t<meta property=\"og:image:height\" content=\"563\" \/>\n\t<meta property=\"og:image:type\" content=\"image\/jpeg\" \/>\n<meta name=\"author\" content=\"Stephanie\" \/>\n<meta name=\"twitter:card\" content=\"summary_large_image\" \/>\n<meta name=\"twitter:creator\" content=\"@samenhaus\" \/>\n<meta name=\"twitter:site\" content=\"@samenhaus\" \/>\n<meta name=\"twitter:label1\" content=\"Verfasst von\" \/>\n\t<meta name=\"twitter:data1\" content=\"Stephanie\" \/>\n\t<meta name=\"twitter:label2\" content=\"Gesch\u00e4tzte Lesezeit\" \/>\n\t<meta name=\"twitter:data2\" content=\"9\u00a0Minuten\" \/>\n<script type=\"application\/ld+json\" class=\"yoast-schema-graph\">{\"@context\":\"https:\\\/\\\/schema.org\",\"@graph\":[{\"@type\":\"Article\",\"@id\":\"https:\\\/\\\/www.samenhaus.de\\\/gartenblog\\\/so-legen-sie-einen-waldgarten-an#article\",\"isPartOf\":{\"@id\":\"https:\\\/\\\/www.samenhaus.de\\\/gartenblog\\\/so-legen-sie-einen-waldgarten-an\"},\"author\":{\"name\":\"Stephanie\",\"@id\":\"https:\\\/\\\/www.samenhaus.de\\\/gartenblog\\\/#\\\/schema\\\/person\\\/97f059f6e72cec571c88cb48b4582118\"},\"headline\":\"So legen Sie einen Waldgarten an\",\"datePublished\":\"2025-02-27T08:00:46+00:00\",\"mainEntityOfPage\":{\"@id\":\"https:\\\/\\\/www.samenhaus.de\\\/gartenblog\\\/so-legen-sie-einen-waldgarten-an\"},\"wordCount\":1531,\"commentCount\":0,\"publisher\":{\"@id\":\"https:\\\/\\\/www.samenhaus.de\\\/gartenblog\\\/#organization\"},\"image\":{\"@id\":\"https:\\\/\\\/www.samenhaus.de\\\/gartenblog\\\/so-legen-sie-einen-waldgarten-an#primaryimage\"},\"thumbnailUrl\":\"https:\\\/\\\/www.samenhaus.de\\\/gartenblog\\\/wp-content\\\/uploads\\\/2025\\\/02\\\/Waldgarten_958850477.jpg\",\"articleSection\":[\"Gartentipps\"],\"inLanguage\":\"de\",\"potentialAction\":[{\"@type\":\"CommentAction\",\"name\":\"Comment\",\"target\":[\"https:\\\/\\\/www.samenhaus.de\\\/gartenblog\\\/so-legen-sie-einen-waldgarten-an#respond\"]}],\"copyrightYear\":\"2025\",\"copyrightHolder\":{\"@id\":\"https:\\\/\\\/www.samenhaus.de\\\/gartenblog\\\/#organization\"}},{\"@type\":\"WebPage\",\"@id\":\"https:\\\/\\\/www.samenhaus.de\\\/gartenblog\\\/so-legen-sie-einen-waldgarten-an\",\"url\":\"https:\\\/\\\/www.samenhaus.de\\\/gartenblog\\\/so-legen-sie-einen-waldgarten-an\",\"name\":\"So legen Sie einen Waldgarten an - Samenhaus Gartenblog\",\"isPartOf\":{\"@id\":\"https:\\\/\\\/www.samenhaus.de\\\/gartenblog\\\/#website\"},\"primaryImageOfPage\":{\"@id\":\"https:\\\/\\\/www.samenhaus.de\\\/gartenblog\\\/so-legen-sie-einen-waldgarten-an#primaryimage\"},\"image\":{\"@id\":\"https:\\\/\\\/www.samenhaus.de\\\/gartenblog\\\/so-legen-sie-einen-waldgarten-an#primaryimage\"},\"thumbnailUrl\":\"https:\\\/\\\/www.samenhaus.de\\\/gartenblog\\\/wp-content\\\/uploads\\\/2025\\\/02\\\/Waldgarten_958850477.jpg\",\"datePublished\":\"2025-02-27T08:00:46+00:00\",\"description\":\"Im Trend liegt der Waldgarten. Dabei wird der Garten nach der Struktur des Waldes aufgebaut. Wie das funktioniert, erfahren Sie hier.\",\"breadcrumb\":{\"@id\":\"https:\\\/\\\/www.samenhaus.de\\\/gartenblog\\\/so-legen-sie-einen-waldgarten-an#breadcrumb\"},\"inLanguage\":\"de\",\"potentialAction\":[{\"@type\":\"ReadAction\",\"target\":[\"https:\\\/\\\/www.samenhaus.de\\\/gartenblog\\\/so-legen-sie-einen-waldgarten-an\"]}]},{\"@type\":\"ImageObject\",\"inLanguage\":\"de\",\"@id\":\"https:\\\/\\\/www.samenhaus.de\\\/gartenblog\\\/so-legen-sie-einen-waldgarten-an#primaryimage\",\"url\":\"https:\\\/\\\/www.samenhaus.de\\\/gartenblog\\\/wp-content\\\/uploads\\\/2025\\\/02\\\/Waldgarten_958850477.jpg\",\"contentUrl\":\"https:\\\/\\\/www.samenhaus.de\\\/gartenblog\\\/wp-content\\\/uploads\\\/2025\\\/02\\\/Waldgarten_958850477.jpg\",\"width\":1000,\"height\":563,\"caption\":\"Waldgarten\"},{\"@type\":\"BreadcrumbList\",\"@id\":\"https:\\\/\\\/www.samenhaus.de\\\/gartenblog\\\/so-legen-sie-einen-waldgarten-an#breadcrumb\",\"itemListElement\":[{\"@type\":\"ListItem\",\"position\":1,\"name\":\"Startseite\",\"item\":\"https:\\\/\\\/www.samenhaus.de\\\/gartenblog\\\/\"},{\"@type\":\"ListItem\",\"position\":2,\"name\":\"So legen Sie einen Waldgarten an\"}]},{\"@type\":\"WebSite\",\"@id\":\"https:\\\/\\\/www.samenhaus.de\\\/gartenblog\\\/#website\",\"url\":\"https:\\\/\\\/www.samenhaus.de\\\/gartenblog\\\/\",\"name\":\"Samenhaus Gartenblog\",\"description\":\"\",\"publisher\":{\"@id\":\"https:\\\/\\\/www.samenhaus.de\\\/gartenblog\\\/#organization\"},\"potentialAction\":[{\"@type\":\"SearchAction\",\"target\":{\"@type\":\"EntryPoint\",\"urlTemplate\":\"https:\\\/\\\/www.samenhaus.de\\\/gartenblog\\\/?s={search_term_string}\"},\"query-input\":{\"@type\":\"PropertyValueSpecification\",\"valueRequired\":true,\"valueName\":\"search_term_string\"}}],\"inLanguage\":\"de\"},{\"@type\":\"Organization\",\"@id\":\"https:\\\/\\\/www.samenhaus.de\\\/gartenblog\\\/#organization\",\"name\":\"Samenhaus.de Gartenblog\",\"url\":\"https:\\\/\\\/www.samenhaus.de\\\/gartenblog\\\/\",\"logo\":{\"@type\":\"ImageObject\",\"inLanguage\":\"de\",\"@id\":\"https:\\\/\\\/www.samenhaus.de\\\/gartenblog\\\/#\\\/schema\\\/logo\\\/image\\\/\",\"url\":\"https:\\\/\\\/www.samenhaus.de\\\/gartenblog\\\/wp-content\\\/uploads\\\/2020\\\/11\\\/logo.svg\",\"contentUrl\":\"https:\\\/\\\/www.samenhaus.de\\\/gartenblog\\\/wp-content\\\/uploads\\\/2020\\\/11\\\/logo.svg\",\"width\":1,\"height\":1,\"caption\":\"Samenhaus.de Gartenblog\"},\"image\":{\"@id\":\"https:\\\/\\\/www.samenhaus.de\\\/gartenblog\\\/#\\\/schema\\\/logo\\\/image\\\/\"},\"sameAs\":[\"https:\\\/\\\/de-de.facebook.com\\\/samenhaus\",\"https:\\\/\\\/x.com\\\/samenhaus\"]},{\"@type\":\"Person\",\"@id\":\"https:\\\/\\\/www.samenhaus.de\\\/gartenblog\\\/#\\\/schema\\\/person\\\/97f059f6e72cec571c88cb48b4582118\",\"name\":\"Stephanie\",\"image\":{\"@type\":\"ImageObject\",\"inLanguage\":\"de\",\"@id\":\"https:\\\/\\\/www.samenhaus.de\\\/gartenblog\\\/wp-content\\\/uploads\\\/2026\\\/03\\\/stefanie-150x150.png\",\"url\":\"https:\\\/\\\/www.samenhaus.de\\\/gartenblog\\\/wp-content\\\/uploads\\\/2026\\\/03\\\/stefanie-150x150.png\",\"contentUrl\":\"https:\\\/\\\/www.samenhaus.de\\\/gartenblog\\\/wp-content\\\/uploads\\\/2026\\\/03\\\/stefanie-150x150.png\",\"caption\":\"Stephanie\"},\"description\":\"Garten und Pflanzen waren schon immer meine Leidenschaft. Wahrscheinlich deshalb, weil ich damit aufgewachsen bin. Ich verwerte in der Regel alles und mache Lik\u00f6re, Marmeladen und nutze Kr\u00e4uter auch als Heilpflanzen, indem ich \u00d6le und Tinkturen herstelle. Leider habe ich meinen gr\u00fcnen Daumen beim Auswandern nach Spanien in Deutschland vergessen. Langsam kehrt er aber wieder zur\u00fcck und die Anpassung an die neue Klimazone war gar nicht so einfach. Mittlerweile schaffe ich es sogar, dass gekaufter Basilikum \u00fcberlebt.\",\"url\":\"https:\\\/\\\/www.samenhaus.de\\\/gartenblog\\\/author\\\/stephanie\"}]}<\/script>\n<!-- \/ Yoast SEO plugin. -->","yoast_head_json":{"title":"So legen Sie einen Waldgarten an - Samenhaus Gartenblog","description":"Im Trend liegt der Waldgarten. Dabei wird der Garten nach der Struktur des Waldes aufgebaut. Wie das funktioniert, erfahren Sie hier.","robots":{"index":"index","follow":"follow","max-snippet":"max-snippet:-1","max-image-preview":"max-image-preview:large","max-video-preview":"max-video-preview:-1"},"canonical":"https:\/\/www.samenhaus.de\/gartenblog\/so-legen-sie-einen-waldgarten-an","og_locale":"de_DE","og_type":"article","og_title":"So legen Sie einen Waldgarten an - Samenhaus Gartenblog","og_description":"Im Trend liegt der Waldgarten. Dabei wird der Garten nach der Struktur des Waldes aufgebaut. Wie das funktioniert, erfahren Sie hier.","og_url":"https:\/\/www.samenhaus.de\/gartenblog\/so-legen-sie-einen-waldgarten-an","og_site_name":"Samenhaus Gartenblog","article_publisher":"https:\/\/de-de.facebook.com\/samenhaus","article_published_time":"2025-02-27T08:00:46+00:00","og_image":[{"width":1000,"height":563,"url":"https:\/\/www.samenhaus.de\/gartenblog\/wp-content\/uploads\/2025\/02\/Waldgarten_958850477.jpg","type":"image\/jpeg"}],"author":"Stephanie","twitter_card":"summary_large_image","twitter_creator":"@samenhaus","twitter_site":"@samenhaus","twitter_misc":{"Verfasst von":"Stephanie","Gesch\u00e4tzte Lesezeit":"9\u00a0Minuten"},"schema":{"@context":"https:\/\/schema.org","@graph":[{"@type":"Article","@id":"https:\/\/www.samenhaus.de\/gartenblog\/so-legen-sie-einen-waldgarten-an#article","isPartOf":{"@id":"https:\/\/www.samenhaus.de\/gartenblog\/so-legen-sie-einen-waldgarten-an"},"author":{"name":"Stephanie","@id":"https:\/\/www.samenhaus.de\/gartenblog\/#\/schema\/person\/97f059f6e72cec571c88cb48b4582118"},"headline":"So legen Sie einen Waldgarten an","datePublished":"2025-02-27T08:00:46+00:00","mainEntityOfPage":{"@id":"https:\/\/www.samenhaus.de\/gartenblog\/so-legen-sie-einen-waldgarten-an"},"wordCount":1531,"commentCount":0,"publisher":{"@id":"https:\/\/www.samenhaus.de\/gartenblog\/#organization"},"image":{"@id":"https:\/\/www.samenhaus.de\/gartenblog\/so-legen-sie-einen-waldgarten-an#primaryimage"},"thumbnailUrl":"https:\/\/www.samenhaus.de\/gartenblog\/wp-content\/uploads\/2025\/02\/Waldgarten_958850477.jpg","articleSection":["Gartentipps"],"inLanguage":"de","potentialAction":[{"@type":"CommentAction","name":"Comment","target":["https:\/\/www.samenhaus.de\/gartenblog\/so-legen-sie-einen-waldgarten-an#respond"]}],"copyrightYear":"2025","copyrightHolder":{"@id":"https:\/\/www.samenhaus.de\/gartenblog\/#organization"}},{"@type":"WebPage","@id":"https:\/\/www.samenhaus.de\/gartenblog\/so-legen-sie-einen-waldgarten-an","url":"https:\/\/www.samenhaus.de\/gartenblog\/so-legen-sie-einen-waldgarten-an","name":"So legen Sie einen Waldgarten an - Samenhaus Gartenblog","isPartOf":{"@id":"https:\/\/www.samenhaus.de\/gartenblog\/#website"},"primaryImageOfPage":{"@id":"https:\/\/www.samenhaus.de\/gartenblog\/so-legen-sie-einen-waldgarten-an#primaryimage"},"image":{"@id":"https:\/\/www.samenhaus.de\/gartenblog\/so-legen-sie-einen-waldgarten-an#primaryimage"},"thumbnailUrl":"https:\/\/www.samenhaus.de\/gartenblog\/wp-content\/uploads\/2025\/02\/Waldgarten_958850477.jpg","datePublished":"2025-02-27T08:00:46+00:00","description":"Im Trend liegt der Waldgarten. Dabei wird der Garten nach der Struktur des Waldes aufgebaut. Wie das funktioniert, erfahren Sie hier.","breadcrumb":{"@id":"https:\/\/www.samenhaus.de\/gartenblog\/so-legen-sie-einen-waldgarten-an#breadcrumb"},"inLanguage":"de","potentialAction":[{"@type":"ReadAction","target":["https:\/\/www.samenhaus.de\/gartenblog\/so-legen-sie-einen-waldgarten-an"]}]},{"@type":"ImageObject","inLanguage":"de","@id":"https:\/\/www.samenhaus.de\/gartenblog\/so-legen-sie-einen-waldgarten-an#primaryimage","url":"https:\/\/www.samenhaus.de\/gartenblog\/wp-content\/uploads\/2025\/02\/Waldgarten_958850477.jpg","contentUrl":"https:\/\/www.samenhaus.de\/gartenblog\/wp-content\/uploads\/2025\/02\/Waldgarten_958850477.jpg","width":1000,"height":563,"caption":"Waldgarten"},{"@type":"BreadcrumbList","@id":"https:\/\/www.samenhaus.de\/gartenblog\/so-legen-sie-einen-waldgarten-an#breadcrumb","itemListElement":[{"@type":"ListItem","position":1,"name":"Startseite","item":"https:\/\/www.samenhaus.de\/gartenblog\/"},{"@type":"ListItem","position":2,"name":"So legen Sie einen Waldgarten an"}]},{"@type":"WebSite","@id":"https:\/\/www.samenhaus.de\/gartenblog\/#website","url":"https:\/\/www.samenhaus.de\/gartenblog\/","name":"Samenhaus Gartenblog","description":"","publisher":{"@id":"https:\/\/www.samenhaus.de\/gartenblog\/#organization"},"potentialAction":[{"@type":"SearchAction","target":{"@type":"EntryPoint","urlTemplate":"https:\/\/www.samenhaus.de\/gartenblog\/?s={search_term_string}"},"query-input":{"@type":"PropertyValueSpecification","valueRequired":true,"valueName":"search_term_string"}}],"inLanguage":"de"},{"@type":"Organization","@id":"https:\/\/www.samenhaus.de\/gartenblog\/#organization","name":"Samenhaus.de Gartenblog","url":"https:\/\/www.samenhaus.de\/gartenblog\/","logo":{"@type":"ImageObject","inLanguage":"de","@id":"https:\/\/www.samenhaus.de\/gartenblog\/#\/schema\/logo\/image\/","url":"https:\/\/www.samenhaus.de\/gartenblog\/wp-content\/uploads\/2020\/11\/logo.svg","contentUrl":"https:\/\/www.samenhaus.de\/gartenblog\/wp-content\/uploads\/2020\/11\/logo.svg","width":1,"height":1,"caption":"Samenhaus.de Gartenblog"},"image":{"@id":"https:\/\/www.samenhaus.de\/gartenblog\/#\/schema\/logo\/image\/"},"sameAs":["https:\/\/de-de.facebook.com\/samenhaus","https:\/\/x.com\/samenhaus"]},{"@type":"Person","@id":"https:\/\/www.samenhaus.de\/gartenblog\/#\/schema\/person\/97f059f6e72cec571c88cb48b4582118","name":"Stephanie","image":{"@type":"ImageObject","inLanguage":"de","@id":"https:\/\/www.samenhaus.de\/gartenblog\/wp-content\/uploads\/2026\/03\/stefanie-150x150.png","url":"https:\/\/www.samenhaus.de\/gartenblog\/wp-content\/uploads\/2026\/03\/stefanie-150x150.png","contentUrl":"https:\/\/www.samenhaus.de\/gartenblog\/wp-content\/uploads\/2026\/03\/stefanie-150x150.png","caption":"Stephanie"},"description":"Garten und Pflanzen waren schon immer meine Leidenschaft. Wahrscheinlich deshalb, weil ich damit aufgewachsen bin. Ich verwerte in der Regel alles und mache Lik\u00f6re, Marmeladen und nutze Kr\u00e4uter auch als Heilpflanzen, indem ich \u00d6le und Tinkturen herstelle. Leider habe ich meinen gr\u00fcnen Daumen beim Auswandern nach Spanien in Deutschland vergessen. Langsam kehrt er aber wieder zur\u00fcck und die Anpassung an die neue Klimazone war gar nicht so einfach. Mittlerweile schaffe ich es sogar, dass gekaufter Basilikum \u00fcberlebt.","url":"https:\/\/www.samenhaus.de\/gartenblog\/author\/stephanie"}]}},"wp-worthy-pixel":{"ignored":false,"public":"6ecdcac75f7c425fa10a86d3136ea95d","server":"vg05.met.vgwort.de","url":"https:\/\/vg05.met.vgwort.de\/na\/6ecdcac75f7c425fa10a86d3136ea95d"},"wp-worthy-type":"normal","_links":{"self":[{"href":"https:\/\/www.samenhaus.de\/gartenblog\/wp-json\/wp\/v2\/posts\/19357","targetHints":{"allow":["GET"]}}],"collection":[{"href":"https:\/\/www.samenhaus.de\/gartenblog\/wp-json\/wp\/v2\/posts"}],"about":[{"href":"https:\/\/www.samenhaus.de\/gartenblog\/wp-json\/wp\/v2\/types\/post"}],"author":[{"embeddable":true,"href":"https:\/\/www.samenhaus.de\/gartenblog\/wp-json\/wp\/v2\/users\/12"}],"replies":[{"embeddable":true,"href":"https:\/\/www.samenhaus.de\/gartenblog\/wp-json\/wp\/v2\/comments?post=19357"}],"version-history":[{"count":5,"href":"https:\/\/www.samenhaus.de\/gartenblog\/wp-json\/wp\/v2\/posts\/19357\/revisions"}],"predecessor-version":[{"id":20691,"href":"https:\/\/www.samenhaus.de\/gartenblog\/wp-json\/wp\/v2\/posts\/19357\/revisions\/20691"}],"wp:featuredmedia":[{"embeddable":true,"href":"https:\/\/www.samenhaus.de\/gartenblog\/wp-json\/wp\/v2\/media\/20689"}],"wp:attachment":[{"href":"https:\/\/www.samenhaus.de\/gartenblog\/wp-json\/wp\/v2\/media?parent=19357"}],"wp:term":[{"taxonomy":"category","embeddable":true,"href":"https:\/\/www.samenhaus.de\/gartenblog\/wp-json\/wp\/v2\/categories?post=19357"},{"taxonomy":"post_tag","embeddable":true,"href":"https:\/\/www.samenhaus.de\/gartenblog\/wp-json\/wp\/v2\/tags?post=19357"},{"taxonomy":"hersteller","embeddable":true,"href":"https:\/\/www.samenhaus.de\/gartenblog\/wp-json\/wp\/v2\/hersteller?post=19357"}],"curies":[{"name":"wp","href":"https:\/\/api.w.org\/{rel}","templated":true}]}}