{"id":19635,"date":"2025-08-02T09:00:58","date_gmt":"2025-08-02T07:00:58","guid":{"rendered":"https:\/\/www.samenhaus.de\/gartenblog\/?p=19635"},"modified":"2025-07-25T11:16:58","modified_gmt":"2025-07-25T09:16:58","slug":"was-sie-mit-fallobst-tun-koennen","status":"publish","type":"post","link":"https:\/\/www.samenhaus.de\/gartenblog\/was-sie-mit-fallobst-tun-koennen","title":{"rendered":"Was Sie mit Fallobst tun k\u00f6nnen"},"content":{"rendered":"<p>Wenn Sie Kernobst oder Steinobst im Garten haben, wissen Sie, dass ab Sommer eine Menge Arbeit ansteht, denn das Obst will geerntet und verwertet werden. Doch schon bevor der Erntezeitpunkt erreicht ist, werfen Obstb\u00e4ume Fr\u00fcchte ab, die dann im Garten herumliegen. So manch einer l\u00e4sst diese Fr\u00fcchte gerne f\u00fcr Tiere liegen. Warum dies nicht immer eine gute Idee ist und weitere Fragen zum Thema Fallobst m\u00f6chten wir gerne er\u00f6rtern.<\/p>\n<h2><span class=\"ez-toc-section\" id=\"Fallobst_und_der_Klimawandel\"><\/span>Fallobst und der Klimawandel<span class=\"ez-toc-section-end\"><\/span><\/h2>\n<p>Der Klimawandel wirkt sich auch auf die Reife von Obst und entsprechend auf das Fallobst aus. Weil sich der Beginn der warmen Jahreszeit immer weiter nach vorne verlagert, werden die Fr\u00fcchte immer fr\u00fcher reif. Entsprechend ist auch Fallobst fr\u00fcher zu finden. Dazu kommen weitere Aspekte, die f\u00fcr den Abwurf im Zusammenhang mit Fallobst relevant sind:<\/p>\n<ul>\n<li>Hitzestress und Trockenheit: Es gibt durch den Klimawandel vermehrt Hitzewellen und l\u00e4ngere Trockenperioden \u2013 die B\u00e4ume leiden daher immer \u00f6fter an Hitzestress.<\/li>\n<li>Ver\u00e4nderte Niederschlagsmuster: Die Extreme werden h\u00e4ufiger, so wechseln sich nicht selten D\u00fcrreperioden mit unregelm\u00e4\u00dfigen und teils heftigen Niederschl\u00e4gen und Unwettern ab.<\/li>\n<li>Fr\u00fchjahrsfr\u00f6ste: Treiben Obstb\u00e4ume fr\u00fcher aus, sind sie anf\u00e4lliger f\u00fcr Frostsch\u00e4den, was zu einer schlechteren Fruchtentwicklung f\u00fchren kann.<\/li>\n<li>Sch\u00e4dlinge und Krankheiten: Der Klimawandel f\u00f6rdert die Ausbreitung von Sch\u00e4dlingen und Krankheiten. Au\u00dferdem breiten sich viele Insekten durch die w\u00e4rmeren Temperaturen immer weiter aus, darunter viele Tiere, die bei uns eigentlich nicht heimisch sind.<\/li>\n<li>W\u00e4rmebedingte Beschleunigung der Reife: H\u00f6here Temperaturen beschleunigen den Reifeprozess von Obst. Aber auch die Bl\u00fctezeit ver\u00e4ndert sich deutlich.<\/li>\n<\/ul>\n<h2><span class=\"ez-toc-section\" id=\"Warum_werfen_Baeume_Fruechte_ab\"><\/span>Warum werfen B\u00e4ume Fr\u00fcchte ab?<span class=\"ez-toc-section-end\"><\/span><\/h2>\n<p>Oftmals ist man der Meinung, dass B\u00e4ume das Obst dann abwerfen, wenn es reif bzw. \u00fcberreif ist. Dies ist aber gerade bei fr\u00fchem Fallobst nicht so. Denn fr\u00fches Fallobst ist<\/p>\n<ul>\n<li>in vielen F\u00e4llen unreif,<\/li>\n<li>sehr oft krank,<\/li>\n<li>nicht selten von Sch\u00e4dlingen befallen.<\/li>\n<\/ul>\n<p>Aus diesem Grund ist es meist keine gute Idee, das fr\u00fche Fallobst zu verwerten \u2013 dazu gleich noch mehr.<\/p>\n<h2><span class=\"ez-toc-section\" id=\"Die_Reifezeiten_von_Fruechten\"><\/span>Die Reifezeiten von Fr\u00fcchten<span class=\"ez-toc-section-end\"><\/span><\/h2>\n<p>Wie oben schon erw\u00e4hnt, verlagern sich die Reifezeiten von Obst immer weiter nach vorne. Daher sind die folgenden Reifezeiten als Anhaltspunkt zu sehen. In den Klammern finden Sie Beispielsorten.<\/p>\n<table class=\"custom-table-1\" width=\"100%\" cellspacing=\"0\" cellpadding=\"4\">\n<tbody>\n<tr>\n<td><strong>Obstsorte<\/strong><\/td>\n<td><strong>Fr\u00fche Sorten<\/strong><\/td>\n<td><strong>Hauptsaison<\/strong><\/td>\n<td><strong>Sp\u00e4te Sorten<\/strong><\/td>\n<\/tr>\n<tr>\n<td><strong>\u00c4pfel<\/strong><\/td>\n<td>Juli bis August (James Grieve)<\/td>\n<td>September bis Oktober (Elstar, Boskoop)<\/td>\n<td>Oktober bis November (Jonagold, Braeburn)<\/td>\n<\/tr>\n<tr>\n<td><strong>Birnen<\/strong><\/td>\n<td>August bis September (Williams Christ)<\/td>\n<td>September bis Oktober (Conference, Gute Luise)<\/td>\n<td>Oktober bis November (Alexander Lucas)<\/td>\n<\/tr>\n<tr>\n<td><strong>Zwetschgen<\/strong><\/td>\n<td>Juli bis August (Fr\u00fchzwetschge)<\/td>\n<td>August bis September (Hauszwetschge)<\/td>\n<td>September bis Oktober (Presenta)<\/td>\n<\/tr>\n<tr>\n<td><strong>Mirabellen<\/strong><\/td>\n<td>Juli bis August (Nancy)<\/td>\n<td>August (Metz)<\/td>\n<td>Von Mirabellen gibt es kaum sp\u00e4te Sorten<\/td>\n<\/tr>\n<tr>\n<td><strong>Kirschen<\/strong><\/td>\n<td>Juni (Fr\u00fche Maikirsche, Burlat)<\/td>\n<td>Juni bis Juli (Schneiders sp\u00e4te Knorpelkirsche, Kordia)<\/td>\n<td>Juli bis Anfang August (Regina)<\/td>\n<\/tr>\n<tr>\n<td><strong>Quitten<\/strong><\/td>\n<td>September (Bereczki)<\/td>\n<td>Oktober (Konstantinopler Apfelquitte, Portugiesische Birnenquitte)<\/td>\n<td>Oktober bis November (Vranja)<\/td>\n<\/tr>\n<tr>\n<td><strong>Aprikosen<\/strong><\/td>\n<td>Ende Juni bis Juli (Fr\u00fchaprikose, Hargrand)<\/td>\n<td>Juli bis August (Ungarische Beste)<\/td>\n<td>Ende August bis Anfang September (Bergeron)<\/td>\n<\/tr>\n<tr>\n<td><strong>Pfirsiche<\/strong><\/td>\n<td>Julie bis August (Redhaven)<\/td>\n<td>August bis September (Revita)<\/td>\n<td>September bis Oktober (Roter Ellerst\u00e4dter)<\/td>\n<\/tr>\n<\/tbody>\n<\/table>\n<h2><span class=\"ez-toc-section\" id=\"Krankes_Fallobst_direkt_entsorgen\"><\/span>Krankes Fallobst direkt entsorgen<span class=\"ez-toc-section-end\"><\/span><\/h2>\n<p>Wir haben also geh\u00f6rt, dass fr\u00fches Fallobst oftmals krank oder von Sch\u00e4dlingen befallen ist. Daher sollten Sie dieses Obst direkt entsorgen. Finden sich Wurml\u00f6cher im Kernobst, ist der Apfelwickler die Ursache. Wenn Sie Zwetschgen finden, die angebohrt sind, sind die Maden des Pflaumenwicklers aktiv. Aber auch die Pflaumens\u00e4gewespe kann daf\u00fcr verantwortlich sein. Gerade solch gesch\u00e4digtes Fallobst sollten Sie relativ schnell entfernen, denn die Sch\u00e4dlinge k\u00f6nnen sich auf die umliegenden Pflanzen ausbreiten.<\/p>\n<p>Liegt Fallobst zu lange herum, beginnt es zu faulen. Neben einem unangenehmen Geruch zieht dies Tiere wie Wespen, M\u00e4use oder Ratten an. Zudem ist faulendes Fallobst ein guter N\u00e4hrboden f\u00fcr Pilze, die neben dem Obst auch umliegende Pflanzen sch\u00e4digen k\u00f6nnen.<\/p>\n<h3><span class=\"ez-toc-section\" id=\"Wohin_mit_krankem_Fallobst\"><\/span>Wohin mit krankem Fallobst?<span class=\"ez-toc-section-end\"><\/span><\/h3>\n<p>Obst kann in der Regel auf dem Kompost entsorgt werden, bei krankem Fallobst sollten Sie darauf aber verzichten, da sie sonst Sch\u00e4dlinge anlocken k\u00f6nnten. Solches Obst k\u00f6nnen Sie wie folgt entsorgen:<\/p>\n<ul>\n<li>Sofern das Fallobst nicht kiloweise auftritt, ist die Biotonne eine gute M\u00f6glichkeit, Fallobst loszuwerden.<\/li>\n<li>Viele St\u00e4dte und Gemeinden stellen Kompostanlagen zur Verf\u00fcgung, zu denen Sie Ihr Fallobst bringen k\u00f6nnen. Auch zahlreiche Wertstoffh\u00f6fe nehmen die Fr\u00fcchte an \u2013 informieren Sie sich direkt dort, ob das bei Ihnen ebenfalls m\u00f6glich ist.<\/li>\n<\/ul>\n<h2><span class=\"ez-toc-section\" id=\"Das_koennen_Sie_mit_gesundem_Fallobst_tun\"><\/span>Das k\u00f6nnen Sie mit gesundem Fallobst tun<span class=\"ez-toc-section-end\"><\/span><\/h2>\n<p>Sofern der Baum die Fr\u00fcchte abwirft, weil sie bereits reif sind und sie nach einer Untersuchung festgestellt haben, dass Ihr Fallobst keine Sch\u00e4den aufweist, k\u00f6nnen Sie die Fr\u00fcchte vielf\u00e4ltig verwerten.<\/p>\n<ul>\n<li>Entsorgung auf dem Kompost: Sofern sich das Fallobst in Grenzen h\u00e4lt und keine Krankheiten aufweist, k\u00f6nnen Sie es in begrenzter Menge Ihrem Kompost zuf\u00fchren. Wichtig ist, dass Sie das Obst, das besonders stickstoffreich ist, mit kohlenstoffreichen Materialien gut vermischen. Dazu geh\u00f6ren zum Beispiel trockenes Laub, Stroh oder S\u00e4gemehl.<\/li>\n<li>Als Futtermittel f\u00fcr Tiere: Tierheime, Zoos oder auch Landwirte freuen sich sicherlich \u00fcber Futtermittel f\u00fcr Ihre Tiere. Daher ist es eine gute M\u00f6glichkeit, gesundes Fallobst einfach dort anzubieten.<\/li>\n<li>Anderen die Fr\u00fcchte zur Verf\u00fcgung stellen: Sofern Ihre Obstb\u00e4ume frei zug\u00e4nglich sind, k\u00f6nnen Sie das Obst (auch das, das noch an den B\u00e4umen h\u00e4ngt) f\u00fcr andere freigeben. In der Regel darf man keine fremden Obstb\u00e4ume ernten, da dies unter Diebstahl f\u00e4llt. Sofern Sie aber ein gelbes Band um den Baumstamm wickeln, ist dies ein Zeichen, dass der Obstbaum von jedem geerntet werden darf.<\/li>\n<li>Obst verschenken:<\/li>\n<\/ul>\n<h2><span class=\"ez-toc-section\" id=\"Fallobst_selbst_verwerten_%E2%80%93_10_Ideen\"><\/span>Fallobst selbst verwerten \u2013 10 Ideen<span class=\"ez-toc-section-end\"><\/span><\/h2>\n<p>Und nat\u00fcrlich k\u00f6nnen Sie aus Ihrem gesunden Fallobst Leckeres in der K\u00fcche zaubern. Wir haben 10 einfache Rezeptideen f\u00fcr Sie zusammengestellt:<\/p>\n<h3><span class=\"ez-toc-section\" id=\"Obstsalat\"><\/span>Obstsalat<span class=\"ez-toc-section-end\"><\/span><\/h3>\n<ul>\n<li>Obst in mundgerechte St\u00fccke schneiden.<\/li>\n<li>Mit Zitronensaft betr\u00e4ufeln, damit das Obst nicht braun wird.<\/li>\n<li>Nach Wunsch Honig, Zucker, Agavendicksaft, Ahornsirup, Joghurt, Quark etc. zuf\u00fcgen.<\/li>\n<li>Nach Belieben mit N\u00fcssen oder Kr\u00e4utern wie Minze verfeinern.<\/li>\n<\/ul>\n<h3><span class=\"ez-toc-section\" id=\"Obstkuchen\"><\/span>Obstkuchen<span class=\"ez-toc-section-end\"><\/span><\/h3>\n<ul>\n<li>300 g Mehl, 150 g Zucker, 150 g weiche Butter und2 Eier zu einem Teig verkneten und auf einem Backblech ausrollen.<\/li>\n<li>Das Obst auf dem Teig verteilen.<\/li>\n<li>Mit Zimt und Zucker bestreuen und bei 180 Grad f\u00fcr eine halbe Stunde backen.<\/li>\n<\/ul>\n<h3><span class=\"ez-toc-section\" id=\"Obstcrumble\"><\/span>Obstcrumble<span class=\"ez-toc-section-end\"><\/span><\/h3>\n<ul>\n<li>500 g Obst in eine Auflaufform geben.<\/li>\n<li>Aus 100 g Mehl, 50 g Haferflocken, 75 g Zucker und 75 weicher Butter Streusel kneten.<\/li>\n<li>Die Streusel \u00fcber das Obst geben und bei 180 Grad f\u00fcr 25 Minuten backen, bis die Streusel goldbraun sind.<\/li>\n<\/ul>\n<h3><span class=\"ez-toc-section\" id=\"Obstkompott\"><\/span>Obstkompott<span class=\"ez-toc-section-end\"><\/span><\/h3>\n<ul>\n<li>500 g Obst sch\u00e4len und klein schneiden.<\/li>\n<li>In einem Topf mit 100 ml Wasser, 2 EL Zucker und etwas Zimt 10 bis 15 Minuten weich kochen. Alternativ k\u00f6nnen Sie statt Wasser Apfelsaft verwenden.<\/li>\n<li>Entweder st\u00fcckig servieren oder die Masse p\u00fcrieren.<\/li>\n<\/ul>\n<h3><span class=\"ez-toc-section\" id=\"Smoothie\"><\/span>Smoothie<span class=\"ez-toc-section-end\"><\/span><\/h3>\n<ul>\n<li>Obst in einen Mixer geben.<\/li>\n<li>200 ml Joghurt oder Pflanzendrink hinzuf\u00fcgen.<\/li>\n<li>Alles zu einem glatten Smoothie mixen, nach Belieben mit Honig oder Ahornsirup s\u00fc\u00dfen.<\/li>\n<\/ul>\n<h3><span class=\"ez-toc-section\" id=\"Marmelade\"><\/span>Marmelade<span class=\"ez-toc-section-end\"><\/span><\/h3>\n<ul>\n<li>1 kg Obst waschen, sch\u00e4len und zerkleinern.<\/li>\n<li>Mit 500 g Gelierzucker (2:1) vermischen und in einem Topf zum Kochen bringen.<\/li>\n<li>5 Minuten sprudelnd kochen lassen, regelm\u00e4\u00dfig umr\u00fchren, damit nichts anbrennt.<\/li>\n<li>Die noch hei\u00dfe Marmelade in sterilisierte Gl\u00e4ser abf\u00fcllen und anschlie\u00dfend k\u00fchl und dunkel lagern.<\/li>\n<\/ul>\n<h3><span class=\"ez-toc-section\" id=\"Sorbet\"><\/span>Sorbet<span class=\"ez-toc-section-end\"><\/span><\/h3>\n<ul>\n<li>500 g Obst kleinschneiden und f\u00fcr mehrere Stunden tiefk\u00fchlen.<\/li>\n<li>Das gefrorene Obst in einem Mixer mit 2 EL Zitronensaft und 2-3 EL Zucker oder Honig p\u00fcrieren.<\/li>\n<li>Nochmals f\u00fcr 2 Stunden einfrieren und gelegentlich umr\u00fchren.<\/li>\n<\/ul>\n<h3><span class=\"ez-toc-section\" id=\"Chutney\"><\/span>Chutney<span class=\"ez-toc-section-end\"><\/span><\/h3>\n<ul>\n<li>500 g Obst sch\u00e4len und w\u00fcrfeln.<\/li>\n<li>Mit 150 g Zucker, 100 ml Essig, 1 gehackten Zwiebel, etwas Ingwer und Gew\u00fcrzen wie Chili, Zimt etc. in einem Topf k\u00f6cheln lassen, bis das Obst zerf\u00e4llt.<\/li>\n<li>In sterilisierte Gl\u00e4ser abf\u00fcllen und abk\u00fchlen lassen, danach k\u00fchl und dunkel lagern.<\/li>\n<\/ul>\n<h3><span class=\"ez-toc-section\" id=\"Getrocknetes_Obst\"><\/span>Getrocknetes Obst<span class=\"ez-toc-section-end\"><\/span><\/h3>\n<ul>\n<li>Obst in d\u00fcnne Scheiben schneiden (je d\u00fcnner, umso schneller trocknen die Fr\u00fcchte).<\/li>\n<li>Auf einem Backblech nebeneinander auslegen und bei 50 bis 70 Grad im Backofen f\u00fcr 4-6 Stunden trocknen lassen. Alternativ nutzen Sie einen D\u00f6rrautomaten.<\/li>\n<li>Das Obst ist fertig, wenn es ledrig aber nicht mehr feucht ist.<\/li>\n<\/ul>\n<h3><span class=\"ez-toc-section\" id=\"Fruchtleder\"><\/span>Fruchtleder<span class=\"ez-toc-section-end\"><\/span><\/h3>\n<ul>\n<li>500 g Obst p\u00fcrieren und mit 1-2 EL Zucker oder Honig mischen.<\/li>\n<li>Gleichm\u00e4\u00dfig auf ein Backblech streichen und bei 50 bis 70 Grad im Backofen (alternativ im D\u00f6rrautomaten) trocknen \u2013 dies kann 6 bis 8 Stunden dauern.<\/li>\n<li>Das Fruchtleder ist fertig, wenn es schnittfest ist und sich aufrollen l\u00e4sst.<\/li>\n<\/ul>\n","protected":false},"excerpt":{"rendered":"<p>Wenn Sie Kernobst oder Steinobst im Garten haben, wissen Sie, dass ab Sommer eine Menge Arbeit ansteht, denn das Obst will geerntet und verwertet werden. Doch schon bevor der Erntezeitpunkt erreicht ist, werfen Obstb\u00e4ume Fr\u00fcchte ab, die dann im Garten herumliegen. So manch einer l\u00e4sst diese Fr\u00fcchte gerne f\u00fcr Tiere liegen. Warum dies nicht immer eine gute Idee ist und weitere Fragen zum Thema Fallobst m\u00f6chten wir gerne er\u00f6rtern. Fallobst und der Klimawandel Der Klimawandel wirkt sich auch auf die Reife von Obst und entsprechend auf das Fallobst aus. Weil sich der Beginn der warmen Jahreszeit immer weiter nach vorne verlagert, werden die Fr\u00fcchte immer fr\u00fcher reif. Entsprechend ist auch Fallobst fr\u00fcher zu finden. Dazu kommen weitere Aspekte, die f\u00fcr den Abwurf im Zusammenhang mit Fallobst relevant sind: Hitzestress und Trockenheit: Es gibt durch den Klimawandel vermehrt Hitzewellen und l\u00e4ngere Trockenperioden \u2013 die B\u00e4ume leiden daher immer \u00f6fter an Hitzestress. Ver\u00e4nderte Niederschlagsmuster: Die Extreme werden h\u00e4ufiger, so wechseln sich nicht selten D\u00fcrreperioden mit unregelm\u00e4\u00dfigen und teils heftigen Niederschl\u00e4gen und Unwettern ab. Fr\u00fchjahrsfr\u00f6ste: Treiben Obstb\u00e4ume fr\u00fcher aus, sind sie anf\u00e4lliger f\u00fcr Frostsch\u00e4den, was zu einer schlechteren Fruchtentwicklung f\u00fchren kann. Sch\u00e4dlinge und Krankheiten: Der Klimawandel f\u00f6rdert die Ausbreitung von Sch\u00e4dlingen und Krankheiten. [&hellip;]<\/p>\n","protected":false},"author":13,"featured_media":21993,"comment_status":"open","ping_status":"open","sticky":false,"template":"","format":"standard","meta":{"_acf_changed":false,"footnotes":""},"categories":[32],"tags":[],"hersteller":[],"class_list":["post-19635","post","type-post","status-publish","format-standard","has-post-thumbnail","hentry","category-obst"],"acf":[],"yoast_head":"<!-- This site is optimized with the Yoast SEO plugin v27.4 - https:\/\/yoast.com\/product\/yoast-seo-wordpress\/ -->\n<title>Was Sie mit Fallobst tun k\u00f6nnen - Samenhaus Gartenblog<\/title>\n<meta name=\"description\" content=\"Fallobst ist viel u schade zum Wegwerfen. Die Fr\u00fcchte k\u00f6nnen Sie noch vielf\u00e4ltig verwerten. Hier finden Sie Ideen f\u00fcr Fallobst.\" \/>\n<meta name=\"robots\" content=\"index, follow, max-snippet:-1, max-image-preview:large, max-video-preview:-1\" \/>\n<link rel=\"canonical\" href=\"https:\/\/www.samenhaus.de\/gartenblog\/was-sie-mit-fallobst-tun-koennen\" \/>\n<meta property=\"og:locale\" content=\"de_DE\" \/>\n<meta property=\"og:type\" content=\"article\" \/>\n<meta property=\"og:title\" content=\"Was Sie mit Fallobst tun k\u00f6nnen - Samenhaus Gartenblog\" \/>\n<meta property=\"og:description\" content=\"Fallobst ist viel u schade zum Wegwerfen. Die Fr\u00fcchte k\u00f6nnen Sie noch vielf\u00e4ltig verwerten. Hier finden Sie Ideen f\u00fcr Fallobst.\" \/>\n<meta property=\"og:url\" content=\"https:\/\/www.samenhaus.de\/gartenblog\/was-sie-mit-fallobst-tun-koennen\" \/>\n<meta property=\"og:site_name\" content=\"Samenhaus Gartenblog\" \/>\n<meta property=\"article:publisher\" content=\"https:\/\/de-de.facebook.com\/samenhaus\" \/>\n<meta property=\"article:published_time\" content=\"2025-08-02T07:00:58+00:00\" \/>\n<meta property=\"og:image\" content=\"https:\/\/www.samenhaus.de\/gartenblog\/wp-content\/uploads\/2025\/07\/Fallobst_274090442-scaled.jpg\" \/>\n\t<meta property=\"og:image:width\" content=\"2048\" \/>\n\t<meta property=\"og:image:height\" content=\"1154\" \/>\n\t<meta property=\"og:image:type\" content=\"image\/jpeg\" \/>\n<meta name=\"author\" content=\"Holger\" \/>\n<meta name=\"twitter:card\" content=\"summary_large_image\" \/>\n<meta name=\"twitter:creator\" content=\"@samenhaus\" \/>\n<meta name=\"twitter:site\" content=\"@samenhaus\" \/>\n<meta name=\"twitter:label1\" content=\"Verfasst von\" \/>\n\t<meta name=\"twitter:data1\" content=\"Holger\" \/>\n\t<meta name=\"twitter:label2\" content=\"Gesch\u00e4tzte Lesezeit\" \/>\n\t<meta name=\"twitter:data2\" content=\"8\u00a0Minuten\" \/>\n<script type=\"application\/ld+json\" class=\"yoast-schema-graph\">{\"@context\":\"https:\\\/\\\/schema.org\",\"@graph\":[{\"@type\":\"Article\",\"@id\":\"https:\\\/\\\/www.samenhaus.de\\\/gartenblog\\\/was-sie-mit-fallobst-tun-koennen#article\",\"isPartOf\":{\"@id\":\"https:\\\/\\\/www.samenhaus.de\\\/gartenblog\\\/was-sie-mit-fallobst-tun-koennen\"},\"author\":{\"name\":\"Holger\",\"@id\":\"https:\\\/\\\/www.samenhaus.de\\\/gartenblog\\\/#\\\/schema\\\/person\\\/de169769587431893823f62b2ce06c04\"},\"headline\":\"Was Sie mit Fallobst tun k\u00f6nnen\",\"datePublished\":\"2025-08-02T07:00:58+00:00\",\"mainEntityOfPage\":{\"@id\":\"https:\\\/\\\/www.samenhaus.de\\\/gartenblog\\\/was-sie-mit-fallobst-tun-koennen\"},\"wordCount\":1394,\"commentCount\":0,\"publisher\":{\"@id\":\"https:\\\/\\\/www.samenhaus.de\\\/gartenblog\\\/#organization\"},\"image\":{\"@id\":\"https:\\\/\\\/www.samenhaus.de\\\/gartenblog\\\/was-sie-mit-fallobst-tun-koennen#primaryimage\"},\"thumbnailUrl\":\"https:\\\/\\\/www.samenhaus.de\\\/gartenblog\\\/wp-content\\\/uploads\\\/2025\\\/07\\\/Fallobst_274090442-scaled.jpg\",\"articleSection\":[\"Obst\"],\"inLanguage\":\"de\",\"potentialAction\":[{\"@type\":\"CommentAction\",\"name\":\"Comment\",\"target\":[\"https:\\\/\\\/www.samenhaus.de\\\/gartenblog\\\/was-sie-mit-fallobst-tun-koennen#respond\"]}],\"copyrightYear\":\"2025\",\"copyrightHolder\":{\"@id\":\"https:\\\/\\\/www.samenhaus.de\\\/gartenblog\\\/#organization\"}},{\"@type\":\"WebPage\",\"@id\":\"https:\\\/\\\/www.samenhaus.de\\\/gartenblog\\\/was-sie-mit-fallobst-tun-koennen\",\"url\":\"https:\\\/\\\/www.samenhaus.de\\\/gartenblog\\\/was-sie-mit-fallobst-tun-koennen\",\"name\":\"Was Sie mit Fallobst tun k\u00f6nnen - Samenhaus Gartenblog\",\"isPartOf\":{\"@id\":\"https:\\\/\\\/www.samenhaus.de\\\/gartenblog\\\/#website\"},\"primaryImageOfPage\":{\"@id\":\"https:\\\/\\\/www.samenhaus.de\\\/gartenblog\\\/was-sie-mit-fallobst-tun-koennen#primaryimage\"},\"image\":{\"@id\":\"https:\\\/\\\/www.samenhaus.de\\\/gartenblog\\\/was-sie-mit-fallobst-tun-koennen#primaryimage\"},\"thumbnailUrl\":\"https:\\\/\\\/www.samenhaus.de\\\/gartenblog\\\/wp-content\\\/uploads\\\/2025\\\/07\\\/Fallobst_274090442-scaled.jpg\",\"datePublished\":\"2025-08-02T07:00:58+00:00\",\"description\":\"Fallobst ist viel u schade zum Wegwerfen. Die Fr\u00fcchte k\u00f6nnen Sie noch vielf\u00e4ltig verwerten. Hier finden Sie Ideen f\u00fcr Fallobst.\",\"breadcrumb\":{\"@id\":\"https:\\\/\\\/www.samenhaus.de\\\/gartenblog\\\/was-sie-mit-fallobst-tun-koennen#breadcrumb\"},\"inLanguage\":\"de\",\"potentialAction\":[{\"@type\":\"ReadAction\",\"target\":[\"https:\\\/\\\/www.samenhaus.de\\\/gartenblog\\\/was-sie-mit-fallobst-tun-koennen\"]}]},{\"@type\":\"ImageObject\",\"inLanguage\":\"de\",\"@id\":\"https:\\\/\\\/www.samenhaus.de\\\/gartenblog\\\/was-sie-mit-fallobst-tun-koennen#primaryimage\",\"url\":\"https:\\\/\\\/www.samenhaus.de\\\/gartenblog\\\/wp-content\\\/uploads\\\/2025\\\/07\\\/Fallobst_274090442-scaled.jpg\",\"contentUrl\":\"https:\\\/\\\/www.samenhaus.de\\\/gartenblog\\\/wp-content\\\/uploads\\\/2025\\\/07\\\/Fallobst_274090442-scaled.jpg\",\"width\":2048,\"height\":1154,\"caption\":\"Fallobst\"},{\"@type\":\"BreadcrumbList\",\"@id\":\"https:\\\/\\\/www.samenhaus.de\\\/gartenblog\\\/was-sie-mit-fallobst-tun-koennen#breadcrumb\",\"itemListElement\":[{\"@type\":\"ListItem\",\"position\":1,\"name\":\"Startseite\",\"item\":\"https:\\\/\\\/www.samenhaus.de\\\/gartenblog\\\/\"},{\"@type\":\"ListItem\",\"position\":2,\"name\":\"Was Sie mit Fallobst tun k\u00f6nnen\"}]},{\"@type\":\"WebSite\",\"@id\":\"https:\\\/\\\/www.samenhaus.de\\\/gartenblog\\\/#website\",\"url\":\"https:\\\/\\\/www.samenhaus.de\\\/gartenblog\\\/\",\"name\":\"Samenhaus Gartenblog\",\"description\":\"\",\"publisher\":{\"@id\":\"https:\\\/\\\/www.samenhaus.de\\\/gartenblog\\\/#organization\"},\"potentialAction\":[{\"@type\":\"SearchAction\",\"target\":{\"@type\":\"EntryPoint\",\"urlTemplate\":\"https:\\\/\\\/www.samenhaus.de\\\/gartenblog\\\/?s={search_term_string}\"},\"query-input\":{\"@type\":\"PropertyValueSpecification\",\"valueRequired\":true,\"valueName\":\"search_term_string\"}}],\"inLanguage\":\"de\"},{\"@type\":\"Organization\",\"@id\":\"https:\\\/\\\/www.samenhaus.de\\\/gartenblog\\\/#organization\",\"name\":\"Samenhaus.de Gartenblog\",\"url\":\"https:\\\/\\\/www.samenhaus.de\\\/gartenblog\\\/\",\"logo\":{\"@type\":\"ImageObject\",\"inLanguage\":\"de\",\"@id\":\"https:\\\/\\\/www.samenhaus.de\\\/gartenblog\\\/#\\\/schema\\\/logo\\\/image\\\/\",\"url\":\"https:\\\/\\\/www.samenhaus.de\\\/gartenblog\\\/wp-content\\\/uploads\\\/2020\\\/11\\\/logo.svg\",\"contentUrl\":\"https:\\\/\\\/www.samenhaus.de\\\/gartenblog\\\/wp-content\\\/uploads\\\/2020\\\/11\\\/logo.svg\",\"width\":1,\"height\":1,\"caption\":\"Samenhaus.de Gartenblog\"},\"image\":{\"@id\":\"https:\\\/\\\/www.samenhaus.de\\\/gartenblog\\\/#\\\/schema\\\/logo\\\/image\\\/\"},\"sameAs\":[\"https:\\\/\\\/de-de.facebook.com\\\/samenhaus\",\"https:\\\/\\\/x.com\\\/samenhaus\"]},{\"@type\":\"Person\",\"@id\":\"https:\\\/\\\/www.samenhaus.de\\\/gartenblog\\\/#\\\/schema\\\/person\\\/de169769587431893823f62b2ce06c04\",\"name\":\"Holger\",\"image\":{\"@type\":\"ImageObject\",\"inLanguage\":\"de\",\"@id\":\"https:\\\/\\\/www.samenhaus.de\\\/gartenblog\\\/wp-content\\\/uploads\\\/2026\\\/03\\\/Holger-150x150.png\",\"url\":\"https:\\\/\\\/www.samenhaus.de\\\/gartenblog\\\/wp-content\\\/uploads\\\/2026\\\/03\\\/Holger-150x150.png\",\"contentUrl\":\"https:\\\/\\\/www.samenhaus.de\\\/gartenblog\\\/wp-content\\\/uploads\\\/2026\\\/03\\\/Holger-150x150.png\",\"caption\":\"Holger\"},\"description\":\"6.000.000 W\u00f6rter \u2013 so viel k\u00f6nnen Sie in etwa von mir online lesen. Das F\u00fcllen des Internets entwickelte sich nach meiner Ausbildung zum TV-Redakteur und der langj\u00e4hrigen Arbeit bei SAT.1 zu einem Fulltime-Job. Trotzdem finde ich noch gen\u00fcgend Zeit, um in meinem Garten zu werkeln. Eine Staude hier, ein Bl\u00fcmchen dort und ein bisschen Gem\u00fcse darf auch nicht fehlen \u2013 einen Schnitzelbaum gibt es ja noch nicht \u2026 Die besten geistigen Erg\u00fcsse habe ich \u00fcbrigens, wenn ich IM Garten \u00dcBER den Garten schreiben kann. So vereinen sich Beruf und Hobby perfekt \u2013 was gibt es Sch\u00f6neres?\",\"url\":\"https:\\\/\\\/www.samenhaus.de\\\/gartenblog\\\/author\\\/holger\"}]}<\/script>\n<!-- \/ Yoast SEO plugin. -->","yoast_head_json":{"title":"Was Sie mit Fallobst tun k\u00f6nnen - Samenhaus Gartenblog","description":"Fallobst ist viel u schade zum Wegwerfen. Die Fr\u00fcchte k\u00f6nnen Sie noch vielf\u00e4ltig verwerten. Hier finden Sie Ideen f\u00fcr Fallobst.","robots":{"index":"index","follow":"follow","max-snippet":"max-snippet:-1","max-image-preview":"max-image-preview:large","max-video-preview":"max-video-preview:-1"},"canonical":"https:\/\/www.samenhaus.de\/gartenblog\/was-sie-mit-fallobst-tun-koennen","og_locale":"de_DE","og_type":"article","og_title":"Was Sie mit Fallobst tun k\u00f6nnen - Samenhaus Gartenblog","og_description":"Fallobst ist viel u schade zum Wegwerfen. Die Fr\u00fcchte k\u00f6nnen Sie noch vielf\u00e4ltig verwerten. Hier finden Sie Ideen f\u00fcr Fallobst.","og_url":"https:\/\/www.samenhaus.de\/gartenblog\/was-sie-mit-fallobst-tun-koennen","og_site_name":"Samenhaus Gartenblog","article_publisher":"https:\/\/de-de.facebook.com\/samenhaus","article_published_time":"2025-08-02T07:00:58+00:00","og_image":[{"width":2048,"height":1154,"url":"https:\/\/www.samenhaus.de\/gartenblog\/wp-content\/uploads\/2025\/07\/Fallobst_274090442-scaled.jpg","type":"image\/jpeg"}],"author":"Holger","twitter_card":"summary_large_image","twitter_creator":"@samenhaus","twitter_site":"@samenhaus","twitter_misc":{"Verfasst von":"Holger","Gesch\u00e4tzte Lesezeit":"8\u00a0Minuten"},"schema":{"@context":"https:\/\/schema.org","@graph":[{"@type":"Article","@id":"https:\/\/www.samenhaus.de\/gartenblog\/was-sie-mit-fallobst-tun-koennen#article","isPartOf":{"@id":"https:\/\/www.samenhaus.de\/gartenblog\/was-sie-mit-fallobst-tun-koennen"},"author":{"name":"Holger","@id":"https:\/\/www.samenhaus.de\/gartenblog\/#\/schema\/person\/de169769587431893823f62b2ce06c04"},"headline":"Was Sie mit Fallobst tun k\u00f6nnen","datePublished":"2025-08-02T07:00:58+00:00","mainEntityOfPage":{"@id":"https:\/\/www.samenhaus.de\/gartenblog\/was-sie-mit-fallobst-tun-koennen"},"wordCount":1394,"commentCount":0,"publisher":{"@id":"https:\/\/www.samenhaus.de\/gartenblog\/#organization"},"image":{"@id":"https:\/\/www.samenhaus.de\/gartenblog\/was-sie-mit-fallobst-tun-koennen#primaryimage"},"thumbnailUrl":"https:\/\/www.samenhaus.de\/gartenblog\/wp-content\/uploads\/2025\/07\/Fallobst_274090442-scaled.jpg","articleSection":["Obst"],"inLanguage":"de","potentialAction":[{"@type":"CommentAction","name":"Comment","target":["https:\/\/www.samenhaus.de\/gartenblog\/was-sie-mit-fallobst-tun-koennen#respond"]}],"copyrightYear":"2025","copyrightHolder":{"@id":"https:\/\/www.samenhaus.de\/gartenblog\/#organization"}},{"@type":"WebPage","@id":"https:\/\/www.samenhaus.de\/gartenblog\/was-sie-mit-fallobst-tun-koennen","url":"https:\/\/www.samenhaus.de\/gartenblog\/was-sie-mit-fallobst-tun-koennen","name":"Was Sie mit Fallobst tun k\u00f6nnen - Samenhaus Gartenblog","isPartOf":{"@id":"https:\/\/www.samenhaus.de\/gartenblog\/#website"},"primaryImageOfPage":{"@id":"https:\/\/www.samenhaus.de\/gartenblog\/was-sie-mit-fallobst-tun-koennen#primaryimage"},"image":{"@id":"https:\/\/www.samenhaus.de\/gartenblog\/was-sie-mit-fallobst-tun-koennen#primaryimage"},"thumbnailUrl":"https:\/\/www.samenhaus.de\/gartenblog\/wp-content\/uploads\/2025\/07\/Fallobst_274090442-scaled.jpg","datePublished":"2025-08-02T07:00:58+00:00","description":"Fallobst ist viel u schade zum Wegwerfen. Die Fr\u00fcchte k\u00f6nnen Sie noch vielf\u00e4ltig verwerten. Hier finden Sie Ideen f\u00fcr Fallobst.","breadcrumb":{"@id":"https:\/\/www.samenhaus.de\/gartenblog\/was-sie-mit-fallobst-tun-koennen#breadcrumb"},"inLanguage":"de","potentialAction":[{"@type":"ReadAction","target":["https:\/\/www.samenhaus.de\/gartenblog\/was-sie-mit-fallobst-tun-koennen"]}]},{"@type":"ImageObject","inLanguage":"de","@id":"https:\/\/www.samenhaus.de\/gartenblog\/was-sie-mit-fallobst-tun-koennen#primaryimage","url":"https:\/\/www.samenhaus.de\/gartenblog\/wp-content\/uploads\/2025\/07\/Fallobst_274090442-scaled.jpg","contentUrl":"https:\/\/www.samenhaus.de\/gartenblog\/wp-content\/uploads\/2025\/07\/Fallobst_274090442-scaled.jpg","width":2048,"height":1154,"caption":"Fallobst"},{"@type":"BreadcrumbList","@id":"https:\/\/www.samenhaus.de\/gartenblog\/was-sie-mit-fallobst-tun-koennen#breadcrumb","itemListElement":[{"@type":"ListItem","position":1,"name":"Startseite","item":"https:\/\/www.samenhaus.de\/gartenblog\/"},{"@type":"ListItem","position":2,"name":"Was Sie mit Fallobst tun k\u00f6nnen"}]},{"@type":"WebSite","@id":"https:\/\/www.samenhaus.de\/gartenblog\/#website","url":"https:\/\/www.samenhaus.de\/gartenblog\/","name":"Samenhaus Gartenblog","description":"","publisher":{"@id":"https:\/\/www.samenhaus.de\/gartenblog\/#organization"},"potentialAction":[{"@type":"SearchAction","target":{"@type":"EntryPoint","urlTemplate":"https:\/\/www.samenhaus.de\/gartenblog\/?s={search_term_string}"},"query-input":{"@type":"PropertyValueSpecification","valueRequired":true,"valueName":"search_term_string"}}],"inLanguage":"de"},{"@type":"Organization","@id":"https:\/\/www.samenhaus.de\/gartenblog\/#organization","name":"Samenhaus.de Gartenblog","url":"https:\/\/www.samenhaus.de\/gartenblog\/","logo":{"@type":"ImageObject","inLanguage":"de","@id":"https:\/\/www.samenhaus.de\/gartenblog\/#\/schema\/logo\/image\/","url":"https:\/\/www.samenhaus.de\/gartenblog\/wp-content\/uploads\/2020\/11\/logo.svg","contentUrl":"https:\/\/www.samenhaus.de\/gartenblog\/wp-content\/uploads\/2020\/11\/logo.svg","width":1,"height":1,"caption":"Samenhaus.de Gartenblog"},"image":{"@id":"https:\/\/www.samenhaus.de\/gartenblog\/#\/schema\/logo\/image\/"},"sameAs":["https:\/\/de-de.facebook.com\/samenhaus","https:\/\/x.com\/samenhaus"]},{"@type":"Person","@id":"https:\/\/www.samenhaus.de\/gartenblog\/#\/schema\/person\/de169769587431893823f62b2ce06c04","name":"Holger","image":{"@type":"ImageObject","inLanguage":"de","@id":"https:\/\/www.samenhaus.de\/gartenblog\/wp-content\/uploads\/2026\/03\/Holger-150x150.png","url":"https:\/\/www.samenhaus.de\/gartenblog\/wp-content\/uploads\/2026\/03\/Holger-150x150.png","contentUrl":"https:\/\/www.samenhaus.de\/gartenblog\/wp-content\/uploads\/2026\/03\/Holger-150x150.png","caption":"Holger"},"description":"6.000.000 W\u00f6rter \u2013 so viel k\u00f6nnen Sie in etwa von mir online lesen. Das F\u00fcllen des Internets entwickelte sich nach meiner Ausbildung zum TV-Redakteur und der langj\u00e4hrigen Arbeit bei SAT.1 zu einem Fulltime-Job. Trotzdem finde ich noch gen\u00fcgend Zeit, um in meinem Garten zu werkeln. Eine Staude hier, ein Bl\u00fcmchen dort und ein bisschen Gem\u00fcse darf auch nicht fehlen \u2013 einen Schnitzelbaum gibt es ja noch nicht \u2026 Die besten geistigen Erg\u00fcsse habe ich \u00fcbrigens, wenn ich IM Garten \u00dcBER den Garten schreiben kann. So vereinen sich Beruf und Hobby perfekt \u2013 was gibt es Sch\u00f6neres?","url":"https:\/\/www.samenhaus.de\/gartenblog\/author\/holger"}]}},"wp-worthy-pixel":{"ignored":false,"public":"123c384a988e447a90ad0bb50c53de4c","server":"vg07.met.vgwort.de","url":"https:\/\/vg07.met.vgwort.de\/na\/123c384a988e447a90ad0bb50c53de4c"},"wp-worthy-type":"normal","_links":{"self":[{"href":"https:\/\/www.samenhaus.de\/gartenblog\/wp-json\/wp\/v2\/posts\/19635","targetHints":{"allow":["GET"]}}],"collection":[{"href":"https:\/\/www.samenhaus.de\/gartenblog\/wp-json\/wp\/v2\/posts"}],"about":[{"href":"https:\/\/www.samenhaus.de\/gartenblog\/wp-json\/wp\/v2\/types\/post"}],"author":[{"embeddable":true,"href":"https:\/\/www.samenhaus.de\/gartenblog\/wp-json\/wp\/v2\/users\/13"}],"replies":[{"embeddable":true,"href":"https:\/\/www.samenhaus.de\/gartenblog\/wp-json\/wp\/v2\/comments?post=19635"}],"version-history":[{"count":6,"href":"https:\/\/www.samenhaus.de\/gartenblog\/wp-json\/wp\/v2\/posts\/19635\/revisions"}],"predecessor-version":[{"id":21994,"href":"https:\/\/www.samenhaus.de\/gartenblog\/wp-json\/wp\/v2\/posts\/19635\/revisions\/21994"}],"wp:featuredmedia":[{"embeddable":true,"href":"https:\/\/www.samenhaus.de\/gartenblog\/wp-json\/wp\/v2\/media\/21993"}],"wp:attachment":[{"href":"https:\/\/www.samenhaus.de\/gartenblog\/wp-json\/wp\/v2\/media?parent=19635"}],"wp:term":[{"taxonomy":"category","embeddable":true,"href":"https:\/\/www.samenhaus.de\/gartenblog\/wp-json\/wp\/v2\/categories?post=19635"},{"taxonomy":"post_tag","embeddable":true,"href":"https:\/\/www.samenhaus.de\/gartenblog\/wp-json\/wp\/v2\/tags?post=19635"},{"taxonomy":"hersteller","embeddable":true,"href":"https:\/\/www.samenhaus.de\/gartenblog\/wp-json\/wp\/v2\/hersteller?post=19635"}],"curies":[{"name":"wp","href":"https:\/\/api.w.org\/{rel}","templated":true}]}}