{"id":19641,"date":"2025-03-31T09:00:25","date_gmt":"2025-03-31T07:00:25","guid":{"rendered":"https:\/\/www.samenhaus.de\/gartenblog\/?p=19641"},"modified":"2025-05-02T11:45:51","modified_gmt":"2025-05-02T09:45:51","slug":"10-interessante-fakten-was-sie-noch-nicht-ueber-fledermaeuse-wussten","status":"publish","type":"post","link":"https:\/\/www.samenhaus.de\/gartenblog\/10-interessante-fakten-was-sie-noch-nicht-ueber-fledermaeuse-wussten","title":{"rendered":"10 interessante Fakten \u2013 was Sie noch nicht \u00fcber Flederm\u00e4use wussten"},"content":{"rendered":"<p>Flederm\u00e4use werden auch gerne als J\u00e4ger der Nacht bezeichnet. Sie kommen in der D\u00e4mmerung aus ihren Verstecken und gehen dann auf Nahrungssuche. Neben den Flughunden sind Flederm\u00e4use die einzigen S\u00e4ugetiere, die fliegen k\u00f6nnen. Wer bei Anbruch der Nacht an einem lauen Sommerabend noch drau\u00dfen sitzt, wird wom\u00f6glich die eine oder andere Fledermaus umherflattern sehen \u2013 schattenhaft, denn n\u00e4her wird man ihr kaum kommen. Flederm\u00e4use sind faszinierende Tiere, die einige \u00dcberraschungen bereithalten.<\/p>\n<h2><span class=\"ez-toc-section\" id=\"Darum_sind_Fledermaeuse_nuetzlich\"><\/span>Darum sind Flederm\u00e4use n\u00fctzlich<span class=\"ez-toc-section-end\"><\/span><\/h2>\n<p><a href=\"https:\/\/www.samenhaus.de\/gartenblog\/wp-content\/uploads\/2025\/03\/Fledermaus_438586860-scaled.jpeg\"><img loading=\"lazy\" decoding=\"async\" class=\"alignright wp-image-21128\" src=\"https:\/\/www.samenhaus.de\/gartenblog\/wp-content\/uploads\/2025\/03\/Fledermaus_438586860-600x399.jpeg\" alt=\"Fledermaus\" width=\"300\" height=\"200\" srcset=\"https:\/\/www.samenhaus.de\/gartenblog\/wp-content\/uploads\/2025\/03\/Fledermaus_438586860-600x400.jpeg 600w, https:\/\/www.samenhaus.de\/gartenblog\/wp-content\/uploads\/2025\/03\/Fledermaus_438586860-1024x681.jpeg 1024w, https:\/\/www.samenhaus.de\/gartenblog\/wp-content\/uploads\/2025\/03\/Fledermaus_438586860-768x511.jpeg 768w, https:\/\/www.samenhaus.de\/gartenblog\/wp-content\/uploads\/2025\/03\/Fledermaus_438586860-1536x1022.jpeg 1536w, https:\/\/www.samenhaus.de\/gartenblog\/wp-content\/uploads\/2025\/03\/Fledermaus_438586860-2048x1363.jpeg 2048w\" sizes=\"auto, (max-width: 300px) 100vw, 300px\" \/><\/a>Flederm\u00e4use geh\u00f6ren zu den Insektenfressern \u2013 innerhalb einer Nacht kann ein einziges Tier Tausende Insekten fressen und so die Population von Sch\u00e4dlingen dezimieren. Flederm\u00e4use, die tropischen Regionen heimisch sind, \u00fcbernehmen auch eine wichtige Rolle bei der Best\u00e4ubung von Pflanzen. Sie best\u00e4uben n\u00e4mlich Blumen, die nachts bl\u00fchen. Weiterhin gibt es Flederm\u00e4use, die Fr\u00fcchte fressen und somit die Samen weiterverbreiten. Zudem haben Flederm\u00e4use in den Bereichen der Wissenschaft und der Medizin eine wichtige Rolle gespielt. Zum Beispiel bei der Erforschung der Fledermaus-Sonar-Technologie (Echolokation) aber auch in Bezug auf Krankheiten, denn die Tiere k\u00f6nnen viele Krankheiten in sich tragen, ohne selbst krank zu werden. Hierbei wird das Immunsystem intensiv studiert.<\/p>\n<h2><span class=\"ez-toc-section\" id=\"Die_Fledermaus_%E2%80%93_ein_Steckbrief\"><\/span>Die Fledermaus \u2013 ein Steckbrief<span class=\"ez-toc-section-end\"><\/span><\/h2>\n<p><strong>Wissenschaftlicher Name:<\/strong> <em>Microchiroptera<\/em><br \/>\n<strong>Ordnung:<\/strong> Fledertiere<br \/>\n<strong>Klasse:<\/strong> S\u00e4ugetiere<br \/>\n<strong>Arten:<\/strong> \u00fcber 1400 weltweit, 54 in Europa<br \/>\n<strong>Alter:<\/strong> bis zu 30 Jahre<br \/>\n<strong>Verbreitung: <\/strong>weltweit, bis auf die Antarktis<br \/>\n<strong>Nahrung:<\/strong> Ein Gro\u00dfteil der Flederm\u00e4use ern\u00e4hrt sich von Insekten wie Motten, M\u00fccken, K\u00e4fer, Heuschrecken etc. Es gibt aber auch Flederm\u00e4use, die sich von Fr\u00fcchten, Nektar, Samen, Fischen und Fleisch (kleine V\u00f6gel, Eidechsen Fr\u00f6sche) ern\u00e4hren.<br \/>\n<strong>Feinde:<\/strong> V\u00f6gel (wie Eulen, Falken, Habichte, Kr\u00e4hen \u2026), Schlangen, Raubtiere (wie Marder, F\u00fcchse, Katzen, Ratten \u2026), Menschen<\/p>\n<h2><span class=\"ez-toc-section\" id=\"10_Fakten_ueber_Fledermaeuse\"><\/span>10 Fakten \u00fcber Flederm\u00e4use<span class=\"ez-toc-section-end\"><\/span><\/h2>\n<p>Lassen Sie uns aber nun 10 Fakten \u00fcber Flederm\u00e4use n\u00e4her betrachten, die Sie wom\u00f6glich noch nicht kennen:<\/p>\n<h3><span class=\"ez-toc-section\" id=\"Fakt_1_Fledermaeuse_schlafen_mit_dem_Kopf_nach_unten\"><\/span>Fakt 1: Flederm\u00e4use schlafen mit dem Kopf nach unten<span class=\"ez-toc-section-end\"><\/span><\/h3>\n<p><a href=\"https:\/\/www.samenhaus.de\/gartenblog\/wp-content\/uploads\/2025\/05\/Fledermaus_139106971.jpeg\"><img loading=\"lazy\" decoding=\"async\" class=\"alignright wp-image-21375\" src=\"https:\/\/www.samenhaus.de\/gartenblog\/wp-content\/uploads\/2025\/05\/Fledermaus_139106971-600x399.jpeg\" alt=\"schlafende Fledermaus\" width=\"300\" height=\"200\" srcset=\"https:\/\/www.samenhaus.de\/gartenblog\/wp-content\/uploads\/2025\/05\/Fledermaus_139106971-600x400.jpeg 600w, https:\/\/www.samenhaus.de\/gartenblog\/wp-content\/uploads\/2025\/05\/Fledermaus_139106971-1024x681.jpeg 1024w, https:\/\/www.samenhaus.de\/gartenblog\/wp-content\/uploads\/2025\/05\/Fledermaus_139106971-768x511.jpeg 768w, https:\/\/www.samenhaus.de\/gartenblog\/wp-content\/uploads\/2025\/05\/Fledermaus_139106971-1536x1021.jpeg 1536w, https:\/\/www.samenhaus.de\/gartenblog\/wp-content\/uploads\/2025\/05\/Fledermaus_139106971.jpeg 2048w\" sizes=\"auto, (max-width: 300px) 100vw, 300px\" \/><\/a>Wenn wir Menschen einen Kopfstand machen, dauert es nicht lange, bis uns das Blut in den Kopf steigt und wir knallrot werden. Wenn Flederm\u00e4use den ganzen Tag kopf\u00fcber schlafen, haben sie damit keine Probleme. Dies liegt daran, dass sie besondere Blutgef\u00e4\u00dfe und Mechanismen besitzen, die den Blutdruck in ihrem Kopf regulieren. Auch verf\u00fcgen sie \u00fcber speziell entwickelte Venenklappen, die das Blut daran hindern, unkontrolliert in den Kopf zu flie\u00dfen.<\/p>\n<p>Warum aber schlafen Flederm\u00e4use eigentlich mit dem Kopf nach unten? Da die Tiere relativ schwache Hinterbeine besitzen, k\u00f6nnen sie nicht aufrecht sitzen oder sich aus einer solchen Position in die L\u00fcfte heben. Zudem k\u00f6nnen Sie sich durch das H\u00e4ngen mit dem Kopf nach unten leicht festhalten \u2013 dazu haben sie eine spezielle Sehne, die sie ein- und ausklinken k\u00f6nnen. Das bedeutet, dass sie nicht aktiv Muskelkraft aufwenden m\u00fcssen. Hinzu kommt, dass sie sich so gut vor Raubtieren sch\u00fctzen k\u00f6nnen.<\/p>\n<h3><span class=\"ez-toc-section\" id=\"Fakt_2_Fledermaeuse_sehen_nicht_mit_den_Augen_sondern_mit_den_Ohren\"><\/span>Fakt 2: Flederm\u00e4use sehen nicht mit den Augen, sondern mit den Ohren<span class=\"ez-toc-section-end\"><\/span><\/h3>\n<p>Auch wenn Flederm\u00e4use in der Dunkelheit sehen k\u00f6nnen, nutzen sie nicht die Augen zur Orientierung, sondern die Ohren. Sie sto\u00dfen \u00fcber Nase und Mund f\u00fcr Menschen nicht h\u00f6rbare Ultraschallwellen aus und nutzen dieses Echo-Ortungssystem, um sich zurechtzufinden. Die Schallwellen werden von Objekten reflektiert und zur\u00fcckgeworfen. Die Flederm\u00e4use k\u00f6nnen diese h\u00f6ren und so nicht nur Hindernisse blitzschnell erkennen und umfliegen, sondern auch die genaue Position ihrer Beute erkennen.<\/p>\n<h3><span class=\"ez-toc-section\" id=\"Fakt_3_Fledermaeuse_halten_beinahe_die_Haelfte_des_Jahres_Winterschlaf\"><\/span>Fakt 3: Flederm\u00e4use halten beinahe die H\u00e4lfte des Jahres Winterschlaf<span class=\"ez-toc-section-end\"><\/span><\/h3>\n<p><a href=\"https:\/\/www.samenhaus.de\/gartenblog\/wp-content\/uploads\/2025\/03\/Fledermaus_537693122-scaled.jpeg\"><img loading=\"lazy\" decoding=\"async\" class=\"alignright wp-image-21130\" src=\"https:\/\/www.samenhaus.de\/gartenblog\/wp-content\/uploads\/2025\/03\/Fledermaus_537693122-600x400.jpeg\" alt=\"Fledermaus an Wand\" width=\"300\" height=\"200\" srcset=\"https:\/\/www.samenhaus.de\/gartenblog\/wp-content\/uploads\/2025\/03\/Fledermaus_537693122-600x400.jpeg 600w, https:\/\/www.samenhaus.de\/gartenblog\/wp-content\/uploads\/2025\/03\/Fledermaus_537693122-1024x683.jpeg 1024w, https:\/\/www.samenhaus.de\/gartenblog\/wp-content\/uploads\/2025\/03\/Fledermaus_537693122-768x512.jpeg 768w, https:\/\/www.samenhaus.de\/gartenblog\/wp-content\/uploads\/2025\/03\/Fledermaus_537693122-1536x1024.jpeg 1536w, https:\/\/www.samenhaus.de\/gartenblog\/wp-content\/uploads\/2025\/03\/Fledermaus_537693122-2048x1366.jpeg 2048w\" sizes=\"auto, (max-width: 300px) 100vw, 300px\" \/><\/a>Flederm\u00e4use sind sprichw\u00f6rtliche Langschl\u00e4fer. In der warmen Jahreszeit schlafen sie von Sonnenaufgang bis Sonnenuntergang \u2013 am l\u00e4ngsten Tag im Jahr sind das ca. 17 Stunden. In der kalten Jahreszeit halten sie sogar Winterschlaf. Dazu fressen sie sich ein Fettpolster an, kehren immer wieder zum selben Schlafquartier zur\u00fcck und fahren nicht nur ihre K\u00f6rpertemperatur auf 5 bis 3 Grad zur\u00fcck, sondern verlangsamen auch ihre Atmung um das 40-fache. Daher ist es wichtig, dass Flederm\u00e4use im Winter nicht gest\u00f6rt werden. Meist begeben Sie sich Ende Oktober ins Winterquartier und erwachen erst wieder Ende M\u00e4rz \u2013 sie schlafen also \u00fcber 5 Monate lang. Danach geht es wieder ins Sommerquartier, das \u00fcbrigens in einer Entfernung von bis zu 1.500 Kilometern liegen kann.<\/p>\n<h3><span class=\"ez-toc-section\" id=\"Fakt_4_Fledermaeuse_haben_keine_Fluegel\"><\/span>Fakt 4: Flederm\u00e4use haben keine Fl\u00fcgel<span class=\"ez-toc-section-end\"><\/span><\/h3>\n<p>Zwar sehen sie wie Fl\u00fcgel aus und werden auch als solche bezeichnet, wenn man es ganz genau nimmt, sind es aber gar keine Fl\u00fcgel im klassischen Sinn. Flederm\u00e4use haben n\u00e4mlich \u2013 wie wir Menschen auch \u2013 Finger und Zehen. Die Vorderbeine der Tiere haben sich so entwickelt, dass ihre Fingerknochen stark verl\u00e4ngert sind. Diese Knochen bilden den &#8222;Rahmen&#8220; des Fl\u00fcgels. Dazwischen ist die Flughaut zu finden, die sich zwischen den Fingern und dem K\u00f6rper spannt. Diese Hautmembran wird als Patagium bezeichnet und erstreckt sich von den Fingerspitzen bis zu den Hinterbeinen und manchmal sogar bis zum Schwanz. Der Daumen dagegen ist frei und relativ kurz und wird zum Festhalten an Oberfl\u00e4chen und zum Klettern genutzt.<\/p>\n<h3><span class=\"ez-toc-section\" id=\"Fakt_5_Fledermaeuse_sind_fuer_Menschen_ungefaehrlich\"><\/span>Fakt 5: Flederm\u00e4use sind f\u00fcr Menschen ungef\u00e4hrlich<span class=\"ez-toc-section-end\"><\/span><\/h3>\n<p><a href=\"https:\/\/www.samenhaus.de\/gartenblog\/wp-content\/uploads\/2025\/03\/Fledermaus_307081881-scaled.jpeg\"><img loading=\"lazy\" decoding=\"async\" class=\"alignright wp-image-21127\" src=\"https:\/\/www.samenhaus.de\/gartenblog\/wp-content\/uploads\/2025\/03\/Fledermaus_307081881-600x400.jpeg\" alt=\"Fledermaus auf Hand\" width=\"300\" height=\"200\" srcset=\"https:\/\/www.samenhaus.de\/gartenblog\/wp-content\/uploads\/2025\/03\/Fledermaus_307081881-600x400.jpeg 600w, https:\/\/www.samenhaus.de\/gartenblog\/wp-content\/uploads\/2025\/03\/Fledermaus_307081881-1024x683.jpeg 1024w, https:\/\/www.samenhaus.de\/gartenblog\/wp-content\/uploads\/2025\/03\/Fledermaus_307081881-768x512.jpeg 768w, https:\/\/www.samenhaus.de\/gartenblog\/wp-content\/uploads\/2025\/03\/Fledermaus_307081881-1536x1024.jpeg 1536w, https:\/\/www.samenhaus.de\/gartenblog\/wp-content\/uploads\/2025\/03\/Fledermaus_307081881-2048x1365.jpeg 2048w\" sizes=\"auto, (max-width: 300px) 100vw, 300px\" \/><\/a>Wer kennt sie nicht, die Geschichten von Dracula, der sich in eine Fledermaus verwandelt und das Blut von Menschen saugt. Auch wenn sich die meisten Flederm\u00e4use von Insekten ern\u00e4hren und auch Blut konsumieren, sind sie f\u00fcr uns Menschen nicht gef\u00e4hrlich. Sie sind nicht angriffslustig und machen einen Bogen um uns. Allerdings kann es bei Bedrohung schon mal zu einem Biss kommen. Daher sollte man Flederm\u00e4use, die man in der Natur findet, in Ruhe lassen \u2013 auch deshalb, weil sie Krankheiten wie Tollwut \u00fcbertragen k\u00f6nnen.<\/p>\n<p>Sofern Sie eine Fledermaus tags\u00fcber drau\u00dfen finden, sollten Sie allerdings Hilfe anbieten. Der Grund: Die Sonne kann der d\u00fcnnen Flughaut schaden und das Tier kann dadurch sterben. Wenn Sie die M\u00f6glichkeit haben, bringen Sie eine Schachtel oder einen Karton in die N\u00e4he der Fledermaus. Diese erkennt, dass sie dort Schutz findet und wird hineinkrabbeln. Fassen Sie die Fledermaus nie ohne bissfeste Handschuhe an, denn in solchen Situationen kann das Tier durchaus bei\u00dfen. Sind Sie sich unsicher, dann informieren Sie eine Naturschutzbeh\u00f6rde, ein Tierheim oder eine Koordinationsstelle f\u00fcr Fledermausschutz.<\/p>\n<h3><span class=\"ez-toc-section\" id=\"Fakt_6_Fledermaeuse_koennen_sehr_alt_werden\"><\/span>Fakt 6: Flederm\u00e4use k\u00f6nnen sehr alt werden<span class=\"ez-toc-section-end\"><\/span><\/h3>\n<p>W\u00e4hrend kleine S\u00e4ugetiere wie M\u00e4use, Hamster oder Eichh\u00f6rnchen eine geringe Lebenserwartung von ein paar Jahren haben, sieht das bei Flederm\u00e4usen anders aus. Sie k\u00f6nnen ein Alter von 20 bis 30 Jahren erreichen. Die \u00e4lteste bekannte Fledermaus wurde mit der Brandt-Fledermaus sogar beeindruckende 41 Jahre.<\/p>\n<h3><span class=\"ez-toc-section\" id=\"Fakt_7_Fledermaeuse_bevoelkern_schon_sehr_lange_unseren_Planeten\"><\/span>Fakt 7: Flederm\u00e4use bev\u00f6lkern schon sehr lange unseren Planeten<span class=\"ez-toc-section-end\"><\/span><\/h3>\n<p><a href=\"https:\/\/www.samenhaus.de\/gartenblog\/wp-content\/uploads\/2025\/05\/Fledermaus_459083813-scaled.jpeg\"><img loading=\"lazy\" decoding=\"async\" class=\"alignright wp-image-21376\" src=\"https:\/\/www.samenhaus.de\/gartenblog\/wp-content\/uploads\/2025\/05\/Fledermaus_459083813-600x400.jpeg\" alt=\"Wasserfledermaus\" width=\"300\" height=\"200\" srcset=\"https:\/\/www.samenhaus.de\/gartenblog\/wp-content\/uploads\/2025\/05\/Fledermaus_459083813-600x400.jpeg 600w, https:\/\/www.samenhaus.de\/gartenblog\/wp-content\/uploads\/2025\/05\/Fledermaus_459083813-1024x683.jpeg 1024w, https:\/\/www.samenhaus.de\/gartenblog\/wp-content\/uploads\/2025\/05\/Fledermaus_459083813-768x512.jpeg 768w, https:\/\/www.samenhaus.de\/gartenblog\/wp-content\/uploads\/2025\/05\/Fledermaus_459083813-1536x1024.jpeg 1536w, https:\/\/www.samenhaus.de\/gartenblog\/wp-content\/uploads\/2025\/05\/Fledermaus_459083813-scaled.jpeg 2048w\" sizes=\"auto, (max-width: 300px) 100vw, 300px\" \/><\/a>Es gibt zwar S\u00e4ugetiere, die noch l\u00e4nger auf der Erde sind als die Fledermaus, wozu zum Beispiel das Schnabeltier, das Opossum oder auch Wale geh\u00f6ren, dennoch kann sich die Fledermaus hier mit einreihen. Denn die Tiere besiedeln unseren Planeten bereits seit \u00fcber 50 Millionen Jahren.<\/p>\n<h3><span class=\"ez-toc-section\" id=\"Fakt_8_Fledermaeuse_bieten_einen_guten_Duenger\"><\/span>Fakt 8: Flederm\u00e4use bieten einen guten D\u00fcnger<span class=\"ez-toc-section-end\"><\/span><\/h3>\n<p>Haben Sie schon einmal etwas von Fledermausguano geh\u00f6rt? Dabei handelt es sich um einen hochwirtsamen und wertvollen D\u00fcnger, den Sie in Ihrem Garten verwenden k\u00f6nnen. Der Kot von Flederm\u00e4usen ist reich an Stickstoff, Phosphor, Kalium und weiteren Mikron\u00e4hrstoffen wie Kalzium, Magnesium und Eisen. Diesen nat\u00fcrlichen D\u00fcnger k\u00f6nnen Sie im Handel bekommen. Vielleicht finden Sie Fledermauskot aber auch auf Ihrem Balkon oder der Terrasse. Wenn Sie dort kleine, d\u00fcnne und schwarze W\u00fcrste entdecken, ist dies vermutlich Fledermauskot. Erkennen k\u00f6nnen Sie dies daran, indem Sie ihn mit dem Finger zerreiben. Wenn dieser zu Staub zerf\u00e4llt, handelt es sich um die Exkremente von Flederm\u00e4usen.<\/p>\n<h3><span class=\"ez-toc-section\" id=\"Fakt_9_Heimische_Fledermaeuse_sind_sehr_klein\"><\/span>Fakt 9: Heimische Flederm\u00e4use sind sehr klein<span class=\"ez-toc-section-end\"><\/span><\/h3>\n<p><a href=\"https:\/\/www.samenhaus.de\/gartenblog\/wp-content\/uploads\/2025\/03\/Fledermaus_68871873-scaled.jpeg\"><img loading=\"lazy\" decoding=\"async\" class=\"alignright wp-image-21125\" src=\"https:\/\/www.samenhaus.de\/gartenblog\/wp-content\/uploads\/2025\/03\/Fledermaus_68871873-600x400.jpeg\" alt=\"Breitfl\u00fcgelfledermaus\" width=\"300\" height=\"200\" srcset=\"https:\/\/www.samenhaus.de\/gartenblog\/wp-content\/uploads\/2025\/03\/Fledermaus_68871873-600x400.jpeg 600w, https:\/\/www.samenhaus.de\/gartenblog\/wp-content\/uploads\/2025\/03\/Fledermaus_68871873-1024x683.jpeg 1024w, https:\/\/www.samenhaus.de\/gartenblog\/wp-content\/uploads\/2025\/03\/Fledermaus_68871873-768x512.jpeg 768w, https:\/\/www.samenhaus.de\/gartenblog\/wp-content\/uploads\/2025\/03\/Fledermaus_68871873-1536x1024.jpeg 1536w, https:\/\/www.samenhaus.de\/gartenblog\/wp-content\/uploads\/2025\/03\/Fledermaus_68871873-2048x1365.jpeg 2048w\" sizes=\"auto, (max-width: 300px) 100vw, 300px\" \/><\/a>Zwar k\u00f6nnen Flederm\u00e4use durchaus Fl\u00fcgelspannweiten von \u00fcber einem halben Meter erreichen (etwa die Australische Gespensterfledermaus), die bei uns heimischen Arten sind aber dann doch eher klein und erreichen in der Regel K\u00f6rpergr\u00f6\u00dfen von nicht mehr als 5 bis 6 Zentimetern.<\/p>\n<h3><span class=\"ez-toc-section\" id=\"Fakt_10_Fledermaeuse_sind_sehr_soziale_Tiere\"><\/span>Fakt 10: Flederm\u00e4use sind sehr soziale Tiere<span class=\"ez-toc-section-end\"><\/span><\/h3>\n<p>Flederm\u00e4use sind keine Alleing\u00e4nger, sondern leben in gro\u00dfen Gruppen und Familien zusammen. Es gibt Quartiere, in denen Tausende der Tiere zusammenleben und sich auch gegenseitig versorgen. Vor allem dann, wenn Jungtiere aufgezogen werden. Denn dann ziehen Fledermausm\u00fctter gemeinsam mit anderen den Nachwuchs gro\u00df, bis sie nach 4 bis 5 Wochen selbstst\u00e4ndig Insekten jagen k\u00f6nnen.<\/p>\n","protected":false},"excerpt":{"rendered":"<p>Flederm\u00e4use werden auch gerne als J\u00e4ger der Nacht bezeichnet. Sie kommen in der D\u00e4mmerung aus ihren Verstecken und gehen dann auf Nahrungssuche. Neben den Flughunden sind Flederm\u00e4use die einzigen S\u00e4ugetiere, die fliegen k\u00f6nnen. Wer bei Anbruch der Nacht an einem lauen Sommerabend noch drau\u00dfen sitzt, wird wom\u00f6glich die eine oder andere Fledermaus umherflattern sehen \u2013 schattenhaft, denn n\u00e4her wird man ihr kaum kommen. Flederm\u00e4use sind faszinierende Tiere, die einige \u00dcberraschungen bereithalten. Darum sind Flederm\u00e4use n\u00fctzlich Flederm\u00e4use geh\u00f6ren zu den Insektenfressern \u2013 innerhalb einer Nacht kann ein einziges Tier Tausende Insekten fressen und so die Population von Sch\u00e4dlingen dezimieren. Flederm\u00e4use, die tropischen Regionen heimisch sind, \u00fcbernehmen auch eine wichtige Rolle bei der Best\u00e4ubung von Pflanzen. Sie best\u00e4uben n\u00e4mlich Blumen, die nachts bl\u00fchen. Weiterhin gibt es Flederm\u00e4use, die Fr\u00fcchte fressen und somit die Samen weiterverbreiten. Zudem haben Flederm\u00e4use in den Bereichen der Wissenschaft und der Medizin eine wichtige Rolle gespielt. Zum Beispiel bei der Erforschung der Fledermaus-Sonar-Technologie (Echolokation) aber auch in Bezug auf Krankheiten, denn die Tiere k\u00f6nnen viele Krankheiten in sich tragen, ohne selbst krank zu werden. Hierbei wird das Immunsystem intensiv studiert. Die Fledermaus \u2013 ein Steckbrief Wissenschaftlicher Name: Microchiroptera Ordnung: Fledertiere Klasse: S\u00e4ugetiere Arten: \u00fcber 1400 weltweit, 54 in [&hellip;]<\/p>\n","protected":false},"author":13,"featured_media":21374,"comment_status":"open","ping_status":"open","sticky":false,"template":"","format":"standard","meta":{"_acf_changed":false,"footnotes":""},"categories":[1],"tags":[],"hersteller":[],"class_list":["post-19641","post","type-post","status-publish","format-standard","has-post-thumbnail","hentry","category-allgemein"],"acf":[],"yoast_head":"<!-- This site is optimized with the Yoast SEO plugin v27.4 - https:\/\/yoast.com\/product\/yoast-seo-wordpress\/ -->\n<title>10 interessante Fakten \u2013 was Sie noch nicht \u00fcber Flederm\u00e4use wussten - Samenhaus Gartenblog<\/title>\n<meta name=\"description\" content=\"Flederm\u00e4use sind bestimmt auch in mancher Gartenanlage zu finden. Die interessanten Tiere sind sehr n\u00fctzlich und \u00fcberaus faszinierend.\" \/>\n<meta name=\"robots\" content=\"index, follow, max-snippet:-1, max-image-preview:large, max-video-preview:-1\" \/>\n<link rel=\"canonical\" href=\"https:\/\/www.samenhaus.de\/gartenblog\/10-interessante-fakten-was-sie-noch-nicht-ueber-fledermaeuse-wussten\" \/>\n<meta property=\"og:locale\" content=\"de_DE\" \/>\n<meta property=\"og:type\" content=\"article\" \/>\n<meta property=\"og:title\" content=\"10 interessante Fakten \u2013 was Sie noch nicht \u00fcber Flederm\u00e4use wussten - Samenhaus Gartenblog\" \/>\n<meta property=\"og:description\" content=\"Flederm\u00e4use sind bestimmt auch in mancher Gartenanlage zu finden. Die interessanten Tiere sind sehr n\u00fctzlich und \u00fcberaus faszinierend.\" \/>\n<meta property=\"og:url\" content=\"https:\/\/www.samenhaus.de\/gartenblog\/10-interessante-fakten-was-sie-noch-nicht-ueber-fledermaeuse-wussten\" \/>\n<meta property=\"og:site_name\" content=\"Samenhaus Gartenblog\" \/>\n<meta property=\"article:publisher\" content=\"https:\/\/de-de.facebook.com\/samenhaus\" \/>\n<meta property=\"article:published_time\" content=\"2025-03-31T07:00:25+00:00\" \/>\n<meta property=\"article:modified_time\" content=\"2025-05-02T09:45:51+00:00\" \/>\n<meta property=\"og:image\" content=\"https:\/\/www.samenhaus.de\/gartenblog\/wp-content\/uploads\/2025\/05\/Fledermaus_28593399.jpg\" \/>\n\t<meta property=\"og:image:width\" content=\"1000\" \/>\n\t<meta property=\"og:image:height\" content=\"563\" \/>\n\t<meta property=\"og:image:type\" content=\"image\/jpeg\" \/>\n<meta name=\"author\" content=\"Holger\" \/>\n<meta name=\"twitter:card\" content=\"summary_large_image\" \/>\n<meta name=\"twitter:creator\" content=\"@samenhaus\" \/>\n<meta name=\"twitter:site\" content=\"@samenhaus\" \/>\n<meta name=\"twitter:label1\" content=\"Verfasst von\" \/>\n\t<meta name=\"twitter:data1\" content=\"Holger\" \/>\n\t<meta name=\"twitter:label2\" content=\"Gesch\u00e4tzte Lesezeit\" \/>\n\t<meta name=\"twitter:data2\" content=\"9\u00a0Minuten\" \/>\n<script type=\"application\/ld+json\" class=\"yoast-schema-graph\">{\"@context\":\"https:\\\/\\\/schema.org\",\"@graph\":[{\"@type\":\"Article\",\"@id\":\"https:\\\/\\\/www.samenhaus.de\\\/gartenblog\\\/10-interessante-fakten-was-sie-noch-nicht-ueber-fledermaeuse-wussten#article\",\"isPartOf\":{\"@id\":\"https:\\\/\\\/www.samenhaus.de\\\/gartenblog\\\/10-interessante-fakten-was-sie-noch-nicht-ueber-fledermaeuse-wussten\"},\"author\":{\"name\":\"Holger\",\"@id\":\"https:\\\/\\\/www.samenhaus.de\\\/gartenblog\\\/#\\\/schema\\\/person\\\/de169769587431893823f62b2ce06c04\"},\"headline\":\"10 interessante Fakten \u2013 was Sie noch nicht \u00fcber Flederm\u00e4use wussten\",\"datePublished\":\"2025-03-31T07:00:25+00:00\",\"dateModified\":\"2025-05-02T09:45:51+00:00\",\"mainEntityOfPage\":{\"@id\":\"https:\\\/\\\/www.samenhaus.de\\\/gartenblog\\\/10-interessante-fakten-was-sie-noch-nicht-ueber-fledermaeuse-wussten\"},\"wordCount\":1387,\"commentCount\":0,\"publisher\":{\"@id\":\"https:\\\/\\\/www.samenhaus.de\\\/gartenblog\\\/#organization\"},\"image\":{\"@id\":\"https:\\\/\\\/www.samenhaus.de\\\/gartenblog\\\/10-interessante-fakten-was-sie-noch-nicht-ueber-fledermaeuse-wussten#primaryimage\"},\"thumbnailUrl\":\"https:\\\/\\\/www.samenhaus.de\\\/gartenblog\\\/wp-content\\\/uploads\\\/2025\\\/05\\\/Fledermaus_28593399.jpg\",\"inLanguage\":\"de\",\"potentialAction\":[{\"@type\":\"CommentAction\",\"name\":\"Comment\",\"target\":[\"https:\\\/\\\/www.samenhaus.de\\\/gartenblog\\\/10-interessante-fakten-was-sie-noch-nicht-ueber-fledermaeuse-wussten#respond\"]}],\"copyrightYear\":\"2025\",\"copyrightHolder\":{\"@id\":\"https:\\\/\\\/www.samenhaus.de\\\/gartenblog\\\/#organization\"}},{\"@type\":\"WebPage\",\"@id\":\"https:\\\/\\\/www.samenhaus.de\\\/gartenblog\\\/10-interessante-fakten-was-sie-noch-nicht-ueber-fledermaeuse-wussten\",\"url\":\"https:\\\/\\\/www.samenhaus.de\\\/gartenblog\\\/10-interessante-fakten-was-sie-noch-nicht-ueber-fledermaeuse-wussten\",\"name\":\"10 interessante Fakten \u2013 was Sie noch nicht \u00fcber Flederm\u00e4use wussten - Samenhaus Gartenblog\",\"isPartOf\":{\"@id\":\"https:\\\/\\\/www.samenhaus.de\\\/gartenblog\\\/#website\"},\"primaryImageOfPage\":{\"@id\":\"https:\\\/\\\/www.samenhaus.de\\\/gartenblog\\\/10-interessante-fakten-was-sie-noch-nicht-ueber-fledermaeuse-wussten#primaryimage\"},\"image\":{\"@id\":\"https:\\\/\\\/www.samenhaus.de\\\/gartenblog\\\/10-interessante-fakten-was-sie-noch-nicht-ueber-fledermaeuse-wussten#primaryimage\"},\"thumbnailUrl\":\"https:\\\/\\\/www.samenhaus.de\\\/gartenblog\\\/wp-content\\\/uploads\\\/2025\\\/05\\\/Fledermaus_28593399.jpg\",\"datePublished\":\"2025-03-31T07:00:25+00:00\",\"dateModified\":\"2025-05-02T09:45:51+00:00\",\"description\":\"Flederm\u00e4use sind bestimmt auch in mancher Gartenanlage zu finden. Die interessanten Tiere sind sehr n\u00fctzlich und \u00fcberaus faszinierend.\",\"breadcrumb\":{\"@id\":\"https:\\\/\\\/www.samenhaus.de\\\/gartenblog\\\/10-interessante-fakten-was-sie-noch-nicht-ueber-fledermaeuse-wussten#breadcrumb\"},\"inLanguage\":\"de\",\"potentialAction\":[{\"@type\":\"ReadAction\",\"target\":[\"https:\\\/\\\/www.samenhaus.de\\\/gartenblog\\\/10-interessante-fakten-was-sie-noch-nicht-ueber-fledermaeuse-wussten\"]}]},{\"@type\":\"ImageObject\",\"inLanguage\":\"de\",\"@id\":\"https:\\\/\\\/www.samenhaus.de\\\/gartenblog\\\/10-interessante-fakten-was-sie-noch-nicht-ueber-fledermaeuse-wussten#primaryimage\",\"url\":\"https:\\\/\\\/www.samenhaus.de\\\/gartenblog\\\/wp-content\\\/uploads\\\/2025\\\/05\\\/Fledermaus_28593399.jpg\",\"contentUrl\":\"https:\\\/\\\/www.samenhaus.de\\\/gartenblog\\\/wp-content\\\/uploads\\\/2025\\\/05\\\/Fledermaus_28593399.jpg\",\"width\":1000,\"height\":563,\"caption\":\"Fledermaus\"},{\"@type\":\"BreadcrumbList\",\"@id\":\"https:\\\/\\\/www.samenhaus.de\\\/gartenblog\\\/10-interessante-fakten-was-sie-noch-nicht-ueber-fledermaeuse-wussten#breadcrumb\",\"itemListElement\":[{\"@type\":\"ListItem\",\"position\":1,\"name\":\"Startseite\",\"item\":\"https:\\\/\\\/www.samenhaus.de\\\/gartenblog\\\/\"},{\"@type\":\"ListItem\",\"position\":2,\"name\":\"10 interessante Fakten \u2013 was Sie noch nicht \u00fcber Flederm\u00e4use wussten\"}]},{\"@type\":\"WebSite\",\"@id\":\"https:\\\/\\\/www.samenhaus.de\\\/gartenblog\\\/#website\",\"url\":\"https:\\\/\\\/www.samenhaus.de\\\/gartenblog\\\/\",\"name\":\"Samenhaus Gartenblog\",\"description\":\"\",\"publisher\":{\"@id\":\"https:\\\/\\\/www.samenhaus.de\\\/gartenblog\\\/#organization\"},\"potentialAction\":[{\"@type\":\"SearchAction\",\"target\":{\"@type\":\"EntryPoint\",\"urlTemplate\":\"https:\\\/\\\/www.samenhaus.de\\\/gartenblog\\\/?s={search_term_string}\"},\"query-input\":{\"@type\":\"PropertyValueSpecification\",\"valueRequired\":true,\"valueName\":\"search_term_string\"}}],\"inLanguage\":\"de\"},{\"@type\":\"Organization\",\"@id\":\"https:\\\/\\\/www.samenhaus.de\\\/gartenblog\\\/#organization\",\"name\":\"Samenhaus.de Gartenblog\",\"url\":\"https:\\\/\\\/www.samenhaus.de\\\/gartenblog\\\/\",\"logo\":{\"@type\":\"ImageObject\",\"inLanguage\":\"de\",\"@id\":\"https:\\\/\\\/www.samenhaus.de\\\/gartenblog\\\/#\\\/schema\\\/logo\\\/image\\\/\",\"url\":\"https:\\\/\\\/www.samenhaus.de\\\/gartenblog\\\/wp-content\\\/uploads\\\/2020\\\/11\\\/logo.svg\",\"contentUrl\":\"https:\\\/\\\/www.samenhaus.de\\\/gartenblog\\\/wp-content\\\/uploads\\\/2020\\\/11\\\/logo.svg\",\"width\":1,\"height\":1,\"caption\":\"Samenhaus.de Gartenblog\"},\"image\":{\"@id\":\"https:\\\/\\\/www.samenhaus.de\\\/gartenblog\\\/#\\\/schema\\\/logo\\\/image\\\/\"},\"sameAs\":[\"https:\\\/\\\/de-de.facebook.com\\\/samenhaus\",\"https:\\\/\\\/x.com\\\/samenhaus\"]},{\"@type\":\"Person\",\"@id\":\"https:\\\/\\\/www.samenhaus.de\\\/gartenblog\\\/#\\\/schema\\\/person\\\/de169769587431893823f62b2ce06c04\",\"name\":\"Holger\",\"image\":{\"@type\":\"ImageObject\",\"inLanguage\":\"de\",\"@id\":\"https:\\\/\\\/www.samenhaus.de\\\/gartenblog\\\/wp-content\\\/uploads\\\/2026\\\/03\\\/Holger-150x150.png\",\"url\":\"https:\\\/\\\/www.samenhaus.de\\\/gartenblog\\\/wp-content\\\/uploads\\\/2026\\\/03\\\/Holger-150x150.png\",\"contentUrl\":\"https:\\\/\\\/www.samenhaus.de\\\/gartenblog\\\/wp-content\\\/uploads\\\/2026\\\/03\\\/Holger-150x150.png\",\"caption\":\"Holger\"},\"description\":\"6.000.000 W\u00f6rter \u2013 so viel k\u00f6nnen Sie in etwa von mir online lesen. Das F\u00fcllen des Internets entwickelte sich nach meiner Ausbildung zum TV-Redakteur und der langj\u00e4hrigen Arbeit bei SAT.1 zu einem Fulltime-Job. Trotzdem finde ich noch gen\u00fcgend Zeit, um in meinem Garten zu werkeln. Eine Staude hier, ein Bl\u00fcmchen dort und ein bisschen Gem\u00fcse darf auch nicht fehlen \u2013 einen Schnitzelbaum gibt es ja noch nicht \u2026 Die besten geistigen Erg\u00fcsse habe ich \u00fcbrigens, wenn ich IM Garten \u00dcBER den Garten schreiben kann. So vereinen sich Beruf und Hobby perfekt \u2013 was gibt es Sch\u00f6neres?\",\"url\":\"https:\\\/\\\/www.samenhaus.de\\\/gartenblog\\\/author\\\/holger\"}]}<\/script>\n<!-- \/ Yoast SEO plugin. -->","yoast_head_json":{"title":"10 interessante Fakten \u2013 was Sie noch nicht \u00fcber Flederm\u00e4use wussten - Samenhaus Gartenblog","description":"Flederm\u00e4use sind bestimmt auch in mancher Gartenanlage zu finden. Die interessanten Tiere sind sehr n\u00fctzlich und \u00fcberaus faszinierend.","robots":{"index":"index","follow":"follow","max-snippet":"max-snippet:-1","max-image-preview":"max-image-preview:large","max-video-preview":"max-video-preview:-1"},"canonical":"https:\/\/www.samenhaus.de\/gartenblog\/10-interessante-fakten-was-sie-noch-nicht-ueber-fledermaeuse-wussten","og_locale":"de_DE","og_type":"article","og_title":"10 interessante Fakten \u2013 was Sie noch nicht \u00fcber Flederm\u00e4use wussten - Samenhaus Gartenblog","og_description":"Flederm\u00e4use sind bestimmt auch in mancher Gartenanlage zu finden. Die interessanten Tiere sind sehr n\u00fctzlich und \u00fcberaus faszinierend.","og_url":"https:\/\/www.samenhaus.de\/gartenblog\/10-interessante-fakten-was-sie-noch-nicht-ueber-fledermaeuse-wussten","og_site_name":"Samenhaus Gartenblog","article_publisher":"https:\/\/de-de.facebook.com\/samenhaus","article_published_time":"2025-03-31T07:00:25+00:00","article_modified_time":"2025-05-02T09:45:51+00:00","og_image":[{"width":1000,"height":563,"url":"https:\/\/www.samenhaus.de\/gartenblog\/wp-content\/uploads\/2025\/05\/Fledermaus_28593399.jpg","type":"image\/jpeg"}],"author":"Holger","twitter_card":"summary_large_image","twitter_creator":"@samenhaus","twitter_site":"@samenhaus","twitter_misc":{"Verfasst von":"Holger","Gesch\u00e4tzte Lesezeit":"9\u00a0Minuten"},"schema":{"@context":"https:\/\/schema.org","@graph":[{"@type":"Article","@id":"https:\/\/www.samenhaus.de\/gartenblog\/10-interessante-fakten-was-sie-noch-nicht-ueber-fledermaeuse-wussten#article","isPartOf":{"@id":"https:\/\/www.samenhaus.de\/gartenblog\/10-interessante-fakten-was-sie-noch-nicht-ueber-fledermaeuse-wussten"},"author":{"name":"Holger","@id":"https:\/\/www.samenhaus.de\/gartenblog\/#\/schema\/person\/de169769587431893823f62b2ce06c04"},"headline":"10 interessante Fakten \u2013 was Sie noch nicht \u00fcber Flederm\u00e4use wussten","datePublished":"2025-03-31T07:00:25+00:00","dateModified":"2025-05-02T09:45:51+00:00","mainEntityOfPage":{"@id":"https:\/\/www.samenhaus.de\/gartenblog\/10-interessante-fakten-was-sie-noch-nicht-ueber-fledermaeuse-wussten"},"wordCount":1387,"commentCount":0,"publisher":{"@id":"https:\/\/www.samenhaus.de\/gartenblog\/#organization"},"image":{"@id":"https:\/\/www.samenhaus.de\/gartenblog\/10-interessante-fakten-was-sie-noch-nicht-ueber-fledermaeuse-wussten#primaryimage"},"thumbnailUrl":"https:\/\/www.samenhaus.de\/gartenblog\/wp-content\/uploads\/2025\/05\/Fledermaus_28593399.jpg","inLanguage":"de","potentialAction":[{"@type":"CommentAction","name":"Comment","target":["https:\/\/www.samenhaus.de\/gartenblog\/10-interessante-fakten-was-sie-noch-nicht-ueber-fledermaeuse-wussten#respond"]}],"copyrightYear":"2025","copyrightHolder":{"@id":"https:\/\/www.samenhaus.de\/gartenblog\/#organization"}},{"@type":"WebPage","@id":"https:\/\/www.samenhaus.de\/gartenblog\/10-interessante-fakten-was-sie-noch-nicht-ueber-fledermaeuse-wussten","url":"https:\/\/www.samenhaus.de\/gartenblog\/10-interessante-fakten-was-sie-noch-nicht-ueber-fledermaeuse-wussten","name":"10 interessante Fakten \u2013 was Sie noch nicht \u00fcber Flederm\u00e4use wussten - Samenhaus Gartenblog","isPartOf":{"@id":"https:\/\/www.samenhaus.de\/gartenblog\/#website"},"primaryImageOfPage":{"@id":"https:\/\/www.samenhaus.de\/gartenblog\/10-interessante-fakten-was-sie-noch-nicht-ueber-fledermaeuse-wussten#primaryimage"},"image":{"@id":"https:\/\/www.samenhaus.de\/gartenblog\/10-interessante-fakten-was-sie-noch-nicht-ueber-fledermaeuse-wussten#primaryimage"},"thumbnailUrl":"https:\/\/www.samenhaus.de\/gartenblog\/wp-content\/uploads\/2025\/05\/Fledermaus_28593399.jpg","datePublished":"2025-03-31T07:00:25+00:00","dateModified":"2025-05-02T09:45:51+00:00","description":"Flederm\u00e4use sind bestimmt auch in mancher Gartenanlage zu finden. Die interessanten Tiere sind sehr n\u00fctzlich und \u00fcberaus faszinierend.","breadcrumb":{"@id":"https:\/\/www.samenhaus.de\/gartenblog\/10-interessante-fakten-was-sie-noch-nicht-ueber-fledermaeuse-wussten#breadcrumb"},"inLanguage":"de","potentialAction":[{"@type":"ReadAction","target":["https:\/\/www.samenhaus.de\/gartenblog\/10-interessante-fakten-was-sie-noch-nicht-ueber-fledermaeuse-wussten"]}]},{"@type":"ImageObject","inLanguage":"de","@id":"https:\/\/www.samenhaus.de\/gartenblog\/10-interessante-fakten-was-sie-noch-nicht-ueber-fledermaeuse-wussten#primaryimage","url":"https:\/\/www.samenhaus.de\/gartenblog\/wp-content\/uploads\/2025\/05\/Fledermaus_28593399.jpg","contentUrl":"https:\/\/www.samenhaus.de\/gartenblog\/wp-content\/uploads\/2025\/05\/Fledermaus_28593399.jpg","width":1000,"height":563,"caption":"Fledermaus"},{"@type":"BreadcrumbList","@id":"https:\/\/www.samenhaus.de\/gartenblog\/10-interessante-fakten-was-sie-noch-nicht-ueber-fledermaeuse-wussten#breadcrumb","itemListElement":[{"@type":"ListItem","position":1,"name":"Startseite","item":"https:\/\/www.samenhaus.de\/gartenblog\/"},{"@type":"ListItem","position":2,"name":"10 interessante Fakten \u2013 was Sie noch nicht \u00fcber Flederm\u00e4use wussten"}]},{"@type":"WebSite","@id":"https:\/\/www.samenhaus.de\/gartenblog\/#website","url":"https:\/\/www.samenhaus.de\/gartenblog\/","name":"Samenhaus Gartenblog","description":"","publisher":{"@id":"https:\/\/www.samenhaus.de\/gartenblog\/#organization"},"potentialAction":[{"@type":"SearchAction","target":{"@type":"EntryPoint","urlTemplate":"https:\/\/www.samenhaus.de\/gartenblog\/?s={search_term_string}"},"query-input":{"@type":"PropertyValueSpecification","valueRequired":true,"valueName":"search_term_string"}}],"inLanguage":"de"},{"@type":"Organization","@id":"https:\/\/www.samenhaus.de\/gartenblog\/#organization","name":"Samenhaus.de Gartenblog","url":"https:\/\/www.samenhaus.de\/gartenblog\/","logo":{"@type":"ImageObject","inLanguage":"de","@id":"https:\/\/www.samenhaus.de\/gartenblog\/#\/schema\/logo\/image\/","url":"https:\/\/www.samenhaus.de\/gartenblog\/wp-content\/uploads\/2020\/11\/logo.svg","contentUrl":"https:\/\/www.samenhaus.de\/gartenblog\/wp-content\/uploads\/2020\/11\/logo.svg","width":1,"height":1,"caption":"Samenhaus.de Gartenblog"},"image":{"@id":"https:\/\/www.samenhaus.de\/gartenblog\/#\/schema\/logo\/image\/"},"sameAs":["https:\/\/de-de.facebook.com\/samenhaus","https:\/\/x.com\/samenhaus"]},{"@type":"Person","@id":"https:\/\/www.samenhaus.de\/gartenblog\/#\/schema\/person\/de169769587431893823f62b2ce06c04","name":"Holger","image":{"@type":"ImageObject","inLanguage":"de","@id":"https:\/\/www.samenhaus.de\/gartenblog\/wp-content\/uploads\/2026\/03\/Holger-150x150.png","url":"https:\/\/www.samenhaus.de\/gartenblog\/wp-content\/uploads\/2026\/03\/Holger-150x150.png","contentUrl":"https:\/\/www.samenhaus.de\/gartenblog\/wp-content\/uploads\/2026\/03\/Holger-150x150.png","caption":"Holger"},"description":"6.000.000 W\u00f6rter \u2013 so viel k\u00f6nnen Sie in etwa von mir online lesen. Das F\u00fcllen des Internets entwickelte sich nach meiner Ausbildung zum TV-Redakteur und der langj\u00e4hrigen Arbeit bei SAT.1 zu einem Fulltime-Job. Trotzdem finde ich noch gen\u00fcgend Zeit, um in meinem Garten zu werkeln. Eine Staude hier, ein Bl\u00fcmchen dort und ein bisschen Gem\u00fcse darf auch nicht fehlen \u2013 einen Schnitzelbaum gibt es ja noch nicht \u2026 Die besten geistigen Erg\u00fcsse habe ich \u00fcbrigens, wenn ich IM Garten \u00dcBER den Garten schreiben kann. So vereinen sich Beruf und Hobby perfekt \u2013 was gibt es Sch\u00f6neres?","url":"https:\/\/www.samenhaus.de\/gartenblog\/author\/holger"}]}},"wp-worthy-pixel":{"ignored":false,"public":"2d54f85df1f24325af209bbc1bea94e1","server":"vg09.met.vgwort.de","url":"https:\/\/vg09.met.vgwort.de\/na\/2d54f85df1f24325af209bbc1bea94e1"},"wp-worthy-type":"normal","_links":{"self":[{"href":"https:\/\/www.samenhaus.de\/gartenblog\/wp-json\/wp\/v2\/posts\/19641","targetHints":{"allow":["GET"]}}],"collection":[{"href":"https:\/\/www.samenhaus.de\/gartenblog\/wp-json\/wp\/v2\/posts"}],"about":[{"href":"https:\/\/www.samenhaus.de\/gartenblog\/wp-json\/wp\/v2\/types\/post"}],"author":[{"embeddable":true,"href":"https:\/\/www.samenhaus.de\/gartenblog\/wp-json\/wp\/v2\/users\/13"}],"replies":[{"embeddable":true,"href":"https:\/\/www.samenhaus.de\/gartenblog\/wp-json\/wp\/v2\/comments?post=19641"}],"version-history":[{"count":7,"href":"https:\/\/www.samenhaus.de\/gartenblog\/wp-json\/wp\/v2\/posts\/19641\/revisions"}],"predecessor-version":[{"id":21378,"href":"https:\/\/www.samenhaus.de\/gartenblog\/wp-json\/wp\/v2\/posts\/19641\/revisions\/21378"}],"wp:featuredmedia":[{"embeddable":true,"href":"https:\/\/www.samenhaus.de\/gartenblog\/wp-json\/wp\/v2\/media\/21374"}],"wp:attachment":[{"href":"https:\/\/www.samenhaus.de\/gartenblog\/wp-json\/wp\/v2\/media?parent=19641"}],"wp:term":[{"taxonomy":"category","embeddable":true,"href":"https:\/\/www.samenhaus.de\/gartenblog\/wp-json\/wp\/v2\/categories?post=19641"},{"taxonomy":"post_tag","embeddable":true,"href":"https:\/\/www.samenhaus.de\/gartenblog\/wp-json\/wp\/v2\/tags?post=19641"},{"taxonomy":"hersteller","embeddable":true,"href":"https:\/\/www.samenhaus.de\/gartenblog\/wp-json\/wp\/v2\/hersteller?post=19641"}],"curies":[{"name":"wp","href":"https:\/\/api.w.org\/{rel}","templated":true}]}}