{"id":19658,"date":"2024-10-19T09:00:31","date_gmt":"2024-10-19T07:00:31","guid":{"rendered":"https:\/\/www.samenhaus.de\/gartenblog\/?p=19658"},"modified":"2024-10-18T14:03:49","modified_gmt":"2024-10-18T12:03:49","slug":"beifuss-das-wuerz-und-heilkraut-nicht-nur-fuer-weihnachten","status":"publish","type":"post","link":"https:\/\/www.samenhaus.de\/gartenblog\/beifuss-das-wuerz-und-heilkraut-nicht-nur-fuer-weihnachten","title":{"rendered":"Beifu\u00df \u2013 das W\u00fcrz- und Heilkraut nicht nur f\u00fcr Weihnachten"},"content":{"rendered":"<p>Beifu\u00df ist heute vor allem als Gew\u00fcrz f\u00fcr die Weihnachtsgans gekannt. Au\u00dferhalb der Weihnachtszeit wird es nur noch sehr selten verwendet. Und das zu Unrecht, denn das Kraut kann mehr. Seit Jahrhunderten ist Beifu\u00df auch als Heilmittel bekannt und kann bei so manchem Zipperlein unterst\u00fctzend wirken. Bereits in der Antike sch\u00e4tzte man das w\u00fcrzige Kraut.<\/p>\n<h2><span class=\"ez-toc-section\" id=\"Beifuss_%E2%80%93_eine_Pflanze_mit_vielen_Namen\"><\/span>Beifu\u00df \u2013 eine Pflanze mit vielen Namen<span class=\"ez-toc-section-end\"><\/span><\/h2>\n<p><a href=\"https:\/\/www.samenhaus.de\/beifusssamen\" target=\"_blank\" rel=\"noopener\">Beifu\u00df<\/a><a href=\"https:\/\/www.samenhaus.de\/gartenblog\/wp-content\/uploads\/2024\/10\/Beifuss_24946541-scaled.jpeg\" target=\"_blank\" rel=\"noopener\"><img loading=\"lazy\" decoding=\"async\" class=\"alignright wp-image-19815\" src=\"https:\/\/www.samenhaus.de\/gartenblog\/wp-content\/uploads\/2024\/10\/Beifuss_24946541-600x402.jpeg\" alt=\"Beifu\u00df im Korb\" width=\"300\" height=\"201\" srcset=\"https:\/\/www.samenhaus.de\/gartenblog\/wp-content\/uploads\/2024\/10\/Beifuss_24946541-600x400.jpeg 600w, https:\/\/www.samenhaus.de\/gartenblog\/wp-content\/uploads\/2024\/10\/Beifuss_24946541-1024x685.jpeg 1024w, https:\/\/www.samenhaus.de\/gartenblog\/wp-content\/uploads\/2024\/10\/Beifuss_24946541-768x514.jpeg 768w, https:\/\/www.samenhaus.de\/gartenblog\/wp-content\/uploads\/2024\/10\/Beifuss_24946541-1536x1028.jpeg 1536w, https:\/\/www.samenhaus.de\/gartenblog\/wp-content\/uploads\/2024\/10\/Beifuss_24946541-scaled.jpeg 2048w\" sizes=\"auto, (max-width: 300px) 100vw, 300px\" \/><\/a> ist auch unter den Bezeichnungen Gew\u00fcrzbeifu\u00df, Gew\u00f6hnlicher Beifu\u00df, G\u00e4nsekraut oder Weiberkraut bekannt. Sein wissenschaftlicher Name lautet Artemisia vulgaris. Urspr\u00fcnglich stammt er vermutlich aus Europa und Asien sowie Nordafrika. Seine genaue Herkunft ist aber unbekannt. Beifu\u00df geh\u00f6rt zur Familie der Korbbl\u00fctler. Es soll etwa 250 Arten geben. Wie Schafgarbe und Wacholder geh\u00f6rt er zu den \u00e4ltesten Heilkr\u00e4utern der westlichen Welt.<\/p>\n<h2><span class=\"ez-toc-section\" id=\"Beifuss_in_der_Naturheilkunde\"><\/span>Beifu\u00df in der Naturheilkunde<span class=\"ez-toc-section-end\"><\/span><\/h2>\n<p>Bereits seit Jahrhunderten wird Beifu\u00df in der Frauenheilkunde eingesetzt. Im Pr\u00fcller Kr\u00e4uterbuch aus dem 12. Jahrhundert steht geschrieben: \u201e\u2026 Beifu\u00df ist gut f\u00fcr die Frau, die sich von der Geburt erholt. Binde ihr Beifu\u00df auf den Bauch und sie erholt sich schnell. Nimm es alsbald wieder weg, damit es keinen Vorfall von inneren Organen gebe.\u201c Studien haben ergeben, dass die Pflanze \u00fcber eine krampfl\u00f6sende Wirkung verf\u00fcgt. Deshalb wird die Heilpflanze heute auch bei Magen-Darm-Beschwerden eingesetzt.<\/p>\n<p>Doch Beifu\u00df kann noch mehr. Laut Studien soll das Kraut auch antibakteriell wirken. Au\u00dferdem enth\u00e4lt es \u00e4therische \u00d6le, die eine beruhigende Wirkung haben sollen. Besonders gesch\u00e4tzt wird das Kraut in der traditionellen chinesischen Medizin, wo es bei Nieren- und Leberproblemen verwendet wird. Beachten Sie aber immer, dass der Korbbl\u00fctler auch Allergien ausl\u00f6sen kann.<\/p>\n<h2><span class=\"ez-toc-section\" id=\"Wo_finden_Sie_Beifuss\"><\/span>Wo finden Sie Beifu\u00df?<span class=\"ez-toc-section-end\"><\/span><\/h2>\n<p><a href=\"https:\/\/www.samenhaus.de\/gartenblog\/wp-content\/uploads\/2024\/10\/Beifuss_275804100-scaled.jpeg\"><img loading=\"lazy\" decoding=\"async\" class=\"alignright wp-image-19818\" src=\"https:\/\/www.samenhaus.de\/gartenblog\/wp-content\/uploads\/2024\/10\/Beifuss_275804100-600x413.jpeg\" alt=\"Beifu\u00dfstrauch\" width=\"300\" height=\"207\" srcset=\"https:\/\/www.samenhaus.de\/gartenblog\/wp-content\/uploads\/2024\/10\/Beifuss_275804100-600x413.jpeg 600w, https:\/\/www.samenhaus.de\/gartenblog\/wp-content\/uploads\/2024\/10\/Beifuss_275804100-1024x705.jpeg 1024w, https:\/\/www.samenhaus.de\/gartenblog\/wp-content\/uploads\/2024\/10\/Beifuss_275804100-768x529.jpeg 768w, https:\/\/www.samenhaus.de\/gartenblog\/wp-content\/uploads\/2024\/10\/Beifuss_275804100-1536x1058.jpeg 1536w, https:\/\/www.samenhaus.de\/gartenblog\/wp-content\/uploads\/2024\/10\/Beifuss_275804100-scaled.jpeg 2048w\" sizes=\"auto, (max-width: 300px) 100vw, 300px\" \/><\/a>Beifu\u00df ist eine sehr gen\u00fcgsame Pflanze, die selbst auf kargen B\u00f6den w\u00e4chst. Sie finden das mehrj\u00e4hrige Kraut am Wegesrand, auf Wiesen und Feldern. Die bis zu zwei Meter hoch werdende Pflanze riecht sehr aromatisch. Sie erkennen Beifu\u00df aber nicht nur am Duft. Die Bl\u00e4tter gl\u00e4nzen silbrig und sind manchmal behaart. Die kleinen Bl\u00fcten in Orangegelb zeigen sich von Juli bis September. Ab September beginnt die Fruchtreife.<\/p>\n<h2><span class=\"ez-toc-section\" id=\"Beifuss_gehoert_in_jeden_Garten\"><\/span>Beifu\u00df geh\u00f6rt in jeden Garten<span class=\"ez-toc-section-end\"><\/span><\/h2>\n<p>Das W\u00fcrz- und Heilkraut ist wirklich leicht zu ziehen. Sie sollten allerdings aufpassen, dass sich das Kraut nicht zu sehr vermehrt, denn es beginnt schnell zu wuchern.<\/p>\n<p>S\u00e4en Sie Beifu\u00df im Mai an Ort und Stelle aus. Da die Pflanzen sehr anspruchslos sind, kommen sie mit fast jedem Boden zurecht. Bevorzugt sind gut durchl\u00e4ssige, n\u00e4hrstoffreiche B\u00f6den und ein sonniger Standort. Staun\u00e4sse mag das Kraut nicht so sehr. Da Beifu\u00df sehr gro\u00df wird, sollten Sie die Pflanzen auf einen Abstand von 70 Zentimeter nach dem Aufgang der Samen vereinzeln. Beifu\u00df geh\u00f6rt \u00fcbrigens zu den Lichtkeimern. Bedecken Sie die Samen also nicht mit Erde, sondern dr\u00fccken Sie diese nur fest.<\/p>\n<h3><span class=\"ez-toc-section\" id=\"So_pflegen_Sie_Beifuss_im_Garten\"><\/span>So pflegen Sie Beifu\u00df im Garten<span class=\"ez-toc-section-end\"><\/span><\/h3>\n<p>Beifu\u00df ist winterhart, auch wenn der oberirdische Teil im Winter abstirbt. Der Wurzelstock treibt im Fr\u00fchjahr neu aus. Viel Pflege ben\u00f6tigt die Pflanze nicht. Beifu\u00df ist ein Anzeiger f\u00fcr stickstoffreiche B\u00f6den. Deshalb freut sich die Pflanze, wenn Sie gelegentlich einen stickstoffreichen D\u00fcnger in den Boden einbringen. Gie\u00dfen brauchen Sie nur w\u00e4hrend langer Trockenzeiten.<\/p>\n<h3><span class=\"ez-toc-section\" id=\"Wann_koennen_Sie_Beifuss_ernten\"><\/span>Wann k\u00f6nnen Sie Beifu\u00df ernten?<span class=\"ez-toc-section-end\"><\/span><\/h3>\n<p>Beifu\u00df sollten Sie dann ernten, wenn er kurz vor der Bl\u00fcte steht. Bl\u00fcht der Beifu\u00df, enthalten die Bl\u00e4tter mehr Bitterstoffe und eignen sich nicht mehr f\u00fcr den Verzehr. Die Bl\u00fctenknospen sollen vorhanden aber noch geschlossen sein. Jetzt ist der beste Erntezeitpunkt. Ernten Sie Beifu\u00df, wenn es ein paar Tage trocken ist. Ein sonniger Tag ist perfekt geeignet. Der obere Teil des Beifu\u00dfes wird abgeschnitten und kopf\u00fcber zum Trocknen aufgeh\u00e4ngt. Bei Pflanzen, die zu gro\u00df sind, k\u00f6nnen Sie auch Pflanzenteile abtrennen, zu einem B\u00fcndel binden und dieses aufh\u00e4ngen.<\/p>\n<h3><span class=\"ez-toc-section\" id=\"Welche_Teile_koennen_Sie_vom_Beifuss_verwenden\"><\/span>Welche Teile k\u00f6nnen Sie vom Beifu\u00df verwenden?<span class=\"ez-toc-section-end\"><\/span><\/h3>\n<p>Verwendet werden vom Beifu\u00df die Zweigspitzen samt Bl\u00fctenknospen, die jungen Bl\u00e4tter und Triebe. Bl\u00fcht der Beifu\u00df, enthalten die Bl\u00e4tter mehr Bitterstoffe und eignen sich nicht mehr f\u00fcr den Verzehr. M\u00f6chten Sie mit der Pflanze r\u00e4uchern oder diese f\u00fcr K\u00f6rper\u00f6le, Fu\u00dfb\u00e4der oder anderes verwenden, k\u00f6nnen Sie die ganze Pflanze ernten.<\/p>\n<h2><span class=\"ez-toc-section\" id=\"Wie_schmeckt_Beifuss\"><\/span>Wie schmeckt Beifu\u00df?<span class=\"ez-toc-section-end\"><\/span><\/h2>\n<p><a href=\"https:\/\/www.samenhaus.de\/gartenblog\/wp-content\/uploads\/2024\/10\/Beifuss_204437664-scaled.jpeg\"><img loading=\"lazy\" decoding=\"async\" class=\"alignright wp-image-19817\" src=\"https:\/\/www.samenhaus.de\/gartenblog\/wp-content\/uploads\/2024\/10\/Beifuss_204437664-600x400.jpeg\" alt=\"Beifu\u00df auf wei\u00dfer Fl\u00e4che\" width=\"300\" height=\"200\" srcset=\"https:\/\/www.samenhaus.de\/gartenblog\/wp-content\/uploads\/2024\/10\/Beifuss_204437664-600x400.jpeg 600w, https:\/\/www.samenhaus.de\/gartenblog\/wp-content\/uploads\/2024\/10\/Beifuss_204437664-1024x683.jpeg 1024w, https:\/\/www.samenhaus.de\/gartenblog\/wp-content\/uploads\/2024\/10\/Beifuss_204437664-768x512.jpeg 768w, https:\/\/www.samenhaus.de\/gartenblog\/wp-content\/uploads\/2024\/10\/Beifuss_204437664-1536x1024.jpeg 1536w, https:\/\/www.samenhaus.de\/gartenblog\/wp-content\/uploads\/2024\/10\/Beifuss_204437664-scaled.jpeg 2048w\" sizes=\"auto, (max-width: 300px) 100vw, 300px\" \/><\/a>Beifu\u00df \u00e4hnelt im Geschmack dem Wermut. Sein Aroma ist eher herb. Der Geschmack ist w\u00fcrzig und leicht bitter. Besonders die Bl\u00e4tter schmecken bitter. Damit ist Beifu\u00df eine der Pflanzen, die wichtige Bitterstoffe in unsere Nahrung bringen k\u00f6nnen. Der Geschmack kann je nach Standort variieren. Der Geruch von Beifu\u00df ist je nach Alter der Pflanze blumig, harzig, holzig und leicht rauchig mit einem feinen Duft nach Kampfer.<\/p>\n<h2><span class=\"ez-toc-section\" id=\"Koennen_Sie_Beifuss_verwechseln\"><\/span>K\u00f6nnen Sie Beifu\u00df verwechseln?<span class=\"ez-toc-section-end\"><\/span><\/h2>\n<p>Es gibt einige Pflanzen, die dem Beifu\u00df sehr \u00e4hnlich sehen. Besonders eine Verwechslung mit dem Wermut ist m\u00f6glich. Aber auch der Beifu\u00df-Ambrosie gleicht dem Beifu\u00df stark. Der Beifu\u00df-Ambrosie stammt urspr\u00fcnglich aus Nordamerika und ist nicht nur ein Neophyt, sondern auch stark allergieausl\u00f6send. Sie k\u00f6nnen aber anhand der Bl\u00e4tter die beiden Arten gut unterscheiden, denn dem Beifu\u00df-Ambrosie fehlt der silbrige Glanz des herk\u00f6mmlichen Beifu\u00dfes.<\/p>\n<h2><span class=\"ez-toc-section\" id=\"So_koennen_Sie_Beifuss_verwenden\"><\/span>So k\u00f6nnen Sie Beifu\u00df verwenden<span class=\"ez-toc-section-end\"><\/span><\/h2>\n<p><a href=\"https:\/\/www.samenhaus.de\/gartenblog\/wp-content\/uploads\/2024\/10\/Beifuss_88867897-scaled.jpeg\"><img loading=\"lazy\" decoding=\"async\" class=\"wp-image-19816 alignright\" src=\"https:\/\/www.samenhaus.de\/gartenblog\/wp-content\/uploads\/2024\/10\/Beifuss_88867897-600x400.jpeg\" alt=\"Beifu\u00df geb\u00fcndelt\" width=\"300\" height=\"200\" srcset=\"https:\/\/www.samenhaus.de\/gartenblog\/wp-content\/uploads\/2024\/10\/Beifuss_88867897-600x400.jpeg 600w, https:\/\/www.samenhaus.de\/gartenblog\/wp-content\/uploads\/2024\/10\/Beifuss_88867897-1024x683.jpeg 1024w, https:\/\/www.samenhaus.de\/gartenblog\/wp-content\/uploads\/2024\/10\/Beifuss_88867897-768x512.jpeg 768w, https:\/\/www.samenhaus.de\/gartenblog\/wp-content\/uploads\/2024\/10\/Beifuss_88867897-1536x1024.jpeg 1536w, https:\/\/www.samenhaus.de\/gartenblog\/wp-content\/uploads\/2024\/10\/Beifuss_88867897-scaled.jpeg 2048w\" sizes=\"auto, (max-width: 300px) 100vw, 300px\" \/><\/a>Einst galt Beifu\u00df als \u201eMutter aller Kr\u00e4uter\u201c. Heute wird er vor allem f\u00fcr die Zubereitung der Weihnachtsgans verwendet. Beifu\u00df eignet sich aber auch f\u00fcr viele andere Speisen. Besonders geeignet ist er als W\u00fcrzkraut f\u00fcr Speisen, die etwas fettiger sind. Er verleiht Eint\u00f6pfen, deftigen Braten, So\u00dfen und Marinaden sowie Gem\u00fcsesuppen ein w\u00fcrziges Aroma. Er passt auch zu fettigem Fisch wie Karpfen oder Aal.<\/p>\n<p>Beifu\u00df sollten Sie gleich am Anfang zu den Gerichten geben, denn durch Braten oder Garen entfaltet sich sein Geschmack besonders gut. Dosieren Sie Beifu\u00df aber vorsichtig, denn der Geschmack kann sehr intensiv sein. Sein bitterer Geschmack harmoniert auch sehr gut mit Kr\u00e4utern wie Rosmarin, Thymian, Pfeffer oder Bohnenkraut.<\/p>\n<p>Nat\u00fcrlich ist Beifu\u00df auch ein wunderbarer Tee im Winter. Daf\u00fcr k\u00f6nnen Sie frischen oder getrockneten Beifu\u00df verwenden. Ein Teel\u00f6ffel getrocknete Kr\u00e4uter reichen aus f\u00fcr eine Tasse Tee. Lassen Sie die Kr\u00e4uter etwa f\u00fcnf bis sieben Minuten ziehen und seihen Sie den Tee dann ab. Wichtig ist, dass Sie das Kraut nicht \u00fcberdosieren<\/p>\n<h2><span class=\"ez-toc-section\" id=\"Beifuss_ist_nicht_nur_in_der_Kueche_ein_Star\"><\/span>Beifu\u00df ist nicht nur in der K\u00fcche ein Star<span class=\"ez-toc-section-end\"><\/span><\/h2>\n<p>Wenn Sie gern r\u00e4uchern, werden Sie Beifu\u00df als R\u00e4ucherkraut kennen. Bei R\u00e4ucherungen soll er reinigend und beruhigend wirken. Einst galt er als Schutzzauber vor b\u00f6sen Geistern.<\/p>\n<p>In der Kosmetik wirkt Beifu\u00df nicht nur beruhigend, sondern auch feuchtigkeitsspendend, entz\u00fcndungshemmend und antioxidativ. Er ist f\u00fcr alle Hauttypen geeignet. Laut Studien soll er eine Wirkung auf die Zellregeneration haben. Sie k\u00f6nnen Beifu\u00df in Cremes und Masken verwenden.<\/p>\n","protected":false},"excerpt":{"rendered":"<p>Beifu\u00df ist heute vor allem als Gew\u00fcrz f\u00fcr die Weihnachtsgans gekannt. Au\u00dferhalb der Weihnachtszeit wird es nur noch sehr selten verwendet. Und das zu Unrecht, denn das Kraut kann mehr. Seit Jahrhunderten ist Beifu\u00df auch als Heilmittel bekannt und kann bei so manchem Zipperlein unterst\u00fctzend wirken. Bereits in der Antike sch\u00e4tzte man das w\u00fcrzige Kraut. Beifu\u00df \u2013 eine Pflanze mit vielen Namen Beifu\u00df ist auch unter den Bezeichnungen Gew\u00fcrzbeifu\u00df, Gew\u00f6hnlicher Beifu\u00df, G\u00e4nsekraut oder Weiberkraut bekannt. Sein wissenschaftlicher Name lautet Artemisia vulgaris. Urspr\u00fcnglich stammt er vermutlich aus Europa und Asien sowie Nordafrika. Seine genaue Herkunft ist aber unbekannt. Beifu\u00df geh\u00f6rt zur Familie der Korbbl\u00fctler. Es soll etwa 250 Arten geben. Wie Schafgarbe und Wacholder geh\u00f6rt er zu den \u00e4ltesten Heilkr\u00e4utern der westlichen Welt. Beifu\u00df in der Naturheilkunde Bereits seit Jahrhunderten wird Beifu\u00df in der Frauenheilkunde eingesetzt. Im Pr\u00fcller Kr\u00e4uterbuch aus dem 12. Jahrhundert steht geschrieben: \u201e\u2026 Beifu\u00df ist gut f\u00fcr die Frau, die sich von der Geburt erholt. Binde ihr Beifu\u00df auf den Bauch und sie erholt sich schnell. Nimm es alsbald wieder weg, damit es keinen Vorfall von inneren Organen gebe.\u201c Studien haben ergeben, dass die Pflanze \u00fcber eine krampfl\u00f6sende Wirkung verf\u00fcgt. Deshalb wird die Heilpflanze heute auch bei Magen-Darm-Beschwerden [&hellip;]<\/p>\n","protected":false},"author":13,"featured_media":19819,"comment_status":"open","ping_status":"open","sticky":false,"template":"","format":"standard","meta":{"_acf_changed":false,"footnotes":""},"categories":[5],"tags":[],"hersteller":[],"class_list":["post-19658","post","type-post","status-publish","format-standard","has-post-thumbnail","hentry","category-kraeuter"],"acf":[],"yoast_head":"<!-- This site is optimized with the Yoast SEO plugin v27.4 - https:\/\/yoast.com\/product\/yoast-seo-wordpress\/ -->\n<title>Beifu\u00df \u2013 das W\u00fcrz- und Heilkraut nicht nur f\u00fcr Weihnachten - Samenhaus Gartenblog<\/title>\n<meta name=\"description\" content=\"Beifu\u00df geh\u00f6rt zu den wichtigsten Kr\u00e4utern. Das Heilkraut kann bei vielen Beschwerden unterst\u00fctzend wirken. Und auch als Gew\u00fcrzkraut ist Beifu\u00df bekannt.\" \/>\n<meta name=\"robots\" content=\"index, follow, max-snippet:-1, max-image-preview:large, max-video-preview:-1\" \/>\n<link rel=\"canonical\" href=\"https:\/\/www.samenhaus.de\/gartenblog\/beifuss-das-wuerz-und-heilkraut-nicht-nur-fuer-weihnachten\" \/>\n<meta property=\"og:locale\" content=\"de_DE\" \/>\n<meta property=\"og:type\" content=\"article\" \/>\n<meta property=\"og:title\" content=\"Beifu\u00df \u2013 das W\u00fcrz- und Heilkraut nicht nur f\u00fcr Weihnachten - Samenhaus Gartenblog\" \/>\n<meta property=\"og:description\" content=\"Beifu\u00df geh\u00f6rt zu den wichtigsten Kr\u00e4utern. Das Heilkraut kann bei vielen Beschwerden unterst\u00fctzend wirken. Und auch als Gew\u00fcrzkraut ist Beifu\u00df bekannt.\" \/>\n<meta property=\"og:url\" content=\"https:\/\/www.samenhaus.de\/gartenblog\/beifuss-das-wuerz-und-heilkraut-nicht-nur-fuer-weihnachten\" \/>\n<meta property=\"og:site_name\" content=\"Samenhaus Gartenblog\" \/>\n<meta property=\"article:publisher\" content=\"https:\/\/de-de.facebook.com\/samenhaus\" \/>\n<meta property=\"article:published_time\" content=\"2024-10-19T07:00:31+00:00\" \/>\n<meta property=\"og:image\" content=\"https:\/\/www.samenhaus.de\/gartenblog\/wp-content\/uploads\/2024\/10\/Beifuss_937657219.jpg\" \/>\n\t<meta property=\"og:image:width\" content=\"1000\" \/>\n\t<meta property=\"og:image:height\" content=\"563\" \/>\n\t<meta property=\"og:image:type\" content=\"image\/jpeg\" \/>\n<meta name=\"author\" content=\"Holger\" \/>\n<meta name=\"twitter:card\" content=\"summary_large_image\" \/>\n<meta name=\"twitter:creator\" content=\"@samenhaus\" \/>\n<meta name=\"twitter:site\" content=\"@samenhaus\" \/>\n<meta name=\"twitter:label1\" content=\"Verfasst von\" \/>\n\t<meta name=\"twitter:data1\" content=\"Holger\" \/>\n\t<meta name=\"twitter:label2\" content=\"Gesch\u00e4tzte Lesezeit\" \/>\n\t<meta name=\"twitter:data2\" content=\"7\u00a0Minuten\" \/>\n<script type=\"application\/ld+json\" class=\"yoast-schema-graph\">{\"@context\":\"https:\\\/\\\/schema.org\",\"@graph\":[{\"@type\":\"Article\",\"@id\":\"https:\\\/\\\/www.samenhaus.de\\\/gartenblog\\\/beifuss-das-wuerz-und-heilkraut-nicht-nur-fuer-weihnachten#article\",\"isPartOf\":{\"@id\":\"https:\\\/\\\/www.samenhaus.de\\\/gartenblog\\\/beifuss-das-wuerz-und-heilkraut-nicht-nur-fuer-weihnachten\"},\"author\":{\"name\":\"Holger\",\"@id\":\"https:\\\/\\\/www.samenhaus.de\\\/gartenblog\\\/#\\\/schema\\\/person\\\/de169769587431893823f62b2ce06c04\"},\"headline\":\"Beifu\u00df \u2013 das W\u00fcrz- und Heilkraut nicht nur f\u00fcr Weihnachten\",\"datePublished\":\"2024-10-19T07:00:31+00:00\",\"mainEntityOfPage\":{\"@id\":\"https:\\\/\\\/www.samenhaus.de\\\/gartenblog\\\/beifuss-das-wuerz-und-heilkraut-nicht-nur-fuer-weihnachten\"},\"wordCount\":1140,\"commentCount\":0,\"publisher\":{\"@id\":\"https:\\\/\\\/www.samenhaus.de\\\/gartenblog\\\/#organization\"},\"image\":{\"@id\":\"https:\\\/\\\/www.samenhaus.de\\\/gartenblog\\\/beifuss-das-wuerz-und-heilkraut-nicht-nur-fuer-weihnachten#primaryimage\"},\"thumbnailUrl\":\"https:\\\/\\\/www.samenhaus.de\\\/gartenblog\\\/wp-content\\\/uploads\\\/2024\\\/10\\\/Beifuss_937657219.jpg\",\"articleSection\":[\"Kr\u00e4uter\"],\"inLanguage\":\"de\",\"potentialAction\":[{\"@type\":\"CommentAction\",\"name\":\"Comment\",\"target\":[\"https:\\\/\\\/www.samenhaus.de\\\/gartenblog\\\/beifuss-das-wuerz-und-heilkraut-nicht-nur-fuer-weihnachten#respond\"]}],\"copyrightYear\":\"2024\",\"copyrightHolder\":{\"@id\":\"https:\\\/\\\/www.samenhaus.de\\\/gartenblog\\\/#organization\"}},{\"@type\":\"WebPage\",\"@id\":\"https:\\\/\\\/www.samenhaus.de\\\/gartenblog\\\/beifuss-das-wuerz-und-heilkraut-nicht-nur-fuer-weihnachten\",\"url\":\"https:\\\/\\\/www.samenhaus.de\\\/gartenblog\\\/beifuss-das-wuerz-und-heilkraut-nicht-nur-fuer-weihnachten\",\"name\":\"Beifu\u00df \u2013 das W\u00fcrz- und Heilkraut nicht nur f\u00fcr Weihnachten - Samenhaus Gartenblog\",\"isPartOf\":{\"@id\":\"https:\\\/\\\/www.samenhaus.de\\\/gartenblog\\\/#website\"},\"primaryImageOfPage\":{\"@id\":\"https:\\\/\\\/www.samenhaus.de\\\/gartenblog\\\/beifuss-das-wuerz-und-heilkraut-nicht-nur-fuer-weihnachten#primaryimage\"},\"image\":{\"@id\":\"https:\\\/\\\/www.samenhaus.de\\\/gartenblog\\\/beifuss-das-wuerz-und-heilkraut-nicht-nur-fuer-weihnachten#primaryimage\"},\"thumbnailUrl\":\"https:\\\/\\\/www.samenhaus.de\\\/gartenblog\\\/wp-content\\\/uploads\\\/2024\\\/10\\\/Beifuss_937657219.jpg\",\"datePublished\":\"2024-10-19T07:00:31+00:00\",\"description\":\"Beifu\u00df geh\u00f6rt zu den wichtigsten Kr\u00e4utern. Das Heilkraut kann bei vielen Beschwerden unterst\u00fctzend wirken. Und auch als Gew\u00fcrzkraut ist Beifu\u00df bekannt.\",\"breadcrumb\":{\"@id\":\"https:\\\/\\\/www.samenhaus.de\\\/gartenblog\\\/beifuss-das-wuerz-und-heilkraut-nicht-nur-fuer-weihnachten#breadcrumb\"},\"inLanguage\":\"de\",\"potentialAction\":[{\"@type\":\"ReadAction\",\"target\":[\"https:\\\/\\\/www.samenhaus.de\\\/gartenblog\\\/beifuss-das-wuerz-und-heilkraut-nicht-nur-fuer-weihnachten\"]}]},{\"@type\":\"ImageObject\",\"inLanguage\":\"de\",\"@id\":\"https:\\\/\\\/www.samenhaus.de\\\/gartenblog\\\/beifuss-das-wuerz-und-heilkraut-nicht-nur-fuer-weihnachten#primaryimage\",\"url\":\"https:\\\/\\\/www.samenhaus.de\\\/gartenblog\\\/wp-content\\\/uploads\\\/2024\\\/10\\\/Beifuss_937657219.jpg\",\"contentUrl\":\"https:\\\/\\\/www.samenhaus.de\\\/gartenblog\\\/wp-content\\\/uploads\\\/2024\\\/10\\\/Beifuss_937657219.jpg\",\"width\":1000,\"height\":563,\"caption\":\"Beifu\u00df\"},{\"@type\":\"BreadcrumbList\",\"@id\":\"https:\\\/\\\/www.samenhaus.de\\\/gartenblog\\\/beifuss-das-wuerz-und-heilkraut-nicht-nur-fuer-weihnachten#breadcrumb\",\"itemListElement\":[{\"@type\":\"ListItem\",\"position\":1,\"name\":\"Startseite\",\"item\":\"https:\\\/\\\/www.samenhaus.de\\\/gartenblog\\\/\"},{\"@type\":\"ListItem\",\"position\":2,\"name\":\"Beifu\u00df \u2013 das W\u00fcrz- und Heilkraut nicht nur f\u00fcr Weihnachten\"}]},{\"@type\":\"WebSite\",\"@id\":\"https:\\\/\\\/www.samenhaus.de\\\/gartenblog\\\/#website\",\"url\":\"https:\\\/\\\/www.samenhaus.de\\\/gartenblog\\\/\",\"name\":\"Samenhaus Gartenblog\",\"description\":\"\",\"publisher\":{\"@id\":\"https:\\\/\\\/www.samenhaus.de\\\/gartenblog\\\/#organization\"},\"potentialAction\":[{\"@type\":\"SearchAction\",\"target\":{\"@type\":\"EntryPoint\",\"urlTemplate\":\"https:\\\/\\\/www.samenhaus.de\\\/gartenblog\\\/?s={search_term_string}\"},\"query-input\":{\"@type\":\"PropertyValueSpecification\",\"valueRequired\":true,\"valueName\":\"search_term_string\"}}],\"inLanguage\":\"de\"},{\"@type\":\"Organization\",\"@id\":\"https:\\\/\\\/www.samenhaus.de\\\/gartenblog\\\/#organization\",\"name\":\"Samenhaus.de Gartenblog\",\"url\":\"https:\\\/\\\/www.samenhaus.de\\\/gartenblog\\\/\",\"logo\":{\"@type\":\"ImageObject\",\"inLanguage\":\"de\",\"@id\":\"https:\\\/\\\/www.samenhaus.de\\\/gartenblog\\\/#\\\/schema\\\/logo\\\/image\\\/\",\"url\":\"https:\\\/\\\/www.samenhaus.de\\\/gartenblog\\\/wp-content\\\/uploads\\\/2020\\\/11\\\/logo.svg\",\"contentUrl\":\"https:\\\/\\\/www.samenhaus.de\\\/gartenblog\\\/wp-content\\\/uploads\\\/2020\\\/11\\\/logo.svg\",\"width\":1,\"height\":1,\"caption\":\"Samenhaus.de Gartenblog\"},\"image\":{\"@id\":\"https:\\\/\\\/www.samenhaus.de\\\/gartenblog\\\/#\\\/schema\\\/logo\\\/image\\\/\"},\"sameAs\":[\"https:\\\/\\\/de-de.facebook.com\\\/samenhaus\",\"https:\\\/\\\/x.com\\\/samenhaus\"]},{\"@type\":\"Person\",\"@id\":\"https:\\\/\\\/www.samenhaus.de\\\/gartenblog\\\/#\\\/schema\\\/person\\\/de169769587431893823f62b2ce06c04\",\"name\":\"Holger\",\"image\":{\"@type\":\"ImageObject\",\"inLanguage\":\"de\",\"@id\":\"https:\\\/\\\/www.samenhaus.de\\\/gartenblog\\\/wp-content\\\/uploads\\\/2026\\\/03\\\/Holger-150x150.png\",\"url\":\"https:\\\/\\\/www.samenhaus.de\\\/gartenblog\\\/wp-content\\\/uploads\\\/2026\\\/03\\\/Holger-150x150.png\",\"contentUrl\":\"https:\\\/\\\/www.samenhaus.de\\\/gartenblog\\\/wp-content\\\/uploads\\\/2026\\\/03\\\/Holger-150x150.png\",\"caption\":\"Holger\"},\"description\":\"6.000.000 W\u00f6rter \u2013 so viel k\u00f6nnen Sie in etwa von mir online lesen. Das F\u00fcllen des Internets entwickelte sich nach meiner Ausbildung zum TV-Redakteur und der langj\u00e4hrigen Arbeit bei SAT.1 zu einem Fulltime-Job. Trotzdem finde ich noch gen\u00fcgend Zeit, um in meinem Garten zu werkeln. Eine Staude hier, ein Bl\u00fcmchen dort und ein bisschen Gem\u00fcse darf auch nicht fehlen \u2013 einen Schnitzelbaum gibt es ja noch nicht \u2026 Die besten geistigen Erg\u00fcsse habe ich \u00fcbrigens, wenn ich IM Garten \u00dcBER den Garten schreiben kann. So vereinen sich Beruf und Hobby perfekt \u2013 was gibt es Sch\u00f6neres?\",\"url\":\"https:\\\/\\\/www.samenhaus.de\\\/gartenblog\\\/author\\\/holger\"}]}<\/script>\n<!-- \/ Yoast SEO plugin. -->","yoast_head_json":{"title":"Beifu\u00df \u2013 das W\u00fcrz- und Heilkraut nicht nur f\u00fcr Weihnachten - Samenhaus Gartenblog","description":"Beifu\u00df geh\u00f6rt zu den wichtigsten Kr\u00e4utern. Das Heilkraut kann bei vielen Beschwerden unterst\u00fctzend wirken. Und auch als Gew\u00fcrzkraut ist Beifu\u00df bekannt.","robots":{"index":"index","follow":"follow","max-snippet":"max-snippet:-1","max-image-preview":"max-image-preview:large","max-video-preview":"max-video-preview:-1"},"canonical":"https:\/\/www.samenhaus.de\/gartenblog\/beifuss-das-wuerz-und-heilkraut-nicht-nur-fuer-weihnachten","og_locale":"de_DE","og_type":"article","og_title":"Beifu\u00df \u2013 das W\u00fcrz- und Heilkraut nicht nur f\u00fcr Weihnachten - Samenhaus Gartenblog","og_description":"Beifu\u00df geh\u00f6rt zu den wichtigsten Kr\u00e4utern. Das Heilkraut kann bei vielen Beschwerden unterst\u00fctzend wirken. Und auch als Gew\u00fcrzkraut ist Beifu\u00df bekannt.","og_url":"https:\/\/www.samenhaus.de\/gartenblog\/beifuss-das-wuerz-und-heilkraut-nicht-nur-fuer-weihnachten","og_site_name":"Samenhaus Gartenblog","article_publisher":"https:\/\/de-de.facebook.com\/samenhaus","article_published_time":"2024-10-19T07:00:31+00:00","og_image":[{"width":1000,"height":563,"url":"https:\/\/www.samenhaus.de\/gartenblog\/wp-content\/uploads\/2024\/10\/Beifuss_937657219.jpg","type":"image\/jpeg"}],"author":"Holger","twitter_card":"summary_large_image","twitter_creator":"@samenhaus","twitter_site":"@samenhaus","twitter_misc":{"Verfasst von":"Holger","Gesch\u00e4tzte Lesezeit":"7\u00a0Minuten"},"schema":{"@context":"https:\/\/schema.org","@graph":[{"@type":"Article","@id":"https:\/\/www.samenhaus.de\/gartenblog\/beifuss-das-wuerz-und-heilkraut-nicht-nur-fuer-weihnachten#article","isPartOf":{"@id":"https:\/\/www.samenhaus.de\/gartenblog\/beifuss-das-wuerz-und-heilkraut-nicht-nur-fuer-weihnachten"},"author":{"name":"Holger","@id":"https:\/\/www.samenhaus.de\/gartenblog\/#\/schema\/person\/de169769587431893823f62b2ce06c04"},"headline":"Beifu\u00df \u2013 das W\u00fcrz- und Heilkraut nicht nur f\u00fcr Weihnachten","datePublished":"2024-10-19T07:00:31+00:00","mainEntityOfPage":{"@id":"https:\/\/www.samenhaus.de\/gartenblog\/beifuss-das-wuerz-und-heilkraut-nicht-nur-fuer-weihnachten"},"wordCount":1140,"commentCount":0,"publisher":{"@id":"https:\/\/www.samenhaus.de\/gartenblog\/#organization"},"image":{"@id":"https:\/\/www.samenhaus.de\/gartenblog\/beifuss-das-wuerz-und-heilkraut-nicht-nur-fuer-weihnachten#primaryimage"},"thumbnailUrl":"https:\/\/www.samenhaus.de\/gartenblog\/wp-content\/uploads\/2024\/10\/Beifuss_937657219.jpg","articleSection":["Kr\u00e4uter"],"inLanguage":"de","potentialAction":[{"@type":"CommentAction","name":"Comment","target":["https:\/\/www.samenhaus.de\/gartenblog\/beifuss-das-wuerz-und-heilkraut-nicht-nur-fuer-weihnachten#respond"]}],"copyrightYear":"2024","copyrightHolder":{"@id":"https:\/\/www.samenhaus.de\/gartenblog\/#organization"}},{"@type":"WebPage","@id":"https:\/\/www.samenhaus.de\/gartenblog\/beifuss-das-wuerz-und-heilkraut-nicht-nur-fuer-weihnachten","url":"https:\/\/www.samenhaus.de\/gartenblog\/beifuss-das-wuerz-und-heilkraut-nicht-nur-fuer-weihnachten","name":"Beifu\u00df \u2013 das W\u00fcrz- und Heilkraut nicht nur f\u00fcr Weihnachten - Samenhaus Gartenblog","isPartOf":{"@id":"https:\/\/www.samenhaus.de\/gartenblog\/#website"},"primaryImageOfPage":{"@id":"https:\/\/www.samenhaus.de\/gartenblog\/beifuss-das-wuerz-und-heilkraut-nicht-nur-fuer-weihnachten#primaryimage"},"image":{"@id":"https:\/\/www.samenhaus.de\/gartenblog\/beifuss-das-wuerz-und-heilkraut-nicht-nur-fuer-weihnachten#primaryimage"},"thumbnailUrl":"https:\/\/www.samenhaus.de\/gartenblog\/wp-content\/uploads\/2024\/10\/Beifuss_937657219.jpg","datePublished":"2024-10-19T07:00:31+00:00","description":"Beifu\u00df geh\u00f6rt zu den wichtigsten Kr\u00e4utern. Das Heilkraut kann bei vielen Beschwerden unterst\u00fctzend wirken. Und auch als Gew\u00fcrzkraut ist Beifu\u00df bekannt.","breadcrumb":{"@id":"https:\/\/www.samenhaus.de\/gartenblog\/beifuss-das-wuerz-und-heilkraut-nicht-nur-fuer-weihnachten#breadcrumb"},"inLanguage":"de","potentialAction":[{"@type":"ReadAction","target":["https:\/\/www.samenhaus.de\/gartenblog\/beifuss-das-wuerz-und-heilkraut-nicht-nur-fuer-weihnachten"]}]},{"@type":"ImageObject","inLanguage":"de","@id":"https:\/\/www.samenhaus.de\/gartenblog\/beifuss-das-wuerz-und-heilkraut-nicht-nur-fuer-weihnachten#primaryimage","url":"https:\/\/www.samenhaus.de\/gartenblog\/wp-content\/uploads\/2024\/10\/Beifuss_937657219.jpg","contentUrl":"https:\/\/www.samenhaus.de\/gartenblog\/wp-content\/uploads\/2024\/10\/Beifuss_937657219.jpg","width":1000,"height":563,"caption":"Beifu\u00df"},{"@type":"BreadcrumbList","@id":"https:\/\/www.samenhaus.de\/gartenblog\/beifuss-das-wuerz-und-heilkraut-nicht-nur-fuer-weihnachten#breadcrumb","itemListElement":[{"@type":"ListItem","position":1,"name":"Startseite","item":"https:\/\/www.samenhaus.de\/gartenblog\/"},{"@type":"ListItem","position":2,"name":"Beifu\u00df \u2013 das W\u00fcrz- und Heilkraut nicht nur f\u00fcr Weihnachten"}]},{"@type":"WebSite","@id":"https:\/\/www.samenhaus.de\/gartenblog\/#website","url":"https:\/\/www.samenhaus.de\/gartenblog\/","name":"Samenhaus Gartenblog","description":"","publisher":{"@id":"https:\/\/www.samenhaus.de\/gartenblog\/#organization"},"potentialAction":[{"@type":"SearchAction","target":{"@type":"EntryPoint","urlTemplate":"https:\/\/www.samenhaus.de\/gartenblog\/?s={search_term_string}"},"query-input":{"@type":"PropertyValueSpecification","valueRequired":true,"valueName":"search_term_string"}}],"inLanguage":"de"},{"@type":"Organization","@id":"https:\/\/www.samenhaus.de\/gartenblog\/#organization","name":"Samenhaus.de Gartenblog","url":"https:\/\/www.samenhaus.de\/gartenblog\/","logo":{"@type":"ImageObject","inLanguage":"de","@id":"https:\/\/www.samenhaus.de\/gartenblog\/#\/schema\/logo\/image\/","url":"https:\/\/www.samenhaus.de\/gartenblog\/wp-content\/uploads\/2020\/11\/logo.svg","contentUrl":"https:\/\/www.samenhaus.de\/gartenblog\/wp-content\/uploads\/2020\/11\/logo.svg","width":1,"height":1,"caption":"Samenhaus.de Gartenblog"},"image":{"@id":"https:\/\/www.samenhaus.de\/gartenblog\/#\/schema\/logo\/image\/"},"sameAs":["https:\/\/de-de.facebook.com\/samenhaus","https:\/\/x.com\/samenhaus"]},{"@type":"Person","@id":"https:\/\/www.samenhaus.de\/gartenblog\/#\/schema\/person\/de169769587431893823f62b2ce06c04","name":"Holger","image":{"@type":"ImageObject","inLanguage":"de","@id":"https:\/\/www.samenhaus.de\/gartenblog\/wp-content\/uploads\/2026\/03\/Holger-150x150.png","url":"https:\/\/www.samenhaus.de\/gartenblog\/wp-content\/uploads\/2026\/03\/Holger-150x150.png","contentUrl":"https:\/\/www.samenhaus.de\/gartenblog\/wp-content\/uploads\/2026\/03\/Holger-150x150.png","caption":"Holger"},"description":"6.000.000 W\u00f6rter \u2013 so viel k\u00f6nnen Sie in etwa von mir online lesen. Das F\u00fcllen des Internets entwickelte sich nach meiner Ausbildung zum TV-Redakteur und der langj\u00e4hrigen Arbeit bei SAT.1 zu einem Fulltime-Job. Trotzdem finde ich noch gen\u00fcgend Zeit, um in meinem Garten zu werkeln. Eine Staude hier, ein Bl\u00fcmchen dort und ein bisschen Gem\u00fcse darf auch nicht fehlen \u2013 einen Schnitzelbaum gibt es ja noch nicht \u2026 Die besten geistigen Erg\u00fcsse habe ich \u00fcbrigens, wenn ich IM Garten \u00dcBER den Garten schreiben kann. So vereinen sich Beruf und Hobby perfekt \u2013 was gibt es Sch\u00f6neres?","url":"https:\/\/www.samenhaus.de\/gartenblog\/author\/holger"}]}},"wp-worthy-pixel":{"ignored":false,"public":"c54ee616ff094d4b822c42088d2c4218","server":"vg09.met.vgwort.de","url":"https:\/\/vg09.met.vgwort.de\/na\/c54ee616ff094d4b822c42088d2c4218"},"wp-worthy-type":"normal","_links":{"self":[{"href":"https:\/\/www.samenhaus.de\/gartenblog\/wp-json\/wp\/v2\/posts\/19658","targetHints":{"allow":["GET"]}}],"collection":[{"href":"https:\/\/www.samenhaus.de\/gartenblog\/wp-json\/wp\/v2\/posts"}],"about":[{"href":"https:\/\/www.samenhaus.de\/gartenblog\/wp-json\/wp\/v2\/types\/post"}],"author":[{"embeddable":true,"href":"https:\/\/www.samenhaus.de\/gartenblog\/wp-json\/wp\/v2\/users\/13"}],"replies":[{"embeddable":true,"href":"https:\/\/www.samenhaus.de\/gartenblog\/wp-json\/wp\/v2\/comments?post=19658"}],"version-history":[{"count":6,"href":"https:\/\/www.samenhaus.de\/gartenblog\/wp-json\/wp\/v2\/posts\/19658\/revisions"}],"predecessor-version":[{"id":19826,"href":"https:\/\/www.samenhaus.de\/gartenblog\/wp-json\/wp\/v2\/posts\/19658\/revisions\/19826"}],"wp:featuredmedia":[{"embeddable":true,"href":"https:\/\/www.samenhaus.de\/gartenblog\/wp-json\/wp\/v2\/media\/19819"}],"wp:attachment":[{"href":"https:\/\/www.samenhaus.de\/gartenblog\/wp-json\/wp\/v2\/media?parent=19658"}],"wp:term":[{"taxonomy":"category","embeddable":true,"href":"https:\/\/www.samenhaus.de\/gartenblog\/wp-json\/wp\/v2\/categories?post=19658"},{"taxonomy":"post_tag","embeddable":true,"href":"https:\/\/www.samenhaus.de\/gartenblog\/wp-json\/wp\/v2\/tags?post=19658"},{"taxonomy":"hersteller","embeddable":true,"href":"https:\/\/www.samenhaus.de\/gartenblog\/wp-json\/wp\/v2\/hersteller?post=19658"}],"curies":[{"name":"wp","href":"https:\/\/api.w.org\/{rel}","templated":true}]}}