{"id":19686,"date":"2025-03-15T09:00:00","date_gmt":"2025-03-15T08:00:00","guid":{"rendered":"https:\/\/www.samenhaus.de\/gartenblog\/?p=19686"},"modified":"2025-03-18T13:07:28","modified_gmt":"2025-03-18T12:07:28","slug":"wildtier-des-jahres-von-aeskulapnatter-bis-gartenschlaefer","status":"publish","type":"post","link":"https:\/\/www.samenhaus.de\/gartenblog\/wildtier-des-jahres-von-aeskulapnatter-bis-gartenschlaefer","title":{"rendered":"Wildtier des Jahres \u2013 von \u00c4skulapnatter bis Gartenschl\u00e4fer"},"content":{"rendered":"<p>Seit 1992 wird einmal im Jahr das Wildtier des Jahres gew\u00e4hlt. Einige davon k\u00f6nnten durchaus mal in Ihrem Garten vorbeischauen, andere ersp\u00e4hen Sie vielleicht mal beim Spaziergang \u2013 wenn man auch nicht jedem Tier unbedingt in freier Wildbahn begegnen m\u00f6chte \u2013 und wieder andere kennt man wom\u00f6glich aus dem Zoo.<\/p>\n<p>Gew\u00e4hlt wird das Wildtier des Jahres von den F\u00f6rderern der Deutschen Wildtier Stiftung, Initiator war einst die nicht mehr existierende Schutzgemeinschaft Deutsches Wild. Es gibt unterschiedliche Kriterien, wie die Tiere ausgew\u00e4hlt werden, darunter die Gef\u00e4hrdung der Tierart oder auch des Lebensraums. Das Wildtier des Jahres wird dann durch Info- und Schutzkampagnen vorgestellt.<\/p>\n<h2><span class=\"ez-toc-section\" id=\"Wildtier_des_Jahres_%E2%80%93_die_Preistraeger\"><\/span>Wildtier des Jahres \u2013 die Preistr\u00e4ger<span class=\"ez-toc-section-end\"><\/span><\/h2>\n<table>\n<tbody>\n<tr>\n<td style=\"width: 150px;\"><\/td>\n<td style=\"padding-left: 15px; vertical-align: top;\">\n<h3><span class=\"ez-toc-section\" id=\"2024_Braunbrustigel\"><\/span>2024: Braunbrustigel<span class=\"ez-toc-section-end\"><\/span><\/h3>\n<p>Der Braunbrustigel war bereits 2009 Wildtier des Jahres \u2013 mehr Infos finden Sie unter diesem Jahr.<\/td>\n<\/tr>\n<\/tbody>\n<\/table>\n<table>\n<tbody>\n<tr>\n<td style=\"width: 150px;\"><a href=\"https:\/\/www.samenhaus.de\/gartenblog\/wp-content\/uploads\/2025\/03\/Wildtier-des-Jahres_393799783-scaled.jpeg\"><img loading=\"lazy\" decoding=\"async\" class=\"alignright wp-image-20941 size-thumbnail\" src=\"https:\/\/www.samenhaus.de\/gartenblog\/wp-content\/uploads\/2025\/03\/Wildtier-des-Jahres_393799783-150x150.jpeg\" alt=\"Gartenschl\u00e4fer\" width=\"150\" height=\"150\" srcset=\"https:\/\/www.samenhaus.de\/gartenblog\/wp-content\/uploads\/2025\/03\/Wildtier-des-Jahres_393799783-150x150.jpeg 150w, https:\/\/www.samenhaus.de\/gartenblog\/wp-content\/uploads\/2025\/03\/Wildtier-des-Jahres_393799783-80x80.jpeg 80w\" sizes=\"auto, (max-width: 150px) 100vw, 150px\" \/><\/a><\/td>\n<td style=\"padding-left: 15px; vertical-align: top;\">\n<h3><span class=\"ez-toc-section\" id=\"2023_Gartenschlaefer\"><\/span>2023: Gartenschl\u00e4fer<span class=\"ez-toc-section-end\"><\/span><\/h3>\n<p><strong>Wissenschaftlicher Name:<\/strong> <em>Eliomys quercinus<\/em><br \/>\n<strong>Alternative Namen:<\/strong> Schlafmaus, Zorro-Schl\u00e4fer<br \/>\n<strong>Familie:<\/strong> Bilche<br \/>\n<strong>Ordnung:<\/strong> Nagetiere<br \/>\n<strong>Lebenserwartung:<\/strong> 3 bis 4 Jahre<br \/>\n<strong>Aussehen:<\/strong> Graues bis rotbraunes R\u00fcckenfell, wei\u00dfes Bauchfell, auff\u00e4llige schwarze Gesichtszeichnung, die \u00fcber den Augen verl\u00e4uft und wie eine Zorro-Maske aussieht, zweifarbiger, buschiger Schwanz. Der Gartenschl\u00e4fer erreicht Gr\u00f6\u00dfen von 10 bis 17 Zentimetern, der Schwanz ist 8 bis 15 Zentimeter lang, sein K\u00f6rpergewicht liegt zwischen 50 und 140 Gramm.<br \/>\n<strong>Vorkommen:<\/strong> Europa, Westasien, Nordafrika<br \/>\n<strong>Verbreitung in Deutschland:<\/strong> in vielen Gebieten Deutschlands, besonders entlang des Rheins und in den Mittelgebirgen, bevorzugt Laub- und Mischw\u00e4lder, G\u00e4rten, Parks und Stadtgebiete.<br \/>\n<strong>Nahrung: <\/strong>Allesfresser, von Insekten, W\u00fcrmern und Schnecken \u00fcber Spinnen und kleine Wirbeltiere bis hin zu Samen und Fr\u00fcchten.<br \/>\n<strong>Feinde:<\/strong> Raubv\u00f6gel, F\u00fcchse, Katzen, Menschen<br \/>\n<strong>Besonderheiten:<\/strong> Vor dem Winterschlaf (der von Oktober bis April dauert) kann sich das Nagetier das Doppelte seines K\u00f6rpergewichts anfressen. Der Gartenschl\u00e4fer ist stark gef\u00e4hrdet.<\/td>\n<\/tr>\n<\/tbody>\n<\/table>\n<table>\n<tbody>\n<tr>\n<td style=\"width: 150px;\"><a href=\"https:\/\/www.samenhaus.de\/gartenblog\/wp-content\/uploads\/2025\/03\/Wildtier-des-Jahres_211436034-scaled.jpeg\"><img loading=\"lazy\" decoding=\"async\" class=\"alignleft wp-image-20929 size-thumbnail\" src=\"https:\/\/www.samenhaus.de\/gartenblog\/wp-content\/uploads\/2025\/03\/Wildtier-des-Jahres_211436034-150x150.jpeg\" alt=\"Gew\u00f6hnlicher Schweinswal\" width=\"150\" height=\"150\" srcset=\"https:\/\/www.samenhaus.de\/gartenblog\/wp-content\/uploads\/2025\/03\/Wildtier-des-Jahres_211436034-150x150.jpeg 150w, https:\/\/www.samenhaus.de\/gartenblog\/wp-content\/uploads\/2025\/03\/Wildtier-des-Jahres_211436034-80x80.jpeg 80w\" sizes=\"auto, (max-width: 150px) 100vw, 150px\" \/><\/a><\/td>\n<td style=\"padding-left: 15px; vertical-align: top;\">\n<h3><span class=\"ez-toc-section\" id=\"2022_Gewoehnlicher_Schweinswal\"><\/span>2022: Gew\u00f6hnlicher Schweinswal<span class=\"ez-toc-section-end\"><\/span><\/h3>\n<p><strong>Wissenschaftlicher Name:<\/strong> <em>Phocoena phocoena<\/em><br \/>\n<strong>Alternative Namen:<\/strong> Kleiner T\u00fcmmler, Braunfisch<br \/>\n<strong>Familie:<\/strong> Schweinswale<br \/>\n<strong>Ordnung:<\/strong> Wale<br \/>\n<strong>Lebenserwartung:<\/strong> 10 bis 12 Jahre<br \/>\n<strong>Aussehen:<\/strong> Dunkelgraue bis schwarze R\u00fcckenf\u00e4rbung, wei\u00dflicher Bauch, dreieckige R\u00fcckenflosse. Der Gew\u00f6hnliche Schweinwal wird zwischen 1,4 und 1,9 Metern lang und erreicht ein Gewicht von 45 bis 75 Kilogramm.<br \/>\n<strong>Vorkommen:<\/strong> K\u00fcstengew\u00e4sser des Nordatlantiks, des Schwarzen Meeres, des Nordwestpazifiks und der Nord- und Ostsee<br \/>\n<strong>Verbreitung in Deutschland:<\/strong> Nordsee, Ostsee<br \/>\n<strong>Nahrung: <\/strong>kleine Fische wie Heringe, Grundeln und Plattfische, Krebstiere, Tintenfische, Borstenw\u00fcrmer<br \/>\n<strong>Feinde:<\/strong> Haie, Schwertwale, Kegelrobben, Gro\u00dfer T\u00fcmmler<br \/>\n<strong>Besonderheiten:<\/strong> \u00c4hnlich wie Flederm\u00e4use orientieren sich die Wale durch Echolokation. Aufgrund des hohen Stoffwechsels m\u00fcssen die Wale t\u00e4glich ca. 4,5 Kilogramm Nahrung zu sich nehmen. Der Gew\u00f6hnliche Schweinswal ist in seinem Bestand ungef\u00e4hrdet, in der Ostsee allerdings stark gef\u00e4hrdet.<\/td>\n<\/tr>\n<\/tbody>\n<\/table>\n<table>\n<tbody>\n<tr>\n<td style=\"width: 150px;\"><\/td>\n<td style=\"padding-left: 15px; vertical-align: top;\">\n<h3><span class=\"ez-toc-section\" id=\"2021_Fischotter\"><\/span>2021: Fischotter<span class=\"ez-toc-section-end\"><\/span><\/h3>\n<p>Der Fischotter war bereits 1999 Wildtier des Jahres \u2013 mehr Infos finden Sie unter diesem Jahr.<\/td>\n<\/tr>\n<\/tbody>\n<\/table>\n<table>\n<tbody>\n<tr>\n<td style=\"width: 150px;\"><a href=\"https:\/\/www.samenhaus.de\/gartenblog\/wp-content\/uploads\/2025\/03\/Wildtier-des-Jahres_178695625-scaled.jpeg\"><img loading=\"lazy\" decoding=\"async\" class=\"alignleft wp-image-20925 size-thumbnail\" src=\"https:\/\/www.samenhaus.de\/gartenblog\/wp-content\/uploads\/2025\/03\/Wildtier-des-Jahres_178695625-150x150.jpeg\" alt=\"Europ\u00e4ischer Maulwurf\" width=\"150\" height=\"150\" srcset=\"https:\/\/www.samenhaus.de\/gartenblog\/wp-content\/uploads\/2025\/03\/Wildtier-des-Jahres_178695625-150x150.jpeg 150w, https:\/\/www.samenhaus.de\/gartenblog\/wp-content\/uploads\/2025\/03\/Wildtier-des-Jahres_178695625-80x80.jpeg 80w\" sizes=\"auto, (max-width: 150px) 100vw, 150px\" \/><\/a><\/td>\n<td style=\"padding-left: 15px; vertical-align: top;\"><strong>2020: Europ\u00e4ischer Maulwurf<\/strong><br \/>\n<strong>Wissenschaftlicher Name:<\/strong> <em>Talpa europaea<\/em><br \/>\n<strong>Familie:<\/strong> Maulw\u00fcrfe<br \/>\n<strong>Ordnung:<\/strong> Insektenfresser<br \/>\n<strong>Lebenserwartung:<\/strong> 2 bis 5 Jahre<br \/>\n<strong>Aussehen:<\/strong> Samtiges, dichtes Fell, das meist schwarz oder dunkelbraun gef\u00e4rbt ist. Spindelf\u00f6rmiger K\u00f6rper mit kleinen, verk\u00fcmmerten Augen und kaum sichtbaren Ohren, kr\u00e4ftige, schaufelf\u00f6rmige Vorderbeine. Der Maulwurf wird zwischen 11 und 16 Zentimetern gro\u00df, sein Gewicht liegt zwischen 70 und 130 Gramm.<br \/>\n<strong>Vorkommen:<\/strong> Europa, Asien<br \/>\n<strong>Verbreitung in Deutschland:<\/strong> \u00fcberall in Deutschland, bevorzugt Wiesen, G\u00e4rten, W\u00e4lder, Felder mit feuchten, gut durchl\u00e4ssigen B\u00f6den<br \/>\n<strong>Nahrung: <\/strong>Insekten, haupts\u00e4chlich Regenw\u00fcrmer, Insektenlarven und andere Wirbellose<br \/>\n<strong>Feinde:<\/strong> Raubv\u00f6gel, F\u00fcchse, Marder, Katzen, Menschen<br \/>\n<strong>Besonderheiten:<\/strong> Die vom Maulwurf gegrabenen Tunnel, die bis zu 400 Quadratmeter gro\u00df werden k\u00f6nnen, dienen als Wohnr\u00e4ume, Nahrungsspeicher und Fluchtwege. Die Tiere sind Einzelg\u00e4nger. Der Europ\u00e4ische Maulwurf ist besonders gesch\u00fctzt und darf nicht gefangen oder get\u00f6tet werden, in seinem Bestand ist er ungef\u00e4hrdet.<\/td>\n<\/tr>\n<\/tbody>\n<\/table>\n<table>\n<tbody>\n<tr>\n<td style=\"width: 150px;\"><a href=\"https:\/\/www.samenhaus.de\/gartenblog\/wp-content\/uploads\/2025\/03\/Wildtier-des-Jahres_221578108-scaled.jpeg\"><img loading=\"lazy\" decoding=\"async\" class=\"alignleft wp-image-20931 size-thumbnail\" src=\"https:\/\/www.samenhaus.de\/gartenblog\/wp-content\/uploads\/2025\/03\/Wildtier-des-Jahres_221578108-150x150.jpeg\" alt=\"Reh\" width=\"150\" height=\"150\" srcset=\"https:\/\/www.samenhaus.de\/gartenblog\/wp-content\/uploads\/2025\/03\/Wildtier-des-Jahres_221578108-150x150.jpeg 150w, https:\/\/www.samenhaus.de\/gartenblog\/wp-content\/uploads\/2025\/03\/Wildtier-des-Jahres_221578108-80x80.jpeg 80w\" sizes=\"auto, (max-width: 150px) 100vw, 150px\" \/><\/a><\/td>\n<td style=\"padding-left: 15px; vertical-align: top;\">\n<h3><span class=\"ez-toc-section\" id=\"2019_Reh\"><\/span>2019: Reh<span class=\"ez-toc-section-end\"><\/span><\/h3>\n<p><strong>Wissenschaftlicher Name:<\/strong> <em>Capreolus capreolus<\/em><br \/>\n<strong>Familie:<\/strong> Hirsche<br \/>\n<strong>Ordnung:<\/strong> Paarhufer<br \/>\n<strong>Lebenserwartung:<\/strong> bis zu 12 Jahre<br \/>\n<strong>Aussehen:<\/strong> Im Sommer rotbraunes, im Winter graubraunes Fell, wei\u00dfer Fleck am Hinterteil (auch Spiegel genannt). Rehe erreichen K\u00f6rperl\u00e4ngen von bis zu 1,5 Metern und Schulterh\u00f6hen von ca. 70 Zentimetern, das Gewicht liegt zwischen 15 und 35 Kilogramm.<br \/>\n<strong>Vorkommen:<\/strong> Europa, Asien<br \/>\n<strong>Verbreitung in Deutschland:<\/strong> \u00fcberall in Deutschland, bevorzugt W\u00e4lder, Felder, Parks<br \/>\n<strong>Nahrung: <\/strong>Bl\u00e4tter, Knospen, Zweige, Kr\u00e4uter, Gr\u00e4ser, Beeren, Rinde, Flechten, Moose<br \/>\n<strong>Feinde:<\/strong> W\u00f6lfe, F\u00fcchse, Luchse, Greifv\u00f6gel, Menschen<br \/>\n<strong>Besonderheiten:<\/strong> M\u00e4nnliche Rehe tragen ein Geweih, das j\u00e4hrlich abgeworfen wird und sich neu bildet. Die meist alleine oder in kleinen Familiengruppen lebenden Tiere sind die am h\u00e4ufigsten vorkommenden Wildtiere in Deutschland. Das Reh ist ungef\u00e4hrdet.<\/td>\n<\/tr>\n<\/tbody>\n<\/table>\n<table>\n<tbody>\n<tr>\n<td style=\"width: 150px;\"><\/td>\n<td style=\"padding-left: 15px; vertical-align: top;\">\n<h3><span class=\"ez-toc-section\" id=\"2018_Europaeische_Wildkatze\"><\/span>2018: Europ\u00e4ische Wildkatze<span class=\"ez-toc-section-end\"><\/span><\/h3>\n<p>Die Europ\u00e4ische Wildkatze war bereits 1993 Wildtier des Jahres \u2013 mehr Infos finden Sie unter diesem Jahr.<\/td>\n<\/tr>\n<\/tbody>\n<\/table>\n<table>\n<tbody>\n<tr>\n<td style=\"width: 150px;\"><a href=\"https:\/\/www.samenhaus.de\/gartenblog\/wp-content\/uploads\/2025\/03\/Wildtier-des-Jahres_317824165-scaled.jpeg\"><img loading=\"lazy\" decoding=\"async\" class=\"alignleft wp-image-20937 size-thumbnail\" src=\"https:\/\/www.samenhaus.de\/gartenblog\/wp-content\/uploads\/2025\/03\/Wildtier-des-Jahres_317824165-150x150.jpeg\" alt=\"Haselmaus\" width=\"150\" height=\"150\" srcset=\"https:\/\/www.samenhaus.de\/gartenblog\/wp-content\/uploads\/2025\/03\/Wildtier-des-Jahres_317824165-150x150.jpeg 150w, https:\/\/www.samenhaus.de\/gartenblog\/wp-content\/uploads\/2025\/03\/Wildtier-des-Jahres_317824165-80x80.jpeg 80w\" sizes=\"auto, (max-width: 150px) 100vw, 150px\" \/><\/a><\/td>\n<td style=\"padding-left: 15px; vertical-align: top;\">\n<h3><span class=\"ez-toc-section\" id=\"2017_Haselmaus\"><\/span>2017: Haselmaus<span class=\"ez-toc-section-end\"><\/span><\/h3>\n<p><strong>Wissenschaftlicher Name:<\/strong> <em>Muscardinus avellanarius<\/em><br \/>\n<strong>Familie:<\/strong> Bilche<br \/>\n<strong>Ordnung:<\/strong> Nagetiere<br \/>\n<strong>Lebenserwartung:<\/strong> 3 bis 5 Jahre<br \/>\n<strong>Aussehen:<\/strong> Gelbliches bis Rotbraunes, weiches und dichtes Fell, gro\u00dfe schwarze Augen, kleine rosafarbene F\u00fc\u00dfe. Haselm\u00e4use werden zwischen 6 und 9 Zentimeter gro\u00df, der buschige Schwanz erreicht L\u00e4ngen von 5,7 bis 7,5 Zentimetern, das K\u00f6rpergewicht liegt zwischen 15 bis 40 Gramm.<br \/>\n<strong>Vorkommen:<\/strong> Europa, Asien<br \/>\n<strong>Verbreitung in Deutschland:<\/strong> \u00fcberall in Deutschland, selten in norddeutschen Tiefebenen, h\u00e4ufig in Mittelgebirgen und im Alpenvorland, bevorzugt dichte Hecken, Geb\u00fcsche, Laub- und Mischw\u00e4lder<br \/>\n<strong>Nahrung: <\/strong>Knospen, Bl\u00fcten, Pollen, Fr\u00fcchte, \u00f6lhaltige Samen, Insekten, Larven<br \/>\n<strong>Feinde:<\/strong> F\u00fcchse, Marder, Greifv\u00f6gel<br \/>\n<strong>Besonderheiten:<\/strong> W\u00e4hrend des langen Winterschlafs, der bis zu 7 Monate dauern kann, sinkt die K\u00f6rpertemperatur auf nahezu 0 Grad ab. Die Maus vermeidet aus Angst vor Feinden Bodenkontakt und ist daher ein geschickter Kletterer, ihre Behausung baut sie aus Grashalmen und Bl\u00e4tter in B\u00e4umen oder Str\u00e4uchern. Die Haselmaus ist ungef\u00e4hrdet.<\/td>\n<\/tr>\n<\/tbody>\n<\/table>\n<table>\n<tbody>\n<tr>\n<td style=\"width: 150px;\"><\/td>\n<td style=\"padding-left: 15px; vertical-align: top;\">\n<h3><span class=\"ez-toc-section\" id=\"2016_Feldhamster\"><\/span>2016: Feldhamster<span class=\"ez-toc-section-end\"><\/span><\/h3>\n<p>Der Feldhamster war bereits 1996 Wildtier des Jahres \u2013 mehr Infos finden Sie unter diesem Jahr.<\/td>\n<\/tr>\n<\/tbody>\n<\/table>\n<table>\n<tbody>\n<tr>\n<td style=\"width: 150px;\"><\/td>\n<td style=\"padding-left: 15px; vertical-align: top;\">\n<h3><span class=\"ez-toc-section\" id=\"2015_Feldhase\"><\/span>2015: Feldhase<span class=\"ez-toc-section-end\"><\/span><\/h3>\n<p>Der Feldhase war bereits 2001 Wildtier des Jahres \u2013 mehr Infos finden Sie unter diesem Jahr.<\/td>\n<\/tr>\n<\/tbody>\n<\/table>\n<table>\n<tbody>\n<tr>\n<td style=\"width: 150px;\"><\/td>\n<td style=\"padding-left: 15px; vertical-align: top;\">\n<h3><span class=\"ez-toc-section\" id=\"2014_Wisent\"><\/span>2014: Wisent<span class=\"ez-toc-section-end\"><\/span><\/h3>\n<p>Das Wisent war bereits 2008 Wildtier des Jahres \u2013 mehr Infos finden Sie unter diesem Jahr.<\/td>\n<\/tr>\n<\/tbody>\n<\/table>\n<table>\n<tbody>\n<tr>\n<td style=\"width: 150px;\"><a href=\"https:\/\/www.samenhaus.de\/gartenblog\/wp-content\/uploads\/2025\/03\/Wildtier-des-Jahres_468773676-scaled.jpeg\"><img loading=\"lazy\" decoding=\"async\" class=\"alignleft wp-image-20943 size-thumbnail\" src=\"https:\/\/www.samenhaus.de\/gartenblog\/wp-content\/uploads\/2025\/03\/Wildtier-des-Jahres_468773676-150x150.jpeg\" alt=\"Mauswiesel\" width=\"150\" height=\"150\" srcset=\"https:\/\/www.samenhaus.de\/gartenblog\/wp-content\/uploads\/2025\/03\/Wildtier-des-Jahres_468773676-150x150.jpeg 150w, https:\/\/www.samenhaus.de\/gartenblog\/wp-content\/uploads\/2025\/03\/Wildtier-des-Jahres_468773676-80x80.jpeg 80w\" sizes=\"auto, (max-width: 150px) 100vw, 150px\" \/><\/a><\/td>\n<td style=\"padding-left: 15px; vertical-align: top;\">\n<h3><span class=\"ez-toc-section\" id=\"2013_Mauswiesel\"><\/span>2013: Mauswiesel<span class=\"ez-toc-section-end\"><\/span><\/h3>\n<p><strong>Wissenschaftlicher Name:<\/strong> <em>Mustella nivalis<\/em><br \/>\n<strong>Alternative Namen:<\/strong> Zwergwiesel, Kleinwiesel, Herm\u00e4nnchen<br \/>\n<strong>Familie:<\/strong> Marder<br \/>\n<strong>Ordnung:<\/strong> Raubtiere<br \/>\n<strong>Lebenserwartung:<\/strong> 2 bis 5 Jahre<br \/>\n<strong>Aussehen:<\/strong> Im Sommer r\u00f6tlichbraunes, im Winter fast vollst\u00e4ndig wei\u00dfes Fell, wei\u00dflich bis gelbliche Unterseite. Schlanker, langgestreckter K\u00f6rper mit kurzen Beinen und kurzer Rute. Das Mauswiesel erreicht K\u00f6rperl\u00e4ngen zwischen 15 und 25 Zentimetern und ein Gewicht von 30 bis 100 Gramm.<br \/>\n<strong>Vorkommen:<\/strong> Europa, Asien, Nordamerika<br \/>\n<strong>Verbreitung in Deutschland:<\/strong> \u00fcberall in Deutschland, bevorzugt W\u00e4lder, Felder, Wiesen, Gebirge<br \/>\n<strong>Nahrung: <\/strong>M\u00e4use, Ratten, V\u00f6gel, Insekten, kleine Amphibien, Fr\u00fcchte<br \/>\n<strong>Feinde:<\/strong> Raubv\u00f6gel, F\u00fcchse, Marder, Schlangen<br \/>\n<strong>Besonderheiten:<\/strong> Das Mauswiesel ist das kleinste Raubtier der Welt. Sie sind hervorragende Kletterer und Schwimmer und vor allem nachtaktiv. Sie leben solit\u00e4r und markieren ihr Revier mit Duftstoffen. Das Mauswiesel ist in seinem Bestand nicht gef\u00e4hrdet.<\/td>\n<\/tr>\n<\/tbody>\n<\/table>\n<table>\n<tbody>\n<tr>\n<td style=\"width: 150px;\"><a href=\"https:\/\/www.samenhaus.de\/gartenblog\/wp-content\/uploads\/2025\/03\/Wildtier-des-Jahres_375356717-scaled.jpeg\"><img loading=\"lazy\" decoding=\"async\" class=\"alignleft wp-image-20940 size-thumbnail\" src=\"https:\/\/www.samenhaus.de\/gartenblog\/wp-content\/uploads\/2025\/03\/Wildtier-des-Jahres_375356717-150x150.jpeg\" alt=\"G\u00e4mse\" width=\"150\" height=\"150\" srcset=\"https:\/\/www.samenhaus.de\/gartenblog\/wp-content\/uploads\/2025\/03\/Wildtier-des-Jahres_375356717-150x150.jpeg 150w, https:\/\/www.samenhaus.de\/gartenblog\/wp-content\/uploads\/2025\/03\/Wildtier-des-Jahres_375356717-80x80.jpeg 80w\" sizes=\"auto, (max-width: 150px) 100vw, 150px\" \/><\/a><\/td>\n<td style=\"padding-left: 15px; vertical-align: top;\">\n<h3><span class=\"ez-toc-section\" id=\"2012_Gaemse\"><\/span>2012: G\u00e4mse<span class=\"ez-toc-section-end\"><\/span><\/h3>\n<p><strong>Wissenschaftlicher Name:<\/strong> <em>Rupicapra rupicapra<\/em><br \/>\n<strong>Familie:<\/strong> Horntr\u00e4ger<br \/>\n<strong>Ordnung:<\/strong> Paarhufer<br \/>\n<strong>Lebenserwartung:<\/strong> bis zu 20 Jahre<br \/>\n<strong>Aussehen:<\/strong> Rotbraunes bis schwarzbraunes Fell mit charakteristischen dunklen Aalstrich auf dem R\u00fccken. Heller gef\u00e4rbt sind Bauch und Gesicht. Beide Geschlechter tragen ca. 25 Zentimeter lange, nach hinten gebogene H\u00f6rner. Die Schulterh\u00f6he, die erreicht wird, betr\u00e4gt ca. 80 Zentimeter, das Gewicht liegt zwischen 30 und 50 Kilogramm.<br \/>\n<strong>Vorkommen:<\/strong> Europa, Asien<br \/>\n<strong>Verbreitung in Deutschland:<\/strong> vor allem in den Bayerischen Alpen, in H\u00f6henlagen zwischen 400 und 3.000 Metern<br \/>\n<strong>Nahrung: <\/strong>Kr\u00e4uter, Alpenstr\u00e4ucher, Bl\u00e4tter, Gr\u00e4ser, Baumtriebe, Flechten, Moose<br \/>\n<strong>Feinde:<\/strong> B\u00e4ren, Steinadler, W\u00f6lfe, Luchse<br \/>\n<strong>Besonderheiten:<\/strong> G\u00e4msen sind hervorragende Kletterer und bevorzugen steile Felsen und Klippen. M\u00e4nnchen leben, au\u00dfer w\u00e4hrend der Paarungszeit, solit\u00e4r, die Herden bestehen daher zumeist aus Weibchen und Jungtieren. Die Brunft findet von Oktober bis Dezember statt. Die G\u00e4msen sind nicht gef\u00e4hrdet.<\/td>\n<\/tr>\n<\/tbody>\n<\/table>\n<table>\n<tbody>\n<tr>\n<td style=\"width: 150px;\"><a href=\"https:\/\/www.samenhaus.de\/gartenblog\/wp-content\/uploads\/2025\/03\/Wildtier-des-Jahres_230671826-scaled.jpeg\"><img loading=\"lazy\" decoding=\"async\" class=\"alignleft wp-image-20932 size-thumbnail\" src=\"https:\/\/www.samenhaus.de\/gartenblog\/wp-content\/uploads\/2025\/03\/Wildtier-des-Jahres_230671826-150x150.jpeg\" alt=\"Eurasischer Luchs\" width=\"150\" height=\"150\" srcset=\"https:\/\/www.samenhaus.de\/gartenblog\/wp-content\/uploads\/2025\/03\/Wildtier-des-Jahres_230671826-150x150.jpeg 150w, https:\/\/www.samenhaus.de\/gartenblog\/wp-content\/uploads\/2025\/03\/Wildtier-des-Jahres_230671826-80x80.jpeg 80w\" sizes=\"auto, (max-width: 150px) 100vw, 150px\" \/><\/a><\/td>\n<td style=\"padding-left: 15px; vertical-align: top;\">\n<h3><span class=\"ez-toc-section\" id=\"2011_Eurasischer_Luchs\"><\/span>2011: Eurasischer Luchs<span class=\"ez-toc-section-end\"><\/span><\/h3>\n<p><strong>Wissenschaftlicher Name:<\/strong> <em>Lynx lynx<\/em><br \/>\n<strong>Familie:<\/strong> Katzen<br \/>\n<strong>Ordnung:<\/strong> Raubtiere<br \/>\n<strong>Lebenserwartung:<\/strong> 10 bis 15 Jahre<br \/>\n<strong>Aussehen:<\/strong> Verschiedene Fellfarben, von gelblich \u00fcber r\u00f6tlich bis hin zu grau, oft mit dunklen Flecken. Charakteristisch sind der kurze Schwanz mit schwarzer Spitze, die Pinselohren und der Backenbart. Der Luchs erreicht K\u00f6rperl\u00e4ngen zwischen 80 und 130 Zentimetern und eine Schulterh\u00f6he von 50 bis 75 Zentimetern. Das Gewicht der Tiere liegt zwischen 15 und 25 Kilogramm.<br \/>\n<strong>Vorkommen:<\/strong> Europa, Asien<br \/>\n<strong>Verbreitung in Deutschland:<\/strong> nach Wiederansiedlung vor allem im Bayerischen Wald, im Harz und im Pf\u00e4lzerwald, bevorzugt verschiedene Waldtypen<br \/>\n<strong>Nahrung: <\/strong>Rehe, G\u00e4msen, Rentiere, Hasen, V\u00f6gel, kleine S\u00e4ugetiere<br \/>\n<strong>Feinde:<\/strong> W\u00f6lfe, B\u00e4ren, Greifv\u00f6gel, Menschen<br \/>\n<strong>Besonderheiten:<\/strong> Die Einzelg\u00e4nger sind die gr\u00f6\u00dfte Luchsart und die gr\u00f6\u00dfte Wildkatze Europas. Die Reviere von M\u00e4nnchen sind deutlich gr\u00f6\u00dfer als die der Weibchen. Der Eurasische Luchs ist in seinem Bestand nicht gef\u00e4hrdet.<\/td>\n<\/tr>\n<\/tbody>\n<\/table>\n<table>\n<tbody>\n<tr>\n<td style=\"width: 150px;\"><a href=\"https:\/\/www.samenhaus.de\/gartenblog\/wp-content\/uploads\/2025\/03\/Wildtier-des-Jahres_294244505-scaled.jpeg\"><img loading=\"lazy\" decoding=\"async\" class=\"alignleft wp-image-20936 size-thumbnail\" src=\"https:\/\/www.samenhaus.de\/gartenblog\/wp-content\/uploads\/2025\/03\/Wildtier-des-Jahres_294244505-150x150.jpeg\" alt=\"Dachs\" width=\"150\" height=\"150\" srcset=\"https:\/\/www.samenhaus.de\/gartenblog\/wp-content\/uploads\/2025\/03\/Wildtier-des-Jahres_294244505-150x150.jpeg 150w, https:\/\/www.samenhaus.de\/gartenblog\/wp-content\/uploads\/2025\/03\/Wildtier-des-Jahres_294244505-80x80.jpeg 80w\" sizes=\"auto, (max-width: 150px) 100vw, 150px\" \/><\/a><\/td>\n<td style=\"padding-left: 15px; vertical-align: top;\">\n<h3><span class=\"ez-toc-section\" id=\"2010_Dachs\"><\/span>2010: Dachs<span class=\"ez-toc-section-end\"><\/span><\/h3>\n<p><strong>Wissenschaftlicher Name:<\/strong> <em>Meles meles<\/em><br \/>\n<strong>Alternative Namen: <\/strong>Grimbart<br \/>\n<strong>Familie:<\/strong> Marder<br \/>\n<strong>Ordnung:<\/strong> Raubtiere<br \/>\n<strong>Lebenserwartung:<\/strong> bis zu 15 Jahre<br \/>\n<strong>Aussehen:<\/strong> Silbergraues R\u00fcckenfell, dunkelbraun bis schwarz gef\u00e4rbte Unterseite. Kompakter, gedrungener K\u00f6rper mit kurzen Beinen und einem langen, zugespitzten Kopf. Schwarz-wei\u00dfes Gesicht mit zwei schwarzen Streifen, die von der Schnauze \u00fcber die Augen bis in den Nacken verlaufen. Dachse werden zwischen 65 und 80 Zentimeter gro\u00df, der Schwanz erreicht L\u00e4ngen von bis 18 Zentimetern. Das Gewicht liegt bei 7 bis 17 Kilogramm.<br \/>\n<strong>Vorkommen:<\/strong> Europa, Asien<br \/>\n<strong>Verbreitung in Deutschland:<\/strong> \u00fcberall in Deutschland, bevorzugt Laub- und Mischw\u00e4lder, Geh\u00f6lze, Hecken, Parks, G\u00e4rten, Siedlungsr\u00e4ndern<br \/>\n<strong>Nahrung: <\/strong>Wildobst, Wurzeln, Beeren, Samen, Pilze, Regenw\u00fcrmer, Schnecken, Kleins\u00e4uger, Insekten, Nestlinge, Eier von bodenbr\u00fctenden V\u00f6geln<br \/>\n<strong>Feinde:<\/strong> W\u00f6lfe, Luchse, Greifv\u00f6gel<br \/>\n<strong>Besonderheiten:<\/strong> Dachse legen weitverzweigte, unterirdische Bauten an, die als Dachsburgen bezeichnet werden. Die Tiere leben in sozialen Gruppen, die aus mehreren Familien bestehen. Das Revier wird mit Duftstoffen aus den Analdr\u00fcsen markiert. Der Dachs ist nicht gef\u00e4hrdet.<\/td>\n<\/tr>\n<\/tbody>\n<\/table>\n<table>\n<tbody>\n<tr>\n<td style=\"width: 150px;\"><a href=\"https:\/\/www.samenhaus.de\/gartenblog\/wp-content\/uploads\/2025\/03\/Wildtier-des-Jahres_267652189-scaled.jpeg\"><img loading=\"lazy\" decoding=\"async\" class=\"alignleft wp-image-20935 size-thumbnail\" src=\"https:\/\/www.samenhaus.de\/gartenblog\/wp-content\/uploads\/2025\/03\/Wildtier-des-Jahres_267652189-150x150.jpeg\" alt=\"Braunbrustigel\" width=\"150\" height=\"150\" srcset=\"https:\/\/www.samenhaus.de\/gartenblog\/wp-content\/uploads\/2025\/03\/Wildtier-des-Jahres_267652189-150x150.jpeg 150w, https:\/\/www.samenhaus.de\/gartenblog\/wp-content\/uploads\/2025\/03\/Wildtier-des-Jahres_267652189-80x80.jpeg 80w\" sizes=\"auto, (max-width: 150px) 100vw, 150px\" \/><\/a><\/td>\n<td style=\"padding-left: 15px; vertical-align: top;\">\n<h3><span class=\"ez-toc-section\" id=\"2009_Braunbrustigel\"><\/span>2009: Braunbrustigel<span class=\"ez-toc-section-end\"><\/span><\/h3>\n<p><strong>Wissenschaftlicher Name:<\/strong> <em>Erinaceus europaeus<\/em><br \/>\n<strong>Alternative Namen: <\/strong>Westeurop\u00e4ischer Igel, Westigel<br \/>\n<strong>Familie:<\/strong> Igel<br \/>\n<strong>Ordnung:<\/strong> Insektenfresser<br \/>\n<strong>Lebenserwartung:<\/strong> 2 bis 5 Jahre<br \/>\n<strong>Aussehen:<\/strong> Braun bis schwarz gef\u00e4rbte Stacheln, runder, gedrungener K\u00f6rperbau, kurzes, spitz zulaufendes Gesicht mit kleinen, schwarzen Augen und einer gro\u00dfen, beweglichen Nase. Igel erreichen K\u00f6rperl\u00e4ngen von 20 bis 30 Zentimetern und ein Gewicht von 600 bis 1.000 Gramm.<br \/>\n<strong>Vorkommen:<\/strong> West- und Mitteleuropa, Neuseeland (eingef\u00fchrt)<br \/>\n<strong>Verbreitung in Deutschland:<\/strong> \u00fcberall in Deutschland, bevorzugt Feldflur mit Hecken, Laubstreu und Geb\u00fcsch, W\u00e4lder, Felder, Weiden, Parks, G\u00e4rten, st\u00e4dtische Gebiete<br \/>\n<strong>Nahrung: <\/strong>Insekten, W\u00fcrmer, Schnecken, kleine S\u00e4ugetiere, Fr\u00fcchte, Beeren, N\u00fcsse<br \/>\n<strong>Feinde:<\/strong> Greifv\u00f6gel, F\u00fcchse, Wildschweine, Menschen<br \/>\n<strong>Besonderheiten:<\/strong> Die Tiere sind Einzelg\u00e4nger, sie halten Winterschlaf, f\u00fcr den sie geeignete Versteckm\u00f6glichkeiten ben\u00f6tigen. Der Braunbrustigel ist ungef\u00e4hrdet.<\/td>\n<\/tr>\n<\/tbody>\n<\/table>\n<table>\n<tbody>\n<tr>\n<td style=\"width: 150px;\"><a href=\"https:\/\/www.samenhaus.de\/gartenblog\/wp-content\/uploads\/2025\/03\/Wildtier-des-Jahres_219658822-scaled.jpeg\"><img loading=\"lazy\" decoding=\"async\" class=\"alignleft wp-image-20930 size-thumbnail\" src=\"https:\/\/www.samenhaus.de\/gartenblog\/wp-content\/uploads\/2025\/03\/Wildtier-des-Jahres_219658822-150x150.jpeg\" alt=\"Wisent\" width=\"150\" height=\"150\" srcset=\"https:\/\/www.samenhaus.de\/gartenblog\/wp-content\/uploads\/2025\/03\/Wildtier-des-Jahres_219658822-150x150.jpeg 150w, https:\/\/www.samenhaus.de\/gartenblog\/wp-content\/uploads\/2025\/03\/Wildtier-des-Jahres_219658822-80x80.jpeg 80w\" sizes=\"auto, (max-width: 150px) 100vw, 150px\" \/><\/a><\/td>\n<td style=\"padding-left: 15px; vertical-align: top;\">\n<h3><span class=\"ez-toc-section\" id=\"2008_Wisent\"><\/span>2008: Wisent<span class=\"ez-toc-section-end\"><\/span><\/h3>\n<p><strong>Wissenschaftlicher Name:<\/strong> <em>Bos bonasus<\/em><br \/>\n<strong>Alternative Namen: <\/strong>Europ\u00e4ischer Bison<br \/>\n<strong>Familie:<\/strong> Horntr\u00e4ger<br \/>\n<strong>Ordnung:<\/strong> Paarhufer<br \/>\n<strong>Lebenserwartung:<\/strong> 20 bis 25 Jahre<br \/>\n<strong>Aussehen:<\/strong> Dunkelbraunes bis schwarzes Fell, das im Winter dunkler und dichter wird. Kr\u00e4ftige, nach innen gebogene H\u00f6rner, massiger K\u00f6rper, tief angesetzter Kopf. Der Wisent erreicht Schulterh\u00f6hen von 1,9 Meter und ein Gewicht zwischen 600 und 1.000 Kilogramm.<br \/>\n<strong>Vorkommen:<\/strong> Europa, durch Wiederansiedlung nach der Ausrottung freilebende Populationen in Polen, Wei\u00dfrussland, Ukraine, Litauen, Russland und Deutschland<br \/>\n<strong>Verbreitung in Deutschland:<\/strong> Rothaargebirge, Wisente bevorzugen Laub- und Mischw\u00e4lder mit freuen Lichtungen und gut entwickeltem Unterholz<br \/>\n<strong>Nahrung: <\/strong>Gr\u00e4ser, Kr\u00e4uter, Bl\u00e4tter, Zweige, Knospen, Baumrinde, Str\u00e4ucher, Stauden<br \/>\n<strong>Feinde:<\/strong> W\u00f6lfe, B\u00e4ren, Mensche<br \/>\n<strong>Besonderheiten:<\/strong> Bullen sind meist Einzelg\u00e4nger w\u00e4hrend K\u00fche und deren K\u00e4lber in Herden zusammenleben. Die Tiere sind das gr\u00f6\u00dfte Lands\u00e4ugetier in Europa. Wisente sind in ihrem Bestand gef\u00e4hrdet.<\/td>\n<\/tr>\n<\/tbody>\n<\/table>\n<table>\n<tbody>\n<tr>\n<td style=\"width: 150px;\"><a href=\"https:\/\/www.samenhaus.de\/gartenblog\/wp-content\/uploads\/2025\/03\/Wildtier-des-Jahres_125043743.jpeg\"><img loading=\"lazy\" decoding=\"async\" class=\"alignleft wp-image-20923 size-thumbnail\" src=\"https:\/\/www.samenhaus.de\/gartenblog\/wp-content\/uploads\/2025\/03\/Wildtier-des-Jahres_125043743-150x150.jpeg\" alt=\"Elch\" width=\"150\" height=\"150\" srcset=\"https:\/\/www.samenhaus.de\/gartenblog\/wp-content\/uploads\/2025\/03\/Wildtier-des-Jahres_125043743-150x150.jpeg 150w, https:\/\/www.samenhaus.de\/gartenblog\/wp-content\/uploads\/2025\/03\/Wildtier-des-Jahres_125043743-80x80.jpeg 80w\" sizes=\"auto, (max-width: 150px) 100vw, 150px\" \/><\/a><\/td>\n<td style=\"padding-left: 15px; vertical-align: top;\">\n<h3><span class=\"ez-toc-section\" id=\"2007_Elch\"><\/span>2007: Elch<span class=\"ez-toc-section-end\"><\/span><\/h3>\n<p><strong>Wissenschaftlicher Name:<\/strong> <em>Alces alces<\/em><br \/>\n<strong>Familie:<\/strong> Hirsche<br \/>\n<strong>Ordnung:<\/strong> Paarhufer<br \/>\n<strong>Lebenserwartung:<\/strong> 15 bis 25 Jahre<br \/>\n<strong>Aussehen:<\/strong> Dunkelbraunes Fell, das im Winter dunkler und dichter wird. Charakteristisch ist das gro\u00dfe Schaufelgeweih der M\u00e4nnchen. Elche erreichen Schulterh\u00f6hen von bis zu 2,3 Metern und ein Gewicht zwischen 600 und 800 Kilogramm.<br \/>\n<strong>Vorkommen:<\/strong> Europa, Asien, Nordamerika<br \/>\n<strong>Verbreitung in Deutschland:<\/strong> keine Population, wenn, dann nur gelegentlich wandernde Elche<br \/>\n<strong>Nahrung: <\/strong>Bl\u00e4tter, Zweige, Rinde, Wasserpflanzen<br \/>\n<strong>Feinde:<\/strong> W\u00f6lfe, B\u00e4ren<br \/>\n<strong>Besonderheiten:<\/strong> Der Elch ist der gr\u00f6\u00dfte Vertreter der Hirschfamilie. Das Geweih, das nur M\u00e4nnchen tragen, wird j\u00e4hrlich abgeworfen und w\u00e4chst wieder neu nach. Die Hirsche sind hervorragende Schwimmer und Taucher und k\u00f6nnen unter Wasser Pflanzen fressen. Die Tiere unternehmen saisonale Wanderungen, um Nahrung zu finden und klimatischen Extrembedingungen zu entkommen. Elche sind nicht gef\u00e4hrdet.<\/td>\n<\/tr>\n<\/tbody>\n<\/table>\n<table>\n<tbody>\n<tr>\n<td style=\"width: 150px;\"><a href=\"https:\/\/www.samenhaus.de\/gartenblog\/wp-content\/uploads\/2025\/03\/Wildtier-des-Jahres_249170116-scaled.jpeg\"><img loading=\"lazy\" decoding=\"async\" class=\"alignleft wp-image-20933 size-thumbnail\" src=\"https:\/\/www.samenhaus.de\/gartenblog\/wp-content\/uploads\/2025\/03\/Wildtier-des-Jahres_249170116-150x150.jpeg\" alt=\"Seehund\" width=\"150\" height=\"150\" srcset=\"https:\/\/www.samenhaus.de\/gartenblog\/wp-content\/uploads\/2025\/03\/Wildtier-des-Jahres_249170116-150x150.jpeg 150w, https:\/\/www.samenhaus.de\/gartenblog\/wp-content\/uploads\/2025\/03\/Wildtier-des-Jahres_249170116-80x80.jpeg 80w\" sizes=\"auto, (max-width: 150px) 100vw, 150px\" \/><\/a><\/td>\n<td style=\"padding-left: 15px; vertical-align: top;\">\n<h3><span class=\"ez-toc-section\" id=\"2006_Seehund\"><\/span>2006: Seehund<span class=\"ez-toc-section-end\"><\/span><\/h3>\n<p><strong>Wissenschaftlicher Name:<\/strong> <em>Phoca vitulina<\/em><br \/>\n<strong>Familie:<\/strong> Hundsrobben<br \/>\n<strong>Ordnung:<\/strong> Raubtiere<br \/>\n<strong>Lebenserwartung:<\/strong> 30 bis 35 Jahre<br \/>\n<strong>Aussehen:<\/strong> Grau bis braun gef\u00e4rbtes Fell mit dunklen Flecken. Rundlicher Kopf mit breiter Schnauze, Barthaaren und dunklen Augen. Seehunde erreichen K\u00f6rperl\u00e4ngen von 140 bis 180 Zentimetern und ein Gewicht von 60 bis 150 Kilogramm.<br \/>\n<strong>Vorkommen:<\/strong> K\u00fcstengew\u00e4sser der n\u00f6rdlichen Hemisph\u00e4re, Atlantik, Pazifik, westliche und n\u00f6rdliche Ostsee<br \/>\n<strong>Verbreitung in Deutschland:<\/strong> K\u00fcsten der Nord- und Ostsee<br \/>\n<strong>Nahrung: <\/strong>Fische, Krebstiere, Schnecken, Tintenfische, Muscheln<br \/>\n<strong>Feinde:<\/strong> Schwertwale, Haie<br \/>\n<strong>Besonderheiten:<\/strong> Seehunde k\u00f6nnen bis zu 30 Minuten unter Wasser bleiben. Sie schlafen sogar unter Wasser und lassen sich zum Luftholen nach oben treiben, ohne dabei aufzuwachen. Die Barthaare sind sensible Antennen, die kleinste Bewegungen im Wasser wahrnehmen k\u00f6nnen. Sie erreichen Geschwindigkeiten von bis zu 35 Stundenkilometern. Seehunde sind nicht gef\u00e4hrdet.<\/td>\n<\/tr>\n<\/tbody>\n<\/table>\n<table>\n<tbody>\n<tr>\n<td style=\"width: 150px;\"><a href=\"https:\/\/www.samenhaus.de\/gartenblog\/wp-content\/uploads\/2025\/03\/Wildtier-des-Jahres_1027781120-scaled.jpeg\"><img loading=\"lazy\" decoding=\"async\" class=\"alignleft wp-image-20947 size-thumbnail\" src=\"https:\/\/www.samenhaus.de\/gartenblog\/wp-content\/uploads\/2025\/03\/Wildtier-des-Jahres_1027781120-150x150.jpeg\" alt=\"Braunb\u00e4r\" width=\"150\" height=\"150\" srcset=\"https:\/\/www.samenhaus.de\/gartenblog\/wp-content\/uploads\/2025\/03\/Wildtier-des-Jahres_1027781120-150x150.jpeg 150w, https:\/\/www.samenhaus.de\/gartenblog\/wp-content\/uploads\/2025\/03\/Wildtier-des-Jahres_1027781120-80x80.jpeg 80w\" sizes=\"auto, (max-width: 150px) 100vw, 150px\" \/><\/a><\/td>\n<td style=\"padding-left: 15px; vertical-align: top;\">\n<h3><span class=\"ez-toc-section\" id=\"2005_Braunbaer\"><\/span>2005: Braunb\u00e4r<span class=\"ez-toc-section-end\"><\/span><\/h3>\n<p><strong>Wissenschaftlicher Name:<\/strong> <em>Ursus arctos<\/em><br \/>\n<strong>Familie:<\/strong> B\u00e4ren<br \/>\n<strong>Ordnung:<\/strong> Raubtiere<br \/>\n<strong>Lebenserwartung:<\/strong> 20 bis 30 Jahre<br \/>\n<strong>Aussehen:<\/strong> Dichtes Fell, das sich in verschiedenen Braunt\u00f6nen zeigt, aber auch grau oder schwarz sein kann. Gro\u00dfer, kr\u00e4ftiger K\u00f6rperbau mit massivem Kopf und kleinen, runden Ohren. Braunb\u00e4ren erreichen K\u00f6rperl\u00e4ngen von 2,3 Metern und ein Gewicht von 800 Kilogramm.<br \/>\n<strong>Vorkommen:<\/strong> Europa, Asien, Nordamerika<br \/>\n<strong>Verbreitung in Deutschland:<\/strong> Braunb\u00e4ren sind in Deutschland ausgestorben<br \/>\n<strong>Nahrung: <\/strong>Beeren, N\u00fcsse, Insekten, Fische, kleine S\u00e4ugetiere, Hirsche, Honig aus Bienenst\u00f6cken<br \/>\n<strong>Feinde:<\/strong> Menschen<br \/>\n<strong>Besonderheiten:<\/strong> Braunb\u00e4ren halten Winterruhe und fahren dazu ihren Stoffwechsel herunter. Sie sind sehr anpassungsf\u00e4hig und k\u00f6nnen in verschiedenen Lebensr\u00e4umen \u00fcberleben, von dichten W\u00e4ldern bis hin zu offenen Tundraregionen. Braunb\u00e4ren sind nicht gef\u00e4hrdet.<\/td>\n<\/tr>\n<\/tbody>\n<\/table>\n<table>\n<tbody>\n<tr>\n<td style=\"width: 150px;\"><a href=\"https:\/\/www.samenhaus.de\/gartenblog\/wp-content\/uploads\/2025\/03\/Wildtier-des-Jahres_191793764-scaled.jpeg\"><img loading=\"lazy\" decoding=\"async\" class=\"alignleft wp-image-20927 size-thumbnail\" src=\"https:\/\/www.samenhaus.de\/gartenblog\/wp-content\/uploads\/2025\/03\/Wildtier-des-Jahres_191793764-150x150.jpeg\" alt=\"Siebenschl\u00e4fer\" width=\"150\" height=\"150\" srcset=\"https:\/\/www.samenhaus.de\/gartenblog\/wp-content\/uploads\/2025\/03\/Wildtier-des-Jahres_191793764-150x150.jpeg 150w, https:\/\/www.samenhaus.de\/gartenblog\/wp-content\/uploads\/2025\/03\/Wildtier-des-Jahres_191793764-80x80.jpeg 80w\" sizes=\"auto, (max-width: 150px) 100vw, 150px\" \/><\/a><\/td>\n<td style=\"padding-left: 15px; vertical-align: top;\">\n<h3><span class=\"ez-toc-section\" id=\"2004_Siebenschlaefer\"><\/span>2004: Siebenschl\u00e4fer<span class=\"ez-toc-section-end\"><\/span><\/h3>\n<p><strong>Wissenschaftlicher Name:<\/strong> <em>Glis glis<\/em><br \/>\n<strong>Alternative Namen: <\/strong>Schlafmaus<br \/>\n<strong>Familie:<\/strong> Bilche<br \/>\n<strong>Ordnung:<\/strong> Nagetiere<br \/>\n<strong>Lebenserwartung:<\/strong> 6 bis 9 Jahre<br \/>\n<strong>Aussehen:<\/strong> Graues Fell auf der Oberseite, wei\u00dfliches Fell auf der Unterseite, gro\u00dfe schwarze Augen und runde Ohren sowie buschiger Schwanz. Siebenschl\u00e4fer erreichen K\u00f6rperl\u00e4ngen von 13 bis 18 Zentimetern, der Schwanz wird bis zu 15 Zentimeter lang. Das Gewicht liegt zwischen 70 und 160 Kilogramm.<br \/>\n<strong>Vorkommen:<\/strong> Europa, Westasien<br \/>\n<strong>Verbreitung in Deutschland:<\/strong> s\u00fcdlich der Mittelgebirge, bevorzugt Laub- und Mischw\u00e4lder, Parks, Obstg\u00e4rten<br \/>\n<strong>Nahrung: <\/strong>N\u00fcsse, Samen, Fr\u00fcchte, Bl\u00e4tter, Pilze, Insekten, Vogeleier, kleine V\u00f6gel<br \/>\n<strong>Feinde:<\/strong> Marder, Hauskatzen, Greifv\u00f6gel, Waschb\u00e4ren<br \/>\n<strong>Besonderheiten:<\/strong> Von Oktober bis Mai h\u00e4lt das Tier Winterschlaf. Die Nager sind nachtaktiv und schlafen tags\u00fcber in Baumh\u00f6hlen, Nistk\u00e4sen oder menschlichen Behausungen. Bei Gefahr kann das Nagetier seinen Schwanz abwerfen, der wieder nachw\u00e4chst. Siebenschl\u00e4fer sind aktuell noch ungef\u00e4hrdet.<\/td>\n<\/tr>\n<\/tbody>\n<\/table>\n<table>\n<tbody>\n<tr>\n<td style=\"width: 150px;\"><a href=\"https:\/\/www.samenhaus.de\/gartenblog\/wp-content\/uploads\/2025\/03\/Wildtier-des-Jahres_1105931634-scaled.jpeg\"><img loading=\"lazy\" decoding=\"async\" class=\"alignleft wp-image-20949 size-thumbnail\" src=\"https:\/\/www.samenhaus.de\/gartenblog\/wp-content\/uploads\/2025\/03\/Wildtier-des-Jahres_1105931634-150x150.jpeg\" alt=\"Wolf\" width=\"150\" height=\"150\" srcset=\"https:\/\/www.samenhaus.de\/gartenblog\/wp-content\/uploads\/2025\/03\/Wildtier-des-Jahres_1105931634-150x150.jpeg 150w, https:\/\/www.samenhaus.de\/gartenblog\/wp-content\/uploads\/2025\/03\/Wildtier-des-Jahres_1105931634-80x80.jpeg 80w\" sizes=\"auto, (max-width: 150px) 100vw, 150px\" \/><\/a><\/td>\n<td style=\"padding-left: 15px; vertical-align: top;\">\n<h3><span class=\"ez-toc-section\" id=\"2003_Wolf\"><\/span>2003: Wolf<span class=\"ez-toc-section-end\"><\/span><\/h3>\n<p><strong>Wissenschaftlicher Name:<\/strong> <em>Canis lupus<\/em><br \/>\n<strong>Alternative Namen: <\/strong>Europ\u00e4ischer Grauwolf, Eurasischer Wolf<br \/>\n<strong>Familie:<\/strong> Hunde<br \/>\n<strong>Ordnung:<\/strong> Raubtiere<br \/>\n<strong>Lebenserwartung:<\/strong> 6 bis 8 Jahre<br \/>\n<strong>Aussehen:<\/strong> Verschiedene Fellfarbvariationen, von Gelblich-grau \u00fcber Graubraun und Dunkelgrau bis hin zu Wei\u00df. Kr\u00e4ftiger K\u00f6rperbau, buschiger Schwanz, dreieckige, kleine Ohren. W\u00f6lfe erreichen K\u00f6rperl\u00e4ngen von 100 bis 140 und Schulterh\u00f6hen von 60 bis 90 Zentimetern. Ihr Gewicht variiert zwischen 30 und 50 Kilogramm.<br \/>\n<strong>Vorkommen:<\/strong> Europa, Asien, Nordamerika<br \/>\n<strong>Verbreitung in Deutschland:<\/strong> Nach Ausrottung seit Ende des 20. Jahrhunderts in Deutschland wieder heimisch, besonders in Sachsen und Brandenburg, bevorzugen W\u00e4lder, Grasl\u00e4nder<br \/>\n<strong>Nahrung: <\/strong>Rehe, Hirsche, Wildschweine, Hasen, Nagetiere, Schafe, Ziegen, Aas<br \/>\n<strong>Feinde:<\/strong> Menschen<br \/>\n<strong>Besonderheiten:<\/strong> W\u00f6lfe leben in Rudeln, das aus den Eltern und den Nachkommen besteht. Sie kommunizieren durch Heulen, K\u00f6rpersprache und Ger\u00fcche. W\u00f6lfe sind nicht gef\u00e4hrdet.<\/td>\n<\/tr>\n<\/tbody>\n<\/table>\n<table>\n<tbody>\n<tr>\n<td style=\"width: 150px;\"><\/td>\n<td style=\"padding-left: 15px; vertical-align: top;\">\n<h3><span class=\"ez-toc-section\" id=\"2002_Rotwild\"><\/span>2002: Rotwild<span class=\"ez-toc-section-end\"><\/span><\/h3>\n<p>Das Rotwild war bereits 1994 Wildtier des Jahres \u2013 mehr Infos finden Sie unter diesem Jahr.<\/td>\n<\/tr>\n<\/tbody>\n<\/table>\n<table>\n<tbody>\n<tr>\n<td style=\"width: 150px;\"><a href=\"https:\/\/www.samenhaus.de\/gartenblog\/wp-content\/uploads\/2025\/03\/Wildtier-des-Jahres_184919779-scaled.jpeg\"><img loading=\"lazy\" decoding=\"async\" class=\"alignleft wp-image-20926 size-thumbnail\" src=\"https:\/\/www.samenhaus.de\/gartenblog\/wp-content\/uploads\/2025\/03\/Wildtier-des-Jahres_184919779-150x150.jpeg\" alt=\"Feldhase\" width=\"150\" height=\"150\" srcset=\"https:\/\/www.samenhaus.de\/gartenblog\/wp-content\/uploads\/2025\/03\/Wildtier-des-Jahres_184919779-150x150.jpeg 150w, https:\/\/www.samenhaus.de\/gartenblog\/wp-content\/uploads\/2025\/03\/Wildtier-des-Jahres_184919779-80x80.jpeg 80w\" sizes=\"auto, (max-width: 150px) 100vw, 150px\" \/><\/a><\/td>\n<td style=\"padding-left: 15px; vertical-align: top;\">\n<h3><span class=\"ez-toc-section\" id=\"2001_Feldhase\"><\/span>2001: Feldhase<span class=\"ez-toc-section-end\"><\/span><\/h3>\n<p><strong>Wissenschaftlicher Name:<\/strong> <em>Lepus europaeus<\/em><br \/>\n<strong>Alternative Namen: <\/strong>Hase, Europ\u00e4ischer Feldhase, M\u00fcmmelmann<br \/>\n<strong>Familie:<\/strong> Hasen<br \/>\n<strong>Ordnung:<\/strong> Hasenartige<br \/>\n<strong>Lebenserwartung:<\/strong> bis zu 12 Jahre<br \/>\n<strong>Aussehen:<\/strong> Im Sommer braunes bis rotbraunes, im Winter helleres Fell, cremewei\u00dfe Bauchseite. Gro\u00dfe Ohren mit schwarzem Fleck an der Spitze, der Schwanz ist oben schwarz und unten wei\u00df gef\u00e4rbt. Feldhasen erreichen Gr\u00f6\u00dfen von 40 bis 70 Zentimetern und ein Gewicht zwischen 2,5 und 6,5 Kilogramm.<br \/>\n<strong>Vorkommen:<\/strong> Europa, Asien<br \/>\n<strong>Verbreitung in Deutschland:<\/strong> \u00fcberall in Deutschland, bevorzugt offene und halboffene Landschaften wie Felder, Wiesen, Steppen, lichte W\u00e4lder<br \/>\n<strong>Nahrung: <\/strong>Gr\u00e4ser, Kr\u00e4uter, Rinden, Knospen, Getreide, Raps<br \/>\n<strong>Feinde:<\/strong> F\u00fcchse, Greifv\u00f6gel, Marder, Wildkatzen<br \/>\n<strong>Besonderheiten:<\/strong> Bei Gefahr k\u00f6nnen die Tiere 2 Meter hoch springen und bis zu 70 Stundenkilometer schnell werden. Bei Gefahr dr\u00fccken Sie sich auf den Boden und fl\u00fcchten erst im letzten Moment. Feldhasen sind nicht gef\u00e4hrdet.<\/td>\n<\/tr>\n<\/tbody>\n<\/table>\n<table>\n<tbody>\n<tr>\n<td style=\"width: 150px;\"><a href=\"https:\/\/www.samenhaus.de\/gartenblog\/wp-content\/uploads\/2025\/03\/Wildtier-des-Jahres_465410776-scaled.jpeg\"><img loading=\"lazy\" decoding=\"async\" class=\"alignleft wp-image-20942 size-thumbnail\" src=\"https:\/\/www.samenhaus.de\/gartenblog\/wp-content\/uploads\/2025\/03\/Wildtier-des-Jahres_465410776-150x150.jpeg\" alt=\"\u00c4skulapnatter\" width=\"150\" height=\"150\" srcset=\"https:\/\/www.samenhaus.de\/gartenblog\/wp-content\/uploads\/2025\/03\/Wildtier-des-Jahres_465410776-150x150.jpeg 150w, https:\/\/www.samenhaus.de\/gartenblog\/wp-content\/uploads\/2025\/03\/Wildtier-des-Jahres_465410776-80x80.jpeg 80w\" sizes=\"auto, (max-width: 150px) 100vw, 150px\" \/><\/a><\/td>\n<td style=\"padding-left: 15px; vertical-align: top;\">\n<h3><span class=\"ez-toc-section\" id=\"2000_Aeskulapnatter\"><\/span>2000: \u00c4skulapnatter<span class=\"ez-toc-section-end\"><\/span><\/h3>\n<p><strong>Wissenschaftlicher Name:<\/strong> <em>Zamenis longissimus<\/em><br \/>\n<strong>Familie:<\/strong> Nattern<br \/>\n<strong>Ordnung:<\/strong> Schuppenkriechtiere<br \/>\n<strong>Lebenserwartung:<\/strong> bis zu 25 Jahre<br \/>\n<strong>Aussehen:<\/strong> Graubraune bis olivgr\u00fcne K\u00f6rperf\u00e4rbung und gl\u00e4nzende Oberfl\u00e4che, die Bauchseite ist gelblich-grau bis wei\u00dflich. Leicht abgesetzter Kopf, schlanker, muskul\u00f6ser K\u00f6rper. Die \u00c4skulapnatter kann L\u00e4ngen von bis zu 2 Metern erreichen.<br \/>\n<strong>Vorkommen:<\/strong> Mittel- und S\u00fcdeuropa, Asien, Nordafrika<br \/>\n<strong>Verbreitung in Deutschland:<\/strong> vereinzelt im Neckar-Odenwald-Gebiet, im Donautal, im Taunus und im s\u00fcdlichen Rheingau, bevorzugt warme, sonnige Lebensr\u00e4ume wie trockene Graslandschaften, Heidegebiete, Weinberge und felsige H\u00e4nge<br \/>\n<strong>Nahrung: <\/strong>M\u00e4use, Ratten, Eidechsen, V\u00f6gel, Vogeleier<br \/>\n<strong>Feinde:<\/strong> Greifv\u00f6gel, Marder, Wildschweine, Kr\u00e4hen Igel, Menschen<br \/>\n<strong>Besonderheiten:<\/strong> Die Schlange ist ein ausgezeichneter Kletterer und kann auf B\u00e4umen nach Beute jagen. Sie geh\u00f6rt zu den gr\u00f6\u00dften Schlangen in Europa. Die \u00c4skulapnatter ist in ihrem Bestand bedroht.<\/td>\n<\/tr>\n<\/tbody>\n<\/table>\n<table>\n<tbody>\n<tr>\n<td style=\"width: 150px;\"><a href=\"https:\/\/www.samenhaus.de\/gartenblog\/wp-content\/uploads\/2025\/03\/Wildtier-des-Jahres_1054185595-scaled.jpeg\"><img loading=\"lazy\" decoding=\"async\" class=\"alignleft wp-image-20948 size-thumbnail\" src=\"https:\/\/www.samenhaus.de\/gartenblog\/wp-content\/uploads\/2025\/03\/Wildtier-des-Jahres_1054185595-150x150.jpeg\" alt=\"Fischotter\" width=\"150\" height=\"150\" srcset=\"https:\/\/www.samenhaus.de\/gartenblog\/wp-content\/uploads\/2025\/03\/Wildtier-des-Jahres_1054185595-150x150.jpeg 150w, https:\/\/www.samenhaus.de\/gartenblog\/wp-content\/uploads\/2025\/03\/Wildtier-des-Jahres_1054185595-80x80.jpeg 80w\" sizes=\"auto, (max-width: 150px) 100vw, 150px\" \/><\/a><\/td>\n<td style=\"padding-left: 15px; vertical-align: top;\">\n<h3><span class=\"ez-toc-section\" id=\"1999_Fischotter\"><\/span>1999: Fischotter<span class=\"ez-toc-section-end\"><\/span><\/h3>\n<p><strong>Wissenschaftlicher Name:<\/strong> <em>Lutra lutra<\/em><br \/>\n<strong>Alternative Namen: <\/strong>Flussotter, Landotter, Wassermarder, Flussmarder, Fischmarder<br \/>\n<strong>Familie:<\/strong> Marder<br \/>\n<strong>Ordnung:<\/strong> Raubtiere<br \/>\n<strong>Lebenserwartung:<\/strong> bis zu 13 Jahre<br \/>\n<strong>Aussehen:<\/strong> Dichtes, wasserabweisendes Fell in dunkelbraun, die Bauchseite ist heller. Der K\u00f6rper ist stromlinienf\u00f6rmig mit einem langen, muskul\u00f6sem Schwanz und kurzen, kr\u00e4ftigen Beinen. Augen und Nasenl\u00f6cher sind so positioniert, dass sie beim Schwimmen gerade aus dem Wasser ragen. Fischotter erreichen K\u00f6rperl\u00e4ngen von 50 bis 80 Zentimetern, wobei der Schwanz noch einmal 30 bis 50 Zentimeter ausmacht. Das Gewicht liegt zwischen 5 und 14 Kilogramm.<br \/>\n<strong>Vorkommen:<\/strong> Europa, Nordafrika, Asien<br \/>\n<strong>Verbreitung in Deutschland:<\/strong> Nach Lebensraumzerst\u00f6rung erholen sich die Best\u00e4nde und die Tiere sind vor allem in Gew\u00e4ssern von Brandenburg, Mecklenburg-Vorpommern und Bayern zu finden<br \/>\n<strong>Nahrung: <\/strong>Fische, Fr\u00f6sche, Krebse, Wasserv\u00f6gel, kleine S\u00e4ugetiere, Insekten<br \/>\n<strong>Feinde:<\/strong> Greifv\u00f6gel, W\u00f6lfe, F\u00fcchse, Menschen<br \/>\n<strong>Besonderheiten:<\/strong> Der Fischotter ist die gr\u00f6\u00dfte heimische Marderart. Die Tiere ben\u00f6tigen t\u00e4glich rund 1 Kilogramm Nahrung. Sie k\u00f6nnen bis zu 8 Minuten unter Wasser tauchen und steuern ihre Bewegungen unter Wasser \u00fcberwiegend mit dem Schwanz. Fischotter sind in ihrem Bestand als stark gef\u00e4hrdet eingestuft.<\/td>\n<\/tr>\n<\/tbody>\n<\/table>\n<table>\n<tbody>\n<tr>\n<td style=\"width: 150px;\"><a href=\"https:\/\/www.samenhaus.de\/gartenblog\/wp-content\/uploads\/2025\/03\/Wildtier-des-Jahres_852904511-scaled.jpeg\"><img loading=\"lazy\" decoding=\"async\" class=\"alignleft wp-image-20945 size-thumbnail\" src=\"https:\/\/www.samenhaus.de\/gartenblog\/wp-content\/uploads\/2025\/03\/Wildtier-des-Jahres_852904511-150x150.jpeg\" alt=\"Unke\" width=\"150\" height=\"150\" srcset=\"https:\/\/www.samenhaus.de\/gartenblog\/wp-content\/uploads\/2025\/03\/Wildtier-des-Jahres_852904511-150x150.jpeg 150w, https:\/\/www.samenhaus.de\/gartenblog\/wp-content\/uploads\/2025\/03\/Wildtier-des-Jahres_852904511-80x80.jpeg 80w\" sizes=\"auto, (max-width: 150px) 100vw, 150px\" \/><\/a><\/td>\n<td style=\"padding-left: 15px; vertical-align: top;\">\n<h3><span class=\"ez-toc-section\" id=\"1998_Unke\"><\/span>1998: Unke<span class=\"ez-toc-section-end\"><\/span><\/h3>\n<p><strong>Wissenschaftlicher Name:<\/strong> <em>Bombina<\/em><br \/>\n<strong>Alternative Namen: <\/strong>Feuerkr\u00f6te, Rotbauchunke, Gelbbauchunke<br \/>\n<strong>Familie:<\/strong> Unken<br \/>\n<strong>Ordnung:<\/strong> Froschlurche<br \/>\n<strong>Lebenserwartung:<\/strong> 3 bis 6 Jahre<br \/>\n<strong>Aussehen:<\/strong> Die glatte, feuchte Haut ist an der Oberseite meist grau bis braun, auf der Bauchseite dagegen leuchtend gelb oder rot mit schwarzen Flecken. Die Amphibien haben einen flachen, runden K\u00f6rperbau und besitzen kleine, horizontale Pupillen. Sie werden 4 bis 6 Zentimeter gro\u00df und 20 bis 30 Gramm schwer.<br \/>\n<strong>Vorkommen:<\/strong> Europa, Asien<br \/>\n<strong>Verbreitung in Deutschland:<\/strong> in weiten Teilen Deutschlands, Gelbbauchunken bevorzugen h\u00f6here Lagen und Mittelgebirge, Rotbauchunken Tiefland und Auenlandschaften<br \/>\n<strong>Nahrung: <\/strong>Insekten, Larven, Spinnen, kleine Wirbellose<br \/>\n<strong>Feinde:<\/strong> V\u00f6gel, Schlangen, kleine S\u00e4ugetiere<br \/>\n<strong>Besonderheiten:<\/strong> Unken k\u00f6nnen bei Gefahr ein giftiges Hautsekret absondern und k\u00f6nnen ihren roten bzw. gelben Bauch als Warnung zeigen. Sie laichen im Wasser und legen ihre Eier an Pflanzen oder auf dem Gew\u00e4sserboden ab. Unken sind gef\u00e4hrdet.<\/td>\n<\/tr>\n<\/tbody>\n<\/table>\n<table>\n<tbody>\n<tr>\n<td style=\"width: 150px;\"><a href=\"https:\/\/www.samenhaus.de\/gartenblog\/wp-content\/uploads\/2025\/03\/Wildtier-des-Jahres_252815150-scaled.jpeg\"><img loading=\"lazy\" decoding=\"async\" class=\"alignleft wp-image-20934 size-thumbnail\" src=\"https:\/\/www.samenhaus.de\/gartenblog\/wp-content\/uploads\/2025\/03\/Wildtier-des-Jahres_252815150-150x150.jpeg\" alt=\"Alpensteinbock\" width=\"150\" height=\"150\" srcset=\"https:\/\/www.samenhaus.de\/gartenblog\/wp-content\/uploads\/2025\/03\/Wildtier-des-Jahres_252815150-150x150.jpeg 150w, https:\/\/www.samenhaus.de\/gartenblog\/wp-content\/uploads\/2025\/03\/Wildtier-des-Jahres_252815150-80x80.jpeg 80w\" sizes=\"auto, (max-width: 150px) 100vw, 150px\" \/><\/a><\/td>\n<td style=\"padding-left: 15px; vertical-align: top;\">\n<h3><span class=\"ez-toc-section\" id=\"1997_Alpensteinbock\"><\/span>1997: Alpensteinbock<span class=\"ez-toc-section-end\"><\/span><\/h3>\n<p><strong>Wissenschaftlicher Name:<\/strong> <em>Capra ibex<\/em><br \/>\n<strong>Familie:<\/strong> Horntr\u00e4ger<br \/>\n<strong>Ordnung:<\/strong> Paarhufer<br \/>\n<strong>Lebenserwartung:<\/strong> 10 bis 15 Jahre<br \/>\n<strong>Aussehen:<\/strong> Im Sommer braunes, im Winter graues Fell. Kr\u00e4ftiger, st\u00e4mmiger K\u00f6rper, muskul\u00f6se Beine. Die K\u00f6rperl\u00e4nge liegt zwischen 140 und 160 Zentimetern, die Schulterh\u00f6he bei rund 90 Zentimetern. Sie erreichen ein Gewicht zwischen 30 und 50 (Weibchen) und 70 bis 120 Kilogramm (M\u00e4nnchen)<br \/>\n<strong>Vorkommen:<\/strong> Franz\u00f6sische, Italienische, Schweizer, \u00d6sterreichische, Slowenische und Deutsche Alpen<br \/>\n<strong>Verbreitung in Deutschland:<\/strong> Allg\u00e4uer Alpen, Bayrischzell, Hagengebirge, Graswangtal, Benediktenwand<br \/>\n<strong>Nahrung: <\/strong>Gr\u00e4ser, Kr\u00e4uter, Bl\u00e4tter, Baumtriebe, Flechten, Moose<br \/>\n<strong>Feinde:<\/strong> keine nat\u00fcrlichen Feinde<br \/>\n<strong>Besonderheiten:<\/strong> Alpensteinb\u00f6cke bevorzugen felsige Gebiete oberhalb der Baumgrenze. Sie leben in Herden, die \u00fcberwiegend aus Weibchen und Jungtieren bestehen. Der Alpensteinbock ist ungef\u00e4hrdet.<\/td>\n<\/tr>\n<\/tbody>\n<\/table>\n<table>\n<tbody>\n<tr>\n<td style=\"width: 150px;\"><a href=\"https:\/\/www.samenhaus.de\/gartenblog\/wp-content\/uploads\/2025\/03\/Wildtier-des-Jahres_150196785.jpeg\"><img loading=\"lazy\" decoding=\"async\" class=\"alignleft wp-image-20924 size-thumbnail\" src=\"https:\/\/www.samenhaus.de\/gartenblog\/wp-content\/uploads\/2025\/03\/Wildtier-des-Jahres_150196785-150x150.jpeg\" alt=\"Feldhamster\" width=\"150\" height=\"150\" srcset=\"https:\/\/www.samenhaus.de\/gartenblog\/wp-content\/uploads\/2025\/03\/Wildtier-des-Jahres_150196785-150x150.jpeg 150w, https:\/\/www.samenhaus.de\/gartenblog\/wp-content\/uploads\/2025\/03\/Wildtier-des-Jahres_150196785-80x80.jpeg 80w\" sizes=\"auto, (max-width: 150px) 100vw, 150px\" \/><\/a><\/td>\n<td style=\"padding-left: 15px; vertical-align: top;\">\n<h3><span class=\"ez-toc-section\" id=\"1996_Feldhamster\"><\/span>1996: Feldhamster<span class=\"ez-toc-section-end\"><\/span><\/h3>\n<p><strong>Wissenschaftlicher Name:<\/strong> <em>Cricetus cricetus<\/em><br \/>\n<strong>Familie:<\/strong> W\u00fchler<br \/>\n<strong>Ordnung:<\/strong> Nagetiere<br \/>\n<strong>Lebenserwartung:<\/strong> 2 bis 3 Jahre<br \/>\n<strong>Aussehen:<\/strong> Braunes bis r\u00f6tlich-braunes Fell auf der Oberseite, schwarzes Fell auf der Unterseite. Wei\u00dfe Flecken an Wangen, Brust und Beinen. Kurze, st\u00e4mmige Beine, gro\u00dfe Augen und dehnbare Backentaschen. Die K\u00f6rperl\u00e4nge betr\u00e4gt 20 bis 35 Zentimeter, das Gewicht liegt zwischen 150 und 500 Gramm.<br \/>\n<strong>Vorkommen:<\/strong> Europa, Asien<br \/>\n<strong>Verbreitung in Deutschland:<\/strong> in den Bundesl\u00e4ndern Sachsen-Anhalt, Th\u00fcringen, Bayern, Hessen, Niedersachsen, Baden-W\u00fcrttemberg und Rheinland-Pfalz, bevorzugt tiefgr\u00fcndige, gut grabbare B\u00f6den in offenen Landschaften wie Feldern und Wiesen<br \/>\n<strong>Nahrung: <\/strong>Feldfr\u00fcchte, Gr\u00e4ser, Kr\u00e4uter, Insekten, W\u00fcrmer, kleine Wirbeltiere<br \/>\n<strong>Feinde:<\/strong> Greifv\u00f6gel, F\u00fcchse, Wiesel<br \/>\n<strong>Besonderheiten:<\/strong> Sie bauen unterirdische Kammern, die bis zu 2 Meter tief sein k\u00f6nnen und als Schlaf-, Vorrats- und Kotkammern dienen. Von Oktober bis M\u00e4rz halten sie Winterschlaf. Feldhamster gelten als stark gef\u00e4hrdet.<\/td>\n<\/tr>\n<\/tbody>\n<\/table>\n<table>\n<tbody>\n<tr>\n<td style=\"width: 150px;\"><a href=\"https:\/\/www.samenhaus.de\/gartenblog\/wp-content\/uploads\/2025\/03\/Wildtier-des-Jahres_474348479-scaled.jpeg\"><img loading=\"lazy\" decoding=\"async\" class=\"alignleft wp-image-20944 size-thumbnail\" src=\"https:\/\/www.samenhaus.de\/gartenblog\/wp-content\/uploads\/2025\/03\/Wildtier-des-Jahres_474348479-150x150.jpeg\" alt=\"Apollofalter\" width=\"150\" height=\"150\" srcset=\"https:\/\/www.samenhaus.de\/gartenblog\/wp-content\/uploads\/2025\/03\/Wildtier-des-Jahres_474348479-150x150.jpeg 150w, https:\/\/www.samenhaus.de\/gartenblog\/wp-content\/uploads\/2025\/03\/Wildtier-des-Jahres_474348479-80x80.jpeg 80w\" sizes=\"auto, (max-width: 150px) 100vw, 150px\" \/><\/a><\/td>\n<td style=\"padding-left: 15px; vertical-align: top;\">\n<h3><span class=\"ez-toc-section\" id=\"1995_Apollofalter\"><\/span>1995: Apollofalter<span class=\"ez-toc-section-end\"><\/span><\/h3>\n<p><strong>Wissenschaftlicher Name:<\/strong> <em>Parnassius apollo<\/em><br \/>\n<strong>Familie:<\/strong> Ritterfalter<br \/>\n<strong>Ordnung:<\/strong> Schmetterlinge<br \/>\n<strong>Lebenserwartung:<\/strong> 2 bis 3 Wochen<br \/>\n<strong>Aussehen:<\/strong> Wei\u00dfer bis grauwei\u00dfer Grundton mit schwarzen Flecken und charakteristischen roten Augenflecken auf den Hinterfl\u00fcgeln. Die Fl\u00fcgelspannweite liegt zwischen 55 und 85 Millimetern.<br \/>\n<strong>Vorkommen:<\/strong> Europa<br \/>\n<strong>Verbreitung in Deutschland:<\/strong> haupts\u00e4chlich in den Alpen, der Schw\u00e4bischen Alb, der Frankenalb und an der Mosel<br \/>\n<strong>Nahrung: <\/strong>Wei\u00dfe Fetthenne (Raupen), Disteln, Flockenblume, Oregano (Schmetterlinge)<br \/>\n<strong>Feinde:<\/strong> V\u00f6gel, Eidechsen<br \/>\n<strong>Besonderheiten:<\/strong> Die Raupen \u00fcberwintern und verpuppen sich im n\u00e4chsten Fr\u00fchjahr. Die Schmetterlinge sind standorttreu und leben oft in isolierten Populationen. Der Apollofalter ist gef\u00e4hrdet.<\/td>\n<\/tr>\n<\/tbody>\n<\/table>\n<table>\n<tbody>\n<tr>\n<td style=\"width: 150px;\"><img loading=\"lazy\" decoding=\"async\" class=\"alignleft wp-image-20928 size-thumbnail\" src=\"https:\/\/www.samenhaus.de\/gartenblog\/wp-content\/uploads\/2025\/03\/Wildtier-des-Jahres_204312480-150x150.jpeg\" alt=\"Rotwild\" width=\"150\" height=\"150\" srcset=\"https:\/\/www.samenhaus.de\/gartenblog\/wp-content\/uploads\/2025\/03\/Wildtier-des-Jahres_204312480-150x150.jpeg 150w, https:\/\/www.samenhaus.de\/gartenblog\/wp-content\/uploads\/2025\/03\/Wildtier-des-Jahres_204312480-80x80.jpeg 80w\" sizes=\"auto, (max-width: 150px) 100vw, 150px\" \/><\/td>\n<td style=\"padding-left: 15px; vertical-align: top;\">\n<h3><span class=\"ez-toc-section\" id=\"1994_Rotwild\"><\/span>1994: Rotwild<span class=\"ez-toc-section-end\"><\/span><\/h3>\n<p><strong>Wissenschaftlicher Name:<\/strong> <em>Cervus elaphus<\/em><br \/>\n<strong>Familie:<\/strong> Hirsche<br \/>\n<strong>Ordnung:<\/strong> Paarhufer<br \/>\n<strong>Lebenserwartung:<\/strong> bis zu 15 Jahre<br \/>\n<strong>Aussehen:<\/strong> Im Sommer rotbraunes, im Winter graubraunes Fell. M\u00e4nnchen haben ein Geweih, das j\u00e4hrlich abgeworfen wird und sich neu bildet. Hirsche erreichen eine Schulterh\u00f6he von 150 Zentimetern und ein Gewicht von bis zu 300 Kilogramm, Hirschk\u00fche werden 120 Zentimeter gro\u00df und 100 bis 150 Kilogramm schwer.<br \/>\n<strong>Vorkommen:<\/strong> Europa, Asien, Nordafrika<br \/>\n<strong>Verbreitung in Deutschland:<\/strong> \u00fcberall in Deutschland, bevorzugt W\u00e4lder, Mittelgebirge, Tiefland<br \/>\n<strong>Nahrung: <\/strong>Gr\u00e4ser, Kr\u00e4uter, Bl\u00e4tter, Rinde, junge Triebe, Flechten<br \/>\n<strong>Feinde:<\/strong> W\u00f6lfe, Luchse, B\u00e4ren<br \/>\n<strong>Besonderheiten:<\/strong> Dominante M\u00e4nnchen f\u00fchren das in Herden lebende Rotwild an. Die Brunft ist im Herbst, w\u00e4hrend dieser Zeit k\u00e4mpfen Hirsche mit ihren Geweihen um die Weibchen. Rotwild ist nicht gef\u00e4hrdet.<\/td>\n<\/tr>\n<\/tbody>\n<\/table>\n<table>\n<tbody>\n<tr>\n<td style=\"width: 150px;\"><a href=\"https:\/\/www.samenhaus.de\/gartenblog\/wp-content\/uploads\/2025\/03\/Wildtier-des-Jahres_345647768-scaled.jpeg\"><img loading=\"lazy\" decoding=\"async\" class=\"alignleft wp-image-20939 size-thumbnail\" src=\"https:\/\/www.samenhaus.de\/gartenblog\/wp-content\/uploads\/2025\/03\/Wildtier-des-Jahres_345647768-150x150.jpeg\" alt=\"Wildkatze\" width=\"150\" height=\"150\" srcset=\"https:\/\/www.samenhaus.de\/gartenblog\/wp-content\/uploads\/2025\/03\/Wildtier-des-Jahres_345647768-150x150.jpeg 150w, https:\/\/www.samenhaus.de\/gartenblog\/wp-content\/uploads\/2025\/03\/Wildtier-des-Jahres_345647768-80x80.jpeg 80w\" sizes=\"auto, (max-width: 150px) 100vw, 150px\" \/><\/a><\/td>\n<td style=\"padding-left: 15px; vertical-align: top;\">\n<h3><span class=\"ez-toc-section\" id=\"1993_Wildkatze\"><\/span>1993: Wildkatze<span class=\"ez-toc-section-end\"><\/span><\/h3>\n<p><strong>Wissenschaftlicher Name:<\/strong> <em>Felis silvestris<\/em> (Europ\u00e4ische Wildkatze), <em>Felsi lybica lybica<\/em> (afrikanische Wildkatze), <em>Felis lybica ornata<\/em> (asiatische Wildkatze)<br \/>\n<strong>Familie:<\/strong> Katzen<br \/>\n<strong>Ordnung:<\/strong> Raubtiere<br \/>\n<strong>Lebenserwartung:<\/strong> 6 bis 10 Jahre<br \/>\n<strong>Aussehen:<\/strong> Graubraunes bis gelbliches Fell mit unauff\u00e4lligen Streifen, asiatische Wildkatzen besitzen statt Streifen Punkte, afrikanische Wildkatzen sind heller gef\u00e4rbt. Die K\u00f6rpergr\u00f6\u00dfe liegt zwischen 45 und 80 Zentimetern, die Schwanzl\u00e4nge bei 25 bis 35 Zentimetern, die Schulterh\u00f6he bei 25 bis 35 Zentimetern. Sie erreichen ein Gewicht von 2,5 bis 7 Kilogramm<br \/>\n<strong>Vorkommen:<\/strong> Europa, Asien, Nordafrika<br \/>\n<strong>Verbreitung in Deutschland:<\/strong> Mittelgebirge wie Hunsr\u00fcck, Pf\u00e4lzerwald, Harz, Th\u00fcringer Wald, Bayerischer Wald<br \/>\n<strong>Nahrung: <\/strong>M\u00e4use, Ratten, V\u00f6gel, Insekten, Reptilien, Kaninchen<br \/>\n<strong>Feinde:<\/strong> F\u00fcchse, Luchse, Menschen<br \/>\n<strong>Besonderheiten:<\/strong> Scheue, nachtaktive Tiere, die sich mit Hauskatzen paaren k\u00f6nnen und so zu einer Hybridisierung f\u00fchren. Wildkatzen sind nicht gef\u00e4hrdet.<\/td>\n<\/tr>\n<\/tbody>\n<\/table>\n<table>\n<tbody>\n<tr>\n<td style=\"width: 150px;\"><a href=\"https:\/\/www.samenhaus.de\/gartenblog\/wp-content\/uploads\/2025\/03\/Wildtier-des-Jahres_334934909-scaled.jpeg\"><img loading=\"lazy\" decoding=\"async\" class=\"alignleft wp-image-20938 size-thumbnail\" src=\"https:\/\/www.samenhaus.de\/gartenblog\/wp-content\/uploads\/2025\/03\/Wildtier-des-Jahres_334934909-150x150.jpeg\" alt=\"Fledermaus\" width=\"150\" height=\"150\" srcset=\"https:\/\/www.samenhaus.de\/gartenblog\/wp-content\/uploads\/2025\/03\/Wildtier-des-Jahres_334934909-150x150.jpeg 150w, https:\/\/www.samenhaus.de\/gartenblog\/wp-content\/uploads\/2025\/03\/Wildtier-des-Jahres_334934909-80x80.jpeg 80w\" sizes=\"auto, (max-width: 150px) 100vw, 150px\" \/><\/a><\/td>\n<td style=\"padding-left: 15px; vertical-align: top;\">\n<h3><span class=\"ez-toc-section\" id=\"1992_Fledermaus\"><\/span>1992: Fledermaus<span class=\"ez-toc-section-end\"><\/span><\/h3>\n<p><strong>Wissenschaftlicher Name:<\/strong> <em>Microchiroptera<\/em><br \/>\n<strong>Familie:<\/strong> Flughunde, Echte Flederm\u00e4use<br \/>\n<strong>Ordnung:<\/strong> Fledertiere<br \/>\n<strong>Lebenserwartung:<\/strong> 5 bis 30 Jahre<br \/>\n<strong>Aussehen:<\/strong> Variiert je nach Art, meist schwarz oder dunkelbraunes Fell, kleines, pelziges Gesicht, gro\u00dfe Ohren spitze Z\u00e4hne. Flugf\u00e4hige S\u00e4ugetiere mit Flugh\u00e4uten zwischen den verl\u00e4ngerten Fingern.<br \/>\n<strong>Vorkommen:<\/strong> weltweit, au\u00dfer in der Arktis und der Antarktis<br \/>\n<strong>Verbreitung in Deutschland:<\/strong> \u00fcberall in Deutschland<br \/>\n<strong>Nahrung: <\/strong>Insekten, manche Fledermausarten fressen auch Fr\u00fcchte, Nektar und Blut<br \/>\n<strong>Feinde:<\/strong> Raubv\u00f6gel, Schlangen, Hauskatzen, Menschen<br \/>\n<strong>Besonderheiten:<\/strong> Flederm\u00e4use sind die einzigen S\u00e4ugetiere, die fliegen k\u00f6nnen. Sie nutzen zur Orientierung und zur Jagd die Echoortung. In Deutschland leben etwa 25 verschiedene Arten. Flederm\u00e4use sind nicht gef\u00e4hrdet.<\/td>\n<\/tr>\n<\/tbody>\n<\/table>\n","protected":false},"excerpt":{"rendered":"<p>Seit 1992 wird einmal im Jahr das Wildtier des Jahres gew\u00e4hlt. Einige davon k\u00f6nnten durchaus mal in Ihrem Garten vorbeischauen, andere ersp\u00e4hen Sie vielleicht mal beim Spaziergang \u2013 wenn man auch nicht jedem Tier unbedingt in freier Wildbahn begegnen m\u00f6chte \u2013 und wieder andere kennt man wom\u00f6glich aus dem Zoo. Gew\u00e4hlt wird das Wildtier des Jahres von den F\u00f6rderern der Deutschen Wildtier Stiftung, Initiator war einst die nicht mehr existierende Schutzgemeinschaft Deutsches Wild. Es gibt unterschiedliche Kriterien, wie die Tiere ausgew\u00e4hlt werden, darunter die Gef\u00e4hrdung der Tierart oder auch des Lebensraums. Das Wildtier des Jahres wird dann durch Info- und Schutzkampagnen vorgestellt. Wildtier des Jahres \u2013 die Preistr\u00e4ger 2024: Braunbrustigel Der Braunbrustigel war bereits 2009 Wildtier des Jahres \u2013 mehr Infos finden Sie unter diesem Jahr. 2023: Gartenschl\u00e4fer Wissenschaftlicher Name: Eliomys quercinus Alternative Namen: Schlafmaus, Zorro-Schl\u00e4fer Familie: Bilche Ordnung: Nagetiere Lebenserwartung: 3 bis 4 Jahre Aussehen: Graues bis rotbraunes R\u00fcckenfell, wei\u00dfes Bauchfell, auff\u00e4llige schwarze Gesichtszeichnung, die \u00fcber den Augen verl\u00e4uft und wie eine Zorro-Maske aussieht, zweifarbiger, buschiger Schwanz. Der Gartenschl\u00e4fer erreicht Gr\u00f6\u00dfen von 10 bis 17 Zentimetern, der Schwanz ist 8 bis 15 Zentimeter lang, sein K\u00f6rpergewicht liegt zwischen 50 und 140 Gramm. Vorkommen: Europa, Westasien, Nordafrika Verbreitung in Deutschland: [&hellip;]<\/p>\n","protected":false},"author":13,"featured_media":20946,"comment_status":"open","ping_status":"open","sticky":false,"template":"","format":"standard","meta":{"_acf_changed":false,"footnotes":""},"categories":[1],"tags":[],"hersteller":[],"class_list":["post-19686","post","type-post","status-publish","format-standard","has-post-thumbnail","hentry","category-allgemein"],"acf":[],"yoast_head":"<!-- This site is optimized with the Yoast SEO plugin v27.4 - https:\/\/yoast.com\/product\/yoast-seo-wordpress\/ -->\n<title>Wildtier des Jahres \u2013 von \u00c4skulapnatter bis Gartenschl\u00e4fer - Samenhaus Gartenblog<\/title>\n<meta name=\"description\" content=\"Das Wildtier des Jahres - seit 1992 wird j\u00e4hrlich ein Wildtier gekr\u00f6nt. Welche Tiere bisher die Krone tragen durften, erfahren Sie in unserem Beitrag.\" \/>\n<meta name=\"robots\" content=\"index, follow, max-snippet:-1, max-image-preview:large, max-video-preview:-1\" \/>\n<link rel=\"canonical\" href=\"https:\/\/www.samenhaus.de\/gartenblog\/wildtier-des-jahres-von-aeskulapnatter-bis-gartenschlaefer\" \/>\n<meta property=\"og:locale\" content=\"de_DE\" \/>\n<meta property=\"og:type\" content=\"article\" \/>\n<meta property=\"og:title\" content=\"Wildtier des Jahres \u2013 von \u00c4skulapnatter bis Gartenschl\u00e4fer - Samenhaus Gartenblog\" \/>\n<meta property=\"og:description\" content=\"Das Wildtier des Jahres - seit 1992 wird j\u00e4hrlich ein Wildtier gekr\u00f6nt. Welche Tiere bisher die Krone tragen durften, erfahren Sie in unserem Beitrag.\" \/>\n<meta property=\"og:url\" content=\"https:\/\/www.samenhaus.de\/gartenblog\/wildtier-des-jahres-von-aeskulapnatter-bis-gartenschlaefer\" \/>\n<meta property=\"og:site_name\" content=\"Samenhaus Gartenblog\" \/>\n<meta property=\"article:publisher\" content=\"https:\/\/de-de.facebook.com\/samenhaus\" \/>\n<meta property=\"article:published_time\" content=\"2025-03-15T08:00:00+00:00\" \/>\n<meta property=\"article:modified_time\" content=\"2025-03-18T12:07:28+00:00\" \/>\n<meta property=\"og:image\" content=\"https:\/\/www.samenhaus.de\/gartenblog\/wp-content\/uploads\/2025\/03\/Wildtier-des-Jahres_971266107.jpg\" \/>\n\t<meta property=\"og:image:width\" content=\"1000\" \/>\n\t<meta property=\"og:image:height\" content=\"563\" \/>\n\t<meta property=\"og:image:type\" content=\"image\/jpeg\" \/>\n<meta name=\"author\" content=\"Holger\" \/>\n<meta name=\"twitter:card\" content=\"summary_large_image\" \/>\n<meta name=\"twitter:creator\" content=\"@samenhaus\" \/>\n<meta name=\"twitter:site\" content=\"@samenhaus\" \/>\n<meta name=\"twitter:label1\" content=\"Verfasst von\" \/>\n\t<meta name=\"twitter:data1\" content=\"Holger\" \/>\n\t<meta name=\"twitter:label2\" content=\"Gesch\u00e4tzte Lesezeit\" \/>\n\t<meta name=\"twitter:data2\" content=\"26\u00a0Minuten\" \/>\n<script type=\"application\/ld+json\" class=\"yoast-schema-graph\">{\"@context\":\"https:\\\/\\\/schema.org\",\"@graph\":[{\"@type\":\"Article\",\"@id\":\"https:\\\/\\\/www.samenhaus.de\\\/gartenblog\\\/wildtier-des-jahres-von-aeskulapnatter-bis-gartenschlaefer#article\",\"isPartOf\":{\"@id\":\"https:\\\/\\\/www.samenhaus.de\\\/gartenblog\\\/wildtier-des-jahres-von-aeskulapnatter-bis-gartenschlaefer\"},\"author\":{\"name\":\"Holger\",\"@id\":\"https:\\\/\\\/www.samenhaus.de\\\/gartenblog\\\/#\\\/schema\\\/person\\\/de169769587431893823f62b2ce06c04\"},\"headline\":\"Wildtier des Jahres \u2013 von \u00c4skulapnatter bis Gartenschl\u00e4fer\",\"datePublished\":\"2025-03-15T08:00:00+00:00\",\"dateModified\":\"2025-03-18T12:07:28+00:00\",\"mainEntityOfPage\":{\"@id\":\"https:\\\/\\\/www.samenhaus.de\\\/gartenblog\\\/wildtier-des-jahres-von-aeskulapnatter-bis-gartenschlaefer\"},\"wordCount\":3778,\"commentCount\":0,\"publisher\":{\"@id\":\"https:\\\/\\\/www.samenhaus.de\\\/gartenblog\\\/#organization\"},\"image\":{\"@id\":\"https:\\\/\\\/www.samenhaus.de\\\/gartenblog\\\/wildtier-des-jahres-von-aeskulapnatter-bis-gartenschlaefer#primaryimage\"},\"thumbnailUrl\":\"https:\\\/\\\/www.samenhaus.de\\\/gartenblog\\\/wp-content\\\/uploads\\\/2025\\\/03\\\/Wildtier-des-Jahres_971266107.jpg\",\"inLanguage\":\"de\",\"potentialAction\":[{\"@type\":\"CommentAction\",\"name\":\"Comment\",\"target\":[\"https:\\\/\\\/www.samenhaus.de\\\/gartenblog\\\/wildtier-des-jahres-von-aeskulapnatter-bis-gartenschlaefer#respond\"]}],\"copyrightYear\":\"2025\",\"copyrightHolder\":{\"@id\":\"https:\\\/\\\/www.samenhaus.de\\\/gartenblog\\\/#organization\"}},{\"@type\":\"WebPage\",\"@id\":\"https:\\\/\\\/www.samenhaus.de\\\/gartenblog\\\/wildtier-des-jahres-von-aeskulapnatter-bis-gartenschlaefer\",\"url\":\"https:\\\/\\\/www.samenhaus.de\\\/gartenblog\\\/wildtier-des-jahres-von-aeskulapnatter-bis-gartenschlaefer\",\"name\":\"Wildtier des Jahres \u2013 von \u00c4skulapnatter bis Gartenschl\u00e4fer - Samenhaus Gartenblog\",\"isPartOf\":{\"@id\":\"https:\\\/\\\/www.samenhaus.de\\\/gartenblog\\\/#website\"},\"primaryImageOfPage\":{\"@id\":\"https:\\\/\\\/www.samenhaus.de\\\/gartenblog\\\/wildtier-des-jahres-von-aeskulapnatter-bis-gartenschlaefer#primaryimage\"},\"image\":{\"@id\":\"https:\\\/\\\/www.samenhaus.de\\\/gartenblog\\\/wildtier-des-jahres-von-aeskulapnatter-bis-gartenschlaefer#primaryimage\"},\"thumbnailUrl\":\"https:\\\/\\\/www.samenhaus.de\\\/gartenblog\\\/wp-content\\\/uploads\\\/2025\\\/03\\\/Wildtier-des-Jahres_971266107.jpg\",\"datePublished\":\"2025-03-15T08:00:00+00:00\",\"dateModified\":\"2025-03-18T12:07:28+00:00\",\"description\":\"Das Wildtier des Jahres - seit 1992 wird j\u00e4hrlich ein Wildtier gekr\u00f6nt. Welche Tiere bisher die Krone tragen durften, erfahren Sie in unserem Beitrag.\",\"breadcrumb\":{\"@id\":\"https:\\\/\\\/www.samenhaus.de\\\/gartenblog\\\/wildtier-des-jahres-von-aeskulapnatter-bis-gartenschlaefer#breadcrumb\"},\"inLanguage\":\"de\",\"potentialAction\":[{\"@type\":\"ReadAction\",\"target\":[\"https:\\\/\\\/www.samenhaus.de\\\/gartenblog\\\/wildtier-des-jahres-von-aeskulapnatter-bis-gartenschlaefer\"]}]},{\"@type\":\"ImageObject\",\"inLanguage\":\"de\",\"@id\":\"https:\\\/\\\/www.samenhaus.de\\\/gartenblog\\\/wildtier-des-jahres-von-aeskulapnatter-bis-gartenschlaefer#primaryimage\",\"url\":\"https:\\\/\\\/www.samenhaus.de\\\/gartenblog\\\/wp-content\\\/uploads\\\/2025\\\/03\\\/Wildtier-des-Jahres_971266107.jpg\",\"contentUrl\":\"https:\\\/\\\/www.samenhaus.de\\\/gartenblog\\\/wp-content\\\/uploads\\\/2025\\\/03\\\/Wildtier-des-Jahres_971266107.jpg\",\"width\":1000,\"height\":563,\"caption\":\"Igel\"},{\"@type\":\"BreadcrumbList\",\"@id\":\"https:\\\/\\\/www.samenhaus.de\\\/gartenblog\\\/wildtier-des-jahres-von-aeskulapnatter-bis-gartenschlaefer#breadcrumb\",\"itemListElement\":[{\"@type\":\"ListItem\",\"position\":1,\"name\":\"Startseite\",\"item\":\"https:\\\/\\\/www.samenhaus.de\\\/gartenblog\\\/\"},{\"@type\":\"ListItem\",\"position\":2,\"name\":\"Wildtier des Jahres \u2013 von \u00c4skulapnatter bis Gartenschl\u00e4fer\"}]},{\"@type\":\"WebSite\",\"@id\":\"https:\\\/\\\/www.samenhaus.de\\\/gartenblog\\\/#website\",\"url\":\"https:\\\/\\\/www.samenhaus.de\\\/gartenblog\\\/\",\"name\":\"Samenhaus Gartenblog\",\"description\":\"\",\"publisher\":{\"@id\":\"https:\\\/\\\/www.samenhaus.de\\\/gartenblog\\\/#organization\"},\"potentialAction\":[{\"@type\":\"SearchAction\",\"target\":{\"@type\":\"EntryPoint\",\"urlTemplate\":\"https:\\\/\\\/www.samenhaus.de\\\/gartenblog\\\/?s={search_term_string}\"},\"query-input\":{\"@type\":\"PropertyValueSpecification\",\"valueRequired\":true,\"valueName\":\"search_term_string\"}}],\"inLanguage\":\"de\"},{\"@type\":\"Organization\",\"@id\":\"https:\\\/\\\/www.samenhaus.de\\\/gartenblog\\\/#organization\",\"name\":\"Samenhaus.de Gartenblog\",\"url\":\"https:\\\/\\\/www.samenhaus.de\\\/gartenblog\\\/\",\"logo\":{\"@type\":\"ImageObject\",\"inLanguage\":\"de\",\"@id\":\"https:\\\/\\\/www.samenhaus.de\\\/gartenblog\\\/#\\\/schema\\\/logo\\\/image\\\/\",\"url\":\"https:\\\/\\\/www.samenhaus.de\\\/gartenblog\\\/wp-content\\\/uploads\\\/2020\\\/11\\\/logo.svg\",\"contentUrl\":\"https:\\\/\\\/www.samenhaus.de\\\/gartenblog\\\/wp-content\\\/uploads\\\/2020\\\/11\\\/logo.svg\",\"width\":1,\"height\":1,\"caption\":\"Samenhaus.de Gartenblog\"},\"image\":{\"@id\":\"https:\\\/\\\/www.samenhaus.de\\\/gartenblog\\\/#\\\/schema\\\/logo\\\/image\\\/\"},\"sameAs\":[\"https:\\\/\\\/de-de.facebook.com\\\/samenhaus\",\"https:\\\/\\\/x.com\\\/samenhaus\"]},{\"@type\":\"Person\",\"@id\":\"https:\\\/\\\/www.samenhaus.de\\\/gartenblog\\\/#\\\/schema\\\/person\\\/de169769587431893823f62b2ce06c04\",\"name\":\"Holger\",\"image\":{\"@type\":\"ImageObject\",\"inLanguage\":\"de\",\"@id\":\"https:\\\/\\\/www.samenhaus.de\\\/gartenblog\\\/wp-content\\\/uploads\\\/2026\\\/03\\\/Holger-150x150.png\",\"url\":\"https:\\\/\\\/www.samenhaus.de\\\/gartenblog\\\/wp-content\\\/uploads\\\/2026\\\/03\\\/Holger-150x150.png\",\"contentUrl\":\"https:\\\/\\\/www.samenhaus.de\\\/gartenblog\\\/wp-content\\\/uploads\\\/2026\\\/03\\\/Holger-150x150.png\",\"caption\":\"Holger\"},\"description\":\"6.000.000 W\u00f6rter \u2013 so viel k\u00f6nnen Sie in etwa von mir online lesen. Das F\u00fcllen des Internets entwickelte sich nach meiner Ausbildung zum TV-Redakteur und der langj\u00e4hrigen Arbeit bei SAT.1 zu einem Fulltime-Job. Trotzdem finde ich noch gen\u00fcgend Zeit, um in meinem Garten zu werkeln. Eine Staude hier, ein Bl\u00fcmchen dort und ein bisschen Gem\u00fcse darf auch nicht fehlen \u2013 einen Schnitzelbaum gibt es ja noch nicht \u2026 Die besten geistigen Erg\u00fcsse habe ich \u00fcbrigens, wenn ich IM Garten \u00dcBER den Garten schreiben kann. So vereinen sich Beruf und Hobby perfekt \u2013 was gibt es Sch\u00f6neres?\",\"url\":\"https:\\\/\\\/www.samenhaus.de\\\/gartenblog\\\/author\\\/holger\"}]}<\/script>\n<!-- \/ Yoast SEO plugin. -->","yoast_head_json":{"title":"Wildtier des Jahres \u2013 von \u00c4skulapnatter bis Gartenschl\u00e4fer - Samenhaus Gartenblog","description":"Das Wildtier des Jahres - seit 1992 wird j\u00e4hrlich ein Wildtier gekr\u00f6nt. Welche Tiere bisher die Krone tragen durften, erfahren Sie in unserem Beitrag.","robots":{"index":"index","follow":"follow","max-snippet":"max-snippet:-1","max-image-preview":"max-image-preview:large","max-video-preview":"max-video-preview:-1"},"canonical":"https:\/\/www.samenhaus.de\/gartenblog\/wildtier-des-jahres-von-aeskulapnatter-bis-gartenschlaefer","og_locale":"de_DE","og_type":"article","og_title":"Wildtier des Jahres \u2013 von \u00c4skulapnatter bis Gartenschl\u00e4fer - Samenhaus Gartenblog","og_description":"Das Wildtier des Jahres - seit 1992 wird j\u00e4hrlich ein Wildtier gekr\u00f6nt. Welche Tiere bisher die Krone tragen durften, erfahren Sie in unserem Beitrag.","og_url":"https:\/\/www.samenhaus.de\/gartenblog\/wildtier-des-jahres-von-aeskulapnatter-bis-gartenschlaefer","og_site_name":"Samenhaus Gartenblog","article_publisher":"https:\/\/de-de.facebook.com\/samenhaus","article_published_time":"2025-03-15T08:00:00+00:00","article_modified_time":"2025-03-18T12:07:28+00:00","og_image":[{"width":1000,"height":563,"url":"https:\/\/www.samenhaus.de\/gartenblog\/wp-content\/uploads\/2025\/03\/Wildtier-des-Jahres_971266107.jpg","type":"image\/jpeg"}],"author":"Holger","twitter_card":"summary_large_image","twitter_creator":"@samenhaus","twitter_site":"@samenhaus","twitter_misc":{"Verfasst von":"Holger","Gesch\u00e4tzte Lesezeit":"26\u00a0Minuten"},"schema":{"@context":"https:\/\/schema.org","@graph":[{"@type":"Article","@id":"https:\/\/www.samenhaus.de\/gartenblog\/wildtier-des-jahres-von-aeskulapnatter-bis-gartenschlaefer#article","isPartOf":{"@id":"https:\/\/www.samenhaus.de\/gartenblog\/wildtier-des-jahres-von-aeskulapnatter-bis-gartenschlaefer"},"author":{"name":"Holger","@id":"https:\/\/www.samenhaus.de\/gartenblog\/#\/schema\/person\/de169769587431893823f62b2ce06c04"},"headline":"Wildtier des Jahres \u2013 von \u00c4skulapnatter bis Gartenschl\u00e4fer","datePublished":"2025-03-15T08:00:00+00:00","dateModified":"2025-03-18T12:07:28+00:00","mainEntityOfPage":{"@id":"https:\/\/www.samenhaus.de\/gartenblog\/wildtier-des-jahres-von-aeskulapnatter-bis-gartenschlaefer"},"wordCount":3778,"commentCount":0,"publisher":{"@id":"https:\/\/www.samenhaus.de\/gartenblog\/#organization"},"image":{"@id":"https:\/\/www.samenhaus.de\/gartenblog\/wildtier-des-jahres-von-aeskulapnatter-bis-gartenschlaefer#primaryimage"},"thumbnailUrl":"https:\/\/www.samenhaus.de\/gartenblog\/wp-content\/uploads\/2025\/03\/Wildtier-des-Jahres_971266107.jpg","inLanguage":"de","potentialAction":[{"@type":"CommentAction","name":"Comment","target":["https:\/\/www.samenhaus.de\/gartenblog\/wildtier-des-jahres-von-aeskulapnatter-bis-gartenschlaefer#respond"]}],"copyrightYear":"2025","copyrightHolder":{"@id":"https:\/\/www.samenhaus.de\/gartenblog\/#organization"}},{"@type":"WebPage","@id":"https:\/\/www.samenhaus.de\/gartenblog\/wildtier-des-jahres-von-aeskulapnatter-bis-gartenschlaefer","url":"https:\/\/www.samenhaus.de\/gartenblog\/wildtier-des-jahres-von-aeskulapnatter-bis-gartenschlaefer","name":"Wildtier des Jahres \u2013 von \u00c4skulapnatter bis Gartenschl\u00e4fer - Samenhaus Gartenblog","isPartOf":{"@id":"https:\/\/www.samenhaus.de\/gartenblog\/#website"},"primaryImageOfPage":{"@id":"https:\/\/www.samenhaus.de\/gartenblog\/wildtier-des-jahres-von-aeskulapnatter-bis-gartenschlaefer#primaryimage"},"image":{"@id":"https:\/\/www.samenhaus.de\/gartenblog\/wildtier-des-jahres-von-aeskulapnatter-bis-gartenschlaefer#primaryimage"},"thumbnailUrl":"https:\/\/www.samenhaus.de\/gartenblog\/wp-content\/uploads\/2025\/03\/Wildtier-des-Jahres_971266107.jpg","datePublished":"2025-03-15T08:00:00+00:00","dateModified":"2025-03-18T12:07:28+00:00","description":"Das Wildtier des Jahres - seit 1992 wird j\u00e4hrlich ein Wildtier gekr\u00f6nt. Welche Tiere bisher die Krone tragen durften, erfahren Sie in unserem Beitrag.","breadcrumb":{"@id":"https:\/\/www.samenhaus.de\/gartenblog\/wildtier-des-jahres-von-aeskulapnatter-bis-gartenschlaefer#breadcrumb"},"inLanguage":"de","potentialAction":[{"@type":"ReadAction","target":["https:\/\/www.samenhaus.de\/gartenblog\/wildtier-des-jahres-von-aeskulapnatter-bis-gartenschlaefer"]}]},{"@type":"ImageObject","inLanguage":"de","@id":"https:\/\/www.samenhaus.de\/gartenblog\/wildtier-des-jahres-von-aeskulapnatter-bis-gartenschlaefer#primaryimage","url":"https:\/\/www.samenhaus.de\/gartenblog\/wp-content\/uploads\/2025\/03\/Wildtier-des-Jahres_971266107.jpg","contentUrl":"https:\/\/www.samenhaus.de\/gartenblog\/wp-content\/uploads\/2025\/03\/Wildtier-des-Jahres_971266107.jpg","width":1000,"height":563,"caption":"Igel"},{"@type":"BreadcrumbList","@id":"https:\/\/www.samenhaus.de\/gartenblog\/wildtier-des-jahres-von-aeskulapnatter-bis-gartenschlaefer#breadcrumb","itemListElement":[{"@type":"ListItem","position":1,"name":"Startseite","item":"https:\/\/www.samenhaus.de\/gartenblog\/"},{"@type":"ListItem","position":2,"name":"Wildtier des Jahres \u2013 von \u00c4skulapnatter bis Gartenschl\u00e4fer"}]},{"@type":"WebSite","@id":"https:\/\/www.samenhaus.de\/gartenblog\/#website","url":"https:\/\/www.samenhaus.de\/gartenblog\/","name":"Samenhaus Gartenblog","description":"","publisher":{"@id":"https:\/\/www.samenhaus.de\/gartenblog\/#organization"},"potentialAction":[{"@type":"SearchAction","target":{"@type":"EntryPoint","urlTemplate":"https:\/\/www.samenhaus.de\/gartenblog\/?s={search_term_string}"},"query-input":{"@type":"PropertyValueSpecification","valueRequired":true,"valueName":"search_term_string"}}],"inLanguage":"de"},{"@type":"Organization","@id":"https:\/\/www.samenhaus.de\/gartenblog\/#organization","name":"Samenhaus.de Gartenblog","url":"https:\/\/www.samenhaus.de\/gartenblog\/","logo":{"@type":"ImageObject","inLanguage":"de","@id":"https:\/\/www.samenhaus.de\/gartenblog\/#\/schema\/logo\/image\/","url":"https:\/\/www.samenhaus.de\/gartenblog\/wp-content\/uploads\/2020\/11\/logo.svg","contentUrl":"https:\/\/www.samenhaus.de\/gartenblog\/wp-content\/uploads\/2020\/11\/logo.svg","width":1,"height":1,"caption":"Samenhaus.de Gartenblog"},"image":{"@id":"https:\/\/www.samenhaus.de\/gartenblog\/#\/schema\/logo\/image\/"},"sameAs":["https:\/\/de-de.facebook.com\/samenhaus","https:\/\/x.com\/samenhaus"]},{"@type":"Person","@id":"https:\/\/www.samenhaus.de\/gartenblog\/#\/schema\/person\/de169769587431893823f62b2ce06c04","name":"Holger","image":{"@type":"ImageObject","inLanguage":"de","@id":"https:\/\/www.samenhaus.de\/gartenblog\/wp-content\/uploads\/2026\/03\/Holger-150x150.png","url":"https:\/\/www.samenhaus.de\/gartenblog\/wp-content\/uploads\/2026\/03\/Holger-150x150.png","contentUrl":"https:\/\/www.samenhaus.de\/gartenblog\/wp-content\/uploads\/2026\/03\/Holger-150x150.png","caption":"Holger"},"description":"6.000.000 W\u00f6rter \u2013 so viel k\u00f6nnen Sie in etwa von mir online lesen. Das F\u00fcllen des Internets entwickelte sich nach meiner Ausbildung zum TV-Redakteur und der langj\u00e4hrigen Arbeit bei SAT.1 zu einem Fulltime-Job. Trotzdem finde ich noch gen\u00fcgend Zeit, um in meinem Garten zu werkeln. Eine Staude hier, ein Bl\u00fcmchen dort und ein bisschen Gem\u00fcse darf auch nicht fehlen \u2013 einen Schnitzelbaum gibt es ja noch nicht \u2026 Die besten geistigen Erg\u00fcsse habe ich \u00fcbrigens, wenn ich IM Garten \u00dcBER den Garten schreiben kann. So vereinen sich Beruf und Hobby perfekt \u2013 was gibt es Sch\u00f6neres?","url":"https:\/\/www.samenhaus.de\/gartenblog\/author\/holger"}]}},"wp-worthy-pixel":{"ignored":false,"public":"394882e4eb97491e8c4fd32dfae8a35c","server":"vg09.met.vgwort.de","url":"https:\/\/vg09.met.vgwort.de\/na\/394882e4eb97491e8c4fd32dfae8a35c"},"wp-worthy-type":"normal","_links":{"self":[{"href":"https:\/\/www.samenhaus.de\/gartenblog\/wp-json\/wp\/v2\/posts\/19686","targetHints":{"allow":["GET"]}}],"collection":[{"href":"https:\/\/www.samenhaus.de\/gartenblog\/wp-json\/wp\/v2\/posts"}],"about":[{"href":"https:\/\/www.samenhaus.de\/gartenblog\/wp-json\/wp\/v2\/types\/post"}],"author":[{"embeddable":true,"href":"https:\/\/www.samenhaus.de\/gartenblog\/wp-json\/wp\/v2\/users\/13"}],"replies":[{"embeddable":true,"href":"https:\/\/www.samenhaus.de\/gartenblog\/wp-json\/wp\/v2\/comments?post=19686"}],"version-history":[{"count":7,"href":"https:\/\/www.samenhaus.de\/gartenblog\/wp-json\/wp\/v2\/posts\/19686\/revisions"}],"predecessor-version":[{"id":20952,"href":"https:\/\/www.samenhaus.de\/gartenblog\/wp-json\/wp\/v2\/posts\/19686\/revisions\/20952"}],"wp:featuredmedia":[{"embeddable":true,"href":"https:\/\/www.samenhaus.de\/gartenblog\/wp-json\/wp\/v2\/media\/20946"}],"wp:attachment":[{"href":"https:\/\/www.samenhaus.de\/gartenblog\/wp-json\/wp\/v2\/media?parent=19686"}],"wp:term":[{"taxonomy":"category","embeddable":true,"href":"https:\/\/www.samenhaus.de\/gartenblog\/wp-json\/wp\/v2\/categories?post=19686"},{"taxonomy":"post_tag","embeddable":true,"href":"https:\/\/www.samenhaus.de\/gartenblog\/wp-json\/wp\/v2\/tags?post=19686"},{"taxonomy":"hersteller","embeddable":true,"href":"https:\/\/www.samenhaus.de\/gartenblog\/wp-json\/wp\/v2\/hersteller?post=19686"}],"curies":[{"name":"wp","href":"https:\/\/api.w.org\/{rel}","templated":true}]}}