{"id":2030,"date":"2022-03-28T09:00:23","date_gmt":"2022-03-28T09:00:23","guid":{"rendered":"https:\/\/www.samenhaus.de\/gartenblog\/?p=2030"},"modified":"2023-07-06T19:22:23","modified_gmt":"2023-07-06T19:22:23","slug":"zeit-der-nuesse-was-sie-beim-sammeln-und-lagern-beachten-sollten","status":"publish","type":"post","link":"https:\/\/www.samenhaus.de\/gartenblog\/zeit-der-nuesse-was-sie-beim-sammeln-und-lagern-beachten-sollten","title":{"rendered":"Zeit der N\u00fcsse: Was Sie beim Sammeln und Lagern beachten sollten"},"content":{"rendered":"<p>N\u00fcsse werden nicht vom Baum oder Strauch gepfl\u00fcckt, sondern gesammelt. Das ist nicht nur im eigenen Garten, sondern auch in Parks m\u00f6glich. Damit sich die N\u00fcsse m\u00f6glichst lange halten, m\u00fcssen sie gut trocknen.<\/p>\n<h2><span class=\"ez-toc-section\" id=\"Nuesse_sammeln_nicht_zu_lange_liegen_lassen\"><\/span>N\u00fcsse sammeln: nicht zu lange liegen lassen<span class=\"ez-toc-section-end\"><\/span><\/h2>\n<p><img loading=\"lazy\" decoding=\"async\" class=\"size-medium wp-image-3070 alignright\" src=\"https:\/\/www.samenhaus.de\/gartenblog\/wp-content\/uploads\/2022\/03\/Nuesse_285068677-300x200.jpeg\" alt=\"N\u00fcsse sammeln\" width=\"300\" height=\"200\" srcset=\"https:\/\/www.samenhaus.de\/gartenblog\/wp-content\/uploads\/2022\/03\/Nuesse_285068677-300x200.jpeg 300w, https:\/\/www.samenhaus.de\/gartenblog\/wp-content\/uploads\/2022\/03\/Nuesse_285068677-600x400.jpeg 600w, https:\/\/www.samenhaus.de\/gartenblog\/wp-content\/uploads\/2022\/03\/Nuesse_285068677-2048x1365.jpeg 2048w, https:\/\/www.samenhaus.de\/gartenblog\/wp-content\/uploads\/2022\/03\/Nuesse_285068677-768x512.jpeg 768w, https:\/\/www.samenhaus.de\/gartenblog\/wp-content\/uploads\/2022\/03\/Nuesse_285068677-1024x683.jpeg 1024w, https:\/\/www.samenhaus.de\/gartenblog\/wp-content\/uploads\/2022\/03\/Nuesse_285068677-1536x1024.jpeg 1536w\" sizes=\"auto, (max-width: 300px) 100vw, 300px\" \/>Haben Sie in Ihrem Garten keinen Walnussbaum und keine Haselnussstr\u00e4ucher, ist es v\u00f6llig legal, die N\u00fcsse in Parks oder W\u00e4ldern zu sammeln. Voraussetzung ist jedoch, dass sich die Fl\u00e4chen und B\u00e4ume nicht in Privatbesitz befinden. Sind Sie nicht sicher, ob an einem \u00f6ffentlich zug\u00e4nglichen Platz N\u00fcsse gesammelt werden d\u00fcrfen, erkundigen Sie sich beim Gr\u00fcnfl\u00e4chenamt. Herabgefallene N\u00fcsse auf \u00f6ffentlichen Wegen, die von einem Ast eines Baumes stammen, der auf einem Privatgrundst\u00fcck steht, d\u00fcrfen gesammelt werden.<\/p>\n<p>Die richtige Zeit zum N\u00fcssesammeln ist von Mitte September bis Ende Oktober. Die N\u00fcsse sind ausgereift, wenn sie auf den Boden gefallen sind. Sch\u00fctteln Sie die N\u00fcsse nicht vom Baum oder Strauch ab und pfl\u00fccken Sie sie nicht, da sie dann noch nicht ausgereift sind. Frost und Regen schaden den N\u00fcssen nicht, wenn sie noch am Baum h\u00e4ngen. Sind die N\u00fcsse heruntergefallen, sollten Sie m\u00f6glichst schnell sammeln, damit sie nicht beginnen zu schimmeln. Liegen die N\u00fcsse bereits mehrere Tage auf dem Boden, k\u00f6nnen sich aufgrund der Bodenfeuchtigkeit schnell Schimmelpilze bilden. Die Schimmelbildung wird bei den am Boden liegenden N\u00fcssen auch durch Tau und Reif gef\u00f6rdert. Die reifen N\u00fcsse haben eine dunkle, schrumpelige Au\u00dfenh\u00fclle. Nehmen Sie keine schwarzen oder kleinen N\u00fcsse, da sie wertlos, unbrauchbar oder noch nicht ausgereift sind.<\/p>\n<p>Haseln\u00fcsse fallen ebenfalls auf den Boden, doch haben sie dann keine H\u00fclle mehr. Sie sind reif, wenn sie aus ihrer trockenen Blatth\u00fclle fallen. Auch Haseln\u00fcsse sollten Sie m\u00f6glichst schnell sammeln, damit sie nicht von Schimmelpilzen befallen werden. Nehmen Sie nur N\u00fcsse mit intakter Schale. Mitunter sind Haseln\u00fcsse vom Haselnussbohrer befallen, was Sie an L\u00f6chern in der Schale erkennen.<\/p>\n<p><strong>Tipp:<\/strong> Da die Schale der Waln\u00fcsse Gerbstoffe enth\u00e4lt, stark f\u00e4rbt und Sie die Farbe nur schwer wieder von den H\u00e4nden bekommen, tragen Sie beim Sammeln Handschuhe oder verwenden eine Bratwurstzange.<\/p>\n<h2><span class=\"ez-toc-section\" id=\"Nuesse_fuer_die_Trocknung_vorbereiten_dunkle_Schale_entfernen_und_Nuesse_kontrollieren\"><\/span>N\u00fcsse f\u00fcr die Trocknung vorbereiten: dunkle Schale entfernen und N\u00fcsse kontrollieren<span class=\"ez-toc-section-end\"><\/span><\/h2>\n<p><img loading=\"lazy\" decoding=\"async\" class=\"size-medium wp-image-3071 alignright\" src=\"https:\/\/www.samenhaus.de\/gartenblog\/wp-content\/uploads\/2022\/03\/Nuesse_293005161-300x169.jpeg\" alt=\"N\u00fcsse trocknen\" width=\"300\" height=\"169\" \/>Damit die N\u00fcsse m\u00f6glichst lange haltbar bleiben, kommt es auf eine gute Trocknung an. Waln\u00fcsse entfalten erst bei der Trocknung ihr w\u00fcrziges Aroma. Entfernen Sie zuerst die \u00e4u\u00dfere H\u00fclle m\u00f6glichst restlos von den N\u00fcssen. Die harte Nussschale ist hingegen ein guter Schutz, da sie wie eine luftdichte Verpackung ist. Reste der Schale k\u00f6nnen schimmeln und dazu f\u00fchren, dass Ihre N\u00fcsse schnell verderben. Die \u00e4u\u00dfere Schale entfernen Sie mit einer B\u00fcrste oder mit den H\u00e4nden, doch sollten Sie dann Handschuhe tragen. B\u00fcrsten Sie Reste der Schale am besten mit einer Wurzelb\u00fcrste ab.<\/p>\n<p>Waschen Sie die N\u00fcsse nicht ab, da Wasser in die Schale eindringen und zu F\u00e4ulnis oder Schimmelbildung f\u00fchren kann. Ist die \u00e4u\u00dfere Schale der N\u00fcsse schon defekt, kann sich Sand auf der braunen Nussschale befinden. B\u00fcrsten Sie ihn gr\u00fcndlich ab.<\/p>\n<p>Um nur einwandfreie N\u00fcsse zu lagern, kontrollieren Sie die N\u00fcsse auf die folgenden Merkmale:<\/p>\n<ul>\n<li>leicht ge\u00f6ffnete Schale<\/li>\n<li>schwarze Stellen<\/li>\n<li>Schimmelstellen<\/li>\n<li>Schadstellen an der harten Schale<\/li>\n<\/ul>\n<p>Kontrollieren Sie auch Haseln\u00fcsse vor dem Trocknen auf solche Besch\u00e4digungen und entfernen Sie Verunreinigungen mit K\u00fcchenkrepp von der Schale.<\/p>\n<h2><span class=\"ez-toc-section\" id=\"Nuesse_trocknen_auf_die_richtige_Temperatur_achten\"><\/span>N\u00fcsse trocknen: auf die richtige Temperatur achten<span class=\"ez-toc-section-end\"><\/span><\/h2>\n<p><img loading=\"lazy\" decoding=\"async\" class=\"size-medium wp-image-3067 alignright\" src=\"https:\/\/www.samenhaus.de\/gartenblog\/wp-content\/uploads\/2022\/03\/Nuesse_68145915-300x225.jpeg\" alt=\"Trocknen N\u00fcsse\" width=\"300\" height=\"225\" \/>Zum Trocknen brauchen Ihre N\u00fcsse einen warmen, trockenen und gut bel\u00fcfteten Ort. M\u00fcssen Sie nur wenige N\u00fcsse trocknen, reichen das Fensterbrett oder die Heizung aus. Die ideale Temperatur zum Trocknen liegt bei 20 bis 23 Grad Celsius. Auf keinen Fall sollte die Temperatur \u00fcber 30 Grad Celsius liegen, da die N\u00fcsse sonst schnell ranzig werden. Daher ist die Trocknung im D\u00f6rrautomaten oder im Backofen v\u00f6llig ungeeignet. Zum Trocknen brauchen Sie die richtige Unterlage. Gut geeignet sind<\/p>\n<ul>\n<li>alte Handt\u00fccher,<\/li>\n<li>Baumwoll- oder Leinent\u00fccher,<\/li>\n<li>Zeitungspapier,<\/li>\n<li>auf Rahmen gespannte T\u00fccher oder<\/li>\n<li>feinmaschige Siebe.<\/li>\n<\/ul>\n<p>Achten Sie darauf, die N\u00fcsse einschichtig zu lagern. Damit sie gut trocknen und die Luft gut zirkuliert, d\u00fcrfen sie sich nicht ber\u00fchren. Wenden Sie die N\u00fcsse zu Beginn der Trocknungszeit ein- bis zweimal t\u00e4glich. Sp\u00e4ter m\u00fcssen Sie die N\u00fcsse nur noch alle zwei bis drei Tage wenden. Kontrollieren Sie die N\u00fcsse beim Wenden auf Schimmelbildung und entfernen Sie schimmelige Exemplare. Wechseln Sie beim Wenden auch die Unterlage, da sie feucht wird. Kontrollieren Sie beim Trocknen die Luftfeuchtigkeit, damit sie nicht zu hoch wird und die N\u00fcsse nicht schimmeln.<\/p>\n<p>An trockenen, sonnigen Herbsttagen k\u00f6nnen Sie die N\u00fcsse auf der Unterlage auch im Freien trocknen. Nehmen Sie sie am Nachmittag, wenn die Luft feucht wird, wieder herein. Die Trocknung dauert mindestens sechs Wochen. Sind Ihre N\u00fcsse richtig trocken, erkennen Sie das, wenn die Unterlage trocken bleibt. Die N\u00fcsse k\u00f6nnen nun gelagert werden.<\/p>\n<h2><span class=\"ez-toc-section\" id=\"Lagerung_der_Nuesse_mehrere_Monate_moeglich\"><\/span>Lagerung der N\u00fcsse: mehrere Monate m\u00f6glich<span class=\"ez-toc-section-end\"><\/span><\/h2>\n<p><img loading=\"lazy\" decoding=\"async\" class=\"size-medium wp-image-3066 alignright\" src=\"https:\/\/www.samenhaus.de\/gartenblog\/wp-content\/uploads\/2022\/03\/Nuesse_8108362-300x199.jpeg\" alt=\"N\u00fcsse lagern\" width=\"300\" height=\"199\" \/>F\u00fcr die Lagerung der N\u00fcsse eignet sich ein dunkler, trockener Ort am besten. Die optimale Temperatur liegt zwischen 10 und 18 Grad Celsius. Die Luftfeuchtigkeit f\u00fcr die Lagerung sollte zwischen 50 und 65 Prozent liegen. Achten Sie darauf, dass sich in der N\u00e4he der N\u00fcsse keine geruchsintensiven Putz- oder Lebensmittel befinden, da die N\u00fcsse diesen Geruch annehmen k\u00f6nnen und dann nicht mehr schmecken. Verwenden Sie zur Lagerung atmungsaktive Beh\u00e4lter wie<\/p>\n<ul>\n<li>Zwiebels\u00e4cke,<\/li>\n<li>Jutes\u00e4cke,<\/li>\n<li>Kartoffels\u00e4cke,<\/li>\n<li>geflochtene K\u00f6rbe oder<\/li>\n<li>stapelbare Obsthorden.<\/li>\n<\/ul>\n<p>Plastikbeutel sind nicht atmungsaktiv und daher nicht f\u00fcr die Lagerung geeignet. Die N\u00fcsse sollten m\u00f6glichst von allen Seiten Luft bekommen. M\u00fcssen Sie mit M\u00e4usen rechnen, lagern Sie die N\u00fcsse am besten h\u00e4ngend. Bei optimalen Bedingungen k\u00f6nnen Sie die N\u00fcsse abh\u00e4ngig vom Fettgehalt bis zu 24 Monate lang lagern, ohne Qualit\u00e4tsverluste bef\u00fcrchten zu m\u00fcssen.<\/p>\n<p><strong>Tipp:<\/strong> Auch bei der Lagerung sind die N\u00fcsse nicht vollst\u00e4ndig sicher vor Schimmel- und Sch\u00e4dlingsbefall. Kontrollieren Sie sie regelm\u00e4\u00dfig auf Schimmelstellen sowie Besch\u00e4digungen und sortieren Sie die betroffenen Exemplare aus.<\/p>\n<h2><span class=\"ez-toc-section\" id=\"Lagerung_von_Nuessen_ohne_Schale_am_besten_einfrieren\"><\/span>Lagerung von N\u00fcssen ohne Schale: am besten einfrieren<span class=\"ez-toc-section-end\"><\/span><\/h2>\n<p><img loading=\"lazy\" decoding=\"async\" class=\"size-medium wp-image-3068 alignright\" src=\"https:\/\/www.samenhaus.de\/gartenblog\/wp-content\/uploads\/2022\/03\/Nuesse_106008612-300x199.jpeg\" alt=\"Lagerung N\u00fcsse\" width=\"300\" height=\"199\" \/>Mussten Sie von den N\u00fcssen die Schale entfernen, da sie besch\u00e4digt war, oder haben Sie nicht gen\u00fcgend Platz f\u00fcr die Lagerung, ist die Haltbarkeit nur vergleichsweise kurz. Verbrauchen Sie die N\u00fcsse m\u00f6glichst schnell.<\/p>\n<p>Alternativ dazu frieren Sie die N\u00fcsse ein. F\u00fcllen Sie die Nussh\u00e4lften in einen luftdicht schlie\u00dfenden Beh\u00e4lter, um sie einzufrieren. Sie halten sich dann bis zu einem Jahr. Frieren Sie N\u00fcsse mit Schale ein, k\u00f6nnen sie sich bis zu drei Jahren halten. Sobald die N\u00fcsse zerkleinert wurden, ist die Haltbarkeit deutlich eingeschr\u00e4nkt. Gemahlene N\u00fcsse bewahren Sie am besten in einem dicht schlie\u00dfenden Beh\u00e4lter im K\u00fchlschrank auf. Sie halten sich ungef\u00e4hr eine Woche.<\/p>\n","protected":false},"excerpt":{"rendered":"<p>N\u00fcsse werden nicht vom Baum oder Strauch gepfl\u00fcckt, sondern gesammelt. Das ist nicht nur im eigenen Garten, sondern auch in Parks m\u00f6glich. Damit sich die N\u00fcsse m\u00f6glichst lange halten, m\u00fcssen sie gut trocknen. N\u00fcsse sammeln: nicht zu lange liegen lassen Haben Sie in Ihrem Garten keinen Walnussbaum und keine Haselnussstr\u00e4ucher, ist es v\u00f6llig legal, die N\u00fcsse in Parks oder W\u00e4ldern zu sammeln. Voraussetzung ist jedoch, dass sich die Fl\u00e4chen und B\u00e4ume nicht in Privatbesitz befinden. Sind Sie nicht sicher, ob an einem \u00f6ffentlich zug\u00e4nglichen Platz N\u00fcsse gesammelt werden d\u00fcrfen, erkundigen Sie sich beim Gr\u00fcnfl\u00e4chenamt. Herabgefallene N\u00fcsse auf \u00f6ffentlichen Wegen, die von einem Ast eines Baumes stammen, der auf einem Privatgrundst\u00fcck steht, d\u00fcrfen gesammelt werden. Die richtige Zeit zum N\u00fcssesammeln ist von Mitte September bis Ende Oktober. Die N\u00fcsse sind ausgereift, wenn sie auf den Boden gefallen sind. Sch\u00fctteln Sie die N\u00fcsse nicht vom Baum oder Strauch ab und pfl\u00fccken Sie sie nicht, da sie dann noch nicht ausgereift sind. Frost und Regen schaden den N\u00fcssen nicht, wenn sie noch am Baum h\u00e4ngen. Sind die N\u00fcsse heruntergefallen, sollten Sie m\u00f6glichst schnell sammeln, damit sie nicht beginnen zu schimmeln. Liegen die N\u00fcsse bereits mehrere Tage auf dem Boden, k\u00f6nnen sich aufgrund der [&hellip;]<\/p>\n","protected":false},"author":11,"featured_media":3069,"comment_status":"open","ping_status":"open","sticky":false,"template":"","format":"standard","meta":{"_acf_changed":false,"footnotes":""},"categories":[15],"tags":[],"hersteller":[],"class_list":["post-2030","post","type-post","status-publish","format-standard","has-post-thumbnail","hentry","category-selbstversorger-garten"],"acf":[],"yoast_head":"<!-- This site is optimized with the Yoast SEO plugin v27.4 - https:\/\/yoast.com\/product\/yoast-seo-wordpress\/ -->\n<title>Zeit der N\u00fcsse: Was Sie beim Sammeln und Lagern beachten sollten - Samenhaus Gartenblog<\/title>\n<meta name=\"description\" content=\"N\u00fcsse sind gerade im Winter beliebt, denn die Fr\u00fcchte bringen viele wichtige Spurenelemente mit. Auf was Sie beim Sammeln und Lagern von N\u00fcssen beachten m\u00fcssen, erfahren Sie im Gartenblog.\" \/>\n<meta name=\"robots\" content=\"index, follow, max-snippet:-1, max-image-preview:large, max-video-preview:-1\" \/>\n<link rel=\"canonical\" href=\"https:\/\/www.samenhaus.de\/gartenblog\/zeit-der-nuesse-was-sie-beim-sammeln-und-lagern-beachten-sollten\" \/>\n<meta property=\"og:locale\" content=\"de_DE\" \/>\n<meta property=\"og:type\" content=\"article\" \/>\n<meta property=\"og:title\" content=\"Zeit der N\u00fcsse: Was Sie beim Sammeln und Lagern beachten sollten - Samenhaus Gartenblog\" \/>\n<meta property=\"og:description\" content=\"N\u00fcsse sind gerade im Winter beliebt, denn die Fr\u00fcchte bringen viele wichtige Spurenelemente mit. Auf was Sie beim Sammeln und Lagern von N\u00fcssen beachten m\u00fcssen, erfahren Sie im Gartenblog.\" \/>\n<meta property=\"og:url\" content=\"https:\/\/www.samenhaus.de\/gartenblog\/zeit-der-nuesse-was-sie-beim-sammeln-und-lagern-beachten-sollten\" \/>\n<meta property=\"og:site_name\" content=\"Samenhaus Gartenblog\" \/>\n<meta property=\"article:publisher\" content=\"https:\/\/de-de.facebook.com\/samenhaus\" \/>\n<meta property=\"article:published_time\" content=\"2022-03-28T09:00:23+00:00\" \/>\n<meta property=\"article:modified_time\" content=\"2023-07-06T19:22:23+00:00\" \/>\n<meta property=\"og:image\" content=\"https:\/\/www.samenhaus.de\/gartenblog\/wp-content\/uploads\/2022\/03\/Nuesse_125027579-scaled.jpeg\" \/>\n\t<meta property=\"og:image:width\" content=\"2560\" \/>\n\t<meta property=\"og:image:height\" content=\"1707\" \/>\n\t<meta property=\"og:image:type\" content=\"image\/jpeg\" \/>\n<meta name=\"author\" content=\"Sabine\" \/>\n<meta name=\"twitter:card\" content=\"summary_large_image\" \/>\n<meta name=\"twitter:creator\" content=\"@samenhaus\" \/>\n<meta name=\"twitter:site\" content=\"@samenhaus\" \/>\n<meta name=\"twitter:label1\" content=\"Verfasst von\" \/>\n\t<meta name=\"twitter:data1\" content=\"Sabine\" \/>\n\t<meta name=\"twitter:label2\" content=\"Gesch\u00e4tzte Lesezeit\" \/>\n\t<meta name=\"twitter:data2\" content=\"7\u00a0Minuten\" \/>\n<script type=\"application\/ld+json\" class=\"yoast-schema-graph\">{\"@context\":\"https:\\\/\\\/schema.org\",\"@graph\":[{\"@type\":\"Article\",\"@id\":\"https:\\\/\\\/www.samenhaus.de\\\/gartenblog\\\/zeit-der-nuesse-was-sie-beim-sammeln-und-lagern-beachten-sollten#article\",\"isPartOf\":{\"@id\":\"https:\\\/\\\/www.samenhaus.de\\\/gartenblog\\\/zeit-der-nuesse-was-sie-beim-sammeln-und-lagern-beachten-sollten\"},\"author\":{\"name\":\"Sabine\",\"@id\":\"https:\\\/\\\/www.samenhaus.de\\\/gartenblog\\\/#\\\/schema\\\/person\\\/e4c837ea32ec74c39497c1e69976fed5\"},\"headline\":\"Zeit der N\u00fcsse: Was Sie beim Sammeln und Lagern beachten sollten\",\"datePublished\":\"2022-03-28T09:00:23+00:00\",\"dateModified\":\"2023-07-06T19:22:23+00:00\",\"mainEntityOfPage\":{\"@id\":\"https:\\\/\\\/www.samenhaus.de\\\/gartenblog\\\/zeit-der-nuesse-was-sie-beim-sammeln-und-lagern-beachten-sollten\"},\"wordCount\":1197,\"commentCount\":0,\"publisher\":{\"@id\":\"https:\\\/\\\/www.samenhaus.de\\\/gartenblog\\\/#organization\"},\"image\":{\"@id\":\"https:\\\/\\\/www.samenhaus.de\\\/gartenblog\\\/zeit-der-nuesse-was-sie-beim-sammeln-und-lagern-beachten-sollten#primaryimage\"},\"thumbnailUrl\":\"https:\\\/\\\/www.samenhaus.de\\\/gartenblog\\\/wp-content\\\/uploads\\\/2022\\\/03\\\/Nuesse_125027579-scaled.jpeg\",\"articleSection\":[\"Selbstversorger-Garten\"],\"inLanguage\":\"de\",\"potentialAction\":[{\"@type\":\"CommentAction\",\"name\":\"Comment\",\"target\":[\"https:\\\/\\\/www.samenhaus.de\\\/gartenblog\\\/zeit-der-nuesse-was-sie-beim-sammeln-und-lagern-beachten-sollten#respond\"]}],\"copyrightYear\":\"2022\",\"copyrightHolder\":{\"@id\":\"https:\\\/\\\/www.samenhaus.de\\\/gartenblog\\\/#organization\"}},{\"@type\":\"WebPage\",\"@id\":\"https:\\\/\\\/www.samenhaus.de\\\/gartenblog\\\/zeit-der-nuesse-was-sie-beim-sammeln-und-lagern-beachten-sollten\",\"url\":\"https:\\\/\\\/www.samenhaus.de\\\/gartenblog\\\/zeit-der-nuesse-was-sie-beim-sammeln-und-lagern-beachten-sollten\",\"name\":\"Zeit der N\u00fcsse: Was Sie beim Sammeln und Lagern beachten sollten - Samenhaus Gartenblog\",\"isPartOf\":{\"@id\":\"https:\\\/\\\/www.samenhaus.de\\\/gartenblog\\\/#website\"},\"primaryImageOfPage\":{\"@id\":\"https:\\\/\\\/www.samenhaus.de\\\/gartenblog\\\/zeit-der-nuesse-was-sie-beim-sammeln-und-lagern-beachten-sollten#primaryimage\"},\"image\":{\"@id\":\"https:\\\/\\\/www.samenhaus.de\\\/gartenblog\\\/zeit-der-nuesse-was-sie-beim-sammeln-und-lagern-beachten-sollten#primaryimage\"},\"thumbnailUrl\":\"https:\\\/\\\/www.samenhaus.de\\\/gartenblog\\\/wp-content\\\/uploads\\\/2022\\\/03\\\/Nuesse_125027579-scaled.jpeg\",\"datePublished\":\"2022-03-28T09:00:23+00:00\",\"dateModified\":\"2023-07-06T19:22:23+00:00\",\"description\":\"N\u00fcsse sind gerade im Winter beliebt, denn die Fr\u00fcchte bringen viele wichtige Spurenelemente mit. Auf was Sie beim Sammeln und Lagern von N\u00fcssen beachten m\u00fcssen, erfahren Sie im Gartenblog.\",\"breadcrumb\":{\"@id\":\"https:\\\/\\\/www.samenhaus.de\\\/gartenblog\\\/zeit-der-nuesse-was-sie-beim-sammeln-und-lagern-beachten-sollten#breadcrumb\"},\"inLanguage\":\"de\",\"potentialAction\":[{\"@type\":\"ReadAction\",\"target\":[\"https:\\\/\\\/www.samenhaus.de\\\/gartenblog\\\/zeit-der-nuesse-was-sie-beim-sammeln-und-lagern-beachten-sollten\"]}]},{\"@type\":\"ImageObject\",\"inLanguage\":\"de\",\"@id\":\"https:\\\/\\\/www.samenhaus.de\\\/gartenblog\\\/zeit-der-nuesse-was-sie-beim-sammeln-und-lagern-beachten-sollten#primaryimage\",\"url\":\"https:\\\/\\\/www.samenhaus.de\\\/gartenblog\\\/wp-content\\\/uploads\\\/2022\\\/03\\\/Nuesse_125027579-scaled.jpeg\",\"contentUrl\":\"https:\\\/\\\/www.samenhaus.de\\\/gartenblog\\\/wp-content\\\/uploads\\\/2022\\\/03\\\/Nuesse_125027579-scaled.jpeg\",\"width\":2560,\"height\":1707,\"caption\":\"N\u00fcsse Sorten\"},{\"@type\":\"BreadcrumbList\",\"@id\":\"https:\\\/\\\/www.samenhaus.de\\\/gartenblog\\\/zeit-der-nuesse-was-sie-beim-sammeln-und-lagern-beachten-sollten#breadcrumb\",\"itemListElement\":[{\"@type\":\"ListItem\",\"position\":1,\"name\":\"Startseite\",\"item\":\"https:\\\/\\\/www.samenhaus.de\\\/gartenblog\\\/\"},{\"@type\":\"ListItem\",\"position\":2,\"name\":\"Zeit der N\u00fcsse: Was Sie beim Sammeln und Lagern beachten sollten\"}]},{\"@type\":\"WebSite\",\"@id\":\"https:\\\/\\\/www.samenhaus.de\\\/gartenblog\\\/#website\",\"url\":\"https:\\\/\\\/www.samenhaus.de\\\/gartenblog\\\/\",\"name\":\"Samenhaus Gartenblog\",\"description\":\"\",\"publisher\":{\"@id\":\"https:\\\/\\\/www.samenhaus.de\\\/gartenblog\\\/#organization\"},\"potentialAction\":[{\"@type\":\"SearchAction\",\"target\":{\"@type\":\"EntryPoint\",\"urlTemplate\":\"https:\\\/\\\/www.samenhaus.de\\\/gartenblog\\\/?s={search_term_string}\"},\"query-input\":{\"@type\":\"PropertyValueSpecification\",\"valueRequired\":true,\"valueName\":\"search_term_string\"}}],\"inLanguage\":\"de\"},{\"@type\":\"Organization\",\"@id\":\"https:\\\/\\\/www.samenhaus.de\\\/gartenblog\\\/#organization\",\"name\":\"Samenhaus.de Gartenblog\",\"url\":\"https:\\\/\\\/www.samenhaus.de\\\/gartenblog\\\/\",\"logo\":{\"@type\":\"ImageObject\",\"inLanguage\":\"de\",\"@id\":\"https:\\\/\\\/www.samenhaus.de\\\/gartenblog\\\/#\\\/schema\\\/logo\\\/image\\\/\",\"url\":\"https:\\\/\\\/www.samenhaus.de\\\/gartenblog\\\/wp-content\\\/uploads\\\/2020\\\/11\\\/logo.svg\",\"contentUrl\":\"https:\\\/\\\/www.samenhaus.de\\\/gartenblog\\\/wp-content\\\/uploads\\\/2020\\\/11\\\/logo.svg\",\"width\":1,\"height\":1,\"caption\":\"Samenhaus.de Gartenblog\"},\"image\":{\"@id\":\"https:\\\/\\\/www.samenhaus.de\\\/gartenblog\\\/#\\\/schema\\\/logo\\\/image\\\/\"},\"sameAs\":[\"https:\\\/\\\/de-de.facebook.com\\\/samenhaus\",\"https:\\\/\\\/x.com\\\/samenhaus\"]},{\"@type\":\"Person\",\"@id\":\"https:\\\/\\\/www.samenhaus.de\\\/gartenblog\\\/#\\\/schema\\\/person\\\/e4c837ea32ec74c39497c1e69976fed5\",\"name\":\"Sabine\",\"image\":{\"@type\":\"ImageObject\",\"inLanguage\":\"de\",\"@id\":\"https:\\\/\\\/www.samenhaus.de\\\/gartenblog\\\/wp-content\\\/uploads\\\/2026\\\/03\\\/sabine-150x150.png\",\"url\":\"https:\\\/\\\/www.samenhaus.de\\\/gartenblog\\\/wp-content\\\/uploads\\\/2026\\\/03\\\/sabine-150x150.png\",\"contentUrl\":\"https:\\\/\\\/www.samenhaus.de\\\/gartenblog\\\/wp-content\\\/uploads\\\/2026\\\/03\\\/sabine-150x150.png\",\"caption\":\"Sabine\"},\"description\":\"Sabine schreibt am liebsten \u00fcber Themen rund um den Selbstversorgergarten. Ob Gem\u00fcseanbau, Obstgarten, H\u00fchnerhaltung oder Konservierung und Verarbeitung, sie hat jede Menge eigene Erfahrung beizusteuern. Sie liebt es, den Blick \u00fcber die ersten zarten Pflanzen des Jahres schweifen zu lassen oder die gewaltige Ernte im Sommer und Herbst zu b\u00e4ndigen.\",\"url\":\"https:\\\/\\\/www.samenhaus.de\\\/gartenblog\\\/author\\\/sabine\"}]}<\/script>\n<!-- \/ Yoast SEO plugin. -->","yoast_head_json":{"title":"Zeit der N\u00fcsse: Was Sie beim Sammeln und Lagern beachten sollten - Samenhaus Gartenblog","description":"N\u00fcsse sind gerade im Winter beliebt, denn die Fr\u00fcchte bringen viele wichtige Spurenelemente mit. Auf was Sie beim Sammeln und Lagern von N\u00fcssen beachten m\u00fcssen, erfahren Sie im Gartenblog.","robots":{"index":"index","follow":"follow","max-snippet":"max-snippet:-1","max-image-preview":"max-image-preview:large","max-video-preview":"max-video-preview:-1"},"canonical":"https:\/\/www.samenhaus.de\/gartenblog\/zeit-der-nuesse-was-sie-beim-sammeln-und-lagern-beachten-sollten","og_locale":"de_DE","og_type":"article","og_title":"Zeit der N\u00fcsse: Was Sie beim Sammeln und Lagern beachten sollten - Samenhaus Gartenblog","og_description":"N\u00fcsse sind gerade im Winter beliebt, denn die Fr\u00fcchte bringen viele wichtige Spurenelemente mit. Auf was Sie beim Sammeln und Lagern von N\u00fcssen beachten m\u00fcssen, erfahren Sie im Gartenblog.","og_url":"https:\/\/www.samenhaus.de\/gartenblog\/zeit-der-nuesse-was-sie-beim-sammeln-und-lagern-beachten-sollten","og_site_name":"Samenhaus Gartenblog","article_publisher":"https:\/\/de-de.facebook.com\/samenhaus","article_published_time":"2022-03-28T09:00:23+00:00","article_modified_time":"2023-07-06T19:22:23+00:00","og_image":[{"width":2560,"height":1707,"url":"https:\/\/www.samenhaus.de\/gartenblog\/wp-content\/uploads\/2022\/03\/Nuesse_125027579-scaled.jpeg","type":"image\/jpeg"}],"author":"Sabine","twitter_card":"summary_large_image","twitter_creator":"@samenhaus","twitter_site":"@samenhaus","twitter_misc":{"Verfasst von":"Sabine","Gesch\u00e4tzte Lesezeit":"7\u00a0Minuten"},"schema":{"@context":"https:\/\/schema.org","@graph":[{"@type":"Article","@id":"https:\/\/www.samenhaus.de\/gartenblog\/zeit-der-nuesse-was-sie-beim-sammeln-und-lagern-beachten-sollten#article","isPartOf":{"@id":"https:\/\/www.samenhaus.de\/gartenblog\/zeit-der-nuesse-was-sie-beim-sammeln-und-lagern-beachten-sollten"},"author":{"name":"Sabine","@id":"https:\/\/www.samenhaus.de\/gartenblog\/#\/schema\/person\/e4c837ea32ec74c39497c1e69976fed5"},"headline":"Zeit der N\u00fcsse: Was Sie beim Sammeln und Lagern beachten sollten","datePublished":"2022-03-28T09:00:23+00:00","dateModified":"2023-07-06T19:22:23+00:00","mainEntityOfPage":{"@id":"https:\/\/www.samenhaus.de\/gartenblog\/zeit-der-nuesse-was-sie-beim-sammeln-und-lagern-beachten-sollten"},"wordCount":1197,"commentCount":0,"publisher":{"@id":"https:\/\/www.samenhaus.de\/gartenblog\/#organization"},"image":{"@id":"https:\/\/www.samenhaus.de\/gartenblog\/zeit-der-nuesse-was-sie-beim-sammeln-und-lagern-beachten-sollten#primaryimage"},"thumbnailUrl":"https:\/\/www.samenhaus.de\/gartenblog\/wp-content\/uploads\/2022\/03\/Nuesse_125027579-scaled.jpeg","articleSection":["Selbstversorger-Garten"],"inLanguage":"de","potentialAction":[{"@type":"CommentAction","name":"Comment","target":["https:\/\/www.samenhaus.de\/gartenblog\/zeit-der-nuesse-was-sie-beim-sammeln-und-lagern-beachten-sollten#respond"]}],"copyrightYear":"2022","copyrightHolder":{"@id":"https:\/\/www.samenhaus.de\/gartenblog\/#organization"}},{"@type":"WebPage","@id":"https:\/\/www.samenhaus.de\/gartenblog\/zeit-der-nuesse-was-sie-beim-sammeln-und-lagern-beachten-sollten","url":"https:\/\/www.samenhaus.de\/gartenblog\/zeit-der-nuesse-was-sie-beim-sammeln-und-lagern-beachten-sollten","name":"Zeit der N\u00fcsse: Was Sie beim Sammeln und Lagern beachten sollten - Samenhaus Gartenblog","isPartOf":{"@id":"https:\/\/www.samenhaus.de\/gartenblog\/#website"},"primaryImageOfPage":{"@id":"https:\/\/www.samenhaus.de\/gartenblog\/zeit-der-nuesse-was-sie-beim-sammeln-und-lagern-beachten-sollten#primaryimage"},"image":{"@id":"https:\/\/www.samenhaus.de\/gartenblog\/zeit-der-nuesse-was-sie-beim-sammeln-und-lagern-beachten-sollten#primaryimage"},"thumbnailUrl":"https:\/\/www.samenhaus.de\/gartenblog\/wp-content\/uploads\/2022\/03\/Nuesse_125027579-scaled.jpeg","datePublished":"2022-03-28T09:00:23+00:00","dateModified":"2023-07-06T19:22:23+00:00","description":"N\u00fcsse sind gerade im Winter beliebt, denn die Fr\u00fcchte bringen viele wichtige Spurenelemente mit. Auf was Sie beim Sammeln und Lagern von N\u00fcssen beachten m\u00fcssen, erfahren Sie im Gartenblog.","breadcrumb":{"@id":"https:\/\/www.samenhaus.de\/gartenblog\/zeit-der-nuesse-was-sie-beim-sammeln-und-lagern-beachten-sollten#breadcrumb"},"inLanguage":"de","potentialAction":[{"@type":"ReadAction","target":["https:\/\/www.samenhaus.de\/gartenblog\/zeit-der-nuesse-was-sie-beim-sammeln-und-lagern-beachten-sollten"]}]},{"@type":"ImageObject","inLanguage":"de","@id":"https:\/\/www.samenhaus.de\/gartenblog\/zeit-der-nuesse-was-sie-beim-sammeln-und-lagern-beachten-sollten#primaryimage","url":"https:\/\/www.samenhaus.de\/gartenblog\/wp-content\/uploads\/2022\/03\/Nuesse_125027579-scaled.jpeg","contentUrl":"https:\/\/www.samenhaus.de\/gartenblog\/wp-content\/uploads\/2022\/03\/Nuesse_125027579-scaled.jpeg","width":2560,"height":1707,"caption":"N\u00fcsse Sorten"},{"@type":"BreadcrumbList","@id":"https:\/\/www.samenhaus.de\/gartenblog\/zeit-der-nuesse-was-sie-beim-sammeln-und-lagern-beachten-sollten#breadcrumb","itemListElement":[{"@type":"ListItem","position":1,"name":"Startseite","item":"https:\/\/www.samenhaus.de\/gartenblog\/"},{"@type":"ListItem","position":2,"name":"Zeit der N\u00fcsse: Was Sie beim Sammeln und Lagern beachten sollten"}]},{"@type":"WebSite","@id":"https:\/\/www.samenhaus.de\/gartenblog\/#website","url":"https:\/\/www.samenhaus.de\/gartenblog\/","name":"Samenhaus Gartenblog","description":"","publisher":{"@id":"https:\/\/www.samenhaus.de\/gartenblog\/#organization"},"potentialAction":[{"@type":"SearchAction","target":{"@type":"EntryPoint","urlTemplate":"https:\/\/www.samenhaus.de\/gartenblog\/?s={search_term_string}"},"query-input":{"@type":"PropertyValueSpecification","valueRequired":true,"valueName":"search_term_string"}}],"inLanguage":"de"},{"@type":"Organization","@id":"https:\/\/www.samenhaus.de\/gartenblog\/#organization","name":"Samenhaus.de Gartenblog","url":"https:\/\/www.samenhaus.de\/gartenblog\/","logo":{"@type":"ImageObject","inLanguage":"de","@id":"https:\/\/www.samenhaus.de\/gartenblog\/#\/schema\/logo\/image\/","url":"https:\/\/www.samenhaus.de\/gartenblog\/wp-content\/uploads\/2020\/11\/logo.svg","contentUrl":"https:\/\/www.samenhaus.de\/gartenblog\/wp-content\/uploads\/2020\/11\/logo.svg","width":1,"height":1,"caption":"Samenhaus.de Gartenblog"},"image":{"@id":"https:\/\/www.samenhaus.de\/gartenblog\/#\/schema\/logo\/image\/"},"sameAs":["https:\/\/de-de.facebook.com\/samenhaus","https:\/\/x.com\/samenhaus"]},{"@type":"Person","@id":"https:\/\/www.samenhaus.de\/gartenblog\/#\/schema\/person\/e4c837ea32ec74c39497c1e69976fed5","name":"Sabine","image":{"@type":"ImageObject","inLanguage":"de","@id":"https:\/\/www.samenhaus.de\/gartenblog\/wp-content\/uploads\/2026\/03\/sabine-150x150.png","url":"https:\/\/www.samenhaus.de\/gartenblog\/wp-content\/uploads\/2026\/03\/sabine-150x150.png","contentUrl":"https:\/\/www.samenhaus.de\/gartenblog\/wp-content\/uploads\/2026\/03\/sabine-150x150.png","caption":"Sabine"},"description":"Sabine schreibt am liebsten \u00fcber Themen rund um den Selbstversorgergarten. Ob Gem\u00fcseanbau, Obstgarten, H\u00fchnerhaltung oder Konservierung und Verarbeitung, sie hat jede Menge eigene Erfahrung beizusteuern. Sie liebt es, den Blick \u00fcber die ersten zarten Pflanzen des Jahres schweifen zu lassen oder die gewaltige Ernte im Sommer und Herbst zu b\u00e4ndigen.","url":"https:\/\/www.samenhaus.de\/gartenblog\/author\/sabine"}]}},"wp-worthy-pixel":{"ignored":false,"public":"d9a645981ce44e01a433708d9236060f","server":"vg05.met.vgwort.de","url":"https:\/\/vg05.met.vgwort.de\/na\/d9a645981ce44e01a433708d9236060f"},"wp-worthy-type":"normal","_links":{"self":[{"href":"https:\/\/www.samenhaus.de\/gartenblog\/wp-json\/wp\/v2\/posts\/2030","targetHints":{"allow":["GET"]}}],"collection":[{"href":"https:\/\/www.samenhaus.de\/gartenblog\/wp-json\/wp\/v2\/posts"}],"about":[{"href":"https:\/\/www.samenhaus.de\/gartenblog\/wp-json\/wp\/v2\/types\/post"}],"author":[{"embeddable":true,"href":"https:\/\/www.samenhaus.de\/gartenblog\/wp-json\/wp\/v2\/users\/11"}],"replies":[{"embeddable":true,"href":"https:\/\/www.samenhaus.de\/gartenblog\/wp-json\/wp\/v2\/comments?post=2030"}],"version-history":[{"count":6,"href":"https:\/\/www.samenhaus.de\/gartenblog\/wp-json\/wp\/v2\/posts\/2030\/revisions"}],"predecessor-version":[{"id":12404,"href":"https:\/\/www.samenhaus.de\/gartenblog\/wp-json\/wp\/v2\/posts\/2030\/revisions\/12404"}],"wp:featuredmedia":[{"embeddable":true,"href":"https:\/\/www.samenhaus.de\/gartenblog\/wp-json\/wp\/v2\/media\/3069"}],"wp:attachment":[{"href":"https:\/\/www.samenhaus.de\/gartenblog\/wp-json\/wp\/v2\/media?parent=2030"}],"wp:term":[{"taxonomy":"category","embeddable":true,"href":"https:\/\/www.samenhaus.de\/gartenblog\/wp-json\/wp\/v2\/categories?post=2030"},{"taxonomy":"post_tag","embeddable":true,"href":"https:\/\/www.samenhaus.de\/gartenblog\/wp-json\/wp\/v2\/tags?post=2030"},{"taxonomy":"hersteller","embeddable":true,"href":"https:\/\/www.samenhaus.de\/gartenblog\/wp-json\/wp\/v2\/hersteller?post=2030"}],"curies":[{"name":"wp","href":"https:\/\/api.w.org\/{rel}","templated":true}]}}