{"id":20310,"date":"2025-04-16T09:00:51","date_gmt":"2025-04-16T07:00:51","guid":{"rendered":"https:\/\/www.samenhaus.de\/gartenblog\/?p=20310"},"modified":"2025-04-17T14:52:58","modified_gmt":"2025-04-17T12:52:58","slug":"oleander-bluetenmeer-von-juli-bis-september","status":"publish","type":"post","link":"https:\/\/www.samenhaus.de\/gartenblog\/oleander-bluetenmeer-von-juli-bis-september","title":{"rendered":"Oleander \u2013 Bl\u00fctenmeer von Juli bis September"},"content":{"rendered":"<p>Der Oleander ist eine mediterrane Pflanze, die auch bei uns in Deutschland immer \u00f6fter zu sehen ist. Allerdings nur als K\u00fcbelpflanze, denn Oleander ist aufgrund seiner Herkunft nicht winterhart und h\u00e4lt keine Minusgrad aus, wenngleich er in milden Regionen auch ausgepflanzt werden k\u00f6nnte \u2013 dazu gleich noch mehr. Der immergr\u00fcne Strauch ist sehr pflegeleicht und verw\u00f6hnt uns mit \u00fcppiger Bl\u00fctenpracht.<\/p>\n<h2><span class=\"ez-toc-section\" id=\"Oleander_%E2%80%93_ein_Steckbrief\"><\/span>Oleander \u2013 ein Steckbrief<span class=\"ez-toc-section-end\"><\/span><\/h2>\n<ul>\n<li><strong><a href=\"https:\/\/www.samenhaus.de\/gartenblog\/wp-content\/uploads\/2025\/04\/Olenander_204928235-scaled.jpeg\"><img loading=\"lazy\" decoding=\"async\" class=\"alignright wp-image-21269\" src=\"https:\/\/www.samenhaus.de\/gartenblog\/wp-content\/uploads\/2025\/04\/Olenander_204928235-600x399.jpeg\" alt=\"Oleander\" width=\"300\" height=\"199\" srcset=\"https:\/\/www.samenhaus.de\/gartenblog\/wp-content\/uploads\/2025\/04\/Olenander_204928235-600x400.jpeg 600w, https:\/\/www.samenhaus.de\/gartenblog\/wp-content\/uploads\/2025\/04\/Olenander_204928235-1024x680.jpeg 1024w, https:\/\/www.samenhaus.de\/gartenblog\/wp-content\/uploads\/2025\/04\/Olenander_204928235-768x510.jpeg 768w, https:\/\/www.samenhaus.de\/gartenblog\/wp-content\/uploads\/2025\/04\/Olenander_204928235-1536x1020.jpeg 1536w, https:\/\/www.samenhaus.de\/gartenblog\/wp-content\/uploads\/2025\/04\/Olenander_204928235-scaled.jpeg 2048w\" sizes=\"auto, (max-width: 300px) 100vw, 300px\" \/><\/a>Name:<\/strong> Oleander<\/li>\n<li><strong>Alternativer Name:<\/strong> Rosenlorbeer<\/li>\n<li><strong>Wissenschaftlicher Name:<\/strong> <em>Nerium oleander<\/em><\/li>\n<li><strong>Familie:<\/strong> Hundsgiftgew\u00e4chse<\/li>\n<li><strong>Arten:<\/strong> 1<\/li>\n<li><strong>Sorten:<\/strong> \u00fcber 200<\/li>\n<li><strong>Wuchsh\u00f6he:<\/strong> im K\u00fcbel ca. 2 Meter, ausgepflanzt erreicht er bis zu 6 Meter<\/li>\n<li><strong>Bl\u00fctezeit:<\/strong> Juni bis September<\/li>\n<li><strong>Bl\u00fctenfarben:<\/strong> Wei\u00df, Rosa, Rot, Gelb<\/li>\n<li><strong>Herkunft:<\/strong> Mittelmeerraum, Nordafrika, Naher Osten, Indien, subtropische bis mediterrane Klimazonen<\/li>\n<li>Oleander ist giftig<\/li>\n<li>Oleander ist nicht winterhart<\/li>\n<li>Oleander ist immergr\u00fcn<\/li>\n<\/ul>\n<h2><span class=\"ez-toc-section\" id=\"Der_passende_Standort\"><\/span>Der passende Standort<span class=\"ez-toc-section-end\"><\/span><\/h2>\n<p>Oleander wird \u2013 wie schon erw\u00e4hnt \u2013 im K\u00fcbel gehalten. Dadurch ist es ein Leichtes, den besten Standort zu finden und diesen auch mal zu \u00e4ndern, wenn es n\u00f6tig w\u00e4re. Da Oleander eine mediterrane Pflanze ist, mag er es warm und sonnig. Er brauch viel Licht, um reichlich Bl\u00fcten zu bilden. Zwar kann er auch im Schatten stehen, bl\u00fcht dann aber nur sp\u00e4rlich. Ansonsten ist es wichtig, dass die Pflanze windgesch\u00fctzt aufgestellt wird.<\/p>\n<h2><span class=\"ez-toc-section\" id=\"Die_Pflege_von_Oleander\"><\/span>Die Pflege von Oleander<span class=\"ez-toc-section-end\"><\/span><\/h2>\n<p><a href=\"https:\/\/www.samenhaus.de\/gartenblog\/wp-content\/uploads\/2025\/04\/Olenander_379366906-scaled.jpeg\"><img loading=\"lazy\" decoding=\"async\" class=\"alignright wp-image-21266\" src=\"https:\/\/www.samenhaus.de\/gartenblog\/wp-content\/uploads\/2025\/04\/Olenander_379366906-600x400.jpeg\" alt=\"Oleander Pflege\" width=\"300\" height=\"200\" srcset=\"https:\/\/www.samenhaus.de\/gartenblog\/wp-content\/uploads\/2025\/04\/Olenander_379366906-600x400.jpeg 600w, https:\/\/www.samenhaus.de\/gartenblog\/wp-content\/uploads\/2025\/04\/Olenander_379366906-1024x683.jpeg 1024w, https:\/\/www.samenhaus.de\/gartenblog\/wp-content\/uploads\/2025\/04\/Olenander_379366906-768x512.jpeg 768w, https:\/\/www.samenhaus.de\/gartenblog\/wp-content\/uploads\/2025\/04\/Olenander_379366906-1536x1024.jpeg 1536w, https:\/\/www.samenhaus.de\/gartenblog\/wp-content\/uploads\/2025\/04\/Olenander_379366906-scaled.jpeg 2048w\" sizes=\"auto, (max-width: 300px) 100vw, 300px\" \/><\/a>Das Gute vorweg: Oleander ist relativ pflegeleicht, sodass Sie mit ihm nicht viel Arbeit haben und der zeitliche Pflegeaufwand gering ist. Dennoch kann er nicht einfach sich selbst \u00fcberlassen werden.<\/p>\n<h3><span class=\"ez-toc-section\" id=\"Giessen\"><\/span>Gie\u00dfen<span class=\"ez-toc-section-end\"><\/span><\/h3>\n<p>Der Oleander braucht Wasser \u2013 viel Wasser, und das besonders w\u00e4hrend der Bl\u00fctezeit! Die Erde sollte deswegen nie vollst\u00e4ndig austrocknen und immer feucht sein. Selbst nasse Erde ist kein Problem. W\u00e4hrend die meisten Pflanzen keine Staun\u00e4sse vertragen, macht dies dem Oleander nichts aus. Geben Sie gerne unter den K\u00fcbel einen Untersetzer, der immer mit Wasser voll ist \u2013 gie\u00dfen Sie also ruhig zus\u00e4tzlich von unten nach.<\/p>\n<h3><span class=\"ez-toc-section\" id=\"Duengen\"><\/span>D\u00fcngen<span class=\"ez-toc-section-end\"><\/span><\/h3>\n<p>Damit uns der Oleander mit seiner \u00fcppigen Bl\u00fctenpracht verw\u00f6hnt, braucht er nicht nur regelm\u00e4\u00dfige Wassergaben, sondern muss auch ged\u00fcngt werden. Besonders wichtig ist ein <a href=\"https:\/\/www.samenhaus.de\/blumenduenger\" target=\"_blank\" rel=\"noopener\">D\u00fcnger<\/a>, der einen hohen Phosphoranteil hat. D\u00fcngen Sie von April bis Ende September ca. alle 2 bis 3 Wochen.<\/p>\n<h3><span class=\"ez-toc-section\" id=\"Schneiden\"><\/span>Schneiden<span class=\"ez-toc-section-end\"><\/span><\/h3>\n<p>Damit der Oleander einen kompakten Wuchs entwickelt und auch die Bl\u00fctenbildung gef\u00f6rdert wird, sollte er regelm\u00e4\u00dfig geschnitten werden. Der ideale Zeitpunkt ist im Fr\u00fchjahr, bevor das Wachstum beginnt. Alternativ kann er auch nach der Bl\u00fcte im Herbst geschnitten werden. Beim Schnitt werden die Haupttriebe um ein Drittel bis maximal die H\u00e4lfte eingek\u00fcrzt. D\u00fcnne, schwache oder \u00fcberlange Seitentriebe werden ebenfalls geschnitten und zwar bis zu den Verzweigungspunkten.<\/p>\n<p>Nach der ersten Bl\u00fcte k\u00f6nnen Sie mit einem leichten Sommerschnitt lange Triebe etwas zur\u00fcckschneiden, um die zweite Bl\u00fcte zu f\u00f6rdern und ein buschiges Wachstum anzuregen. Weiterhin ist von Vorteil, wenn verbl\u00fchte Bl\u00fctenst\u00e4nde direkt entfernt werden, um die Bl\u00fctezeit zu verl\u00e4ngern. Diese werden oberhalb des n\u00e4chsten Blattansatzes abgeschnitten.<\/p>\n<p>Ein Verj\u00fcngungsschnitt kann n\u00f6tig werden, wenn der Oleander sehr verholzt. Dann wird er mit einem kr\u00e4ftigen R\u00fcckschnitt verj\u00fcngt. In diesem Fall werden alle Triebe um die H\u00e4lfte bis zu zwei Drittel gekappt. Damit die Pflanze nicht zu stark belastet wird, sollte ein solcher Schnitt nicht j\u00e4hrlich erfolgen.<\/p>\n<h3><span class=\"ez-toc-section\" id=\"Umtopfen\"><\/span>Umtopfen<span class=\"ez-toc-section-end\"><\/span><\/h3>\n<p>Wann <a href=\"https:\/\/www.samenhaus.de\/pflanzgefaesse\" target=\"_blank\" rel=\"noopener\">Oleander umgetopft<\/a> werden sollte, sagt Ihnen die Pflanze. Achten Sie auf folgende Signale:<\/p>\n<ul>\n<li>Wenn der Oleander h\u00e4ufiger Wasser ben\u00f6tigt als \u00fcblich, ist das meist ein Zeichen daf\u00fcr, dass der Topf zu eng geworden ist. In diesem Fall kann die Erde das Wasser nicht mehr gut speichern und trocknet schneller aus.<\/li>\n<li>Wenn der Oleander im Fr\u00fchling und Sommer nicht mehr so gut w\u00e4chst wie vorher, ist das oftmals ebenfalls ein Zeichen f\u00fcr Platzmangel. Geben Sie dem Oleander dann einen gr\u00f6\u00dferen Topf.<\/li>\n<li>Wenn die Wurzeln des Oleanders aus dem Topf herauswachsen, ist es ebenfalls h\u00f6chste Zeit, ihn in ein gr\u00f6\u00dferes Zuhause umzusetzen.<\/li>\n<\/ul>\n<p>Im Schnitt sollten Sie Oleander alle 3 bis 4 Jahre umtopfen, der beste Zeitpunkt daf\u00fcr ist das Fr\u00fchjahr, bevor die Wachstums- und Bl\u00fctephase beginnt.<\/p>\n<p>Diese Punkte werden beim Umtopfen wichtig:<\/p>\n<ol>\n<li>Der neue K\u00fcbel sollte im Durchmesser 2 bis 4 Zentimeter gr\u00f6\u00dfer sein.<\/li>\n<li>Von Vorteil ist ein schwerer und stabiler Topf, da Oleander bis zu 2 Meter hoch und sehr schwer werden kann.<\/li>\n<li>Verwenden Sie hochwertige und durchl\u00e4ssige Erde. Oleander bevorzugt kalkhaltige, nahrhafte Erde. Um die Struktur zu verbessern, k\u00f6nnen Sie auch etwas Gartenerde untermischen.<\/li>\n<li>Nach dem Umtopfen die Erde andr\u00fccken, um die Pflanze zu stabilisieren.<\/li>\n<li>Im neuen Zuhause angekommen, braucht der Oleander viel Wasser. Gie\u00dfen Sie gut an, schon allein, damit sich die Erde setzen kann und Hohlr\u00e4ume geschlossen werden.<\/li>\n<\/ol>\n<h2><span class=\"ez-toc-section\" id=\"Der_Oleander_im_Winter\"><\/span>Der Oleander im Winter<span class=\"ez-toc-section-end\"><\/span><\/h2>\n<p><a href=\"https:\/\/www.samenhaus.de\/gartenblog\/wp-content\/uploads\/2025\/04\/Olenander_409764325-scaled.jpeg\"><img loading=\"lazy\" decoding=\"async\" class=\"alignright wp-image-21267\" src=\"https:\/\/www.samenhaus.de\/gartenblog\/wp-content\/uploads\/2025\/04\/Olenander_409764325-600x400.jpeg\" alt=\"Oleander im Winter\" width=\"300\" height=\"200\" srcset=\"https:\/\/www.samenhaus.de\/gartenblog\/wp-content\/uploads\/2025\/04\/Olenander_409764325-600x400.jpeg 600w, https:\/\/www.samenhaus.de\/gartenblog\/wp-content\/uploads\/2025\/04\/Olenander_409764325-1024x683.jpeg 1024w, https:\/\/www.samenhaus.de\/gartenblog\/wp-content\/uploads\/2025\/04\/Olenander_409764325-768x512.jpeg 768w, https:\/\/www.samenhaus.de\/gartenblog\/wp-content\/uploads\/2025\/04\/Olenander_409764325-1536x1024.jpeg 1536w, https:\/\/www.samenhaus.de\/gartenblog\/wp-content\/uploads\/2025\/04\/Olenander_409764325-scaled.jpeg 2048w\" sizes=\"auto, (max-width: 300px) 100vw, 300px\" \/><\/a>Oleander ist in der Regel nicht oder nur bedingt winterhart. Kurzzeitige Temperaturen um den Gefrierpunkt machen ihm normalerweise nichts aus, sodass er in milden Regionen durchaus auch drau\u00dfen \u00fcberwintern oder im Beet ausgepflanzt werden kann. Dann sollten Sie ihn allerdings entsprechend mit Mulch, Vlies etc. sch\u00fctzen. Ansonsten kommt Oleander vor der kalten Jahreszeit ins Winterquartier.<\/p>\n<p>Der Standort im Winter sollte k\u00fchl und hell bei Temperaturen zwischen 5 und 10 Grad sein. Ideal sind zum Beispiel ein ungeheizter Wintergarten, ein helles Treppenhaus oder ein heller Kellerraum. Alternativ kann er auch bei Temperaturen bis zu 15 Grad gelagert werden. Da Oleander im Winter ruht, braucht er deutlich weniger Wasser als im Sommer. Halten Sie die Erde nur leicht feucht, oberfl\u00e4chlich darf sie antrocknen, aber nie vollst\u00e4ndig austrocknen. Wichtig ist auch ein regelm\u00e4\u00dfiger Luftaustausch, damit sich kein Schimmel bildet. Vermeiden Sie zudem eine zu niedrige Luftfeuchtigkeit, da sich sonst Sch\u00e4dlinge breitmachen k\u00f6nnen.<\/p>\n<p>Denken Sie vor der Anschaffung eines Oleanders daran, dass dieser gro\u00df und schwer wird. Gerade dann, wenn er ins Winterquartier muss, sollte gen\u00fcgend Platz vorhanden sein. Auch werden Sie den K\u00fcbel nicht einfach alleine wegtragen k\u00f6nnen \u2013 hier ben\u00f6tigen Sie weitere kr\u00e4ftige H\u00e4nde. Alternativ bieten Unternehmen an, nicht winterharte Pflanzen abzuholen und in der kalten Jahreszeit in \u00dcberwinterungsh\u00e4usern zu lagern.<\/p>\n<h2><span class=\"ez-toc-section\" id=\"Der_Oleander_nach_dem_Winter\"><\/span>Der Oleander nach dem Winter<span class=\"ez-toc-section-end\"><\/span><\/h2>\n<p>Sobald die Temperaturen auch nachts nicht mehr im Bereich des Gefrierpunktes liegen, darf der Oleander wieder nach drau\u00dfen. Beim Auswintern sollten Sie aber ein paar Punkte beachten:<\/p>\n<ol>\n<li>Gew\u00f6hnen Sie die Pflanze langsam an die Sonne. Zuerst stellen Sie den Oleander an einen halbschattigen Platz, damit Sonnenbrand auf den Bl\u00e4ttern vermieden wird.<\/li>\n<li>Steigern Sie das Sonnenlicht schrittweise, indem Sie die Pflanze immer weiter in die Sonne r\u00fccken.<\/li>\n<li>Sobald der Oleander wieder drau\u00dfen steht, passen Sie auch die Gie\u00dfgaben an. Im Freien und bei h\u00f6heren Temperaturen braucht der Strauch deutlich mehr Wasser.<\/li>\n<\/ol>\n<h2><span class=\"ez-toc-section\" id=\"Die_Giftigkeit_von_Oleander\"><\/span>Die Giftigkeit von Oleander<span class=\"ez-toc-section-end\"><\/span><\/h2>\n<p><a href=\"https:\/\/www.samenhaus.de\/gartenblog\/wp-content\/uploads\/2025\/04\/Olenander_85797204-scaled.jpeg\"><img loading=\"lazy\" decoding=\"async\" class=\"wp-image-21265 alignright\" src=\"https:\/\/www.samenhaus.de\/gartenblog\/wp-content\/uploads\/2025\/04\/Olenander_85797204-600x400.jpeg\" alt=\"Oleanderbl\u00fcte\" width=\"300\" height=\"200\" srcset=\"https:\/\/www.samenhaus.de\/gartenblog\/wp-content\/uploads\/2025\/04\/Olenander_85797204-600x400.jpeg 600w, https:\/\/www.samenhaus.de\/gartenblog\/wp-content\/uploads\/2025\/04\/Olenander_85797204-1024x683.jpeg 1024w, https:\/\/www.samenhaus.de\/gartenblog\/wp-content\/uploads\/2025\/04\/Olenander_85797204-768x512.jpeg 768w, https:\/\/www.samenhaus.de\/gartenblog\/wp-content\/uploads\/2025\/04\/Olenander_85797204-1536x1024.jpeg 1536w, https:\/\/www.samenhaus.de\/gartenblog\/wp-content\/uploads\/2025\/04\/Olenander_85797204-scaled.jpeg 2048w\" sizes=\"auto, (max-width: 300px) 100vw, 300px\" \/><\/a>Oleander ist giftig und hat mehrere toxische Substanzen, darunter Oleandrin, Neriosid und Glykoside. Diese Stoffe sind in allen Pflanzenteilen enthalten, also in Bl\u00e4ttern und Bl\u00fcten ebenso, wie in der Rinde, den Wurzeln und in den Samen. Sie k\u00f6nnen f\u00fcr Menschen und Haustiere gef\u00e4hrlich sein.<\/p>\n<ul>\n<li>Menschen: Der Verzehr oder das Kauen von Pflanzenteilen kann zu Symptomen wie \u00dcbelkeit, Erbrechen, Bauchschmerzen, Durchfall, Herzrhythmusst\u00f6rungen in im schlimmsten Fall zum Herzstillstand f\u00fchren. Alleine das Ber\u00fchren des Pflanzensaftes kann bei empfindlichen Personen Hautreizungen hervorrufen.<\/li>\n<li>Tiere: Oleander ist hochgiftig f\u00fcr viele Haustiere. Schon kleine Mengen k\u00f6nnen bei Tieren zu Erbrechen, Zittern, Herzrhythmusst\u00f6rungen und Atemprobleme f\u00fchren, im schlimmsten Fall kann dies t\u00f6dlich enden.<\/li>\n<\/ul>\n<p>Folgende Vorsichtsma\u00dfnahmen sollten Sie beachten:<\/p>\n<ul>\n<li>Stellen Sie Oleander immer au\u00dferhalb der Reichweite von Kindern und Haustieren auf.<\/li>\n<li>Beim Schneiden oder Umtopfen sollten Sie Handschuhe tragen und den direkten Hautkontakt mit dem Pflanzensaft vermeiden.<\/li>\n<li>Verwelkte oder heruntergefallene Bl\u00e4tter und Bl\u00fcten sollten Sie so schnell wie m\u00f6glich entfernen, um versehentlichen Kontakt oder Verschlucken zu vermeiden.<\/li>\n<\/ul>\n<p>Krankheiten und Sch\u00e4dlinge am Oleande<strong>r<\/strong><\/p>\n<p>In der Regel ist Oleander recht robust, kann bei falscher Pflege aber auch von Krankheiten und Sch\u00e4dlingen befallen werden.<\/p>\n<ul>\n<li><strong>Oleanderkrebs<\/strong><\/li>\n<\/ul>\n<p>Das sogenannte Pseudomonas-Bakterium verursacht Knospen- und Bl\u00fctendeformationen sowie schwarze Flecken und Wucherungen an St\u00e4ngeln, in Blattachseln und an Bl\u00e4ttern. Die Krankheit tritt oft bei geschw\u00e4chten Pflanzen auf und kann in feuchten, k\u00fchlen Bedingungen problematisch werden \u2013 vor allem im Fr\u00fchling und im Herbst, wenn das Wetter wechselhaft und die Luftfeuchtigkeit hoch ist. Das Bakterium kann durch Schnittstellen und Verletzungen in die Pflanze eindringen.<\/p>\n<p>Befallene Pflanzenteile sollten entfernt und entsorgt werden, damit sich die Krankheit nicht weiter ausbreitet. Dazu schneiden Sie das betroffene Pflanzenteil mindestens 10 Zentimeter unterhalb der Wucherung oder Deformation ab. Arbeiten Sie immer mit desinfizierten Gartenscheren und Messer. Auch Schnittstellen sollten sie direkt desinfizieren, etwa mit einer Mischung aus Essig (1 Teil) und Wasser (3 Teile). Auf die Wunde kann zudem Zimt als nat\u00fcrliche Wundpaste aufgetragen werden \u2013 Zimt hat eine antibakterielle Wirkung.<\/p>\n<ul>\n<li><strong>Ru\u00df- oder Mehltau<\/strong><\/li>\n<\/ul>\n<p>Diese beiden Pilzkrankheiten k\u00f6nnen vor allem bei schwankenden Temperaturen und hoher Luftfeuchtigkeit auftreten. Betroffene Teile sollten Sie gro\u00dfz\u00fcgig entfernen und die Pflanze anschlie\u00dfend mit einer Schmierseifenl\u00f6sung (1 Teel\u00f6ffel Schmierseife, 1 Teel\u00f6ffel Spiritus, 1 Liter Wasser) einspr\u00fchen und dies alle paar Tage wiederholen. Diese Behandlung wird bei Ru\u00dftau eingesetzt. Gegen Mehltau hilft eine Milch-Wasser-Mischung im Verh\u00e4ltnis 1:9 oder eine Packpulverl\u00f6sung (1 Teel\u00f6ffel Backpulver, ein paar Tropfen Sp\u00fclmittel, 1 Liter Wasser). Zur Vorbeugung sollten Sie f\u00fcr gute Bel\u00fcftung sorgen und regelm\u00e4\u00dfig kontrollieren. Starke Pflanzen sind nicht so anf\u00e4llig, daher immer ans D\u00fcngen denken!<\/p>\n<ul>\n<li><strong>Blattl\u00e4use<\/strong><\/li>\n<\/ul>\n<p>Im Fr\u00fchling und Sommer machen sich gerne Blattl\u00e4use auf dem Oleander breit und saugen den Pflanzensaft aus. Besonders anf\u00e4llig ist die Pflanze, wenn sie aus dem Winterquartier kommt, denn dann ist sie noch nicht so robust. Bevorzugt werden von den Blattl\u00e4usen junge Triebe, Knospen und junge Bl\u00e4tter. Durch das Aussaugen des Pflanzensaftes verwelken befallen Stellen und sterben schlie\u00dflich ab. Treten Blattl\u00e4use auf, k\u00f6nnen Sie diese mit einer Seifenl\u00f6sung (1 Teel\u00f6ffel Schmier- oder Kernseife, 1 Liter Wasser) bek\u00e4mpfen. Auch Knoblauchsud (3-4 Knoblauchzehen, 1 Liter Wasser) oder Brennnesselsud (100 g frische Brennnesseln, 1 Liter Wasser), sowie eine Essigl\u00f6sung (1 Essl\u00f6ffel Essig, 1 Liter Wasser) sind beliebte Hausmittel.<\/p>\n<ul>\n<li><strong>Spinnmilben<\/strong><\/li>\n<\/ul>\n<p>Die Sch\u00e4dlinge treten vor allem in trockenen und warmen Umgebungen auf, insbesondere im Winterquartier, aber auch im sp\u00e4ten Fr\u00fchling oder im Sommer. Achten Sie daher darauf, dass der Oleander nicht zu warm steht und ein regelm\u00e4\u00dfiger Luftaustausch stattfindet. Spinnmilben zeigen sich durch feine Gespinste an den Blattunterseiten und zwischen den Bl\u00e4ttern. Gelbliche Punkte auf den Bl\u00e4ttern und in der Folge verwelkte und abfallende sind Warnzeichen. Die Milben saugen die Bl\u00e4tter aus und schw\u00e4chen die Pflanze, wodurch die Bl\u00fctenbildung vermindert wird und das Infektionsrisiko steigt.<\/p>\n<p>Spinnmilben k\u00f6nnen Sie mit regelm\u00e4\u00dfigem Bespr\u00fchen der Pflanze mit Wasser bek\u00e4mpfen, da die Sch\u00e4dlinge trockene Bedingungen bevorzugen. Auch eine Schmierseifenl\u00f6sung (1 Teel\u00f6ffel Schmierseife, 1 Liter Wasser), ein Knoblauchsud (3-4 Knoblauchzehen, 1 Liter Wasser) oder eine Raps\u00f6lmischung (einige Tropfen Raps\u00f6l, 1 Liter Wasser) helfen.<\/p>\n<ul>\n<li><strong>Schildl\u00e4use<\/strong><\/li>\n<\/ul>\n<p>Auch Schildl\u00e4use sind vor allem im Winterquartier zu finden, wenn die Luft zu warm und zu trocken ist. Aber auch im Fr\u00fchsommer k\u00f6nnen die Sch\u00e4dlinge auftreten, erst recht dann, wenn die Pflanze aus dem Winterquartier kommt und noch schwach ist. Schildl\u00e4use erscheinen als kleine, erhabene Panzerschilde an St\u00e4ngeln, Blattunterseiten und Blattachseln. Die Pflanze zeigt eine gelbliche Verf\u00e4rbung, die Bl\u00e4tter k\u00f6nnen verkr\u00fcppeln und abfallen, da die L\u00e4use den Saft aussaugen. Zudem produzieren sie klebrigen Honigtau, der die Pflanze anf\u00e4llig f\u00fcr Ru\u00dftaupilze macht.<\/p>\n<p>Kontrollieren Sie regelm\u00e4\u00dfig und wischen oder kratzen sie Schildl\u00e4use bei Befall vorsichtig ab. Weiterhin kann eine Schmierseifenl\u00f6sung (1 Teel\u00f6ffel Schmierseife, 1 Liter Wasser), ein \u00d6lspray (einige Tropfen Oliven- oder Raps\u00f6l, 1 Liter Wasser) oder eine Alkohol-Wasser-Mischung (1 Teil 70 prozentiger Alkohol, 9 Teile Wasser) helfen.<\/p>\n","protected":false},"excerpt":{"rendered":"<p>Der Oleander ist eine mediterrane Pflanze, die auch bei uns in Deutschland immer \u00f6fter zu sehen ist. Allerdings nur als K\u00fcbelpflanze, denn Oleander ist aufgrund seiner Herkunft nicht winterhart und h\u00e4lt keine Minusgrad aus, wenngleich er in milden Regionen auch ausgepflanzt werden k\u00f6nnte \u2013 dazu gleich noch mehr. Der immergr\u00fcne Strauch ist sehr pflegeleicht und verw\u00f6hnt uns mit \u00fcppiger Bl\u00fctenpracht. Oleander \u2013 ein Steckbrief Name: Oleander Alternativer Name: Rosenlorbeer Wissenschaftlicher Name: Nerium oleander Familie: Hundsgiftgew\u00e4chse Arten: 1 Sorten: \u00fcber 200 Wuchsh\u00f6he: im K\u00fcbel ca. 2 Meter, ausgepflanzt erreicht er bis zu 6 Meter Bl\u00fctezeit: Juni bis September Bl\u00fctenfarben: Wei\u00df, Rosa, Rot, Gelb Herkunft: Mittelmeerraum, Nordafrika, Naher Osten, Indien, subtropische bis mediterrane Klimazonen Oleander ist giftig Oleander ist nicht winterhart Oleander ist immergr\u00fcn Der passende Standort Oleander wird \u2013 wie schon erw\u00e4hnt \u2013 im K\u00fcbel gehalten. Dadurch ist es ein Leichtes, den besten Standort zu finden und diesen auch mal zu \u00e4ndern, wenn es n\u00f6tig w\u00e4re. Da Oleander eine mediterrane Pflanze ist, mag er es warm und sonnig. Er brauch viel Licht, um reichlich Bl\u00fcten zu bilden. Zwar kann er auch im Schatten stehen, bl\u00fcht dann aber nur sp\u00e4rlich. Ansonsten ist es wichtig, dass die Pflanze windgesch\u00fctzt aufgestellt wird. Die Pflege [&hellip;]<\/p>\n","protected":false},"author":13,"featured_media":21268,"comment_status":"open","ping_status":"open","sticky":false,"template":"","format":"standard","meta":{"_acf_changed":false,"footnotes":""},"categories":[13],"tags":[],"hersteller":[],"class_list":["post-20310","post","type-post","status-publish","format-standard","has-post-thumbnail","hentry","category-blumen"],"acf":[],"yoast_head":"<!-- This site is optimized with the Yoast SEO plugin v27.4 - https:\/\/yoast.com\/product\/yoast-seo-wordpress\/ -->\n<title>Oleander \u2013 Bl\u00fctenmeer von Juli bis September - Samenhaus Gartenblog<\/title>\n<meta name=\"description\" content=\"Oleander geh\u00f6rt zu den beliebtesten K\u00fcbelpflanzen. Mit seinen unz\u00e4hligen Bl\u00fcten, die es in vielen Farben gibt, bl\u00fcht er den ganzen Sommer.\" \/>\n<meta name=\"robots\" content=\"index, follow, max-snippet:-1, max-image-preview:large, max-video-preview:-1\" \/>\n<link rel=\"canonical\" href=\"https:\/\/www.samenhaus.de\/gartenblog\/oleander-bluetenmeer-von-juli-bis-september\" \/>\n<meta property=\"og:locale\" content=\"de_DE\" \/>\n<meta property=\"og:type\" content=\"article\" \/>\n<meta property=\"og:title\" content=\"Oleander \u2013 Bl\u00fctenmeer von Juli bis September - Samenhaus Gartenblog\" \/>\n<meta property=\"og:description\" content=\"Oleander geh\u00f6rt zu den beliebtesten K\u00fcbelpflanzen. Mit seinen unz\u00e4hligen Bl\u00fcten, die es in vielen Farben gibt, bl\u00fcht er den ganzen Sommer.\" \/>\n<meta property=\"og:url\" content=\"https:\/\/www.samenhaus.de\/gartenblog\/oleander-bluetenmeer-von-juli-bis-september\" \/>\n<meta property=\"og:site_name\" content=\"Samenhaus Gartenblog\" \/>\n<meta property=\"article:publisher\" content=\"https:\/\/de-de.facebook.com\/samenhaus\" \/>\n<meta property=\"article:published_time\" content=\"2025-04-16T07:00:51+00:00\" \/>\n<meta property=\"article:modified_time\" content=\"2025-04-17T12:52:58+00:00\" \/>\n<meta property=\"og:image\" content=\"https:\/\/www.samenhaus.de\/gartenblog\/wp-content\/uploads\/2025\/04\/Olenander_437615891.jpg\" \/>\n\t<meta property=\"og:image:width\" content=\"1000\" \/>\n\t<meta property=\"og:image:height\" content=\"563\" \/>\n\t<meta property=\"og:image:type\" content=\"image\/jpeg\" \/>\n<meta name=\"author\" content=\"Holger\" \/>\n<meta name=\"twitter:card\" content=\"summary_large_image\" \/>\n<meta name=\"twitter:creator\" content=\"@samenhaus\" \/>\n<meta name=\"twitter:site\" content=\"@samenhaus\" \/>\n<meta name=\"twitter:label1\" content=\"Verfasst von\" \/>\n\t<meta name=\"twitter:data1\" content=\"Holger\" \/>\n\t<meta name=\"twitter:label2\" content=\"Gesch\u00e4tzte Lesezeit\" \/>\n\t<meta name=\"twitter:data2\" content=\"12\u00a0Minuten\" \/>\n<script type=\"application\/ld+json\" class=\"yoast-schema-graph\">{\"@context\":\"https:\\\/\\\/schema.org\",\"@graph\":[{\"@type\":\"Article\",\"@id\":\"https:\\\/\\\/www.samenhaus.de\\\/gartenblog\\\/oleander-bluetenmeer-von-juli-bis-september#article\",\"isPartOf\":{\"@id\":\"https:\\\/\\\/www.samenhaus.de\\\/gartenblog\\\/oleander-bluetenmeer-von-juli-bis-september\"},\"author\":{\"name\":\"Holger\",\"@id\":\"https:\\\/\\\/www.samenhaus.de\\\/gartenblog\\\/#\\\/schema\\\/person\\\/de169769587431893823f62b2ce06c04\"},\"headline\":\"Oleander \u2013 Bl\u00fctenmeer von Juli bis September\",\"datePublished\":\"2025-04-16T07:00:51+00:00\",\"dateModified\":\"2025-04-17T12:52:58+00:00\",\"mainEntityOfPage\":{\"@id\":\"https:\\\/\\\/www.samenhaus.de\\\/gartenblog\\\/oleander-bluetenmeer-von-juli-bis-september\"},\"wordCount\":1971,\"commentCount\":0,\"publisher\":{\"@id\":\"https:\\\/\\\/www.samenhaus.de\\\/gartenblog\\\/#organization\"},\"image\":{\"@id\":\"https:\\\/\\\/www.samenhaus.de\\\/gartenblog\\\/oleander-bluetenmeer-von-juli-bis-september#primaryimage\"},\"thumbnailUrl\":\"https:\\\/\\\/www.samenhaus.de\\\/gartenblog\\\/wp-content\\\/uploads\\\/2025\\\/04\\\/Olenander_437615891.jpg\",\"articleSection\":[\"Blumen\"],\"inLanguage\":\"de\",\"potentialAction\":[{\"@type\":\"CommentAction\",\"name\":\"Comment\",\"target\":[\"https:\\\/\\\/www.samenhaus.de\\\/gartenblog\\\/oleander-bluetenmeer-von-juli-bis-september#respond\"]}],\"copyrightYear\":\"2025\",\"copyrightHolder\":{\"@id\":\"https:\\\/\\\/www.samenhaus.de\\\/gartenblog\\\/#organization\"}},{\"@type\":\"WebPage\",\"@id\":\"https:\\\/\\\/www.samenhaus.de\\\/gartenblog\\\/oleander-bluetenmeer-von-juli-bis-september\",\"url\":\"https:\\\/\\\/www.samenhaus.de\\\/gartenblog\\\/oleander-bluetenmeer-von-juli-bis-september\",\"name\":\"Oleander \u2013 Bl\u00fctenmeer von Juli bis September - Samenhaus Gartenblog\",\"isPartOf\":{\"@id\":\"https:\\\/\\\/www.samenhaus.de\\\/gartenblog\\\/#website\"},\"primaryImageOfPage\":{\"@id\":\"https:\\\/\\\/www.samenhaus.de\\\/gartenblog\\\/oleander-bluetenmeer-von-juli-bis-september#primaryimage\"},\"image\":{\"@id\":\"https:\\\/\\\/www.samenhaus.de\\\/gartenblog\\\/oleander-bluetenmeer-von-juli-bis-september#primaryimage\"},\"thumbnailUrl\":\"https:\\\/\\\/www.samenhaus.de\\\/gartenblog\\\/wp-content\\\/uploads\\\/2025\\\/04\\\/Olenander_437615891.jpg\",\"datePublished\":\"2025-04-16T07:00:51+00:00\",\"dateModified\":\"2025-04-17T12:52:58+00:00\",\"description\":\"Oleander geh\u00f6rt zu den beliebtesten K\u00fcbelpflanzen. Mit seinen unz\u00e4hligen Bl\u00fcten, die es in vielen Farben gibt, bl\u00fcht er den ganzen Sommer.\",\"breadcrumb\":{\"@id\":\"https:\\\/\\\/www.samenhaus.de\\\/gartenblog\\\/oleander-bluetenmeer-von-juli-bis-september#breadcrumb\"},\"inLanguage\":\"de\",\"potentialAction\":[{\"@type\":\"ReadAction\",\"target\":[\"https:\\\/\\\/www.samenhaus.de\\\/gartenblog\\\/oleander-bluetenmeer-von-juli-bis-september\"]}]},{\"@type\":\"ImageObject\",\"inLanguage\":\"de\",\"@id\":\"https:\\\/\\\/www.samenhaus.de\\\/gartenblog\\\/oleander-bluetenmeer-von-juli-bis-september#primaryimage\",\"url\":\"https:\\\/\\\/www.samenhaus.de\\\/gartenblog\\\/wp-content\\\/uploads\\\/2025\\\/04\\\/Olenander_437615891.jpg\",\"contentUrl\":\"https:\\\/\\\/www.samenhaus.de\\\/gartenblog\\\/wp-content\\\/uploads\\\/2025\\\/04\\\/Olenander_437615891.jpg\",\"width\":1000,\"height\":563,\"caption\":\"rosa Oleander\"},{\"@type\":\"BreadcrumbList\",\"@id\":\"https:\\\/\\\/www.samenhaus.de\\\/gartenblog\\\/oleander-bluetenmeer-von-juli-bis-september#breadcrumb\",\"itemListElement\":[{\"@type\":\"ListItem\",\"position\":1,\"name\":\"Startseite\",\"item\":\"https:\\\/\\\/www.samenhaus.de\\\/gartenblog\\\/\"},{\"@type\":\"ListItem\",\"position\":2,\"name\":\"Oleander \u2013 Bl\u00fctenmeer von Juli bis September\"}]},{\"@type\":\"WebSite\",\"@id\":\"https:\\\/\\\/www.samenhaus.de\\\/gartenblog\\\/#website\",\"url\":\"https:\\\/\\\/www.samenhaus.de\\\/gartenblog\\\/\",\"name\":\"Samenhaus Gartenblog\",\"description\":\"\",\"publisher\":{\"@id\":\"https:\\\/\\\/www.samenhaus.de\\\/gartenblog\\\/#organization\"},\"potentialAction\":[{\"@type\":\"SearchAction\",\"target\":{\"@type\":\"EntryPoint\",\"urlTemplate\":\"https:\\\/\\\/www.samenhaus.de\\\/gartenblog\\\/?s={search_term_string}\"},\"query-input\":{\"@type\":\"PropertyValueSpecification\",\"valueRequired\":true,\"valueName\":\"search_term_string\"}}],\"inLanguage\":\"de\"},{\"@type\":\"Organization\",\"@id\":\"https:\\\/\\\/www.samenhaus.de\\\/gartenblog\\\/#organization\",\"name\":\"Samenhaus.de Gartenblog\",\"url\":\"https:\\\/\\\/www.samenhaus.de\\\/gartenblog\\\/\",\"logo\":{\"@type\":\"ImageObject\",\"inLanguage\":\"de\",\"@id\":\"https:\\\/\\\/www.samenhaus.de\\\/gartenblog\\\/#\\\/schema\\\/logo\\\/image\\\/\",\"url\":\"https:\\\/\\\/www.samenhaus.de\\\/gartenblog\\\/wp-content\\\/uploads\\\/2020\\\/11\\\/logo.svg\",\"contentUrl\":\"https:\\\/\\\/www.samenhaus.de\\\/gartenblog\\\/wp-content\\\/uploads\\\/2020\\\/11\\\/logo.svg\",\"width\":1,\"height\":1,\"caption\":\"Samenhaus.de Gartenblog\"},\"image\":{\"@id\":\"https:\\\/\\\/www.samenhaus.de\\\/gartenblog\\\/#\\\/schema\\\/logo\\\/image\\\/\"},\"sameAs\":[\"https:\\\/\\\/de-de.facebook.com\\\/samenhaus\",\"https:\\\/\\\/x.com\\\/samenhaus\"]},{\"@type\":\"Person\",\"@id\":\"https:\\\/\\\/www.samenhaus.de\\\/gartenblog\\\/#\\\/schema\\\/person\\\/de169769587431893823f62b2ce06c04\",\"name\":\"Holger\",\"image\":{\"@type\":\"ImageObject\",\"inLanguage\":\"de\",\"@id\":\"https:\\\/\\\/www.samenhaus.de\\\/gartenblog\\\/wp-content\\\/uploads\\\/2026\\\/03\\\/Holger-150x150.png\",\"url\":\"https:\\\/\\\/www.samenhaus.de\\\/gartenblog\\\/wp-content\\\/uploads\\\/2026\\\/03\\\/Holger-150x150.png\",\"contentUrl\":\"https:\\\/\\\/www.samenhaus.de\\\/gartenblog\\\/wp-content\\\/uploads\\\/2026\\\/03\\\/Holger-150x150.png\",\"caption\":\"Holger\"},\"description\":\"6.000.000 W\u00f6rter \u2013 so viel k\u00f6nnen Sie in etwa von mir online lesen. Das F\u00fcllen des Internets entwickelte sich nach meiner Ausbildung zum TV-Redakteur und der langj\u00e4hrigen Arbeit bei SAT.1 zu einem Fulltime-Job. Trotzdem finde ich noch gen\u00fcgend Zeit, um in meinem Garten zu werkeln. Eine Staude hier, ein Bl\u00fcmchen dort und ein bisschen Gem\u00fcse darf auch nicht fehlen \u2013 einen Schnitzelbaum gibt es ja noch nicht \u2026 Die besten geistigen Erg\u00fcsse habe ich \u00fcbrigens, wenn ich IM Garten \u00dcBER den Garten schreiben kann. So vereinen sich Beruf und Hobby perfekt \u2013 was gibt es Sch\u00f6neres?\",\"url\":\"https:\\\/\\\/www.samenhaus.de\\\/gartenblog\\\/author\\\/holger\"}]}<\/script>\n<!-- \/ Yoast SEO plugin. -->","yoast_head_json":{"title":"Oleander \u2013 Bl\u00fctenmeer von Juli bis September - Samenhaus Gartenblog","description":"Oleander geh\u00f6rt zu den beliebtesten K\u00fcbelpflanzen. Mit seinen unz\u00e4hligen Bl\u00fcten, die es in vielen Farben gibt, bl\u00fcht er den ganzen Sommer.","robots":{"index":"index","follow":"follow","max-snippet":"max-snippet:-1","max-image-preview":"max-image-preview:large","max-video-preview":"max-video-preview:-1"},"canonical":"https:\/\/www.samenhaus.de\/gartenblog\/oleander-bluetenmeer-von-juli-bis-september","og_locale":"de_DE","og_type":"article","og_title":"Oleander \u2013 Bl\u00fctenmeer von Juli bis September - Samenhaus Gartenblog","og_description":"Oleander geh\u00f6rt zu den beliebtesten K\u00fcbelpflanzen. Mit seinen unz\u00e4hligen Bl\u00fcten, die es in vielen Farben gibt, bl\u00fcht er den ganzen Sommer.","og_url":"https:\/\/www.samenhaus.de\/gartenblog\/oleander-bluetenmeer-von-juli-bis-september","og_site_name":"Samenhaus Gartenblog","article_publisher":"https:\/\/de-de.facebook.com\/samenhaus","article_published_time":"2025-04-16T07:00:51+00:00","article_modified_time":"2025-04-17T12:52:58+00:00","og_image":[{"width":1000,"height":563,"url":"https:\/\/www.samenhaus.de\/gartenblog\/wp-content\/uploads\/2025\/04\/Olenander_437615891.jpg","type":"image\/jpeg"}],"author":"Holger","twitter_card":"summary_large_image","twitter_creator":"@samenhaus","twitter_site":"@samenhaus","twitter_misc":{"Verfasst von":"Holger","Gesch\u00e4tzte Lesezeit":"12\u00a0Minuten"},"schema":{"@context":"https:\/\/schema.org","@graph":[{"@type":"Article","@id":"https:\/\/www.samenhaus.de\/gartenblog\/oleander-bluetenmeer-von-juli-bis-september#article","isPartOf":{"@id":"https:\/\/www.samenhaus.de\/gartenblog\/oleander-bluetenmeer-von-juli-bis-september"},"author":{"name":"Holger","@id":"https:\/\/www.samenhaus.de\/gartenblog\/#\/schema\/person\/de169769587431893823f62b2ce06c04"},"headline":"Oleander \u2013 Bl\u00fctenmeer von Juli bis September","datePublished":"2025-04-16T07:00:51+00:00","dateModified":"2025-04-17T12:52:58+00:00","mainEntityOfPage":{"@id":"https:\/\/www.samenhaus.de\/gartenblog\/oleander-bluetenmeer-von-juli-bis-september"},"wordCount":1971,"commentCount":0,"publisher":{"@id":"https:\/\/www.samenhaus.de\/gartenblog\/#organization"},"image":{"@id":"https:\/\/www.samenhaus.de\/gartenblog\/oleander-bluetenmeer-von-juli-bis-september#primaryimage"},"thumbnailUrl":"https:\/\/www.samenhaus.de\/gartenblog\/wp-content\/uploads\/2025\/04\/Olenander_437615891.jpg","articleSection":["Blumen"],"inLanguage":"de","potentialAction":[{"@type":"CommentAction","name":"Comment","target":["https:\/\/www.samenhaus.de\/gartenblog\/oleander-bluetenmeer-von-juli-bis-september#respond"]}],"copyrightYear":"2025","copyrightHolder":{"@id":"https:\/\/www.samenhaus.de\/gartenblog\/#organization"}},{"@type":"WebPage","@id":"https:\/\/www.samenhaus.de\/gartenblog\/oleander-bluetenmeer-von-juli-bis-september","url":"https:\/\/www.samenhaus.de\/gartenblog\/oleander-bluetenmeer-von-juli-bis-september","name":"Oleander \u2013 Bl\u00fctenmeer von Juli bis September - Samenhaus Gartenblog","isPartOf":{"@id":"https:\/\/www.samenhaus.de\/gartenblog\/#website"},"primaryImageOfPage":{"@id":"https:\/\/www.samenhaus.de\/gartenblog\/oleander-bluetenmeer-von-juli-bis-september#primaryimage"},"image":{"@id":"https:\/\/www.samenhaus.de\/gartenblog\/oleander-bluetenmeer-von-juli-bis-september#primaryimage"},"thumbnailUrl":"https:\/\/www.samenhaus.de\/gartenblog\/wp-content\/uploads\/2025\/04\/Olenander_437615891.jpg","datePublished":"2025-04-16T07:00:51+00:00","dateModified":"2025-04-17T12:52:58+00:00","description":"Oleander geh\u00f6rt zu den beliebtesten K\u00fcbelpflanzen. Mit seinen unz\u00e4hligen Bl\u00fcten, die es in vielen Farben gibt, bl\u00fcht er den ganzen Sommer.","breadcrumb":{"@id":"https:\/\/www.samenhaus.de\/gartenblog\/oleander-bluetenmeer-von-juli-bis-september#breadcrumb"},"inLanguage":"de","potentialAction":[{"@type":"ReadAction","target":["https:\/\/www.samenhaus.de\/gartenblog\/oleander-bluetenmeer-von-juli-bis-september"]}]},{"@type":"ImageObject","inLanguage":"de","@id":"https:\/\/www.samenhaus.de\/gartenblog\/oleander-bluetenmeer-von-juli-bis-september#primaryimage","url":"https:\/\/www.samenhaus.de\/gartenblog\/wp-content\/uploads\/2025\/04\/Olenander_437615891.jpg","contentUrl":"https:\/\/www.samenhaus.de\/gartenblog\/wp-content\/uploads\/2025\/04\/Olenander_437615891.jpg","width":1000,"height":563,"caption":"rosa Oleander"},{"@type":"BreadcrumbList","@id":"https:\/\/www.samenhaus.de\/gartenblog\/oleander-bluetenmeer-von-juli-bis-september#breadcrumb","itemListElement":[{"@type":"ListItem","position":1,"name":"Startseite","item":"https:\/\/www.samenhaus.de\/gartenblog\/"},{"@type":"ListItem","position":2,"name":"Oleander \u2013 Bl\u00fctenmeer von Juli bis September"}]},{"@type":"WebSite","@id":"https:\/\/www.samenhaus.de\/gartenblog\/#website","url":"https:\/\/www.samenhaus.de\/gartenblog\/","name":"Samenhaus Gartenblog","description":"","publisher":{"@id":"https:\/\/www.samenhaus.de\/gartenblog\/#organization"},"potentialAction":[{"@type":"SearchAction","target":{"@type":"EntryPoint","urlTemplate":"https:\/\/www.samenhaus.de\/gartenblog\/?s={search_term_string}"},"query-input":{"@type":"PropertyValueSpecification","valueRequired":true,"valueName":"search_term_string"}}],"inLanguage":"de"},{"@type":"Organization","@id":"https:\/\/www.samenhaus.de\/gartenblog\/#organization","name":"Samenhaus.de Gartenblog","url":"https:\/\/www.samenhaus.de\/gartenblog\/","logo":{"@type":"ImageObject","inLanguage":"de","@id":"https:\/\/www.samenhaus.de\/gartenblog\/#\/schema\/logo\/image\/","url":"https:\/\/www.samenhaus.de\/gartenblog\/wp-content\/uploads\/2020\/11\/logo.svg","contentUrl":"https:\/\/www.samenhaus.de\/gartenblog\/wp-content\/uploads\/2020\/11\/logo.svg","width":1,"height":1,"caption":"Samenhaus.de Gartenblog"},"image":{"@id":"https:\/\/www.samenhaus.de\/gartenblog\/#\/schema\/logo\/image\/"},"sameAs":["https:\/\/de-de.facebook.com\/samenhaus","https:\/\/x.com\/samenhaus"]},{"@type":"Person","@id":"https:\/\/www.samenhaus.de\/gartenblog\/#\/schema\/person\/de169769587431893823f62b2ce06c04","name":"Holger","image":{"@type":"ImageObject","inLanguage":"de","@id":"https:\/\/www.samenhaus.de\/gartenblog\/wp-content\/uploads\/2026\/03\/Holger-150x150.png","url":"https:\/\/www.samenhaus.de\/gartenblog\/wp-content\/uploads\/2026\/03\/Holger-150x150.png","contentUrl":"https:\/\/www.samenhaus.de\/gartenblog\/wp-content\/uploads\/2026\/03\/Holger-150x150.png","caption":"Holger"},"description":"6.000.000 W\u00f6rter \u2013 so viel k\u00f6nnen Sie in etwa von mir online lesen. Das F\u00fcllen des Internets entwickelte sich nach meiner Ausbildung zum TV-Redakteur und der langj\u00e4hrigen Arbeit bei SAT.1 zu einem Fulltime-Job. Trotzdem finde ich noch gen\u00fcgend Zeit, um in meinem Garten zu werkeln. Eine Staude hier, ein Bl\u00fcmchen dort und ein bisschen Gem\u00fcse darf auch nicht fehlen \u2013 einen Schnitzelbaum gibt es ja noch nicht \u2026 Die besten geistigen Erg\u00fcsse habe ich \u00fcbrigens, wenn ich IM Garten \u00dcBER den Garten schreiben kann. So vereinen sich Beruf und Hobby perfekt \u2013 was gibt es Sch\u00f6neres?","url":"https:\/\/www.samenhaus.de\/gartenblog\/author\/holger"}]}},"wp-worthy-pixel":{"ignored":false,"public":"471fb552be1945399d16c2c15166faed","server":"vg09.met.vgwort.de","url":"https:\/\/vg09.met.vgwort.de\/na\/471fb552be1945399d16c2c15166faed"},"wp-worthy-type":"normal","_links":{"self":[{"href":"https:\/\/www.samenhaus.de\/gartenblog\/wp-json\/wp\/v2\/posts\/20310","targetHints":{"allow":["GET"]}}],"collection":[{"href":"https:\/\/www.samenhaus.de\/gartenblog\/wp-json\/wp\/v2\/posts"}],"about":[{"href":"https:\/\/www.samenhaus.de\/gartenblog\/wp-json\/wp\/v2\/types\/post"}],"author":[{"embeddable":true,"href":"https:\/\/www.samenhaus.de\/gartenblog\/wp-json\/wp\/v2\/users\/13"}],"replies":[{"embeddable":true,"href":"https:\/\/www.samenhaus.de\/gartenblog\/wp-json\/wp\/v2\/comments?post=20310"}],"version-history":[{"count":7,"href":"https:\/\/www.samenhaus.de\/gartenblog\/wp-json\/wp\/v2\/posts\/20310\/revisions"}],"predecessor-version":[{"id":21271,"href":"https:\/\/www.samenhaus.de\/gartenblog\/wp-json\/wp\/v2\/posts\/20310\/revisions\/21271"}],"wp:featuredmedia":[{"embeddable":true,"href":"https:\/\/www.samenhaus.de\/gartenblog\/wp-json\/wp\/v2\/media\/21268"}],"wp:attachment":[{"href":"https:\/\/www.samenhaus.de\/gartenblog\/wp-json\/wp\/v2\/media?parent=20310"}],"wp:term":[{"taxonomy":"category","embeddable":true,"href":"https:\/\/www.samenhaus.de\/gartenblog\/wp-json\/wp\/v2\/categories?post=20310"},{"taxonomy":"post_tag","embeddable":true,"href":"https:\/\/www.samenhaus.de\/gartenblog\/wp-json\/wp\/v2\/tags?post=20310"},{"taxonomy":"hersteller","embeddable":true,"href":"https:\/\/www.samenhaus.de\/gartenblog\/wp-json\/wp\/v2\/hersteller?post=20310"}],"curies":[{"name":"wp","href":"https:\/\/api.w.org\/{rel}","templated":true}]}}