{"id":20418,"date":"2025-09-10T09:00:44","date_gmt":"2025-09-10T07:00:44","guid":{"rendered":"https:\/\/www.samenhaus.de\/gartenblog\/?p=20418"},"modified":"2025-08-07T12:57:11","modified_gmt":"2025-08-07T10:57:11","slug":"bunt-bunt-bunt-sind-alle-meine-blaetter","status":"publish","type":"post","link":"https:\/\/www.samenhaus.de\/gartenblog\/bunt-bunt-bunt-sind-alle-meine-blaetter","title":{"rendered":"Bunt, bunt, bunt sind alle meine Bl\u00e4tter"},"content":{"rendered":"<p>Es ist Herbstzeit. Jetzt werfen die meisten B\u00e4ume ihre Bl\u00e4tter ab. Oft werden sie achtlos zusammengefegt und weggeworfen. Dabei lassen sich viele Blattarten sehr gut kompostieren und als Kompost im Garten verwenden. Doch k\u00f6nnen Sie wirklich alle Bl\u00e4tter einfach kompostieren? Und was m\u00fcssen Sie dabei beachten?<\/p>\n<h2><span class=\"ez-toc-section\" id=\"Laub_kompostieren_%E2%80%93_darauf_sollten_Sie_achten\"><\/span>Laub kompostieren \u2013 darauf sollten Sie achten<span class=\"ez-toc-section-end\"><\/span><\/h2>\n<p>Prinzipiell lassen sich alle Bl\u00e4tter unserer B\u00e4ume kompostieren \u2013 die einen besser, die anderen schlechter. Einige Blattarten lassen sich sehr schwer kompostieren und ben\u00f6tigen lange, bevor aus ihnen eine richtige Komposterde geworden ist. Doch auch diese Laubarten sollten Sie nicht entsorgen, denn mit etwas Geduld wird daraus eine wunderbare Erde, die sich f\u00fcr bestimmte Pflanzen verwenden l\u00e4sst. Wichtig ist, dass Sie das Laub richtig kompostieren.<\/p>\n<h2><span class=\"ez-toc-section\" id=\"Soll_das_Laub_auf_den_Kompost\"><\/span>Soll das Laub auf den Kompost?<span class=\"ez-toc-section-end\"><\/span><\/h2>\n<p>Kleine Mengen Laub k\u00f6nnen Sie immer auf den Kompost werfen. Besser ist es aber, einen separaten Laubkompost anzusetzen. Einige Pflanzen m\u00f6gen diesen Kompost und gedeihen mit einer D\u00fcngung aus Laubkompost besonders gut. Au\u00dferdem k\u00f6nnen Sie Laubkompost hervorragender als organischen Mulch verwenden. Dadurch wird der Abfluss von Niederschl\u00e4gen verringert und die Verdunstung des Wassers aus dem Boden beschr\u00e4nkt.<\/p>\n<h2><span class=\"ez-toc-section\" id=\"Diese_Laubarten_lassen_sich_gut_kompostieren\"><\/span>Diese Laubarten lassen sich gut kompostieren<span class=\"ez-toc-section-end\"><\/span><\/h2>\n<p>Die meisten Laubarten verrotten sehr gut. Dazu geh\u00f6ren das Laub aller Obstb\u00e4ume. Aber auch Laub von Buche, Erle, Haselnuss, Linde und Weide verrottet sehr schnell. Und auch Birke, Ahorn und viele andere Laubarten sind ideal zum Kompostieren. Schon innerhalb eines Jahres entsteht aus dem Laub einer hervorragender Laubkompost, der auch als \u201eGold des G\u00e4rtners\u201c bezeichnet wird und ein sehr guter Ersatz f\u00fcr Torf ist. Mit einem Schnellkomposter und ein paar Zus\u00e4tzen geht es sogar schneller.<\/p>\n<h3><span class=\"ez-toc-section\" id=\"Wie_koennen_Sie_die_Kompostierung_beschleunigen\"><\/span>Wie k\u00f6nnen Sie die Kompostierung beschleunigen?<span class=\"ez-toc-section-end\"><\/span><\/h3>\n<p>Um der Kompostierung etwas auf die Spr\u00fcnge zu helfen, k\u00f6nnen Sie das Laub zerh\u00e4ckseln und mit anderen Komponenten mischen. Angereichert mit K\u00fcchenabf\u00e4llen, Rasenschnitt und Zweigen zersetzen sich die Bl\u00e4tter relativ schnell. Aber auch Steinmehl, Algenkalk oder Hornsp\u00e4ne beschleunigen die Kompostierung.<\/p>\n<h3><span class=\"ez-toc-section\" id=\"Fuer_diese_Laubarten_brauchen_Sie_etwas_Geduld\"><\/span>F\u00fcr diese Laubarten brauchen Sie etwas Geduld<span class=\"ez-toc-section-end\"><\/span><\/h3>\n<p>Besonders Laub, das viel Gerbs\u00e4ure enth\u00e4lt, braucht l\u00e4nger zum Zersetzen. Sie werden sicher schon Walnussbl\u00e4tter und Eichenlaub auch nach \u00fcber einem Jahr noch im Garten oder der Natur gefunden haben, bei denen der Verrottungsprozess noch nicht eingesetzt hat. Neben Walnuss und Eiche haben auch Ginkgo, Kastanie, Pappel und Ulme Laub, das etwas l\u00e4nger braucht. Bei diesen Laubarten sollten Sie den Kompostansatz gut vorbereiten.<\/p>\n<h3><span class=\"ez-toc-section\" id=\"So_kompostieren_Sie_Laub_das_nur_schwer_verrottet\"><\/span>So kompostieren Sie Laub, das nur schwer verrottet<span class=\"ez-toc-section-end\"><\/span><\/h3>\n<p>Das gerbs\u00e4urehaltiges Laub sollten Sie vor dem Kompostieren zerkleinern. Gehen Sie einfach mal mit dem Rasenm\u00e4her dar\u00fcber oder zerkleinern Sie es im H\u00e4cksler. Mischen Sie dem Laub Rasenschnitt, Hornsp\u00e4ne oder Holzasche zu und kompostieren Sie das Laub separat. Entweder Sie verwenden einen zweiten Komposter. Manchmal lesen Sie die Empfehlung, Laub in Plastiks\u00e4cken zu kompostieren. Das ist nicht vorteilhaft. Die Luft fehlt, Regenw\u00fcrmer finden keinen Weg in den Sack und die Rotte wird zu hei\u00df. Gerbs\u00e4urehaltiges Laub kann bis zu zwei Jahre und mehr brauchen, um zu verrotten. Keine Angst, die Gerbs\u00e4ure wird mit der Zeit zersetzt. Kompostieren Sie Laub mit viel Gerbs\u00e4ure nicht mit anderen Laubarten. Der Rotteprozess verz\u00f6gert sich dadurch.<\/p>\n<h2><span class=\"ez-toc-section\" id=\"Welche_Pflanzen_moegen_Laubkompost_aus_gerbsaeurehaltigen_Blaettern\"><\/span>Welche Pflanzen m\u00f6gen Laubkompost aus gerbs\u00e4urehaltigen Bl\u00e4ttern?<span class=\"ez-toc-section-end\"><\/span><\/h2>\n<p>Aus den Bl\u00e4ttern mit einem hohen Anteil an Gerbs\u00e4ure k\u00f6nnen Sie einen eigenen Kompost machen. Der Kompost ist vor allem f\u00fcr Waldpflanzen und Moorbeetpflanzen geeignet, denn er ist sauer. Pflanzen wie Azaleen, Hortensien, Rhododendron und Farne m\u00f6gen den Kompost und gedeihen pr\u00e4chtig. Sie k\u00f6nnen mit diesem Laubkompost auf den Kauf von Rhododendronerde verzichten. Neben Gerbs\u00e4ure werden bei der Kompostierung von diesen Laubbl\u00e4ttern auch keimhemmende Substanzen w\u00e4hrend der Rotte freigesetzt. Dieser Kompost sollte deshalb nicht auf Gem\u00fcsebeete. An anderer Stelle kann der unreife Kompost das Wachstum von Beikr\u00e4utern unterdr\u00fccken.<\/p>\n<h2><span class=\"ez-toc-section\" id=\"Wie_schnell_kompostieren_Laubblaetter\"><\/span>Wie schnell kompostieren Laubbl\u00e4tter?<span class=\"ez-toc-section-end\"><\/span><\/h2>\n<p>Laub, das sich langsam zersetzt, ben\u00f6tigt mindestens zwei Jahre. Anderes Laub ist innerhalb weniger Monate verrottet.<\/p>\n<table class=\"custom-table-1\" width=\"100%\" cellspacing=\"0\" cellpadding=\"4\">\n<tbody>\n<tr>\n<td><strong>Laubart<\/strong><\/td>\n<td><strong>schnell verrottend<\/strong><\/td>\n<td><strong>langsam verrottend<\/strong><\/td>\n<\/tr>\n<tr>\n<td>Ahorn<\/td>\n<td>X<\/td>\n<td><\/td>\n<\/tr>\n<tr>\n<td>Apfel<\/td>\n<td>X<\/td>\n<td><\/td>\n<\/tr>\n<tr>\n<td>Birke<\/td>\n<td>X<\/td>\n<td><\/td>\n<\/tr>\n<tr>\n<td>Buche<\/td>\n<td>X<\/td>\n<td><\/td>\n<\/tr>\n<tr>\n<td>Kastanie<\/td>\n<td><\/td>\n<td>X<\/td>\n<\/tr>\n<tr>\n<td>Erle<\/td>\n<td>X<\/td>\n<td><\/td>\n<\/tr>\n<tr>\n<td>Eiche<\/td>\n<td><\/td>\n<td>X<\/td>\n<\/tr>\n<tr>\n<td>Esche<\/td>\n<td>X<\/td>\n<td><\/td>\n<\/tr>\n<tr>\n<td>Ginkgo<\/td>\n<td><\/td>\n<td>X<\/td>\n<\/tr>\n<tr>\n<td>Haselnuss<\/td>\n<td>X<\/td>\n<td><\/td>\n<\/tr>\n<tr>\n<td>Kirsche<\/td>\n<td><\/td>\n<td>X<\/td>\n<\/tr>\n<tr>\n<td>Linde<\/td>\n<td>X<\/td>\n<td><\/td>\n<\/tr>\n<tr>\n<td>Magnolie<\/td>\n<td><\/td>\n<td>X<\/td>\n<\/tr>\n<tr>\n<td>Pappel<\/td>\n<td><\/td>\n<td>X<\/td>\n<\/tr>\n<tr>\n<td>Platane<\/td>\n<td><\/td>\n<td>X<\/td>\n<\/tr>\n<tr>\n<td>Quitte<\/td>\n<td>X<\/td>\n<td><\/td>\n<\/tr>\n<tr>\n<td>Ulme<\/td>\n<td><\/td>\n<td>X<\/td>\n<\/tr>\n<tr>\n<td>Walnuss<\/td>\n<td><\/td>\n<td>X<\/td>\n<\/tr>\n<tr>\n<td>Weide<\/td>\n<td>X<\/td>\n<td><\/td>\n<\/tr>\n<\/tbody>\n<\/table>\n<h2><\/h2>\n<h2><span class=\"ez-toc-section\" id=\"Wohin_mit_dem_Laub_wenn_kein_Kompost_da_ist\"><\/span>Wohin mit dem Laub, wenn kein Kompost da ist?<span class=\"ez-toc-section-end\"><\/span><\/h2>\n<p>Nicht in jedem Garten ist ausreichend Platz f\u00fcr einen Laubkompost. Trotzdem m\u00fcssen Sie das Laub nicht entsorgen. Sie k\u00f6nnen das Laub auch direkt aufs Beet bringen. Dabei sollten Sie darauf achten, dass die Pflanzen das Laub auch \u201evertragen\u201c. Laub mit viel Gerbs\u00e4ure geh\u00f6rt ausschlie\u00dflich an Pflanzen, die einen sauren Boden ben\u00f6tigen.<\/p>\n<p>Eine etwa zehn Zentimeter hohe Laubschicht k\u00f6nnen Sie als Winterschutz und D\u00fcnger unter Hecken und Str\u00e4ucher bringen. Auch auf Baumscheiben k\u00f6nnen Sie das Laub ausbringen. Beerenstr\u00e4ucher sind sehr dankbar f\u00fcr den Winterschutz.<\/p>\n<p>Etwas Herbstlaub zwischen die Erdbeeren sorgt nicht nur f\u00fcr einen Bodenschutz, sondern auch f\u00fcr eine gute D\u00fcngung. Erdbeeren m\u00f6gen Kompost n\u00e4mlich gar nicht. Laubkompost ist ein nat\u00fcrlicher und umweltfreundlicher Torfersatz und genau richtig f\u00fcr die Waldpflanzen.<\/p>\n<p>Gem\u00fcsebeete, die Sie bereits abgeerntet haben, k\u00f6nnen Sie ebenfalls mit Laub mulchen. Das Laub unterdr\u00fcckt die Entstehung von Beikr\u00e4utern und ist ein wunderbarer Bodenverbesserer.<\/p>\n<p>Rosen m\u00f6gen eigentlich keine Mulchschicht. Sie wollen frei stehen. F\u00fcr den Winter k\u00f6nnen Sie aber eine Schicht Laub als Schutz aufbringen. Auch Staudenbeete m\u00f6gen eine Laubschicht f\u00fcr den Winter. Das Laub bringen Sie etwa f\u00fcnf Zentimeter dick auf. Die Bl\u00e4tter verrotten nach und nach und sind nicht nur Winterschutz, sondern auch D\u00fcnger. Lediglich immergr\u00fcne Stauden sollten Sie nicht mit Laub bedecken. Sie k\u00f6nnen aber vorsichtig etwas Laub zwischen die Pflanzen bringen.<\/p>\n<h2><span class=\"ez-toc-section\" id=\"Wo_sollten_Sie_kein_Laub_unterbringen\"><\/span>Wo sollten Sie kein Laub unterbringen?<span class=\"ez-toc-section-end\"><\/span><\/h2>\n<p>Auf Wegen, Terrassen und Treppen hat Laub nat\u00fcrlich nichts verloren. Durch das nasse Laub besteht Rutschgefahr. Auch der Steingarten mag kein Laub. Steingartenpflanzen stehen lieber luftig und trocken. Das gleiche gilt f\u00fcr mediterrane Kr\u00e4uter wie Thymian, Bohnenkraut, Salbei und Co. Durch das Laub k\u00f6nnen die Pflanzen faulen. Au\u00dferdem wollen die Kr\u00e4uter einen kargen und trockenen Boden.<\/p>\n<h2><span class=\"ez-toc-section\" id=\"Wie_sieht_es_mit_dem_Laubhaufen_fuer_den_Igel_aus\"><\/span>Wie sieht es mit dem Laubhaufen f\u00fcr den Igel aus?<span class=\"ez-toc-section-end\"><\/span><\/h2>\n<p>Nat\u00fcrlich darf auch der Laubhaufen f\u00fcr den Igel entstehen. Allerdings n\u00fctzt Laub allein nichts. Durch die N\u00e4sse sackt das Laub nach und nach zusammen. Die d\u00e4mmende Luftschicht zwischen den Bl\u00e4ttern fehlt dann. Der Igel erfriert im Winterschlaf. Machen Sie lieber einen sch\u00f6nen Haufen aus Zweigen und kleinen \u00c4sten, auf dem Sie Laub als D\u00e4mmschicht und Abdeckung aufbringen. So kann das Laub nicht zusammenrutschen.<\/p>\n","protected":false},"excerpt":{"rendered":"<p>Es ist Herbstzeit. Jetzt werfen die meisten B\u00e4ume ihre Bl\u00e4tter ab. Oft werden sie achtlos zusammengefegt und weggeworfen. Dabei lassen sich viele Blattarten sehr gut kompostieren und als Kompost im Garten verwenden. Doch k\u00f6nnen Sie wirklich alle Bl\u00e4tter einfach kompostieren? Und was m\u00fcssen Sie dabei beachten? Laub kompostieren \u2013 darauf sollten Sie achten Prinzipiell lassen sich alle Bl\u00e4tter unserer B\u00e4ume kompostieren \u2013 die einen besser, die anderen schlechter. Einige Blattarten lassen sich sehr schwer kompostieren und ben\u00f6tigen lange, bevor aus ihnen eine richtige Komposterde geworden ist. Doch auch diese Laubarten sollten Sie nicht entsorgen, denn mit etwas Geduld wird daraus eine wunderbare Erde, die sich f\u00fcr bestimmte Pflanzen verwenden l\u00e4sst. Wichtig ist, dass Sie das Laub richtig kompostieren. Soll das Laub auf den Kompost? Kleine Mengen Laub k\u00f6nnen Sie immer auf den Kompost werfen. Besser ist es aber, einen separaten Laubkompost anzusetzen. Einige Pflanzen m\u00f6gen diesen Kompost und gedeihen mit einer D\u00fcngung aus Laubkompost besonders gut. Au\u00dferdem k\u00f6nnen Sie Laubkompost hervorragender als organischen Mulch verwenden. Dadurch wird der Abfluss von Niederschl\u00e4gen verringert und die Verdunstung des Wassers aus dem Boden beschr\u00e4nkt. Diese Laubarten lassen sich gut kompostieren Die meisten Laubarten verrotten sehr gut. Dazu geh\u00f6ren das Laub aller Obstb\u00e4ume. Aber [&hellip;]<\/p>\n","protected":false},"author":13,"featured_media":22066,"comment_status":"open","ping_status":"open","sticky":false,"template":"","format":"standard","meta":{"_acf_changed":false,"footnotes":""},"categories":[3],"tags":[],"hersteller":[],"class_list":["post-20418","post","type-post","status-publish","format-standard","has-post-thumbnail","hentry","category-gartentipps"],"acf":[],"yoast_head":"<!-- This site is optimized with the Yoast SEO plugin v27.4 - https:\/\/yoast.com\/product\/yoast-seo-wordpress\/ -->\n<title>Bunt, bunt, bunt sind alle meine Bl\u00e4tter - Samenhaus Gartenblog<\/title>\n<meta name=\"description\" content=\"Laub ergibt einen wunderbaren Kompost, den Sie im Garten verwenden k\u00f6nnen. Doch nicht jedes Laub verrottet gleich schnell.\" \/>\n<meta name=\"robots\" content=\"index, follow, max-snippet:-1, max-image-preview:large, max-video-preview:-1\" \/>\n<link rel=\"canonical\" href=\"https:\/\/www.samenhaus.de\/gartenblog\/bunt-bunt-bunt-sind-alle-meine-blaetter\" \/>\n<meta property=\"og:locale\" content=\"de_DE\" \/>\n<meta property=\"og:type\" content=\"article\" \/>\n<meta property=\"og:title\" content=\"Bunt, bunt, bunt sind alle meine Bl\u00e4tter - Samenhaus Gartenblog\" \/>\n<meta property=\"og:description\" content=\"Laub ergibt einen wunderbaren Kompost, den Sie im Garten verwenden k\u00f6nnen. Doch nicht jedes Laub verrottet gleich schnell.\" \/>\n<meta property=\"og:url\" content=\"https:\/\/www.samenhaus.de\/gartenblog\/bunt-bunt-bunt-sind-alle-meine-blaetter\" \/>\n<meta property=\"og:site_name\" content=\"Samenhaus Gartenblog\" \/>\n<meta property=\"article:publisher\" content=\"https:\/\/de-de.facebook.com\/samenhaus\" \/>\n<meta property=\"article:published_time\" content=\"2025-09-10T07:00:44+00:00\" \/>\n<meta property=\"og:image\" content=\"https:\/\/www.samenhaus.de\/gartenblog\/wp-content\/uploads\/2025\/08\/Laubblaetter_174329472-scaled.jpg\" \/>\n\t<meta property=\"og:image:width\" content=\"2048\" \/>\n\t<meta property=\"og:image:height\" content=\"1153\" \/>\n\t<meta property=\"og:image:type\" content=\"image\/jpeg\" \/>\n<meta name=\"author\" content=\"Holger\" \/>\n<meta name=\"twitter:card\" content=\"summary_large_image\" \/>\n<meta name=\"twitter:creator\" content=\"@samenhaus\" \/>\n<meta name=\"twitter:site\" content=\"@samenhaus\" \/>\n<meta name=\"twitter:label1\" content=\"Verfasst von\" \/>\n\t<meta name=\"twitter:data1\" content=\"Holger\" \/>\n\t<meta name=\"twitter:label2\" content=\"Gesch\u00e4tzte Lesezeit\" \/>\n\t<meta name=\"twitter:data2\" content=\"6\u00a0Minuten\" \/>\n<script type=\"application\/ld+json\" class=\"yoast-schema-graph\">{\"@context\":\"https:\\\/\\\/schema.org\",\"@graph\":[{\"@type\":\"Article\",\"@id\":\"https:\\\/\\\/www.samenhaus.de\\\/gartenblog\\\/bunt-bunt-bunt-sind-alle-meine-blaetter#article\",\"isPartOf\":{\"@id\":\"https:\\\/\\\/www.samenhaus.de\\\/gartenblog\\\/bunt-bunt-bunt-sind-alle-meine-blaetter\"},\"author\":{\"name\":\"Holger\",\"@id\":\"https:\\\/\\\/www.samenhaus.de\\\/gartenblog\\\/#\\\/schema\\\/person\\\/de169769587431893823f62b2ce06c04\"},\"headline\":\"Bunt, bunt, bunt sind alle meine Bl\u00e4tter\",\"datePublished\":\"2025-09-10T07:00:44+00:00\",\"mainEntityOfPage\":{\"@id\":\"https:\\\/\\\/www.samenhaus.de\\\/gartenblog\\\/bunt-bunt-bunt-sind-alle-meine-blaetter\"},\"wordCount\":1133,\"commentCount\":0,\"publisher\":{\"@id\":\"https:\\\/\\\/www.samenhaus.de\\\/gartenblog\\\/#organization\"},\"image\":{\"@id\":\"https:\\\/\\\/www.samenhaus.de\\\/gartenblog\\\/bunt-bunt-bunt-sind-alle-meine-blaetter#primaryimage\"},\"thumbnailUrl\":\"https:\\\/\\\/www.samenhaus.de\\\/gartenblog\\\/wp-content\\\/uploads\\\/2025\\\/08\\\/Laubblaetter_174329472-scaled.jpg\",\"articleSection\":[\"Gartentipps\"],\"inLanguage\":\"de\",\"potentialAction\":[{\"@type\":\"CommentAction\",\"name\":\"Comment\",\"target\":[\"https:\\\/\\\/www.samenhaus.de\\\/gartenblog\\\/bunt-bunt-bunt-sind-alle-meine-blaetter#respond\"]}],\"copyrightYear\":\"2025\",\"copyrightHolder\":{\"@id\":\"https:\\\/\\\/www.samenhaus.de\\\/gartenblog\\\/#organization\"}},{\"@type\":\"WebPage\",\"@id\":\"https:\\\/\\\/www.samenhaus.de\\\/gartenblog\\\/bunt-bunt-bunt-sind-alle-meine-blaetter\",\"url\":\"https:\\\/\\\/www.samenhaus.de\\\/gartenblog\\\/bunt-bunt-bunt-sind-alle-meine-blaetter\",\"name\":\"Bunt, bunt, bunt sind alle meine Bl\u00e4tter - Samenhaus Gartenblog\",\"isPartOf\":{\"@id\":\"https:\\\/\\\/www.samenhaus.de\\\/gartenblog\\\/#website\"},\"primaryImageOfPage\":{\"@id\":\"https:\\\/\\\/www.samenhaus.de\\\/gartenblog\\\/bunt-bunt-bunt-sind-alle-meine-blaetter#primaryimage\"},\"image\":{\"@id\":\"https:\\\/\\\/www.samenhaus.de\\\/gartenblog\\\/bunt-bunt-bunt-sind-alle-meine-blaetter#primaryimage\"},\"thumbnailUrl\":\"https:\\\/\\\/www.samenhaus.de\\\/gartenblog\\\/wp-content\\\/uploads\\\/2025\\\/08\\\/Laubblaetter_174329472-scaled.jpg\",\"datePublished\":\"2025-09-10T07:00:44+00:00\",\"description\":\"Laub ergibt einen wunderbaren Kompost, den Sie im Garten verwenden k\u00f6nnen. Doch nicht jedes Laub verrottet gleich schnell.\",\"breadcrumb\":{\"@id\":\"https:\\\/\\\/www.samenhaus.de\\\/gartenblog\\\/bunt-bunt-bunt-sind-alle-meine-blaetter#breadcrumb\"},\"inLanguage\":\"de\",\"potentialAction\":[{\"@type\":\"ReadAction\",\"target\":[\"https:\\\/\\\/www.samenhaus.de\\\/gartenblog\\\/bunt-bunt-bunt-sind-alle-meine-blaetter\"]}]},{\"@type\":\"ImageObject\",\"inLanguage\":\"de\",\"@id\":\"https:\\\/\\\/www.samenhaus.de\\\/gartenblog\\\/bunt-bunt-bunt-sind-alle-meine-blaetter#primaryimage\",\"url\":\"https:\\\/\\\/www.samenhaus.de\\\/gartenblog\\\/wp-content\\\/uploads\\\/2025\\\/08\\\/Laubblaetter_174329472-scaled.jpg\",\"contentUrl\":\"https:\\\/\\\/www.samenhaus.de\\\/gartenblog\\\/wp-content\\\/uploads\\\/2025\\\/08\\\/Laubblaetter_174329472-scaled.jpg\",\"width\":2048,\"height\":1153,\"caption\":\"Laubbl\u00e4tter\"},{\"@type\":\"BreadcrumbList\",\"@id\":\"https:\\\/\\\/www.samenhaus.de\\\/gartenblog\\\/bunt-bunt-bunt-sind-alle-meine-blaetter#breadcrumb\",\"itemListElement\":[{\"@type\":\"ListItem\",\"position\":1,\"name\":\"Startseite\",\"item\":\"https:\\\/\\\/www.samenhaus.de\\\/gartenblog\\\/\"},{\"@type\":\"ListItem\",\"position\":2,\"name\":\"Bunt, bunt, bunt sind alle meine Bl\u00e4tter\"}]},{\"@type\":\"WebSite\",\"@id\":\"https:\\\/\\\/www.samenhaus.de\\\/gartenblog\\\/#website\",\"url\":\"https:\\\/\\\/www.samenhaus.de\\\/gartenblog\\\/\",\"name\":\"Samenhaus Gartenblog\",\"description\":\"\",\"publisher\":{\"@id\":\"https:\\\/\\\/www.samenhaus.de\\\/gartenblog\\\/#organization\"},\"potentialAction\":[{\"@type\":\"SearchAction\",\"target\":{\"@type\":\"EntryPoint\",\"urlTemplate\":\"https:\\\/\\\/www.samenhaus.de\\\/gartenblog\\\/?s={search_term_string}\"},\"query-input\":{\"@type\":\"PropertyValueSpecification\",\"valueRequired\":true,\"valueName\":\"search_term_string\"}}],\"inLanguage\":\"de\"},{\"@type\":\"Organization\",\"@id\":\"https:\\\/\\\/www.samenhaus.de\\\/gartenblog\\\/#organization\",\"name\":\"Samenhaus.de Gartenblog\",\"url\":\"https:\\\/\\\/www.samenhaus.de\\\/gartenblog\\\/\",\"logo\":{\"@type\":\"ImageObject\",\"inLanguage\":\"de\",\"@id\":\"https:\\\/\\\/www.samenhaus.de\\\/gartenblog\\\/#\\\/schema\\\/logo\\\/image\\\/\",\"url\":\"https:\\\/\\\/www.samenhaus.de\\\/gartenblog\\\/wp-content\\\/uploads\\\/2020\\\/11\\\/logo.svg\",\"contentUrl\":\"https:\\\/\\\/www.samenhaus.de\\\/gartenblog\\\/wp-content\\\/uploads\\\/2020\\\/11\\\/logo.svg\",\"width\":1,\"height\":1,\"caption\":\"Samenhaus.de Gartenblog\"},\"image\":{\"@id\":\"https:\\\/\\\/www.samenhaus.de\\\/gartenblog\\\/#\\\/schema\\\/logo\\\/image\\\/\"},\"sameAs\":[\"https:\\\/\\\/de-de.facebook.com\\\/samenhaus\",\"https:\\\/\\\/x.com\\\/samenhaus\"]},{\"@type\":\"Person\",\"@id\":\"https:\\\/\\\/www.samenhaus.de\\\/gartenblog\\\/#\\\/schema\\\/person\\\/de169769587431893823f62b2ce06c04\",\"name\":\"Holger\",\"image\":{\"@type\":\"ImageObject\",\"inLanguage\":\"de\",\"@id\":\"https:\\\/\\\/www.samenhaus.de\\\/gartenblog\\\/wp-content\\\/uploads\\\/2026\\\/03\\\/Holger-150x150.png\",\"url\":\"https:\\\/\\\/www.samenhaus.de\\\/gartenblog\\\/wp-content\\\/uploads\\\/2026\\\/03\\\/Holger-150x150.png\",\"contentUrl\":\"https:\\\/\\\/www.samenhaus.de\\\/gartenblog\\\/wp-content\\\/uploads\\\/2026\\\/03\\\/Holger-150x150.png\",\"caption\":\"Holger\"},\"description\":\"6.000.000 W\u00f6rter \u2013 so viel k\u00f6nnen Sie in etwa von mir online lesen. Das F\u00fcllen des Internets entwickelte sich nach meiner Ausbildung zum TV-Redakteur und der langj\u00e4hrigen Arbeit bei SAT.1 zu einem Fulltime-Job. Trotzdem finde ich noch gen\u00fcgend Zeit, um in meinem Garten zu werkeln. Eine Staude hier, ein Bl\u00fcmchen dort und ein bisschen Gem\u00fcse darf auch nicht fehlen \u2013 einen Schnitzelbaum gibt es ja noch nicht \u2026 Die besten geistigen Erg\u00fcsse habe ich \u00fcbrigens, wenn ich IM Garten \u00dcBER den Garten schreiben kann. So vereinen sich Beruf und Hobby perfekt \u2013 was gibt es Sch\u00f6neres?\",\"url\":\"https:\\\/\\\/www.samenhaus.de\\\/gartenblog\\\/author\\\/holger\"}]}<\/script>\n<!-- \/ Yoast SEO plugin. -->","yoast_head_json":{"title":"Bunt, bunt, bunt sind alle meine Bl\u00e4tter - Samenhaus Gartenblog","description":"Laub ergibt einen wunderbaren Kompost, den Sie im Garten verwenden k\u00f6nnen. Doch nicht jedes Laub verrottet gleich schnell.","robots":{"index":"index","follow":"follow","max-snippet":"max-snippet:-1","max-image-preview":"max-image-preview:large","max-video-preview":"max-video-preview:-1"},"canonical":"https:\/\/www.samenhaus.de\/gartenblog\/bunt-bunt-bunt-sind-alle-meine-blaetter","og_locale":"de_DE","og_type":"article","og_title":"Bunt, bunt, bunt sind alle meine Bl\u00e4tter - Samenhaus Gartenblog","og_description":"Laub ergibt einen wunderbaren Kompost, den Sie im Garten verwenden k\u00f6nnen. Doch nicht jedes Laub verrottet gleich schnell.","og_url":"https:\/\/www.samenhaus.de\/gartenblog\/bunt-bunt-bunt-sind-alle-meine-blaetter","og_site_name":"Samenhaus Gartenblog","article_publisher":"https:\/\/de-de.facebook.com\/samenhaus","article_published_time":"2025-09-10T07:00:44+00:00","og_image":[{"width":2048,"height":1153,"url":"https:\/\/www.samenhaus.de\/gartenblog\/wp-content\/uploads\/2025\/08\/Laubblaetter_174329472-scaled.jpg","type":"image\/jpeg"}],"author":"Holger","twitter_card":"summary_large_image","twitter_creator":"@samenhaus","twitter_site":"@samenhaus","twitter_misc":{"Verfasst von":"Holger","Gesch\u00e4tzte Lesezeit":"6\u00a0Minuten"},"schema":{"@context":"https:\/\/schema.org","@graph":[{"@type":"Article","@id":"https:\/\/www.samenhaus.de\/gartenblog\/bunt-bunt-bunt-sind-alle-meine-blaetter#article","isPartOf":{"@id":"https:\/\/www.samenhaus.de\/gartenblog\/bunt-bunt-bunt-sind-alle-meine-blaetter"},"author":{"name":"Holger","@id":"https:\/\/www.samenhaus.de\/gartenblog\/#\/schema\/person\/de169769587431893823f62b2ce06c04"},"headline":"Bunt, bunt, bunt sind alle meine Bl\u00e4tter","datePublished":"2025-09-10T07:00:44+00:00","mainEntityOfPage":{"@id":"https:\/\/www.samenhaus.de\/gartenblog\/bunt-bunt-bunt-sind-alle-meine-blaetter"},"wordCount":1133,"commentCount":0,"publisher":{"@id":"https:\/\/www.samenhaus.de\/gartenblog\/#organization"},"image":{"@id":"https:\/\/www.samenhaus.de\/gartenblog\/bunt-bunt-bunt-sind-alle-meine-blaetter#primaryimage"},"thumbnailUrl":"https:\/\/www.samenhaus.de\/gartenblog\/wp-content\/uploads\/2025\/08\/Laubblaetter_174329472-scaled.jpg","articleSection":["Gartentipps"],"inLanguage":"de","potentialAction":[{"@type":"CommentAction","name":"Comment","target":["https:\/\/www.samenhaus.de\/gartenblog\/bunt-bunt-bunt-sind-alle-meine-blaetter#respond"]}],"copyrightYear":"2025","copyrightHolder":{"@id":"https:\/\/www.samenhaus.de\/gartenblog\/#organization"}},{"@type":"WebPage","@id":"https:\/\/www.samenhaus.de\/gartenblog\/bunt-bunt-bunt-sind-alle-meine-blaetter","url":"https:\/\/www.samenhaus.de\/gartenblog\/bunt-bunt-bunt-sind-alle-meine-blaetter","name":"Bunt, bunt, bunt sind alle meine Bl\u00e4tter - Samenhaus Gartenblog","isPartOf":{"@id":"https:\/\/www.samenhaus.de\/gartenblog\/#website"},"primaryImageOfPage":{"@id":"https:\/\/www.samenhaus.de\/gartenblog\/bunt-bunt-bunt-sind-alle-meine-blaetter#primaryimage"},"image":{"@id":"https:\/\/www.samenhaus.de\/gartenblog\/bunt-bunt-bunt-sind-alle-meine-blaetter#primaryimage"},"thumbnailUrl":"https:\/\/www.samenhaus.de\/gartenblog\/wp-content\/uploads\/2025\/08\/Laubblaetter_174329472-scaled.jpg","datePublished":"2025-09-10T07:00:44+00:00","description":"Laub ergibt einen wunderbaren Kompost, den Sie im Garten verwenden k\u00f6nnen. Doch nicht jedes Laub verrottet gleich schnell.","breadcrumb":{"@id":"https:\/\/www.samenhaus.de\/gartenblog\/bunt-bunt-bunt-sind-alle-meine-blaetter#breadcrumb"},"inLanguage":"de","potentialAction":[{"@type":"ReadAction","target":["https:\/\/www.samenhaus.de\/gartenblog\/bunt-bunt-bunt-sind-alle-meine-blaetter"]}]},{"@type":"ImageObject","inLanguage":"de","@id":"https:\/\/www.samenhaus.de\/gartenblog\/bunt-bunt-bunt-sind-alle-meine-blaetter#primaryimage","url":"https:\/\/www.samenhaus.de\/gartenblog\/wp-content\/uploads\/2025\/08\/Laubblaetter_174329472-scaled.jpg","contentUrl":"https:\/\/www.samenhaus.de\/gartenblog\/wp-content\/uploads\/2025\/08\/Laubblaetter_174329472-scaled.jpg","width":2048,"height":1153,"caption":"Laubbl\u00e4tter"},{"@type":"BreadcrumbList","@id":"https:\/\/www.samenhaus.de\/gartenblog\/bunt-bunt-bunt-sind-alle-meine-blaetter#breadcrumb","itemListElement":[{"@type":"ListItem","position":1,"name":"Startseite","item":"https:\/\/www.samenhaus.de\/gartenblog\/"},{"@type":"ListItem","position":2,"name":"Bunt, bunt, bunt sind alle meine Bl\u00e4tter"}]},{"@type":"WebSite","@id":"https:\/\/www.samenhaus.de\/gartenblog\/#website","url":"https:\/\/www.samenhaus.de\/gartenblog\/","name":"Samenhaus Gartenblog","description":"","publisher":{"@id":"https:\/\/www.samenhaus.de\/gartenblog\/#organization"},"potentialAction":[{"@type":"SearchAction","target":{"@type":"EntryPoint","urlTemplate":"https:\/\/www.samenhaus.de\/gartenblog\/?s={search_term_string}"},"query-input":{"@type":"PropertyValueSpecification","valueRequired":true,"valueName":"search_term_string"}}],"inLanguage":"de"},{"@type":"Organization","@id":"https:\/\/www.samenhaus.de\/gartenblog\/#organization","name":"Samenhaus.de Gartenblog","url":"https:\/\/www.samenhaus.de\/gartenblog\/","logo":{"@type":"ImageObject","inLanguage":"de","@id":"https:\/\/www.samenhaus.de\/gartenblog\/#\/schema\/logo\/image\/","url":"https:\/\/www.samenhaus.de\/gartenblog\/wp-content\/uploads\/2020\/11\/logo.svg","contentUrl":"https:\/\/www.samenhaus.de\/gartenblog\/wp-content\/uploads\/2020\/11\/logo.svg","width":1,"height":1,"caption":"Samenhaus.de Gartenblog"},"image":{"@id":"https:\/\/www.samenhaus.de\/gartenblog\/#\/schema\/logo\/image\/"},"sameAs":["https:\/\/de-de.facebook.com\/samenhaus","https:\/\/x.com\/samenhaus"]},{"@type":"Person","@id":"https:\/\/www.samenhaus.de\/gartenblog\/#\/schema\/person\/de169769587431893823f62b2ce06c04","name":"Holger","image":{"@type":"ImageObject","inLanguage":"de","@id":"https:\/\/www.samenhaus.de\/gartenblog\/wp-content\/uploads\/2026\/03\/Holger-150x150.png","url":"https:\/\/www.samenhaus.de\/gartenblog\/wp-content\/uploads\/2026\/03\/Holger-150x150.png","contentUrl":"https:\/\/www.samenhaus.de\/gartenblog\/wp-content\/uploads\/2026\/03\/Holger-150x150.png","caption":"Holger"},"description":"6.000.000 W\u00f6rter \u2013 so viel k\u00f6nnen Sie in etwa von mir online lesen. Das F\u00fcllen des Internets entwickelte sich nach meiner Ausbildung zum TV-Redakteur und der langj\u00e4hrigen Arbeit bei SAT.1 zu einem Fulltime-Job. Trotzdem finde ich noch gen\u00fcgend Zeit, um in meinem Garten zu werkeln. Eine Staude hier, ein Bl\u00fcmchen dort und ein bisschen Gem\u00fcse darf auch nicht fehlen \u2013 einen Schnitzelbaum gibt es ja noch nicht \u2026 Die besten geistigen Erg\u00fcsse habe ich \u00fcbrigens, wenn ich IM Garten \u00dcBER den Garten schreiben kann. So vereinen sich Beruf und Hobby perfekt \u2013 was gibt es Sch\u00f6neres?","url":"https:\/\/www.samenhaus.de\/gartenblog\/author\/holger"}]}},"wp-worthy-pixel":{"ignored":false,"public":"cdcfa0a5e9b64b80b3245739c63a0fd6","server":"vg09.met.vgwort.de","url":"https:\/\/vg09.met.vgwort.de\/na\/cdcfa0a5e9b64b80b3245739c63a0fd6"},"wp-worthy-type":"normal","_links":{"self":[{"href":"https:\/\/www.samenhaus.de\/gartenblog\/wp-json\/wp\/v2\/posts\/20418","targetHints":{"allow":["GET"]}}],"collection":[{"href":"https:\/\/www.samenhaus.de\/gartenblog\/wp-json\/wp\/v2\/posts"}],"about":[{"href":"https:\/\/www.samenhaus.de\/gartenblog\/wp-json\/wp\/v2\/types\/post"}],"author":[{"embeddable":true,"href":"https:\/\/www.samenhaus.de\/gartenblog\/wp-json\/wp\/v2\/users\/13"}],"replies":[{"embeddable":true,"href":"https:\/\/www.samenhaus.de\/gartenblog\/wp-json\/wp\/v2\/comments?post=20418"}],"version-history":[{"count":9,"href":"https:\/\/www.samenhaus.de\/gartenblog\/wp-json\/wp\/v2\/posts\/20418\/revisions"}],"predecessor-version":[{"id":22067,"href":"https:\/\/www.samenhaus.de\/gartenblog\/wp-json\/wp\/v2\/posts\/20418\/revisions\/22067"}],"wp:featuredmedia":[{"embeddable":true,"href":"https:\/\/www.samenhaus.de\/gartenblog\/wp-json\/wp\/v2\/media\/22066"}],"wp:attachment":[{"href":"https:\/\/www.samenhaus.de\/gartenblog\/wp-json\/wp\/v2\/media?parent=20418"}],"wp:term":[{"taxonomy":"category","embeddable":true,"href":"https:\/\/www.samenhaus.de\/gartenblog\/wp-json\/wp\/v2\/categories?post=20418"},{"taxonomy":"post_tag","embeddable":true,"href":"https:\/\/www.samenhaus.de\/gartenblog\/wp-json\/wp\/v2\/tags?post=20418"},{"taxonomy":"hersteller","embeddable":true,"href":"https:\/\/www.samenhaus.de\/gartenblog\/wp-json\/wp\/v2\/hersteller?post=20418"}],"curies":[{"name":"wp","href":"https:\/\/api.w.org\/{rel}","templated":true}]}}