{"id":20815,"date":"2025-03-18T09:00:37","date_gmt":"2025-03-18T08:00:37","guid":{"rendered":"https:\/\/www.samenhaus.de\/gartenblog\/?p=20815"},"modified":"2025-03-19T13:38:30","modified_gmt":"2025-03-19T12:38:30","slug":"sie-fragen-wir-antworten-alles-rund-um-die-clematis","status":"publish","type":"post","link":"https:\/\/www.samenhaus.de\/gartenblog\/sie-fragen-wir-antworten-alles-rund-um-die-clematis","title":{"rendered":"Sie fragen \u2013 wir antworten: Alles rund um die Clematis"},"content":{"rendered":"<p>Lust auf Kletterpflanzen? Dann holen Sie sich doch eine oder gleich mehrere Clematis. Die Waldrebe gibt es in zahlreichen Bl\u00fctenfarben und Bl\u00fctengr\u00f6\u00dfen. Eingeteilt werden die Pflanzen in 3 Gruppen: Fr\u00fchlingsbl\u00fcher, Herbstbl\u00fcher und Mehrfachbl\u00fcher \u2013 daran orientiert sich auch der Pflegeschnitt. Wie dieser auszusehen hat und viele weitere Fragen zur Thema Clematis wollen wir hier n\u00e4her betrachten.<\/p>\n<h2><span class=\"ez-toc-section\" id=\"Wie_werden_Clematis_geschnitten_damit_sie_optimal_bluehen\"><\/span>Wie werden Clematis geschnitten, damit sie optimal bl\u00fchen?<span class=\"ez-toc-section-end\"><\/span><\/h2>\n<p><a href=\"https:\/\/www.samenhaus.de\/gartenblog\/wp-content\/uploads\/2025\/03\/Clematis_897701352-scaled.jpeg\"><img loading=\"lazy\" decoding=\"async\" class=\"alignright wp-image-20976\" src=\"https:\/\/www.samenhaus.de\/gartenblog\/wp-content\/uploads\/2025\/03\/Clematis_897701352-600x400.jpeg\" alt=\"Clematis schneiden\" width=\"300\" height=\"200\" srcset=\"https:\/\/www.samenhaus.de\/gartenblog\/wp-content\/uploads\/2025\/03\/Clematis_897701352-600x400.jpeg 600w, https:\/\/www.samenhaus.de\/gartenblog\/wp-content\/uploads\/2025\/03\/Clematis_897701352-1024x683.jpeg 1024w, https:\/\/www.samenhaus.de\/gartenblog\/wp-content\/uploads\/2025\/03\/Clematis_897701352-768x512.jpeg 768w, https:\/\/www.samenhaus.de\/gartenblog\/wp-content\/uploads\/2025\/03\/Clematis_897701352-1536x1024.jpeg 1536w, https:\/\/www.samenhaus.de\/gartenblog\/wp-content\/uploads\/2025\/03\/Clematis_897701352-scaled.jpeg 2048w\" sizes=\"auto, (max-width: 300px) 100vw, 300px\" \/><\/a>F\u00fcr den richtigen Schnitt ist es wichtig zu wissen, in welche Schnittgruppe Ihre Clematis eingeteilt wird. Diese richtet sich nach der Bl\u00fctezeit und ihrem Wachstumsverhalten.<\/p>\n<p><strong>Gruppe 1: Fr\u00fchbl\u00fchende Clematis \u2013 kaum R\u00fcckschnitt n\u00f6tig<\/strong><\/p>\n<ul>\n<li>Die Hauptbl\u00fcte findet im April und Mai an vorj\u00e4hrigen Trieben statt.<\/li>\n<li>Sie setzen bereits im Vorjahr Bl\u00fctenknospen an, weswegen sie kaum bis gar keinen R\u00fcckschnitt ben\u00f6tigen.<\/li>\n<li>Falls notwendig, etwa zur Formkorrektur oder zur Verj\u00fcngung, direkt nach der Bl\u00fcte im sp\u00e4ten Fr\u00fchjahr schneiden.<\/li>\n<li>Nur abgestorbene oder st\u00f6rende Triebe werden entfernt.<\/li>\n<li>Ein radikaler R\u00fcckschnitt f\u00fchrt zum Verlust der Bl\u00fcte im n\u00e4chsten Jahr<\/li>\n<li>Beispiele: Clematis montana, Clematis alpina, Clematis macropetala<\/li>\n<\/ul>\n<p><strong>Gruppe 2: Gro\u00dfblumige Hybriden \u2013 leichter R\u00fcckschnitt<\/strong><\/p>\n<ul>\n<li>Die Hauptbl\u00fcte findet im Mai und Juni an alten Trieben statt, die Nachbl\u00fcte im August und September an neuen Trieben.<\/li>\n<li>Im Februar oder M\u00e4rz wird die Clematis nur leicht ausgelichtet, alte und schwache Triebe werden entfernt.<\/li>\n<li>Nach der ersten Bl\u00fcte kann ein leichter R\u00fcckschnitt das Wachstum und die Nachbl\u00fcte f\u00f6rdern.<\/li>\n<li>Zu starker R\u00fcckschnitt kann die erste Bl\u00fcte im Fr\u00fchling reduzieren.<\/li>\n<li>Beispiele: Clematis Nelly Moser, Clematis The President, Clematis Dr. Ruppel<\/li>\n<\/ul>\n<p><strong>Gruppe 3: Sommer- und herbstbl\u00fchende Clematis \u2013 starker R\u00fcckschnitt<\/strong><\/p>\n<ul>\n<li>Die Hauptbl\u00fcte findet von Juli bis Oktober an neuen Trieben statt.<\/li>\n<li>Diese Clematis bl\u00fchen nur an frischen Trieben, daher brauchen sie einen starken R\u00fcckschnitt im Februar oder M\u00e4rz.<\/li>\n<li>Alle Triebe werden auf 30 bis 50 Zentimeter \u00fcber dem Boden zur\u00fcckgeschnitten, sodass 2 bis 4 Knospenpaare pro Trieb \u00fcbrig bleiben.<\/li>\n<li>F\u00f6rdert kr\u00e4ftiges Wachstum und eine \u00fcppige Bl\u00fcte im Sommer.<\/li>\n<\/ul>\n<h2><span class=\"ez-toc-section\" id=\"Warum_blueht_meine_Clematis_nur_wenig_oder_gar_nicht_obwohl_sie_gut_waechst_und_gesund_aussieht\"><\/span>Warum bl\u00fcht meine Clematis nur wenig oder gar nicht, obwohl sie gut w\u00e4chst und gesund aussieht?<span class=\"ez-toc-section-end\"><\/span><\/h2>\n<p>Keine Bl\u00fcten trotz gutem Wachstum? Vergewissern Sie sich, in welche Schnittgruppe Ihre Clematis geh\u00f6rt und halten Sie sich an die Schnittzeiten (wie beschrieben). Ansonsten kann eine ausbleibende Bl\u00fcte noch folgende Gr\u00fcnde haben:<\/p>\n<ul>\n<li><strong>Falsche D\u00fcngergaben:<\/strong> Wenn Sie zu viel Stickstoff geben, wird zwar das Blattwachstum gef\u00f6rdert, aber es werden keine oder kaum Bl\u00fcten angesetzt. Verwenden Sie einen kaliumbetonten D\u00fcnger, um die Bl\u00fctenbildung zu f\u00f6rdern.<\/li>\n<li><strong>Zu wenig Sonnenlicht:<\/strong> Clematis brauchen mindestens 4 bis 6 Stunden Sonnte t\u00e4glich, um gut bl\u00fchen zu k\u00f6nnen. Setzen Sie Ihre Pflanze im Herbst oder Fr\u00fchjahr an einen sonnigeren Standort um.<\/li>\n<li><strong>Trockenstress oder Staun\u00e4sse:<\/strong> Bei Wassermangel kann die Clematis die Bl\u00fctenbildung einstellen, bei zu viel Wasser werden die Wurzeln geschw\u00e4cht und das Wachstum dadurch beeintr\u00e4chtigt. Sorgen Sie f\u00fcr eine gleichm\u00e4\u00dfige Feuchtigkeit ohne Staun\u00e4sse.<\/li>\n<li><strong>Pflanzung zu tief oder zu flach:<\/strong> Clematis sollten etwa 5 bis 10 Zentimeter tiefer in die Erde gesetzt werden, als sie im Topf waren.<\/li>\n<li><strong>Bl\u00fctenknospen durch Frost oder Sch\u00e4dlinge zerst\u00f6rt:<\/strong> Sp\u00e4tfr\u00f6ste k\u00f6nnen Knospen erfrieren lassen. Schnecken und Blattl\u00e4use k\u00f6nnen junge Triebe und Knospen fressen. Bek\u00e4mpfen Sie Sch\u00e4dlinge fr\u00fchzeitig und sch\u00fctzen Sie Knospen bei Sp\u00e4tfr\u00f6sten mit einem Vlies.<\/li>\n<\/ul>\n<h2><span class=\"ez-toc-section\" id=\"Kann_ich_eine_Clematis_auch_in_den_Kuebel_pflanzen_und_worauf_muss_ich_achten\"><\/span>Kann ich eine Clematis auch in den K\u00fcbel pflanzen und worauf muss ich achten?<span class=\"ez-toc-section-end\"><\/span><\/h2>\n<p><a href=\"https:\/\/www.samenhaus.de\/gartenblog\/wp-content\/uploads\/2025\/03\/Clematis_30740202-scaled.jpeg\"><img loading=\"lazy\" decoding=\"async\" class=\"alignright wp-image-20973\" src=\"https:\/\/www.samenhaus.de\/gartenblog\/wp-content\/uploads\/2025\/03\/Clematis_30740202-600x400.jpeg\" alt=\"Clematis im K\u00fcbel\" width=\"300\" height=\"200\" srcset=\"https:\/\/www.samenhaus.de\/gartenblog\/wp-content\/uploads\/2025\/03\/Clematis_30740202-600x400.jpeg 600w, https:\/\/www.samenhaus.de\/gartenblog\/wp-content\/uploads\/2025\/03\/Clematis_30740202-1024x683.jpeg 1024w, https:\/\/www.samenhaus.de\/gartenblog\/wp-content\/uploads\/2025\/03\/Clematis_30740202-768x512.jpeg 768w, https:\/\/www.samenhaus.de\/gartenblog\/wp-content\/uploads\/2025\/03\/Clematis_30740202-1536x1024.jpeg 1536w, https:\/\/www.samenhaus.de\/gartenblog\/wp-content\/uploads\/2025\/03\/Clematis_30740202-scaled.jpeg 2048w\" sizes=\"auto, (max-width: 300px) 100vw, 300px\" \/><\/a>Selbstverst\u00e4ndlich k\u00f6nnen Sie eine Clematis auch im K\u00fcbel halten, sollten dann aber auf einige wichtige Punkte achten:<\/p>\n<ol>\n<li><strong>Die richtige Clematissorte w\u00e4hlen<\/strong><\/li>\n<\/ol>\n<ul>\n<li>Verwenden Sie kleinw\u00fcchsige Sorten mit einer maximalen Wuchsh\u00f6he von 3 Metern.<\/li>\n<li>Besonders robust und bl\u00fchfreudig sind Viticella-Sorten.<\/li>\n<li>Auch gro\u00dfbl\u00fctige Clematis sind bestens geeignet, ben\u00f6tigen aber etwas mehr Pflege.<\/li>\n<li>Besonders gut geeignet sind Sorten wie &#8222;Piilu&#8220;, &#8222;Etoile Violette&#8220;, &#8222;The President&#8220; und &#8222;Princess Diana&#8220;.<\/li>\n<\/ul>\n<ol start=\"2\">\n<li><strong>Der richtige K\u00fcbel<\/strong><\/li>\n<\/ol>\n<ul>\n<li>Dieser sollte mindestens 40 bis 50 Zentimeter tief und breit sein, damit die Wurzeln gen\u00fcgend Platz haben.<\/li>\n<li>Abflussl\u00f6cher im Boden verhindern Staun\u00e4sse.<\/li>\n<li>Das Material \u2013 ob Kunststoff, Ton oder Holz \u2013 ist egal, Hauptsache gut isoliert. Gerade im Winter sch\u00fctzt ein dickerer Topf besser vor Frost.<\/li>\n<\/ul>\n<ol start=\"3\">\n<li><strong>Das richtige Substrat<\/strong><\/li>\n<\/ol>\n<ul>\n<li>Gut durchl\u00e4ssige, n\u00e4hrstoffreiche Erde verwenden.<\/li>\n<li>Der pH-Wert sollte zwischen 6,5 und 7,5 liegen, also leicht alkalisch bis neutral sein.<\/li>\n<li>Die Drainageschicht gegen Staun\u00e4sse ist aus Bl\u00e4hton, Kies oder Tonscherben ideal.<\/li>\n<\/ul>\n<ol start=\"4\">\n<li><strong>Pflege der Clematis im K\u00fcbel<\/strong><\/li>\n<\/ol>\n<ul>\n<li>Der obere Teil der Pflanze sollte sonnig stehen, der Bodenbereich dagegen schattig.<\/li>\n<li>Gegossen wird regelm\u00e4\u00dfig, die Erde kann leicht feucht sein, Staun\u00e4sse aber vermeiden. Im Winter Gie\u00dfgaben reduzieren aber die Erde nicht austrocknen lassen.<\/li>\n<li>D\u00fcngen Sie von M\u00e4rz bis Juli alle 3 Wochen mit einem Fl\u00fcssigd\u00fcnger, alternativ geben Sie einen Langzeitd\u00fcnger.<\/li>\n<li>Geschnitten wird je nach Schnittgruppe (siehe oben).<\/li>\n<li>Sch\u00fctzen Sie die Clematis im Winter vor starken Fr\u00f6sten mit Jute, einem Vlies, Luftpolsterfolie oder Kokosmatten.<\/li>\n<\/ul>\n<h2><span class=\"ez-toc-section\" id=\"Welche_Kletterhilfe_ist_am_besten_fuer_Clematis_geeignet\"><\/span>Welche Kletterhilfe ist am besten f\u00fcr Clematis geeignet?<span class=\"ez-toc-section-end\"><\/span><\/h2>\n<p>Clematis geh\u00f6ren zu den Blattrankern. Sie brauchen also eine Struktur, an der sie sich mit ihren Blattstielen festhalten k\u00f6nnen. Dabei sind folgende Kletterhilfen geeignet:<\/p>\n<table class=\"custom-table-1\" width=\"100%\" cellspacing=\"0\" cellpadding=\"4\">\n<tbody>\n<tr>\n<td width=\"182\"><strong>Kletterhilfe<\/strong><\/td>\n<td width=\"191\"><strong>Besonderheiten<\/strong><\/td>\n<td width=\"190\"><strong>Clematis-Gruppe<\/strong><\/td>\n<\/tr>\n<tr>\n<td width=\"182\"><\/td>\n<td width=\"191\"><\/td>\n<td width=\"190\"><\/td>\n<\/tr>\n<tr>\n<td width=\"182\">Rankgitter &amp; Spaliere<\/td>\n<td width=\"191\">\n<ul>\n<li>Perfekt f\u00fcr W\u00e4nde, Z\u00e4une und freistehende Strukturen<\/li>\n<li>Materialien: Holz, Metall, Kunststoff<\/li>\n<li>Maschenweite maximal 5 Zentimeter<\/li>\n<\/ul>\n<\/td>\n<td width=\"190\">\n<ul>\n<li>Kleinw\u00fcchsige (bis 2 Meter)<\/li>\n<li>Viticella-Sorten (2 bis 4 Meter)<\/li>\n<\/ul>\n<\/td>\n<\/tr>\n<tr>\n<td width=\"182\">Obelisken &amp; Rankt\u00fcrme<\/td>\n<td width=\"191\">\n<ul>\n<li>Ideal f\u00fcr Clematis im K\u00fcbel<\/li>\n<li>Materialien: Metall, Holz oder Weidegeflecht<\/li>\n<li>H\u00f6he mindestens 1,5 bis 2 Meter (je nach Sorte)<\/li>\n<\/ul>\n<\/td>\n<td width=\"190\">\n<ul>\n<li>Kleinw\u00fcchsige (bis 2 Meter)<\/li>\n<\/ul>\n<\/td>\n<\/tr>\n<tr>\n<td width=\"182\">Rankseile &amp; Drahtsysteme<\/td>\n<td width=\"191\">\n<ul>\n<li>Perfekt f\u00fcr Fassaden oder Pergolen<\/li>\n<li>Maschenweite 2 bi5 Zentimeter<\/li>\n<li>Spannseile aus Edelstahl oder beschichtetem Draht<\/li>\n<\/ul>\n<\/td>\n<td width=\"190\">\n<ul>\n<li>Gro\u00dfblumige Hybriden (2 bis 3 Meter)<\/li>\n<li>Kleinw\u00fcchsige (bis 2 Meter)<\/li>\n<\/ul>\n<\/td>\n<\/tr>\n<tr>\n<td width=\"182\">Pergolen &amp; Rosenb\u00f6gen<\/td>\n<td width=\"191\">\n<ul>\n<li>Perfekt f\u00fcr \u00fcppige Clematis<\/li>\n<li>H\u00f6he mindestens 2 bis 3 Meter<\/li>\n<li>Kombination mit anderen Kletterpflanzen m\u00f6glich<\/li>\n<\/ul>\n<\/td>\n<td width=\"190\">\n<ul>\n<li>Viticella-Sorten (2 bis 4 Meter)<\/li>\n<li>Montana &amp; Armandii (bis 6 Meter)<\/li>\n<li>Gro\u00dfblumige Hybriden (2 bis 3 Meter)<\/li>\n<\/ul>\n<\/td>\n<\/tr>\n<tr>\n<td width=\"182\">B\u00e4ume &amp; Str\u00e4ucher<\/td>\n<td width=\"191\">\n<ul>\n<li>Clematis kann B\u00e4ume und Str\u00e4ucher umschlingen<\/li>\n<li>Gut f\u00fcr Waldreben geeignet<\/li>\n<li>Funktioniert besonders gut mit Rosen, Efeu oder gro\u00dfen Str\u00e4uchern.<\/li>\n<\/ul>\n<\/td>\n<td width=\"190\">\n<ul>\n<li>Montana &amp; Armandii (bis 6 Meter)<\/li>\n<\/ul>\n<\/td>\n<\/tr>\n<\/tbody>\n<\/table>\n<h2><span class=\"ez-toc-section\" id=\"Wie_kann_ich_eine_Clematis_vermehren\"><\/span>Wie kann ich eine Clematis vermehren?<span class=\"ez-toc-section-end\"><\/span><\/h2>\n<p><a href=\"https:\/\/www.samenhaus.de\/gartenblog\/wp-content\/uploads\/2025\/03\/Clematis_1016310997-scaled.jpeg\"><img loading=\"lazy\" decoding=\"async\" class=\"alignright wp-image-20977\" src=\"https:\/\/www.samenhaus.de\/gartenblog\/wp-content\/uploads\/2025\/03\/Clematis_1016310997-600x400.jpeg\" alt=\"Clematissamen\" width=\"300\" height=\"200\" srcset=\"https:\/\/www.samenhaus.de\/gartenblog\/wp-content\/uploads\/2025\/03\/Clematis_1016310997-600x400.jpeg 600w, https:\/\/www.samenhaus.de\/gartenblog\/wp-content\/uploads\/2025\/03\/Clematis_1016310997-1024x683.jpeg 1024w, https:\/\/www.samenhaus.de\/gartenblog\/wp-content\/uploads\/2025\/03\/Clematis_1016310997-768x512.jpeg 768w, https:\/\/www.samenhaus.de\/gartenblog\/wp-content\/uploads\/2025\/03\/Clematis_1016310997-1536x1024.jpeg 1536w, https:\/\/www.samenhaus.de\/gartenblog\/wp-content\/uploads\/2025\/03\/Clematis_1016310997-scaled.jpeg 2048w\" sizes=\"auto, (max-width: 300px) 100vw, 300px\" \/><\/a>Clematis k\u00f6nnen Sie auf drei Arten vermehren: Zum einen durch Samen, wobei wir diese M\u00f6glichkeit nicht weiter beschreiben, da sie sehr unzuverl\u00e4ssig und sehr langwierig ist \u2013 die erste Bl\u00fcte kommt oft erst nach 4 bis 5 Jahren. Stattdessen sehen wir uns Absenker und Stecklinge etwas genauer an.<\/p>\n<h3><span class=\"ez-toc-section\" id=\"Vermehrung_durch_Absenker\"><\/span>Vermehrung durch Absenker<span class=\"ez-toc-section-end\"><\/span><\/h3>\n<ul>\n<li>Beste Zeit: Fr\u00fchjahr bis Herbst<\/li>\n<li>Einen gesunden, bodennahen Trieb vorsichtig auf die Erde biegen und an einer Stelle die Rinde leicht anritzen, um die Wurzelbildung zu f\u00f6rdern.<\/li>\n<li>Den Trieb mit einem Draht oder Stein fixieren, sodass er Bodenkontakt hat.<\/li>\n<li>Die eingeritzte Stelle mit Erde bedecken.<\/li>\n<li>Regelm\u00e4\u00dfig feucht halten \u2013 nach 3 bis 6 Monaten wurden dort Wurzeln gebildet.<\/li>\n<li>Abgesenkte Triebe im n\u00e4chsten Fr\u00fchjahr von der Mutterpflanze trennen.<\/li>\n<\/ul>\n<h3><span class=\"ez-toc-section\" id=\"Vermehrung_durch_Stecklinge\"><\/span>Vermehrung durch Stecklinge<span class=\"ez-toc-section-end\"><\/span><\/h3>\n<ul>\n<li>Beste Zeit: Mai bis Juli<\/li>\n<li>Einen gesunden, etwa 10 Zentimeter langen Trieb ohne Bl\u00fcten ausw\u00e4hlen und direkt unter einem Blattknoten abschneiden.<\/li>\n<li>Die unteren Bl\u00e4tter entfernen, oben bleiben 1 bis 2 Blattpaare stehen.<\/li>\n<li>Steckling in Anzuchterde oder in ein Sand-Erde-Gemisch stecken.<\/li>\n<li>F\u00fcr hohe Luftfeuchtigkeit, etwa mit einer durchsichtigen Plastikhaube oder einem Mini-Gew\u00e4chshaus sorgen.<\/li>\n<li>Hell aber nicht in direkter Sonne aufstellen und feucht halten.<\/li>\n<li>Nach 4 bis 6 Wochen haben sich Wurzeln gebildet, der Steckling kann in einen gr\u00f6\u00dferen Topf umziehen.<\/li>\n<\/ul>\n<h2><span class=\"ez-toc-section\" id=\"In_welcher_Erde_fuehlen_sich_Clematis_wohl\"><\/span>In welcher Erde f\u00fchlen sich Clematis wohl?<span class=\"ez-toc-section-end\"><\/span><\/h2>\n<p>Die passende Erde f\u00fcr Clematis ist n\u00e4hrstoffreich, humushaltig, gut durchl\u00e4ssig, leicht feucht aber nicht nass und hat einen pH-Wert zwischen 6,5 und 7,5. Der beste Mix ist Gartenerde mit Kompost und Sand oder Blumenerde mit Kalk oder Urgesteinsmehl.<\/p>\n<h2><span class=\"ez-toc-section\" id=\"Warum_muss_ich_den_Bodenbereich_von_Clematis_beschatten\"><\/span>Warum muss ich den Bodenbereich von Clematis beschatten?<span class=\"ez-toc-section-end\"><\/span><\/h2>\n<p>Das Beschatten liegt in der nat\u00fcrlichen Herkunft der Pflanze. Viele Clematis-Arten wachsen in W\u00e4ldern oder an Waldr\u00e4ndern, wo die Wurzeln im Schatten liegen, w\u00e4hrend die Triebe nach oben ins Licht wachsen. Dieses Prinzip nennt man &#8222;Kopf in der Sonne, F\u00fc\u00dfe im Schatten&#8220;. Die Beschattung bietet folgende Vorteile:<\/p>\n<ol>\n<li><strong>Schutz vor Austrocknung:<\/strong> Clematis haben flache, empfindliche Wurzeln, die schnell austrocknen. Direkte Sonne heizt den Boden auf, Wasser verdunstet schneller. Durch Schatten bleibt die Erde l\u00e4nger feucht.<\/li>\n<li><strong>Vermeidung von \u00dcberhitzung der Wurzeln:<\/strong> Extreme Hitze kann die Wurzeln sch\u00e4digen. Sie sollten eine gleichm\u00e4\u00dfige Temperatur haben, da in zu warmen B\u00f6den N\u00e4hrstoffe schlechter aufgenommen werden k\u00f6nnen.<\/li>\n<li><strong>F\u00f6rderung gesunder Wurzelbildung:<\/strong> K\u00fchle, feuchte Erde sorgt f\u00fcr ein starkes Wurzelsystem. Gut entwickelte Wurzeln bedeuten bestes Wachstum und mehr Bl\u00fcten.<\/li>\n<\/ol>\n<p>Eine Beschattung kann durch Bodendecker erreicht werden, aber auch durch eine Mulchschicht oder durch gr\u00f6\u00dfere Steine oder Ziegel, die direkt \u00fcber den Wurzelbereich gelegt werden.<\/p>\n<h2><span class=\"ez-toc-section\" id=\"Meine_Clematis_hat_braune_welke_Triebe_%E2%80%93_ist_das_die_Clematis-Welke\"><\/span>Meine Clematis hat braune, welke Triebe \u2013 ist das die Clematis-Welke?<span class=\"ez-toc-section-end\"><\/span><\/h2>\n<p><a href=\"https:\/\/www.samenhaus.de\/gartenblog\/wp-content\/uploads\/2025\/03\/Clematis_349633368-scaled.jpeg\"><img loading=\"lazy\" decoding=\"async\" class=\"alignright wp-image-20975\" src=\"https:\/\/www.samenhaus.de\/gartenblog\/wp-content\/uploads\/2025\/03\/Clematis_349633368-600x400.jpeg\" alt=\"Clematis-Welke\" width=\"300\" height=\"200\" srcset=\"https:\/\/www.samenhaus.de\/gartenblog\/wp-content\/uploads\/2025\/03\/Clematis_349633368-600x400.jpeg 600w, https:\/\/www.samenhaus.de\/gartenblog\/wp-content\/uploads\/2025\/03\/Clematis_349633368-1024x683.jpeg 1024w, https:\/\/www.samenhaus.de\/gartenblog\/wp-content\/uploads\/2025\/03\/Clematis_349633368-768x512.jpeg 768w, https:\/\/www.samenhaus.de\/gartenblog\/wp-content\/uploads\/2025\/03\/Clematis_349633368-1536x1024.jpeg 1536w, https:\/\/www.samenhaus.de\/gartenblog\/wp-content\/uploads\/2025\/03\/Clematis_349633368-scaled.jpeg 2048w\" sizes=\"auto, (max-width: 300px) 100vw, 300px\" \/><\/a>Die am meisten gef\u00fcrchtete Krankheit ist die Clematis-Welke, die f\u00fcr die genannten Anzeichen verantwortlich sein kann. Typische Symptome sind:<\/p>\n<ul>\n<li>Pl\u00f6tzliches Welken einzelner Triebe, oft innerhalb weniger Tage.<\/li>\n<li>Triebe werden und braun und vertrocknen.<\/li>\n<li>Kein Befall der Bl\u00e4tter, das Welken beginnt an der Basis und setzt sich nach oben fort.<\/li>\n<li>Beim Abschneiden des Triebes zeigt sich eine dunkle Verf\u00e4rbung der Leitungsbahnen.<\/li>\n<\/ul>\n<p>Die Ursache f\u00fcr die Clematis-Welke ist ein Pilz \u2013 entweder Fusarium oder Phoma \u2013 der die Leitungsbahnen verstopft und somit den Wassertransport unterbricht. Meist tritt die Krankheit nach feuchtem Wetter oder pl\u00f6tzlicher Hitze auf. Besonders anf\u00e4llig sind gro\u00dfblumige Clematis-Hybriden.<\/p>\n<p>Folgende Ma\u00dfnahmen sollten Sie ergreifen:<\/p>\n<ul>\n<li>Befallene Triebe bis ins gesunde Holz zur\u00fcckschneiden (am besten bodennah).<\/li>\n<li>Erkrankte Pflanzenteile \u00fcber den Hausm\u00fcll entsorgen.<\/li>\n<li>Mit Schachtelhalmbr\u00fche behandeln, um Pilzsporen abzut\u00f6ten.<\/li>\n<li>Boden lockern und die Drainage verbessern, damit Feuchtigkeit schneller abflie\u00dfen kann.<\/li>\n<\/ul>\n<p>Neben der Clematis-Welke k\u00f6nnen auch Wurzelsch\u00e4dlinge wie Engerlinge oder M\u00e4use daf\u00fcr verantwortlich sein, ebenso wie Sonnenbrand nach pl\u00f6tzlicher Hitze.<\/p>\n<h3><span class=\"ez-toc-section\" id=\"Wie_behandle_ich_Clematis_die_von_Mehltau_befallen_ist\"><\/span>Wie behandle ich Clematis, die von Mehltau befallen ist?<span class=\"ez-toc-section-end\"><\/span><\/h3>\n<p>Ein leichter Befall mit Mehltau ist f\u00fcr Clematis nicht schlimm \u2013 es sieht nur nicht besonders h\u00fcbsch aus. Ein starker Befall kann aber zum Problem f\u00fcr die Pflanze werden, denn dann m\u00fcssen Sie Triebe entfernen. Gehen Sie gegen Echten oder auch Falschen Mehltau mit folgenden Mitteln vor:<\/p>\n<ul>\n<li><strong>Milch-Wasser Gemisch:<\/strong> Spr\u00fchen Sie die befallene Clematis mit diesem Gemisch im Verh\u00e4ltnis 1:9 alle 3 bis 4 Tage ein. Tipp: Frische Vollmilch ist besser als H-Milch.<\/li>\n<li><strong>Backpulver oder Natron:<\/strong> Geben Sie auf 1 Liter Wasser 1 Teel\u00f6ffel Backpulver oder Natron und 1 Teel\u00f6ffel Pflanzen\u00f6l. Damit einmal in der Woche die befallenen Bl\u00e4tter einspr\u00fchen.<\/li>\n<li><strong>Knoblauch<\/strong>&#8211; oder Zwiebeltee: Auf 1 Liter Wasser kommen 2 bis 3 Knoblauchzehen oder 1 Zwiebel, damit einen Tee aufkochen und 20 Minuten ziehen lassen. Ebenfalls befallene Stellen der Pflanze 1 bis 2 Mal pro Woche einspr\u00fchen.<\/li>\n<li><strong>Schachtelhalm-Br\u00fche:<\/strong> 150 Gramm frischen oder 15 Gramm getrockneten Schachtelhalm in 1 Liter Wasser einweichen, danach 30 Minuten k\u00f6cheln lassen. Nach dem Abk\u00fchlen im Verh\u00e4ltnis 1: 5 mit Wasser verd\u00fcnnen und die Pflanze einmal die Woche einspr\u00fchen. Wirkt auch vorbeugend!<\/li>\n<\/ul>\n<h3><span class=\"ez-toc-section\" id=\"Warum_faulen_die_Wurzeln_meiner_Clematis\"><\/span>Warum faulen die Wurzeln meiner Clematis?<span class=\"ez-toc-section-end\"><\/span><\/h3>\n<p>Der h\u00e4ufigste Grund f\u00fcr faulende Wurzeln ist Staun\u00e4sse. Wenn die Pflanze schlecht w\u00e4chst oder pl\u00f6tzlich welkt, wenn die Bl\u00e4tter gelb oder braun werden und Triebe absterben und wenn die Wurzeln matschig sind und \u00fcbel riechen, dann ist der Boden zu nass. Dies kann an einer fehlenden Drainage, an einem zu schweren, verdichteten Boden oder an zu viel Gie\u00dfwasser liegen.<\/p>\n<p>Weiterhin kann eine Pilzinfektion (Fusarium oder Phytophthora) verantwortlich sein. In diesem Fall muss die Pflanze entsorgt werden. Tauschen Sie auch die Erde aus, damit die Pilze nicht weitergetragen werden.<\/p>\n<h3><span class=\"ez-toc-section\" id=\"Die_Blaetter_meiner_Clematis_sind_angefressen_%E2%80%93_wer_ist_der_Verursacher\"><\/span>Die Bl\u00e4tter meiner Clematis sind angefressen \u2013 wer ist der Verursacher?<span class=\"ez-toc-section-end\"><\/span><\/h3>\n<p>Hin und wieder kann es vorkommen, dass sich kleine Tierchen an Ihrer Clematis zu schaffen machen. Wenn Sie angefressene Bl\u00e4tter entdecken, dann kann das auf folgende Tiere hindeuten:<\/p>\n<h4><span class=\"ez-toc-section\" id=\"Schnecken\"><\/span>Schnecken<span class=\"ez-toc-section-end\"><\/span><\/h4>\n<ul>\n<li>Sie machen sich besonders an jungen Clematis zu schaffen.<\/li>\n<li>Als typisches Anzeichen finden sich unregelm\u00e4\u00dfige Fra\u00dfl\u00f6cher vom Blattrand her.<\/li>\n<li>Besonders junge Triebe und Bl\u00e4tter sind betroffen.<\/li>\n<li>Schleimspuren verraten die Schnecken.<\/li>\n<li>Schaden entsteht meist \u00fcber Nacht.<\/li>\n<li>L\u00f6sung: Sammeln Sie Schnecken ab, streuen Sie Kaffeesatz oder Eierschalen um die Clematis oder stellen Sie einen Schneckenzaun auf.<\/li>\n<\/ul>\n<h4><span class=\"ez-toc-section\" id=\"Dickmaulruessler\"><\/span>Dickmaulr\u00fcssler<span class=\"ez-toc-section-end\"><\/span><\/h4>\n<ul>\n<li>Typische Anzeichen sind halbrunde Fra\u00dfspuren an den Blattr\u00e4ndern.<\/li>\n<li>Meist nachts aktiv.<\/li>\n<li>Die Larven leben im Boden, sie fressen au\u00dferdem die Wurzeln an.<\/li>\n<li>L\u00f6sung: Sammeln Sie K\u00e4fer in der Dunkelheit ab, setzen Sie Nematoden ein, die \u00fcber das Gie\u00dfwasser in den Boden gelangen und die Larven bek\u00e4mpfen, versehen Sie die R\u00e4nder von Blument\u00f6pfen mit Leimringen.<\/li>\n<\/ul>\n<h4><span class=\"ez-toc-section\" id=\"Raupen_und_Blattwespenlarven\"><\/span>Raupen und Blattwespenlarven<span class=\"ez-toc-section-end\"><\/span><\/h4>\n<ul>\n<li>Typische Anzeichen sind runde bis unregelm\u00e4\u00dfige L\u00f6cher mitten im Blatt.<\/li>\n<li>Raupen oder kleine Larven sind auf der Blattunterseite sichtbar.<\/li>\n<li>L\u00f6sung: Sammeln Sie die Raupen ab, spr\u00fchen Sie Brennnesselsud oder Knoblauchbr\u00fche.<\/li>\n<\/ul>\n<h4><span class=\"ez-toc-section\" id=\"Thripse\"><\/span>Thripse<span class=\"ez-toc-section-end\"><\/span><\/h4>\n<ul>\n<li>Typische Anzeichen sind silbrig-graue Flecken und feine L\u00f6cher in den Bl\u00e4ttern.<\/li>\n<li>Da Thripse nur 1 bis 2 Millimeter gro\u00df und schnell sind, sind sie nur schwer zu entdecken.<\/li>\n<li>Besonders aktiv sind sie an hei\u00dfen und trocknen Tagen.<\/li>\n<li>L\u00f6sung: Bl\u00e4tter mit Wasser abduschen, gelbe Klebefallen aufstellen, Neem\u00f6l oder Knoblauch als Spritzmittel verwenden.<\/li>\n<\/ul>\n<h3><span class=\"ez-toc-section\" id=\"Meine_Clematis_hat_klebrige_Blaetter_und_Ameisen_%E2%80%93_was_passiert_da\"><\/span>Meine Clematis hat klebrige Bl\u00e4tter und Ameisen \u2013 was passiert da?<span class=\"ez-toc-section-end\"><\/span><\/h3>\n<p>Diese Anzeichen verraten Blattl\u00e4use! Die Blattl\u00e4use scheiden nach dem Saugen des Pflanzensaftes Honigtau aus, von dem sich Ameisen ern\u00e4hren (diese laufen auf der Pflanze herum und melken die L\u00e4use) \u2013 sie leben also in Symbiose mit ihnen. Neben klebrigen Bl\u00e4ttern sind dies auch verformt und rollen sich ein. Als L\u00f6sung sollten Sie Marienk\u00e4fer und Florfliegenlarven f\u00f6rdern, Sie k\u00f6nnen aber auch Neem\u00f6l oder eine Schmierseifenl\u00f6sung einsetzen und damit die Blattl\u00e4use bek\u00e4mpfen.<\/p>\n","protected":false},"excerpt":{"rendered":"<p>Lust auf Kletterpflanzen? Dann holen Sie sich doch eine oder gleich mehrere Clematis. Die Waldrebe gibt es in zahlreichen Bl\u00fctenfarben und Bl\u00fctengr\u00f6\u00dfen. Eingeteilt werden die Pflanzen in 3 Gruppen: Fr\u00fchlingsbl\u00fcher, Herbstbl\u00fcher und Mehrfachbl\u00fcher \u2013 daran orientiert sich auch der Pflegeschnitt. Wie dieser auszusehen hat und viele weitere Fragen zur Thema Clematis wollen wir hier n\u00e4her betrachten. Wie werden Clematis geschnitten, damit sie optimal bl\u00fchen? F\u00fcr den richtigen Schnitt ist es wichtig zu wissen, in welche Schnittgruppe Ihre Clematis eingeteilt wird. Diese richtet sich nach der Bl\u00fctezeit und ihrem Wachstumsverhalten. Gruppe 1: Fr\u00fchbl\u00fchende Clematis \u2013 kaum R\u00fcckschnitt n\u00f6tig Die Hauptbl\u00fcte findet im April und Mai an vorj\u00e4hrigen Trieben statt. Sie setzen bereits im Vorjahr Bl\u00fctenknospen an, weswegen sie kaum bis gar keinen R\u00fcckschnitt ben\u00f6tigen. Falls notwendig, etwa zur Formkorrektur oder zur Verj\u00fcngung, direkt nach der Bl\u00fcte im sp\u00e4ten Fr\u00fchjahr schneiden. Nur abgestorbene oder st\u00f6rende Triebe werden entfernt. Ein radikaler R\u00fcckschnitt f\u00fchrt zum Verlust der Bl\u00fcte im n\u00e4chsten Jahr Beispiele: Clematis montana, Clematis alpina, Clematis macropetala Gruppe 2: Gro\u00dfblumige Hybriden \u2013 leichter R\u00fcckschnitt Die Hauptbl\u00fcte findet im Mai und Juni an alten Trieben statt, die Nachbl\u00fcte im August und September an neuen Trieben. Im Februar oder M\u00e4rz wird die Clematis nur leicht [&hellip;]<\/p>\n","protected":false},"author":13,"featured_media":20974,"comment_status":"open","ping_status":"open","sticky":false,"template":"","format":"standard","meta":{"_acf_changed":false,"footnotes":""},"categories":[13],"tags":[],"hersteller":[],"class_list":["post-20815","post","type-post","status-publish","format-standard","has-post-thumbnail","hentry","category-blumen"],"acf":[],"yoast_head":"<!-- This site is optimized with the Yoast SEO plugin v27.4 - https:\/\/yoast.com\/product\/yoast-seo-wordpress\/ -->\n<title>Sie fragen \u2013 wir antworten: Alles rund um die Clematis - Samenhaus Gartenblog<\/title>\n<meta name=\"description\" content=\"Clematis sind wundersch\u00f6ne Kletterpflanzen f\u00fcr den Garten. Damit sie wundervoll gedeihen, sollten Sie bei der Pflege auf einiges achten.\" \/>\n<meta name=\"robots\" content=\"index, follow, max-snippet:-1, max-image-preview:large, max-video-preview:-1\" \/>\n<link rel=\"canonical\" href=\"https:\/\/www.samenhaus.de\/gartenblog\/sie-fragen-wir-antworten-alles-rund-um-die-clematis\" \/>\n<meta property=\"og:locale\" content=\"de_DE\" \/>\n<meta property=\"og:type\" content=\"article\" \/>\n<meta property=\"og:title\" content=\"Sie fragen \u2013 wir antworten: Alles rund um die Clematis - Samenhaus Gartenblog\" \/>\n<meta property=\"og:description\" content=\"Clematis sind wundersch\u00f6ne Kletterpflanzen f\u00fcr den Garten. Damit sie wundervoll gedeihen, sollten Sie bei der Pflege auf einiges achten.\" \/>\n<meta property=\"og:url\" content=\"https:\/\/www.samenhaus.de\/gartenblog\/sie-fragen-wir-antworten-alles-rund-um-die-clematis\" \/>\n<meta property=\"og:site_name\" content=\"Samenhaus Gartenblog\" \/>\n<meta property=\"article:publisher\" content=\"https:\/\/de-de.facebook.com\/samenhaus\" \/>\n<meta property=\"article:published_time\" content=\"2025-03-18T08:00:37+00:00\" \/>\n<meta property=\"article:modified_time\" content=\"2025-03-19T12:38:30+00:00\" \/>\n<meta property=\"og:image\" content=\"https:\/\/www.samenhaus.de\/gartenblog\/wp-content\/uploads\/2025\/03\/Clematis_205784588.jpg\" \/>\n\t<meta property=\"og:image:width\" content=\"1000\" \/>\n\t<meta property=\"og:image:height\" content=\"563\" \/>\n\t<meta property=\"og:image:type\" content=\"image\/jpeg\" \/>\n<meta name=\"author\" content=\"Holger\" \/>\n<meta name=\"twitter:card\" content=\"summary_large_image\" \/>\n<meta name=\"twitter:creator\" content=\"@samenhaus\" \/>\n<meta name=\"twitter:site\" content=\"@samenhaus\" \/>\n<meta name=\"twitter:label1\" content=\"Verfasst von\" \/>\n\t<meta name=\"twitter:data1\" content=\"Holger\" \/>\n\t<meta name=\"twitter:label2\" content=\"Gesch\u00e4tzte Lesezeit\" \/>\n\t<meta name=\"twitter:data2\" content=\"13\u00a0Minuten\" \/>\n<script type=\"application\/ld+json\" class=\"yoast-schema-graph\">{\"@context\":\"https:\\\/\\\/schema.org\",\"@graph\":[{\"@type\":\"Article\",\"@id\":\"https:\\\/\\\/www.samenhaus.de\\\/gartenblog\\\/sie-fragen-wir-antworten-alles-rund-um-die-clematis#article\",\"isPartOf\":{\"@id\":\"https:\\\/\\\/www.samenhaus.de\\\/gartenblog\\\/sie-fragen-wir-antworten-alles-rund-um-die-clematis\"},\"author\":{\"name\":\"Holger\",\"@id\":\"https:\\\/\\\/www.samenhaus.de\\\/gartenblog\\\/#\\\/schema\\\/person\\\/de169769587431893823f62b2ce06c04\"},\"headline\":\"Sie fragen \u2013 wir antworten: Alles rund um die Clematis\",\"datePublished\":\"2025-03-18T08:00:37+00:00\",\"dateModified\":\"2025-03-19T12:38:30+00:00\",\"mainEntityOfPage\":{\"@id\":\"https:\\\/\\\/www.samenhaus.de\\\/gartenblog\\\/sie-fragen-wir-antworten-alles-rund-um-die-clematis\"},\"wordCount\":2281,\"commentCount\":0,\"publisher\":{\"@id\":\"https:\\\/\\\/www.samenhaus.de\\\/gartenblog\\\/#organization\"},\"image\":{\"@id\":\"https:\\\/\\\/www.samenhaus.de\\\/gartenblog\\\/sie-fragen-wir-antworten-alles-rund-um-die-clematis#primaryimage\"},\"thumbnailUrl\":\"https:\\\/\\\/www.samenhaus.de\\\/gartenblog\\\/wp-content\\\/uploads\\\/2025\\\/03\\\/Clematis_205784588.jpg\",\"articleSection\":[\"Blumen\"],\"inLanguage\":\"de\",\"potentialAction\":[{\"@type\":\"CommentAction\",\"name\":\"Comment\",\"target\":[\"https:\\\/\\\/www.samenhaus.de\\\/gartenblog\\\/sie-fragen-wir-antworten-alles-rund-um-die-clematis#respond\"]}],\"copyrightYear\":\"2025\",\"copyrightHolder\":{\"@id\":\"https:\\\/\\\/www.samenhaus.de\\\/gartenblog\\\/#organization\"}},{\"@type\":\"WebPage\",\"@id\":\"https:\\\/\\\/www.samenhaus.de\\\/gartenblog\\\/sie-fragen-wir-antworten-alles-rund-um-die-clematis\",\"url\":\"https:\\\/\\\/www.samenhaus.de\\\/gartenblog\\\/sie-fragen-wir-antworten-alles-rund-um-die-clematis\",\"name\":\"Sie fragen \u2013 wir antworten: Alles rund um die Clematis - Samenhaus Gartenblog\",\"isPartOf\":{\"@id\":\"https:\\\/\\\/www.samenhaus.de\\\/gartenblog\\\/#website\"},\"primaryImageOfPage\":{\"@id\":\"https:\\\/\\\/www.samenhaus.de\\\/gartenblog\\\/sie-fragen-wir-antworten-alles-rund-um-die-clematis#primaryimage\"},\"image\":{\"@id\":\"https:\\\/\\\/www.samenhaus.de\\\/gartenblog\\\/sie-fragen-wir-antworten-alles-rund-um-die-clematis#primaryimage\"},\"thumbnailUrl\":\"https:\\\/\\\/www.samenhaus.de\\\/gartenblog\\\/wp-content\\\/uploads\\\/2025\\\/03\\\/Clematis_205784588.jpg\",\"datePublished\":\"2025-03-18T08:00:37+00:00\",\"dateModified\":\"2025-03-19T12:38:30+00:00\",\"description\":\"Clematis sind wundersch\u00f6ne Kletterpflanzen f\u00fcr den Garten. Damit sie wundervoll gedeihen, sollten Sie bei der Pflege auf einiges achten.\",\"breadcrumb\":{\"@id\":\"https:\\\/\\\/www.samenhaus.de\\\/gartenblog\\\/sie-fragen-wir-antworten-alles-rund-um-die-clematis#breadcrumb\"},\"inLanguage\":\"de\",\"potentialAction\":[{\"@type\":\"ReadAction\",\"target\":[\"https:\\\/\\\/www.samenhaus.de\\\/gartenblog\\\/sie-fragen-wir-antworten-alles-rund-um-die-clematis\"]}]},{\"@type\":\"ImageObject\",\"inLanguage\":\"de\",\"@id\":\"https:\\\/\\\/www.samenhaus.de\\\/gartenblog\\\/sie-fragen-wir-antworten-alles-rund-um-die-clematis#primaryimage\",\"url\":\"https:\\\/\\\/www.samenhaus.de\\\/gartenblog\\\/wp-content\\\/uploads\\\/2025\\\/03\\\/Clematis_205784588.jpg\",\"contentUrl\":\"https:\\\/\\\/www.samenhaus.de\\\/gartenblog\\\/wp-content\\\/uploads\\\/2025\\\/03\\\/Clematis_205784588.jpg\",\"width\":1000,\"height\":563,\"caption\":\"lilafarbene Clematis\"},{\"@type\":\"BreadcrumbList\",\"@id\":\"https:\\\/\\\/www.samenhaus.de\\\/gartenblog\\\/sie-fragen-wir-antworten-alles-rund-um-die-clematis#breadcrumb\",\"itemListElement\":[{\"@type\":\"ListItem\",\"position\":1,\"name\":\"Startseite\",\"item\":\"https:\\\/\\\/www.samenhaus.de\\\/gartenblog\\\/\"},{\"@type\":\"ListItem\",\"position\":2,\"name\":\"Sie fragen \u2013 wir antworten: Alles rund um die Clematis\"}]},{\"@type\":\"WebSite\",\"@id\":\"https:\\\/\\\/www.samenhaus.de\\\/gartenblog\\\/#website\",\"url\":\"https:\\\/\\\/www.samenhaus.de\\\/gartenblog\\\/\",\"name\":\"Samenhaus Gartenblog\",\"description\":\"\",\"publisher\":{\"@id\":\"https:\\\/\\\/www.samenhaus.de\\\/gartenblog\\\/#organization\"},\"potentialAction\":[{\"@type\":\"SearchAction\",\"target\":{\"@type\":\"EntryPoint\",\"urlTemplate\":\"https:\\\/\\\/www.samenhaus.de\\\/gartenblog\\\/?s={search_term_string}\"},\"query-input\":{\"@type\":\"PropertyValueSpecification\",\"valueRequired\":true,\"valueName\":\"search_term_string\"}}],\"inLanguage\":\"de\"},{\"@type\":\"Organization\",\"@id\":\"https:\\\/\\\/www.samenhaus.de\\\/gartenblog\\\/#organization\",\"name\":\"Samenhaus.de Gartenblog\",\"url\":\"https:\\\/\\\/www.samenhaus.de\\\/gartenblog\\\/\",\"logo\":{\"@type\":\"ImageObject\",\"inLanguage\":\"de\",\"@id\":\"https:\\\/\\\/www.samenhaus.de\\\/gartenblog\\\/#\\\/schema\\\/logo\\\/image\\\/\",\"url\":\"https:\\\/\\\/www.samenhaus.de\\\/gartenblog\\\/wp-content\\\/uploads\\\/2020\\\/11\\\/logo.svg\",\"contentUrl\":\"https:\\\/\\\/www.samenhaus.de\\\/gartenblog\\\/wp-content\\\/uploads\\\/2020\\\/11\\\/logo.svg\",\"width\":1,\"height\":1,\"caption\":\"Samenhaus.de Gartenblog\"},\"image\":{\"@id\":\"https:\\\/\\\/www.samenhaus.de\\\/gartenblog\\\/#\\\/schema\\\/logo\\\/image\\\/\"},\"sameAs\":[\"https:\\\/\\\/de-de.facebook.com\\\/samenhaus\",\"https:\\\/\\\/x.com\\\/samenhaus\"]},{\"@type\":\"Person\",\"@id\":\"https:\\\/\\\/www.samenhaus.de\\\/gartenblog\\\/#\\\/schema\\\/person\\\/de169769587431893823f62b2ce06c04\",\"name\":\"Holger\",\"image\":{\"@type\":\"ImageObject\",\"inLanguage\":\"de\",\"@id\":\"https:\\\/\\\/www.samenhaus.de\\\/gartenblog\\\/wp-content\\\/uploads\\\/2026\\\/03\\\/Holger-150x150.png\",\"url\":\"https:\\\/\\\/www.samenhaus.de\\\/gartenblog\\\/wp-content\\\/uploads\\\/2026\\\/03\\\/Holger-150x150.png\",\"contentUrl\":\"https:\\\/\\\/www.samenhaus.de\\\/gartenblog\\\/wp-content\\\/uploads\\\/2026\\\/03\\\/Holger-150x150.png\",\"caption\":\"Holger\"},\"description\":\"6.000.000 W\u00f6rter \u2013 so viel k\u00f6nnen Sie in etwa von mir online lesen. Das F\u00fcllen des Internets entwickelte sich nach meiner Ausbildung zum TV-Redakteur und der langj\u00e4hrigen Arbeit bei SAT.1 zu einem Fulltime-Job. Trotzdem finde ich noch gen\u00fcgend Zeit, um in meinem Garten zu werkeln. Eine Staude hier, ein Bl\u00fcmchen dort und ein bisschen Gem\u00fcse darf auch nicht fehlen \u2013 einen Schnitzelbaum gibt es ja noch nicht \u2026 Die besten geistigen Erg\u00fcsse habe ich \u00fcbrigens, wenn ich IM Garten \u00dcBER den Garten schreiben kann. So vereinen sich Beruf und Hobby perfekt \u2013 was gibt es Sch\u00f6neres?\",\"url\":\"https:\\\/\\\/www.samenhaus.de\\\/gartenblog\\\/author\\\/holger\"}]}<\/script>\n<!-- \/ Yoast SEO plugin. -->","yoast_head_json":{"title":"Sie fragen \u2013 wir antworten: Alles rund um die Clematis - Samenhaus Gartenblog","description":"Clematis sind wundersch\u00f6ne Kletterpflanzen f\u00fcr den Garten. Damit sie wundervoll gedeihen, sollten Sie bei der Pflege auf einiges achten.","robots":{"index":"index","follow":"follow","max-snippet":"max-snippet:-1","max-image-preview":"max-image-preview:large","max-video-preview":"max-video-preview:-1"},"canonical":"https:\/\/www.samenhaus.de\/gartenblog\/sie-fragen-wir-antworten-alles-rund-um-die-clematis","og_locale":"de_DE","og_type":"article","og_title":"Sie fragen \u2013 wir antworten: Alles rund um die Clematis - Samenhaus Gartenblog","og_description":"Clematis sind wundersch\u00f6ne Kletterpflanzen f\u00fcr den Garten. Damit sie wundervoll gedeihen, sollten Sie bei der Pflege auf einiges achten.","og_url":"https:\/\/www.samenhaus.de\/gartenblog\/sie-fragen-wir-antworten-alles-rund-um-die-clematis","og_site_name":"Samenhaus Gartenblog","article_publisher":"https:\/\/de-de.facebook.com\/samenhaus","article_published_time":"2025-03-18T08:00:37+00:00","article_modified_time":"2025-03-19T12:38:30+00:00","og_image":[{"width":1000,"height":563,"url":"https:\/\/www.samenhaus.de\/gartenblog\/wp-content\/uploads\/2025\/03\/Clematis_205784588.jpg","type":"image\/jpeg"}],"author":"Holger","twitter_card":"summary_large_image","twitter_creator":"@samenhaus","twitter_site":"@samenhaus","twitter_misc":{"Verfasst von":"Holger","Gesch\u00e4tzte Lesezeit":"13\u00a0Minuten"},"schema":{"@context":"https:\/\/schema.org","@graph":[{"@type":"Article","@id":"https:\/\/www.samenhaus.de\/gartenblog\/sie-fragen-wir-antworten-alles-rund-um-die-clematis#article","isPartOf":{"@id":"https:\/\/www.samenhaus.de\/gartenblog\/sie-fragen-wir-antworten-alles-rund-um-die-clematis"},"author":{"name":"Holger","@id":"https:\/\/www.samenhaus.de\/gartenblog\/#\/schema\/person\/de169769587431893823f62b2ce06c04"},"headline":"Sie fragen \u2013 wir antworten: Alles rund um die Clematis","datePublished":"2025-03-18T08:00:37+00:00","dateModified":"2025-03-19T12:38:30+00:00","mainEntityOfPage":{"@id":"https:\/\/www.samenhaus.de\/gartenblog\/sie-fragen-wir-antworten-alles-rund-um-die-clematis"},"wordCount":2281,"commentCount":0,"publisher":{"@id":"https:\/\/www.samenhaus.de\/gartenblog\/#organization"},"image":{"@id":"https:\/\/www.samenhaus.de\/gartenblog\/sie-fragen-wir-antworten-alles-rund-um-die-clematis#primaryimage"},"thumbnailUrl":"https:\/\/www.samenhaus.de\/gartenblog\/wp-content\/uploads\/2025\/03\/Clematis_205784588.jpg","articleSection":["Blumen"],"inLanguage":"de","potentialAction":[{"@type":"CommentAction","name":"Comment","target":["https:\/\/www.samenhaus.de\/gartenblog\/sie-fragen-wir-antworten-alles-rund-um-die-clematis#respond"]}],"copyrightYear":"2025","copyrightHolder":{"@id":"https:\/\/www.samenhaus.de\/gartenblog\/#organization"}},{"@type":"WebPage","@id":"https:\/\/www.samenhaus.de\/gartenblog\/sie-fragen-wir-antworten-alles-rund-um-die-clematis","url":"https:\/\/www.samenhaus.de\/gartenblog\/sie-fragen-wir-antworten-alles-rund-um-die-clematis","name":"Sie fragen \u2013 wir antworten: Alles rund um die Clematis - Samenhaus Gartenblog","isPartOf":{"@id":"https:\/\/www.samenhaus.de\/gartenblog\/#website"},"primaryImageOfPage":{"@id":"https:\/\/www.samenhaus.de\/gartenblog\/sie-fragen-wir-antworten-alles-rund-um-die-clematis#primaryimage"},"image":{"@id":"https:\/\/www.samenhaus.de\/gartenblog\/sie-fragen-wir-antworten-alles-rund-um-die-clematis#primaryimage"},"thumbnailUrl":"https:\/\/www.samenhaus.de\/gartenblog\/wp-content\/uploads\/2025\/03\/Clematis_205784588.jpg","datePublished":"2025-03-18T08:00:37+00:00","dateModified":"2025-03-19T12:38:30+00:00","description":"Clematis sind wundersch\u00f6ne Kletterpflanzen f\u00fcr den Garten. Damit sie wundervoll gedeihen, sollten Sie bei der Pflege auf einiges achten.","breadcrumb":{"@id":"https:\/\/www.samenhaus.de\/gartenblog\/sie-fragen-wir-antworten-alles-rund-um-die-clematis#breadcrumb"},"inLanguage":"de","potentialAction":[{"@type":"ReadAction","target":["https:\/\/www.samenhaus.de\/gartenblog\/sie-fragen-wir-antworten-alles-rund-um-die-clematis"]}]},{"@type":"ImageObject","inLanguage":"de","@id":"https:\/\/www.samenhaus.de\/gartenblog\/sie-fragen-wir-antworten-alles-rund-um-die-clematis#primaryimage","url":"https:\/\/www.samenhaus.de\/gartenblog\/wp-content\/uploads\/2025\/03\/Clematis_205784588.jpg","contentUrl":"https:\/\/www.samenhaus.de\/gartenblog\/wp-content\/uploads\/2025\/03\/Clematis_205784588.jpg","width":1000,"height":563,"caption":"lilafarbene Clematis"},{"@type":"BreadcrumbList","@id":"https:\/\/www.samenhaus.de\/gartenblog\/sie-fragen-wir-antworten-alles-rund-um-die-clematis#breadcrumb","itemListElement":[{"@type":"ListItem","position":1,"name":"Startseite","item":"https:\/\/www.samenhaus.de\/gartenblog\/"},{"@type":"ListItem","position":2,"name":"Sie fragen \u2013 wir antworten: Alles rund um die Clematis"}]},{"@type":"WebSite","@id":"https:\/\/www.samenhaus.de\/gartenblog\/#website","url":"https:\/\/www.samenhaus.de\/gartenblog\/","name":"Samenhaus Gartenblog","description":"","publisher":{"@id":"https:\/\/www.samenhaus.de\/gartenblog\/#organization"},"potentialAction":[{"@type":"SearchAction","target":{"@type":"EntryPoint","urlTemplate":"https:\/\/www.samenhaus.de\/gartenblog\/?s={search_term_string}"},"query-input":{"@type":"PropertyValueSpecification","valueRequired":true,"valueName":"search_term_string"}}],"inLanguage":"de"},{"@type":"Organization","@id":"https:\/\/www.samenhaus.de\/gartenblog\/#organization","name":"Samenhaus.de Gartenblog","url":"https:\/\/www.samenhaus.de\/gartenblog\/","logo":{"@type":"ImageObject","inLanguage":"de","@id":"https:\/\/www.samenhaus.de\/gartenblog\/#\/schema\/logo\/image\/","url":"https:\/\/www.samenhaus.de\/gartenblog\/wp-content\/uploads\/2020\/11\/logo.svg","contentUrl":"https:\/\/www.samenhaus.de\/gartenblog\/wp-content\/uploads\/2020\/11\/logo.svg","width":1,"height":1,"caption":"Samenhaus.de Gartenblog"},"image":{"@id":"https:\/\/www.samenhaus.de\/gartenblog\/#\/schema\/logo\/image\/"},"sameAs":["https:\/\/de-de.facebook.com\/samenhaus","https:\/\/x.com\/samenhaus"]},{"@type":"Person","@id":"https:\/\/www.samenhaus.de\/gartenblog\/#\/schema\/person\/de169769587431893823f62b2ce06c04","name":"Holger","image":{"@type":"ImageObject","inLanguage":"de","@id":"https:\/\/www.samenhaus.de\/gartenblog\/wp-content\/uploads\/2026\/03\/Holger-150x150.png","url":"https:\/\/www.samenhaus.de\/gartenblog\/wp-content\/uploads\/2026\/03\/Holger-150x150.png","contentUrl":"https:\/\/www.samenhaus.de\/gartenblog\/wp-content\/uploads\/2026\/03\/Holger-150x150.png","caption":"Holger"},"description":"6.000.000 W\u00f6rter \u2013 so viel k\u00f6nnen Sie in etwa von mir online lesen. Das F\u00fcllen des Internets entwickelte sich nach meiner Ausbildung zum TV-Redakteur und der langj\u00e4hrigen Arbeit bei SAT.1 zu einem Fulltime-Job. Trotzdem finde ich noch gen\u00fcgend Zeit, um in meinem Garten zu werkeln. Eine Staude hier, ein Bl\u00fcmchen dort und ein bisschen Gem\u00fcse darf auch nicht fehlen \u2013 einen Schnitzelbaum gibt es ja noch nicht \u2026 Die besten geistigen Erg\u00fcsse habe ich \u00fcbrigens, wenn ich IM Garten \u00dcBER den Garten schreiben kann. So vereinen sich Beruf und Hobby perfekt \u2013 was gibt es Sch\u00f6neres?","url":"https:\/\/www.samenhaus.de\/gartenblog\/author\/holger"}]}},"wp-worthy-pixel":{"ignored":false,"public":"d866ecb07f9748cfb312058db3c3fc9f","server":"vg09.met.vgwort.de","url":"https:\/\/vg09.met.vgwort.de\/na\/d866ecb07f9748cfb312058db3c3fc9f"},"wp-worthy-type":"normal","_links":{"self":[{"href":"https:\/\/www.samenhaus.de\/gartenblog\/wp-json\/wp\/v2\/posts\/20815","targetHints":{"allow":["GET"]}}],"collection":[{"href":"https:\/\/www.samenhaus.de\/gartenblog\/wp-json\/wp\/v2\/posts"}],"about":[{"href":"https:\/\/www.samenhaus.de\/gartenblog\/wp-json\/wp\/v2\/types\/post"}],"author":[{"embeddable":true,"href":"https:\/\/www.samenhaus.de\/gartenblog\/wp-json\/wp\/v2\/users\/13"}],"replies":[{"embeddable":true,"href":"https:\/\/www.samenhaus.de\/gartenblog\/wp-json\/wp\/v2\/comments?post=20815"}],"version-history":[{"count":8,"href":"https:\/\/www.samenhaus.de\/gartenblog\/wp-json\/wp\/v2\/posts\/20815\/revisions"}],"predecessor-version":[{"id":20979,"href":"https:\/\/www.samenhaus.de\/gartenblog\/wp-json\/wp\/v2\/posts\/20815\/revisions\/20979"}],"wp:featuredmedia":[{"embeddable":true,"href":"https:\/\/www.samenhaus.de\/gartenblog\/wp-json\/wp\/v2\/media\/20974"}],"wp:attachment":[{"href":"https:\/\/www.samenhaus.de\/gartenblog\/wp-json\/wp\/v2\/media?parent=20815"}],"wp:term":[{"taxonomy":"category","embeddable":true,"href":"https:\/\/www.samenhaus.de\/gartenblog\/wp-json\/wp\/v2\/categories?post=20815"},{"taxonomy":"post_tag","embeddable":true,"href":"https:\/\/www.samenhaus.de\/gartenblog\/wp-json\/wp\/v2\/tags?post=20815"},{"taxonomy":"hersteller","embeddable":true,"href":"https:\/\/www.samenhaus.de\/gartenblog\/wp-json\/wp\/v2\/hersteller?post=20815"}],"curies":[{"name":"wp","href":"https:\/\/api.w.org\/{rel}","templated":true}]}}