{"id":21701,"date":"2025-07-01T09:00:18","date_gmt":"2025-07-01T07:00:18","guid":{"rendered":"https:\/\/www.samenhaus.de\/gartenblog\/?p=21701"},"modified":"2025-07-24T13:14:09","modified_gmt":"2025-07-24T11:14:09","slug":"diese-kraeuter-finden-sie-im-juli","status":"publish","type":"post","link":"https:\/\/www.samenhaus.de\/gartenblog\/diese-kraeuter-finden-sie-im-juli","title":{"rendered":"Diese Kr\u00e4uter finden Sie im Juli"},"content":{"rendered":"<p>Der Juli ist ein Garant daf\u00fcr, dass Sie unz\u00e4hlige Kr\u00e4uter finden. Denn gerade der Hochsommer ist eine Zeit voller Duft und Farben und wie auch die Ernte verschiedener Fr\u00fcchte, Gem\u00fcsesorten und nat\u00fcrlich von Kr\u00e4utern. Gerade wenn Sie gerne in der Natur unterwegs sind, werden Sie jetzt zahlreiche Kr\u00e4uter und Heilpflanzen finden, die Sie nicht nur in der K\u00fcche als Gew\u00fcrz nutzen k\u00f6nnen, sondern auch als Tinkturen. Insbesondere auf Wiesen und an Waldr\u00e4ndern sowie im eigenen Garten finden Sie im Juli Kr\u00e4uter in H\u00fclle und F\u00fclle. Schauen Sie also genau hin und ernten Sie die hervorragenden Pflanzen, damit auch Sie davon profitieren k\u00f6nnen. Denken Sie aber bitte immer daran, sorgsam mit der Natur umzugehen und nur so viel zu ernten, wie Sie auch wirklich ben\u00f6tigen. In diesem Ratgeber erfahren Sie, welche Kr\u00e4uter im Juli geerntet werden k\u00f6nnen und nat\u00fcrlich gibt es auch noch eine Vielzahl an Rezepten, damit Sie die Kr\u00e4uter auch optimal verarbeiten k\u00f6nnen.<\/p>\n<h2><span class=\"ez-toc-section\" id=\"Praktische_Tipps_um_Kraeuter_zu_finden\"><\/span>Praktische Tipps, um Kr\u00e4uter zu finden<span class=\"ez-toc-section-end\"><\/span><\/h2>\n<p><a href=\"https:\/\/www.samenhaus.de\/gartenblog\/wp-content\/uploads\/2025\/07\/Kraeutersammeln-Juli_268767528-scaled.jpeg\"><img loading=\"lazy\" decoding=\"async\" class=\"alignright wp-image-21928\" src=\"https:\/\/www.samenhaus.de\/gartenblog\/wp-content\/uploads\/2025\/07\/Kraeutersammeln-Juli_268767528-600x398.jpeg\" alt=\"Wildkr\u00e4utersalat \" width=\"300\" height=\"199\" srcset=\"https:\/\/www.samenhaus.de\/gartenblog\/wp-content\/uploads\/2025\/07\/Kraeutersammeln-Juli_268767528-600x400.jpeg 600w, https:\/\/www.samenhaus.de\/gartenblog\/wp-content\/uploads\/2025\/07\/Kraeutersammeln-Juli_268767528-1024x679.jpeg 1024w, https:\/\/www.samenhaus.de\/gartenblog\/wp-content\/uploads\/2025\/07\/Kraeutersammeln-Juli_268767528-768x509.jpeg 768w, https:\/\/www.samenhaus.de\/gartenblog\/wp-content\/uploads\/2025\/07\/Kraeutersammeln-Juli_268767528-1536x1019.jpeg 1536w, https:\/\/www.samenhaus.de\/gartenblog\/wp-content\/uploads\/2025\/07\/Kraeutersammeln-Juli_268767528-scaled.jpeg 2048w\" sizes=\"auto, (max-width: 300px) 100vw, 300px\" \/><\/a>Wenn auch Sie im Juli Kr\u00e4uter sammeln m\u00f6chten, kommt es vor allem auf den Standort und nat\u00fcrlich die Tageszeit an. An sonnigen Tagen sollten Sie die meisten Kr\u00e4uter zwischen 10 und 14 Uhr ernten. Grund hierf\u00fcr sind die \u00e4therischen \u00d6le und die Wirkstoffe. Diese konzentrieren sich \u00fcber den Tag hinweg sehr unterschiedlich und sind zwischen den sp\u00e4ten Morgenstunden und der Mittagszeit meist am h\u00f6chsten. Das beeintr\u00e4chtig dann auch den Duft, den Geschmack wie auch die Wirkung. Es gibt selbstverst\u00e4ndlich auch Ausnahmen. Malven oder Spitzwegerich sollten besser in den fr\u00fchen Vormittagsstunden geerntet werden, solange sie trocken sind.<\/p>\n<p>Die Kr\u00e4uter finden Sie in der Regel auf Wiesen, an Waldr\u00e4ndern oder an Flussufern. Beachten Sie jedoch, dass Sie die Pflanzen nur auf sauberen Fl\u00e4chen, fernab von Stra\u00dfen ernten. Auch von landwirtschaftlich genutzten Fl\u00e4chen sollten fernbleiben, da hier meist D\u00fcngemittel, Pestizide oder auch Herbizide verwendet werden. Gleichzeitig sollten Sie daran denken, nur das zu ernten, was Sie auch wirklich ben\u00f6tigen und immer ausreichend Pflanzen zur\u00fcckzulassen. Ernten Sie nur so viel, wie in Ihre Hand passt. Ben\u00f6tigen Sie tats\u00e4chlich mehr, ernten Sie nicht alles in einem Bereich, sondern suchen Sie sich verschiedene Stellen im Wald oder am Wegrand, damit immer ausreichend Pflanzen stehenbleiben, um sich wieder zu erholen und zu vermehren.<\/p>\n<h3><span class=\"ez-toc-section\" id=\"Die_Tipps_im_kurzen_Ueberblick\"><\/span>Die Tipps im kurzen \u00dcberblick:<span class=\"ez-toc-section-end\"><\/span><\/h3>\n<ul>\n<li>Suchen sie an sonnigen, aber trockenen Tagen zwischen 10 und 14 Uhr nach Kr\u00e4utern.<\/li>\n<li>Achten Sie darauf, dass Sie von landwirtschaftlichen Nutzfl\u00e4chen und Stra\u00dfen fernbleiben und bevorzugen Sie saubere Standorte.<\/li>\n<li>Verwenden Sie f\u00fcr die Ernte eine scharfe Schere oder ein scharfes Messer.<\/li>\n<li>Sammeln Sie immer nur so viel, wie Sie auch wirklich ben\u00f6tigen.<\/li>\n<li>Lassen Sie ausreichend Pflanzen zur\u00fcck, damit sie sich wieder erholen und vermehren k\u00f6nnen.<\/li>\n<li>Verzichten sie auf Plastikt\u00fcten, um die Kr\u00e4uter zu transportieren, da sie darin schwitzen. Leint\u00fccher oder ein Korb sind besser zum Transport geeignet.<\/li>\n<li>Ernten Sie keine gesch\u00fctzten Pflanzen und Kr\u00e4uter.<\/li>\n<li>Achten Sie zwingend darauf, welche Kr\u00e4uter Sie ernten und dass Sie sich nicht verwechseln. Das beste Beispiel sind B\u00e4rlauch und die hochgiftigen Maigl\u00f6ckchen, die sich sehr \u00e4hnlich sehen.<\/li>\n<li>Nach der Ernte trocknen Sie die Kr\u00e4uter an einem luftigen, aber schattigen Ort, da die pralle Sonne Vitamine und N\u00e4hrstoffe zerst\u00f6rt.<\/li>\n<\/ul>\n<h2><span class=\"ez-toc-section\" id=\"Diese_Kraeuter_finden_Sie_im_Juli\"><\/span>Diese Kr\u00e4uter finden Sie im Juli<span class=\"ez-toc-section-end\"><\/span><\/h2>\n<p>Im Juli finden Sie eine wirklich reiche Auswahl an Kr\u00e4utern und Heilpflanzen. Dabei k\u00f6nnen Sie von vielen Pflanzen sogar alle Teile nutzen \u2013 Bl\u00e4tter, Bl\u00fcten, Samen und Wurzeln. Deshalb lohnt es sich jetzt besonders, die wertvollen Kr\u00e4uter zu sammeln, damit Sie von der Kraft der Inhaltstoffe profitieren und gleichzeitig auch deine Speisen auf besondere Weise w\u00fcrzen k\u00f6nnen. Welche Kr\u00e4uter und Pflanzen im Juli Hochsaison haben, erfahren Sie im nachfolgenden Abschnitt.<\/p>\n<h3><span class=\"ez-toc-section\" id=\"Blaetter\"><\/span>Bl\u00e4tter<span class=\"ez-toc-section-end\"><\/span><\/h3>\n<table>\n<tbody>\n<tr>\n<td style=\"width: 150px;\"><a href=\"https:\/\/www.samenhaus.de\/gartenblog\/wp-content\/uploads\/2025\/07\/Kraeutersammeln-Juli_839655640-scaled.jpeg\"><img loading=\"lazy\" decoding=\"async\" class=\"alignleft wp-image-21933 size-thumbnail\" src=\"https:\/\/www.samenhaus.de\/gartenblog\/wp-content\/uploads\/2025\/07\/Kraeutersammeln-Juli_839655640-150x150.jpeg\" alt=\"Beifu\u00df\" width=\"150\" height=\"150\" srcset=\"https:\/\/www.samenhaus.de\/gartenblog\/wp-content\/uploads\/2025\/07\/Kraeutersammeln-Juli_839655640-150x150.jpeg 150w, https:\/\/www.samenhaus.de\/gartenblog\/wp-content\/uploads\/2025\/07\/Kraeutersammeln-Juli_839655640-80x80.jpeg 80w\" sizes=\"auto, (max-width: 150px) 100vw, 150px\" \/><\/a><\/td>\n<td style=\"padding-left: 15px; vertical-align: top;\">\n<ul>\n<li><strong>Beifu\u00df (<em>Artemisia vulgaris<\/em>):<\/strong> Beifu\u00df w\u00e4chst vorwiegend an trockenen und sonnigen Stellen wie an Bahnd\u00e4mmen oder auch Wegr\u00e4ndern. Der aromatische Duft macht schon Lust auf die Ernte. Durch di enthaltenen Bitterstoffe, \u00e4therischen \u00d6le und Gerbstoffe regen Sie die Verdauung an, helfen bei Bl\u00e4hungen und sind ideal nach fettigen Speisen. In vielen Kr\u00e4uterschn\u00e4psen ist Beifu\u00df eine wichtige Zutat, da er auch krampfl\u00f6send wirken kann.<\/li>\n<\/ul>\n<\/td>\n<\/tr>\n<\/tbody>\n<\/table>\n<table>\n<tbody>\n<tr>\n<td style=\"width: 150px;\"><a href=\"https:\/\/www.samenhaus.de\/gartenblog\/wp-content\/uploads\/2025\/07\/Kraeutersammeln-Juli_23223253-scaled.jpeg\"><img loading=\"lazy\" decoding=\"async\" class=\"alignleft wp-image-21921 size-thumbnail\" src=\"https:\/\/www.samenhaus.de\/gartenblog\/wp-content\/uploads\/2025\/07\/Kraeutersammeln-Juli_23223253-150x150.jpeg\" alt=\"Brennnessel\" width=\"150\" height=\"150\" srcset=\"https:\/\/www.samenhaus.de\/gartenblog\/wp-content\/uploads\/2025\/07\/Kraeutersammeln-Juli_23223253-150x150.jpeg 150w, https:\/\/www.samenhaus.de\/gartenblog\/wp-content\/uploads\/2025\/07\/Kraeutersammeln-Juli_23223253-80x80.jpeg 80w\" sizes=\"auto, (max-width: 150px) 100vw, 150px\" \/><\/a><\/td>\n<td style=\"padding-left: 15px; vertical-align: top;\">\n<ul>\n<li><strong>Brennnessel (<em>Urtica dioica<\/em>):<\/strong> Die Brennnessel ist als entw\u00e4ssernde Heilpflanze bekannt. Sie w\u00e4chst vor allem an halbschattigen Standorten wie Waldr\u00e4nder oder auch in der N\u00e4he von Komposthaufen. Die jungen Bl\u00e4tter sind voller Eisen, Vitamin C, Magnesium, Kieselerde und Kalium. Sie k\u00f6nnen als Tee, Suppe oder im Smoothie gegen Rheuma, Hautprobleme oder Fr\u00fchjahrsm\u00fcdigkeit helfen. Zudem sollten sie blutreinigend und entz\u00fcndungshemmend wirken.<\/li>\n<\/ul>\n<\/td>\n<\/tr>\n<\/tbody>\n<\/table>\n<table>\n<tbody>\n<tr>\n<td style=\"width: 150px;\"><a href=\"https:\/\/www.samenhaus.de\/gartenblog\/wp-content\/uploads\/2025\/07\/Kraeutersammeln-Juli_530126560-scaled.jpeg\"><img loading=\"lazy\" decoding=\"async\" class=\"alignleft wp-image-21930 size-thumbnail\" src=\"https:\/\/www.samenhaus.de\/gartenblog\/wp-content\/uploads\/2025\/07\/Kraeutersammeln-Juli_530126560-150x150.jpeg\" alt=\"Spitzwegerich\" width=\"150\" height=\"150\" srcset=\"https:\/\/www.samenhaus.de\/gartenblog\/wp-content\/uploads\/2025\/07\/Kraeutersammeln-Juli_530126560-150x150.jpeg 150w, https:\/\/www.samenhaus.de\/gartenblog\/wp-content\/uploads\/2025\/07\/Kraeutersammeln-Juli_530126560-80x80.jpeg 80w\" sizes=\"auto, (max-width: 150px) 100vw, 150px\" \/><\/a><\/td>\n<td style=\"padding-left: 15px; vertical-align: top;\">\n<ul>\n<li><strong>Spitzwegerich (<em>Plantago lancelota<\/em>):<\/strong> Der Spitzwegerich ist an seinen langen und lanzetten\u00e4hnlichen Bl\u00e4ttern erkennbar. Er w\u00e4chst in der Regel auf Weiden, Wiesen und an Wegr\u00e4ndern. Die Bl\u00e4tter des Krauts enthalten neben Schleimstoffen auch Gerbstoffe und Aucubin, ein antimikrobieller Wirkstoff. Insbesondere bei Husten, Heiserkeit wie auch bei Verletzungen der Haut k\u00f6nnen die Bl\u00e4tter als Tee aufgegossen oder als Breiumschlag verwendet werden.<\/li>\n<\/ul>\n<\/td>\n<\/tr>\n<\/tbody>\n<\/table>\n<h3><span class=\"ez-toc-section\" id=\"Blueten\"><\/span>Bl\u00fcten<span class=\"ez-toc-section-end\"><\/span><\/h3>\n<table>\n<tbody>\n<tr>\n<td style=\"width: 150px;\"><a href=\"https:\/\/www.samenhaus.de\/gartenblog\/wp-content\/uploads\/2025\/07\/Kraeutersammeln-Juli_128620120-scaled.jpeg\"><img loading=\"lazy\" decoding=\"async\" class=\"alignleft wp-image-21925 size-thumbnail\" src=\"https:\/\/www.samenhaus.de\/gartenblog\/wp-content\/uploads\/2025\/07\/Kraeutersammeln-Juli_128620120-150x150.jpeg\" alt=\"Johanniskraut\" width=\"150\" height=\"150\" srcset=\"https:\/\/www.samenhaus.de\/gartenblog\/wp-content\/uploads\/2025\/07\/Kraeutersammeln-Juli_128620120-150x150.jpeg 150w, https:\/\/www.samenhaus.de\/gartenblog\/wp-content\/uploads\/2025\/07\/Kraeutersammeln-Juli_128620120-80x80.jpeg 80w\" sizes=\"auto, (max-width: 150px) 100vw, 150px\" \/><\/a><\/td>\n<td style=\"padding-left: 15px; vertical-align: top;\">\n<ul>\n<li><strong>Johanniskraut (<em>Hypericum perforatum<\/em>):<\/strong> Johanniskraut kennen die meisten als stimmungsaufhellendes Kraut, das beruhigt und auch eine entz\u00fcndungshemmende Wirkung auweist. Es w\u00e4chst an sonnigen Pl\u00e4tzen auf Wiesen, Waldr\u00e4ndern oder B\u00f6schungen und ist sehr beliebt als pflanzliches Antidepressiva. Auch bei Unruhe ist Johanniskraut ein wichtiger Helfer. \u00c4u\u00dferlich angewendet kann es dar\u00fcber hinaus auch bei Verbrennungen und Muskelverspannungen hilfreich eingesetzt werden.<\/li>\n<\/ul>\n<\/td>\n<\/tr>\n<\/tbody>\n<\/table>\n<table>\n<tbody>\n<tr>\n<td style=\"width: 150px;\"><a href=\"https:\/\/www.samenhaus.de\/gartenblog\/wp-content\/uploads\/2025\/07\/Kraeutersammeln-Juli_1337171731-scaled.jpeg\"><img loading=\"lazy\" decoding=\"async\" class=\"alignleft wp-image-21935 size-thumbnail\" src=\"https:\/\/www.samenhaus.de\/gartenblog\/wp-content\/uploads\/2025\/07\/Kraeutersammeln-Juli_1337171731-150x150.jpeg\" alt=\"Schafgarbe\" width=\"150\" height=\"150\" srcset=\"https:\/\/www.samenhaus.de\/gartenblog\/wp-content\/uploads\/2025\/07\/Kraeutersammeln-Juli_1337171731-150x150.jpeg 150w, https:\/\/www.samenhaus.de\/gartenblog\/wp-content\/uploads\/2025\/07\/Kraeutersammeln-Juli_1337171731-80x80.jpeg 80w\" sizes=\"auto, (max-width: 150px) 100vw, 150px\" \/><\/a><\/td>\n<td style=\"padding-left: 15px; vertical-align: top;\">\n<ul>\n<li><strong>Schafgarbe (<em>Alchillea millefolium<\/em>):<\/strong> Schafgarbe finden Sie meist auf n\u00e4hrstoffarmen Wiesen, B\u00f6schungen und Wegr\u00e4ndern. Neben Gerbstoffen sind auch Bitterstoffe, Flavonoide und \u00e4therische \u00d6le in der Pflanze enthalten, die entkrampfende und entz\u00fcndungshemmende Eigenschaften haben. Vorwiegend bei Magen-Darm-Beschwerden oder Menstruationsbeschwerden kann ein Tee aus den Bl\u00fcten hergestellt werden. Auch als Badezusatz eignen sich die Bl\u00fcten sehr gut.<\/li>\n<\/ul>\n<\/td>\n<\/tr>\n<\/tbody>\n<\/table>\n<table>\n<tbody>\n<tr>\n<td style=\"width: 150px;\"><a href=\"https:\/\/www.samenhaus.de\/gartenblog\/wp-content\/uploads\/2025\/07\/Kraeutersammeln-Juli_637045232-scaled.jpeg\"><img loading=\"lazy\" decoding=\"async\" class=\"alignleft wp-image-21932 size-thumbnail\" src=\"https:\/\/www.samenhaus.de\/gartenblog\/wp-content\/uploads\/2025\/07\/Kraeutersammeln-Juli_637045232-150x150.jpeg\" alt=\"Ringelblume\" width=\"150\" height=\"150\" srcset=\"https:\/\/www.samenhaus.de\/gartenblog\/wp-content\/uploads\/2025\/07\/Kraeutersammeln-Juli_637045232-150x150.jpeg 150w, https:\/\/www.samenhaus.de\/gartenblog\/wp-content\/uploads\/2025\/07\/Kraeutersammeln-Juli_637045232-80x80.jpeg 80w\" sizes=\"auto, (max-width: 150px) 100vw, 150px\" \/><\/a><\/td>\n<td style=\"padding-left: 15px; vertical-align: top;\">\n<ul>\n<li><strong>Ringelblume (<em>Calendula officinalis<\/em>):<\/strong> Die Ringelblume ist als besondere Heilpflanzen bekannt. Sie w\u00e4chst in G\u00e4rten und kann auch problemlos im K\u00fcbel kultiviert werden. F\u00fcr ihre guten Eigenschaften sind Flavonoide, Saponine wie auch \u00e4therische \u00d6le verantwortlich. Sie f\u00f6rdern unter anderem die Wundheilung, wirken entz\u00fcndungshemmend und haben einen antibakteriellen Effekt. Daher sind in vielen Heilsalben auch Ringelblumenextrakte vorhanden. Au\u00dferdem hat sich Ringelblumensalbe auch bei Hautproblemen bew\u00e4hrt und in Salaten sind die Bl\u00fcten eine hervorragende, essbare Deko und bringen Farbe ins Spiel.<\/li>\n<\/ul>\n<\/td>\n<\/tr>\n<\/tbody>\n<\/table>\n<h3><span class=\"ez-toc-section\" id=\"Wurzeln\"><\/span>Wurzeln<span class=\"ez-toc-section-end\"><\/span><\/h3>\n<table>\n<tbody>\n<tr>\n<td style=\"width: 150px;\"><a href=\"https:\/\/www.samenhaus.de\/gartenblog\/wp-content\/uploads\/2025\/07\/Kraeutersammeln-Juli_202093109-scaled.jpeg\"><img loading=\"lazy\" decoding=\"async\" class=\"alignleft wp-image-21926 size-thumbnail\" src=\"https:\/\/www.samenhaus.de\/gartenblog\/wp-content\/uploads\/2025\/07\/Kraeutersammeln-Juli_202093109-150x150.jpeg\" alt=\"L\u00f6wenzahnwurzel\" width=\"150\" height=\"150\" srcset=\"https:\/\/www.samenhaus.de\/gartenblog\/wp-content\/uploads\/2025\/07\/Kraeutersammeln-Juli_202093109-150x150.jpeg 150w, https:\/\/www.samenhaus.de\/gartenblog\/wp-content\/uploads\/2025\/07\/Kraeutersammeln-Juli_202093109-80x80.jpeg 80w\" sizes=\"auto, (max-width: 150px) 100vw, 150px\" \/><\/a><\/td>\n<td style=\"padding-left: 15px; vertical-align: top;\">\n<ul>\n<li><strong>L\u00f6wenzahn (<em>Taraxacum officinale<\/em>):<\/strong> Die Bl\u00fcte ist im Juli zwar schon vorbei, das ist aber noch nicht das Ende des L\u00f6wenzahns. Die Wurzel der Pflanzen enth\u00e4lt viele Bitterstoffe, Mineralstoffe und Inulin und unterst\u00fctz die Funktion der Leber, wirkt harntreibend und ist f\u00fcr die Verdauung gut. Als Tee oder Kaffeeersatz ist die Wurzel sehr gut nutzbar.<\/li>\n<\/ul>\n<\/td>\n<\/tr>\n<\/tbody>\n<\/table>\n<table>\n<tbody>\n<tr>\n<td style=\"width: 150px;\"><a href=\"https:\/\/www.samenhaus.de\/gartenblog\/wp-content\/uploads\/2025\/07\/Kraeutersammeln-Juli_531109380-scaled.jpeg\"><img loading=\"lazy\" decoding=\"async\" class=\"alignleft wp-image-21931 size-thumbnail\" src=\"https:\/\/www.samenhaus.de\/gartenblog\/wp-content\/uploads\/2025\/07\/Kraeutersammeln-Juli_531109380-150x150.jpeg\" alt=\"Klette\" width=\"150\" height=\"150\" srcset=\"https:\/\/www.samenhaus.de\/gartenblog\/wp-content\/uploads\/2025\/07\/Kraeutersammeln-Juli_531109380-150x150.jpeg 150w, https:\/\/www.samenhaus.de\/gartenblog\/wp-content\/uploads\/2025\/07\/Kraeutersammeln-Juli_531109380-80x80.jpeg 80w\" sizes=\"auto, (max-width: 150px) 100vw, 150px\" \/><\/a><\/td>\n<td style=\"padding-left: 15px; vertical-align: top;\">\n<ul>\n<li><strong>Klette (<em>Arctium lappa<\/em>):<\/strong> Die Gro\u00dfe Klette finden Sie auf n\u00e4hrstoffreichen B\u00f6den. Die Wurzel ist ebenfalls reich an Inulin. Zudem sind Gerb- und Schleimstoffe darin enthalten. Traditionell wird die Wurzel in der Augenheilkunde eingesetzt. Auch bei Akne, Ekzemen oder anderen Hautkrankheiten kann sie innerlich als Tee oder \u00e4u\u00dferlich als Umschlag angewendet werden.<\/li>\n<\/ul>\n<\/td>\n<\/tr>\n<\/tbody>\n<\/table>\n<h3><span class=\"ez-toc-section\" id=\"Samen\"><\/span>Samen<span class=\"ez-toc-section-end\"><\/span><\/h3>\n<table>\n<tbody>\n<tr>\n<td style=\"width: 150px;\"><a href=\"https:\/\/www.samenhaus.de\/gartenblog\/wp-content\/uploads\/2025\/07\/Kraeutersammeln-Juli_928403378-scaled.jpeg\"><img loading=\"lazy\" decoding=\"async\" class=\"alignleft wp-image-21934 size-thumbnail\" src=\"https:\/\/www.samenhaus.de\/gartenblog\/wp-content\/uploads\/2025\/07\/Kraeutersammeln-Juli_928403378-150x150.jpeg\" alt=\"Wegerich\" width=\"150\" height=\"150\" srcset=\"https:\/\/www.samenhaus.de\/gartenblog\/wp-content\/uploads\/2025\/07\/Kraeutersammeln-Juli_928403378-150x150.jpeg 150w, https:\/\/www.samenhaus.de\/gartenblog\/wp-content\/uploads\/2025\/07\/Kraeutersammeln-Juli_928403378-80x80.jpeg 80w\" sizes=\"auto, (max-width: 150px) 100vw, 150px\" \/><\/a><\/td>\n<td style=\"padding-left: 15px; vertical-align: top;\">\n<ul>\n<li><strong>Wegerich (<em>Paltago major\/Lanceolata<\/em>):<\/strong> Die Samen der beiden Wegericharten sind jetzt \u00fcberall an Wegr\u00e4ndern sowie auf Wiesen und Waldlichtungen zu finden. Sie enthalten Schleimstoffe und k\u00f6nnen so die Verdauung regulieren. Getrocknet sind sie perfekt im M\u00fcsli oder als nat\u00fcrliches Verdickungsmittel nutzbar.<\/li>\n<\/ul>\n<\/td>\n<\/tr>\n<\/tbody>\n<\/table>\n<table>\n<tbody>\n<tr>\n<td style=\"width: 150px;\"><a href=\"https:\/\/www.samenhaus.de\/gartenblog\/wp-content\/uploads\/2025\/07\/Kraeutersammeln-Juli_207788957-scaled.jpeg\"><img loading=\"lazy\" decoding=\"async\" class=\"alignleft wp-image-21927 size-thumbnail\" src=\"https:\/\/www.samenhaus.de\/gartenblog\/wp-content\/uploads\/2025\/07\/Kraeutersammeln-Juli_207788957-150x150.jpeg\" alt=\"Giersch\" width=\"150\" height=\"150\" srcset=\"https:\/\/www.samenhaus.de\/gartenblog\/wp-content\/uploads\/2025\/07\/Kraeutersammeln-Juli_207788957-150x150.jpeg 150w, https:\/\/www.samenhaus.de\/gartenblog\/wp-content\/uploads\/2025\/07\/Kraeutersammeln-Juli_207788957-80x80.jpeg 80w\" sizes=\"auto, (max-width: 150px) 100vw, 150px\" \/><\/a><\/td>\n<td style=\"padding-left: 15px; vertical-align: top;\">\n<ul>\n<li><strong>Giersch (<em>Aegopodium podagraria<\/em>):<\/strong> Giersch wird oft als Unkraut abgetan, dabei hat die Pflanze einiges zu bieten. Sie w\u00e4chst an halbschattigen Pl\u00e4tzen und ist voller \u00e4therischer \u00d6le und sekund\u00e4ren Pflanzenstoffen, die den Stoffwechsel anregen und entw\u00e4ssern. In kleinen Mengen k\u00f6nnen Sie als Tee oder in Pestos oder Salzen verwendet werden.<\/li>\n<\/ul>\n<\/td>\n<\/tr>\n<\/tbody>\n<\/table>\n<h3><span class=\"ez-toc-section\" id=\"Sonstige_Pflanzenteile\"><\/span>Sonstige Pflanzenteile<span class=\"ez-toc-section-end\"><\/span><\/h3>\n<table>\n<tbody>\n<tr>\n<td style=\"width: 150px;\"><a href=\"https:\/\/www.samenhaus.de\/gartenblog\/wp-content\/uploads\/2025\/07\/Kraeutersammeln-Juli_455896548-scaled.jpeg\"><img loading=\"lazy\" decoding=\"async\" class=\"alignleft wp-image-21929 size-thumbnail\" src=\"https:\/\/www.samenhaus.de\/gartenblog\/wp-content\/uploads\/2025\/07\/Kraeutersammeln-Juli_455896548-150x150.jpeg\" alt=\"Holunder\" width=\"150\" height=\"150\" srcset=\"https:\/\/www.samenhaus.de\/gartenblog\/wp-content\/uploads\/2025\/07\/Kraeutersammeln-Juli_455896548-150x150.jpeg 150w, https:\/\/www.samenhaus.de\/gartenblog\/wp-content\/uploads\/2025\/07\/Kraeutersammeln-Juli_455896548-80x80.jpeg 80w\" sizes=\"auto, (max-width: 150px) 100vw, 150px\" \/><\/a><\/td>\n<td style=\"padding-left: 15px; vertical-align: top;\">\n<ul>\n<li><strong>Holunder (<em>Sambucus nigra<\/em>): <\/strong>Holunder w\u00e4chst meist an Waldr\u00e4ndern oder auch in G\u00e4rten. Die ersten dunklen Beeren, die reich an Vitamin C, Anthocyanen und Antioxidantien sind, finden Sie bereits im Juli. Dabei st\u00e4rken die Beeren nicht nur das Immunsystem, sondern k\u00f6nnen auch fiebersenkend und entz\u00fcndungshemmend wirken. Doch VORSICHT: Roh sind die Beeren leicht giftig und Sie sollten sie daher vor dem Verzehr kochen.<\/li>\n<\/ul>\n<\/td>\n<\/tr>\n<\/tbody>\n<\/table>\n<table>\n<tbody>\n<tr>\n<td style=\"width: 150px;\"><a href=\"https:\/\/www.samenhaus.de\/gartenblog\/wp-content\/uploads\/2025\/07\/Kraeutersammeln-Juli_1570435355-scaled.jpeg\"><img loading=\"lazy\" decoding=\"async\" class=\"alignleft wp-image-21936 size-thumbnail\" src=\"https:\/\/www.samenhaus.de\/gartenblog\/wp-content\/uploads\/2025\/07\/Kraeutersammeln-Juli_1570435355-150x150.jpeg\" alt=\"Linde\" width=\"150\" height=\"150\" srcset=\"https:\/\/www.samenhaus.de\/gartenblog\/wp-content\/uploads\/2025\/07\/Kraeutersammeln-Juli_1570435355-150x150.jpeg 150w, https:\/\/www.samenhaus.de\/gartenblog\/wp-content\/uploads\/2025\/07\/Kraeutersammeln-Juli_1570435355-80x80.jpeg 80w\" sizes=\"auto, (max-width: 150px) 100vw, 150px\" \/><\/a><\/td>\n<td style=\"padding-left: 15px; vertical-align: top;\">\n<ul>\n<li><strong>Linde (<em>Tilia cordata<\/em>):<\/strong> Die Linde w\u00e4chst in Parks, an Stra\u00dfenr\u00e4ndern oder auf Friedh\u00f6fen. Schon im Juli sind die Fruchtkapseln und Samen zur Ernte bereit. Sie enthalten Schleimstoffe, \u00e4therische \u00d6le und Flavonoide, die einen beruhigenden und schleiml\u00f6senden Effekt bei Erk\u00e4ltungen aufweisen. Daher sind Extrakte in Teemischungen h\u00e4ufig zu finden.<\/li>\n<\/ul>\n<\/td>\n<\/tr>\n<\/tbody>\n<\/table>\n<h2><span class=\"ez-toc-section\" id=\"10_Rezepte_fuer_Juli-Kraeuter\"><\/span>10 Rezepte f\u00fcr Juli-Kr\u00e4uter<span class=\"ez-toc-section-end\"><\/span><\/h2>\n<h3><span class=\"ez-toc-section\" id=\"Brennnessel-Suppe\"><\/span>Brennnessel-Suppe<span class=\"ez-toc-section-end\"><\/span><\/h3>\n<p><strong><a href=\"https:\/\/www.samenhaus.de\/gartenblog\/wp-content\/uploads\/2025\/07\/Kraeutersammeln-Juli_60307537-scaled.jpeg\"><img loading=\"lazy\" decoding=\"async\" class=\"alignright wp-image-21922\" src=\"https:\/\/www.samenhaus.de\/gartenblog\/wp-content\/uploads\/2025\/07\/Kraeutersammeln-Juli_60307537-600x400.jpeg\" alt=\"Brennnessel-Suppe\" width=\"300\" height=\"200\" srcset=\"https:\/\/www.samenhaus.de\/gartenblog\/wp-content\/uploads\/2025\/07\/Kraeutersammeln-Juli_60307537-600x400.jpeg 600w, https:\/\/www.samenhaus.de\/gartenblog\/wp-content\/uploads\/2025\/07\/Kraeutersammeln-Juli_60307537-1024x683.jpeg 1024w, https:\/\/www.samenhaus.de\/gartenblog\/wp-content\/uploads\/2025\/07\/Kraeutersammeln-Juli_60307537-768x512.jpeg 768w, https:\/\/www.samenhaus.de\/gartenblog\/wp-content\/uploads\/2025\/07\/Kraeutersammeln-Juli_60307537-1536x1024.jpeg 1536w, https:\/\/www.samenhaus.de\/gartenblog\/wp-content\/uploads\/2025\/07\/Kraeutersammeln-Juli_60307537-scaled.jpeg 2048w\" sizes=\"auto, (max-width: 300px) 100vw, 300px\" \/><\/a>Zutaten<\/strong>:<\/p>\n<ul>\n<li>2 Handvoll junge Brennnesselbl\u00e4tter<\/li>\n<li>1 Zwiebel<\/li>\n<li>2 Kartoffeln<\/li>\n<li>750 ml Gem\u00fcsebr\u00fche<\/li>\n<li>1 EL \u00d6l<\/li>\n<li>Salz, Pfeffer, Muskat<\/li>\n<\/ul>\n<p><strong>Zubereitung:<\/strong><\/p>\n<ol>\n<li>Zwiebel und Kartoffeln sch\u00e4len und w\u00fcrfeln.<\/li>\n<li>In \u00d6l anschwitzen, Br\u00fche hinzuf\u00fcgen und 15 Minuten k\u00f6cheln.<\/li>\n<li>Brennnesselbl\u00e4tter zugeben und 5 Minuten mitkochen.<\/li>\n<li>Suppe p\u00fcrieren und mit Gew\u00fcrzen abschmecken.<\/li>\n<\/ol>\n<h3><span class=\"ez-toc-section\" id=\"Giersch-Pesto\"><\/span>Giersch-Pesto<span class=\"ez-toc-section-end\"><\/span><\/h3>\n<p><strong>Zutaten<\/strong>:<\/p>\n<ul>\n<li>1 Handvoll frischer Giersch<\/li>\n<li>1 Knoblauchzehe<\/li>\n<li>30 g Sonnenblumenkerne<\/li>\n<li>50 ml Oliven\u00f6l<\/li>\n<li>Salz, Pfeffer<\/li>\n<\/ul>\n<p><strong>Zubereitung<\/strong>:<\/p>\n<ol>\n<li>Giersch waschen, trocken sch\u00fctteln.<\/li>\n<li>Mit Knoblauch und Kernen im Mixer zerkleinern.<\/li>\n<li>\u00d6l zugeben, mit Salz und Pfeffer abschmecken.<\/li>\n<li>In ein sauberes Glas f\u00fcllen.<\/li>\n<\/ol>\n<h3><span class=\"ez-toc-section\" id=\"Spitzwegerich-Tee\"><\/span>Spitzwegerich-Tee<span class=\"ez-toc-section-end\"><\/span><\/h3>\n<p><strong>Zutaten<\/strong>:<\/p>\n<ul>\n<li>2 TL getrocknete Spitzwegerichbl\u00e4tter<\/li>\n<li>250 ml hei\u00dfes Wasser<\/li>\n<\/ul>\n<p><strong>Zubereitung<\/strong>:<\/p>\n<ol>\n<li>Bl\u00e4tter mit hei\u00dfem Wasser \u00fcbergie\u00dfen.<\/li>\n<li>10 Minuten ziehen lassen.<\/li>\n<li>Abseihen und warm trinken.<\/li>\n<\/ol>\n<h3><span class=\"ez-toc-section\" id=\"Ringelblumenoel\"><\/span>Ringelblumen\u00f6l<span class=\"ez-toc-section-end\"><\/span><\/h3>\n<p><strong>Zutaten:<\/strong><\/p>\n<ul>\n<li>1 Handvoll Ringelblumenbl\u00fcten<\/li>\n<li>250 ml kaltgepresstes Oliven\u00f6l<\/li>\n<\/ul>\n<p><strong>Zubereitung<\/strong>:<\/p>\n<ol>\n<li>Bl\u00fcten in ein Glas geben.<\/li>\n<li>Mit \u00d6l auff\u00fcllen.<\/li>\n<li>2 Wochen sonnig ziehen lassen, t\u00e4glich sch\u00fctteln.<\/li>\n<li>Abseihen und dunkel lagern.<\/li>\n<\/ol>\n<h3><span class=\"ez-toc-section\" id=\"Schafgarben-Badezusatz\"><\/span>Schafgarben-Badezusatz<span class=\"ez-toc-section-end\"><\/span><\/h3>\n<p><strong>Zutaten<\/strong>:<\/p>\n<ul>\n<li>2 Handvoll Schafgarbenbl\u00fcten<\/li>\n<li>1 l hei\u00dfes Wasser<\/li>\n<\/ul>\n<p><strong>Zubereitung<\/strong>:<\/p>\n<ol>\n<li>Bl\u00fcten mit hei\u00dfem Wasser \u00fcbergie\u00dfen.<\/li>\n<li>15 Minuten ziehen lassen.<\/li>\n<li>Abseihen und dem Badewasser zugeben.<\/li>\n<\/ol>\n<h3><span class=\"ez-toc-section\" id=\"Johanniskraut-Tinktur\"><\/span>Johanniskraut-Tinktur<span class=\"ez-toc-section-end\"><\/span><\/h3>\n<p><strong><a href=\"https:\/\/www.samenhaus.de\/gartenblog\/wp-content\/uploads\/2025\/07\/Kraeutersammeln-Juli_76545573-scaled.jpeg\"><img loading=\"lazy\" decoding=\"async\" class=\"alignright wp-image-21924\" src=\"https:\/\/www.samenhaus.de\/gartenblog\/wp-content\/uploads\/2025\/07\/Kraeutersammeln-Juli_76545573-600x411.jpeg\" alt=\"Johanniskraut-Tinktur\" width=\"300\" height=\"206\" srcset=\"https:\/\/www.samenhaus.de\/gartenblog\/wp-content\/uploads\/2025\/07\/Kraeutersammeln-Juli_76545573-600x411.jpeg 600w, https:\/\/www.samenhaus.de\/gartenblog\/wp-content\/uploads\/2025\/07\/Kraeutersammeln-Juli_76545573-1024x702.jpeg 1024w, https:\/\/www.samenhaus.de\/gartenblog\/wp-content\/uploads\/2025\/07\/Kraeutersammeln-Juli_76545573-768x527.jpeg 768w, https:\/\/www.samenhaus.de\/gartenblog\/wp-content\/uploads\/2025\/07\/Kraeutersammeln-Juli_76545573-1536x1053.jpeg 1536w, https:\/\/www.samenhaus.de\/gartenblog\/wp-content\/uploads\/2025\/07\/Kraeutersammeln-Juli_76545573-scaled.jpeg 2048w\" sizes=\"auto, (max-width: 300px) 100vw, 300px\" \/><\/a>Zutaten<\/strong>:<\/p>\n<ul>\n<li>1 Handvoll Johanniskrautbl\u00fcten<\/li>\n<li>250 ml hochprozentiger Alkohol (z.\u202fB. Korn)<\/li>\n<\/ul>\n<p><strong>Zubereitung<\/strong>:<\/p>\n<ol>\n<li>Bl\u00fcten in ein Schraubglas f\u00fcllen.<\/li>\n<li>Mit Alkohol bedecken.<\/li>\n<li>3 Wochen dunkel ziehen lassen, regelm\u00e4\u00dfig sch\u00fctteln.<\/li>\n<li>Abseihen und in dunkle Flasche f\u00fcllen.<\/li>\n<\/ol>\n<h3><span class=\"ez-toc-section\" id=\"Loewenzahnwurzel-Kaffee\"><\/span>L\u00f6wenzahnwurzel-Kaffee<span class=\"ez-toc-section-end\"><\/span><\/h3>\n<p><strong>Zutaten<\/strong>:<\/p>\n<ul>\n<li>Getrocknete L\u00f6wenzahnwurzeln<\/li>\n<\/ul>\n<p><strong>Zubereitung<\/strong>:<\/p>\n<ol>\n<li>Wurzeln reinigen, in St\u00fccke schneiden.<\/li>\n<li>Im Ofen r\u00f6sten, bis sie dunkelbraun sind.<\/li>\n<li>Mahlen und wie Kaffee aufbr\u00fchen.<\/li>\n<\/ol>\n<h3><span class=\"ez-toc-section\" id=\"Klettenwurzel-Tee\"><\/span>Klettenwurzel-Tee<span class=\"ez-toc-section-end\"><\/span><\/h3>\n<p><strong>Zutaten<\/strong>:<\/p>\n<ul>\n<li>1 TL getrocknete Klettenwurzel<\/li>\n<li>250 ml Wasser<\/li>\n<\/ul>\n<p><strong>Zubereitung<\/strong>:<\/p>\n<ol>\n<li>Klettenwurzel mit Wasser aufkochen.<\/li>\n<li>10 Minuten k\u00f6cheln, dann abseihen.<\/li>\n<li>2\u20133 Tassen t\u00e4glich trinken.<\/li>\n<\/ol>\n<h3><span class=\"ez-toc-section\" id=\"Holunderbeeren-Marmelade\"><\/span>Holunderbeeren-Marmelade<span class=\"ez-toc-section-end\"><\/span><\/h3>\n<p><strong>Zutaten<\/strong>:<\/p>\n<ul>\n<li>500 g Holunderbeeren (gekocht)<\/li>\n<li>250 g Gelierzucker (2:1)<\/li>\n<\/ul>\n<p><strong>Zubereitung:<\/strong><\/p>\n<ol>\n<li>Beeren aufkochen und 5 Minuten k\u00f6cheln.<\/li>\n<li>Gelierzucker zugeben, weitere 4 Minuten kochen.<\/li>\n<li>In Gl\u00e4ser f\u00fcllen und verschlie\u00dfen.<\/li>\n<\/ol>\n<h3><span class=\"ez-toc-section\" id=\"Lindenblueten-Tee\"><\/span>Lindenbl\u00fcten-Tee<span class=\"ez-toc-section-end\"><\/span><\/h3>\n<p><strong>Zutaten<\/strong>:<\/p>\n<ul>\n<li>1 TL getrocknete Lindenbl\u00fcten oder Fr\u00fcchte<\/li>\n<li>250 ml hei\u00dfes Wasser<\/li>\n<\/ul>\n<p><strong>Zubereitung<\/strong>:<\/p>\n<ol>\n<li>Bl\u00fcten mit hei\u00dfem Wasser \u00fcbergie\u00dfen.<\/li>\n<li>10 Minuten ziehen lassen.<\/li>\n<li>Abseihen und hei\u00df trinken.<\/li>\n<\/ol>\n<h2><span class=\"ez-toc-section\" id=\"Fazit\"><\/span>Fazit<span class=\"ez-toc-section-end\"><\/span><\/h2>\n<p>Der Juli ist ein Monat f\u00fcr alle Kr\u00e4uterfreunde. Sie finden zahlreiche Wildkr\u00e4uter, die Sie jetzt als W\u00fcrze oder auch als Heilmittel nutzen k\u00f6nnen. Wenn Sie mit Achtsamkeit sammeln, werden Sie auch im n\u00e4chsten Jahr an den bekannten Stellen eine gro\u00dfe Auswahl finden. Nutzen Sie deshalb die Ressourcen sinnvoll und belohnen Sie sich mit Pflanzen, die dem Gaumen sowie K\u00f6rper und Seele guttun.<\/p>\n<p>&nbsp;<\/p>\n<p>&nbsp;<\/p>\n","protected":false},"excerpt":{"rendered":"<p>Der Juli ist ein Garant daf\u00fcr, dass Sie unz\u00e4hlige Kr\u00e4uter finden. Denn gerade der Hochsommer ist eine Zeit voller Duft und Farben und wie auch die Ernte verschiedener Fr\u00fcchte, Gem\u00fcsesorten und nat\u00fcrlich von Kr\u00e4utern. Gerade wenn Sie gerne in der Natur unterwegs sind, werden Sie jetzt zahlreiche Kr\u00e4uter und Heilpflanzen finden, die Sie nicht nur in der K\u00fcche als Gew\u00fcrz nutzen k\u00f6nnen, sondern auch als Tinkturen. Insbesondere auf Wiesen und an Waldr\u00e4ndern sowie im eigenen Garten finden Sie im Juli Kr\u00e4uter in H\u00fclle und F\u00fclle. Schauen Sie also genau hin und ernten Sie die hervorragenden Pflanzen, damit auch Sie davon profitieren k\u00f6nnen. Denken Sie aber bitte immer daran, sorgsam mit der Natur umzugehen und nur so viel zu ernten, wie Sie auch wirklich ben\u00f6tigen. In diesem Ratgeber erfahren Sie, welche Kr\u00e4uter im Juli geerntet werden k\u00f6nnen und nat\u00fcrlich gibt es auch noch eine Vielzahl an Rezepten, damit Sie die Kr\u00e4uter auch optimal verarbeiten k\u00f6nnen. Praktische Tipps, um Kr\u00e4uter zu finden Wenn auch Sie im Juli Kr\u00e4uter sammeln m\u00f6chten, kommt es vor allem auf den Standort und nat\u00fcrlich die Tageszeit an. An sonnigen Tagen sollten Sie die meisten Kr\u00e4uter zwischen 10 und 14 Uhr ernten. Grund hierf\u00fcr sind die \u00e4therischen \u00d6le [&hellip;]<\/p>\n","protected":false},"author":12,"featured_media":21923,"comment_status":"open","ping_status":"open","sticky":false,"template":"","format":"standard","meta":{"_acf_changed":false,"footnotes":""},"categories":[25],"tags":[],"hersteller":[],"class_list":["post-21701","post","type-post","status-publish","format-standard","has-post-thumbnail","hentry","category-juli"],"acf":[],"yoast_head":"<!-- This site is optimized with the Yoast SEO plugin v27.4 - https:\/\/yoast.com\/product\/yoast-seo-wordpress\/ -->\n<title>Diese Kr\u00e4uter finden Sie im Juli - Samenhaus Gartenblog<\/title>\n<meta name=\"description\" content=\"Im Juli gibt es viele Kr\u00e4uter, die Sie sammeln k\u00f6nnen. Wunderbare Gerichte werden daraus - nicht nur Tee und Salat.\" \/>\n<meta name=\"robots\" content=\"index, follow, max-snippet:-1, max-image-preview:large, max-video-preview:-1\" \/>\n<link rel=\"canonical\" href=\"https:\/\/www.samenhaus.de\/gartenblog\/diese-kraeuter-finden-sie-im-juli\" \/>\n<meta property=\"og:locale\" content=\"de_DE\" \/>\n<meta property=\"og:type\" content=\"article\" \/>\n<meta property=\"og:title\" content=\"Diese Kr\u00e4uter finden Sie im Juli - Samenhaus Gartenblog\" \/>\n<meta property=\"og:description\" content=\"Im Juli gibt es viele Kr\u00e4uter, die Sie sammeln k\u00f6nnen. Wunderbare Gerichte werden daraus - nicht nur Tee und Salat.\" \/>\n<meta property=\"og:url\" content=\"https:\/\/www.samenhaus.de\/gartenblog\/diese-kraeuter-finden-sie-im-juli\" \/>\n<meta property=\"og:site_name\" content=\"Samenhaus Gartenblog\" \/>\n<meta property=\"article:publisher\" content=\"https:\/\/de-de.facebook.com\/samenhaus\" \/>\n<meta property=\"article:published_time\" content=\"2025-07-01T07:00:18+00:00\" \/>\n<meta property=\"article:modified_time\" content=\"2025-07-24T11:14:09+00:00\" \/>\n<meta property=\"og:image\" content=\"https:\/\/www.samenhaus.de\/gartenblog\/wp-content\/uploads\/2025\/07\/Kraeutersammeln-Juli_65711040-scaled.jpg\" \/>\n\t<meta property=\"og:image:width\" content=\"2048\" \/>\n\t<meta property=\"og:image:height\" content=\"1153\" \/>\n\t<meta property=\"og:image:type\" content=\"image\/jpeg\" \/>\n<meta name=\"author\" content=\"Stephanie\" \/>\n<meta name=\"twitter:card\" content=\"summary_large_image\" \/>\n<meta name=\"twitter:creator\" content=\"@samenhaus\" \/>\n<meta name=\"twitter:site\" content=\"@samenhaus\" \/>\n<meta name=\"twitter:label1\" content=\"Verfasst von\" \/>\n\t<meta name=\"twitter:data1\" content=\"Stephanie\" \/>\n\t<meta name=\"twitter:label2\" content=\"Gesch\u00e4tzte Lesezeit\" \/>\n\t<meta name=\"twitter:data2\" content=\"13\u00a0Minuten\" \/>\n<script type=\"application\/ld+json\" class=\"yoast-schema-graph\">{\"@context\":\"https:\\\/\\\/schema.org\",\"@graph\":[{\"@type\":\"Article\",\"@id\":\"https:\\\/\\\/www.samenhaus.de\\\/gartenblog\\\/diese-kraeuter-finden-sie-im-juli#article\",\"isPartOf\":{\"@id\":\"https:\\\/\\\/www.samenhaus.de\\\/gartenblog\\\/diese-kraeuter-finden-sie-im-juli\"},\"author\":{\"name\":\"Stephanie\",\"@id\":\"https:\\\/\\\/www.samenhaus.de\\\/gartenblog\\\/#\\\/schema\\\/person\\\/97f059f6e72cec571c88cb48b4582118\"},\"headline\":\"Diese Kr\u00e4uter finden Sie im Juli\",\"datePublished\":\"2025-07-01T07:00:18+00:00\",\"dateModified\":\"2025-07-24T11:14:09+00:00\",\"mainEntityOfPage\":{\"@id\":\"https:\\\/\\\/www.samenhaus.de\\\/gartenblog\\\/diese-kraeuter-finden-sie-im-juli\"},\"wordCount\":1817,\"commentCount\":0,\"publisher\":{\"@id\":\"https:\\\/\\\/www.samenhaus.de\\\/gartenblog\\\/#organization\"},\"image\":{\"@id\":\"https:\\\/\\\/www.samenhaus.de\\\/gartenblog\\\/diese-kraeuter-finden-sie-im-juli#primaryimage\"},\"thumbnailUrl\":\"https:\\\/\\\/www.samenhaus.de\\\/gartenblog\\\/wp-content\\\/uploads\\\/2025\\\/07\\\/Kraeutersammeln-Juli_65711040-scaled.jpg\",\"articleSection\":[\"Juli\"],\"inLanguage\":\"de\",\"potentialAction\":[{\"@type\":\"CommentAction\",\"name\":\"Comment\",\"target\":[\"https:\\\/\\\/www.samenhaus.de\\\/gartenblog\\\/diese-kraeuter-finden-sie-im-juli#respond\"]}],\"copyrightYear\":\"2025\",\"copyrightHolder\":{\"@id\":\"https:\\\/\\\/www.samenhaus.de\\\/gartenblog\\\/#organization\"}},{\"@type\":\"WebPage\",\"@id\":\"https:\\\/\\\/www.samenhaus.de\\\/gartenblog\\\/diese-kraeuter-finden-sie-im-juli\",\"url\":\"https:\\\/\\\/www.samenhaus.de\\\/gartenblog\\\/diese-kraeuter-finden-sie-im-juli\",\"name\":\"Diese Kr\u00e4uter finden Sie im Juli - Samenhaus Gartenblog\",\"isPartOf\":{\"@id\":\"https:\\\/\\\/www.samenhaus.de\\\/gartenblog\\\/#website\"},\"primaryImageOfPage\":{\"@id\":\"https:\\\/\\\/www.samenhaus.de\\\/gartenblog\\\/diese-kraeuter-finden-sie-im-juli#primaryimage\"},\"image\":{\"@id\":\"https:\\\/\\\/www.samenhaus.de\\\/gartenblog\\\/diese-kraeuter-finden-sie-im-juli#primaryimage\"},\"thumbnailUrl\":\"https:\\\/\\\/www.samenhaus.de\\\/gartenblog\\\/wp-content\\\/uploads\\\/2025\\\/07\\\/Kraeutersammeln-Juli_65711040-scaled.jpg\",\"datePublished\":\"2025-07-01T07:00:18+00:00\",\"dateModified\":\"2025-07-24T11:14:09+00:00\",\"description\":\"Im Juli gibt es viele Kr\u00e4uter, die Sie sammeln k\u00f6nnen. Wunderbare Gerichte werden daraus - nicht nur Tee und Salat.\",\"breadcrumb\":{\"@id\":\"https:\\\/\\\/www.samenhaus.de\\\/gartenblog\\\/diese-kraeuter-finden-sie-im-juli#breadcrumb\"},\"inLanguage\":\"de\",\"potentialAction\":[{\"@type\":\"ReadAction\",\"target\":[\"https:\\\/\\\/www.samenhaus.de\\\/gartenblog\\\/diese-kraeuter-finden-sie-im-juli\"]}]},{\"@type\":\"ImageObject\",\"inLanguage\":\"de\",\"@id\":\"https:\\\/\\\/www.samenhaus.de\\\/gartenblog\\\/diese-kraeuter-finden-sie-im-juli#primaryimage\",\"url\":\"https:\\\/\\\/www.samenhaus.de\\\/gartenblog\\\/wp-content\\\/uploads\\\/2025\\\/07\\\/Kraeutersammeln-Juli_65711040-scaled.jpg\",\"contentUrl\":\"https:\\\/\\\/www.samenhaus.de\\\/gartenblog\\\/wp-content\\\/uploads\\\/2025\\\/07\\\/Kraeutersammeln-Juli_65711040-scaled.jpg\",\"width\":2048,\"height\":1153,\"caption\":\"Kr\u00e4uter sammeln Juli\"},{\"@type\":\"BreadcrumbList\",\"@id\":\"https:\\\/\\\/www.samenhaus.de\\\/gartenblog\\\/diese-kraeuter-finden-sie-im-juli#breadcrumb\",\"itemListElement\":[{\"@type\":\"ListItem\",\"position\":1,\"name\":\"Startseite\",\"item\":\"https:\\\/\\\/www.samenhaus.de\\\/gartenblog\\\/\"},{\"@type\":\"ListItem\",\"position\":2,\"name\":\"Diese Kr\u00e4uter finden Sie im Juli\"}]},{\"@type\":\"WebSite\",\"@id\":\"https:\\\/\\\/www.samenhaus.de\\\/gartenblog\\\/#website\",\"url\":\"https:\\\/\\\/www.samenhaus.de\\\/gartenblog\\\/\",\"name\":\"Samenhaus Gartenblog\",\"description\":\"\",\"publisher\":{\"@id\":\"https:\\\/\\\/www.samenhaus.de\\\/gartenblog\\\/#organization\"},\"potentialAction\":[{\"@type\":\"SearchAction\",\"target\":{\"@type\":\"EntryPoint\",\"urlTemplate\":\"https:\\\/\\\/www.samenhaus.de\\\/gartenblog\\\/?s={search_term_string}\"},\"query-input\":{\"@type\":\"PropertyValueSpecification\",\"valueRequired\":true,\"valueName\":\"search_term_string\"}}],\"inLanguage\":\"de\"},{\"@type\":\"Organization\",\"@id\":\"https:\\\/\\\/www.samenhaus.de\\\/gartenblog\\\/#organization\",\"name\":\"Samenhaus.de Gartenblog\",\"url\":\"https:\\\/\\\/www.samenhaus.de\\\/gartenblog\\\/\",\"logo\":{\"@type\":\"ImageObject\",\"inLanguage\":\"de\",\"@id\":\"https:\\\/\\\/www.samenhaus.de\\\/gartenblog\\\/#\\\/schema\\\/logo\\\/image\\\/\",\"url\":\"https:\\\/\\\/www.samenhaus.de\\\/gartenblog\\\/wp-content\\\/uploads\\\/2020\\\/11\\\/logo.svg\",\"contentUrl\":\"https:\\\/\\\/www.samenhaus.de\\\/gartenblog\\\/wp-content\\\/uploads\\\/2020\\\/11\\\/logo.svg\",\"width\":1,\"height\":1,\"caption\":\"Samenhaus.de Gartenblog\"},\"image\":{\"@id\":\"https:\\\/\\\/www.samenhaus.de\\\/gartenblog\\\/#\\\/schema\\\/logo\\\/image\\\/\"},\"sameAs\":[\"https:\\\/\\\/de-de.facebook.com\\\/samenhaus\",\"https:\\\/\\\/x.com\\\/samenhaus\"]},{\"@type\":\"Person\",\"@id\":\"https:\\\/\\\/www.samenhaus.de\\\/gartenblog\\\/#\\\/schema\\\/person\\\/97f059f6e72cec571c88cb48b4582118\",\"name\":\"Stephanie\",\"image\":{\"@type\":\"ImageObject\",\"inLanguage\":\"de\",\"@id\":\"https:\\\/\\\/www.samenhaus.de\\\/gartenblog\\\/wp-content\\\/uploads\\\/2026\\\/03\\\/stefanie-150x150.png\",\"url\":\"https:\\\/\\\/www.samenhaus.de\\\/gartenblog\\\/wp-content\\\/uploads\\\/2026\\\/03\\\/stefanie-150x150.png\",\"contentUrl\":\"https:\\\/\\\/www.samenhaus.de\\\/gartenblog\\\/wp-content\\\/uploads\\\/2026\\\/03\\\/stefanie-150x150.png\",\"caption\":\"Stephanie\"},\"description\":\"Garten und Pflanzen waren schon immer meine Leidenschaft. Wahrscheinlich deshalb, weil ich damit aufgewachsen bin. Ich verwerte in der Regel alles und mache Lik\u00f6re, Marmeladen und nutze Kr\u00e4uter auch als Heilpflanzen, indem ich \u00d6le und Tinkturen herstelle. Leider habe ich meinen gr\u00fcnen Daumen beim Auswandern nach Spanien in Deutschland vergessen. Langsam kehrt er aber wieder zur\u00fcck und die Anpassung an die neue Klimazone war gar nicht so einfach. Mittlerweile schaffe ich es sogar, dass gekaufter Basilikum \u00fcberlebt.\",\"url\":\"https:\\\/\\\/www.samenhaus.de\\\/gartenblog\\\/author\\\/stephanie\"}]}<\/script>\n<!-- \/ Yoast SEO plugin. -->","yoast_head_json":{"title":"Diese Kr\u00e4uter finden Sie im Juli - Samenhaus Gartenblog","description":"Im Juli gibt es viele Kr\u00e4uter, die Sie sammeln k\u00f6nnen. Wunderbare Gerichte werden daraus - nicht nur Tee und Salat.","robots":{"index":"index","follow":"follow","max-snippet":"max-snippet:-1","max-image-preview":"max-image-preview:large","max-video-preview":"max-video-preview:-1"},"canonical":"https:\/\/www.samenhaus.de\/gartenblog\/diese-kraeuter-finden-sie-im-juli","og_locale":"de_DE","og_type":"article","og_title":"Diese Kr\u00e4uter finden Sie im Juli - Samenhaus Gartenblog","og_description":"Im Juli gibt es viele Kr\u00e4uter, die Sie sammeln k\u00f6nnen. Wunderbare Gerichte werden daraus - nicht nur Tee und Salat.","og_url":"https:\/\/www.samenhaus.de\/gartenblog\/diese-kraeuter-finden-sie-im-juli","og_site_name":"Samenhaus Gartenblog","article_publisher":"https:\/\/de-de.facebook.com\/samenhaus","article_published_time":"2025-07-01T07:00:18+00:00","article_modified_time":"2025-07-24T11:14:09+00:00","og_image":[{"width":2048,"height":1153,"url":"https:\/\/www.samenhaus.de\/gartenblog\/wp-content\/uploads\/2025\/07\/Kraeutersammeln-Juli_65711040-scaled.jpg","type":"image\/jpeg"}],"author":"Stephanie","twitter_card":"summary_large_image","twitter_creator":"@samenhaus","twitter_site":"@samenhaus","twitter_misc":{"Verfasst von":"Stephanie","Gesch\u00e4tzte Lesezeit":"13\u00a0Minuten"},"schema":{"@context":"https:\/\/schema.org","@graph":[{"@type":"Article","@id":"https:\/\/www.samenhaus.de\/gartenblog\/diese-kraeuter-finden-sie-im-juli#article","isPartOf":{"@id":"https:\/\/www.samenhaus.de\/gartenblog\/diese-kraeuter-finden-sie-im-juli"},"author":{"name":"Stephanie","@id":"https:\/\/www.samenhaus.de\/gartenblog\/#\/schema\/person\/97f059f6e72cec571c88cb48b4582118"},"headline":"Diese Kr\u00e4uter finden Sie im Juli","datePublished":"2025-07-01T07:00:18+00:00","dateModified":"2025-07-24T11:14:09+00:00","mainEntityOfPage":{"@id":"https:\/\/www.samenhaus.de\/gartenblog\/diese-kraeuter-finden-sie-im-juli"},"wordCount":1817,"commentCount":0,"publisher":{"@id":"https:\/\/www.samenhaus.de\/gartenblog\/#organization"},"image":{"@id":"https:\/\/www.samenhaus.de\/gartenblog\/diese-kraeuter-finden-sie-im-juli#primaryimage"},"thumbnailUrl":"https:\/\/www.samenhaus.de\/gartenblog\/wp-content\/uploads\/2025\/07\/Kraeutersammeln-Juli_65711040-scaled.jpg","articleSection":["Juli"],"inLanguage":"de","potentialAction":[{"@type":"CommentAction","name":"Comment","target":["https:\/\/www.samenhaus.de\/gartenblog\/diese-kraeuter-finden-sie-im-juli#respond"]}],"copyrightYear":"2025","copyrightHolder":{"@id":"https:\/\/www.samenhaus.de\/gartenblog\/#organization"}},{"@type":"WebPage","@id":"https:\/\/www.samenhaus.de\/gartenblog\/diese-kraeuter-finden-sie-im-juli","url":"https:\/\/www.samenhaus.de\/gartenblog\/diese-kraeuter-finden-sie-im-juli","name":"Diese Kr\u00e4uter finden Sie im Juli - Samenhaus Gartenblog","isPartOf":{"@id":"https:\/\/www.samenhaus.de\/gartenblog\/#website"},"primaryImageOfPage":{"@id":"https:\/\/www.samenhaus.de\/gartenblog\/diese-kraeuter-finden-sie-im-juli#primaryimage"},"image":{"@id":"https:\/\/www.samenhaus.de\/gartenblog\/diese-kraeuter-finden-sie-im-juli#primaryimage"},"thumbnailUrl":"https:\/\/www.samenhaus.de\/gartenblog\/wp-content\/uploads\/2025\/07\/Kraeutersammeln-Juli_65711040-scaled.jpg","datePublished":"2025-07-01T07:00:18+00:00","dateModified":"2025-07-24T11:14:09+00:00","description":"Im Juli gibt es viele Kr\u00e4uter, die Sie sammeln k\u00f6nnen. Wunderbare Gerichte werden daraus - nicht nur Tee und Salat.","breadcrumb":{"@id":"https:\/\/www.samenhaus.de\/gartenblog\/diese-kraeuter-finden-sie-im-juli#breadcrumb"},"inLanguage":"de","potentialAction":[{"@type":"ReadAction","target":["https:\/\/www.samenhaus.de\/gartenblog\/diese-kraeuter-finden-sie-im-juli"]}]},{"@type":"ImageObject","inLanguage":"de","@id":"https:\/\/www.samenhaus.de\/gartenblog\/diese-kraeuter-finden-sie-im-juli#primaryimage","url":"https:\/\/www.samenhaus.de\/gartenblog\/wp-content\/uploads\/2025\/07\/Kraeutersammeln-Juli_65711040-scaled.jpg","contentUrl":"https:\/\/www.samenhaus.de\/gartenblog\/wp-content\/uploads\/2025\/07\/Kraeutersammeln-Juli_65711040-scaled.jpg","width":2048,"height":1153,"caption":"Kr\u00e4uter sammeln Juli"},{"@type":"BreadcrumbList","@id":"https:\/\/www.samenhaus.de\/gartenblog\/diese-kraeuter-finden-sie-im-juli#breadcrumb","itemListElement":[{"@type":"ListItem","position":1,"name":"Startseite","item":"https:\/\/www.samenhaus.de\/gartenblog\/"},{"@type":"ListItem","position":2,"name":"Diese Kr\u00e4uter finden Sie im Juli"}]},{"@type":"WebSite","@id":"https:\/\/www.samenhaus.de\/gartenblog\/#website","url":"https:\/\/www.samenhaus.de\/gartenblog\/","name":"Samenhaus Gartenblog","description":"","publisher":{"@id":"https:\/\/www.samenhaus.de\/gartenblog\/#organization"},"potentialAction":[{"@type":"SearchAction","target":{"@type":"EntryPoint","urlTemplate":"https:\/\/www.samenhaus.de\/gartenblog\/?s={search_term_string}"},"query-input":{"@type":"PropertyValueSpecification","valueRequired":true,"valueName":"search_term_string"}}],"inLanguage":"de"},{"@type":"Organization","@id":"https:\/\/www.samenhaus.de\/gartenblog\/#organization","name":"Samenhaus.de Gartenblog","url":"https:\/\/www.samenhaus.de\/gartenblog\/","logo":{"@type":"ImageObject","inLanguage":"de","@id":"https:\/\/www.samenhaus.de\/gartenblog\/#\/schema\/logo\/image\/","url":"https:\/\/www.samenhaus.de\/gartenblog\/wp-content\/uploads\/2020\/11\/logo.svg","contentUrl":"https:\/\/www.samenhaus.de\/gartenblog\/wp-content\/uploads\/2020\/11\/logo.svg","width":1,"height":1,"caption":"Samenhaus.de Gartenblog"},"image":{"@id":"https:\/\/www.samenhaus.de\/gartenblog\/#\/schema\/logo\/image\/"},"sameAs":["https:\/\/de-de.facebook.com\/samenhaus","https:\/\/x.com\/samenhaus"]},{"@type":"Person","@id":"https:\/\/www.samenhaus.de\/gartenblog\/#\/schema\/person\/97f059f6e72cec571c88cb48b4582118","name":"Stephanie","image":{"@type":"ImageObject","inLanguage":"de","@id":"https:\/\/www.samenhaus.de\/gartenblog\/wp-content\/uploads\/2026\/03\/stefanie-150x150.png","url":"https:\/\/www.samenhaus.de\/gartenblog\/wp-content\/uploads\/2026\/03\/stefanie-150x150.png","contentUrl":"https:\/\/www.samenhaus.de\/gartenblog\/wp-content\/uploads\/2026\/03\/stefanie-150x150.png","caption":"Stephanie"},"description":"Garten und Pflanzen waren schon immer meine Leidenschaft. Wahrscheinlich deshalb, weil ich damit aufgewachsen bin. Ich verwerte in der Regel alles und mache Lik\u00f6re, Marmeladen und nutze Kr\u00e4uter auch als Heilpflanzen, indem ich \u00d6le und Tinkturen herstelle. Leider habe ich meinen gr\u00fcnen Daumen beim Auswandern nach Spanien in Deutschland vergessen. Langsam kehrt er aber wieder zur\u00fcck und die Anpassung an die neue Klimazone war gar nicht so einfach. Mittlerweile schaffe ich es sogar, dass gekaufter Basilikum \u00fcberlebt.","url":"https:\/\/www.samenhaus.de\/gartenblog\/author\/stephanie"}]}},"wp-worthy-pixel":{"ignored":false,"public":"db502bf897374cad885e1b0d80d0cee6","server":"vg05.met.vgwort.de","url":"https:\/\/vg05.met.vgwort.de\/na\/db502bf897374cad885e1b0d80d0cee6"},"wp-worthy-type":"normal","_links":{"self":[{"href":"https:\/\/www.samenhaus.de\/gartenblog\/wp-json\/wp\/v2\/posts\/21701","targetHints":{"allow":["GET"]}}],"collection":[{"href":"https:\/\/www.samenhaus.de\/gartenblog\/wp-json\/wp\/v2\/posts"}],"about":[{"href":"https:\/\/www.samenhaus.de\/gartenblog\/wp-json\/wp\/v2\/types\/post"}],"author":[{"embeddable":true,"href":"https:\/\/www.samenhaus.de\/gartenblog\/wp-json\/wp\/v2\/users\/12"}],"replies":[{"embeddable":true,"href":"https:\/\/www.samenhaus.de\/gartenblog\/wp-json\/wp\/v2\/comments?post=21701"}],"version-history":[{"count":6,"href":"https:\/\/www.samenhaus.de\/gartenblog\/wp-json\/wp\/v2\/posts\/21701\/revisions"}],"predecessor-version":[{"id":21937,"href":"https:\/\/www.samenhaus.de\/gartenblog\/wp-json\/wp\/v2\/posts\/21701\/revisions\/21937"}],"wp:featuredmedia":[{"embeddable":true,"href":"https:\/\/www.samenhaus.de\/gartenblog\/wp-json\/wp\/v2\/media\/21923"}],"wp:attachment":[{"href":"https:\/\/www.samenhaus.de\/gartenblog\/wp-json\/wp\/v2\/media?parent=21701"}],"wp:term":[{"taxonomy":"category","embeddable":true,"href":"https:\/\/www.samenhaus.de\/gartenblog\/wp-json\/wp\/v2\/categories?post=21701"},{"taxonomy":"post_tag","embeddable":true,"href":"https:\/\/www.samenhaus.de\/gartenblog\/wp-json\/wp\/v2\/tags?post=21701"},{"taxonomy":"hersteller","embeddable":true,"href":"https:\/\/www.samenhaus.de\/gartenblog\/wp-json\/wp\/v2\/hersteller?post=21701"}],"curies":[{"name":"wp","href":"https:\/\/api.w.org\/{rel}","templated":true}]}}