{"id":2202,"date":"2022-02-07T16:48:05","date_gmt":"2022-02-07T16:48:05","guid":{"rendered":"https:\/\/www.samenhaus.de\/gartenblog\/?p=2202"},"modified":"2023-07-04T05:04:45","modified_gmt":"2023-07-04T05:04:45","slug":"valentinstag-blumen-mal-anders-schenken","status":"publish","type":"post","link":"https:\/\/www.samenhaus.de\/gartenblog\/valentinstag-blumen-mal-anders-schenken","title":{"rendered":"Valentinstag \u2013 Blumen mal anders schenken"},"content":{"rendered":"<p>Verliebte sollten sich den 14. Februar dick im Kalender anstreichen. Denn dann ist Valentinstag und standesgem\u00e4\u00df macht man seiner Liebsten oder seinem Liebsten kleine Geschenke. Meist sind es Blumengr\u00fc\u00dfe oder Geschenke in Form eines Herzens, wie etwa leckere Pralinen. Viele Glauben, der Valentinstag wurde von der Blumenbranche erfunden \u2013 das ist aber nicht so. Denn der Brauch geht weit in die Vergangenheit zur\u00fcck.<\/p>\n<h2><span class=\"ez-toc-section\" id=\"Wie_der_Valentinstags-Brauch_entstand\"><\/span>Wie der Valentinstags-Brauch entstand<span class=\"ez-toc-section-end\"><\/span><\/h2>\n<p><img loading=\"lazy\" decoding=\"async\" class=\"size-medium wp-image-4938 alignright\" src=\"https:\/\/www.samenhaus.de\/gartenblog\/wp-content\/uploads\/2022\/05\/Valentinstag_317142617-300x209.jpeg\" alt=\"Valentinstag\" width=\"300\" height=\"209\" \/>Man vermutet, dass der heilige Valentin aus Rom der Namensgeber ist. Er lebte im 3. Jahrhundert und war der Schutzpatron der Liebenden. Obwohl es der damalige Kaiser Claudius II. verboten hatte, traute der heilige Valentin Paare nach christlichem Brauch. 1.500 Jahre lang war der 14. Februar in der katholischen Kirche sogar ein Gedenktag.<\/p>\n<p>Im 15. Jahrhundert entwickelt sich in England dann der Brauch, sich an besagtem Tag kleine Geschenke zu machen. Diese Tradition nahmen Auswanderer, die sich in Amerika ansiedelten, mit. Nach dem 2. Weltkrieg brachten Soldaten der US-Armee den Brauch dann nach Deutschland. Darauf ist nat\u00fcrlich die Blumenindustrie aufgesprungen und machte den Valentinstag zu \u201eihrem Tag\u201c. Immerhin schenkt wohl jeder Vierte laut einer Umfrage am Valentinstag den obligatorischen Blumenstrau\u00df. Wir sagen uns: Blumen ja, aber mal anders!<\/p>\n<h2><span class=\"ez-toc-section\" id=\"Ideen_fuer_den_Valentinstag\"><\/span>Ideen f\u00fcr den Valentinstag<span class=\"ez-toc-section-end\"><\/span><\/h2>\n<p>Wie lange h\u00e4lt ein Strau\u00df frischer Blumen in der Vase? Eine Woche? Zwei Wochen? Sp\u00e4testens dann ist er Geschichte und der Blumengru\u00df verwelkt. Warum also nicht mal Samen verschenken, aus denen herrliche (Liebes-)blumen wachsen. Unser Tipp: S\u00e4en Sie die Samen gleich in einen h\u00fcbschen Blumentopf \u2013 den Sie vielleicht selbst gestalten \u2013 aus und \u00fcbergeben Sie diesen am Valentinstag. Die Freude ist gro\u00df und w\u00e4hrt umso l\u00e4nger, wenn man sieht, was daraus Tolles wachsen wird.<\/p>\n<h3><span class=\"ez-toc-section\" id=\"Brennende_Liebe\"><\/span>Brennende Liebe<span class=\"ez-toc-section-end\"><\/span><\/h3>\n<p><img loading=\"lazy\" decoding=\"async\" class=\"size-medium wp-image-4939 alignright\" src=\"https:\/\/www.samenhaus.de\/gartenblog\/wp-content\/uploads\/2022\/05\/Valentinstag_499973290-300x215.jpeg\" alt=\"Valentinstag Brennende Liebe\" width=\"300\" height=\"215\" \/>Hier ist der Name Programm, denn die knallroten Bl\u00fcten der Brennenden Liebe, die zu den Nelken geh\u00f6rt, sehen tats\u00e4chlich aus wie kleine Fl\u00e4mmchen. Das Sch\u00f6ne ist, dass es sich hierbei um eine mehrj\u00e4hrige Pflanze handelt. Das hei\u00dft, dass sie ideal f\u00fcr den Garten ist und dort jedes Jahr neu erbl\u00fcht.<\/p>\n<ul>\n<li>F\u00fcllen Sie einen Blumentopf mit Erde und geben Sie 2 bis 3 Samen hinein. Nur wenig mit Erde bedecken, danach etwas andr\u00fccken und immer sch\u00f6n feucht halten. In Vorkultur k\u00f6nnen Sie damit von M\u00e4rz bis Juni gehen, also perfekt zum Valentinstag.<\/li>\n<li>Ab Mai d\u00fcrfen die Jungpflanzen in den Garten umziehen und wachsen dort zu stattlichen, fast einen Meter hohen Pflanzen heran. Besonders h\u00fcbsch sehen sie aus, wenn Sie sie als Gruppe pflanzen.<\/li>\n<li>W\u00e4hlen Sie einen sonnigen Standort und freuen Sie sich auf 3 Monate Bl\u00fctezeit von Juni bis August. Wenn Sie verwelkte Bl\u00fcten gleich entfernen, treibt die Pflanze noch mal neu aus.<\/li>\n<li>Als Alternative zum Blumentopf haben wir in unserem Sortiment ein raffiniertes Weckglas, das im Pflanzenkit zusammen mit Erde und Samen direkt zu Ihnen nach Hause kommt.<\/li>\n<\/ul>\n<h3><span class=\"ez-toc-section\" id=\"Lein_Liebesduett\"><\/span>Lein Liebesduett<span class=\"ez-toc-section-end\"><\/span><\/h3>\n<p><img loading=\"lazy\" decoding=\"async\" class=\"size-medium wp-image-4936 alignright\" src=\"https:\/\/www.samenhaus.de\/gartenblog\/wp-content\/uploads\/2022\/05\/Valentinstag_167228607-300x184.jpeg\" alt=\"Valentinstag Lein Liebesduett\" width=\"300\" height=\"184\" \/>Lein ist eine uralte Nutzpflanze und wird auch Flachs genannt. Vor allem die Samen sind als wertvolle und gesunde Leinsamen bekannt. Doch am Valentinstag wollen wir die Samen nicht essen, sondern verschenken. Unser Lein Liebesduett ist daf\u00fcr ideal, denn die zarten Bl\u00fcten in Wei\u00df und Rosa sind ein echter Hingucker in jedem Beet \u2013 und ideal als Geschenk f\u00fcr den oder die Liebeste(n).<\/p>\n<ul>\n<li>Die Samen werden breitw\u00fcrfig gestreut. Das k\u00f6nnen Sie ab April direkt im Beet tun oder auch in einem h\u00fcbschen Blumenk\u00fcbel. Schon nach rund 10 Tagen zeigen sich die ersten Spr\u00f6sslinge.<\/li>\n<li>An einem sonnigen bis halbschattigen Standort f\u00fchlt sich das Liebesduett wohl. Mit einer H\u00f6he von 50 Zentimetern kann das Lein Liebesduett auch prima mit anderen Stauden kombiniert werden.<\/li>\n<li>Unsere Samenmischung reicht f\u00fcr rund 150 Pflanzen, sodass Sie sich \u00fcber ein regelrechtes Bl\u00fctenmeer freuen d\u00fcrfen.<\/li>\n<li>Die Bl\u00fctezeit des Leins zieht sich von Juni bis September, so haben Sie den ganzen Sommer \u00fcber den Liebesgru\u00df direkt vor Augen.<\/li>\n<\/ul>\n<h3><span class=\"ez-toc-section\" id=\"Liebeshainblume\"><\/span>Liebeshainblume<span class=\"ez-toc-section-end\"><\/span><\/h3>\n<p><img loading=\"lazy\" decoding=\"async\" class=\"size-medium wp-image-4934 alignright\" src=\"https:\/\/www.samenhaus.de\/gartenblog\/wp-content\/uploads\/2022\/05\/Valentinstag_115975068-300x200.jpeg\" alt=\"Valentinstag Liebeshainblume\" width=\"300\" height=\"200\" srcset=\"https:\/\/www.samenhaus.de\/gartenblog\/wp-content\/uploads\/2022\/05\/Valentinstag_115975068-300x200.jpeg 300w, https:\/\/www.samenhaus.de\/gartenblog\/wp-content\/uploads\/2022\/05\/Valentinstag_115975068-600x401.jpeg 600w, https:\/\/www.samenhaus.de\/gartenblog\/wp-content\/uploads\/2022\/05\/Valentinstag_115975068-768x513.jpeg 768w, https:\/\/www.samenhaus.de\/gartenblog\/wp-content\/uploads\/2022\/05\/Valentinstag_115975068-1024x684.jpeg 1024w, https:\/\/www.samenhaus.de\/gartenblog\/wp-content\/uploads\/2022\/05\/Valentinstag_115975068-1536x1025.jpeg 1536w, https:\/\/www.samenhaus.de\/gartenblog\/wp-content\/uploads\/2022\/05\/Valentinstag_115975068-2048x1367.jpeg 2048w\" sizes=\"auto, (max-width: 300px) 100vw, 300px\" \/>Wenn eine Pflanze den Namen Liebeshainblume tr\u00e4gt, ist sie doch ideal, um sie am Valentinstag zu verschenken, oder? Hainblumen geh\u00f6ren zu den Borretschgew\u00e4chsen und sind im Beet genauso gut aufgehoben, wie im Blumentopf. Mit himmelblauen Bl\u00fcten und innen liegendem wei\u00dfen Herz oder mit wei\u00dfen Bl\u00fcten und vorwitzigen dunkelblauen Spitzen, unsere Liebeshainblumen sind Dauerbl\u00fcher bis zum ersten Frost.<\/p>\n<ul>\n<li>Mit Liebeshainblumen k\u00f6nnen Sie ab M\u00e4rz in Vorkultur gehen oder die Samen ab Mai direkt ins Beet streuen. Schon nach 2 Wochen zeigen sich die ersten Keimlinge.<\/li>\n<li>An einem sonnigen Ort gedeihen die gerade einmal 10 Zentimeter gro\u00dfen Blumen sowohl im Gartenbeet, wie auch auf Balkon und Terrasse.<\/li>\n<li>Die einj\u00e4hrige Pflanze bl\u00fcht von Juni bis in den Oktober hinein und muss jedes Jahr neu ges\u00e4t werden. Wenn sie gef\u00e4llt, haben Sie gleich f\u00fcr den n\u00e4chsten Valentinstag wieder ein tolles Geschenk parat \u2013 vielleicht auch kombiniert mit anderen tollen Pflanzen.<\/li>\n<\/ul>\n<h3><span class=\"ez-toc-section\" id=\"Essbare_Blumen\"><\/span>Essbare Blumen<span class=\"ez-toc-section-end\"><\/span><\/h3>\n<p><img loading=\"lazy\" decoding=\"async\" class=\"size-medium wp-image-4935 alignright\" src=\"https:\/\/www.samenhaus.de\/gartenblog\/wp-content\/uploads\/2022\/05\/Valentinstag_159582250-300x200.jpeg\" alt=\"Valentinstag Essbare Blumen\" width=\"300\" height=\"200\" srcset=\"https:\/\/www.samenhaus.de\/gartenblog\/wp-content\/uploads\/2022\/05\/Valentinstag_159582250-300x200.jpeg 300w, https:\/\/www.samenhaus.de\/gartenblog\/wp-content\/uploads\/2022\/05\/Valentinstag_159582250-600x401.jpeg 600w, https:\/\/www.samenhaus.de\/gartenblog\/wp-content\/uploads\/2022\/05\/Valentinstag_159582250-768x513.jpeg 768w, https:\/\/www.samenhaus.de\/gartenblog\/wp-content\/uploads\/2022\/05\/Valentinstag_159582250-1024x684.jpeg 1024w, https:\/\/www.samenhaus.de\/gartenblog\/wp-content\/uploads\/2022\/05\/Valentinstag_159582250-1536x1025.jpeg 1536w, https:\/\/www.samenhaus.de\/gartenblog\/wp-content\/uploads\/2022\/05\/Valentinstag_159582250-2048x1367.jpeg 2048w\" sizes=\"auto, (max-width: 300px) 100vw, 300px\" \/>Liebe geht (auch) durch den Magen \u2013 und das im wahrsten Sinne des Wortes. Denn mit unserem essbaren Blumenmix bekommen Sie was f\u00fcrs Auge und f\u00fcr den Appetit. Wir haben f\u00fcr Sie ein kleines Mini Gew\u00e4chshaus mit 6 farbenfrohen T\u00f6pfen, Quelltabletten und der essbaren Samenmischung zusammengestellt. Ein tolles Geschenk zum Valentinstag, von dem man lange Zeit etwas hat.<\/p>\n<ul>\n<li>Die Eimerchen werden mit Erde bef\u00fcllt, die Samen kommen hinein und gut angegossen. Dann dauert es nicht lange, bis sich die ersten Pfl\u00e4nzchen zeigen. Genaueres entnehmen Sie der beiliegenden Pflanzanleitung.<\/li>\n<li>Haben Sie alles richtig gemacht? Dann k\u00f6nnen Sie schon in ein paar Wochen die schmackhaften Bl\u00fcten von Stiefm\u00fctterchen, Gro\u00dfer Kapuzinerkresse, Gartennelke, Ringelblume, Kornblume, Studentenblume und Zucchini genie\u00dfen. Oder sich einfach nur an den h\u00fcbschen Blumen erfreuen.<\/li>\n<li>Die Bl\u00fcten k\u00f6nnen Sie einfach von den Pflanzen abzupfen und genie\u00dfen, als bunte Farbtupfer zu Salaten geben oder sie als raffinierte Deko zu vielen anderen Gerichten verwenden.<\/li>\n<\/ul>\n<h3><span class=\"ez-toc-section\" id=\"Stockrosen\"><\/span>Stockrosen<span class=\"ez-toc-section-end\"><\/span><\/h3>\n<p><img loading=\"lazy\" decoding=\"async\" class=\"size-medium wp-image-4937 alignright\" src=\"https:\/\/www.samenhaus.de\/gartenblog\/wp-content\/uploads\/2022\/05\/Valentinstag_285252115-300x200.jpeg\" alt=\"Valentinstag Stockrosen\" width=\"300\" height=\"200\" srcset=\"https:\/\/www.samenhaus.de\/gartenblog\/wp-content\/uploads\/2022\/05\/Valentinstag_285252115-300x200.jpeg 300w, https:\/\/www.samenhaus.de\/gartenblog\/wp-content\/uploads\/2022\/05\/Valentinstag_285252115-600x400.jpeg 600w, https:\/\/www.samenhaus.de\/gartenblog\/wp-content\/uploads\/2022\/05\/Valentinstag_285252115-1024x683.jpeg 1024w, https:\/\/www.samenhaus.de\/gartenblog\/wp-content\/uploads\/2022\/05\/Valentinstag_285252115-768x512.jpeg 768w, https:\/\/www.samenhaus.de\/gartenblog\/wp-content\/uploads\/2022\/05\/Valentinstag_285252115-1536x1024.jpeg 1536w, https:\/\/www.samenhaus.de\/gartenblog\/wp-content\/uploads\/2022\/05\/Valentinstag_285252115-2048x1365.jpeg 2048w\" sizes=\"auto, (max-width: 300px) 100vw, 300px\" \/>Die Rose gilt als Blume der Liebe schlechthin. Nun ist es nur bei Wildrosen, die auch Fr\u00fcchte ausbilden, m\u00f6glich, diese aus Samen zu ziehen. Bei Kulturrosen ist das meist nicht der Fall. Warum dann nicht auf die majest\u00e4tischen Stockrosen ausweichen? Die auch als K\u00f6nigin der Bauerng\u00e4rten bezeichnete Blume geh\u00f6rt zu den Malven und kann bis zu zwei Meter hoch werden. Ideal als Valentinstagsgru\u00df, denn die Samen lassen sich bereits ab Februar vorkultivieren.<\/p>\n<ul>\n<li>Rund 2 Zentimeter tief kommen Stockrosensamen in Anzuchterde, werden regelm\u00e4\u00dfig gegossen und warm gestellt. Etwa 20 Tage sp\u00e4ter spitzt ein zartes Pfl\u00e4nzchen aus der Erde. Alternativ k\u00f6nnen Sie die Samen ab Mai auch direkt ins Beet s\u00e4en. Durch die Vorkultur bl\u00fchen die Stockrosen allerdings fr\u00fcher.<\/li>\n<li>Dann geht es recht schnell und die Stockrosen arbeiten sich nach oben \u2013 immer der Sonne entgegen. Daher sollten Sie die Pflanzen auch mit einem Kletterstab st\u00fctzen.<\/li>\n<li>Stockrosen gibt es in unz\u00e4hligen Farben, die Bl\u00fcte zeigt sich von Juni bis September. Einmal verbl\u00fcht, bilden sich Samen, die sich automatisch selbst wieder auss\u00e4en. Somit haben Sie viele Jahre etwas von Ihrem Valentinstagsgeschenk.<\/li>\n<\/ul>\n<p>Oder suchen Sie noch nach anderen ausgefallenen Ideen, womit Sie Ihrer Liebsten\/Ihrem Liebsten zum Valentinstag einen Liebesgru\u00df senden wollen? Dann st\u00f6bern Sie durch unseren Onlineshop und lassen Sie sich von der Vielfalt inspirieren.<\/p>\n","protected":false},"excerpt":{"rendered":"<p>Verliebte sollten sich den 14. Februar dick im Kalender anstreichen. Denn dann ist Valentinstag und standesgem\u00e4\u00df macht man seiner Liebsten oder seinem Liebsten kleine Geschenke. Meist sind es Blumengr\u00fc\u00dfe oder Geschenke in Form eines Herzens, wie etwa leckere Pralinen. Viele Glauben, der Valentinstag wurde von der Blumenbranche erfunden \u2013 das ist aber nicht so. Denn der Brauch geht weit in die Vergangenheit zur\u00fcck. Wie der Valentinstags-Brauch entstand Man vermutet, dass der heilige Valentin aus Rom der Namensgeber ist. Er lebte im 3. Jahrhundert und war der Schutzpatron der Liebenden. Obwohl es der damalige Kaiser Claudius II. verboten hatte, traute der heilige Valentin Paare nach christlichem Brauch. 1.500 Jahre lang war der 14. Februar in der katholischen Kirche sogar ein Gedenktag. Im 15. Jahrhundert entwickelt sich in England dann der Brauch, sich an besagtem Tag kleine Geschenke zu machen. Diese Tradition nahmen Auswanderer, die sich in Amerika ansiedelten, mit. Nach dem 2. Weltkrieg brachten Soldaten der US-Armee den Brauch dann nach Deutschland. Darauf ist nat\u00fcrlich die Blumenindustrie aufgesprungen und machte den Valentinstag zu \u201eihrem Tag\u201c. Immerhin schenkt wohl jeder Vierte laut einer Umfrage am Valentinstag den obligatorischen Blumenstrau\u00df. Wir sagen uns: Blumen ja, aber mal anders! Ideen f\u00fcr den Valentinstag Wie [&hellip;]<\/p>\n","protected":false},"author":13,"featured_media":2204,"comment_status":"open","ping_status":"open","sticky":false,"template":"","format":"standard","meta":{"_acf_changed":false,"footnotes":""},"categories":[1],"tags":[],"hersteller":[],"class_list":["post-2202","post","type-post","status-publish","format-standard","has-post-thumbnail","hentry","category-allgemein"],"acf":[],"yoast_head":"<!-- This site is optimized with the Yoast SEO plugin v27.4 - https:\/\/yoast.com\/product\/yoast-seo-wordpress\/ -->\n<title>Valentinstag \u2013 Blumen mal anders schenken - Samenhaus Gartenblog<\/title>\n<meta name=\"description\" content=\"Bald ist Valentinstag. Schenken Sie doch einmal Blumen anders. Mit unseren raffinierten Geschenkideen liegen Sie bestimmt richtig.\" \/>\n<meta name=\"robots\" content=\"index, follow, max-snippet:-1, max-image-preview:large, max-video-preview:-1\" \/>\n<link rel=\"canonical\" href=\"https:\/\/www.samenhaus.de\/gartenblog\/valentinstag-blumen-mal-anders-schenken\" \/>\n<meta property=\"og:locale\" content=\"de_DE\" \/>\n<meta property=\"og:type\" content=\"article\" \/>\n<meta property=\"og:title\" content=\"Valentinstag \u2013 Blumen mal anders schenken - Samenhaus Gartenblog\" \/>\n<meta property=\"og:description\" content=\"Bald ist Valentinstag. Schenken Sie doch einmal Blumen anders. Mit unseren raffinierten Geschenkideen liegen Sie bestimmt richtig.\" \/>\n<meta property=\"og:url\" content=\"https:\/\/www.samenhaus.de\/gartenblog\/valentinstag-blumen-mal-anders-schenken\" \/>\n<meta property=\"og:site_name\" content=\"Samenhaus Gartenblog\" \/>\n<meta property=\"article:publisher\" content=\"https:\/\/de-de.facebook.com\/samenhaus\" \/>\n<meta property=\"article:published_time\" content=\"2022-02-07T16:48:05+00:00\" \/>\n<meta property=\"article:modified_time\" content=\"2023-07-04T05:04:45+00:00\" \/>\n<meta property=\"og:image\" content=\"https:\/\/www.samenhaus.de\/gartenblog\/wp-content\/uploads\/2022\/02\/Valentinstag_100309399-scaled.jpeg\" \/>\n\t<meta property=\"og:image:width\" content=\"2560\" \/>\n\t<meta property=\"og:image:height\" content=\"1707\" \/>\n\t<meta property=\"og:image:type\" content=\"image\/jpeg\" \/>\n<meta name=\"author\" content=\"Holger\" \/>\n<meta name=\"twitter:card\" content=\"summary_large_image\" \/>\n<meta name=\"twitter:creator\" content=\"@samenhaus\" \/>\n<meta name=\"twitter:site\" content=\"@samenhaus\" \/>\n<meta name=\"twitter:label1\" content=\"Verfasst von\" \/>\n\t<meta name=\"twitter:data1\" content=\"Holger\" \/>\n\t<meta name=\"twitter:label2\" content=\"Gesch\u00e4tzte Lesezeit\" \/>\n\t<meta name=\"twitter:data2\" content=\"8\u00a0Minuten\" \/>\n<script type=\"application\/ld+json\" class=\"yoast-schema-graph\">{\"@context\":\"https:\\\/\\\/schema.org\",\"@graph\":[{\"@type\":\"Article\",\"@id\":\"https:\\\/\\\/www.samenhaus.de\\\/gartenblog\\\/valentinstag-blumen-mal-anders-schenken#article\",\"isPartOf\":{\"@id\":\"https:\\\/\\\/www.samenhaus.de\\\/gartenblog\\\/valentinstag-blumen-mal-anders-schenken\"},\"author\":{\"name\":\"Holger\",\"@id\":\"https:\\\/\\\/www.samenhaus.de\\\/gartenblog\\\/#\\\/schema\\\/person\\\/de169769587431893823f62b2ce06c04\"},\"headline\":\"Valentinstag \u2013 Blumen mal anders schenken\",\"datePublished\":\"2022-02-07T16:48:05+00:00\",\"dateModified\":\"2023-07-04T05:04:45+00:00\",\"mainEntityOfPage\":{\"@id\":\"https:\\\/\\\/www.samenhaus.de\\\/gartenblog\\\/valentinstag-blumen-mal-anders-schenken\"},\"wordCount\":1206,\"commentCount\":0,\"publisher\":{\"@id\":\"https:\\\/\\\/www.samenhaus.de\\\/gartenblog\\\/#organization\"},\"image\":{\"@id\":\"https:\\\/\\\/www.samenhaus.de\\\/gartenblog\\\/valentinstag-blumen-mal-anders-schenken#primaryimage\"},\"thumbnailUrl\":\"https:\\\/\\\/www.samenhaus.de\\\/gartenblog\\\/wp-content\\\/uploads\\\/2022\\\/02\\\/Valentinstag_100309399-scaled.jpeg\",\"inLanguage\":\"de\",\"potentialAction\":[{\"@type\":\"CommentAction\",\"name\":\"Comment\",\"target\":[\"https:\\\/\\\/www.samenhaus.de\\\/gartenblog\\\/valentinstag-blumen-mal-anders-schenken#respond\"]}],\"copyrightYear\":\"2022\",\"copyrightHolder\":{\"@id\":\"https:\\\/\\\/www.samenhaus.de\\\/gartenblog\\\/#organization\"}},{\"@type\":\"WebPage\",\"@id\":\"https:\\\/\\\/www.samenhaus.de\\\/gartenblog\\\/valentinstag-blumen-mal-anders-schenken\",\"url\":\"https:\\\/\\\/www.samenhaus.de\\\/gartenblog\\\/valentinstag-blumen-mal-anders-schenken\",\"name\":\"Valentinstag \u2013 Blumen mal anders schenken - Samenhaus Gartenblog\",\"isPartOf\":{\"@id\":\"https:\\\/\\\/www.samenhaus.de\\\/gartenblog\\\/#website\"},\"primaryImageOfPage\":{\"@id\":\"https:\\\/\\\/www.samenhaus.de\\\/gartenblog\\\/valentinstag-blumen-mal-anders-schenken#primaryimage\"},\"image\":{\"@id\":\"https:\\\/\\\/www.samenhaus.de\\\/gartenblog\\\/valentinstag-blumen-mal-anders-schenken#primaryimage\"},\"thumbnailUrl\":\"https:\\\/\\\/www.samenhaus.de\\\/gartenblog\\\/wp-content\\\/uploads\\\/2022\\\/02\\\/Valentinstag_100309399-scaled.jpeg\",\"datePublished\":\"2022-02-07T16:48:05+00:00\",\"dateModified\":\"2023-07-04T05:04:45+00:00\",\"description\":\"Bald ist Valentinstag. Schenken Sie doch einmal Blumen anders. Mit unseren raffinierten Geschenkideen liegen Sie bestimmt richtig.\",\"breadcrumb\":{\"@id\":\"https:\\\/\\\/www.samenhaus.de\\\/gartenblog\\\/valentinstag-blumen-mal-anders-schenken#breadcrumb\"},\"inLanguage\":\"de\",\"potentialAction\":[{\"@type\":\"ReadAction\",\"target\":[\"https:\\\/\\\/www.samenhaus.de\\\/gartenblog\\\/valentinstag-blumen-mal-anders-schenken\"]}]},{\"@type\":\"ImageObject\",\"inLanguage\":\"de\",\"@id\":\"https:\\\/\\\/www.samenhaus.de\\\/gartenblog\\\/valentinstag-blumen-mal-anders-schenken#primaryimage\",\"url\":\"https:\\\/\\\/www.samenhaus.de\\\/gartenblog\\\/wp-content\\\/uploads\\\/2022\\\/02\\\/Valentinstag_100309399-scaled.jpeg\",\"contentUrl\":\"https:\\\/\\\/www.samenhaus.de\\\/gartenblog\\\/wp-content\\\/uploads\\\/2022\\\/02\\\/Valentinstag_100309399-scaled.jpeg\",\"width\":2560,\"height\":1707,\"caption\":\"Valentinstag\"},{\"@type\":\"BreadcrumbList\",\"@id\":\"https:\\\/\\\/www.samenhaus.de\\\/gartenblog\\\/valentinstag-blumen-mal-anders-schenken#breadcrumb\",\"itemListElement\":[{\"@type\":\"ListItem\",\"position\":1,\"name\":\"Startseite\",\"item\":\"https:\\\/\\\/www.samenhaus.de\\\/gartenblog\\\/\"},{\"@type\":\"ListItem\",\"position\":2,\"name\":\"Valentinstag \u2013 Blumen mal anders schenken\"}]},{\"@type\":\"WebSite\",\"@id\":\"https:\\\/\\\/www.samenhaus.de\\\/gartenblog\\\/#website\",\"url\":\"https:\\\/\\\/www.samenhaus.de\\\/gartenblog\\\/\",\"name\":\"Samenhaus Gartenblog\",\"description\":\"\",\"publisher\":{\"@id\":\"https:\\\/\\\/www.samenhaus.de\\\/gartenblog\\\/#organization\"},\"potentialAction\":[{\"@type\":\"SearchAction\",\"target\":{\"@type\":\"EntryPoint\",\"urlTemplate\":\"https:\\\/\\\/www.samenhaus.de\\\/gartenblog\\\/?s={search_term_string}\"},\"query-input\":{\"@type\":\"PropertyValueSpecification\",\"valueRequired\":true,\"valueName\":\"search_term_string\"}}],\"inLanguage\":\"de\"},{\"@type\":\"Organization\",\"@id\":\"https:\\\/\\\/www.samenhaus.de\\\/gartenblog\\\/#organization\",\"name\":\"Samenhaus.de Gartenblog\",\"url\":\"https:\\\/\\\/www.samenhaus.de\\\/gartenblog\\\/\",\"logo\":{\"@type\":\"ImageObject\",\"inLanguage\":\"de\",\"@id\":\"https:\\\/\\\/www.samenhaus.de\\\/gartenblog\\\/#\\\/schema\\\/logo\\\/image\\\/\",\"url\":\"https:\\\/\\\/www.samenhaus.de\\\/gartenblog\\\/wp-content\\\/uploads\\\/2020\\\/11\\\/logo.svg\",\"contentUrl\":\"https:\\\/\\\/www.samenhaus.de\\\/gartenblog\\\/wp-content\\\/uploads\\\/2020\\\/11\\\/logo.svg\",\"width\":1,\"height\":1,\"caption\":\"Samenhaus.de Gartenblog\"},\"image\":{\"@id\":\"https:\\\/\\\/www.samenhaus.de\\\/gartenblog\\\/#\\\/schema\\\/logo\\\/image\\\/\"},\"sameAs\":[\"https:\\\/\\\/de-de.facebook.com\\\/samenhaus\",\"https:\\\/\\\/x.com\\\/samenhaus\"]},{\"@type\":\"Person\",\"@id\":\"https:\\\/\\\/www.samenhaus.de\\\/gartenblog\\\/#\\\/schema\\\/person\\\/de169769587431893823f62b2ce06c04\",\"name\":\"Holger\",\"image\":{\"@type\":\"ImageObject\",\"inLanguage\":\"de\",\"@id\":\"https:\\\/\\\/www.samenhaus.de\\\/gartenblog\\\/wp-content\\\/uploads\\\/2026\\\/03\\\/Holger-150x150.png\",\"url\":\"https:\\\/\\\/www.samenhaus.de\\\/gartenblog\\\/wp-content\\\/uploads\\\/2026\\\/03\\\/Holger-150x150.png\",\"contentUrl\":\"https:\\\/\\\/www.samenhaus.de\\\/gartenblog\\\/wp-content\\\/uploads\\\/2026\\\/03\\\/Holger-150x150.png\",\"caption\":\"Holger\"},\"description\":\"6.000.000 W\u00f6rter \u2013 so viel k\u00f6nnen Sie in etwa von mir online lesen. Das F\u00fcllen des Internets entwickelte sich nach meiner Ausbildung zum TV-Redakteur und der langj\u00e4hrigen Arbeit bei SAT.1 zu einem Fulltime-Job. Trotzdem finde ich noch gen\u00fcgend Zeit, um in meinem Garten zu werkeln. Eine Staude hier, ein Bl\u00fcmchen dort und ein bisschen Gem\u00fcse darf auch nicht fehlen \u2013 einen Schnitzelbaum gibt es ja noch nicht \u2026 Die besten geistigen Erg\u00fcsse habe ich \u00fcbrigens, wenn ich IM Garten \u00dcBER den Garten schreiben kann. So vereinen sich Beruf und Hobby perfekt \u2013 was gibt es Sch\u00f6neres?\",\"url\":\"https:\\\/\\\/www.samenhaus.de\\\/gartenblog\\\/author\\\/holger\"}]}<\/script>\n<!-- \/ Yoast SEO plugin. -->","yoast_head_json":{"title":"Valentinstag \u2013 Blumen mal anders schenken - Samenhaus Gartenblog","description":"Bald ist Valentinstag. Schenken Sie doch einmal Blumen anders. Mit unseren raffinierten Geschenkideen liegen Sie bestimmt richtig.","robots":{"index":"index","follow":"follow","max-snippet":"max-snippet:-1","max-image-preview":"max-image-preview:large","max-video-preview":"max-video-preview:-1"},"canonical":"https:\/\/www.samenhaus.de\/gartenblog\/valentinstag-blumen-mal-anders-schenken","og_locale":"de_DE","og_type":"article","og_title":"Valentinstag \u2013 Blumen mal anders schenken - Samenhaus Gartenblog","og_description":"Bald ist Valentinstag. Schenken Sie doch einmal Blumen anders. Mit unseren raffinierten Geschenkideen liegen Sie bestimmt richtig.","og_url":"https:\/\/www.samenhaus.de\/gartenblog\/valentinstag-blumen-mal-anders-schenken","og_site_name":"Samenhaus Gartenblog","article_publisher":"https:\/\/de-de.facebook.com\/samenhaus","article_published_time":"2022-02-07T16:48:05+00:00","article_modified_time":"2023-07-04T05:04:45+00:00","og_image":[{"width":2560,"height":1707,"url":"https:\/\/www.samenhaus.de\/gartenblog\/wp-content\/uploads\/2022\/02\/Valentinstag_100309399-scaled.jpeg","type":"image\/jpeg"}],"author":"Holger","twitter_card":"summary_large_image","twitter_creator":"@samenhaus","twitter_site":"@samenhaus","twitter_misc":{"Verfasst von":"Holger","Gesch\u00e4tzte Lesezeit":"8\u00a0Minuten"},"schema":{"@context":"https:\/\/schema.org","@graph":[{"@type":"Article","@id":"https:\/\/www.samenhaus.de\/gartenblog\/valentinstag-blumen-mal-anders-schenken#article","isPartOf":{"@id":"https:\/\/www.samenhaus.de\/gartenblog\/valentinstag-blumen-mal-anders-schenken"},"author":{"name":"Holger","@id":"https:\/\/www.samenhaus.de\/gartenblog\/#\/schema\/person\/de169769587431893823f62b2ce06c04"},"headline":"Valentinstag \u2013 Blumen mal anders schenken","datePublished":"2022-02-07T16:48:05+00:00","dateModified":"2023-07-04T05:04:45+00:00","mainEntityOfPage":{"@id":"https:\/\/www.samenhaus.de\/gartenblog\/valentinstag-blumen-mal-anders-schenken"},"wordCount":1206,"commentCount":0,"publisher":{"@id":"https:\/\/www.samenhaus.de\/gartenblog\/#organization"},"image":{"@id":"https:\/\/www.samenhaus.de\/gartenblog\/valentinstag-blumen-mal-anders-schenken#primaryimage"},"thumbnailUrl":"https:\/\/www.samenhaus.de\/gartenblog\/wp-content\/uploads\/2022\/02\/Valentinstag_100309399-scaled.jpeg","inLanguage":"de","potentialAction":[{"@type":"CommentAction","name":"Comment","target":["https:\/\/www.samenhaus.de\/gartenblog\/valentinstag-blumen-mal-anders-schenken#respond"]}],"copyrightYear":"2022","copyrightHolder":{"@id":"https:\/\/www.samenhaus.de\/gartenblog\/#organization"}},{"@type":"WebPage","@id":"https:\/\/www.samenhaus.de\/gartenblog\/valentinstag-blumen-mal-anders-schenken","url":"https:\/\/www.samenhaus.de\/gartenblog\/valentinstag-blumen-mal-anders-schenken","name":"Valentinstag \u2013 Blumen mal anders schenken - Samenhaus Gartenblog","isPartOf":{"@id":"https:\/\/www.samenhaus.de\/gartenblog\/#website"},"primaryImageOfPage":{"@id":"https:\/\/www.samenhaus.de\/gartenblog\/valentinstag-blumen-mal-anders-schenken#primaryimage"},"image":{"@id":"https:\/\/www.samenhaus.de\/gartenblog\/valentinstag-blumen-mal-anders-schenken#primaryimage"},"thumbnailUrl":"https:\/\/www.samenhaus.de\/gartenblog\/wp-content\/uploads\/2022\/02\/Valentinstag_100309399-scaled.jpeg","datePublished":"2022-02-07T16:48:05+00:00","dateModified":"2023-07-04T05:04:45+00:00","description":"Bald ist Valentinstag. Schenken Sie doch einmal Blumen anders. Mit unseren raffinierten Geschenkideen liegen Sie bestimmt richtig.","breadcrumb":{"@id":"https:\/\/www.samenhaus.de\/gartenblog\/valentinstag-blumen-mal-anders-schenken#breadcrumb"},"inLanguage":"de","potentialAction":[{"@type":"ReadAction","target":["https:\/\/www.samenhaus.de\/gartenblog\/valentinstag-blumen-mal-anders-schenken"]}]},{"@type":"ImageObject","inLanguage":"de","@id":"https:\/\/www.samenhaus.de\/gartenblog\/valentinstag-blumen-mal-anders-schenken#primaryimage","url":"https:\/\/www.samenhaus.de\/gartenblog\/wp-content\/uploads\/2022\/02\/Valentinstag_100309399-scaled.jpeg","contentUrl":"https:\/\/www.samenhaus.de\/gartenblog\/wp-content\/uploads\/2022\/02\/Valentinstag_100309399-scaled.jpeg","width":2560,"height":1707,"caption":"Valentinstag"},{"@type":"BreadcrumbList","@id":"https:\/\/www.samenhaus.de\/gartenblog\/valentinstag-blumen-mal-anders-schenken#breadcrumb","itemListElement":[{"@type":"ListItem","position":1,"name":"Startseite","item":"https:\/\/www.samenhaus.de\/gartenblog\/"},{"@type":"ListItem","position":2,"name":"Valentinstag \u2013 Blumen mal anders schenken"}]},{"@type":"WebSite","@id":"https:\/\/www.samenhaus.de\/gartenblog\/#website","url":"https:\/\/www.samenhaus.de\/gartenblog\/","name":"Samenhaus Gartenblog","description":"","publisher":{"@id":"https:\/\/www.samenhaus.de\/gartenblog\/#organization"},"potentialAction":[{"@type":"SearchAction","target":{"@type":"EntryPoint","urlTemplate":"https:\/\/www.samenhaus.de\/gartenblog\/?s={search_term_string}"},"query-input":{"@type":"PropertyValueSpecification","valueRequired":true,"valueName":"search_term_string"}}],"inLanguage":"de"},{"@type":"Organization","@id":"https:\/\/www.samenhaus.de\/gartenblog\/#organization","name":"Samenhaus.de Gartenblog","url":"https:\/\/www.samenhaus.de\/gartenblog\/","logo":{"@type":"ImageObject","inLanguage":"de","@id":"https:\/\/www.samenhaus.de\/gartenblog\/#\/schema\/logo\/image\/","url":"https:\/\/www.samenhaus.de\/gartenblog\/wp-content\/uploads\/2020\/11\/logo.svg","contentUrl":"https:\/\/www.samenhaus.de\/gartenblog\/wp-content\/uploads\/2020\/11\/logo.svg","width":1,"height":1,"caption":"Samenhaus.de Gartenblog"},"image":{"@id":"https:\/\/www.samenhaus.de\/gartenblog\/#\/schema\/logo\/image\/"},"sameAs":["https:\/\/de-de.facebook.com\/samenhaus","https:\/\/x.com\/samenhaus"]},{"@type":"Person","@id":"https:\/\/www.samenhaus.de\/gartenblog\/#\/schema\/person\/de169769587431893823f62b2ce06c04","name":"Holger","image":{"@type":"ImageObject","inLanguage":"de","@id":"https:\/\/www.samenhaus.de\/gartenblog\/wp-content\/uploads\/2026\/03\/Holger-150x150.png","url":"https:\/\/www.samenhaus.de\/gartenblog\/wp-content\/uploads\/2026\/03\/Holger-150x150.png","contentUrl":"https:\/\/www.samenhaus.de\/gartenblog\/wp-content\/uploads\/2026\/03\/Holger-150x150.png","caption":"Holger"},"description":"6.000.000 W\u00f6rter \u2013 so viel k\u00f6nnen Sie in etwa von mir online lesen. Das F\u00fcllen des Internets entwickelte sich nach meiner Ausbildung zum TV-Redakteur und der langj\u00e4hrigen Arbeit bei SAT.1 zu einem Fulltime-Job. Trotzdem finde ich noch gen\u00fcgend Zeit, um in meinem Garten zu werkeln. Eine Staude hier, ein Bl\u00fcmchen dort und ein bisschen Gem\u00fcse darf auch nicht fehlen \u2013 einen Schnitzelbaum gibt es ja noch nicht \u2026 Die besten geistigen Erg\u00fcsse habe ich \u00fcbrigens, wenn ich IM Garten \u00dcBER den Garten schreiben kann. So vereinen sich Beruf und Hobby perfekt \u2013 was gibt es Sch\u00f6neres?","url":"https:\/\/www.samenhaus.de\/gartenblog\/author\/holger"}]}},"wp-worthy-pixel":{"ignored":false,"public":"ed3f219e8a3b45cea1f1aa288cb6fab4","server":"vg06.met.vgwort.de","url":"https:\/\/vg06.met.vgwort.de\/na\/ed3f219e8a3b45cea1f1aa288cb6fab4"},"wp-worthy-type":"normal","_links":{"self":[{"href":"https:\/\/www.samenhaus.de\/gartenblog\/wp-json\/wp\/v2\/posts\/2202","targetHints":{"allow":["GET"]}}],"collection":[{"href":"https:\/\/www.samenhaus.de\/gartenblog\/wp-json\/wp\/v2\/posts"}],"about":[{"href":"https:\/\/www.samenhaus.de\/gartenblog\/wp-json\/wp\/v2\/types\/post"}],"author":[{"embeddable":true,"href":"https:\/\/www.samenhaus.de\/gartenblog\/wp-json\/wp\/v2\/users\/13"}],"replies":[{"embeddable":true,"href":"https:\/\/www.samenhaus.de\/gartenblog\/wp-json\/wp\/v2\/comments?post=2202"}],"version-history":[{"count":7,"href":"https:\/\/www.samenhaus.de\/gartenblog\/wp-json\/wp\/v2\/posts\/2202\/revisions"}],"predecessor-version":[{"id":12288,"href":"https:\/\/www.samenhaus.de\/gartenblog\/wp-json\/wp\/v2\/posts\/2202\/revisions\/12288"}],"wp:featuredmedia":[{"embeddable":true,"href":"https:\/\/www.samenhaus.de\/gartenblog\/wp-json\/wp\/v2\/media\/2204"}],"wp:attachment":[{"href":"https:\/\/www.samenhaus.de\/gartenblog\/wp-json\/wp\/v2\/media?parent=2202"}],"wp:term":[{"taxonomy":"category","embeddable":true,"href":"https:\/\/www.samenhaus.de\/gartenblog\/wp-json\/wp\/v2\/categories?post=2202"},{"taxonomy":"post_tag","embeddable":true,"href":"https:\/\/www.samenhaus.de\/gartenblog\/wp-json\/wp\/v2\/tags?post=2202"},{"taxonomy":"hersteller","embeddable":true,"href":"https:\/\/www.samenhaus.de\/gartenblog\/wp-json\/wp\/v2\/hersteller?post=2202"}],"curies":[{"name":"wp","href":"https:\/\/api.w.org\/{rel}","templated":true}]}}