{"id":22174,"date":"2025-12-11T09:00:09","date_gmt":"2025-12-11T08:00:09","guid":{"rendered":"https:\/\/www.samenhaus.de\/gartenblog\/?p=22174"},"modified":"2025-12-03T13:56:40","modified_gmt":"2025-12-03T12:56:40","slug":"weihnachtsstern-geschichte-pflege-und-symbolkraft","status":"publish","type":"post","link":"https:\/\/www.samenhaus.de\/gartenblog\/weihnachtsstern-geschichte-pflege-und-symbolkraft","title":{"rendered":"Weihnachtsstern \u2013 Geschichte, Pflege und Symbolkraft"},"content":{"rendered":"<p>Der Weihnachtsstern (<em>Euphorbia pulcherrima<\/em>) ist aus der Weihnachtszeit nicht wegzudenken und ist f\u00fcr viele Leute rund um Weihnachten ein unverzichtbarer Bestandteil in der gesamten Adventszeit und nat\u00fcrlich erst recht rund um Weihnachten. Durch seine entweder je nach Sorte leuchtend roten. Rosafarbenen oder wei\u00dfen Hochbl\u00e4ttern bringt der Weihnachtsstern reichlich Farbe in die dunkle Jahreszeit und ist hierbei deutlich mehr als einfach nur eine h\u00fcbsch anzuschauende Zierpflanze. Schlie\u00dflich gilt der Weihnachtsstern (<em>Euphorbia pulcherrima<\/em>) als ein Symbol f\u00fcr die Weihnachtszeit und verspr\u00fcht Festlichkeit und W\u00e4rme. Aber woher kommt der beliebte Weihnachtsstern eigentlich und welche Pflege braucht die ikonische Pflanze, um m\u00f6glichst lange Freude zu bereiten?<\/p>\n<h2><span class=\"ez-toc-section\" id=\"Geschichte_des_Weihnachtssterns_Von_den_Azteken_bis_zur_Moderne\"><\/span>Geschichte des Weihnachtssterns: Von den Azteken bis zur Moderne<span class=\"ez-toc-section-end\"><\/span><\/h2>\n<p>Die Geschichte des Weihnachtssterns ist sehr lang und geht zur\u00fcck bis in die Zeit der Azteken. Urspr\u00fcnglich stammt der Weihnachtsstern aus den subtropischen und tropischen Regionen von Mexiko und Zentralamerika. Dort war diese wundersch\u00f6ne Pflanze urspr\u00fcnglich unter dem Namen \u201eCuetlaxochitl\u201c bekannt und wurde nicht nur aufgrund ihrer Sch\u00f6nheit von den Azteken gesch\u00e4tzt. Denn die Azteken wussten auch die medizinischen Wirkungen der Pflanze zu sch\u00e4tzen. So verwendeten die Azteken den Milchsaft des Weihnachtssterns zur Behandlung von Hautkrankheiten und bei Fieber. Zus\u00e4tzlich wurden die roten Hochbl\u00e4tter damals gerne f\u00fcr die Herstellung von Farbstoff verwendet.<\/p>\n<p>Die Verbindung zur Weihnachtszeit l\u00e4sst sich bei dieser Pflanze auf eine mexikanische Legende zur\u00fcckf\u00fchren. In dieser Erz\u00e4hlung geht es um ein armes Kind, welches als Geschenk f\u00fcr das Christkind nicht mehr als Unkraut in die Kirche bringen konnte. In der Kirche soll sich das Unkraut dann auf wundersame Weise in wundersch\u00f6ne und leuchtend rote Weihnachtssterne verwandelt haben. Aufgrund dieser Geschichte wurde die Pflanze in Mexiko und den Nachbarl\u00e4ndern auch als \u201eBlume der heiligen Nacht\u201c bekannt.<\/p>\n<p>Im 19. Jahrhundert war es dann der amerikanische Diplomat Joel Roberts Poinsett, der den Weihnachtsstern in die Vereinigten Staaten brachte. Dort wurde die Pflanze unter dem Namen Poinsettia bekannt. Von hier aus trat die Pflanze dann ihren weltweiten Siegeszug an und wurde auf der ganzen Welt zu einem Inbegriff f\u00fcr weihnachtliche Dekoration.<\/p>\n<h2><span class=\"ez-toc-section\" id=\"Sorten_Vielfalt_in_Farben_und_Formen\"><\/span>Sorten: Vielfalt in Farben und Formen<span class=\"ez-toc-section-end\"><\/span><\/h2>\n<p>Der Weihnachtsstern hatte urspr\u00fcnglich immer rote Hochbl\u00e4tter. Aber durch Z\u00fcchtungen gibt es mittlerweile eine Vielfalt von Formen und Farben beim Weihnachtsstern. Heute gibt es Sorten, die beispielsweise mit Hochbl\u00e4ttern in zartem Rosa, kr\u00e4ftigem Burgunderrot oder strahlendem Wei\u00df begeistern. Es gibt sogar einige Sorten, die mit zweifarbigen oder gesprenkelten Hochbl\u00e4ttern begeistern.<\/p>\n<p><strong>Beliebte Sorten sind:<\/strong><\/p>\n<ul>\n<li><strong>Prestige Red<\/strong>: Ein Klassiker mit leuchtend roten Hochbl\u00e4ttern.<\/li>\n<li><strong>Snow White<\/strong>: Eine elegante wei\u00dfe Variante, die schlichte Eleganz ausstrahlt.<\/li>\n<li><strong>Jingle Bells<\/strong>: Diese Sorte kombiniert Rot und Wei\u00df zu einem gesprenkelten Muster.<\/li>\n<li><strong>Ice Punch:<\/strong> Mit wei\u00dfen Adern durchzogene rote Hochbl\u00e4tter sorgen f\u00fcr eine besondere Optik.<\/li>\n<li><strong>Mini-Weihnachtssterne<\/strong>: Ideal f\u00fcr kleine R\u00e4ume oder Tischdekorationen.<\/li>\n<\/ul>\n<h2><span class=\"ez-toc-section\" id=\"Wuchs_Tropischer_Strauch_mit_Potenzial\"><\/span>Wuchs: Tropischer Strauch mit Potenzial<span class=\"ez-toc-section-end\"><\/span><\/h2>\n<p>In der urspr\u00fcnglichen Heimat w\u00e4chst der Weihnachtsstern als Strauch und sogar als kleiner Baum. Dort kann der Weihnachtsstern eine H\u00f6he von bis zu vier Metern erreichen. Als Zimmerpflanze bleibt der Weihnachtsstern deutlich kompakter und kommt in der Regel maximal auf H\u00f6hen von bis zu 50 Zentimetern. Der Wuchs bei dieser Pflanze ist buschig und der Weihnachtsstern bildet normalerweise mehrere Triebe aus und aus diesen bilden sich bei guter Pflege viele wundersch\u00f6ne Hochbl\u00e4tter aus.<\/p>\n<h2><span class=\"ez-toc-section\" id=\"Blaetter_und_Blueten_Ein_kunstvolles_Zusammenspiel\"><\/span>Bl\u00e4tter und Bl\u00fcten: Ein kunstvolles Zusammenspiel<span class=\"ez-toc-section-end\"><\/span><\/h2>\n<p><a href=\"https:\/\/www.samenhaus.de\/gartenblog\/wp-content\/uploads\/2025\/12\/Weihnachtsstern_240400888-scaled.jpeg\"><img loading=\"lazy\" decoding=\"async\" class=\"alignright wp-image-22756\" src=\"https:\/\/www.samenhaus.de\/gartenblog\/wp-content\/uploads\/2025\/12\/Weihnachtsstern_240400888-600x400.jpeg\" alt=\"roter Weihnachtsstern\" width=\"300\" height=\"200\" srcset=\"https:\/\/www.samenhaus.de\/gartenblog\/wp-content\/uploads\/2025\/12\/Weihnachtsstern_240400888-600x400.jpeg 600w, https:\/\/www.samenhaus.de\/gartenblog\/wp-content\/uploads\/2025\/12\/Weihnachtsstern_240400888-1024x683.jpeg 1024w, https:\/\/www.samenhaus.de\/gartenblog\/wp-content\/uploads\/2025\/12\/Weihnachtsstern_240400888-768x512.jpeg 768w, https:\/\/www.samenhaus.de\/gartenblog\/wp-content\/uploads\/2025\/12\/Weihnachtsstern_240400888-1536x1024.jpeg 1536w, https:\/\/www.samenhaus.de\/gartenblog\/wp-content\/uploads\/2025\/12\/Weihnachtsstern_240400888-scaled.jpeg 2048w\" sizes=\"auto, (max-width: 300px) 100vw, 300px\" \/><\/a>Bei den farbigen \u201eBl\u00fcten\u201c des Weihnachtssterns handelt es sich gar nicht um die richtigen Bl\u00fcten. Vielmehr sind das die sogenannten Brakteen oder Hochbl\u00e4tter. Die eigentlichen Bl\u00fcten des Weihnachtssterns sind eher unscheinbar und klein. Diese sitzen in der Mitte der beeindruckenden Hochbl\u00e4tter und weisen eine gelbe Farbe auf. Die gr\u00fcnen Laubbl\u00e4tter beim Euphorbia pulcherrima sind oval und h\u00e4ufig ein wenig gezackt, Diese Laubbl\u00e4tter stellen einen interessanten Kontrast zu den leuchtenden Hochbl\u00e4ttern der Pflanze dar.<\/p>\n<p>Beim Weihnachtsstern wird die F\u00e4rbung der Brakteen durch den Wechsel von Dunkelheit und Licht gesteuert. F\u00fcr eine Ausbildung der typischen Farbe braucht der Weihnachtsstern auch eine Dunkelphase von rund 14 Stunden t\u00e4glich, und zwar \u00fcber mehrere Wochen.<\/p>\n<h2><span class=\"ez-toc-section\" id=\"Anbau_und_Pflege_So_gedeiht_der_Weihnachtsstern\"><\/span>Anbau und Pflege: So gedeiht der Weihnachtsstern<span class=\"ez-toc-section-end\"><\/span><\/h2>\n<p>Der Weihnachtsstern ist eigentlich eine tropische Pflanze. Trotzdem ist es m\u00f6glich, die Pflanze mit einer guten Pflege auch in unseren Breitengraden pr\u00e4chtig gedeihen zu lassen. Allerdings ist der Weihnachtsstern eine nicht unempfindliche Pflanze und ben\u00f6tigt regelm\u00e4\u00dfige Pflege.<\/p>\n<h2><span class=\"ez-toc-section\" id=\"Standort_und_Boden\"><\/span>Standort und Boden<span class=\"ez-toc-section-end\"><\/span><\/h2>\n<p>Der Weihnachtsstern ben\u00f6tigt einen hellen Standort und mag trotzdem keine direkte Sonneneinstrahlung. Ideale Temperaturen f\u00fcr den Weihnachtsstern liegen in einem Bereich von 18 bis 22 Grad Celsius. Gar nicht gut umgehen kann der Weihnachtsstern mit pl\u00f6tzlichen Temperaturschwankungen und Zugluft. Aus diesem Grund sollte man den Adventsstern nicht solchen ung\u00fcnstigen Bedingungen aussetzen.<\/p>\n<p>Wichtig ist beim Adventsstern auch ein durchl\u00e4ssiges Substrat, um Staun\u00e4sse zu vermeiden. Ideal ist f\u00fcr den Weihnachtsstern als Boden eine Mischung aus Sand und Blumenerde. Mit einer Drainageschicht aus Kies oder Bl\u00e4hton k\u00f6nnen Sie zus\u00e4tzlich daf\u00fcr sorgen, dass \u00fcbersch\u00fcssiges Wasser besser abflie\u00dfen kann und keine unerw\u00fcnschte Staun\u00e4sse entsteht.<\/p>\n<h2><span class=\"ez-toc-section\" id=\"Aussaat_im_Freiland\"><\/span>Aussaat im Freiland<span class=\"ez-toc-section-end\"><\/span><\/h2>\n<p>Der Weihnachtsstern kann in subtropischen und tropischen Regionen problemlos im Freiland angebaut werden. Dort wird die Poinsettie auch gerne als beeindruckender Zierstrauch eingesetzt. In unseren Breitengraden ist eine Aussaat im Freiland aufgrund der Frostempfindlichkeit und der hier h\u00e4ufig deutlich niedrigeren Temperaturen nicht empfehlenswert. Schlie\u00dflich kommt der Weihnachtsstern mit Temperaturen von weniger als 15 Grad Celsius kaum zurecht und muss aus diesem Grund als Zimmerpflanze angebaut werden.<\/p>\n<h2><span class=\"ez-toc-section\" id=\"Anbau_im_Kuebel\"><\/span>Anbau im K\u00fcbel<span class=\"ez-toc-section-end\"><\/span><\/h2>\n<p><a href=\"https:\/\/www.samenhaus.de\/gartenblog\/wp-content\/uploads\/2025\/12\/Weihnachtsstern_922459573-scaled.jpeg\"><img loading=\"lazy\" decoding=\"async\" class=\"alignright wp-image-22755\" src=\"https:\/\/www.samenhaus.de\/gartenblog\/wp-content\/uploads\/2025\/12\/Weihnachtsstern_922459573-600x400.jpeg\" alt=\"Weihnachtsstern in K\u00fcbel\" width=\"300\" height=\"200\" srcset=\"https:\/\/www.samenhaus.de\/gartenblog\/wp-content\/uploads\/2025\/12\/Weihnachtsstern_922459573-600x400.jpeg 600w, https:\/\/www.samenhaus.de\/gartenblog\/wp-content\/uploads\/2025\/12\/Weihnachtsstern_922459573-1024x683.jpeg 1024w, https:\/\/www.samenhaus.de\/gartenblog\/wp-content\/uploads\/2025\/12\/Weihnachtsstern_922459573-768x512.jpeg 768w, https:\/\/www.samenhaus.de\/gartenblog\/wp-content\/uploads\/2025\/12\/Weihnachtsstern_922459573-1536x1024.jpeg 1536w, https:\/\/www.samenhaus.de\/gartenblog\/wp-content\/uploads\/2025\/12\/Weihnachtsstern_922459573-scaled.jpeg 2048w\" sizes=\"auto, (max-width: 300px) 100vw, 300px\" \/><\/a>Der Anbau im Freiland ist, wie gerade angesprochen in unseren Regionen nicht zu empfehlen. Daf\u00fcr eignet sich der Weihnachtsstern bestens f\u00fcr einen Anbau in K\u00fcbeln. Wichtig ist, dass Sie hierf\u00fcr einen Blumentopf mit Abflussl\u00f6chern verwenden. Auf diese Weise ist es am einfachsten m\u00f6glich, die f\u00fcr den Adventsstern so gef\u00e4hrliche Staun\u00e4sse zu vermeiden. Die Pflanze sollte m\u00f6glichst im Fr\u00fchjahr umgepflanzt werden, weil man auf diese Weise das Wachstum des Weihnachtssterns besonders gut f\u00f6rdern kann.<\/p>\n<h2><span class=\"ez-toc-section\" id=\"Pflege\"><\/span>Pflege<span class=\"ez-toc-section-end\"><\/span><\/h2>\n<p>Der Weihnachtsstern ist relativ empfindlich und dadurch braucht die Pflanze schon eine gute Pflege. Rund um das Gie\u00dfen mag es der Adventsstern weder zu trocken noch zu nass. Ratsam ist es, die Pflanze zu gie\u00dfen, wenn die oberste Erdschicht bereits leicht angetrocknet ist. Wichtig ist aber nicht zu viel zu gie\u00dfen, weil dadurch schnell f\u00fcr den Weihnachtsstern gef\u00e4hrliche Staun\u00e4sse entstehen k\u00f6nnte.<\/p>\n<p>In der Wachstumsphase, die beim Weihnachtsstern vom Fr\u00fchjahr bis in den Herbst hineinreicht, sollten Sie die Pflanze in einem Abstand von rund zwei Wochen mit einem hochwertigen D\u00fcnger f\u00fcr Zimmerpflanzen d\u00fcngen.<\/p>\n<p>Nach der Bl\u00fctezeit in den Wintermonaten braucht der Weihnachtsstern erst einmal eine Ruhephase. Hierf\u00fcr gilt es, die Pflanze an einen etwas k\u00fchleren Ort zu stellen und Sie sollten unbedingt das Gie\u00dfen deutlich reduzieren.<\/p>\n<h2><span class=\"ez-toc-section\" id=\"Erziehen_und_Schnitt\"><\/span>Erziehen und Schnitt<span class=\"ez-toc-section-end\"><\/span><\/h2>\n<p>Beim Weihnachtsstern ist ein regelm\u00e4\u00dfiger R\u00fcckschnitt angebracht, weil man die Pflanze auf diese Weise kompakt und buschig halten kann. Au\u00dferdem sollten die Triebe im Fr\u00fchjahr um rund ein Drittel zur\u00fcckgeschnitten werden, um die Entstehung neuer Seitentriebe zu f\u00f6rdern.<\/p>\n<p>Ein gezielter R\u00fcckschnitt f\u00fchrt beim Weihnachtsstern nicht nur zu einer Verzweigung, sondern hilft auch die Pflanze gesund zu halten. Verwenden Sie f\u00fcr den Schnitt eine desinfizierte und scharfe Gartenschere. Auf diese Weise k\u00f6nnen Sie Infektionen und Verletzungen am Weihnachtsstern vermeiden. F\u00fcr den eigenen Schutz sollten Sie hierbei Handschuhe tragen, weil der austretende Milchsaft beim Menschen zu Hautreizungen f\u00fchren kann.<\/p>\n<h2><span class=\"ez-toc-section\" id=\"Vermehrung\"><\/span>Vermehrung<span class=\"ez-toc-section-end\"><\/span><\/h2>\n<p>Beim Weihnachtsstern erfolgt die Vermehrung in der Regel durch Stecklinge. Diese werden im Fr\u00fchjahr oder Sommer abgeschnitten und es sollte sich hierbei um gesunde Triebe mit einer L\u00e4nge von 10 bis 15 cm handeln, die keine Bl\u00fctenans\u00e4tze aufweisen. Der Steckling wird zun\u00e4chst f\u00fcr eine Woche an einem trockenen Ort gelagert. Dadurch tritt der Milchsaft aus und erst danach wird der Steckling in ein feuchtes Substrat gesteckt. Temperaturen im Bereich von 20\u00b0C und 25\u00b0C unterst\u00fctzen bei diesem Vorgang das Anwachsen. Haben sich ausreichend Wurzeln gebildet, kann der Steckling des Weihnachtssterns in einen gr\u00f6\u00dferen K\u00fcbel gesetzt werden.<\/p>\n<h2><span class=\"ez-toc-section\" id=\"Schaedlinge_und_Krankheiten\"><\/span>Sch\u00e4dlinge und Krankheiten<span class=\"ez-toc-section-end\"><\/span><\/h2>\n<p>Der Weihnachtsstern ist leider anf\u00e4llig f\u00fcr verschiedene Krankheiten und Sch\u00e4dlinge, welche die Gesundheit der Poinsettie nachhaltig negativ beeinflussen k\u00f6nnen. Zu den H\u00e4ufigsten geh\u00f6ren:<\/p>\n<ul>\n<li><strong>Blattl\u00e4use<\/strong>: Die kleinen Insekten saugen an den Bl\u00e4ttern und verz\u00f6gern das Wachstum.<\/li>\n<li><strong>Wei\u00dfe Fliegen<\/strong>: Sie sind ebenfalls saugende Sch\u00e4dlinge, die die Pflanze schw\u00e4chen und klebrige R\u00fcckst\u00e4nde hinterlassen.<\/li>\n<li><strong>Spinnmilben<\/strong>: Besonders in trockener Luft k\u00f6nnen diese Sch\u00e4dlinge den Weihnachtsstern befallen, was zu gelblichen Bl\u00e4ttern und feinen Netzen f\u00fchrt.<\/li>\n<li><strong>Mehltau<\/strong>: Ein Pilz, der bei zu hoher Luftfeuchtigkeit und mangelnder Bel\u00fcftung auftritt und wei\u00dfliche Flecken auf den Bl\u00e4ttern hinterl\u00e4sst.<\/li>\n<li><strong>Wurzelf\u00e4ule<\/strong>: H\u00e4ufig verursacht durch Staun\u00e4sse, kann diese Krankheit die Wurzeln angreifen und das Absterben der Pflanze zur Folge haben.<\/li>\n<\/ul>\n<p>Regelm\u00e4\u00dfige Kontrollen sind aufgrund der Empfindlichkeit enorm wichtig, um bei Problemen schnell reagieren zu k\u00f6nnen.<\/p>\n<h2><span class=\"ez-toc-section\" id=\"Gesundheitliche_Vorteile\"><\/span>Gesundheitliche Vorteile<span class=\"ez-toc-section-end\"><\/span><\/h2>\n<p>Der Weihnachtsstern kann in Teilen giftig sein und daher sollte man vor allem bei Kleinkindern und Haustieren vorsichtig sein. Ein Kontakt mit dem Saft der Euphorbia pulcherrima kann zu Hautreizungen f\u00fchren und sollte aus diesem Grund vermieden werden. Grunds\u00e4tzlich kann der Weihnachtsstern aber im Innenbereich einen Beitrag zu einer Verbesserung der Luftqualit\u00e4t leisten.<\/p>\n<p>Der Adventsstern sieht also nicht nur h\u00fcbsch aus, sondern kann auch helfen die Qualit\u00e4t der Luft in R\u00e4umen zu verbessern. Dar\u00fcber hinaus hat der Weihnachtsstern wie auch viele andere Zimmerpflanzen eine beruhigende Wirkung und ist dabei auch noch ein optisches Highlight.<\/p>\n<h2><span class=\"ez-toc-section\" id=\"Fazit_Der_Weihnachtsstern_ist_ein_Symbol_der_Weihnachtszeit\"><\/span>Fazit: Der Weihnachtsstern ist ein Symbol der Weihnachtszeit<span class=\"ez-toc-section-end\"><\/span><\/h2>\n<p>Der Weihnachtsstern ist definitiv eine dekorative Zimmerpflanze und gleichzeitig ein Symbol f\u00fcr die Weihnachtszeit. Vor allem aus diesem Grund erfreut sich der Adventsstern jedes Jahr rund um Weihnachten einer unglaublichen Beliebtheit. Mit der richtigen Pflege k\u00f6nnen Sie sogar \u00fcber viele Jahre Freude an dieser Pflanze haben und den Weihnachtsstern immer wieder zur Weihnachtszeit in voller Pracht genie\u00dfen.<\/p>\n","protected":false},"excerpt":{"rendered":"<p>Der Weihnachtsstern (Euphorbia pulcherrima) ist aus der Weihnachtszeit nicht wegzudenken und ist f\u00fcr viele Leute rund um Weihnachten ein unverzichtbarer Bestandteil in der gesamten Adventszeit und nat\u00fcrlich erst recht rund um Weihnachten. Durch seine entweder je nach Sorte leuchtend roten. Rosafarbenen oder wei\u00dfen Hochbl\u00e4ttern bringt der Weihnachtsstern reichlich Farbe in die dunkle Jahreszeit und ist hierbei deutlich mehr als einfach nur eine h\u00fcbsch anzuschauende Zierpflanze. Schlie\u00dflich gilt der Weihnachtsstern (Euphorbia pulcherrima) als ein Symbol f\u00fcr die Weihnachtszeit und verspr\u00fcht Festlichkeit und W\u00e4rme. Aber woher kommt der beliebte Weihnachtsstern eigentlich und welche Pflege braucht die ikonische Pflanze, um m\u00f6glichst lange Freude zu bereiten? Geschichte des Weihnachtssterns: Von den Azteken bis zur Moderne Die Geschichte des Weihnachtssterns ist sehr lang und geht zur\u00fcck bis in die Zeit der Azteken. Urspr\u00fcnglich stammt der Weihnachtsstern aus den subtropischen und tropischen Regionen von Mexiko und Zentralamerika. Dort war diese wundersch\u00f6ne Pflanze urspr\u00fcnglich unter dem Namen \u201eCuetlaxochitl\u201c bekannt und wurde nicht nur aufgrund ihrer Sch\u00f6nheit von den Azteken gesch\u00e4tzt. Denn die Azteken wussten auch die medizinischen Wirkungen der Pflanze zu sch\u00e4tzen. So verwendeten die Azteken den Milchsaft des Weihnachtssterns zur Behandlung von Hautkrankheiten und bei Fieber. Zus\u00e4tzlich wurden die roten Hochbl\u00e4tter damals gerne f\u00fcr die Herstellung [&hellip;]<\/p>\n","protected":false},"author":12,"featured_media":22754,"comment_status":"open","ping_status":"open","sticky":false,"template":"","format":"standard","meta":{"_acf_changed":false,"footnotes":""},"categories":[13],"tags":[],"hersteller":[],"class_list":["post-22174","post","type-post","status-publish","format-standard","has-post-thumbnail","hentry","category-blumen"],"acf":[],"yoast_head":"<!-- This site is optimized with the Yoast SEO plugin v27.4 - https:\/\/yoast.com\/product\/yoast-seo-wordpress\/ -->\n<title>Weihnachtsstern \u2013 Geschichte, Pflege und Symbolkraft - Samenhaus Gartenblog<\/title>\n<meta name=\"description\" content=\"P\u00fcnktlich zur Adventszeit sieht man den Weihnachtsstern an jeder Ecke. Um die Sch\u00f6nheit auch \u00fcber die Weihnachtszeit zu bekommen, ben\u00f6tigt es eine sensible Pflege.\" \/>\n<meta name=\"robots\" content=\"index, follow, max-snippet:-1, max-image-preview:large, max-video-preview:-1\" \/>\n<link rel=\"canonical\" href=\"https:\/\/www.samenhaus.de\/gartenblog\/weihnachtsstern-geschichte-pflege-und-symbolkraft\" \/>\n<meta property=\"og:locale\" content=\"de_DE\" \/>\n<meta property=\"og:type\" content=\"article\" \/>\n<meta property=\"og:title\" content=\"Weihnachtsstern \u2013 Geschichte, Pflege und Symbolkraft - Samenhaus Gartenblog\" \/>\n<meta property=\"og:description\" content=\"P\u00fcnktlich zur Adventszeit sieht man den Weihnachtsstern an jeder Ecke. Um die Sch\u00f6nheit auch \u00fcber die Weihnachtszeit zu bekommen, ben\u00f6tigt es eine sensible Pflege.\" \/>\n<meta property=\"og:url\" content=\"https:\/\/www.samenhaus.de\/gartenblog\/weihnachtsstern-geschichte-pflege-und-symbolkraft\" \/>\n<meta property=\"og:site_name\" content=\"Samenhaus Gartenblog\" \/>\n<meta property=\"article:publisher\" content=\"https:\/\/de-de.facebook.com\/samenhaus\" \/>\n<meta property=\"article:published_time\" content=\"2025-12-11T08:00:09+00:00\" \/>\n<meta property=\"og:image\" content=\"https:\/\/www.samenhaus.de\/gartenblog\/wp-content\/uploads\/2025\/12\/Weihnachtsstern_73701168-scaled.jpg\" \/>\n\t<meta property=\"og:image:width\" content=\"2048\" \/>\n\t<meta property=\"og:image:height\" content=\"1153\" \/>\n\t<meta property=\"og:image:type\" content=\"image\/jpeg\" \/>\n<meta name=\"author\" content=\"Stephanie\" \/>\n<meta name=\"twitter:card\" content=\"summary_large_image\" \/>\n<meta name=\"twitter:creator\" content=\"@samenhaus\" \/>\n<meta name=\"twitter:site\" content=\"@samenhaus\" \/>\n<meta name=\"twitter:label1\" content=\"Verfasst von\" \/>\n\t<meta name=\"twitter:data1\" content=\"Stephanie\" \/>\n\t<meta name=\"twitter:label2\" content=\"Gesch\u00e4tzte Lesezeit\" \/>\n\t<meta name=\"twitter:data2\" content=\"10\u00a0Minuten\" \/>\n<script type=\"application\/ld+json\" class=\"yoast-schema-graph\">{\"@context\":\"https:\\\/\\\/schema.org\",\"@graph\":[{\"@type\":\"Article\",\"@id\":\"https:\\\/\\\/www.samenhaus.de\\\/gartenblog\\\/weihnachtsstern-geschichte-pflege-und-symbolkraft#article\",\"isPartOf\":{\"@id\":\"https:\\\/\\\/www.samenhaus.de\\\/gartenblog\\\/weihnachtsstern-geschichte-pflege-und-symbolkraft\"},\"author\":{\"name\":\"Stephanie\",\"@id\":\"https:\\\/\\\/www.samenhaus.de\\\/gartenblog\\\/#\\\/schema\\\/person\\\/97f059f6e72cec571c88cb48b4582118\"},\"headline\":\"Weihnachtsstern \u2013 Geschichte, Pflege und Symbolkraft\",\"datePublished\":\"2025-12-11T08:00:09+00:00\",\"mainEntityOfPage\":{\"@id\":\"https:\\\/\\\/www.samenhaus.de\\\/gartenblog\\\/weihnachtsstern-geschichte-pflege-und-symbolkraft\"},\"wordCount\":1699,\"commentCount\":0,\"publisher\":{\"@id\":\"https:\\\/\\\/www.samenhaus.de\\\/gartenblog\\\/#organization\"},\"image\":{\"@id\":\"https:\\\/\\\/www.samenhaus.de\\\/gartenblog\\\/weihnachtsstern-geschichte-pflege-und-symbolkraft#primaryimage\"},\"thumbnailUrl\":\"https:\\\/\\\/www.samenhaus.de\\\/gartenblog\\\/wp-content\\\/uploads\\\/2025\\\/12\\\/Weihnachtsstern_73701168-scaled.jpg\",\"articleSection\":[\"Blumen\"],\"inLanguage\":\"de\",\"potentialAction\":[{\"@type\":\"CommentAction\",\"name\":\"Comment\",\"target\":[\"https:\\\/\\\/www.samenhaus.de\\\/gartenblog\\\/weihnachtsstern-geschichte-pflege-und-symbolkraft#respond\"]}],\"copyrightYear\":\"2025\",\"copyrightHolder\":{\"@id\":\"https:\\\/\\\/www.samenhaus.de\\\/gartenblog\\\/#organization\"}},{\"@type\":\"WebPage\",\"@id\":\"https:\\\/\\\/www.samenhaus.de\\\/gartenblog\\\/weihnachtsstern-geschichte-pflege-und-symbolkraft\",\"url\":\"https:\\\/\\\/www.samenhaus.de\\\/gartenblog\\\/weihnachtsstern-geschichte-pflege-und-symbolkraft\",\"name\":\"Weihnachtsstern \u2013 Geschichte, Pflege und Symbolkraft - Samenhaus Gartenblog\",\"isPartOf\":{\"@id\":\"https:\\\/\\\/www.samenhaus.de\\\/gartenblog\\\/#website\"},\"primaryImageOfPage\":{\"@id\":\"https:\\\/\\\/www.samenhaus.de\\\/gartenblog\\\/weihnachtsstern-geschichte-pflege-und-symbolkraft#primaryimage\"},\"image\":{\"@id\":\"https:\\\/\\\/www.samenhaus.de\\\/gartenblog\\\/weihnachtsstern-geschichte-pflege-und-symbolkraft#primaryimage\"},\"thumbnailUrl\":\"https:\\\/\\\/www.samenhaus.de\\\/gartenblog\\\/wp-content\\\/uploads\\\/2025\\\/12\\\/Weihnachtsstern_73701168-scaled.jpg\",\"datePublished\":\"2025-12-11T08:00:09+00:00\",\"description\":\"P\u00fcnktlich zur Adventszeit sieht man den Weihnachtsstern an jeder Ecke. Um die Sch\u00f6nheit auch \u00fcber die Weihnachtszeit zu bekommen, ben\u00f6tigt es eine sensible Pflege.\",\"breadcrumb\":{\"@id\":\"https:\\\/\\\/www.samenhaus.de\\\/gartenblog\\\/weihnachtsstern-geschichte-pflege-und-symbolkraft#breadcrumb\"},\"inLanguage\":\"de\",\"potentialAction\":[{\"@type\":\"ReadAction\",\"target\":[\"https:\\\/\\\/www.samenhaus.de\\\/gartenblog\\\/weihnachtsstern-geschichte-pflege-und-symbolkraft\"]}]},{\"@type\":\"ImageObject\",\"inLanguage\":\"de\",\"@id\":\"https:\\\/\\\/www.samenhaus.de\\\/gartenblog\\\/weihnachtsstern-geschichte-pflege-und-symbolkraft#primaryimage\",\"url\":\"https:\\\/\\\/www.samenhaus.de\\\/gartenblog\\\/wp-content\\\/uploads\\\/2025\\\/12\\\/Weihnachtsstern_73701168-scaled.jpg\",\"contentUrl\":\"https:\\\/\\\/www.samenhaus.de\\\/gartenblog\\\/wp-content\\\/uploads\\\/2025\\\/12\\\/Weihnachtsstern_73701168-scaled.jpg\",\"width\":2048,\"height\":1153,\"caption\":\"Weihnachtsstern\"},{\"@type\":\"BreadcrumbList\",\"@id\":\"https:\\\/\\\/www.samenhaus.de\\\/gartenblog\\\/weihnachtsstern-geschichte-pflege-und-symbolkraft#breadcrumb\",\"itemListElement\":[{\"@type\":\"ListItem\",\"position\":1,\"name\":\"Startseite\",\"item\":\"https:\\\/\\\/www.samenhaus.de\\\/gartenblog\\\/\"},{\"@type\":\"ListItem\",\"position\":2,\"name\":\"Weihnachtsstern \u2013 Geschichte, Pflege und Symbolkraft\"}]},{\"@type\":\"WebSite\",\"@id\":\"https:\\\/\\\/www.samenhaus.de\\\/gartenblog\\\/#website\",\"url\":\"https:\\\/\\\/www.samenhaus.de\\\/gartenblog\\\/\",\"name\":\"Samenhaus Gartenblog\",\"description\":\"\",\"publisher\":{\"@id\":\"https:\\\/\\\/www.samenhaus.de\\\/gartenblog\\\/#organization\"},\"potentialAction\":[{\"@type\":\"SearchAction\",\"target\":{\"@type\":\"EntryPoint\",\"urlTemplate\":\"https:\\\/\\\/www.samenhaus.de\\\/gartenblog\\\/?s={search_term_string}\"},\"query-input\":{\"@type\":\"PropertyValueSpecification\",\"valueRequired\":true,\"valueName\":\"search_term_string\"}}],\"inLanguage\":\"de\"},{\"@type\":\"Organization\",\"@id\":\"https:\\\/\\\/www.samenhaus.de\\\/gartenblog\\\/#organization\",\"name\":\"Samenhaus.de Gartenblog\",\"url\":\"https:\\\/\\\/www.samenhaus.de\\\/gartenblog\\\/\",\"logo\":{\"@type\":\"ImageObject\",\"inLanguage\":\"de\",\"@id\":\"https:\\\/\\\/www.samenhaus.de\\\/gartenblog\\\/#\\\/schema\\\/logo\\\/image\\\/\",\"url\":\"https:\\\/\\\/www.samenhaus.de\\\/gartenblog\\\/wp-content\\\/uploads\\\/2020\\\/11\\\/logo.svg\",\"contentUrl\":\"https:\\\/\\\/www.samenhaus.de\\\/gartenblog\\\/wp-content\\\/uploads\\\/2020\\\/11\\\/logo.svg\",\"width\":1,\"height\":1,\"caption\":\"Samenhaus.de Gartenblog\"},\"image\":{\"@id\":\"https:\\\/\\\/www.samenhaus.de\\\/gartenblog\\\/#\\\/schema\\\/logo\\\/image\\\/\"},\"sameAs\":[\"https:\\\/\\\/de-de.facebook.com\\\/samenhaus\",\"https:\\\/\\\/x.com\\\/samenhaus\"]},{\"@type\":\"Person\",\"@id\":\"https:\\\/\\\/www.samenhaus.de\\\/gartenblog\\\/#\\\/schema\\\/person\\\/97f059f6e72cec571c88cb48b4582118\",\"name\":\"Stephanie\",\"image\":{\"@type\":\"ImageObject\",\"inLanguage\":\"de\",\"@id\":\"https:\\\/\\\/www.samenhaus.de\\\/gartenblog\\\/wp-content\\\/uploads\\\/2026\\\/03\\\/stefanie-150x150.png\",\"url\":\"https:\\\/\\\/www.samenhaus.de\\\/gartenblog\\\/wp-content\\\/uploads\\\/2026\\\/03\\\/stefanie-150x150.png\",\"contentUrl\":\"https:\\\/\\\/www.samenhaus.de\\\/gartenblog\\\/wp-content\\\/uploads\\\/2026\\\/03\\\/stefanie-150x150.png\",\"caption\":\"Stephanie\"},\"description\":\"Garten und Pflanzen waren schon immer meine Leidenschaft. Wahrscheinlich deshalb, weil ich damit aufgewachsen bin. Ich verwerte in der Regel alles und mache Lik\u00f6re, Marmeladen und nutze Kr\u00e4uter auch als Heilpflanzen, indem ich \u00d6le und Tinkturen herstelle. Leider habe ich meinen gr\u00fcnen Daumen beim Auswandern nach Spanien in Deutschland vergessen. Langsam kehrt er aber wieder zur\u00fcck und die Anpassung an die neue Klimazone war gar nicht so einfach. Mittlerweile schaffe ich es sogar, dass gekaufter Basilikum \u00fcberlebt.\",\"url\":\"https:\\\/\\\/www.samenhaus.de\\\/gartenblog\\\/author\\\/stephanie\"}]}<\/script>\n<!-- \/ Yoast SEO plugin. -->","yoast_head_json":{"title":"Weihnachtsstern \u2013 Geschichte, Pflege und Symbolkraft - Samenhaus Gartenblog","description":"P\u00fcnktlich zur Adventszeit sieht man den Weihnachtsstern an jeder Ecke. Um die Sch\u00f6nheit auch \u00fcber die Weihnachtszeit zu bekommen, ben\u00f6tigt es eine sensible Pflege.","robots":{"index":"index","follow":"follow","max-snippet":"max-snippet:-1","max-image-preview":"max-image-preview:large","max-video-preview":"max-video-preview:-1"},"canonical":"https:\/\/www.samenhaus.de\/gartenblog\/weihnachtsstern-geschichte-pflege-und-symbolkraft","og_locale":"de_DE","og_type":"article","og_title":"Weihnachtsstern \u2013 Geschichte, Pflege und Symbolkraft - Samenhaus Gartenblog","og_description":"P\u00fcnktlich zur Adventszeit sieht man den Weihnachtsstern an jeder Ecke. Um die Sch\u00f6nheit auch \u00fcber die Weihnachtszeit zu bekommen, ben\u00f6tigt es eine sensible Pflege.","og_url":"https:\/\/www.samenhaus.de\/gartenblog\/weihnachtsstern-geschichte-pflege-und-symbolkraft","og_site_name":"Samenhaus Gartenblog","article_publisher":"https:\/\/de-de.facebook.com\/samenhaus","article_published_time":"2025-12-11T08:00:09+00:00","og_image":[{"width":2048,"height":1153,"url":"https:\/\/www.samenhaus.de\/gartenblog\/wp-content\/uploads\/2025\/12\/Weihnachtsstern_73701168-scaled.jpg","type":"image\/jpeg"}],"author":"Stephanie","twitter_card":"summary_large_image","twitter_creator":"@samenhaus","twitter_site":"@samenhaus","twitter_misc":{"Verfasst von":"Stephanie","Gesch\u00e4tzte Lesezeit":"10\u00a0Minuten"},"schema":{"@context":"https:\/\/schema.org","@graph":[{"@type":"Article","@id":"https:\/\/www.samenhaus.de\/gartenblog\/weihnachtsstern-geschichte-pflege-und-symbolkraft#article","isPartOf":{"@id":"https:\/\/www.samenhaus.de\/gartenblog\/weihnachtsstern-geschichte-pflege-und-symbolkraft"},"author":{"name":"Stephanie","@id":"https:\/\/www.samenhaus.de\/gartenblog\/#\/schema\/person\/97f059f6e72cec571c88cb48b4582118"},"headline":"Weihnachtsstern \u2013 Geschichte, Pflege und Symbolkraft","datePublished":"2025-12-11T08:00:09+00:00","mainEntityOfPage":{"@id":"https:\/\/www.samenhaus.de\/gartenblog\/weihnachtsstern-geschichte-pflege-und-symbolkraft"},"wordCount":1699,"commentCount":0,"publisher":{"@id":"https:\/\/www.samenhaus.de\/gartenblog\/#organization"},"image":{"@id":"https:\/\/www.samenhaus.de\/gartenblog\/weihnachtsstern-geschichte-pflege-und-symbolkraft#primaryimage"},"thumbnailUrl":"https:\/\/www.samenhaus.de\/gartenblog\/wp-content\/uploads\/2025\/12\/Weihnachtsstern_73701168-scaled.jpg","articleSection":["Blumen"],"inLanguage":"de","potentialAction":[{"@type":"CommentAction","name":"Comment","target":["https:\/\/www.samenhaus.de\/gartenblog\/weihnachtsstern-geschichte-pflege-und-symbolkraft#respond"]}],"copyrightYear":"2025","copyrightHolder":{"@id":"https:\/\/www.samenhaus.de\/gartenblog\/#organization"}},{"@type":"WebPage","@id":"https:\/\/www.samenhaus.de\/gartenblog\/weihnachtsstern-geschichte-pflege-und-symbolkraft","url":"https:\/\/www.samenhaus.de\/gartenblog\/weihnachtsstern-geschichte-pflege-und-symbolkraft","name":"Weihnachtsstern \u2013 Geschichte, Pflege und Symbolkraft - Samenhaus Gartenblog","isPartOf":{"@id":"https:\/\/www.samenhaus.de\/gartenblog\/#website"},"primaryImageOfPage":{"@id":"https:\/\/www.samenhaus.de\/gartenblog\/weihnachtsstern-geschichte-pflege-und-symbolkraft#primaryimage"},"image":{"@id":"https:\/\/www.samenhaus.de\/gartenblog\/weihnachtsstern-geschichte-pflege-und-symbolkraft#primaryimage"},"thumbnailUrl":"https:\/\/www.samenhaus.de\/gartenblog\/wp-content\/uploads\/2025\/12\/Weihnachtsstern_73701168-scaled.jpg","datePublished":"2025-12-11T08:00:09+00:00","description":"P\u00fcnktlich zur Adventszeit sieht man den Weihnachtsstern an jeder Ecke. Um die Sch\u00f6nheit auch \u00fcber die Weihnachtszeit zu bekommen, ben\u00f6tigt es eine sensible Pflege.","breadcrumb":{"@id":"https:\/\/www.samenhaus.de\/gartenblog\/weihnachtsstern-geschichte-pflege-und-symbolkraft#breadcrumb"},"inLanguage":"de","potentialAction":[{"@type":"ReadAction","target":["https:\/\/www.samenhaus.de\/gartenblog\/weihnachtsstern-geschichte-pflege-und-symbolkraft"]}]},{"@type":"ImageObject","inLanguage":"de","@id":"https:\/\/www.samenhaus.de\/gartenblog\/weihnachtsstern-geschichte-pflege-und-symbolkraft#primaryimage","url":"https:\/\/www.samenhaus.de\/gartenblog\/wp-content\/uploads\/2025\/12\/Weihnachtsstern_73701168-scaled.jpg","contentUrl":"https:\/\/www.samenhaus.de\/gartenblog\/wp-content\/uploads\/2025\/12\/Weihnachtsstern_73701168-scaled.jpg","width":2048,"height":1153,"caption":"Weihnachtsstern"},{"@type":"BreadcrumbList","@id":"https:\/\/www.samenhaus.de\/gartenblog\/weihnachtsstern-geschichte-pflege-und-symbolkraft#breadcrumb","itemListElement":[{"@type":"ListItem","position":1,"name":"Startseite","item":"https:\/\/www.samenhaus.de\/gartenblog\/"},{"@type":"ListItem","position":2,"name":"Weihnachtsstern \u2013 Geschichte, Pflege und Symbolkraft"}]},{"@type":"WebSite","@id":"https:\/\/www.samenhaus.de\/gartenblog\/#website","url":"https:\/\/www.samenhaus.de\/gartenblog\/","name":"Samenhaus Gartenblog","description":"","publisher":{"@id":"https:\/\/www.samenhaus.de\/gartenblog\/#organization"},"potentialAction":[{"@type":"SearchAction","target":{"@type":"EntryPoint","urlTemplate":"https:\/\/www.samenhaus.de\/gartenblog\/?s={search_term_string}"},"query-input":{"@type":"PropertyValueSpecification","valueRequired":true,"valueName":"search_term_string"}}],"inLanguage":"de"},{"@type":"Organization","@id":"https:\/\/www.samenhaus.de\/gartenblog\/#organization","name":"Samenhaus.de Gartenblog","url":"https:\/\/www.samenhaus.de\/gartenblog\/","logo":{"@type":"ImageObject","inLanguage":"de","@id":"https:\/\/www.samenhaus.de\/gartenblog\/#\/schema\/logo\/image\/","url":"https:\/\/www.samenhaus.de\/gartenblog\/wp-content\/uploads\/2020\/11\/logo.svg","contentUrl":"https:\/\/www.samenhaus.de\/gartenblog\/wp-content\/uploads\/2020\/11\/logo.svg","width":1,"height":1,"caption":"Samenhaus.de Gartenblog"},"image":{"@id":"https:\/\/www.samenhaus.de\/gartenblog\/#\/schema\/logo\/image\/"},"sameAs":["https:\/\/de-de.facebook.com\/samenhaus","https:\/\/x.com\/samenhaus"]},{"@type":"Person","@id":"https:\/\/www.samenhaus.de\/gartenblog\/#\/schema\/person\/97f059f6e72cec571c88cb48b4582118","name":"Stephanie","image":{"@type":"ImageObject","inLanguage":"de","@id":"https:\/\/www.samenhaus.de\/gartenblog\/wp-content\/uploads\/2026\/03\/stefanie-150x150.png","url":"https:\/\/www.samenhaus.de\/gartenblog\/wp-content\/uploads\/2026\/03\/stefanie-150x150.png","contentUrl":"https:\/\/www.samenhaus.de\/gartenblog\/wp-content\/uploads\/2026\/03\/stefanie-150x150.png","caption":"Stephanie"},"description":"Garten und Pflanzen waren schon immer meine Leidenschaft. Wahrscheinlich deshalb, weil ich damit aufgewachsen bin. Ich verwerte in der Regel alles und mache Lik\u00f6re, Marmeladen und nutze Kr\u00e4uter auch als Heilpflanzen, indem ich \u00d6le und Tinkturen herstelle. Leider habe ich meinen gr\u00fcnen Daumen beim Auswandern nach Spanien in Deutschland vergessen. Langsam kehrt er aber wieder zur\u00fcck und die Anpassung an die neue Klimazone war gar nicht so einfach. Mittlerweile schaffe ich es sogar, dass gekaufter Basilikum \u00fcberlebt.","url":"https:\/\/www.samenhaus.de\/gartenblog\/author\/stephanie"}]}},"wp-worthy-pixel":{"ignored":false,"public":"00e76e9841954114a1303845e93590d0","server":"vg05.met.vgwort.de","url":"https:\/\/vg05.met.vgwort.de\/na\/00e76e9841954114a1303845e93590d0"},"wp-worthy-type":"normal","_links":{"self":[{"href":"https:\/\/www.samenhaus.de\/gartenblog\/wp-json\/wp\/v2\/posts\/22174","targetHints":{"allow":["GET"]}}],"collection":[{"href":"https:\/\/www.samenhaus.de\/gartenblog\/wp-json\/wp\/v2\/posts"}],"about":[{"href":"https:\/\/www.samenhaus.de\/gartenblog\/wp-json\/wp\/v2\/types\/post"}],"author":[{"embeddable":true,"href":"https:\/\/www.samenhaus.de\/gartenblog\/wp-json\/wp\/v2\/users\/12"}],"replies":[{"embeddable":true,"href":"https:\/\/www.samenhaus.de\/gartenblog\/wp-json\/wp\/v2\/comments?post=22174"}],"version-history":[{"count":4,"href":"https:\/\/www.samenhaus.de\/gartenblog\/wp-json\/wp\/v2\/posts\/22174\/revisions"}],"predecessor-version":[{"id":22758,"href":"https:\/\/www.samenhaus.de\/gartenblog\/wp-json\/wp\/v2\/posts\/22174\/revisions\/22758"}],"wp:featuredmedia":[{"embeddable":true,"href":"https:\/\/www.samenhaus.de\/gartenblog\/wp-json\/wp\/v2\/media\/22754"}],"wp:attachment":[{"href":"https:\/\/www.samenhaus.de\/gartenblog\/wp-json\/wp\/v2\/media?parent=22174"}],"wp:term":[{"taxonomy":"category","embeddable":true,"href":"https:\/\/www.samenhaus.de\/gartenblog\/wp-json\/wp\/v2\/categories?post=22174"},{"taxonomy":"post_tag","embeddable":true,"href":"https:\/\/www.samenhaus.de\/gartenblog\/wp-json\/wp\/v2\/tags?post=22174"},{"taxonomy":"hersteller","embeddable":true,"href":"https:\/\/www.samenhaus.de\/gartenblog\/wp-json\/wp\/v2\/hersteller?post=22174"}],"curies":[{"name":"wp","href":"https:\/\/api.w.org\/{rel}","templated":true}]}}