{"id":22185,"date":"2025-12-13T09:00:37","date_gmt":"2025-12-13T08:00:37","guid":{"rendered":"https:\/\/www.samenhaus.de\/gartenblog\/?p=22185"},"modified":"2025-11-28T13:20:47","modified_gmt":"2025-11-28T12:20:47","slug":"kuestengarten-darf-es-etwas-meer-sein","status":"publish","type":"post","link":"https:\/\/www.samenhaus.de\/gartenblog\/kuestengarten-darf-es-etwas-meer-sein","title":{"rendered":"K\u00fcstengarten \u2013 darf es etwas Meer sein?"},"content":{"rendered":"<p>Lieben Sie auch die raue Landschaft am Meer? Die Luft schmeckt nach Salz, die scheinbar karge Landschaft l\u00e4sst Sie immer wieder neue Pflanzen entdecken, die es im Landesinneren nicht gibt, und die Windfl\u00fcchter zaubern bizarre Bilder. Ohne Zweifel ist ein Aufenthalt am Meer eine Auszeit f\u00fcr die Seele. Ein St\u00fcck von dieser au\u00dfergew\u00f6hnlichen Atmosph\u00e4re k\u00f6nnen Sie auch im Garten einfangen. Ein K\u00fcstengarten muss nicht unbedingt am Meer liegen. Er kann auch bei Ihnen entstehen.<\/p>\n<h2><span class=\"ez-toc-section\" id=\"Es_entsteht_ein_maritimer_Garten\"><\/span><strong>Es entsteht ein maritimer Garten<\/strong><span class=\"ez-toc-section-end\"><\/span><\/h2>\n<p>Unabh\u00e4ngig von seiner Lage ist ein maritimer Garten gepr\u00e4gt durch die charakteristische Flora am Meer. Gr\u00e4ser, Sand und Treibholz bestimmen das Bild und werden von Sanddorn, Kartoffelrosen und wintergr\u00fcne \u00d6lweide eingefasst. Bevor Sie Ihren Garten maritim gestalten, sollten Sie sich unbedingt einen K\u00fcstengarten anschauen und in Ihrem Kopf die ersten Entw\u00fcrfe entstehen lassen. Viele Pflanzen, die in K\u00fcstenregionen gedeihen, sind sehr anspruchslos. Sie kommen mit N\u00e4sse ebenso gut zurecht, wie mit Trockenheit. \u00dcbrigens gibt es nicht nur Gr\u00e4ser und Blumen, die an der K\u00fcste besonders gut gedeihen. Auch viele Kr\u00e4uter- und Gem\u00fcsesorten sind eigentlich in K\u00fcstenregionen entstanden.<\/p>\n<h2><span class=\"ez-toc-section\" id=\"Wie_planen_Sie_einen_Kuestengarten\"><\/span><strong>Wie planen Sie einen K\u00fcstengarten?<\/strong><span class=\"ez-toc-section-end\"><\/span><\/h2>\n<p>Planen Sie den K\u00fcstengarten auf dem Papier, bevor Sie loslegen. Dabei sollten Sie Fl\u00e4chen mit Sand ebenso ber\u00fccksichtigen, wie Dekorationen aus Treibholz oder andere maritime Elemente. Beete mit Gr\u00e4ser, Strandkr\u00e4uter und typischen Hecken bestimmen den Garten. Nat\u00fcrlich darf auch der traditionelle Strandkorb und das Wasser nicht fehlen. Messen Sie die zur Verf\u00fcgung stehende Fl\u00e4che aus und bringen Sie auf dem Papier alles unter, was Sie mit dem Meer verbinden. Bei der Bepflanzung sollten Sie nicht zu viele Pflanzen einplanen. Gerade Gr\u00e4ser und Kr\u00e4uter aber auch Stauden vermehren sich schnell.<\/p>\n<h2><span class=\"ez-toc-section\" id=\"Der_beste_Standort_fuer_einen_Kuestengarten\"><\/span><strong>Der beste Standort f\u00fcr einen K\u00fcstengarten<\/strong><span class=\"ez-toc-section-end\"><\/span><\/h2>\n<p>Die Pflanzen am Meer sind robust und Sonne gew\u00f6hnt. Ein sonniger Platz ist deshalb auch im Garten notwendig. W\u00e4hlen Sie einen Standort, an dem es mindestens 6 Stunden Sonne jeden Tag gibt. Viele der Pflanzen sind Wind gew\u00f6hnt. Sie ben\u00f6tigen also keinen Windschutz. Der Boden sollte unbedingt durchl\u00e4ssig sein. Die meisten Pflanzen wollen einen neutralen bis leicht alkalischen Boden. Testen Sie deshalb Ihren Boden und passen Sie den ph-Wert an.<\/p>\n<h2><span class=\"ez-toc-section\" id=\"Die_richtige_Bepflanzung_fuer_den_maritimen_Garten\"><\/span><strong>Die richtige Bepflanzung f\u00fcr den maritimen Garten<\/strong><span class=\"ez-toc-section-end\"><\/span><\/h2>\n<p>Gerade die Pflanzen sind im maritimen Garten ganz besonders. Sie pr\u00e4gen den Stil und zeichnen sich durch au\u00dfergew\u00f6hnliche Eigenschaften aus. In K\u00fcstenn\u00e4he ist die Flora sehr speziell. Pflanzen, die am Meer wachsen, lieben Sand und Licht. Sie widerstehen aber auch dem Wind und dem hohen Salzgehalt in der Luft. Beim Thema K\u00fcstengarten entsteht vor Ihrem Augen sicher gleich ein Bild mit Ziergr\u00e4sern und niedrigen Stauden, wie sie auf D\u00fcnen wachsen.<\/p>\n<p><strong>Diese Hecken sind f\u00fcr einen K\u00fcstengarten geeignet:<\/strong><\/p>\n<ul>\n<li>Sanddorn<\/li>\n<li>Kartoffelrose<\/li>\n<li>Wintergr\u00fcne \u00d6lweide<\/li>\n<li>Wei\u00dfdorn<\/li>\n<li>Griselinia littoralis<\/li>\n<li>Feuerdorn<\/li>\n<li>Schlehe<\/li>\n<\/ul>\n<p>Diese Str\u00e4ucher kennzeichnen die Landschaften in den K\u00fcstenregionen und lassen sich wunderbar in einen maritimen Garten integrieren.<\/p>\n<p><strong>Diese Gr\u00e4ser und Stauden geh\u00f6ren in einen K\u00fcstengarten:<\/strong><\/p>\n<ul>\n<li>Besenheide<\/li>\n<li>D\u00fcnenrose<\/li>\n<li>Strandflieder<\/li>\n<li>Stranddistel<\/li>\n<li>Mittagsblume<\/li>\n<li>Strandhafer<\/li>\n<li>Strandkohl<\/li>\n<li>Strandroggen<\/li>\n<li>Hornklee<\/li>\n<li>Borstgras<\/li>\n<li>Hungerbl\u00fcmchen<\/li>\n<li>Grasnelke<\/li>\n<\/ul>\n<p>Nat\u00fcrlich gibt es noch viele andere Gr\u00e4ser und Stauden, mit denen Sie den Garten gestalten k\u00f6nnen. Achten Sie schon bei der Planung auf ausreichend Abstand zwischen den Pflanzen, damit die Luft gut zirkulieren kann.<\/p>\n<p>Viel Pflege ben\u00f6tigen die maritimen Pflanzen nicht. Meist ist keine zus\u00e4tzliche D\u00fcngung notwendig. Lediglich im Fr\u00fchjahr k\u00f6nnen Sie den Pflanzen mit einer leichten D\u00fcngung den Start erleichtern.<\/p>\n<h2><span class=\"ez-toc-section\" id=\"Wie_koennen_Sie_den_Kuestenpflanzen_den_richtigen_Boden_bieten\"><\/span><strong>Wie k\u00f6nnen Sie den K\u00fcstenpflanzen den richtigen Boden bieten?<\/strong><span class=\"ez-toc-section-end\"><\/span><\/h2>\n<p>Wenn Ihr K\u00fcstengarten nicht an der K\u00fcste entstehen soll, m\u00fcssen Sie den Boden im Garten etwas vorbereiten, damit die Pflanzen sich wohlf\u00fchlen. Viele der Pflanzen lieben es etwas trockener. Der Boden soll also gut durchl\u00e4ssig sein. Mit Schotter und Sand k\u00f6nnen Sie daf\u00fcr sorgen, dass Regenwasser leichter abl\u00e4uft und der Boden locker bleibt.<\/p>\n<h2><span class=\"ez-toc-section\" id=\"Das_Meer_ist_ueberall\"><\/span><strong>Das Meer ist \u00fcberall<\/strong><span class=\"ez-toc-section-end\"><\/span><\/h2>\n<p>Ohne Frage spielt das Meer die gr\u00f6\u00dfte Rolle in Ihrem Garten. Das hei\u00dft nicht, dass Sie das Meerwasser in den K\u00fcstengarten holen sollen. Oder \u2013 eigentlich doch. Zumindest sollten Sie das Thema \u00fcberall spielerisch umsetzen. Gestalten Sie die Beete in Wellenform, um die Bewegungen des Meeres zu simulieren. Wege mit Holzplanken imitieren Bootsstege und mit Sand entstehen D\u00fcnen. Einzelne Findlinge sorgen f\u00fcr echtes Strandfeeling. Nat\u00fcrlich geh\u00f6ren auch \u00fcberall Wasserelemente wie Wasserschalen, Brunnen oder vielleicht sogar der Bachlauf in den Garten.<\/p>\n<h2><span class=\"ez-toc-section\" id=\"Stilechtes_Kuestenflair_mit_Farbe\"><\/span><strong>Stilechtes K\u00fcstenflair mit Farbe<\/strong><span class=\"ez-toc-section-end\"><\/span><\/h2>\n<p>Blau und Wei\u00df \u2013 das sind die Farben, mit denen jeder sofort das Meer in Verbindung bringt. Wei\u00df lackierte Gartenm\u00f6bel, der wei\u00df-blau gestreifte Strandkorb und die blauen Gartenliegen \u2013 die Farben dominieren die Gestaltung. \u00dcbrigens werden die Farben fast weltweit mit dem Meer in Verbindung gebracht und sind an vielen Str\u00e4nden zu sehen.<\/p>\n<p>Doch nicht nur die wei\u00dfe Gartenbank vorm Haus ist typisch Meer. Auch einfache Holzm\u00f6bel, die \u00fcber die Jahre schon verwittert sind, stehen f\u00fcr die Regionen entlang des Meeres. Dort hat das Holz durch den Salzgehalt der Luft eine silberne Patina angesetzt. Diese sieht nicht nur toll aus, sie sch\u00fctzt auch das Holz.<\/p>\n<p>Vergessen Sie im Garten nicht die typischen Strandst\u00fchle, mit denen Sie viele Sitzecken gestalten k\u00f6nnen. Der Sonnenschutz geh\u00f6rt nat\u00fcrlich auch dazu.<\/p>\n<h2><span class=\"ez-toc-section\" id=\"Dekorationen_so_weit_das_Meer_reicht\"><\/span><strong>Dekorationen so weit das Meer reicht<\/strong><span class=\"ez-toc-section-end\"><\/span><\/h2>\n<p>Eine gro\u00dfe Rolle spielt die maritime Gartendeko. Kieselsteine, Holzst\u00fccke und Muscheln lassen das Meerflair in Ihrem Garten entstehen. Auch derbe Taue und Seile, dekorative Anker und der kleine Leuchtturm geh\u00f6ren dazu. Sollten Sie mit etwas Gl\u00fcck ein altes Ruderboot erhaschen, wird dieses nat\u00fcrlich das Highlight im Garten. Aus so einem alten Kahn l\u00e4sst sich viel machen. Ob Sitzecke, Teich oder der Liegeplatz in der Sonne \u2013 lassen Sie Ihren Ideen freien Lauf. Mit all den kleinen und gro\u00dfen Dingen wird die Dekoration stilecht und unverwechselbar.<\/p>\n<p>Willkommen bei einem bisschen mehr Meer!<\/p>\n","protected":false},"excerpt":{"rendered":"<p>Lieben Sie auch die raue Landschaft am Meer? Die Luft schmeckt nach Salz, die scheinbar karge Landschaft l\u00e4sst Sie immer wieder neue Pflanzen entdecken, die es im Landesinneren nicht gibt, und die Windfl\u00fcchter zaubern bizarre Bilder. Ohne Zweifel ist ein Aufenthalt am Meer eine Auszeit f\u00fcr die Seele. Ein St\u00fcck von dieser au\u00dfergew\u00f6hnlichen Atmosph\u00e4re k\u00f6nnen Sie auch im Garten einfangen. Ein K\u00fcstengarten muss nicht unbedingt am Meer liegen. Er kann auch bei Ihnen entstehen. Es entsteht ein maritimer Garten Unabh\u00e4ngig von seiner Lage ist ein maritimer Garten gepr\u00e4gt durch die charakteristische Flora am Meer. Gr\u00e4ser, Sand und Treibholz bestimmen das Bild und werden von Sanddorn, Kartoffelrosen und wintergr\u00fcne \u00d6lweide eingefasst. Bevor Sie Ihren Garten maritim gestalten, sollten Sie sich unbedingt einen K\u00fcstengarten anschauen und in Ihrem Kopf die ersten Entw\u00fcrfe entstehen lassen. Viele Pflanzen, die in K\u00fcstenregionen gedeihen, sind sehr anspruchslos. Sie kommen mit N\u00e4sse ebenso gut zurecht, wie mit Trockenheit. \u00dcbrigens gibt es nicht nur Gr\u00e4ser und Blumen, die an der K\u00fcste besonders gut gedeihen. Auch viele Kr\u00e4uter- und Gem\u00fcsesorten sind eigentlich in K\u00fcstenregionen entstanden. Wie planen Sie einen K\u00fcstengarten? Planen Sie den K\u00fcstengarten auf dem Papier, bevor Sie loslegen. Dabei sollten Sie Fl\u00e4chen mit Sand ebenso ber\u00fccksichtigen, wie [&hellip;]<\/p>\n","protected":false},"author":13,"featured_media":22745,"comment_status":"open","ping_status":"open","sticky":false,"template":"","format":"standard","meta":{"_acf_changed":false,"footnotes":""},"categories":[1],"tags":[],"hersteller":[],"class_list":["post-22185","post","type-post","status-publish","format-standard","has-post-thumbnail","hentry","category-allgemein"],"acf":[],"yoast_head":"<!-- This site is optimized with the Yoast SEO plugin v27.4 - https:\/\/yoast.com\/product\/yoast-seo-wordpress\/ -->\n<title>K\u00fcstengarten \u2013 darf es etwas Meer sein? - Samenhaus Gartenblog<\/title>\n<meta name=\"description\" content=\"Gr\u00e4ser, Sand und Treibh\u00f6lzer zeichnen einen K\u00fcstengarten aus. Wir erkl\u00e4ren Ihnen, wie Sie den Meeresurlaub direkt zu Ihnen nach Hause in den Garten bringen.\" \/>\n<meta name=\"robots\" content=\"index, follow, max-snippet:-1, max-image-preview:large, max-video-preview:-1\" \/>\n<link rel=\"canonical\" href=\"https:\/\/www.samenhaus.de\/gartenblog\/kuestengarten-darf-es-etwas-meer-sein\" \/>\n<meta property=\"og:locale\" content=\"de_DE\" \/>\n<meta property=\"og:type\" content=\"article\" \/>\n<meta property=\"og:title\" content=\"K\u00fcstengarten \u2013 darf es etwas Meer sein? - Samenhaus Gartenblog\" \/>\n<meta property=\"og:description\" content=\"Gr\u00e4ser, Sand und Treibh\u00f6lzer zeichnen einen K\u00fcstengarten aus. Wir erkl\u00e4ren Ihnen, wie Sie den Meeresurlaub direkt zu Ihnen nach Hause in den Garten bringen.\" \/>\n<meta property=\"og:url\" content=\"https:\/\/www.samenhaus.de\/gartenblog\/kuestengarten-darf-es-etwas-meer-sein\" \/>\n<meta property=\"og:site_name\" content=\"Samenhaus Gartenblog\" \/>\n<meta property=\"article:publisher\" content=\"https:\/\/de-de.facebook.com\/samenhaus\" \/>\n<meta property=\"article:published_time\" content=\"2025-12-13T08:00:37+00:00\" \/>\n<meta property=\"og:image\" content=\"https:\/\/www.samenhaus.de\/gartenblog\/wp-content\/uploads\/2025\/11\/Kuestengarten_1633880872-scaled.jpg\" \/>\n\t<meta property=\"og:image:width\" content=\"2048\" \/>\n\t<meta property=\"og:image:height\" content=\"1153\" \/>\n\t<meta property=\"og:image:type\" content=\"image\/jpeg\" \/>\n<meta name=\"author\" content=\"Holger\" \/>\n<meta name=\"twitter:card\" content=\"summary_large_image\" \/>\n<meta name=\"twitter:creator\" content=\"@samenhaus\" \/>\n<meta name=\"twitter:site\" content=\"@samenhaus\" \/>\n<meta name=\"twitter:label1\" content=\"Verfasst von\" \/>\n\t<meta name=\"twitter:data1\" content=\"Holger\" \/>\n\t<meta name=\"twitter:label2\" content=\"Gesch\u00e4tzte Lesezeit\" \/>\n\t<meta name=\"twitter:data2\" content=\"6\u00a0Minuten\" \/>\n<script type=\"application\/ld+json\" class=\"yoast-schema-graph\">{\"@context\":\"https:\\\/\\\/schema.org\",\"@graph\":[{\"@type\":\"Article\",\"@id\":\"https:\\\/\\\/www.samenhaus.de\\\/gartenblog\\\/kuestengarten-darf-es-etwas-meer-sein#article\",\"isPartOf\":{\"@id\":\"https:\\\/\\\/www.samenhaus.de\\\/gartenblog\\\/kuestengarten-darf-es-etwas-meer-sein\"},\"author\":{\"name\":\"Holger\",\"@id\":\"https:\\\/\\\/www.samenhaus.de\\\/gartenblog\\\/#\\\/schema\\\/person\\\/de169769587431893823f62b2ce06c04\"},\"headline\":\"K\u00fcstengarten \u2013 darf es etwas Meer sein?\",\"datePublished\":\"2025-12-13T08:00:37+00:00\",\"mainEntityOfPage\":{\"@id\":\"https:\\\/\\\/www.samenhaus.de\\\/gartenblog\\\/kuestengarten-darf-es-etwas-meer-sein\"},\"wordCount\":1017,\"commentCount\":0,\"publisher\":{\"@id\":\"https:\\\/\\\/www.samenhaus.de\\\/gartenblog\\\/#organization\"},\"image\":{\"@id\":\"https:\\\/\\\/www.samenhaus.de\\\/gartenblog\\\/kuestengarten-darf-es-etwas-meer-sein#primaryimage\"},\"thumbnailUrl\":\"https:\\\/\\\/www.samenhaus.de\\\/gartenblog\\\/wp-content\\\/uploads\\\/2025\\\/11\\\/Kuestengarten_1633880872-scaled.jpg\",\"inLanguage\":\"de\",\"potentialAction\":[{\"@type\":\"CommentAction\",\"name\":\"Comment\",\"target\":[\"https:\\\/\\\/www.samenhaus.de\\\/gartenblog\\\/kuestengarten-darf-es-etwas-meer-sein#respond\"]}],\"copyrightYear\":\"2025\",\"copyrightHolder\":{\"@id\":\"https:\\\/\\\/www.samenhaus.de\\\/gartenblog\\\/#organization\"}},{\"@type\":\"WebPage\",\"@id\":\"https:\\\/\\\/www.samenhaus.de\\\/gartenblog\\\/kuestengarten-darf-es-etwas-meer-sein\",\"url\":\"https:\\\/\\\/www.samenhaus.de\\\/gartenblog\\\/kuestengarten-darf-es-etwas-meer-sein\",\"name\":\"K\u00fcstengarten \u2013 darf es etwas Meer sein? - Samenhaus Gartenblog\",\"isPartOf\":{\"@id\":\"https:\\\/\\\/www.samenhaus.de\\\/gartenblog\\\/#website\"},\"primaryImageOfPage\":{\"@id\":\"https:\\\/\\\/www.samenhaus.de\\\/gartenblog\\\/kuestengarten-darf-es-etwas-meer-sein#primaryimage\"},\"image\":{\"@id\":\"https:\\\/\\\/www.samenhaus.de\\\/gartenblog\\\/kuestengarten-darf-es-etwas-meer-sein#primaryimage\"},\"thumbnailUrl\":\"https:\\\/\\\/www.samenhaus.de\\\/gartenblog\\\/wp-content\\\/uploads\\\/2025\\\/11\\\/Kuestengarten_1633880872-scaled.jpg\",\"datePublished\":\"2025-12-13T08:00:37+00:00\",\"description\":\"Gr\u00e4ser, Sand und Treibh\u00f6lzer zeichnen einen K\u00fcstengarten aus. Wir erkl\u00e4ren Ihnen, wie Sie den Meeresurlaub direkt zu Ihnen nach Hause in den Garten bringen.\",\"breadcrumb\":{\"@id\":\"https:\\\/\\\/www.samenhaus.de\\\/gartenblog\\\/kuestengarten-darf-es-etwas-meer-sein#breadcrumb\"},\"inLanguage\":\"de\",\"potentialAction\":[{\"@type\":\"ReadAction\",\"target\":[\"https:\\\/\\\/www.samenhaus.de\\\/gartenblog\\\/kuestengarten-darf-es-etwas-meer-sein\"]}]},{\"@type\":\"ImageObject\",\"inLanguage\":\"de\",\"@id\":\"https:\\\/\\\/www.samenhaus.de\\\/gartenblog\\\/kuestengarten-darf-es-etwas-meer-sein#primaryimage\",\"url\":\"https:\\\/\\\/www.samenhaus.de\\\/gartenblog\\\/wp-content\\\/uploads\\\/2025\\\/11\\\/Kuestengarten_1633880872-scaled.jpg\",\"contentUrl\":\"https:\\\/\\\/www.samenhaus.de\\\/gartenblog\\\/wp-content\\\/uploads\\\/2025\\\/11\\\/Kuestengarten_1633880872-scaled.jpg\",\"width\":2048,\"height\":1153,\"caption\":\"K\u00fcstengarten\"},{\"@type\":\"BreadcrumbList\",\"@id\":\"https:\\\/\\\/www.samenhaus.de\\\/gartenblog\\\/kuestengarten-darf-es-etwas-meer-sein#breadcrumb\",\"itemListElement\":[{\"@type\":\"ListItem\",\"position\":1,\"name\":\"Startseite\",\"item\":\"https:\\\/\\\/www.samenhaus.de\\\/gartenblog\\\/\"},{\"@type\":\"ListItem\",\"position\":2,\"name\":\"K\u00fcstengarten \u2013 darf es etwas Meer sein?\"}]},{\"@type\":\"WebSite\",\"@id\":\"https:\\\/\\\/www.samenhaus.de\\\/gartenblog\\\/#website\",\"url\":\"https:\\\/\\\/www.samenhaus.de\\\/gartenblog\\\/\",\"name\":\"Samenhaus Gartenblog\",\"description\":\"\",\"publisher\":{\"@id\":\"https:\\\/\\\/www.samenhaus.de\\\/gartenblog\\\/#organization\"},\"potentialAction\":[{\"@type\":\"SearchAction\",\"target\":{\"@type\":\"EntryPoint\",\"urlTemplate\":\"https:\\\/\\\/www.samenhaus.de\\\/gartenblog\\\/?s={search_term_string}\"},\"query-input\":{\"@type\":\"PropertyValueSpecification\",\"valueRequired\":true,\"valueName\":\"search_term_string\"}}],\"inLanguage\":\"de\"},{\"@type\":\"Organization\",\"@id\":\"https:\\\/\\\/www.samenhaus.de\\\/gartenblog\\\/#organization\",\"name\":\"Samenhaus.de Gartenblog\",\"url\":\"https:\\\/\\\/www.samenhaus.de\\\/gartenblog\\\/\",\"logo\":{\"@type\":\"ImageObject\",\"inLanguage\":\"de\",\"@id\":\"https:\\\/\\\/www.samenhaus.de\\\/gartenblog\\\/#\\\/schema\\\/logo\\\/image\\\/\",\"url\":\"https:\\\/\\\/www.samenhaus.de\\\/gartenblog\\\/wp-content\\\/uploads\\\/2020\\\/11\\\/logo.svg\",\"contentUrl\":\"https:\\\/\\\/www.samenhaus.de\\\/gartenblog\\\/wp-content\\\/uploads\\\/2020\\\/11\\\/logo.svg\",\"width\":1,\"height\":1,\"caption\":\"Samenhaus.de Gartenblog\"},\"image\":{\"@id\":\"https:\\\/\\\/www.samenhaus.de\\\/gartenblog\\\/#\\\/schema\\\/logo\\\/image\\\/\"},\"sameAs\":[\"https:\\\/\\\/de-de.facebook.com\\\/samenhaus\",\"https:\\\/\\\/x.com\\\/samenhaus\"]},{\"@type\":\"Person\",\"@id\":\"https:\\\/\\\/www.samenhaus.de\\\/gartenblog\\\/#\\\/schema\\\/person\\\/de169769587431893823f62b2ce06c04\",\"name\":\"Holger\",\"image\":{\"@type\":\"ImageObject\",\"inLanguage\":\"de\",\"@id\":\"https:\\\/\\\/www.samenhaus.de\\\/gartenblog\\\/wp-content\\\/uploads\\\/2026\\\/03\\\/Holger-150x150.png\",\"url\":\"https:\\\/\\\/www.samenhaus.de\\\/gartenblog\\\/wp-content\\\/uploads\\\/2026\\\/03\\\/Holger-150x150.png\",\"contentUrl\":\"https:\\\/\\\/www.samenhaus.de\\\/gartenblog\\\/wp-content\\\/uploads\\\/2026\\\/03\\\/Holger-150x150.png\",\"caption\":\"Holger\"},\"description\":\"6.000.000 W\u00f6rter \u2013 so viel k\u00f6nnen Sie in etwa von mir online lesen. Das F\u00fcllen des Internets entwickelte sich nach meiner Ausbildung zum TV-Redakteur und der langj\u00e4hrigen Arbeit bei SAT.1 zu einem Fulltime-Job. Trotzdem finde ich noch gen\u00fcgend Zeit, um in meinem Garten zu werkeln. Eine Staude hier, ein Bl\u00fcmchen dort und ein bisschen Gem\u00fcse darf auch nicht fehlen \u2013 einen Schnitzelbaum gibt es ja noch nicht \u2026 Die besten geistigen Erg\u00fcsse habe ich \u00fcbrigens, wenn ich IM Garten \u00dcBER den Garten schreiben kann. So vereinen sich Beruf und Hobby perfekt \u2013 was gibt es Sch\u00f6neres?\",\"url\":\"https:\\\/\\\/www.samenhaus.de\\\/gartenblog\\\/author\\\/holger\"}]}<\/script>\n<!-- \/ Yoast SEO plugin. -->","yoast_head_json":{"title":"K\u00fcstengarten \u2013 darf es etwas Meer sein? - Samenhaus Gartenblog","description":"Gr\u00e4ser, Sand und Treibh\u00f6lzer zeichnen einen K\u00fcstengarten aus. Wir erkl\u00e4ren Ihnen, wie Sie den Meeresurlaub direkt zu Ihnen nach Hause in den Garten bringen.","robots":{"index":"index","follow":"follow","max-snippet":"max-snippet:-1","max-image-preview":"max-image-preview:large","max-video-preview":"max-video-preview:-1"},"canonical":"https:\/\/www.samenhaus.de\/gartenblog\/kuestengarten-darf-es-etwas-meer-sein","og_locale":"de_DE","og_type":"article","og_title":"K\u00fcstengarten \u2013 darf es etwas Meer sein? - Samenhaus Gartenblog","og_description":"Gr\u00e4ser, Sand und Treibh\u00f6lzer zeichnen einen K\u00fcstengarten aus. Wir erkl\u00e4ren Ihnen, wie Sie den Meeresurlaub direkt zu Ihnen nach Hause in den Garten bringen.","og_url":"https:\/\/www.samenhaus.de\/gartenblog\/kuestengarten-darf-es-etwas-meer-sein","og_site_name":"Samenhaus Gartenblog","article_publisher":"https:\/\/de-de.facebook.com\/samenhaus","article_published_time":"2025-12-13T08:00:37+00:00","og_image":[{"width":2048,"height":1153,"url":"https:\/\/www.samenhaus.de\/gartenblog\/wp-content\/uploads\/2025\/11\/Kuestengarten_1633880872-scaled.jpg","type":"image\/jpeg"}],"author":"Holger","twitter_card":"summary_large_image","twitter_creator":"@samenhaus","twitter_site":"@samenhaus","twitter_misc":{"Verfasst von":"Holger","Gesch\u00e4tzte Lesezeit":"6\u00a0Minuten"},"schema":{"@context":"https:\/\/schema.org","@graph":[{"@type":"Article","@id":"https:\/\/www.samenhaus.de\/gartenblog\/kuestengarten-darf-es-etwas-meer-sein#article","isPartOf":{"@id":"https:\/\/www.samenhaus.de\/gartenblog\/kuestengarten-darf-es-etwas-meer-sein"},"author":{"name":"Holger","@id":"https:\/\/www.samenhaus.de\/gartenblog\/#\/schema\/person\/de169769587431893823f62b2ce06c04"},"headline":"K\u00fcstengarten \u2013 darf es etwas Meer sein?","datePublished":"2025-12-13T08:00:37+00:00","mainEntityOfPage":{"@id":"https:\/\/www.samenhaus.de\/gartenblog\/kuestengarten-darf-es-etwas-meer-sein"},"wordCount":1017,"commentCount":0,"publisher":{"@id":"https:\/\/www.samenhaus.de\/gartenblog\/#organization"},"image":{"@id":"https:\/\/www.samenhaus.de\/gartenblog\/kuestengarten-darf-es-etwas-meer-sein#primaryimage"},"thumbnailUrl":"https:\/\/www.samenhaus.de\/gartenblog\/wp-content\/uploads\/2025\/11\/Kuestengarten_1633880872-scaled.jpg","inLanguage":"de","potentialAction":[{"@type":"CommentAction","name":"Comment","target":["https:\/\/www.samenhaus.de\/gartenblog\/kuestengarten-darf-es-etwas-meer-sein#respond"]}],"copyrightYear":"2025","copyrightHolder":{"@id":"https:\/\/www.samenhaus.de\/gartenblog\/#organization"}},{"@type":"WebPage","@id":"https:\/\/www.samenhaus.de\/gartenblog\/kuestengarten-darf-es-etwas-meer-sein","url":"https:\/\/www.samenhaus.de\/gartenblog\/kuestengarten-darf-es-etwas-meer-sein","name":"K\u00fcstengarten \u2013 darf es etwas Meer sein? - Samenhaus Gartenblog","isPartOf":{"@id":"https:\/\/www.samenhaus.de\/gartenblog\/#website"},"primaryImageOfPage":{"@id":"https:\/\/www.samenhaus.de\/gartenblog\/kuestengarten-darf-es-etwas-meer-sein#primaryimage"},"image":{"@id":"https:\/\/www.samenhaus.de\/gartenblog\/kuestengarten-darf-es-etwas-meer-sein#primaryimage"},"thumbnailUrl":"https:\/\/www.samenhaus.de\/gartenblog\/wp-content\/uploads\/2025\/11\/Kuestengarten_1633880872-scaled.jpg","datePublished":"2025-12-13T08:00:37+00:00","description":"Gr\u00e4ser, Sand und Treibh\u00f6lzer zeichnen einen K\u00fcstengarten aus. Wir erkl\u00e4ren Ihnen, wie Sie den Meeresurlaub direkt zu Ihnen nach Hause in den Garten bringen.","breadcrumb":{"@id":"https:\/\/www.samenhaus.de\/gartenblog\/kuestengarten-darf-es-etwas-meer-sein#breadcrumb"},"inLanguage":"de","potentialAction":[{"@type":"ReadAction","target":["https:\/\/www.samenhaus.de\/gartenblog\/kuestengarten-darf-es-etwas-meer-sein"]}]},{"@type":"ImageObject","inLanguage":"de","@id":"https:\/\/www.samenhaus.de\/gartenblog\/kuestengarten-darf-es-etwas-meer-sein#primaryimage","url":"https:\/\/www.samenhaus.de\/gartenblog\/wp-content\/uploads\/2025\/11\/Kuestengarten_1633880872-scaled.jpg","contentUrl":"https:\/\/www.samenhaus.de\/gartenblog\/wp-content\/uploads\/2025\/11\/Kuestengarten_1633880872-scaled.jpg","width":2048,"height":1153,"caption":"K\u00fcstengarten"},{"@type":"BreadcrumbList","@id":"https:\/\/www.samenhaus.de\/gartenblog\/kuestengarten-darf-es-etwas-meer-sein#breadcrumb","itemListElement":[{"@type":"ListItem","position":1,"name":"Startseite","item":"https:\/\/www.samenhaus.de\/gartenblog\/"},{"@type":"ListItem","position":2,"name":"K\u00fcstengarten \u2013 darf es etwas Meer sein?"}]},{"@type":"WebSite","@id":"https:\/\/www.samenhaus.de\/gartenblog\/#website","url":"https:\/\/www.samenhaus.de\/gartenblog\/","name":"Samenhaus Gartenblog","description":"","publisher":{"@id":"https:\/\/www.samenhaus.de\/gartenblog\/#organization"},"potentialAction":[{"@type":"SearchAction","target":{"@type":"EntryPoint","urlTemplate":"https:\/\/www.samenhaus.de\/gartenblog\/?s={search_term_string}"},"query-input":{"@type":"PropertyValueSpecification","valueRequired":true,"valueName":"search_term_string"}}],"inLanguage":"de"},{"@type":"Organization","@id":"https:\/\/www.samenhaus.de\/gartenblog\/#organization","name":"Samenhaus.de Gartenblog","url":"https:\/\/www.samenhaus.de\/gartenblog\/","logo":{"@type":"ImageObject","inLanguage":"de","@id":"https:\/\/www.samenhaus.de\/gartenblog\/#\/schema\/logo\/image\/","url":"https:\/\/www.samenhaus.de\/gartenblog\/wp-content\/uploads\/2020\/11\/logo.svg","contentUrl":"https:\/\/www.samenhaus.de\/gartenblog\/wp-content\/uploads\/2020\/11\/logo.svg","width":1,"height":1,"caption":"Samenhaus.de Gartenblog"},"image":{"@id":"https:\/\/www.samenhaus.de\/gartenblog\/#\/schema\/logo\/image\/"},"sameAs":["https:\/\/de-de.facebook.com\/samenhaus","https:\/\/x.com\/samenhaus"]},{"@type":"Person","@id":"https:\/\/www.samenhaus.de\/gartenblog\/#\/schema\/person\/de169769587431893823f62b2ce06c04","name":"Holger","image":{"@type":"ImageObject","inLanguage":"de","@id":"https:\/\/www.samenhaus.de\/gartenblog\/wp-content\/uploads\/2026\/03\/Holger-150x150.png","url":"https:\/\/www.samenhaus.de\/gartenblog\/wp-content\/uploads\/2026\/03\/Holger-150x150.png","contentUrl":"https:\/\/www.samenhaus.de\/gartenblog\/wp-content\/uploads\/2026\/03\/Holger-150x150.png","caption":"Holger"},"description":"6.000.000 W\u00f6rter \u2013 so viel k\u00f6nnen Sie in etwa von mir online lesen. Das F\u00fcllen des Internets entwickelte sich nach meiner Ausbildung zum TV-Redakteur und der langj\u00e4hrigen Arbeit bei SAT.1 zu einem Fulltime-Job. Trotzdem finde ich noch gen\u00fcgend Zeit, um in meinem Garten zu werkeln. Eine Staude hier, ein Bl\u00fcmchen dort und ein bisschen Gem\u00fcse darf auch nicht fehlen \u2013 einen Schnitzelbaum gibt es ja noch nicht \u2026 Die besten geistigen Erg\u00fcsse habe ich \u00fcbrigens, wenn ich IM Garten \u00dcBER den Garten schreiben kann. So vereinen sich Beruf und Hobby perfekt \u2013 was gibt es Sch\u00f6neres?","url":"https:\/\/www.samenhaus.de\/gartenblog\/author\/holger"}]}},"wp-worthy-pixel":{"ignored":false,"public":"d86e60c3a1e84296a854f2470e5c9a53","server":"vg09.met.vgwort.de","url":"https:\/\/vg09.met.vgwort.de\/na\/d86e60c3a1e84296a854f2470e5c9a53"},"wp-worthy-type":"normal","_links":{"self":[{"href":"https:\/\/www.samenhaus.de\/gartenblog\/wp-json\/wp\/v2\/posts\/22185","targetHints":{"allow":["GET"]}}],"collection":[{"href":"https:\/\/www.samenhaus.de\/gartenblog\/wp-json\/wp\/v2\/posts"}],"about":[{"href":"https:\/\/www.samenhaus.de\/gartenblog\/wp-json\/wp\/v2\/types\/post"}],"author":[{"embeddable":true,"href":"https:\/\/www.samenhaus.de\/gartenblog\/wp-json\/wp\/v2\/users\/13"}],"replies":[{"embeddable":true,"href":"https:\/\/www.samenhaus.de\/gartenblog\/wp-json\/wp\/v2\/comments?post=22185"}],"version-history":[{"count":3,"href":"https:\/\/www.samenhaus.de\/gartenblog\/wp-json\/wp\/v2\/posts\/22185\/revisions"}],"predecessor-version":[{"id":22746,"href":"https:\/\/www.samenhaus.de\/gartenblog\/wp-json\/wp\/v2\/posts\/22185\/revisions\/22746"}],"wp:featuredmedia":[{"embeddable":true,"href":"https:\/\/www.samenhaus.de\/gartenblog\/wp-json\/wp\/v2\/media\/22745"}],"wp:attachment":[{"href":"https:\/\/www.samenhaus.de\/gartenblog\/wp-json\/wp\/v2\/media?parent=22185"}],"wp:term":[{"taxonomy":"category","embeddable":true,"href":"https:\/\/www.samenhaus.de\/gartenblog\/wp-json\/wp\/v2\/categories?post=22185"},{"taxonomy":"post_tag","embeddable":true,"href":"https:\/\/www.samenhaus.de\/gartenblog\/wp-json\/wp\/v2\/tags?post=22185"},{"taxonomy":"hersteller","embeddable":true,"href":"https:\/\/www.samenhaus.de\/gartenblog\/wp-json\/wp\/v2\/hersteller?post=22185"}],"curies":[{"name":"wp","href":"https:\/\/api.w.org\/{rel}","templated":true}]}}