{"id":22369,"date":"2025-09-14T09:00:47","date_gmt":"2025-09-14T07:00:47","guid":{"rendered":"https:\/\/www.samenhaus.de\/gartenblog\/?p=22369"},"modified":"2025-09-05T10:55:51","modified_gmt":"2025-09-05T08:55:51","slug":"10-beliebte-heimische-ziergraeser-fuer-den-garten","status":"publish","type":"post","link":"https:\/\/www.samenhaus.de\/gartenblog\/10-beliebte-heimische-ziergraeser-fuer-den-garten","title":{"rendered":"10 beliebte heimische Ziergr\u00e4ser f\u00fcr den Garten"},"content":{"rendered":"<p>Zugegeben: Ziergr\u00e4ser bieten f\u00fcr nektarsuchende Insekten wie Bienen, Schmetterlinge und Hummeln direkt keinen Nutzen. In einem naturnahen Garten haben Gr\u00e4ser also am besten nichts zu suchen, oder? Es ist richtig, dass Ziergr\u00e4ser windbest\u00e4ubt und nicht insektenbest\u00e4ubt werden und somit keinen Nektar produzieren. Trotzdem sind Ziergr\u00e4ser auch f\u00fcr Insekten n\u00fctzlich, etwa als Unterschlupf und \u00dcberwinterungshilfe, zur Eiablage und als strukturelles Habitat. Somit ist klar, dass auch Ziergr\u00e4ser in einem gewissen Umfang in einem naturnahen Garten durchaus ihre Berechtigung haben. Besonders wertvoll sind heimische Arten, die sich \u00fcber Jahrtausende mit der heimischen Flora entwickelt haben. Wir stellen Ihnen hier 10 beliebte Ziergr\u00e4ser f\u00fcr Ihre Gartenbeete vor.<\/p>\n<h2><span class=\"ez-toc-section\" id=\"Vorteile_und_Nachteile_von_Ziergraesern_im_Garten\"><\/span><strong>Vorteile und Nachteile von Ziergr\u00e4sern im Garten<\/strong><span class=\"ez-toc-section-end\"><\/span><\/h2>\n<p>Bevor wir loslegen sehen wir uns die Vor- und Nachteile von Ziergr\u00e4sern mal etwas genauer an.<\/p>\n<table class=\"custom-table-1\" width=\"100%\" cellspacing=\"0\" cellpadding=\"4\">\n<tbody>\n<tr>\n<td><strong>Vorteile<\/strong><\/td>\n<td><strong>Nachteile<\/strong><\/td>\n<\/tr>\n<tr>\n<td><\/td>\n<td><\/td>\n<\/tr>\n<tr>\n<td>Ziergr\u00e4ser sind in vielen F\u00e4llen das ganze Jahr \u00fcber dekorativ. Entweder bekommen die Bl\u00e4tter im Herbst eine tolle bunte F\u00e4rbung oder die Gr\u00e4ser sind immergr\u00fcn und somit auch im Winter ein toller Schmuck im Beet.<\/td>\n<td>Einige Ziergr\u00e4ser wie Chinaschilf oder Japanisches Blutgras k\u00f6nnen Wuchern und durch Ausl\u00e4ufer nicht nur in andere Beete vordringen, sondern dort auch Pflanzen verdr\u00e4ngen.<\/td>\n<\/tr>\n<tr>\n<td>Ziergr\u00e4ser sind leicht und kommen durch Wind sehr schnell in Bewegung. Das kann starre Bepflanzungen auflockern.<\/td>\n<td>Gr\u00e4ser, die sich \u00fcber den Winter zur\u00fcckziehen, m\u00fcssen im Fr\u00fchling zur\u00fcckgeschnitten werden, damit die Pflanze neu austreiben kann.<\/td>\n<\/tr>\n<tr>\n<td>Die meisten Ziergr\u00e4ser sind pflegeleicht, brauchen wenig D\u00fcnger und auch wenig Wasser. Sogar Sch\u00e4dlings- und Krankheitsbefall tritt bei Gr\u00e4sern selten auf.<\/td>\n<td>Gerade hohe Arten wie Pampasgras oder Rutenhirse sind nicht immer standfest und k\u00f6nnen bei starkem Wind oder Regen umknicken.<\/td>\n<\/tr>\n<tr>\n<td>Gr\u00e4ser bieten Lebensraum f\u00fcr Insekten, V\u00f6gel (Samen, Nestbau) und kleine Tiere. Vor allem heimische Arten f\u00f6rdern die Biodiversit\u00e4t.<\/td>\n<td>Vor dem R\u00fcckschnitt im Fr\u00fchling ist manches Gras aufgrund der verwelkten und braunen Bl\u00e4tter nicht besonders ansehnlich.<\/td>\n<\/tr>\n<tr>\n<td>Ziergr\u00e4ser sind f\u00fcr Rabatten ebenso geeignet wie f\u00fcr Steing\u00e4rten, f\u00fcr Teichr\u00e4nder und als Solit\u00e4rpflanzen. Sie lassen sich perfekt mit Stauden, Geh\u00f6lzen und Kiesfl\u00e4chen kombinieren.<\/td>\n<td>Gerade Exoten wie Pampasgras oder das Schwarze Schlangenbartgras brauchen einen Winterschutz, um \u00fcber die kalte Jahreszeit zu kommen.<\/td>\n<\/tr>\n<\/tbody>\n<\/table>\n<h2><span class=\"ez-toc-section\" id=\"10_beliebte_heimische_Ziergraeser\"><\/span><strong>10 beliebte heimische Ziergr\u00e4ser<\/strong><span class=\"ez-toc-section-end\"><\/span><\/h2>\n<p>Nun aber los \u2013 hier sind 10 beliebte Ziergr\u00e4ser f\u00fcr Ihren Garten. Wir haben uns bewusst (siehe oben) daf\u00fcr entschieden, heimische Ziergr\u00e4ser vorzustellen.<\/p>\n<table>\n<tbody>\n<tr>\n<td style=\"width: 150px;\"><img loading=\"lazy\" decoding=\"async\" class=\"alignleft wp-image-22410 size-thumbnail\" src=\"https:\/\/www.samenhaus.de\/gartenblog\/wp-content\/uploads\/2025\/09\/Ziergraeser_217599753-150x150.jpeg\" alt=\"Mittleres Zittergras\" width=\"150\" height=\"150\" srcset=\"https:\/\/www.samenhaus.de\/gartenblog\/wp-content\/uploads\/2025\/09\/Ziergraeser_217599753-150x150.jpeg 150w, https:\/\/www.samenhaus.de\/gartenblog\/wp-content\/uploads\/2025\/09\/Ziergraeser_217599753-80x80.jpeg 80w\" sizes=\"auto, (max-width: 150px) 100vw, 150px\" \/><\/td>\n<td style=\"padding-left: 15px; vertical-align: top;\">\n<h3><span class=\"ez-toc-section\" id=\"Mittleres_Zittergras\"><\/span><strong>Mittleres Zittergras<\/strong><span class=\"ez-toc-section-end\"><\/span><\/h3>\n<p><strong>Botanischer Name:<\/strong> <em>Briza media<\/em><br \/>\n<strong>Alternative Namen:<\/strong> Gew\u00f6hnliches Zittergras<br \/>\n<strong>Familie:<\/strong> S\u00fc\u00dfgr\u00e4ser<br \/>\n<strong>Lebensraum:<\/strong> Magerrasen, Halbtrockenrasen, Heiden, lichte W\u00e4lder, Wegr\u00e4nder<br \/>\n<strong>Wuchsh\u00f6he:<\/strong> 30 bis 60 Zentimeter<br \/>\n<strong>Wuchsbreite:<\/strong> 20 bis 30 Zentimeter<br \/>\n<strong>Winterh\u00e4rte:<\/strong> vollst\u00e4ndig winterhart<br \/>\n<strong>Wuchernd:<\/strong> nein<br \/>\n<strong>Standort: <\/strong>sonnig bis halbschattig<br \/>\n<strong>Boden:<\/strong> kalkarm, n\u00e4hrstoffarm, durchl\u00e4ssig<br \/>\n<strong>Gie\u00dfen:<\/strong> nicht n\u00f6tig<br \/>\n<strong>D\u00fcngen:<\/strong> nicht n\u00f6tig<br \/>\n<strong>Schnitt:<\/strong> im Fr\u00fchjahr komplett auf bis zu 5 Zentimeter zur\u00fcckschneiden<br \/>\n<strong>Sonstige Pflegehinweise:<\/strong> Teilung im Fr\u00fchjahr m\u00f6glich aber kaum n\u00f6tig, vertr\u00e4gt Schnitt nach der Bl\u00fcte<\/td>\n<\/tr>\n<\/tbody>\n<\/table>\n<table>\n<tbody>\n<tr>\n<td style=\"width: 150px;\"><a href=\"https:\/\/www.samenhaus.de\/gartenblog\/wp-content\/uploads\/2025\/09\/Ziergraeser_110055216-scaled.jpeg\"><img loading=\"lazy\" decoding=\"async\" class=\"alignleft wp-image-22409 size-thumbnail\" src=\"https:\/\/www.samenhaus.de\/gartenblog\/wp-content\/uploads\/2025\/09\/Ziergraeser_110055216-150x150.jpeg\" alt=\"Pfeifengras\" width=\"150\" height=\"150\" srcset=\"https:\/\/www.samenhaus.de\/gartenblog\/wp-content\/uploads\/2025\/09\/Ziergraeser_110055216-150x150.jpeg 150w, https:\/\/www.samenhaus.de\/gartenblog\/wp-content\/uploads\/2025\/09\/Ziergraeser_110055216-80x80.jpeg 80w\" sizes=\"auto, (max-width: 150px) 100vw, 150px\" \/><\/a><\/td>\n<td style=\"padding-left: 15px; vertical-align: top;\">\n<h3><span class=\"ez-toc-section\" id=\"Pfeifengras\"><\/span><strong>Pfeifengras<\/strong><span class=\"ez-toc-section-end\"><\/span><\/h3>\n<p><strong>Botanischer Name:<\/strong> <em>Molinia caerulea<\/em><br \/>\n<strong>Alternative Namen:<\/strong> Moor-Pfeifengras, Gemeines Pfeifengras<br \/>\n<strong>Familie:<\/strong> S\u00fc\u00dfgr\u00e4ser<br \/>\n<strong>Lebensraum:<\/strong> Feuchtwiesen, Moor- und Moorwalds\u00e4ume, Heiden, Magerrasen, lichte W\u00e4lder, Waldlichtungen<br \/>\n<strong>Wuchsh\u00f6he:<\/strong> 40 bis 120 Zentimeter<br \/>\n<strong>Wuchsbreite:<\/strong> 30 bis 50 Zentimeter<br \/>\n<strong>Winterh\u00e4rte:<\/strong> bis -25 Grad<br \/>\n<strong>Wuchernd:<\/strong> nein<br \/>\n<strong>Standort: <\/strong>sonnig bis halbschattig<br \/>\n<strong>Boden:<\/strong> sauer, n\u00e4hrstoffarm, feucht bis wechselfeucht<br \/>\n<strong>Gie\u00dfen:<\/strong> feuchtigkeitsliebend, keine Staun\u00e4sse<br \/>\n<strong>D\u00fcngen:<\/strong> nicht n\u00f6tig<br \/>\n<strong>Schnitt:<\/strong> vor Neuaustrieb im Februar oder M\u00e4rz komplett auf 5 bis 10 Zentimeter zur\u00fcckschneiden<br \/>\n<strong>Sonstige Pflegehinweise:<\/strong> Teilung im Fr\u00fchjahr m\u00f6glich<\/td>\n<\/tr>\n<\/tbody>\n<\/table>\n<table>\n<tbody>\n<tr>\n<td style=\"width: 150px;\"><a href=\"https:\/\/www.samenhaus.de\/gartenblog\/wp-content\/uploads\/2025\/09\/Ziergraeser_441635759-scaled.jpeg\"><img loading=\"lazy\" decoding=\"async\" class=\"alignleft wp-image-22414 size-thumbnail\" src=\"https:\/\/www.samenhaus.de\/gartenblog\/wp-content\/uploads\/2025\/09\/Ziergraeser_441635759-150x150.jpeg\" alt=\"Riesensegge\" width=\"150\" height=\"150\" srcset=\"https:\/\/www.samenhaus.de\/gartenblog\/wp-content\/uploads\/2025\/09\/Ziergraeser_441635759-150x150.jpeg 150w, https:\/\/www.samenhaus.de\/gartenblog\/wp-content\/uploads\/2025\/09\/Ziergraeser_441635759-80x80.jpeg 80w\" sizes=\"auto, (max-width: 150px) 100vw, 150px\" \/><\/a><\/td>\n<td style=\"padding-left: 15px; vertical-align: top;\">\n<h3><span class=\"ez-toc-section\" id=\"Riesensegge\"><\/span><strong>Riesensegge<\/strong><span class=\"ez-toc-section-end\"><\/span><\/h3>\n<p><strong>Botanischer Name<\/strong>: <em>Carex pendula<\/em><br \/>\n<strong>Alternative Namen:<\/strong> H\u00e4ngesegge, Pendelsegge<br \/>\n<strong>Familie:<\/strong> Sauergrasgew\u00e4chse<br \/>\n<strong>Lebensraum:<\/strong> Auw\u00e4lder, Bach- und Flussufer, feuchte W\u00e4lder, Quellbereiche<br \/>\n<strong>Wuchsh\u00f6he:<\/strong> 100 bis 150 Zentimeter<br \/>\n<strong>Wuchsbreite<\/strong>: 60 bis 100 Zentimeter<br \/>\n<strong>Winterh\u00e4rte:<\/strong> vollst\u00e4ndig winterhart<br \/>\n<strong>Wuchernd:<\/strong> leicht ausbreitend \u00fcber kurze Ausl\u00e4ufer<br \/>\n<strong>Standort:<\/strong> halbschattig bis schattig<br \/>\n<strong>Boden:<\/strong> n\u00e4hstoffreich, humose, feucht<br \/>\n<strong>Gie\u00dfen<\/strong>: feuchtigkeitsliebend, daher besonders w\u00e4hrend Trockenperioden regelm\u00e4\u00dfig w\u00e4ssern, Staun\u00e4sse ist kein Problem<br \/>\n<strong>D\u00fcngen:<\/strong> nicht n\u00f6tig<br \/>\n<strong>Schnitt:<\/strong> abgestorbene Bl\u00e4tter im Fr\u00fchjahr bodennah zur\u00fcckschneiden<br \/>\n<strong>Sonstige Pflegehinweise:<\/strong> Teilung im Fr\u00fchjahr m\u00f6glich<\/td>\n<\/tr>\n<\/tbody>\n<\/table>\n<table>\n<tbody>\n<tr>\n<td style=\"width: 150px;\"><a href=\"https:\/\/www.samenhaus.de\/gartenblog\/wp-content\/uploads\/2025\/09\/Ziergraeser_258274013-scaled.jpeg\"><img loading=\"lazy\" decoding=\"async\" class=\"alignleft wp-image-22411 size-thumbnail\" src=\"https:\/\/www.samenhaus.de\/gartenblog\/wp-content\/uploads\/2025\/09\/Ziergraeser_258274013-150x150.jpeg\" alt=\"Berg-Reitgras\" width=\"150\" height=\"150\" srcset=\"https:\/\/www.samenhaus.de\/gartenblog\/wp-content\/uploads\/2025\/09\/Ziergraeser_258274013-150x150.jpeg 150w, https:\/\/www.samenhaus.de\/gartenblog\/wp-content\/uploads\/2025\/09\/Ziergraeser_258274013-80x80.jpeg 80w\" sizes=\"auto, (max-width: 150px) 100vw, 150px\" \/><\/a><\/td>\n<td style=\"padding-left: 15px; vertical-align: top;\">\n<h3><span class=\"ez-toc-section\" id=\"Berg-Reitgras\"><\/span><strong>Berg-Reitgras<\/strong><span class=\"ez-toc-section-end\"><\/span><\/h3>\n<p><strong>Botanischer Name:<\/strong> <em>Calamagrostis varia<\/em><br \/>\n<strong>Alternative Namen:<\/strong> Alpen-Reitgras<br \/>\n<strong>Familie:<\/strong> S\u00fc\u00dfgr\u00e4ser<br \/>\n<strong>Lebensraum:<\/strong> Subalpine Wiesen, Bergwiesen, Magerrasen, Waldr\u00e4nder, steinige H\u00e4nge<br \/>\n<strong>Wuchsh\u00f6he:<\/strong> 60 bis 100 Zentimeter<br \/>\n<strong>Wuchsbreite:<\/strong> 30 bis 50 Zentimeter<br \/>\n<strong>Winterh\u00e4rte:<\/strong> vollst\u00e4ndig winterhart<br \/>\n<strong>Wuchernd:<\/strong> nein<br \/>\n<strong>Standort: <\/strong>sonnig bis halbschattig<br \/>\n<strong>Boden:<\/strong> m\u00e4\u00dfig n\u00e4hrstoffreich, kalkhaltig<br \/>\n<strong>Gie\u00dfen:<\/strong> W\u00e4hrend l\u00e4ngerer Trockenphasen gelegentlich w\u00e4ssern<br \/>\n<strong>D\u00fcngen:<\/strong> nicht n\u00f6tig<br \/>\n<strong>Schnitt:<\/strong> Im zeitigen Fr\u00fchjahr komplett auf 5 bis 10 Zentimeter zur\u00fcckschneiden<br \/>\n<strong>Sonstige Pflegehinweise:<\/strong> Teilung im Fr\u00fchjahr m\u00f6glich, keine besondere Sch\u00e4dlings- und Krankheitsanf\u00e4lligkeit<\/td>\n<\/tr>\n<\/tbody>\n<\/table>\n<table>\n<tbody>\n<tr>\n<td style=\"width: 150px;\"><a href=\"https:\/\/www.samenhaus.de\/gartenblog\/wp-content\/uploads\/2025\/09\/Ziergraeser_527090037-scaled.jpeg\"><img loading=\"lazy\" decoding=\"async\" class=\"alignleft wp-image-22416 size-thumbnail\" src=\"https:\/\/www.samenhaus.de\/gartenblog\/wp-content\/uploads\/2025\/09\/Ziergraeser_527090037-150x150.jpeg\" alt=\"Wald-Schmiele\" width=\"150\" height=\"150\" srcset=\"https:\/\/www.samenhaus.de\/gartenblog\/wp-content\/uploads\/2025\/09\/Ziergraeser_527090037-150x150.jpeg 150w, https:\/\/www.samenhaus.de\/gartenblog\/wp-content\/uploads\/2025\/09\/Ziergraeser_527090037-80x80.jpeg 80w\" sizes=\"auto, (max-width: 150px) 100vw, 150px\" \/><\/a><\/td>\n<td style=\"padding-left: 15px; vertical-align: top;\">\n<h3><span class=\"ez-toc-section\" id=\"Wald-Schmiele\"><\/span><strong>Wald-Schmiele<\/strong><span class=\"ez-toc-section-end\"><\/span><\/h3>\n<p><strong>Botanischer Name:<\/strong> <em>Deschampsia cespitosa<\/em><br \/>\n<strong>Alternative Namen:<\/strong> Rasenschmiele, B\u00fcschelige Schmiele, B\u00fcschel-Schmiele<br \/>\n<strong>Familie:<\/strong> S\u00fc\u00dfgr\u00e4ser<br \/>\n<strong>Lebensraum:<\/strong> Feuchtwiesen, Moorw\u00e4lder, Flussauen, feuchte W\u00e4lder, Waldr\u00e4nder<br \/>\n<strong>Wuchsh\u00f6he:<\/strong> 60 bis 120 Zentimeter<br \/>\n<strong>Wuchsbreite:<\/strong> 30 bis 50 Zentimeter<br \/>\n<strong>Winterh\u00e4rte:<\/strong> vollst\u00e4ndig winterhart<br \/>\n<strong>Wuchernd:<\/strong> nein<br \/>\n<strong>Standort: <\/strong>halbschattig<br \/>\n<strong>Boden:<\/strong> durchl\u00e4ssig, leicht sauer, humos, m\u00e4\u00dfig n\u00e4hrstoffreich, toleriert auch magere oder n\u00e4hrstoffarme B\u00f6den<br \/>\n<strong>Gie\u00dfen:<\/strong> Bei Trockenheit regelm\u00e4\u00dfig gie\u00dfen, gerne auch mulchen<br \/>\n<strong>D\u00fcngen:<\/strong> nicht n\u00f6tig<br \/>\n<strong>Schnitt:<\/strong> Im zeitigen Fr\u00fchjahr komplett auf 5 bis 10 Zentimeter zur\u00fcckschneiden<br \/>\n<strong>Sonstige Pflegehinweise:<\/strong> Teilung im Fr\u00fchjahr m\u00f6glich<\/td>\n<\/tr>\n<\/tbody>\n<\/table>\n<table>\n<tbody>\n<tr>\n<td style=\"width: 150px;\"><a href=\"https:\/\/www.samenhaus.de\/gartenblog\/wp-content\/uploads\/2025\/09\/Ziergraeser_351556553-scaled.jpeg\"><img loading=\"lazy\" decoding=\"async\" class=\"alignleft wp-image-22412 size-thumbnail\" src=\"https:\/\/www.samenhaus.de\/gartenblog\/wp-content\/uploads\/2025\/09\/Ziergraeser_351556553-150x150.jpeg\" alt=\"Wei\u00dfe Hainsimse\" width=\"150\" height=\"150\" srcset=\"https:\/\/www.samenhaus.de\/gartenblog\/wp-content\/uploads\/2025\/09\/Ziergraeser_351556553-150x150.jpeg 150w, https:\/\/www.samenhaus.de\/gartenblog\/wp-content\/uploads\/2025\/09\/Ziergraeser_351556553-80x80.jpeg 80w\" sizes=\"auto, (max-width: 150px) 100vw, 150px\" \/><\/a><\/td>\n<td style=\"padding-left: 15px; vertical-align: top;\">\n<h3><span class=\"ez-toc-section\" id=\"Weisse_Hainsimse\"><\/span><strong>Wei\u00dfe Hainsimse<\/strong><span class=\"ez-toc-section-end\"><\/span><\/h3>\n<p><strong>Botanischer Name:<\/strong> <em>Luzula luzuloides<\/em><br \/>\n<strong>Alternative Namen:<\/strong> Wald-Hainsimse<br \/>\n<strong>Familie:<\/strong> Binsengew\u00e4chse<br \/>\n<strong>Lebensraum:<\/strong> lichte Laubw\u00e4lder, Walds\u00e4ume, schattige B\u00f6schungen, H\u00f6henlagen bis in die Mittelgebirge<br \/>\n<strong>Wuchsh\u00f6he:<\/strong> 20 bis 40 Zentimeter<br \/>\n<strong>Wuchsbreite:<\/strong> 20 bis 30 Zentimeter<br \/>\n<strong>Winterh\u00e4rte:<\/strong> vollst\u00e4ndig winterhart<br \/>\n<strong>Wuchernd:<\/strong> leicht ausbreitend<br \/>\n<strong>Standort: <\/strong>halbschattig bis schattig<br \/>\n<strong>Boden:<\/strong> leicht sauer bis neutral, humos<br \/>\n<strong>Gie\u00dfen:<\/strong> W\u00e4hrend l\u00e4ngerer Trockenperioden gie\u00dfen, mulchen sinnvoll<br \/>\n<strong>D\u00fcngen:<\/strong> nicht n\u00f6tig<br \/>\n<strong>Schnitt:<\/strong> nicht n\u00f6tig, da wintergr\u00fcn, Vertrocknetes im Fr\u00fchjahr entfernen<br \/>\n<strong>Sonstige Pflegehinweise:<\/strong> Teilung im Fr\u00fchjahr m\u00f6glich<\/td>\n<\/tr>\n<\/tbody>\n<\/table>\n<table>\n<tbody>\n<tr>\n<td style=\"width: 150px;\"><a href=\"https:\/\/www.samenhaus.de\/gartenblog\/wp-content\/uploads\/2025\/09\/Ziergraeser_376638667-scaled.jpeg\"><img loading=\"lazy\" decoding=\"async\" class=\"alignleft wp-image-22413 size-thumbnail\" src=\"https:\/\/www.samenhaus.de\/gartenblog\/wp-content\/uploads\/2025\/09\/Ziergraeser_376638667-150x150.jpeg\" alt=\"Wimper-Perlgras\" width=\"150\" height=\"150\" srcset=\"https:\/\/www.samenhaus.de\/gartenblog\/wp-content\/uploads\/2025\/09\/Ziergraeser_376638667-150x150.jpeg 150w, https:\/\/www.samenhaus.de\/gartenblog\/wp-content\/uploads\/2025\/09\/Ziergraeser_376638667-80x80.jpeg 80w\" sizes=\"auto, (max-width: 150px) 100vw, 150px\" \/><\/a><\/td>\n<td style=\"padding-left: 15px; vertical-align: top;\">\n<h3><span class=\"ez-toc-section\" id=\"Wimper-Perlgras\"><\/span><strong>Wimper-Perlgras<\/strong><span class=\"ez-toc-section-end\"><\/span><\/h3>\n<p><strong>Botanischer Name:<\/strong> <em>Melica ciliata<\/em><br \/>\n<strong>Alternative Namen:<\/strong> Zartes Perlgras<br \/>\n<strong>Familie:<\/strong> S\u00fc\u00dfgr\u00e4ser<br \/>\n<strong>Lebensraum:<\/strong> Trocken- und Halbtrockenrasen, Magerrasen, sonnige H\u00e4nge, Kalkschotterflure, steppenartige Offenlandschaften<br \/>\n<strong>Wuchsh\u00f6he:<\/strong> 30 bis 60 Zentimeter<br \/>\n<strong>Wuchsbreite:<\/strong> 20 bis 30 Zentimeter<br \/>\n<strong>Winterh\u00e4rte:<\/strong> vollst\u00e4ndig winterhart<br \/>\n<strong>Wuchernd:<\/strong> nein<br \/>\n<strong>Standort: <\/strong>sonnig bis vollsonnig<br \/>\n<strong>Boden:<\/strong> kalkreich, mager, steinig bis sandig, durchl\u00e4ssig<br \/>\n<strong>Gie\u00dfen:<\/strong> nicht n\u00f6tig<br \/>\n<strong>D\u00fcngen:<\/strong> nicht n\u00f6tig<br \/>\n<strong>Schnitt:<\/strong> Im zeitigen Fr\u00fchjahr trockene Halme zur\u00fcckschneiden<br \/>\n<strong>Sonstige Pflegehinweise:<\/strong> Teilung im Fr\u00fchjahr m\u00f6glich, aber selten notwendig<\/td>\n<\/tr>\n<\/tbody>\n<\/table>\n<table>\n<tbody>\n<tr>\n<td style=\"width: 150px;\"><a href=\"https:\/\/www.samenhaus.de\/gartenblog\/wp-content\/uploads\/2025\/09\/Ziergraeser_478301019-scaled.jpeg\"><img loading=\"lazy\" decoding=\"async\" class=\"alignleft wp-image-22415 size-thumbnail\" src=\"https:\/\/www.samenhaus.de\/gartenblog\/wp-content\/uploads\/2025\/09\/Ziergraeser_478301019-150x150.jpeg\" alt=\"Wald-Flattergras\" width=\"150\" height=\"150\" srcset=\"https:\/\/www.samenhaus.de\/gartenblog\/wp-content\/uploads\/2025\/09\/Ziergraeser_478301019-150x150.jpeg 150w, https:\/\/www.samenhaus.de\/gartenblog\/wp-content\/uploads\/2025\/09\/Ziergraeser_478301019-80x80.jpeg 80w\" sizes=\"auto, (max-width: 150px) 100vw, 150px\" \/><\/a><\/td>\n<td style=\"padding-left: 15px; vertical-align: top;\">\n<h3><span class=\"ez-toc-section\" id=\"Wald-Flattergras\"><\/span><strong>Wald-Flattergras<\/strong><span class=\"ez-toc-section-end\"><\/span><\/h3>\n<p><strong>Botanischer Name:<\/strong> <em>Milium effusum<\/em><br \/>\n<strong>Alternative Namen:<\/strong> Gold-Flattergras<br \/>\n<strong>Familie:<\/strong> S\u00fc\u00dfgr\u00e4ser<br \/>\n<strong>Lebensraum:<\/strong> feuchte Laubw\u00e4lder, Auw\u00e4lder, schattige Waldr\u00e4nder, Quellbereiche<br \/>\n<strong>Wuchsh\u00f6he:<\/strong> 40 bis 70 Zentimeter<br \/>\n<strong>Wuchsbreite:<\/strong> 30 bis 40 Zentimeter<br \/>\n<strong>Winterh\u00e4rte:<\/strong> vollst\u00e4ndig winterhart<br \/>\n<strong>Wuchernd:<\/strong> nein<br \/>\n<strong>Standort: <\/strong>halbschattig bis schattig<br \/>\n<strong>Boden:<\/strong> humos, n\u00e4hrstoffreich<br \/>\n<strong>Gie\u00dfen:<\/strong> feucht halten, regelm\u00e4\u00dfig gie\u00dfen<br \/>\n<strong>D\u00fcngen:<\/strong> nicht n\u00f6tig<br \/>\n<strong>Schnitt:<\/strong> abgestorbene Halme im zeitigen Fr\u00fchjahr bodennah zur\u00fcckschneiden<br \/>\n<strong>Sonstige Pflegehinweise:<\/strong> Teilung im Fr\u00fchjahr m\u00f6glich<\/td>\n<\/tr>\n<\/tbody>\n<\/table>\n<table>\n<tbody>\n<tr>\n<td style=\"width: 150px;\"><\/td>\n<td style=\"padding-left: 15px; vertical-align: top;\">\n<h3><span class=\"ez-toc-section\" id=\"Riesen-Schwingel\"><\/span><strong>Riesen-Schwingel\u00a0<\/strong><span class=\"ez-toc-section-end\"><\/span><\/h3>\n<p><strong>Botanischer Name:<\/strong> <em>Festuca gigantea<\/em><br \/>\n<strong>Alternative Namen:<\/strong> Gro\u00dfer Schwingel, Wald-Schwingel<br \/>\n<strong>Familie:<\/strong> S\u00fc\u00dfgr\u00e4ser<br \/>\n<strong>Lebensraum:<\/strong> Laubw\u00e4lder, Auw\u00e4lder, Geb\u00fcsche, Waldr\u00e4nder<br \/>\n<strong>Wuchsh\u00f6he:<\/strong> 80 bis 150 Zentimeter<br \/>\n<strong>Wuchsbreite:<\/strong> 40 bis 60 Zentimeter<br \/>\n<strong>Winterh\u00e4rte:<\/strong> vollst\u00e4ndig winterhart<br \/>\n<strong>Wuchernd:<\/strong> nein<br \/>\n<strong>Standort: <\/strong>halbschattig bis schattig<br \/>\n<strong>Boden:<\/strong> lehmig, humos, n\u00e4hrstoffreich<br \/>\n<strong>Gie\u00dfen:<\/strong> nicht n\u00f6tig, nur bei l\u00e4ngerer Trockenheit<br \/>\n<strong>D\u00fcngen:<\/strong> nicht n\u00f6tig<br \/>\n<strong>Schnitt:<\/strong> Alte Halme im zeitigen Fr\u00fchjahr 5 bis 10 Zentimeter \u00fcber dem Boden zur\u00fcckschneiden<br \/>\n<strong>Sonstige Pflegehinweise:<\/strong> Teilung im Fr\u00fchjahr m\u00f6glich<\/td>\n<\/tr>\n<\/tbody>\n<\/table>\n<table>\n<tbody>\n<tr>\n<td style=\"width: 150px;\"><a href=\"https:\/\/www.samenhaus.de\/gartenblog\/wp-content\/uploads\/2025\/09\/Ziergraeser_560062648-scaled.jpeg\"><img loading=\"lazy\" decoding=\"async\" class=\"alignleft wp-image-22417 size-thumbnail\" src=\"https:\/\/www.samenhaus.de\/gartenblog\/wp-content\/uploads\/2025\/09\/Ziergraeser_560062648-150x150.jpeg\" alt=\"Flatterbinse\" width=\"150\" height=\"150\" srcset=\"https:\/\/www.samenhaus.de\/gartenblog\/wp-content\/uploads\/2025\/09\/Ziergraeser_560062648-150x150.jpeg 150w, https:\/\/www.samenhaus.de\/gartenblog\/wp-content\/uploads\/2025\/09\/Ziergraeser_560062648-80x80.jpeg 80w\" sizes=\"auto, (max-width: 150px) 100vw, 150px\" \/><\/a><\/td>\n<td style=\"padding-left: 15px; vertical-align: top;\">\n<h3><span class=\"ez-toc-section\" id=\"Flatterbinse\"><\/span><strong>Flatterbinse<\/strong><span class=\"ez-toc-section-end\"><\/span><\/h3>\n<p><strong>Botanischer Name:<\/strong> <em>Juncus effusus<\/em><br \/>\n<strong>Alternative Namen:<\/strong> Gemeine Binse, Weiche Binse<br \/>\n<strong>Familie:<\/strong> Binsengew\u00e4chse<br \/>\n<strong>Lebensraum:<\/strong> Feuchtwiesen, S\u00fcmpfe, Gr\u00e4ben, Bachr\u00e4nder, Quellflure<br \/>\n<strong>Wuchsh\u00f6he:<\/strong> 50 bis 120 Zentimeter<br \/>\n<strong>Wuchsbreite:<\/strong> 30 bis 60 Zentimeter<br \/>\n<strong>Winterh\u00e4rte:<\/strong> vollst\u00e4ndig winterhart<br \/>\n<strong>Wuchernd:<\/strong> leicht wuchernd durch kurze Ausl\u00e4ufer<br \/>\n<strong>Standort: <\/strong>sonnig bis halbschattig<br \/>\n<strong>Boden:<\/strong> sauer bis neutral, n\u00e4hrstoffarm<br \/>\n<strong>Gie\u00dfen:<\/strong> nicht n\u00f6tig, nur bei l\u00e4ngerer Trockenheit<br \/>\n<strong>D\u00fcngen:<\/strong> nicht n\u00f6tig<br \/>\n<strong>Schnitt:<\/strong> Im zeitigen Fr\u00fchjahr abgestorbene Halme auf 5 bis 10 Zentimeter zur\u00fcckschneiden<br \/>\n<strong>Sonstige Pflegehinweise:<\/strong> Teilung im Fr\u00fchjahr m\u00f6glich, regelm\u00e4\u00dfig auf unerw\u00fcnschte Ausbreitung kontrollieren<\/td>\n<\/tr>\n<\/tbody>\n<\/table>\n","protected":false},"excerpt":{"rendered":"<p>Zugegeben: Ziergr\u00e4ser bieten f\u00fcr nektarsuchende Insekten wie Bienen, Schmetterlinge und Hummeln direkt keinen Nutzen. In einem naturnahen Garten haben Gr\u00e4ser also am besten nichts zu suchen, oder? Es ist richtig, dass Ziergr\u00e4ser windbest\u00e4ubt und nicht insektenbest\u00e4ubt werden und somit keinen Nektar produzieren. Trotzdem sind Ziergr\u00e4ser auch f\u00fcr Insekten n\u00fctzlich, etwa als Unterschlupf und \u00dcberwinterungshilfe, zur Eiablage und als strukturelles Habitat. Somit ist klar, dass auch Ziergr\u00e4ser in einem gewissen Umfang in einem naturnahen Garten durchaus ihre Berechtigung haben. Besonders wertvoll sind heimische Arten, die sich \u00fcber Jahrtausende mit der heimischen Flora entwickelt haben. Wir stellen Ihnen hier 10 beliebte Ziergr\u00e4ser f\u00fcr Ihre Gartenbeete vor. Vorteile und Nachteile von Ziergr\u00e4sern im Garten Bevor wir loslegen sehen wir uns die Vor- und Nachteile von Ziergr\u00e4sern mal etwas genauer an. Vorteile Nachteile Ziergr\u00e4ser sind in vielen F\u00e4llen das ganze Jahr \u00fcber dekorativ. Entweder bekommen die Bl\u00e4tter im Herbst eine tolle bunte F\u00e4rbung oder die Gr\u00e4ser sind immergr\u00fcn und somit auch im Winter ein toller Schmuck im Beet. Einige Ziergr\u00e4ser wie Chinaschilf oder Japanisches Blutgras k\u00f6nnen Wuchern und durch Ausl\u00e4ufer nicht nur in andere Beete vordringen, sondern dort auch Pflanzen verdr\u00e4ngen. Ziergr\u00e4ser sind leicht und kommen durch Wind sehr schnell in Bewegung. Das kann [&hellip;]<\/p>\n","protected":false},"author":13,"featured_media":22418,"comment_status":"open","ping_status":"open","sticky":false,"template":"","format":"standard","meta":{"_acf_changed":false,"footnotes":""},"categories":[1],"tags":[],"hersteller":[],"class_list":["post-22369","post","type-post","status-publish","format-standard","has-post-thumbnail","hentry","category-allgemein"],"acf":[],"yoast_head":"<!-- This site is optimized with the Yoast SEO plugin v27.4 - https:\/\/yoast.com\/product\/yoast-seo-wordpress\/ -->\n<title>10 beliebte heimische Ziergr\u00e4ser f\u00fcr den Garten - Samenhaus Gartenblog<\/title>\n<meta name=\"description\" content=\"Ziergr\u00e4ser lockern Beete auf und sehen dazu noch h\u00fcbsch aus. Aber auch f\u00fcr Insekten k\u00f6nnen sie einen Nutzen haben.\" \/>\n<meta name=\"robots\" content=\"index, follow, max-snippet:-1, max-image-preview:large, max-video-preview:-1\" \/>\n<link rel=\"canonical\" href=\"https:\/\/www.samenhaus.de\/gartenblog\/10-beliebte-heimische-ziergraeser-fuer-den-garten\" \/>\n<meta property=\"og:locale\" content=\"de_DE\" \/>\n<meta property=\"og:type\" content=\"article\" \/>\n<meta property=\"og:title\" content=\"10 beliebte heimische Ziergr\u00e4ser f\u00fcr den Garten - Samenhaus Gartenblog\" \/>\n<meta property=\"og:description\" content=\"Ziergr\u00e4ser lockern Beete auf und sehen dazu noch h\u00fcbsch aus. Aber auch f\u00fcr Insekten k\u00f6nnen sie einen Nutzen haben.\" \/>\n<meta property=\"og:url\" content=\"https:\/\/www.samenhaus.de\/gartenblog\/10-beliebte-heimische-ziergraeser-fuer-den-garten\" \/>\n<meta property=\"og:site_name\" content=\"Samenhaus Gartenblog\" \/>\n<meta property=\"article:publisher\" content=\"https:\/\/de-de.facebook.com\/samenhaus\" \/>\n<meta property=\"article:published_time\" content=\"2025-09-14T07:00:47+00:00\" \/>\n<meta property=\"og:image\" content=\"https:\/\/www.samenhaus.de\/gartenblog\/wp-content\/uploads\/2025\/09\/Ziergraeser_1596508856-scaled.jpg\" \/>\n\t<meta property=\"og:image:width\" content=\"2048\" \/>\n\t<meta property=\"og:image:height\" content=\"1153\" \/>\n\t<meta property=\"og:image:type\" content=\"image\/jpeg\" \/>\n<meta name=\"author\" content=\"Holger\" \/>\n<meta name=\"twitter:card\" content=\"summary_large_image\" \/>\n<meta name=\"twitter:creator\" content=\"@samenhaus\" \/>\n<meta name=\"twitter:site\" content=\"@samenhaus\" \/>\n<meta name=\"twitter:label1\" content=\"Verfasst von\" \/>\n\t<meta name=\"twitter:data1\" content=\"Holger\" \/>\n\t<meta name=\"twitter:label2\" content=\"Gesch\u00e4tzte Lesezeit\" \/>\n\t<meta name=\"twitter:data2\" content=\"9\u00a0Minuten\" \/>\n<script type=\"application\/ld+json\" class=\"yoast-schema-graph\">{\"@context\":\"https:\\\/\\\/schema.org\",\"@graph\":[{\"@type\":\"Article\",\"@id\":\"https:\\\/\\\/www.samenhaus.de\\\/gartenblog\\\/10-beliebte-heimische-ziergraeser-fuer-den-garten#article\",\"isPartOf\":{\"@id\":\"https:\\\/\\\/www.samenhaus.de\\\/gartenblog\\\/10-beliebte-heimische-ziergraeser-fuer-den-garten\"},\"author\":{\"name\":\"Holger\",\"@id\":\"https:\\\/\\\/www.samenhaus.de\\\/gartenblog\\\/#\\\/schema\\\/person\\\/de169769587431893823f62b2ce06c04\"},\"headline\":\"10 beliebte heimische Ziergr\u00e4ser f\u00fcr den Garten\",\"datePublished\":\"2025-09-14T07:00:47+00:00\",\"mainEntityOfPage\":{\"@id\":\"https:\\\/\\\/www.samenhaus.de\\\/gartenblog\\\/10-beliebte-heimische-ziergraeser-fuer-den-garten\"},\"wordCount\":1294,\"commentCount\":0,\"publisher\":{\"@id\":\"https:\\\/\\\/www.samenhaus.de\\\/gartenblog\\\/#organization\"},\"image\":{\"@id\":\"https:\\\/\\\/www.samenhaus.de\\\/gartenblog\\\/10-beliebte-heimische-ziergraeser-fuer-den-garten#primaryimage\"},\"thumbnailUrl\":\"https:\\\/\\\/www.samenhaus.de\\\/gartenblog\\\/wp-content\\\/uploads\\\/2025\\\/09\\\/Ziergraeser_1596508856-scaled.jpg\",\"inLanguage\":\"de\",\"potentialAction\":[{\"@type\":\"CommentAction\",\"name\":\"Comment\",\"target\":[\"https:\\\/\\\/www.samenhaus.de\\\/gartenblog\\\/10-beliebte-heimische-ziergraeser-fuer-den-garten#respond\"]}],\"copyrightYear\":\"2025\",\"copyrightHolder\":{\"@id\":\"https:\\\/\\\/www.samenhaus.de\\\/gartenblog\\\/#organization\"}},{\"@type\":\"WebPage\",\"@id\":\"https:\\\/\\\/www.samenhaus.de\\\/gartenblog\\\/10-beliebte-heimische-ziergraeser-fuer-den-garten\",\"url\":\"https:\\\/\\\/www.samenhaus.de\\\/gartenblog\\\/10-beliebte-heimische-ziergraeser-fuer-den-garten\",\"name\":\"10 beliebte heimische Ziergr\u00e4ser f\u00fcr den Garten - Samenhaus Gartenblog\",\"isPartOf\":{\"@id\":\"https:\\\/\\\/www.samenhaus.de\\\/gartenblog\\\/#website\"},\"primaryImageOfPage\":{\"@id\":\"https:\\\/\\\/www.samenhaus.de\\\/gartenblog\\\/10-beliebte-heimische-ziergraeser-fuer-den-garten#primaryimage\"},\"image\":{\"@id\":\"https:\\\/\\\/www.samenhaus.de\\\/gartenblog\\\/10-beliebte-heimische-ziergraeser-fuer-den-garten#primaryimage\"},\"thumbnailUrl\":\"https:\\\/\\\/www.samenhaus.de\\\/gartenblog\\\/wp-content\\\/uploads\\\/2025\\\/09\\\/Ziergraeser_1596508856-scaled.jpg\",\"datePublished\":\"2025-09-14T07:00:47+00:00\",\"description\":\"Ziergr\u00e4ser lockern Beete auf und sehen dazu noch h\u00fcbsch aus. Aber auch f\u00fcr Insekten k\u00f6nnen sie einen Nutzen haben.\",\"breadcrumb\":{\"@id\":\"https:\\\/\\\/www.samenhaus.de\\\/gartenblog\\\/10-beliebte-heimische-ziergraeser-fuer-den-garten#breadcrumb\"},\"inLanguage\":\"de\",\"potentialAction\":[{\"@type\":\"ReadAction\",\"target\":[\"https:\\\/\\\/www.samenhaus.de\\\/gartenblog\\\/10-beliebte-heimische-ziergraeser-fuer-den-garten\"]}]},{\"@type\":\"ImageObject\",\"inLanguage\":\"de\",\"@id\":\"https:\\\/\\\/www.samenhaus.de\\\/gartenblog\\\/10-beliebte-heimische-ziergraeser-fuer-den-garten#primaryimage\",\"url\":\"https:\\\/\\\/www.samenhaus.de\\\/gartenblog\\\/wp-content\\\/uploads\\\/2025\\\/09\\\/Ziergraeser_1596508856-scaled.jpg\",\"contentUrl\":\"https:\\\/\\\/www.samenhaus.de\\\/gartenblog\\\/wp-content\\\/uploads\\\/2025\\\/09\\\/Ziergraeser_1596508856-scaled.jpg\",\"width\":2048,\"height\":1153,\"caption\":\"Ziergras\"},{\"@type\":\"BreadcrumbList\",\"@id\":\"https:\\\/\\\/www.samenhaus.de\\\/gartenblog\\\/10-beliebte-heimische-ziergraeser-fuer-den-garten#breadcrumb\",\"itemListElement\":[{\"@type\":\"ListItem\",\"position\":1,\"name\":\"Startseite\",\"item\":\"https:\\\/\\\/www.samenhaus.de\\\/gartenblog\\\/\"},{\"@type\":\"ListItem\",\"position\":2,\"name\":\"10 beliebte heimische Ziergr\u00e4ser f\u00fcr den Garten\"}]},{\"@type\":\"WebSite\",\"@id\":\"https:\\\/\\\/www.samenhaus.de\\\/gartenblog\\\/#website\",\"url\":\"https:\\\/\\\/www.samenhaus.de\\\/gartenblog\\\/\",\"name\":\"Samenhaus Gartenblog\",\"description\":\"\",\"publisher\":{\"@id\":\"https:\\\/\\\/www.samenhaus.de\\\/gartenblog\\\/#organization\"},\"potentialAction\":[{\"@type\":\"SearchAction\",\"target\":{\"@type\":\"EntryPoint\",\"urlTemplate\":\"https:\\\/\\\/www.samenhaus.de\\\/gartenblog\\\/?s={search_term_string}\"},\"query-input\":{\"@type\":\"PropertyValueSpecification\",\"valueRequired\":true,\"valueName\":\"search_term_string\"}}],\"inLanguage\":\"de\"},{\"@type\":\"Organization\",\"@id\":\"https:\\\/\\\/www.samenhaus.de\\\/gartenblog\\\/#organization\",\"name\":\"Samenhaus.de Gartenblog\",\"url\":\"https:\\\/\\\/www.samenhaus.de\\\/gartenblog\\\/\",\"logo\":{\"@type\":\"ImageObject\",\"inLanguage\":\"de\",\"@id\":\"https:\\\/\\\/www.samenhaus.de\\\/gartenblog\\\/#\\\/schema\\\/logo\\\/image\\\/\",\"url\":\"https:\\\/\\\/www.samenhaus.de\\\/gartenblog\\\/wp-content\\\/uploads\\\/2020\\\/11\\\/logo.svg\",\"contentUrl\":\"https:\\\/\\\/www.samenhaus.de\\\/gartenblog\\\/wp-content\\\/uploads\\\/2020\\\/11\\\/logo.svg\",\"width\":1,\"height\":1,\"caption\":\"Samenhaus.de Gartenblog\"},\"image\":{\"@id\":\"https:\\\/\\\/www.samenhaus.de\\\/gartenblog\\\/#\\\/schema\\\/logo\\\/image\\\/\"},\"sameAs\":[\"https:\\\/\\\/de-de.facebook.com\\\/samenhaus\",\"https:\\\/\\\/x.com\\\/samenhaus\"]},{\"@type\":\"Person\",\"@id\":\"https:\\\/\\\/www.samenhaus.de\\\/gartenblog\\\/#\\\/schema\\\/person\\\/de169769587431893823f62b2ce06c04\",\"name\":\"Holger\",\"image\":{\"@type\":\"ImageObject\",\"inLanguage\":\"de\",\"@id\":\"https:\\\/\\\/www.samenhaus.de\\\/gartenblog\\\/wp-content\\\/uploads\\\/2026\\\/03\\\/Holger-150x150.png\",\"url\":\"https:\\\/\\\/www.samenhaus.de\\\/gartenblog\\\/wp-content\\\/uploads\\\/2026\\\/03\\\/Holger-150x150.png\",\"contentUrl\":\"https:\\\/\\\/www.samenhaus.de\\\/gartenblog\\\/wp-content\\\/uploads\\\/2026\\\/03\\\/Holger-150x150.png\",\"caption\":\"Holger\"},\"description\":\"6.000.000 W\u00f6rter \u2013 so viel k\u00f6nnen Sie in etwa von mir online lesen. Das F\u00fcllen des Internets entwickelte sich nach meiner Ausbildung zum TV-Redakteur und der langj\u00e4hrigen Arbeit bei SAT.1 zu einem Fulltime-Job. Trotzdem finde ich noch gen\u00fcgend Zeit, um in meinem Garten zu werkeln. Eine Staude hier, ein Bl\u00fcmchen dort und ein bisschen Gem\u00fcse darf auch nicht fehlen \u2013 einen Schnitzelbaum gibt es ja noch nicht \u2026 Die besten geistigen Erg\u00fcsse habe ich \u00fcbrigens, wenn ich IM Garten \u00dcBER den Garten schreiben kann. So vereinen sich Beruf und Hobby perfekt \u2013 was gibt es Sch\u00f6neres?\",\"url\":\"https:\\\/\\\/www.samenhaus.de\\\/gartenblog\\\/author\\\/holger\"}]}<\/script>\n<!-- \/ Yoast SEO plugin. -->","yoast_head_json":{"title":"10 beliebte heimische Ziergr\u00e4ser f\u00fcr den Garten - Samenhaus Gartenblog","description":"Ziergr\u00e4ser lockern Beete auf und sehen dazu noch h\u00fcbsch aus. Aber auch f\u00fcr Insekten k\u00f6nnen sie einen Nutzen haben.","robots":{"index":"index","follow":"follow","max-snippet":"max-snippet:-1","max-image-preview":"max-image-preview:large","max-video-preview":"max-video-preview:-1"},"canonical":"https:\/\/www.samenhaus.de\/gartenblog\/10-beliebte-heimische-ziergraeser-fuer-den-garten","og_locale":"de_DE","og_type":"article","og_title":"10 beliebte heimische Ziergr\u00e4ser f\u00fcr den Garten - Samenhaus Gartenblog","og_description":"Ziergr\u00e4ser lockern Beete auf und sehen dazu noch h\u00fcbsch aus. Aber auch f\u00fcr Insekten k\u00f6nnen sie einen Nutzen haben.","og_url":"https:\/\/www.samenhaus.de\/gartenblog\/10-beliebte-heimische-ziergraeser-fuer-den-garten","og_site_name":"Samenhaus Gartenblog","article_publisher":"https:\/\/de-de.facebook.com\/samenhaus","article_published_time":"2025-09-14T07:00:47+00:00","og_image":[{"width":2048,"height":1153,"url":"https:\/\/www.samenhaus.de\/gartenblog\/wp-content\/uploads\/2025\/09\/Ziergraeser_1596508856-scaled.jpg","type":"image\/jpeg"}],"author":"Holger","twitter_card":"summary_large_image","twitter_creator":"@samenhaus","twitter_site":"@samenhaus","twitter_misc":{"Verfasst von":"Holger","Gesch\u00e4tzte Lesezeit":"9\u00a0Minuten"},"schema":{"@context":"https:\/\/schema.org","@graph":[{"@type":"Article","@id":"https:\/\/www.samenhaus.de\/gartenblog\/10-beliebte-heimische-ziergraeser-fuer-den-garten#article","isPartOf":{"@id":"https:\/\/www.samenhaus.de\/gartenblog\/10-beliebte-heimische-ziergraeser-fuer-den-garten"},"author":{"name":"Holger","@id":"https:\/\/www.samenhaus.de\/gartenblog\/#\/schema\/person\/de169769587431893823f62b2ce06c04"},"headline":"10 beliebte heimische Ziergr\u00e4ser f\u00fcr den Garten","datePublished":"2025-09-14T07:00:47+00:00","mainEntityOfPage":{"@id":"https:\/\/www.samenhaus.de\/gartenblog\/10-beliebte-heimische-ziergraeser-fuer-den-garten"},"wordCount":1294,"commentCount":0,"publisher":{"@id":"https:\/\/www.samenhaus.de\/gartenblog\/#organization"},"image":{"@id":"https:\/\/www.samenhaus.de\/gartenblog\/10-beliebte-heimische-ziergraeser-fuer-den-garten#primaryimage"},"thumbnailUrl":"https:\/\/www.samenhaus.de\/gartenblog\/wp-content\/uploads\/2025\/09\/Ziergraeser_1596508856-scaled.jpg","inLanguage":"de","potentialAction":[{"@type":"CommentAction","name":"Comment","target":["https:\/\/www.samenhaus.de\/gartenblog\/10-beliebte-heimische-ziergraeser-fuer-den-garten#respond"]}],"copyrightYear":"2025","copyrightHolder":{"@id":"https:\/\/www.samenhaus.de\/gartenblog\/#organization"}},{"@type":"WebPage","@id":"https:\/\/www.samenhaus.de\/gartenblog\/10-beliebte-heimische-ziergraeser-fuer-den-garten","url":"https:\/\/www.samenhaus.de\/gartenblog\/10-beliebte-heimische-ziergraeser-fuer-den-garten","name":"10 beliebte heimische Ziergr\u00e4ser f\u00fcr den Garten - Samenhaus Gartenblog","isPartOf":{"@id":"https:\/\/www.samenhaus.de\/gartenblog\/#website"},"primaryImageOfPage":{"@id":"https:\/\/www.samenhaus.de\/gartenblog\/10-beliebte-heimische-ziergraeser-fuer-den-garten#primaryimage"},"image":{"@id":"https:\/\/www.samenhaus.de\/gartenblog\/10-beliebte-heimische-ziergraeser-fuer-den-garten#primaryimage"},"thumbnailUrl":"https:\/\/www.samenhaus.de\/gartenblog\/wp-content\/uploads\/2025\/09\/Ziergraeser_1596508856-scaled.jpg","datePublished":"2025-09-14T07:00:47+00:00","description":"Ziergr\u00e4ser lockern Beete auf und sehen dazu noch h\u00fcbsch aus. Aber auch f\u00fcr Insekten k\u00f6nnen sie einen Nutzen haben.","breadcrumb":{"@id":"https:\/\/www.samenhaus.de\/gartenblog\/10-beliebte-heimische-ziergraeser-fuer-den-garten#breadcrumb"},"inLanguage":"de","potentialAction":[{"@type":"ReadAction","target":["https:\/\/www.samenhaus.de\/gartenblog\/10-beliebte-heimische-ziergraeser-fuer-den-garten"]}]},{"@type":"ImageObject","inLanguage":"de","@id":"https:\/\/www.samenhaus.de\/gartenblog\/10-beliebte-heimische-ziergraeser-fuer-den-garten#primaryimage","url":"https:\/\/www.samenhaus.de\/gartenblog\/wp-content\/uploads\/2025\/09\/Ziergraeser_1596508856-scaled.jpg","contentUrl":"https:\/\/www.samenhaus.de\/gartenblog\/wp-content\/uploads\/2025\/09\/Ziergraeser_1596508856-scaled.jpg","width":2048,"height":1153,"caption":"Ziergras"},{"@type":"BreadcrumbList","@id":"https:\/\/www.samenhaus.de\/gartenblog\/10-beliebte-heimische-ziergraeser-fuer-den-garten#breadcrumb","itemListElement":[{"@type":"ListItem","position":1,"name":"Startseite","item":"https:\/\/www.samenhaus.de\/gartenblog\/"},{"@type":"ListItem","position":2,"name":"10 beliebte heimische Ziergr\u00e4ser f\u00fcr den Garten"}]},{"@type":"WebSite","@id":"https:\/\/www.samenhaus.de\/gartenblog\/#website","url":"https:\/\/www.samenhaus.de\/gartenblog\/","name":"Samenhaus Gartenblog","description":"","publisher":{"@id":"https:\/\/www.samenhaus.de\/gartenblog\/#organization"},"potentialAction":[{"@type":"SearchAction","target":{"@type":"EntryPoint","urlTemplate":"https:\/\/www.samenhaus.de\/gartenblog\/?s={search_term_string}"},"query-input":{"@type":"PropertyValueSpecification","valueRequired":true,"valueName":"search_term_string"}}],"inLanguage":"de"},{"@type":"Organization","@id":"https:\/\/www.samenhaus.de\/gartenblog\/#organization","name":"Samenhaus.de Gartenblog","url":"https:\/\/www.samenhaus.de\/gartenblog\/","logo":{"@type":"ImageObject","inLanguage":"de","@id":"https:\/\/www.samenhaus.de\/gartenblog\/#\/schema\/logo\/image\/","url":"https:\/\/www.samenhaus.de\/gartenblog\/wp-content\/uploads\/2020\/11\/logo.svg","contentUrl":"https:\/\/www.samenhaus.de\/gartenblog\/wp-content\/uploads\/2020\/11\/logo.svg","width":1,"height":1,"caption":"Samenhaus.de Gartenblog"},"image":{"@id":"https:\/\/www.samenhaus.de\/gartenblog\/#\/schema\/logo\/image\/"},"sameAs":["https:\/\/de-de.facebook.com\/samenhaus","https:\/\/x.com\/samenhaus"]},{"@type":"Person","@id":"https:\/\/www.samenhaus.de\/gartenblog\/#\/schema\/person\/de169769587431893823f62b2ce06c04","name":"Holger","image":{"@type":"ImageObject","inLanguage":"de","@id":"https:\/\/www.samenhaus.de\/gartenblog\/wp-content\/uploads\/2026\/03\/Holger-150x150.png","url":"https:\/\/www.samenhaus.de\/gartenblog\/wp-content\/uploads\/2026\/03\/Holger-150x150.png","contentUrl":"https:\/\/www.samenhaus.de\/gartenblog\/wp-content\/uploads\/2026\/03\/Holger-150x150.png","caption":"Holger"},"description":"6.000.000 W\u00f6rter \u2013 so viel k\u00f6nnen Sie in etwa von mir online lesen. Das F\u00fcllen des Internets entwickelte sich nach meiner Ausbildung zum TV-Redakteur und der langj\u00e4hrigen Arbeit bei SAT.1 zu einem Fulltime-Job. Trotzdem finde ich noch gen\u00fcgend Zeit, um in meinem Garten zu werkeln. Eine Staude hier, ein Bl\u00fcmchen dort und ein bisschen Gem\u00fcse darf auch nicht fehlen \u2013 einen Schnitzelbaum gibt es ja noch nicht \u2026 Die besten geistigen Erg\u00fcsse habe ich \u00fcbrigens, wenn ich IM Garten \u00dcBER den Garten schreiben kann. So vereinen sich Beruf und Hobby perfekt \u2013 was gibt es Sch\u00f6neres?","url":"https:\/\/www.samenhaus.de\/gartenblog\/author\/holger"}]}},"wp-worthy-pixel":{"ignored":false,"public":"320ebefecec444998889749d563be8e5","server":"vg01.met.vgwort.de","url":"https:\/\/vg01.met.vgwort.de\/na\/320ebefecec444998889749d563be8e5"},"wp-worthy-type":"normal","_links":{"self":[{"href":"https:\/\/www.samenhaus.de\/gartenblog\/wp-json\/wp\/v2\/posts\/22369","targetHints":{"allow":["GET"]}}],"collection":[{"href":"https:\/\/www.samenhaus.de\/gartenblog\/wp-json\/wp\/v2\/posts"}],"about":[{"href":"https:\/\/www.samenhaus.de\/gartenblog\/wp-json\/wp\/v2\/types\/post"}],"author":[{"embeddable":true,"href":"https:\/\/www.samenhaus.de\/gartenblog\/wp-json\/wp\/v2\/users\/13"}],"replies":[{"embeddable":true,"href":"https:\/\/www.samenhaus.de\/gartenblog\/wp-json\/wp\/v2\/comments?post=22369"}],"version-history":[{"count":7,"href":"https:\/\/www.samenhaus.de\/gartenblog\/wp-json\/wp\/v2\/posts\/22369\/revisions"}],"predecessor-version":[{"id":22421,"href":"https:\/\/www.samenhaus.de\/gartenblog\/wp-json\/wp\/v2\/posts\/22369\/revisions\/22421"}],"wp:featuredmedia":[{"embeddable":true,"href":"https:\/\/www.samenhaus.de\/gartenblog\/wp-json\/wp\/v2\/media\/22418"}],"wp:attachment":[{"href":"https:\/\/www.samenhaus.de\/gartenblog\/wp-json\/wp\/v2\/media?parent=22369"}],"wp:term":[{"taxonomy":"category","embeddable":true,"href":"https:\/\/www.samenhaus.de\/gartenblog\/wp-json\/wp\/v2\/categories?post=22369"},{"taxonomy":"post_tag","embeddable":true,"href":"https:\/\/www.samenhaus.de\/gartenblog\/wp-json\/wp\/v2\/tags?post=22369"},{"taxonomy":"hersteller","embeddable":true,"href":"https:\/\/www.samenhaus.de\/gartenblog\/wp-json\/wp\/v2\/hersteller?post=22369"}],"curies":[{"name":"wp","href":"https:\/\/api.w.org\/{rel}","templated":true}]}}