{"id":22467,"date":"2025-10-24T09:00:19","date_gmt":"2025-10-24T07:00:19","guid":{"rendered":"https:\/\/www.samenhaus.de\/gartenblog\/?p=22467"},"modified":"2025-10-20T11:08:26","modified_gmt":"2025-10-20T09:08:26","slug":"sie-fragen-wir-antworten-alles-rund-um-den-apfel","status":"publish","type":"post","link":"https:\/\/www.samenhaus.de\/gartenblog\/sie-fragen-wir-antworten-alles-rund-um-den-apfel","title":{"rendered":"Sie fragen \u2013 wir antworten: Alles rund um den Apfel"},"content":{"rendered":"<p>Mit knappem Vorsprung sind \u00c4pfel das beliebteste Obst der Deutschen, gefolgt von Bananen, Erdbeeren, Weintrauben und Orangen. Schon vor 10.000 Jahren a\u00df man \u00c4pfel, kultiviert werden sie bereits seit rund 6.000 Jahren. Die urspr\u00fcngliche Heimat von Wild\u00e4pfeln war Zentralasien, genauer das Gebiet des heutigen Kasachstan. Von dort aus brachten ihn die R\u00f6mer nach Europa. Heute gibt es weltweit \u00fcber 30.000 verschiedene Apfelsorten, in Deutschland werden etwa 2.000 Sorten kultiviert. Haben Sie auch Apfelb\u00e4ume im Garten? Denn k\u00f6nnte Sie die eine oder andere Userfrage durchaus interessieren.<\/p>\n<h2><span class=\"ez-toc-section\" id=\"Welcher_Apfelbaum_eignet_sich_am_besten_fuer_kleine_Gaerten\"><\/span><strong>Welcher Apfelbaum eignet sich am besten f\u00fcr kleine G\u00e4rten?<\/strong><span class=\"ez-toc-section-end\"><\/span><\/h2>\n<p>Ein durchschnittlicher Apfelbaum erreicht eine H\u00f6he von 2 bis 4 Metern. Das kann in einem kleinen Garten bereits sehr viel Platz wegnehmen, da man nicht nur die H\u00f6he beachten muss, sondern auch den Kronendurchmesser. Daher ist es gerade f\u00fcr kleine G\u00e4rten zu empfehlen, auf platzsparende Apfelsorten zu setzen. Daf\u00fcr eignen sich:<\/p>\n<ul>\n<li><strong>Spindel- oder S\u00e4ulenapfelb\u00e4ume:<\/strong> Sie haben einen schlanken Wuchs und ben\u00f6tigen in der Breite mit bis zu 80 Zentimetern relativ wenig Platz. Diese Apfelb\u00e4ume k\u00f6nnen sogar im gro\u00dfen K\u00fcbel gehalten werden und sind damit f\u00fcr Balkon und Terrasse ebenfalls geeignet. Sortenbeispiele sind &#8222;Rhapsodie&#8220;, &#8222;Sonata&#8220;, &#8222;Bolero&#8220; und &#8222;Rondo&#8220;.<\/li>\n<li><strong>Zwerg-Apfelb\u00e4ume:<\/strong> Sie bleiben oft mit unter 2 Metern H\u00f6he sehr klein und k\u00f6nnen auf schwach wachsenden Unterlagen veredelt werden. Geeignet f\u00fcr kleine Rasenfl\u00e4chen und sogar im Hochbeet. Sortenbeispiele sind &#8222;Ballerina&#8220;, &#8222;Golden Spur&#8220; und &#8222;Obelisk&#8220;.<\/li>\n<li><strong>Halbst\u00e4mme auf schwach wachsenden Unterlagen:<\/strong> Sie sind kompakter als Hochst\u00e4mme und bieten einen guten Kompromiss zwischen Ertrag und Platzbedarf.<\/li>\n<\/ul>\n<h2><span class=\"ez-toc-section\" id=\"Muss_ich_zwei_Apfelbaeume_pflanzen_damit_ich_Fruechte_ernten_kann\"><\/span><strong>Muss ich zwei Apfelb\u00e4ume pflanzen, damit ich Fr\u00fcchte ernten kann?<\/strong><span class=\"ez-toc-section-end\"><\/span><\/h2>\n<p>Meistens ja, aber nicht zwingend. Wichtig zu wissen: Die meisten Apfelsorten sind nicht selbstfruchtend und brauchen somit Pollen einer anderen Sorte. Sofern sich keine Apfelb\u00e4ume beim Nachbarn befinden (in einem Abstand von ca. 50 Metern), brauchen Sie also einen zweiten Baum. Und nat\u00fcrlich Bienen und Insekten, die f\u00fcr die Best\u00e4ubung sorgen (Stichwort: naturnaher Garten).<\/p>\n<p>Dann gibt es aber auch Sorten, die selbstfruchtend sind. Dazu geh\u00f6ren &#8222;Topaz&#8220;, &#8222;Redlane&#8220;, &#8222;James Grieve&#8220; und als teilselbstfruchtende Sorte &#8222;Cox Orange&#8220;. Dennoch ist es immer sinnvoll, zwei Apfelb\u00e4ume zu pflanzen.<\/p>\n<h2><span class=\"ez-toc-section\" id=\"Welcher_Standort_ist_fuer_Apfelbaeume_ideal\"><\/span><strong>Welcher Standort ist f\u00fcr Apfelb\u00e4ume ideal?<\/strong><span class=\"ez-toc-section-end\"><\/span><\/h2>\n<p>Ideal ist ein Standort in der vollen Sonne \u2013 pro Tag sollten es mindestens 6 Stunden Sonne sein. Je mehr Sonne, umso besser ist die Fruchtbildung, umso geringer die Krankheitsanf\u00e4lligkeit und umso s\u00fc\u00dfer die Fr\u00fcchte. Wichtig ist aber auch eine gute Luftzirkulation um Pilzkrankheiten wie Apfelschorf oder Mehltau vorzubeugen.<\/p>\n<p>Der Boden sollte durchl\u00e4ssig und humusreich sein, der pH-Wert zwischen 6 und 7 liegen. Achten Sie zudem auf ausreichend Abstand zu anderen B\u00e4umen oder zu Geb\u00e4uden. S\u00e4ulen- oder Zwergb\u00e4ume brauchen einen Abstand von 1 bis 1,5 Metern, Buschb\u00e4ume von 2 bis 3 Metern und Halbst\u00e4mme von 4 bis 5 Metern.<\/p>\n<h2><span class=\"ez-toc-section\" id=\"Wie_und_wann_sollte_ich_meinen_Apfelbaum_schneiden\"><\/span><strong>Wie und wann sollte ich meinen Apfelbaum schneiden?<\/strong><span class=\"ez-toc-section-end\"><\/span><\/h2>\n<p>Der Schnitt eines Apfelbaums sollte zweimal im Jahr stattfinden:<\/p>\n<ol>\n<li><strong>Winterschnitt (Januar bis M\u00e4rz):<\/strong> Dies ist der Hauptschnitt. Er soll den Baum zum Wachstum, zum Formaufbau und zur Kronenerziehung anregen. Geschnitten wird nach den st\u00e4rksten Fr\u00f6sten aber vor dem Austrieb. Gut geeignet ist der Winterschnitt f\u00fcr junge B\u00e4ume, um die gew\u00fcnschte Struktur aufzubauen. Bei \u00e4lteren B\u00e4umen gen\u00fcgt ein Auslichten und Verj\u00fcngen, um den Ertrag zu f\u00f6rdern.<\/li>\n<li><strong>Sommerschnitt (Juli bis September):<\/strong> Dabei handelt es sich um den Feinschnitt. Das Ziel ist, das Wachstum zu bremsen, Licht in die Baumkrone zu bringen und die Qualit\u00e4t der Fr\u00fcchte zu verbessern. Sehr gut geeignet bei stark wachsenden B\u00e4umen, um sie kompakt zu halten. Zudem k\u00f6nnen kranke oder steil wachsende Triebe entfernt werden.<\/li>\n<\/ol>\n<p>Neben dem &#8222;Wann&#8220; ist auch das &#8222;Wie&#8220; wichtig. Hier einige Grundregeln:<\/p>\n<ul>\n<li><strong>Krone auslichten:<\/strong> Entfernen Sie alle nach innen wachsende, sich \u00fcberkreuzende und sich reibende Triebe, damit Licht und Luft die \u00c4ste erreichen.<\/li>\n<li><strong>Wasserschosse entfernen:<\/strong> Steil in die H\u00f6he wachsende Triebe tragen keine Fr\u00fcchte und sollten ebenfalls entfernt werden.<\/li>\n<li><strong>Leit\u00e4ste flach f\u00fchren:<\/strong> Die Haupt\u00e4ste, auch Leit\u00e4ste genannt, sollten in einem Winkel von ca. 45 bis 60 Grad wachsen. Flache \u00c4ste bieten mehr Fruchtans\u00e4tze.<\/li>\n<li><strong>Nicht zu stark schneiden:<\/strong> Ein zu starker R\u00fcckschnitt f\u00f6rdert viele Wasserschosse, daher regelm\u00e4\u00dfig aber ma\u00dfvoll schneiden.<\/li>\n<li><strong>Saubere Schnittf\u00fchrung:<\/strong> Geschnitten wird \u00fcber einer nach au\u00dfen gerichteten Knospe oder Astgabelung. Schneiden Sie nicht zu tief, der Astkragen (Ansatzstelle an der Basis zwischen Ast und Stamm) muss dran bleiben.<\/li>\n<\/ul>\n<p>Bei alten oder vernachl\u00e4ssigten B\u00e4umen sollte der Verj\u00fcngungsschnitt \u00fcber mehrere Jahre verteilt werden. Alte \u00c4ste, die keine Fr\u00fcchte mehr tragen, allm\u00e4hlich entfernen und auf eine Ausgewogenheit zwischen Alt- und Neuholz achten.<\/p>\n<h2><span class=\"ez-toc-section\" id=\"Wie_duenge_ich_meinen_Apfelbaum_am_besten\"><\/span><strong>Wie d\u00fcnge ich meinen Apfelbaum am besten?<\/strong><span class=\"ez-toc-section-end\"><\/span><\/h2>\n<p>Ged\u00fcngt wird im Fr\u00fchjahr direkt nach dem Austrieb im M\u00e4rz oder April. Diese Hauptd\u00fcngung f\u00f6rdert Bl\u00e4tter- und Bl\u00fctenbildung. Eine Nachd\u00fcngung bei Bedarf kann dann im Juni oder Juli erfolgen. Dies ist nur bei n\u00e4hrstoffarmen B\u00f6den oder bei schwachem Wachstum n\u00f6tig. Im Herbst wird nicht mehr ged\u00fcngt, da der Baum sonst neu austreibt.<\/p>\n<p>D\u00fcngen Sie entweder mit langsam und nat\u00fcrlich wirkendem organischem D\u00fcnger wie Kompost, Hornsp\u00e4ne, gut verrotteten Pferdemist f\u00fcr eine langfristige Bodenverbesserung. Sie k\u00f6nnen auch schnell und gezielt mit einem mineralischen D\u00fcnger arbeiten, der ein ausgewogenes N-P-K Verh\u00e4ltnis (zum Beispiel 8-8-10) bietet. Sofern die Fr\u00fcchte klein bleiben oder das Laub zu fr\u00fch gelb wird, kann ein kaliumbetonter D\u00fcnger im Sp\u00e4tsommer helfen.<\/p>\n<h2><span class=\"ez-toc-section\" id=\"Wie_alt_wird_ein_Apfelbaum_im_Garten_durchschnittlich\"><\/span><strong>Wie alt wird ein Apfelbaum im Garten durchschnittlich?<\/strong><span class=\"ez-toc-section-end\"><\/span><\/h2>\n<p>Das kommt auf verschiedene Einfl\u00fcsse wie die Unterlage (schwach oder stark wachsende Unterlagen), die Pflege, den Standort und auf Krankheiten und Sch\u00e4dlinge an. Je nach Wuchsform kann ein Apfelbaum 20 bis 100 Jahre alt werden.<\/p>\n<table>\n<tbody>\n<tr>\n<td><strong>Baumtyp<\/strong><\/td>\n<td><strong>Lebensdauer<\/strong><\/td>\n<td><strong>Hinweise<\/strong><\/td>\n<\/tr>\n<tr>\n<td><\/td>\n<td><\/td>\n<td><\/td>\n<\/tr>\n<tr>\n<td><strong>Hochstamm<\/strong><\/td>\n<td>60 bis 100 Jahre<\/td>\n<td>Sehr langlebig, braucht viel Platz<\/td>\n<\/tr>\n<tr>\n<td><strong>Halbstamm<\/strong><\/td>\n<td>40 bis 60 Jahre<\/td>\n<td>Stabiler Aufbau, gute Ertr\u00e4ge<\/td>\n<\/tr>\n<tr>\n<td><strong>Buschbaum\/Spindel<\/strong><\/td>\n<td>20 bis 30 Jahre<\/td>\n<td>Kompakter Wuchs, einfach zu pflegen<\/td>\n<\/tr>\n<tr>\n<td><strong>S\u00e4ulen- oder Zwergform<\/strong><\/td>\n<td>15 bis 20 Jahre<\/td>\n<td>Platzsparend, k\u00fcrzere Lebensdauer<\/td>\n<\/tr>\n<\/tbody>\n<\/table>\n<h2><\/h2>\n<h2><span class=\"ez-toc-section\" id=\"Mein_Apfelbaum_traegt_nur_alle_2_Jahre_Fruechte_%E2%80%93_ist_das_normal\"><\/span><strong>Mein Apfelbaum tr\u00e4gt nur alle 2 Jahre Fr\u00fcchte \u2013 ist das normal?<\/strong><span class=\"ez-toc-section-end\"><\/span><\/h2>\n<p>Keine Sorge, das ist normal! Der Fachmann spricht dabei von Alternanz. Diese tritt auf, weil der Baum in einem guten Jahr viel Energie in die Fruchtbildung steckt und die Bildung der neuen Bl\u00fctenknospen dabei vernachl\u00e4ssigt wird. So kann es passieren, dass der Baum im 2. Jahr keine oder nur sehr wenige Fr\u00fcchte ausbildet. Diese nat\u00fcrlichen Schwankungen im Ertrag kommen bei zahlreichen Apfelsorten vor, darunter &#8222;Boskoop&#8220;, &#8222;Cox Orange&#8220;, &#8222;Berlepsch&#8220; und &#8222;Elstar&#8220;.<\/p>\n<p>Vermeiden l\u00e4sst sich die Alternanz durch eine Fruchtausd\u00fcnnung im Sommer, durch einen regelm\u00e4\u00dfigen Schnitt und durch ausgewogene D\u00fcngung.<\/p>\n<h2><span class=\"ez-toc-section\" id=\"Welche_Apfelsorten_sind_besonders_robust_gegenueber_Krankheiten\"><\/span><strong>Welche Apfelsorten sind besonders robust gegen\u00fcber Krankheiten?<\/strong><span class=\"ez-toc-section-end\"><\/span><\/h2>\n<p>Ob ein Apfelbaum von Krankheiten befallen wird, h\u00e4ngt nicht immer nur an den richtigen Pflegema\u00dfnahmen. Es gibt auch Sorten, die anf\u00e4lliger sind als andere. So werden zunehmend Apfelsorten gez\u00fcchtet, die krankheitsresistent sind.<\/p>\n<table>\n<tbody>\n<tr>\n<td><strong>Sorte<\/strong><\/td>\n<td><strong>Resistent gegen<\/strong><\/td>\n<td><strong>Geschmack<\/strong><\/td>\n<td><strong>Besonderheiten<\/strong><\/td>\n<\/tr>\n<tr>\n<td><\/td>\n<td><\/td>\n<td><\/td>\n<td><\/td>\n<\/tr>\n<tr>\n<td><strong>Florina<\/strong><\/td>\n<td>Apfelschorf, Mehltau<\/td>\n<td>S\u00fc\u00df, aromatisch<\/td>\n<td>Winterapfel, sch\u00f6ne rote Fr\u00fcchte<\/td>\n<\/tr>\n<tr>\n<td><strong>Goldrush<\/strong><\/td>\n<td>Apfelschorf, teilweise Mehltau<\/td>\n<td>Kr\u00e4ftig, s\u00fc\u00df-s\u00e4uerlich<\/td>\n<td>Lagerf\u00e4hig, hohe Zuckerwerte<\/td>\n<\/tr>\n<tr>\n<td><strong>Liberty<\/strong><\/td>\n<td>Apfelschorf, Feuerbrand, Mehltau<\/td>\n<td>Mild, s\u00fc\u00df, saftig<\/td>\n<td>Sehr robust, gute Ertr\u00e4ge<\/td>\n<\/tr>\n<tr>\n<td><strong>Pilot<\/strong><\/td>\n<td>Apfelschorf, teilweise Mehltau<\/td>\n<td>S\u00fc\u00df, ausgewogen<\/td>\n<td>Sehr gut lagerf\u00e4hig, festes Fruchtfleisch<\/td>\n<\/tr>\n<tr>\n<td><strong>Rewena<\/strong><\/td>\n<td>Apfelschorf, Krebs, Mehltau<\/td>\n<td>W\u00fcrzig, eher s\u00e4uerlich<\/td>\n<td>Winterapfel, lange lagerf\u00e4hig<\/td>\n<\/tr>\n<tr>\n<td><strong>Rubinola<\/strong><\/td>\n<td>Apfelschorf<\/td>\n<td>Kr\u00e4ftig, aromatisch<\/td>\n<td>Lagerf\u00e4hig, robuster Herbstapfel<\/td>\n<\/tr>\n<tr>\n<td><strong>Santana<\/strong><\/td>\n<td>Apfelschorf, Meltau<\/td>\n<td>Fruchtig, leicht s\u00e4uerlich<\/td>\n<td>Auch f\u00fcr manche Apfelallergiker gut geeignet<\/td>\n<\/tr>\n<tr>\n<td><strong>Topaz<\/strong><\/td>\n<td>Apfelschorf, Mehltau<\/td>\n<td>Aromatisch, s\u00fc\u00df-s\u00e4uerlich<\/td>\n<td>Herbstapfel, sehr beliebt im Bioanbau<\/td>\n<\/tr>\n<\/tbody>\n<\/table>\n<h2><\/h2>\n<h2><span class=\"ez-toc-section\" id=\"Wie_kann_ich_Apfelschorf_biologisch_bekaempfen\"><\/span><strong>Wie kann ich Apfelschorf biologisch bek\u00e4mpfen?<\/strong><span class=\"ez-toc-section-end\"><\/span><\/h2>\n<p>Apfelschorf ist ein Pilz namens Venturia inaequalis, der Bl\u00e4tter, Fr\u00fcchte und junge Triebe bef\u00e4llt und das vor allem bei feuchtem Wetter im Fr\u00fchling. Erkennen k\u00f6nnen Sie Apfelschorf durch olivgr\u00fcne bis braunschwarze Flecken auf den Bl\u00e4ttern (sp\u00e4ter bilden sich Risse und Deformationen), durch dunkle, raue und schorfige Flecken auf den Fr\u00fcchten und durch Rissbildungen an jungen Zweigen.<\/p>\n<p>Biologisch bek\u00e4mpfen k\u00f6nnen Sie Apfelschorf folgenderma\u00dfen:<\/p>\n<ul>\n<li>Mit Backpulverl\u00f6sung (1 Teel\u00f6ffel Natron, 1 Teel\u00f6ffel Raps\u00f6l, 1 Liter Wasser) alle 10 bis 14 Tage den Baum einspr\u00fchen. Dieses leicht alkalische Mittel bietet nur aber nur einen schwachen Schutz.<\/li>\n<li>Schwefelpr\u00e4parate wie Netzschwefel sollten vor und w\u00e4hrend der Bl\u00fcte bei Feuchtem Wetter gegeben werden. Sie t\u00f6ten die Pilzsporen bei Kontakt ab und k\u00f6nnen einen Neubefall verhindern.<\/li>\n<li>Pflanzenst\u00e4rkungsmittel wie Ackerschachtelhalmextrakt werden regelm\u00e4\u00dfig ab dem Austrieb gespritzt. Es ist zwar kein Fungizid, kann aber die Abwehrkr\u00e4fte st\u00e4rken.<\/li>\n<\/ul>\n<p>Am besten funktioniert die Behandlung vorbeugend und sollte zu Beginn und w\u00e4hrend der Bl\u00fcte bei feuchtem Wetter stattfinden. Eine Wiederholung nach Regen oder im Abstand von 10 bis 14 Tagen ist anzuraten.<\/p>\n<h2><span class=\"ez-toc-section\" id=\"Mein_Apfelbaum_blueht_bekommt_aber_keine_Fruechte_%E2%80%93_woran_liegt_das\"><\/span><strong>Mein Apfelbaum bl\u00fcht, bekommt aber keine Fr\u00fcchte \u2013 woran liegt das?<\/strong><span class=\"ez-toc-section-end\"><\/span><\/h2>\n<p>Dieses Problem kann mehrere Ursachen haben:<\/p>\n<ol>\n<li><strong>Mangelnde Best\u00e4ubung:<\/strong> Da die meisten Apfelb\u00e4ume auf Fremdpollen angewiesen sind, kann das Fehlen von Insekten daf\u00fcr verantwortlich sein. Schaffen Sie eine bienenfreundliche Umgebung und w\u00e4hlen Sie eine passende Befruchtersorte.<\/li>\n<li><strong>Witterungsbedingungen:<\/strong> Zu niedrige Temperaturen, zu viel Regen oder auch zu viel Wind zur Bl\u00fctezeit verhindern den Insektenflug, weswegen die Best\u00e4ubung nur sp\u00e4rlich oder gar nicht stattfindet. Da dies witterungsabh\u00e4ngig ist, k\u00f6nnen Sie dagegen leider nichts unternehmen, als auf besseres Wetter zu warten.<\/li>\n<li><strong>Zu starker R\u00fcckschnitt:<\/strong> Achten Sie beim Schnitt darauf, nicht zu viele Bl\u00fctenknospen zu entfernen.<\/li>\n<li><strong>\u00dcberd\u00fcngung:<\/strong> Insbesondere mit Stickstoff, der das Blatt- aber nicht das Bl\u00fctenwachstum f\u00f6rdert.<\/li>\n<li><strong>Baum zu jung oder zu alt:<\/strong> Junge B\u00e4ume brauchen oft 3 bis 5 Jahre, um die ersten Fr\u00fcchte zu tragen. Sehr alte B\u00e4ume dagegen bl\u00fchen zwar, aber tragen schlechter.<\/li>\n<li><strong>Frost:<\/strong> Sp\u00e4tfroste k\u00f6nnen Bl\u00fcten erfrieren lassen und somit die Bildung von Fr\u00fcchten verhindern. Fr\u00fchbl\u00fchende Sorten sollte Sie in frostgesch\u00fctzten Lagen pflanzen und gegebenenfalls mit Vlies sch\u00fctzen.<\/li>\n<\/ol>\n<h2><span class=\"ez-toc-section\" id=\"Was_hilft_gegen_Wurmstichigkeit_bei_Aepfeln\"><\/span><strong>Was hilft gegen Wurmstichigkeit bei \u00c4pfeln?<\/strong><span class=\"ez-toc-section-end\"><\/span><\/h2>\n<p>Braune L\u00f6cher in der Schale mit braunen Kr\u00fcmeln (Bohrmehl), gefolgt von Fra\u00dfg\u00e4ngen und nicht selten ist der Wurm sogar noch im Apfel \u2013 die Wurmstichigkeit ist ein h\u00e4ufiges Problem im Hausgarten. Verantwortlich ist der Apfelwickler, ein nachtaktiver Schmetterling, der seine Eier auf junge Fr\u00fcchte legt. Da die Larven etwas zum Essen brauchen, bohren sie sich in den Apfel und fressen das Fruchtfleisch. Sp\u00e4ter verpuppten sie sich unter der Baumrinde oder im Boden und alles beginnt von Neuem. Und das k\u00f6nnen Sie gegen den Apfelwickler tun:<\/p>\n<ul>\n<li><strong>Pheromonfallen aufh\u00e4ngen:<\/strong> Die Fallen werden in die B\u00e4ume geh\u00e4ngt und locken M\u00e4nnchen an, wodurch die Paarung unterbrochen wird. Pro Baum gen\u00fcgt 1 Falle, die Sie ab Mai aufh\u00e4ngen sollten.<\/li>\n<li><strong>N\u00fctzlinge f\u00f6rdern:<\/strong> V\u00f6gel, Schlupfwespen, Florfliegen und Flederm\u00e4use fressen Falter und Larven und sollten daher durch Nistk\u00e4sten und eine insektenfreundliche Bepflanzung gef\u00f6rdert werden.<\/li>\n<li><strong>Fr\u00fcchte entfernen:<\/strong> Kontrollieren Sie regelm\u00e4\u00dfig die \u00c4pfel am Baum und entfernen Sie befallenes Obst sofort (auch Fr\u00fcchte, die auf dem Boden liegen) \u00fcber den Hausm\u00fcll, so wird der Entwicklungszyklus unterbrochen.<\/li>\n<li><strong>Bodenpflege:<\/strong> Im Herbst \u00fcberwintern Larven gerne im Boden. Daher sollten Sie den Boden mulchen oder Wellpappeg\u00fcrtel um den Baum ausbringen. Dort verkriechen sich die Larven gerne. Die Pappe dann im Winter einfach einsammeln und vernichten.<\/li>\n<\/ul>\n<h2><span class=\"ez-toc-section\" id=\"Sind_Blattlaeuse_am_Apfelbaum_ein_Problem\"><\/span><strong>Sind Blattl\u00e4use am Apfelbaum ein Problem?<\/strong><span class=\"ez-toc-section-end\"><\/span><\/h2>\n<p>Ein gesunder, ausgewachsener Apfelbaum, der im Fr\u00fchjahr einen leichten Blattlausbefall zeigt, wird damit zurechtkommen. Doch wenn der Befall zu stark wird oder der Baum noch recht jung ist, k\u00f6nnen Blattl\u00e4use ein Problem werden. Besonders h\u00e4ufig kommen die Gr\u00fcne Apfelblattlaus und die Blutlaus vor. Bei einem leichten Befall k\u00f6nnen sich junge Bl\u00e4tter einrollen, der Baum w\u00e4chst aber trotzdem weiter und bildet neue Bl\u00e4tter und auch Bl\u00fcten \u2013 hier ist kein Handlungsbedarf n\u00f6tig. Wenn aber die Triebspitzen verkr\u00fcppeln und sich die Bl\u00e4tter stark einrollen, wenn Honigtau und Ameisen auf dem Baum zu finden sind und weniger Bl\u00fctenans\u00e4tze und Fr\u00fcchte gebildet werden, sollten Sie aktiv werden.<\/p>\n<p>Diese M\u00f6glichkeiten haben Sie bei einem Blattlausbefall:<\/p>\n<ol>\n<li>N\u00fctzlinge wie Marienk\u00e4fer, Florfliegen, Schlupfwespen etc. f\u00f6rdern. Dazu eignet sich ein naturnaher Garten, Bl\u00fchstreifen, Kr\u00e4uter und auch Insektenhotels.<\/li>\n<li>Bei schwachem Befall k\u00f6nnen Sie alle 2 bis 3 Tage die betroffenen Stellen mit einem Schlauch abspritzen.<\/li>\n<li>Neem\u00f6l, Kaliseife oder eine Schmierseifenl\u00f6sung helfen gegen die L\u00e4use.<\/li>\n<li>Halten Sie Ameisen durch Leimringe fern, da diese die Blattl\u00e4use &#8222;melken&#8220; und sie vor Fressfeinden besch\u00fctzen.<\/li>\n<li>Zu stark befallene Triebspitzen sollten Sie abschneiden, um die n\u00e4chste Generation zu reduzieren.<\/li>\n<\/ol>\n","protected":false},"excerpt":{"rendered":"<p>Mit knappem Vorsprung sind \u00c4pfel das beliebteste Obst der Deutschen, gefolgt von Bananen, Erdbeeren, Weintrauben und Orangen. Schon vor 10.000 Jahren a\u00df man \u00c4pfel, kultiviert werden sie bereits seit rund 6.000 Jahren. Die urspr\u00fcngliche Heimat von Wild\u00e4pfeln war Zentralasien, genauer das Gebiet des heutigen Kasachstan. Von dort aus brachten ihn die R\u00f6mer nach Europa. Heute gibt es weltweit \u00fcber 30.000 verschiedene Apfelsorten, in Deutschland werden etwa 2.000 Sorten kultiviert. Haben Sie auch Apfelb\u00e4ume im Garten? Denn k\u00f6nnte Sie die eine oder andere Userfrage durchaus interessieren. Welcher Apfelbaum eignet sich am besten f\u00fcr kleine G\u00e4rten? Ein durchschnittlicher Apfelbaum erreicht eine H\u00f6he von 2 bis 4 Metern. Das kann in einem kleinen Garten bereits sehr viel Platz wegnehmen, da man nicht nur die H\u00f6he beachten muss, sondern auch den Kronendurchmesser. Daher ist es gerade f\u00fcr kleine G\u00e4rten zu empfehlen, auf platzsparende Apfelsorten zu setzen. Daf\u00fcr eignen sich: Spindel- oder S\u00e4ulenapfelb\u00e4ume: Sie haben einen schlanken Wuchs und ben\u00f6tigen in der Breite mit bis zu 80 Zentimetern relativ wenig Platz. Diese Apfelb\u00e4ume k\u00f6nnen sogar im gro\u00dfen K\u00fcbel gehalten werden und sind damit f\u00fcr Balkon und Terrasse ebenfalls geeignet. Sortenbeispiele sind &#8222;Rhapsodie&#8220;, &#8222;Sonata&#8220;, &#8222;Bolero&#8220; und &#8222;Rondo&#8220;. Zwerg-Apfelb\u00e4ume: Sie bleiben oft mit unter 2 Metern H\u00f6he [&hellip;]<\/p>\n","protected":false},"author":13,"featured_media":22547,"comment_status":"open","ping_status":"open","sticky":false,"template":"","format":"standard","meta":{"_acf_changed":false,"footnotes":""},"categories":[32],"tags":[],"hersteller":[],"class_list":["post-22467","post","type-post","status-publish","format-standard","has-post-thumbnail","hentry","category-obst"],"acf":[],"yoast_head":"<!-- This site is optimized with the Yoast SEO plugin v27.4 - https:\/\/yoast.com\/product\/yoast-seo-wordpress\/ -->\n<title>Sie fragen \u2013 wir antworten: Alles rund um den Apfel - Samenhaus Gartenblog<\/title>\n<meta name=\"description\" content=\"\u00c4pfel geh\u00f6ren zum beliebtesten Obst der Deutschen. Ein Apfelbaum im Garten liegt also nahe. In unserem Blog beantworten einige Fragen rund um das leckere Obst.\" \/>\n<meta name=\"robots\" content=\"index, follow, max-snippet:-1, max-image-preview:large, max-video-preview:-1\" \/>\n<link rel=\"canonical\" href=\"https:\/\/www.samenhaus.de\/gartenblog\/sie-fragen-wir-antworten-alles-rund-um-den-apfel\" \/>\n<meta property=\"og:locale\" content=\"de_DE\" \/>\n<meta property=\"og:type\" content=\"article\" \/>\n<meta property=\"og:title\" content=\"Sie fragen \u2013 wir antworten: Alles rund um den Apfel - Samenhaus Gartenblog\" \/>\n<meta property=\"og:description\" content=\"\u00c4pfel geh\u00f6ren zum beliebtesten Obst der Deutschen. Ein Apfelbaum im Garten liegt also nahe. In unserem Blog beantworten einige Fragen rund um das leckere Obst.\" \/>\n<meta property=\"og:url\" content=\"https:\/\/www.samenhaus.de\/gartenblog\/sie-fragen-wir-antworten-alles-rund-um-den-apfel\" \/>\n<meta property=\"og:site_name\" content=\"Samenhaus Gartenblog\" \/>\n<meta property=\"article:publisher\" content=\"https:\/\/de-de.facebook.com\/samenhaus\" \/>\n<meta property=\"article:published_time\" content=\"2025-10-24T07:00:19+00:00\" \/>\n<meta property=\"og:image\" content=\"https:\/\/www.samenhaus.de\/gartenblog\/wp-content\/uploads\/2025\/10\/Fragen-Aepfel_46179079-scaled.jpg\" \/>\n\t<meta property=\"og:image:width\" content=\"2048\" \/>\n\t<meta property=\"og:image:height\" content=\"1153\" \/>\n\t<meta property=\"og:image:type\" content=\"image\/jpeg\" \/>\n<meta name=\"author\" content=\"Holger\" \/>\n<meta name=\"twitter:card\" content=\"summary_large_image\" \/>\n<meta name=\"twitter:creator\" content=\"@samenhaus\" \/>\n<meta name=\"twitter:site\" content=\"@samenhaus\" \/>\n<meta name=\"twitter:label1\" content=\"Verfasst von\" \/>\n\t<meta name=\"twitter:data1\" content=\"Holger\" \/>\n\t<meta name=\"twitter:label2\" content=\"Gesch\u00e4tzte Lesezeit\" \/>\n\t<meta name=\"twitter:data2\" content=\"11\u00a0Minuten\" \/>\n<script type=\"application\/ld+json\" class=\"yoast-schema-graph\">{\"@context\":\"https:\\\/\\\/schema.org\",\"@graph\":[{\"@type\":\"Article\",\"@id\":\"https:\\\/\\\/www.samenhaus.de\\\/gartenblog\\\/sie-fragen-wir-antworten-alles-rund-um-den-apfel#article\",\"isPartOf\":{\"@id\":\"https:\\\/\\\/www.samenhaus.de\\\/gartenblog\\\/sie-fragen-wir-antworten-alles-rund-um-den-apfel\"},\"author\":{\"name\":\"Holger\",\"@id\":\"https:\\\/\\\/www.samenhaus.de\\\/gartenblog\\\/#\\\/schema\\\/person\\\/de169769587431893823f62b2ce06c04\"},\"headline\":\"Sie fragen \u2013 wir antworten: Alles rund um den Apfel\",\"datePublished\":\"2025-10-24T07:00:19+00:00\",\"mainEntityOfPage\":{\"@id\":\"https:\\\/\\\/www.samenhaus.de\\\/gartenblog\\\/sie-fragen-wir-antworten-alles-rund-um-den-apfel\"},\"wordCount\":2098,\"commentCount\":0,\"publisher\":{\"@id\":\"https:\\\/\\\/www.samenhaus.de\\\/gartenblog\\\/#organization\"},\"image\":{\"@id\":\"https:\\\/\\\/www.samenhaus.de\\\/gartenblog\\\/sie-fragen-wir-antworten-alles-rund-um-den-apfel#primaryimage\"},\"thumbnailUrl\":\"https:\\\/\\\/www.samenhaus.de\\\/gartenblog\\\/wp-content\\\/uploads\\\/2025\\\/10\\\/Fragen-Aepfel_46179079-scaled.jpg\",\"articleSection\":[\"Obst\"],\"inLanguage\":\"de\",\"potentialAction\":[{\"@type\":\"CommentAction\",\"name\":\"Comment\",\"target\":[\"https:\\\/\\\/www.samenhaus.de\\\/gartenblog\\\/sie-fragen-wir-antworten-alles-rund-um-den-apfel#respond\"]}],\"copyrightYear\":\"2025\",\"copyrightHolder\":{\"@id\":\"https:\\\/\\\/www.samenhaus.de\\\/gartenblog\\\/#organization\"}},{\"@type\":\"WebPage\",\"@id\":\"https:\\\/\\\/www.samenhaus.de\\\/gartenblog\\\/sie-fragen-wir-antworten-alles-rund-um-den-apfel\",\"url\":\"https:\\\/\\\/www.samenhaus.de\\\/gartenblog\\\/sie-fragen-wir-antworten-alles-rund-um-den-apfel\",\"name\":\"Sie fragen \u2013 wir antworten: Alles rund um den Apfel - Samenhaus Gartenblog\",\"isPartOf\":{\"@id\":\"https:\\\/\\\/www.samenhaus.de\\\/gartenblog\\\/#website\"},\"primaryImageOfPage\":{\"@id\":\"https:\\\/\\\/www.samenhaus.de\\\/gartenblog\\\/sie-fragen-wir-antworten-alles-rund-um-den-apfel#primaryimage\"},\"image\":{\"@id\":\"https:\\\/\\\/www.samenhaus.de\\\/gartenblog\\\/sie-fragen-wir-antworten-alles-rund-um-den-apfel#primaryimage\"},\"thumbnailUrl\":\"https:\\\/\\\/www.samenhaus.de\\\/gartenblog\\\/wp-content\\\/uploads\\\/2025\\\/10\\\/Fragen-Aepfel_46179079-scaled.jpg\",\"datePublished\":\"2025-10-24T07:00:19+00:00\",\"description\":\"\u00c4pfel geh\u00f6ren zum beliebtesten Obst der Deutschen. Ein Apfelbaum im Garten liegt also nahe. In unserem Blog beantworten einige Fragen rund um das leckere Obst.\",\"breadcrumb\":{\"@id\":\"https:\\\/\\\/www.samenhaus.de\\\/gartenblog\\\/sie-fragen-wir-antworten-alles-rund-um-den-apfel#breadcrumb\"},\"inLanguage\":\"de\",\"potentialAction\":[{\"@type\":\"ReadAction\",\"target\":[\"https:\\\/\\\/www.samenhaus.de\\\/gartenblog\\\/sie-fragen-wir-antworten-alles-rund-um-den-apfel\"]}]},{\"@type\":\"ImageObject\",\"inLanguage\":\"de\",\"@id\":\"https:\\\/\\\/www.samenhaus.de\\\/gartenblog\\\/sie-fragen-wir-antworten-alles-rund-um-den-apfel#primaryimage\",\"url\":\"https:\\\/\\\/www.samenhaus.de\\\/gartenblog\\\/wp-content\\\/uploads\\\/2025\\\/10\\\/Fragen-Aepfel_46179079-scaled.jpg\",\"contentUrl\":\"https:\\\/\\\/www.samenhaus.de\\\/gartenblog\\\/wp-content\\\/uploads\\\/2025\\\/10\\\/Fragen-Aepfel_46179079-scaled.jpg\",\"width\":2048,\"height\":1153,\"caption\":\"\u00c4pfel\"},{\"@type\":\"BreadcrumbList\",\"@id\":\"https:\\\/\\\/www.samenhaus.de\\\/gartenblog\\\/sie-fragen-wir-antworten-alles-rund-um-den-apfel#breadcrumb\",\"itemListElement\":[{\"@type\":\"ListItem\",\"position\":1,\"name\":\"Startseite\",\"item\":\"https:\\\/\\\/www.samenhaus.de\\\/gartenblog\\\/\"},{\"@type\":\"ListItem\",\"position\":2,\"name\":\"Sie fragen \u2013 wir antworten: Alles rund um den Apfel\"}]},{\"@type\":\"WebSite\",\"@id\":\"https:\\\/\\\/www.samenhaus.de\\\/gartenblog\\\/#website\",\"url\":\"https:\\\/\\\/www.samenhaus.de\\\/gartenblog\\\/\",\"name\":\"Samenhaus Gartenblog\",\"description\":\"\",\"publisher\":{\"@id\":\"https:\\\/\\\/www.samenhaus.de\\\/gartenblog\\\/#organization\"},\"potentialAction\":[{\"@type\":\"SearchAction\",\"target\":{\"@type\":\"EntryPoint\",\"urlTemplate\":\"https:\\\/\\\/www.samenhaus.de\\\/gartenblog\\\/?s={search_term_string}\"},\"query-input\":{\"@type\":\"PropertyValueSpecification\",\"valueRequired\":true,\"valueName\":\"search_term_string\"}}],\"inLanguage\":\"de\"},{\"@type\":\"Organization\",\"@id\":\"https:\\\/\\\/www.samenhaus.de\\\/gartenblog\\\/#organization\",\"name\":\"Samenhaus.de Gartenblog\",\"url\":\"https:\\\/\\\/www.samenhaus.de\\\/gartenblog\\\/\",\"logo\":{\"@type\":\"ImageObject\",\"inLanguage\":\"de\",\"@id\":\"https:\\\/\\\/www.samenhaus.de\\\/gartenblog\\\/#\\\/schema\\\/logo\\\/image\\\/\",\"url\":\"https:\\\/\\\/www.samenhaus.de\\\/gartenblog\\\/wp-content\\\/uploads\\\/2020\\\/11\\\/logo.svg\",\"contentUrl\":\"https:\\\/\\\/www.samenhaus.de\\\/gartenblog\\\/wp-content\\\/uploads\\\/2020\\\/11\\\/logo.svg\",\"width\":1,\"height\":1,\"caption\":\"Samenhaus.de Gartenblog\"},\"image\":{\"@id\":\"https:\\\/\\\/www.samenhaus.de\\\/gartenblog\\\/#\\\/schema\\\/logo\\\/image\\\/\"},\"sameAs\":[\"https:\\\/\\\/de-de.facebook.com\\\/samenhaus\",\"https:\\\/\\\/x.com\\\/samenhaus\"]},{\"@type\":\"Person\",\"@id\":\"https:\\\/\\\/www.samenhaus.de\\\/gartenblog\\\/#\\\/schema\\\/person\\\/de169769587431893823f62b2ce06c04\",\"name\":\"Holger\",\"image\":{\"@type\":\"ImageObject\",\"inLanguage\":\"de\",\"@id\":\"https:\\\/\\\/www.samenhaus.de\\\/gartenblog\\\/wp-content\\\/uploads\\\/2026\\\/03\\\/Holger-150x150.png\",\"url\":\"https:\\\/\\\/www.samenhaus.de\\\/gartenblog\\\/wp-content\\\/uploads\\\/2026\\\/03\\\/Holger-150x150.png\",\"contentUrl\":\"https:\\\/\\\/www.samenhaus.de\\\/gartenblog\\\/wp-content\\\/uploads\\\/2026\\\/03\\\/Holger-150x150.png\",\"caption\":\"Holger\"},\"description\":\"6.000.000 W\u00f6rter \u2013 so viel k\u00f6nnen Sie in etwa von mir online lesen. Das F\u00fcllen des Internets entwickelte sich nach meiner Ausbildung zum TV-Redakteur und der langj\u00e4hrigen Arbeit bei SAT.1 zu einem Fulltime-Job. Trotzdem finde ich noch gen\u00fcgend Zeit, um in meinem Garten zu werkeln. Eine Staude hier, ein Bl\u00fcmchen dort und ein bisschen Gem\u00fcse darf auch nicht fehlen \u2013 einen Schnitzelbaum gibt es ja noch nicht \u2026 Die besten geistigen Erg\u00fcsse habe ich \u00fcbrigens, wenn ich IM Garten \u00dcBER den Garten schreiben kann. So vereinen sich Beruf und Hobby perfekt \u2013 was gibt es Sch\u00f6neres?\",\"url\":\"https:\\\/\\\/www.samenhaus.de\\\/gartenblog\\\/author\\\/holger\"}]}<\/script>\n<!-- \/ Yoast SEO plugin. -->","yoast_head_json":{"title":"Sie fragen \u2013 wir antworten: Alles rund um den Apfel - Samenhaus Gartenblog","description":"\u00c4pfel geh\u00f6ren zum beliebtesten Obst der Deutschen. Ein Apfelbaum im Garten liegt also nahe. In unserem Blog beantworten einige Fragen rund um das leckere Obst.","robots":{"index":"index","follow":"follow","max-snippet":"max-snippet:-1","max-image-preview":"max-image-preview:large","max-video-preview":"max-video-preview:-1"},"canonical":"https:\/\/www.samenhaus.de\/gartenblog\/sie-fragen-wir-antworten-alles-rund-um-den-apfel","og_locale":"de_DE","og_type":"article","og_title":"Sie fragen \u2013 wir antworten: Alles rund um den Apfel - Samenhaus Gartenblog","og_description":"\u00c4pfel geh\u00f6ren zum beliebtesten Obst der Deutschen. Ein Apfelbaum im Garten liegt also nahe. In unserem Blog beantworten einige Fragen rund um das leckere Obst.","og_url":"https:\/\/www.samenhaus.de\/gartenblog\/sie-fragen-wir-antworten-alles-rund-um-den-apfel","og_site_name":"Samenhaus Gartenblog","article_publisher":"https:\/\/de-de.facebook.com\/samenhaus","article_published_time":"2025-10-24T07:00:19+00:00","og_image":[{"width":2048,"height":1153,"url":"https:\/\/www.samenhaus.de\/gartenblog\/wp-content\/uploads\/2025\/10\/Fragen-Aepfel_46179079-scaled.jpg","type":"image\/jpeg"}],"author":"Holger","twitter_card":"summary_large_image","twitter_creator":"@samenhaus","twitter_site":"@samenhaus","twitter_misc":{"Verfasst von":"Holger","Gesch\u00e4tzte Lesezeit":"11\u00a0Minuten"},"schema":{"@context":"https:\/\/schema.org","@graph":[{"@type":"Article","@id":"https:\/\/www.samenhaus.de\/gartenblog\/sie-fragen-wir-antworten-alles-rund-um-den-apfel#article","isPartOf":{"@id":"https:\/\/www.samenhaus.de\/gartenblog\/sie-fragen-wir-antworten-alles-rund-um-den-apfel"},"author":{"name":"Holger","@id":"https:\/\/www.samenhaus.de\/gartenblog\/#\/schema\/person\/de169769587431893823f62b2ce06c04"},"headline":"Sie fragen \u2013 wir antworten: Alles rund um den Apfel","datePublished":"2025-10-24T07:00:19+00:00","mainEntityOfPage":{"@id":"https:\/\/www.samenhaus.de\/gartenblog\/sie-fragen-wir-antworten-alles-rund-um-den-apfel"},"wordCount":2098,"commentCount":0,"publisher":{"@id":"https:\/\/www.samenhaus.de\/gartenblog\/#organization"},"image":{"@id":"https:\/\/www.samenhaus.de\/gartenblog\/sie-fragen-wir-antworten-alles-rund-um-den-apfel#primaryimage"},"thumbnailUrl":"https:\/\/www.samenhaus.de\/gartenblog\/wp-content\/uploads\/2025\/10\/Fragen-Aepfel_46179079-scaled.jpg","articleSection":["Obst"],"inLanguage":"de","potentialAction":[{"@type":"CommentAction","name":"Comment","target":["https:\/\/www.samenhaus.de\/gartenblog\/sie-fragen-wir-antworten-alles-rund-um-den-apfel#respond"]}],"copyrightYear":"2025","copyrightHolder":{"@id":"https:\/\/www.samenhaus.de\/gartenblog\/#organization"}},{"@type":"WebPage","@id":"https:\/\/www.samenhaus.de\/gartenblog\/sie-fragen-wir-antworten-alles-rund-um-den-apfel","url":"https:\/\/www.samenhaus.de\/gartenblog\/sie-fragen-wir-antworten-alles-rund-um-den-apfel","name":"Sie fragen \u2013 wir antworten: Alles rund um den Apfel - Samenhaus Gartenblog","isPartOf":{"@id":"https:\/\/www.samenhaus.de\/gartenblog\/#website"},"primaryImageOfPage":{"@id":"https:\/\/www.samenhaus.de\/gartenblog\/sie-fragen-wir-antworten-alles-rund-um-den-apfel#primaryimage"},"image":{"@id":"https:\/\/www.samenhaus.de\/gartenblog\/sie-fragen-wir-antworten-alles-rund-um-den-apfel#primaryimage"},"thumbnailUrl":"https:\/\/www.samenhaus.de\/gartenblog\/wp-content\/uploads\/2025\/10\/Fragen-Aepfel_46179079-scaled.jpg","datePublished":"2025-10-24T07:00:19+00:00","description":"\u00c4pfel geh\u00f6ren zum beliebtesten Obst der Deutschen. Ein Apfelbaum im Garten liegt also nahe. In unserem Blog beantworten einige Fragen rund um das leckere Obst.","breadcrumb":{"@id":"https:\/\/www.samenhaus.de\/gartenblog\/sie-fragen-wir-antworten-alles-rund-um-den-apfel#breadcrumb"},"inLanguage":"de","potentialAction":[{"@type":"ReadAction","target":["https:\/\/www.samenhaus.de\/gartenblog\/sie-fragen-wir-antworten-alles-rund-um-den-apfel"]}]},{"@type":"ImageObject","inLanguage":"de","@id":"https:\/\/www.samenhaus.de\/gartenblog\/sie-fragen-wir-antworten-alles-rund-um-den-apfel#primaryimage","url":"https:\/\/www.samenhaus.de\/gartenblog\/wp-content\/uploads\/2025\/10\/Fragen-Aepfel_46179079-scaled.jpg","contentUrl":"https:\/\/www.samenhaus.de\/gartenblog\/wp-content\/uploads\/2025\/10\/Fragen-Aepfel_46179079-scaled.jpg","width":2048,"height":1153,"caption":"\u00c4pfel"},{"@type":"BreadcrumbList","@id":"https:\/\/www.samenhaus.de\/gartenblog\/sie-fragen-wir-antworten-alles-rund-um-den-apfel#breadcrumb","itemListElement":[{"@type":"ListItem","position":1,"name":"Startseite","item":"https:\/\/www.samenhaus.de\/gartenblog\/"},{"@type":"ListItem","position":2,"name":"Sie fragen \u2013 wir antworten: Alles rund um den Apfel"}]},{"@type":"WebSite","@id":"https:\/\/www.samenhaus.de\/gartenblog\/#website","url":"https:\/\/www.samenhaus.de\/gartenblog\/","name":"Samenhaus Gartenblog","description":"","publisher":{"@id":"https:\/\/www.samenhaus.de\/gartenblog\/#organization"},"potentialAction":[{"@type":"SearchAction","target":{"@type":"EntryPoint","urlTemplate":"https:\/\/www.samenhaus.de\/gartenblog\/?s={search_term_string}"},"query-input":{"@type":"PropertyValueSpecification","valueRequired":true,"valueName":"search_term_string"}}],"inLanguage":"de"},{"@type":"Organization","@id":"https:\/\/www.samenhaus.de\/gartenblog\/#organization","name":"Samenhaus.de Gartenblog","url":"https:\/\/www.samenhaus.de\/gartenblog\/","logo":{"@type":"ImageObject","inLanguage":"de","@id":"https:\/\/www.samenhaus.de\/gartenblog\/#\/schema\/logo\/image\/","url":"https:\/\/www.samenhaus.de\/gartenblog\/wp-content\/uploads\/2020\/11\/logo.svg","contentUrl":"https:\/\/www.samenhaus.de\/gartenblog\/wp-content\/uploads\/2020\/11\/logo.svg","width":1,"height":1,"caption":"Samenhaus.de Gartenblog"},"image":{"@id":"https:\/\/www.samenhaus.de\/gartenblog\/#\/schema\/logo\/image\/"},"sameAs":["https:\/\/de-de.facebook.com\/samenhaus","https:\/\/x.com\/samenhaus"]},{"@type":"Person","@id":"https:\/\/www.samenhaus.de\/gartenblog\/#\/schema\/person\/de169769587431893823f62b2ce06c04","name":"Holger","image":{"@type":"ImageObject","inLanguage":"de","@id":"https:\/\/www.samenhaus.de\/gartenblog\/wp-content\/uploads\/2026\/03\/Holger-150x150.png","url":"https:\/\/www.samenhaus.de\/gartenblog\/wp-content\/uploads\/2026\/03\/Holger-150x150.png","contentUrl":"https:\/\/www.samenhaus.de\/gartenblog\/wp-content\/uploads\/2026\/03\/Holger-150x150.png","caption":"Holger"},"description":"6.000.000 W\u00f6rter \u2013 so viel k\u00f6nnen Sie in etwa von mir online lesen. Das F\u00fcllen des Internets entwickelte sich nach meiner Ausbildung zum TV-Redakteur und der langj\u00e4hrigen Arbeit bei SAT.1 zu einem Fulltime-Job. Trotzdem finde ich noch gen\u00fcgend Zeit, um in meinem Garten zu werkeln. Eine Staude hier, ein Bl\u00fcmchen dort und ein bisschen Gem\u00fcse darf auch nicht fehlen \u2013 einen Schnitzelbaum gibt es ja noch nicht \u2026 Die besten geistigen Erg\u00fcsse habe ich \u00fcbrigens, wenn ich IM Garten \u00dcBER den Garten schreiben kann. So vereinen sich Beruf und Hobby perfekt \u2013 was gibt es Sch\u00f6neres?","url":"https:\/\/www.samenhaus.de\/gartenblog\/author\/holger"}]}},"wp-worthy-pixel":{"ignored":false,"public":"920d59f7949444a9ad9eb3efbed03d20","server":"vg01.met.vgwort.de","url":"https:\/\/vg01.met.vgwort.de\/na\/920d59f7949444a9ad9eb3efbed03d20"},"wp-worthy-type":"normal","_links":{"self":[{"href":"https:\/\/www.samenhaus.de\/gartenblog\/wp-json\/wp\/v2\/posts\/22467","targetHints":{"allow":["GET"]}}],"collection":[{"href":"https:\/\/www.samenhaus.de\/gartenblog\/wp-json\/wp\/v2\/posts"}],"about":[{"href":"https:\/\/www.samenhaus.de\/gartenblog\/wp-json\/wp\/v2\/types\/post"}],"author":[{"embeddable":true,"href":"https:\/\/www.samenhaus.de\/gartenblog\/wp-json\/wp\/v2\/users\/13"}],"replies":[{"embeddable":true,"href":"https:\/\/www.samenhaus.de\/gartenblog\/wp-json\/wp\/v2\/comments?post=22467"}],"version-history":[{"count":5,"href":"https:\/\/www.samenhaus.de\/gartenblog\/wp-json\/wp\/v2\/posts\/22467\/revisions"}],"predecessor-version":[{"id":22548,"href":"https:\/\/www.samenhaus.de\/gartenblog\/wp-json\/wp\/v2\/posts\/22467\/revisions\/22548"}],"wp:featuredmedia":[{"embeddable":true,"href":"https:\/\/www.samenhaus.de\/gartenblog\/wp-json\/wp\/v2\/media\/22547"}],"wp:attachment":[{"href":"https:\/\/www.samenhaus.de\/gartenblog\/wp-json\/wp\/v2\/media?parent=22467"}],"wp:term":[{"taxonomy":"category","embeddable":true,"href":"https:\/\/www.samenhaus.de\/gartenblog\/wp-json\/wp\/v2\/categories?post=22467"},{"taxonomy":"post_tag","embeddable":true,"href":"https:\/\/www.samenhaus.de\/gartenblog\/wp-json\/wp\/v2\/tags?post=22467"},{"taxonomy":"hersteller","embeddable":true,"href":"https:\/\/www.samenhaus.de\/gartenblog\/wp-json\/wp\/v2\/hersteller?post=22467"}],"curies":[{"name":"wp","href":"https:\/\/api.w.org\/{rel}","templated":true}]}}