{"id":244,"date":"2021-04-29T15:33:03","date_gmt":"2021-04-29T15:33:03","guid":{"rendered":"https:\/\/samenhaus1.timmeserver.de\/?p=244"},"modified":"2023-02-21T15:57:55","modified_gmt":"2023-02-21T15:57:55","slug":"warum-blueht-die-hortensie-nicht","status":"publish","type":"post","link":"https:\/\/www.samenhaus.de\/gartenblog\/warum-blueht-die-hortensie-nicht","title":{"rendered":"Warum bl\u00fcht die Hortensie nicht?"},"content":{"rendered":"<p>Hortensien sind in vielen G\u00e4rten zu finden. Vor allem zum Bauerngarten geh\u00f6ren die meist \u00fcppig bl\u00fchenden Str\u00e4ucher unbedingt dazu. Allerdings sind Hortensien manchmal auch etwas schwierig. Am falschen Standort bl\u00fchen sie einfach nicht. Und manche wechseln sogar einfach die Farbe. Dabei sind Hortensie eigentlich recht pflegeleicht.<\/p>\n<h2><span class=\"ez-toc-section\" id=\"6_Gruende_die_Hortensien_nicht_bluehen_lassen\"><\/span><b>6 Gr\u00fcnde, die Hortensien nicht bl\u00fchen lassen<\/b><span class=\"ez-toc-section-end\"><\/span><\/h2>\n<p><img loading=\"lazy\" decoding=\"async\" class=\"size-medium wp-image-3149 alignright\" src=\"https:\/\/www.samenhaus.de\/gartenblog\/wp-content\/uploads\/2022\/03\/Hortensien_122811954-300x200.jpeg\" alt=\"Hortensien\" width=\"300\" height=\"200\" srcset=\"https:\/\/www.samenhaus.de\/gartenblog\/wp-content\/uploads\/2022\/03\/Hortensien_122811954-300x200.jpeg 300w, https:\/\/www.samenhaus.de\/gartenblog\/wp-content\/uploads\/2022\/03\/Hortensien_122811954-600x400.jpeg 600w, https:\/\/www.samenhaus.de\/gartenblog\/wp-content\/uploads\/2022\/03\/Hortensien_122811954-2048x1365.jpeg 2048w, https:\/\/www.samenhaus.de\/gartenblog\/wp-content\/uploads\/2022\/03\/Hortensien_122811954-768x512.jpeg 768w, https:\/\/www.samenhaus.de\/gartenblog\/wp-content\/uploads\/2022\/03\/Hortensien_122811954-1024x683.jpeg 1024w, https:\/\/www.samenhaus.de\/gartenblog\/wp-content\/uploads\/2022\/03\/Hortensien_122811954-1536x1024.jpeg 1536w\" sizes=\"auto, (max-width: 300px) 100vw, 300px\" \/>Hortensien geh\u00f6ren zu den Zierstr\u00e4uchern, die Sie im K\u00fcbel und im Garten kultivieren k\u00f6nnen. Die im Winter laubabwerfenden Str\u00e4ucher zeigen schon bei den ersten Sonnenstrahlen im Fr\u00fchling die ersten Bl\u00e4tter. Bis zur Bl\u00fcte dauert es dann nicht mehr lang. Je nach Sorte bl\u00fchen Hortensien zwischen Mai und September. Manchmal sind selbst im Winter die dekorativen Bl\u00fcten noch zu sehen. Zeigen sich \u00fcbers Jahr gar keine Bl\u00fcten, kann das verschiedene Gr\u00fcnde haben:<\/p>\n<ul>\n<li>falscher Standort<\/li>\n<li>falscher R\u00fcckschnitt<\/li>\n<li>die Pflanze ist zu jung<\/li>\n<li>der Boden ist nicht geeignet<\/li>\n<li>die Pflanze hat im Winter zu wenig Schutz bekommen<\/li>\n<li>falsche Pflege<\/li>\n<\/ul>\n<h3><span class=\"ez-toc-section\" id=\"Der_Standort\"><\/span><b>Der Standort<\/b><span class=\"ez-toc-section-end\"><\/span><\/h3>\n<p>Hortensien m\u00f6gen einen halbschattigen Standort. Zu viel oder zu wenig Sonne kann daf\u00fcr sorgen, dass die Hortensien nicht bl\u00fchen. Eine zu hohe Sonneneinstrahlung l\u00e4sst die empfindlichen Bl\u00e4tter und Bl\u00fctenans\u00e4tze verbrennen. Steht die Hortensie zu dunkel, k\u00f6nnen sich Bl\u00fcten gar nicht erst ausbilden. Hortensie, die Sie im K\u00fcbel angepflanzt haben, k\u00f6nnen Sie einfach an einen besseren Standort r\u00fccken. Bei Hortensien im Beet, sollten Sie pr\u00fcfen, ob sie schon mit dem R\u00fcckschnitt benachbarter Pflanzen mehr Licht f\u00fcr die Hortensie erzielen k\u00f6nnen. Ist das nicht m\u00f6glich, sollten Sie die Hortensie umsetzen. Der Standort ist nur f\u00fcr die fehlende Bl\u00fcte verantwortlich, wenn die Hortensie bereits im ersten Jahr nicht bl\u00fcht. Hat sie mehrere Jahre gebl\u00fcht und tut es pl\u00f6tzlich nicht mehr, ist der Standort nicht der Grund.<\/p>\n<h3><span class=\"ez-toc-section\" id=\"Der_Rueckschnitt\"><\/span><b>Der R\u00fcckschnitt<\/b><span class=\"ez-toc-section-end\"><\/span><\/h3>\n<p>Ab und zu braucht die Hortensie einen R\u00fcckschnitt. Dabei werden abgestorbene \u00c4ste und Zweige sowie Bl\u00fcten entfernt. Diese k\u00f6nnen Sie \u00fcbrigens wunderbar trocknen und im Haus als Deko verwenden. Diesen R\u00fcckschnitt machen viele G\u00e4rtner im Herbst. Doch genau das ist problematisch, da oft auch die Bl\u00fctenans\u00e4tze f\u00fcrs n\u00e4chste Jahr mit abgeschnitten werden. Diese Hortensie wird dann nat\u00fcrlich nicht im n\u00e4chsten Jahr bl\u00fchen. Entweder Sie schneiden die Hortensie nur sehr vorsichtig zur\u00fcck oder Sie verschieben den R\u00fcckschnitt aufs Fr\u00fchjahr. Dann k\u00f6nnen Sie die neuen Bl\u00fcten schon erkennen. Hortensien, die zu gro\u00df geworden sind, sollten Sie nicht mit einem Mal radikal zur\u00fcckschneiden. Auch dann wird sie im n\u00e4chsten Jahr nicht bl\u00fchen. Lichten Sie den Strauch eher von innen Schritt f\u00fcr Schritt aus.<\/p>\n<h3><span class=\"ez-toc-section\" id=\"Die_Jungpflanze\"><\/span><b>Die Jungpflanze<\/b><span class=\"ez-toc-section-end\"><\/span><\/h3>\n<p>Junge Hortensien, die Sie gerade erst in den Garten gepflanzt haben, bl\u00fchen im ersten Jahr noch nicht. Die Pflanze ist an ihrem Standort noch nicht angewachsen und kann keine Bl\u00fcten bilden. Mit dem richtigen Standort und guter Pflege wird sie aber im n\u00e4chsten Jahr bestimmt bl\u00fchen.<\/p>\n<h3><span class=\"ez-toc-section\" id=\"Der_Boden\"><\/span><b>Der Boden<\/b><span class=\"ez-toc-section-end\"><\/span><\/h3>\n<p>Eines der wichtigsten Kriterien ist der Boden. Damit die Hortensie bl\u00fcht, ben\u00f6tigt sie einen n\u00e4hrstoffreichen Boden. In der N\u00e4he wachsende Flachwurzler k\u00f6nnen der Hortensie die N\u00e4hrstoffe entziehen, welche die Hortensie zum Bl\u00fchen ben\u00f6tigt. Optimal ist ein leicht saurer bis basischer Boden. Eine regelm\u00e4\u00dfige D\u00fcngung sorgt f\u00fcr ausreichend N\u00e4hrstoffe f\u00fcr eine zauberhafte Bl\u00fcte.<\/p>\n<h3><span class=\"ez-toc-section\" id=\"Die_Pflege\"><\/span><b>Die Pflege<\/b><span class=\"ez-toc-section-end\"><\/span><\/h3>\n<p>Obwohl Hortensien pflegeleicht sind, kommen sie ganz ohne doch nicht aus. Ebenso wie zu wenig kann aber auch zu viel Pflege daf\u00fcr sorgen, dass die Hortensie keine Bl\u00fcten treibt. Besonders beim Gie\u00dfen sollten Sie gut aufpassen. Die Pflanzen neigen schnell zum Austrocknen. Sie sollten also regelm\u00e4\u00dfig aber mit Bedacht gie\u00dfen, denn zu wenig Wasser schadet ebenso wie zu viel Wasser. Da sind Hortensien sehr zickig. Sie m\u00f6gen weder Trockenheit noch Staun\u00e4sse. Pflanzen, die Sie im Pflanzk\u00fcbel haben, sollten Sie auch \u00fcber den Winter gie\u00dfen, sonst k\u00f6nnen Bl\u00fctenans\u00e4tze, die sich im Herbst gebildet haben, \u00fcber den Winter vertrocknen.<\/p>\n<h3><span class=\"ez-toc-section\" id=\"Der_Winterschutz\"><\/span><b>Der Winterschutz<\/b><span class=\"ez-toc-section-end\"><\/span><\/h3>\n<p>Etwas Schutz ben\u00f6tigen die Pflanzen, denn die Hortensie ist nur bedingt winterhart. In sehr kalten Wintern k\u00f6nnen die Str\u00e4ucher Schaden nehmen. Die Bl\u00fctenans\u00e4tze k\u00f6nnen \u00fcber den Winter erfrieren. Bl\u00e4tter bilden sich nach strengen Wintern erst sehr sp\u00e4t im n\u00e4chsten Fr\u00fchjahr. Hortensien im K\u00fcbel k\u00f6nnen Sie einfach an einen gesch\u00fctzten Ort r\u00fccken, an dem die Pflanzen keinen Frost bekommen. Hortensien im Beet decken Sie am besten mit einem Pflanzenvlies ab. An frostfreien Tagen im Winter k\u00f6nnen Sie das Vlies wieder entfernen.<\/p>\n<h2><span class=\"ez-toc-section\" id=\"Welche_Farbe_hat_meine_Hortensie\"><\/span><b>Welche Farbe hat meine Hortensie?<\/b><span class=\"ez-toc-section-end\"><\/span><\/h2>\n<p><img loading=\"lazy\" decoding=\"async\" class=\"size-medium wp-image-3150 alignright\" src=\"https:\/\/www.samenhaus.de\/gartenblog\/wp-content\/uploads\/2022\/03\/Hortensien_278873443-300x200.jpeg\" alt=\"blaue Hortensien\" width=\"300\" height=\"200\" srcset=\"https:\/\/www.samenhaus.de\/gartenblog\/wp-content\/uploads\/2022\/03\/Hortensien_278873443-300x200.jpeg 300w, https:\/\/www.samenhaus.de\/gartenblog\/wp-content\/uploads\/2022\/03\/Hortensien_278873443-600x400.jpeg 600w, https:\/\/www.samenhaus.de\/gartenblog\/wp-content\/uploads\/2022\/03\/Hortensien_278873443-1024x683.jpeg 1024w, https:\/\/www.samenhaus.de\/gartenblog\/wp-content\/uploads\/2022\/03\/Hortensien_278873443-768x512.jpeg 768w, https:\/\/www.samenhaus.de\/gartenblog\/wp-content\/uploads\/2022\/03\/Hortensien_278873443-1536x1024.jpeg 1536w, https:\/\/www.samenhaus.de\/gartenblog\/wp-content\/uploads\/2022\/03\/Hortensien_278873443-2048x1365.jpeg 2048w\" sizes=\"auto, (max-width: 300px) 100vw, 300px\" \/>Hortensien gibt es in vielen Farben. Besonders beliebt sind die blauen Hortensien. Allerdings stellen diese auch besondere Anspr\u00fcche an die Pflege, damit sie auch weiterhin blau bl\u00fchen. Wenn Sie nicht genau auf die Pflege achten, werden aus den blauen Bl\u00fcten schnell rosa Bl\u00fcten. \u00dcbrigens k\u00f6nnen nur die Hortensien mit den rosa Bl\u00fcten bei entsprechender Pflege blau bl\u00fchen.<\/p>\n<p>F\u00fcr die ungew\u00f6hnliche Bl\u00fctenfarbe ist der Boden zust\u00e4ndig. Dieser muss sauer sein, damit die Bl\u00fcten diese Farbe erhalten. Der ph-Wert der Erde sollte nicht unter 4 und nicht \u00fcber 4,5 liegen. Weicht der ph-Wert ab, erhalten die Hortensien ihre urspr\u00fcngliche rosa Farbe zur\u00fcck.<\/p>\n<p>Einen geeigneten ph-Wert k\u00f6nnen Sie mit spezieller Rhododendron-Erde erreichen, mit der Sie den Pflanzk\u00fcbel oder das Pflanzloch auff\u00fcllen. Au\u00dferdem gibt es noch spezielle Pr\u00e4parate, mit denen Sie den Bl\u00fcten auf die Spr\u00fcnge helfen k\u00f6nnen.<\/p>\n","protected":false},"excerpt":{"rendered":"<p>Hortensien sind in vielen G\u00e4rten zu finden. Vor allem zum Bauerngarten geh\u00f6ren die meist \u00fcppig bl\u00fchenden Str\u00e4ucher unbedingt dazu. Allerdings sind Hortensien manchmal auch etwas schwierig. Am falschen Standort bl\u00fchen sie einfach nicht. Und manche wechseln sogar einfach die Farbe. Dabei sind Hortensie eigentlich recht pflegeleicht. 6 Gr\u00fcnde, die Hortensien nicht bl\u00fchen lassen Hortensien geh\u00f6ren zu den Zierstr\u00e4uchern, die Sie im K\u00fcbel und im Garten kultivieren k\u00f6nnen. Die im Winter laubabwerfenden Str\u00e4ucher zeigen schon bei den ersten Sonnenstrahlen im Fr\u00fchling die ersten Bl\u00e4tter. Bis zur Bl\u00fcte dauert es dann nicht mehr lang. Je nach Sorte bl\u00fchen Hortensien zwischen Mai und September. Manchmal sind selbst im Winter die dekorativen Bl\u00fcten noch zu sehen. Zeigen sich \u00fcbers Jahr gar keine Bl\u00fcten, kann das verschiedene Gr\u00fcnde haben: falscher Standort falscher R\u00fcckschnitt die Pflanze ist zu jung der Boden ist nicht geeignet die Pflanze hat im Winter zu wenig Schutz bekommen falsche Pflege Der Standort Hortensien m\u00f6gen einen halbschattigen Standort. Zu viel oder zu wenig Sonne kann daf\u00fcr sorgen, dass die Hortensien nicht bl\u00fchen. Eine zu hohe Sonneneinstrahlung l\u00e4sst die empfindlichen Bl\u00e4tter und Bl\u00fctenans\u00e4tze verbrennen. Steht die Hortensie zu dunkel, k\u00f6nnen sich Bl\u00fcten gar nicht erst ausbilden. Hortensie, die Sie im K\u00fcbel angepflanzt haben, [&hellip;]<\/p>\n","protected":false},"author":5,"featured_media":779,"comment_status":"open","ping_status":"open","sticky":false,"template":"","format":"standard","meta":{"_acf_changed":false,"footnotes":""},"categories":[13],"tags":[],"hersteller":[],"class_list":["post-244","post","type-post","status-publish","format-standard","has-post-thumbnail","hentry","category-blumen"],"acf":[],"yoast_head":"<!-- This site is optimized with the Yoast SEO plugin v27.4 - https:\/\/yoast.com\/product\/yoast-seo-wordpress\/ -->\n<title>Warum bl\u00fcht die Hortensie nicht? Wir geben Antwort.<\/title>\n<meta name=\"description\" content=\"Selbst bei guter Pflege kann es vorkommen, dass die Hortensien nicht bl\u00fchen. Die Gr\u00fcnde k\u00f6nnen vielseitig sein. Wir sagen Ihnen, worauf Sie achten m\u00fcssen.\" \/>\n<meta name=\"robots\" content=\"index, follow, max-snippet:-1, max-image-preview:large, max-video-preview:-1\" \/>\n<link rel=\"canonical\" href=\"https:\/\/www.samenhaus.de\/gartenblog\/warum-blueht-die-hortensie-nicht\" \/>\n<meta property=\"og:locale\" content=\"de_DE\" \/>\n<meta property=\"og:type\" content=\"article\" \/>\n<meta property=\"og:title\" content=\"Warum bl\u00fcht die Hortensie nicht? Wir geben Antwort.\" \/>\n<meta property=\"og:description\" content=\"Selbst bei guter Pflege kann es vorkommen, dass die Hortensien nicht bl\u00fchen. Die Gr\u00fcnde k\u00f6nnen vielseitig sein. Wir sagen Ihnen, worauf Sie achten m\u00fcssen.\" \/>\n<meta property=\"og:url\" content=\"https:\/\/www.samenhaus.de\/gartenblog\/warum-blueht-die-hortensie-nicht\" \/>\n<meta property=\"og:site_name\" content=\"Samenhaus Gartenblog\" \/>\n<meta property=\"article:publisher\" content=\"https:\/\/de-de.facebook.com\/samenhaus\" \/>\n<meta property=\"article:published_time\" content=\"2021-04-29T15:33:03+00:00\" \/>\n<meta property=\"article:modified_time\" content=\"2023-02-21T15:57:55+00:00\" \/>\n<meta property=\"og:image\" content=\"https:\/\/www.samenhaus.de\/gartenblog\/wp-content\/uploads\/2021\/02\/AdobeStock_321537272.jpg\" \/>\n\t<meta property=\"og:image:width\" content=\"1000\" \/>\n\t<meta property=\"og:image:height\" content=\"563\" \/>\n\t<meta property=\"og:image:type\" content=\"image\/jpeg\" \/>\n<meta name=\"author\" content=\"Gabi\" \/>\n<meta name=\"twitter:card\" content=\"summary_large_image\" \/>\n<meta name=\"twitter:creator\" content=\"@samenhaus\" \/>\n<meta name=\"twitter:site\" content=\"@samenhaus\" \/>\n<meta name=\"twitter:label1\" content=\"Verfasst von\" \/>\n\t<meta name=\"twitter:data1\" content=\"Gabi\" \/>\n\t<meta name=\"twitter:label2\" content=\"Gesch\u00e4tzte Lesezeit\" \/>\n\t<meta name=\"twitter:data2\" content=\"5\u00a0Minuten\" \/>\n<script type=\"application\/ld+json\" class=\"yoast-schema-graph\">{\"@context\":\"https:\\\/\\\/schema.org\",\"@graph\":[{\"@type\":\"Article\",\"@id\":\"https:\\\/\\\/www.samenhaus.de\\\/gartenblog\\\/warum-blueht-die-hortensie-nicht#article\",\"isPartOf\":{\"@id\":\"https:\\\/\\\/www.samenhaus.de\\\/gartenblog\\\/warum-blueht-die-hortensie-nicht\"},\"author\":{\"name\":\"Gabi\",\"@id\":\"https:\\\/\\\/www.samenhaus.de\\\/gartenblog\\\/#\\\/schema\\\/person\\\/e199533115bbe7e729cc10bbc640b059\"},\"headline\":\"Warum bl\u00fcht die Hortensie nicht?\",\"datePublished\":\"2021-04-29T15:33:03+00:00\",\"dateModified\":\"2023-02-21T15:57:55+00:00\",\"mainEntityOfPage\":{\"@id\":\"https:\\\/\\\/www.samenhaus.de\\\/gartenblog\\\/warum-blueht-die-hortensie-nicht\"},\"wordCount\":952,\"commentCount\":5,\"publisher\":{\"@id\":\"https:\\\/\\\/www.samenhaus.de\\\/gartenblog\\\/#organization\"},\"image\":{\"@id\":\"https:\\\/\\\/www.samenhaus.de\\\/gartenblog\\\/warum-blueht-die-hortensie-nicht#primaryimage\"},\"thumbnailUrl\":\"https:\\\/\\\/www.samenhaus.de\\\/gartenblog\\\/wp-content\\\/uploads\\\/2021\\\/02\\\/AdobeStock_321537272.jpg\",\"articleSection\":[\"Blumen\"],\"inLanguage\":\"de\",\"potentialAction\":[{\"@type\":\"CommentAction\",\"name\":\"Comment\",\"target\":[\"https:\\\/\\\/www.samenhaus.de\\\/gartenblog\\\/warum-blueht-die-hortensie-nicht#respond\"]}],\"copyrightYear\":\"2021\",\"copyrightHolder\":{\"@id\":\"https:\\\/\\\/www.samenhaus.de\\\/gartenblog\\\/#organization\"}},{\"@type\":\"WebPage\",\"@id\":\"https:\\\/\\\/www.samenhaus.de\\\/gartenblog\\\/warum-blueht-die-hortensie-nicht\",\"url\":\"https:\\\/\\\/www.samenhaus.de\\\/gartenblog\\\/warum-blueht-die-hortensie-nicht\",\"name\":\"Warum bl\u00fcht die Hortensie nicht? Wir geben Antwort.\",\"isPartOf\":{\"@id\":\"https:\\\/\\\/www.samenhaus.de\\\/gartenblog\\\/#website\"},\"primaryImageOfPage\":{\"@id\":\"https:\\\/\\\/www.samenhaus.de\\\/gartenblog\\\/warum-blueht-die-hortensie-nicht#primaryimage\"},\"image\":{\"@id\":\"https:\\\/\\\/www.samenhaus.de\\\/gartenblog\\\/warum-blueht-die-hortensie-nicht#primaryimage\"},\"thumbnailUrl\":\"https:\\\/\\\/www.samenhaus.de\\\/gartenblog\\\/wp-content\\\/uploads\\\/2021\\\/02\\\/AdobeStock_321537272.jpg\",\"datePublished\":\"2021-04-29T15:33:03+00:00\",\"dateModified\":\"2023-02-21T15:57:55+00:00\",\"description\":\"Selbst bei guter Pflege kann es vorkommen, dass die Hortensien nicht bl\u00fchen. Die Gr\u00fcnde k\u00f6nnen vielseitig sein. Wir sagen Ihnen, worauf Sie achten m\u00fcssen.\",\"breadcrumb\":{\"@id\":\"https:\\\/\\\/www.samenhaus.de\\\/gartenblog\\\/warum-blueht-die-hortensie-nicht#breadcrumb\"},\"inLanguage\":\"de\",\"potentialAction\":[{\"@type\":\"ReadAction\",\"target\":[\"https:\\\/\\\/www.samenhaus.de\\\/gartenblog\\\/warum-blueht-die-hortensie-nicht\"]}]},{\"@type\":\"ImageObject\",\"inLanguage\":\"de\",\"@id\":\"https:\\\/\\\/www.samenhaus.de\\\/gartenblog\\\/warum-blueht-die-hortensie-nicht#primaryimage\",\"url\":\"https:\\\/\\\/www.samenhaus.de\\\/gartenblog\\\/wp-content\\\/uploads\\\/2021\\\/02\\\/AdobeStock_321537272.jpg\",\"contentUrl\":\"https:\\\/\\\/www.samenhaus.de\\\/gartenblog\\\/wp-content\\\/uploads\\\/2021\\\/02\\\/AdobeStock_321537272.jpg\",\"width\":1000,\"height\":563,\"caption\":\"Hortensien im Garten\"},{\"@type\":\"BreadcrumbList\",\"@id\":\"https:\\\/\\\/www.samenhaus.de\\\/gartenblog\\\/warum-blueht-die-hortensie-nicht#breadcrumb\",\"itemListElement\":[{\"@type\":\"ListItem\",\"position\":1,\"name\":\"Startseite\",\"item\":\"https:\\\/\\\/www.samenhaus.de\\\/gartenblog\\\/\"},{\"@type\":\"ListItem\",\"position\":2,\"name\":\"Warum bl\u00fcht die Hortensie nicht?\"}]},{\"@type\":\"WebSite\",\"@id\":\"https:\\\/\\\/www.samenhaus.de\\\/gartenblog\\\/#website\",\"url\":\"https:\\\/\\\/www.samenhaus.de\\\/gartenblog\\\/\",\"name\":\"Samenhaus Gartenblog\",\"description\":\"\",\"publisher\":{\"@id\":\"https:\\\/\\\/www.samenhaus.de\\\/gartenblog\\\/#organization\"},\"potentialAction\":[{\"@type\":\"SearchAction\",\"target\":{\"@type\":\"EntryPoint\",\"urlTemplate\":\"https:\\\/\\\/www.samenhaus.de\\\/gartenblog\\\/?s={search_term_string}\"},\"query-input\":{\"@type\":\"PropertyValueSpecification\",\"valueRequired\":true,\"valueName\":\"search_term_string\"}}],\"inLanguage\":\"de\"},{\"@type\":\"Organization\",\"@id\":\"https:\\\/\\\/www.samenhaus.de\\\/gartenblog\\\/#organization\",\"name\":\"Samenhaus.de Gartenblog\",\"url\":\"https:\\\/\\\/www.samenhaus.de\\\/gartenblog\\\/\",\"logo\":{\"@type\":\"ImageObject\",\"inLanguage\":\"de\",\"@id\":\"https:\\\/\\\/www.samenhaus.de\\\/gartenblog\\\/#\\\/schema\\\/logo\\\/image\\\/\",\"url\":\"https:\\\/\\\/www.samenhaus.de\\\/gartenblog\\\/wp-content\\\/uploads\\\/2020\\\/11\\\/logo.svg\",\"contentUrl\":\"https:\\\/\\\/www.samenhaus.de\\\/gartenblog\\\/wp-content\\\/uploads\\\/2020\\\/11\\\/logo.svg\",\"width\":1,\"height\":1,\"caption\":\"Samenhaus.de Gartenblog\"},\"image\":{\"@id\":\"https:\\\/\\\/www.samenhaus.de\\\/gartenblog\\\/#\\\/schema\\\/logo\\\/image\\\/\"},\"sameAs\":[\"https:\\\/\\\/de-de.facebook.com\\\/samenhaus\",\"https:\\\/\\\/x.com\\\/samenhaus\"]},{\"@type\":\"Person\",\"@id\":\"https:\\\/\\\/www.samenhaus.de\\\/gartenblog\\\/#\\\/schema\\\/person\\\/e199533115bbe7e729cc10bbc640b059\",\"name\":\"Gabi\",\"image\":{\"@type\":\"ImageObject\",\"inLanguage\":\"de\",\"@id\":\"https:\\\/\\\/www.samenhaus.de\\\/gartenblog\\\/wp-content\\\/uploads\\\/2026\\\/03\\\/Gabi-150x150.png\",\"url\":\"https:\\\/\\\/www.samenhaus.de\\\/gartenblog\\\/wp-content\\\/uploads\\\/2026\\\/03\\\/Gabi-150x150.png\",\"contentUrl\":\"https:\\\/\\\/www.samenhaus.de\\\/gartenblog\\\/wp-content\\\/uploads\\\/2026\\\/03\\\/Gabi-150x150.png\",\"caption\":\"Gabi\"},\"url\":\"https:\\\/\\\/www.samenhaus.de\\\/gartenblog\\\/author\\\/gabi\"}]}<\/script>\n<!-- \/ Yoast SEO plugin. -->","yoast_head_json":{"title":"Warum bl\u00fcht die Hortensie nicht? Wir geben Antwort.","description":"Selbst bei guter Pflege kann es vorkommen, dass die Hortensien nicht bl\u00fchen. Die Gr\u00fcnde k\u00f6nnen vielseitig sein. Wir sagen Ihnen, worauf Sie achten m\u00fcssen.","robots":{"index":"index","follow":"follow","max-snippet":"max-snippet:-1","max-image-preview":"max-image-preview:large","max-video-preview":"max-video-preview:-1"},"canonical":"https:\/\/www.samenhaus.de\/gartenblog\/warum-blueht-die-hortensie-nicht","og_locale":"de_DE","og_type":"article","og_title":"Warum bl\u00fcht die Hortensie nicht? Wir geben Antwort.","og_description":"Selbst bei guter Pflege kann es vorkommen, dass die Hortensien nicht bl\u00fchen. Die Gr\u00fcnde k\u00f6nnen vielseitig sein. Wir sagen Ihnen, worauf Sie achten m\u00fcssen.","og_url":"https:\/\/www.samenhaus.de\/gartenblog\/warum-blueht-die-hortensie-nicht","og_site_name":"Samenhaus Gartenblog","article_publisher":"https:\/\/de-de.facebook.com\/samenhaus","article_published_time":"2021-04-29T15:33:03+00:00","article_modified_time":"2023-02-21T15:57:55+00:00","og_image":[{"width":1000,"height":563,"url":"https:\/\/www.samenhaus.de\/gartenblog\/wp-content\/uploads\/2021\/02\/AdobeStock_321537272.jpg","type":"image\/jpeg"}],"author":"Gabi","twitter_card":"summary_large_image","twitter_creator":"@samenhaus","twitter_site":"@samenhaus","twitter_misc":{"Verfasst von":"Gabi","Gesch\u00e4tzte Lesezeit":"5\u00a0Minuten"},"schema":{"@context":"https:\/\/schema.org","@graph":[{"@type":"Article","@id":"https:\/\/www.samenhaus.de\/gartenblog\/warum-blueht-die-hortensie-nicht#article","isPartOf":{"@id":"https:\/\/www.samenhaus.de\/gartenblog\/warum-blueht-die-hortensie-nicht"},"author":{"name":"Gabi","@id":"https:\/\/www.samenhaus.de\/gartenblog\/#\/schema\/person\/e199533115bbe7e729cc10bbc640b059"},"headline":"Warum bl\u00fcht die Hortensie nicht?","datePublished":"2021-04-29T15:33:03+00:00","dateModified":"2023-02-21T15:57:55+00:00","mainEntityOfPage":{"@id":"https:\/\/www.samenhaus.de\/gartenblog\/warum-blueht-die-hortensie-nicht"},"wordCount":952,"commentCount":5,"publisher":{"@id":"https:\/\/www.samenhaus.de\/gartenblog\/#organization"},"image":{"@id":"https:\/\/www.samenhaus.de\/gartenblog\/warum-blueht-die-hortensie-nicht#primaryimage"},"thumbnailUrl":"https:\/\/www.samenhaus.de\/gartenblog\/wp-content\/uploads\/2021\/02\/AdobeStock_321537272.jpg","articleSection":["Blumen"],"inLanguage":"de","potentialAction":[{"@type":"CommentAction","name":"Comment","target":["https:\/\/www.samenhaus.de\/gartenblog\/warum-blueht-die-hortensie-nicht#respond"]}],"copyrightYear":"2021","copyrightHolder":{"@id":"https:\/\/www.samenhaus.de\/gartenblog\/#organization"}},{"@type":"WebPage","@id":"https:\/\/www.samenhaus.de\/gartenblog\/warum-blueht-die-hortensie-nicht","url":"https:\/\/www.samenhaus.de\/gartenblog\/warum-blueht-die-hortensie-nicht","name":"Warum bl\u00fcht die Hortensie nicht? Wir geben Antwort.","isPartOf":{"@id":"https:\/\/www.samenhaus.de\/gartenblog\/#website"},"primaryImageOfPage":{"@id":"https:\/\/www.samenhaus.de\/gartenblog\/warum-blueht-die-hortensie-nicht#primaryimage"},"image":{"@id":"https:\/\/www.samenhaus.de\/gartenblog\/warum-blueht-die-hortensie-nicht#primaryimage"},"thumbnailUrl":"https:\/\/www.samenhaus.de\/gartenblog\/wp-content\/uploads\/2021\/02\/AdobeStock_321537272.jpg","datePublished":"2021-04-29T15:33:03+00:00","dateModified":"2023-02-21T15:57:55+00:00","description":"Selbst bei guter Pflege kann es vorkommen, dass die Hortensien nicht bl\u00fchen. Die Gr\u00fcnde k\u00f6nnen vielseitig sein. Wir sagen Ihnen, worauf Sie achten m\u00fcssen.","breadcrumb":{"@id":"https:\/\/www.samenhaus.de\/gartenblog\/warum-blueht-die-hortensie-nicht#breadcrumb"},"inLanguage":"de","potentialAction":[{"@type":"ReadAction","target":["https:\/\/www.samenhaus.de\/gartenblog\/warum-blueht-die-hortensie-nicht"]}]},{"@type":"ImageObject","inLanguage":"de","@id":"https:\/\/www.samenhaus.de\/gartenblog\/warum-blueht-die-hortensie-nicht#primaryimage","url":"https:\/\/www.samenhaus.de\/gartenblog\/wp-content\/uploads\/2021\/02\/AdobeStock_321537272.jpg","contentUrl":"https:\/\/www.samenhaus.de\/gartenblog\/wp-content\/uploads\/2021\/02\/AdobeStock_321537272.jpg","width":1000,"height":563,"caption":"Hortensien im Garten"},{"@type":"BreadcrumbList","@id":"https:\/\/www.samenhaus.de\/gartenblog\/warum-blueht-die-hortensie-nicht#breadcrumb","itemListElement":[{"@type":"ListItem","position":1,"name":"Startseite","item":"https:\/\/www.samenhaus.de\/gartenblog\/"},{"@type":"ListItem","position":2,"name":"Warum bl\u00fcht die Hortensie nicht?"}]},{"@type":"WebSite","@id":"https:\/\/www.samenhaus.de\/gartenblog\/#website","url":"https:\/\/www.samenhaus.de\/gartenblog\/","name":"Samenhaus Gartenblog","description":"","publisher":{"@id":"https:\/\/www.samenhaus.de\/gartenblog\/#organization"},"potentialAction":[{"@type":"SearchAction","target":{"@type":"EntryPoint","urlTemplate":"https:\/\/www.samenhaus.de\/gartenblog\/?s={search_term_string}"},"query-input":{"@type":"PropertyValueSpecification","valueRequired":true,"valueName":"search_term_string"}}],"inLanguage":"de"},{"@type":"Organization","@id":"https:\/\/www.samenhaus.de\/gartenblog\/#organization","name":"Samenhaus.de Gartenblog","url":"https:\/\/www.samenhaus.de\/gartenblog\/","logo":{"@type":"ImageObject","inLanguage":"de","@id":"https:\/\/www.samenhaus.de\/gartenblog\/#\/schema\/logo\/image\/","url":"https:\/\/www.samenhaus.de\/gartenblog\/wp-content\/uploads\/2020\/11\/logo.svg","contentUrl":"https:\/\/www.samenhaus.de\/gartenblog\/wp-content\/uploads\/2020\/11\/logo.svg","width":1,"height":1,"caption":"Samenhaus.de Gartenblog"},"image":{"@id":"https:\/\/www.samenhaus.de\/gartenblog\/#\/schema\/logo\/image\/"},"sameAs":["https:\/\/de-de.facebook.com\/samenhaus","https:\/\/x.com\/samenhaus"]},{"@type":"Person","@id":"https:\/\/www.samenhaus.de\/gartenblog\/#\/schema\/person\/e199533115bbe7e729cc10bbc640b059","name":"Gabi","image":{"@type":"ImageObject","inLanguage":"de","@id":"https:\/\/www.samenhaus.de\/gartenblog\/wp-content\/uploads\/2026\/03\/Gabi-150x150.png","url":"https:\/\/www.samenhaus.de\/gartenblog\/wp-content\/uploads\/2026\/03\/Gabi-150x150.png","contentUrl":"https:\/\/www.samenhaus.de\/gartenblog\/wp-content\/uploads\/2026\/03\/Gabi-150x150.png","caption":"Gabi"},"url":"https:\/\/www.samenhaus.de\/gartenblog\/author\/gabi"}]}},"wp-worthy-pixel":{"ignored":false,"public":"6e085fbb15e8426492e22d3fe58f59b2","server":"vg08.met.vgwort.de","url":"https:\/\/vg08.met.vgwort.de\/na\/6e085fbb15e8426492e22d3fe58f59b2"},"wp-worthy-type":"normal","_links":{"self":[{"href":"https:\/\/www.samenhaus.de\/gartenblog\/wp-json\/wp\/v2\/posts\/244","targetHints":{"allow":["GET"]}}],"collection":[{"href":"https:\/\/www.samenhaus.de\/gartenblog\/wp-json\/wp\/v2\/posts"}],"about":[{"href":"https:\/\/www.samenhaus.de\/gartenblog\/wp-json\/wp\/v2\/types\/post"}],"author":[{"embeddable":true,"href":"https:\/\/www.samenhaus.de\/gartenblog\/wp-json\/wp\/v2\/users\/5"}],"replies":[{"embeddable":true,"href":"https:\/\/www.samenhaus.de\/gartenblog\/wp-json\/wp\/v2\/comments?post=244"}],"version-history":[{"count":5,"href":"https:\/\/www.samenhaus.de\/gartenblog\/wp-json\/wp\/v2\/posts\/244\/revisions"}],"predecessor-version":[{"id":10153,"href":"https:\/\/www.samenhaus.de\/gartenblog\/wp-json\/wp\/v2\/posts\/244\/revisions\/10153"}],"wp:featuredmedia":[{"embeddable":true,"href":"https:\/\/www.samenhaus.de\/gartenblog\/wp-json\/wp\/v2\/media\/779"}],"wp:attachment":[{"href":"https:\/\/www.samenhaus.de\/gartenblog\/wp-json\/wp\/v2\/media?parent=244"}],"wp:term":[{"taxonomy":"category","embeddable":true,"href":"https:\/\/www.samenhaus.de\/gartenblog\/wp-json\/wp\/v2\/categories?post=244"},{"taxonomy":"post_tag","embeddable":true,"href":"https:\/\/www.samenhaus.de\/gartenblog\/wp-json\/wp\/v2\/tags?post=244"},{"taxonomy":"hersteller","embeddable":true,"href":"https:\/\/www.samenhaus.de\/gartenblog\/wp-json\/wp\/v2\/hersteller?post=244"}],"curies":[{"name":"wp","href":"https:\/\/api.w.org\/{rel}","templated":true}]}}