{"id":319,"date":"2021-04-30T13:03:44","date_gmt":"2021-04-30T13:03:44","guid":{"rendered":"https:\/\/samenhaus1.timmeserver.de\/?p=319"},"modified":"2023-02-21T21:10:35","modified_gmt":"2023-02-21T21:10:35","slug":"der-garten-im-winter-es-ist-immer-gartenzeit","status":"publish","type":"post","link":"https:\/\/www.samenhaus.de\/gartenblog\/der-garten-im-winter-es-ist-immer-gartenzeit","title":{"rendered":"Der Garten im Winter \u2013 es ist immer Gartenzeit"},"content":{"rendered":"<p>Wer der Meinung ist, dass es im Winter im Garten nichts zu tun gibt, der irrt. Sie k\u00f6nnen sogar noch pflanzen und ernten, wenn bei Ihnen die Bedingungen stimmen. Dazu ist nicht einmal ein geheiztes Gew\u00e4chshaus notwendig. Solange der Boden offen und nicht von einer dicken Schneedecke \u00fcberdeckt ist, l\u00e4sst sich noch einiges aus dem Garten holen. Haben Sie w\u00e4hrend der Gartensaison gut geplant, ist der Garten auch im Winter nicht trist und grau, denn viele immergr\u00fcne Pflanzen zeigen ihre Farben.<\/p>\n<h2><span class=\"ez-toc-section\" id=\"Das_koennen_Sie_auch_im_Winter_ernten\"><\/span><b>Das k\u00f6nnen Sie auch im Winter ernten<\/b><span class=\"ez-toc-section-end\"><\/span><\/h2>\n<p><img loading=\"lazy\" decoding=\"async\" class=\"size-medium wp-image-3343 alignright\" src=\"https:\/\/www.samenhaus.de\/gartenblog\/wp-content\/uploads\/2022\/03\/Garten-im-Winter_186716757-300x200.jpeg\" alt=\"Gr\u00fcnkohl\" width=\"300\" height=\"200\" srcset=\"https:\/\/www.samenhaus.de\/gartenblog\/wp-content\/uploads\/2022\/03\/Garten-im-Winter_186716757-300x200.jpeg 300w, https:\/\/www.samenhaus.de\/gartenblog\/wp-content\/uploads\/2022\/03\/Garten-im-Winter_186716757-600x400.jpeg 600w, https:\/\/www.samenhaus.de\/gartenblog\/wp-content\/uploads\/2022\/03\/Garten-im-Winter_186716757-2048x1365.jpeg 2048w, https:\/\/www.samenhaus.de\/gartenblog\/wp-content\/uploads\/2022\/03\/Garten-im-Winter_186716757-768x512.jpeg 768w, https:\/\/www.samenhaus.de\/gartenblog\/wp-content\/uploads\/2022\/03\/Garten-im-Winter_186716757-1024x683.jpeg 1024w, https:\/\/www.samenhaus.de\/gartenblog\/wp-content\/uploads\/2022\/03\/Garten-im-Winter_186716757-1536x1024.jpeg 1536w\" sizes=\"auto, (max-width: 300px) 100vw, 300px\" \/>Haben Sie rechtzeitig gepflanzt und ges\u00e4t, k\u00f6nnen Sie auch im Winter noch jede Menge ernten. Und damit ist nicht nur der Gr\u00fcnkohl und Rosenkohl gemeint. M\u00f6hren schmecken nach dem ersten Frost super lecker und etwas s\u00fc\u00dfer. Auch einige Kohlrabisorten sind relativ winterhart. Mit etwas Stroh abgedeckt, lassen sie sich noch bis weit in den Winter ernten. Chicor\u00e9e ist ein richtiges Wintergem\u00fcse.<\/p>\n<p>Der Klassiker schlecht hin ist Wirsing, der sehr frosthart ist und fast den ganzen Winter geerntet werden kann. Auch Lauch und Topinambur k\u00f6nnen Sie in der kalten Jahreszeit noch frisch auf den Tisch holen. Wei\u00dfkohl und Rotkohl halten ebenfalls relativ lang. Bei sehr gro\u00dfer K\u00e4lte k\u00f6nnen Sie den Kohl mit etwas Vlies oder Stroh abdecken. Die besten Salatgem\u00fcse f\u00fcr den Winter sind Postelein und Feldsalat. Unter den Asia-Salaten gibt es auch einige frostharte Sorten. Und so gibt es noch allerhand, was Sie im Winter ernten k\u00f6nnen.<\/p>\n<p>Optimal ist nat\u00fcrlich ein Gew\u00e4chshaus, in dem Sie noch allerhand anbauen k\u00f6nnen. Im beheizten Gew\u00e4chshaus gibt es fast keine Grenzen. Ist Ihr Gew\u00e4chshaus nicht beheizt, k\u00f6nnen Sie trotzdem heimisches Gem\u00fcse m\u00fchelos anbauen. Radieschen, Kohl, Erbsen und viele andere Gem\u00fcsesorten gedeihen dort noch bestens. Bei extremen Minustemperaturen reichen ein paar Kerzen, um die Luft im Gew\u00e4chshaus zu erw\u00e4rmen.<\/p>\n<h2><span class=\"ez-toc-section\" id=\"Immergruene_Pflanzen_brauchen_Wasser\"><\/span>Immergr\u00fcne Pflanzen brauchen Wasser<span class=\"ez-toc-section-end\"><\/span><\/h2>\n<p>Haben Sie immergr\u00fcne Pflanzen angebaut wie Efeu, Bambus oder Thuja, dann sollten Sie das Gie\u00dfen nicht vergessen. Die Pflanzen ben\u00f6tigen vor allem in trockenen Wintern Wasser. \u00dcber die Bl\u00e4tter verdunstet Wasser. Aus dem trockenen oder gefrorenen Boden kommt aber kein Nachschub. Deshalb ist gie\u00dfen wichtig.<\/p>\n<h2><span class=\"ez-toc-section\" id=\"Lassen_Sie_Pflanzen_unter_dem_Frostschutz_nicht_schwitzen\"><\/span>Lassen Sie Pflanzen unter dem Frostschutz nicht schwitzen<span class=\"ez-toc-section-end\"><\/span><\/h2>\n<p><img loading=\"lazy\" decoding=\"async\" class=\"size-medium wp-image-3344 alignright\" src=\"https:\/\/www.samenhaus.de\/gartenblog\/wp-content\/uploads\/2022\/03\/Garten-im-Winter_191337283-300x200.jpeg\" alt=\"Frostschutz\" width=\"300\" height=\"200\" srcset=\"https:\/\/www.samenhaus.de\/gartenblog\/wp-content\/uploads\/2022\/03\/Garten-im-Winter_191337283-300x200.jpeg 300w, https:\/\/www.samenhaus.de\/gartenblog\/wp-content\/uploads\/2022\/03\/Garten-im-Winter_191337283-600x400.jpeg 600w, https:\/\/www.samenhaus.de\/gartenblog\/wp-content\/uploads\/2022\/03\/Garten-im-Winter_191337283-2048x1365.jpeg 2048w, https:\/\/www.samenhaus.de\/gartenblog\/wp-content\/uploads\/2022\/03\/Garten-im-Winter_191337283-768x512.jpeg 768w, https:\/\/www.samenhaus.de\/gartenblog\/wp-content\/uploads\/2022\/03\/Garten-im-Winter_191337283-1024x683.jpeg 1024w, https:\/\/www.samenhaus.de\/gartenblog\/wp-content\/uploads\/2022\/03\/Garten-im-Winter_191337283-1536x1024.jpeg 1536w\" sizes=\"auto, (max-width: 300px) 100vw, 300px\" \/>Pflanzen, die Sie \u00fcber den Winter gut eingepackt haben, sollten Sie gut beobachten. An warmen Wintertagen und gegen Ende des Winters heizt die Sonne die Luft auf und die Pflanzen fangen an zu schwitzen. Sie sollten an sehr warmen Wintertagen die Pflanzen deshalb l\u00fcften. Am besten, Sie packten die Pflanzen gar nicht erst mit licht- und luftundurchl\u00e4ssigen Materialien ein.<\/p>\n<h2><span class=\"ez-toc-section\" id=\"Behalten_Sie_Straeucher_und_Baeume_im_Blick\"><\/span>Behalten Sie Str\u00e4ucher und B\u00e4ume im Blick<span class=\"ez-toc-section-end\"><\/span><\/h2>\n<p>Eine wei\u00dfe Winterwelt ist einfach toll. Doch bei zu viel Schnee k\u00f6nnen \u00c4ste unter der Last brechen. Bei einer Schneedecke, die dicker als zehn Zentimeter ist, biegen sich die \u00c4ste schon stark. Sie sollten dann die Schneelast beseitigen.<\/p>\n<p>Jetzt ist auch die Zeit, um B\u00e4ume zu f\u00e4llen oder zur\u00fcckzuschneiden. An frostfreien Tagen k\u00f6nnen Sie das tun. Das F\u00e4llen der B\u00e4ume ist zwischen November und Februar m\u00f6glich. Bedenken Sie aber, dass Sie bei vielen B\u00e4umen eine F\u00e4llgenehmigung ben\u00f6tigen. Aus Sicherheitsgr\u00fcnden sollten Sie mit dem F\u00e4llen einen Fachmann beauftragen.<\/p>\n<h2><span class=\"ez-toc-section\" id=\"Bis_Dezember_koennen_Sie_Blumenzwiebeln_setzen\"><\/span>Bis Dezember k\u00f6nnen Sie Blumenzwiebeln setzen<span class=\"ez-toc-section-end\"><\/span><\/h2>\n<p><img loading=\"lazy\" decoding=\"async\" class=\"size-medium wp-image-3346 alignright\" src=\"https:\/\/www.samenhaus.de\/gartenblog\/wp-content\/uploads\/2022\/03\/Garten-im-Winter_321125924-300x200.jpeg\" alt=\"Blumenzwiebeln\" width=\"300\" height=\"200\" srcset=\"https:\/\/www.samenhaus.de\/gartenblog\/wp-content\/uploads\/2022\/03\/Garten-im-Winter_321125924-300x200.jpeg 300w, https:\/\/www.samenhaus.de\/gartenblog\/wp-content\/uploads\/2022\/03\/Garten-im-Winter_321125924-2048x1363.jpeg 2048w, https:\/\/www.samenhaus.de\/gartenblog\/wp-content\/uploads\/2022\/03\/Garten-im-Winter_321125924-600x399.jpeg 600w, https:\/\/www.samenhaus.de\/gartenblog\/wp-content\/uploads\/2022\/03\/Garten-im-Winter_321125924-768x511.jpeg 768w, https:\/\/www.samenhaus.de\/gartenblog\/wp-content\/uploads\/2022\/03\/Garten-im-Winter_321125924-1024x681.jpeg 1024w, https:\/\/www.samenhaus.de\/gartenblog\/wp-content\/uploads\/2022\/03\/Garten-im-Winter_321125924-1536x1022.jpeg 1536w\" sizes=\"auto, (max-width: 300px) 100vw, 300px\" \/>Manch einer behauptet, dass Fr\u00fchlingsbl\u00fcher mit Blumenzwiebeln am besten gedeihen, wenn sie sp\u00e4t gesetzt werden. Da ist durchaus etwas dran. Blumenzwiebeln gedeihen am besten, wenn die Temperaturen lange Zeit dauerhaft unter 12\u00b0 C bleiben. Solange der Boden offen ist, k\u00f6nnen Sie die Blumenzwiebeln also noch stecken. Das ist oft bis weit in den Dezember.<\/p>\n<h2><span class=\"ez-toc-section\" id=\"Achtung_Gartenteich\"><\/span>Achtung! Gartenteich!<span class=\"ez-toc-section-end\"><\/span><\/h2>\n<p>Haben Sie einen Gartenteich, sollten Sie regelm\u00e4\u00dfig kontrollieren, dass sich keine dicke Eisdecke bildet. Sicher haben Sie schon im Herbst einen Eisfreihalter in den Teich gesetzt. Doch auch dieser kann sich verschieben oder kippen. Friert der Teich dann zu, gelangt kein Sauerstoff mehr hinein und Faulgase k\u00f6nnen nicht abziehen.<\/p>\n<h2><span class=\"ez-toc-section\" id=\"Meiden_Sie_das_Salzen_im_Garten\"><\/span>Meiden Sie das Salzen im Garten<span class=\"ez-toc-section-end\"><\/span><\/h2>\n<p><img loading=\"lazy\" decoding=\"async\" class=\"size-medium wp-image-3345 alignright\" src=\"https:\/\/www.samenhaus.de\/gartenblog\/wp-content\/uploads\/2022\/03\/Garten-im-Winter_248356637-300x200.jpeg\" alt=\"Frost Garten\" width=\"300\" height=\"200\" srcset=\"https:\/\/www.samenhaus.de\/gartenblog\/wp-content\/uploads\/2022\/03\/Garten-im-Winter_248356637-300x200.jpeg 300w, https:\/\/www.samenhaus.de\/gartenblog\/wp-content\/uploads\/2022\/03\/Garten-im-Winter_248356637-600x400.jpeg 600w, https:\/\/www.samenhaus.de\/gartenblog\/wp-content\/uploads\/2022\/03\/Garten-im-Winter_248356637-2048x1365.jpeg 2048w, https:\/\/www.samenhaus.de\/gartenblog\/wp-content\/uploads\/2022\/03\/Garten-im-Winter_248356637-768x512.jpeg 768w, https:\/\/www.samenhaus.de\/gartenblog\/wp-content\/uploads\/2022\/03\/Garten-im-Winter_248356637-1024x683.jpeg 1024w, https:\/\/www.samenhaus.de\/gartenblog\/wp-content\/uploads\/2022\/03\/Garten-im-Winter_248356637-1536x1024.jpeg 1536w\" sizes=\"auto, (max-width: 300px) 100vw, 300px\" \/>Sobald Eis und Schnee die Wege dicht machen, geht es ans R\u00e4umen. Auf keinen Fall sollten Sie im Garten zum Streusalz greifen. Streusalz ist Gift f\u00fcr den Boden und die Pflanzen. Dringt das Salz mit dem Tauwasser in den Boden, st\u00f6ren die Salze die N\u00e4hrstoff- und Wasseraufnahme der Pflanzen. Es k\u00f6nnen sogar ganze Pflanzen absterben.<\/p>\n<h2><span class=\"ez-toc-section\" id=\"Die_naechste_Gartensaison_kommt_bestimmt\"><\/span>Die n\u00e4chste Gartensaison kommt bestimmt<span class=\"ez-toc-section-end\"><\/span><\/h2>\n<p>Ja, auch daran sollten Sie denken. Planen Sie schon im Winter Ihren Garten. So vergessen Sie nichts. Schreiben Sie, auf welches Beet welches Gem\u00fcse soll. Jetzt haben Sie Zeit, Folgekulturen genau zu planen und die Pflanzen in einer unterst\u00fctzenden Mischkultur zusammenzusetzen. Ab Februar k\u00f6nnen die ersten Gem\u00fcsepflanzen ins Fr\u00fchbeet, sofern Sie daf\u00fcr einen K\u00e4lteschutz haben. Ansonsten k\u00f6nnen Sie auch auf der Fensterbank die ersten Pflanzen vorziehen.<\/p>\n<h2><span class=\"ez-toc-section\" id=\"Bereiten_Sie_das_Werkzeug_vor\"><\/span>Bereiten Sie das Werkzeug vor<span class=\"ez-toc-section-end\"><\/span><\/h2>\n<p><img loading=\"lazy\" decoding=\"async\" class=\"size-medium wp-image-3342 alignright\" src=\"https:\/\/www.samenhaus.de\/gartenblog\/wp-content\/uploads\/2022\/03\/Garten-im-Winter_109950428-300x300.jpeg\" alt=\"Gartenwerkzeug\" width=\"300\" height=\"300\" \/>Der Winter ist auch eine perfekte Zeit, um Gartenger\u00e4te in Schuss zu bringen. Jetzt sollten Sie defekte Ger\u00e4te austauschen oder reparieren und Ihrem Werkzeug etwas Pflege zukommen lassen. So ist das Werkzeug im Fr\u00fchjahr gleich wieder einsatzbereit.<\/p>\n<p>Es ist also auch im Winter allerhand im Garten zu tun.<\/p>\n","protected":false},"excerpt":{"rendered":"<p>Wer der Meinung ist, dass es im Winter im Garten nichts zu tun gibt, der irrt. Sie k\u00f6nnen sogar noch pflanzen und ernten, wenn bei Ihnen die Bedingungen stimmen. Dazu ist nicht einmal ein geheiztes Gew\u00e4chshaus notwendig. Solange der Boden offen und nicht von einer dicken Schneedecke \u00fcberdeckt ist, l\u00e4sst sich noch einiges aus dem Garten holen. Haben Sie w\u00e4hrend der Gartensaison gut geplant, ist der Garten auch im Winter nicht trist und grau, denn viele immergr\u00fcne Pflanzen zeigen ihre Farben. Das k\u00f6nnen Sie auch im Winter ernten Haben Sie rechtzeitig gepflanzt und ges\u00e4t, k\u00f6nnen Sie auch im Winter noch jede Menge ernten. Und damit ist nicht nur der Gr\u00fcnkohl und Rosenkohl gemeint. M\u00f6hren schmecken nach dem ersten Frost super lecker und etwas s\u00fc\u00dfer. Auch einige Kohlrabisorten sind relativ winterhart. Mit etwas Stroh abgedeckt, lassen sie sich noch bis weit in den Winter ernten. Chicor\u00e9e ist ein richtiges Wintergem\u00fcse. Der Klassiker schlecht hin ist Wirsing, der sehr frosthart ist und fast den ganzen Winter geerntet werden kann. Auch Lauch und Topinambur k\u00f6nnen Sie in der kalten Jahreszeit noch frisch auf den Tisch holen. Wei\u00dfkohl und Rotkohl halten ebenfalls relativ lang. Bei sehr gro\u00dfer K\u00e4lte k\u00f6nnen Sie den Kohl mit etwas [&hellip;]<\/p>\n","protected":false},"author":5,"featured_media":836,"comment_status":"open","ping_status":"open","sticky":false,"template":"","format":"standard","meta":{"_acf_changed":false,"footnotes":""},"categories":[1],"tags":[],"hersteller":[],"class_list":["post-319","post","type-post","status-publish","format-standard","has-post-thumbnail","hentry","category-allgemein"],"acf":[],"yoast_head":"<!-- This site is optimized with the Yoast SEO plugin v27.4 - https:\/\/yoast.com\/product\/yoast-seo-wordpress\/ -->\n<title>Der Garten im Winter \u2013 es ist immer Gartenzeit - Samenhaus Gartenblog<\/title>\n<meta name=\"description\" content=\"Auch im Winter ist im Garten noch viel zu tun und zu ernten. Ganz ohne Pflege kommt der Garten nicht aus, auch wenn Sie einige Dinge einfach nur im Blick behalten m\u00fcssen.\" \/>\n<meta name=\"robots\" content=\"index, follow, max-snippet:-1, max-image-preview:large, max-video-preview:-1\" \/>\n<link rel=\"canonical\" href=\"https:\/\/www.samenhaus.de\/gartenblog\/der-garten-im-winter-es-ist-immer-gartenzeit\" \/>\n<meta property=\"og:locale\" content=\"de_DE\" \/>\n<meta property=\"og:type\" content=\"article\" \/>\n<meta property=\"og:title\" content=\"Der Garten im Winter \u2013 es ist immer Gartenzeit - Samenhaus Gartenblog\" \/>\n<meta property=\"og:description\" content=\"Auch im Winter ist im Garten noch viel zu tun und zu ernten. Ganz ohne Pflege kommt der Garten nicht aus, auch wenn Sie einige Dinge einfach nur im Blick behalten m\u00fcssen.\" \/>\n<meta property=\"og:url\" content=\"https:\/\/www.samenhaus.de\/gartenblog\/der-garten-im-winter-es-ist-immer-gartenzeit\" \/>\n<meta property=\"og:site_name\" content=\"Samenhaus Gartenblog\" \/>\n<meta property=\"article:publisher\" content=\"https:\/\/de-de.facebook.com\/samenhaus\" \/>\n<meta property=\"article:published_time\" content=\"2021-04-30T13:03:44+00:00\" \/>\n<meta property=\"article:modified_time\" content=\"2023-02-21T21:10:35+00:00\" \/>\n<meta property=\"og:image\" content=\"https:\/\/www.samenhaus.de\/gartenblog\/wp-content\/uploads\/2021\/03\/AdobeStock_244580809.jpg\" \/>\n\t<meta property=\"og:image:width\" content=\"1000\" \/>\n\t<meta property=\"og:image:height\" content=\"563\" \/>\n\t<meta property=\"og:image:type\" content=\"image\/jpeg\" \/>\n<meta name=\"author\" content=\"Gabi\" \/>\n<meta name=\"twitter:card\" content=\"summary_large_image\" \/>\n<meta name=\"twitter:creator\" content=\"@samenhaus\" \/>\n<meta name=\"twitter:site\" content=\"@samenhaus\" \/>\n<meta name=\"twitter:label1\" content=\"Verfasst von\" \/>\n\t<meta name=\"twitter:data1\" content=\"Gabi\" \/>\n\t<meta name=\"twitter:label2\" content=\"Gesch\u00e4tzte Lesezeit\" \/>\n\t<meta name=\"twitter:data2\" content=\"6\u00a0Minuten\" \/>\n<script type=\"application\/ld+json\" class=\"yoast-schema-graph\">{\"@context\":\"https:\\\/\\\/schema.org\",\"@graph\":[{\"@type\":\"Article\",\"@id\":\"https:\\\/\\\/www.samenhaus.de\\\/gartenblog\\\/der-garten-im-winter-es-ist-immer-gartenzeit#article\",\"isPartOf\":{\"@id\":\"https:\\\/\\\/www.samenhaus.de\\\/gartenblog\\\/der-garten-im-winter-es-ist-immer-gartenzeit\"},\"author\":{\"name\":\"Gabi\",\"@id\":\"https:\\\/\\\/www.samenhaus.de\\\/gartenblog\\\/#\\\/schema\\\/person\\\/e199533115bbe7e729cc10bbc640b059\"},\"headline\":\"Der Garten im Winter \u2013 es ist immer Gartenzeit\",\"datePublished\":\"2021-04-30T13:03:44+00:00\",\"dateModified\":\"2023-02-21T21:10:35+00:00\",\"mainEntityOfPage\":{\"@id\":\"https:\\\/\\\/www.samenhaus.de\\\/gartenblog\\\/der-garten-im-winter-es-ist-immer-gartenzeit\"},\"wordCount\":885,\"commentCount\":0,\"publisher\":{\"@id\":\"https:\\\/\\\/www.samenhaus.de\\\/gartenblog\\\/#organization\"},\"image\":{\"@id\":\"https:\\\/\\\/www.samenhaus.de\\\/gartenblog\\\/der-garten-im-winter-es-ist-immer-gartenzeit#primaryimage\"},\"thumbnailUrl\":\"https:\\\/\\\/www.samenhaus.de\\\/gartenblog\\\/wp-content\\\/uploads\\\/2021\\\/03\\\/AdobeStock_244580809.jpg\",\"inLanguage\":\"de\",\"potentialAction\":[{\"@type\":\"CommentAction\",\"name\":\"Comment\",\"target\":[\"https:\\\/\\\/www.samenhaus.de\\\/gartenblog\\\/der-garten-im-winter-es-ist-immer-gartenzeit#respond\"]}],\"copyrightYear\":\"2021\",\"copyrightHolder\":{\"@id\":\"https:\\\/\\\/www.samenhaus.de\\\/gartenblog\\\/#organization\"}},{\"@type\":\"WebPage\",\"@id\":\"https:\\\/\\\/www.samenhaus.de\\\/gartenblog\\\/der-garten-im-winter-es-ist-immer-gartenzeit\",\"url\":\"https:\\\/\\\/www.samenhaus.de\\\/gartenblog\\\/der-garten-im-winter-es-ist-immer-gartenzeit\",\"name\":\"Der Garten im Winter \u2013 es ist immer Gartenzeit - Samenhaus Gartenblog\",\"isPartOf\":{\"@id\":\"https:\\\/\\\/www.samenhaus.de\\\/gartenblog\\\/#website\"},\"primaryImageOfPage\":{\"@id\":\"https:\\\/\\\/www.samenhaus.de\\\/gartenblog\\\/der-garten-im-winter-es-ist-immer-gartenzeit#primaryimage\"},\"image\":{\"@id\":\"https:\\\/\\\/www.samenhaus.de\\\/gartenblog\\\/der-garten-im-winter-es-ist-immer-gartenzeit#primaryimage\"},\"thumbnailUrl\":\"https:\\\/\\\/www.samenhaus.de\\\/gartenblog\\\/wp-content\\\/uploads\\\/2021\\\/03\\\/AdobeStock_244580809.jpg\",\"datePublished\":\"2021-04-30T13:03:44+00:00\",\"dateModified\":\"2023-02-21T21:10:35+00:00\",\"description\":\"Auch im Winter ist im Garten noch viel zu tun und zu ernten. Ganz ohne Pflege kommt der Garten nicht aus, auch wenn Sie einige Dinge einfach nur im Blick behalten m\u00fcssen.\",\"breadcrumb\":{\"@id\":\"https:\\\/\\\/www.samenhaus.de\\\/gartenblog\\\/der-garten-im-winter-es-ist-immer-gartenzeit#breadcrumb\"},\"inLanguage\":\"de\",\"potentialAction\":[{\"@type\":\"ReadAction\",\"target\":[\"https:\\\/\\\/www.samenhaus.de\\\/gartenblog\\\/der-garten-im-winter-es-ist-immer-gartenzeit\"]}]},{\"@type\":\"ImageObject\",\"inLanguage\":\"de\",\"@id\":\"https:\\\/\\\/www.samenhaus.de\\\/gartenblog\\\/der-garten-im-winter-es-ist-immer-gartenzeit#primaryimage\",\"url\":\"https:\\\/\\\/www.samenhaus.de\\\/gartenblog\\\/wp-content\\\/uploads\\\/2021\\\/03\\\/AdobeStock_244580809.jpg\",\"contentUrl\":\"https:\\\/\\\/www.samenhaus.de\\\/gartenblog\\\/wp-content\\\/uploads\\\/2021\\\/03\\\/AdobeStock_244580809.jpg\",\"width\":1000,\"height\":563,\"caption\":\"Garten im Winter\"},{\"@type\":\"BreadcrumbList\",\"@id\":\"https:\\\/\\\/www.samenhaus.de\\\/gartenblog\\\/der-garten-im-winter-es-ist-immer-gartenzeit#breadcrumb\",\"itemListElement\":[{\"@type\":\"ListItem\",\"position\":1,\"name\":\"Startseite\",\"item\":\"https:\\\/\\\/www.samenhaus.de\\\/gartenblog\\\/\"},{\"@type\":\"ListItem\",\"position\":2,\"name\":\"Der Garten im Winter \u2013 es ist immer Gartenzeit\"}]},{\"@type\":\"WebSite\",\"@id\":\"https:\\\/\\\/www.samenhaus.de\\\/gartenblog\\\/#website\",\"url\":\"https:\\\/\\\/www.samenhaus.de\\\/gartenblog\\\/\",\"name\":\"Samenhaus Gartenblog\",\"description\":\"\",\"publisher\":{\"@id\":\"https:\\\/\\\/www.samenhaus.de\\\/gartenblog\\\/#organization\"},\"potentialAction\":[{\"@type\":\"SearchAction\",\"target\":{\"@type\":\"EntryPoint\",\"urlTemplate\":\"https:\\\/\\\/www.samenhaus.de\\\/gartenblog\\\/?s={search_term_string}\"},\"query-input\":{\"@type\":\"PropertyValueSpecification\",\"valueRequired\":true,\"valueName\":\"search_term_string\"}}],\"inLanguage\":\"de\"},{\"@type\":\"Organization\",\"@id\":\"https:\\\/\\\/www.samenhaus.de\\\/gartenblog\\\/#organization\",\"name\":\"Samenhaus.de Gartenblog\",\"url\":\"https:\\\/\\\/www.samenhaus.de\\\/gartenblog\\\/\",\"logo\":{\"@type\":\"ImageObject\",\"inLanguage\":\"de\",\"@id\":\"https:\\\/\\\/www.samenhaus.de\\\/gartenblog\\\/#\\\/schema\\\/logo\\\/image\\\/\",\"url\":\"https:\\\/\\\/www.samenhaus.de\\\/gartenblog\\\/wp-content\\\/uploads\\\/2020\\\/11\\\/logo.svg\",\"contentUrl\":\"https:\\\/\\\/www.samenhaus.de\\\/gartenblog\\\/wp-content\\\/uploads\\\/2020\\\/11\\\/logo.svg\",\"width\":1,\"height\":1,\"caption\":\"Samenhaus.de Gartenblog\"},\"image\":{\"@id\":\"https:\\\/\\\/www.samenhaus.de\\\/gartenblog\\\/#\\\/schema\\\/logo\\\/image\\\/\"},\"sameAs\":[\"https:\\\/\\\/de-de.facebook.com\\\/samenhaus\",\"https:\\\/\\\/x.com\\\/samenhaus\"]},{\"@type\":\"Person\",\"@id\":\"https:\\\/\\\/www.samenhaus.de\\\/gartenblog\\\/#\\\/schema\\\/person\\\/e199533115bbe7e729cc10bbc640b059\",\"name\":\"Gabi\",\"image\":{\"@type\":\"ImageObject\",\"inLanguage\":\"de\",\"@id\":\"https:\\\/\\\/www.samenhaus.de\\\/gartenblog\\\/wp-content\\\/uploads\\\/2026\\\/03\\\/Gabi-150x150.png\",\"url\":\"https:\\\/\\\/www.samenhaus.de\\\/gartenblog\\\/wp-content\\\/uploads\\\/2026\\\/03\\\/Gabi-150x150.png\",\"contentUrl\":\"https:\\\/\\\/www.samenhaus.de\\\/gartenblog\\\/wp-content\\\/uploads\\\/2026\\\/03\\\/Gabi-150x150.png\",\"caption\":\"Gabi\"},\"url\":\"https:\\\/\\\/www.samenhaus.de\\\/gartenblog\\\/author\\\/gabi\"}]}<\/script>\n<!-- \/ Yoast SEO plugin. -->","yoast_head_json":{"title":"Der Garten im Winter \u2013 es ist immer Gartenzeit - Samenhaus Gartenblog","description":"Auch im Winter ist im Garten noch viel zu tun und zu ernten. Ganz ohne Pflege kommt der Garten nicht aus, auch wenn Sie einige Dinge einfach nur im Blick behalten m\u00fcssen.","robots":{"index":"index","follow":"follow","max-snippet":"max-snippet:-1","max-image-preview":"max-image-preview:large","max-video-preview":"max-video-preview:-1"},"canonical":"https:\/\/www.samenhaus.de\/gartenblog\/der-garten-im-winter-es-ist-immer-gartenzeit","og_locale":"de_DE","og_type":"article","og_title":"Der Garten im Winter \u2013 es ist immer Gartenzeit - Samenhaus Gartenblog","og_description":"Auch im Winter ist im Garten noch viel zu tun und zu ernten. Ganz ohne Pflege kommt der Garten nicht aus, auch wenn Sie einige Dinge einfach nur im Blick behalten m\u00fcssen.","og_url":"https:\/\/www.samenhaus.de\/gartenblog\/der-garten-im-winter-es-ist-immer-gartenzeit","og_site_name":"Samenhaus Gartenblog","article_publisher":"https:\/\/de-de.facebook.com\/samenhaus","article_published_time":"2021-04-30T13:03:44+00:00","article_modified_time":"2023-02-21T21:10:35+00:00","og_image":[{"width":1000,"height":563,"url":"https:\/\/www.samenhaus.de\/gartenblog\/wp-content\/uploads\/2021\/03\/AdobeStock_244580809.jpg","type":"image\/jpeg"}],"author":"Gabi","twitter_card":"summary_large_image","twitter_creator":"@samenhaus","twitter_site":"@samenhaus","twitter_misc":{"Verfasst von":"Gabi","Gesch\u00e4tzte Lesezeit":"6\u00a0Minuten"},"schema":{"@context":"https:\/\/schema.org","@graph":[{"@type":"Article","@id":"https:\/\/www.samenhaus.de\/gartenblog\/der-garten-im-winter-es-ist-immer-gartenzeit#article","isPartOf":{"@id":"https:\/\/www.samenhaus.de\/gartenblog\/der-garten-im-winter-es-ist-immer-gartenzeit"},"author":{"name":"Gabi","@id":"https:\/\/www.samenhaus.de\/gartenblog\/#\/schema\/person\/e199533115bbe7e729cc10bbc640b059"},"headline":"Der Garten im Winter \u2013 es ist immer Gartenzeit","datePublished":"2021-04-30T13:03:44+00:00","dateModified":"2023-02-21T21:10:35+00:00","mainEntityOfPage":{"@id":"https:\/\/www.samenhaus.de\/gartenblog\/der-garten-im-winter-es-ist-immer-gartenzeit"},"wordCount":885,"commentCount":0,"publisher":{"@id":"https:\/\/www.samenhaus.de\/gartenblog\/#organization"},"image":{"@id":"https:\/\/www.samenhaus.de\/gartenblog\/der-garten-im-winter-es-ist-immer-gartenzeit#primaryimage"},"thumbnailUrl":"https:\/\/www.samenhaus.de\/gartenblog\/wp-content\/uploads\/2021\/03\/AdobeStock_244580809.jpg","inLanguage":"de","potentialAction":[{"@type":"CommentAction","name":"Comment","target":["https:\/\/www.samenhaus.de\/gartenblog\/der-garten-im-winter-es-ist-immer-gartenzeit#respond"]}],"copyrightYear":"2021","copyrightHolder":{"@id":"https:\/\/www.samenhaus.de\/gartenblog\/#organization"}},{"@type":"WebPage","@id":"https:\/\/www.samenhaus.de\/gartenblog\/der-garten-im-winter-es-ist-immer-gartenzeit","url":"https:\/\/www.samenhaus.de\/gartenblog\/der-garten-im-winter-es-ist-immer-gartenzeit","name":"Der Garten im Winter \u2013 es ist immer Gartenzeit - Samenhaus Gartenblog","isPartOf":{"@id":"https:\/\/www.samenhaus.de\/gartenblog\/#website"},"primaryImageOfPage":{"@id":"https:\/\/www.samenhaus.de\/gartenblog\/der-garten-im-winter-es-ist-immer-gartenzeit#primaryimage"},"image":{"@id":"https:\/\/www.samenhaus.de\/gartenblog\/der-garten-im-winter-es-ist-immer-gartenzeit#primaryimage"},"thumbnailUrl":"https:\/\/www.samenhaus.de\/gartenblog\/wp-content\/uploads\/2021\/03\/AdobeStock_244580809.jpg","datePublished":"2021-04-30T13:03:44+00:00","dateModified":"2023-02-21T21:10:35+00:00","description":"Auch im Winter ist im Garten noch viel zu tun und zu ernten. Ganz ohne Pflege kommt der Garten nicht aus, auch wenn Sie einige Dinge einfach nur im Blick behalten m\u00fcssen.","breadcrumb":{"@id":"https:\/\/www.samenhaus.de\/gartenblog\/der-garten-im-winter-es-ist-immer-gartenzeit#breadcrumb"},"inLanguage":"de","potentialAction":[{"@type":"ReadAction","target":["https:\/\/www.samenhaus.de\/gartenblog\/der-garten-im-winter-es-ist-immer-gartenzeit"]}]},{"@type":"ImageObject","inLanguage":"de","@id":"https:\/\/www.samenhaus.de\/gartenblog\/der-garten-im-winter-es-ist-immer-gartenzeit#primaryimage","url":"https:\/\/www.samenhaus.de\/gartenblog\/wp-content\/uploads\/2021\/03\/AdobeStock_244580809.jpg","contentUrl":"https:\/\/www.samenhaus.de\/gartenblog\/wp-content\/uploads\/2021\/03\/AdobeStock_244580809.jpg","width":1000,"height":563,"caption":"Garten im Winter"},{"@type":"BreadcrumbList","@id":"https:\/\/www.samenhaus.de\/gartenblog\/der-garten-im-winter-es-ist-immer-gartenzeit#breadcrumb","itemListElement":[{"@type":"ListItem","position":1,"name":"Startseite","item":"https:\/\/www.samenhaus.de\/gartenblog\/"},{"@type":"ListItem","position":2,"name":"Der Garten im Winter \u2013 es ist immer Gartenzeit"}]},{"@type":"WebSite","@id":"https:\/\/www.samenhaus.de\/gartenblog\/#website","url":"https:\/\/www.samenhaus.de\/gartenblog\/","name":"Samenhaus Gartenblog","description":"","publisher":{"@id":"https:\/\/www.samenhaus.de\/gartenblog\/#organization"},"potentialAction":[{"@type":"SearchAction","target":{"@type":"EntryPoint","urlTemplate":"https:\/\/www.samenhaus.de\/gartenblog\/?s={search_term_string}"},"query-input":{"@type":"PropertyValueSpecification","valueRequired":true,"valueName":"search_term_string"}}],"inLanguage":"de"},{"@type":"Organization","@id":"https:\/\/www.samenhaus.de\/gartenblog\/#organization","name":"Samenhaus.de Gartenblog","url":"https:\/\/www.samenhaus.de\/gartenblog\/","logo":{"@type":"ImageObject","inLanguage":"de","@id":"https:\/\/www.samenhaus.de\/gartenblog\/#\/schema\/logo\/image\/","url":"https:\/\/www.samenhaus.de\/gartenblog\/wp-content\/uploads\/2020\/11\/logo.svg","contentUrl":"https:\/\/www.samenhaus.de\/gartenblog\/wp-content\/uploads\/2020\/11\/logo.svg","width":1,"height":1,"caption":"Samenhaus.de Gartenblog"},"image":{"@id":"https:\/\/www.samenhaus.de\/gartenblog\/#\/schema\/logo\/image\/"},"sameAs":["https:\/\/de-de.facebook.com\/samenhaus","https:\/\/x.com\/samenhaus"]},{"@type":"Person","@id":"https:\/\/www.samenhaus.de\/gartenblog\/#\/schema\/person\/e199533115bbe7e729cc10bbc640b059","name":"Gabi","image":{"@type":"ImageObject","inLanguage":"de","@id":"https:\/\/www.samenhaus.de\/gartenblog\/wp-content\/uploads\/2026\/03\/Gabi-150x150.png","url":"https:\/\/www.samenhaus.de\/gartenblog\/wp-content\/uploads\/2026\/03\/Gabi-150x150.png","contentUrl":"https:\/\/www.samenhaus.de\/gartenblog\/wp-content\/uploads\/2026\/03\/Gabi-150x150.png","caption":"Gabi"},"url":"https:\/\/www.samenhaus.de\/gartenblog\/author\/gabi"}]}},"wp-worthy-pixel":{"ignored":false,"public":"7afe4d0b4d674757ba1abaae25129c7a","server":"vg08.met.vgwort.de","url":"https:\/\/vg08.met.vgwort.de\/na\/7afe4d0b4d674757ba1abaae25129c7a"},"wp-worthy-type":"normal","_links":{"self":[{"href":"https:\/\/www.samenhaus.de\/gartenblog\/wp-json\/wp\/v2\/posts\/319","targetHints":{"allow":["GET"]}}],"collection":[{"href":"https:\/\/www.samenhaus.de\/gartenblog\/wp-json\/wp\/v2\/posts"}],"about":[{"href":"https:\/\/www.samenhaus.de\/gartenblog\/wp-json\/wp\/v2\/types\/post"}],"author":[{"embeddable":true,"href":"https:\/\/www.samenhaus.de\/gartenblog\/wp-json\/wp\/v2\/users\/5"}],"replies":[{"embeddable":true,"href":"https:\/\/www.samenhaus.de\/gartenblog\/wp-json\/wp\/v2\/comments?post=319"}],"version-history":[{"count":9,"href":"https:\/\/www.samenhaus.de\/gartenblog\/wp-json\/wp\/v2\/posts\/319\/revisions"}],"predecessor-version":[{"id":10188,"href":"https:\/\/www.samenhaus.de\/gartenblog\/wp-json\/wp\/v2\/posts\/319\/revisions\/10188"}],"wp:featuredmedia":[{"embeddable":true,"href":"https:\/\/www.samenhaus.de\/gartenblog\/wp-json\/wp\/v2\/media\/836"}],"wp:attachment":[{"href":"https:\/\/www.samenhaus.de\/gartenblog\/wp-json\/wp\/v2\/media?parent=319"}],"wp:term":[{"taxonomy":"category","embeddable":true,"href":"https:\/\/www.samenhaus.de\/gartenblog\/wp-json\/wp\/v2\/categories?post=319"},{"taxonomy":"post_tag","embeddable":true,"href":"https:\/\/www.samenhaus.de\/gartenblog\/wp-json\/wp\/v2\/tags?post=319"},{"taxonomy":"hersteller","embeddable":true,"href":"https:\/\/www.samenhaus.de\/gartenblog\/wp-json\/wp\/v2\/hersteller?post=319"}],"curies":[{"name":"wp","href":"https:\/\/api.w.org\/{rel}","templated":true}]}}