{"id":324,"date":"2021-04-16T15:09:49","date_gmt":"2021-04-16T15:09:49","guid":{"rendered":"https:\/\/samenhaus1.timmeserver.de\/?p=324"},"modified":"2023-02-19T15:16:00","modified_gmt":"2023-02-19T15:16:00","slug":"warum-blueht-meine-amaryllis-nicht","status":"publish","type":"post","link":"https:\/\/www.samenhaus.de\/gartenblog\/warum-blueht-meine-amaryllis-nicht","title":{"rendered":"Warum bl\u00fcht meine Amaryllis nicht?"},"content":{"rendered":"<p>Eigentlich ist die Amaryllis gar keine Amaryllis, sondern ein Ritterstern aus der Gattung Hippeastrum. Der Trivialname Amaryllis h\u00e4lt sich aber hartn\u00e4ckig. Zur Weihnachtszeit sind die pr\u00e4chtigen Zierpflanzen besonders beliebt. Dann n\u00e4mlich bl\u00fchen sie in den sch\u00f6nsten Farben, die vom reinen Wei\u00df \u00fcber zartes Ros\u00e9 bis hin zum kr\u00e4ftigen Rot reicht. Auch Bicolor-Bl\u00fcten gibt es. Die riesigen Bl\u00fcten der Amaryllis sind ein toller Hingucker. Um so \u00e4rgerlicher ist es, wenn die Bl\u00fcten im n\u00e4chsten Jahr zur Weihnachtszeit auf sich warten lassen.<\/p>\n<h2><span class=\"ez-toc-section\" id=\"Amaryllis_%E2%80%93_eine_Zwiebelpflanze\"><\/span>Amaryllis \u2013 eine Zwiebelpflanze<span class=\"ez-toc-section-end\"><\/span><\/h2>\n<p><img loading=\"lazy\" decoding=\"async\" class=\"size-medium wp-image-643 alignright\" src=\"https:\/\/www.samenhaus.de\/gartenblog\/\/wp-content\/uploads\/2021\/04\/AdobeStock_297410818-300x169.jpg\" alt=\"Amaryllis Zwiebel\" width=\"300\" height=\"169\" \/>Der Ritterstern ist eine Zwiebelpflanze und stellt deshalb besondere Anforderungen an die Pflege. Wie alle Zwiebelpflanzen ben\u00f6tigen Amaryllis eine Ruhephase nach der Bl\u00fctezeit. Beim Ritterstern kommt \u2013 \u00e4hnlich wie bei der Herbstzeitlose \u2013 zus\u00e4tzlich eine Wachstumsphase dazu. Halten Sie die Phasen nicht ein, wird der Ritterstern nicht bl\u00fchen.<\/p>\n<p>Die Zimmerpflanze bl\u00fcht bei uns um die Weihnachtszeit, oft bis weit in den M\u00e4rz hinein. Anschlie\u00dfend k\u00f6nnen Sie die Pflanze \u00fcber den Sommer auch nach drau\u00dfen stellen. Ab Ende August ben\u00f6tigt die Amaryllis eine lange Ruhepause. W\u00e4hrend dieser Zeit sollte die Pflanze bei etwa f\u00fcnf bis 10\u00b0 C stehen. Das regt die neue Bl\u00fcte an.<\/p>\n<p>Einige im Handel erh\u00e4ltlichen Pflanzen sind nicht mehrj\u00e4hrig zu kultivieren. Auch bei liebevoller Pflege werden Sie diese nicht wieder zum Bl\u00fchen bringen. Das trifft sowohl auf einige Sorten zu als auch auf pr\u00e4parierte Zwiebeln. Gerade zur Weihnachtszeit werden die Zwiebeln oft mit einem farbigen Lack \u00fcberzogen, damit sie besonders sch\u00f6n aussehen. Diese Ritterstern-Zwiebeln sind aber f\u00fcr eine weitere Bl\u00fcte unbrauchbar.<\/p>\n<h2><span class=\"ez-toc-section\" id=\"Wenn_die_Amaryllis_nicht_bluehen_will\"><\/span>Wenn die Amaryllis nicht bl\u00fchen will<span class=\"ez-toc-section-end\"><\/span><\/h2>\n<p>Gr\u00fcnde gibt es daf\u00fcr viele. Meist liegt es an der Pflege oder der fehlenden Ruhephase, dass die wundersch\u00f6nen Bl\u00fcten aus bleiben. Folgende Ursachen k\u00f6nnen daf\u00fcr sorgen, dass die Bl\u00fcte bei Ihrer Amaryllis ausbleibt:<\/p>\n<p>\u2022 der Rhythmus wird nicht eingehalten,<br \/>\n\u2022 falsches Gie\u00dfen,<br \/>\n\u2022 falscher Standort,<br \/>\n\u2022 unzureichendes D\u00fcngen,<br \/>\n\u2022 fehlender Schnitt.<\/p>\n<h3><span class=\"ez-toc-section\" id=\"Falscher_Rhythmus\"><\/span>Falscher Rhythmus<span class=\"ez-toc-section-end\"><\/span><\/h3>\n<p><img loading=\"lazy\" decoding=\"async\" class=\"size-medium wp-image-641 alignright\" src=\"https:\/\/www.samenhaus.de\/gartenblog\/\/wp-content\/uploads\/2021\/04\/AdobeStock_202614544-300x169.jpg\" alt=\"Amaryllis Zwiebel\" width=\"300\" height=\"169\" \/>Die Amaryllis verf\u00fcgt \u00fcber drei Vegetationsphasen. Je nach Phase stellt die Pflanze unterschiedliche Anforderungen. Vom Fr\u00fchjahr bis zum Sommer ist sie in der Wachstumsphase. Sie ben\u00f6tigt dann einen halbschattigen, warmen Standort. Im Herbst folgt die Ruhephase. In dieser Zeit sollten die Standort-Temperaturen m\u00f6glichst niedrig liegen und der Standort dunkel sein. Jetzt wird die Veranlagung zur zuk\u00fcnftigen Bl\u00fcte ausgebildet. Die Bl\u00fchphase ist im Winter. Die Zwiebelpflanze ben\u00f6tigt jetzt einen hellen, warmen Standort mit Temperaturen um die 20\u00b0 C. Halten Sie diese Phasen nicht ein, treibt der Ritterstern zur n\u00e4chsten Bl\u00fctezeit keine Bl\u00fcten.<\/p>\n<h3><span class=\"ez-toc-section\" id=\"Falsches_Giessen\"><\/span>Falsches Gie\u00dfen<span class=\"ez-toc-section-end\"><\/span><\/h3>\n<p>Wie jede Zwiebelpflanze darf auch die Amaryllis nicht zu oft gegossen werden, denn zu viel Wasser l\u00e4sst die Zwiebel faulen. Deshalb sollten Sie die Zwiebel auch nie ganz in Erde eintopfen. Die H\u00e4lfte bleibt immer \u00fcber dem Substrat. Viel Wasser ben\u00f6tigt die Amaryllis in der Wachstumsphase. Die Erde sollte dann nicht austrocknen. In der Bl\u00fchphase k\u00f6nnen Sie weniger gie\u00dfen. W\u00e4hrend der Ruhephase wird gar nicht gegossen. Gie\u00dfen Sie zu viel, treibt die Pflanze nur Bl\u00e4tter.<\/p>\n<h3><span class=\"ez-toc-section\" id=\"Falscher_Standort\"><\/span>Falscher Standort<span class=\"ez-toc-section-end\"><\/span><\/h3>\n<p>Je nach Vegetationsphase ben\u00f6tigt der Ritterstern unterschiedliche Standorte. Besonders in der Ruhephase ist es wichtig, dass die Zwiebel dunkel und k\u00fchl steht, damit sie sich ausruhen und Kraft f\u00fcr die folgende Phase sammeln kann. Dagegen ben\u00f6tigt die Pflanze in der Bl\u00fchphase einen sehr hellen Standort, da sie sonst nur Bl\u00e4tter aber keine Bl\u00fcten treibt. Treibt der Ritterstern nur lange Bl\u00e4tter, steht er zu dunkel. Sie sollten dann die Pflanze an einen sonnigen Platz stellen.<\/p>\n<h3><span class=\"ez-toc-section\" id=\"Unzureichende_Duengung\"><\/span>Unzureichende D\u00fcngung<span class=\"ez-toc-section-end\"><\/span><\/h3>\n<p><img loading=\"lazy\" decoding=\"async\" class=\"size-medium wp-image-2491 alignright\" src=\"https:\/\/www.samenhaus.de\/gartenblog\/wp-content\/uploads\/2022\/02\/Amaryllis_129594-300x225.jpeg\" alt=\"Amaryllis\" width=\"300\" height=\"225\" \/>Zimmerpflanzen steht nur sehr wenig Substrat zur Verf\u00fcgung, aus dem sie N\u00e4hrstoffe sch\u00f6pfen k\u00f6nnen. Sind die N\u00e4hrstoffe aus dem Boden, fehlen diese. Sie m\u00fcssen d\u00fcngen. Das erste Mal wird die Amaryllis ged\u00fcngt, sobald die Bl\u00fcte verwelkt ist. D\u00fcngen Sie nun im Rhythmus von etwa drei Wochen regelm\u00e4\u00dfig. Dazu eignet sich ein fl\u00fcssiger D\u00fcnger f\u00fcr bl\u00fchende Pflanzen, den Sie mit dem Gie\u00dfwasser verabreichen. Ab April sollten Sie alle zwei Wochen d\u00fcngen, wenn die Pflanze im Haus steht. Steht sie im Freien, d\u00fcngen Sie w\u00f6chentlich. Ab August wird das D\u00fcngen ganz eingestellt, denn dann beginnt die Ruhephase.<\/p>\n<h3><span class=\"ez-toc-section\" id=\"Fehlender_Schnitt\"><\/span>Fehlender Schnitt<span class=\"ez-toc-section-end\"><\/span><\/h3>\n<p>Schneiden Sie verwelkte Bl\u00fctenk\u00f6pfe samt Stiel und Bl\u00e4tter ab. Wichtig ist, dass diese wirklich erst verwelkt sein m\u00fcssen. Gr\u00fcne Bl\u00e4tter bleiben an der Pflanze, denn dieses ben\u00f6tigt die Pflanze, um neue Kraft in der Zwiebel zu sammeln. Die Bl\u00e4tter werden erst im September abgeschnitten, wenn sie vollkommen verwelkt sind. Dazu reduzieren Sie die Gie\u00dfmenge ab Juni\/Juli und stellen das Gie\u00dfen im August ganz ein. Schneiden sollten Sie mit Handschuhen, denn alle Teile des Rittersterns sind giftig und k\u00f6nnen Hautreaktionen hervorrufen.<\/p>\n<p>Wenn Sie Ihre Amaryllis sorgsam pflegen, k\u00f6nnen Sie sich viele Jahre an den pr\u00e4chtigen Bl\u00fcten erfreuen.<\/p>\n","protected":false},"excerpt":{"rendered":"<p>Eigentlich ist die Amaryllis gar keine Amaryllis, sondern ein Ritterstern aus der Gattung Hippeastrum. Der Trivialname Amaryllis h\u00e4lt sich aber hartn\u00e4ckig. Zur Weihnachtszeit sind die pr\u00e4chtigen Zierpflanzen besonders beliebt. Dann n\u00e4mlich bl\u00fchen sie in den sch\u00f6nsten Farben, die vom reinen Wei\u00df \u00fcber zartes Ros\u00e9 bis hin zum kr\u00e4ftigen Rot reicht. Auch Bicolor-Bl\u00fcten gibt es. Die riesigen Bl\u00fcten der Amaryllis sind ein toller Hingucker. Um so \u00e4rgerlicher ist es, wenn die Bl\u00fcten im n\u00e4chsten Jahr zur Weihnachtszeit auf sich warten lassen. Amaryllis \u2013 eine Zwiebelpflanze Der Ritterstern ist eine Zwiebelpflanze und stellt deshalb besondere Anforderungen an die Pflege. Wie alle Zwiebelpflanzen ben\u00f6tigen Amaryllis eine Ruhephase nach der Bl\u00fctezeit. Beim Ritterstern kommt \u2013 \u00e4hnlich wie bei der Herbstzeitlose \u2013 zus\u00e4tzlich eine Wachstumsphase dazu. Halten Sie die Phasen nicht ein, wird der Ritterstern nicht bl\u00fchen. Die Zimmerpflanze bl\u00fcht bei uns um die Weihnachtszeit, oft bis weit in den M\u00e4rz hinein. Anschlie\u00dfend k\u00f6nnen Sie die Pflanze \u00fcber den Sommer auch nach drau\u00dfen stellen. Ab Ende August ben\u00f6tigt die Amaryllis eine lange Ruhepause. W\u00e4hrend dieser Zeit sollte die Pflanze bei etwa f\u00fcnf bis 10\u00b0 C stehen. Das regt die neue Bl\u00fcte an. Einige im Handel erh\u00e4ltlichen Pflanzen sind nicht mehrj\u00e4hrig zu kultivieren. Auch bei liebevoller [&hellip;]<\/p>\n","protected":false},"author":5,"featured_media":640,"comment_status":"open","ping_status":"open","sticky":false,"template":"","format":"standard","meta":{"_acf_changed":false,"footnotes":""},"categories":[17],"tags":[],"hersteller":[],"class_list":["post-324","post","type-post","status-publish","format-standard","has-post-thumbnail","hentry","category-zimmerpflanzen"],"acf":[],"yoast_head":"<!-- This site is optimized with the Yoast SEO plugin v27.4 - https:\/\/yoast.com\/product\/yoast-seo-wordpress\/ -->\n<title>Warum bl\u00fcht meine Amaryllis nicht? - Samenhaus Gartenblog<\/title>\n<meta name=\"description\" content=\"Eigentlich bl\u00fcht der Ritterstern oder Amaryllis, wie die Pflanze umgangssprachlich genannt wird, viele Jahre. Allerdings ist die richtige Pflege daf\u00fcr erforderlich.\" \/>\n<meta name=\"robots\" content=\"index, follow, max-snippet:-1, max-image-preview:large, max-video-preview:-1\" \/>\n<link rel=\"canonical\" href=\"https:\/\/www.samenhaus.de\/gartenblog\/warum-blueht-meine-amaryllis-nicht\" \/>\n<meta property=\"og:locale\" content=\"de_DE\" \/>\n<meta property=\"og:type\" content=\"article\" \/>\n<meta property=\"og:title\" content=\"Warum bl\u00fcht meine Amaryllis nicht? - Samenhaus Gartenblog\" \/>\n<meta property=\"og:description\" content=\"Eigentlich bl\u00fcht der Ritterstern oder Amaryllis, wie die Pflanze umgangssprachlich genannt wird, viele Jahre. Allerdings ist die richtige Pflege daf\u00fcr erforderlich.\" \/>\n<meta property=\"og:url\" content=\"https:\/\/www.samenhaus.de\/gartenblog\/warum-blueht-meine-amaryllis-nicht\" \/>\n<meta property=\"og:site_name\" content=\"Samenhaus Gartenblog\" \/>\n<meta property=\"article:publisher\" content=\"https:\/\/de-de.facebook.com\/samenhaus\" \/>\n<meta property=\"article:published_time\" content=\"2021-04-16T15:09:49+00:00\" \/>\n<meta property=\"article:modified_time\" content=\"2023-02-19T15:16:00+00:00\" \/>\n<meta property=\"og:image\" content=\"https:\/\/www.samenhaus.de\/gartenblog\/wp-content\/uploads\/2021\/03\/AdobeStock_48130227.jpg\" \/>\n\t<meta property=\"og:image:width\" content=\"1000\" \/>\n\t<meta property=\"og:image:height\" content=\"563\" \/>\n\t<meta property=\"og:image:type\" content=\"image\/jpeg\" \/>\n<meta name=\"author\" content=\"Gabi\" \/>\n<meta name=\"twitter:card\" content=\"summary_large_image\" \/>\n<meta name=\"twitter:creator\" content=\"@samenhaus\" \/>\n<meta name=\"twitter:site\" content=\"@samenhaus\" \/>\n<meta name=\"twitter:label1\" content=\"Verfasst von\" \/>\n\t<meta name=\"twitter:data1\" content=\"Gabi\" \/>\n\t<meta name=\"twitter:label2\" content=\"Gesch\u00e4tzte Lesezeit\" \/>\n\t<meta name=\"twitter:data2\" content=\"5\u00a0Minuten\" \/>\n<script type=\"application\/ld+json\" class=\"yoast-schema-graph\">{\"@context\":\"https:\\\/\\\/schema.org\",\"@graph\":[{\"@type\":\"Article\",\"@id\":\"https:\\\/\\\/www.samenhaus.de\\\/gartenblog\\\/warum-blueht-meine-amaryllis-nicht#article\",\"isPartOf\":{\"@id\":\"https:\\\/\\\/www.samenhaus.de\\\/gartenblog\\\/warum-blueht-meine-amaryllis-nicht\"},\"author\":{\"name\":\"Gabi\",\"@id\":\"https:\\\/\\\/www.samenhaus.de\\\/gartenblog\\\/#\\\/schema\\\/person\\\/e199533115bbe7e729cc10bbc640b059\"},\"headline\":\"Warum bl\u00fcht meine Amaryllis nicht?\",\"datePublished\":\"2021-04-16T15:09:49+00:00\",\"dateModified\":\"2023-02-19T15:16:00+00:00\",\"mainEntityOfPage\":{\"@id\":\"https:\\\/\\\/www.samenhaus.de\\\/gartenblog\\\/warum-blueht-meine-amaryllis-nicht\"},\"wordCount\":847,\"commentCount\":0,\"publisher\":{\"@id\":\"https:\\\/\\\/www.samenhaus.de\\\/gartenblog\\\/#organization\"},\"image\":{\"@id\":\"https:\\\/\\\/www.samenhaus.de\\\/gartenblog\\\/warum-blueht-meine-amaryllis-nicht#primaryimage\"},\"thumbnailUrl\":\"https:\\\/\\\/www.samenhaus.de\\\/gartenblog\\\/wp-content\\\/uploads\\\/2021\\\/03\\\/AdobeStock_48130227.jpg\",\"articleSection\":[\"Zimmerpflanzen\"],\"inLanguage\":\"de\",\"potentialAction\":[{\"@type\":\"CommentAction\",\"name\":\"Comment\",\"target\":[\"https:\\\/\\\/www.samenhaus.de\\\/gartenblog\\\/warum-blueht-meine-amaryllis-nicht#respond\"]}],\"copyrightYear\":\"2021\",\"copyrightHolder\":{\"@id\":\"https:\\\/\\\/www.samenhaus.de\\\/gartenblog\\\/#organization\"}},{\"@type\":\"WebPage\",\"@id\":\"https:\\\/\\\/www.samenhaus.de\\\/gartenblog\\\/warum-blueht-meine-amaryllis-nicht\",\"url\":\"https:\\\/\\\/www.samenhaus.de\\\/gartenblog\\\/warum-blueht-meine-amaryllis-nicht\",\"name\":\"Warum bl\u00fcht meine Amaryllis nicht? - Samenhaus Gartenblog\",\"isPartOf\":{\"@id\":\"https:\\\/\\\/www.samenhaus.de\\\/gartenblog\\\/#website\"},\"primaryImageOfPage\":{\"@id\":\"https:\\\/\\\/www.samenhaus.de\\\/gartenblog\\\/warum-blueht-meine-amaryllis-nicht#primaryimage\"},\"image\":{\"@id\":\"https:\\\/\\\/www.samenhaus.de\\\/gartenblog\\\/warum-blueht-meine-amaryllis-nicht#primaryimage\"},\"thumbnailUrl\":\"https:\\\/\\\/www.samenhaus.de\\\/gartenblog\\\/wp-content\\\/uploads\\\/2021\\\/03\\\/AdobeStock_48130227.jpg\",\"datePublished\":\"2021-04-16T15:09:49+00:00\",\"dateModified\":\"2023-02-19T15:16:00+00:00\",\"description\":\"Eigentlich bl\u00fcht der Ritterstern oder Amaryllis, wie die Pflanze umgangssprachlich genannt wird, viele Jahre. Allerdings ist die richtige Pflege daf\u00fcr erforderlich.\",\"breadcrumb\":{\"@id\":\"https:\\\/\\\/www.samenhaus.de\\\/gartenblog\\\/warum-blueht-meine-amaryllis-nicht#breadcrumb\"},\"inLanguage\":\"de\",\"potentialAction\":[{\"@type\":\"ReadAction\",\"target\":[\"https:\\\/\\\/www.samenhaus.de\\\/gartenblog\\\/warum-blueht-meine-amaryllis-nicht\"]}]},{\"@type\":\"ImageObject\",\"inLanguage\":\"de\",\"@id\":\"https:\\\/\\\/www.samenhaus.de\\\/gartenblog\\\/warum-blueht-meine-amaryllis-nicht#primaryimage\",\"url\":\"https:\\\/\\\/www.samenhaus.de\\\/gartenblog\\\/wp-content\\\/uploads\\\/2021\\\/03\\\/AdobeStock_48130227.jpg\",\"contentUrl\":\"https:\\\/\\\/www.samenhaus.de\\\/gartenblog\\\/wp-content\\\/uploads\\\/2021\\\/03\\\/AdobeStock_48130227.jpg\",\"width\":1000,\"height\":563,\"caption\":\"Amaryllis\"},{\"@type\":\"BreadcrumbList\",\"@id\":\"https:\\\/\\\/www.samenhaus.de\\\/gartenblog\\\/warum-blueht-meine-amaryllis-nicht#breadcrumb\",\"itemListElement\":[{\"@type\":\"ListItem\",\"position\":1,\"name\":\"Startseite\",\"item\":\"https:\\\/\\\/www.samenhaus.de\\\/gartenblog\\\/\"},{\"@type\":\"ListItem\",\"position\":2,\"name\":\"Warum bl\u00fcht meine Amaryllis nicht?\"}]},{\"@type\":\"WebSite\",\"@id\":\"https:\\\/\\\/www.samenhaus.de\\\/gartenblog\\\/#website\",\"url\":\"https:\\\/\\\/www.samenhaus.de\\\/gartenblog\\\/\",\"name\":\"Samenhaus Gartenblog\",\"description\":\"\",\"publisher\":{\"@id\":\"https:\\\/\\\/www.samenhaus.de\\\/gartenblog\\\/#organization\"},\"potentialAction\":[{\"@type\":\"SearchAction\",\"target\":{\"@type\":\"EntryPoint\",\"urlTemplate\":\"https:\\\/\\\/www.samenhaus.de\\\/gartenblog\\\/?s={search_term_string}\"},\"query-input\":{\"@type\":\"PropertyValueSpecification\",\"valueRequired\":true,\"valueName\":\"search_term_string\"}}],\"inLanguage\":\"de\"},{\"@type\":\"Organization\",\"@id\":\"https:\\\/\\\/www.samenhaus.de\\\/gartenblog\\\/#organization\",\"name\":\"Samenhaus.de Gartenblog\",\"url\":\"https:\\\/\\\/www.samenhaus.de\\\/gartenblog\\\/\",\"logo\":{\"@type\":\"ImageObject\",\"inLanguage\":\"de\",\"@id\":\"https:\\\/\\\/www.samenhaus.de\\\/gartenblog\\\/#\\\/schema\\\/logo\\\/image\\\/\",\"url\":\"https:\\\/\\\/www.samenhaus.de\\\/gartenblog\\\/wp-content\\\/uploads\\\/2020\\\/11\\\/logo.svg\",\"contentUrl\":\"https:\\\/\\\/www.samenhaus.de\\\/gartenblog\\\/wp-content\\\/uploads\\\/2020\\\/11\\\/logo.svg\",\"width\":1,\"height\":1,\"caption\":\"Samenhaus.de Gartenblog\"},\"image\":{\"@id\":\"https:\\\/\\\/www.samenhaus.de\\\/gartenblog\\\/#\\\/schema\\\/logo\\\/image\\\/\"},\"sameAs\":[\"https:\\\/\\\/de-de.facebook.com\\\/samenhaus\",\"https:\\\/\\\/x.com\\\/samenhaus\"]},{\"@type\":\"Person\",\"@id\":\"https:\\\/\\\/www.samenhaus.de\\\/gartenblog\\\/#\\\/schema\\\/person\\\/e199533115bbe7e729cc10bbc640b059\",\"name\":\"Gabi\",\"image\":{\"@type\":\"ImageObject\",\"inLanguage\":\"de\",\"@id\":\"https:\\\/\\\/www.samenhaus.de\\\/gartenblog\\\/wp-content\\\/uploads\\\/2026\\\/03\\\/Gabi-150x150.png\",\"url\":\"https:\\\/\\\/www.samenhaus.de\\\/gartenblog\\\/wp-content\\\/uploads\\\/2026\\\/03\\\/Gabi-150x150.png\",\"contentUrl\":\"https:\\\/\\\/www.samenhaus.de\\\/gartenblog\\\/wp-content\\\/uploads\\\/2026\\\/03\\\/Gabi-150x150.png\",\"caption\":\"Gabi\"},\"url\":\"https:\\\/\\\/www.samenhaus.de\\\/gartenblog\\\/author\\\/gabi\"}]}<\/script>\n<!-- \/ Yoast SEO plugin. -->","yoast_head_json":{"title":"Warum bl\u00fcht meine Amaryllis nicht? - Samenhaus Gartenblog","description":"Eigentlich bl\u00fcht der Ritterstern oder Amaryllis, wie die Pflanze umgangssprachlich genannt wird, viele Jahre. Allerdings ist die richtige Pflege daf\u00fcr erforderlich.","robots":{"index":"index","follow":"follow","max-snippet":"max-snippet:-1","max-image-preview":"max-image-preview:large","max-video-preview":"max-video-preview:-1"},"canonical":"https:\/\/www.samenhaus.de\/gartenblog\/warum-blueht-meine-amaryllis-nicht","og_locale":"de_DE","og_type":"article","og_title":"Warum bl\u00fcht meine Amaryllis nicht? - Samenhaus Gartenblog","og_description":"Eigentlich bl\u00fcht der Ritterstern oder Amaryllis, wie die Pflanze umgangssprachlich genannt wird, viele Jahre. Allerdings ist die richtige Pflege daf\u00fcr erforderlich.","og_url":"https:\/\/www.samenhaus.de\/gartenblog\/warum-blueht-meine-amaryllis-nicht","og_site_name":"Samenhaus Gartenblog","article_publisher":"https:\/\/de-de.facebook.com\/samenhaus","article_published_time":"2021-04-16T15:09:49+00:00","article_modified_time":"2023-02-19T15:16:00+00:00","og_image":[{"width":1000,"height":563,"url":"https:\/\/www.samenhaus.de\/gartenblog\/wp-content\/uploads\/2021\/03\/AdobeStock_48130227.jpg","type":"image\/jpeg"}],"author":"Gabi","twitter_card":"summary_large_image","twitter_creator":"@samenhaus","twitter_site":"@samenhaus","twitter_misc":{"Verfasst von":"Gabi","Gesch\u00e4tzte Lesezeit":"5\u00a0Minuten"},"schema":{"@context":"https:\/\/schema.org","@graph":[{"@type":"Article","@id":"https:\/\/www.samenhaus.de\/gartenblog\/warum-blueht-meine-amaryllis-nicht#article","isPartOf":{"@id":"https:\/\/www.samenhaus.de\/gartenblog\/warum-blueht-meine-amaryllis-nicht"},"author":{"name":"Gabi","@id":"https:\/\/www.samenhaus.de\/gartenblog\/#\/schema\/person\/e199533115bbe7e729cc10bbc640b059"},"headline":"Warum bl\u00fcht meine Amaryllis nicht?","datePublished":"2021-04-16T15:09:49+00:00","dateModified":"2023-02-19T15:16:00+00:00","mainEntityOfPage":{"@id":"https:\/\/www.samenhaus.de\/gartenblog\/warum-blueht-meine-amaryllis-nicht"},"wordCount":847,"commentCount":0,"publisher":{"@id":"https:\/\/www.samenhaus.de\/gartenblog\/#organization"},"image":{"@id":"https:\/\/www.samenhaus.de\/gartenblog\/warum-blueht-meine-amaryllis-nicht#primaryimage"},"thumbnailUrl":"https:\/\/www.samenhaus.de\/gartenblog\/wp-content\/uploads\/2021\/03\/AdobeStock_48130227.jpg","articleSection":["Zimmerpflanzen"],"inLanguage":"de","potentialAction":[{"@type":"CommentAction","name":"Comment","target":["https:\/\/www.samenhaus.de\/gartenblog\/warum-blueht-meine-amaryllis-nicht#respond"]}],"copyrightYear":"2021","copyrightHolder":{"@id":"https:\/\/www.samenhaus.de\/gartenblog\/#organization"}},{"@type":"WebPage","@id":"https:\/\/www.samenhaus.de\/gartenblog\/warum-blueht-meine-amaryllis-nicht","url":"https:\/\/www.samenhaus.de\/gartenblog\/warum-blueht-meine-amaryllis-nicht","name":"Warum bl\u00fcht meine Amaryllis nicht? - Samenhaus Gartenblog","isPartOf":{"@id":"https:\/\/www.samenhaus.de\/gartenblog\/#website"},"primaryImageOfPage":{"@id":"https:\/\/www.samenhaus.de\/gartenblog\/warum-blueht-meine-amaryllis-nicht#primaryimage"},"image":{"@id":"https:\/\/www.samenhaus.de\/gartenblog\/warum-blueht-meine-amaryllis-nicht#primaryimage"},"thumbnailUrl":"https:\/\/www.samenhaus.de\/gartenblog\/wp-content\/uploads\/2021\/03\/AdobeStock_48130227.jpg","datePublished":"2021-04-16T15:09:49+00:00","dateModified":"2023-02-19T15:16:00+00:00","description":"Eigentlich bl\u00fcht der Ritterstern oder Amaryllis, wie die Pflanze umgangssprachlich genannt wird, viele Jahre. Allerdings ist die richtige Pflege daf\u00fcr erforderlich.","breadcrumb":{"@id":"https:\/\/www.samenhaus.de\/gartenblog\/warum-blueht-meine-amaryllis-nicht#breadcrumb"},"inLanguage":"de","potentialAction":[{"@type":"ReadAction","target":["https:\/\/www.samenhaus.de\/gartenblog\/warum-blueht-meine-amaryllis-nicht"]}]},{"@type":"ImageObject","inLanguage":"de","@id":"https:\/\/www.samenhaus.de\/gartenblog\/warum-blueht-meine-amaryllis-nicht#primaryimage","url":"https:\/\/www.samenhaus.de\/gartenblog\/wp-content\/uploads\/2021\/03\/AdobeStock_48130227.jpg","contentUrl":"https:\/\/www.samenhaus.de\/gartenblog\/wp-content\/uploads\/2021\/03\/AdobeStock_48130227.jpg","width":1000,"height":563,"caption":"Amaryllis"},{"@type":"BreadcrumbList","@id":"https:\/\/www.samenhaus.de\/gartenblog\/warum-blueht-meine-amaryllis-nicht#breadcrumb","itemListElement":[{"@type":"ListItem","position":1,"name":"Startseite","item":"https:\/\/www.samenhaus.de\/gartenblog\/"},{"@type":"ListItem","position":2,"name":"Warum bl\u00fcht meine Amaryllis nicht?"}]},{"@type":"WebSite","@id":"https:\/\/www.samenhaus.de\/gartenblog\/#website","url":"https:\/\/www.samenhaus.de\/gartenblog\/","name":"Samenhaus Gartenblog","description":"","publisher":{"@id":"https:\/\/www.samenhaus.de\/gartenblog\/#organization"},"potentialAction":[{"@type":"SearchAction","target":{"@type":"EntryPoint","urlTemplate":"https:\/\/www.samenhaus.de\/gartenblog\/?s={search_term_string}"},"query-input":{"@type":"PropertyValueSpecification","valueRequired":true,"valueName":"search_term_string"}}],"inLanguage":"de"},{"@type":"Organization","@id":"https:\/\/www.samenhaus.de\/gartenblog\/#organization","name":"Samenhaus.de Gartenblog","url":"https:\/\/www.samenhaus.de\/gartenblog\/","logo":{"@type":"ImageObject","inLanguage":"de","@id":"https:\/\/www.samenhaus.de\/gartenblog\/#\/schema\/logo\/image\/","url":"https:\/\/www.samenhaus.de\/gartenblog\/wp-content\/uploads\/2020\/11\/logo.svg","contentUrl":"https:\/\/www.samenhaus.de\/gartenblog\/wp-content\/uploads\/2020\/11\/logo.svg","width":1,"height":1,"caption":"Samenhaus.de Gartenblog"},"image":{"@id":"https:\/\/www.samenhaus.de\/gartenblog\/#\/schema\/logo\/image\/"},"sameAs":["https:\/\/de-de.facebook.com\/samenhaus","https:\/\/x.com\/samenhaus"]},{"@type":"Person","@id":"https:\/\/www.samenhaus.de\/gartenblog\/#\/schema\/person\/e199533115bbe7e729cc10bbc640b059","name":"Gabi","image":{"@type":"ImageObject","inLanguage":"de","@id":"https:\/\/www.samenhaus.de\/gartenblog\/wp-content\/uploads\/2026\/03\/Gabi-150x150.png","url":"https:\/\/www.samenhaus.de\/gartenblog\/wp-content\/uploads\/2026\/03\/Gabi-150x150.png","contentUrl":"https:\/\/www.samenhaus.de\/gartenblog\/wp-content\/uploads\/2026\/03\/Gabi-150x150.png","caption":"Gabi"},"url":"https:\/\/www.samenhaus.de\/gartenblog\/author\/gabi"}]}},"wp-worthy-pixel":{"ignored":false,"public":"5dc06eaf6b2943c78f8800ea2eb97d32","server":"vg08.met.vgwort.de","url":"https:\/\/vg08.met.vgwort.de\/na\/5dc06eaf6b2943c78f8800ea2eb97d32"},"wp-worthy-type":"normal","_links":{"self":[{"href":"https:\/\/www.samenhaus.de\/gartenblog\/wp-json\/wp\/v2\/posts\/324","targetHints":{"allow":["GET"]}}],"collection":[{"href":"https:\/\/www.samenhaus.de\/gartenblog\/wp-json\/wp\/v2\/posts"}],"about":[{"href":"https:\/\/www.samenhaus.de\/gartenblog\/wp-json\/wp\/v2\/types\/post"}],"author":[{"embeddable":true,"href":"https:\/\/www.samenhaus.de\/gartenblog\/wp-json\/wp\/v2\/users\/5"}],"replies":[{"embeddable":true,"href":"https:\/\/www.samenhaus.de\/gartenblog\/wp-json\/wp\/v2\/comments?post=324"}],"version-history":[{"count":7,"href":"https:\/\/www.samenhaus.de\/gartenblog\/wp-json\/wp\/v2\/posts\/324\/revisions"}],"predecessor-version":[{"id":10073,"href":"https:\/\/www.samenhaus.de\/gartenblog\/wp-json\/wp\/v2\/posts\/324\/revisions\/10073"}],"wp:featuredmedia":[{"embeddable":true,"href":"https:\/\/www.samenhaus.de\/gartenblog\/wp-json\/wp\/v2\/media\/640"}],"wp:attachment":[{"href":"https:\/\/www.samenhaus.de\/gartenblog\/wp-json\/wp\/v2\/media?parent=324"}],"wp:term":[{"taxonomy":"category","embeddable":true,"href":"https:\/\/www.samenhaus.de\/gartenblog\/wp-json\/wp\/v2\/categories?post=324"},{"taxonomy":"post_tag","embeddable":true,"href":"https:\/\/www.samenhaus.de\/gartenblog\/wp-json\/wp\/v2\/tags?post=324"},{"taxonomy":"hersteller","embeddable":true,"href":"https:\/\/www.samenhaus.de\/gartenblog\/wp-json\/wp\/v2\/hersteller?post=324"}],"curies":[{"name":"wp","href":"https:\/\/api.w.org\/{rel}","templated":true}]}}