{"id":3729,"date":"2022-04-01T18:44:38","date_gmt":"2022-04-01T18:44:38","guid":{"rendered":"https:\/\/www.samenhaus.de\/gartenblog\/?p=3729"},"modified":"2023-07-07T03:59:22","modified_gmt":"2023-07-07T03:59:22","slug":"der-garten-mondkalender-fuer-den-monat-april","status":"publish","type":"post","link":"https:\/\/www.samenhaus.de\/gartenblog\/der-garten-mondkalender-fuer-den-monat-april","title":{"rendered":"Der Garten-Mondkalender f\u00fcr den Monat April"},"content":{"rendered":"<p>Der Mond hat einen Einfluss auf die Erde, das ist bekannt. Gleichzeitig beeinflusst er aber nicht nur uns selbst, sondern auch die Pflanzen, weshalb viele G\u00e4rtner nach dem Mondkalender anpflanzen, s\u00e4en und ernten. Auch der Rasenschnitt wird durch den Mond beeinflusst. Wie viele wissen, hei\u00dft es, dass bei annehmendem Mond ein Ganz zum Friseur ideal ist, wenn Haare geschnitten werden sollen. Gleiches gilt auch f\u00fcr den Rasen. Wer bei abnehmendem Mond m\u00e4ht, muss weniger h\u00e4ufig den Rasenm\u00e4her aus dem Schuppen holen. Doch auch das richtige S\u00e4en ist von gro\u00dfer Bedeutung. Denn wer nach dem Mondkalender s\u00e4t, wird entsprechend gro\u00dfe Ertr\u00e4ge erhalten k\u00f6nnen. Aus diesem Grund m\u00f6chten wir Ihnen heute den Mondkalender pr\u00e4sentieren. Hier k\u00f6nnen Sie sehen, wann Sie s\u00e4en, anpflanzen, schneiden oder ernten.<\/p>\n<h2><span class=\"ez-toc-section\" id=\"So_gaertnern_Sie_im_Monat_April_nach_dem_Mondkalender\"><\/span>So g\u00e4rtnern Sie im Monat April nach dem Mondkalender<span class=\"ez-toc-section-end\"><\/span><\/h2>\n<p><img loading=\"lazy\" decoding=\"async\" class=\"size-medium wp-image-3740 alignright\" src=\"https:\/\/www.samenhaus.de\/gartenblog\/wp-content\/uploads\/2022\/04\/Mondkalender-April_389424703-300x150.jpeg\" alt=\"April Mondkalender\" width=\"300\" height=\"150\" \/>Die ersten vier Tage im April sind hervorragend geeignet, um Obst und Wurzelgem\u00fcse zu ernten und zu lagern oder zu konservieren. Am zweiten Tag im April ist es au\u00dferdem ein guter Tag, um Obstpflanzen zu s\u00e4en oder anzupflanzen.<\/p>\n<p>Vom 5. bis 7. April sollten Sie nicht w\u00e4ssern, da die Pflanzen sonst von Sch\u00e4dlingen befallen werden k\u00f6nnten. \u00dcberdies sind diese Tage perfekt geeignet, um Blumen und bl\u00fchende Kr\u00e4uter auszus\u00e4en oder anzupflanzen.<\/p>\n<p>Der 8. und 9. April eignen sich ausgezeichnet, um Ihren Rasen zu m\u00e4hen. Des Weiteren ist es jetzt an der Zeit Blattgem\u00fcse auszus\u00e4en oder anzupflanzen. Zudem k\u00f6nnen Sie vorrangig Ihre Balkon- und Zimmerpflanzen gie\u00dfen. Das Wasser nehmen sie jetzt besonders gut auf.<\/p>\n<p>Vom 10. bis 12. April sollten Sie auf chemische D\u00fcngemittel verzichten, da das Risiko besteht, dass die Pflanzen verbrennen oder austrocknen. Gleichzeitig ist es eine gute Zeit, um Obstpflanzen auszus\u00e4en oder anzupflanzen. Auch die Unkrautentfernung ist in diesen Tagen sehr effektiv. Wer Obst einfrieren m\u00f6chte, sollte dies ebenfalls vom 10. bis 12. April tun.<\/p>\n<p>In der Zeit vom 13. bis 14. April sind allgemeine Gartenarbeiten empfehlenswert. Dabei k\u00f6nnen Sie Auss\u00e4en, Anpflanzen oder Umpflanzen. Zudem sind die Tage ung\u00fcnstig, um Obstprodukte in der K\u00fcche vorzubereiten oder sie zu lagern.<\/p>\n<p>Der 15. und 16. April stehen daf\u00fcr, dass sie heute nicht w\u00e4ssern sollten, da es zu Sch\u00e4dlingsbefall kommen k\u00f6nnte. Allerdings sind diese beiden Tage optimal, um Blumen oder bl\u00fchende Kr\u00e4uter auszus\u00e4en oder anzupflanzen.<\/p>\n<p>Am 17. und 18. April sollten Sie Ihren Rasen m\u00e4hen, da das M\u00e4hen an den beiden Tagen sehr effektiv ist. Auch die Wasseraufnahme von Balkon- und Zimmerpflanzen ist sehr gut, weshalb Sie sie nun w\u00e4ssern sollten.<\/p>\n<p>Wenn Sie Obst ernten, lagern und einfrieren m\u00f6chte, eignen sich die Tage vom 19. bis 24. April sehr gut daf\u00fcr.<\/p>\n<p>Unkraut entfernen ist vor allem am 21. und 22. April effektiv und Sie haben l\u00e4nger eine unkrautfreie Fl\u00e4che. Au\u00dferdem kann an diesen Tagen auch Wurzelgem\u00fcse geerntet und gelagert werden. Auch das Auss\u00e4en und Anpflanzen von Wurzelgem\u00fcse steht unter einem guten Stern an den beiden Tagen.<\/p>\n<p>Mit dem Gie\u00dfen warten sie besser noch. Am 23. und 24. April ist das Gie\u00dfen nicht so gut, da sonst Sch\u00e4dlinge die Pflanzen befallen k\u00f6nnten.<\/p>\n<p>Vom 25. bis 27. April hingegen ist der Zeitpunkt hervorragend, um Ihre Pflanzen zu bew\u00e4ssern. Auch das M\u00e4hen des Rasens ist effektiv. An diesen Tagen sollten Sie aber darauf verzichten, Obst zu ernten und zu lagern.<\/p>\n<p>Die letzten drei Tage des Monats sind perfekt geeignet, um Obst zu ernten und zu lagern. Zus\u00e4tzlich ist das Entfernen von Unkraut am 28. und 29. April Erfolg versprechend. Am 30. April hingegen ist die Ernte und Lagerung von Wurzelgem\u00fcse erfolgreich.<\/p>\n<h2><span class=\"ez-toc-section\" id=\"Monat_April_Kurzuebersicht\"><\/span>Monat April Kurz\u00fcbersicht<span class=\"ez-toc-section-end\"><\/span><\/h2>\n<p><img loading=\"lazy\" decoding=\"async\" class=\"alignright wp-image-3739 size-medium\" src=\"https:\/\/www.samenhaus.de\/gartenblog\/wp-content\/uploads\/2022\/04\/Mondkalender-April_215810493-300x300.jpeg\" alt=\"Monat April\" width=\"300\" height=\"300\" \/><\/p>\n<p>&nbsp;<\/p>\n<table class=\"custom-table-1\" width=\"100%\" cellspacing=\"0\" cellpadding=\"4\">\n<tbody>\n<tr valign=\"top\">\n<td width=\"43\" height=\"27\">\n<p align=\"left\">01. Apr 2022<\/p>\n<\/td>\n<td width=\"531\">\n<p align=\"left\">Sammlung und Konservierung von Obst und Gem\u00fcse<\/p>\n<\/td>\n<\/tr>\n<tr valign=\"top\">\n<td width=\"43\" height=\"27\">\n<p align=\"left\">02. Apr 2022<\/p>\n<\/td>\n<td width=\"531\">\n<p align=\"left\">Sammlung und Konservierung von Obst und Gem\u00fcse; Aussaat und Anpflanzung von Obstpflanzen<\/p>\n<\/td>\n<\/tr>\n<tr valign=\"top\">\n<td width=\"43\" height=\"27\">\n<p align=\"left\">03. Apr 2022<\/p>\n<\/td>\n<td width=\"531\">\n<p align=\"left\">Sammlung und Lagerung von Obst und Wurzelgem\u00fcse<\/p>\n<\/td>\n<\/tr>\n<tr valign=\"top\">\n<td width=\"43\" height=\"26\">\n<p align=\"left\">04. Apr 2022<\/p>\n<\/td>\n<td width=\"531\">\n<p align=\"left\">Obst und Wurzelgem\u00fcse ernten und lagern<\/p>\n<\/td>\n<\/tr>\n<tr valign=\"top\">\n<td width=\"43\" height=\"26\">\n<p align=\"left\">05. Apr 2022<\/p>\n<\/td>\n<td width=\"531\">\n<p align=\"left\">Aussaat und Anpflanzung von Blumen und bl\u00fchenden Kr\u00e4utern; nicht gie\u00dfen;<\/p>\n<\/td>\n<\/tr>\n<tr valign=\"top\">\n<td width=\"43\" height=\"27\">\n<p align=\"left\">06. Apr 2022<\/p>\n<\/td>\n<td width=\"531\">\n<p align=\"left\">Aussaat und Anpflanzung von Blumen und bl\u00fchenden Kr\u00e4uter, keine Bew\u00e4sserung der Pflanzen.<\/p>\n<\/td>\n<\/tr>\n<tr valign=\"top\">\n<td width=\"43\" height=\"26\">\n<p align=\"left\">07. Apr 2022<\/p>\n<\/td>\n<td width=\"531\">\n<p align=\"left\">Aussaat und Anpflanzung von Blumen und bl\u00fchenden Kr\u00e4uter, keine Bew\u00e4sserung der Pflanzen.<\/p>\n<\/td>\n<\/tr>\n<tr valign=\"top\">\n<td width=\"43\" height=\"27\">\n<p align=\"left\">08. Apr 2022<\/p>\n<\/td>\n<td width=\"531\">\n<p align=\"left\">Rasenm\u00e4hen; kein Obst ernten oder lagern; Blattgem\u00fcse auss\u00e4en oder anpflanzen; Zimmer- und Balkonpflanzen bew\u00e4ssern<\/p>\n<\/td>\n<\/tr>\n<tr valign=\"top\">\n<td width=\"43\" height=\"25\">\n<p align=\"left\">09. Apr 2022<\/p>\n<\/td>\n<td width=\"531\">\n<p align=\"left\">Rasenm\u00e4hen; kein Obst ernten oder lagern; Blattgem\u00fcse auss\u00e4en oder anpflanzen; Zimmer- und Balkonpflanzen bew\u00e4ssern<\/p>\n<\/td>\n<\/tr>\n<tr valign=\"top\">\n<td width=\"43\" height=\"27\">\n<p align=\"left\">10. Apr 2022<\/p>\n<\/td>\n<td width=\"531\">\n<p align=\"left\">keine chemischen D\u00fcngemittel; Unkrautentfernung effektiv; Ernten und Einfrieren von Obst; Aussaat und Anpflanzung von Obstpflanzen;<\/p>\n<\/td>\n<\/tr>\n<tr valign=\"top\">\n<td width=\"43\" height=\"25\">\n<p align=\"left\">11. Apr 2022<\/p>\n<\/td>\n<td width=\"531\">\n<p align=\"left\">keine chemischen D\u00fcngemittel; Unkrautentfernung effektiv; Ernten und Einfrieren von Obst; Aussaat und Anpflanzung von Obstpflanzen;<\/p>\n<\/td>\n<\/tr>\n<tr valign=\"top\">\n<td width=\"43\" height=\"26\">\n<p align=\"left\">12. Apr 2022<\/p>\n<\/td>\n<td width=\"531\">\n<p align=\"left\">keine chemischen D\u00fcngemittel; Unkrautentfernung effektiv; Ernten und Einfrieren von Obst; Aussaat und Anpflanzung von Obstpflanzen;<\/p>\n<\/td>\n<\/tr>\n<tr valign=\"top\">\n<td width=\"43\" height=\"26\">\n<p align=\"left\">13. Apr 2022<\/p>\n<\/td>\n<td width=\"531\">\n<p align=\"left\">Aussaat, Anpflanzung, Umpflanzung und allgemeine Gartenarbeit; kein Obst lagern; keine Obstprodukte in der K\u00fcche vorbereiten<\/p>\n<\/td>\n<\/tr>\n<tr valign=\"top\">\n<td width=\"43\" height=\"26\">\n<p align=\"left\">14. Apr 2022<\/p>\n<\/td>\n<td width=\"531\">\n<p align=\"left\">Aussaat, Anpflanzung, Umpflanzung und allgemeine Gartenarbeit; kein Obst lagern; keine Obstprodukte in der K\u00fcche vorbereiten<\/p>\n<\/td>\n<\/tr>\n<tr valign=\"top\">\n<td width=\"43\" height=\"27\">\n<p align=\"left\">15. Apr 2022<\/p>\n<\/td>\n<td width=\"531\">\n<p align=\"left\">Keine Bew\u00e4sserung; Blumen und bl\u00fchende Kr\u00e4uter auss\u00e4en oder anpflanzen<\/p>\n<\/td>\n<\/tr>\n<tr valign=\"top\">\n<td width=\"43\" height=\"26\">\n<p align=\"left\">16. Apr 2022<\/p>\n<\/td>\n<td width=\"531\">\n<p align=\"left\">Keine Bew\u00e4sserung; beste Zeit, mit Kunstd\u00fcnger und nat\u00fcrlichem D\u00fcnger zu d\u00fcngen<\/p>\n<\/td>\n<\/tr>\n<tr valign=\"top\">\n<td width=\"43\" height=\"25\">\n<p align=\"left\">17. Apr 2022<\/p>\n<\/td>\n<td width=\"531\">\n<p align=\"left\">Rasenm\u00e4hen; Balkon- und Zimmerpflanzen bew\u00e4ssern<\/p>\n<\/td>\n<\/tr>\n<tr valign=\"top\">\n<td width=\"43\" height=\"27\">\n<p align=\"left\">18. Apr 2022<\/p>\n<\/td>\n<td width=\"531\">\n<p align=\"left\">Rasenm\u00e4hen; Balkon- und Zimmerpflanzen bew\u00e4ssern<\/p>\n<\/td>\n<\/tr>\n<tr valign=\"top\">\n<td width=\"43\" height=\"25\">\n<p align=\"left\">19. Apr 2022<\/p>\n<\/td>\n<td width=\"531\">\n<p align=\"left\">Ernten, Lagern und Einfrieren von Obst,<\/p>\n<\/td>\n<\/tr>\n<tr valign=\"top\">\n<td width=\"43\" height=\"26\">\n<p align=\"left\">20. Apr 2022<\/p>\n<\/td>\n<td width=\"531\">\n<p align=\"left\">Ernten, Lagern und Einfrieren von Obst,<\/p>\n<\/td>\n<\/tr>\n<tr valign=\"top\">\n<td width=\"43\" height=\"26\">\n<p align=\"left\">21. Apr 2022<\/p>\n<\/td>\n<td width=\"531\">\n<p align=\"left\">Ernten und Lagern von Obst und Wurzelgem\u00fcse; Unkrautentfernung; Aussaat und Anpflanzung von Wurzelgem\u00fcse<\/p>\n<\/td>\n<\/tr>\n<tr valign=\"top\">\n<td width=\"43\" height=\"25\">\n<p align=\"left\">22. Apr 2022<\/p>\n<\/td>\n<td width=\"531\">\n<p align=\"left\">Ernten und Lagern von Obst und Wurzelgem\u00fcse; Unkrautentfernung; Aussaat und Anpflanzung von Wurzelgem\u00fcse<\/p>\n<\/td>\n<\/tr>\n<tr valign=\"top\">\n<td width=\"43\" height=\"27\">\n<p align=\"left\">23. Apr 2022<\/p>\n<\/td>\n<td width=\"531\">\n<p align=\"left\">Ernten und Lagern von Obst; keine Bew\u00e4sserung<\/p>\n<\/td>\n<\/tr>\n<tr valign=\"top\">\n<td width=\"43\" height=\"26\">\n<p align=\"left\">24. Apr 2022<\/p>\n<\/td>\n<td width=\"531\">\n<p align=\"left\">Ernten und Lagern von Obst; keine Bew\u00e4sserung<\/p>\n<\/td>\n<\/tr>\n<tr valign=\"top\">\n<td width=\"43\" height=\"25\">\n<p align=\"left\">25. Apr 2022<\/p>\n<\/td>\n<td width=\"531\">\n<p align=\"left\">Rasenm\u00e4hen; kein Obst ernten und lagern; Gie\u00dfen<\/p>\n<\/td>\n<\/tr>\n<tr valign=\"top\">\n<td width=\"43\" height=\"25\">\n<p align=\"left\">26. Apr 2022<\/p>\n<\/td>\n<td width=\"531\">\n<p align=\"left\">Rasenm\u00e4hen; kein Obst ernten und lagern; Gie\u00dfen<\/p>\n<\/td>\n<\/tr>\n<tr valign=\"top\">\n<td width=\"43\" height=\"25\">\n<p align=\"left\">27. Apr 2022<\/p>\n<\/td>\n<td width=\"531\">\n<p align=\"left\">Rasenm\u00e4hen; kein Obst ernten und lagern; Gie\u00dfen<\/p>\n<\/td>\n<\/tr>\n<tr valign=\"top\">\n<td width=\"43\" height=\"25\">\n<p align=\"left\">28. Apr 2022<\/p>\n<\/td>\n<td width=\"531\">\n<p align=\"left\">Ernten, Lagern und Einfrieren von Obst; Unkraut entfernen<\/p>\n<\/td>\n<\/tr>\n<tr valign=\"top\">\n<td width=\"43\" height=\"26\">\n<p align=\"left\">29. Apr 2022<\/p>\n<\/td>\n<td width=\"531\">\n<p align=\"left\">Ernten, Lagern und Einfrieren von Obst; Unkraut entfernen<\/p>\n<\/td>\n<\/tr>\n<tr valign=\"top\">\n<td width=\"43\" height=\"24\">\n<p align=\"left\">30. Apr 2022<\/p>\n<\/td>\n<td width=\"531\">\n<p align=\"left\"><a name=\"_Hlk99956563\"><\/a> Ernte und Lagerung von Obst und Wurzelgem\u00fcse<\/p>\n<\/td>\n<\/tr>\n<\/tbody>\n<\/table>\n<p>&nbsp;<\/p>\n<h2><span class=\"ez-toc-section\" id=\"Der_Mond_und_sein_Einfluss_auf_unser_Leben\"><\/span>Der Mond und sein Einfluss auf unser Leben<span class=\"ez-toc-section-end\"><\/span><\/h2>\n<p><img loading=\"lazy\" decoding=\"async\" class=\"size-medium wp-image-3738 alignright\" src=\"https:\/\/www.samenhaus.de\/gartenblog\/wp-content\/uploads\/2022\/04\/Mondkalender-April_197442246-300x200.jpeg\" alt=\"Mondkalender\" width=\"300\" height=\"200\" srcset=\"https:\/\/www.samenhaus.de\/gartenblog\/wp-content\/uploads\/2022\/04\/Mondkalender-April_197442246-300x200.jpeg 300w, https:\/\/www.samenhaus.de\/gartenblog\/wp-content\/uploads\/2022\/04\/Mondkalender-April_197442246-2048x1363.jpeg 2048w, https:\/\/www.samenhaus.de\/gartenblog\/wp-content\/uploads\/2022\/04\/Mondkalender-April_197442246-600x399.jpeg 600w, https:\/\/www.samenhaus.de\/gartenblog\/wp-content\/uploads\/2022\/04\/Mondkalender-April_197442246-768x511.jpeg 768w, https:\/\/www.samenhaus.de\/gartenblog\/wp-content\/uploads\/2022\/04\/Mondkalender-April_197442246-1024x681.jpeg 1024w, https:\/\/www.samenhaus.de\/gartenblog\/wp-content\/uploads\/2022\/04\/Mondkalender-April_197442246-1536x1022.jpeg 1536w\" sizes=\"auto, (max-width: 300px) 100vw, 300px\" \/>Der Mond hat einen gro\u00dfen Einfluss auf unser Leben. Dies sieht man h\u00e4ufig auch daran, dass die Menschen bei Vollmond schlechter schlafen oder unruhig sind. Doch nicht nur der Schlaf wird von der Energie des Mondes beeinflusst. Egal, was Sie im Haushalt oder Garten an Arbeiten haben \u2013 sie werden beeinflusst. Daher schw\u00f6ren viele Hausfrauen darauf, bei Neumond und w\u00e4hrend der Mitte des zunehmenden Mondes zu l\u00fcften, da auch an diesen Tagen das Staubwischen einfacher ist.<\/p>\n<p>Gleichzeitig nutzen Sie die Energie des Vollmondes, um die Wohnung zu putzen, da weniger Reinigungsmittel notwendig sind und auch die Arbeiten leichter fallen. In der Mitte des abnehmenden Halbmondes jedoch ist das Fensterputzen streifenfrei m\u00f6glich. Es gibt noch sehr viele andere Hausarbeiten, die nach dem Mondkalender ausgerichtet werden. Auch wenn einige Menschen es als Hokuspokus ansehen, ist doch von vielen zu h\u00f6ren, dass das Haareschneiden beim abnehmenden Mond sehr effektiv ist. M\u00fcssen Sie normal alle 4 Wochen zum Friseur, damit die Frisur wieder perfekt sitzt, k\u00f6nnen Sie es mit der richtigen Mondphase auf 6 bis 7 Wochen ausweiten.<\/p>\n<p>Au\u00dferdem ist es auch wissenschaftlich belegt, dass der Mond einen sehr gro\u00dfen Einfluss auf uns und unser Leben hat.<\/p>\n<p>&nbsp;<\/p>\n","protected":false},"excerpt":{"rendered":"<p>Der Mond hat einen Einfluss auf die Erde, das ist bekannt. Gleichzeitig beeinflusst er aber nicht nur uns selbst, sondern auch die Pflanzen, weshalb viele G\u00e4rtner nach dem Mondkalender anpflanzen, s\u00e4en und ernten. Auch der Rasenschnitt wird durch den Mond beeinflusst. Wie viele wissen, hei\u00dft es, dass bei annehmendem Mond ein Ganz zum Friseur ideal ist, wenn Haare geschnitten werden sollen. Gleiches gilt auch f\u00fcr den Rasen. Wer bei abnehmendem Mond m\u00e4ht, muss weniger h\u00e4ufig den Rasenm\u00e4her aus dem Schuppen holen. Doch auch das richtige S\u00e4en ist von gro\u00dfer Bedeutung. Denn wer nach dem Mondkalender s\u00e4t, wird entsprechend gro\u00dfe Ertr\u00e4ge erhalten k\u00f6nnen. Aus diesem Grund m\u00f6chten wir Ihnen heute den Mondkalender pr\u00e4sentieren. Hier k\u00f6nnen Sie sehen, wann Sie s\u00e4en, anpflanzen, schneiden oder ernten. So g\u00e4rtnern Sie im Monat April nach dem Mondkalender Die ersten vier Tage im April sind hervorragend geeignet, um Obst und Wurzelgem\u00fcse zu ernten und zu lagern oder zu konservieren. Am zweiten Tag im April ist es au\u00dferdem ein guter Tag, um Obstpflanzen zu s\u00e4en oder anzupflanzen. Vom 5. bis 7. April sollten Sie nicht w\u00e4ssern, da die Pflanzen sonst von Sch\u00e4dlingen befallen werden k\u00f6nnten. \u00dcberdies sind diese Tage perfekt geeignet, um Blumen und bl\u00fchende Kr\u00e4uter auszus\u00e4en [&hellip;]<\/p>\n","protected":false},"author":12,"featured_media":3742,"comment_status":"open","ping_status":"open","sticky":false,"template":"","format":"standard","meta":{"_acf_changed":false,"footnotes":""},"categories":[22],"tags":[],"hersteller":[],"class_list":["post-3729","post","type-post","status-publish","format-standard","has-post-thumbnail","hentry","category-april"],"acf":[],"yoast_head":"<!-- This site is optimized with the Yoast SEO plugin v27.4 - https:\/\/yoast.com\/product\/yoast-seo-wordpress\/ -->\n<title>Der Garten-Mondkalender f\u00fcr den Monat April - Samenhaus Gartenblog<\/title>\n<meta name=\"description\" content=\"Auch im April gibt es einiges im Garten zu tun. Der Mondkalender sagt, wann f\u00fcr welche Arbeiten die beste Zeit ist.\" \/>\n<meta name=\"robots\" content=\"index, follow, max-snippet:-1, max-image-preview:large, max-video-preview:-1\" \/>\n<link rel=\"canonical\" href=\"https:\/\/www.samenhaus.de\/gartenblog\/der-garten-mondkalender-fuer-den-monat-april\" \/>\n<meta property=\"og:locale\" content=\"de_DE\" \/>\n<meta property=\"og:type\" content=\"article\" \/>\n<meta property=\"og:title\" content=\"Der Garten-Mondkalender f\u00fcr den Monat April - Samenhaus Gartenblog\" \/>\n<meta property=\"og:description\" content=\"Auch im April gibt es einiges im Garten zu tun. Der Mondkalender sagt, wann f\u00fcr welche Arbeiten die beste Zeit ist.\" \/>\n<meta property=\"og:url\" content=\"https:\/\/www.samenhaus.de\/gartenblog\/der-garten-mondkalender-fuer-den-monat-april\" \/>\n<meta property=\"og:site_name\" content=\"Samenhaus Gartenblog\" \/>\n<meta property=\"article:publisher\" content=\"https:\/\/de-de.facebook.com\/samenhaus\" \/>\n<meta property=\"article:published_time\" content=\"2022-04-01T18:44:38+00:00\" \/>\n<meta property=\"article:modified_time\" content=\"2023-07-07T03:59:22+00:00\" \/>\n<meta property=\"og:image\" content=\"https:\/\/www.samenhaus.de\/gartenblog\/wp-content\/uploads\/2022\/04\/Mondkalender-April_195616196-Kopie-scaled.jpg\" \/>\n\t<meta property=\"og:image:width\" content=\"2560\" \/>\n\t<meta property=\"og:image:height\" content=\"1707\" \/>\n\t<meta property=\"og:image:type\" content=\"image\/jpeg\" \/>\n<meta name=\"author\" content=\"Stephanie\" \/>\n<meta name=\"twitter:card\" content=\"summary_large_image\" \/>\n<meta name=\"twitter:creator\" content=\"@samenhaus\" \/>\n<meta name=\"twitter:site\" content=\"@samenhaus\" \/>\n<meta name=\"twitter:label1\" content=\"Verfasst von\" \/>\n\t<meta name=\"twitter:data1\" content=\"Stephanie\" \/>\n\t<meta name=\"twitter:label2\" content=\"Gesch\u00e4tzte Lesezeit\" \/>\n\t<meta name=\"twitter:data2\" content=\"8\u00a0Minuten\" \/>\n<script type=\"application\/ld+json\" class=\"yoast-schema-graph\">{\"@context\":\"https:\\\/\\\/schema.org\",\"@graph\":[{\"@type\":\"Article\",\"@id\":\"https:\\\/\\\/www.samenhaus.de\\\/gartenblog\\\/der-garten-mondkalender-fuer-den-monat-april#article\",\"isPartOf\":{\"@id\":\"https:\\\/\\\/www.samenhaus.de\\\/gartenblog\\\/der-garten-mondkalender-fuer-den-monat-april\"},\"author\":{\"name\":\"Stephanie\",\"@id\":\"https:\\\/\\\/www.samenhaus.de\\\/gartenblog\\\/#\\\/schema\\\/person\\\/97f059f6e72cec571c88cb48b4582118\"},\"headline\":\"Der Garten-Mondkalender f\u00fcr den Monat April\",\"datePublished\":\"2022-04-01T18:44:38+00:00\",\"dateModified\":\"2023-07-07T03:59:22+00:00\",\"mainEntityOfPage\":{\"@id\":\"https:\\\/\\\/www.samenhaus.de\\\/gartenblog\\\/der-garten-mondkalender-fuer-den-monat-april\"},\"wordCount\":1207,\"commentCount\":0,\"publisher\":{\"@id\":\"https:\\\/\\\/www.samenhaus.de\\\/gartenblog\\\/#organization\"},\"image\":{\"@id\":\"https:\\\/\\\/www.samenhaus.de\\\/gartenblog\\\/der-garten-mondkalender-fuer-den-monat-april#primaryimage\"},\"thumbnailUrl\":\"https:\\\/\\\/www.samenhaus.de\\\/gartenblog\\\/wp-content\\\/uploads\\\/2022\\\/04\\\/Mondkalender-April_195616196-Kopie-scaled.jpg\",\"articleSection\":[\"April\"],\"inLanguage\":\"de\",\"potentialAction\":[{\"@type\":\"CommentAction\",\"name\":\"Comment\",\"target\":[\"https:\\\/\\\/www.samenhaus.de\\\/gartenblog\\\/der-garten-mondkalender-fuer-den-monat-april#respond\"]}],\"copyrightYear\":\"2022\",\"copyrightHolder\":{\"@id\":\"https:\\\/\\\/www.samenhaus.de\\\/gartenblog\\\/#organization\"}},{\"@type\":\"WebPage\",\"@id\":\"https:\\\/\\\/www.samenhaus.de\\\/gartenblog\\\/der-garten-mondkalender-fuer-den-monat-april\",\"url\":\"https:\\\/\\\/www.samenhaus.de\\\/gartenblog\\\/der-garten-mondkalender-fuer-den-monat-april\",\"name\":\"Der Garten-Mondkalender f\u00fcr den Monat April - Samenhaus Gartenblog\",\"isPartOf\":{\"@id\":\"https:\\\/\\\/www.samenhaus.de\\\/gartenblog\\\/#website\"},\"primaryImageOfPage\":{\"@id\":\"https:\\\/\\\/www.samenhaus.de\\\/gartenblog\\\/der-garten-mondkalender-fuer-den-monat-april#primaryimage\"},\"image\":{\"@id\":\"https:\\\/\\\/www.samenhaus.de\\\/gartenblog\\\/der-garten-mondkalender-fuer-den-monat-april#primaryimage\"},\"thumbnailUrl\":\"https:\\\/\\\/www.samenhaus.de\\\/gartenblog\\\/wp-content\\\/uploads\\\/2022\\\/04\\\/Mondkalender-April_195616196-Kopie-scaled.jpg\",\"datePublished\":\"2022-04-01T18:44:38+00:00\",\"dateModified\":\"2023-07-07T03:59:22+00:00\",\"description\":\"Auch im April gibt es einiges im Garten zu tun. Der Mondkalender sagt, wann f\u00fcr welche Arbeiten die beste Zeit ist.\",\"breadcrumb\":{\"@id\":\"https:\\\/\\\/www.samenhaus.de\\\/gartenblog\\\/der-garten-mondkalender-fuer-den-monat-april#breadcrumb\"},\"inLanguage\":\"de\",\"potentialAction\":[{\"@type\":\"ReadAction\",\"target\":[\"https:\\\/\\\/www.samenhaus.de\\\/gartenblog\\\/der-garten-mondkalender-fuer-den-monat-april\"]}]},{\"@type\":\"ImageObject\",\"inLanguage\":\"de\",\"@id\":\"https:\\\/\\\/www.samenhaus.de\\\/gartenblog\\\/der-garten-mondkalender-fuer-den-monat-april#primaryimage\",\"url\":\"https:\\\/\\\/www.samenhaus.de\\\/gartenblog\\\/wp-content\\\/uploads\\\/2022\\\/04\\\/Mondkalender-April_195616196-Kopie-scaled.jpg\",\"contentUrl\":\"https:\\\/\\\/www.samenhaus.de\\\/gartenblog\\\/wp-content\\\/uploads\\\/2022\\\/04\\\/Mondkalender-April_195616196-Kopie-scaled.jpg\",\"width\":2560,\"height\":1707,\"caption\":\"Mondkalender April\"},{\"@type\":\"BreadcrumbList\",\"@id\":\"https:\\\/\\\/www.samenhaus.de\\\/gartenblog\\\/der-garten-mondkalender-fuer-den-monat-april#breadcrumb\",\"itemListElement\":[{\"@type\":\"ListItem\",\"position\":1,\"name\":\"Startseite\",\"item\":\"https:\\\/\\\/www.samenhaus.de\\\/gartenblog\\\/\"},{\"@type\":\"ListItem\",\"position\":2,\"name\":\"Der Garten-Mondkalender f\u00fcr den Monat April\"}]},{\"@type\":\"WebSite\",\"@id\":\"https:\\\/\\\/www.samenhaus.de\\\/gartenblog\\\/#website\",\"url\":\"https:\\\/\\\/www.samenhaus.de\\\/gartenblog\\\/\",\"name\":\"Samenhaus Gartenblog\",\"description\":\"\",\"publisher\":{\"@id\":\"https:\\\/\\\/www.samenhaus.de\\\/gartenblog\\\/#organization\"},\"potentialAction\":[{\"@type\":\"SearchAction\",\"target\":{\"@type\":\"EntryPoint\",\"urlTemplate\":\"https:\\\/\\\/www.samenhaus.de\\\/gartenblog\\\/?s={search_term_string}\"},\"query-input\":{\"@type\":\"PropertyValueSpecification\",\"valueRequired\":true,\"valueName\":\"search_term_string\"}}],\"inLanguage\":\"de\"},{\"@type\":\"Organization\",\"@id\":\"https:\\\/\\\/www.samenhaus.de\\\/gartenblog\\\/#organization\",\"name\":\"Samenhaus.de Gartenblog\",\"url\":\"https:\\\/\\\/www.samenhaus.de\\\/gartenblog\\\/\",\"logo\":{\"@type\":\"ImageObject\",\"inLanguage\":\"de\",\"@id\":\"https:\\\/\\\/www.samenhaus.de\\\/gartenblog\\\/#\\\/schema\\\/logo\\\/image\\\/\",\"url\":\"https:\\\/\\\/www.samenhaus.de\\\/gartenblog\\\/wp-content\\\/uploads\\\/2020\\\/11\\\/logo.svg\",\"contentUrl\":\"https:\\\/\\\/www.samenhaus.de\\\/gartenblog\\\/wp-content\\\/uploads\\\/2020\\\/11\\\/logo.svg\",\"width\":1,\"height\":1,\"caption\":\"Samenhaus.de Gartenblog\"},\"image\":{\"@id\":\"https:\\\/\\\/www.samenhaus.de\\\/gartenblog\\\/#\\\/schema\\\/logo\\\/image\\\/\"},\"sameAs\":[\"https:\\\/\\\/de-de.facebook.com\\\/samenhaus\",\"https:\\\/\\\/x.com\\\/samenhaus\"]},{\"@type\":\"Person\",\"@id\":\"https:\\\/\\\/www.samenhaus.de\\\/gartenblog\\\/#\\\/schema\\\/person\\\/97f059f6e72cec571c88cb48b4582118\",\"name\":\"Stephanie\",\"image\":{\"@type\":\"ImageObject\",\"inLanguage\":\"de\",\"@id\":\"https:\\\/\\\/www.samenhaus.de\\\/gartenblog\\\/wp-content\\\/uploads\\\/2026\\\/03\\\/stefanie-150x150.png\",\"url\":\"https:\\\/\\\/www.samenhaus.de\\\/gartenblog\\\/wp-content\\\/uploads\\\/2026\\\/03\\\/stefanie-150x150.png\",\"contentUrl\":\"https:\\\/\\\/www.samenhaus.de\\\/gartenblog\\\/wp-content\\\/uploads\\\/2026\\\/03\\\/stefanie-150x150.png\",\"caption\":\"Stephanie\"},\"description\":\"Garten und Pflanzen waren schon immer meine Leidenschaft. Wahrscheinlich deshalb, weil ich damit aufgewachsen bin. Ich verwerte in der Regel alles und mache Lik\u00f6re, Marmeladen und nutze Kr\u00e4uter auch als Heilpflanzen, indem ich \u00d6le und Tinkturen herstelle. Leider habe ich meinen gr\u00fcnen Daumen beim Auswandern nach Spanien in Deutschland vergessen. Langsam kehrt er aber wieder zur\u00fcck und die Anpassung an die neue Klimazone war gar nicht so einfach. Mittlerweile schaffe ich es sogar, dass gekaufter Basilikum \u00fcberlebt.\",\"url\":\"https:\\\/\\\/www.samenhaus.de\\\/gartenblog\\\/author\\\/stephanie\"}]}<\/script>\n<!-- \/ Yoast SEO plugin. -->","yoast_head_json":{"title":"Der Garten-Mondkalender f\u00fcr den Monat April - Samenhaus Gartenblog","description":"Auch im April gibt es einiges im Garten zu tun. Der Mondkalender sagt, wann f\u00fcr welche Arbeiten die beste Zeit ist.","robots":{"index":"index","follow":"follow","max-snippet":"max-snippet:-1","max-image-preview":"max-image-preview:large","max-video-preview":"max-video-preview:-1"},"canonical":"https:\/\/www.samenhaus.de\/gartenblog\/der-garten-mondkalender-fuer-den-monat-april","og_locale":"de_DE","og_type":"article","og_title":"Der Garten-Mondkalender f\u00fcr den Monat April - Samenhaus Gartenblog","og_description":"Auch im April gibt es einiges im Garten zu tun. Der Mondkalender sagt, wann f\u00fcr welche Arbeiten die beste Zeit ist.","og_url":"https:\/\/www.samenhaus.de\/gartenblog\/der-garten-mondkalender-fuer-den-monat-april","og_site_name":"Samenhaus Gartenblog","article_publisher":"https:\/\/de-de.facebook.com\/samenhaus","article_published_time":"2022-04-01T18:44:38+00:00","article_modified_time":"2023-07-07T03:59:22+00:00","og_image":[{"width":2560,"height":1707,"url":"https:\/\/www.samenhaus.de\/gartenblog\/wp-content\/uploads\/2022\/04\/Mondkalender-April_195616196-Kopie-scaled.jpg","type":"image\/jpeg"}],"author":"Stephanie","twitter_card":"summary_large_image","twitter_creator":"@samenhaus","twitter_site":"@samenhaus","twitter_misc":{"Verfasst von":"Stephanie","Gesch\u00e4tzte Lesezeit":"8\u00a0Minuten"},"schema":{"@context":"https:\/\/schema.org","@graph":[{"@type":"Article","@id":"https:\/\/www.samenhaus.de\/gartenblog\/der-garten-mondkalender-fuer-den-monat-april#article","isPartOf":{"@id":"https:\/\/www.samenhaus.de\/gartenblog\/der-garten-mondkalender-fuer-den-monat-april"},"author":{"name":"Stephanie","@id":"https:\/\/www.samenhaus.de\/gartenblog\/#\/schema\/person\/97f059f6e72cec571c88cb48b4582118"},"headline":"Der Garten-Mondkalender f\u00fcr den Monat April","datePublished":"2022-04-01T18:44:38+00:00","dateModified":"2023-07-07T03:59:22+00:00","mainEntityOfPage":{"@id":"https:\/\/www.samenhaus.de\/gartenblog\/der-garten-mondkalender-fuer-den-monat-april"},"wordCount":1207,"commentCount":0,"publisher":{"@id":"https:\/\/www.samenhaus.de\/gartenblog\/#organization"},"image":{"@id":"https:\/\/www.samenhaus.de\/gartenblog\/der-garten-mondkalender-fuer-den-monat-april#primaryimage"},"thumbnailUrl":"https:\/\/www.samenhaus.de\/gartenblog\/wp-content\/uploads\/2022\/04\/Mondkalender-April_195616196-Kopie-scaled.jpg","articleSection":["April"],"inLanguage":"de","potentialAction":[{"@type":"CommentAction","name":"Comment","target":["https:\/\/www.samenhaus.de\/gartenblog\/der-garten-mondkalender-fuer-den-monat-april#respond"]}],"copyrightYear":"2022","copyrightHolder":{"@id":"https:\/\/www.samenhaus.de\/gartenblog\/#organization"}},{"@type":"WebPage","@id":"https:\/\/www.samenhaus.de\/gartenblog\/der-garten-mondkalender-fuer-den-monat-april","url":"https:\/\/www.samenhaus.de\/gartenblog\/der-garten-mondkalender-fuer-den-monat-april","name":"Der Garten-Mondkalender f\u00fcr den Monat April - Samenhaus Gartenblog","isPartOf":{"@id":"https:\/\/www.samenhaus.de\/gartenblog\/#website"},"primaryImageOfPage":{"@id":"https:\/\/www.samenhaus.de\/gartenblog\/der-garten-mondkalender-fuer-den-monat-april#primaryimage"},"image":{"@id":"https:\/\/www.samenhaus.de\/gartenblog\/der-garten-mondkalender-fuer-den-monat-april#primaryimage"},"thumbnailUrl":"https:\/\/www.samenhaus.de\/gartenblog\/wp-content\/uploads\/2022\/04\/Mondkalender-April_195616196-Kopie-scaled.jpg","datePublished":"2022-04-01T18:44:38+00:00","dateModified":"2023-07-07T03:59:22+00:00","description":"Auch im April gibt es einiges im Garten zu tun. Der Mondkalender sagt, wann f\u00fcr welche Arbeiten die beste Zeit ist.","breadcrumb":{"@id":"https:\/\/www.samenhaus.de\/gartenblog\/der-garten-mondkalender-fuer-den-monat-april#breadcrumb"},"inLanguage":"de","potentialAction":[{"@type":"ReadAction","target":["https:\/\/www.samenhaus.de\/gartenblog\/der-garten-mondkalender-fuer-den-monat-april"]}]},{"@type":"ImageObject","inLanguage":"de","@id":"https:\/\/www.samenhaus.de\/gartenblog\/der-garten-mondkalender-fuer-den-monat-april#primaryimage","url":"https:\/\/www.samenhaus.de\/gartenblog\/wp-content\/uploads\/2022\/04\/Mondkalender-April_195616196-Kopie-scaled.jpg","contentUrl":"https:\/\/www.samenhaus.de\/gartenblog\/wp-content\/uploads\/2022\/04\/Mondkalender-April_195616196-Kopie-scaled.jpg","width":2560,"height":1707,"caption":"Mondkalender April"},{"@type":"BreadcrumbList","@id":"https:\/\/www.samenhaus.de\/gartenblog\/der-garten-mondkalender-fuer-den-monat-april#breadcrumb","itemListElement":[{"@type":"ListItem","position":1,"name":"Startseite","item":"https:\/\/www.samenhaus.de\/gartenblog\/"},{"@type":"ListItem","position":2,"name":"Der Garten-Mondkalender f\u00fcr den Monat April"}]},{"@type":"WebSite","@id":"https:\/\/www.samenhaus.de\/gartenblog\/#website","url":"https:\/\/www.samenhaus.de\/gartenblog\/","name":"Samenhaus Gartenblog","description":"","publisher":{"@id":"https:\/\/www.samenhaus.de\/gartenblog\/#organization"},"potentialAction":[{"@type":"SearchAction","target":{"@type":"EntryPoint","urlTemplate":"https:\/\/www.samenhaus.de\/gartenblog\/?s={search_term_string}"},"query-input":{"@type":"PropertyValueSpecification","valueRequired":true,"valueName":"search_term_string"}}],"inLanguage":"de"},{"@type":"Organization","@id":"https:\/\/www.samenhaus.de\/gartenblog\/#organization","name":"Samenhaus.de Gartenblog","url":"https:\/\/www.samenhaus.de\/gartenblog\/","logo":{"@type":"ImageObject","inLanguage":"de","@id":"https:\/\/www.samenhaus.de\/gartenblog\/#\/schema\/logo\/image\/","url":"https:\/\/www.samenhaus.de\/gartenblog\/wp-content\/uploads\/2020\/11\/logo.svg","contentUrl":"https:\/\/www.samenhaus.de\/gartenblog\/wp-content\/uploads\/2020\/11\/logo.svg","width":1,"height":1,"caption":"Samenhaus.de Gartenblog"},"image":{"@id":"https:\/\/www.samenhaus.de\/gartenblog\/#\/schema\/logo\/image\/"},"sameAs":["https:\/\/de-de.facebook.com\/samenhaus","https:\/\/x.com\/samenhaus"]},{"@type":"Person","@id":"https:\/\/www.samenhaus.de\/gartenblog\/#\/schema\/person\/97f059f6e72cec571c88cb48b4582118","name":"Stephanie","image":{"@type":"ImageObject","inLanguage":"de","@id":"https:\/\/www.samenhaus.de\/gartenblog\/wp-content\/uploads\/2026\/03\/stefanie-150x150.png","url":"https:\/\/www.samenhaus.de\/gartenblog\/wp-content\/uploads\/2026\/03\/stefanie-150x150.png","contentUrl":"https:\/\/www.samenhaus.de\/gartenblog\/wp-content\/uploads\/2026\/03\/stefanie-150x150.png","caption":"Stephanie"},"description":"Garten und Pflanzen waren schon immer meine Leidenschaft. Wahrscheinlich deshalb, weil ich damit aufgewachsen bin. Ich verwerte in der Regel alles und mache Lik\u00f6re, Marmeladen und nutze Kr\u00e4uter auch als Heilpflanzen, indem ich \u00d6le und Tinkturen herstelle. Leider habe ich meinen gr\u00fcnen Daumen beim Auswandern nach Spanien in Deutschland vergessen. Langsam kehrt er aber wieder zur\u00fcck und die Anpassung an die neue Klimazone war gar nicht so einfach. Mittlerweile schaffe ich es sogar, dass gekaufter Basilikum \u00fcberlebt.","url":"https:\/\/www.samenhaus.de\/gartenblog\/author\/stephanie"}]}},"wp-worthy-pixel":{"ignored":false,"public":"95d72a277c7c4d13affd6613b7d40701","server":"vg08.met.vgwort.de","url":"https:\/\/vg08.met.vgwort.de\/na\/95d72a277c7c4d13affd6613b7d40701"},"wp-worthy-type":"normal","_links":{"self":[{"href":"https:\/\/www.samenhaus.de\/gartenblog\/wp-json\/wp\/v2\/posts\/3729","targetHints":{"allow":["GET"]}}],"collection":[{"href":"https:\/\/www.samenhaus.de\/gartenblog\/wp-json\/wp\/v2\/posts"}],"about":[{"href":"https:\/\/www.samenhaus.de\/gartenblog\/wp-json\/wp\/v2\/types\/post"}],"author":[{"embeddable":true,"href":"https:\/\/www.samenhaus.de\/gartenblog\/wp-json\/wp\/v2\/users\/12"}],"replies":[{"embeddable":true,"href":"https:\/\/www.samenhaus.de\/gartenblog\/wp-json\/wp\/v2\/comments?post=3729"}],"version-history":[{"count":10,"href":"https:\/\/www.samenhaus.de\/gartenblog\/wp-json\/wp\/v2\/posts\/3729\/revisions"}],"predecessor-version":[{"id":12410,"href":"https:\/\/www.samenhaus.de\/gartenblog\/wp-json\/wp\/v2\/posts\/3729\/revisions\/12410"}],"wp:featuredmedia":[{"embeddable":true,"href":"https:\/\/www.samenhaus.de\/gartenblog\/wp-json\/wp\/v2\/media\/3742"}],"wp:attachment":[{"href":"https:\/\/www.samenhaus.de\/gartenblog\/wp-json\/wp\/v2\/media?parent=3729"}],"wp:term":[{"taxonomy":"category","embeddable":true,"href":"https:\/\/www.samenhaus.de\/gartenblog\/wp-json\/wp\/v2\/categories?post=3729"},{"taxonomy":"post_tag","embeddable":true,"href":"https:\/\/www.samenhaus.de\/gartenblog\/wp-json\/wp\/v2\/tags?post=3729"},{"taxonomy":"hersteller","embeddable":true,"href":"https:\/\/www.samenhaus.de\/gartenblog\/wp-json\/wp\/v2\/hersteller?post=3729"}],"curies":[{"name":"wp","href":"https:\/\/api.w.org\/{rel}","templated":true}]}}