{"id":3864,"date":"2022-06-02T09:00:34","date_gmt":"2022-06-02T09:00:34","guid":{"rendered":"https:\/\/www.samenhaus.de\/gartenblog\/?p=3864"},"modified":"2023-07-13T14:48:04","modified_gmt":"2023-07-13T14:48:04","slug":"blumen-fuer-den-trockenen-schatten-was-unter-sommergruenen-baeumen-waechst","status":"publish","type":"post","link":"https:\/\/www.samenhaus.de\/gartenblog\/blumen-fuer-den-trockenen-schatten-was-unter-sommergruenen-baeumen-waechst","title":{"rendered":"Blumen f\u00fcr den trockenen Schatten: Was unter sommergr\u00fcnen B\u00e4umen w\u00e4chst"},"content":{"rendered":"<p class=\"western\">Der trockene Schatten ist eine Herausforderung f\u00fcr Gartenfreunde, denn Pflanzen f\u00fcr den Schatten bevorzugen meistens feuchte B\u00f6den. Das Zeitfenster f\u00fcr den Wachstumsschub ist kurz. Es gibt aber einige Pflanzen, die auch unter diesen extremen Bedingungen gedeihen und mit sch\u00f6nen Bl\u00fcten erfreuen.<\/p>\n<h2 class=\"western\"><span class=\"ez-toc-section\" id=\"Gute_Vorbereitung_des_Bodens_Anreicherung_mit_Naehrstoffen\"><\/span>Gute Vorbereitung des Bodens: Anreicherung mit N\u00e4hrstoffen<span class=\"ez-toc-section-end\"><\/span><\/h2>\n<p class=\"western\"><img loading=\"lazy\" decoding=\"async\" class=\"size-medium wp-image-4620 alignright\" src=\"https:\/\/www.samenhaus.de\/gartenblog\/wp-content\/uploads\/2022\/05\/Blumen-trockener-Schatten_312613239-300x200.jpeg\" alt=\"Schatten Blumen\" width=\"300\" height=\"200\" srcset=\"https:\/\/www.samenhaus.de\/gartenblog\/wp-content\/uploads\/2022\/05\/Blumen-trockener-Schatten_312613239-300x200.jpeg 300w, https:\/\/www.samenhaus.de\/gartenblog\/wp-content\/uploads\/2022\/05\/Blumen-trockener-Schatten_312613239-600x400.jpeg 600w, https:\/\/www.samenhaus.de\/gartenblog\/wp-content\/uploads\/2022\/05\/Blumen-trockener-Schatten_312613239-2048x1365.jpeg 2048w, https:\/\/www.samenhaus.de\/gartenblog\/wp-content\/uploads\/2022\/05\/Blumen-trockener-Schatten_312613239-768x512.jpeg 768w, https:\/\/www.samenhaus.de\/gartenblog\/wp-content\/uploads\/2022\/05\/Blumen-trockener-Schatten_312613239-1024x683.jpeg 1024w, https:\/\/www.samenhaus.de\/gartenblog\/wp-content\/uploads\/2022\/05\/Blumen-trockener-Schatten_312613239-1536x1024.jpeg 1536w\" sizes=\"auto, (max-width: 300px) 100vw, 300px\" \/>M\u00f6chten Sie Blumen in den trockenen Schatten pflanzen, ist eine gute Vorbereitung des Bodens wichtig. Unter Nadelgeh\u00f6lzen ist der Boden zumeist leicht sauer, da sich die Streu der Nadelb\u00e4ume nur schwer zersetzt. Mit einer Mulchschicht aus Rinde, Holzsp\u00e4nen oder Lauberde, die f\u00fcnf bis zehn Zentimeter dick sein sollte, bereiten Sie den Boden vor. Die oberen Bodenschichten werden durch das organische Material angereichert. Bodenlebewesen werden durch die Mulchschicht aktiv.<\/p>\n<p class=\"western\">Der Stammbereich sollte ungef\u00e4hr 20 Zentimeter um den gesamten Baum frei bleiben. Zus\u00e4tzlich bringen Sie Kompost in die Pflanzl\u00f6cher, um den Pflanzen eine gute Starthilfe zu geben. Gie\u00dfen Sie die Pflanzen gut an und verhindern Sie das Austrocknen, indem Sie w\u00e4hrend langer Trockenperioden regelm\u00e4\u00dfig w\u00e4ssern.<\/p>\n<h2 class=\"western\"><span class=\"ez-toc-section\" id=\"Geeignete_Pflanzen_fuer_den_trockenen_Schatten_Stauden_als_ausdauernde_und_pflegeleichte_Pflanzen\"><\/span>Geeignete Pflanzen f\u00fcr den trockenen Schatten: Stauden als ausdauernde und pflegeleichte Pflanzen<span class=\"ez-toc-section-end\"><\/span><\/h2>\n<p class=\"western\">Stauden sind standorttreu, pflegeleicht und winterhart. Sie k\u00f6nnen jahrelang an einem Standort bleiben, ohne im Winter aus der Erde genommen zu werden. Es gibt verschiedene Sorten, die gen\u00fcgsam sind und auch an schattigen, trockenen Standorten gedeihen.<\/p>\n<h3 class=\"western\"><span class=\"ez-toc-section\" id=\"Mandelblaettrige_Purpur-Wolfsmilch_huebsche_Blattfaerbung_im_Winter\"><\/span>Mandelbl\u00e4ttrige Purpur-Wolfsmilch: h\u00fcbsche Blattf\u00e4rbung im Winter<span class=\"ez-toc-section-end\"><\/span><\/h3>\n<p class=\"western\"><img loading=\"lazy\" decoding=\"async\" class=\"alignleft wp-image-4623 size-thumbnail\" src=\"https:\/\/www.samenhaus.de\/gartenblog\/wp-content\/uploads\/2022\/05\/Blumen-trockener-Schatten_466022783-150x150.jpeg\" alt=\"Mandelbl\u00e4ttrige Purpur-Wolfsmilch\" width=\"150\" height=\"150\" srcset=\"https:\/\/www.samenhaus.de\/gartenblog\/wp-content\/uploads\/2022\/05\/Blumen-trockener-Schatten_466022783-150x150.jpeg 150w, https:\/\/www.samenhaus.de\/gartenblog\/wp-content\/uploads\/2022\/05\/Blumen-trockener-Schatten_466022783-80x80.jpeg 80w\" sizes=\"auto, (max-width: 150px) 100vw, 150px\" \/>Die Mandelbl\u00e4ttrige Purpur-Wolfsmilch (<em>Euphorbia amygdaloides &#8218;Purpurea&#8216;<\/em>) stellt keine hohen Anspr\u00fcche an ihren Standort. Sie erfreut im Winter mit einer sch\u00f6nen Rotf\u00e4rbung der Bl\u00e4tter. Die Wolfsmilch eignet sich f\u00fcr den Schatten und den Halbschatten. Im April und Mai erfreut sie mit gelben Bl\u00fcten, die auch eine gute Bienenweide sind.<\/p>\n<p>&nbsp;<\/p>\n<p>&nbsp;<\/p>\n<h3 class=\"western\"><span class=\"ez-toc-section\" id=\"Purpurgloeckchen_viele_schoene_Blattfarben\"><\/span>Purpurgl\u00f6ckchen: viele sch\u00f6ne Blattfarben<span class=\"ez-toc-section-end\"><\/span><\/h3>\n<p class=\"western\"><img loading=\"lazy\" decoding=\"async\" class=\"alignleft wp-image-4612 size-thumbnail\" src=\"https:\/\/www.samenhaus.de\/gartenblog\/wp-content\/uploads\/2022\/05\/Blumen-trockener-Schatten_85852442-150x150.jpeg\" alt=\"Purpurgl\u00f6ckchen\" width=\"150\" height=\"150\" srcset=\"https:\/\/www.samenhaus.de\/gartenblog\/wp-content\/uploads\/2022\/05\/Blumen-trockener-Schatten_85852442-150x150.jpeg 150w, https:\/\/www.samenhaus.de\/gartenblog\/wp-content\/uploads\/2022\/05\/Blumen-trockener-Schatten_85852442-80x80.jpeg 80w\" sizes=\"auto, (max-width: 150px) 100vw, 150px\" \/>Zu den bekanntesten Vertretern unter den Stauden f\u00fcr den trockenen Schatten geh\u00f6rt das Purpurgl\u00f6ckchen (<em>Heuchera<\/em>), das dekorative Bl\u00e4tter in verschiedenen Farben aufweist:<\/p>\n<ul>\n<li>\n<p class=\"western\">Rott\u00f6ne<\/p>\n<\/li>\n<li>\n<p class=\"western\">Violett<\/p>\n<\/li>\n<li>\n<p class=\"western\">Graugr\u00fcn<\/p>\n<\/li>\n<li>\n<p class=\"western\">Bronze<\/p>\n<\/li>\n<\/ul>\n<p class=\"western\">Die Bl\u00e4tter zeigen bezaubernde Farbverl\u00e4ufe. Die Staude ist pflegeleicht und bildet dichte Blattteppiche, die im Herbst die Nadeln von Nadelgeh\u00f6lzen aufnehmen. Die Bl\u00fctenrispen mit den kleinen, glockenf\u00f6rmigen Bl\u00fcten sind eher unscheinbar.<\/p>\n<h3 class=\"western\"><span class=\"ez-toc-section\" id=\"Funkie_bewaehrte_Schattenpflanze_in_vielen_Sorten\"><\/span>Funkie: bew\u00e4hrte Schattenpflanze in vielen Sorten<span class=\"ez-toc-section-end\"><\/span><\/h3>\n<p class=\"western\"><img loading=\"lazy\" decoding=\"async\" class=\"alignleft wp-image-4618 size-thumbnail\" src=\"https:\/\/www.samenhaus.de\/gartenblog\/wp-content\/uploads\/2022\/05\/Blumen-trockener-Schatten_279536319-150x150.jpeg\" alt=\"Funkie\" width=\"150\" height=\"150\" srcset=\"https:\/\/www.samenhaus.de\/gartenblog\/wp-content\/uploads\/2022\/05\/Blumen-trockener-Schatten_279536319-150x150.jpeg 150w, https:\/\/www.samenhaus.de\/gartenblog\/wp-content\/uploads\/2022\/05\/Blumen-trockener-Schatten_279536319-80x80.jpeg 80w\" sizes=\"auto, (max-width: 150px) 100vw, 150px\" \/>Die Funkie (<em>Hosta<\/em>) gibt es in zahlreichen Sorten. Ihre glockenf\u00f6rmigen, in Rispen erscheinenden Bl\u00fcten sind eher unscheinbar. Den eigentlichen Schmuckwert machen die Bl\u00e4tter aus, die in vielen Farben und Farbkombinationen anzutreffen sind. Funkien sind pflegeleicht und brauchen einen durchl\u00e4ssigen Boden. Sind sie gro\u00df geworden, lassen sie sich leicht teilen.<\/p>\n<p class=\"western\"><b>Tipp<\/b>: Kombinieren Sie Funkien mit kleineren und gr\u00f6\u00dferen Bl\u00e4ttern im Beet zu einem dichten Teppich.<\/p>\n<h3 class=\"western\"><span class=\"ez-toc-section\" id=\"Storchschnabel_fuer_unterschiedliche_Standorte_geeignet\"><\/span>Storchschnabel: f\u00fcr unterschiedliche Standorte geeignet<span class=\"ez-toc-section-end\"><\/span><\/h3>\n<p class=\"western\"><img loading=\"lazy\" decoding=\"async\" class=\"alignleft wp-image-4615 size-thumbnail\" src=\"https:\/\/www.samenhaus.de\/gartenblog\/wp-content\/uploads\/2022\/05\/Blumen-trockener-Schatten_181045100-150x150.jpeg\" alt=\"Storchschnabel\" width=\"150\" height=\"150\" srcset=\"https:\/\/www.samenhaus.de\/gartenblog\/wp-content\/uploads\/2022\/05\/Blumen-trockener-Schatten_181045100-150x150.jpeg 150w, https:\/\/www.samenhaus.de\/gartenblog\/wp-content\/uploads\/2022\/05\/Blumen-trockener-Schatten_181045100-80x80.jpeg 80w\" sizes=\"auto, (max-width: 150px) 100vw, 150px\" \/>Je nach Sorte eignet sich der Storchschnabel (<em>Geranium<\/em>) f\u00fcr unterschiedliche Standorte. Die Pflanzen haben h\u00fcbsche Bl\u00e4tter und erfreuen mit sch\u00f6nen Bl\u00fcten in verschiedenen Farben. F\u00fcr den trockenen Schatten eignen sich Geranium nodosum &#8218;Simon&#8216; und Geranium versicolor.<\/p>\n<p>&nbsp;<\/p>\n<p>&nbsp;<\/p>\n<h3 class=\"western\"><span class=\"ez-toc-section\" id=\"Christrose_robuster_Bodendecker\"><\/span>Christrose: robuster Bodendecker<span class=\"ez-toc-section-end\"><\/span><\/h3>\n<p class=\"western\"><img loading=\"lazy\" decoding=\"async\" class=\"alignleft wp-image-4621 size-thumbnail\" src=\"https:\/\/www.samenhaus.de\/gartenblog\/wp-content\/uploads\/2022\/05\/Blumen-trockener-Schatten_423310047-150x150.jpeg\" alt=\"Christrose\" width=\"150\" height=\"150\" srcset=\"https:\/\/www.samenhaus.de\/gartenblog\/wp-content\/uploads\/2022\/05\/Blumen-trockener-Schatten_423310047-150x150.jpeg 150w, https:\/\/www.samenhaus.de\/gartenblog\/wp-content\/uploads\/2022\/05\/Blumen-trockener-Schatten_423310047-80x80.jpeg 80w\" sizes=\"auto, (max-width: 150px) 100vw, 150px\" \/>Die Christrose (<em>Helleborus<\/em>) ist l\u00e4ngst nicht nur eine sch\u00f6ne Pflanze f\u00fcr die Weihnachtszeit und die Wintermonate. Die Bl\u00fcten in Wei\u00df, Cremewei\u00df, Rosat\u00f6nen oder Dunkelrot erscheinen im Winter. Die Pflanze ist jedoch auch ein hervorragender Bodendecker und ist aufgrund ihrer Robustheit auch f\u00fcr trockene Standorte geeignet.<\/p>\n<p>&nbsp;<\/p>\n<p>&nbsp;<\/p>\n<h3 class=\"western\"><span class=\"ez-toc-section\" id=\"Elfenblume_filigrane_Staude_mit_kraeftigem_Wuchs\"><\/span>Elfenblume: filigrane Staude mit kr\u00e4ftigem Wuchs<span class=\"ez-toc-section-end\"><\/span><\/h3>\n<p class=\"western\"><img loading=\"lazy\" decoding=\"async\" class=\"alignleft wp-image-4614 size-thumbnail\" src=\"https:\/\/www.samenhaus.de\/gartenblog\/wp-content\/uploads\/2022\/05\/Blumen-trockener-Schatten_156847955-150x150.jpeg\" alt=\"Elfenblume\" width=\"150\" height=\"150\" srcset=\"https:\/\/www.samenhaus.de\/gartenblog\/wp-content\/uploads\/2022\/05\/Blumen-trockener-Schatten_156847955-150x150.jpeg 150w, https:\/\/www.samenhaus.de\/gartenblog\/wp-content\/uploads\/2022\/05\/Blumen-trockener-Schatten_156847955-80x80.jpeg 80w\" sizes=\"auto, (max-width: 150px) 100vw, 150px\" \/>Trotz ihres filigranen Aussehens ist die Elfenblume (<em>Epimedium<\/em>) durch einen kr\u00e4ftigen Wuchs gekennzeichnet und setzt sich gegen den Wurzeldruck anderer Pflanzen durch. Sie wird ungef\u00e4hr 20 bis 25 Zentimeter hoch und w\u00e4chst gut unter Laubb\u00e4umen. Die Bl\u00fcten in Gelb oder Rosa erscheinen im April und Mai.<\/p>\n<p>&nbsp;<\/p>\n<p>&nbsp;<\/p>\n<h3 class=\"western\"><span class=\"ez-toc-section\" id=\"Schildfarn_pflegeleicht_und_robust\"><\/span>Schildfarn: pflegeleicht und robust<span class=\"ez-toc-section-end\"><\/span><\/h3>\n<p class=\"western\"><img loading=\"lazy\" decoding=\"async\" class=\"alignleft wp-image-4616 size-thumbnail\" src=\"https:\/\/www.samenhaus.de\/gartenblog\/wp-content\/uploads\/2022\/05\/Blumen-trockener-Schatten_206409208-150x150.jpeg\" alt=\"Schildfarn\" width=\"150\" height=\"150\" srcset=\"https:\/\/www.samenhaus.de\/gartenblog\/wp-content\/uploads\/2022\/05\/Blumen-trockener-Schatten_206409208-150x150.jpeg 150w, https:\/\/www.samenhaus.de\/gartenblog\/wp-content\/uploads\/2022\/05\/Blumen-trockener-Schatten_206409208-80x80.jpeg 80w\" sizes=\"auto, (max-width: 150px) 100vw, 150px\" \/>F\u00fcr den trockenen Schatten unter B\u00e4umen eignen sich Farne (<em>Polystichum<\/em>) als typische Waldpflanzen. Schildfarne brauchen einen durchl\u00e4ssigen Boden, der mit Kompost angereichert sein sollte. Ein Vorteil der pflegeleichten Farne ist die Resistenz gegen Sch\u00e4dlingsbefall.<\/p>\n<p>&nbsp;<\/p>\n<p>&nbsp;<\/p>\n<h3 class=\"western\"><span class=\"ez-toc-section\" id=\"Beinwell_geeignet_fuer_schwer_begruenbare_Flaechen\"><\/span>Beinwell: geeignet f\u00fcr schwer begr\u00fcnbare Fl\u00e4chen<span class=\"ez-toc-section-end\"><\/span><\/h3>\n<p class=\"western\"><img loading=\"lazy\" decoding=\"async\" class=\"alignleft wp-image-4613 size-thumbnail\" src=\"https:\/\/www.samenhaus.de\/gartenblog\/wp-content\/uploads\/2022\/05\/Blumen-trockener-Schatten_144420693-150x150.jpeg\" alt=\"Beinwell\" width=\"150\" height=\"150\" srcset=\"https:\/\/www.samenhaus.de\/gartenblog\/wp-content\/uploads\/2022\/05\/Blumen-trockener-Schatten_144420693-150x150.jpeg 150w, https:\/\/www.samenhaus.de\/gartenblog\/wp-content\/uploads\/2022\/05\/Blumen-trockener-Schatten_144420693-80x80.jpeg 80w\" sizes=\"auto, (max-width: 150px) 100vw, 150px\" \/>Beinwell (<em>Symphytum<\/em>) eignet sich f\u00fcr schwer begr\u00fcnbare Fl\u00e4chen und bringt sch\u00f6ne Bl\u00fcten hervor, die eine gute Bienenweide sind. Nach der Bl\u00fcte schneiden Sie die Pflanze zur\u00fcck. Der Kleine Kaukasus-Beinwell bedeckt mit seinen Bl\u00e4ttern auch ung\u00fcnstige Standorte.<\/p>\n<p>&nbsp;<\/p>\n<p>&nbsp;<\/p>\n<h3 class=\"western\"><span class=\"ez-toc-section\" id=\"Goldnessel_geeignet_als_wuechsiger_Bodendecker\"><\/span>Goldnessel: geeignet als w\u00fcchsiger Bodendecker<span class=\"ez-toc-section-end\"><\/span><\/h3>\n<p class=\"western\"><img loading=\"lazy\" decoding=\"async\" class=\"alignleft wp-image-4610 size-thumbnail\" src=\"https:\/\/www.samenhaus.de\/gartenblog\/wp-content\/uploads\/2022\/05\/Blumen-trockener-Schatten_2945564-150x150.jpeg\" alt=\"Goldnessel\" width=\"150\" height=\"150\" srcset=\"https:\/\/www.samenhaus.de\/gartenblog\/wp-content\/uploads\/2022\/05\/Blumen-trockener-Schatten_2945564-150x150.jpeg 150w, https:\/\/www.samenhaus.de\/gartenblog\/wp-content\/uploads\/2022\/05\/Blumen-trockener-Schatten_2945564-80x80.jpeg 80w\" sizes=\"auto, (max-width: 150px) 100vw, 150px\" \/>Die Goldnessel (<em>Lamiastrum<\/em>) l\u00e4sst sich auch vom Wurzeldruck unter Geh\u00f6lzen nicht beeindrucken und breitet sich als Bodendecker schnell aus. Es gibt verschiedene Sorten, die eine sch\u00f6ne Blattzeichnung aufweisen.<\/p>\n<p class=\"western\"><b>Tipp<\/b>: Legen Sie eine Wurzelsperre an, da die Goldnessel stark wuchert.<\/p>\n<p>&nbsp;<\/p>\n<h3 class=\"western\"><span class=\"ez-toc-section\" id=\"Schaumbluete_Bodendecker_mit_kissenfoermigem_Wuchs\"><\/span>Schaumbl\u00fcte: Bodendecker mit kissenf\u00f6rmigem Wuchs<span class=\"ez-toc-section-end\"><\/span><\/h3>\n<p class=\"western\"><img loading=\"lazy\" decoding=\"async\" class=\"alignleft wp-image-4619 size-thumbnail\" src=\"https:\/\/www.samenhaus.de\/gartenblog\/wp-content\/uploads\/2022\/05\/Blumen-trockener-Schatten_309508698-150x150.jpeg\" alt=\"Schaumbl\u00fcte\" width=\"150\" height=\"150\" srcset=\"https:\/\/www.samenhaus.de\/gartenblog\/wp-content\/uploads\/2022\/05\/Blumen-trockener-Schatten_309508698-150x150.jpeg 150w, https:\/\/www.samenhaus.de\/gartenblog\/wp-content\/uploads\/2022\/05\/Blumen-trockener-Schatten_309508698-80x80.jpeg 80w\" sizes=\"auto, (max-width: 150px) 100vw, 150px\" \/>Die Schaumbl\u00fcte (<em>Tiarella cordifolia<\/em>) ist aufgrund ihres kissenf\u00f6rmigen Wuchses als Bodendecker geeignet und wird ungef\u00e4hr 20 Zentimeter hoch. Die wei\u00dfen oder rosafarbenen Bl\u00fcten erscheinen je nach Sorte zwischen April und August.<\/p>\n<p>&nbsp;<\/p>\n<p>&nbsp;<\/p>\n<h3 class=\"western\"><span class=\"ez-toc-section\" id=\"Blauroter_Steinsame_schnellwuechsiger_Bodendecker\"><\/span>Blauroter Steinsame: schnellw\u00fcchsiger Bodendecker<span class=\"ez-toc-section-end\"><\/span><\/h3>\n<p class=\"western\"><img loading=\"lazy\" decoding=\"async\" class=\"alignleft wp-image-4622 size-thumbnail\" src=\"https:\/\/www.samenhaus.de\/gartenblog\/wp-content\/uploads\/2022\/05\/Blumen-trockener-Schatten_465526952-150x150.jpeg\" alt=\"Blauroter Steinsame\" width=\"150\" height=\"150\" srcset=\"https:\/\/www.samenhaus.de\/gartenblog\/wp-content\/uploads\/2022\/05\/Blumen-trockener-Schatten_465526952-150x150.jpeg 150w, https:\/\/www.samenhaus.de\/gartenblog\/wp-content\/uploads\/2022\/05\/Blumen-trockener-Schatten_465526952-80x80.jpeg 80w\" sizes=\"auto, (max-width: 150px) 100vw, 150px\" \/>Ein schnellw\u00fcchsiger Bodendecker, der gut unter Geh\u00f6lzen gedeiht, ist der Blaurote Steinsame (<em>Lithospermum purpurocaeruleum<\/em>). Er passt sich auch an widrige Standortbedingungen an und bringt im Mai kleine blaue Bl\u00fcten hervor, die viele Insekten anlocken. Die Pflanze vertr\u00e4gt Trockenheit und bevorzugt einen n\u00e4hrstoffreichen Boden.<\/p>\n<p>&nbsp;<\/p>\n<p>&nbsp;<\/p>\n<h3 class=\"western\"><span class=\"ez-toc-section\" id=\"Waldsteinie_immergruene_Bienenweide\"><\/span>Waldsteinie: immergr\u00fcne Bienenweide<span class=\"ez-toc-section-end\"><\/span><\/h3>\n<p class=\"western\"><img loading=\"lazy\" decoding=\"async\" class=\"alignleft wp-image-4617 size-thumbnail\" src=\"https:\/\/www.samenhaus.de\/gartenblog\/wp-content\/uploads\/2022\/05\/Blumen-trockener-Schatten_264922748-150x150.jpeg\" alt=\"Waldsteinie\" width=\"150\" height=\"150\" srcset=\"https:\/\/www.samenhaus.de\/gartenblog\/wp-content\/uploads\/2022\/05\/Blumen-trockener-Schatten_264922748-150x150.jpeg 150w, https:\/\/www.samenhaus.de\/gartenblog\/wp-content\/uploads\/2022\/05\/Blumen-trockener-Schatten_264922748-80x80.jpeg 80w\" sizes=\"auto, (max-width: 150px) 100vw, 150px\" \/>Die Waldsteinie (<em>Waldsteinia ternata<\/em>) ist immergr\u00fcn und bildet unter laubabwerfenden Str\u00e4uchern einen dichten Blattteppich. Mit ihren gelben Bl\u00fcten, die von April bis Juni erscheinen, zieht sie viele Insekten an.<\/p>\n","protected":false},"excerpt":{"rendered":"<p>Der trockene Schatten ist eine Herausforderung f\u00fcr Gartenfreunde, denn Pflanzen f\u00fcr den Schatten bevorzugen meistens feuchte B\u00f6den. Das Zeitfenster f\u00fcr den Wachstumsschub ist kurz. Es gibt aber einige Pflanzen, die auch unter diesen extremen Bedingungen gedeihen und mit sch\u00f6nen Bl\u00fcten erfreuen. Gute Vorbereitung des Bodens: Anreicherung mit N\u00e4hrstoffen M\u00f6chten Sie Blumen in den trockenen Schatten pflanzen, ist eine gute Vorbereitung des Bodens wichtig. Unter Nadelgeh\u00f6lzen ist der Boden zumeist leicht sauer, da sich die Streu der Nadelb\u00e4ume nur schwer zersetzt. Mit einer Mulchschicht aus Rinde, Holzsp\u00e4nen oder Lauberde, die f\u00fcnf bis zehn Zentimeter dick sein sollte, bereiten Sie den Boden vor. Die oberen Bodenschichten werden durch das organische Material angereichert. Bodenlebewesen werden durch die Mulchschicht aktiv. Der Stammbereich sollte ungef\u00e4hr 20 Zentimeter um den gesamten Baum frei bleiben. Zus\u00e4tzlich bringen Sie Kompost in die Pflanzl\u00f6cher, um den Pflanzen eine gute Starthilfe zu geben. Gie\u00dfen Sie die Pflanzen gut an und verhindern Sie das Austrocknen, indem Sie w\u00e4hrend langer Trockenperioden regelm\u00e4\u00dfig w\u00e4ssern. Geeignete Pflanzen f\u00fcr den trockenen Schatten: Stauden als ausdauernde und pflegeleichte Pflanzen Stauden sind standorttreu, pflegeleicht und winterhart. Sie k\u00f6nnen jahrelang an einem Standort bleiben, ohne im Winter aus der Erde genommen zu werden. Es gibt verschiedene Sorten, die [&hellip;]<\/p>\n","protected":false},"author":7,"featured_media":4611,"comment_status":"open","ping_status":"open","sticky":false,"template":"","format":"standard","meta":{"_acf_changed":false,"footnotes":""},"categories":[13],"tags":[],"hersteller":[],"class_list":["post-3864","post","type-post","status-publish","format-standard","has-post-thumbnail","hentry","category-blumen"],"acf":[],"yoast_head":"<!-- This site is optimized with the Yoast SEO plugin v27.4 - https:\/\/yoast.com\/product\/yoast-seo-wordpress\/ -->\n<title>Blumen f\u00fcr den trockenen Schatten: Was unter sommergr\u00fcnen B\u00e4umen w\u00e4chst - Samenhaus Gartenblog<\/title>\n<meta name=\"description\" content=\"Auch im Schatten kann es gr\u00fcnen und bl\u00fchen, wenn Sie die richtigen Blumen ausw\u00e4hlen. Wir haben f\u00fcr Sie Tipps f\u00fcr den schattigen Standort.\" \/>\n<meta name=\"robots\" content=\"index, follow, max-snippet:-1, max-image-preview:large, max-video-preview:-1\" \/>\n<link rel=\"canonical\" href=\"https:\/\/www.samenhaus.de\/gartenblog\/blumen-fuer-den-trockenen-schatten-was-unter-sommergruenen-baeumen-waechst\" \/>\n<meta property=\"og:locale\" content=\"de_DE\" \/>\n<meta property=\"og:type\" content=\"article\" \/>\n<meta property=\"og:title\" content=\"Blumen f\u00fcr den trockenen Schatten: Was unter sommergr\u00fcnen B\u00e4umen w\u00e4chst - Samenhaus Gartenblog\" \/>\n<meta property=\"og:description\" content=\"Auch im Schatten kann es gr\u00fcnen und bl\u00fchen, wenn Sie die richtigen Blumen ausw\u00e4hlen. Wir haben f\u00fcr Sie Tipps f\u00fcr den schattigen Standort.\" \/>\n<meta property=\"og:url\" content=\"https:\/\/www.samenhaus.de\/gartenblog\/blumen-fuer-den-trockenen-schatten-was-unter-sommergruenen-baeumen-waechst\" \/>\n<meta property=\"og:site_name\" content=\"Samenhaus Gartenblog\" \/>\n<meta property=\"article:publisher\" content=\"https:\/\/de-de.facebook.com\/samenhaus\" \/>\n<meta property=\"article:published_time\" content=\"2022-06-02T09:00:34+00:00\" \/>\n<meta property=\"article:modified_time\" content=\"2023-07-13T14:48:04+00:00\" \/>\n<meta property=\"og:image\" content=\"https:\/\/www.samenhaus.de\/gartenblog\/wp-content\/uploads\/2022\/05\/Blumen-trockener-Schatten_3476711-scaled.jpeg\" \/>\n\t<meta property=\"og:image:width\" content=\"2560\" \/>\n\t<meta property=\"og:image:height\" content=\"1797\" \/>\n\t<meta property=\"og:image:type\" content=\"image\/jpeg\" \/>\n<meta name=\"author\" content=\"Fritz\" \/>\n<meta name=\"twitter:card\" content=\"summary_large_image\" \/>\n<meta name=\"twitter:creator\" content=\"@samenhaus\" \/>\n<meta name=\"twitter:site\" content=\"@samenhaus\" \/>\n<meta name=\"twitter:label1\" content=\"Verfasst von\" \/>\n\t<meta name=\"twitter:data1\" content=\"Fritz\" \/>\n\t<meta name=\"twitter:label2\" content=\"Gesch\u00e4tzte Lesezeit\" \/>\n\t<meta name=\"twitter:data2\" content=\"7\u00a0Minuten\" \/>\n<script type=\"application\/ld+json\" class=\"yoast-schema-graph\">{\"@context\":\"https:\\\/\\\/schema.org\",\"@graph\":[{\"@type\":\"Article\",\"@id\":\"https:\\\/\\\/www.samenhaus.de\\\/gartenblog\\\/blumen-fuer-den-trockenen-schatten-was-unter-sommergruenen-baeumen-waechst#article\",\"isPartOf\":{\"@id\":\"https:\\\/\\\/www.samenhaus.de\\\/gartenblog\\\/blumen-fuer-den-trockenen-schatten-was-unter-sommergruenen-baeumen-waechst\"},\"author\":{\"name\":\"Fritz\",\"@id\":\"https:\\\/\\\/www.samenhaus.de\\\/gartenblog\\\/#\\\/schema\\\/person\\\/a0608c49bb909de7ed33e44abc853c6b\"},\"headline\":\"Blumen f\u00fcr den trockenen Schatten: Was unter sommergr\u00fcnen B\u00e4umen w\u00e4chst\",\"datePublished\":\"2022-06-02T09:00:34+00:00\",\"dateModified\":\"2023-07-13T14:48:04+00:00\",\"mainEntityOfPage\":{\"@id\":\"https:\\\/\\\/www.samenhaus.de\\\/gartenblog\\\/blumen-fuer-den-trockenen-schatten-was-unter-sommergruenen-baeumen-waechst\"},\"wordCount\":910,\"commentCount\":0,\"publisher\":{\"@id\":\"https:\\\/\\\/www.samenhaus.de\\\/gartenblog\\\/#organization\"},\"image\":{\"@id\":\"https:\\\/\\\/www.samenhaus.de\\\/gartenblog\\\/blumen-fuer-den-trockenen-schatten-was-unter-sommergruenen-baeumen-waechst#primaryimage\"},\"thumbnailUrl\":\"https:\\\/\\\/www.samenhaus.de\\\/gartenblog\\\/wp-content\\\/uploads\\\/2022\\\/05\\\/Blumen-trockener-Schatten_3476711-scaled.jpeg\",\"articleSection\":[\"Blumen\"],\"inLanguage\":\"de\",\"potentialAction\":[{\"@type\":\"CommentAction\",\"name\":\"Comment\",\"target\":[\"https:\\\/\\\/www.samenhaus.de\\\/gartenblog\\\/blumen-fuer-den-trockenen-schatten-was-unter-sommergruenen-baeumen-waechst#respond\"]}],\"copyrightYear\":\"2022\",\"copyrightHolder\":{\"@id\":\"https:\\\/\\\/www.samenhaus.de\\\/gartenblog\\\/#organization\"}},{\"@type\":\"WebPage\",\"@id\":\"https:\\\/\\\/www.samenhaus.de\\\/gartenblog\\\/blumen-fuer-den-trockenen-schatten-was-unter-sommergruenen-baeumen-waechst\",\"url\":\"https:\\\/\\\/www.samenhaus.de\\\/gartenblog\\\/blumen-fuer-den-trockenen-schatten-was-unter-sommergruenen-baeumen-waechst\",\"name\":\"Blumen f\u00fcr den trockenen Schatten: Was unter sommergr\u00fcnen B\u00e4umen w\u00e4chst - Samenhaus Gartenblog\",\"isPartOf\":{\"@id\":\"https:\\\/\\\/www.samenhaus.de\\\/gartenblog\\\/#website\"},\"primaryImageOfPage\":{\"@id\":\"https:\\\/\\\/www.samenhaus.de\\\/gartenblog\\\/blumen-fuer-den-trockenen-schatten-was-unter-sommergruenen-baeumen-waechst#primaryimage\"},\"image\":{\"@id\":\"https:\\\/\\\/www.samenhaus.de\\\/gartenblog\\\/blumen-fuer-den-trockenen-schatten-was-unter-sommergruenen-baeumen-waechst#primaryimage\"},\"thumbnailUrl\":\"https:\\\/\\\/www.samenhaus.de\\\/gartenblog\\\/wp-content\\\/uploads\\\/2022\\\/05\\\/Blumen-trockener-Schatten_3476711-scaled.jpeg\",\"datePublished\":\"2022-06-02T09:00:34+00:00\",\"dateModified\":\"2023-07-13T14:48:04+00:00\",\"description\":\"Auch im Schatten kann es gr\u00fcnen und bl\u00fchen, wenn Sie die richtigen Blumen ausw\u00e4hlen. Wir haben f\u00fcr Sie Tipps f\u00fcr den schattigen Standort.\",\"breadcrumb\":{\"@id\":\"https:\\\/\\\/www.samenhaus.de\\\/gartenblog\\\/blumen-fuer-den-trockenen-schatten-was-unter-sommergruenen-baeumen-waechst#breadcrumb\"},\"inLanguage\":\"de\",\"potentialAction\":[{\"@type\":\"ReadAction\",\"target\":[\"https:\\\/\\\/www.samenhaus.de\\\/gartenblog\\\/blumen-fuer-den-trockenen-schatten-was-unter-sommergruenen-baeumen-waechst\"]}]},{\"@type\":\"ImageObject\",\"inLanguage\":\"de\",\"@id\":\"https:\\\/\\\/www.samenhaus.de\\\/gartenblog\\\/blumen-fuer-den-trockenen-schatten-was-unter-sommergruenen-baeumen-waechst#primaryimage\",\"url\":\"https:\\\/\\\/www.samenhaus.de\\\/gartenblog\\\/wp-content\\\/uploads\\\/2022\\\/05\\\/Blumen-trockener-Schatten_3476711-scaled.jpeg\",\"contentUrl\":\"https:\\\/\\\/www.samenhaus.de\\\/gartenblog\\\/wp-content\\\/uploads\\\/2022\\\/05\\\/Blumen-trockener-Schatten_3476711-scaled.jpeg\",\"width\":2560,\"height\":1797,\"caption\":\"Schatten Garten\"},{\"@type\":\"BreadcrumbList\",\"@id\":\"https:\\\/\\\/www.samenhaus.de\\\/gartenblog\\\/blumen-fuer-den-trockenen-schatten-was-unter-sommergruenen-baeumen-waechst#breadcrumb\",\"itemListElement\":[{\"@type\":\"ListItem\",\"position\":1,\"name\":\"Startseite\",\"item\":\"https:\\\/\\\/www.samenhaus.de\\\/gartenblog\\\/\"},{\"@type\":\"ListItem\",\"position\":2,\"name\":\"Blumen f\u00fcr den trockenen Schatten: Was unter sommergr\u00fcnen B\u00e4umen w\u00e4chst\"}]},{\"@type\":\"WebSite\",\"@id\":\"https:\\\/\\\/www.samenhaus.de\\\/gartenblog\\\/#website\",\"url\":\"https:\\\/\\\/www.samenhaus.de\\\/gartenblog\\\/\",\"name\":\"Samenhaus Gartenblog\",\"description\":\"\",\"publisher\":{\"@id\":\"https:\\\/\\\/www.samenhaus.de\\\/gartenblog\\\/#organization\"},\"potentialAction\":[{\"@type\":\"SearchAction\",\"target\":{\"@type\":\"EntryPoint\",\"urlTemplate\":\"https:\\\/\\\/www.samenhaus.de\\\/gartenblog\\\/?s={search_term_string}\"},\"query-input\":{\"@type\":\"PropertyValueSpecification\",\"valueRequired\":true,\"valueName\":\"search_term_string\"}}],\"inLanguage\":\"de\"},{\"@type\":\"Organization\",\"@id\":\"https:\\\/\\\/www.samenhaus.de\\\/gartenblog\\\/#organization\",\"name\":\"Samenhaus.de Gartenblog\",\"url\":\"https:\\\/\\\/www.samenhaus.de\\\/gartenblog\\\/\",\"logo\":{\"@type\":\"ImageObject\",\"inLanguage\":\"de\",\"@id\":\"https:\\\/\\\/www.samenhaus.de\\\/gartenblog\\\/#\\\/schema\\\/logo\\\/image\\\/\",\"url\":\"https:\\\/\\\/www.samenhaus.de\\\/gartenblog\\\/wp-content\\\/uploads\\\/2020\\\/11\\\/logo.svg\",\"contentUrl\":\"https:\\\/\\\/www.samenhaus.de\\\/gartenblog\\\/wp-content\\\/uploads\\\/2020\\\/11\\\/logo.svg\",\"width\":1,\"height\":1,\"caption\":\"Samenhaus.de Gartenblog\"},\"image\":{\"@id\":\"https:\\\/\\\/www.samenhaus.de\\\/gartenblog\\\/#\\\/schema\\\/logo\\\/image\\\/\"},\"sameAs\":[\"https:\\\/\\\/de-de.facebook.com\\\/samenhaus\",\"https:\\\/\\\/x.com\\\/samenhaus\"]},{\"@type\":\"Person\",\"@id\":\"https:\\\/\\\/www.samenhaus.de\\\/gartenblog\\\/#\\\/schema\\\/person\\\/a0608c49bb909de7ed33e44abc853c6b\",\"name\":\"Fritz\",\"image\":{\"@type\":\"ImageObject\",\"inLanguage\":\"de\",\"@id\":\"https:\\\/\\\/www.samenhaus.de\\\/gartenblog\\\/wp-content\\\/uploads\\\/2024\\\/11\\\/Tobi-1-150x150.jpg\",\"url\":\"https:\\\/\\\/www.samenhaus.de\\\/gartenblog\\\/wp-content\\\/uploads\\\/2024\\\/11\\\/Tobi-1-150x150.jpg\",\"contentUrl\":\"https:\\\/\\\/www.samenhaus.de\\\/gartenblog\\\/wp-content\\\/uploads\\\/2024\\\/11\\\/Tobi-1-150x150.jpg\",\"caption\":\"Fritz\"},\"description\":\"Das ist Fritz. Er steht f\u00fcr all die erfahrenen G\u00e4rtner und Selbstversorger, die ihr Wissen und ihre Erfahrungen auf dem Gartenblog mit Ihnen teilen. Mit Tipps und Tricks f\u00fcr den Garten, den Balkon und die K\u00fcche steht Fritz Ihnen zur Seite.\",\"url\":\"https:\\\/\\\/www.samenhaus.de\\\/gartenblog\\\/author\\\/tobias\"}]}<\/script>\n<!-- \/ Yoast SEO plugin. -->","yoast_head_json":{"title":"Blumen f\u00fcr den trockenen Schatten: Was unter sommergr\u00fcnen B\u00e4umen w\u00e4chst - Samenhaus Gartenblog","description":"Auch im Schatten kann es gr\u00fcnen und bl\u00fchen, wenn Sie die richtigen Blumen ausw\u00e4hlen. Wir haben f\u00fcr Sie Tipps f\u00fcr den schattigen Standort.","robots":{"index":"index","follow":"follow","max-snippet":"max-snippet:-1","max-image-preview":"max-image-preview:large","max-video-preview":"max-video-preview:-1"},"canonical":"https:\/\/www.samenhaus.de\/gartenblog\/blumen-fuer-den-trockenen-schatten-was-unter-sommergruenen-baeumen-waechst","og_locale":"de_DE","og_type":"article","og_title":"Blumen f\u00fcr den trockenen Schatten: Was unter sommergr\u00fcnen B\u00e4umen w\u00e4chst - Samenhaus Gartenblog","og_description":"Auch im Schatten kann es gr\u00fcnen und bl\u00fchen, wenn Sie die richtigen Blumen ausw\u00e4hlen. Wir haben f\u00fcr Sie Tipps f\u00fcr den schattigen Standort.","og_url":"https:\/\/www.samenhaus.de\/gartenblog\/blumen-fuer-den-trockenen-schatten-was-unter-sommergruenen-baeumen-waechst","og_site_name":"Samenhaus Gartenblog","article_publisher":"https:\/\/de-de.facebook.com\/samenhaus","article_published_time":"2022-06-02T09:00:34+00:00","article_modified_time":"2023-07-13T14:48:04+00:00","og_image":[{"width":2560,"height":1797,"url":"https:\/\/www.samenhaus.de\/gartenblog\/wp-content\/uploads\/2022\/05\/Blumen-trockener-Schatten_3476711-scaled.jpeg","type":"image\/jpeg"}],"author":"Fritz","twitter_card":"summary_large_image","twitter_creator":"@samenhaus","twitter_site":"@samenhaus","twitter_misc":{"Verfasst von":"Fritz","Gesch\u00e4tzte Lesezeit":"7\u00a0Minuten"},"schema":{"@context":"https:\/\/schema.org","@graph":[{"@type":"Article","@id":"https:\/\/www.samenhaus.de\/gartenblog\/blumen-fuer-den-trockenen-schatten-was-unter-sommergruenen-baeumen-waechst#article","isPartOf":{"@id":"https:\/\/www.samenhaus.de\/gartenblog\/blumen-fuer-den-trockenen-schatten-was-unter-sommergruenen-baeumen-waechst"},"author":{"name":"Fritz","@id":"https:\/\/www.samenhaus.de\/gartenblog\/#\/schema\/person\/a0608c49bb909de7ed33e44abc853c6b"},"headline":"Blumen f\u00fcr den trockenen Schatten: Was unter sommergr\u00fcnen B\u00e4umen w\u00e4chst","datePublished":"2022-06-02T09:00:34+00:00","dateModified":"2023-07-13T14:48:04+00:00","mainEntityOfPage":{"@id":"https:\/\/www.samenhaus.de\/gartenblog\/blumen-fuer-den-trockenen-schatten-was-unter-sommergruenen-baeumen-waechst"},"wordCount":910,"commentCount":0,"publisher":{"@id":"https:\/\/www.samenhaus.de\/gartenblog\/#organization"},"image":{"@id":"https:\/\/www.samenhaus.de\/gartenblog\/blumen-fuer-den-trockenen-schatten-was-unter-sommergruenen-baeumen-waechst#primaryimage"},"thumbnailUrl":"https:\/\/www.samenhaus.de\/gartenblog\/wp-content\/uploads\/2022\/05\/Blumen-trockener-Schatten_3476711-scaled.jpeg","articleSection":["Blumen"],"inLanguage":"de","potentialAction":[{"@type":"CommentAction","name":"Comment","target":["https:\/\/www.samenhaus.de\/gartenblog\/blumen-fuer-den-trockenen-schatten-was-unter-sommergruenen-baeumen-waechst#respond"]}],"copyrightYear":"2022","copyrightHolder":{"@id":"https:\/\/www.samenhaus.de\/gartenblog\/#organization"}},{"@type":"WebPage","@id":"https:\/\/www.samenhaus.de\/gartenblog\/blumen-fuer-den-trockenen-schatten-was-unter-sommergruenen-baeumen-waechst","url":"https:\/\/www.samenhaus.de\/gartenblog\/blumen-fuer-den-trockenen-schatten-was-unter-sommergruenen-baeumen-waechst","name":"Blumen f\u00fcr den trockenen Schatten: Was unter sommergr\u00fcnen B\u00e4umen w\u00e4chst - Samenhaus Gartenblog","isPartOf":{"@id":"https:\/\/www.samenhaus.de\/gartenblog\/#website"},"primaryImageOfPage":{"@id":"https:\/\/www.samenhaus.de\/gartenblog\/blumen-fuer-den-trockenen-schatten-was-unter-sommergruenen-baeumen-waechst#primaryimage"},"image":{"@id":"https:\/\/www.samenhaus.de\/gartenblog\/blumen-fuer-den-trockenen-schatten-was-unter-sommergruenen-baeumen-waechst#primaryimage"},"thumbnailUrl":"https:\/\/www.samenhaus.de\/gartenblog\/wp-content\/uploads\/2022\/05\/Blumen-trockener-Schatten_3476711-scaled.jpeg","datePublished":"2022-06-02T09:00:34+00:00","dateModified":"2023-07-13T14:48:04+00:00","description":"Auch im Schatten kann es gr\u00fcnen und bl\u00fchen, wenn Sie die richtigen Blumen ausw\u00e4hlen. Wir haben f\u00fcr Sie Tipps f\u00fcr den schattigen Standort.","breadcrumb":{"@id":"https:\/\/www.samenhaus.de\/gartenblog\/blumen-fuer-den-trockenen-schatten-was-unter-sommergruenen-baeumen-waechst#breadcrumb"},"inLanguage":"de","potentialAction":[{"@type":"ReadAction","target":["https:\/\/www.samenhaus.de\/gartenblog\/blumen-fuer-den-trockenen-schatten-was-unter-sommergruenen-baeumen-waechst"]}]},{"@type":"ImageObject","inLanguage":"de","@id":"https:\/\/www.samenhaus.de\/gartenblog\/blumen-fuer-den-trockenen-schatten-was-unter-sommergruenen-baeumen-waechst#primaryimage","url":"https:\/\/www.samenhaus.de\/gartenblog\/wp-content\/uploads\/2022\/05\/Blumen-trockener-Schatten_3476711-scaled.jpeg","contentUrl":"https:\/\/www.samenhaus.de\/gartenblog\/wp-content\/uploads\/2022\/05\/Blumen-trockener-Schatten_3476711-scaled.jpeg","width":2560,"height":1797,"caption":"Schatten Garten"},{"@type":"BreadcrumbList","@id":"https:\/\/www.samenhaus.de\/gartenblog\/blumen-fuer-den-trockenen-schatten-was-unter-sommergruenen-baeumen-waechst#breadcrumb","itemListElement":[{"@type":"ListItem","position":1,"name":"Startseite","item":"https:\/\/www.samenhaus.de\/gartenblog\/"},{"@type":"ListItem","position":2,"name":"Blumen f\u00fcr den trockenen Schatten: Was unter sommergr\u00fcnen B\u00e4umen w\u00e4chst"}]},{"@type":"WebSite","@id":"https:\/\/www.samenhaus.de\/gartenblog\/#website","url":"https:\/\/www.samenhaus.de\/gartenblog\/","name":"Samenhaus Gartenblog","description":"","publisher":{"@id":"https:\/\/www.samenhaus.de\/gartenblog\/#organization"},"potentialAction":[{"@type":"SearchAction","target":{"@type":"EntryPoint","urlTemplate":"https:\/\/www.samenhaus.de\/gartenblog\/?s={search_term_string}"},"query-input":{"@type":"PropertyValueSpecification","valueRequired":true,"valueName":"search_term_string"}}],"inLanguage":"de"},{"@type":"Organization","@id":"https:\/\/www.samenhaus.de\/gartenblog\/#organization","name":"Samenhaus.de Gartenblog","url":"https:\/\/www.samenhaus.de\/gartenblog\/","logo":{"@type":"ImageObject","inLanguage":"de","@id":"https:\/\/www.samenhaus.de\/gartenblog\/#\/schema\/logo\/image\/","url":"https:\/\/www.samenhaus.de\/gartenblog\/wp-content\/uploads\/2020\/11\/logo.svg","contentUrl":"https:\/\/www.samenhaus.de\/gartenblog\/wp-content\/uploads\/2020\/11\/logo.svg","width":1,"height":1,"caption":"Samenhaus.de Gartenblog"},"image":{"@id":"https:\/\/www.samenhaus.de\/gartenblog\/#\/schema\/logo\/image\/"},"sameAs":["https:\/\/de-de.facebook.com\/samenhaus","https:\/\/x.com\/samenhaus"]},{"@type":"Person","@id":"https:\/\/www.samenhaus.de\/gartenblog\/#\/schema\/person\/a0608c49bb909de7ed33e44abc853c6b","name":"Fritz","image":{"@type":"ImageObject","inLanguage":"de","@id":"https:\/\/www.samenhaus.de\/gartenblog\/wp-content\/uploads\/2024\/11\/Tobi-1-150x150.jpg","url":"https:\/\/www.samenhaus.de\/gartenblog\/wp-content\/uploads\/2024\/11\/Tobi-1-150x150.jpg","contentUrl":"https:\/\/www.samenhaus.de\/gartenblog\/wp-content\/uploads\/2024\/11\/Tobi-1-150x150.jpg","caption":"Fritz"},"description":"Das ist Fritz. Er steht f\u00fcr all die erfahrenen G\u00e4rtner und Selbstversorger, die ihr Wissen und ihre Erfahrungen auf dem Gartenblog mit Ihnen teilen. Mit Tipps und Tricks f\u00fcr den Garten, den Balkon und die K\u00fcche steht Fritz Ihnen zur Seite.","url":"https:\/\/www.samenhaus.de\/gartenblog\/author\/tobias"}]}},"wp-worthy-pixel":{"ignored":false,"public":null,"server":null,"url":null},"wp-worthy-type":"normal","_links":{"self":[{"href":"https:\/\/www.samenhaus.de\/gartenblog\/wp-json\/wp\/v2\/posts\/3864","targetHints":{"allow":["GET"]}}],"collection":[{"href":"https:\/\/www.samenhaus.de\/gartenblog\/wp-json\/wp\/v2\/posts"}],"about":[{"href":"https:\/\/www.samenhaus.de\/gartenblog\/wp-json\/wp\/v2\/types\/post"}],"author":[{"embeddable":true,"href":"https:\/\/www.samenhaus.de\/gartenblog\/wp-json\/wp\/v2\/users\/7"}],"replies":[{"embeddable":true,"href":"https:\/\/www.samenhaus.de\/gartenblog\/wp-json\/wp\/v2\/comments?post=3864"}],"version-history":[{"count":6,"href":"https:\/\/www.samenhaus.de\/gartenblog\/wp-json\/wp\/v2\/posts\/3864\/revisions"}],"predecessor-version":[{"id":12615,"href":"https:\/\/www.samenhaus.de\/gartenblog\/wp-json\/wp\/v2\/posts\/3864\/revisions\/12615"}],"wp:featuredmedia":[{"embeddable":true,"href":"https:\/\/www.samenhaus.de\/gartenblog\/wp-json\/wp\/v2\/media\/4611"}],"wp:attachment":[{"href":"https:\/\/www.samenhaus.de\/gartenblog\/wp-json\/wp\/v2\/media?parent=3864"}],"wp:term":[{"taxonomy":"category","embeddable":true,"href":"https:\/\/www.samenhaus.de\/gartenblog\/wp-json\/wp\/v2\/categories?post=3864"},{"taxonomy":"post_tag","embeddable":true,"href":"https:\/\/www.samenhaus.de\/gartenblog\/wp-json\/wp\/v2\/tags?post=3864"},{"taxonomy":"hersteller","embeddable":true,"href":"https:\/\/www.samenhaus.de\/gartenblog\/wp-json\/wp\/v2\/hersteller?post=3864"}],"curies":[{"name":"wp","href":"https:\/\/api.w.org\/{rel}","templated":true}]}}