{"id":3920,"date":"2022-05-23T09:00:35","date_gmt":"2022-05-23T09:00:35","guid":{"rendered":"https:\/\/www.samenhaus.de\/gartenblog\/?p=3920"},"modified":"2023-07-13T11:17:15","modified_gmt":"2023-07-13T11:17:15","slug":"heimische-kraeuter-fuer-den-garten","status":"publish","type":"post","link":"https:\/\/www.samenhaus.de\/gartenblog\/heimische-kraeuter-fuer-den-garten","title":{"rendered":"Heimische Kr\u00e4uter f\u00fcr den Garten"},"content":{"rendered":"<p>Wer einen Garten hat, macht sich auch Gedanken dar\u00fcber, welche heimischen Kr\u00e4uter und Pflanzen im Garten Einzug erhalten. Denn immer mehr Menschen m\u00f6chten von den vielen chemischen Mitteln Abstand gewinnen und pflanzen sich so Kr\u00e4uter und Heilpflanzen im Garten an. Dabei gibt es zahlreiche heimische Kr\u00e4uter und Heilpflanzen, die Sie f\u00fcr zahlreiche Beschwerden und Symptome nutzen und in der K\u00fcche als Gew\u00fcrz verwenden k\u00f6nnen. Welche das sind, m\u00f6chten wir hier genauer erkl\u00e4ren.<\/p>\n<h2><span class=\"ez-toc-section\" id=\"Welche_heimischen_Kraeuter_gibt_es_in_Deutschland\"><\/span>Welche heimischen Kr\u00e4uter gibt es in Deutschland?<span class=\"ez-toc-section-end\"><\/span><\/h2>\n<p><img loading=\"lazy\" decoding=\"async\" class=\"size-medium wp-image-4550 alignright\" src=\"https:\/\/www.samenhaus.de\/gartenblog\/wp-content\/uploads\/2022\/05\/Heimische-Kraeuter_131122695-300x206.jpeg\" alt=\"Kr\u00e4uter heimisch\" width=\"300\" height=\"206\" \/>In der traditionellen deutschen K\u00fcche werden schon seit vielen Jahrhunderten Gew\u00fcrze und Kr\u00e4uter aus dem Mittelmeerraum und dem Orient genutzt. Auch wenn viele denken, dass Dill, Petersilie, Schnittlauch oder Bohnenkraut heimische Kr\u00e4uter sind, ist dies nicht Fall. Sie wurden vor langer Zeit nach Europa gebracht und haben sich hier etabliert. Sogar so stark, dass viele \u00fcberzeugt sind, dass es sich bei diesen Kr\u00e4utern um heimische Pflanzen handelt.<\/p>\n<p>Dem ist aber nicht so. Heimische Kr\u00e4uter sind vielmehr Wermut, Schafgarbe oder auch Baldrian. Diese lassen sich alle hervorragend im Garten anbauen und k\u00f6nnen den Garten so nicht nur zum Kr\u00e4utergarten umwandeln, sondern sind auch noch vielseitig im Gebrauch.<\/p>\n<h2><span class=\"ez-toc-section\" id=\"Die_10_wichtigsten_heimischen_Kraeuter_fuer_den_Garten\"><\/span>Die 10 wichtigsten heimischen Kr\u00e4uter f\u00fcr den Garten<span class=\"ez-toc-section-end\"><\/span><\/h2>\n<p>Kr\u00e4uter und Heilpflanzen f\u00fcr den Garten sind zum einen f\u00fcr die K\u00fcche eine Bereicherung und zum anderen k\u00f6nnen sie bei vielseitigen Beschwerden und Wehwehchen ein wichtiger Helfer sein. Hier m\u00f6chten wir die 10 wichtigsten heimischen Kr\u00e4uter kurz erkl\u00e4ren, damit Sie immer wissen, welches Kraut f\u00fcr welchen Zweck einsetzbar ist.<\/p>\n<h3><span class=\"ez-toc-section\" id=\"Wermut_Artemisia_Absinthium\"><\/span>Wermut (<em>Artemisia Absinthium<\/em>)<span class=\"ez-toc-section-end\"><\/span><\/h3>\n<p><img loading=\"lazy\" decoding=\"async\" class=\"alignleft wp-image-4557 size-thumbnail\" src=\"https:\/\/www.samenhaus.de\/gartenblog\/wp-content\/uploads\/2022\/05\/Heimische-Kraeuter_350185040-150x150.jpeg\" alt=\"heimische Kr\u00e4uter Wermut\" width=\"150\" height=\"150\" srcset=\"https:\/\/www.samenhaus.de\/gartenblog\/wp-content\/uploads\/2022\/05\/Heimische-Kraeuter_350185040-150x150.jpeg 150w, https:\/\/www.samenhaus.de\/gartenblog\/wp-content\/uploads\/2022\/05\/Heimische-Kraeuter_350185040-80x80.jpeg 80w\" sizes=\"auto, (max-width: 150px) 100vw, 150px\" \/>Wermut kommt vorwiegend auf Wegen, Felsen oder auch Weiden vor und er liebt m\u00e4\u00dfig bis trockenen Boden. Wer Wermut im Garten anbaut, kann von April bis August die Bl\u00e4tter ernten und sie als Tee, Magenbitter oder \u00e4therisches \u00d6l verwenden. Wermut hat den Ruf bei Verdauungsbeschwerden und Bl\u00e4hungen wie auch bei Appetitlosigkeit zu helfen. Au\u00dferdem bringt er auch den Kreislauf in Schwung. Die meisten von Ihnen werden Wermut als Inhaltsstoff in Kr\u00e4uterschn\u00e4psen kennen, die die Verdauung anregen sollen.<\/p>\n<p>&nbsp;<\/p>\n<h3><span class=\"ez-toc-section\" id=\"Grosse_Brennnessel_Urtica_Dioica\"><\/span>Gro\u00dfe Brennnessel (<em>Urtica Dioica<\/em>)<span class=\"ez-toc-section-end\"><\/span><\/h3>\n<p><img loading=\"lazy\" decoding=\"async\" class=\"alignleft wp-image-4556 size-thumbnail\" src=\"https:\/\/www.samenhaus.de\/gartenblog\/wp-content\/uploads\/2022\/05\/Heimische-Kraeuter_304187366-150x150.jpeg\" alt=\"heimische Kr\u00e4uter Brennnessel\" width=\"150\" height=\"150\" srcset=\"https:\/\/www.samenhaus.de\/gartenblog\/wp-content\/uploads\/2022\/05\/Heimische-Kraeuter_304187366-150x150.jpeg 150w, https:\/\/www.samenhaus.de\/gartenblog\/wp-content\/uploads\/2022\/05\/Heimische-Kraeuter_304187366-80x80.jpeg 80w\" sizes=\"auto, (max-width: 150px) 100vw, 150px\" \/>Brennnessel ist den meisten G\u00e4rtner bekannt. Sie w\u00e4chst und w\u00e4chst und man wird ihr kaum Herr. Doch bevor Sie sie nur als Unkraut abtun, sollten Sie sich die Brennnessel einmal genauer anschauen. Handelt es sich um die gro\u00dfe Brennnessel, ist sie ein Heilkraut, welches im Garten nicht fehlen sollte. Brennnesseln wachsen in der Regel auf stickstoffreichen B\u00f6den und das in gro\u00dfen Mengen. Ernten k\u00f6nnen Sie die Bl\u00e4tter von M\u00e4rz bis Juli und die Samen von Juli bis Oktober. Dabei wird den frischen Bl\u00e4ttern nachgesagt, dass sie eine entw\u00e4ssernde Wirkung haben und als Tee wahre Wunder wirken.<\/p>\n<p>Zudem sollen die Bl\u00e4tter Arthrose lindern. Doch auch als Sirup oder in der K\u00fcche als W\u00fcrze k\u00f6nnen die Bl\u00e4tter ausgezeichnet verwendet werden. Die Wurzel hingegen wird \u00fcberwiegend als Tinktur oder Tee verarbeitet und kann bei Prostataleiden zum Einsatz kommen. Angeblich soll auch das Haarwachstum angeregt werden. Daher gibt es auch viele Shampoos, die mit Brennnesselwurzel angereichert sind. Ein Brennnessel-Tee soll des Weiteren bei innerer K\u00e4lte und Sch\u00fcttelfrost helfen.<\/p>\n<h3><span class=\"ez-toc-section\" id=\"Schafgarbe_Achillea_Millefolium\"><\/span>Schafgarbe (<em>Achillea Millefolium<\/em>)<span class=\"ez-toc-section-end\"><\/span><\/h3>\n<p><img loading=\"lazy\" decoding=\"async\" class=\"alignleft wp-image-4548 size-thumbnail\" src=\"https:\/\/www.samenhaus.de\/gartenblog\/wp-content\/uploads\/2022\/05\/Heimische-Kraeuter_54375443-150x150.jpeg\" alt=\"heimische Kr\u00e4uter Scharfgabe\" width=\"150\" height=\"150\" srcset=\"https:\/\/www.samenhaus.de\/gartenblog\/wp-content\/uploads\/2022\/05\/Heimische-Kraeuter_54375443-150x150.jpeg 150w, https:\/\/www.samenhaus.de\/gartenblog\/wp-content\/uploads\/2022\/05\/Heimische-Kraeuter_54375443-80x80.jpeg 80w\" sizes=\"auto, (max-width: 150px) 100vw, 150px\" \/>Es gibt verschiedene Arten von Schafgarbe, weshalb beim Anbau auf diese Sorte geachtet werden muss. Die Achillea Millefolium w\u00e4chst haupts\u00e4chlich an Acker- und Wegr\u00e4ndern und gedeiht am besten auf halbtrockenem Rasen. Die Bl\u00e4tter der Schafgarbe k\u00f6nnen von M\u00e4rz bis August und die Bl\u00fcten von Juli bis September geerntet werden. Sie dienen als Tee oder Pflanzenfrischsaft und sind auch in Pasten und Kr\u00e4uteressig sehr w\u00fcrzig.<\/p>\n<p>Das Kraut der Schafgarbe hat eine krampfl\u00f6sende Wirkung und soll sogar den Gallenfluss anregen. Zudem ist Schafgarbe bei Menstruationsbeschwerden und Probleme mit dem Magen hilfreich. \u00c4u\u00dferlich aufgetragen k\u00f6nnen Ausz\u00fcge gegen unreine Haut, Entz\u00fcndungen oder bei \u00fcberm\u00e4\u00dfiger Schwei\u00dfbildung helfen.<\/p>\n<h3><span class=\"ez-toc-section\" id=\"Augentrost_Euphrasia_Officinalis\"><\/span><span lang=\"en-US\">Augentrost (<em>Euphrasia Officinalis<\/em>)<\/span><span class=\"ez-toc-section-end\"><\/span><\/h3>\n<p><img loading=\"lazy\" decoding=\"async\" class=\"alignleft wp-image-4554 size-thumbnail\" src=\"https:\/\/www.samenhaus.de\/gartenblog\/wp-content\/uploads\/2022\/05\/Heimische-Kraeuter_287204336-150x150.jpeg\" alt=\"heimische Kr\u00e4uter Augentrost\" width=\"150\" height=\"150\" srcset=\"https:\/\/www.samenhaus.de\/gartenblog\/wp-content\/uploads\/2022\/05\/Heimische-Kraeuter_287204336-150x150.jpeg 150w, https:\/\/www.samenhaus.de\/gartenblog\/wp-content\/uploads\/2022\/05\/Heimische-Kraeuter_287204336-80x80.jpeg 80w\" sizes=\"auto, (max-width: 150px) 100vw, 150px\" \/>Augentrost kennen vielen, da sie die Pflanze f\u00fcr Augenbeschwerden ist. Das Kraut liebt Mager- und Trockenwiesen, f\u00fchlt sich aber auch in Mooren sehr wohl. Gesammelt werden kann der Augentrost von Juli bis Oktober. Dabei werden die Bl\u00e4tter getrocknet als Tee zubereitet oder k\u00f6nnen als Kompresse auf die Augen gelegt werden.<\/p>\n<p>Insbesondere bei Bindehautentz\u00fcndungen und roten oder tr\u00e4nenden Augen, die durch Bildschirmarbeiten oder durch eine Allergie hervorgerufen werden, kann der Augentrost ein wichtiger Helfer sein. Zudem ist Augentrost in vielen Medikamenten f\u00fcr die Augen enthalten.<\/p>\n<h3><span class=\"ez-toc-section\" id=\"Baldrian_Valeriana_Officinalis\"><\/span>Baldrian (Valeriana Officinalis)<span class=\"ez-toc-section-end\"><\/span><\/h3>\n<p><img loading=\"lazy\" decoding=\"async\" class=\"alignleft wp-image-4547 size-thumbnail\" src=\"https:\/\/www.samenhaus.de\/gartenblog\/wp-content\/uploads\/2022\/05\/Heimische-Kraeuter_22704535-150x150.jpeg\" alt=\"heimische Kr\u00e4uter Baldrian\" width=\"150\" height=\"150\" srcset=\"https:\/\/www.samenhaus.de\/gartenblog\/wp-content\/uploads\/2022\/05\/Heimische-Kraeuter_22704535-150x150.jpeg 150w, https:\/\/www.samenhaus.de\/gartenblog\/wp-content\/uploads\/2022\/05\/Heimische-Kraeuter_22704535-80x80.jpeg 80w\" sizes=\"auto, (max-width: 150px) 100vw, 150px\" \/>Baldrian ist eine sehr bekannte Pflanze gegen \u00c4ngste, Nervosit\u00e4t und Schlafprobleme. Sie w\u00e4chst an sonnigen H\u00e4ngen und liebt feuchte Wiesen und Ufer von Teichen. Von Mai bis August bl\u00fcht das Kraut. In dieser Zeit ist auch der richtige Zeitpunkt, um die Bl\u00fcten zu ernten. Genutzt werden kann Baldrian als Tee oder Tinktur.<\/p>\n<p>&nbsp;<\/p>\n<p>&nbsp;<\/p>\n<h3><span class=\"ez-toc-section\" id=\"Frauenmantel_Alchemilla_Vulgaris\"><\/span>Frauenmantel (<em>Alchemilla Vulgaris<\/em>)<span class=\"ez-toc-section-end\"><\/span><\/h3>\n<p><img loading=\"lazy\" decoding=\"async\" class=\"alignleft wp-image-4552 size-thumbnail\" src=\"https:\/\/www.samenhaus.de\/gartenblog\/wp-content\/uploads\/2022\/05\/Heimische-Kraeuter_243058001-150x150.jpeg\" alt=\"heimische Kr\u00e4uter Frauenmantel\" width=\"150\" height=\"150\" srcset=\"https:\/\/www.samenhaus.de\/gartenblog\/wp-content\/uploads\/2022\/05\/Heimische-Kraeuter_243058001-150x150.jpeg 150w, https:\/\/www.samenhaus.de\/gartenblog\/wp-content\/uploads\/2022\/05\/Heimische-Kraeuter_243058001-80x80.jpeg 80w\" sizes=\"auto, (max-width: 150px) 100vw, 150px\" \/>Frauenmantel ist, wie der Name schon sagt, ein Kraut f\u00fcr Frauen. Die Heilpflanze w\u00e4chst auf Wiesen sowie auf feuchten und n\u00e4hrstoffreichen Standorten. Von April bis Juli k\u00f6nnen die Bl\u00e4tter und von Mai bis August die Bl\u00fcten geerntet werden. Diese k\u00f6nnen dann zu Tee oder Tinktur verarbeitet werden.<\/p>\n<p>Frauenmantel ist prim\u00e4r f\u00fcr seine hervorragende Wirkung auf das hormonelle Gleichgewicht bei Frauen bekannt. Es kann jedoch auch bei Menstruationsbeschwerden oder Zystenbildung zum Einsatz kommen. Gleichzeitig st\u00e4rkt das Kraut das Bindegewebe und f\u00f6rdert die Milchbildung bei stillenden M\u00fcttern.<\/p>\n<h3><span class=\"ez-toc-section\" id=\"Spitzwegerich_Plantago_Lanceolata\"><\/span>Spitzwegerich (<em>Plantago Lanceolata<\/em>)<span class=\"ez-toc-section-end\"><\/span><\/h3>\n<p><img loading=\"lazy\" decoding=\"async\" class=\"alignleft wp-image-4555 size-thumbnail\" src=\"https:\/\/www.samenhaus.de\/gartenblog\/wp-content\/uploads\/2022\/05\/Heimische-Kraeuter_294876334-150x150.jpeg\" alt=\"heimische Kr\u00e4uter Spitzwegerich\" width=\"150\" height=\"150\" srcset=\"https:\/\/www.samenhaus.de\/gartenblog\/wp-content\/uploads\/2022\/05\/Heimische-Kraeuter_294876334-150x150.jpeg 150w, https:\/\/www.samenhaus.de\/gartenblog\/wp-content\/uploads\/2022\/05\/Heimische-Kraeuter_294876334-80x80.jpeg 80w\" sizes=\"auto, (max-width: 150px) 100vw, 150px\" \/>Der Spitzwegerich w\u00e4chst nahezu \u00fcberall, f\u00fchlt sich aber auf trockenen Wiesen besonders wohl. Bekannt ist das Heilkraut haupts\u00e4chlich dadurch, dass er bei Husten ein wirkungsvoller Helfer ist. Daher ist auch in vielen Hustens\u00e4ften Spitzwegerich-Extrakt enthalten. Die Bl\u00e4tter k\u00f6nnen von Juni bis Oktober geerntet werden und als frischer Pflanzensaft oder Hustensirup verwendet werden.<\/p>\n<p>Gleichzeitig hat Spitzwegerich einen blutstillenden Effekt und kann bei offenen Wunden und Insektenstichen wirkungsvoll helfen. Sogar bei Halsschmerzen und Zahnweh ist Spitzwegerich einsetzbar.<\/p>\n<h3><span class=\"ez-toc-section\" id=\"Echtes_Johanniskraut_Hypericum_Perforatum\"><\/span>Echtes Johanniskraut (<em>Hypericum Perforatum<\/em>)<span class=\"ez-toc-section-end\"><\/span><\/h3>\n<p><img loading=\"lazy\" decoding=\"async\" class=\"alignleft wp-image-4551 size-thumbnail\" src=\"https:\/\/www.samenhaus.de\/gartenblog\/wp-content\/uploads\/2022\/05\/Heimische-Kraeuter_131557093-150x150.jpeg\" alt=\"heimische Kr\u00e4uter Echtes Johanniskraut\" width=\"150\" height=\"150\" srcset=\"https:\/\/www.samenhaus.de\/gartenblog\/wp-content\/uploads\/2022\/05\/Heimische-Kraeuter_131557093-150x150.jpeg 150w, https:\/\/www.samenhaus.de\/gartenblog\/wp-content\/uploads\/2022\/05\/Heimische-Kraeuter_131557093-80x80.jpeg 80w\" sizes=\"auto, (max-width: 150px) 100vw, 150px\" \/>Johanniskraut ist ein Allrounder f\u00fcr Gesundheit. Doch vor allem ist das Heilkraut bekannt, dass es bei depressiven Verstimmungen und Depressionen zum Einsatz kommt. Echtes Johanniskraut liebt Magerwiesen und w\u00e4chst gerne an Waldr\u00e4ndern. Wie der Name schon sagt, sollte es um den 21. Juni, also zu Johanni geerntet werden. Knospen und Bl\u00fcten k\u00f6nnen ab dem 21. Juni bis zum September gesammelt und als \u00d6l, Tee oder Tinktur verarbeitet werden.<\/p>\n<p>Wie bereits erw\u00e4hnt ist Echtes Johanniskraut gegen Depressionen ein ausgezeichneter Helfer. Doch auch f\u00fcr Gelassenheit und Frohmut und eine bessere Stimmung kann das Heilkraut eingesetzt werden. Zudem f\u00f6rdert es die Wundheilung und ist entz\u00fcndungshemmend. Doch, Vorsicht! Die Lichtempfindlichkeit der Haut wird bei der Nutzung erh\u00f6ht. Au\u00dferdem schw\u00e4cht Johanniskraut die Wirkung der Pille!<\/p>\n<h3><span class=\"ez-toc-section\" id=\"Ringelblume_Calendula_Officinalis\"><\/span><span lang=\"en-US\">Ringelblume (<em>Calendula Officinalis<\/em>)<\/span><span class=\"ez-toc-section-end\"><\/span><\/h3>\n<p><img loading=\"lazy\" decoding=\"async\" class=\"alignleft wp-image-4553 size-thumbnail\" src=\"https:\/\/www.samenhaus.de\/gartenblog\/wp-content\/uploads\/2022\/05\/Heimische-Kraeuter_273422220-150x150.jpeg\" alt=\"heimische Kr\u00e4uter Ringelblumen\" width=\"150\" height=\"150\" srcset=\"https:\/\/www.samenhaus.de\/gartenblog\/wp-content\/uploads\/2022\/05\/Heimische-Kraeuter_273422220-150x150.jpeg 150w, https:\/\/www.samenhaus.de\/gartenblog\/wp-content\/uploads\/2022\/05\/Heimische-Kraeuter_273422220-80x80.jpeg 80w\" sizes=\"auto, (max-width: 150px) 100vw, 150px\" \/>Ringelblumen haben eine entz\u00fcndungshemmende und wundheilende Wirkung, weshalb es zahlreiche Salben und Cremes mit Ringelblumenextrakt im Handel gibt. Wer sie selbst im Garten anbauen m\u00f6chte, sollte auf einen n\u00e4hrstoffreichen Lockerboden achten, damit sie optimal gedeihen kann. Geerntet wird dann von Juni bis Oktober.<\/p>\n<p>Ringelblumen k\u00f6nnen als Salbe, Tinktur, w\u00e4ssrige Ausz\u00fcge oder als Tee verarbeitet werden. Ihre hervorragende Wirkung als Wundheiler und Entz\u00fcndungshemmer entfaltet sie insbesondere durch die \u00e4u\u00dferliche Anwendung.<\/p>\n<h3><span class=\"ez-toc-section\" id=\"Kamille_Matricaria_Chamomilla\"><\/span>Kamille (<em>Matricaria Chamomilla<\/em>)<span class=\"ez-toc-section-end\"><\/span><\/h3>\n<p><img loading=\"lazy\" decoding=\"async\" class=\"alignleft wp-image-4546 size-thumbnail\" src=\"https:\/\/www.samenhaus.de\/gartenblog\/wp-content\/uploads\/2022\/05\/Heimische-Kraeuter_14888626-150x150.jpeg\" alt=\"heimische Kr\u00e4uter Kamille\" width=\"150\" height=\"150\" srcset=\"https:\/\/www.samenhaus.de\/gartenblog\/wp-content\/uploads\/2022\/05\/Heimische-Kraeuter_14888626-150x150.jpeg 150w, https:\/\/www.samenhaus.de\/gartenblog\/wp-content\/uploads\/2022\/05\/Heimische-Kraeuter_14888626-80x80.jpeg 80w\" sizes=\"auto, (max-width: 150px) 100vw, 150px\" \/>Die Kamille w\u00e4chst nahezu \u00fcberall. Sie ist sehr robust und anpassungsf\u00e4hig. Von April bis Mai k\u00f6nnen Bl\u00e4tter und Knospen und von Mai bis August Bl\u00fcten geerntet werden. Die Bl\u00fcten lassen sich zu einem leckeren Tee zubereiten. Doch auch als \u00d6l oder Tinktur werden Bl\u00fcten, Bl\u00e4tter und Knospen verwendet.<\/p>\n<p>Dabei kann ein Kamillentee am Abend daf\u00fcr sorgen, dass der Schlaf ruhiger wird, da das Kraut gegen Unruhe, Schlaflosigkeit und Reizbarkeit zum Einsatz kommen kann. Zudem wirkt Kamille antibakteriell und unterst\u00fctzt die Wundheilung. Auch bei Menstruationsbeschwerden, Magenkr\u00e4mpfen und Ohrenerkrankungen ist die Kamille ein wichtiger Helfer.<\/p>\n<p>Wie Sie sehen, sollten heimische Kr\u00e4uter ein wichtiger Bestandteil des Gartens sein. Denn f\u00fcr jedes Wehwehchen ist ein Kraut gewachsen. Dies bedeutet aber nicht, dass Ihnen das den Gang zum Arzt spart. Erkrankungen sollten nat\u00fcrlich immer mit dem behandelnden Arzt abgekl\u00e4rt werden. Als zus\u00e4tzliche Therapie sind die oben genannten Heilkr\u00e4uter aber ein bedeutungsvoller Bestandteil und k\u00f6nnen die Erkrankung schnell lindern und die Heilung verbessern.<\/p>\n","protected":false},"excerpt":{"rendered":"<p>Wer einen Garten hat, macht sich auch Gedanken dar\u00fcber, welche heimischen Kr\u00e4uter und Pflanzen im Garten Einzug erhalten. Denn immer mehr Menschen m\u00f6chten von den vielen chemischen Mitteln Abstand gewinnen und pflanzen sich so Kr\u00e4uter und Heilpflanzen im Garten an. Dabei gibt es zahlreiche heimische Kr\u00e4uter und Heilpflanzen, die Sie f\u00fcr zahlreiche Beschwerden und Symptome nutzen und in der K\u00fcche als Gew\u00fcrz verwenden k\u00f6nnen. Welche das sind, m\u00f6chten wir hier genauer erkl\u00e4ren. Welche heimischen Kr\u00e4uter gibt es in Deutschland? In der traditionellen deutschen K\u00fcche werden schon seit vielen Jahrhunderten Gew\u00fcrze und Kr\u00e4uter aus dem Mittelmeerraum und dem Orient genutzt. Auch wenn viele denken, dass Dill, Petersilie, Schnittlauch oder Bohnenkraut heimische Kr\u00e4uter sind, ist dies nicht Fall. Sie wurden vor langer Zeit nach Europa gebracht und haben sich hier etabliert. Sogar so stark, dass viele \u00fcberzeugt sind, dass es sich bei diesen Kr\u00e4utern um heimische Pflanzen handelt. Dem ist aber nicht so. Heimische Kr\u00e4uter sind vielmehr Wermut, Schafgarbe oder auch Baldrian. Diese lassen sich alle hervorragend im Garten anbauen und k\u00f6nnen den Garten so nicht nur zum Kr\u00e4utergarten umwandeln, sondern sind auch noch vielseitig im Gebrauch. Die 10 wichtigsten heimischen Kr\u00e4uter f\u00fcr den Garten Kr\u00e4uter und Heilpflanzen f\u00fcr den Garten sind [&hellip;]<\/p>\n","protected":false},"author":12,"featured_media":4549,"comment_status":"open","ping_status":"open","sticky":false,"template":"","format":"standard","meta":{"_acf_changed":false,"footnotes":""},"categories":[5],"tags":[],"hersteller":[],"class_list":["post-3920","post","type-post","status-publish","format-standard","has-post-thumbnail","hentry","category-kraeuter"],"acf":[],"yoast_head":"<!-- This site is optimized with the Yoast SEO plugin v27.4 - https:\/\/yoast.com\/product\/yoast-seo-wordpress\/ -->\n<title>Heimische Kr\u00e4uter f\u00fcr den Garten - Samenhaus Gartenblog<\/title>\n<meta name=\"description\" content=\"Viele Kr\u00e4uter werden im Garten angebaut. Doch die meisten kommen gar nicht aus unseren Breiten. Welche Kr\u00e4uter wirklich heimisch sind, erfahren Sie im Gartenblog.\" \/>\n<meta name=\"robots\" content=\"index, follow, max-snippet:-1, max-image-preview:large, max-video-preview:-1\" \/>\n<link rel=\"canonical\" href=\"https:\/\/www.samenhaus.de\/gartenblog\/heimische-kraeuter-fuer-den-garten\" \/>\n<meta property=\"og:locale\" content=\"de_DE\" \/>\n<meta property=\"og:type\" content=\"article\" \/>\n<meta property=\"og:title\" content=\"Heimische Kr\u00e4uter f\u00fcr den Garten - Samenhaus Gartenblog\" \/>\n<meta property=\"og:description\" content=\"Viele Kr\u00e4uter werden im Garten angebaut. Doch die meisten kommen gar nicht aus unseren Breiten. Welche Kr\u00e4uter wirklich heimisch sind, erfahren Sie im Gartenblog.\" \/>\n<meta property=\"og:url\" content=\"https:\/\/www.samenhaus.de\/gartenblog\/heimische-kraeuter-fuer-den-garten\" \/>\n<meta property=\"og:site_name\" content=\"Samenhaus Gartenblog\" \/>\n<meta property=\"article:publisher\" content=\"https:\/\/de-de.facebook.com\/samenhaus\" \/>\n<meta property=\"article:published_time\" content=\"2022-05-23T09:00:35+00:00\" \/>\n<meta property=\"article:modified_time\" content=\"2023-07-13T11:17:15+00:00\" \/>\n<meta property=\"og:image\" content=\"https:\/\/www.samenhaus.de\/gartenblog\/wp-content\/uploads\/2022\/05\/Heimische-Kraeuter_88948201-scaled.jpeg\" \/>\n\t<meta property=\"og:image:width\" content=\"2560\" \/>\n\t<meta property=\"og:image:height\" content=\"1805\" \/>\n\t<meta property=\"og:image:type\" content=\"image\/jpeg\" \/>\n<meta name=\"author\" content=\"Stephanie\" \/>\n<meta name=\"twitter:card\" content=\"summary_large_image\" \/>\n<meta name=\"twitter:creator\" content=\"@samenhaus\" \/>\n<meta name=\"twitter:site\" content=\"@samenhaus\" \/>\n<meta name=\"twitter:label1\" content=\"Verfasst von\" \/>\n\t<meta name=\"twitter:data1\" content=\"Stephanie\" \/>\n\t<meta name=\"twitter:label2\" content=\"Gesch\u00e4tzte Lesezeit\" \/>\n\t<meta name=\"twitter:data2\" content=\"10\u00a0Minuten\" \/>\n<script type=\"application\/ld+json\" class=\"yoast-schema-graph\">{\"@context\":\"https:\\\/\\\/schema.org\",\"@graph\":[{\"@type\":\"Article\",\"@id\":\"https:\\\/\\\/www.samenhaus.de\\\/gartenblog\\\/heimische-kraeuter-fuer-den-garten#article\",\"isPartOf\":{\"@id\":\"https:\\\/\\\/www.samenhaus.de\\\/gartenblog\\\/heimische-kraeuter-fuer-den-garten\"},\"author\":{\"name\":\"Stephanie\",\"@id\":\"https:\\\/\\\/www.samenhaus.de\\\/gartenblog\\\/#\\\/schema\\\/person\\\/97f059f6e72cec571c88cb48b4582118\"},\"headline\":\"Heimische Kr\u00e4uter f\u00fcr den Garten\",\"datePublished\":\"2022-05-23T09:00:35+00:00\",\"dateModified\":\"2023-07-13T11:17:15+00:00\",\"mainEntityOfPage\":{\"@id\":\"https:\\\/\\\/www.samenhaus.de\\\/gartenblog\\\/heimische-kraeuter-fuer-den-garten\"},\"wordCount\":1405,\"commentCount\":0,\"publisher\":{\"@id\":\"https:\\\/\\\/www.samenhaus.de\\\/gartenblog\\\/#organization\"},\"image\":{\"@id\":\"https:\\\/\\\/www.samenhaus.de\\\/gartenblog\\\/heimische-kraeuter-fuer-den-garten#primaryimage\"},\"thumbnailUrl\":\"https:\\\/\\\/www.samenhaus.de\\\/gartenblog\\\/wp-content\\\/uploads\\\/2022\\\/05\\\/Heimische-Kraeuter_88948201-scaled.jpeg\",\"articleSection\":[\"Kr\u00e4uter\"],\"inLanguage\":\"de\",\"potentialAction\":[{\"@type\":\"CommentAction\",\"name\":\"Comment\",\"target\":[\"https:\\\/\\\/www.samenhaus.de\\\/gartenblog\\\/heimische-kraeuter-fuer-den-garten#respond\"]}],\"copyrightYear\":\"2022\",\"copyrightHolder\":{\"@id\":\"https:\\\/\\\/www.samenhaus.de\\\/gartenblog\\\/#organization\"}},{\"@type\":\"WebPage\",\"@id\":\"https:\\\/\\\/www.samenhaus.de\\\/gartenblog\\\/heimische-kraeuter-fuer-den-garten\",\"url\":\"https:\\\/\\\/www.samenhaus.de\\\/gartenblog\\\/heimische-kraeuter-fuer-den-garten\",\"name\":\"Heimische Kr\u00e4uter f\u00fcr den Garten - Samenhaus Gartenblog\",\"isPartOf\":{\"@id\":\"https:\\\/\\\/www.samenhaus.de\\\/gartenblog\\\/#website\"},\"primaryImageOfPage\":{\"@id\":\"https:\\\/\\\/www.samenhaus.de\\\/gartenblog\\\/heimische-kraeuter-fuer-den-garten#primaryimage\"},\"image\":{\"@id\":\"https:\\\/\\\/www.samenhaus.de\\\/gartenblog\\\/heimische-kraeuter-fuer-den-garten#primaryimage\"},\"thumbnailUrl\":\"https:\\\/\\\/www.samenhaus.de\\\/gartenblog\\\/wp-content\\\/uploads\\\/2022\\\/05\\\/Heimische-Kraeuter_88948201-scaled.jpeg\",\"datePublished\":\"2022-05-23T09:00:35+00:00\",\"dateModified\":\"2023-07-13T11:17:15+00:00\",\"description\":\"Viele Kr\u00e4uter werden im Garten angebaut. Doch die meisten kommen gar nicht aus unseren Breiten. Welche Kr\u00e4uter wirklich heimisch sind, erfahren Sie im Gartenblog.\",\"breadcrumb\":{\"@id\":\"https:\\\/\\\/www.samenhaus.de\\\/gartenblog\\\/heimische-kraeuter-fuer-den-garten#breadcrumb\"},\"inLanguage\":\"de\",\"potentialAction\":[{\"@type\":\"ReadAction\",\"target\":[\"https:\\\/\\\/www.samenhaus.de\\\/gartenblog\\\/heimische-kraeuter-fuer-den-garten\"]}]},{\"@type\":\"ImageObject\",\"inLanguage\":\"de\",\"@id\":\"https:\\\/\\\/www.samenhaus.de\\\/gartenblog\\\/heimische-kraeuter-fuer-den-garten#primaryimage\",\"url\":\"https:\\\/\\\/www.samenhaus.de\\\/gartenblog\\\/wp-content\\\/uploads\\\/2022\\\/05\\\/Heimische-Kraeuter_88948201-scaled.jpeg\",\"contentUrl\":\"https:\\\/\\\/www.samenhaus.de\\\/gartenblog\\\/wp-content\\\/uploads\\\/2022\\\/05\\\/Heimische-Kraeuter_88948201-scaled.jpeg\",\"width\":2560,\"height\":1805,\"caption\":\"heimische Kr\u00e4uter\"},{\"@type\":\"BreadcrumbList\",\"@id\":\"https:\\\/\\\/www.samenhaus.de\\\/gartenblog\\\/heimische-kraeuter-fuer-den-garten#breadcrumb\",\"itemListElement\":[{\"@type\":\"ListItem\",\"position\":1,\"name\":\"Startseite\",\"item\":\"https:\\\/\\\/www.samenhaus.de\\\/gartenblog\\\/\"},{\"@type\":\"ListItem\",\"position\":2,\"name\":\"Heimische Kr\u00e4uter f\u00fcr den Garten\"}]},{\"@type\":\"WebSite\",\"@id\":\"https:\\\/\\\/www.samenhaus.de\\\/gartenblog\\\/#website\",\"url\":\"https:\\\/\\\/www.samenhaus.de\\\/gartenblog\\\/\",\"name\":\"Samenhaus Gartenblog\",\"description\":\"\",\"publisher\":{\"@id\":\"https:\\\/\\\/www.samenhaus.de\\\/gartenblog\\\/#organization\"},\"potentialAction\":[{\"@type\":\"SearchAction\",\"target\":{\"@type\":\"EntryPoint\",\"urlTemplate\":\"https:\\\/\\\/www.samenhaus.de\\\/gartenblog\\\/?s={search_term_string}\"},\"query-input\":{\"@type\":\"PropertyValueSpecification\",\"valueRequired\":true,\"valueName\":\"search_term_string\"}}],\"inLanguage\":\"de\"},{\"@type\":\"Organization\",\"@id\":\"https:\\\/\\\/www.samenhaus.de\\\/gartenblog\\\/#organization\",\"name\":\"Samenhaus.de Gartenblog\",\"url\":\"https:\\\/\\\/www.samenhaus.de\\\/gartenblog\\\/\",\"logo\":{\"@type\":\"ImageObject\",\"inLanguage\":\"de\",\"@id\":\"https:\\\/\\\/www.samenhaus.de\\\/gartenblog\\\/#\\\/schema\\\/logo\\\/image\\\/\",\"url\":\"https:\\\/\\\/www.samenhaus.de\\\/gartenblog\\\/wp-content\\\/uploads\\\/2020\\\/11\\\/logo.svg\",\"contentUrl\":\"https:\\\/\\\/www.samenhaus.de\\\/gartenblog\\\/wp-content\\\/uploads\\\/2020\\\/11\\\/logo.svg\",\"width\":1,\"height\":1,\"caption\":\"Samenhaus.de Gartenblog\"},\"image\":{\"@id\":\"https:\\\/\\\/www.samenhaus.de\\\/gartenblog\\\/#\\\/schema\\\/logo\\\/image\\\/\"},\"sameAs\":[\"https:\\\/\\\/de-de.facebook.com\\\/samenhaus\",\"https:\\\/\\\/x.com\\\/samenhaus\"]},{\"@type\":\"Person\",\"@id\":\"https:\\\/\\\/www.samenhaus.de\\\/gartenblog\\\/#\\\/schema\\\/person\\\/97f059f6e72cec571c88cb48b4582118\",\"name\":\"Stephanie\",\"image\":{\"@type\":\"ImageObject\",\"inLanguage\":\"de\",\"@id\":\"https:\\\/\\\/www.samenhaus.de\\\/gartenblog\\\/wp-content\\\/uploads\\\/2026\\\/03\\\/stefanie-150x150.png\",\"url\":\"https:\\\/\\\/www.samenhaus.de\\\/gartenblog\\\/wp-content\\\/uploads\\\/2026\\\/03\\\/stefanie-150x150.png\",\"contentUrl\":\"https:\\\/\\\/www.samenhaus.de\\\/gartenblog\\\/wp-content\\\/uploads\\\/2026\\\/03\\\/stefanie-150x150.png\",\"caption\":\"Stephanie\"},\"description\":\"Garten und Pflanzen waren schon immer meine Leidenschaft. Wahrscheinlich deshalb, weil ich damit aufgewachsen bin. Ich verwerte in der Regel alles und mache Lik\u00f6re, Marmeladen und nutze Kr\u00e4uter auch als Heilpflanzen, indem ich \u00d6le und Tinkturen herstelle. Leider habe ich meinen gr\u00fcnen Daumen beim Auswandern nach Spanien in Deutschland vergessen. Langsam kehrt er aber wieder zur\u00fcck und die Anpassung an die neue Klimazone war gar nicht so einfach. Mittlerweile schaffe ich es sogar, dass gekaufter Basilikum \u00fcberlebt.\",\"url\":\"https:\\\/\\\/www.samenhaus.de\\\/gartenblog\\\/author\\\/stephanie\"}]}<\/script>\n<!-- \/ Yoast SEO plugin. -->","yoast_head_json":{"title":"Heimische Kr\u00e4uter f\u00fcr den Garten - Samenhaus Gartenblog","description":"Viele Kr\u00e4uter werden im Garten angebaut. Doch die meisten kommen gar nicht aus unseren Breiten. Welche Kr\u00e4uter wirklich heimisch sind, erfahren Sie im Gartenblog.","robots":{"index":"index","follow":"follow","max-snippet":"max-snippet:-1","max-image-preview":"max-image-preview:large","max-video-preview":"max-video-preview:-1"},"canonical":"https:\/\/www.samenhaus.de\/gartenblog\/heimische-kraeuter-fuer-den-garten","og_locale":"de_DE","og_type":"article","og_title":"Heimische Kr\u00e4uter f\u00fcr den Garten - Samenhaus Gartenblog","og_description":"Viele Kr\u00e4uter werden im Garten angebaut. Doch die meisten kommen gar nicht aus unseren Breiten. Welche Kr\u00e4uter wirklich heimisch sind, erfahren Sie im Gartenblog.","og_url":"https:\/\/www.samenhaus.de\/gartenblog\/heimische-kraeuter-fuer-den-garten","og_site_name":"Samenhaus Gartenblog","article_publisher":"https:\/\/de-de.facebook.com\/samenhaus","article_published_time":"2022-05-23T09:00:35+00:00","article_modified_time":"2023-07-13T11:17:15+00:00","og_image":[{"width":2560,"height":1805,"url":"https:\/\/www.samenhaus.de\/gartenblog\/wp-content\/uploads\/2022\/05\/Heimische-Kraeuter_88948201-scaled.jpeg","type":"image\/jpeg"}],"author":"Stephanie","twitter_card":"summary_large_image","twitter_creator":"@samenhaus","twitter_site":"@samenhaus","twitter_misc":{"Verfasst von":"Stephanie","Gesch\u00e4tzte Lesezeit":"10\u00a0Minuten"},"schema":{"@context":"https:\/\/schema.org","@graph":[{"@type":"Article","@id":"https:\/\/www.samenhaus.de\/gartenblog\/heimische-kraeuter-fuer-den-garten#article","isPartOf":{"@id":"https:\/\/www.samenhaus.de\/gartenblog\/heimische-kraeuter-fuer-den-garten"},"author":{"name":"Stephanie","@id":"https:\/\/www.samenhaus.de\/gartenblog\/#\/schema\/person\/97f059f6e72cec571c88cb48b4582118"},"headline":"Heimische Kr\u00e4uter f\u00fcr den Garten","datePublished":"2022-05-23T09:00:35+00:00","dateModified":"2023-07-13T11:17:15+00:00","mainEntityOfPage":{"@id":"https:\/\/www.samenhaus.de\/gartenblog\/heimische-kraeuter-fuer-den-garten"},"wordCount":1405,"commentCount":0,"publisher":{"@id":"https:\/\/www.samenhaus.de\/gartenblog\/#organization"},"image":{"@id":"https:\/\/www.samenhaus.de\/gartenblog\/heimische-kraeuter-fuer-den-garten#primaryimage"},"thumbnailUrl":"https:\/\/www.samenhaus.de\/gartenblog\/wp-content\/uploads\/2022\/05\/Heimische-Kraeuter_88948201-scaled.jpeg","articleSection":["Kr\u00e4uter"],"inLanguage":"de","potentialAction":[{"@type":"CommentAction","name":"Comment","target":["https:\/\/www.samenhaus.de\/gartenblog\/heimische-kraeuter-fuer-den-garten#respond"]}],"copyrightYear":"2022","copyrightHolder":{"@id":"https:\/\/www.samenhaus.de\/gartenblog\/#organization"}},{"@type":"WebPage","@id":"https:\/\/www.samenhaus.de\/gartenblog\/heimische-kraeuter-fuer-den-garten","url":"https:\/\/www.samenhaus.de\/gartenblog\/heimische-kraeuter-fuer-den-garten","name":"Heimische Kr\u00e4uter f\u00fcr den Garten - Samenhaus Gartenblog","isPartOf":{"@id":"https:\/\/www.samenhaus.de\/gartenblog\/#website"},"primaryImageOfPage":{"@id":"https:\/\/www.samenhaus.de\/gartenblog\/heimische-kraeuter-fuer-den-garten#primaryimage"},"image":{"@id":"https:\/\/www.samenhaus.de\/gartenblog\/heimische-kraeuter-fuer-den-garten#primaryimage"},"thumbnailUrl":"https:\/\/www.samenhaus.de\/gartenblog\/wp-content\/uploads\/2022\/05\/Heimische-Kraeuter_88948201-scaled.jpeg","datePublished":"2022-05-23T09:00:35+00:00","dateModified":"2023-07-13T11:17:15+00:00","description":"Viele Kr\u00e4uter werden im Garten angebaut. Doch die meisten kommen gar nicht aus unseren Breiten. Welche Kr\u00e4uter wirklich heimisch sind, erfahren Sie im Gartenblog.","breadcrumb":{"@id":"https:\/\/www.samenhaus.de\/gartenblog\/heimische-kraeuter-fuer-den-garten#breadcrumb"},"inLanguage":"de","potentialAction":[{"@type":"ReadAction","target":["https:\/\/www.samenhaus.de\/gartenblog\/heimische-kraeuter-fuer-den-garten"]}]},{"@type":"ImageObject","inLanguage":"de","@id":"https:\/\/www.samenhaus.de\/gartenblog\/heimische-kraeuter-fuer-den-garten#primaryimage","url":"https:\/\/www.samenhaus.de\/gartenblog\/wp-content\/uploads\/2022\/05\/Heimische-Kraeuter_88948201-scaled.jpeg","contentUrl":"https:\/\/www.samenhaus.de\/gartenblog\/wp-content\/uploads\/2022\/05\/Heimische-Kraeuter_88948201-scaled.jpeg","width":2560,"height":1805,"caption":"heimische Kr\u00e4uter"},{"@type":"BreadcrumbList","@id":"https:\/\/www.samenhaus.de\/gartenblog\/heimische-kraeuter-fuer-den-garten#breadcrumb","itemListElement":[{"@type":"ListItem","position":1,"name":"Startseite","item":"https:\/\/www.samenhaus.de\/gartenblog\/"},{"@type":"ListItem","position":2,"name":"Heimische Kr\u00e4uter f\u00fcr den Garten"}]},{"@type":"WebSite","@id":"https:\/\/www.samenhaus.de\/gartenblog\/#website","url":"https:\/\/www.samenhaus.de\/gartenblog\/","name":"Samenhaus Gartenblog","description":"","publisher":{"@id":"https:\/\/www.samenhaus.de\/gartenblog\/#organization"},"potentialAction":[{"@type":"SearchAction","target":{"@type":"EntryPoint","urlTemplate":"https:\/\/www.samenhaus.de\/gartenblog\/?s={search_term_string}"},"query-input":{"@type":"PropertyValueSpecification","valueRequired":true,"valueName":"search_term_string"}}],"inLanguage":"de"},{"@type":"Organization","@id":"https:\/\/www.samenhaus.de\/gartenblog\/#organization","name":"Samenhaus.de Gartenblog","url":"https:\/\/www.samenhaus.de\/gartenblog\/","logo":{"@type":"ImageObject","inLanguage":"de","@id":"https:\/\/www.samenhaus.de\/gartenblog\/#\/schema\/logo\/image\/","url":"https:\/\/www.samenhaus.de\/gartenblog\/wp-content\/uploads\/2020\/11\/logo.svg","contentUrl":"https:\/\/www.samenhaus.de\/gartenblog\/wp-content\/uploads\/2020\/11\/logo.svg","width":1,"height":1,"caption":"Samenhaus.de Gartenblog"},"image":{"@id":"https:\/\/www.samenhaus.de\/gartenblog\/#\/schema\/logo\/image\/"},"sameAs":["https:\/\/de-de.facebook.com\/samenhaus","https:\/\/x.com\/samenhaus"]},{"@type":"Person","@id":"https:\/\/www.samenhaus.de\/gartenblog\/#\/schema\/person\/97f059f6e72cec571c88cb48b4582118","name":"Stephanie","image":{"@type":"ImageObject","inLanguage":"de","@id":"https:\/\/www.samenhaus.de\/gartenblog\/wp-content\/uploads\/2026\/03\/stefanie-150x150.png","url":"https:\/\/www.samenhaus.de\/gartenblog\/wp-content\/uploads\/2026\/03\/stefanie-150x150.png","contentUrl":"https:\/\/www.samenhaus.de\/gartenblog\/wp-content\/uploads\/2026\/03\/stefanie-150x150.png","caption":"Stephanie"},"description":"Garten und Pflanzen waren schon immer meine Leidenschaft. Wahrscheinlich deshalb, weil ich damit aufgewachsen bin. Ich verwerte in der Regel alles und mache Lik\u00f6re, Marmeladen und nutze Kr\u00e4uter auch als Heilpflanzen, indem ich \u00d6le und Tinkturen herstelle. Leider habe ich meinen gr\u00fcnen Daumen beim Auswandern nach Spanien in Deutschland vergessen. Langsam kehrt er aber wieder zur\u00fcck und die Anpassung an die neue Klimazone war gar nicht so einfach. Mittlerweile schaffe ich es sogar, dass gekaufter Basilikum \u00fcberlebt.","url":"https:\/\/www.samenhaus.de\/gartenblog\/author\/stephanie"}]}},"wp-worthy-pixel":{"ignored":false,"public":"23d1ac410c6c4250b7e1a133784f634c","server":"vg08.met.vgwort.de","url":"https:\/\/vg08.met.vgwort.de\/na\/23d1ac410c6c4250b7e1a133784f634c"},"wp-worthy-type":"normal","_links":{"self":[{"href":"https:\/\/www.samenhaus.de\/gartenblog\/wp-json\/wp\/v2\/posts\/3920","targetHints":{"allow":["GET"]}}],"collection":[{"href":"https:\/\/www.samenhaus.de\/gartenblog\/wp-json\/wp\/v2\/posts"}],"about":[{"href":"https:\/\/www.samenhaus.de\/gartenblog\/wp-json\/wp\/v2\/types\/post"}],"author":[{"embeddable":true,"href":"https:\/\/www.samenhaus.de\/gartenblog\/wp-json\/wp\/v2\/users\/12"}],"replies":[{"embeddable":true,"href":"https:\/\/www.samenhaus.de\/gartenblog\/wp-json\/wp\/v2\/comments?post=3920"}],"version-history":[{"count":8,"href":"https:\/\/www.samenhaus.de\/gartenblog\/wp-json\/wp\/v2\/posts\/3920\/revisions"}],"predecessor-version":[{"id":12601,"href":"https:\/\/www.samenhaus.de\/gartenblog\/wp-json\/wp\/v2\/posts\/3920\/revisions\/12601"}],"wp:featuredmedia":[{"embeddable":true,"href":"https:\/\/www.samenhaus.de\/gartenblog\/wp-json\/wp\/v2\/media\/4549"}],"wp:attachment":[{"href":"https:\/\/www.samenhaus.de\/gartenblog\/wp-json\/wp\/v2\/media?parent=3920"}],"wp:term":[{"taxonomy":"category","embeddable":true,"href":"https:\/\/www.samenhaus.de\/gartenblog\/wp-json\/wp\/v2\/categories?post=3920"},{"taxonomy":"post_tag","embeddable":true,"href":"https:\/\/www.samenhaus.de\/gartenblog\/wp-json\/wp\/v2\/tags?post=3920"},{"taxonomy":"hersteller","embeddable":true,"href":"https:\/\/www.samenhaus.de\/gartenblog\/wp-json\/wp\/v2\/hersteller?post=3920"}],"curies":[{"name":"wp","href":"https:\/\/api.w.org\/{rel}","templated":true}]}}