{"id":394,"date":"2021-04-30T13:22:44","date_gmt":"2021-04-30T13:22:44","guid":{"rendered":"https:\/\/samenhaus1.timmeserver.de\/?p=394"},"modified":"2023-06-08T12:06:26","modified_gmt":"2023-06-08T12:06:26","slug":"beete-vorbereiten-ist-ihr-garten-startklar-fuer-den-fruehling","status":"publish","type":"post","link":"https:\/\/www.samenhaus.de\/gartenblog\/beete-vorbereiten-ist-ihr-garten-startklar-fuer-den-fruehling","title":{"rendered":"Beete vorbereiten: Ist Ihr Garten startklar f\u00fcr den Fr\u00fchling?"},"content":{"rendered":"<p>Schon fr\u00fch im Jahr geht die Gartensaison los \u2013 nicht jedoch mit dem Auss\u00e4en von Gem\u00fcsepflanzen, sondern zun\u00e4chst mit dem Vorbereiten der Beete. Der Grund daf\u00fcr ist einfach: In gute, kr\u00fcmelige Gartenerde m\u00fcssen Sie einiges an Zeit investieren. Aber es lohnt sich \u2013 Sie werden dadurch mit h\u00f6heren Ertr\u00e4gen belohnt. Die folgende Checkliste zeigt, wie Sie im Fr\u00fchjahr die Beete vorbereiten.<\/p>\n<h2><span class=\"ez-toc-section\" id=\"Der_richtige_Zeitpunkt_Boeden_umgraben\"><\/span>Der richtige Zeitpunkt: B\u00f6den umgraben<span class=\"ez-toc-section-end\"><\/span><\/h2>\n<p><img loading=\"lazy\" decoding=\"async\" class=\"size-medium wp-image-3765 alignright\" src=\"https:\/\/www.samenhaus.de\/gartenblog\/wp-content\/uploads\/2022\/04\/Beete-vorbereiten_66054887-300x200.jpeg\" alt=\"Umgraben Beet\" width=\"300\" height=\"200\" srcset=\"https:\/\/www.samenhaus.de\/gartenblog\/wp-content\/uploads\/2022\/04\/Beete-vorbereiten_66054887-300x200.jpeg 300w, https:\/\/www.samenhaus.de\/gartenblog\/wp-content\/uploads\/2022\/04\/Beete-vorbereiten_66054887-600x400.jpeg 600w, https:\/\/www.samenhaus.de\/gartenblog\/wp-content\/uploads\/2022\/04\/Beete-vorbereiten_66054887-2048x1365.jpeg 2048w, https:\/\/www.samenhaus.de\/gartenblog\/wp-content\/uploads\/2022\/04\/Beete-vorbereiten_66054887-768x512.jpeg 768w, https:\/\/www.samenhaus.de\/gartenblog\/wp-content\/uploads\/2022\/04\/Beete-vorbereiten_66054887-1024x683.jpeg 1024w, https:\/\/www.samenhaus.de\/gartenblog\/wp-content\/uploads\/2022\/04\/Beete-vorbereiten_66054887-1536x1024.jpeg 1536w\" sizes=\"auto, (max-width: 300px) 100vw, 300px\" \/>Ehe Sie ans\u00e4en k\u00f6nnen, muss der Boden umgegraben werden. Dadurch wird die Erde lockerer und etwas tiefer liegende Erdschichten vermischen sich mit der n\u00e4hrstoff\u00e4rmeren Oberfl\u00e4che, sodass wieder mehr N\u00e4hrstoffe verf\u00fcgbar sind. \u00dcber den richtigen Zeitpunkt scheiden sich die Geister:<\/p>\n<ul>\n<li><strong>Umgraben im Fr\u00fchling:<\/strong> Graben Sie erst im Fr\u00fchjahr um, st\u00f6ren Sie den empfindlichen Mikrokosmos der Kleinstlebewesen in der Erde nicht und sch\u00fctzen sie vor Frost. Au\u00dferdem besteht nicht die Gefahr, dass N\u00e4hrstoffe durch starke Regenf\u00e4lle ausgeschwemmt werden. Allerdings ist das Umgraben im Fr\u00fchjahr deutlich m\u00fchseliger, weil die B\u00f6den oft von Niederschl\u00e4gen schwer sind und Sie zus\u00e4tzlichen Aufwand in das Erzielen einer feinkr\u00fcmeligen Struktur stecken m\u00fcssen. Nach dem Umgraben m\u00fcssen Sie mit der Aussaatmindestens drei Wochen warten, damit sich der Boden setzen kann.<\/li>\n<li><strong>Umgraben im Herbst:<\/strong> Wenn Sie im Herbst umgraben, werden die groben Klumpen im Winter durch den Frost aufgebrochen. Bis zum Fr\u00fchjahr erhalten Sie dadurch eine feinkr\u00fcmeligere Erde, die Sie nur noch leicht auflockern m\u00fcssen. Das Umgraben geht im Herbst leichter von der Hand als im Fr\u00fchling. Allerdings werden dadurch Kleinstlebewesen an die Oberfl\u00e4che geholt, die den Winter so nicht \u00fcberleben.<\/li>\n<\/ul>\n<p>Der richtige Zeitpunkt f\u00fcr das Umgraben der Beete im Herbst ist gleich nach der Ernte. Im Fr\u00fchjahr k\u00f6nnen Sie loslegen, sobald sich der Frost zur\u00fcckzieht \u2013 je nach Region kann dies schon im Februar der Fall sein, meist jedoch eher im M\u00e4rz. Verwenden Sie einen Spaten zum Umgraben der Erde. Mit einer Spatengabel, einem Kultivator oder einer Erdkralle zerkleinern Sie gr\u00f6bere Erdschollen und sorgen f\u00fcr eine feinkr\u00fcmelige Konsistenz. Durch die Auflockerung wird der Boden optimal durchl\u00fcftet, kann mehr Licht aufnehmen und Wasser speichern.<\/p>\n<p><strong>Tipp:<\/strong> Ehe Sie mit dem Umgraben beginnen, kommt die Ger\u00e4tepflege. Sch\u00e4rfen Sie Ihren Spaten und auch andere Gartenwerkzeuge wie Scheren oder Gartenmesser. So erleichtern Sie sich die Arbeit wesentlich.<\/p>\n<h2><span class=\"ez-toc-section\" id=\"Boden_setzen_lassen_So_schliessen_sich_Hohlraeume\"><\/span>Boden setzen lassen: So schlie\u00dfen sich Hohlr\u00e4ume<span class=\"ez-toc-section-end\"><\/span><\/h2>\n<p>Durch das grobe Umgraben k\u00f6nnen sich unterhalb der Erdoberfl\u00e4che Hohlr\u00e4ume bilden. F\u00fcr Ihre Gem\u00fcsepflanzen k\u00f6nnen sie zum Problem werden, weil sie in diesen R\u00e4umen keine N\u00e4hrstoffe finden. In nicht gesetztem Boden keimt Ihre Saat nur ungleichm\u00e4\u00dfig und Wurzelgem\u00fcse w\u00e4chst schief.<\/p>\n<p>Deshalb sollten Sie den Boden nach dem Umgraben mindestens zwei, besser drei Wochen ruhen lassen. Der Boden kann sich setzen und vorhandene Hohlr\u00e4ume verschwinden. Erst wenn Sie eins\u00e4en oder Pflanzen setzen m\u00f6chten, nutzen Sie einen Rechen, um den Boden gerade zu ziehen.<\/p>\n<h2><span class=\"ez-toc-section\" id=\"Boeden_mit_Duenger_anreichern\"><\/span>B\u00f6den mit D\u00fcnger anreichern<span class=\"ez-toc-section-end\"><\/span><\/h2>\n<p><img loading=\"lazy\" decoding=\"async\" class=\"size-medium wp-image-3767 alignright\" src=\"https:\/\/www.samenhaus.de\/gartenblog\/wp-content\/uploads\/2022\/04\/Beete-vorbereiten_490847452-300x174.jpeg\" alt=\"Beet D\u00fcngen\" width=\"300\" height=\"174\" \/>Zur Vorbereitung der Beete geh\u00f6rt auch das Ausbringen von D\u00fcnger. Sie m\u00fcssen nicht unbedingt auf kommerzielle D\u00fcnger zur\u00fcckgreifen, sondern nutzen einfach die naturgegebenen M\u00f6glichkeiten. Daf\u00fcr eignen sich am besten Kompost aus dem Vorjahr und gut verrotteter Pferdemist, die Sie in die oberste Bodenschicht einarbeiten. Sie erreichen dadurch eine ideale Versorgung mit N\u00e4hrstoffen und unterst\u00fctzen die hilfreichen Bodenlebewesen.<\/p>\n<p>Sie k\u00f6nnen au\u00dferdem die im Fr\u00fchjahr aus dem Boden gezogenen Brennnesseln und Schachtelhalmgew\u00e4chse nutzen, um aus ihnen eine Jauche herzustellen. F\u00fcllen Sie sie in einem verschlossenen Beh\u00e4lter mit Regenwasser auf und lassen Sie das Gemisch zwei Wochen stehen. Sobald kein Schaum mehr erkennbar ist, gie\u00dfen Sie damit im Verh\u00e4ltnis 1:10 einmal w\u00f6chentlich Ihren Garten. Sie versorgen Ihre Pflanzen so auf nat\u00fcrliche Weise mit gro\u00dfen Mengen Stickstoff.<\/p>\n<p>Alle paar Jahre k\u00f6nnen Sie eine Bodenanalyse durchf\u00fchren lassen. Diese zeigt Ihnen, welche N\u00e4hrstoffe im Boden fehlen und wovon vielleicht sogar zu viel in der Erde angereichert ist. So k\u00f6nnen Sie die D\u00fcngung ideal auf die N\u00e4hrstoffzusammensetzung im Boden anpassen.<\/p>\n<h2><span class=\"ez-toc-section\" id=\"Gruenduengung_fuer_erst_spaeter_benoetigte_Beete\"><\/span>Gr\u00fcnd\u00fcngung f\u00fcr erst sp\u00e4ter ben\u00f6tigte Beete<span class=\"ez-toc-section-end\"><\/span><\/h2>\n<p>Auf Beeten, die Sie erst ab Mitte oder Ende Mai bepflanzen wollen, k\u00f6nnen Sie bis dahin eine Gr\u00fcnd\u00fcngung auss\u00e4en. Bereiten Sie das Beet vor und s\u00e4en Sie breitw\u00fcrfig Pflanzen wie Bienenfreund, Buchweizen oder Lupinen. Diese arbeiten Sie sp\u00e4ter in den Boden ein, wo sie als Gr\u00fcnd\u00fcngung fungieren und die N\u00e4hrstoffzusammensetzung der Erde anreichern.<\/p>\n<h2><span class=\"ez-toc-section\" id=\"pH-Wert_messen_und_Bodenbeschaffenheit_anpassen\"><\/span>pH-Wert messen und Bodenbeschaffenheit anpassen<span class=\"ez-toc-section-end\"><\/span><\/h2>\n<p><img loading=\"lazy\" decoding=\"async\" class=\"size-medium wp-image-3766 alignright\" src=\"https:\/\/www.samenhaus.de\/gartenblog\/wp-content\/uploads\/2022\/04\/Beete-vorbereiten_354079179-300x200.jpeg\" alt=\"Beet ph-Wert\" width=\"300\" height=\"200\" srcset=\"https:\/\/www.samenhaus.de\/gartenblog\/wp-content\/uploads\/2022\/04\/Beete-vorbereiten_354079179-300x200.jpeg 300w, https:\/\/www.samenhaus.de\/gartenblog\/wp-content\/uploads\/2022\/04\/Beete-vorbereiten_354079179-600x400.jpeg 600w, https:\/\/www.samenhaus.de\/gartenblog\/wp-content\/uploads\/2022\/04\/Beete-vorbereiten_354079179-2048x1365.jpeg 2048w, https:\/\/www.samenhaus.de\/gartenblog\/wp-content\/uploads\/2022\/04\/Beete-vorbereiten_354079179-768x512.jpeg 768w, https:\/\/www.samenhaus.de\/gartenblog\/wp-content\/uploads\/2022\/04\/Beete-vorbereiten_354079179-1024x683.jpeg 1024w, https:\/\/www.samenhaus.de\/gartenblog\/wp-content\/uploads\/2022\/04\/Beete-vorbereiten_354079179-1536x1024.jpeg 1536w\" sizes=\"auto, (max-width: 300px) 100vw, 300px\" \/>Bestimmen Sie mit einem Messger\u00e4t oder anderen Hilfsmitteln den pH-Wert Ihrer Gartenerde. Die meisten Gem\u00fcsesorten brauchen einen neutralen Boden. Ist er zu alkalisch oder zu sauer, beeinflusst dies die Ertr\u00e4ge negativ. Die Bestimmung des pH-Werts kann diese Ergebnisse erzielen:<\/p>\n<table class=\"custom-table-1\" width=\"100%\" cellspacing=\"0\" cellpadding=\"4\">\n<tbody>\n<tr valign=\"top\">\n<td width=\"77\"><strong>pH-Wert<\/strong><\/td>\n<td width=\"166\"><strong>Zustand des Bodens<\/strong><\/td>\n<td width=\"328\"><strong>Reaktion<\/strong><\/td>\n<\/tr>\n<tr valign=\"top\">\n<td width=\"77\">6,5 \u2013 7,5<\/td>\n<td width=\"166\">neutral<\/td>\n<td width=\"328\">idealer Boden, keine Reaktion erforderlich<\/td>\n<\/tr>\n<tr valign=\"top\">\n<td width=\"77\">&lt; 6,5<\/td>\n<td width=\"166\">sauer<\/td>\n<td width=\"328\">Beimengung von Kalk oder Basaltmehl<\/td>\n<\/tr>\n<tr valign=\"top\">\n<td width=\"77\">&gt; 7,5<\/td>\n<td width=\"166\">alkalisch<\/td>\n<td width=\"328\">Beimengung von Torf, Granitmehl oder Kaffeesatz<\/td>\n<\/tr>\n<\/tbody>\n<\/table>\n<h2><span class=\"ez-toc-section\" id=\"Unkraut_jaeten\"><\/span>Unkraut j\u00e4ten<span class=\"ez-toc-section-end\"><\/span><\/h2>\n<p><img loading=\"lazy\" decoding=\"async\" class=\"size-medium wp-image-3764 alignright\" src=\"https:\/\/www.samenhaus.de\/gartenblog\/wp-content\/uploads\/2022\/04\/Beete-vorbereiten_42279874-300x209.jpeg\" alt=\"Beet Unkraut j\u00e4ten\" width=\"300\" height=\"209\" \/>Wenn Sie Ihre Beete vorbereiten, sollten Sie auch Unkraut entfernen. Dieses entzieht dem Boden die N\u00e4hrstoffe, die Sie eigentlich f\u00fcr Tomaten, Lauch &amp; Co. brauchen. J\u00e4ten Sie das Unkraut, ehe Sie den Boden auflockern, um deren Samen nicht in die Erde einzuarbeiten. Bevor Sie sp\u00e4ter auss\u00e4en, entfernen Sie noch einmal Unkraut, das wieder aufgegangen ist.<\/p>\n<p>Wenn noch altes Pflanzenmaterial im Beet vorhanden ist, k\u00f6nnen Sie dieses entweder auf den Kompost deponieren oder Sie graben es einfach mit unter. Liegt hingegen noch Laub auf den Beeten, sollten Sie dieses entfernen. Es verrottet nur sehr langsam und kann zu Staun\u00e4sse und zur Bildung von Schimmel f\u00fchren.<\/p>\n<h2><span class=\"ez-toc-section\" id=\"Beete_anlegen_die_richtige_Groesse\"><\/span>Beete anlegen: die richtige Gr\u00f6\u00dfe<span class=\"ez-toc-section-end\"><\/span><\/h2>\n<p>Beim Vorbereiten der Beete m\u00fcssen Sie auch entscheiden, wie gro\u00df diese ausfallen sollten. Bei der Breite hat sich ein Ma\u00df von 1,20 Metern bew\u00e4hrt. Es bietet ausreichend Platz f\u00fcr drei bis vier Reihen Gem\u00fcse (je nach gew\u00fcnschtem Abstand) und trotzdem erreichen Sie von beiden Seiten aus gut die Mitte. Die Wege sollten rund 30 Zentimeter breit sein, damit Sie gut darauf stehen k\u00f6nnen, ohne dass sie zu viel Platz einnehmen. Wie Sie diese befestigen, ist reine Geschmackssache. Achten Sie darauf, dass Trampelpfade nicht niedriger sind als das Beet. Andernfalls fungieren Sie wie eine Drainage und die Beete trocknen schneller aus. Richten Sie au\u00dferdem einen breiteren Hauptweg ein, auf dem Sie eine Schubkarre schieben k\u00f6nnen.<\/p>\n<p>Sobald Sie Ihre Beete vorbereitet haben, k\u00f6nnen Sie die ersten Gem\u00fcsesorten auss\u00e4en \u2013 Spinat, Salat &amp; Co. warten schon darauf, ihre Triebe in die erste Fr\u00fchlingssonne auszustrecken!<\/p>\n","protected":false},"excerpt":{"rendered":"<p>Schon fr\u00fch im Jahr geht die Gartensaison los \u2013 nicht jedoch mit dem Auss\u00e4en von Gem\u00fcsepflanzen, sondern zun\u00e4chst mit dem Vorbereiten der Beete. Der Grund daf\u00fcr ist einfach: In gute, kr\u00fcmelige Gartenerde m\u00fcssen Sie einiges an Zeit investieren. Aber es lohnt sich \u2013 Sie werden dadurch mit h\u00f6heren Ertr\u00e4gen belohnt. Die folgende Checkliste zeigt, wie Sie im Fr\u00fchjahr die Beete vorbereiten. Der richtige Zeitpunkt: B\u00f6den umgraben Ehe Sie ans\u00e4en k\u00f6nnen, muss der Boden umgegraben werden. Dadurch wird die Erde lockerer und etwas tiefer liegende Erdschichten vermischen sich mit der n\u00e4hrstoff\u00e4rmeren Oberfl\u00e4che, sodass wieder mehr N\u00e4hrstoffe verf\u00fcgbar sind. \u00dcber den richtigen Zeitpunkt scheiden sich die Geister: Umgraben im Fr\u00fchling: Graben Sie erst im Fr\u00fchjahr um, st\u00f6ren Sie den empfindlichen Mikrokosmos der Kleinstlebewesen in der Erde nicht und sch\u00fctzen sie vor Frost. Au\u00dferdem besteht nicht die Gefahr, dass N\u00e4hrstoffe durch starke Regenf\u00e4lle ausgeschwemmt werden. Allerdings ist das Umgraben im Fr\u00fchjahr deutlich m\u00fchseliger, weil die B\u00f6den oft von Niederschl\u00e4gen schwer sind und Sie zus\u00e4tzlichen Aufwand in das Erzielen einer feinkr\u00fcmeligen Struktur stecken m\u00fcssen. Nach dem Umgraben m\u00fcssen Sie mit der Aussaatmindestens drei Wochen warten, damit sich der Boden setzen kann. Umgraben im Herbst: Wenn Sie im Herbst umgraben, werden die groben Klumpen im [&hellip;]<\/p>\n","protected":false},"author":11,"featured_media":853,"comment_status":"open","ping_status":"open","sticky":false,"template":"","format":"standard","meta":{"_acf_changed":false,"footnotes":""},"categories":[1],"tags":[],"hersteller":[],"class_list":["post-394","post","type-post","status-publish","format-standard","has-post-thumbnail","hentry","category-allgemein"],"acf":[],"yoast_head":"<!-- This site is optimized with the Yoast SEO plugin v27.4 - https:\/\/yoast.com\/product\/yoast-seo-wordpress\/ -->\n<title>Beete vorbereiten - so geht es - Samenhaus Gartenblog<\/title>\n<meta name=\"description\" content=\"Ihre Gartenbeete sollten Sie schon zeitig vorbereiten, damit die ersten Pflanzen und Samen einen guten Start haben. Bei uns erhalten Sie daf\u00fcr eine Anleitung.\" \/>\n<meta name=\"robots\" content=\"index, follow, max-snippet:-1, max-image-preview:large, max-video-preview:-1\" \/>\n<link rel=\"canonical\" href=\"https:\/\/www.samenhaus.de\/gartenblog\/beete-vorbereiten-ist-ihr-garten-startklar-fuer-den-fruehling\" \/>\n<meta property=\"og:locale\" content=\"de_DE\" \/>\n<meta property=\"og:type\" content=\"article\" \/>\n<meta property=\"og:title\" content=\"Beete vorbereiten - so geht es - Samenhaus Gartenblog\" \/>\n<meta property=\"og:description\" content=\"Ihre Gartenbeete sollten Sie schon zeitig vorbereiten, damit die ersten Pflanzen und Samen einen guten Start haben. Bei uns erhalten Sie daf\u00fcr eine Anleitung.\" \/>\n<meta property=\"og:url\" content=\"https:\/\/www.samenhaus.de\/gartenblog\/beete-vorbereiten-ist-ihr-garten-startklar-fuer-den-fruehling\" \/>\n<meta property=\"og:site_name\" content=\"Samenhaus Gartenblog\" \/>\n<meta property=\"article:publisher\" content=\"https:\/\/de-de.facebook.com\/samenhaus\" \/>\n<meta property=\"article:published_time\" content=\"2021-04-30T13:22:44+00:00\" \/>\n<meta property=\"article:modified_time\" content=\"2023-06-08T12:06:26+00:00\" \/>\n<meta property=\"og:image\" content=\"https:\/\/www.samenhaus.de\/gartenblog\/wp-content\/uploads\/2021\/04\/AdobeStock_423749579.jpg\" \/>\n\t<meta property=\"og:image:width\" content=\"1000\" \/>\n\t<meta property=\"og:image:height\" content=\"563\" \/>\n\t<meta property=\"og:image:type\" content=\"image\/jpeg\" \/>\n<meta name=\"author\" content=\"Sabine\" \/>\n<meta name=\"twitter:card\" content=\"summary_large_image\" \/>\n<meta name=\"twitter:creator\" content=\"@samenhaus\" \/>\n<meta name=\"twitter:site\" content=\"@samenhaus\" \/>\n<meta name=\"twitter:label1\" content=\"Verfasst von\" \/>\n\t<meta name=\"twitter:data1\" content=\"Sabine\" \/>\n\t<meta name=\"twitter:label2\" content=\"Gesch\u00e4tzte Lesezeit\" \/>\n\t<meta name=\"twitter:data2\" content=\"7\u00a0Minuten\" \/>\n<script type=\"application\/ld+json\" class=\"yoast-schema-graph\">{\"@context\":\"https:\\\/\\\/schema.org\",\"@graph\":[{\"@type\":\"Article\",\"@id\":\"https:\\\/\\\/www.samenhaus.de\\\/gartenblog\\\/beete-vorbereiten-ist-ihr-garten-startklar-fuer-den-fruehling#article\",\"isPartOf\":{\"@id\":\"https:\\\/\\\/www.samenhaus.de\\\/gartenblog\\\/beete-vorbereiten-ist-ihr-garten-startklar-fuer-den-fruehling\"},\"author\":{\"name\":\"Sabine\",\"@id\":\"https:\\\/\\\/www.samenhaus.de\\\/gartenblog\\\/#\\\/schema\\\/person\\\/e4c837ea32ec74c39497c1e69976fed5\"},\"headline\":\"Beete vorbereiten: Ist Ihr Garten startklar f\u00fcr den Fr\u00fchling?\",\"datePublished\":\"2021-04-30T13:22:44+00:00\",\"dateModified\":\"2023-06-08T12:06:26+00:00\",\"mainEntityOfPage\":{\"@id\":\"https:\\\/\\\/www.samenhaus.de\\\/gartenblog\\\/beete-vorbereiten-ist-ihr-garten-startklar-fuer-den-fruehling\"},\"wordCount\":1133,\"commentCount\":0,\"publisher\":{\"@id\":\"https:\\\/\\\/www.samenhaus.de\\\/gartenblog\\\/#organization\"},\"image\":{\"@id\":\"https:\\\/\\\/www.samenhaus.de\\\/gartenblog\\\/beete-vorbereiten-ist-ihr-garten-startklar-fuer-den-fruehling#primaryimage\"},\"thumbnailUrl\":\"https:\\\/\\\/www.samenhaus.de\\\/gartenblog\\\/wp-content\\\/uploads\\\/2021\\\/04\\\/AdobeStock_423749579.jpg\",\"inLanguage\":\"de\",\"potentialAction\":[{\"@type\":\"CommentAction\",\"name\":\"Comment\",\"target\":[\"https:\\\/\\\/www.samenhaus.de\\\/gartenblog\\\/beete-vorbereiten-ist-ihr-garten-startklar-fuer-den-fruehling#respond\"]}],\"copyrightYear\":\"2021\",\"copyrightHolder\":{\"@id\":\"https:\\\/\\\/www.samenhaus.de\\\/gartenblog\\\/#organization\"}},{\"@type\":\"WebPage\",\"@id\":\"https:\\\/\\\/www.samenhaus.de\\\/gartenblog\\\/beete-vorbereiten-ist-ihr-garten-startklar-fuer-den-fruehling\",\"url\":\"https:\\\/\\\/www.samenhaus.de\\\/gartenblog\\\/beete-vorbereiten-ist-ihr-garten-startklar-fuer-den-fruehling\",\"name\":\"Beete vorbereiten - so geht es - Samenhaus Gartenblog\",\"isPartOf\":{\"@id\":\"https:\\\/\\\/www.samenhaus.de\\\/gartenblog\\\/#website\"},\"primaryImageOfPage\":{\"@id\":\"https:\\\/\\\/www.samenhaus.de\\\/gartenblog\\\/beete-vorbereiten-ist-ihr-garten-startklar-fuer-den-fruehling#primaryimage\"},\"image\":{\"@id\":\"https:\\\/\\\/www.samenhaus.de\\\/gartenblog\\\/beete-vorbereiten-ist-ihr-garten-startklar-fuer-den-fruehling#primaryimage\"},\"thumbnailUrl\":\"https:\\\/\\\/www.samenhaus.de\\\/gartenblog\\\/wp-content\\\/uploads\\\/2021\\\/04\\\/AdobeStock_423749579.jpg\",\"datePublished\":\"2021-04-30T13:22:44+00:00\",\"dateModified\":\"2023-06-08T12:06:26+00:00\",\"description\":\"Ihre Gartenbeete sollten Sie schon zeitig vorbereiten, damit die ersten Pflanzen und Samen einen guten Start haben. Bei uns erhalten Sie daf\u00fcr eine Anleitung.\",\"breadcrumb\":{\"@id\":\"https:\\\/\\\/www.samenhaus.de\\\/gartenblog\\\/beete-vorbereiten-ist-ihr-garten-startklar-fuer-den-fruehling#breadcrumb\"},\"inLanguage\":\"de\",\"potentialAction\":[{\"@type\":\"ReadAction\",\"target\":[\"https:\\\/\\\/www.samenhaus.de\\\/gartenblog\\\/beete-vorbereiten-ist-ihr-garten-startklar-fuer-den-fruehling\"]}]},{\"@type\":\"ImageObject\",\"inLanguage\":\"de\",\"@id\":\"https:\\\/\\\/www.samenhaus.de\\\/gartenblog\\\/beete-vorbereiten-ist-ihr-garten-startklar-fuer-den-fruehling#primaryimage\",\"url\":\"https:\\\/\\\/www.samenhaus.de\\\/gartenblog\\\/wp-content\\\/uploads\\\/2021\\\/04\\\/AdobeStock_423749579.jpg\",\"contentUrl\":\"https:\\\/\\\/www.samenhaus.de\\\/gartenblog\\\/wp-content\\\/uploads\\\/2021\\\/04\\\/AdobeStock_423749579.jpg\",\"width\":1000,\"height\":563,\"caption\":\"Gartenarbeit im Fr\u00fchling\"},{\"@type\":\"BreadcrumbList\",\"@id\":\"https:\\\/\\\/www.samenhaus.de\\\/gartenblog\\\/beete-vorbereiten-ist-ihr-garten-startklar-fuer-den-fruehling#breadcrumb\",\"itemListElement\":[{\"@type\":\"ListItem\",\"position\":1,\"name\":\"Startseite\",\"item\":\"https:\\\/\\\/www.samenhaus.de\\\/gartenblog\\\/\"},{\"@type\":\"ListItem\",\"position\":2,\"name\":\"Beete vorbereiten: Ist Ihr Garten startklar f\u00fcr den Fr\u00fchling?\"}]},{\"@type\":\"WebSite\",\"@id\":\"https:\\\/\\\/www.samenhaus.de\\\/gartenblog\\\/#website\",\"url\":\"https:\\\/\\\/www.samenhaus.de\\\/gartenblog\\\/\",\"name\":\"Samenhaus Gartenblog\",\"description\":\"\",\"publisher\":{\"@id\":\"https:\\\/\\\/www.samenhaus.de\\\/gartenblog\\\/#organization\"},\"potentialAction\":[{\"@type\":\"SearchAction\",\"target\":{\"@type\":\"EntryPoint\",\"urlTemplate\":\"https:\\\/\\\/www.samenhaus.de\\\/gartenblog\\\/?s={search_term_string}\"},\"query-input\":{\"@type\":\"PropertyValueSpecification\",\"valueRequired\":true,\"valueName\":\"search_term_string\"}}],\"inLanguage\":\"de\"},{\"@type\":\"Organization\",\"@id\":\"https:\\\/\\\/www.samenhaus.de\\\/gartenblog\\\/#organization\",\"name\":\"Samenhaus.de Gartenblog\",\"url\":\"https:\\\/\\\/www.samenhaus.de\\\/gartenblog\\\/\",\"logo\":{\"@type\":\"ImageObject\",\"inLanguage\":\"de\",\"@id\":\"https:\\\/\\\/www.samenhaus.de\\\/gartenblog\\\/#\\\/schema\\\/logo\\\/image\\\/\",\"url\":\"https:\\\/\\\/www.samenhaus.de\\\/gartenblog\\\/wp-content\\\/uploads\\\/2020\\\/11\\\/logo.svg\",\"contentUrl\":\"https:\\\/\\\/www.samenhaus.de\\\/gartenblog\\\/wp-content\\\/uploads\\\/2020\\\/11\\\/logo.svg\",\"width\":1,\"height\":1,\"caption\":\"Samenhaus.de Gartenblog\"},\"image\":{\"@id\":\"https:\\\/\\\/www.samenhaus.de\\\/gartenblog\\\/#\\\/schema\\\/logo\\\/image\\\/\"},\"sameAs\":[\"https:\\\/\\\/de-de.facebook.com\\\/samenhaus\",\"https:\\\/\\\/x.com\\\/samenhaus\"]},{\"@type\":\"Person\",\"@id\":\"https:\\\/\\\/www.samenhaus.de\\\/gartenblog\\\/#\\\/schema\\\/person\\\/e4c837ea32ec74c39497c1e69976fed5\",\"name\":\"Sabine\",\"image\":{\"@type\":\"ImageObject\",\"inLanguage\":\"de\",\"@id\":\"https:\\\/\\\/www.samenhaus.de\\\/gartenblog\\\/wp-content\\\/uploads\\\/2026\\\/03\\\/sabine-150x150.png\",\"url\":\"https:\\\/\\\/www.samenhaus.de\\\/gartenblog\\\/wp-content\\\/uploads\\\/2026\\\/03\\\/sabine-150x150.png\",\"contentUrl\":\"https:\\\/\\\/www.samenhaus.de\\\/gartenblog\\\/wp-content\\\/uploads\\\/2026\\\/03\\\/sabine-150x150.png\",\"caption\":\"Sabine\"},\"description\":\"Sabine schreibt am liebsten \u00fcber Themen rund um den Selbstversorgergarten. Ob Gem\u00fcseanbau, Obstgarten, H\u00fchnerhaltung oder Konservierung und Verarbeitung, sie hat jede Menge eigene Erfahrung beizusteuern. Sie liebt es, den Blick \u00fcber die ersten zarten Pflanzen des Jahres schweifen zu lassen oder die gewaltige Ernte im Sommer und Herbst zu b\u00e4ndigen.\",\"url\":\"https:\\\/\\\/www.samenhaus.de\\\/gartenblog\\\/author\\\/sabine\"}]}<\/script>\n<!-- \/ Yoast SEO plugin. -->","yoast_head_json":{"title":"Beete vorbereiten - so geht es - Samenhaus Gartenblog","description":"Ihre Gartenbeete sollten Sie schon zeitig vorbereiten, damit die ersten Pflanzen und Samen einen guten Start haben. Bei uns erhalten Sie daf\u00fcr eine Anleitung.","robots":{"index":"index","follow":"follow","max-snippet":"max-snippet:-1","max-image-preview":"max-image-preview:large","max-video-preview":"max-video-preview:-1"},"canonical":"https:\/\/www.samenhaus.de\/gartenblog\/beete-vorbereiten-ist-ihr-garten-startklar-fuer-den-fruehling","og_locale":"de_DE","og_type":"article","og_title":"Beete vorbereiten - so geht es - Samenhaus Gartenblog","og_description":"Ihre Gartenbeete sollten Sie schon zeitig vorbereiten, damit die ersten Pflanzen und Samen einen guten Start haben. Bei uns erhalten Sie daf\u00fcr eine Anleitung.","og_url":"https:\/\/www.samenhaus.de\/gartenblog\/beete-vorbereiten-ist-ihr-garten-startklar-fuer-den-fruehling","og_site_name":"Samenhaus Gartenblog","article_publisher":"https:\/\/de-de.facebook.com\/samenhaus","article_published_time":"2021-04-30T13:22:44+00:00","article_modified_time":"2023-06-08T12:06:26+00:00","og_image":[{"width":1000,"height":563,"url":"https:\/\/www.samenhaus.de\/gartenblog\/wp-content\/uploads\/2021\/04\/AdobeStock_423749579.jpg","type":"image\/jpeg"}],"author":"Sabine","twitter_card":"summary_large_image","twitter_creator":"@samenhaus","twitter_site":"@samenhaus","twitter_misc":{"Verfasst von":"Sabine","Gesch\u00e4tzte Lesezeit":"7\u00a0Minuten"},"schema":{"@context":"https:\/\/schema.org","@graph":[{"@type":"Article","@id":"https:\/\/www.samenhaus.de\/gartenblog\/beete-vorbereiten-ist-ihr-garten-startklar-fuer-den-fruehling#article","isPartOf":{"@id":"https:\/\/www.samenhaus.de\/gartenblog\/beete-vorbereiten-ist-ihr-garten-startklar-fuer-den-fruehling"},"author":{"name":"Sabine","@id":"https:\/\/www.samenhaus.de\/gartenblog\/#\/schema\/person\/e4c837ea32ec74c39497c1e69976fed5"},"headline":"Beete vorbereiten: Ist Ihr Garten startklar f\u00fcr den Fr\u00fchling?","datePublished":"2021-04-30T13:22:44+00:00","dateModified":"2023-06-08T12:06:26+00:00","mainEntityOfPage":{"@id":"https:\/\/www.samenhaus.de\/gartenblog\/beete-vorbereiten-ist-ihr-garten-startklar-fuer-den-fruehling"},"wordCount":1133,"commentCount":0,"publisher":{"@id":"https:\/\/www.samenhaus.de\/gartenblog\/#organization"},"image":{"@id":"https:\/\/www.samenhaus.de\/gartenblog\/beete-vorbereiten-ist-ihr-garten-startklar-fuer-den-fruehling#primaryimage"},"thumbnailUrl":"https:\/\/www.samenhaus.de\/gartenblog\/wp-content\/uploads\/2021\/04\/AdobeStock_423749579.jpg","inLanguage":"de","potentialAction":[{"@type":"CommentAction","name":"Comment","target":["https:\/\/www.samenhaus.de\/gartenblog\/beete-vorbereiten-ist-ihr-garten-startklar-fuer-den-fruehling#respond"]}],"copyrightYear":"2021","copyrightHolder":{"@id":"https:\/\/www.samenhaus.de\/gartenblog\/#organization"}},{"@type":"WebPage","@id":"https:\/\/www.samenhaus.de\/gartenblog\/beete-vorbereiten-ist-ihr-garten-startklar-fuer-den-fruehling","url":"https:\/\/www.samenhaus.de\/gartenblog\/beete-vorbereiten-ist-ihr-garten-startklar-fuer-den-fruehling","name":"Beete vorbereiten - so geht es - Samenhaus Gartenblog","isPartOf":{"@id":"https:\/\/www.samenhaus.de\/gartenblog\/#website"},"primaryImageOfPage":{"@id":"https:\/\/www.samenhaus.de\/gartenblog\/beete-vorbereiten-ist-ihr-garten-startklar-fuer-den-fruehling#primaryimage"},"image":{"@id":"https:\/\/www.samenhaus.de\/gartenblog\/beete-vorbereiten-ist-ihr-garten-startklar-fuer-den-fruehling#primaryimage"},"thumbnailUrl":"https:\/\/www.samenhaus.de\/gartenblog\/wp-content\/uploads\/2021\/04\/AdobeStock_423749579.jpg","datePublished":"2021-04-30T13:22:44+00:00","dateModified":"2023-06-08T12:06:26+00:00","description":"Ihre Gartenbeete sollten Sie schon zeitig vorbereiten, damit die ersten Pflanzen und Samen einen guten Start haben. Bei uns erhalten Sie daf\u00fcr eine Anleitung.","breadcrumb":{"@id":"https:\/\/www.samenhaus.de\/gartenblog\/beete-vorbereiten-ist-ihr-garten-startklar-fuer-den-fruehling#breadcrumb"},"inLanguage":"de","potentialAction":[{"@type":"ReadAction","target":["https:\/\/www.samenhaus.de\/gartenblog\/beete-vorbereiten-ist-ihr-garten-startklar-fuer-den-fruehling"]}]},{"@type":"ImageObject","inLanguage":"de","@id":"https:\/\/www.samenhaus.de\/gartenblog\/beete-vorbereiten-ist-ihr-garten-startklar-fuer-den-fruehling#primaryimage","url":"https:\/\/www.samenhaus.de\/gartenblog\/wp-content\/uploads\/2021\/04\/AdobeStock_423749579.jpg","contentUrl":"https:\/\/www.samenhaus.de\/gartenblog\/wp-content\/uploads\/2021\/04\/AdobeStock_423749579.jpg","width":1000,"height":563,"caption":"Gartenarbeit im Fr\u00fchling"},{"@type":"BreadcrumbList","@id":"https:\/\/www.samenhaus.de\/gartenblog\/beete-vorbereiten-ist-ihr-garten-startklar-fuer-den-fruehling#breadcrumb","itemListElement":[{"@type":"ListItem","position":1,"name":"Startseite","item":"https:\/\/www.samenhaus.de\/gartenblog\/"},{"@type":"ListItem","position":2,"name":"Beete vorbereiten: Ist Ihr Garten startklar f\u00fcr den Fr\u00fchling?"}]},{"@type":"WebSite","@id":"https:\/\/www.samenhaus.de\/gartenblog\/#website","url":"https:\/\/www.samenhaus.de\/gartenblog\/","name":"Samenhaus Gartenblog","description":"","publisher":{"@id":"https:\/\/www.samenhaus.de\/gartenblog\/#organization"},"potentialAction":[{"@type":"SearchAction","target":{"@type":"EntryPoint","urlTemplate":"https:\/\/www.samenhaus.de\/gartenblog\/?s={search_term_string}"},"query-input":{"@type":"PropertyValueSpecification","valueRequired":true,"valueName":"search_term_string"}}],"inLanguage":"de"},{"@type":"Organization","@id":"https:\/\/www.samenhaus.de\/gartenblog\/#organization","name":"Samenhaus.de Gartenblog","url":"https:\/\/www.samenhaus.de\/gartenblog\/","logo":{"@type":"ImageObject","inLanguage":"de","@id":"https:\/\/www.samenhaus.de\/gartenblog\/#\/schema\/logo\/image\/","url":"https:\/\/www.samenhaus.de\/gartenblog\/wp-content\/uploads\/2020\/11\/logo.svg","contentUrl":"https:\/\/www.samenhaus.de\/gartenblog\/wp-content\/uploads\/2020\/11\/logo.svg","width":1,"height":1,"caption":"Samenhaus.de Gartenblog"},"image":{"@id":"https:\/\/www.samenhaus.de\/gartenblog\/#\/schema\/logo\/image\/"},"sameAs":["https:\/\/de-de.facebook.com\/samenhaus","https:\/\/x.com\/samenhaus"]},{"@type":"Person","@id":"https:\/\/www.samenhaus.de\/gartenblog\/#\/schema\/person\/e4c837ea32ec74c39497c1e69976fed5","name":"Sabine","image":{"@type":"ImageObject","inLanguage":"de","@id":"https:\/\/www.samenhaus.de\/gartenblog\/wp-content\/uploads\/2026\/03\/sabine-150x150.png","url":"https:\/\/www.samenhaus.de\/gartenblog\/wp-content\/uploads\/2026\/03\/sabine-150x150.png","contentUrl":"https:\/\/www.samenhaus.de\/gartenblog\/wp-content\/uploads\/2026\/03\/sabine-150x150.png","caption":"Sabine"},"description":"Sabine schreibt am liebsten \u00fcber Themen rund um den Selbstversorgergarten. Ob Gem\u00fcseanbau, Obstgarten, H\u00fchnerhaltung oder Konservierung und Verarbeitung, sie hat jede Menge eigene Erfahrung beizusteuern. Sie liebt es, den Blick \u00fcber die ersten zarten Pflanzen des Jahres schweifen zu lassen oder die gewaltige Ernte im Sommer und Herbst zu b\u00e4ndigen.","url":"https:\/\/www.samenhaus.de\/gartenblog\/author\/sabine"}]}},"wp-worthy-pixel":{"ignored":false,"public":"46a339a9fea6415bac01ea84b7bca503","server":"vg05.met.vgwort.de","url":"https:\/\/vg05.met.vgwort.de\/na\/46a339a9fea6415bac01ea84b7bca503"},"wp-worthy-type":"normal","_links":{"self":[{"href":"https:\/\/www.samenhaus.de\/gartenblog\/wp-json\/wp\/v2\/posts\/394","targetHints":{"allow":["GET"]}}],"collection":[{"href":"https:\/\/www.samenhaus.de\/gartenblog\/wp-json\/wp\/v2\/posts"}],"about":[{"href":"https:\/\/www.samenhaus.de\/gartenblog\/wp-json\/wp\/v2\/types\/post"}],"author":[{"embeddable":true,"href":"https:\/\/www.samenhaus.de\/gartenblog\/wp-json\/wp\/v2\/users\/11"}],"replies":[{"embeddable":true,"href":"https:\/\/www.samenhaus.de\/gartenblog\/wp-json\/wp\/v2\/comments?post=394"}],"version-history":[{"count":8,"href":"https:\/\/www.samenhaus.de\/gartenblog\/wp-json\/wp\/v2\/posts\/394\/revisions"}],"predecessor-version":[{"id":11350,"href":"https:\/\/www.samenhaus.de\/gartenblog\/wp-json\/wp\/v2\/posts\/394\/revisions\/11350"}],"wp:featuredmedia":[{"embeddable":true,"href":"https:\/\/www.samenhaus.de\/gartenblog\/wp-json\/wp\/v2\/media\/853"}],"wp:attachment":[{"href":"https:\/\/www.samenhaus.de\/gartenblog\/wp-json\/wp\/v2\/media?parent=394"}],"wp:term":[{"taxonomy":"category","embeddable":true,"href":"https:\/\/www.samenhaus.de\/gartenblog\/wp-json\/wp\/v2\/categories?post=394"},{"taxonomy":"post_tag","embeddable":true,"href":"https:\/\/www.samenhaus.de\/gartenblog\/wp-json\/wp\/v2\/tags?post=394"},{"taxonomy":"hersteller","embeddable":true,"href":"https:\/\/www.samenhaus.de\/gartenblog\/wp-json\/wp\/v2\/hersteller?post=394"}],"curies":[{"name":"wp","href":"https:\/\/api.w.org\/{rel}","templated":true}]}}