{"id":3944,"date":"2022-05-20T09:00:21","date_gmt":"2022-05-20T09:00:21","guid":{"rendered":"https:\/\/www.samenhaus.de\/gartenblog\/?p=3944"},"modified":"2023-07-13T10:40:05","modified_gmt":"2023-07-13T10:40:05","slug":"alles-rund-um-weisskohl-und-rotkohl-aus-dem-garten","status":"publish","type":"post","link":"https:\/\/www.samenhaus.de\/gartenblog\/alles-rund-um-weisskohl-und-rotkohl-aus-dem-garten","title":{"rendered":"Alles rund um Wei\u00dfkohl und Rotkohl aus dem Garten"},"content":{"rendered":"<p>Wei\u00dfkohl und Rotkohl sind die beliebtesten Kohlarten \u00fcberhaupt. Sie punkten nicht nur aufgrund ihres Geschmacks, sondern auch bei den Inhaltsstoffen, denn Kohl ist gesund! Hinzu kommt, dass Kohlgem\u00fcse in der K\u00fcche vielf\u00e4ltig verwendet werden kann. Der Anbau beider Sorten ist nicht besonders kompliziert und nahezu gleich, was die Bedingungen und die Pflege anbelangt. Warum also nicht mal Wei\u00dfkohl und Rotkohl im Garten anpflanzen?<\/p>\n<h2><span class=\"ez-toc-section\" id=\"Weisskohl_vs_Rotkohl_%E2%80%93_ein_Vergleich\"><\/span>Wei\u00dfkohl vs. Rotkohl \u2013 ein Vergleich<span class=\"ez-toc-section-end\"><\/span><\/h2>\n<p><img loading=\"lazy\" decoding=\"async\" class=\"size-medium wp-image-4505 alignright\" src=\"https:\/\/www.samenhaus.de\/gartenblog\/wp-content\/uploads\/2022\/05\/Weisskohl-und-Rotkohl_54664401-300x200.jpeg\" alt=\"Rotkohl und Wei\u00dfkohl\" width=\"300\" height=\"200\" srcset=\"https:\/\/www.samenhaus.de\/gartenblog\/wp-content\/uploads\/2022\/05\/Weisskohl-und-Rotkohl_54664401-300x200.jpeg 300w, https:\/\/www.samenhaus.de\/gartenblog\/wp-content\/uploads\/2022\/05\/Weisskohl-und-Rotkohl_54664401-600x400.jpeg 600w, https:\/\/www.samenhaus.de\/gartenblog\/wp-content\/uploads\/2022\/05\/Weisskohl-und-Rotkohl_54664401-1024x683.jpeg 1024w, https:\/\/www.samenhaus.de\/gartenblog\/wp-content\/uploads\/2022\/05\/Weisskohl-und-Rotkohl_54664401-768x513.jpeg 768w, https:\/\/www.samenhaus.de\/gartenblog\/wp-content\/uploads\/2022\/05\/Weisskohl-und-Rotkohl_54664401-1536x1025.jpeg 1536w, https:\/\/www.samenhaus.de\/gartenblog\/wp-content\/uploads\/2022\/05\/Weisskohl-und-Rotkohl_54664401-2048x1367.jpeg 2048w\" sizes=\"auto, (max-width: 300px) 100vw, 300px\" \/>Was unterscheidet beide Kohlsorten, au\u00dfer der Farbe? Welche Inhaltsstoffe sind zu finden und woher stammt der Kohl \u00fcberhaupt?<\/p>\n<p>Wei\u00dfkohl sowie Rotkohl sind Kohlarten, die zum sogenannten Kopfkohl geh\u00f6ren. Kopfkohl wiederum ist eine Zuchtform des Gem\u00fcsekohls. Bekannt war Kohl bereits zu Zeiten der R\u00f6mer, seit dem Mittelalter wird er auch bei uns angebaut. Urspr\u00fcnglich kommt er aus dem Mittelmeerraum. Kohl geh\u00f6rt zur Familie der Kreuzbl\u00fctengew\u00e4chse.<\/p>\n<table class=\"custom-table-1\" width=\"100%\" cellspacing=\"0\" cellpadding=\"4\">\n<tbody>\n<tr valign=\"top\">\n<td width=\"107\"><\/td>\n<td width=\"229\"><strong>Wei\u00dfkohl<\/strong><\/td>\n<td width=\"228\"><strong>Rotkohl<\/strong><\/td>\n<\/tr>\n<tr valign=\"top\">\n<td width=\"107\"><\/td>\n<td width=\"229\"><\/td>\n<td width=\"228\"><\/td>\n<\/tr>\n<tr valign=\"top\">\n<td width=\"107\"><strong>Alternative Namen<\/strong><\/td>\n<td width=\"229\">Wei\u00dfkraut, Kohl, Kappes<\/td>\n<td width=\"228\">Blaukraut, Rotkraut<\/td>\n<\/tr>\n<tr valign=\"top\">\n<td width=\"107\"><strong>Bl\u00e4tter<\/strong><\/td>\n<td width=\"229\">Die \u00e4u\u00dferen Kohlbl\u00e4tter sind mit Wachs \u00fcberzogen, die Blattfarbe ist au\u00dfen gr\u00fcn bis gelb-gr\u00fcn, innen eher wei\u00df.<\/td>\n<td width=\"228\">Der Pflanzenfarbstoff Anthocyan f\u00e4rbt die Bl\u00e4tter rot-violett.<\/td>\n<\/tr>\n<tr valign=\"top\">\n<td width=\"107\"><strong>N\u00e4hrwerte (100 g)<\/strong><\/td>\n<td width=\"229\"><\/td>\n<td width=\"228\"><\/td>\n<\/tr>\n<tr valign=\"top\">\n<td width=\"107\"><\/td>\n<td width=\"229\"><\/td>\n<td width=\"228\"><\/td>\n<\/tr>\n<tr valign=\"top\">\n<td width=\"107\"><strong>Kalorien<\/strong><\/td>\n<td width=\"229\">25<\/td>\n<td width=\"228\">23<\/td>\n<\/tr>\n<tr valign=\"top\">\n<td width=\"107\"><strong>Kohlenhydrate<\/strong><\/td>\n<td width=\"229\">3 g<\/td>\n<td width=\"228\">3,5 g<\/td>\n<\/tr>\n<tr valign=\"top\">\n<td width=\"107\"><strong>Fett<\/strong><\/td>\n<td width=\"229\">0,2 g<\/td>\n<td width=\"228\">0,2 g<\/td>\n<\/tr>\n<tr valign=\"top\">\n<td width=\"107\"><strong>Ballaststoffe<\/strong><\/td>\n<td width=\"229\">3 g<\/td>\n<td width=\"228\">2,5 g<\/td>\n<\/tr>\n<tr valign=\"top\">\n<td width=\"107\"><strong>Wassergehalt<\/strong><\/td>\n<td width=\"229\">90 %<\/td>\n<td width=\"228\">91 %<\/td>\n<\/tr>\n<tr valign=\"top\">\n<td width=\"107\"><strong>Salz<\/strong><\/td>\n<td width=\"229\">0,03 g<\/td>\n<td width=\"228\">0,01 g<\/td>\n<\/tr>\n<tr valign=\"top\">\n<td width=\"107\"><strong>Vitamin A<\/strong><\/td>\n<td width=\"229\">12 mg<\/td>\n<td width=\"228\">0 mg<\/td>\n<\/tr>\n<tr valign=\"top\">\n<td width=\"107\"><strong>Vitamin B1<\/strong><\/td>\n<td width=\"229\">0 mg<\/td>\n<td width=\"228\">0,07 mg<\/td>\n<\/tr>\n<tr valign=\"top\">\n<td width=\"107\"><strong>Vitamin B2<\/strong><\/td>\n<td width=\"229\">0 mg<\/td>\n<td width=\"228\">0,05 mg<\/td>\n<\/tr>\n<tr valign=\"top\">\n<td width=\"107\"><strong>Vitamin B6<\/strong><\/td>\n<td width=\"229\">0,1 mg<\/td>\n<td width=\"228\">0,15 mg<\/td>\n<\/tr>\n<tr valign=\"top\">\n<td width=\"107\"><strong>Vitamin C<\/strong><\/td>\n<td width=\"229\">46 mg<\/td>\n<td width=\"228\">50 mg<\/td>\n<\/tr>\n<tr valign=\"top\">\n<td width=\"107\"><strong>Vitamin E<\/strong><\/td>\n<td width=\"229\">1,7 mg<\/td>\n<td width=\"228\">1,7 mg<\/td>\n<\/tr>\n<tr valign=\"top\">\n<td width=\"107\"><strong>Calcium<\/strong><\/td>\n<td width=\"229\">46 mg<\/td>\n<td width=\"228\">35 mg<\/td>\n<\/tr>\n<tr valign=\"top\">\n<td width=\"107\"><strong>Eisen<\/strong><\/td>\n<td width=\"229\">0,01 mg<\/td>\n<td width=\"228\">0,5 mg<\/td>\n<\/tr>\n<tr valign=\"top\">\n<td width=\"107\"><strong>Kalium<\/strong><\/td>\n<td width=\"229\">208 mg<\/td>\n<td width=\"228\">266 mg<\/td>\n<\/tr>\n<tr valign=\"top\">\n<td width=\"107\"><strong>Magnesium<\/strong><\/td>\n<td width=\"229\">23 mg<\/td>\n<td width=\"228\">18 mg<\/td>\n<\/tr>\n<tr valign=\"top\">\n<td width=\"107\"><strong>Phosphor<\/strong><\/td>\n<td width=\"229\">28 mg<\/td>\n<td width=\"228\">30 mg<\/td>\n<\/tr>\n<\/tbody>\n<\/table>\n<h2><\/h2>\n<h2><span class=\"ez-toc-section\" id=\"Der_Anbau_von_Weisskohl_und_Rotkohl_im_eigenen_Garten\"><\/span>Der Anbau von Wei\u00dfkohl und Rotkohl im eigenen Garten<span class=\"ez-toc-section-end\"><\/span><\/h2>\n<p>M\u00f6chten Sie Wei\u00dfkohl und\/oder Rotkohl selbst im Gem\u00fcsebeet ziehen, sind die Bedingungen f\u00fcr beide Kohlsorten gleich.<\/p>\n<p>Der Standort sollte in jedem Fall sonnig sein, Schatten funktioniert nicht. Dann mag Kohl in jedem Fall einen tiefgr\u00fcndigen, festen und feuchten Boden. Das Substrat sollte humus- und n\u00e4hrstoffreich sein. Besonders g\u00fcnstig wirken sich f\u00fcr die Tiefwurzler Lehmb\u00f6den aus. Auf mageren Sandb\u00f6den hingegen wird Kohl nicht gut anwachsen.<\/p>\n<p>Wei\u00dfkohl und Rotkohl m\u00f6gen regelm\u00e4\u00dfig und reichlich Wasser, der Boden sollte immer leicht feucht sein. Um zu erreichen, dass der Boden nicht austrocknet, ist eine Mulchschicht sinnvoll. Ged\u00fcngt wird ebenfalls regelm\u00e4\u00dfig, denn Kohl geh\u00f6rt zu den Starkzehrern. M\u00f6glich sind dabei Hornsp\u00e4ne, aber auch Pflanzenjauchen, wie die Brennnesseljauche. Der pH-Wert bei Kohlgem\u00fcse sollte zwischen 5,5 und 7,0 liegen.<\/p>\n<h2><span class=\"ez-toc-section\" id=\"Weisskohl_und_Rotkohl_pflanzen_bzw_saeen\"><\/span>Wei\u00dfkohl und Rotkohl pflanzen bzw. s\u00e4en<span class=\"ez-toc-section-end\"><\/span><\/h2>\n<p><img loading=\"lazy\" decoding=\"async\" class=\"size-medium wp-image-4507 alignright\" src=\"https:\/\/www.samenhaus.de\/gartenblog\/wp-content\/uploads\/2022\/05\/Weisskohl-und-Rotkohl_111162186-300x200.jpeg\" alt=\"Kohlfeld\" width=\"300\" height=\"200\" srcset=\"https:\/\/www.samenhaus.de\/gartenblog\/wp-content\/uploads\/2022\/05\/Weisskohl-und-Rotkohl_111162186-300x200.jpeg 300w, https:\/\/www.samenhaus.de\/gartenblog\/wp-content\/uploads\/2022\/05\/Weisskohl-und-Rotkohl_111162186-600x400.jpeg 600w, https:\/\/www.samenhaus.de\/gartenblog\/wp-content\/uploads\/2022\/05\/Weisskohl-und-Rotkohl_111162186-2048x1365.jpeg 2048w, https:\/\/www.samenhaus.de\/gartenblog\/wp-content\/uploads\/2022\/05\/Weisskohl-und-Rotkohl_111162186-768x512.jpeg 768w, https:\/\/www.samenhaus.de\/gartenblog\/wp-content\/uploads\/2022\/05\/Weisskohl-und-Rotkohl_111162186-1024x683.jpeg 1024w, https:\/\/www.samenhaus.de\/gartenblog\/wp-content\/uploads\/2022\/05\/Weisskohl-und-Rotkohl_111162186-1536x1024.jpeg 1536w\" sizes=\"auto, (max-width: 300px) 100vw, 300px\" \/>Entweder, Sie erwerben bereits vorgezogene Jungpflanzen oder Sie s\u00e4en selbst aus. So funktioniert\u00b4s:<\/p>\n<ul>\n<li><strong>Pflanzen<\/strong><\/li>\n<\/ul>\n<p>Die Jungpflanzen d\u00fcrfen ab Mitte bis Ende April direkt ins Gem\u00fcsebeet gesetzt werden. Da Kohl ja zu den Starkzehrern geh\u00f6rt, ist es durchaus sinnvoll, bereits im Herbst das Beet vorzubereiten. Dazu arbeiten Sie Kompost in die Erde ein, damit diese bis zum Fr\u00fchjahr mit N\u00e4hrstoffen angereichert wird.<\/p>\n<ul>\n<li><strong>Aussaat<\/strong><\/li>\n<\/ul>\n<p>Hier haben Sie zwei M\u00f6glichkeiten. Entweder m\u00f6chten Sie relativ fr\u00fch ernten, dann wird bereits ab Januar vorgezogen, beim Sp\u00e4tkohl gen\u00fcgt es, wenn Sie Ende April aktiv werden. Dann k\u00f6nnen Sie auch direkt ins Gem\u00fcsebeet s\u00e4hen. M\u00f6chten Sie auf der Fensterbank vorziehen (die Keimung betr\u00e4gt ein bis zwei Wochen), dann sollte die Anzuchttemperatur zwischen 16 und 18 Grad liegen, der Standort sonnig sein und die Jungpflanzen nach der Keimung bei einer Gr\u00f6\u00dfe von ca. 5 Zentimetern in gr\u00f6\u00dfere T\u00f6pfe vereinzelt werden. Denken Sie immer daran, die Erde gut feucht zu halten.<\/p>\n<h2><span class=\"ez-toc-section\" id=\"Weisskohl_und_Rotkohl_ernten_und_lagern\"><\/span>Wei\u00dfkohl und Rotkohl ernten und lagern<span class=\"ez-toc-section-end\"><\/span><\/h2>\n<p>Wann Kohl geerntet werden kann, das h\u00e4ngt zum einen von der Sorte ab, zum anderen aber auch, ob es sich um Fr\u00fchkohl oder Sp\u00e4tkohl handelt. Fr\u00fchsorten beim Wei\u00dfkohl k\u00f6nnen durchaus schon ab Anfang Juni geerntet werden. Wird er zuhause vorgezogen, dann ist es meist ab Mitte Juli soweit. In der Regel ist bei den meisten Sorten ab Mitte September bis November Erntezeit. Da Wei\u00dfkohl winterhart ist, k\u00f6nnen Sie die Ernte auch weiter nach hinten verschieben, dann sollten Sie ihn aber vor Frost sch\u00fctzen, am besten mit Reisig oder Vlies, damit die K\u00f6pfe nicht aufplatzen.<\/p>\n<p>Rotkohl hingegen ist erst ab Mitte August erntereif, kann dann aber ebenfalls bis November geerntet werden. Auch eine sp\u00e4tere Ernte ist noch m\u00f6glich, ein Schutz vor Frost \u2013 genauso wie beim Wei\u00dfkohl \u2013 n\u00f6tig.<\/p>\n<p>Wenn Sie Kohl ernten aber nicht gleich verbrauchen, dann k\u00f6nnen Sie sowohl Wei\u00dfkohl, wie auch Rotkohl l\u00e4ngere Zeit lagern \u2013 und das f\u00fcr mehrere Wochen bis sogar Monate. Wichtig bei der Ernte ist, dass Sie den Kohl inklusive unbesch\u00e4digtem Wurzelstrang aus der Erde holen. Grobe Erde wird vor der Lagerung abgeklopft. Der beste Ort, um Kohl zu lagern, sind k\u00fchle R\u00e4ume, wie etwa in einem Keller. Vermeiden Sie in jedem Fall W\u00e4rme, denn das f\u00fchrt zu hoher Verdunstung und Schimmelbildung. Kurzfristig k\u00f6nnen Sie Kohlk\u00f6pfe auch im K\u00fchlschrank aufbewahren.<\/p>\n<ol>\n<li><strong>Liegend lagern<\/strong><\/li>\n<\/ol>\n<p>Legen Sie die Kohlk\u00f6pfe in Holzkisten oder auf Latten. Wichtig ist, dass die Kisten gut bel\u00fcftet werden, also breite Spalten haben. Der Kohl wird dann mit Jute- oder Leinens\u00e4cken abgedeckt und regelm\u00e4\u00dfig auf F\u00e4ulnis oder Schimmel kontrolliert.<\/p>\n<ol start=\"2\">\n<li><strong>H\u00e4ngend lagern<\/strong><\/li>\n<\/ol>\n<p>Dabei werden die \u00e4u\u00dferen Bl\u00e4tter umgebogen und am Wurzelstrunk \u2013 am besten mit Paketklebeband \u2013 befestigt. Nun werden die Kohlk\u00f6pfe verkehrtherum aufgeh\u00e4ngt, wo sie mehrere Monate verbleiben k\u00f6nnen. Aber auch hier sollten sie regelm\u00e4\u00dfig auf F\u00e4ulnis- oder Schimmelbefall kontrollieren.<\/p>\n<h2><span class=\"ez-toc-section\" id=\"Fruchtfolge_und_Nachbarn_von_Weisskohl_und_Rotkohl\"><\/span>Fruchtfolge und Nachbarn von Wei\u00dfkohl und Rotkohl<span class=\"ez-toc-section-end\"><\/span><\/h2>\n<p><img loading=\"lazy\" decoding=\"async\" class=\"size-medium wp-image-4508 alignright\" src=\"https:\/\/www.samenhaus.de\/gartenblog\/wp-content\/uploads\/2022\/05\/Weisskohl-und-Rotkohl_120210284-300x200.jpeg\" alt=\"Wei\u00dfkohl und Rotkohl\" width=\"300\" height=\"200\" srcset=\"https:\/\/www.samenhaus.de\/gartenblog\/wp-content\/uploads\/2022\/05\/Weisskohl-und-Rotkohl_120210284-300x200.jpeg 300w, https:\/\/www.samenhaus.de\/gartenblog\/wp-content\/uploads\/2022\/05\/Weisskohl-und-Rotkohl_120210284-600x399.jpeg 600w, https:\/\/www.samenhaus.de\/gartenblog\/wp-content\/uploads\/2022\/05\/Weisskohl-und-Rotkohl_120210284-768x511.jpeg 768w, https:\/\/www.samenhaus.de\/gartenblog\/wp-content\/uploads\/2022\/05\/Weisskohl-und-Rotkohl_120210284-1024x681.jpeg 1024w, https:\/\/www.samenhaus.de\/gartenblog\/wp-content\/uploads\/2022\/05\/Weisskohl-und-Rotkohl_120210284-1536x1022.jpeg 1536w, https:\/\/www.samenhaus.de\/gartenblog\/wp-content\/uploads\/2022\/05\/Weisskohl-und-Rotkohl_120210284-2048x1362.jpeg 2048w\" sizes=\"auto, (max-width: 300px) 100vw, 300px\" \/>Kohl geh\u00f6rt zu den Starkzehrern. Das hei\u00dft, dass er hohe Anspr\u00fcche an den Boden und die darin enthaltenen N\u00e4hrstoffe stellt. Das bedeutet aber auch, dass in diesem Fall die Fruchtfolge beachtet werden muss, um gute Ergebnisse zu erzielen. Mit anderen Worten: Wenn Sie in diesem Jahr Kohl anbauen, dann sollten Sie in den kommenden drei Jahren dort keinen Kohl mehr anbauen, sondern folgenderma\u00dfen vorgehen:<\/p>\n<ul>\n<li><strong>Jahr 1:<\/strong> Kohlanbau<\/li>\n<li><strong>Jahr 2:<\/strong> Anbau von Mittelzehrern wie Karotten, Zwiebeln oder Salate<\/li>\n<li><strong>Jahr 3:<\/strong> Anbau von Schwachzehrern wie Radieschen, Buschbohnen oder Erbsen<\/li>\n<li><strong>Jahr 4:<\/strong> Gr\u00fcnd\u00fcngung<\/li>\n<li><strong>Jahr 5:<\/strong> Kohlanbau<\/li>\n<\/ul>\n<p>Wie bei uns Menschen, so ist das auch beim Gem\u00fcse: Nicht jeder vertr\u00e4gt sich mit jedem. Damit Wei\u00dfkohl und Rotkohl eine gute Nachbarschaft bekommen, d\u00fcrfen Sie folgende Gem\u00fcsesorten direkt nebenan pflanzen:<\/p>\n<ul>\n<li>Bohnen<\/li>\n<li>Erbsen<\/li>\n<li>Gurken<\/li>\n<li>Karotten<\/li>\n<li>Kartoffeln<\/li>\n<li>Lauch<\/li>\n<li>Salat<\/li>\n<li>Spinat<\/li>\n<li>Tomaten<\/li>\n<\/ul>\n<h2><span class=\"ez-toc-section\" id=\"Krankheiten_und_Schaedlinge_an_Weisskohl_und_Rotkohl\"><\/span>Krankheiten und Sch\u00e4dlinge an Wei\u00dfkohl und Rotkohl<span class=\"ez-toc-section-end\"><\/span><\/h2>\n<p>Leider sind Kohlsorten recht anf\u00e4llig f\u00fcr Krankheiten und Sch\u00e4dlinge, weswegen Sie vorbeugend t\u00e4tig werden sollten.<\/p>\n<h3><span class=\"ez-toc-section\" id=\"Krankheiten\"><\/span>Krankheiten<span class=\"ez-toc-section-end\"><\/span><\/h3>\n<ul>\n<li><strong>Kohlhernie<\/strong><\/li>\n<\/ul>\n<p><img loading=\"lazy\" decoding=\"async\" class=\"alignleft wp-image-4509 size-thumbnail\" src=\"https:\/\/www.samenhaus.de\/gartenblog\/wp-content\/uploads\/2022\/05\/Weisskohl-und-Rotkohl_125020038-150x150.jpeg\" alt=\"Kohlhernie\" width=\"150\" height=\"150\" srcset=\"https:\/\/www.samenhaus.de\/gartenblog\/wp-content\/uploads\/2022\/05\/Weisskohl-und-Rotkohl_125020038-150x150.jpeg 150w, https:\/\/www.samenhaus.de\/gartenblog\/wp-content\/uploads\/2022\/05\/Weisskohl-und-Rotkohl_125020038-80x80.jpeg 80w\" sizes=\"auto, (max-width: 150px) 100vw, 150px\" \/>Verwelken die Kohlbl\u00e4tter oder w\u00e4chst das Gem\u00fcse nur sp\u00e4rlich, kommt die Kohlhernie in Frage. Dabei handelt es sich um einen Bodenpilz, der \u00fcber die Wurzeln in die Pflanze eindringt. Er sorgt daf\u00fcr, dass die Wurzeln anschwellen und Wasser und N\u00e4hrstoffe nur noch schwer aufnehmen k\u00f6nnen. Achten Sie auf einen pH-Wert von 7,0, da der Pilz saure B\u00f6den bevorzugt und halten Sie die Fruchtfolge ein. Betroffene Pflanzen werden \u00fcber die Restm\u00fclltonne entsorgt.<\/p>\n<p>&nbsp;<\/p>\n<ul>\n<li><strong>Adernschw\u00e4rze<\/strong><\/li>\n<\/ul>\n<p><img loading=\"lazy\" decoding=\"async\" class=\"alignleft wp-image-4516 size-thumbnail\" src=\"https:\/\/www.samenhaus.de\/gartenblog\/wp-content\/uploads\/2022\/05\/Weisskohl-und-Rotkohl_377748403-150x150.jpeg\" alt=\"Adernschw\u00e4rze\" width=\"150\" height=\"150\" srcset=\"https:\/\/www.samenhaus.de\/gartenblog\/wp-content\/uploads\/2022\/05\/Weisskohl-und-Rotkohl_377748403-150x150.jpeg 150w, https:\/\/www.samenhaus.de\/gartenblog\/wp-content\/uploads\/2022\/05\/Weisskohl-und-Rotkohl_377748403-80x80.jpeg 80w\" sizes=\"auto, (max-width: 150px) 100vw, 150px\" \/>Diese Krankheit zeigt sich durch gelbe Flecken an den Blattr\u00e4ndern, die von schwarzen Adern durchzogen sind. In der Folge verwelken die Bl\u00e4tter und es kann F\u00e4ulnis auftreten. Vorbeugend sollten Sie Unkraut immer gut aus dem Beet entfernen, den Fruchtwechsel beachten und nicht \u00fcber den Kohlkopf gie\u00dfen.<\/p>\n<p>&nbsp;<\/p>\n<p>&nbsp;<\/p>\n<ul>\n<li><strong>Grauschimmel<\/strong><\/li>\n<\/ul>\n<p><img loading=\"lazy\" decoding=\"async\" class=\"alignleft wp-image-4513 size-thumbnail\" src=\"https:\/\/www.samenhaus.de\/gartenblog\/wp-content\/uploads\/2022\/05\/Weisskohl-und-Rotkohl_297572237-150x150.jpeg\" alt=\"Grauschimmel\" width=\"150\" height=\"150\" srcset=\"https:\/\/www.samenhaus.de\/gartenblog\/wp-content\/uploads\/2022\/05\/Weisskohl-und-Rotkohl_297572237-150x150.jpeg 150w, https:\/\/www.samenhaus.de\/gartenblog\/wp-content\/uploads\/2022\/05\/Weisskohl-und-Rotkohl_297572237-80x80.jpeg 80w\" sizes=\"auto, (max-width: 150px) 100vw, 150px\" \/>Die gute Nachricht vorweg: Grauschimmel entsteht erst bei der Lagerung. N\u00e4mlich dann, wenn bei der Ernte Besch\u00e4digungen auftreten. Dadurch kann der Pilz eindringen und Myzele bilden, die den Kohl mit einem grauen Belag \u00fcberziehen. Regelm\u00e4\u00dfige Kontrolle ist daher wichtig, befallene Kohlk\u00f6pfe m\u00fcssen entsorgt werden.<\/p>\n<p>&nbsp;<\/p>\n<p>&nbsp;<\/p>\n<ul>\n<li><strong>Phytophthora<\/strong><\/li>\n<\/ul>\n<p><img loading=\"lazy\" decoding=\"async\" class=\"alignleft wp-image-4512 size-thumbnail\" src=\"https:\/\/www.samenhaus.de\/gartenblog\/wp-content\/uploads\/2022\/05\/Weisskohl-und-Rotkohl_297572194-150x150.jpeg\" alt=\"Phytophthora\" width=\"150\" height=\"150\" srcset=\"https:\/\/www.samenhaus.de\/gartenblog\/wp-content\/uploads\/2022\/05\/Weisskohl-und-Rotkohl_297572194-150x150.jpeg 150w, https:\/\/www.samenhaus.de\/gartenblog\/wp-content\/uploads\/2022\/05\/Weisskohl-und-Rotkohl_297572194-80x80.jpeg 80w\" sizes=\"auto, (max-width: 150px) 100vw, 150px\" \/>Bilden sich an den Kohlbl\u00e4ttern violette Bereiche, die in der Folge absterben, dann ist Phytophthora daran schuld. Der Erreger gelangt \u00fcber die Wurzeln in die Pflanze. Achten Sie darauf, dass die Pflanzen nicht zu nah beieinander stehen und beachten Sie die Fruchtfolge. Betroffene Pflanzen m\u00fcssen entsorgt werden.<\/p>\n<p>&nbsp;<\/p>\n<p>&nbsp;<\/p>\n<h3><span class=\"ez-toc-section\" id=\"Schaedlinge\"><\/span>Sch\u00e4dlinge<span class=\"ez-toc-section-end\"><\/span><\/h3>\n<ul>\n<li><strong>Kohlwei\u00dfling<\/strong><\/li>\n<\/ul>\n<p><img loading=\"lazy\" decoding=\"async\" class=\"alignleft wp-image-4510 size-thumbnail\" src=\"https:\/\/www.samenhaus.de\/gartenblog\/wp-content\/uploads\/2022\/05\/Weisskohl-und-Rotkohl_245379770-150x150.jpeg\" alt=\"Kohlwei\u00dfling\" width=\"150\" height=\"150\" srcset=\"https:\/\/www.samenhaus.de\/gartenblog\/wp-content\/uploads\/2022\/05\/Weisskohl-und-Rotkohl_245379770-150x150.jpeg 150w, https:\/\/www.samenhaus.de\/gartenblog\/wp-content\/uploads\/2022\/05\/Weisskohl-und-Rotkohl_245379770-80x80.jpeg 80w\" sizes=\"auto, (max-width: 150px) 100vw, 150px\" \/>Der Kohlwei\u00dfling ist ein Schmetterling, der seine Eier bevorzugt auf Kohl ablegt. Daraus entwickeln sich Raupen, die das Gem\u00fcse kahlfressen. Regelm\u00e4\u00dfige Kontrolle und das Absammeln der Raupen bzw. Eier sind sinnvolle Ma\u00dfnahmen. Ebenso das Spannen von Pflanzenschutznetzen mit einer maximalen Maschengr\u00f6\u00dfe von 1,35 x 1,35 mm. Auch das Anpflanzen von duftenden Nachbarspflanzen wie Tomaten, Sellerie, Zwiebeln, Lauch, Basilikum, Salbei, Rosmarin, Thymian, Koriander, Beifu\u00df oder Tagetes macht Sinn. Durch die duftenden Pflanzen findet der Kohlwei\u00dfling den Kohl n\u00e4mlich nicht mehr.<\/p>\n<ul>\n<li><strong>Kohlmotte<\/strong><\/li>\n<\/ul>\n<p><img loading=\"lazy\" decoding=\"async\" class=\"alignleft wp-image-4519 size-thumbnail\" src=\"https:\/\/www.samenhaus.de\/gartenblog\/wp-content\/uploads\/2022\/05\/Weisskohl-und-Rotkohl_444108264-150x150.jpeg\" alt=\"Kohlmotte\" width=\"150\" height=\"150\" srcset=\"https:\/\/www.samenhaus.de\/gartenblog\/wp-content\/uploads\/2022\/05\/Weisskohl-und-Rotkohl_444108264-150x150.jpeg 150w, https:\/\/www.samenhaus.de\/gartenblog\/wp-content\/uploads\/2022\/05\/Weisskohl-und-Rotkohl_444108264-80x80.jpeg 80w\" sizes=\"auto, (max-width: 150px) 100vw, 150px\" \/>Diese Tierchen verursachen durch Fra\u00df erhebliche Sch\u00e4den und hinterlassen durchl\u00f6cherte Bl\u00e4tter. Auch hier bietet sich ein Kulturschutznetz (Maschengr\u00f6\u00dfe max. 1,35 x 1,35 mm) an. Bek\u00e4mpft werden kann die Kohlmotte durch den Einsatz von Schlupfwespen.<\/p>\n<p>&nbsp;<\/p>\n<p>&nbsp;<\/p>\n<ul>\n<li><strong>Mehlige Kohlblattlaus<\/strong><\/li>\n<\/ul>\n<p><img loading=\"lazy\" decoding=\"async\" class=\"alignleft wp-image-4523 size-thumbnail\" src=\"https:\/\/www.samenhaus.de\/gartenblog\/wp-content\/uploads\/2022\/05\/Weisskohl-und-Rotkohl_243112338-150x150.jpeg\" alt=\"Mehlige Kohlblattlaus\" width=\"150\" height=\"150\" srcset=\"https:\/\/www.samenhaus.de\/gartenblog\/wp-content\/uploads\/2022\/05\/Weisskohl-und-Rotkohl_243112338-150x150.jpeg 150w, https:\/\/www.samenhaus.de\/gartenblog\/wp-content\/uploads\/2022\/05\/Weisskohl-und-Rotkohl_243112338-80x80.jpeg 80w\" sizes=\"auto, (max-width: 150px) 100vw, 150px\" \/>Die saugenden Insekten sind mit einer puderartigen Substanz versehen und verursachen an Wei\u00dfkohl und Rotkohl gelbe Flecken, die wie kleine Bl\u00e4schen aussehen. Einen Befall vermeiden k\u00f6nnen Sie, indem Sie ein Pflanzenschutznetz (Maschengr\u00f6\u00dfe max. 0,8 x 0,8 mm) spannen. Entfernen Sie zudem alle \u00dcberreste der vergangenen Saison. Als Bek\u00e4mpfung haben sich Schlupfwespen bew\u00e4hrt. Befallene Bl\u00e4tter werden entfernt, der Rest des Kohls kann verzehrt werden.<\/p>\n<p>&nbsp;<\/p>\n<ul>\n<li><strong>Kleine Kohlfliege<\/strong><\/li>\n<\/ul>\n<p><img loading=\"lazy\" decoding=\"async\" class=\"alignleft wp-image-4518 size-thumbnail\" src=\"https:\/\/www.samenhaus.de\/gartenblog\/wp-content\/uploads\/2022\/05\/Weisskohl-und-Rotkohl_417077719-150x150.jpeg\" alt=\"Kleine Kohlfliege\" width=\"150\" height=\"150\" srcset=\"https:\/\/www.samenhaus.de\/gartenblog\/wp-content\/uploads\/2022\/05\/Weisskohl-und-Rotkohl_417077719-150x150.jpeg 150w, https:\/\/www.samenhaus.de\/gartenblog\/wp-content\/uploads\/2022\/05\/Weisskohl-und-Rotkohl_417077719-80x80.jpeg 80w\" sizes=\"auto, (max-width: 150px) 100vw, 150px\" \/>Die Eier werden in der Erde abgelegt, die Maden ern\u00e4hren sich von den Wurzeln. Die Folge: Die Bl\u00e4tter verwelken. Auch hier helfen ein Pflanzenschutznetz (0,8 x 0,8 mm Maschengr\u00f6\u00dfe), sowie das regelm\u00e4\u00dfige Entfernen von Unkraut. Betroffene Pflanzen m\u00fcssen meist vernichtet werden.<\/p>\n<p>&nbsp;<\/p>\n<p>&nbsp;<\/p>\n<ul>\n<li><strong>Kohlerdfloh<\/strong><\/li>\n<\/ul>\n<p><img loading=\"lazy\" decoding=\"async\" class=\"alignleft wp-image-4515 size-thumbnail\" src=\"https:\/\/www.samenhaus.de\/gartenblog\/wp-content\/uploads\/2022\/05\/Weisskohl-und-Rotkohl_369317663-150x150.jpeg\" alt=\"Kohlerdfloh\" width=\"150\" height=\"150\" srcset=\"https:\/\/www.samenhaus.de\/gartenblog\/wp-content\/uploads\/2022\/05\/Weisskohl-und-Rotkohl_369317663-150x150.jpeg 150w, https:\/\/www.samenhaus.de\/gartenblog\/wp-content\/uploads\/2022\/05\/Weisskohl-und-Rotkohl_369317663-80x80.jpeg 80w\" sizes=\"auto, (max-width: 150px) 100vw, 150px\" \/>Die kleinen K\u00e4fer fressen sich durch die Bl\u00e4tter und hinterlassen L\u00f6cher, an denen der Befall erkannt wird. Auch die Wurzeln k\u00f6nnen davon betroffen sein. Vorbeugend k\u00f6nnen Sie ein Pflanzenschutznetz (Maschengr\u00f6\u00dfe 0,8 x 0,8 mm) spannen. Zudem sollten Sie auf die Fruchtfolge achten und Unkr\u00e4uter regelm\u00e4\u00dfig entfernen. Auch regelm\u00e4\u00dfiges Harken und Gie\u00dfen kann einen Befall vorbeugen.<\/p>\n<p>&nbsp;<\/p>\n<ul>\n<li><strong>Thripse<\/strong><\/li>\n<\/ul>\n<p><img loading=\"lazy\" decoding=\"async\" class=\"alignleft wp-image-4514 size-thumbnail\" src=\"https:\/\/www.samenhaus.de\/gartenblog\/wp-content\/uploads\/2022\/05\/Weisskohl-und-Rotkohl_355949601-150x150.jpeg\" alt=\"Tripse\" width=\"150\" height=\"150\" srcset=\"https:\/\/www.samenhaus.de\/gartenblog\/wp-content\/uploads\/2022\/05\/Weisskohl-und-Rotkohl_355949601-150x150.jpeg 150w, https:\/\/www.samenhaus.de\/gartenblog\/wp-content\/uploads\/2022\/05\/Weisskohl-und-Rotkohl_355949601-80x80.jpeg 80w\" sizes=\"auto, (max-width: 150px) 100vw, 150px\" \/>Thripse stechen die Bl\u00e4tter an und saugen diese aus. Es entstehen kleine Flecken in Form von Warzen oder Streifen, die bronzefarben sind. Vorbeugende Ma\u00dfnahmen gibt es leider nicht, um einen Befall zu erkennen, k\u00f6nnen Klebefallen helfen. Der Einsatz von N\u00fctzlingen wie Raubwanzen, Florfliegen oder Nematoden ist bei der Bek\u00e4mpfung sinnvoll.<\/p>\n<p>&nbsp;<\/p>\n<p>&nbsp;<\/p>\n<h2><span class=\"ez-toc-section\" id=\"Leckeres_aus_Weisskohl_und_Rotkohl\"><\/span>Leckeres aus Wei\u00dfkohl und Rotkohl<span class=\"ez-toc-section-end\"><\/span><\/h2>\n<p>Zum Schluss noch ein Blick in die K\u00fcche und drei schmackhafte Rezepte, die Sie ganz einfach nachkochen k\u00f6nnen.<\/p>\n<h3><span class=\"ez-toc-section\" id=\"Coleslaw\"><\/span>Coleslaw<span class=\"ez-toc-section-end\"><\/span><\/h3>\n<p><img loading=\"lazy\" decoding=\"async\" class=\"size-medium wp-image-4511 alignright\" src=\"https:\/\/www.samenhaus.de\/gartenblog\/wp-content\/uploads\/2022\/05\/Weisskohl-und-Rotkohl_291554613-300x200.jpeg\" alt=\"Coleslaw\" width=\"300\" height=\"200\" srcset=\"https:\/\/www.samenhaus.de\/gartenblog\/wp-content\/uploads\/2022\/05\/Weisskohl-und-Rotkohl_291554613-300x200.jpeg 300w, https:\/\/www.samenhaus.de\/gartenblog\/wp-content\/uploads\/2022\/05\/Weisskohl-und-Rotkohl_291554613-600x400.jpeg 600w, https:\/\/www.samenhaus.de\/gartenblog\/wp-content\/uploads\/2022\/05\/Weisskohl-und-Rotkohl_291554613-2048x1365.jpeg 2048w, https:\/\/www.samenhaus.de\/gartenblog\/wp-content\/uploads\/2022\/05\/Weisskohl-und-Rotkohl_291554613-768x512.jpeg 768w, https:\/\/www.samenhaus.de\/gartenblog\/wp-content\/uploads\/2022\/05\/Weisskohl-und-Rotkohl_291554613-1024x683.jpeg 1024w, https:\/\/www.samenhaus.de\/gartenblog\/wp-content\/uploads\/2022\/05\/Weisskohl-und-Rotkohl_291554613-1536x1024.jpeg 1536w\" sizes=\"auto, (max-width: 300px) 100vw, 300px\" \/>Der aus Amerika stammende Coleslaw wird auch bei uns immer beliebter und gerne als Salat beim Grillen oder zu H\u00e4hnchen gereicht.<\/p>\n<p><strong>Das brauchen Sie:<\/strong><\/p>\n<ul>\n<li>1 Wei\u00dfkohl<\/li>\n<li>2-3 Karotten<\/li>\n<li>1 Zwiebeln<\/li>\n<li>4 EL Wei\u00dfweinessig<\/li>\n<li>150 g Saure Sahne<\/li>\n<li>6 EL Mayonnaise<\/li>\n<li>Zucker<\/li>\n<li>Salz und Pfeffer<\/li>\n<\/ul>\n<p><strong>Und so geht\u2019s:<\/strong><\/p>\n<ol>\n<li>Wei\u00dfkohl waschen, vierteln, den Strunk entfernen und in feine Streifen schneiden. Mit Salz w\u00fcrzen und in einer Sch\u00fcssel gut durchmengen.<\/li>\n<li>M\u00f6hren grob reiben, Zwiebeln w\u00fcrfeln und beides zum Kohl geben.<\/li>\n<li>F\u00fcr das Dressing den Essig, die Saure Sahne, die Mayonnaise und den Zucker verr\u00fchren, zum Salat geben und gut durchmengen. Mindestens 4 Stunden ziehen lassen.<\/li>\n<li>Zum Schluss mit Salz und Pfeffer, eventuell Zucker und Essig nachw\u00fcrzen.<\/li>\n<\/ol>\n<h3><span class=\"ez-toc-section\" id=\"Kohlrouladen\"><\/span>Kohlrouladen<span class=\"ez-toc-section-end\"><\/span><\/h3>\n<p><img loading=\"lazy\" decoding=\"async\" class=\"size-medium wp-image-4517 alignright\" src=\"https:\/\/www.samenhaus.de\/gartenblog\/wp-content\/uploads\/2022\/05\/Weisskohl-und-Rotkohl_404559668-300x200.jpeg\" alt=\"Kohlrouladen\" width=\"300\" height=\"200\" srcset=\"https:\/\/www.samenhaus.de\/gartenblog\/wp-content\/uploads\/2022\/05\/Weisskohl-und-Rotkohl_404559668-300x200.jpeg 300w, https:\/\/www.samenhaus.de\/gartenblog\/wp-content\/uploads\/2022\/05\/Weisskohl-und-Rotkohl_404559668-600x400.jpeg 600w, https:\/\/www.samenhaus.de\/gartenblog\/wp-content\/uploads\/2022\/05\/Weisskohl-und-Rotkohl_404559668-2048x1365.jpeg 2048w, https:\/\/www.samenhaus.de\/gartenblog\/wp-content\/uploads\/2022\/05\/Weisskohl-und-Rotkohl_404559668-768x512.jpeg 768w, https:\/\/www.samenhaus.de\/gartenblog\/wp-content\/uploads\/2022\/05\/Weisskohl-und-Rotkohl_404559668-1024x683.jpeg 1024w, https:\/\/www.samenhaus.de\/gartenblog\/wp-content\/uploads\/2022\/05\/Weisskohl-und-Rotkohl_404559668-1536x1024.jpeg 1536w\" sizes=\"auto, (max-width: 300px) 100vw, 300px\" \/>Diese Spezialit\u00e4t wird auch als Krautwickel bezeichnet und passt perfekt zu Kartoffeln oder Kartoffelbrei und einer braunen So\u00dfe.<\/p>\n<p><strong>Das brauchen Sie:<\/strong><\/p>\n<ul>\n<li>1 Wei\u00dfkohl<\/li>\n<li>500 g Hackfleisch<\/li>\n<li>1 altes Br\u00f6tchen<\/li>\n<li>1 Zwiebel<\/li>\n<li>1 Ei<\/li>\n<li>Senf<\/li>\n<li>Gemahlenen K\u00fcmmel<\/li>\n<li>Salz und Pfeffer<\/li>\n<\/ul>\n<p><strong>Und so geht\u00b4s:<\/strong><\/p>\n<ol>\n<li>Br\u00f6tchen in Wasser einweichen. Unterdessen die Zwiebel fein hacken und zusammen mit dem Ei, Salz, Pfeffer, Senf und dem ausgedr\u00fcckten Br\u00f6tchen gut vermengen.<\/li>\n<li>Wei\u00dfkohl teilen und einen Teil vierteln. Ein Viertel sehr fein hacken und zum Hackfleisch geben.<\/li>\n<li>Die H\u00e4lfte des Wei\u00dfkohls wird in einen Topf mit kochendem Wasser gegeben, bis die einzelnen Bl\u00e4tter gut weich sind und sich l\u00f6sen lassen.<\/li>\n<li>Entfernen Sie den Strunk, nehmen Sie zwei bis drei Kohlbl\u00e4tter, die Sie \u00fcbereinander legen und verteilen Sie das Hackfleisch darauf.<\/li>\n<li>Nun wird das Hackfleisch in den Kohlbl\u00e4ttern eingeschlagen und mit einem festen Garn umwickelt.<\/li>\n<li>Braten Sie Kohlrouladen nun in einem beschichteten Topf kr\u00e4ftig an und l\u00f6schen Sie mit dem Kohlwasser ab. Mit Salz und K\u00fcmmel w\u00fcrzen und garen lassen.<\/li>\n<li>Den restlichen Kohl k\u00f6nnen Sie kleinschneiden, zu den Krautwickeln in den Topf geben und als Beilage servieren.<\/li>\n<\/ol>\n<h3><span class=\"ez-toc-section\" id=\"Apfelrotkohl\"><\/span>Apfelrotkohl<span class=\"ez-toc-section-end\"><\/span><\/h3>\n<p><img loading=\"lazy\" decoding=\"async\" class=\"size-medium wp-image-4506 alignright\" src=\"https:\/\/www.samenhaus.de\/gartenblog\/wp-content\/uploads\/2022\/05\/Weisskohl-und-Rotkohl_80931490-300x214.jpeg\" alt=\"Apfelrotkohl\" width=\"300\" height=\"214\" \/>Besonders zu Entengerichten, aber auch zu vielen weiteren Fleischgerichten passt Apfelrotkohl ganz hervorragend.<\/p>\n<p><strong>Das brauchen Sie:<\/strong><\/p>\n<ul>\n<li>1 Rotkohl<\/li>\n<li>1 Zwiebeln<\/li>\n<li>2 Apfel (s\u00e4uerlich)<\/li>\n<li>2 EL Butter<\/li>\n<li>1 Gew\u00fcrznelke<\/li>\n<li>1 Lorbeerblatt<\/li>\n<li>Salz und Pfeffer<\/li>\n<\/ul>\n<p><strong>Und so geht\u00b4s:<\/strong><\/p>\n<ol>\n<li>Den Rotkohl waschen, vierteln und fein hobeln.<\/li>\n<li>Zwiebel fein hacken, \u00c4pfel w\u00fcrfeln.<\/li>\n<li>Die Zwiebeln in Butter anschwitzen, das Rotkraut dazugeben und 5 Minuten r\u00fchren.<\/li>\n<li>Nun f\u00fcgen Sie die \u00c4pfel und die Gew\u00fcrze zu und geben bei Bedarf noch etwas Wasser bei. Zugedeckt wird das Ganze nun 20 bis 30 Minuten gegart.<\/li>\n<\/ol>\n","protected":false},"excerpt":{"rendered":"<p>Wei\u00dfkohl und Rotkohl sind die beliebtesten Kohlarten \u00fcberhaupt. Sie punkten nicht nur aufgrund ihres Geschmacks, sondern auch bei den Inhaltsstoffen, denn Kohl ist gesund! Hinzu kommt, dass Kohlgem\u00fcse in der K\u00fcche vielf\u00e4ltig verwendet werden kann. Der Anbau beider Sorten ist nicht besonders kompliziert und nahezu gleich, was die Bedingungen und die Pflege anbelangt. Warum also nicht mal Wei\u00dfkohl und Rotkohl im Garten anpflanzen? Wei\u00dfkohl vs. Rotkohl \u2013 ein Vergleich Was unterscheidet beide Kohlsorten, au\u00dfer der Farbe? Welche Inhaltsstoffe sind zu finden und woher stammt der Kohl \u00fcberhaupt? Wei\u00dfkohl sowie Rotkohl sind Kohlarten, die zum sogenannten Kopfkohl geh\u00f6ren. Kopfkohl wiederum ist eine Zuchtform des Gem\u00fcsekohls. Bekannt war Kohl bereits zu Zeiten der R\u00f6mer, seit dem Mittelalter wird er auch bei uns angebaut. Urspr\u00fcnglich kommt er aus dem Mittelmeerraum. Kohl geh\u00f6rt zur Familie der Kreuzbl\u00fctengew\u00e4chse. Wei\u00dfkohl Rotkohl Alternative Namen Wei\u00dfkraut, Kohl, Kappes Blaukraut, Rotkraut Bl\u00e4tter Die \u00e4u\u00dferen Kohlbl\u00e4tter sind mit Wachs \u00fcberzogen, die Blattfarbe ist au\u00dfen gr\u00fcn bis gelb-gr\u00fcn, innen eher wei\u00df. Der Pflanzenfarbstoff Anthocyan f\u00e4rbt die Bl\u00e4tter rot-violett. N\u00e4hrwerte (100 g) Kalorien 25 23 Kohlenhydrate 3 g 3,5 g Fett 0,2 g 0,2 g Ballaststoffe 3 g 2,5 g Wassergehalt 90 % 91 % Salz 0,03 g 0,01 g Vitamin A [&hellip;]<\/p>\n","protected":false},"author":7,"featured_media":4521,"comment_status":"open","ping_status":"open","sticky":false,"template":"","format":"standard","meta":{"_acf_changed":false,"footnotes":""},"categories":[6],"tags":[],"hersteller":[],"class_list":["post-3944","post","type-post","status-publish","format-standard","has-post-thumbnail","hentry","category-gemuese"],"acf":[],"yoast_head":"<!-- This site is optimized with the Yoast SEO plugin v27.4 - https:\/\/yoast.com\/product\/yoast-seo-wordpress\/ -->\n<title>Alles rund um Wei\u00dfkohl und Rotkohl aus dem Garten - Samenhaus Gartenblog<\/title>\n<meta name=\"description\" content=\"Rotkohl und Wei\u00dfkohl geh\u00f6rt zu den beliebten Kohlsorten. Beim Anbau gibt es einiges zu beachten. Erfahren Sie, wie Sie auf eine reiche Ernte hoffen k\u00f6nnen.\" \/>\n<meta name=\"robots\" content=\"index, follow, max-snippet:-1, max-image-preview:large, max-video-preview:-1\" \/>\n<link rel=\"canonical\" href=\"https:\/\/www.samenhaus.de\/gartenblog\/alles-rund-um-weisskohl-und-rotkohl-aus-dem-garten\" \/>\n<meta property=\"og:locale\" content=\"de_DE\" \/>\n<meta property=\"og:type\" content=\"article\" \/>\n<meta property=\"og:title\" content=\"Alles rund um Wei\u00dfkohl und Rotkohl aus dem Garten - Samenhaus Gartenblog\" \/>\n<meta property=\"og:description\" content=\"Rotkohl und Wei\u00dfkohl geh\u00f6rt zu den beliebten Kohlsorten. Beim Anbau gibt es einiges zu beachten. Erfahren Sie, wie Sie auf eine reiche Ernte hoffen k\u00f6nnen.\" \/>\n<meta property=\"og:url\" content=\"https:\/\/www.samenhaus.de\/gartenblog\/alles-rund-um-weisskohl-und-rotkohl-aus-dem-garten\" \/>\n<meta property=\"og:site_name\" content=\"Samenhaus Gartenblog\" \/>\n<meta property=\"article:publisher\" content=\"https:\/\/de-de.facebook.com\/samenhaus\" \/>\n<meta property=\"article:published_time\" content=\"2022-05-20T09:00:21+00:00\" \/>\n<meta property=\"article:modified_time\" content=\"2023-07-13T10:40:05+00:00\" \/>\n<meta property=\"og:image\" content=\"https:\/\/www.samenhaus.de\/gartenblog\/wp-content\/uploads\/2022\/05\/Weisskohl-und-Rotkohl_170877809-scaled.jpeg\" \/>\n\t<meta property=\"og:image:width\" content=\"2560\" \/>\n\t<meta property=\"og:image:height\" content=\"1707\" \/>\n\t<meta property=\"og:image:type\" content=\"image\/jpeg\" \/>\n<meta name=\"author\" content=\"Fritz\" \/>\n<meta name=\"twitter:card\" content=\"summary_large_image\" \/>\n<meta name=\"twitter:creator\" content=\"@samenhaus\" \/>\n<meta name=\"twitter:site\" content=\"@samenhaus\" \/>\n<meta name=\"twitter:label1\" content=\"Verfasst von\" \/>\n\t<meta name=\"twitter:data1\" content=\"Fritz\" \/>\n\t<meta name=\"twitter:label2\" content=\"Gesch\u00e4tzte Lesezeit\" \/>\n\t<meta name=\"twitter:data2\" content=\"15\u00a0Minuten\" \/>\n<script type=\"application\/ld+json\" class=\"yoast-schema-graph\">{\"@context\":\"https:\\\/\\\/schema.org\",\"@graph\":[{\"@type\":\"Article\",\"@id\":\"https:\\\/\\\/www.samenhaus.de\\\/gartenblog\\\/alles-rund-um-weisskohl-und-rotkohl-aus-dem-garten#article\",\"isPartOf\":{\"@id\":\"https:\\\/\\\/www.samenhaus.de\\\/gartenblog\\\/alles-rund-um-weisskohl-und-rotkohl-aus-dem-garten\"},\"author\":{\"name\":\"Fritz\",\"@id\":\"https:\\\/\\\/www.samenhaus.de\\\/gartenblog\\\/#\\\/schema\\\/person\\\/a0608c49bb909de7ed33e44abc853c6b\"},\"headline\":\"Alles rund um Wei\u00dfkohl und Rotkohl aus dem Garten\",\"datePublished\":\"2022-05-20T09:00:21+00:00\",\"dateModified\":\"2023-07-13T10:40:05+00:00\",\"mainEntityOfPage\":{\"@id\":\"https:\\\/\\\/www.samenhaus.de\\\/gartenblog\\\/alles-rund-um-weisskohl-und-rotkohl-aus-dem-garten\"},\"wordCount\":2134,\"commentCount\":0,\"publisher\":{\"@id\":\"https:\\\/\\\/www.samenhaus.de\\\/gartenblog\\\/#organization\"},\"image\":{\"@id\":\"https:\\\/\\\/www.samenhaus.de\\\/gartenblog\\\/alles-rund-um-weisskohl-und-rotkohl-aus-dem-garten#primaryimage\"},\"thumbnailUrl\":\"https:\\\/\\\/www.samenhaus.de\\\/gartenblog\\\/wp-content\\\/uploads\\\/2022\\\/05\\\/Weisskohl-und-Rotkohl_170877809-scaled.jpeg\",\"articleSection\":[\"Gem\u00fcse\"],\"inLanguage\":\"de\",\"potentialAction\":[{\"@type\":\"CommentAction\",\"name\":\"Comment\",\"target\":[\"https:\\\/\\\/www.samenhaus.de\\\/gartenblog\\\/alles-rund-um-weisskohl-und-rotkohl-aus-dem-garten#respond\"]}],\"copyrightYear\":\"2022\",\"copyrightHolder\":{\"@id\":\"https:\\\/\\\/www.samenhaus.de\\\/gartenblog\\\/#organization\"}},{\"@type\":\"WebPage\",\"@id\":\"https:\\\/\\\/www.samenhaus.de\\\/gartenblog\\\/alles-rund-um-weisskohl-und-rotkohl-aus-dem-garten\",\"url\":\"https:\\\/\\\/www.samenhaus.de\\\/gartenblog\\\/alles-rund-um-weisskohl-und-rotkohl-aus-dem-garten\",\"name\":\"Alles rund um Wei\u00dfkohl und Rotkohl aus dem Garten - Samenhaus Gartenblog\",\"isPartOf\":{\"@id\":\"https:\\\/\\\/www.samenhaus.de\\\/gartenblog\\\/#website\"},\"primaryImageOfPage\":{\"@id\":\"https:\\\/\\\/www.samenhaus.de\\\/gartenblog\\\/alles-rund-um-weisskohl-und-rotkohl-aus-dem-garten#primaryimage\"},\"image\":{\"@id\":\"https:\\\/\\\/www.samenhaus.de\\\/gartenblog\\\/alles-rund-um-weisskohl-und-rotkohl-aus-dem-garten#primaryimage\"},\"thumbnailUrl\":\"https:\\\/\\\/www.samenhaus.de\\\/gartenblog\\\/wp-content\\\/uploads\\\/2022\\\/05\\\/Weisskohl-und-Rotkohl_170877809-scaled.jpeg\",\"datePublished\":\"2022-05-20T09:00:21+00:00\",\"dateModified\":\"2023-07-13T10:40:05+00:00\",\"description\":\"Rotkohl und Wei\u00dfkohl geh\u00f6rt zu den beliebten Kohlsorten. Beim Anbau gibt es einiges zu beachten. Erfahren Sie, wie Sie auf eine reiche Ernte hoffen k\u00f6nnen.\",\"breadcrumb\":{\"@id\":\"https:\\\/\\\/www.samenhaus.de\\\/gartenblog\\\/alles-rund-um-weisskohl-und-rotkohl-aus-dem-garten#breadcrumb\"},\"inLanguage\":\"de\",\"potentialAction\":[{\"@type\":\"ReadAction\",\"target\":[\"https:\\\/\\\/www.samenhaus.de\\\/gartenblog\\\/alles-rund-um-weisskohl-und-rotkohl-aus-dem-garten\"]}]},{\"@type\":\"ImageObject\",\"inLanguage\":\"de\",\"@id\":\"https:\\\/\\\/www.samenhaus.de\\\/gartenblog\\\/alles-rund-um-weisskohl-und-rotkohl-aus-dem-garten#primaryimage\",\"url\":\"https:\\\/\\\/www.samenhaus.de\\\/gartenblog\\\/wp-content\\\/uploads\\\/2022\\\/05\\\/Weisskohl-und-Rotkohl_170877809-scaled.jpeg\",\"contentUrl\":\"https:\\\/\\\/www.samenhaus.de\\\/gartenblog\\\/wp-content\\\/uploads\\\/2022\\\/05\\\/Weisskohl-und-Rotkohl_170877809-scaled.jpeg\",\"width\":2560,\"height\":1707,\"caption\":\"Wei\u00dfkohl Rotkohl\"},{\"@type\":\"BreadcrumbList\",\"@id\":\"https:\\\/\\\/www.samenhaus.de\\\/gartenblog\\\/alles-rund-um-weisskohl-und-rotkohl-aus-dem-garten#breadcrumb\",\"itemListElement\":[{\"@type\":\"ListItem\",\"position\":1,\"name\":\"Startseite\",\"item\":\"https:\\\/\\\/www.samenhaus.de\\\/gartenblog\\\/\"},{\"@type\":\"ListItem\",\"position\":2,\"name\":\"Alles rund um Wei\u00dfkohl und Rotkohl aus dem Garten\"}]},{\"@type\":\"WebSite\",\"@id\":\"https:\\\/\\\/www.samenhaus.de\\\/gartenblog\\\/#website\",\"url\":\"https:\\\/\\\/www.samenhaus.de\\\/gartenblog\\\/\",\"name\":\"Samenhaus Gartenblog\",\"description\":\"\",\"publisher\":{\"@id\":\"https:\\\/\\\/www.samenhaus.de\\\/gartenblog\\\/#organization\"},\"potentialAction\":[{\"@type\":\"SearchAction\",\"target\":{\"@type\":\"EntryPoint\",\"urlTemplate\":\"https:\\\/\\\/www.samenhaus.de\\\/gartenblog\\\/?s={search_term_string}\"},\"query-input\":{\"@type\":\"PropertyValueSpecification\",\"valueRequired\":true,\"valueName\":\"search_term_string\"}}],\"inLanguage\":\"de\"},{\"@type\":\"Organization\",\"@id\":\"https:\\\/\\\/www.samenhaus.de\\\/gartenblog\\\/#organization\",\"name\":\"Samenhaus.de Gartenblog\",\"url\":\"https:\\\/\\\/www.samenhaus.de\\\/gartenblog\\\/\",\"logo\":{\"@type\":\"ImageObject\",\"inLanguage\":\"de\",\"@id\":\"https:\\\/\\\/www.samenhaus.de\\\/gartenblog\\\/#\\\/schema\\\/logo\\\/image\\\/\",\"url\":\"https:\\\/\\\/www.samenhaus.de\\\/gartenblog\\\/wp-content\\\/uploads\\\/2020\\\/11\\\/logo.svg\",\"contentUrl\":\"https:\\\/\\\/www.samenhaus.de\\\/gartenblog\\\/wp-content\\\/uploads\\\/2020\\\/11\\\/logo.svg\",\"width\":1,\"height\":1,\"caption\":\"Samenhaus.de Gartenblog\"},\"image\":{\"@id\":\"https:\\\/\\\/www.samenhaus.de\\\/gartenblog\\\/#\\\/schema\\\/logo\\\/image\\\/\"},\"sameAs\":[\"https:\\\/\\\/de-de.facebook.com\\\/samenhaus\",\"https:\\\/\\\/x.com\\\/samenhaus\"]},{\"@type\":\"Person\",\"@id\":\"https:\\\/\\\/www.samenhaus.de\\\/gartenblog\\\/#\\\/schema\\\/person\\\/a0608c49bb909de7ed33e44abc853c6b\",\"name\":\"Fritz\",\"image\":{\"@type\":\"ImageObject\",\"inLanguage\":\"de\",\"@id\":\"https:\\\/\\\/www.samenhaus.de\\\/gartenblog\\\/wp-content\\\/uploads\\\/2024\\\/11\\\/Tobi-1-150x150.jpg\",\"url\":\"https:\\\/\\\/www.samenhaus.de\\\/gartenblog\\\/wp-content\\\/uploads\\\/2024\\\/11\\\/Tobi-1-150x150.jpg\",\"contentUrl\":\"https:\\\/\\\/www.samenhaus.de\\\/gartenblog\\\/wp-content\\\/uploads\\\/2024\\\/11\\\/Tobi-1-150x150.jpg\",\"caption\":\"Fritz\"},\"description\":\"Das ist Fritz. Er steht f\u00fcr all die erfahrenen G\u00e4rtner und Selbstversorger, die ihr Wissen und ihre Erfahrungen auf dem Gartenblog mit Ihnen teilen. Mit Tipps und Tricks f\u00fcr den Garten, den Balkon und die K\u00fcche steht Fritz Ihnen zur Seite.\",\"url\":\"https:\\\/\\\/www.samenhaus.de\\\/gartenblog\\\/author\\\/tobias\"}]}<\/script>\n<!-- \/ Yoast SEO plugin. -->","yoast_head_json":{"title":"Alles rund um Wei\u00dfkohl und Rotkohl aus dem Garten - Samenhaus Gartenblog","description":"Rotkohl und Wei\u00dfkohl geh\u00f6rt zu den beliebten Kohlsorten. Beim Anbau gibt es einiges zu beachten. Erfahren Sie, wie Sie auf eine reiche Ernte hoffen k\u00f6nnen.","robots":{"index":"index","follow":"follow","max-snippet":"max-snippet:-1","max-image-preview":"max-image-preview:large","max-video-preview":"max-video-preview:-1"},"canonical":"https:\/\/www.samenhaus.de\/gartenblog\/alles-rund-um-weisskohl-und-rotkohl-aus-dem-garten","og_locale":"de_DE","og_type":"article","og_title":"Alles rund um Wei\u00dfkohl und Rotkohl aus dem Garten - Samenhaus Gartenblog","og_description":"Rotkohl und Wei\u00dfkohl geh\u00f6rt zu den beliebten Kohlsorten. Beim Anbau gibt es einiges zu beachten. Erfahren Sie, wie Sie auf eine reiche Ernte hoffen k\u00f6nnen.","og_url":"https:\/\/www.samenhaus.de\/gartenblog\/alles-rund-um-weisskohl-und-rotkohl-aus-dem-garten","og_site_name":"Samenhaus Gartenblog","article_publisher":"https:\/\/de-de.facebook.com\/samenhaus","article_published_time":"2022-05-20T09:00:21+00:00","article_modified_time":"2023-07-13T10:40:05+00:00","og_image":[{"width":2560,"height":1707,"url":"https:\/\/www.samenhaus.de\/gartenblog\/wp-content\/uploads\/2022\/05\/Weisskohl-und-Rotkohl_170877809-scaled.jpeg","type":"image\/jpeg"}],"author":"Fritz","twitter_card":"summary_large_image","twitter_creator":"@samenhaus","twitter_site":"@samenhaus","twitter_misc":{"Verfasst von":"Fritz","Gesch\u00e4tzte Lesezeit":"15\u00a0Minuten"},"schema":{"@context":"https:\/\/schema.org","@graph":[{"@type":"Article","@id":"https:\/\/www.samenhaus.de\/gartenblog\/alles-rund-um-weisskohl-und-rotkohl-aus-dem-garten#article","isPartOf":{"@id":"https:\/\/www.samenhaus.de\/gartenblog\/alles-rund-um-weisskohl-und-rotkohl-aus-dem-garten"},"author":{"name":"Fritz","@id":"https:\/\/www.samenhaus.de\/gartenblog\/#\/schema\/person\/a0608c49bb909de7ed33e44abc853c6b"},"headline":"Alles rund um Wei\u00dfkohl und Rotkohl aus dem Garten","datePublished":"2022-05-20T09:00:21+00:00","dateModified":"2023-07-13T10:40:05+00:00","mainEntityOfPage":{"@id":"https:\/\/www.samenhaus.de\/gartenblog\/alles-rund-um-weisskohl-und-rotkohl-aus-dem-garten"},"wordCount":2134,"commentCount":0,"publisher":{"@id":"https:\/\/www.samenhaus.de\/gartenblog\/#organization"},"image":{"@id":"https:\/\/www.samenhaus.de\/gartenblog\/alles-rund-um-weisskohl-und-rotkohl-aus-dem-garten#primaryimage"},"thumbnailUrl":"https:\/\/www.samenhaus.de\/gartenblog\/wp-content\/uploads\/2022\/05\/Weisskohl-und-Rotkohl_170877809-scaled.jpeg","articleSection":["Gem\u00fcse"],"inLanguage":"de","potentialAction":[{"@type":"CommentAction","name":"Comment","target":["https:\/\/www.samenhaus.de\/gartenblog\/alles-rund-um-weisskohl-und-rotkohl-aus-dem-garten#respond"]}],"copyrightYear":"2022","copyrightHolder":{"@id":"https:\/\/www.samenhaus.de\/gartenblog\/#organization"}},{"@type":"WebPage","@id":"https:\/\/www.samenhaus.de\/gartenblog\/alles-rund-um-weisskohl-und-rotkohl-aus-dem-garten","url":"https:\/\/www.samenhaus.de\/gartenblog\/alles-rund-um-weisskohl-und-rotkohl-aus-dem-garten","name":"Alles rund um Wei\u00dfkohl und Rotkohl aus dem Garten - Samenhaus Gartenblog","isPartOf":{"@id":"https:\/\/www.samenhaus.de\/gartenblog\/#website"},"primaryImageOfPage":{"@id":"https:\/\/www.samenhaus.de\/gartenblog\/alles-rund-um-weisskohl-und-rotkohl-aus-dem-garten#primaryimage"},"image":{"@id":"https:\/\/www.samenhaus.de\/gartenblog\/alles-rund-um-weisskohl-und-rotkohl-aus-dem-garten#primaryimage"},"thumbnailUrl":"https:\/\/www.samenhaus.de\/gartenblog\/wp-content\/uploads\/2022\/05\/Weisskohl-und-Rotkohl_170877809-scaled.jpeg","datePublished":"2022-05-20T09:00:21+00:00","dateModified":"2023-07-13T10:40:05+00:00","description":"Rotkohl und Wei\u00dfkohl geh\u00f6rt zu den beliebten Kohlsorten. Beim Anbau gibt es einiges zu beachten. Erfahren Sie, wie Sie auf eine reiche Ernte hoffen k\u00f6nnen.","breadcrumb":{"@id":"https:\/\/www.samenhaus.de\/gartenblog\/alles-rund-um-weisskohl-und-rotkohl-aus-dem-garten#breadcrumb"},"inLanguage":"de","potentialAction":[{"@type":"ReadAction","target":["https:\/\/www.samenhaus.de\/gartenblog\/alles-rund-um-weisskohl-und-rotkohl-aus-dem-garten"]}]},{"@type":"ImageObject","inLanguage":"de","@id":"https:\/\/www.samenhaus.de\/gartenblog\/alles-rund-um-weisskohl-und-rotkohl-aus-dem-garten#primaryimage","url":"https:\/\/www.samenhaus.de\/gartenblog\/wp-content\/uploads\/2022\/05\/Weisskohl-und-Rotkohl_170877809-scaled.jpeg","contentUrl":"https:\/\/www.samenhaus.de\/gartenblog\/wp-content\/uploads\/2022\/05\/Weisskohl-und-Rotkohl_170877809-scaled.jpeg","width":2560,"height":1707,"caption":"Wei\u00dfkohl Rotkohl"},{"@type":"BreadcrumbList","@id":"https:\/\/www.samenhaus.de\/gartenblog\/alles-rund-um-weisskohl-und-rotkohl-aus-dem-garten#breadcrumb","itemListElement":[{"@type":"ListItem","position":1,"name":"Startseite","item":"https:\/\/www.samenhaus.de\/gartenblog\/"},{"@type":"ListItem","position":2,"name":"Alles rund um Wei\u00dfkohl und Rotkohl aus dem Garten"}]},{"@type":"WebSite","@id":"https:\/\/www.samenhaus.de\/gartenblog\/#website","url":"https:\/\/www.samenhaus.de\/gartenblog\/","name":"Samenhaus Gartenblog","description":"","publisher":{"@id":"https:\/\/www.samenhaus.de\/gartenblog\/#organization"},"potentialAction":[{"@type":"SearchAction","target":{"@type":"EntryPoint","urlTemplate":"https:\/\/www.samenhaus.de\/gartenblog\/?s={search_term_string}"},"query-input":{"@type":"PropertyValueSpecification","valueRequired":true,"valueName":"search_term_string"}}],"inLanguage":"de"},{"@type":"Organization","@id":"https:\/\/www.samenhaus.de\/gartenblog\/#organization","name":"Samenhaus.de Gartenblog","url":"https:\/\/www.samenhaus.de\/gartenblog\/","logo":{"@type":"ImageObject","inLanguage":"de","@id":"https:\/\/www.samenhaus.de\/gartenblog\/#\/schema\/logo\/image\/","url":"https:\/\/www.samenhaus.de\/gartenblog\/wp-content\/uploads\/2020\/11\/logo.svg","contentUrl":"https:\/\/www.samenhaus.de\/gartenblog\/wp-content\/uploads\/2020\/11\/logo.svg","width":1,"height":1,"caption":"Samenhaus.de Gartenblog"},"image":{"@id":"https:\/\/www.samenhaus.de\/gartenblog\/#\/schema\/logo\/image\/"},"sameAs":["https:\/\/de-de.facebook.com\/samenhaus","https:\/\/x.com\/samenhaus"]},{"@type":"Person","@id":"https:\/\/www.samenhaus.de\/gartenblog\/#\/schema\/person\/a0608c49bb909de7ed33e44abc853c6b","name":"Fritz","image":{"@type":"ImageObject","inLanguage":"de","@id":"https:\/\/www.samenhaus.de\/gartenblog\/wp-content\/uploads\/2024\/11\/Tobi-1-150x150.jpg","url":"https:\/\/www.samenhaus.de\/gartenblog\/wp-content\/uploads\/2024\/11\/Tobi-1-150x150.jpg","contentUrl":"https:\/\/www.samenhaus.de\/gartenblog\/wp-content\/uploads\/2024\/11\/Tobi-1-150x150.jpg","caption":"Fritz"},"description":"Das ist Fritz. Er steht f\u00fcr all die erfahrenen G\u00e4rtner und Selbstversorger, die ihr Wissen und ihre Erfahrungen auf dem Gartenblog mit Ihnen teilen. Mit Tipps und Tricks f\u00fcr den Garten, den Balkon und die K\u00fcche steht Fritz Ihnen zur Seite.","url":"https:\/\/www.samenhaus.de\/gartenblog\/author\/tobias"}]}},"wp-worthy-pixel":{"ignored":false,"public":null,"server":null,"url":null},"wp-worthy-type":"normal","_links":{"self":[{"href":"https:\/\/www.samenhaus.de\/gartenblog\/wp-json\/wp\/v2\/posts\/3944","targetHints":{"allow":["GET"]}}],"collection":[{"href":"https:\/\/www.samenhaus.de\/gartenblog\/wp-json\/wp\/v2\/posts"}],"about":[{"href":"https:\/\/www.samenhaus.de\/gartenblog\/wp-json\/wp\/v2\/types\/post"}],"author":[{"embeddable":true,"href":"https:\/\/www.samenhaus.de\/gartenblog\/wp-json\/wp\/v2\/users\/7"}],"replies":[{"embeddable":true,"href":"https:\/\/www.samenhaus.de\/gartenblog\/wp-json\/wp\/v2\/comments?post=3944"}],"version-history":[{"count":8,"href":"https:\/\/www.samenhaus.de\/gartenblog\/wp-json\/wp\/v2\/posts\/3944\/revisions"}],"predecessor-version":[{"id":12597,"href":"https:\/\/www.samenhaus.de\/gartenblog\/wp-json\/wp\/v2\/posts\/3944\/revisions\/12597"}],"wp:featuredmedia":[{"embeddable":true,"href":"https:\/\/www.samenhaus.de\/gartenblog\/wp-json\/wp\/v2\/media\/4521"}],"wp:attachment":[{"href":"https:\/\/www.samenhaus.de\/gartenblog\/wp-json\/wp\/v2\/media?parent=3944"}],"wp:term":[{"taxonomy":"category","embeddable":true,"href":"https:\/\/www.samenhaus.de\/gartenblog\/wp-json\/wp\/v2\/categories?post=3944"},{"taxonomy":"post_tag","embeddable":true,"href":"https:\/\/www.samenhaus.de\/gartenblog\/wp-json\/wp\/v2\/tags?post=3944"},{"taxonomy":"hersteller","embeddable":true,"href":"https:\/\/www.samenhaus.de\/gartenblog\/wp-json\/wp\/v2\/hersteller?post=3944"}],"curies":[{"name":"wp","href":"https:\/\/api.w.org\/{rel}","templated":true}]}}