{"id":3948,"date":"2022-10-04T09:00:01","date_gmt":"2022-10-04T09:00:01","guid":{"rendered":"https:\/\/www.samenhaus.de\/gartenblog\/?p=3948"},"modified":"2023-08-11T08:41:37","modified_gmt":"2023-08-11T08:41:37","slug":"gartengeraete-fit-fuer-den-winter-machen","status":"publish","type":"post","link":"https:\/\/www.samenhaus.de\/gartenblog\/gartengeraete-fit-fuer-den-winter-machen","title":{"rendered":"Gartenger\u00e4te fit f\u00fcr den Winter machen"},"content":{"rendered":"<p>Die Saison neigt sich langsam dem Ende entgegen, die letzten Arbeiten im Garten sind erledigt, nun hei\u00dft es zur\u00fccklehnen und vielleicht schon f\u00fcr die n\u00e4chste Saison planen. Aber Halt! Haben wir da nicht etwas Entscheidendes vergessen? Denn die Gartenger\u00e4te, die wir den Sommer \u00fcber stark beansprucht haben, sollten vor dem Einlagern ins Winterquartier noch einmal in Augenschein genommen werden. Nehmen Sie sich also ein bisschen Zeit, um diese auf Vordermann zu bringen, damit sie im Fr\u00fchling wieder einsatzbereit sind.<\/p>\n<h2><span class=\"ez-toc-section\" id=\"Warum_die_Pflege_von_Gartengeraeten_wichtig_ist\"><\/span>Warum die Pflege von Gartenger\u00e4ten wichtig ist<span class=\"ez-toc-section-end\"><\/span><\/h2>\n<p><img loading=\"lazy\" decoding=\"async\" class=\"size-medium wp-image-5232 alignright\" src=\"https:\/\/www.samenhaus.de\/gartenblog\/wp-content\/uploads\/2022\/06\/Gartengeraete-reinigen_41520918-300x200.jpeg\" alt=\"Ger\u00e4te Garten\" width=\"300\" height=\"200\" srcset=\"https:\/\/www.samenhaus.de\/gartenblog\/wp-content\/uploads\/2022\/06\/Gartengeraete-reinigen_41520918-300x200.jpeg 300w, https:\/\/www.samenhaus.de\/gartenblog\/wp-content\/uploads\/2022\/06\/Gartengeraete-reinigen_41520918-600x400.jpeg 600w, https:\/\/www.samenhaus.de\/gartenblog\/wp-content\/uploads\/2022\/06\/Gartengeraete-reinigen_41520918-2048x1365.jpeg 2048w, https:\/\/www.samenhaus.de\/gartenblog\/wp-content\/uploads\/2022\/06\/Gartengeraete-reinigen_41520918-768x512.jpeg 768w, https:\/\/www.samenhaus.de\/gartenblog\/wp-content\/uploads\/2022\/06\/Gartengeraete-reinigen_41520918-1024x683.jpeg 1024w, https:\/\/www.samenhaus.de\/gartenblog\/wp-content\/uploads\/2022\/06\/Gartengeraete-reinigen_41520918-1536x1024.jpeg 1536w\" sizes=\"auto, (max-width: 300px) 100vw, 300px\" \/>Der Begriff Gartenger\u00e4te ist weitreichend. Darunter f\u00e4llt der Rasenm\u00e4her ebenso, wie die Harke, die Gie\u00dfkanne und der Gartenschlauch. All das wird nun einige Monate nicht ben\u00f6tigt und sollte deshalb gereinigt, auf Funktionalit\u00e4t gepr\u00fcft, gegebenenfalls repariert und gesch\u00fctzt eingelagert werden. Aber warum eigentlich? Was kann schon passieren, wenn die Harke noch mit Erde behaftet ist oder der Rasenm\u00e4her nicht gereinigt wird?<\/p>\n<p>Verschmutzungen k\u00f6nnen die Funktionalit\u00e4t von Ger\u00e4tschaften beeintr\u00e4chtigen. Verunreinigungen setzen sich fest und blockieren wom\u00f6glich geschmeidige Teile. Feuchtigkeit kann zu Rostsch\u00e4den f\u00fchren. Schmutz ist f\u00fcr das Stumpfwerden von Scheren und Messern verantwortlich und alte Erdreste k\u00f6nnen Krankheiten und Sch\u00e4dlinge ins n\u00e4chste Jahr mitnehmen. Das waren nur vier Beispiele, warum es wichtig ist, Gartenger\u00e4te fit f\u00fcr den Winter zu machen.<\/p>\n<h2><span class=\"ez-toc-section\" id=\"Gartengeraete_reinigen\"><\/span>Gartenger\u00e4te reinigen<span class=\"ez-toc-section-end\"><\/span><\/h2>\n<p>Am einfachsten ist wohl die Reinigung von Ger\u00e4ten wie Rechen, Schaufel, Harke, Grabegabel, Unkrautstecher, Axt, und Spaten. Diese Gartenger\u00e4te bestehen aus Metall, manche haben einen Holzstiel. Und so gehen Sie vor:<\/p>\n<ol>\n<li>Grober Schmutz wird mit einem Besen entfernt.<\/li>\n<li>Um dem feinen Schmutz Herr zu werden, verwenden Sie am besten eine Drahtb\u00fcrste oder Stahlwolle. So entfernen Sie auch hartn\u00e4ckigen Schmutz, der sich am Metall festgesetzt hat.<\/li>\n<li>Hat sich bereits Rost gebildet, k\u00f6nnen Sie diesen mit zwei einfachen Hausmitteln entfernen: Die betroffenen Stellen werden mit Salz eingerieben, danach wird Zitronensaft dar\u00fcber getr\u00e4ufelt. Nun lassen Sie das Ganze zwei Stunden einwirken und reinigen mit Stahlwolle nach. Alternativ stellen Sie aus Backpulver und Wasser eine Paste her, die Sie auf die rostigen Stellen geben und einwirken lassen. Und auch eine Behandlung mit Essig ist m\u00f6glich, um Rost zu entfernen.<\/li>\n<li>Haben Ihre Gartenger\u00e4te Holzstiele, sollten Sie diese mit Oliven\u00f6l einreiben, so werden sie vor N\u00e4sse und Schimmel gesch\u00fctzt.<\/li>\n<\/ol>\n<p>Dann gibt es wichtige Gartenger\u00e4te, mit denen wir Stauden, Hecken und B\u00e4ume schneiden. Dazu geh\u00f6ren: Gartenscheren, Heckenscheren, Astscheren, Rasentrimmer und Gartenmesser. All diese Ger\u00e4te haben Klingen, die nicht nur gereinigt und gepflegt, sondern auch geschliffen werden sollten.<\/p>\n<ol>\n<li>Entfernen Sie losen Schmutz von den Ger\u00e4ten.<\/li>\n<li>Wenn m\u00f6glich, bauen Sie die Ger\u00e4te auseinander, um auch Bereiche reinigen zu k\u00f6nnen, die Sie sonst nicht erreichen.<\/li>\n<li>Eine gr\u00fcndliche Reinigung erreichen Sie anschlie\u00dfend mit Waschbenzin und einem Lappen oder Schwamm.<\/li>\n<li>Scharniere oder Gelenke sollten Sie regelm\u00e4\u00dfig mit Kriech\u00f6l einspr\u00fchen, damit diese geschmeidig bleiben.<\/li>\n<li>Das Einreiben der Ger\u00e4te mit \u00d6l sorgt neben der zus\u00e4tzlich reinigenden Wirkung daf\u00fcr, dass kein Rost entsteht.<\/li>\n<li>Befinden sich bereits Roststellen an den Gartenger\u00e4ten, dann entfernen Sie diese wie oben besprochen.<\/li>\n<li>F\u00fcr eine optimale Funktionalit\u00e4t sollten die Scheren und Messer auf ihre Sch\u00e4rfe kontrolliert und bei Bedarf geschliffen werden. Dies erreichen Sie mit einem Schleifstein, mit einem Handschleifer oder mit einer Metall- und Diamantfeile.<\/li>\n<li>Holzstiele werden auch hier mit Oliven\u00f6l eingerieben, um sie vor N\u00e4sse und Schimmelbildung zu sch\u00fctzen.<\/li>\n<\/ol>\n<p><img loading=\"lazy\" decoding=\"async\" class=\"size-medium wp-image-5235 alignright\" src=\"https:\/\/www.samenhaus.de\/gartenblog\/wp-content\/uploads\/2022\/06\/Gartengeraete-reinigen_228000479-300x200.jpeg\" alt=\"Rasenm\u00e4her reinigen\" width=\"300\" height=\"200\" srcset=\"https:\/\/www.samenhaus.de\/gartenblog\/wp-content\/uploads\/2022\/06\/Gartengeraete-reinigen_228000479-300x200.jpeg 300w, https:\/\/www.samenhaus.de\/gartenblog\/wp-content\/uploads\/2022\/06\/Gartengeraete-reinigen_228000479-600x400.jpeg 600w, https:\/\/www.samenhaus.de\/gartenblog\/wp-content\/uploads\/2022\/06\/Gartengeraete-reinigen_228000479-2048x1365.jpeg 2048w, https:\/\/www.samenhaus.de\/gartenblog\/wp-content\/uploads\/2022\/06\/Gartengeraete-reinigen_228000479-768x512.jpeg 768w, https:\/\/www.samenhaus.de\/gartenblog\/wp-content\/uploads\/2022\/06\/Gartengeraete-reinigen_228000479-1024x683.jpeg 1024w, https:\/\/www.samenhaus.de\/gartenblog\/wp-content\/uploads\/2022\/06\/Gartengeraete-reinigen_228000479-1536x1024.jpeg 1536w\" sizes=\"auto, (max-width: 300px) 100vw, 300px\" \/>Kommen wir zu motorisierten Gartenger\u00e4ten, die eine etwas intensivere Pflege ben\u00f6tigen. Dazu z\u00e4hlen Rasenm\u00e4her ebenso, wie Vertikutierer, Bodenhacker, Rasenl\u00fcfter, Heckenschere, Kettens\u00e4ge, Laubsauger, Laubbl\u00e4ser, Rasentrimmer etc. Da bei vielen dieser Ger\u00e4te scharfe Klingen vorhanden sind, arbeiten Sie bitte immer mit entsprechender Schutzausr\u00fcstung.<\/p>\n<ol>\n<li>Zuerst werden die Ger\u00e4te von grobem Schmutz befreit, dazu ist ein Handbesen die beste Wahl.<\/li>\n<li>Nun geht es daran, die \u00fcbrigen Ablagerungen zu entfernen. Laub und Gras k\u00f6nnen im Laufe der Zeit g\u00e4ren und das Metall nachhaltig sch\u00e4digen. Entfernen Sie dies am besten mit einem Lappen und einer B\u00fcrste.<\/li>\n<li>Sofern Sie Kenntnisse besitzen, k\u00f6nnen Sie bewegliche Teile mit den passenden Werkzeugen entfernen, um die Ger\u00e4te noch gr\u00fcndlicher zu reinigen.<\/li>\n<li>Vergessen Sie auch nicht die Kunststoffteile der Gartenger\u00e4te zu s\u00e4ubern.<\/li>\n<li>Bei benzinbetriebenen Ger\u00e4ten sollten Sie die Luftfilter kontrollieren und n\u00f6tigenfalls austauschen. Auch die Kontrolle des \u00d6lstandes ist wichtig.<\/li>\n<li>Sind die M\u00e4hmesser stumpf, m\u00fcssen diese nachgeschliffen werden. Haben Sie keine Kenntnisse oder keine Mittel, hilft Ihnen der Fachh\u00e4ndler weiter.<\/li>\n<li>Haben Sie Ger\u00e4te, die mit Akku betrieben werden, sollte dieser immer aus dem Ger\u00e4t genommen und trocken sowie warm gelagert werden.<\/li>\n<li>Damit es im Fr\u00fchjahr keine Probleme mit dem Starten der Motoren gibt, werden Gartenger\u00e4te, die mit Kraftstoff betrieben werden, geleert. Damit keine Benzinreste \u00fcbrigbleiben, lassen Sie das Ger\u00e4t so lange laufen, bis es von selbst ausgeht. Die Gr\u00fcnde sind zum einen, dass Benzin im Laufe der Zeit seine Z\u00fcndf\u00e4higkeit verliert, zum anderen setzt sich bei Zweitaktmotoren mit einem Gemisch aus Kraftstoff und \u00d6l bei l\u00e4ngerer Standzeit das \u00d6l ab und kann damit die Hauptd\u00fcse im Vergaser verstopfen.<\/li>\n<li>Um Rost zu vermeiden, sollten Sie die Ger\u00e4te nun noch mit \u00d6l behandeln.<\/li>\n<\/ol>\n<h2><span class=\"ez-toc-section\" id=\"Und_was_ist_mit_dem_Rest\"><\/span>Und was ist mit dem Rest?<span class=\"ez-toc-section-end\"><\/span><\/h2>\n<ul>\n<li>Gie\u00dfkannen werden entleert und gereinigt, Gie\u00dfkannen aus Metall zus\u00e4tzlich auf Rostflecken \u00fcberpr\u00fcft und ggf. wie oben beschrieben behandelt.<\/li>\n<li>Der Gartenschlauch muss entleert werden. Wickeln Sie ihn dazu am besten auf einen Schlauchwagen auf und achten Sie darauf, dass er nicht geknickt wird. Wasserpistolen und D\u00fcsen ebenfalls komplett entleeren und auf Defekte kontrollieren.<\/li>\n<li>Leitern, die Sie im Garten nutzen, reinigen, Leitern aus Holz mit \u00d6l einreiben, um sie vor Schimmel und N\u00e4sse zu sch\u00fctzen.<\/li>\n<\/ul>\n<h2><span class=\"ez-toc-section\" id=\"Gartengeraete_im_Winter_lagern\"><\/span>Gartenger\u00e4te im Winter lagern<span class=\"ez-toc-section-end\"><\/span><\/h2>\n<p><img loading=\"lazy\" decoding=\"async\" class=\"size-medium wp-image-5233 alignright\" src=\"https:\/\/www.samenhaus.de\/gartenblog\/wp-content\/uploads\/2022\/06\/Gartengeraete-reinigen_51524201-300x213.jpeg\" alt=\"Gartenger\u00e4te lagern\" width=\"300\" height=\"213\" \/>Damit Ihre Gartenger\u00e4te gut \u00fcber die kalte Jahreszeit kommen, ben\u00f6tigen sie einen trockenen, frostfreien und sauberen Aufbewahrungsplatz. Ideal daf\u00fcr sind Ger\u00e4teh\u00e4user, Gartenh\u00e4user, Scheunen, Garagen und Keller. Kleine Ger\u00e4te k\u00f6nnen Sie in einem Regal oder einer Kiste aufbewahren, gro\u00dfe stellen Sie an einen trocknen Ort oder h\u00e4ngen sie an Wandhaken auf. Motorisierte Ger\u00e4te m\u00fcssen ebenfalls trocken stehen, im Idealfall werden sie mit Kunststoffhauben zus\u00e4tzlich gesch\u00fctzt. Dies hat den Vorteil, dass Kinder, die wom\u00f6glich Zugang haben, sich nicht verletzen k\u00f6nnen. Bei Ger\u00e4ten mit Akkus sind diese zu entfernen und bei Zimmertemperatur zu lagern.<\/p>\n","protected":false},"excerpt":{"rendered":"<p>Die Saison neigt sich langsam dem Ende entgegen, die letzten Arbeiten im Garten sind erledigt, nun hei\u00dft es zur\u00fccklehnen und vielleicht schon f\u00fcr die n\u00e4chste Saison planen. Aber Halt! Haben wir da nicht etwas Entscheidendes vergessen? Denn die Gartenger\u00e4te, die wir den Sommer \u00fcber stark beansprucht haben, sollten vor dem Einlagern ins Winterquartier noch einmal in Augenschein genommen werden. Nehmen Sie sich also ein bisschen Zeit, um diese auf Vordermann zu bringen, damit sie im Fr\u00fchling wieder einsatzbereit sind. Warum die Pflege von Gartenger\u00e4ten wichtig ist Der Begriff Gartenger\u00e4te ist weitreichend. Darunter f\u00e4llt der Rasenm\u00e4her ebenso, wie die Harke, die Gie\u00dfkanne und der Gartenschlauch. All das wird nun einige Monate nicht ben\u00f6tigt und sollte deshalb gereinigt, auf Funktionalit\u00e4t gepr\u00fcft, gegebenenfalls repariert und gesch\u00fctzt eingelagert werden. Aber warum eigentlich? Was kann schon passieren, wenn die Harke noch mit Erde behaftet ist oder der Rasenm\u00e4her nicht gereinigt wird? Verschmutzungen k\u00f6nnen die Funktionalit\u00e4t von Ger\u00e4tschaften beeintr\u00e4chtigen. Verunreinigungen setzen sich fest und blockieren wom\u00f6glich geschmeidige Teile. Feuchtigkeit kann zu Rostsch\u00e4den f\u00fchren. Schmutz ist f\u00fcr das Stumpfwerden von Scheren und Messern verantwortlich und alte Erdreste k\u00f6nnen Krankheiten und Sch\u00e4dlinge ins n\u00e4chste Jahr mitnehmen. Das waren nur vier Beispiele, warum es wichtig ist, Gartenger\u00e4te fit f\u00fcr [&hellip;]<\/p>\n","protected":false},"author":7,"featured_media":5234,"comment_status":"open","ping_status":"open","sticky":false,"template":"","format":"standard","meta":{"_acf_changed":false,"footnotes":""},"categories":[1],"tags":[],"hersteller":[],"class_list":["post-3948","post","type-post","status-publish","format-standard","has-post-thumbnail","hentry","category-allgemein"],"acf":[],"yoast_head":"<!-- This site is optimized with the Yoast SEO plugin v27.4 - https:\/\/yoast.com\/product\/yoast-seo-wordpress\/ -->\n<title>Gartenger\u00e4te fit f\u00fcr den Winter machen - Samenhaus Gartenblog<\/title>\n<meta name=\"description\" content=\"Gartenger\u00e4te winterfest machen - so geht es. Mit einer guten Pflege sind die Gartenger\u00e4te im Fr\u00fchjahr wieder voll einsatzf\u00e4hig.\" \/>\n<meta name=\"robots\" content=\"index, follow, max-snippet:-1, max-image-preview:large, max-video-preview:-1\" \/>\n<link rel=\"canonical\" href=\"https:\/\/www.samenhaus.de\/gartenblog\/gartengeraete-fit-fuer-den-winter-machen\" \/>\n<meta property=\"og:locale\" content=\"de_DE\" \/>\n<meta property=\"og:type\" content=\"article\" \/>\n<meta property=\"og:title\" content=\"Gartenger\u00e4te fit f\u00fcr den Winter machen - Samenhaus Gartenblog\" \/>\n<meta property=\"og:description\" content=\"Gartenger\u00e4te winterfest machen - so geht es. Mit einer guten Pflege sind die Gartenger\u00e4te im Fr\u00fchjahr wieder voll einsatzf\u00e4hig.\" \/>\n<meta property=\"og:url\" content=\"https:\/\/www.samenhaus.de\/gartenblog\/gartengeraete-fit-fuer-den-winter-machen\" \/>\n<meta property=\"og:site_name\" content=\"Samenhaus Gartenblog\" \/>\n<meta property=\"article:publisher\" content=\"https:\/\/de-de.facebook.com\/samenhaus\" \/>\n<meta property=\"article:published_time\" content=\"2022-10-04T09:00:01+00:00\" \/>\n<meta property=\"article:modified_time\" content=\"2023-08-11T08:41:37+00:00\" \/>\n<meta property=\"og:image\" content=\"https:\/\/www.samenhaus.de\/gartenblog\/wp-content\/uploads\/2022\/06\/Gartengeraete-reinigen_126076823-scaled.jpeg\" \/>\n\t<meta property=\"og:image:width\" content=\"2560\" \/>\n\t<meta property=\"og:image:height\" content=\"1707\" \/>\n\t<meta property=\"og:image:type\" content=\"image\/jpeg\" \/>\n<meta name=\"author\" content=\"Fritz\" \/>\n<meta name=\"twitter:card\" content=\"summary_large_image\" \/>\n<meta name=\"twitter:creator\" content=\"@samenhaus\" \/>\n<meta name=\"twitter:site\" content=\"@samenhaus\" \/>\n<meta name=\"twitter:label1\" content=\"Verfasst von\" \/>\n\t<meta name=\"twitter:data1\" content=\"Fritz\" \/>\n\t<meta name=\"twitter:label2\" content=\"Gesch\u00e4tzte Lesezeit\" \/>\n\t<meta name=\"twitter:data2\" content=\"7\u00a0Minuten\" \/>\n<script type=\"application\/ld+json\" class=\"yoast-schema-graph\">{\"@context\":\"https:\\\/\\\/schema.org\",\"@graph\":[{\"@type\":\"Article\",\"@id\":\"https:\\\/\\\/www.samenhaus.de\\\/gartenblog\\\/gartengeraete-fit-fuer-den-winter-machen#article\",\"isPartOf\":{\"@id\":\"https:\\\/\\\/www.samenhaus.de\\\/gartenblog\\\/gartengeraete-fit-fuer-den-winter-machen\"},\"author\":{\"name\":\"Fritz\",\"@id\":\"https:\\\/\\\/www.samenhaus.de\\\/gartenblog\\\/#\\\/schema\\\/person\\\/a0608c49bb909de7ed33e44abc853c6b\"},\"headline\":\"Gartenger\u00e4te fit f\u00fcr den Winter machen\",\"datePublished\":\"2022-10-04T09:00:01+00:00\",\"dateModified\":\"2023-08-11T08:41:37+00:00\",\"mainEntityOfPage\":{\"@id\":\"https:\\\/\\\/www.samenhaus.de\\\/gartenblog\\\/gartengeraete-fit-fuer-den-winter-machen\"},\"wordCount\":1102,\"commentCount\":0,\"publisher\":{\"@id\":\"https:\\\/\\\/www.samenhaus.de\\\/gartenblog\\\/#organization\"},\"image\":{\"@id\":\"https:\\\/\\\/www.samenhaus.de\\\/gartenblog\\\/gartengeraete-fit-fuer-den-winter-machen#primaryimage\"},\"thumbnailUrl\":\"https:\\\/\\\/www.samenhaus.de\\\/gartenblog\\\/wp-content\\\/uploads\\\/2022\\\/06\\\/Gartengeraete-reinigen_126076823-scaled.jpeg\",\"inLanguage\":\"de\",\"potentialAction\":[{\"@type\":\"CommentAction\",\"name\":\"Comment\",\"target\":[\"https:\\\/\\\/www.samenhaus.de\\\/gartenblog\\\/gartengeraete-fit-fuer-den-winter-machen#respond\"]}],\"copyrightYear\":\"2022\",\"copyrightHolder\":{\"@id\":\"https:\\\/\\\/www.samenhaus.de\\\/gartenblog\\\/#organization\"}},{\"@type\":\"WebPage\",\"@id\":\"https:\\\/\\\/www.samenhaus.de\\\/gartenblog\\\/gartengeraete-fit-fuer-den-winter-machen\",\"url\":\"https:\\\/\\\/www.samenhaus.de\\\/gartenblog\\\/gartengeraete-fit-fuer-den-winter-machen\",\"name\":\"Gartenger\u00e4te fit f\u00fcr den Winter machen - Samenhaus Gartenblog\",\"isPartOf\":{\"@id\":\"https:\\\/\\\/www.samenhaus.de\\\/gartenblog\\\/#website\"},\"primaryImageOfPage\":{\"@id\":\"https:\\\/\\\/www.samenhaus.de\\\/gartenblog\\\/gartengeraete-fit-fuer-den-winter-machen#primaryimage\"},\"image\":{\"@id\":\"https:\\\/\\\/www.samenhaus.de\\\/gartenblog\\\/gartengeraete-fit-fuer-den-winter-machen#primaryimage\"},\"thumbnailUrl\":\"https:\\\/\\\/www.samenhaus.de\\\/gartenblog\\\/wp-content\\\/uploads\\\/2022\\\/06\\\/Gartengeraete-reinigen_126076823-scaled.jpeg\",\"datePublished\":\"2022-10-04T09:00:01+00:00\",\"dateModified\":\"2023-08-11T08:41:37+00:00\",\"description\":\"Gartenger\u00e4te winterfest machen - so geht es. Mit einer guten Pflege sind die Gartenger\u00e4te im Fr\u00fchjahr wieder voll einsatzf\u00e4hig.\",\"breadcrumb\":{\"@id\":\"https:\\\/\\\/www.samenhaus.de\\\/gartenblog\\\/gartengeraete-fit-fuer-den-winter-machen#breadcrumb\"},\"inLanguage\":\"de\",\"potentialAction\":[{\"@type\":\"ReadAction\",\"target\":[\"https:\\\/\\\/www.samenhaus.de\\\/gartenblog\\\/gartengeraete-fit-fuer-den-winter-machen\"]}]},{\"@type\":\"ImageObject\",\"inLanguage\":\"de\",\"@id\":\"https:\\\/\\\/www.samenhaus.de\\\/gartenblog\\\/gartengeraete-fit-fuer-den-winter-machen#primaryimage\",\"url\":\"https:\\\/\\\/www.samenhaus.de\\\/gartenblog\\\/wp-content\\\/uploads\\\/2022\\\/06\\\/Gartengeraete-reinigen_126076823-scaled.jpeg\",\"contentUrl\":\"https:\\\/\\\/www.samenhaus.de\\\/gartenblog\\\/wp-content\\\/uploads\\\/2022\\\/06\\\/Gartengeraete-reinigen_126076823-scaled.jpeg\",\"width\":2560,\"height\":1707,\"caption\":\"Gartenger\u00e4te\"},{\"@type\":\"BreadcrumbList\",\"@id\":\"https:\\\/\\\/www.samenhaus.de\\\/gartenblog\\\/gartengeraete-fit-fuer-den-winter-machen#breadcrumb\",\"itemListElement\":[{\"@type\":\"ListItem\",\"position\":1,\"name\":\"Startseite\",\"item\":\"https:\\\/\\\/www.samenhaus.de\\\/gartenblog\\\/\"},{\"@type\":\"ListItem\",\"position\":2,\"name\":\"Gartenger\u00e4te fit f\u00fcr den Winter machen\"}]},{\"@type\":\"WebSite\",\"@id\":\"https:\\\/\\\/www.samenhaus.de\\\/gartenblog\\\/#website\",\"url\":\"https:\\\/\\\/www.samenhaus.de\\\/gartenblog\\\/\",\"name\":\"Samenhaus Gartenblog\",\"description\":\"\",\"publisher\":{\"@id\":\"https:\\\/\\\/www.samenhaus.de\\\/gartenblog\\\/#organization\"},\"potentialAction\":[{\"@type\":\"SearchAction\",\"target\":{\"@type\":\"EntryPoint\",\"urlTemplate\":\"https:\\\/\\\/www.samenhaus.de\\\/gartenblog\\\/?s={search_term_string}\"},\"query-input\":{\"@type\":\"PropertyValueSpecification\",\"valueRequired\":true,\"valueName\":\"search_term_string\"}}],\"inLanguage\":\"de\"},{\"@type\":\"Organization\",\"@id\":\"https:\\\/\\\/www.samenhaus.de\\\/gartenblog\\\/#organization\",\"name\":\"Samenhaus.de Gartenblog\",\"url\":\"https:\\\/\\\/www.samenhaus.de\\\/gartenblog\\\/\",\"logo\":{\"@type\":\"ImageObject\",\"inLanguage\":\"de\",\"@id\":\"https:\\\/\\\/www.samenhaus.de\\\/gartenblog\\\/#\\\/schema\\\/logo\\\/image\\\/\",\"url\":\"https:\\\/\\\/www.samenhaus.de\\\/gartenblog\\\/wp-content\\\/uploads\\\/2020\\\/11\\\/logo.svg\",\"contentUrl\":\"https:\\\/\\\/www.samenhaus.de\\\/gartenblog\\\/wp-content\\\/uploads\\\/2020\\\/11\\\/logo.svg\",\"width\":1,\"height\":1,\"caption\":\"Samenhaus.de Gartenblog\"},\"image\":{\"@id\":\"https:\\\/\\\/www.samenhaus.de\\\/gartenblog\\\/#\\\/schema\\\/logo\\\/image\\\/\"},\"sameAs\":[\"https:\\\/\\\/de-de.facebook.com\\\/samenhaus\",\"https:\\\/\\\/x.com\\\/samenhaus\"]},{\"@type\":\"Person\",\"@id\":\"https:\\\/\\\/www.samenhaus.de\\\/gartenblog\\\/#\\\/schema\\\/person\\\/a0608c49bb909de7ed33e44abc853c6b\",\"name\":\"Fritz\",\"image\":{\"@type\":\"ImageObject\",\"inLanguage\":\"de\",\"@id\":\"https:\\\/\\\/www.samenhaus.de\\\/gartenblog\\\/wp-content\\\/uploads\\\/2024\\\/11\\\/Tobi-1-150x150.jpg\",\"url\":\"https:\\\/\\\/www.samenhaus.de\\\/gartenblog\\\/wp-content\\\/uploads\\\/2024\\\/11\\\/Tobi-1-150x150.jpg\",\"contentUrl\":\"https:\\\/\\\/www.samenhaus.de\\\/gartenblog\\\/wp-content\\\/uploads\\\/2024\\\/11\\\/Tobi-1-150x150.jpg\",\"caption\":\"Fritz\"},\"description\":\"Das ist Fritz. Er steht f\u00fcr all die erfahrenen G\u00e4rtner und Selbstversorger, die ihr Wissen und ihre Erfahrungen auf dem Gartenblog mit Ihnen teilen. Mit Tipps und Tricks f\u00fcr den Garten, den Balkon und die K\u00fcche steht Fritz Ihnen zur Seite.\",\"url\":\"https:\\\/\\\/www.samenhaus.de\\\/gartenblog\\\/author\\\/tobias\"}]}<\/script>\n<!-- \/ Yoast SEO plugin. -->","yoast_head_json":{"title":"Gartenger\u00e4te fit f\u00fcr den Winter machen - Samenhaus Gartenblog","description":"Gartenger\u00e4te winterfest machen - so geht es. Mit einer guten Pflege sind die Gartenger\u00e4te im Fr\u00fchjahr wieder voll einsatzf\u00e4hig.","robots":{"index":"index","follow":"follow","max-snippet":"max-snippet:-1","max-image-preview":"max-image-preview:large","max-video-preview":"max-video-preview:-1"},"canonical":"https:\/\/www.samenhaus.de\/gartenblog\/gartengeraete-fit-fuer-den-winter-machen","og_locale":"de_DE","og_type":"article","og_title":"Gartenger\u00e4te fit f\u00fcr den Winter machen - Samenhaus Gartenblog","og_description":"Gartenger\u00e4te winterfest machen - so geht es. Mit einer guten Pflege sind die Gartenger\u00e4te im Fr\u00fchjahr wieder voll einsatzf\u00e4hig.","og_url":"https:\/\/www.samenhaus.de\/gartenblog\/gartengeraete-fit-fuer-den-winter-machen","og_site_name":"Samenhaus Gartenblog","article_publisher":"https:\/\/de-de.facebook.com\/samenhaus","article_published_time":"2022-10-04T09:00:01+00:00","article_modified_time":"2023-08-11T08:41:37+00:00","og_image":[{"width":2560,"height":1707,"url":"https:\/\/www.samenhaus.de\/gartenblog\/wp-content\/uploads\/2022\/06\/Gartengeraete-reinigen_126076823-scaled.jpeg","type":"image\/jpeg"}],"author":"Fritz","twitter_card":"summary_large_image","twitter_creator":"@samenhaus","twitter_site":"@samenhaus","twitter_misc":{"Verfasst von":"Fritz","Gesch\u00e4tzte Lesezeit":"7\u00a0Minuten"},"schema":{"@context":"https:\/\/schema.org","@graph":[{"@type":"Article","@id":"https:\/\/www.samenhaus.de\/gartenblog\/gartengeraete-fit-fuer-den-winter-machen#article","isPartOf":{"@id":"https:\/\/www.samenhaus.de\/gartenblog\/gartengeraete-fit-fuer-den-winter-machen"},"author":{"name":"Fritz","@id":"https:\/\/www.samenhaus.de\/gartenblog\/#\/schema\/person\/a0608c49bb909de7ed33e44abc853c6b"},"headline":"Gartenger\u00e4te fit f\u00fcr den Winter machen","datePublished":"2022-10-04T09:00:01+00:00","dateModified":"2023-08-11T08:41:37+00:00","mainEntityOfPage":{"@id":"https:\/\/www.samenhaus.de\/gartenblog\/gartengeraete-fit-fuer-den-winter-machen"},"wordCount":1102,"commentCount":0,"publisher":{"@id":"https:\/\/www.samenhaus.de\/gartenblog\/#organization"},"image":{"@id":"https:\/\/www.samenhaus.de\/gartenblog\/gartengeraete-fit-fuer-den-winter-machen#primaryimage"},"thumbnailUrl":"https:\/\/www.samenhaus.de\/gartenblog\/wp-content\/uploads\/2022\/06\/Gartengeraete-reinigen_126076823-scaled.jpeg","inLanguage":"de","potentialAction":[{"@type":"CommentAction","name":"Comment","target":["https:\/\/www.samenhaus.de\/gartenblog\/gartengeraete-fit-fuer-den-winter-machen#respond"]}],"copyrightYear":"2022","copyrightHolder":{"@id":"https:\/\/www.samenhaus.de\/gartenblog\/#organization"}},{"@type":"WebPage","@id":"https:\/\/www.samenhaus.de\/gartenblog\/gartengeraete-fit-fuer-den-winter-machen","url":"https:\/\/www.samenhaus.de\/gartenblog\/gartengeraete-fit-fuer-den-winter-machen","name":"Gartenger\u00e4te fit f\u00fcr den Winter machen - Samenhaus Gartenblog","isPartOf":{"@id":"https:\/\/www.samenhaus.de\/gartenblog\/#website"},"primaryImageOfPage":{"@id":"https:\/\/www.samenhaus.de\/gartenblog\/gartengeraete-fit-fuer-den-winter-machen#primaryimage"},"image":{"@id":"https:\/\/www.samenhaus.de\/gartenblog\/gartengeraete-fit-fuer-den-winter-machen#primaryimage"},"thumbnailUrl":"https:\/\/www.samenhaus.de\/gartenblog\/wp-content\/uploads\/2022\/06\/Gartengeraete-reinigen_126076823-scaled.jpeg","datePublished":"2022-10-04T09:00:01+00:00","dateModified":"2023-08-11T08:41:37+00:00","description":"Gartenger\u00e4te winterfest machen - so geht es. Mit einer guten Pflege sind die Gartenger\u00e4te im Fr\u00fchjahr wieder voll einsatzf\u00e4hig.","breadcrumb":{"@id":"https:\/\/www.samenhaus.de\/gartenblog\/gartengeraete-fit-fuer-den-winter-machen#breadcrumb"},"inLanguage":"de","potentialAction":[{"@type":"ReadAction","target":["https:\/\/www.samenhaus.de\/gartenblog\/gartengeraete-fit-fuer-den-winter-machen"]}]},{"@type":"ImageObject","inLanguage":"de","@id":"https:\/\/www.samenhaus.de\/gartenblog\/gartengeraete-fit-fuer-den-winter-machen#primaryimage","url":"https:\/\/www.samenhaus.de\/gartenblog\/wp-content\/uploads\/2022\/06\/Gartengeraete-reinigen_126076823-scaled.jpeg","contentUrl":"https:\/\/www.samenhaus.de\/gartenblog\/wp-content\/uploads\/2022\/06\/Gartengeraete-reinigen_126076823-scaled.jpeg","width":2560,"height":1707,"caption":"Gartenger\u00e4te"},{"@type":"BreadcrumbList","@id":"https:\/\/www.samenhaus.de\/gartenblog\/gartengeraete-fit-fuer-den-winter-machen#breadcrumb","itemListElement":[{"@type":"ListItem","position":1,"name":"Startseite","item":"https:\/\/www.samenhaus.de\/gartenblog\/"},{"@type":"ListItem","position":2,"name":"Gartenger\u00e4te fit f\u00fcr den Winter machen"}]},{"@type":"WebSite","@id":"https:\/\/www.samenhaus.de\/gartenblog\/#website","url":"https:\/\/www.samenhaus.de\/gartenblog\/","name":"Samenhaus Gartenblog","description":"","publisher":{"@id":"https:\/\/www.samenhaus.de\/gartenblog\/#organization"},"potentialAction":[{"@type":"SearchAction","target":{"@type":"EntryPoint","urlTemplate":"https:\/\/www.samenhaus.de\/gartenblog\/?s={search_term_string}"},"query-input":{"@type":"PropertyValueSpecification","valueRequired":true,"valueName":"search_term_string"}}],"inLanguage":"de"},{"@type":"Organization","@id":"https:\/\/www.samenhaus.de\/gartenblog\/#organization","name":"Samenhaus.de Gartenblog","url":"https:\/\/www.samenhaus.de\/gartenblog\/","logo":{"@type":"ImageObject","inLanguage":"de","@id":"https:\/\/www.samenhaus.de\/gartenblog\/#\/schema\/logo\/image\/","url":"https:\/\/www.samenhaus.de\/gartenblog\/wp-content\/uploads\/2020\/11\/logo.svg","contentUrl":"https:\/\/www.samenhaus.de\/gartenblog\/wp-content\/uploads\/2020\/11\/logo.svg","width":1,"height":1,"caption":"Samenhaus.de Gartenblog"},"image":{"@id":"https:\/\/www.samenhaus.de\/gartenblog\/#\/schema\/logo\/image\/"},"sameAs":["https:\/\/de-de.facebook.com\/samenhaus","https:\/\/x.com\/samenhaus"]},{"@type":"Person","@id":"https:\/\/www.samenhaus.de\/gartenblog\/#\/schema\/person\/a0608c49bb909de7ed33e44abc853c6b","name":"Fritz","image":{"@type":"ImageObject","inLanguage":"de","@id":"https:\/\/www.samenhaus.de\/gartenblog\/wp-content\/uploads\/2024\/11\/Tobi-1-150x150.jpg","url":"https:\/\/www.samenhaus.de\/gartenblog\/wp-content\/uploads\/2024\/11\/Tobi-1-150x150.jpg","contentUrl":"https:\/\/www.samenhaus.de\/gartenblog\/wp-content\/uploads\/2024\/11\/Tobi-1-150x150.jpg","caption":"Fritz"},"description":"Das ist Fritz. Er steht f\u00fcr all die erfahrenen G\u00e4rtner und Selbstversorger, die ihr Wissen und ihre Erfahrungen auf dem Gartenblog mit Ihnen teilen. Mit Tipps und Tricks f\u00fcr den Garten, den Balkon und die K\u00fcche steht Fritz Ihnen zur Seite.","url":"https:\/\/www.samenhaus.de\/gartenblog\/author\/tobias"}]}},"wp-worthy-pixel":{"ignored":false,"public":null,"server":null,"url":null},"wp-worthy-type":"normal","_links":{"self":[{"href":"https:\/\/www.samenhaus.de\/gartenblog\/wp-json\/wp\/v2\/posts\/3948","targetHints":{"allow":["GET"]}}],"collection":[{"href":"https:\/\/www.samenhaus.de\/gartenblog\/wp-json\/wp\/v2\/posts"}],"about":[{"href":"https:\/\/www.samenhaus.de\/gartenblog\/wp-json\/wp\/v2\/types\/post"}],"author":[{"embeddable":true,"href":"https:\/\/www.samenhaus.de\/gartenblog\/wp-json\/wp\/v2\/users\/7"}],"replies":[{"embeddable":true,"href":"https:\/\/www.samenhaus.de\/gartenblog\/wp-json\/wp\/v2\/comments?post=3948"}],"version-history":[{"count":6,"href":"https:\/\/www.samenhaus.de\/gartenblog\/wp-json\/wp\/v2\/posts\/3948\/revisions"}],"predecessor-version":[{"id":12903,"href":"https:\/\/www.samenhaus.de\/gartenblog\/wp-json\/wp\/v2\/posts\/3948\/revisions\/12903"}],"wp:featuredmedia":[{"embeddable":true,"href":"https:\/\/www.samenhaus.de\/gartenblog\/wp-json\/wp\/v2\/media\/5234"}],"wp:attachment":[{"href":"https:\/\/www.samenhaus.de\/gartenblog\/wp-json\/wp\/v2\/media?parent=3948"}],"wp:term":[{"taxonomy":"category","embeddable":true,"href":"https:\/\/www.samenhaus.de\/gartenblog\/wp-json\/wp\/v2\/categories?post=3948"},{"taxonomy":"post_tag","embeddable":true,"href":"https:\/\/www.samenhaus.de\/gartenblog\/wp-json\/wp\/v2\/tags?post=3948"},{"taxonomy":"hersteller","embeddable":true,"href":"https:\/\/www.samenhaus.de\/gartenblog\/wp-json\/wp\/v2\/hersteller?post=3948"}],"curies":[{"name":"wp","href":"https:\/\/api.w.org\/{rel}","templated":true}]}}