{"id":404,"date":"2021-04-29T17:41:26","date_gmt":"2021-04-29T17:41:26","guid":{"rendered":"https:\/\/samenhaus1.timmeserver.de\/?p=404"},"modified":"2023-06-08T10:48:37","modified_gmt":"2023-06-08T10:48:37","slug":"selbstversorgergarten-so-waehlen-sie-die-ideale-flaeche","status":"publish","type":"post","link":"https:\/\/www.samenhaus.de\/gartenblog\/selbstversorgergarten-so-waehlen-sie-die-ideale-flaeche","title":{"rendered":"Selbstversorgergarten: So w\u00e4hlen Sie die ideale Fl\u00e4che"},"content":{"rendered":"<p>Sich \u00fcber den Gem\u00fcse- und Obstgarten selbst versorgen: Das ist der Traum eines jeden ambitionierten Hobbyg\u00e4rtners \u2013 und wenn auch nur teilweise. Doch wer sich mit der Planung des Selbstversorger-Gartens besch\u00e4ftigt, wird schnell auf eine schwierige Frage treffen: Wie viel Fl\u00e4che braucht man eigentlich f\u00fcr die Selbstversorgung? Nun \u2013 es kommt darauf an.<\/p>\n<h2><span class=\"ez-toc-section\" id=\"Flaeche_fuer_die_Selbstversorgung_Auf_diese_Faktoren_kommt_es_an\"><\/span>Fl\u00e4che f\u00fcr die Selbstversorgung: Auf diese Faktoren kommt es an<span class=\"ez-toc-section-end\"><\/span><\/h2>\n<p><img loading=\"lazy\" decoding=\"async\" class=\"size-medium wp-image-3308 alignright\" src=\"https:\/\/www.samenhaus.de\/gartenblog\/wp-content\/uploads\/2022\/03\/Selbstversorger-Gartenflaeche_306780416-300x200.jpeg\" alt=\"Selbstversorgung \" width=\"300\" height=\"200\" srcset=\"https:\/\/www.samenhaus.de\/gartenblog\/wp-content\/uploads\/2022\/03\/Selbstversorger-Gartenflaeche_306780416-300x200.jpeg 300w, https:\/\/www.samenhaus.de\/gartenblog\/wp-content\/uploads\/2022\/03\/Selbstversorger-Gartenflaeche_306780416-600x400.jpeg 600w, https:\/\/www.samenhaus.de\/gartenblog\/wp-content\/uploads\/2022\/03\/Selbstversorger-Gartenflaeche_306780416-2048x1365.jpeg 2048w, https:\/\/www.samenhaus.de\/gartenblog\/wp-content\/uploads\/2022\/03\/Selbstversorger-Gartenflaeche_306780416-768x512.jpeg 768w, https:\/\/www.samenhaus.de\/gartenblog\/wp-content\/uploads\/2022\/03\/Selbstversorger-Gartenflaeche_306780416-1024x683.jpeg 1024w, https:\/\/www.samenhaus.de\/gartenblog\/wp-content\/uploads\/2022\/03\/Selbstversorger-Gartenflaeche_306780416-1536x1024.jpeg 1536w\" sizes=\"auto, (max-width: 300px) 100vw, 300px\" \/>Wie viel Fl\u00e4che Sie f\u00fcr Ihren Gem\u00fcse- und Obstgarten ben\u00f6tigen, h\u00e4ngt von diesen Kriterien ab:<\/p>\n<ul>\n<li><strong>Personenzahl:<\/strong> Essen sechs Erwachsene oder nur zwei Erwachsene und ein Kind? Die ben\u00f6tigte Gartenfl\u00e4che wird im Regelfall pro Kopf berechnet.<\/li>\n<li><strong>Umfang der Selbstversorgung:<\/strong> M\u00f6chten Sie lediglich von Fr\u00fchling bis Herbst t\u00e4glich frisches Gem\u00fcse haben? Oder soll der Garten ausreichen, um Ihren Gem\u00fcse- und Obstbedarf durch alle vier Jahreszeiten zu decken? M\u00f6chten Sie nur noch wenig bis kein Gem\u00fcse zukaufen oder nur Ihren Bedarf an bestimmten Sorten selbst decken? Je umfangreicher Ihr Selbstversorgungswunsch, umso gr\u00f6\u00dfer muss auch die Fl\u00e4che pro Person ausfallen.<\/li>\n<\/ul>\n<p>Grob \u00fcberschl\u00e4gig k\u00f6nnen Sie f\u00fcr die Gr\u00f6\u00dfe des Gem\u00fcsegartens von folgenden Richtwerten ausgehen:<\/p>\n<table class=\"custom-table-1\" width=\"100%\" cellspacing=\"0\" cellpadding=\"4\">\n<tbody>\n<tr valign=\"top\">\n<td width=\"292\"><strong>Art der Selbstversorgung<\/strong><\/td>\n<td width=\"293\"><strong>Mindestfl\u00e4che pro Person<\/strong><\/td>\n<\/tr>\n<tr valign=\"top\">\n<td width=\"292\">beinahe vollst\u00e4ndige Selbstversorgung bei fleischloser Ern\u00e4hrung<\/td>\n<td width=\"293\">125 \u2013 150 m\u00b2<\/td>\n<\/tr>\n<tr valign=\"top\">\n<td width=\"292\">beinahe vollst\u00e4ndige Selbstversorgung<\/td>\n<td width=\"293\">100 m\u00b2<\/td>\n<\/tr>\n<tr valign=\"top\">\n<td width=\"292\">teilweise Selbstversorgung<\/td>\n<td width=\"293\">50 m\u00b2<\/td>\n<\/tr>\n<tr valign=\"top\">\n<td width=\"292\">nur bestimmte Gem\u00fcsesorten<\/td>\n<td width=\"293\">nach Bedarf<\/td>\n<\/tr>\n<\/tbody>\n<\/table>\n<p>Die Fl\u00e4che f\u00fcr den Obstgarten ist in diese Richtwerte noch nicht einkalkuliert und kommt noch obendrauf. Eine vierk\u00f6pfige Familie, die sich m\u00f6glichst umfangreich selbst versorgen m\u00f6chte, sollte also wenigstens 400 m\u00b2 Fl\u00e4che f\u00fcr den Gem\u00fcsegarten plus Obstgarten einplanen.<\/p>\n<h2><span class=\"ez-toc-section\" id=\"Selbstversorgung_mit_Obst_Wie_viel_Flaeche_braucht_man\"><\/span>Selbstversorgung mit Obst: Wie viel Fl\u00e4che braucht man?<span class=\"ez-toc-section-end\"><\/span><\/h2>\n<p><img loading=\"lazy\" decoding=\"async\" class=\"size-medium wp-image-3305 alignright\" src=\"https:\/\/www.samenhaus.de\/gartenblog\/wp-content\/uploads\/2022\/03\/Selbstversorger-Gartenflaeche_174216187-300x200.jpeg\" alt=\"Fl\u00e4che Selbstversorgung Garten\" width=\"300\" height=\"200\" srcset=\"https:\/\/www.samenhaus.de\/gartenblog\/wp-content\/uploads\/2022\/03\/Selbstversorger-Gartenflaeche_174216187-300x200.jpeg 300w, https:\/\/www.samenhaus.de\/gartenblog\/wp-content\/uploads\/2022\/03\/Selbstversorger-Gartenflaeche_174216187-600x400.jpeg 600w, https:\/\/www.samenhaus.de\/gartenblog\/wp-content\/uploads\/2022\/03\/Selbstversorger-Gartenflaeche_174216187-2048x1365.jpeg 2048w, https:\/\/www.samenhaus.de\/gartenblog\/wp-content\/uploads\/2022\/03\/Selbstversorger-Gartenflaeche_174216187-768x512.jpeg 768w, https:\/\/www.samenhaus.de\/gartenblog\/wp-content\/uploads\/2022\/03\/Selbstversorger-Gartenflaeche_174216187-1024x683.jpeg 1024w, https:\/\/www.samenhaus.de\/gartenblog\/wp-content\/uploads\/2022\/03\/Selbstversorger-Gartenflaeche_174216187-1536x1024.jpeg 1536w\" sizes=\"auto, (max-width: 300px) 100vw, 300px\" \/>Schwieriger ist schon die Kalkulation Ihres Obstgartens. Je nachdem, welche Obstsorten Sie bevorzugen, brauchen Sie mehr oder weniger Platz. Zun\u00e4chst m\u00fcssen Sie bei Obstb\u00e4umen entscheiden, ob Sie Hochst\u00e4mmer oder Halbst\u00e4mmer bevorzugen. Hochst\u00e4mmige Obstb\u00e4ume sind in aller Regel robuster und langlebiger, daf\u00fcr aber etwas aufw\u00e4ndiger bei Ernte und Baumschnitt \u2013 und sie brauchen viel mehr Platz. Halbst\u00e4mmer lassen sich leicht abernten und sind auch einfacher zur\u00fcckzuschneiden. M\u00f6chten Sie darunter auch Rasenm\u00e4hen, m\u00fcssen Sie allerdings mit erh\u00f6htem Aufwand rechnen.<\/p>\n<p>Wie viel Platz Sie f\u00fcr Ihren Obstgarten einplanen m\u00fcssen, richtet sich nach dem Platzbedarf der gew\u00fcnschten Obstb\u00e4ume und -str\u00e4ucher. Die folgenden Richtwerte helfen Ihnen, die n\u00f6tige Gr\u00f6\u00dfe des Obstgartens zu kalkulieren:<\/p>\n<table class=\"custom-table-1\" width=\"100%\" cellspacing=\"0\" cellpadding=\"4\">\n<tbody>\n<tr valign=\"top\">\n<td width=\"292\"><strong>Obstb\u00e4ume<\/strong><\/td>\n<td width=\"293\"><strong>Platzbedarf<\/strong><\/td>\n<\/tr>\n<tr valign=\"top\">\n<td width=\"292\">Apfelbaum (Hochstamm)<\/td>\n<td width=\"293\">50 bis 60 m\u00b2<\/td>\n<\/tr>\n<tr valign=\"top\">\n<td width=\"292\">Apfelbaum (Halbstamm)<\/td>\n<td width=\"293\">25 bis 40 m\u00b2<\/td>\n<\/tr>\n<tr valign=\"top\">\n<td width=\"292\">Walnussbaum<\/td>\n<td width=\"293\">80 bis 100 m\u00b2<\/td>\n<\/tr>\n<tr valign=\"top\">\n<td width=\"292\">Pfirsichbaum<\/td>\n<td width=\"293\">30 bis 50 m\u00b2<\/td>\n<\/tr>\n<tr valign=\"top\">\n<td width=\"292\">Zwetschgen-\/Pflaumenbaum<\/td>\n<td width=\"293\">40 bis 50 m\u00b2<\/td>\n<\/tr>\n<tr valign=\"top\">\n<td width=\"292\">Haselnussbaum<\/td>\n<td width=\"293\">20 bis 50 m\u00b2<\/td>\n<\/tr>\n<tr valign=\"top\">\n<td width=\"292\">Birnbaum (Hochstamm)<\/td>\n<td width=\"293\">45 bis 50 m\u00b2<\/td>\n<\/tr>\n<tr valign=\"top\">\n<td width=\"292\">Birnbaum (Halbstamm)<\/td>\n<td width=\"293\">20 bis 40 m\u00b2<\/td>\n<\/tr>\n<tr valign=\"top\">\n<td width=\"292\">Sauerkirschbaum<\/td>\n<td width=\"293\">40 bis 50 m\u00b2<\/td>\n<\/tr>\n<tr valign=\"top\">\n<td width=\"292\">S\u00fc\u00dfkirschbaum<\/td>\n<td width=\"293\">80 bis 100 m\u00b2<\/td>\n<\/tr>\n<\/tbody>\n<\/table>\n<p>Deutlich weniger Platz brauchen Beerenstr\u00e4ucher \u2013 je nach Wuchsform m\u00fcssen Sie f\u00fcr Stachelbeeren, Himbeeren, Brombeeren oder Johannisbeeren mit einem Platzbedarf von 6 bis 10 m\u00b2 rechnen.<\/p>\n<h2><span class=\"ez-toc-section\" id=\"Der_Zeitbedarf_Wie_viel_Garten_ist_zu_schaffen\"><\/span>Der Zeitbedarf: Wie viel Garten ist zu schaffen?<span class=\"ez-toc-section-end\"><\/span><\/h2>\n<p><img loading=\"lazy\" decoding=\"async\" class=\"size-medium wp-image-3306 alignright\" src=\"https:\/\/www.samenhaus.de\/gartenblog\/wp-content\/uploads\/2022\/03\/Selbstversorger-Gartenflaeche_210199585-300x200.jpeg\" alt=\"Selbstversorger Garten\" width=\"300\" height=\"200\" srcset=\"https:\/\/www.samenhaus.de\/gartenblog\/wp-content\/uploads\/2022\/03\/Selbstversorger-Gartenflaeche_210199585-300x200.jpeg 300w, https:\/\/www.samenhaus.de\/gartenblog\/wp-content\/uploads\/2022\/03\/Selbstversorger-Gartenflaeche_210199585-600x400.jpeg 600w, https:\/\/www.samenhaus.de\/gartenblog\/wp-content\/uploads\/2022\/03\/Selbstversorger-Gartenflaeche_210199585-2048x1365.jpeg 2048w, https:\/\/www.samenhaus.de\/gartenblog\/wp-content\/uploads\/2022\/03\/Selbstversorger-Gartenflaeche_210199585-768x512.jpeg 768w, https:\/\/www.samenhaus.de\/gartenblog\/wp-content\/uploads\/2022\/03\/Selbstversorger-Gartenflaeche_210199585-1024x683.jpeg 1024w, https:\/\/www.samenhaus.de\/gartenblog\/wp-content\/uploads\/2022\/03\/Selbstversorger-Gartenflaeche_210199585-1536x1024.jpeg 1536w\" sizes=\"auto, (max-width: 300px) 100vw, 300px\" \/>Es ist noch kein Selbstversorger vom Himmel gefallen. Wer bisher noch wenig Erfahrung im Anbau von Gem\u00fcse und Obst hat, ist vorerst mit einer Netto-Gartenfl\u00e4che (abz\u00fcglich der Wege) von 100 m\u00b2 gut bedient. Dies reicht zwar vielleicht noch nicht f\u00fcr die alleinige Selbstversorgung, ist aber ein guter Anfang, um an seinen Aufgaben zu wachsen. Bringen Sie bereits einiges an Erfahrung mit, k\u00f6nnen Sie problemlos 200 bis 300 m\u00b2 oder auch gr\u00f6\u00dfere Fl\u00e4chen bewirtschaften.<\/p>\n<p>Untersch\u00e4tzen Sie bei gr\u00f6\u00dferen G\u00e4rten den Arbeitsaufwand nicht \u2013 gerade zur Erntezeit kann der Selbstversorgergarten beinahe zum Fulltime-Job mutieren. Rechnen Sie pro Tag je nach Gartengr\u00f6\u00dfe mit etwa 30 bis 60 Minuten f\u00fcr die regelm\u00e4\u00dfigen Aufgaben wie Gie\u00dfen und Unkrautj\u00e4ten. Aber durch das ganze Jahr hindurch kommen zus\u00e4tzliche, oft zeitraubende Aufgaben auf Sie zu:<\/p>\n<ul>\n<li><strong>Winter:<\/strong> Vorziehen, Pikieren und Umtopfen der ersten Pflanzen<\/li>\n<li><strong>Fr\u00fchling:<\/strong> Vorbereiten der Beete, Auss\u00e4en der gew\u00fcnschten Gem\u00fcsesorten und Auspflanzen der vorgezogenen Setzlinge<\/li>\n<li><strong>Sommer:<\/strong> Ernte und Haltbarmachen der Ernte, Nachs\u00e4en der bereits abgeernteten Beete<\/li>\n<li><strong>Herbst:<\/strong> Ernte und Anlegen von Vorr\u00e4ten, Vorbereitung des Gartens auf die Winterruhe<\/li>\n<\/ul>\n<p>Deshalb kann man nicht oft genug betonen: Nehmen Sie sich f\u00fcr den Anfang nicht zu viel vor. Wenn Sie im Laufe des Jahres feststellen, dass Sie die Arbeit locker geschafft haben, nehmen Sie n\u00e4chstes Jahr ein paar weitere Sorten Gem\u00fcse oder Obst dazu. Geben Sie Ihrem Garten Gelegenheit, sich zu entwickeln und mit Ihnen zu wachsen. Jedes Jahr Gartenarbeit bringt Ihnen neue Erfahrungen, die Sie im Folgejahr direkt wieder einflie\u00dfen lassen k\u00f6nnen.<\/p>\n<h2><span class=\"ez-toc-section\" id=\"Vorueberlegungen_zu_Ihrer_Planung\"><\/span>Vor\u00fcberlegungen zu Ihrer Planung<span class=\"ez-toc-section-end\"><\/span><\/h2>\n<p><img loading=\"lazy\" decoding=\"async\" class=\"size-medium wp-image-3307 alignright\" src=\"https:\/\/www.samenhaus.de\/gartenblog\/wp-content\/uploads\/2022\/03\/Selbstversorger-Gartenflaeche_259859378-300x200.jpeg\" alt=\"nutzgarten\" width=\"300\" height=\"200\" srcset=\"https:\/\/www.samenhaus.de\/gartenblog\/wp-content\/uploads\/2022\/03\/Selbstversorger-Gartenflaeche_259859378-300x200.jpeg 300w, https:\/\/www.samenhaus.de\/gartenblog\/wp-content\/uploads\/2022\/03\/Selbstversorger-Gartenflaeche_259859378-600x400.jpeg 600w, https:\/\/www.samenhaus.de\/gartenblog\/wp-content\/uploads\/2022\/03\/Selbstversorger-Gartenflaeche_259859378-2048x1365.jpeg 2048w, https:\/\/www.samenhaus.de\/gartenblog\/wp-content\/uploads\/2022\/03\/Selbstversorger-Gartenflaeche_259859378-768x512.jpeg 768w, https:\/\/www.samenhaus.de\/gartenblog\/wp-content\/uploads\/2022\/03\/Selbstversorger-Gartenflaeche_259859378-1024x683.jpeg 1024w, https:\/\/www.samenhaus.de\/gartenblog\/wp-content\/uploads\/2022\/03\/Selbstversorger-Gartenflaeche_259859378-1536x1024.jpeg 1536w\" sizes=\"auto, (max-width: 300px) 100vw, 300px\" \/>Neben der reinen \u00dcberlegung, wie viel Fl\u00e4che Sie ben\u00f6tigen k\u00f6nnten, gibt es einige weitere Aspekte zu beachten, damit Sie diese auch optimal ausnutzen k\u00f6nnen:<\/p>\n<ol>\n<li><strong>Vorr\u00e4te:<\/strong> M\u00f6chten Sie sich auch im Winter selbst versorgen, sollten Sie mehr Obst und Gem\u00fcse anbauen, als Sie t\u00e4glich verzehren k\u00f6nnen. Nur so k\u00f6nnen Sie Vorr\u00e4te anlegen.<\/li>\n<li><strong>Leerstand:<\/strong> Vermeiden Sie durch sinnvolle Planung, dass abgeerntete Beete \u00fcber l\u00e4ngere Zeit leer stehen.<\/li>\n<li><strong>Ertrag:<\/strong> W\u00e4hlen Sie Gem\u00fcse- und Obstsorten mit hohem Ertrag, um m\u00f6glichst viel aus Ihrer Fl\u00e4che herauszuholen (z. B. Gurken, Tomaten, Zucchini, M\u00f6hren).<\/li>\n<li><strong>Vorratshaltung:<\/strong> M\u00f6chten Sie Vorr\u00e4te f\u00fcr die Wintermonate anlegen, w\u00e4hlen Sie Gem\u00fcsesorten, die gut lagerf\u00e4hig sind (z. B. sp\u00e4t reifende Gem\u00fcsesorten, M\u00f6hren, Rettich, Rote Bete).<\/li>\n<li><strong>Mischkultur:<\/strong>\u00a0Durch Mischkultur nutzen Sie den Platz im Gem\u00fcsebeet optimal aus und vermeiden zugleich, dass der N\u00e4hrstoffgehalt im Boden einseitig ausgelaugt wird (z. B. Lauch im Tomatenbeet). Beachten Sie dabei, welche Gem\u00fcsesorten sich gut vertragen.<\/li>\n<li><strong>Fr\u00fchbeet:<\/strong> Kalkulieren Sie Platz f\u00fcr ein Fr\u00fchbeet, ein kleines Gew\u00e4chshaus oder eine \u00e4hnliche L\u00f6sung ein, um das Gartenjahr optimal auszunutzen.<\/li>\n<li><strong>Platzbedarf:<\/strong> Beachten Sie den Platzbedarf der gew\u00e4hlten Gem\u00fcsesorten \u2013 so brauchen beispielsweise K\u00fcrbis oder Zucchini \u00fcberdurchschnittlich viel Platz.<\/li>\n<li><strong>Obstplanung:<\/strong> Obstb\u00e4ume bringen anfangs aufgrund ihrer Gr\u00f6\u00dfe vergleichsweise wenig Ertrag. Pflanzen Sie am besten auch Beerenstr\u00e4ucher, denn Sie belohnen Sie auch in den ersten Jahren bereits mit einer reichen Ernte.<\/li>\n<li><strong>Winterplanung:<\/strong> Planen Sie Gem\u00fcsesorten, die Sie auch im Winter ernten k\u00f6nnen. Sinnvoll sind beispielsweise frostsichere Arten, die Sie im Sommer oder Herbst pflanzen und die \u00fcber den Winter hinweg in der Erde bleiben k\u00f6nnen, sodass Sie sie auch im Winter ernten k\u00f6nnen (z. B. Karotten, Schwarzwurzeln, Pastinaken). Auch Spinat h\u00e4lt in milden Wintern, abgedeckt durch ein Vlies, problemlos durch.<\/li>\n<li><strong>Fr\u00fche und sp\u00e4te Sorten:<\/strong> Von vielen Obst- und Gem\u00fcsesorten gibt es fr\u00fche und sp\u00e4te Sorten. So k\u00f6nnen Sie die Erntezeit verl\u00e4ngern. Mit Sommer- und Herbsthimbeeren k\u00f6nnen Sie von Juli bis Oktober frische Himbeeren ernten.<\/li>\n<li><strong>Schnellwachsendes Gem\u00fcse:<\/strong> Gem\u00fcse mit kurzer Kulturzeit wie Radieschen, Spinat oder Salat k\u00f6nnen Sie aller paar Wochen neu auss\u00e4en, sodass es jederzeit Nachschub gibt.<\/li>\n<\/ol>\n<p>Haben Sie alles gut durchdacht? Dann wird es Zeit: Machen Sie sich an die Planung Ihres Selbstversorgergartens und freuen Sie sich auf die ersten Ertr\u00e4ge. Die M\u00fche lohnt sich in jedem Fall!<\/p>\n","protected":false},"excerpt":{"rendered":"<p>Sich \u00fcber den Gem\u00fcse- und Obstgarten selbst versorgen: Das ist der Traum eines jeden ambitionierten Hobbyg\u00e4rtners \u2013 und wenn auch nur teilweise. Doch wer sich mit der Planung des Selbstversorger-Gartens besch\u00e4ftigt, wird schnell auf eine schwierige Frage treffen: Wie viel Fl\u00e4che braucht man eigentlich f\u00fcr die Selbstversorgung? Nun \u2013 es kommt darauf an. Fl\u00e4che f\u00fcr die Selbstversorgung: Auf diese Faktoren kommt es an Wie viel Fl\u00e4che Sie f\u00fcr Ihren Gem\u00fcse- und Obstgarten ben\u00f6tigen, h\u00e4ngt von diesen Kriterien ab: Personenzahl: Essen sechs Erwachsene oder nur zwei Erwachsene und ein Kind? Die ben\u00f6tigte Gartenfl\u00e4che wird im Regelfall pro Kopf berechnet. Umfang der Selbstversorgung: M\u00f6chten Sie lediglich von Fr\u00fchling bis Herbst t\u00e4glich frisches Gem\u00fcse haben? Oder soll der Garten ausreichen, um Ihren Gem\u00fcse- und Obstbedarf durch alle vier Jahreszeiten zu decken? M\u00f6chten Sie nur noch wenig bis kein Gem\u00fcse zukaufen oder nur Ihren Bedarf an bestimmten Sorten selbst decken? Je umfangreicher Ihr Selbstversorgungswunsch, umso gr\u00f6\u00dfer muss auch die Fl\u00e4che pro Person ausfallen. Grob \u00fcberschl\u00e4gig k\u00f6nnen Sie f\u00fcr die Gr\u00f6\u00dfe des Gem\u00fcsegartens von folgenden Richtwerten ausgehen: Art der Selbstversorgung Mindestfl\u00e4che pro Person beinahe vollst\u00e4ndige Selbstversorgung bei fleischloser Ern\u00e4hrung 125 \u2013 150 m\u00b2 beinahe vollst\u00e4ndige Selbstversorgung 100 m\u00b2 teilweise Selbstversorgung 50 m\u00b2 nur bestimmte Gem\u00fcsesorten [&hellip;]<\/p>\n","protected":false},"author":11,"featured_media":812,"comment_status":"open","ping_status":"open","sticky":false,"template":"","format":"standard","meta":{"_acf_changed":false,"footnotes":""},"categories":[15],"tags":[],"hersteller":[],"class_list":["post-404","post","type-post","status-publish","format-standard","has-post-thumbnail","hentry","category-selbstversorger-garten"],"acf":[],"yoast_head":"<!-- This site is optimized with the Yoast SEO plugin v27.4 - https:\/\/yoast.com\/product\/yoast-seo-wordpress\/ -->\n<title>Die richtige Gr\u00f6\u00dfe f\u00fcr den Selbstversorgergarten - Samenhaus Gartenblog<\/title>\n<meta name=\"description\" content=\"Wie viel Garten ben\u00f6tigen Sie f\u00fcr die Selbstversorgung? Das h\u00e4ngt von verschiedenen Faktoren ab. Wir geben Ihnen Tipps zum Anlegen eines Selbstversorgergartens.\" \/>\n<meta name=\"robots\" content=\"index, follow, max-snippet:-1, max-image-preview:large, max-video-preview:-1\" \/>\n<link rel=\"canonical\" href=\"https:\/\/www.samenhaus.de\/gartenblog\/selbstversorgergarten-so-waehlen-sie-die-ideale-flaeche\" \/>\n<meta property=\"og:locale\" content=\"de_DE\" \/>\n<meta property=\"og:type\" content=\"article\" \/>\n<meta property=\"og:title\" content=\"Die richtige Gr\u00f6\u00dfe f\u00fcr den Selbstversorgergarten - Samenhaus Gartenblog\" \/>\n<meta property=\"og:description\" content=\"Wie viel Garten ben\u00f6tigen Sie f\u00fcr die Selbstversorgung? Das h\u00e4ngt von verschiedenen Faktoren ab. Wir geben Ihnen Tipps zum Anlegen eines Selbstversorgergartens.\" \/>\n<meta property=\"og:url\" content=\"https:\/\/www.samenhaus.de\/gartenblog\/selbstversorgergarten-so-waehlen-sie-die-ideale-flaeche\" \/>\n<meta property=\"og:site_name\" content=\"Samenhaus Gartenblog\" \/>\n<meta property=\"article:publisher\" content=\"https:\/\/de-de.facebook.com\/samenhaus\" \/>\n<meta property=\"article:published_time\" content=\"2021-04-29T17:41:26+00:00\" \/>\n<meta property=\"article:modified_time\" content=\"2023-06-08T10:48:37+00:00\" \/>\n<meta property=\"og:image\" content=\"https:\/\/www.samenhaus.de\/gartenblog\/wp-content\/uploads\/2021\/03\/AdobeStock_270092930.jpg\" \/>\n\t<meta property=\"og:image:width\" content=\"1000\" \/>\n\t<meta property=\"og:image:height\" content=\"563\" \/>\n\t<meta property=\"og:image:type\" content=\"image\/jpeg\" \/>\n<meta name=\"author\" content=\"Sabine\" \/>\n<meta name=\"twitter:card\" content=\"summary_large_image\" \/>\n<meta name=\"twitter:creator\" content=\"@samenhaus\" \/>\n<meta name=\"twitter:site\" content=\"@samenhaus\" \/>\n<meta name=\"twitter:label1\" content=\"Verfasst von\" \/>\n\t<meta name=\"twitter:data1\" content=\"Sabine\" \/>\n\t<meta name=\"twitter:label2\" content=\"Gesch\u00e4tzte Lesezeit\" \/>\n\t<meta name=\"twitter:data2\" content=\"7\u00a0Minuten\" \/>\n<script type=\"application\/ld+json\" class=\"yoast-schema-graph\">{\"@context\":\"https:\\\/\\\/schema.org\",\"@graph\":[{\"@type\":\"Article\",\"@id\":\"https:\\\/\\\/www.samenhaus.de\\\/gartenblog\\\/selbstversorgergarten-so-waehlen-sie-die-ideale-flaeche#article\",\"isPartOf\":{\"@id\":\"https:\\\/\\\/www.samenhaus.de\\\/gartenblog\\\/selbstversorgergarten-so-waehlen-sie-die-ideale-flaeche\"},\"author\":{\"name\":\"Sabine\",\"@id\":\"https:\\\/\\\/www.samenhaus.de\\\/gartenblog\\\/#\\\/schema\\\/person\\\/e4c837ea32ec74c39497c1e69976fed5\"},\"headline\":\"Selbstversorgergarten: So w\u00e4hlen Sie die ideale Fl\u00e4che\",\"datePublished\":\"2021-04-29T17:41:26+00:00\",\"dateModified\":\"2023-06-08T10:48:37+00:00\",\"mainEntityOfPage\":{\"@id\":\"https:\\\/\\\/www.samenhaus.de\\\/gartenblog\\\/selbstversorgergarten-so-waehlen-sie-die-ideale-flaeche\"},\"wordCount\":1182,\"commentCount\":0,\"publisher\":{\"@id\":\"https:\\\/\\\/www.samenhaus.de\\\/gartenblog\\\/#organization\"},\"image\":{\"@id\":\"https:\\\/\\\/www.samenhaus.de\\\/gartenblog\\\/selbstversorgergarten-so-waehlen-sie-die-ideale-flaeche#primaryimage\"},\"thumbnailUrl\":\"https:\\\/\\\/www.samenhaus.de\\\/gartenblog\\\/wp-content\\\/uploads\\\/2021\\\/03\\\/AdobeStock_270092930.jpg\",\"articleSection\":[\"Selbstversorger-Garten\"],\"inLanguage\":\"de\",\"potentialAction\":[{\"@type\":\"CommentAction\",\"name\":\"Comment\",\"target\":[\"https:\\\/\\\/www.samenhaus.de\\\/gartenblog\\\/selbstversorgergarten-so-waehlen-sie-die-ideale-flaeche#respond\"]}],\"copyrightYear\":\"2021\",\"copyrightHolder\":{\"@id\":\"https:\\\/\\\/www.samenhaus.de\\\/gartenblog\\\/#organization\"}},{\"@type\":\"WebPage\",\"@id\":\"https:\\\/\\\/www.samenhaus.de\\\/gartenblog\\\/selbstversorgergarten-so-waehlen-sie-die-ideale-flaeche\",\"url\":\"https:\\\/\\\/www.samenhaus.de\\\/gartenblog\\\/selbstversorgergarten-so-waehlen-sie-die-ideale-flaeche\",\"name\":\"Die richtige Gr\u00f6\u00dfe f\u00fcr den Selbstversorgergarten - Samenhaus Gartenblog\",\"isPartOf\":{\"@id\":\"https:\\\/\\\/www.samenhaus.de\\\/gartenblog\\\/#website\"},\"primaryImageOfPage\":{\"@id\":\"https:\\\/\\\/www.samenhaus.de\\\/gartenblog\\\/selbstversorgergarten-so-waehlen-sie-die-ideale-flaeche#primaryimage\"},\"image\":{\"@id\":\"https:\\\/\\\/www.samenhaus.de\\\/gartenblog\\\/selbstversorgergarten-so-waehlen-sie-die-ideale-flaeche#primaryimage\"},\"thumbnailUrl\":\"https:\\\/\\\/www.samenhaus.de\\\/gartenblog\\\/wp-content\\\/uploads\\\/2021\\\/03\\\/AdobeStock_270092930.jpg\",\"datePublished\":\"2021-04-29T17:41:26+00:00\",\"dateModified\":\"2023-06-08T10:48:37+00:00\",\"description\":\"Wie viel Garten ben\u00f6tigen Sie f\u00fcr die Selbstversorgung? Das h\u00e4ngt von verschiedenen Faktoren ab. Wir geben Ihnen Tipps zum Anlegen eines Selbstversorgergartens.\",\"breadcrumb\":{\"@id\":\"https:\\\/\\\/www.samenhaus.de\\\/gartenblog\\\/selbstversorgergarten-so-waehlen-sie-die-ideale-flaeche#breadcrumb\"},\"inLanguage\":\"de\",\"potentialAction\":[{\"@type\":\"ReadAction\",\"target\":[\"https:\\\/\\\/www.samenhaus.de\\\/gartenblog\\\/selbstversorgergarten-so-waehlen-sie-die-ideale-flaeche\"]}]},{\"@type\":\"ImageObject\",\"inLanguage\":\"de\",\"@id\":\"https:\\\/\\\/www.samenhaus.de\\\/gartenblog\\\/selbstversorgergarten-so-waehlen-sie-die-ideale-flaeche#primaryimage\",\"url\":\"https:\\\/\\\/www.samenhaus.de\\\/gartenblog\\\/wp-content\\\/uploads\\\/2021\\\/03\\\/AdobeStock_270092930.jpg\",\"contentUrl\":\"https:\\\/\\\/www.samenhaus.de\\\/gartenblog\\\/wp-content\\\/uploads\\\/2021\\\/03\\\/AdobeStock_270092930.jpg\",\"width\":1000,\"height\":563,\"caption\":\"Selbstversorger Garten\"},{\"@type\":\"BreadcrumbList\",\"@id\":\"https:\\\/\\\/www.samenhaus.de\\\/gartenblog\\\/selbstversorgergarten-so-waehlen-sie-die-ideale-flaeche#breadcrumb\",\"itemListElement\":[{\"@type\":\"ListItem\",\"position\":1,\"name\":\"Startseite\",\"item\":\"https:\\\/\\\/www.samenhaus.de\\\/gartenblog\\\/\"},{\"@type\":\"ListItem\",\"position\":2,\"name\":\"Selbstversorgergarten: So w\u00e4hlen Sie die ideale Fl\u00e4che\"}]},{\"@type\":\"WebSite\",\"@id\":\"https:\\\/\\\/www.samenhaus.de\\\/gartenblog\\\/#website\",\"url\":\"https:\\\/\\\/www.samenhaus.de\\\/gartenblog\\\/\",\"name\":\"Samenhaus Gartenblog\",\"description\":\"\",\"publisher\":{\"@id\":\"https:\\\/\\\/www.samenhaus.de\\\/gartenblog\\\/#organization\"},\"potentialAction\":[{\"@type\":\"SearchAction\",\"target\":{\"@type\":\"EntryPoint\",\"urlTemplate\":\"https:\\\/\\\/www.samenhaus.de\\\/gartenblog\\\/?s={search_term_string}\"},\"query-input\":{\"@type\":\"PropertyValueSpecification\",\"valueRequired\":true,\"valueName\":\"search_term_string\"}}],\"inLanguage\":\"de\"},{\"@type\":\"Organization\",\"@id\":\"https:\\\/\\\/www.samenhaus.de\\\/gartenblog\\\/#organization\",\"name\":\"Samenhaus.de Gartenblog\",\"url\":\"https:\\\/\\\/www.samenhaus.de\\\/gartenblog\\\/\",\"logo\":{\"@type\":\"ImageObject\",\"inLanguage\":\"de\",\"@id\":\"https:\\\/\\\/www.samenhaus.de\\\/gartenblog\\\/#\\\/schema\\\/logo\\\/image\\\/\",\"url\":\"https:\\\/\\\/www.samenhaus.de\\\/gartenblog\\\/wp-content\\\/uploads\\\/2020\\\/11\\\/logo.svg\",\"contentUrl\":\"https:\\\/\\\/www.samenhaus.de\\\/gartenblog\\\/wp-content\\\/uploads\\\/2020\\\/11\\\/logo.svg\",\"width\":1,\"height\":1,\"caption\":\"Samenhaus.de Gartenblog\"},\"image\":{\"@id\":\"https:\\\/\\\/www.samenhaus.de\\\/gartenblog\\\/#\\\/schema\\\/logo\\\/image\\\/\"},\"sameAs\":[\"https:\\\/\\\/de-de.facebook.com\\\/samenhaus\",\"https:\\\/\\\/x.com\\\/samenhaus\"]},{\"@type\":\"Person\",\"@id\":\"https:\\\/\\\/www.samenhaus.de\\\/gartenblog\\\/#\\\/schema\\\/person\\\/e4c837ea32ec74c39497c1e69976fed5\",\"name\":\"Sabine\",\"image\":{\"@type\":\"ImageObject\",\"inLanguage\":\"de\",\"@id\":\"https:\\\/\\\/www.samenhaus.de\\\/gartenblog\\\/wp-content\\\/uploads\\\/2026\\\/03\\\/sabine-150x150.png\",\"url\":\"https:\\\/\\\/www.samenhaus.de\\\/gartenblog\\\/wp-content\\\/uploads\\\/2026\\\/03\\\/sabine-150x150.png\",\"contentUrl\":\"https:\\\/\\\/www.samenhaus.de\\\/gartenblog\\\/wp-content\\\/uploads\\\/2026\\\/03\\\/sabine-150x150.png\",\"caption\":\"Sabine\"},\"description\":\"Sabine schreibt am liebsten \u00fcber Themen rund um den Selbstversorgergarten. Ob Gem\u00fcseanbau, Obstgarten, H\u00fchnerhaltung oder Konservierung und Verarbeitung, sie hat jede Menge eigene Erfahrung beizusteuern. Sie liebt es, den Blick \u00fcber die ersten zarten Pflanzen des Jahres schweifen zu lassen oder die gewaltige Ernte im Sommer und Herbst zu b\u00e4ndigen.\",\"url\":\"https:\\\/\\\/www.samenhaus.de\\\/gartenblog\\\/author\\\/sabine\"}]}<\/script>\n<!-- \/ Yoast SEO plugin. -->","yoast_head_json":{"title":"Die richtige Gr\u00f6\u00dfe f\u00fcr den Selbstversorgergarten - Samenhaus Gartenblog","description":"Wie viel Garten ben\u00f6tigen Sie f\u00fcr die Selbstversorgung? Das h\u00e4ngt von verschiedenen Faktoren ab. Wir geben Ihnen Tipps zum Anlegen eines Selbstversorgergartens.","robots":{"index":"index","follow":"follow","max-snippet":"max-snippet:-1","max-image-preview":"max-image-preview:large","max-video-preview":"max-video-preview:-1"},"canonical":"https:\/\/www.samenhaus.de\/gartenblog\/selbstversorgergarten-so-waehlen-sie-die-ideale-flaeche","og_locale":"de_DE","og_type":"article","og_title":"Die richtige Gr\u00f6\u00dfe f\u00fcr den Selbstversorgergarten - Samenhaus Gartenblog","og_description":"Wie viel Garten ben\u00f6tigen Sie f\u00fcr die Selbstversorgung? Das h\u00e4ngt von verschiedenen Faktoren ab. Wir geben Ihnen Tipps zum Anlegen eines Selbstversorgergartens.","og_url":"https:\/\/www.samenhaus.de\/gartenblog\/selbstversorgergarten-so-waehlen-sie-die-ideale-flaeche","og_site_name":"Samenhaus Gartenblog","article_publisher":"https:\/\/de-de.facebook.com\/samenhaus","article_published_time":"2021-04-29T17:41:26+00:00","article_modified_time":"2023-06-08T10:48:37+00:00","og_image":[{"width":1000,"height":563,"url":"https:\/\/www.samenhaus.de\/gartenblog\/wp-content\/uploads\/2021\/03\/AdobeStock_270092930.jpg","type":"image\/jpeg"}],"author":"Sabine","twitter_card":"summary_large_image","twitter_creator":"@samenhaus","twitter_site":"@samenhaus","twitter_misc":{"Verfasst von":"Sabine","Gesch\u00e4tzte Lesezeit":"7\u00a0Minuten"},"schema":{"@context":"https:\/\/schema.org","@graph":[{"@type":"Article","@id":"https:\/\/www.samenhaus.de\/gartenblog\/selbstversorgergarten-so-waehlen-sie-die-ideale-flaeche#article","isPartOf":{"@id":"https:\/\/www.samenhaus.de\/gartenblog\/selbstversorgergarten-so-waehlen-sie-die-ideale-flaeche"},"author":{"name":"Sabine","@id":"https:\/\/www.samenhaus.de\/gartenblog\/#\/schema\/person\/e4c837ea32ec74c39497c1e69976fed5"},"headline":"Selbstversorgergarten: So w\u00e4hlen Sie die ideale Fl\u00e4che","datePublished":"2021-04-29T17:41:26+00:00","dateModified":"2023-06-08T10:48:37+00:00","mainEntityOfPage":{"@id":"https:\/\/www.samenhaus.de\/gartenblog\/selbstversorgergarten-so-waehlen-sie-die-ideale-flaeche"},"wordCount":1182,"commentCount":0,"publisher":{"@id":"https:\/\/www.samenhaus.de\/gartenblog\/#organization"},"image":{"@id":"https:\/\/www.samenhaus.de\/gartenblog\/selbstversorgergarten-so-waehlen-sie-die-ideale-flaeche#primaryimage"},"thumbnailUrl":"https:\/\/www.samenhaus.de\/gartenblog\/wp-content\/uploads\/2021\/03\/AdobeStock_270092930.jpg","articleSection":["Selbstversorger-Garten"],"inLanguage":"de","potentialAction":[{"@type":"CommentAction","name":"Comment","target":["https:\/\/www.samenhaus.de\/gartenblog\/selbstversorgergarten-so-waehlen-sie-die-ideale-flaeche#respond"]}],"copyrightYear":"2021","copyrightHolder":{"@id":"https:\/\/www.samenhaus.de\/gartenblog\/#organization"}},{"@type":"WebPage","@id":"https:\/\/www.samenhaus.de\/gartenblog\/selbstversorgergarten-so-waehlen-sie-die-ideale-flaeche","url":"https:\/\/www.samenhaus.de\/gartenblog\/selbstversorgergarten-so-waehlen-sie-die-ideale-flaeche","name":"Die richtige Gr\u00f6\u00dfe f\u00fcr den Selbstversorgergarten - Samenhaus Gartenblog","isPartOf":{"@id":"https:\/\/www.samenhaus.de\/gartenblog\/#website"},"primaryImageOfPage":{"@id":"https:\/\/www.samenhaus.de\/gartenblog\/selbstversorgergarten-so-waehlen-sie-die-ideale-flaeche#primaryimage"},"image":{"@id":"https:\/\/www.samenhaus.de\/gartenblog\/selbstversorgergarten-so-waehlen-sie-die-ideale-flaeche#primaryimage"},"thumbnailUrl":"https:\/\/www.samenhaus.de\/gartenblog\/wp-content\/uploads\/2021\/03\/AdobeStock_270092930.jpg","datePublished":"2021-04-29T17:41:26+00:00","dateModified":"2023-06-08T10:48:37+00:00","description":"Wie viel Garten ben\u00f6tigen Sie f\u00fcr die Selbstversorgung? Das h\u00e4ngt von verschiedenen Faktoren ab. Wir geben Ihnen Tipps zum Anlegen eines Selbstversorgergartens.","breadcrumb":{"@id":"https:\/\/www.samenhaus.de\/gartenblog\/selbstversorgergarten-so-waehlen-sie-die-ideale-flaeche#breadcrumb"},"inLanguage":"de","potentialAction":[{"@type":"ReadAction","target":["https:\/\/www.samenhaus.de\/gartenblog\/selbstversorgergarten-so-waehlen-sie-die-ideale-flaeche"]}]},{"@type":"ImageObject","inLanguage":"de","@id":"https:\/\/www.samenhaus.de\/gartenblog\/selbstversorgergarten-so-waehlen-sie-die-ideale-flaeche#primaryimage","url":"https:\/\/www.samenhaus.de\/gartenblog\/wp-content\/uploads\/2021\/03\/AdobeStock_270092930.jpg","contentUrl":"https:\/\/www.samenhaus.de\/gartenblog\/wp-content\/uploads\/2021\/03\/AdobeStock_270092930.jpg","width":1000,"height":563,"caption":"Selbstversorger Garten"},{"@type":"BreadcrumbList","@id":"https:\/\/www.samenhaus.de\/gartenblog\/selbstversorgergarten-so-waehlen-sie-die-ideale-flaeche#breadcrumb","itemListElement":[{"@type":"ListItem","position":1,"name":"Startseite","item":"https:\/\/www.samenhaus.de\/gartenblog\/"},{"@type":"ListItem","position":2,"name":"Selbstversorgergarten: So w\u00e4hlen Sie die ideale Fl\u00e4che"}]},{"@type":"WebSite","@id":"https:\/\/www.samenhaus.de\/gartenblog\/#website","url":"https:\/\/www.samenhaus.de\/gartenblog\/","name":"Samenhaus Gartenblog","description":"","publisher":{"@id":"https:\/\/www.samenhaus.de\/gartenblog\/#organization"},"potentialAction":[{"@type":"SearchAction","target":{"@type":"EntryPoint","urlTemplate":"https:\/\/www.samenhaus.de\/gartenblog\/?s={search_term_string}"},"query-input":{"@type":"PropertyValueSpecification","valueRequired":true,"valueName":"search_term_string"}}],"inLanguage":"de"},{"@type":"Organization","@id":"https:\/\/www.samenhaus.de\/gartenblog\/#organization","name":"Samenhaus.de Gartenblog","url":"https:\/\/www.samenhaus.de\/gartenblog\/","logo":{"@type":"ImageObject","inLanguage":"de","@id":"https:\/\/www.samenhaus.de\/gartenblog\/#\/schema\/logo\/image\/","url":"https:\/\/www.samenhaus.de\/gartenblog\/wp-content\/uploads\/2020\/11\/logo.svg","contentUrl":"https:\/\/www.samenhaus.de\/gartenblog\/wp-content\/uploads\/2020\/11\/logo.svg","width":1,"height":1,"caption":"Samenhaus.de Gartenblog"},"image":{"@id":"https:\/\/www.samenhaus.de\/gartenblog\/#\/schema\/logo\/image\/"},"sameAs":["https:\/\/de-de.facebook.com\/samenhaus","https:\/\/x.com\/samenhaus"]},{"@type":"Person","@id":"https:\/\/www.samenhaus.de\/gartenblog\/#\/schema\/person\/e4c837ea32ec74c39497c1e69976fed5","name":"Sabine","image":{"@type":"ImageObject","inLanguage":"de","@id":"https:\/\/www.samenhaus.de\/gartenblog\/wp-content\/uploads\/2026\/03\/sabine-150x150.png","url":"https:\/\/www.samenhaus.de\/gartenblog\/wp-content\/uploads\/2026\/03\/sabine-150x150.png","contentUrl":"https:\/\/www.samenhaus.de\/gartenblog\/wp-content\/uploads\/2026\/03\/sabine-150x150.png","caption":"Sabine"},"description":"Sabine schreibt am liebsten \u00fcber Themen rund um den Selbstversorgergarten. Ob Gem\u00fcseanbau, Obstgarten, H\u00fchnerhaltung oder Konservierung und Verarbeitung, sie hat jede Menge eigene Erfahrung beizusteuern. Sie liebt es, den Blick \u00fcber die ersten zarten Pflanzen des Jahres schweifen zu lassen oder die gewaltige Ernte im Sommer und Herbst zu b\u00e4ndigen.","url":"https:\/\/www.samenhaus.de\/gartenblog\/author\/sabine"}]}},"wp-worthy-pixel":{"ignored":false,"public":"049d1faaf68045a988d12549d847f252","server":"vg05.met.vgwort.de","url":"https:\/\/vg05.met.vgwort.de\/na\/049d1faaf68045a988d12549d847f252"},"wp-worthy-type":"normal","_links":{"self":[{"href":"https:\/\/www.samenhaus.de\/gartenblog\/wp-json\/wp\/v2\/posts\/404","targetHints":{"allow":["GET"]}}],"collection":[{"href":"https:\/\/www.samenhaus.de\/gartenblog\/wp-json\/wp\/v2\/posts"}],"about":[{"href":"https:\/\/www.samenhaus.de\/gartenblog\/wp-json\/wp\/v2\/types\/post"}],"author":[{"embeddable":true,"href":"https:\/\/www.samenhaus.de\/gartenblog\/wp-json\/wp\/v2\/users\/11"}],"replies":[{"embeddable":true,"href":"https:\/\/www.samenhaus.de\/gartenblog\/wp-json\/wp\/v2\/comments?post=404"}],"version-history":[{"count":8,"href":"https:\/\/www.samenhaus.de\/gartenblog\/wp-json\/wp\/v2\/posts\/404\/revisions"}],"predecessor-version":[{"id":11315,"href":"https:\/\/www.samenhaus.de\/gartenblog\/wp-json\/wp\/v2\/posts\/404\/revisions\/11315"}],"wp:featuredmedia":[{"embeddable":true,"href":"https:\/\/www.samenhaus.de\/gartenblog\/wp-json\/wp\/v2\/media\/812"}],"wp:attachment":[{"href":"https:\/\/www.samenhaus.de\/gartenblog\/wp-json\/wp\/v2\/media?parent=404"}],"wp:term":[{"taxonomy":"category","embeddable":true,"href":"https:\/\/www.samenhaus.de\/gartenblog\/wp-json\/wp\/v2\/categories?post=404"},{"taxonomy":"post_tag","embeddable":true,"href":"https:\/\/www.samenhaus.de\/gartenblog\/wp-json\/wp\/v2\/tags?post=404"},{"taxonomy":"hersteller","embeddable":true,"href":"https:\/\/www.samenhaus.de\/gartenblog\/wp-json\/wp\/v2\/hersteller?post=404"}],"curies":[{"name":"wp","href":"https:\/\/api.w.org\/{rel}","templated":true}]}}