{"id":408,"date":"2021-04-23T18:58:58","date_gmt":"2021-04-23T18:58:58","guid":{"rendered":"https:\/\/samenhaus1.timmeserver.de\/?p=408"},"modified":"2023-06-08T09:26:30","modified_gmt":"2023-06-08T09:26:30","slug":"der-richtige-zeitpunkt-fuer-den-baumschnitt-winter-oder-sommer","status":"publish","type":"post","link":"https:\/\/www.samenhaus.de\/gartenblog\/der-richtige-zeitpunkt-fuer-den-baumschnitt-winter-oder-sommer","title":{"rendered":"Der richtige Zeitpunkt f\u00fcr den Baumschnitt: Winter oder Sommer?"},"content":{"rendered":"<p>Obstb\u00e4ume brauchen Pflege, andernfalls l\u00e4sst der Ertrag im Laufe der Jahre oft zu w\u00fcnschen \u00fcbrig \u2013 von der Optik ganz zu schweigen. Doch wann ist eigentlich der richtige Zeitpunkt f\u00fcr den Baumschnitt? Ganz einfach: Es kommt darauf an! Auf die Art des Baumes und auf das Ziel, das Sie mit dem Schnitt verfolgen.<\/p>\n<h2><span class=\"ez-toc-section\" id=\"Warum_ist_der_Baumschnitt_ueberhaupt_notwendig\"><\/span>Warum ist der Baumschnitt \u00fcberhaupt notwendig?<span class=\"ez-toc-section-end\"><\/span><\/h2>\n<p><img loading=\"lazy\" decoding=\"async\" class=\"size-medium wp-image-2761 alignright\" src=\"https:\/\/www.samenhaus.de\/gartenblog\/wp-content\/uploads\/2022\/03\/Baumschnitt_332991185-300x200.jpeg\" alt=\"Baumschnitt\" width=\"300\" height=\"200\" srcset=\"https:\/\/www.samenhaus.de\/gartenblog\/wp-content\/uploads\/2022\/03\/Baumschnitt_332991185-300x200.jpeg 300w, https:\/\/www.samenhaus.de\/gartenblog\/wp-content\/uploads\/2022\/03\/Baumschnitt_332991185-600x400.jpeg 600w, https:\/\/www.samenhaus.de\/gartenblog\/wp-content\/uploads\/2022\/03\/Baumschnitt_332991185-2048x1365.jpeg 2048w, https:\/\/www.samenhaus.de\/gartenblog\/wp-content\/uploads\/2022\/03\/Baumschnitt_332991185-768x512.jpeg 768w, https:\/\/www.samenhaus.de\/gartenblog\/wp-content\/uploads\/2022\/03\/Baumschnitt_332991185-1024x683.jpeg 1024w, https:\/\/www.samenhaus.de\/gartenblog\/wp-content\/uploads\/2022\/03\/Baumschnitt_332991185-1536x1024.jpeg 1536w\" sizes=\"auto, (max-width: 300px) 100vw, 300px\" \/>Das Wichtigste zuerst: Obstb\u00e4ume \u00fcberleben nat\u00fcrlich auch ohne den Menschen. Und doch lohnt es sich, einen regelm\u00e4\u00dfigen Baumschnitt durchzuf\u00fchren. Er hat mehrere gewichtige Vorteile:<\/p>\n<ul>\n<li>Sie f\u00f6rdern das gesunde Wachstum des Baumes.<\/li>\n<li>Bei richtigem Schnitt erh\u00f6hen Sie den Ertrag und erhalten sch\u00f6ne, gro\u00dfe Fr\u00fcchte.<\/li>\n<li>Sie beugen (Pilz-)Krankheiten und dem Befall mit Sch\u00e4dlingen vor.<\/li>\n<li>Sie f\u00f6rdern ein \u00e4sthetisches Wachstum \u2013 ohne Beschnitt sind alte, morsche \u00c4ste oder Wassertriebe an der Tagesordnung.<\/li>\n<\/ul>\n<h2><span class=\"ez-toc-section\" id=\"Winterschnitt_vs_Sommerschnitt\"><\/span>Winterschnitt vs. Sommerschnitt<span class=\"ez-toc-section-end\"><\/span><\/h2>\n<p><img loading=\"lazy\" decoding=\"async\" class=\"size-medium wp-image-2758 alignright\" src=\"https:\/\/www.samenhaus.de\/gartenblog\/wp-content\/uploads\/2022\/03\/Baumschnitt_42902721-300x200.jpeg\" alt=\"Verschnitt Baum\" width=\"300\" height=\"200\" srcset=\"https:\/\/www.samenhaus.de\/gartenblog\/wp-content\/uploads\/2022\/03\/Baumschnitt_42902721-300x200.jpeg 300w, https:\/\/www.samenhaus.de\/gartenblog\/wp-content\/uploads\/2022\/03\/Baumschnitt_42902721-600x400.jpeg 600w, https:\/\/www.samenhaus.de\/gartenblog\/wp-content\/uploads\/2022\/03\/Baumschnitt_42902721-2048x1365.jpeg 2048w, https:\/\/www.samenhaus.de\/gartenblog\/wp-content\/uploads\/2022\/03\/Baumschnitt_42902721-768x512.jpeg 768w, https:\/\/www.samenhaus.de\/gartenblog\/wp-content\/uploads\/2022\/03\/Baumschnitt_42902721-1024x683.jpeg 1024w, https:\/\/www.samenhaus.de\/gartenblog\/wp-content\/uploads\/2022\/03\/Baumschnitt_42902721-1536x1024.jpeg 1536w\" sizes=\"auto, (max-width: 300px) 100vw, 300px\" \/>Der Baumschnitt im Sommer und im Winter unterscheiden sich enorm in ihrer Wirkung. Dies h\u00e4ngt mit der Energieversorgung des Baums zusammen: Im Winter sammelt der Baum all seine Kr\u00e4fte in der Wurzel und lagert sie dort ein. Sobald die w\u00e4rmeren Fr\u00fchlingsmonate heranbrechen, verlagern sich die Reservestoffe in die Bl\u00e4tter, um den Neuaustrieb zu f\u00f6rdern. Erst im Sp\u00e4tsommer kehrt sich der Prozess um und der Baum konzentriert seine Kraft wieder im Zentrum.<\/p>\n<h3><span class=\"ez-toc-section\" id=\"Der_Sommerschnitt_Beruhigung_des_Baums\"><\/span>Der Sommerschnitt: Beruhigung des Baums<span class=\"ez-toc-section-end\"><\/span><\/h3>\n<p>Schneiden Sie den Baum im Sommer, nehmen Sie dem Baum einen Teil der Kraft, der in den Bl\u00e4ttern gespeichert ist. Sie fehlt ihm im kommenden Fr\u00fchling, weshalb mit weniger starkem Austrieb zu rechnen ist. Man spricht deshalb auch davon, dass der Sommerschnitt den Baum \u201eberuhigt\u201c. Wenn Sie die Krone ordentlich auslichten, gelangt mehr Licht ins Innere. Dies wirkt sich im kommenden Jahr durch sch\u00f6nere Fr\u00fcchte mit gesunder Farbe aus. Au\u00dferdem heilen die Schnittwunden deutlich besser ab als im Winter, weil die Witterung trocken ist und Pilzinfektionen eher selten vorkommen.<\/p>\n<h3><span class=\"ez-toc-section\" id=\"Der_Winterschnitt_staerkerer_Fruchtansatz_im_kommenden_Jahr\"><\/span>Der Winterschnitt: st\u00e4rkerer Fruchtansatz im kommenden Jahr<span class=\"ez-toc-section-end\"><\/span><\/h3>\n<p>W\u00e4hrend des Winterschnitts sitzt die Kraft in der Wurzel und Sie k\u00f6nnen den Baum bedenkenlos zur\u00fcckschneiden. Er tr\u00e4gt zu diesem Zeitpunkt kein Laub, was den Baumschnitt erleichtert. Sie erkennen die Wuchsrichtung der Triebe leichter und es brechen nicht so leicht Zweige durch das Gewicht des Laubs ab. Schneiden Sie im Herbst oder Winter, d\u00fcrfen Sie sich im kommenden Gartenjahr auf reichen Fruchtansatz freuen. Jetzt ist der beste Zeitpunkt f\u00fcr einen Verj\u00fcngungsschnitt.<\/p>\n<p>M\u00f6chten Sie den Baum radikal zur\u00fcckschneiden, ist dies auch im Winter m\u00f6glich. Rechnen Sie allerdings damit, dass er seine Kraft im neuen Jahr darauf konzentrieren wird, sehr viele Triebe zu bilden. Dementsprechend mager wird die Ernte ausfallen. Sinnvoller ist der Zeitpunkt f\u00fcr den R\u00fcckschnitt im Herbst gew\u00e4hlt. Dann bildet der Baum eher kr\u00e4ftige neue Triebe.<\/p>\n<h2><span class=\"ez-toc-section\" id=\"Wann_schneidet_man_welche_Baeume\"><\/span>Wann schneidet man welche B\u00e4ume?<span class=\"ez-toc-section-end\"><\/span><\/h2>\n<p><img loading=\"lazy\" decoding=\"async\" class=\"size-medium wp-image-2760 alignright\" src=\"https:\/\/www.samenhaus.de\/gartenblog\/wp-content\/uploads\/2022\/03\/Baumschnitt_320816252-300x200.jpeg\" alt=\"Schnitt Baum\" width=\"300\" height=\"200\" srcset=\"https:\/\/www.samenhaus.de\/gartenblog\/wp-content\/uploads\/2022\/03\/Baumschnitt_320816252-300x200.jpeg 300w, https:\/\/www.samenhaus.de\/gartenblog\/wp-content\/uploads\/2022\/03\/Baumschnitt_320816252-600x400.jpeg 600w, https:\/\/www.samenhaus.de\/gartenblog\/wp-content\/uploads\/2022\/03\/Baumschnitt_320816252-2048x1365.jpeg 2048w, https:\/\/www.samenhaus.de\/gartenblog\/wp-content\/uploads\/2022\/03\/Baumschnitt_320816252-768x512.jpeg 768w, https:\/\/www.samenhaus.de\/gartenblog\/wp-content\/uploads\/2022\/03\/Baumschnitt_320816252-1024x683.jpeg 1024w, https:\/\/www.samenhaus.de\/gartenblog\/wp-content\/uploads\/2022\/03\/Baumschnitt_320816252-1536x1024.jpeg 1536w\" sizes=\"auto, (max-width: 300px) 100vw, 300px\" \/>Der ideale Zeitpunkt f\u00fcr den Baumschnitt l\u00e4sst sich nicht verallgemeinern. Er h\u00e4ngt von der Art des Baumes ab. Beachten Sie diese Empfehlungen:<\/p>\n<ul>\n<li><strong>Kirschb\u00e4ume:<\/strong> Der ideale Zeitpunkt f\u00fcr den Schnitt von Kirschb\u00e4umen liegt zwischen Juli und September, direkt nach der Ernte.<\/li>\n<li><strong>Pfirsich- &amp; Aprikosenb\u00e4ume:<\/strong> Sie sollten diese B\u00e4ume im Fr\u00fchling nach dem Austrieb schneiden, sobald die ersten Fruchtknospen zu sehen sind. Um Ihre Ernte nicht zu gef\u00e4hrden, achten Sie darauf, m\u00f6glichst keine Bl\u00fcten zu entfernen.<\/li>\n<li><strong>Kernobstb\u00e4ume (z. B. Apfel, Birne, Quitte):<\/strong> Schneiden Sie Kernobstb\u00e4ume zwischen Januar und M\u00e4rz. Perfekt ist der Zeitpunkt kurz vor dem Austrieb. Dann steigt der Saft des Baums bereits nach oben und die Schnittwunden heilen schnell ab.<\/li>\n<li><strong>Steinobstb\u00e4ume (z. B. Pflaumen, Zwetschgen):<\/strong> Schneiden Sie Steinobstb\u00e4ume am besten kurz nach der Ernte im Juli oder August. Vermeiden Sie starke R\u00fcckschnitte, da sie empfindlich gegen\u00fcber Baumkrankheiten sind. Sinnvoller sind j\u00e4hrliche Erhaltungsschnitte.<\/li>\n<li><strong>Kiwib\u00e4ume:<\/strong> Schneiden Sie die Kiwi im sp\u00e4ten Winter und zus\u00e4tzlich im Sommer. Dabei k\u00fcrzen Sie gut tragende \u00c4ste soweit, dass nur noch vier Augen stehen bleiben. Treiben die zugeschnittenen \u00c4ste neu aus, schneiden Sie diese nochmals zur\u00fcck auf weitere zwei Augen.<\/li>\n<li><strong>Haselnussb\u00e4ume:<\/strong> Haselnussb\u00e4ume erhalten im Januar oder Februar einen klassischen Winterschnitt.<\/li>\n<li><strong>Brombeeren:<\/strong> Schneiden Sie den Brombeerstrauch stark zur\u00fcck, sodass nur vier Haupt\u00e4ste stehen bleiben. Am sinnvollsten ist der Schnitt im M\u00e4rz, denn durch einen Schnitt im Herbst hat der Strauch keinen Schutz mehr vor der kalten Witterung.<\/li>\n<li><strong>Himbeeren:<\/strong> Bei Himbeeren m\u00fcssen Sie nach der Sorte unterscheiden. Sommer-Himbeeren werden gleich im Sommer nach der Ernte geschnitten. Lassen Sie pro Pflanze etwa sechs Triebe stehen. Herbst-Himbeeren hingegen schneiden Sie im Sp\u00e4twinter bei milden Temperaturen.<\/li>\n<li><strong>Johannisbeeren:<\/strong> Johannisbeerstr\u00e4ucher werden gleich nach der Ernte geschnitten, etwa im Juli oder August. Auch im Sp\u00e4twinter ist ein Verj\u00fcngungsschnitt m\u00f6glich.<\/li>\n<li><strong>Heidelbeeren:<\/strong> In den ersten drei Jahren werden Heidelbeeren nicht zur\u00fcckgeschnitten. Erst danach schneiden Sie im Herbst alte Triebe aus, deren Rinde bereits rissig geworden ist.<\/li>\n<li><strong>Stachelbeeren:<\/strong> Schneiden Sie sie entweder direkt nach der Ernte im Sommer oder alternativ im Sp\u00e4twinter.<\/li>\n<\/ul>\n<h2><span class=\"ez-toc-section\" id=\"Blutende_Baeume_Gibt_es_den_richtigen_Zeitpunkt_fuer_den_Schnitt\"><\/span>Blutende B\u00e4ume: Gibt es den richtigen Zeitpunkt f\u00fcr den Schnitt?<span class=\"ez-toc-section-end\"><\/span><\/h2>\n<p>Einige Baumarten \u2013 dazu geh\u00f6rt auch der Walnussbaum \u2013 bluten stark, wenn Sie sie im Winter zur\u00fcckschneiden. Dabei dr\u00fccken die Wurzeln das Wasser aus den \u00c4sten. Dies kann dazu f\u00fchren, dass ein St\u00fcck der \u00c4ste ab der Schnittstelle austrocknet. Vermeiden Sie das Problem, indem Sie Ihren Walnussbaum erst dann schneiden, wenn der Blattaustrieb stattgefunden hat und die Bl\u00e4tter g\u00e4nzlich entwickelt sind.<\/p>\n<h2><span class=\"ez-toc-section\" id=\"Kann_man_Obstbaeume_auch_bei_Frost_schneiden\"><\/span>Kann man Obstb\u00e4ume auch bei Frost schneiden?<span class=\"ez-toc-section-end\"><\/span><\/h2>\n<p><img loading=\"lazy\" decoding=\"async\" class=\"size-medium wp-image-2759 alignright\" src=\"https:\/\/www.samenhaus.de\/gartenblog\/wp-content\/uploads\/2022\/03\/Baumschnitt_144109819-300x200.jpeg\" alt=\"Verschnitt Obstbaum\" width=\"300\" height=\"200\" srcset=\"https:\/\/www.samenhaus.de\/gartenblog\/wp-content\/uploads\/2022\/03\/Baumschnitt_144109819-300x200.jpeg 300w, https:\/\/www.samenhaus.de\/gartenblog\/wp-content\/uploads\/2022\/03\/Baumschnitt_144109819-600x401.jpeg 600w, https:\/\/www.samenhaus.de\/gartenblog\/wp-content\/uploads\/2022\/03\/Baumschnitt_144109819-768x513.jpeg 768w, https:\/\/www.samenhaus.de\/gartenblog\/wp-content\/uploads\/2022\/03\/Baumschnitt_144109819-1024x684.jpeg 1024w, https:\/\/www.samenhaus.de\/gartenblog\/wp-content\/uploads\/2022\/03\/Baumschnitt_144109819-1536x1025.jpeg 1536w, https:\/\/www.samenhaus.de\/gartenblog\/wp-content\/uploads\/2022\/03\/Baumschnitt_144109819-2048x1367.jpeg 2048w\" sizes=\"auto, (max-width: 300px) 100vw, 300px\" \/>Auch wenn der Winterschnitt Standard ist \u2013 fr\u00fcher schnitten die Bauern vor allem in den Wintermonaten \u2013 m\u00fcssen Sie dennoch auf die Witterung achten. Leichte Minustemperaturen bis -5\u00b0C sind f\u00fcr die meisten B\u00e4ume kein Problem. Wird es jedoch noch k\u00e4lter, sollten Sie den R\u00fcckschnitt auf einen anderen Tag verschieben, um dem Baum nicht zu sehr zuzusetzen. Am besten w\u00e4hlen Sie f\u00fcr den Baumschnitt einen Tag mit milden Temperaturen im Plusbereich und wenn es trocken ist. Zu viel Feuchtigkeit erh\u00f6ht n\u00e4mlich die Gefahr, dass Krankheitserreger oder Pilze \u00fcber die langsamer ausheilenden Schnittwunden ins Innere des Baumes gelangen.<\/p>\n<h2><span class=\"ez-toc-section\" id=\"Wann_darf_man_Obstbaeume_nicht_schneiden\"><\/span>Wann darf man Obstb\u00e4ume nicht schneiden?<span class=\"ez-toc-section-end\"><\/span><\/h2>\n<p>\u00a7 39 Abs. 5 des Bundesnaturschutzgesetzes schreibt vor, dass in der Zeit vom 1. M\u00e4rz bis zum 30. September keine starken R\u00fcckschnitte erlaubt sind. Dies dient dem Schutz von br\u00fctenden V\u00f6geln. Erlaubt sind aber Pflege- und Formschnitte, solange diese nicht zu gro\u00dfe Ausma\u00dfe annehmen. Pr\u00fcfen Sie zur Sicherheit vorher, ob sich im Baum br\u00fctende Tiere befinden.<\/p>\n","protected":false},"excerpt":{"rendered":"<p>Obstb\u00e4ume brauchen Pflege, andernfalls l\u00e4sst der Ertrag im Laufe der Jahre oft zu w\u00fcnschen \u00fcbrig \u2013 von der Optik ganz zu schweigen. Doch wann ist eigentlich der richtige Zeitpunkt f\u00fcr den Baumschnitt? Ganz einfach: Es kommt darauf an! Auf die Art des Baumes und auf das Ziel, das Sie mit dem Schnitt verfolgen. Warum ist der Baumschnitt \u00fcberhaupt notwendig? Das Wichtigste zuerst: Obstb\u00e4ume \u00fcberleben nat\u00fcrlich auch ohne den Menschen. Und doch lohnt es sich, einen regelm\u00e4\u00dfigen Baumschnitt durchzuf\u00fchren. Er hat mehrere gewichtige Vorteile: Sie f\u00f6rdern das gesunde Wachstum des Baumes. Bei richtigem Schnitt erh\u00f6hen Sie den Ertrag und erhalten sch\u00f6ne, gro\u00dfe Fr\u00fcchte. Sie beugen (Pilz-)Krankheiten und dem Befall mit Sch\u00e4dlingen vor. Sie f\u00f6rdern ein \u00e4sthetisches Wachstum \u2013 ohne Beschnitt sind alte, morsche \u00c4ste oder Wassertriebe an der Tagesordnung. Winterschnitt vs. Sommerschnitt Der Baumschnitt im Sommer und im Winter unterscheiden sich enorm in ihrer Wirkung. Dies h\u00e4ngt mit der Energieversorgung des Baums zusammen: Im Winter sammelt der Baum all seine Kr\u00e4fte in der Wurzel und lagert sie dort ein. Sobald die w\u00e4rmeren Fr\u00fchlingsmonate heranbrechen, verlagern sich die Reservestoffe in die Bl\u00e4tter, um den Neuaustrieb zu f\u00f6rdern. Erst im Sp\u00e4tsommer kehrt sich der Prozess um und der Baum konzentriert seine Kraft wieder [&hellip;]<\/p>\n","protected":false},"author":11,"featured_media":686,"comment_status":"open","ping_status":"open","sticky":false,"template":"","format":"standard","meta":{"_acf_changed":false,"footnotes":""},"categories":[1],"tags":[],"hersteller":[],"class_list":["post-408","post","type-post","status-publish","format-standard","has-post-thumbnail","hentry","category-allgemein"],"acf":[],"yoast_head":"<!-- This site is optimized with the Yoast SEO plugin v27.4 - https:\/\/yoast.com\/product\/yoast-seo-wordpress\/ -->\n<title>B\u00e4ume schneiden: der richtige Zeitpunkt - Samenhaus Gartenblog<\/title>\n<meta name=\"description\" content=\"Nicht zu jeder Zeit ist der Baumschnitt sinnvoll. Beim Schneiden der B\u00e4ume sollten Sie verschiedene Kriterien ber\u00fccksichtigen. Wir geben Ihnen Tipps.\" \/>\n<meta name=\"robots\" content=\"index, follow, max-snippet:-1, max-image-preview:large, max-video-preview:-1\" \/>\n<link rel=\"canonical\" href=\"https:\/\/www.samenhaus.de\/gartenblog\/der-richtige-zeitpunkt-fuer-den-baumschnitt-winter-oder-sommer\" \/>\n<meta property=\"og:locale\" content=\"de_DE\" \/>\n<meta property=\"og:type\" content=\"article\" \/>\n<meta property=\"og:title\" content=\"B\u00e4ume schneiden: der richtige Zeitpunkt - Samenhaus Gartenblog\" \/>\n<meta property=\"og:description\" content=\"Nicht zu jeder Zeit ist der Baumschnitt sinnvoll. Beim Schneiden der B\u00e4ume sollten Sie verschiedene Kriterien ber\u00fccksichtigen. Wir geben Ihnen Tipps.\" \/>\n<meta property=\"og:url\" content=\"https:\/\/www.samenhaus.de\/gartenblog\/der-richtige-zeitpunkt-fuer-den-baumschnitt-winter-oder-sommer\" \/>\n<meta property=\"og:site_name\" content=\"Samenhaus Gartenblog\" \/>\n<meta property=\"article:publisher\" content=\"https:\/\/de-de.facebook.com\/samenhaus\" \/>\n<meta property=\"article:published_time\" content=\"2021-04-23T18:58:58+00:00\" \/>\n<meta property=\"article:modified_time\" content=\"2023-06-08T09:26:30+00:00\" \/>\n<meta property=\"og:image\" content=\"https:\/\/www.samenhaus.de\/gartenblog\/wp-content\/uploads\/2021\/03\/AdobeStock_263512925.jpg\" \/>\n\t<meta property=\"og:image:width\" content=\"1000\" \/>\n\t<meta property=\"og:image:height\" content=\"563\" \/>\n\t<meta property=\"og:image:type\" content=\"image\/jpeg\" \/>\n<meta name=\"author\" content=\"Sabine\" \/>\n<meta name=\"twitter:card\" content=\"summary_large_image\" \/>\n<meta name=\"twitter:creator\" content=\"@samenhaus\" \/>\n<meta name=\"twitter:site\" content=\"@samenhaus\" \/>\n<meta name=\"twitter:label1\" content=\"Verfasst von\" \/>\n\t<meta name=\"twitter:data1\" content=\"Sabine\" \/>\n\t<meta name=\"twitter:label2\" content=\"Gesch\u00e4tzte Lesezeit\" \/>\n\t<meta name=\"twitter:data2\" content=\"7\u00a0Minuten\" \/>\n<script type=\"application\/ld+json\" class=\"yoast-schema-graph\">{\"@context\":\"https:\\\/\\\/schema.org\",\"@graph\":[{\"@type\":\"Article\",\"@id\":\"https:\\\/\\\/www.samenhaus.de\\\/gartenblog\\\/der-richtige-zeitpunkt-fuer-den-baumschnitt-winter-oder-sommer#article\",\"isPartOf\":{\"@id\":\"https:\\\/\\\/www.samenhaus.de\\\/gartenblog\\\/der-richtige-zeitpunkt-fuer-den-baumschnitt-winter-oder-sommer\"},\"author\":{\"name\":\"Sabine\",\"@id\":\"https:\\\/\\\/www.samenhaus.de\\\/gartenblog\\\/#\\\/schema\\\/person\\\/e4c837ea32ec74c39497c1e69976fed5\"},\"headline\":\"Der richtige Zeitpunkt f\u00fcr den Baumschnitt: Winter oder Sommer?\",\"datePublished\":\"2021-04-23T18:58:58+00:00\",\"dateModified\":\"2023-06-08T09:26:30+00:00\",\"mainEntityOfPage\":{\"@id\":\"https:\\\/\\\/www.samenhaus.de\\\/gartenblog\\\/der-richtige-zeitpunkt-fuer-den-baumschnitt-winter-oder-sommer\"},\"wordCount\":1105,\"commentCount\":6,\"publisher\":{\"@id\":\"https:\\\/\\\/www.samenhaus.de\\\/gartenblog\\\/#organization\"},\"image\":{\"@id\":\"https:\\\/\\\/www.samenhaus.de\\\/gartenblog\\\/der-richtige-zeitpunkt-fuer-den-baumschnitt-winter-oder-sommer#primaryimage\"},\"thumbnailUrl\":\"https:\\\/\\\/www.samenhaus.de\\\/gartenblog\\\/wp-content\\\/uploads\\\/2021\\\/03\\\/AdobeStock_263512925.jpg\",\"inLanguage\":\"de\",\"potentialAction\":[{\"@type\":\"CommentAction\",\"name\":\"Comment\",\"target\":[\"https:\\\/\\\/www.samenhaus.de\\\/gartenblog\\\/der-richtige-zeitpunkt-fuer-den-baumschnitt-winter-oder-sommer#respond\"]}],\"copyrightYear\":\"2021\",\"copyrightHolder\":{\"@id\":\"https:\\\/\\\/www.samenhaus.de\\\/gartenblog\\\/#organization\"}},{\"@type\":\"WebPage\",\"@id\":\"https:\\\/\\\/www.samenhaus.de\\\/gartenblog\\\/der-richtige-zeitpunkt-fuer-den-baumschnitt-winter-oder-sommer\",\"url\":\"https:\\\/\\\/www.samenhaus.de\\\/gartenblog\\\/der-richtige-zeitpunkt-fuer-den-baumschnitt-winter-oder-sommer\",\"name\":\"B\u00e4ume schneiden: der richtige Zeitpunkt - Samenhaus Gartenblog\",\"isPartOf\":{\"@id\":\"https:\\\/\\\/www.samenhaus.de\\\/gartenblog\\\/#website\"},\"primaryImageOfPage\":{\"@id\":\"https:\\\/\\\/www.samenhaus.de\\\/gartenblog\\\/der-richtige-zeitpunkt-fuer-den-baumschnitt-winter-oder-sommer#primaryimage\"},\"image\":{\"@id\":\"https:\\\/\\\/www.samenhaus.de\\\/gartenblog\\\/der-richtige-zeitpunkt-fuer-den-baumschnitt-winter-oder-sommer#primaryimage\"},\"thumbnailUrl\":\"https:\\\/\\\/www.samenhaus.de\\\/gartenblog\\\/wp-content\\\/uploads\\\/2021\\\/03\\\/AdobeStock_263512925.jpg\",\"datePublished\":\"2021-04-23T18:58:58+00:00\",\"dateModified\":\"2023-06-08T09:26:30+00:00\",\"description\":\"Nicht zu jeder Zeit ist der Baumschnitt sinnvoll. Beim Schneiden der B\u00e4ume sollten Sie verschiedene Kriterien ber\u00fccksichtigen. Wir geben Ihnen Tipps.\",\"breadcrumb\":{\"@id\":\"https:\\\/\\\/www.samenhaus.de\\\/gartenblog\\\/der-richtige-zeitpunkt-fuer-den-baumschnitt-winter-oder-sommer#breadcrumb\"},\"inLanguage\":\"de\",\"potentialAction\":[{\"@type\":\"ReadAction\",\"target\":[\"https:\\\/\\\/www.samenhaus.de\\\/gartenblog\\\/der-richtige-zeitpunkt-fuer-den-baumschnitt-winter-oder-sommer\"]}]},{\"@type\":\"ImageObject\",\"inLanguage\":\"de\",\"@id\":\"https:\\\/\\\/www.samenhaus.de\\\/gartenblog\\\/der-richtige-zeitpunkt-fuer-den-baumschnitt-winter-oder-sommer#primaryimage\",\"url\":\"https:\\\/\\\/www.samenhaus.de\\\/gartenblog\\\/wp-content\\\/uploads\\\/2021\\\/03\\\/AdobeStock_263512925.jpg\",\"contentUrl\":\"https:\\\/\\\/www.samenhaus.de\\\/gartenblog\\\/wp-content\\\/uploads\\\/2021\\\/03\\\/AdobeStock_263512925.jpg\",\"width\":1000,\"height\":563,\"caption\":\"Baumschnitt im Garten\"},{\"@type\":\"BreadcrumbList\",\"@id\":\"https:\\\/\\\/www.samenhaus.de\\\/gartenblog\\\/der-richtige-zeitpunkt-fuer-den-baumschnitt-winter-oder-sommer#breadcrumb\",\"itemListElement\":[{\"@type\":\"ListItem\",\"position\":1,\"name\":\"Startseite\",\"item\":\"https:\\\/\\\/www.samenhaus.de\\\/gartenblog\\\/\"},{\"@type\":\"ListItem\",\"position\":2,\"name\":\"Der richtige Zeitpunkt f\u00fcr den Baumschnitt: Winter oder Sommer?\"}]},{\"@type\":\"WebSite\",\"@id\":\"https:\\\/\\\/www.samenhaus.de\\\/gartenblog\\\/#website\",\"url\":\"https:\\\/\\\/www.samenhaus.de\\\/gartenblog\\\/\",\"name\":\"Samenhaus Gartenblog\",\"description\":\"\",\"publisher\":{\"@id\":\"https:\\\/\\\/www.samenhaus.de\\\/gartenblog\\\/#organization\"},\"potentialAction\":[{\"@type\":\"SearchAction\",\"target\":{\"@type\":\"EntryPoint\",\"urlTemplate\":\"https:\\\/\\\/www.samenhaus.de\\\/gartenblog\\\/?s={search_term_string}\"},\"query-input\":{\"@type\":\"PropertyValueSpecification\",\"valueRequired\":true,\"valueName\":\"search_term_string\"}}],\"inLanguage\":\"de\"},{\"@type\":\"Organization\",\"@id\":\"https:\\\/\\\/www.samenhaus.de\\\/gartenblog\\\/#organization\",\"name\":\"Samenhaus.de Gartenblog\",\"url\":\"https:\\\/\\\/www.samenhaus.de\\\/gartenblog\\\/\",\"logo\":{\"@type\":\"ImageObject\",\"inLanguage\":\"de\",\"@id\":\"https:\\\/\\\/www.samenhaus.de\\\/gartenblog\\\/#\\\/schema\\\/logo\\\/image\\\/\",\"url\":\"https:\\\/\\\/www.samenhaus.de\\\/gartenblog\\\/wp-content\\\/uploads\\\/2020\\\/11\\\/logo.svg\",\"contentUrl\":\"https:\\\/\\\/www.samenhaus.de\\\/gartenblog\\\/wp-content\\\/uploads\\\/2020\\\/11\\\/logo.svg\",\"width\":1,\"height\":1,\"caption\":\"Samenhaus.de Gartenblog\"},\"image\":{\"@id\":\"https:\\\/\\\/www.samenhaus.de\\\/gartenblog\\\/#\\\/schema\\\/logo\\\/image\\\/\"},\"sameAs\":[\"https:\\\/\\\/de-de.facebook.com\\\/samenhaus\",\"https:\\\/\\\/x.com\\\/samenhaus\"]},{\"@type\":\"Person\",\"@id\":\"https:\\\/\\\/www.samenhaus.de\\\/gartenblog\\\/#\\\/schema\\\/person\\\/e4c837ea32ec74c39497c1e69976fed5\",\"name\":\"Sabine\",\"image\":{\"@type\":\"ImageObject\",\"inLanguage\":\"de\",\"@id\":\"https:\\\/\\\/www.samenhaus.de\\\/gartenblog\\\/wp-content\\\/uploads\\\/2026\\\/03\\\/sabine-150x150.png\",\"url\":\"https:\\\/\\\/www.samenhaus.de\\\/gartenblog\\\/wp-content\\\/uploads\\\/2026\\\/03\\\/sabine-150x150.png\",\"contentUrl\":\"https:\\\/\\\/www.samenhaus.de\\\/gartenblog\\\/wp-content\\\/uploads\\\/2026\\\/03\\\/sabine-150x150.png\",\"caption\":\"Sabine\"},\"description\":\"Sabine schreibt am liebsten \u00fcber Themen rund um den Selbstversorgergarten. Ob Gem\u00fcseanbau, Obstgarten, H\u00fchnerhaltung oder Konservierung und Verarbeitung, sie hat jede Menge eigene Erfahrung beizusteuern. Sie liebt es, den Blick \u00fcber die ersten zarten Pflanzen des Jahres schweifen zu lassen oder die gewaltige Ernte im Sommer und Herbst zu b\u00e4ndigen.\",\"url\":\"https:\\\/\\\/www.samenhaus.de\\\/gartenblog\\\/author\\\/sabine\"}]}<\/script>\n<!-- \/ Yoast SEO plugin. -->","yoast_head_json":{"title":"B\u00e4ume schneiden: der richtige Zeitpunkt - Samenhaus Gartenblog","description":"Nicht zu jeder Zeit ist der Baumschnitt sinnvoll. Beim Schneiden der B\u00e4ume sollten Sie verschiedene Kriterien ber\u00fccksichtigen. Wir geben Ihnen Tipps.","robots":{"index":"index","follow":"follow","max-snippet":"max-snippet:-1","max-image-preview":"max-image-preview:large","max-video-preview":"max-video-preview:-1"},"canonical":"https:\/\/www.samenhaus.de\/gartenblog\/der-richtige-zeitpunkt-fuer-den-baumschnitt-winter-oder-sommer","og_locale":"de_DE","og_type":"article","og_title":"B\u00e4ume schneiden: der richtige Zeitpunkt - Samenhaus Gartenblog","og_description":"Nicht zu jeder Zeit ist der Baumschnitt sinnvoll. Beim Schneiden der B\u00e4ume sollten Sie verschiedene Kriterien ber\u00fccksichtigen. Wir geben Ihnen Tipps.","og_url":"https:\/\/www.samenhaus.de\/gartenblog\/der-richtige-zeitpunkt-fuer-den-baumschnitt-winter-oder-sommer","og_site_name":"Samenhaus Gartenblog","article_publisher":"https:\/\/de-de.facebook.com\/samenhaus","article_published_time":"2021-04-23T18:58:58+00:00","article_modified_time":"2023-06-08T09:26:30+00:00","og_image":[{"width":1000,"height":563,"url":"https:\/\/www.samenhaus.de\/gartenblog\/wp-content\/uploads\/2021\/03\/AdobeStock_263512925.jpg","type":"image\/jpeg"}],"author":"Sabine","twitter_card":"summary_large_image","twitter_creator":"@samenhaus","twitter_site":"@samenhaus","twitter_misc":{"Verfasst von":"Sabine","Gesch\u00e4tzte Lesezeit":"7\u00a0Minuten"},"schema":{"@context":"https:\/\/schema.org","@graph":[{"@type":"Article","@id":"https:\/\/www.samenhaus.de\/gartenblog\/der-richtige-zeitpunkt-fuer-den-baumschnitt-winter-oder-sommer#article","isPartOf":{"@id":"https:\/\/www.samenhaus.de\/gartenblog\/der-richtige-zeitpunkt-fuer-den-baumschnitt-winter-oder-sommer"},"author":{"name":"Sabine","@id":"https:\/\/www.samenhaus.de\/gartenblog\/#\/schema\/person\/e4c837ea32ec74c39497c1e69976fed5"},"headline":"Der richtige Zeitpunkt f\u00fcr den Baumschnitt: Winter oder Sommer?","datePublished":"2021-04-23T18:58:58+00:00","dateModified":"2023-06-08T09:26:30+00:00","mainEntityOfPage":{"@id":"https:\/\/www.samenhaus.de\/gartenblog\/der-richtige-zeitpunkt-fuer-den-baumschnitt-winter-oder-sommer"},"wordCount":1105,"commentCount":6,"publisher":{"@id":"https:\/\/www.samenhaus.de\/gartenblog\/#organization"},"image":{"@id":"https:\/\/www.samenhaus.de\/gartenblog\/der-richtige-zeitpunkt-fuer-den-baumschnitt-winter-oder-sommer#primaryimage"},"thumbnailUrl":"https:\/\/www.samenhaus.de\/gartenblog\/wp-content\/uploads\/2021\/03\/AdobeStock_263512925.jpg","inLanguage":"de","potentialAction":[{"@type":"CommentAction","name":"Comment","target":["https:\/\/www.samenhaus.de\/gartenblog\/der-richtige-zeitpunkt-fuer-den-baumschnitt-winter-oder-sommer#respond"]}],"copyrightYear":"2021","copyrightHolder":{"@id":"https:\/\/www.samenhaus.de\/gartenblog\/#organization"}},{"@type":"WebPage","@id":"https:\/\/www.samenhaus.de\/gartenblog\/der-richtige-zeitpunkt-fuer-den-baumschnitt-winter-oder-sommer","url":"https:\/\/www.samenhaus.de\/gartenblog\/der-richtige-zeitpunkt-fuer-den-baumschnitt-winter-oder-sommer","name":"B\u00e4ume schneiden: der richtige Zeitpunkt - Samenhaus Gartenblog","isPartOf":{"@id":"https:\/\/www.samenhaus.de\/gartenblog\/#website"},"primaryImageOfPage":{"@id":"https:\/\/www.samenhaus.de\/gartenblog\/der-richtige-zeitpunkt-fuer-den-baumschnitt-winter-oder-sommer#primaryimage"},"image":{"@id":"https:\/\/www.samenhaus.de\/gartenblog\/der-richtige-zeitpunkt-fuer-den-baumschnitt-winter-oder-sommer#primaryimage"},"thumbnailUrl":"https:\/\/www.samenhaus.de\/gartenblog\/wp-content\/uploads\/2021\/03\/AdobeStock_263512925.jpg","datePublished":"2021-04-23T18:58:58+00:00","dateModified":"2023-06-08T09:26:30+00:00","description":"Nicht zu jeder Zeit ist der Baumschnitt sinnvoll. Beim Schneiden der B\u00e4ume sollten Sie verschiedene Kriterien ber\u00fccksichtigen. Wir geben Ihnen Tipps.","breadcrumb":{"@id":"https:\/\/www.samenhaus.de\/gartenblog\/der-richtige-zeitpunkt-fuer-den-baumschnitt-winter-oder-sommer#breadcrumb"},"inLanguage":"de","potentialAction":[{"@type":"ReadAction","target":["https:\/\/www.samenhaus.de\/gartenblog\/der-richtige-zeitpunkt-fuer-den-baumschnitt-winter-oder-sommer"]}]},{"@type":"ImageObject","inLanguage":"de","@id":"https:\/\/www.samenhaus.de\/gartenblog\/der-richtige-zeitpunkt-fuer-den-baumschnitt-winter-oder-sommer#primaryimage","url":"https:\/\/www.samenhaus.de\/gartenblog\/wp-content\/uploads\/2021\/03\/AdobeStock_263512925.jpg","contentUrl":"https:\/\/www.samenhaus.de\/gartenblog\/wp-content\/uploads\/2021\/03\/AdobeStock_263512925.jpg","width":1000,"height":563,"caption":"Baumschnitt im Garten"},{"@type":"BreadcrumbList","@id":"https:\/\/www.samenhaus.de\/gartenblog\/der-richtige-zeitpunkt-fuer-den-baumschnitt-winter-oder-sommer#breadcrumb","itemListElement":[{"@type":"ListItem","position":1,"name":"Startseite","item":"https:\/\/www.samenhaus.de\/gartenblog\/"},{"@type":"ListItem","position":2,"name":"Der richtige Zeitpunkt f\u00fcr den Baumschnitt: Winter oder Sommer?"}]},{"@type":"WebSite","@id":"https:\/\/www.samenhaus.de\/gartenblog\/#website","url":"https:\/\/www.samenhaus.de\/gartenblog\/","name":"Samenhaus Gartenblog","description":"","publisher":{"@id":"https:\/\/www.samenhaus.de\/gartenblog\/#organization"},"potentialAction":[{"@type":"SearchAction","target":{"@type":"EntryPoint","urlTemplate":"https:\/\/www.samenhaus.de\/gartenblog\/?s={search_term_string}"},"query-input":{"@type":"PropertyValueSpecification","valueRequired":true,"valueName":"search_term_string"}}],"inLanguage":"de"},{"@type":"Organization","@id":"https:\/\/www.samenhaus.de\/gartenblog\/#organization","name":"Samenhaus.de Gartenblog","url":"https:\/\/www.samenhaus.de\/gartenblog\/","logo":{"@type":"ImageObject","inLanguage":"de","@id":"https:\/\/www.samenhaus.de\/gartenblog\/#\/schema\/logo\/image\/","url":"https:\/\/www.samenhaus.de\/gartenblog\/wp-content\/uploads\/2020\/11\/logo.svg","contentUrl":"https:\/\/www.samenhaus.de\/gartenblog\/wp-content\/uploads\/2020\/11\/logo.svg","width":1,"height":1,"caption":"Samenhaus.de Gartenblog"},"image":{"@id":"https:\/\/www.samenhaus.de\/gartenblog\/#\/schema\/logo\/image\/"},"sameAs":["https:\/\/de-de.facebook.com\/samenhaus","https:\/\/x.com\/samenhaus"]},{"@type":"Person","@id":"https:\/\/www.samenhaus.de\/gartenblog\/#\/schema\/person\/e4c837ea32ec74c39497c1e69976fed5","name":"Sabine","image":{"@type":"ImageObject","inLanguage":"de","@id":"https:\/\/www.samenhaus.de\/gartenblog\/wp-content\/uploads\/2026\/03\/sabine-150x150.png","url":"https:\/\/www.samenhaus.de\/gartenblog\/wp-content\/uploads\/2026\/03\/sabine-150x150.png","contentUrl":"https:\/\/www.samenhaus.de\/gartenblog\/wp-content\/uploads\/2026\/03\/sabine-150x150.png","caption":"Sabine"},"description":"Sabine schreibt am liebsten \u00fcber Themen rund um den Selbstversorgergarten. Ob Gem\u00fcseanbau, Obstgarten, H\u00fchnerhaltung oder Konservierung und Verarbeitung, sie hat jede Menge eigene Erfahrung beizusteuern. Sie liebt es, den Blick \u00fcber die ersten zarten Pflanzen des Jahres schweifen zu lassen oder die gewaltige Ernte im Sommer und Herbst zu b\u00e4ndigen.","url":"https:\/\/www.samenhaus.de\/gartenblog\/author\/sabine"}]}},"wp-worthy-pixel":{"ignored":false,"public":"0a8b233929764045a0b1f7835e93d983","server":"vg07.met.vgwort.de","url":"https:\/\/vg07.met.vgwort.de\/na\/0a8b233929764045a0b1f7835e93d983"},"wp-worthy-type":"normal","_links":{"self":[{"href":"https:\/\/www.samenhaus.de\/gartenblog\/wp-json\/wp\/v2\/posts\/408","targetHints":{"allow":["GET"]}}],"collection":[{"href":"https:\/\/www.samenhaus.de\/gartenblog\/wp-json\/wp\/v2\/posts"}],"about":[{"href":"https:\/\/www.samenhaus.de\/gartenblog\/wp-json\/wp\/v2\/types\/post"}],"author":[{"embeddable":true,"href":"https:\/\/www.samenhaus.de\/gartenblog\/wp-json\/wp\/v2\/users\/11"}],"replies":[{"embeddable":true,"href":"https:\/\/www.samenhaus.de\/gartenblog\/wp-json\/wp\/v2\/comments?post=408"}],"version-history":[{"count":8,"href":"https:\/\/www.samenhaus.de\/gartenblog\/wp-json\/wp\/v2\/posts\/408\/revisions"}],"predecessor-version":[{"id":11301,"href":"https:\/\/www.samenhaus.de\/gartenblog\/wp-json\/wp\/v2\/posts\/408\/revisions\/11301"}],"wp:featuredmedia":[{"embeddable":true,"href":"https:\/\/www.samenhaus.de\/gartenblog\/wp-json\/wp\/v2\/media\/686"}],"wp:attachment":[{"href":"https:\/\/www.samenhaus.de\/gartenblog\/wp-json\/wp\/v2\/media?parent=408"}],"wp:term":[{"taxonomy":"category","embeddable":true,"href":"https:\/\/www.samenhaus.de\/gartenblog\/wp-json\/wp\/v2\/categories?post=408"},{"taxonomy":"post_tag","embeddable":true,"href":"https:\/\/www.samenhaus.de\/gartenblog\/wp-json\/wp\/v2\/tags?post=408"},{"taxonomy":"hersteller","embeddable":true,"href":"https:\/\/www.samenhaus.de\/gartenblog\/wp-json\/wp\/v2\/hersteller?post=408"}],"curies":[{"name":"wp","href":"https:\/\/api.w.org\/{rel}","templated":true}]}}